{"id":132127,"date":"2025-04-09T10:17:51","date_gmt":"2025-04-09T08:17:51","guid":{"rendered":"https:\/\/www.cgfmanet.org\/infosfera-pt-pt\/pellegrinaggio-di-riconoscenza-slk\/"},"modified":"2025-04-10T21:41:35","modified_gmt":"2025-04-10T19:41:35","slug":"peregrinacao-de-gratidao-slk","status":"publish","type":"post","link":"https:\/\/www.cgfmanet.org\/pt-pt\/ifma-pt-pt\/peregrinacao-de-gratidao-slk\/","title":{"rendered":"&#8220;Peregrina\u00e7\u00e3o de Gratid\u00e3o&#8221; &#8211; SLK"},"content":{"rendered":"<p><strong>Bratislava (Eslov\u00e1quia).<\/strong> Em 29 de mar\u00e7o de 2025, um grupo de Filhas de Maria Auxiliadora da Inspetoria <em>S\u00e3o Jo\u00e3o Bosco<\/em> (SLK) com os Salesianos Cooperadores, orientados pela Inspetora Jana Kurkinov\u00e1, visitou a Comunidade <em>S\u00e3o Jo\u00e3o Bosco<\/em> de Pogrzebien, Pol\u00f4nia, da Inspetoria <em>Nossa Senhora de Jasna G\u00f3ra<\/em> (PLI), para se encontrar com a Irm\u00e3 Teresa Czekala.<\/p>\n<p>Tratava-se de uma &#8220;peregrina\u00e7\u00e3o de gratid\u00e3o&#8221; no \u00e2mbito dos festejos do 85\u00ba anivers\u00e1rio da chegada das FMA \u00e0 Eslov\u00e1quia. A Irm\u00e3 Teresa Czekala, ex-Inspetora polonesa, foi de fato uma figura de refer\u00eancia significativa durante a hist\u00f3ria da Inspetoria Eslovaca.<\/p>\n<p>Na d\u00e9cada de 1980, durante o regime comunista (1950-1990), Irm\u00e3 Teresa, como Vig\u00e1ria inspetorial, visitou secretamente mais vezes as FMA na Eslov\u00e1quia, em trajes civis e com grande risco pessoal, para ajud\u00e1-las na dif\u00edcil situa\u00e7\u00e3o de persegui\u00e7\u00e3o.<\/p>\n<p>Naqueles anos, era imposs\u00edvel ir da Pol\u00f4nia \u00e0 Eslov\u00e1quia sem um convite oficial pessoal de algu\u00e9m da Eslov\u00e1quia. Por este motivo, dois Salesianos Cooperadores &#8211; os c\u00f4njuges Peciar de Trnava \u2013 empenharam-se em convidar Irm\u00e3 Teresa da parte deles como madrinha para os batizados de seus filhos. A emo\u00e7\u00e3o para eles foi grande ao se reencontrar de novo depois de muitos anos.<\/p>\n<p>Uma das participantes da peregrina\u00e7\u00e3o expressou: <em>&#8220;Antes, s\u00f3 ouvia falar dela pelos relatos das nossas Irm\u00e3s mais idosas, que a recordavam com gratid\u00e3o como uma pessoa de f\u00e9, forte e determinada a seguir em frente, apesar dos obst\u00e1culos. Estou feliz por termos dado esse passo: assim como viajou at\u00e9 n\u00f3s, tamb\u00e9m n\u00f3s fizemos a viagem at\u00e9 ela para expressar a nossa gratid\u00e3o em nome de toda a nossa Inspetoria&#8221;.<\/em><\/p>\n<p>A comunidade das FMA de Pogrzebien acolheu peregrinos\/as de uma forma muito calorosa e familiar e, para a Irm\u00e3 Teresa, foi um lindo dia de alegria, de encontros emocionantes e de tempo transcorrido juntos: <em>&#8220;este \u00e9 um grande milagre&#8221;,<\/em> continuava a repetir. Foi tamb\u00e9m um presente para as Irm\u00e3s poder estar nos lugares ligados \u00e0 vida da <span style=\"color: #0000ff;\"><a style=\"color: #0000ff;\" href=\"https:\/\/drive.google.com\/drive\/u\/0\/folders\/126vB16cQfcvTNDdbTgr3cSS1fxTEjgQM\" target=\"_blank\" rel=\"noopener\"><strong>Vener\u00e1vel Irm\u00e3 Laura Meozzi<\/strong><\/a><\/span>.<\/p>\n<p>Impress\u00f5es de algumas participantes:<\/p>\n<p><em>Para mim, foram fortes e comoventes as recorda\u00e7\u00f5es da minha juventude e dos nossos contatos com as FMA polonesas. Foi lindo retornar ao lugar onde estive em 1990. Em Pogrzebien, pudemos respirar livremente por um tempo, sem medo de ser descobertas como religiosas\u201d<\/em>.<\/p>\n<p>A Inspetora, Irm\u00e3 Jana Kurkinov\u00e1: <em>&#8220;Foi precioso para mim escutar Irm\u00e3 Teresa, perceber o seu frescor (aos 85 anos), sua mem\u00f3ria sempre fant\u00e1stica e seu amor pela nossa Inspetoria. Estou feliz por ter organizado este evento com a Inspetora, Irm\u00e3 Ma\u0142gorzata Pilarska.&#8221;<\/em><\/p>\n<p><em>A mais jovem participante da peregrina\u00e7\u00e3o, Irm\u00e3 Nicola:<\/em><\/p>\n<p><em>&#8220;As emo\u00e7\u00f5es ainda me invadem, porque foi um encontro forte, tamb\u00e9m gra\u00e7as \u00e0 Madre Laura Meozzi. Estou muito feliz por conhecer mais a fundo a nossa hist\u00f3ria. Sou grata pelo empenho das Irm\u00e3s em se doar a Deus, apesar dos tempos dif\u00edceis e dos muitos obst\u00e1culos. Percebo que vale a pena perseverar e viver a nossa voca\u00e7\u00e3o. Laura Meozzi foi um modelo para mim, mas agora estou ainda mais tocada por seu exemplo de fidelidade ao permanecer na Pol\u00f4nia, apesar da guerra, para ajudar as Irm\u00e3s e os jovens.&#8221;<\/em><\/p>\n\r\n                <style type=\"text\/css\">\r\n                    \r\n                    #tdi_1  .td-doubleSlider-2 .td-item1 {\r\n                        background: url(https:\/\/www.cgfmanet.org\/wp-content\/uploads\/2025\/04\/Pellegrinaggio-SLK_Polonia-80x60.jpg) 0 0 no-repeat;\r\n                    }\r\n                    #tdi_1  .td-doubleSlider-2 .td-item2 {\r\n                        background: url(https:\/\/www.cgfmanet.org\/wp-content\/uploads\/2025\/04\/Pellegrinaggio-SLK_Polonia_1-80x60.jpg) 0 0 no-repeat;\r\n                    }\r\n                    #tdi_1  .td-doubleSlider-2 .td-item3 {\r\n                        background: url(https:\/\/www.cgfmanet.org\/wp-content\/uploads\/2025\/04\/Pellegrinaggio-SLK_Polonia_3-80x60.jpg) 0 0 no-repeat;\r\n                    }\r\n                    #tdi_1  .td-doubleSlider-2 .td-item4 {\r\n                        background: url(https:\/\/www.cgfmanet.org\/wp-content\/uploads\/2025\/04\/Pellegrinaggio-SLK_Polonia_4-80x60.jpg) 0 0 no-repeat;\r\n                    }\r\n                    #tdi_1  .td-doubleSlider-2 .td-item5 {\r\n                        background: url(https:\/\/www.cgfmanet.org\/wp-content\/uploads\/2025\/04\/Pellegrinaggio-SLK_Polonia_8-80x60.jpg) 0 0 no-repeat;\r\n                    }\r\n                    #tdi_1  .td-doubleSlider-2 .td-item6 {\r\n                        background: url(https:\/\/www.cgfmanet.org\/wp-content\/uploads\/2025\/04\/Pellegrinaggio-SLK_Polonia_6-80x60.jpg) 0 0 no-repeat;\r\n                    }\r\n                    #tdi_1  .td-doubleSlider-2 .td-item7 {\r\n                        background: url(https:\/\/www.cgfmanet.org\/wp-content\/uploads\/2025\/04\/Pellegrinaggio-SLK_Polonia_7-80x60.jpg) 0 0 no-repeat;\r\n                    }\r\n                    #tdi_1  .td-doubleSlider-2 .td-item8 {\r\n                        background: url(https:\/\/www.cgfmanet.org\/wp-content\/uploads\/2025\/04\/Pellegrinaggio-SLK_Polonia_5-80x60.jpg) 0 0 no-repeat;\r\n                    }\r\n                    #tdi_1  .td-doubleSlider-2 .td-item9 {\r\n                        background: url(https:\/\/www.cgfmanet.org\/wp-content\/uploads\/2025\/04\/Pellegrinaggio-SLK_Polonia_10-1-80x60.jpg) 0 0 no-repeat;\r\n                    }\r\n                    #tdi_1  .td-doubleSlider-2 .td-item10 {\r\n                        background: url(https:\/\/www.cgfmanet.org\/wp-content\/uploads\/2025\/04\/Pellegrinaggio-SLK_Polonia_9-80x60.jpg) 0 0 no-repeat;\r\n                    }\r\n                <\/style>\r\n\r\n                <div id=\"tdi_1\" class=\"td-gallery td-slide-on-2-columns\">\r\n                    <div class=\"post_td_gallery\">\r\n                        <div class=\"td-gallery-slide-top\">\r\n                           <div class=\"td-gallery-title\"><\/div>\r\n\r\n                            <div class=\"td-gallery-controls-wrapper\">\r\n                                <div class=\"td-gallery-slide-count\"><span class=\"td-gallery-slide-item-focus\">1<\/span> do 10<\/div>\r\n                                <div class=\"td-gallery-slide-prev-next-but\">\r\n                                    <i class = \"td-icon-left doubleSliderPrevButton\"><\/i>\r\n                                    <i class = \"td-icon-right doubleSliderNextButton\"><\/i>\r\n                                <\/div>\r\n                            <\/div>\r\n                        <\/div>\r\n\r\n                        <div class = \"td-doubleSlider-1 \">\r\n                            <div class = \"td-slider\">\r\n                                \r\n                    <div class = \"td-slide-item td-item1\">\r\n                        <figure class=\"td-slide-galery-figure td-slide-popup-gallery\">\r\n                            <a class=\"slide-gallery-image-link\" href=\"https:\/\/www.cgfmanet.org\/wp-content\/uploads\/2025\/04\/Pellegrinaggio-SLK_Polonia.jpg\" title=\"Pellegrinaggio SLK_Polonia\"  data-caption=\"\"  data-description=\"\">\r\n                                <img decoding=\"async\" data-src=\"https:\/\/www.cgfmanet.org\/wp-content\/uploads\/2025\/04\/Pellegrinaggio-SLK_Polonia-630x420.jpg\" data-srcset=\"https:\/\/www.cgfmanet.org\/wp-content\/uploads\/2025\/04\/Pellegrinaggio-SLK_Polonia-630x420.jpg 630w, https:\/\/www.cgfmanet.org\/wp-content\/uploads\/2025\/04\/Pellegrinaggio-SLK_Polonia-768x512.jpg 768w, https:\/\/www.cgfmanet.org\/wp-content\/uploads\/2025\/04\/Pellegrinaggio-SLK_Polonia-696x464.jpg 696w, https:\/\/www.cgfmanet.org\/wp-content\/uploads\/2025\/04\/Pellegrinaggio-SLK_Polonia.jpg 1181w\" data-sizes=\"auto\" alt=\"\" src=\"data:image\/svg+xml;base64,PHN2ZyB3aWR0aD0iMSIgaGVpZ2h0PSIxIiB4bWxucz0iaHR0cDovL3d3dy53My5vcmcvMjAwMC9zdmciPjwvc3ZnPg==\" class=\"lazyload\" style=\"--smush-placeholder-width: 630px; --smush-placeholder-aspect-ratio: 630\/420;\" data-original-sizes=\"(max-width: 630px) 100vw, 630px\">\r\n                            <\/a>\r\n                            \r\n                        <\/figure>\r\n                    <\/div>\r\n                    <div class = \"td-slide-item td-item2\">\r\n                        <figure class=\"td-slide-galery-figure td-slide-popup-gallery\">\r\n                            <a class=\"slide-gallery-image-link\" href=\"https:\/\/www.cgfmanet.org\/wp-content\/uploads\/2025\/04\/Pellegrinaggio-SLK_Polonia_1.jpg\" title=\"Pellegrinaggio SLK_Polonia_1\"  data-caption=\"\"  data-description=\"\">\r\n                                <img decoding=\"async\" data-src=\"https:\/\/www.cgfmanet.org\/wp-content\/uploads\/2025\/04\/Pellegrinaggio-SLK_Polonia_1-630x420.jpg\" data-srcset=\"https:\/\/www.cgfmanet.org\/wp-content\/uploads\/2025\/04\/Pellegrinaggio-SLK_Polonia_1-630x420.jpg 630w, https:\/\/www.cgfmanet.org\/wp-content\/uploads\/2025\/04\/Pellegrinaggio-SLK_Polonia_1-768x512.jpg 768w, https:\/\/www.cgfmanet.org\/wp-content\/uploads\/2025\/04\/Pellegrinaggio-SLK_Polonia_1-696x464.jpg 696w, https:\/\/www.cgfmanet.org\/wp-content\/uploads\/2025\/04\/Pellegrinaggio-SLK_Polonia_1.jpg 1181w\" data-sizes=\"auto\" alt=\"\" src=\"data:image\/svg+xml;base64,PHN2ZyB3aWR0aD0iMSIgaGVpZ2h0PSIxIiB4bWxucz0iaHR0cDovL3d3dy53My5vcmcvMjAwMC9zdmciPjwvc3ZnPg==\" class=\"lazyload\" style=\"--smush-placeholder-width: 630px; --smush-placeholder-aspect-ratio: 630\/420;\" data-original-sizes=\"(max-width: 630px) 100vw, 630px\">\r\n                            <\/a>\r\n                            \r\n                        <\/figure>\r\n                    <\/div>\r\n                    <div class = \"td-slide-item td-item3\">\r\n                        <figure class=\"td-slide-galery-figure td-slide-popup-gallery\">\r\n                            <a class=\"slide-gallery-image-link\" href=\"https:\/\/www.cgfmanet.org\/wp-content\/uploads\/2025\/04\/Pellegrinaggio-SLK_Polonia_3.jpg\" title=\"Pellegrinaggio SLK_Polonia_3\"  data-caption=\"\"  data-description=\"\">\r\n                                <img decoding=\"async\" data-src=\"https:\/\/www.cgfmanet.org\/wp-content\/uploads\/2025\/04\/Pellegrinaggio-SLK_Polonia_3-630x420.jpg\" data-srcset=\"https:\/\/www.cgfmanet.org\/wp-content\/uploads\/2025\/04\/Pellegrinaggio-SLK_Polonia_3-630x420.jpg 630w, https:\/\/www.cgfmanet.org\/wp-content\/uploads\/2025\/04\/Pellegrinaggio-SLK_Polonia_3-768x512.jpg 768w, https:\/\/www.cgfmanet.org\/wp-content\/uploads\/2025\/04\/Pellegrinaggio-SLK_Polonia_3-696x464.jpg 696w, https:\/\/www.cgfmanet.org\/wp-content\/uploads\/2025\/04\/Pellegrinaggio-SLK_Polonia_3.jpg 1181w\" data-sizes=\"auto\" alt=\"\" src=\"data:image\/svg+xml;base64,PHN2ZyB3aWR0aD0iMSIgaGVpZ2h0PSIxIiB4bWxucz0iaHR0cDovL3d3dy53My5vcmcvMjAwMC9zdmciPjwvc3ZnPg==\" class=\"lazyload\" style=\"--smush-placeholder-width: 630px; --smush-placeholder-aspect-ratio: 630\/420;\" data-original-sizes=\"(max-width: 630px) 100vw, 630px\">\r\n                            <\/a>\r\n                            \r\n                        <\/figure>\r\n                    <\/div>\r\n                    <div class = \"td-slide-item td-item4\">\r\n                        <figure class=\"td-slide-galery-figure td-slide-popup-gallery\">\r\n                            <a class=\"slide-gallery-image-link\" href=\"https:\/\/www.cgfmanet.org\/wp-content\/uploads\/2025\/04\/Pellegrinaggio-SLK_Polonia_4.jpg\" title=\"Pellegrinaggio SLK_Polonia_4\"  data-caption=\"\"  data-description=\"\">\r\n                                <img decoding=\"async\" data-src=\"https:\/\/www.cgfmanet.org\/wp-content\/uploads\/2025\/04\/Pellegrinaggio-SLK_Polonia_4-630x420.jpg\" data-srcset=\"https:\/\/www.cgfmanet.org\/wp-content\/uploads\/2025\/04\/Pellegrinaggio-SLK_Polonia_4-630x420.jpg 630w, https:\/\/www.cgfmanet.org\/wp-content\/uploads\/2025\/04\/Pellegrinaggio-SLK_Polonia_4-768x512.jpg 768w, https:\/\/www.cgfmanet.org\/wp-content\/uploads\/2025\/04\/Pellegrinaggio-SLK_Polonia_4-696x464.jpg 696w, https:\/\/www.cgfmanet.org\/wp-content\/uploads\/2025\/04\/Pellegrinaggio-SLK_Polonia_4.jpg 1181w\" data-sizes=\"auto\" alt=\"\" src=\"data:image\/svg+xml;base64,PHN2ZyB3aWR0aD0iMSIgaGVpZ2h0PSIxIiB4bWxucz0iaHR0cDovL3d3dy53My5vcmcvMjAwMC9zdmciPjwvc3ZnPg==\" class=\"lazyload\" style=\"--smush-placeholder-width: 630px; --smush-placeholder-aspect-ratio: 630\/420;\" data-original-sizes=\"(max-width: 630px) 100vw, 630px\">\r\n                            <\/a>\r\n                            \r\n                        <\/figure>\r\n                    <\/div>\r\n                    <div class = \"td-slide-item td-item5\">\r\n                        <figure class=\"td-slide-galery-figure td-slide-popup-gallery\">\r\n                            <a class=\"slide-gallery-image-link\" href=\"https:\/\/www.cgfmanet.org\/wp-content\/uploads\/2025\/04\/Pellegrinaggio-SLK_Polonia_8.jpg\" title=\"Pellegrinaggio SLK_Polonia_8\"  data-caption=\"\"  data-description=\"\">\r\n                                <img decoding=\"async\" data-src=\"https:\/\/www.cgfmanet.org\/wp-content\/uploads\/2025\/04\/Pellegrinaggio-SLK_Polonia_8-630x420.jpg\" data-srcset=\"https:\/\/www.cgfmanet.org\/wp-content\/uploads\/2025\/04\/Pellegrinaggio-SLK_Polonia_8-630x420.jpg 630w, https:\/\/www.cgfmanet.org\/wp-content\/uploads\/2025\/04\/Pellegrinaggio-SLK_Polonia_8-768x512.jpg 768w, https:\/\/www.cgfmanet.org\/wp-content\/uploads\/2025\/04\/Pellegrinaggio-SLK_Polonia_8-696x464.jpg 696w, https:\/\/www.cgfmanet.org\/wp-content\/uploads\/2025\/04\/Pellegrinaggio-SLK_Polonia_8.jpg 1181w\" data-sizes=\"auto\" alt=\"\" src=\"data:image\/svg+xml;base64,PHN2ZyB3aWR0aD0iMSIgaGVpZ2h0PSIxIiB4bWxucz0iaHR0cDovL3d3dy53My5vcmcvMjAwMC9zdmciPjwvc3ZnPg==\" class=\"lazyload\" style=\"--smush-placeholder-width: 630px; --smush-placeholder-aspect-ratio: 630\/420;\" data-original-sizes=\"(max-width: 630px) 100vw, 630px\">\r\n                            <\/a>\r\n                            \r\n                        <\/figure>\r\n                    <\/div>\r\n                    <div class = \"td-slide-item td-item6\">\r\n                        <figure class=\"td-slide-galery-figure td-slide-popup-gallery\">\r\n                            <a class=\"slide-gallery-image-link\" href=\"https:\/\/www.cgfmanet.org\/wp-content\/uploads\/2025\/04\/Pellegrinaggio-SLK_Polonia_6.jpg\" title=\"Pellegrinaggio SLK_Polonia_6\"  data-caption=\"\"  data-description=\"\">\r\n                                <img decoding=\"async\" data-src=\"https:\/\/www.cgfmanet.org\/wp-content\/uploads\/2025\/04\/Pellegrinaggio-SLK_Polonia_6-630x420.jpg\" data-srcset=\"https:\/\/www.cgfmanet.org\/wp-content\/uploads\/2025\/04\/Pellegrinaggio-SLK_Polonia_6-630x420.jpg 630w, https:\/\/www.cgfmanet.org\/wp-content\/uploads\/2025\/04\/Pellegrinaggio-SLK_Polonia_6-768x512.jpg 768w, https:\/\/www.cgfmanet.org\/wp-content\/uploads\/2025\/04\/Pellegrinaggio-SLK_Polonia_6-696x464.jpg 696w, https:\/\/www.cgfmanet.org\/wp-content\/uploads\/2025\/04\/Pellegrinaggio-SLK_Polonia_6.jpg 1181w\" data-sizes=\"auto\" alt=\"\" src=\"data:image\/svg+xml;base64,PHN2ZyB3aWR0aD0iMSIgaGVpZ2h0PSIxIiB4bWxucz0iaHR0cDovL3d3dy53My5vcmcvMjAwMC9zdmciPjwvc3ZnPg==\" class=\"lazyload\" style=\"--smush-placeholder-width: 630px; --smush-placeholder-aspect-ratio: 630\/420;\" data-original-sizes=\"(max-width: 630px) 100vw, 630px\">\r\n                            <\/a>\r\n                            \r\n                        <\/figure>\r\n                    <\/div>\r\n                    <div class = \"td-slide-item td-item7\">\r\n                        <figure class=\"td-slide-galery-figure td-slide-popup-gallery\">\r\n                            <a class=\"slide-gallery-image-link\" href=\"https:\/\/www.cgfmanet.org\/wp-content\/uploads\/2025\/04\/Pellegrinaggio-SLK_Polonia_7.jpg\" title=\"Pellegrinaggio SLK_Polonia_7\"  data-caption=\"\"  data-description=\"\">\r\n                                <img decoding=\"async\" data-src=\"https:\/\/www.cgfmanet.org\/wp-content\/uploads\/2025\/04\/Pellegrinaggio-SLK_Polonia_7-630x420.jpg\" data-srcset=\"https:\/\/www.cgfmanet.org\/wp-content\/uploads\/2025\/04\/Pellegrinaggio-SLK_Polonia_7-630x420.jpg 630w, https:\/\/www.cgfmanet.org\/wp-content\/uploads\/2025\/04\/Pellegrinaggio-SLK_Polonia_7-768x512.jpg 768w, https:\/\/www.cgfmanet.org\/wp-content\/uploads\/2025\/04\/Pellegrinaggio-SLK_Polonia_7-696x464.jpg 696w, https:\/\/www.cgfmanet.org\/wp-content\/uploads\/2025\/04\/Pellegrinaggio-SLK_Polonia_7.jpg 1181w\" data-sizes=\"auto\" alt=\"\" src=\"data:image\/svg+xml;base64,PHN2ZyB3aWR0aD0iMSIgaGVpZ2h0PSIxIiB4bWxucz0iaHR0cDovL3d3dy53My5vcmcvMjAwMC9zdmciPjwvc3ZnPg==\" class=\"lazyload\" style=\"--smush-placeholder-width: 630px; --smush-placeholder-aspect-ratio: 630\/420;\" data-original-sizes=\"(max-width: 630px) 100vw, 630px\">\r\n                            <\/a>\r\n                            \r\n                        <\/figure>\r\n                    <\/div>\r\n                    <div class = \"td-slide-item td-item8\">\r\n                        <figure class=\"td-slide-galery-figure td-slide-popup-gallery\">\r\n                            <a class=\"slide-gallery-image-link\" href=\"https:\/\/www.cgfmanet.org\/wp-content\/uploads\/2025\/04\/Pellegrinaggio-SLK_Polonia_5.jpg\" title=\"Pellegrinaggio SLK_Polonia_5\"  data-caption=\"\"  data-description=\"\">\r\n                                <img decoding=\"async\" data-src=\"https:\/\/www.cgfmanet.org\/wp-content\/uploads\/2025\/04\/Pellegrinaggio-SLK_Polonia_5-630x420.jpg\" data-srcset=\"https:\/\/www.cgfmanet.org\/wp-content\/uploads\/2025\/04\/Pellegrinaggio-SLK_Polonia_5-630x420.jpg 630w, https:\/\/www.cgfmanet.org\/wp-content\/uploads\/2025\/04\/Pellegrinaggio-SLK_Polonia_5-768x512.jpg 768w, https:\/\/www.cgfmanet.org\/wp-content\/uploads\/2025\/04\/Pellegrinaggio-SLK_Polonia_5-696x464.jpg 696w, https:\/\/www.cgfmanet.org\/wp-content\/uploads\/2025\/04\/Pellegrinaggio-SLK_Polonia_5.jpg 1181w\" data-sizes=\"auto\" alt=\"\" src=\"data:image\/svg+xml;base64,PHN2ZyB3aWR0aD0iMSIgaGVpZ2h0PSIxIiB4bWxucz0iaHR0cDovL3d3dy53My5vcmcvMjAwMC9zdmciPjwvc3ZnPg==\" class=\"lazyload\" style=\"--smush-placeholder-width: 630px; --smush-placeholder-aspect-ratio: 630\/420;\" data-original-sizes=\"(max-width: 630px) 100vw, 630px\">\r\n                            <\/a>\r\n                            \r\n                        <\/figure>\r\n                    <\/div>\r\n                    <div class = \"td-slide-item td-item9\">\r\n                        <figure class=\"td-slide-galery-figure td-slide-popup-gallery\">\r\n                            <a class=\"slide-gallery-image-link\" href=\"https:\/\/www.cgfmanet.org\/wp-content\/uploads\/2025\/04\/Pellegrinaggio-SLK_Polonia_10-1.jpg\" title=\"Pellegrinaggio SLK_Polonia_10\"  data-caption=\"\"  data-description=\"\">\r\n                                <img decoding=\"async\" data-src=\"https:\/\/www.cgfmanet.org\/wp-content\/uploads\/2025\/04\/Pellegrinaggio-SLK_Polonia_10-1-630x420.jpg\" data-srcset=\"https:\/\/www.cgfmanet.org\/wp-content\/uploads\/2025\/04\/Pellegrinaggio-SLK_Polonia_10-1-630x420.jpg 630w, https:\/\/www.cgfmanet.org\/wp-content\/uploads\/2025\/04\/Pellegrinaggio-SLK_Polonia_10-1-768x512.jpg 768w, https:\/\/www.cgfmanet.org\/wp-content\/uploads\/2025\/04\/Pellegrinaggio-SLK_Polonia_10-1-696x464.jpg 696w, https:\/\/www.cgfmanet.org\/wp-content\/uploads\/2025\/04\/Pellegrinaggio-SLK_Polonia_10-1.jpg 1181w\" data-sizes=\"auto\" alt=\"\" src=\"data:image\/svg+xml;base64,PHN2ZyB3aWR0aD0iMSIgaGVpZ2h0PSIxIiB4bWxucz0iaHR0cDovL3d3dy53My5vcmcvMjAwMC9zdmciPjwvc3ZnPg==\" class=\"lazyload\" style=\"--smush-placeholder-width: 630px; --smush-placeholder-aspect-ratio: 630\/420;\" data-original-sizes=\"(max-width: 630px) 100vw, 630px\">\r\n                            <\/a>\r\n                            \r\n                        <\/figure>\r\n                    <\/div>\r\n                    <div class = \"td-slide-item td-item10\">\r\n                        <figure class=\"td-slide-galery-figure td-slide-popup-gallery\">\r\n                            <a class=\"slide-gallery-image-link\" href=\"https:\/\/www.cgfmanet.org\/wp-content\/uploads\/2025\/04\/Pellegrinaggio-SLK_Polonia_9.jpg\" title=\"Pellegrinaggio SLK_Polonia_9\"  data-caption=\"\"  data-description=\"\">\r\n                                <img decoding=\"async\" data-src=\"https:\/\/www.cgfmanet.org\/wp-content\/uploads\/2025\/04\/Pellegrinaggio-SLK_Polonia_9-291x420.jpg\" data-srcset=\"https:\/\/www.cgfmanet.org\/wp-content\/uploads\/2025\/04\/Pellegrinaggio-SLK_Polonia_9-291x420.jpg 291w, https:\/\/www.cgfmanet.org\/wp-content\/uploads\/2025\/04\/Pellegrinaggio-SLK_Polonia_9-768x1109.jpg 768w, https:\/\/www.cgfmanet.org\/wp-content\/uploads\/2025\/04\/Pellegrinaggio-SLK_Polonia_9-1063x1536.jpg 1063w, https:\/\/www.cgfmanet.org\/wp-content\/uploads\/2025\/04\/Pellegrinaggio-SLK_Polonia_9-696x1005.jpg 696w, https:\/\/www.cgfmanet.org\/wp-content\/uploads\/2025\/04\/Pellegrinaggio-SLK_Polonia_9.jpg 1181w\" data-sizes=\"auto\" alt=\"\" src=\"data:image\/svg+xml;base64,PHN2ZyB3aWR0aD0iMSIgaGVpZ2h0PSIxIiB4bWxucz0iaHR0cDovL3d3dy53My5vcmcvMjAwMC9zdmciPjwvc3ZnPg==\" class=\"lazyload\" style=\"--smush-placeholder-width: 291px; --smush-placeholder-aspect-ratio: 291\/420;\" data-original-sizes=\"(max-width: 291px) 100vw, 291px\">\r\n                            <\/a>\r\n                            \r\n                        <\/figure>\r\n                    <\/div>\r\n                            <\/div>\r\n                        <\/div>\r\n\r\n                        <div class = \"td-doubleSlider-2\">\r\n                            <div class = \"td-slider\">\r\n                                \r\n                    <div class = \"td-button td-item1\">\r\n                        <div class = \"td-border\"><\/div>\r\n                    <\/div>\r\n                    <div class = \"td-button td-item2\">\r\n                        <div class = \"td-border\"><\/div>\r\n                    <\/div>\r\n                    <div class = \"td-button td-item3\">\r\n                        <div class = \"td-border\"><\/div>\r\n                    <\/div>\r\n                    <div class = \"td-button td-item4\">\r\n                        <div class = \"td-border\"><\/div>\r\n                    <\/div>\r\n                    <div class = \"td-button td-item5\">\r\n                        <div class = \"td-border\"><\/div>\r\n                    <\/div>\r\n                    <div class = \"td-button td-item6\">\r\n                        <div class = \"td-border\"><\/div>\r\n                    <\/div>\r\n                    <div class = \"td-button td-item7\">\r\n                        <div class = \"td-border\"><\/div>\r\n                    <\/div>\r\n                    <div class = \"td-button td-item8\">\r\n                        <div class = \"td-border\"><\/div>\r\n                    <\/div>\r\n                    <div class = \"td-button td-item9\">\r\n                        <div class = \"td-border\"><\/div>\r\n                    <\/div>\r\n                    <div class = \"td-button td-item10\">\r\n                        <div class = \"td-border\"><\/div>\r\n                    <\/div>\r\n                            <\/div>\r\n                        <\/div>\r\n\r\n                    <\/div>\r\n\r\n                <\/div>\r\n                \n","protected":false},"excerpt":{"rendered":"<p>Bratislava (Eslov\u00e1quia). Em 29 de mar\u00e7o de 2025, um grupo de Filhas de Maria Auxiliadora da Inspetoria S\u00e3o Jo\u00e3o Bosco (SLK) com os Salesianos Cooperadores, orientados pela Inspetora Jana Kurkinov\u00e1, [&hellip;]<\/p>\n","protected":false},"author":21,"featured_media":132032,"comment_status":"open","ping_status":"closed","sticky":false,"template":"","format":"standard","meta":{"footnotes":""},"categories":[159,187],"tags":[1420,1449,1666,1930,1992,2251],"class_list":["post-132127","post","type-post","status-publish","format-standard","has-post-thumbnail","category-ifma-pt-pt","category-presenca-obras","tag-slk-pt-pt","tag-santidade-salesiana","tag-carisma-salesiano-pt-pt","tag-focus-pt-pt","tag-solidarieta-pt-pt","tag-plj-pt-pt"],"yoast_head":"<!-- This site is optimized with the Yoast SEO plugin v27.4 - https:\/\/yoast.com\/product\/yoast-seo-wordpress\/ -->\n<title>&quot;Peregrina\u00e7\u00e3o de Gratid\u00e3o&quot; - SLK &#8226; Istituto Figlie di Maria Ausiliatrice<\/title>\n<meta name=\"description\" content=\"No dia 29 de mar\u00e7o de 2025, um grupo da Inspetoria das FMA da Inspetoria Eslovaca SLK com os Salesianos Cooperadores fez uma visita de gratid\u00e3o \u00e0 Irm\u00e3 Teresa Czekala, ex-Inspetora polonesa, em Pogrzebien na Pol\u00f4nia.\" \/>\n<meta name=\"robots\" content=\"index, follow, max-snippet:-1, max-image-preview:large, max-video-preview:-1\" \/>\n<link rel=\"canonical\" href=\"https:\/\/www.cgfmanet.org\/pt-pt\/ifma-pt-pt\/peregrinacao-de-gratidao-slk\/\" \/>\n<meta property=\"og:locale\" content=\"pt_PT\" \/>\n<meta property=\"og:type\" content=\"article\" \/>\n<meta property=\"og:title\" content=\"&quot;Peregrina\u00e7\u00e3o de Gratid\u00e3o&quot; - SLK &#8226; Istituto Figlie di Maria Ausiliatrice\" \/>\n<meta property=\"og:description\" content=\"No dia 29 de mar\u00e7o de 2025, um grupo da Inspetoria das FMA da Inspetoria Eslovaca SLK com os Salesianos Cooperadores fez uma visita de gratid\u00e3o \u00e0 Irm\u00e3 Teresa Czekala, ex-Inspetora polonesa, em Pogrzebien na Pol\u00f4nia.\" \/>\n<meta property=\"og:url\" content=\"https:\/\/www.cgfmanet.org\/pt-pt\/ifma-pt-pt\/peregrinacao-de-gratidao-slk\/\" \/>\n<meta property=\"og:site_name\" content=\"Istituto Figlie di Maria Ausiliatrice\" \/>\n<meta property=\"article:publisher\" content=\"https:\/\/www.facebook.com\/salesian.sisters.of.don.bosco\/\" \/>\n<meta property=\"article:published_time\" content=\"2025-04-09T08:17:51+00:00\" \/>\n<meta property=\"article:modified_time\" content=\"2025-04-10T19:41:35+00:00\" \/>\n<meta property=\"og:image\" content=\"https:\/\/www.cgfmanet.org\/wp-content\/uploads\/2025\/04\/Pellegrinaggio-SLK_Polonia_2.jpg\" \/>\n\t<meta property=\"og:image:width\" content=\"1181\" \/>\n\t<meta property=\"og:image:height\" content=\"787\" \/>\n\t<meta property=\"og:image:type\" content=\"image\/jpeg\" \/>\n<meta name=\"author\" content=\"Redazione\" \/>\n<meta name=\"twitter:card\" content=\"summary_large_image\" \/>\n<meta name=\"twitter:creator\" content=\"@Cgfmanet_Org\" \/>\n<meta name=\"twitter:site\" content=\"@Cgfmanet_Org\" \/>\n<meta name=\"twitter:label1\" content=\"Escrito por\" \/>\n\t<meta name=\"twitter:data1\" content=\"Redazione\" \/>\n\t<meta name=\"twitter:label2\" content=\"Tempo estimado de leitura\" \/>\n\t<meta name=\"twitter:data2\" content=\"3 minutos\" \/>\n<script type=\"application\/ld+json\" class=\"yoast-schema-graph\">{\"@context\":\"https:\\\/\\\/schema.org\",\"@graph\":[{\"@type\":\"Article\",\"@id\":\"https:\\\/\\\/www.cgfmanet.org\\\/pt-pt\\\/ifma-pt-pt\\\/peregrinacao-de-gratidao-slk\\\/#article\",\"isPartOf\":{\"@id\":\"https:\\\/\\\/www.cgfmanet.org\\\/pt-pt\\\/ifma-pt-pt\\\/peregrinacao-de-gratidao-slk\\\/\"},\"author\":{\"name\":\"Redazione\",\"@id\":\"https:\\\/\\\/www.cgfmanet.org\\\/es\\\/#\\\/schema\\\/person\\\/ce6473083f53ef0ef882cca23f0c8fb9\"},\"headline\":\"&#8220;Peregrina\u00e7\u00e3o de Gratid\u00e3o&#8221; &#8211; SLK\",\"datePublished\":\"2025-04-09T08:17:51+00:00\",\"dateModified\":\"2025-04-10T19:41:35+00:00\",\"mainEntityOfPage\":{\"@id\":\"https:\\\/\\\/www.cgfmanet.org\\\/pt-pt\\\/ifma-pt-pt\\\/peregrinacao-de-gratidao-slk\\\/\"},\"wordCount\":570,\"commentCount\":0,\"publisher\":{\"@id\":\"https:\\\/\\\/www.cgfmanet.org\\\/es\\\/#organization\"},\"image\":{\"@id\":\"https:\\\/\\\/www.cgfmanet.org\\\/pt-pt\\\/ifma-pt-pt\\\/peregrinacao-de-gratidao-slk\\\/#primaryimage\"},\"thumbnailUrl\":\"https:\\\/\\\/www.cgfmanet.org\\\/wp-content\\\/uploads\\\/2025\\\/04\\\/Pellegrinaggio-SLK_Polonia_2.jpg\",\"keywords\":[\"SLK\",\"Santidade Salesiana\",\"Carisma salesiano\",\"Focus\",\"Solidariet\u00e0\",\"PLJ\"],\"articleSection\":[\"IFMA\",\"Presen\u00e7a e Obras\"],\"inLanguage\":\"pt-PT\",\"potentialAction\":[{\"@type\":\"CommentAction\",\"name\":\"Comment\",\"target\":[\"https:\\\/\\\/www.cgfmanet.org\\\/pt-pt\\\/ifma-pt-pt\\\/peregrinacao-de-gratidao-slk\\\/#respond\"]}]},{\"@type\":\"WebPage\",\"@id\":\"https:\\\/\\\/www.cgfmanet.org\\\/pt-pt\\\/ifma-pt-pt\\\/peregrinacao-de-gratidao-slk\\\/\",\"url\":\"https:\\\/\\\/www.cgfmanet.org\\\/pt-pt\\\/ifma-pt-pt\\\/peregrinacao-de-gratidao-slk\\\/\",\"name\":\"\\\"Peregrina\u00e7\u00e3o de Gratid\u00e3o\\\" - SLK &#8226; Istituto Figlie di Maria Ausiliatrice\",\"isPartOf\":{\"@id\":\"https:\\\/\\\/www.cgfmanet.org\\\/es\\\/#website\"},\"primaryImageOfPage\":{\"@id\":\"https:\\\/\\\/www.cgfmanet.org\\\/pt-pt\\\/ifma-pt-pt\\\/peregrinacao-de-gratidao-slk\\\/#primaryimage\"},\"image\":{\"@id\":\"https:\\\/\\\/www.cgfmanet.org\\\/pt-pt\\\/ifma-pt-pt\\\/peregrinacao-de-gratidao-slk\\\/#primaryimage\"},\"thumbnailUrl\":\"https:\\\/\\\/www.cgfmanet.org\\\/wp-content\\\/uploads\\\/2025\\\/04\\\/Pellegrinaggio-SLK_Polonia_2.jpg\",\"datePublished\":\"2025-04-09T08:17:51+00:00\",\"dateModified\":\"2025-04-10T19:41:35+00:00\",\"description\":\"No dia 29 de mar\u00e7o de 2025, um grupo da Inspetoria das FMA da Inspetoria Eslovaca SLK com os Salesianos Cooperadores fez uma visita de gratid\u00e3o \u00e0 Irm\u00e3 Teresa Czekala, ex-Inspetora polonesa, em Pogrzebien na Pol\u00f4nia.\",\"breadcrumb\":{\"@id\":\"https:\\\/\\\/www.cgfmanet.org\\\/pt-pt\\\/ifma-pt-pt\\\/peregrinacao-de-gratidao-slk\\\/#breadcrumb\"},\"inLanguage\":\"pt-PT\",\"potentialAction\":[{\"@type\":\"ReadAction\",\"target\":[\"https:\\\/\\\/www.cgfmanet.org\\\/pt-pt\\\/ifma-pt-pt\\\/peregrinacao-de-gratidao-slk\\\/\"]}]},{\"@type\":\"ImageObject\",\"inLanguage\":\"pt-PT\",\"@id\":\"https:\\\/\\\/www.cgfmanet.org\\\/pt-pt\\\/ifma-pt-pt\\\/peregrinacao-de-gratidao-slk\\\/#primaryimage\",\"url\":\"https:\\\/\\\/www.cgfmanet.org\\\/wp-content\\\/uploads\\\/2025\\\/04\\\/Pellegrinaggio-SLK_Polonia_2.jpg\",\"contentUrl\":\"https:\\\/\\\/www.cgfmanet.org\\\/wp-content\\\/uploads\\\/2025\\\/04\\\/Pellegrinaggio-SLK_Polonia_2.jpg\",\"width\":1181,\"height\":787},{\"@type\":\"BreadcrumbList\",\"@id\":\"https:\\\/\\\/www.cgfmanet.org\\\/pt-pt\\\/ifma-pt-pt\\\/peregrinacao-de-gratidao-slk\\\/#breadcrumb\",\"itemListElement\":[{\"@type\":\"ListItem\",\"position\":1,\"name\":\"Home\",\"item\":\"https:\\\/\\\/www.cgfmanet.org\\\/pt-pt\\\/\"},{\"@type\":\"ListItem\",\"position\":2,\"name\":\"&#8220;Peregrina\u00e7\u00e3o de Gratid\u00e3o&#8221; &#8211; SLK\"}]},{\"@type\":\"WebSite\",\"@id\":\"https:\\\/\\\/www.cgfmanet.org\\\/es\\\/#website\",\"url\":\"https:\\\/\\\/www.cgfmanet.org\\\/es\\\/\",\"name\":\"Istituto Figlie di Maria Ausiliatrice\",\"description\":\"Salesiane di Don Bosco\",\"publisher\":{\"@id\":\"https:\\\/\\\/www.cgfmanet.org\\\/es\\\/#organization\"},\"potentialAction\":[{\"@type\":\"SearchAction\",\"target\":{\"@type\":\"EntryPoint\",\"urlTemplate\":\"https:\\\/\\\/www.cgfmanet.org\\\/es\\\/?s={search_term_string}\"},\"query-input\":{\"@type\":\"PropertyValueSpecification\",\"valueRequired\":true,\"valueName\":\"search_term_string\"}}],\"inLanguage\":\"pt-PT\"},{\"@type\":\"Organization\",\"@id\":\"https:\\\/\\\/www.cgfmanet.org\\\/es\\\/#organization\",\"name\":\"Istituto Figlie di Maria Ausiliatrice\",\"url\":\"https:\\\/\\\/www.cgfmanet.org\\\/es\\\/\",\"logo\":{\"@type\":\"ImageObject\",\"inLanguage\":\"pt-PT\",\"@id\":\"https:\\\/\\\/www.cgfmanet.org\\\/es\\\/#\\\/schema\\\/logo\\\/image\\\/\",\"url\":\"https:\\\/\\\/www.cgfmanet.org\\\/wp-content\\\/uploads\\\/2018\\\/10\\\/logo-fma.png\",\"contentUrl\":\"https:\\\/\\\/www.cgfmanet.org\\\/wp-content\\\/uploads\\\/2018\\\/10\\\/logo-fma.png\",\"width\":214,\"height\":55,\"caption\":\"Istituto Figlie di Maria Ausiliatrice\"},\"image\":{\"@id\":\"https:\\\/\\\/www.cgfmanet.org\\\/es\\\/#\\\/schema\\\/logo\\\/image\\\/\"},\"sameAs\":[\"https:\\\/\\\/www.facebook.com\\\/salesian.sisters.of.don.bosco\\\/\",\"https:\\\/\\\/x.com\\\/Cgfmanet_Org\",\"https:\\\/\\\/www.youtube.com\\\/channel\\\/UCmcr8yFQBV7JXeXVxyV9y5Q\"]},{\"@type\":\"Person\",\"@id\":\"https:\\\/\\\/www.cgfmanet.org\\\/es\\\/#\\\/schema\\\/person\\\/ce6473083f53ef0ef882cca23f0c8fb9\",\"name\":\"Redazione\"}]}<\/script>\n<!-- \/ Yoast SEO plugin. -->","yoast_head_json":{"title":"\"Peregrina\u00e7\u00e3o de Gratid\u00e3o\" - SLK &#8226; Istituto Figlie di Maria Ausiliatrice","description":"No dia 29 de mar\u00e7o de 2025, um grupo da Inspetoria das FMA da Inspetoria Eslovaca SLK com os Salesianos Cooperadores fez uma visita de gratid\u00e3o \u00e0 Irm\u00e3 Teresa Czekala, ex-Inspetora polonesa, em Pogrzebien na Pol\u00f4nia.","robots":{"index":"index","follow":"follow","max-snippet":"max-snippet:-1","max-image-preview":"max-image-preview:large","max-video-preview":"max-video-preview:-1"},"canonical":"https:\/\/www.cgfmanet.org\/pt-pt\/ifma-pt-pt\/peregrinacao-de-gratidao-slk\/","og_locale":"pt_PT","og_type":"article","og_title":"\"Peregrina\u00e7\u00e3o de Gratid\u00e3o\" - SLK &#8226; Istituto Figlie di Maria Ausiliatrice","og_description":"No dia 29 de mar\u00e7o de 2025, um grupo da Inspetoria das FMA da Inspetoria Eslovaca SLK com os Salesianos Cooperadores fez uma visita de gratid\u00e3o \u00e0 Irm\u00e3 Teresa Czekala, ex-Inspetora polonesa, em Pogrzebien na Pol\u00f4nia.","og_url":"https:\/\/www.cgfmanet.org\/pt-pt\/ifma-pt-pt\/peregrinacao-de-gratidao-slk\/","og_site_name":"Istituto Figlie di Maria Ausiliatrice","article_publisher":"https:\/\/www.facebook.com\/salesian.sisters.of.don.bosco\/","article_published_time":"2025-04-09T08:17:51+00:00","article_modified_time":"2025-04-10T19:41:35+00:00","og_image":[{"width":1181,"height":787,"url":"https:\/\/www.cgfmanet.org\/wp-content\/uploads\/2025\/04\/Pellegrinaggio-SLK_Polonia_2.jpg","type":"image\/jpeg"}],"author":"Redazione","twitter_card":"summary_large_image","twitter_creator":"@Cgfmanet_Org","twitter_site":"@Cgfmanet_Org","twitter_misc":{"Escrito por":"Redazione","Tempo estimado de leitura":"3 minutos"},"schema":{"@context":"https:\/\/schema.org","@graph":[{"@type":"Article","@id":"https:\/\/www.cgfmanet.org\/pt-pt\/ifma-pt-pt\/peregrinacao-de-gratidao-slk\/#article","isPartOf":{"@id":"https:\/\/www.cgfmanet.org\/pt-pt\/ifma-pt-pt\/peregrinacao-de-gratidao-slk\/"},"author":{"name":"Redazione","@id":"https:\/\/www.cgfmanet.org\/es\/#\/schema\/person\/ce6473083f53ef0ef882cca23f0c8fb9"},"headline":"&#8220;Peregrina\u00e7\u00e3o de Gratid\u00e3o&#8221; &#8211; SLK","datePublished":"2025-04-09T08:17:51+00:00","dateModified":"2025-04-10T19:41:35+00:00","mainEntityOfPage":{"@id":"https:\/\/www.cgfmanet.org\/pt-pt\/ifma-pt-pt\/peregrinacao-de-gratidao-slk\/"},"wordCount":570,"commentCount":0,"publisher":{"@id":"https:\/\/www.cgfmanet.org\/es\/#organization"},"image":{"@id":"https:\/\/www.cgfmanet.org\/pt-pt\/ifma-pt-pt\/peregrinacao-de-gratidao-slk\/#primaryimage"},"thumbnailUrl":"https:\/\/www.cgfmanet.org\/wp-content\/uploads\/2025\/04\/Pellegrinaggio-SLK_Polonia_2.jpg","keywords":["SLK","Santidade Salesiana","Carisma salesiano","Focus","Solidariet\u00e0","PLJ"],"articleSection":["IFMA","Presen\u00e7a e Obras"],"inLanguage":"pt-PT","potentialAction":[{"@type":"CommentAction","name":"Comment","target":["https:\/\/www.cgfmanet.org\/pt-pt\/ifma-pt-pt\/peregrinacao-de-gratidao-slk\/#respond"]}]},{"@type":"WebPage","@id":"https:\/\/www.cgfmanet.org\/pt-pt\/ifma-pt-pt\/peregrinacao-de-gratidao-slk\/","url":"https:\/\/www.cgfmanet.org\/pt-pt\/ifma-pt-pt\/peregrinacao-de-gratidao-slk\/","name":"\"Peregrina\u00e7\u00e3o de Gratid\u00e3o\" - SLK &#8226; Istituto Figlie di Maria Ausiliatrice","isPartOf":{"@id":"https:\/\/www.cgfmanet.org\/es\/#website"},"primaryImageOfPage":{"@id":"https:\/\/www.cgfmanet.org\/pt-pt\/ifma-pt-pt\/peregrinacao-de-gratidao-slk\/#primaryimage"},"image":{"@id":"https:\/\/www.cgfmanet.org\/pt-pt\/ifma-pt-pt\/peregrinacao-de-gratidao-slk\/#primaryimage"},"thumbnailUrl":"https:\/\/www.cgfmanet.org\/wp-content\/uploads\/2025\/04\/Pellegrinaggio-SLK_Polonia_2.jpg","datePublished":"2025-04-09T08:17:51+00:00","dateModified":"2025-04-10T19:41:35+00:00","description":"No dia 29 de mar\u00e7o de 2025, um grupo da Inspetoria das FMA da Inspetoria Eslovaca SLK com os Salesianos Cooperadores fez uma visita de gratid\u00e3o \u00e0 Irm\u00e3 Teresa Czekala, ex-Inspetora polonesa, em Pogrzebien na Pol\u00f4nia.","breadcrumb":{"@id":"https:\/\/www.cgfmanet.org\/pt-pt\/ifma-pt-pt\/peregrinacao-de-gratidao-slk\/#breadcrumb"},"inLanguage":"pt-PT","potentialAction":[{"@type":"ReadAction","target":["https:\/\/www.cgfmanet.org\/pt-pt\/ifma-pt-pt\/peregrinacao-de-gratidao-slk\/"]}]},{"@type":"ImageObject","inLanguage":"pt-PT","@id":"https:\/\/www.cgfmanet.org\/pt-pt\/ifma-pt-pt\/peregrinacao-de-gratidao-slk\/#primaryimage","url":"https:\/\/www.cgfmanet.org\/wp-content\/uploads\/2025\/04\/Pellegrinaggio-SLK_Polonia_2.jpg","contentUrl":"https:\/\/www.cgfmanet.org\/wp-content\/uploads\/2025\/04\/Pellegrinaggio-SLK_Polonia_2.jpg","width":1181,"height":787},{"@type":"BreadcrumbList","@id":"https:\/\/www.cgfmanet.org\/pt-pt\/ifma-pt-pt\/peregrinacao-de-gratidao-slk\/#breadcrumb","itemListElement":[{"@type":"ListItem","position":1,"name":"Home","item":"https:\/\/www.cgfmanet.org\/pt-pt\/"},{"@type":"ListItem","position":2,"name":"&#8220;Peregrina\u00e7\u00e3o de Gratid\u00e3o&#8221; &#8211; SLK"}]},{"@type":"WebSite","@id":"https:\/\/www.cgfmanet.org\/es\/#website","url":"https:\/\/www.cgfmanet.org\/es\/","name":"Istituto Figlie di Maria Ausiliatrice","description":"Salesiane di Don Bosco","publisher":{"@id":"https:\/\/www.cgfmanet.org\/es\/#organization"},"potentialAction":[{"@type":"SearchAction","target":{"@type":"EntryPoint","urlTemplate":"https:\/\/www.cgfmanet.org\/es\/?s={search_term_string}"},"query-input":{"@type":"PropertyValueSpecification","valueRequired":true,"valueName":"search_term_string"}}],"inLanguage":"pt-PT"},{"@type":"Organization","@id":"https:\/\/www.cgfmanet.org\/es\/#organization","name":"Istituto Figlie di Maria Ausiliatrice","url":"https:\/\/www.cgfmanet.org\/es\/","logo":{"@type":"ImageObject","inLanguage":"pt-PT","@id":"https:\/\/www.cgfmanet.org\/es\/#\/schema\/logo\/image\/","url":"https:\/\/www.cgfmanet.org\/wp-content\/uploads\/2018\/10\/logo-fma.png","contentUrl":"https:\/\/www.cgfmanet.org\/wp-content\/uploads\/2018\/10\/logo-fma.png","width":214,"height":55,"caption":"Istituto Figlie di Maria Ausiliatrice"},"image":{"@id":"https:\/\/www.cgfmanet.org\/es\/#\/schema\/logo\/image\/"},"sameAs":["https:\/\/www.facebook.com\/salesian.sisters.of.don.bosco\/","https:\/\/x.com\/Cgfmanet_Org","https:\/\/www.youtube.com\/channel\/UCmcr8yFQBV7JXeXVxyV9y5Q"]},{"@type":"Person","@id":"https:\/\/www.cgfmanet.org\/es\/#\/schema\/person\/ce6473083f53ef0ef882cca23f0c8fb9","name":"Redazione"}]}},"_links":{"self":[{"href":"https:\/\/www.cgfmanet.org\/pt-pt\/wp-json\/wp\/v2\/posts\/132127","targetHints":{"allow":["GET"]}}],"collection":[{"href":"https:\/\/www.cgfmanet.org\/pt-pt\/wp-json\/wp\/v2\/posts"}],"about":[{"href":"https:\/\/www.cgfmanet.org\/pt-pt\/wp-json\/wp\/v2\/types\/post"}],"author":[{"embeddable":true,"href":"https:\/\/www.cgfmanet.org\/pt-pt\/wp-json\/wp\/v2\/users\/21"}],"replies":[{"embeddable":true,"href":"https:\/\/www.cgfmanet.org\/pt-pt\/wp-json\/wp\/v2\/comments?post=132127"}],"version-history":[{"count":1,"href":"https:\/\/www.cgfmanet.org\/pt-pt\/wp-json\/wp\/v2\/posts\/132127\/revisions"}],"predecessor-version":[{"id":132191,"href":"https:\/\/www.cgfmanet.org\/pt-pt\/wp-json\/wp\/v2\/posts\/132127\/revisions\/132191"}],"wp:featuredmedia":[{"embeddable":true,"href":"https:\/\/www.cgfmanet.org\/pt-pt\/wp-json\/wp\/v2\/media\/132032"}],"wp:attachment":[{"href":"https:\/\/www.cgfmanet.org\/pt-pt\/wp-json\/wp\/v2\/media?parent=132127"}],"wp:term":[{"taxonomy":"category","embeddable":true,"href":"https:\/\/www.cgfmanet.org\/pt-pt\/wp-json\/wp\/v2\/categories?post=132127"},{"taxonomy":"post_tag","embeddable":true,"href":"https:\/\/www.cgfmanet.org\/pt-pt\/wp-json\/wp\/v2\/tags?post=132127"}],"curies":[{"name":"wp","href":"https:\/\/api.w.org\/{rel}","templated":true}]}}