{"id":131654,"date":"2025-04-03T17:22:22","date_gmt":"2025-04-03T15:22:22","guid":{"rendered":"https:\/\/www.cgfmanet.org\/infosfera-pt-pt\/una-campana-dedicata-a-madre-mazzarello\/"},"modified":"2025-04-05T22:37:45","modified_gmt":"2025-04-05T20:37:45","slug":"um-sino-dedicado-a-madre-mazzarello","status":"publish","type":"post","link":"https:\/\/www.cgfmanet.org\/pt-pt\/infosfera-pt-pt\/um-sino-dedicado-a-madre-mazzarello\/","title":{"rendered":"Um sino dedicado a Madre Mazzarello"},"content":{"rendered":"<p><strong>Roma (It\u00e1lia).<\/strong> Em 1\u00ba de abril de 2025, no 91\u00ba anivers\u00e1rio da Canoniza\u00e7\u00e3o de S\u00e3o Jo\u00e3o Bosco (1934-2025), em Valdocco, Turim, \u00a0realizou-se a inaugura\u00e7\u00e3o oficial da Pra\u00e7a Maria Auxiliadora, renovada com uma interven\u00e7\u00e3o de requalifica\u00e7\u00e3o urbana, e a b\u00ean\u00e7\u00e3o dos trabalhos nas duas torres dos sinos da Bas\u00edlica de Maria Auxiliadora restauradas.<\/p>\n<p>Na Pra\u00e7a, festivamente colorida pela presen\u00e7a das crian\u00e7as da Escola Maria Auxiliadora, o momento inaugural aconteceu na presen\u00e7a do rec\u00e9m-eleito Reitor-Mor da Congrega\u00e7\u00e3o Salesiana, Dom F\u00e1bio Attard, que deu a b\u00ean\u00e7\u00e3o, do Inspetor da Circunscri\u00e7\u00e3o especial do Piemonte e Vale de Aosta, Padre Leonardo Mancini, dos Salesianos de Dom Bosco Capitulares, do Reitor da Bas\u00edlica, Padre Miguel Viviano, do Prefeito da Cidade de Turim, Stefano Lo Russo, da Assessora para a transi\u00e7\u00e3o ecol\u00f3gica e digital, ambiente, mobilidade, transportes e inova\u00e7\u00e3o, Chiara Foglietta, do Presidente da Circunscri\u00e7\u00e3o 7, Luca Deri, de outras autoridades civis, religiosas, militares, fieis e membros da Fam\u00edlia Salesiana.<\/p>\n<p>Tamb\u00e9m estavam presentes <strong>a Conselheira Geral para a Forma\u00e7\u00e3o<\/strong> do Instituto das Filhas de Maria Auxiliadora, Irm\u00e3 Nilza F\u00e1tima de Moraes, representando a Madre Geral, <strong>a Inspetora<\/strong> da Inspetoria <em>Maria Auxiliadora<\/em> (IPI), Irm\u00e3 Emma Bergandi, e diversas Filhas de Maria Auxiliadora.<\/p>\n<p>O Reitor da Bas\u00edlica, abrindo os discursos, expressou a alegria de celebrar junto \u00e0s institui\u00e7\u00f5es civis, na mesma data da Canoniza\u00e7\u00e3o de Dom Bosco, este evento &#8220;que traduz o que era um pensamento fundamental da vida de Dom Bosco como educador, que dizia e desejava que os seus jovens fossem &#8216;honestos cidad\u00e3os e bons crist\u00e3os, felizes habitantes do c\u00e9u&#8217;: bons crist\u00e3os, as torres campan\u00e1rias e a Bas\u00edlica, honestos cidad\u00e3os, a pra\u00e7a, felizes habitantes do c\u00e9u, o som dos sinos que nos convida a voltar o olhar para o alto, para Deus e a Auxiliadora&#8221;.<\/p>\n<p>Um v\u00eddeo foi projetado no tel\u00e3o ao lado da Bas\u00edlica mostrando a restaura\u00e7\u00e3o dos sinos, que ocorreu no ano do bicenten\u00e1rio do Sonho dos Nove Anos de Dom Bosco (2024) e inaugurados com a abertura do Ano Santo na Bas\u00edlica, em 10 de janeiro de 2025.<\/p>\n<p>A Congrega\u00e7\u00e3o Salesiana decidiu valorizar o concerto dos sinos, aumentando<strong> de oito a doze bronzes<\/strong>. Os 4 novos sinos honram alguns santos e beatos da Fam\u00edlia Salesiana, entre os quais Madre Mazzarello: o sino maior \u00e9 dedicado a S\u00e3o Jo\u00e3o Bosco, um ao Beato Miguel Rua, seu primeiro sucessor, um aos m\u00e1rtires Lu\u00eds Versiglia e Calisto Caravario e ao Santo Art\u00eamides Zatti, e um <em>\u00e9 dedicado a Santa Maria Domingas Mazzarello. No bronze est\u00e1 a cita\u00e7\u00e3o: &#8220;Cada ponto de agulha (repique) seja um ato de amor a Deus<\/em>\u201d. (<a href=\"https:\/\/www.infoans.org\/sezioni\/notizie\/item\/23917-italia-le-quattro-nuove-campane-della-basilica-di-maria-ausiliatrice?fbclid=IwY2xjawJcaARleHRuA2FlbQIxMAABHe74Ez7v5ZkkL8XbD3jZTO6QLtnQc3pA2jcpVn2iVVyvNHm3RU-bHFN4wg_aem_UolsDVDiKmnGq7jtYPhE0g\" target=\"_blank\" rel=\"noopener\"><strong><span style=\"color: #0000ff;\">Para aprofundar<\/span><\/strong><\/a>)<\/p>\n<p>Com a melodia do canto &#8220;Gi\u00f9 dai Colli&#8221; se &#8220;deram voz&#8221; aos sinos, depois que os Bombeiros ofereceram uma coroa de flores a Nossa Senhora, alcan\u00e7ando o Arcanjo Gabriel com a escada\u00a0 girat\u00f3ria, no topo de uma das torres sineiras.<\/p>\n<p>As autoridades civis, em seus discursos, expressaram satisfa\u00e7\u00e3o pela interven\u00e7\u00e3o na Pra\u00e7a, sublinhando o trabalho comunit\u00e1rio levado adiante com os Salesianos de Dom Bosco e as Filhas de Maria Auxiliadora para valorizar da melhor forma este lugar hist\u00f3rico, segundo crit\u00e9rios ligados \u00e0 sustentabilidade, \u00e0 beleza e \u00e0 acolhida de meninos\/as e adultos.<\/p>\n<p>O Reitor-Mor, Dom F\u00e1bio Attard, recordando a import\u00e2ncia carism\u00e1tica da Bas\u00edlica e desta Pra\u00e7a para todo o mundo salesiano, destacou o valor do cuidado com os espa\u00e7os educativos:<\/p>\n<p><em>&#8220;Um ambiente bonito, modesto, mas limpo e saud\u00e1vel, j\u00e1 \u00e9 uma mensagem educativa, onde a viol\u00eancia n\u00e3o tem motivo para existir, onde crescem amizades e se favorecem processos educativos. As casas salesianas n\u00e3o s\u00e3o fortalezas, mas espa\u00e7os de humanidade, para que os jovens possam fazer da sua vida um dom para a cidade, para a cultura, para um futuro melhor&#8221;.<\/em><\/p>\n\r\n                <style type=\"text\/css\">\r\n                    \r\n                    #tdi_1  .td-doubleSlider-2 .td-item1 {\r\n                        background: url(https:\/\/www.cgfmanet.org\/wp-content\/uploads\/2025\/04\/Inaugurazione-Piazza-Maria-Ausiliatrice_1aprile2025_2-80x60.jpg) 0 0 no-repeat;\r\n                    }\r\n                    #tdi_1  .td-doubleSlider-2 .td-item2 {\r\n                        background: url(https:\/\/www.cgfmanet.org\/wp-content\/uploads\/2025\/04\/Inaugurazione-Piazza-Maria-Ausiliatrice_1aprile2025_4-80x60.jpg) 0 0 no-repeat;\r\n                    }\r\n                    #tdi_1  .td-doubleSlider-2 .td-item3 {\r\n                        background: url(https:\/\/www.cgfmanet.org\/wp-content\/uploads\/2025\/04\/Inaugurazione-Piazza-Maria-Ausiliatrice_1aprile2025_1-80x60.jpg) 0 0 no-repeat;\r\n                    }\r\n                    #tdi_1  .td-doubleSlider-2 .td-item4 {\r\n                        background: url(https:\/\/www.cgfmanet.org\/wp-content\/uploads\/2025\/04\/Inaugurazione-Piazza-Maria-Ausiliatrice_1aprile2025_3-80x60.jpg) 0 0 no-repeat;\r\n                    }\r\n                <\/style>\r\n\r\n                <div id=\"tdi_1\" class=\"td-gallery td-slide-on-2-columns\">\r\n                    <div class=\"post_td_gallery\">\r\n                        <div class=\"td-gallery-slide-top\">\r\n                           <div class=\"td-gallery-title\"><\/div>\r\n\r\n                            <div class=\"td-gallery-controls-wrapper\">\r\n                                <div class=\"td-gallery-slide-count\"><span class=\"td-gallery-slide-item-focus\">1<\/span> do 4<\/div>\r\n                                <div class=\"td-gallery-slide-prev-next-but\">\r\n                                    <i class = \"td-icon-left doubleSliderPrevButton\"><\/i>\r\n                                    <i class = \"td-icon-right doubleSliderNextButton\"><\/i>\r\n                                <\/div>\r\n                            <\/div>\r\n                        <\/div>\r\n\r\n                        <div class = \"td-doubleSlider-1 \">\r\n                            <div class = \"td-slider\">\r\n                                \r\n                    <div class = \"td-slide-item td-item1\">\r\n                        <figure class=\"td-slide-galery-figure td-slide-popup-gallery\">\r\n                            <a class=\"slide-gallery-image-link\" href=\"https:\/\/www.cgfmanet.org\/wp-content\/uploads\/2025\/04\/Inaugurazione-Piazza-Maria-Ausiliatrice_1aprile2025_2.jpg\" title=\"Inaugurazione Piazza Maria Ausiliatrice_1aprile2025_2\"  data-caption=\"\"  data-description=\"\">\r\n                                <img decoding=\"async\" data-src=\"https:\/\/www.cgfmanet.org\/wp-content\/uploads\/2025\/04\/Inaugurazione-Piazza-Maria-Ausiliatrice_1aprile2025_2-630x420.jpg\" data-srcset=\"https:\/\/www.cgfmanet.org\/wp-content\/uploads\/2025\/04\/Inaugurazione-Piazza-Maria-Ausiliatrice_1aprile2025_2-630x420.jpg 630w, https:\/\/www.cgfmanet.org\/wp-content\/uploads\/2025\/04\/Inaugurazione-Piazza-Maria-Ausiliatrice_1aprile2025_2-768x512.jpg 768w, https:\/\/www.cgfmanet.org\/wp-content\/uploads\/2025\/04\/Inaugurazione-Piazza-Maria-Ausiliatrice_1aprile2025_2-696x464.jpg 696w, https:\/\/www.cgfmanet.org\/wp-content\/uploads\/2025\/04\/Inaugurazione-Piazza-Maria-Ausiliatrice_1aprile2025_2.jpg 1181w\" data-sizes=\"auto\" alt=\"\" src=\"data:image\/svg+xml;base64,PHN2ZyB3aWR0aD0iMSIgaGVpZ2h0PSIxIiB4bWxucz0iaHR0cDovL3d3dy53My5vcmcvMjAwMC9zdmciPjwvc3ZnPg==\" class=\"lazyload\" style=\"--smush-placeholder-width: 630px; --smush-placeholder-aspect-ratio: 630\/420;\" data-original-sizes=\"(max-width: 630px) 100vw, 630px\">\r\n                            <\/a>\r\n                            \r\n                        <\/figure>\r\n                    <\/div>\r\n                    <div class = \"td-slide-item td-item2\">\r\n                        <figure class=\"td-slide-galery-figure td-slide-popup-gallery\">\r\n                            <a class=\"slide-gallery-image-link\" href=\"https:\/\/www.cgfmanet.org\/wp-content\/uploads\/2025\/04\/Inaugurazione-Piazza-Maria-Ausiliatrice_1aprile2025_4.jpg\" title=\"Inaugurazione Piazza Maria Ausiliatrice_1aprile2025_4\"  data-caption=\"\"  data-description=\"\">\r\n                                <img decoding=\"async\" data-src=\"https:\/\/www.cgfmanet.org\/wp-content\/uploads\/2025\/04\/Inaugurazione-Piazza-Maria-Ausiliatrice_1aprile2025_4-300x420.jpg\" data-srcset=\"https:\/\/www.cgfmanet.org\/wp-content\/uploads\/2025\/04\/Inaugurazione-Piazza-Maria-Ausiliatrice_1aprile2025_4-300x420.jpg 300w, https:\/\/www.cgfmanet.org\/wp-content\/uploads\/2025\/04\/Inaugurazione-Piazza-Maria-Ausiliatrice_1aprile2025_4-768x1074.jpg 768w, https:\/\/www.cgfmanet.org\/wp-content\/uploads\/2025\/04\/Inaugurazione-Piazza-Maria-Ausiliatrice_1aprile2025_4-1099x1536.jpg 1099w, https:\/\/www.cgfmanet.org\/wp-content\/uploads\/2025\/04\/Inaugurazione-Piazza-Maria-Ausiliatrice_1aprile2025_4-696x973.jpg 696w, https:\/\/www.cgfmanet.org\/wp-content\/uploads\/2025\/04\/Inaugurazione-Piazza-Maria-Ausiliatrice_1aprile2025_4.jpg 1181w\" data-sizes=\"auto\" alt=\"\" src=\"data:image\/svg+xml;base64,PHN2ZyB3aWR0aD0iMSIgaGVpZ2h0PSIxIiB4bWxucz0iaHR0cDovL3d3dy53My5vcmcvMjAwMC9zdmciPjwvc3ZnPg==\" class=\"lazyload\" style=\"--smush-placeholder-width: 300px; --smush-placeholder-aspect-ratio: 300\/420;\" data-original-sizes=\"(max-width: 300px) 100vw, 300px\">\r\n                            <\/a>\r\n                            \r\n                        <\/figure>\r\n                    <\/div>\r\n                    <div class = \"td-slide-item td-item3\">\r\n                        <figure class=\"td-slide-galery-figure td-slide-popup-gallery\">\r\n                            <a class=\"slide-gallery-image-link\" href=\"https:\/\/www.cgfmanet.org\/wp-content\/uploads\/2025\/04\/Inaugurazione-Piazza-Maria-Ausiliatrice_1aprile2025_1.jpg\" title=\"Inaugurazione Piazza Maria Ausiliatrice_1aprile2025_1\"  data-caption=\"\"  data-description=\"\">\r\n                                <img decoding=\"async\" data-src=\"https:\/\/www.cgfmanet.org\/wp-content\/uploads\/2025\/04\/Inaugurazione-Piazza-Maria-Ausiliatrice_1aprile2025_1-630x420.jpg\" data-srcset=\"https:\/\/www.cgfmanet.org\/wp-content\/uploads\/2025\/04\/Inaugurazione-Piazza-Maria-Ausiliatrice_1aprile2025_1-630x420.jpg 630w, https:\/\/www.cgfmanet.org\/wp-content\/uploads\/2025\/04\/Inaugurazione-Piazza-Maria-Ausiliatrice_1aprile2025_1-768x512.jpg 768w, https:\/\/www.cgfmanet.org\/wp-content\/uploads\/2025\/04\/Inaugurazione-Piazza-Maria-Ausiliatrice_1aprile2025_1-696x464.jpg 696w, https:\/\/www.cgfmanet.org\/wp-content\/uploads\/2025\/04\/Inaugurazione-Piazza-Maria-Ausiliatrice_1aprile2025_1.jpg 1181w\" data-sizes=\"auto\" alt=\"\" src=\"data:image\/svg+xml;base64,PHN2ZyB3aWR0aD0iMSIgaGVpZ2h0PSIxIiB4bWxucz0iaHR0cDovL3d3dy53My5vcmcvMjAwMC9zdmciPjwvc3ZnPg==\" class=\"lazyload\" style=\"--smush-placeholder-width: 630px; --smush-placeholder-aspect-ratio: 630\/420;\" data-original-sizes=\"(max-width: 630px) 100vw, 630px\">\r\n                            <\/a>\r\n                            \r\n                        <\/figure>\r\n                    <\/div>\r\n                    <div class = \"td-slide-item td-item4\">\r\n                        <figure class=\"td-slide-galery-figure td-slide-popup-gallery\">\r\n                            <a class=\"slide-gallery-image-link\" href=\"https:\/\/www.cgfmanet.org\/wp-content\/uploads\/2025\/04\/Inaugurazione-Piazza-Maria-Ausiliatrice_1aprile2025_3.jpg\" title=\"Inaugurazione Piazza Maria Ausiliatrice_1aprile2025_3\"  data-caption=\"\"  data-description=\"\">\r\n                                <img decoding=\"async\" data-src=\"https:\/\/www.cgfmanet.org\/wp-content\/uploads\/2025\/04\/Inaugurazione-Piazza-Maria-Ausiliatrice_1aprile2025_3-630x420.jpg\" data-srcset=\"https:\/\/www.cgfmanet.org\/wp-content\/uploads\/2025\/04\/Inaugurazione-Piazza-Maria-Ausiliatrice_1aprile2025_3-630x420.jpg 630w, https:\/\/www.cgfmanet.org\/wp-content\/uploads\/2025\/04\/Inaugurazione-Piazza-Maria-Ausiliatrice_1aprile2025_3-768x512.jpg 768w, https:\/\/www.cgfmanet.org\/wp-content\/uploads\/2025\/04\/Inaugurazione-Piazza-Maria-Ausiliatrice_1aprile2025_3-696x464.jpg 696w, https:\/\/www.cgfmanet.org\/wp-content\/uploads\/2025\/04\/Inaugurazione-Piazza-Maria-Ausiliatrice_1aprile2025_3.jpg 1181w\" data-sizes=\"auto\" alt=\"\" src=\"data:image\/svg+xml;base64,PHN2ZyB3aWR0aD0iMSIgaGVpZ2h0PSIxIiB4bWxucz0iaHR0cDovL3d3dy53My5vcmcvMjAwMC9zdmciPjwvc3ZnPg==\" class=\"lazyload\" style=\"--smush-placeholder-width: 630px; --smush-placeholder-aspect-ratio: 630\/420;\" data-original-sizes=\"(max-width: 630px) 100vw, 630px\">\r\n                            <\/a>\r\n                            \r\n                        <\/figure>\r\n                    <\/div>\r\n                            <\/div>\r\n                        <\/div>\r\n\r\n                        <div class = \"td-doubleSlider-2\">\r\n                            <div class = \"td-slider\">\r\n                                \r\n                    <div class = \"td-button td-item1\">\r\n                        <div class = \"td-border\"><\/div>\r\n                    <\/div>\r\n                    <div class = \"td-button td-item2\">\r\n                        <div class = \"td-border\"><\/div>\r\n                    <\/div>\r\n                    <div class = \"td-button td-item3\">\r\n                        <div class = \"td-border\"><\/div>\r\n                    <\/div>\r\n                    <div class = \"td-button td-item4\">\r\n                        <div class = \"td-border\"><\/div>\r\n                    <\/div>\r\n                            <\/div>\r\n                        <\/div>\r\n\r\n                    <\/div>\r\n\r\n                <\/div>\r\n                \n","protected":false},"excerpt":{"rendered":"<p>Roma (It\u00e1lia). Em 1\u00ba de abril de 2025, no 91\u00ba anivers\u00e1rio da Canoniza\u00e7\u00e3o de S\u00e3o Jo\u00e3o Bosco (1934-2025), em Valdocco, Turim, \u00a0realizou-se a inaugura\u00e7\u00e3o oficial da Pra\u00e7a Maria Auxiliadora, renovada [&hellip;]<\/p>\n","protected":false},"author":21,"featured_media":131634,"comment_status":"open","ping_status":"closed","sticky":false,"template":"","format":"standard","meta":{"footnotes":""},"categories":[38,193],"tags":[263,1136,1777,1801,1930],"class_list":["post-131654","post","type-post","status-publish","format-standard","has-post-thumbnail","category-infosfera-pt-pt","category-cidadania","tag-conselheira-para-a-formacao","tag-educacao","tag-familia-salesiana","tag-reitor-mor","tag-focus-pt-pt"],"yoast_head":"<!-- This site is optimized with the Yoast SEO plugin v27.4 - https:\/\/yoast.com\/product\/yoast-seo-wordpress\/ -->\n<title>Um sino dedicado a Madre Mazzarello &#8226; Istituto Figlie di Maria Ausiliatrice<\/title>\n<meta name=\"description\" content=\"Em 1\u00ba de abril de 2025, no 91\u00ba anivers\u00e1rio da Canoniza\u00e7\u00e3o de Dom Bosco, em Valdocco, Turim, inaugurou-se oficialmente a Pra\u00e7a Maria Auxiliadora, renovada com a b\u00ean\u00e7\u00e3o das Torres campan\u00e1rias restauradas.\" \/>\n<meta name=\"robots\" content=\"index, follow, max-snippet:-1, max-image-preview:large, max-video-preview:-1\" \/>\n<link rel=\"canonical\" href=\"https:\/\/www.cgfmanet.org\/pt-pt\/infosfera-pt-pt\/um-sino-dedicado-a-madre-mazzarello\/\" \/>\n<meta property=\"og:locale\" content=\"pt_PT\" \/>\n<meta property=\"og:type\" content=\"article\" \/>\n<meta property=\"og:title\" content=\"Um sino dedicado a Madre Mazzarello &#8226; Istituto Figlie di Maria Ausiliatrice\" \/>\n<meta property=\"og:description\" content=\"Em 1\u00ba de abril de 2025, no 91\u00ba anivers\u00e1rio da Canoniza\u00e7\u00e3o de Dom Bosco, em Valdocco, Turim, inaugurou-se oficialmente a Pra\u00e7a Maria Auxiliadora, renovada com a b\u00ean\u00e7\u00e3o das Torres campan\u00e1rias restauradas.\" \/>\n<meta property=\"og:url\" content=\"https:\/\/www.cgfmanet.org\/pt-pt\/infosfera-pt-pt\/um-sino-dedicado-a-madre-mazzarello\/\" \/>\n<meta property=\"og:site_name\" content=\"Istituto Figlie di Maria Ausiliatrice\" \/>\n<meta property=\"article:publisher\" content=\"https:\/\/www.facebook.com\/salesian.sisters.of.don.bosco\/\" \/>\n<meta property=\"article:published_time\" content=\"2025-04-03T15:22:22+00:00\" \/>\n<meta property=\"article:modified_time\" content=\"2025-04-05T20:37:45+00:00\" \/>\n<meta property=\"og:image\" content=\"https:\/\/www.cgfmanet.org\/wp-content\/uploads\/2025\/04\/Inaugurazione-Piazza-Maria-Ausiliatrice_1aprile2025.jpg\" \/>\n\t<meta property=\"og:image:width\" content=\"1182\" \/>\n\t<meta property=\"og:image:height\" content=\"788\" \/>\n\t<meta property=\"og:image:type\" content=\"image\/jpeg\" \/>\n<meta name=\"author\" content=\"Redazione\" \/>\n<meta name=\"twitter:card\" content=\"summary_large_image\" \/>\n<meta name=\"twitter:creator\" content=\"@Cgfmanet_Org\" \/>\n<meta name=\"twitter:site\" content=\"@Cgfmanet_Org\" \/>\n<meta name=\"twitter:label1\" content=\"Escrito por\" \/>\n\t<meta name=\"twitter:data1\" content=\"Redazione\" \/>\n\t<meta name=\"twitter:label2\" content=\"Tempo estimado de leitura\" \/>\n\t<meta name=\"twitter:data2\" content=\"4 minutos\" \/>\n<script type=\"application\/ld+json\" class=\"yoast-schema-graph\">{\"@context\":\"https:\\\/\\\/schema.org\",\"@graph\":[{\"@type\":\"Article\",\"@id\":\"https:\\\/\\\/www.cgfmanet.org\\\/pt-pt\\\/infosfera-pt-pt\\\/um-sino-dedicado-a-madre-mazzarello\\\/#article\",\"isPartOf\":{\"@id\":\"https:\\\/\\\/www.cgfmanet.org\\\/pt-pt\\\/infosfera-pt-pt\\\/um-sino-dedicado-a-madre-mazzarello\\\/\"},\"author\":{\"name\":\"Redazione\",\"@id\":\"https:\\\/\\\/www.cgfmanet.org\\\/es\\\/#\\\/schema\\\/person\\\/ce6473083f53ef0ef882cca23f0c8fb9\"},\"headline\":\"Um sino dedicado a Madre Mazzarello\",\"datePublished\":\"2025-04-03T15:22:22+00:00\",\"dateModified\":\"2025-04-05T20:37:45+00:00\",\"mainEntityOfPage\":{\"@id\":\"https:\\\/\\\/www.cgfmanet.org\\\/pt-pt\\\/infosfera-pt-pt\\\/um-sino-dedicado-a-madre-mazzarello\\\/\"},\"wordCount\":684,\"commentCount\":1,\"publisher\":{\"@id\":\"https:\\\/\\\/www.cgfmanet.org\\\/es\\\/#organization\"},\"image\":{\"@id\":\"https:\\\/\\\/www.cgfmanet.org\\\/pt-pt\\\/infosfera-pt-pt\\\/um-sino-dedicado-a-madre-mazzarello\\\/#primaryimage\"},\"thumbnailUrl\":\"https:\\\/\\\/www.cgfmanet.org\\\/wp-content\\\/uploads\\\/2025\\\/04\\\/Inaugurazione-Piazza-Maria-Ausiliatrice_1aprile2025.jpg\",\"keywords\":[\"Conselheira para a Forma\u00e7\u00e3o\",\"Educa\u00e7\u00e3o\",\"Fam\u00edlia Salesiana\",\"Reitor Mor\",\"Focus\"],\"articleSection\":[\"Infosfera\",\"Cidadania\"],\"inLanguage\":\"pt-PT\",\"potentialAction\":[{\"@type\":\"CommentAction\",\"name\":\"Comment\",\"target\":[\"https:\\\/\\\/www.cgfmanet.org\\\/pt-pt\\\/infosfera-pt-pt\\\/um-sino-dedicado-a-madre-mazzarello\\\/#respond\"]}]},{\"@type\":\"WebPage\",\"@id\":\"https:\\\/\\\/www.cgfmanet.org\\\/pt-pt\\\/infosfera-pt-pt\\\/um-sino-dedicado-a-madre-mazzarello\\\/\",\"url\":\"https:\\\/\\\/www.cgfmanet.org\\\/pt-pt\\\/infosfera-pt-pt\\\/um-sino-dedicado-a-madre-mazzarello\\\/\",\"name\":\"Um sino dedicado a Madre Mazzarello &#8226; Istituto Figlie di Maria Ausiliatrice\",\"isPartOf\":{\"@id\":\"https:\\\/\\\/www.cgfmanet.org\\\/es\\\/#website\"},\"primaryImageOfPage\":{\"@id\":\"https:\\\/\\\/www.cgfmanet.org\\\/pt-pt\\\/infosfera-pt-pt\\\/um-sino-dedicado-a-madre-mazzarello\\\/#primaryimage\"},\"image\":{\"@id\":\"https:\\\/\\\/www.cgfmanet.org\\\/pt-pt\\\/infosfera-pt-pt\\\/um-sino-dedicado-a-madre-mazzarello\\\/#primaryimage\"},\"thumbnailUrl\":\"https:\\\/\\\/www.cgfmanet.org\\\/wp-content\\\/uploads\\\/2025\\\/04\\\/Inaugurazione-Piazza-Maria-Ausiliatrice_1aprile2025.jpg\",\"datePublished\":\"2025-04-03T15:22:22+00:00\",\"dateModified\":\"2025-04-05T20:37:45+00:00\",\"description\":\"Em 1\u00ba de abril de 2025, no 91\u00ba anivers\u00e1rio da Canoniza\u00e7\u00e3o de Dom Bosco, em Valdocco, Turim, inaugurou-se oficialmente a Pra\u00e7a Maria Auxiliadora, renovada com a b\u00ean\u00e7\u00e3o das Torres campan\u00e1rias restauradas.\",\"breadcrumb\":{\"@id\":\"https:\\\/\\\/www.cgfmanet.org\\\/pt-pt\\\/infosfera-pt-pt\\\/um-sino-dedicado-a-madre-mazzarello\\\/#breadcrumb\"},\"inLanguage\":\"pt-PT\",\"potentialAction\":[{\"@type\":\"ReadAction\",\"target\":[\"https:\\\/\\\/www.cgfmanet.org\\\/pt-pt\\\/infosfera-pt-pt\\\/um-sino-dedicado-a-madre-mazzarello\\\/\"]}]},{\"@type\":\"ImageObject\",\"inLanguage\":\"pt-PT\",\"@id\":\"https:\\\/\\\/www.cgfmanet.org\\\/pt-pt\\\/infosfera-pt-pt\\\/um-sino-dedicado-a-madre-mazzarello\\\/#primaryimage\",\"url\":\"https:\\\/\\\/www.cgfmanet.org\\\/wp-content\\\/uploads\\\/2025\\\/04\\\/Inaugurazione-Piazza-Maria-Ausiliatrice_1aprile2025.jpg\",\"contentUrl\":\"https:\\\/\\\/www.cgfmanet.org\\\/wp-content\\\/uploads\\\/2025\\\/04\\\/Inaugurazione-Piazza-Maria-Ausiliatrice_1aprile2025.jpg\",\"width\":1182,\"height\":788},{\"@type\":\"BreadcrumbList\",\"@id\":\"https:\\\/\\\/www.cgfmanet.org\\\/pt-pt\\\/infosfera-pt-pt\\\/um-sino-dedicado-a-madre-mazzarello\\\/#breadcrumb\",\"itemListElement\":[{\"@type\":\"ListItem\",\"position\":1,\"name\":\"Home\",\"item\":\"https:\\\/\\\/www.cgfmanet.org\\\/pt-pt\\\/\"},{\"@type\":\"ListItem\",\"position\":2,\"name\":\"Um sino dedicado a Madre Mazzarello\"}]},{\"@type\":\"WebSite\",\"@id\":\"https:\\\/\\\/www.cgfmanet.org\\\/es\\\/#website\",\"url\":\"https:\\\/\\\/www.cgfmanet.org\\\/es\\\/\",\"name\":\"Istituto Figlie di Maria Ausiliatrice\",\"description\":\"Salesiane di Don Bosco\",\"publisher\":{\"@id\":\"https:\\\/\\\/www.cgfmanet.org\\\/es\\\/#organization\"},\"potentialAction\":[{\"@type\":\"SearchAction\",\"target\":{\"@type\":\"EntryPoint\",\"urlTemplate\":\"https:\\\/\\\/www.cgfmanet.org\\\/es\\\/?s={search_term_string}\"},\"query-input\":{\"@type\":\"PropertyValueSpecification\",\"valueRequired\":true,\"valueName\":\"search_term_string\"}}],\"inLanguage\":\"pt-PT\"},{\"@type\":\"Organization\",\"@id\":\"https:\\\/\\\/www.cgfmanet.org\\\/es\\\/#organization\",\"name\":\"Istituto Figlie di Maria Ausiliatrice\",\"url\":\"https:\\\/\\\/www.cgfmanet.org\\\/es\\\/\",\"logo\":{\"@type\":\"ImageObject\",\"inLanguage\":\"pt-PT\",\"@id\":\"https:\\\/\\\/www.cgfmanet.org\\\/es\\\/#\\\/schema\\\/logo\\\/image\\\/\",\"url\":\"https:\\\/\\\/www.cgfmanet.org\\\/wp-content\\\/uploads\\\/2018\\\/10\\\/logo-fma.png\",\"contentUrl\":\"https:\\\/\\\/www.cgfmanet.org\\\/wp-content\\\/uploads\\\/2018\\\/10\\\/logo-fma.png\",\"width\":214,\"height\":55,\"caption\":\"Istituto Figlie di Maria Ausiliatrice\"},\"image\":{\"@id\":\"https:\\\/\\\/www.cgfmanet.org\\\/es\\\/#\\\/schema\\\/logo\\\/image\\\/\"},\"sameAs\":[\"https:\\\/\\\/www.facebook.com\\\/salesian.sisters.of.don.bosco\\\/\",\"https:\\\/\\\/x.com\\\/Cgfmanet_Org\",\"https:\\\/\\\/www.youtube.com\\\/channel\\\/UCmcr8yFQBV7JXeXVxyV9y5Q\"]},{\"@type\":\"Person\",\"@id\":\"https:\\\/\\\/www.cgfmanet.org\\\/es\\\/#\\\/schema\\\/person\\\/ce6473083f53ef0ef882cca23f0c8fb9\",\"name\":\"Redazione\"}]}<\/script>\n<!-- \/ Yoast SEO plugin. -->","yoast_head_json":{"title":"Um sino dedicado a Madre Mazzarello &#8226; Istituto Figlie di Maria Ausiliatrice","description":"Em 1\u00ba de abril de 2025, no 91\u00ba anivers\u00e1rio da Canoniza\u00e7\u00e3o de Dom Bosco, em Valdocco, Turim, inaugurou-se oficialmente a Pra\u00e7a Maria Auxiliadora, renovada com a b\u00ean\u00e7\u00e3o das Torres campan\u00e1rias restauradas.","robots":{"index":"index","follow":"follow","max-snippet":"max-snippet:-1","max-image-preview":"max-image-preview:large","max-video-preview":"max-video-preview:-1"},"canonical":"https:\/\/www.cgfmanet.org\/pt-pt\/infosfera-pt-pt\/um-sino-dedicado-a-madre-mazzarello\/","og_locale":"pt_PT","og_type":"article","og_title":"Um sino dedicado a Madre Mazzarello &#8226; Istituto Figlie di Maria Ausiliatrice","og_description":"Em 1\u00ba de abril de 2025, no 91\u00ba anivers\u00e1rio da Canoniza\u00e7\u00e3o de Dom Bosco, em Valdocco, Turim, inaugurou-se oficialmente a Pra\u00e7a Maria Auxiliadora, renovada com a b\u00ean\u00e7\u00e3o das Torres campan\u00e1rias restauradas.","og_url":"https:\/\/www.cgfmanet.org\/pt-pt\/infosfera-pt-pt\/um-sino-dedicado-a-madre-mazzarello\/","og_site_name":"Istituto Figlie di Maria Ausiliatrice","article_publisher":"https:\/\/www.facebook.com\/salesian.sisters.of.don.bosco\/","article_published_time":"2025-04-03T15:22:22+00:00","article_modified_time":"2025-04-05T20:37:45+00:00","og_image":[{"width":1182,"height":788,"url":"https:\/\/www.cgfmanet.org\/wp-content\/uploads\/2025\/04\/Inaugurazione-Piazza-Maria-Ausiliatrice_1aprile2025.jpg","type":"image\/jpeg"}],"author":"Redazione","twitter_card":"summary_large_image","twitter_creator":"@Cgfmanet_Org","twitter_site":"@Cgfmanet_Org","twitter_misc":{"Escrito por":"Redazione","Tempo estimado de leitura":"4 minutos"},"schema":{"@context":"https:\/\/schema.org","@graph":[{"@type":"Article","@id":"https:\/\/www.cgfmanet.org\/pt-pt\/infosfera-pt-pt\/um-sino-dedicado-a-madre-mazzarello\/#article","isPartOf":{"@id":"https:\/\/www.cgfmanet.org\/pt-pt\/infosfera-pt-pt\/um-sino-dedicado-a-madre-mazzarello\/"},"author":{"name":"Redazione","@id":"https:\/\/www.cgfmanet.org\/es\/#\/schema\/person\/ce6473083f53ef0ef882cca23f0c8fb9"},"headline":"Um sino dedicado a Madre Mazzarello","datePublished":"2025-04-03T15:22:22+00:00","dateModified":"2025-04-05T20:37:45+00:00","mainEntityOfPage":{"@id":"https:\/\/www.cgfmanet.org\/pt-pt\/infosfera-pt-pt\/um-sino-dedicado-a-madre-mazzarello\/"},"wordCount":684,"commentCount":1,"publisher":{"@id":"https:\/\/www.cgfmanet.org\/es\/#organization"},"image":{"@id":"https:\/\/www.cgfmanet.org\/pt-pt\/infosfera-pt-pt\/um-sino-dedicado-a-madre-mazzarello\/#primaryimage"},"thumbnailUrl":"https:\/\/www.cgfmanet.org\/wp-content\/uploads\/2025\/04\/Inaugurazione-Piazza-Maria-Ausiliatrice_1aprile2025.jpg","keywords":["Conselheira para a Forma\u00e7\u00e3o","Educa\u00e7\u00e3o","Fam\u00edlia Salesiana","Reitor Mor","Focus"],"articleSection":["Infosfera","Cidadania"],"inLanguage":"pt-PT","potentialAction":[{"@type":"CommentAction","name":"Comment","target":["https:\/\/www.cgfmanet.org\/pt-pt\/infosfera-pt-pt\/um-sino-dedicado-a-madre-mazzarello\/#respond"]}]},{"@type":"WebPage","@id":"https:\/\/www.cgfmanet.org\/pt-pt\/infosfera-pt-pt\/um-sino-dedicado-a-madre-mazzarello\/","url":"https:\/\/www.cgfmanet.org\/pt-pt\/infosfera-pt-pt\/um-sino-dedicado-a-madre-mazzarello\/","name":"Um sino dedicado a Madre Mazzarello &#8226; Istituto Figlie di Maria Ausiliatrice","isPartOf":{"@id":"https:\/\/www.cgfmanet.org\/es\/#website"},"primaryImageOfPage":{"@id":"https:\/\/www.cgfmanet.org\/pt-pt\/infosfera-pt-pt\/um-sino-dedicado-a-madre-mazzarello\/#primaryimage"},"image":{"@id":"https:\/\/www.cgfmanet.org\/pt-pt\/infosfera-pt-pt\/um-sino-dedicado-a-madre-mazzarello\/#primaryimage"},"thumbnailUrl":"https:\/\/www.cgfmanet.org\/wp-content\/uploads\/2025\/04\/Inaugurazione-Piazza-Maria-Ausiliatrice_1aprile2025.jpg","datePublished":"2025-04-03T15:22:22+00:00","dateModified":"2025-04-05T20:37:45+00:00","description":"Em 1\u00ba de abril de 2025, no 91\u00ba anivers\u00e1rio da Canoniza\u00e7\u00e3o de Dom Bosco, em Valdocco, Turim, inaugurou-se oficialmente a Pra\u00e7a Maria Auxiliadora, renovada com a b\u00ean\u00e7\u00e3o das Torres campan\u00e1rias restauradas.","breadcrumb":{"@id":"https:\/\/www.cgfmanet.org\/pt-pt\/infosfera-pt-pt\/um-sino-dedicado-a-madre-mazzarello\/#breadcrumb"},"inLanguage":"pt-PT","potentialAction":[{"@type":"ReadAction","target":["https:\/\/www.cgfmanet.org\/pt-pt\/infosfera-pt-pt\/um-sino-dedicado-a-madre-mazzarello\/"]}]},{"@type":"ImageObject","inLanguage":"pt-PT","@id":"https:\/\/www.cgfmanet.org\/pt-pt\/infosfera-pt-pt\/um-sino-dedicado-a-madre-mazzarello\/#primaryimage","url":"https:\/\/www.cgfmanet.org\/wp-content\/uploads\/2025\/04\/Inaugurazione-Piazza-Maria-Ausiliatrice_1aprile2025.jpg","contentUrl":"https:\/\/www.cgfmanet.org\/wp-content\/uploads\/2025\/04\/Inaugurazione-Piazza-Maria-Ausiliatrice_1aprile2025.jpg","width":1182,"height":788},{"@type":"BreadcrumbList","@id":"https:\/\/www.cgfmanet.org\/pt-pt\/infosfera-pt-pt\/um-sino-dedicado-a-madre-mazzarello\/#breadcrumb","itemListElement":[{"@type":"ListItem","position":1,"name":"Home","item":"https:\/\/www.cgfmanet.org\/pt-pt\/"},{"@type":"ListItem","position":2,"name":"Um sino dedicado a Madre Mazzarello"}]},{"@type":"WebSite","@id":"https:\/\/www.cgfmanet.org\/es\/#website","url":"https:\/\/www.cgfmanet.org\/es\/","name":"Istituto Figlie di Maria Ausiliatrice","description":"Salesiane di Don Bosco","publisher":{"@id":"https:\/\/www.cgfmanet.org\/es\/#organization"},"potentialAction":[{"@type":"SearchAction","target":{"@type":"EntryPoint","urlTemplate":"https:\/\/www.cgfmanet.org\/es\/?s={search_term_string}"},"query-input":{"@type":"PropertyValueSpecification","valueRequired":true,"valueName":"search_term_string"}}],"inLanguage":"pt-PT"},{"@type":"Organization","@id":"https:\/\/www.cgfmanet.org\/es\/#organization","name":"Istituto Figlie di Maria Ausiliatrice","url":"https:\/\/www.cgfmanet.org\/es\/","logo":{"@type":"ImageObject","inLanguage":"pt-PT","@id":"https:\/\/www.cgfmanet.org\/es\/#\/schema\/logo\/image\/","url":"https:\/\/www.cgfmanet.org\/wp-content\/uploads\/2018\/10\/logo-fma.png","contentUrl":"https:\/\/www.cgfmanet.org\/wp-content\/uploads\/2018\/10\/logo-fma.png","width":214,"height":55,"caption":"Istituto Figlie di Maria Ausiliatrice"},"image":{"@id":"https:\/\/www.cgfmanet.org\/es\/#\/schema\/logo\/image\/"},"sameAs":["https:\/\/www.facebook.com\/salesian.sisters.of.don.bosco\/","https:\/\/x.com\/Cgfmanet_Org","https:\/\/www.youtube.com\/channel\/UCmcr8yFQBV7JXeXVxyV9y5Q"]},{"@type":"Person","@id":"https:\/\/www.cgfmanet.org\/es\/#\/schema\/person\/ce6473083f53ef0ef882cca23f0c8fb9","name":"Redazione"}]}},"_links":{"self":[{"href":"https:\/\/www.cgfmanet.org\/pt-pt\/wp-json\/wp\/v2\/posts\/131654","targetHints":{"allow":["GET"]}}],"collection":[{"href":"https:\/\/www.cgfmanet.org\/pt-pt\/wp-json\/wp\/v2\/posts"}],"about":[{"href":"https:\/\/www.cgfmanet.org\/pt-pt\/wp-json\/wp\/v2\/types\/post"}],"author":[{"embeddable":true,"href":"https:\/\/www.cgfmanet.org\/pt-pt\/wp-json\/wp\/v2\/users\/21"}],"replies":[{"embeddable":true,"href":"https:\/\/www.cgfmanet.org\/pt-pt\/wp-json\/wp\/v2\/comments?post=131654"}],"version-history":[{"count":1,"href":"https:\/\/www.cgfmanet.org\/pt-pt\/wp-json\/wp\/v2\/posts\/131654\/revisions"}],"predecessor-version":[{"id":131728,"href":"https:\/\/www.cgfmanet.org\/pt-pt\/wp-json\/wp\/v2\/posts\/131654\/revisions\/131728"}],"wp:featuredmedia":[{"embeddable":true,"href":"https:\/\/www.cgfmanet.org\/pt-pt\/wp-json\/wp\/v2\/media\/131634"}],"wp:attachment":[{"href":"https:\/\/www.cgfmanet.org\/pt-pt\/wp-json\/wp\/v2\/media?parent=131654"}],"wp:term":[{"taxonomy":"category","embeddable":true,"href":"https:\/\/www.cgfmanet.org\/pt-pt\/wp-json\/wp\/v2\/categories?post=131654"},{"taxonomy":"post_tag","embeddable":true,"href":"https:\/\/www.cgfmanet.org\/pt-pt\/wp-json\/wp\/v2\/tags?post=131654"}],"curies":[{"name":"wp","href":"https:\/\/api.w.org\/{rel}","templated":true}]}}