{"id":130630,"date":"2025-03-20T12:25:55","date_gmt":"2025-03-20T11:25:55","guid":{"rendered":"https:\/\/www.cgfmanet.org\/infosfera-pt-pt\/il-santuario-di-nizza-nelle-giornate-fai-di-primavera\/"},"modified":"2025-03-22T22:31:18","modified_gmt":"2025-03-22T21:31:18","slug":"o-santuario-de-nizza-nas-jornadas-fai-de-primavera","status":"publish","type":"post","link":"https:\/\/www.cgfmanet.org\/pt-pt\/infosfera-pt-pt\/o-santuario-de-nizza-nas-jornadas-fai-de-primavera\/","title":{"rendered":"O Santu\u00e1rio de Nizza nas Jornadas FAI de Primavera"},"content":{"rendered":"<p><strong>Nizza Monferrato (It\u00e1lia).<\/strong> Nos dias 22 e 23 de mar\u00e7o, em toda a It\u00e1lia, o FAI-Fundo para o Ambiente Italiano (ETS) organiza as <strong>Jornadas FAI de Primavera<\/strong>, evento dedicado ao patrim\u00f4nio cultural e paisag\u00edstico celebrado com a abertura de 750 lugares especiais, de norte a sul da Pen\u00ednsula, muitos dos quais s\u00e3o inusitados e normalmente inacess\u00edveis, ou pouco conhecidos e valorizados, que podem ser acessados \u200b\u200bcom visitas mediante uma contribui\u00e7\u00e3o livre para apoiar atividades da Funda\u00e7\u00e3o.<\/p>\n<p>Abrindo as portas para revelar as suas hist\u00f3rias in\u00e9ditas e, surpreendentes, ser\u00e3o Pal\u00e1cios, vilas, castelos, teatros, lugares da educa\u00e7\u00e3o, igrejas e cole\u00e7\u00f5es de arte, exemplos de arqueologia industrial e sites produtivos, mas tamb\u00e9m oficinas artesanais, far\u00f3is, estaleiros a que se acrescentar\u00e3o itiner\u00e1rios em vilas hist\u00f3ricas, percursos em \u00e1reas naturais, jardins bot\u00e2nicos, parques urbanos e visitas especiais sobre o tema da sustentabilidade. Algumas propostas ser\u00e3o reservadas exclusivamente aos inscritos do FAI e a quem se inscrever\u00e1 durante o evento.<\/p>\n<p><strong>O complexo do Instituto &#8220;Nossa Senhora das Gra\u00e7as&#8221; de Nizza Monferrato (AL)<\/strong>, das Filhas de Maria Auxiliadora da Inspetoria <em>Maria Auxiliadora<\/em> (IPI), adere \u00e0 iniciativa, abrindo as portas aos visitantes e peregrinos do Jubileu.<\/p>\n<p>As origens da estrutura parecem remontar a um lugar de culto mariano do s\u00e9culo XIII: uma pequena igreja rural, &#8220;Santa Maria di Lintignano&#8221;. Querida ao munic\u00edpio, n\u00e3o apenas a Igreja, mas toda a estrutura, ainda hoje \u00e9 chamada &#8220;a Nossa Senhora&#8221;.<\/p>\n<p>Antes da aquisi\u00e7\u00e3o por Dom Jo\u00e3o Bosco em 1877, a\u00ed se alternaram tr\u00eas fam\u00edlias franciscanas: os Menores Amadeitas, os Menores Observantes e, por fim, os frades Capuchinhos. <strong>Em 1879 torna-se a Casa-M\u00e3e das Filhas de Maria Auxiliadora.<\/strong><\/p>\n<p><strong>O Santu\u00e1rio mariano<\/strong>, muito amado pelos cidad\u00e3os de Nizza e pela Fam\u00edlia Salesiana, sempre foi um lugar de peregrina\u00e7\u00f5es, ora\u00e7\u00f5es, fen\u00f4menos m\u00edsticos e milagres. Reformado e ampliado v\u00e1rias vezes, hoje cont\u00e9m pinturas de Piero Dalle Ceste e pintores locais, uma est\u00e1tua da Auxiliadora doada por Dom Bosco e um \u00f3rg\u00e3o de 1900 de Carlo Bossi, em 1978 ampliado e eletrificado, chegando aos atuais 2.000 tubos. Em 31 de janeiro de 2025, na Solenidade de S\u00e3o Jo\u00e3o Bosco, o Bispo da Diocese de Acqui, Dom Luigi Testore, inaugurou o Jubileu da Esperan\u00e7a no Santu\u00e1rio de <em>Nossa Senhora das Gra\u00e7as<\/em>, designado por decreto pela C\u00faria Episcopal, em 8 de dezembro de 2024, como <span style=\"color: #0000ff;\"><strong><a style=\"color: #0000ff;\" href=\"https:\/\/www.cgfmanet.org\/pt-pt\/infosfera-pt-pt\/inauguracao-do-ano-jubilar-santuario-de-nizza\/\" target=\"_blank\" rel=\"noopener\">Igreja Jubilar<\/a><\/strong><\/span>.<\/p>\n<p><strong>O quarto de Madre Mazzarello \u00e9 o cora\u00e7\u00e3o pulsante da estrutura.<\/strong> \u00c9 o quarto onde a Santa viveu os \u00faltimos anos da sua vida: de 3 de fevereiro de 1879 a 14 de maio de 1881. Foram anos intensos para a hist\u00f3ria do Instituto: anos de expans\u00e3o com a partida das primeiras Irm\u00e3s para a Am\u00e9rica Latina em 1877, anos de consolida\u00e7\u00e3o, com a abertura de novas obras.<\/p>\n<p><strong>Somente para inscritos do Fai ser\u00e1 poss\u00edvel visitar a Igreja do Sagrado Cora\u00e7\u00e3o e a Sala da Mem\u00f3ria.<\/strong><\/p>\n<p><strong>A Igreja do Sagrado Cora\u00e7\u00e3o<\/strong> foi querida por Madre Elisa Roncallo, Conselheira geral das Filhas de Maria Auxiliadora, para meninas externas (alunas, ex-alunas e oratorianas). Na d\u00e9cada de 1990, foi reformada para construir salas de aula no andar superior, enquanto o andar inferior permaneceu como um lugar de ora\u00e7\u00e3o e mem\u00f3ria.<\/p>\n<p><strong>A Sala da Mem\u00f3ria<\/strong> conserva objetos que recordam a presen\u00e7a das FMA em Nizza Monferrato: trabalhos manuais, lembran\u00e7as, objetos do mundo salesiano, rel\u00edquias, etc. O observat\u00f3rio meteorol\u00f3gico, querido em 1891 pelo salesiano Pe. C. Bretto, como complemento \u00e0s alunas das escolas secund\u00e1rias, era equipado com instrumentos de \u00faltima gera\u00e7\u00e3o; ativo at\u00e9 as d\u00e9cadas de 1960 e 1970, enviava os dados a Turim e a Roma ao Escrit\u00f3rio Central de Meteorologia e Geof\u00edsica.<\/p>\n<p><strong>Por ocasi\u00e3o do Jubileu, o Santu\u00e1rio adere tamb\u00e9m \u00e0 iniciativa<\/strong>\u00a0<strong><em><span style=\"color: #0000ff;\"><a style=\"color: #0000ff;\" href=\"https:\/\/www.cgfmanet.org\/pt-pt\/infosfera-pt-pt\/santuario-de-nizza-igreja-jubilar-e-lugares-do-coracao\/\" target=\"_blank\" rel=\"noopener\">I <\/a><\/span><\/em><span style=\"color: #0000ff;\"><a style=\"color: #0000ff;\" href=\"https:\/\/www.cgfmanet.org\/pt-pt\/infosfera-pt-pt\/santuario-de-nizza-igreja-jubilar-e-lugares-do-coracao\/\"><em>Luoghi del Cuore<\/em><\/a><\/span><\/strong> em colabora\u00e7\u00e3o com o Intesa Sanpaolo. O edital prev\u00ea uma s\u00e9rie de contribui\u00e7\u00f5es para a execu\u00e7\u00e3o de projetos de restaura\u00e7\u00e3o e valoriza\u00e7\u00e3o do Santu\u00e1rio. <strong>Ainda \u00e9 poss\u00edvel votar <em>online<\/em> atrav\u00e9s do<\/strong><span style=\"color: #0000ff;\"><strong><a style=\"color: #0000ff;\" href=\"https:\/\/fondoambiente.it\/luoghi\/nostra-signora-delle-grazie?ldc\" target=\"_blank\" rel=\"noopener\"> site do FAI<\/a><\/strong><\/span>.<\/p>\n<p><strong>Basta um simples clique para apoiar este Santu\u00e1rio, rico em hist\u00f3ria e espiritualidade<\/strong>, como explica a Diretora, Irm\u00e3 Piera Cavagli\u00e0, ex-Secret\u00e1ria Geral do Instituto das FMA, neste v\u00eddeo:<\/p>\n<div class=\"youtube-embed\" data-video_id=\"1BVGKSv4VgI\"><iframe title=\"ITA sr Piera Cavagli\u00e0: Il santuario di Nizza M. &quot;Luogo del Cuore&quot;\" width=\"696\" height=\"392\" data-src=\"https:\/\/www.youtube.com\/embed\/1BVGKSv4VgI?feature=oembed&#038;enablejsapi=1\" frameborder=\"0\" allow=\"accelerometer; autoplay; clipboard-write; encrypted-media; gyroscope; picture-in-picture; web-share\" referrerpolicy=\"strict-origin-when-cross-origin\" allowfullscreen src=\"data:image\/svg+xml;base64,PHN2ZyB3aWR0aD0iMSIgaGVpZ2h0PSIxIiB4bWxucz0iaHR0cDovL3d3dy53My5vcmcvMjAwMC9zdmciPjwvc3ZnPg==\" class=\"lazyload\" data-load-mode=\"1\"><\/iframe><\/div>\n","protected":false},"excerpt":{"rendered":"<p>Nizza Monferrato (It\u00e1lia). Nos dias 22 e 23 de mar\u00e7o, em toda a It\u00e1lia, o FAI-Fundo para o Ambiente Italiano (ETS) organiza as Jornadas FAI de Primavera, evento dedicado ao [&hellip;]<\/p>\n","protected":false},"author":21,"featured_media":130625,"comment_status":"open","ping_status":"closed","sticky":false,"template":"","format":"standard","meta":{"footnotes":""},"categories":[38,193],"tags":[1224,1665,1666,1930,2451],"class_list":["post-130630","post","type-post","status-publish","format-standard","has-post-thumbnail","category-infosfera-pt-pt","category-cidadania","tag-ipi-pt-pt","tag-spiritualita-salesiana-pt-pt","tag-carisma-salesiano-pt-pt","tag-focus-pt-pt","tag-jubileu-2025"],"yoast_head":"<!-- This site is optimized with the Yoast SEO plugin v27.4 - https:\/\/yoast.com\/product\/yoast-seo-wordpress\/ -->\n<title>O Santu\u00e1rio de Nizza nas Jornadas FAI de Primavera &#8226; Istituto Figlie di Maria Ausiliatrice<\/title>\n<meta name=\"description\" content=\"O Santu\u00e1rio Nossa Senhora das Gra\u00e7as das FMA de Nizza Monferrato \u00e9 um dos lugares italianos que podem ser visitados nos dias 22 e 23 de mar\u00e7o de 2025, no \u00e2mbito das Jornadas FAI de Primavera.\" \/>\n<meta name=\"robots\" content=\"index, follow, max-snippet:-1, max-image-preview:large, max-video-preview:-1\" \/>\n<link rel=\"canonical\" href=\"https:\/\/www.cgfmanet.org\/pt-pt\/infosfera-pt-pt\/o-santuario-de-nizza-nas-jornadas-fai-de-primavera\/\" \/>\n<meta property=\"og:locale\" content=\"pt_PT\" \/>\n<meta property=\"og:type\" content=\"article\" \/>\n<meta property=\"og:title\" content=\"O Santu\u00e1rio de Nizza nas Jornadas FAI de Primavera &#8226; Istituto Figlie di Maria Ausiliatrice\" \/>\n<meta property=\"og:description\" content=\"O Santu\u00e1rio Nossa Senhora das Gra\u00e7as das FMA de Nizza Monferrato \u00e9 um dos lugares italianos que podem ser visitados nos dias 22 e 23 de mar\u00e7o de 2025, no \u00e2mbito das Jornadas FAI de Primavera.\" \/>\n<meta property=\"og:url\" content=\"https:\/\/www.cgfmanet.org\/pt-pt\/infosfera-pt-pt\/o-santuario-de-nizza-nas-jornadas-fai-de-primavera\/\" \/>\n<meta property=\"og:site_name\" content=\"Istituto Figlie di Maria Ausiliatrice\" \/>\n<meta property=\"article:publisher\" content=\"https:\/\/www.facebook.com\/salesian.sisters.of.don.bosco\/\" \/>\n<meta property=\"article:published_time\" content=\"2025-03-20T11:25:55+00:00\" \/>\n<meta property=\"article:modified_time\" content=\"2025-03-22T21:31:18+00:00\" \/>\n<meta property=\"og:image\" content=\"https:\/\/www.cgfmanet.org\/wp-content\/uploads\/2025\/03\/Santuario-Nizza_FAI.jpg\" \/>\n\t<meta property=\"og:image:width\" content=\"1200\" \/>\n\t<meta property=\"og:image:height\" content=\"800\" \/>\n\t<meta property=\"og:image:type\" content=\"image\/jpeg\" \/>\n<meta name=\"author\" content=\"Redazione\" \/>\n<meta name=\"twitter:card\" content=\"summary_large_image\" \/>\n<meta name=\"twitter:creator\" content=\"@Cgfmanet_Org\" \/>\n<meta name=\"twitter:site\" content=\"@Cgfmanet_Org\" \/>\n<meta name=\"twitter:label1\" content=\"Escrito por\" \/>\n\t<meta name=\"twitter:data1\" content=\"Redazione\" \/>\n\t<meta name=\"twitter:label2\" content=\"Tempo estimado de leitura\" \/>\n\t<meta name=\"twitter:data2\" content=\"4 minutos\" \/>\n<script type=\"application\/ld+json\" class=\"yoast-schema-graph\">{\"@context\":\"https:\\\/\\\/schema.org\",\"@graph\":[{\"@type\":\"Article\",\"@id\":\"https:\\\/\\\/www.cgfmanet.org\\\/pt-pt\\\/infosfera-pt-pt\\\/o-santuario-de-nizza-nas-jornadas-fai-de-primavera\\\/#article\",\"isPartOf\":{\"@id\":\"https:\\\/\\\/www.cgfmanet.org\\\/pt-pt\\\/infosfera-pt-pt\\\/o-santuario-de-nizza-nas-jornadas-fai-de-primavera\\\/\"},\"author\":{\"name\":\"Redazione\",\"@id\":\"https:\\\/\\\/www.cgfmanet.org\\\/es\\\/#\\\/schema\\\/person\\\/ce6473083f53ef0ef882cca23f0c8fb9\"},\"headline\":\"O Santu\u00e1rio de Nizza nas Jornadas FAI de Primavera\",\"datePublished\":\"2025-03-20T11:25:55+00:00\",\"dateModified\":\"2025-03-22T21:31:18+00:00\",\"mainEntityOfPage\":{\"@id\":\"https:\\\/\\\/www.cgfmanet.org\\\/pt-pt\\\/infosfera-pt-pt\\\/o-santuario-de-nizza-nas-jornadas-fai-de-primavera\\\/\"},\"wordCount\":744,\"commentCount\":0,\"publisher\":{\"@id\":\"https:\\\/\\\/www.cgfmanet.org\\\/es\\\/#organization\"},\"image\":{\"@id\":\"https:\\\/\\\/www.cgfmanet.org\\\/pt-pt\\\/infosfera-pt-pt\\\/o-santuario-de-nizza-nas-jornadas-fai-de-primavera\\\/#primaryimage\"},\"thumbnailUrl\":\"https:\\\/\\\/www.cgfmanet.org\\\/wp-content\\\/uploads\\\/2025\\\/03\\\/Santuario-Nizza_FAI.jpg\",\"keywords\":[\"IPI\",\"Spiritualit\u00e0 Salesiana\",\"Carisma salesiano\",\"Focus\",\"Jubileu 2025\"],\"articleSection\":[\"Infosfera\",\"Cidadania\"],\"inLanguage\":\"pt-PT\",\"potentialAction\":[{\"@type\":\"CommentAction\",\"name\":\"Comment\",\"target\":[\"https:\\\/\\\/www.cgfmanet.org\\\/pt-pt\\\/infosfera-pt-pt\\\/o-santuario-de-nizza-nas-jornadas-fai-de-primavera\\\/#respond\"]}]},{\"@type\":\"WebPage\",\"@id\":\"https:\\\/\\\/www.cgfmanet.org\\\/pt-pt\\\/infosfera-pt-pt\\\/o-santuario-de-nizza-nas-jornadas-fai-de-primavera\\\/\",\"url\":\"https:\\\/\\\/www.cgfmanet.org\\\/pt-pt\\\/infosfera-pt-pt\\\/o-santuario-de-nizza-nas-jornadas-fai-de-primavera\\\/\",\"name\":\"O Santu\u00e1rio de Nizza nas Jornadas FAI de Primavera &#8226; Istituto Figlie di Maria Ausiliatrice\",\"isPartOf\":{\"@id\":\"https:\\\/\\\/www.cgfmanet.org\\\/es\\\/#website\"},\"primaryImageOfPage\":{\"@id\":\"https:\\\/\\\/www.cgfmanet.org\\\/pt-pt\\\/infosfera-pt-pt\\\/o-santuario-de-nizza-nas-jornadas-fai-de-primavera\\\/#primaryimage\"},\"image\":{\"@id\":\"https:\\\/\\\/www.cgfmanet.org\\\/pt-pt\\\/infosfera-pt-pt\\\/o-santuario-de-nizza-nas-jornadas-fai-de-primavera\\\/#primaryimage\"},\"thumbnailUrl\":\"https:\\\/\\\/www.cgfmanet.org\\\/wp-content\\\/uploads\\\/2025\\\/03\\\/Santuario-Nizza_FAI.jpg\",\"datePublished\":\"2025-03-20T11:25:55+00:00\",\"dateModified\":\"2025-03-22T21:31:18+00:00\",\"description\":\"O Santu\u00e1rio Nossa Senhora das Gra\u00e7as das FMA de Nizza Monferrato \u00e9 um dos lugares italianos que podem ser visitados nos dias 22 e 23 de mar\u00e7o de 2025, no \u00e2mbito das Jornadas FAI de Primavera.\",\"breadcrumb\":{\"@id\":\"https:\\\/\\\/www.cgfmanet.org\\\/pt-pt\\\/infosfera-pt-pt\\\/o-santuario-de-nizza-nas-jornadas-fai-de-primavera\\\/#breadcrumb\"},\"inLanguage\":\"pt-PT\",\"potentialAction\":[{\"@type\":\"ReadAction\",\"target\":[\"https:\\\/\\\/www.cgfmanet.org\\\/pt-pt\\\/infosfera-pt-pt\\\/o-santuario-de-nizza-nas-jornadas-fai-de-primavera\\\/\"]}]},{\"@type\":\"ImageObject\",\"inLanguage\":\"pt-PT\",\"@id\":\"https:\\\/\\\/www.cgfmanet.org\\\/pt-pt\\\/infosfera-pt-pt\\\/o-santuario-de-nizza-nas-jornadas-fai-de-primavera\\\/#primaryimage\",\"url\":\"https:\\\/\\\/www.cgfmanet.org\\\/wp-content\\\/uploads\\\/2025\\\/03\\\/Santuario-Nizza_FAI.jpg\",\"contentUrl\":\"https:\\\/\\\/www.cgfmanet.org\\\/wp-content\\\/uploads\\\/2025\\\/03\\\/Santuario-Nizza_FAI.jpg\",\"width\":1200,\"height\":800},{\"@type\":\"BreadcrumbList\",\"@id\":\"https:\\\/\\\/www.cgfmanet.org\\\/pt-pt\\\/infosfera-pt-pt\\\/o-santuario-de-nizza-nas-jornadas-fai-de-primavera\\\/#breadcrumb\",\"itemListElement\":[{\"@type\":\"ListItem\",\"position\":1,\"name\":\"Home\",\"item\":\"https:\\\/\\\/www.cgfmanet.org\\\/pt-pt\\\/\"},{\"@type\":\"ListItem\",\"position\":2,\"name\":\"O Santu\u00e1rio de Nizza nas Jornadas FAI de Primavera\"}]},{\"@type\":\"WebSite\",\"@id\":\"https:\\\/\\\/www.cgfmanet.org\\\/es\\\/#website\",\"url\":\"https:\\\/\\\/www.cgfmanet.org\\\/es\\\/\",\"name\":\"Istituto Figlie di Maria Ausiliatrice\",\"description\":\"Salesiane di Don Bosco\",\"publisher\":{\"@id\":\"https:\\\/\\\/www.cgfmanet.org\\\/es\\\/#organization\"},\"potentialAction\":[{\"@type\":\"SearchAction\",\"target\":{\"@type\":\"EntryPoint\",\"urlTemplate\":\"https:\\\/\\\/www.cgfmanet.org\\\/es\\\/?s={search_term_string}\"},\"query-input\":{\"@type\":\"PropertyValueSpecification\",\"valueRequired\":true,\"valueName\":\"search_term_string\"}}],\"inLanguage\":\"pt-PT\"},{\"@type\":\"Organization\",\"@id\":\"https:\\\/\\\/www.cgfmanet.org\\\/es\\\/#organization\",\"name\":\"Istituto Figlie di Maria Ausiliatrice\",\"url\":\"https:\\\/\\\/www.cgfmanet.org\\\/es\\\/\",\"logo\":{\"@type\":\"ImageObject\",\"inLanguage\":\"pt-PT\",\"@id\":\"https:\\\/\\\/www.cgfmanet.org\\\/es\\\/#\\\/schema\\\/logo\\\/image\\\/\",\"url\":\"https:\\\/\\\/www.cgfmanet.org\\\/wp-content\\\/uploads\\\/2018\\\/10\\\/logo-fma.png\",\"contentUrl\":\"https:\\\/\\\/www.cgfmanet.org\\\/wp-content\\\/uploads\\\/2018\\\/10\\\/logo-fma.png\",\"width\":214,\"height\":55,\"caption\":\"Istituto Figlie di Maria Ausiliatrice\"},\"image\":{\"@id\":\"https:\\\/\\\/www.cgfmanet.org\\\/es\\\/#\\\/schema\\\/logo\\\/image\\\/\"},\"sameAs\":[\"https:\\\/\\\/www.facebook.com\\\/salesian.sisters.of.don.bosco\\\/\",\"https:\\\/\\\/x.com\\\/Cgfmanet_Org\",\"https:\\\/\\\/www.youtube.com\\\/channel\\\/UCmcr8yFQBV7JXeXVxyV9y5Q\"]},{\"@type\":\"Person\",\"@id\":\"https:\\\/\\\/www.cgfmanet.org\\\/es\\\/#\\\/schema\\\/person\\\/ce6473083f53ef0ef882cca23f0c8fb9\",\"name\":\"Redazione\"}]}<\/script>\n<!-- \/ Yoast SEO plugin. -->","yoast_head_json":{"title":"O Santu\u00e1rio de Nizza nas Jornadas FAI de Primavera &#8226; Istituto Figlie di Maria Ausiliatrice","description":"O Santu\u00e1rio Nossa Senhora das Gra\u00e7as das FMA de Nizza Monferrato \u00e9 um dos lugares italianos que podem ser visitados nos dias 22 e 23 de mar\u00e7o de 2025, no \u00e2mbito das Jornadas FAI de Primavera.","robots":{"index":"index","follow":"follow","max-snippet":"max-snippet:-1","max-image-preview":"max-image-preview:large","max-video-preview":"max-video-preview:-1"},"canonical":"https:\/\/www.cgfmanet.org\/pt-pt\/infosfera-pt-pt\/o-santuario-de-nizza-nas-jornadas-fai-de-primavera\/","og_locale":"pt_PT","og_type":"article","og_title":"O Santu\u00e1rio de Nizza nas Jornadas FAI de Primavera &#8226; Istituto Figlie di Maria Ausiliatrice","og_description":"O Santu\u00e1rio Nossa Senhora das Gra\u00e7as das FMA de Nizza Monferrato \u00e9 um dos lugares italianos que podem ser visitados nos dias 22 e 23 de mar\u00e7o de 2025, no \u00e2mbito das Jornadas FAI de Primavera.","og_url":"https:\/\/www.cgfmanet.org\/pt-pt\/infosfera-pt-pt\/o-santuario-de-nizza-nas-jornadas-fai-de-primavera\/","og_site_name":"Istituto Figlie di Maria Ausiliatrice","article_publisher":"https:\/\/www.facebook.com\/salesian.sisters.of.don.bosco\/","article_published_time":"2025-03-20T11:25:55+00:00","article_modified_time":"2025-03-22T21:31:18+00:00","og_image":[{"width":1200,"height":800,"url":"https:\/\/www.cgfmanet.org\/wp-content\/uploads\/2025\/03\/Santuario-Nizza_FAI.jpg","type":"image\/jpeg"}],"author":"Redazione","twitter_card":"summary_large_image","twitter_creator":"@Cgfmanet_Org","twitter_site":"@Cgfmanet_Org","twitter_misc":{"Escrito por":"Redazione","Tempo estimado de leitura":"4 minutos"},"schema":{"@context":"https:\/\/schema.org","@graph":[{"@type":"Article","@id":"https:\/\/www.cgfmanet.org\/pt-pt\/infosfera-pt-pt\/o-santuario-de-nizza-nas-jornadas-fai-de-primavera\/#article","isPartOf":{"@id":"https:\/\/www.cgfmanet.org\/pt-pt\/infosfera-pt-pt\/o-santuario-de-nizza-nas-jornadas-fai-de-primavera\/"},"author":{"name":"Redazione","@id":"https:\/\/www.cgfmanet.org\/es\/#\/schema\/person\/ce6473083f53ef0ef882cca23f0c8fb9"},"headline":"O Santu\u00e1rio de Nizza nas Jornadas FAI de Primavera","datePublished":"2025-03-20T11:25:55+00:00","dateModified":"2025-03-22T21:31:18+00:00","mainEntityOfPage":{"@id":"https:\/\/www.cgfmanet.org\/pt-pt\/infosfera-pt-pt\/o-santuario-de-nizza-nas-jornadas-fai-de-primavera\/"},"wordCount":744,"commentCount":0,"publisher":{"@id":"https:\/\/www.cgfmanet.org\/es\/#organization"},"image":{"@id":"https:\/\/www.cgfmanet.org\/pt-pt\/infosfera-pt-pt\/o-santuario-de-nizza-nas-jornadas-fai-de-primavera\/#primaryimage"},"thumbnailUrl":"https:\/\/www.cgfmanet.org\/wp-content\/uploads\/2025\/03\/Santuario-Nizza_FAI.jpg","keywords":["IPI","Spiritualit\u00e0 Salesiana","Carisma salesiano","Focus","Jubileu 2025"],"articleSection":["Infosfera","Cidadania"],"inLanguage":"pt-PT","potentialAction":[{"@type":"CommentAction","name":"Comment","target":["https:\/\/www.cgfmanet.org\/pt-pt\/infosfera-pt-pt\/o-santuario-de-nizza-nas-jornadas-fai-de-primavera\/#respond"]}]},{"@type":"WebPage","@id":"https:\/\/www.cgfmanet.org\/pt-pt\/infosfera-pt-pt\/o-santuario-de-nizza-nas-jornadas-fai-de-primavera\/","url":"https:\/\/www.cgfmanet.org\/pt-pt\/infosfera-pt-pt\/o-santuario-de-nizza-nas-jornadas-fai-de-primavera\/","name":"O Santu\u00e1rio de Nizza nas Jornadas FAI de Primavera &#8226; Istituto Figlie di Maria Ausiliatrice","isPartOf":{"@id":"https:\/\/www.cgfmanet.org\/es\/#website"},"primaryImageOfPage":{"@id":"https:\/\/www.cgfmanet.org\/pt-pt\/infosfera-pt-pt\/o-santuario-de-nizza-nas-jornadas-fai-de-primavera\/#primaryimage"},"image":{"@id":"https:\/\/www.cgfmanet.org\/pt-pt\/infosfera-pt-pt\/o-santuario-de-nizza-nas-jornadas-fai-de-primavera\/#primaryimage"},"thumbnailUrl":"https:\/\/www.cgfmanet.org\/wp-content\/uploads\/2025\/03\/Santuario-Nizza_FAI.jpg","datePublished":"2025-03-20T11:25:55+00:00","dateModified":"2025-03-22T21:31:18+00:00","description":"O Santu\u00e1rio Nossa Senhora das Gra\u00e7as das FMA de Nizza Monferrato \u00e9 um dos lugares italianos que podem ser visitados nos dias 22 e 23 de mar\u00e7o de 2025, no \u00e2mbito das Jornadas FAI de Primavera.","breadcrumb":{"@id":"https:\/\/www.cgfmanet.org\/pt-pt\/infosfera-pt-pt\/o-santuario-de-nizza-nas-jornadas-fai-de-primavera\/#breadcrumb"},"inLanguage":"pt-PT","potentialAction":[{"@type":"ReadAction","target":["https:\/\/www.cgfmanet.org\/pt-pt\/infosfera-pt-pt\/o-santuario-de-nizza-nas-jornadas-fai-de-primavera\/"]}]},{"@type":"ImageObject","inLanguage":"pt-PT","@id":"https:\/\/www.cgfmanet.org\/pt-pt\/infosfera-pt-pt\/o-santuario-de-nizza-nas-jornadas-fai-de-primavera\/#primaryimage","url":"https:\/\/www.cgfmanet.org\/wp-content\/uploads\/2025\/03\/Santuario-Nizza_FAI.jpg","contentUrl":"https:\/\/www.cgfmanet.org\/wp-content\/uploads\/2025\/03\/Santuario-Nizza_FAI.jpg","width":1200,"height":800},{"@type":"BreadcrumbList","@id":"https:\/\/www.cgfmanet.org\/pt-pt\/infosfera-pt-pt\/o-santuario-de-nizza-nas-jornadas-fai-de-primavera\/#breadcrumb","itemListElement":[{"@type":"ListItem","position":1,"name":"Home","item":"https:\/\/www.cgfmanet.org\/pt-pt\/"},{"@type":"ListItem","position":2,"name":"O Santu\u00e1rio de Nizza nas Jornadas FAI de Primavera"}]},{"@type":"WebSite","@id":"https:\/\/www.cgfmanet.org\/es\/#website","url":"https:\/\/www.cgfmanet.org\/es\/","name":"Istituto Figlie di Maria Ausiliatrice","description":"Salesiane di Don Bosco","publisher":{"@id":"https:\/\/www.cgfmanet.org\/es\/#organization"},"potentialAction":[{"@type":"SearchAction","target":{"@type":"EntryPoint","urlTemplate":"https:\/\/www.cgfmanet.org\/es\/?s={search_term_string}"},"query-input":{"@type":"PropertyValueSpecification","valueRequired":true,"valueName":"search_term_string"}}],"inLanguage":"pt-PT"},{"@type":"Organization","@id":"https:\/\/www.cgfmanet.org\/es\/#organization","name":"Istituto Figlie di Maria Ausiliatrice","url":"https:\/\/www.cgfmanet.org\/es\/","logo":{"@type":"ImageObject","inLanguage":"pt-PT","@id":"https:\/\/www.cgfmanet.org\/es\/#\/schema\/logo\/image\/","url":"https:\/\/www.cgfmanet.org\/wp-content\/uploads\/2018\/10\/logo-fma.png","contentUrl":"https:\/\/www.cgfmanet.org\/wp-content\/uploads\/2018\/10\/logo-fma.png","width":214,"height":55,"caption":"Istituto Figlie di Maria Ausiliatrice"},"image":{"@id":"https:\/\/www.cgfmanet.org\/es\/#\/schema\/logo\/image\/"},"sameAs":["https:\/\/www.facebook.com\/salesian.sisters.of.don.bosco\/","https:\/\/x.com\/Cgfmanet_Org","https:\/\/www.youtube.com\/channel\/UCmcr8yFQBV7JXeXVxyV9y5Q"]},{"@type":"Person","@id":"https:\/\/www.cgfmanet.org\/es\/#\/schema\/person\/ce6473083f53ef0ef882cca23f0c8fb9","name":"Redazione"}]}},"_links":{"self":[{"href":"https:\/\/www.cgfmanet.org\/pt-pt\/wp-json\/wp\/v2\/posts\/130630","targetHints":{"allow":["GET"]}}],"collection":[{"href":"https:\/\/www.cgfmanet.org\/pt-pt\/wp-json\/wp\/v2\/posts"}],"about":[{"href":"https:\/\/www.cgfmanet.org\/pt-pt\/wp-json\/wp\/v2\/types\/post"}],"author":[{"embeddable":true,"href":"https:\/\/www.cgfmanet.org\/pt-pt\/wp-json\/wp\/v2\/users\/21"}],"replies":[{"embeddable":true,"href":"https:\/\/www.cgfmanet.org\/pt-pt\/wp-json\/wp\/v2\/comments?post=130630"}],"version-history":[{"count":3,"href":"https:\/\/www.cgfmanet.org\/pt-pt\/wp-json\/wp\/v2\/posts\/130630\/revisions"}],"predecessor-version":[{"id":130740,"href":"https:\/\/www.cgfmanet.org\/pt-pt\/wp-json\/wp\/v2\/posts\/130630\/revisions\/130740"}],"wp:featuredmedia":[{"embeddable":true,"href":"https:\/\/www.cgfmanet.org\/pt-pt\/wp-json\/wp\/v2\/media\/130625"}],"wp:attachment":[{"href":"https:\/\/www.cgfmanet.org\/pt-pt\/wp-json\/wp\/v2\/media?parent=130630"}],"wp:term":[{"taxonomy":"category","embeddable":true,"href":"https:\/\/www.cgfmanet.org\/pt-pt\/wp-json\/wp\/v2\/categories?post=130630"},{"taxonomy":"post_tag","embeddable":true,"href":"https:\/\/www.cgfmanet.org\/pt-pt\/wp-json\/wp\/v2\/tags?post=130630"}],"curies":[{"name":"wp","href":"https:\/\/api.w.org\/{rel}","templated":true}]}}