{"id":123909,"date":"2024-11-25T13:22:54","date_gmt":"2024-11-25T12:22:54","guid":{"rendered":"https:\/\/www.cgfmanet.org\/infosfera-pt-pt\/suor-maria-troncatti-presto-santa\/"},"modified":"2024-11-25T19:38:11","modified_gmt":"2024-11-25T18:38:11","slug":"irma-maria-troncatti-em-breve-santa","status":"publish","type":"post","link":"https:\/\/www.cgfmanet.org\/pt-pt\/infosfera-pt-pt\/irma-maria-troncatti-em-breve-santa\/","title":{"rendered":"Irm\u00e3 Maria Troncatti em breve Santa!"},"content":{"rendered":"<p><strong>Roma (It\u00e1lia).<\/strong> No dia 25 de novembro de 2024, durante a Audi\u00eancia concedida ao Cardeal Marcello Semeraro, Prefeito do Dicast\u00e9rio das Causas dos Santos, <strong>o Santo Padre, Papa Francisco, autorizou o Dicast\u00e9rio a promulgar o Decreto relativo ao milagre atribu\u00eddo \u00e0 intercess\u00e3o da Beata Maria Troncatti<\/strong>, Irm\u00e3 professa da Congrega\u00e7\u00e3o das Filhas de Maria Auxiliadora, nascida em Corteno Golgi (It\u00e1lia) em 16 de fevereiro de 1883 e falecida em Suc\u1ee7a (Equador) em 25 de agosto de 1969.<\/p>\n<p><strong>A Superiora Geral do Instituto das Filhas de Maria Auxiliadora, Madre Chiara Cazzuola<\/strong>, logo ao tomar conhecimento da not\u00edcia, escreveu assim \u00e0s Inspetoras, \u00e0s Filhas de Maria Auxiliadora, a todos os membros da Fam\u00edlia Salesiana:<\/p>\n<p>Precisamente no in\u00edcio deste tri\u00eanio de prepara\u00e7\u00e3o \u00e0 primeira partida mission\u00e1ria das FMA, \u00e9 com alegria e gratid\u00e3o que acolho e transmito a todos v\u00f3s a not\u00edcia de que <strong><span style=\"color: #0000ff;\"><a style=\"color: #0000ff;\" href=\"https:\/\/drive.google.com\/drive\/u\/0\/folders\/1Uy5r0n7XfMszvMPV5_frNJVKbpn3Xdip\" target=\"_blank\" rel=\"noopener\">Irm\u00e3 Maria Troncatti<\/a><\/span> <\/strong><strong>ser\u00e1 em breve \u201cSanta\u201d<\/strong>, como e a exemplo de Dom Bosco e Madre Mazzarello.<\/p>\n<p>Hoje, de fato, o Santo Padre Francisco autorizou a promulga\u00e7\u00e3o do Decreto <em>supermilagre<\/em> atribu\u00eddo \u00e0 intercess\u00e3o da Beata Maria Troncatti, Irm\u00e3 professa da Congrega\u00e7\u00e3o das Filhas de Maria Auxiliadora, nascida em Corteno Golgi (It\u00e1lia) no dia 16 de fevereiro de 1883 e falecida em Suc\u00faa (Equador) em 25 de agosto de 1969.<\/p>\n<p>Para o nosso Instituto, para a Fam\u00edlia Salesiana, para o Equador, em particular o Vicariato Apost\u00f3lico de Mendez, e na It\u00e1lia para Corteno Golgi, sua cidade natal, para a Diocese de Br\u00e9scia, <strong>este \u00e9 um dia de alegria e de a\u00e7\u00e3o de gra\u00e7as pelo dom da santidade desta Irm\u00e3<\/strong>, mission\u00e1ria, \u201cMadrecita\u201d intr\u00e9pida, evangelizadora apaixonada, educadora capaz de promover e salvaguardar a vida, promotora da mulher, que se ofereceu v\u00edtima pela paz e reconcilia\u00e7\u00e3o entre Shuar e colonos.<\/p>\n<p><strong>Com toda a Igreja, aguardamos a comunica\u00e7\u00e3o da data oficial da sua Canoniza\u00e7\u00e3o.<\/strong><\/p>\n<p>Agrade\u00e7o ao Postulador Geral da Fam\u00edlia Salesiana, Padre Pierluigi Cameroni SDB, e \u00e0s Irm\u00e3s que seguiram a sua causa: Irm\u00e3 Juliana Accornero, Irm\u00e3 Sylwia Ciezkowska, Irm\u00e3 Francisca Caggiano, e \u00e0queles que recolheram a documenta\u00e7\u00e3o e redigiram as biografias para torn\u00e1-la conhecida .<\/p>\n<p>Como Instituto, aprofundemos o seu conhecimento, divulguemos a intercess\u00e3o e empenhemo-nos em envolver muitos jovens na imita\u00e7\u00e3o da sua santidade.<\/p>\n<p><strong><span style=\"color: #0000ff;\"><a style=\"color: #0000ff;\" href=\"https:\/\/drive.google.com\/file\/d\/1A1JrCQx-bOOIHzXYkft-m30O-PqNS6BZ\/view?usp=drive_link\" target=\"_blank\" rel=\"noopener\">Carta<\/a><\/span><\/strong><\/p>\n","protected":false},"excerpt":{"rendered":"<p>Roma (It\u00e1lia). No dia 25 de novembro de 2024, durante a Audi\u00eancia concedida ao Cardeal Marcello Semeraro, Prefeito do Dicast\u00e9rio das Causas dos Santos, o Santo Padre, Papa Francisco, autorizou [&hellip;]<\/p>\n","protected":false},"author":21,"featured_media":73745,"comment_status":"open","ping_status":"closed","sticky":false,"template":"","format":"standard","meta":{"footnotes":""},"categories":[38,189],"tags":[1449,1639,1930],"class_list":["post-123909","post","type-post","status-publish","format-standard","has-post-thumbnail","category-infosfera-pt-pt","category-igreja","tag-santidade-salesiana","tag-maria-troncatti-en-pt-pt","tag-focus-pt-pt"],"yoast_head":"<!-- This site is optimized with the Yoast SEO plugin v27.4 - https:\/\/yoast.com\/product\/yoast-seo-wordpress\/ -->\n<title>Irm\u00e3 Maria Troncatti em breve Santa! &#8226; Istituto Figlie di Maria Ausiliatrice<\/title>\n<meta name=\"description\" content=\"No dia 25 de novembro de 2024, o Papa Francisco autorizou o Dicast\u00e9rio a promulgar o Decreto sobre o milagre atribu\u00eddo \u00e0 intercess\u00e3o da Beata Maria Troncatti, FMA.\" \/>\n<meta name=\"robots\" content=\"index, follow, max-snippet:-1, max-image-preview:large, max-video-preview:-1\" \/>\n<link rel=\"canonical\" href=\"https:\/\/www.cgfmanet.org\/pt-pt\/infosfera-pt-pt\/irma-maria-troncatti-em-breve-santa\/\" \/>\n<meta property=\"og:locale\" content=\"pt_PT\" \/>\n<meta property=\"og:type\" content=\"article\" \/>\n<meta property=\"og:title\" content=\"Irm\u00e3 Maria Troncatti em breve Santa! &#8226; Istituto Figlie di Maria Ausiliatrice\" \/>\n<meta property=\"og:description\" content=\"No dia 25 de novembro de 2024, o Papa Francisco autorizou o Dicast\u00e9rio a promulgar o Decreto sobre o milagre atribu\u00eddo \u00e0 intercess\u00e3o da Beata Maria Troncatti, FMA.\" \/>\n<meta property=\"og:url\" content=\"https:\/\/www.cgfmanet.org\/pt-pt\/infosfera-pt-pt\/irma-maria-troncatti-em-breve-santa\/\" \/>\n<meta property=\"og:site_name\" content=\"Istituto Figlie di Maria Ausiliatrice\" \/>\n<meta property=\"article:publisher\" content=\"https:\/\/www.facebook.com\/salesian.sisters.of.don.bosco\/\" \/>\n<meta property=\"article:published_time\" content=\"2024-11-25T12:22:54+00:00\" \/>\n<meta property=\"article:modified_time\" content=\"2024-11-25T18:38:11+00:00\" \/>\n<meta property=\"og:image\" content=\"https:\/\/www.cgfmanet.org\/wp-content\/uploads\/2022\/08\/Maria-Troncatti.jpg\" \/>\n\t<meta property=\"og:image:width\" content=\"1200\" \/>\n\t<meta property=\"og:image:height\" content=\"800\" \/>\n\t<meta property=\"og:image:type\" content=\"image\/jpeg\" \/>\n<meta name=\"author\" content=\"Redazione\" \/>\n<meta name=\"twitter:card\" content=\"summary_large_image\" \/>\n<meta name=\"twitter:creator\" content=\"@Cgfmanet_Org\" \/>\n<meta name=\"twitter:site\" content=\"@Cgfmanet_Org\" \/>\n<meta name=\"twitter:label1\" content=\"Escrito por\" \/>\n\t<meta name=\"twitter:data1\" content=\"Redazione\" \/>\n\t<meta name=\"twitter:label2\" content=\"Tempo estimado de leitura\" \/>\n\t<meta name=\"twitter:data2\" content=\"3 minutos\" \/>\n<script type=\"application\/ld+json\" class=\"yoast-schema-graph\">{\"@context\":\"https:\\\/\\\/schema.org\",\"@graph\":[{\"@type\":\"Article\",\"@id\":\"https:\\\/\\\/www.cgfmanet.org\\\/pt-pt\\\/infosfera-pt-pt\\\/irma-maria-troncatti-em-breve-santa\\\/#article\",\"isPartOf\":{\"@id\":\"https:\\\/\\\/www.cgfmanet.org\\\/pt-pt\\\/infosfera-pt-pt\\\/irma-maria-troncatti-em-breve-santa\\\/\"},\"author\":{\"name\":\"Redazione\",\"@id\":\"https:\\\/\\\/www.cgfmanet.org\\\/es\\\/#\\\/schema\\\/person\\\/ce6473083f53ef0ef882cca23f0c8fb9\"},\"headline\":\"Irm\u00e3 Maria Troncatti em breve Santa!\",\"datePublished\":\"2024-11-25T12:22:54+00:00\",\"dateModified\":\"2024-11-25T18:38:11+00:00\",\"mainEntityOfPage\":{\"@id\":\"https:\\\/\\\/www.cgfmanet.org\\\/pt-pt\\\/infosfera-pt-pt\\\/irma-maria-troncatti-em-breve-santa\\\/\"},\"wordCount\":396,\"commentCount\":21,\"publisher\":{\"@id\":\"https:\\\/\\\/www.cgfmanet.org\\\/es\\\/#organization\"},\"image\":{\"@id\":\"https:\\\/\\\/www.cgfmanet.org\\\/pt-pt\\\/infosfera-pt-pt\\\/irma-maria-troncatti-em-breve-santa\\\/#primaryimage\"},\"thumbnailUrl\":\"https:\\\/\\\/www.cgfmanet.org\\\/wp-content\\\/uploads\\\/2022\\\/08\\\/Maria-Troncatti.jpg\",\"keywords\":[\"Santidade Salesiana\",\"Maria Troncatti\",\"Focus\"],\"articleSection\":[\"Infosfera\",\"Igreja\"],\"inLanguage\":\"pt-PT\",\"potentialAction\":[{\"@type\":\"CommentAction\",\"name\":\"Comment\",\"target\":[\"https:\\\/\\\/www.cgfmanet.org\\\/pt-pt\\\/infosfera-pt-pt\\\/irma-maria-troncatti-em-breve-santa\\\/#respond\"]}]},{\"@type\":\"WebPage\",\"@id\":\"https:\\\/\\\/www.cgfmanet.org\\\/pt-pt\\\/infosfera-pt-pt\\\/irma-maria-troncatti-em-breve-santa\\\/\",\"url\":\"https:\\\/\\\/www.cgfmanet.org\\\/pt-pt\\\/infosfera-pt-pt\\\/irma-maria-troncatti-em-breve-santa\\\/\",\"name\":\"Irm\u00e3 Maria Troncatti em breve Santa! &#8226; Istituto Figlie di Maria Ausiliatrice\",\"isPartOf\":{\"@id\":\"https:\\\/\\\/www.cgfmanet.org\\\/es\\\/#website\"},\"primaryImageOfPage\":{\"@id\":\"https:\\\/\\\/www.cgfmanet.org\\\/pt-pt\\\/infosfera-pt-pt\\\/irma-maria-troncatti-em-breve-santa\\\/#primaryimage\"},\"image\":{\"@id\":\"https:\\\/\\\/www.cgfmanet.org\\\/pt-pt\\\/infosfera-pt-pt\\\/irma-maria-troncatti-em-breve-santa\\\/#primaryimage\"},\"thumbnailUrl\":\"https:\\\/\\\/www.cgfmanet.org\\\/wp-content\\\/uploads\\\/2022\\\/08\\\/Maria-Troncatti.jpg\",\"datePublished\":\"2024-11-25T12:22:54+00:00\",\"dateModified\":\"2024-11-25T18:38:11+00:00\",\"description\":\"No dia 25 de novembro de 2024, o Papa Francisco autorizou o Dicast\u00e9rio a promulgar o Decreto sobre o milagre atribu\u00eddo \u00e0 intercess\u00e3o da Beata Maria Troncatti, FMA.\",\"breadcrumb\":{\"@id\":\"https:\\\/\\\/www.cgfmanet.org\\\/pt-pt\\\/infosfera-pt-pt\\\/irma-maria-troncatti-em-breve-santa\\\/#breadcrumb\"},\"inLanguage\":\"pt-PT\",\"potentialAction\":[{\"@type\":\"ReadAction\",\"target\":[\"https:\\\/\\\/www.cgfmanet.org\\\/pt-pt\\\/infosfera-pt-pt\\\/irma-maria-troncatti-em-breve-santa\\\/\"]}]},{\"@type\":\"ImageObject\",\"inLanguage\":\"pt-PT\",\"@id\":\"https:\\\/\\\/www.cgfmanet.org\\\/pt-pt\\\/infosfera-pt-pt\\\/irma-maria-troncatti-em-breve-santa\\\/#primaryimage\",\"url\":\"https:\\\/\\\/www.cgfmanet.org\\\/wp-content\\\/uploads\\\/2022\\\/08\\\/Maria-Troncatti.jpg\",\"contentUrl\":\"https:\\\/\\\/www.cgfmanet.org\\\/wp-content\\\/uploads\\\/2022\\\/08\\\/Maria-Troncatti.jpg\",\"width\":1200,\"height\":800},{\"@type\":\"BreadcrumbList\",\"@id\":\"https:\\\/\\\/www.cgfmanet.org\\\/pt-pt\\\/infosfera-pt-pt\\\/irma-maria-troncatti-em-breve-santa\\\/#breadcrumb\",\"itemListElement\":[{\"@type\":\"ListItem\",\"position\":1,\"name\":\"Home\",\"item\":\"https:\\\/\\\/www.cgfmanet.org\\\/pt-pt\\\/\"},{\"@type\":\"ListItem\",\"position\":2,\"name\":\"Irm\u00e3 Maria Troncatti em breve Santa!\"}]},{\"@type\":\"WebSite\",\"@id\":\"https:\\\/\\\/www.cgfmanet.org\\\/es\\\/#website\",\"url\":\"https:\\\/\\\/www.cgfmanet.org\\\/es\\\/\",\"name\":\"Istituto Figlie di Maria Ausiliatrice\",\"description\":\"Salesiane di Don Bosco\",\"publisher\":{\"@id\":\"https:\\\/\\\/www.cgfmanet.org\\\/es\\\/#organization\"},\"potentialAction\":[{\"@type\":\"SearchAction\",\"target\":{\"@type\":\"EntryPoint\",\"urlTemplate\":\"https:\\\/\\\/www.cgfmanet.org\\\/es\\\/?s={search_term_string}\"},\"query-input\":{\"@type\":\"PropertyValueSpecification\",\"valueRequired\":true,\"valueName\":\"search_term_string\"}}],\"inLanguage\":\"pt-PT\"},{\"@type\":\"Organization\",\"@id\":\"https:\\\/\\\/www.cgfmanet.org\\\/es\\\/#organization\",\"name\":\"Istituto Figlie di Maria Ausiliatrice\",\"url\":\"https:\\\/\\\/www.cgfmanet.org\\\/es\\\/\",\"logo\":{\"@type\":\"ImageObject\",\"inLanguage\":\"pt-PT\",\"@id\":\"https:\\\/\\\/www.cgfmanet.org\\\/es\\\/#\\\/schema\\\/logo\\\/image\\\/\",\"url\":\"https:\\\/\\\/www.cgfmanet.org\\\/wp-content\\\/uploads\\\/2018\\\/10\\\/logo-fma.png\",\"contentUrl\":\"https:\\\/\\\/www.cgfmanet.org\\\/wp-content\\\/uploads\\\/2018\\\/10\\\/logo-fma.png\",\"width\":214,\"height\":55,\"caption\":\"Istituto Figlie di Maria Ausiliatrice\"},\"image\":{\"@id\":\"https:\\\/\\\/www.cgfmanet.org\\\/es\\\/#\\\/schema\\\/logo\\\/image\\\/\"},\"sameAs\":[\"https:\\\/\\\/www.facebook.com\\\/salesian.sisters.of.don.bosco\\\/\",\"https:\\\/\\\/x.com\\\/Cgfmanet_Org\",\"https:\\\/\\\/www.youtube.com\\\/channel\\\/UCmcr8yFQBV7JXeXVxyV9y5Q\"]},{\"@type\":\"Person\",\"@id\":\"https:\\\/\\\/www.cgfmanet.org\\\/es\\\/#\\\/schema\\\/person\\\/ce6473083f53ef0ef882cca23f0c8fb9\",\"name\":\"Redazione\"}]}<\/script>\n<!-- \/ Yoast SEO plugin. -->","yoast_head_json":{"title":"Irm\u00e3 Maria Troncatti em breve Santa! &#8226; Istituto Figlie di Maria Ausiliatrice","description":"No dia 25 de novembro de 2024, o Papa Francisco autorizou o Dicast\u00e9rio a promulgar o Decreto sobre o milagre atribu\u00eddo \u00e0 intercess\u00e3o da Beata Maria Troncatti, FMA.","robots":{"index":"index","follow":"follow","max-snippet":"max-snippet:-1","max-image-preview":"max-image-preview:large","max-video-preview":"max-video-preview:-1"},"canonical":"https:\/\/www.cgfmanet.org\/pt-pt\/infosfera-pt-pt\/irma-maria-troncatti-em-breve-santa\/","og_locale":"pt_PT","og_type":"article","og_title":"Irm\u00e3 Maria Troncatti em breve Santa! &#8226; Istituto Figlie di Maria Ausiliatrice","og_description":"No dia 25 de novembro de 2024, o Papa Francisco autorizou o Dicast\u00e9rio a promulgar o Decreto sobre o milagre atribu\u00eddo \u00e0 intercess\u00e3o da Beata Maria Troncatti, FMA.","og_url":"https:\/\/www.cgfmanet.org\/pt-pt\/infosfera-pt-pt\/irma-maria-troncatti-em-breve-santa\/","og_site_name":"Istituto Figlie di Maria Ausiliatrice","article_publisher":"https:\/\/www.facebook.com\/salesian.sisters.of.don.bosco\/","article_published_time":"2024-11-25T12:22:54+00:00","article_modified_time":"2024-11-25T18:38:11+00:00","og_image":[{"width":1200,"height":800,"url":"https:\/\/www.cgfmanet.org\/wp-content\/uploads\/2022\/08\/Maria-Troncatti.jpg","type":"image\/jpeg"}],"author":"Redazione","twitter_card":"summary_large_image","twitter_creator":"@Cgfmanet_Org","twitter_site":"@Cgfmanet_Org","twitter_misc":{"Escrito por":"Redazione","Tempo estimado de leitura":"3 minutos"},"schema":{"@context":"https:\/\/schema.org","@graph":[{"@type":"Article","@id":"https:\/\/www.cgfmanet.org\/pt-pt\/infosfera-pt-pt\/irma-maria-troncatti-em-breve-santa\/#article","isPartOf":{"@id":"https:\/\/www.cgfmanet.org\/pt-pt\/infosfera-pt-pt\/irma-maria-troncatti-em-breve-santa\/"},"author":{"name":"Redazione","@id":"https:\/\/www.cgfmanet.org\/es\/#\/schema\/person\/ce6473083f53ef0ef882cca23f0c8fb9"},"headline":"Irm\u00e3 Maria Troncatti em breve Santa!","datePublished":"2024-11-25T12:22:54+00:00","dateModified":"2024-11-25T18:38:11+00:00","mainEntityOfPage":{"@id":"https:\/\/www.cgfmanet.org\/pt-pt\/infosfera-pt-pt\/irma-maria-troncatti-em-breve-santa\/"},"wordCount":396,"commentCount":21,"publisher":{"@id":"https:\/\/www.cgfmanet.org\/es\/#organization"},"image":{"@id":"https:\/\/www.cgfmanet.org\/pt-pt\/infosfera-pt-pt\/irma-maria-troncatti-em-breve-santa\/#primaryimage"},"thumbnailUrl":"https:\/\/www.cgfmanet.org\/wp-content\/uploads\/2022\/08\/Maria-Troncatti.jpg","keywords":["Santidade Salesiana","Maria Troncatti","Focus"],"articleSection":["Infosfera","Igreja"],"inLanguage":"pt-PT","potentialAction":[{"@type":"CommentAction","name":"Comment","target":["https:\/\/www.cgfmanet.org\/pt-pt\/infosfera-pt-pt\/irma-maria-troncatti-em-breve-santa\/#respond"]}]},{"@type":"WebPage","@id":"https:\/\/www.cgfmanet.org\/pt-pt\/infosfera-pt-pt\/irma-maria-troncatti-em-breve-santa\/","url":"https:\/\/www.cgfmanet.org\/pt-pt\/infosfera-pt-pt\/irma-maria-troncatti-em-breve-santa\/","name":"Irm\u00e3 Maria Troncatti em breve Santa! &#8226; Istituto Figlie di Maria Ausiliatrice","isPartOf":{"@id":"https:\/\/www.cgfmanet.org\/es\/#website"},"primaryImageOfPage":{"@id":"https:\/\/www.cgfmanet.org\/pt-pt\/infosfera-pt-pt\/irma-maria-troncatti-em-breve-santa\/#primaryimage"},"image":{"@id":"https:\/\/www.cgfmanet.org\/pt-pt\/infosfera-pt-pt\/irma-maria-troncatti-em-breve-santa\/#primaryimage"},"thumbnailUrl":"https:\/\/www.cgfmanet.org\/wp-content\/uploads\/2022\/08\/Maria-Troncatti.jpg","datePublished":"2024-11-25T12:22:54+00:00","dateModified":"2024-11-25T18:38:11+00:00","description":"No dia 25 de novembro de 2024, o Papa Francisco autorizou o Dicast\u00e9rio a promulgar o Decreto sobre o milagre atribu\u00eddo \u00e0 intercess\u00e3o da Beata Maria Troncatti, FMA.","breadcrumb":{"@id":"https:\/\/www.cgfmanet.org\/pt-pt\/infosfera-pt-pt\/irma-maria-troncatti-em-breve-santa\/#breadcrumb"},"inLanguage":"pt-PT","potentialAction":[{"@type":"ReadAction","target":["https:\/\/www.cgfmanet.org\/pt-pt\/infosfera-pt-pt\/irma-maria-troncatti-em-breve-santa\/"]}]},{"@type":"ImageObject","inLanguage":"pt-PT","@id":"https:\/\/www.cgfmanet.org\/pt-pt\/infosfera-pt-pt\/irma-maria-troncatti-em-breve-santa\/#primaryimage","url":"https:\/\/www.cgfmanet.org\/wp-content\/uploads\/2022\/08\/Maria-Troncatti.jpg","contentUrl":"https:\/\/www.cgfmanet.org\/wp-content\/uploads\/2022\/08\/Maria-Troncatti.jpg","width":1200,"height":800},{"@type":"BreadcrumbList","@id":"https:\/\/www.cgfmanet.org\/pt-pt\/infosfera-pt-pt\/irma-maria-troncatti-em-breve-santa\/#breadcrumb","itemListElement":[{"@type":"ListItem","position":1,"name":"Home","item":"https:\/\/www.cgfmanet.org\/pt-pt\/"},{"@type":"ListItem","position":2,"name":"Irm\u00e3 Maria Troncatti em breve Santa!"}]},{"@type":"WebSite","@id":"https:\/\/www.cgfmanet.org\/es\/#website","url":"https:\/\/www.cgfmanet.org\/es\/","name":"Istituto Figlie di Maria Ausiliatrice","description":"Salesiane di Don Bosco","publisher":{"@id":"https:\/\/www.cgfmanet.org\/es\/#organization"},"potentialAction":[{"@type":"SearchAction","target":{"@type":"EntryPoint","urlTemplate":"https:\/\/www.cgfmanet.org\/es\/?s={search_term_string}"},"query-input":{"@type":"PropertyValueSpecification","valueRequired":true,"valueName":"search_term_string"}}],"inLanguage":"pt-PT"},{"@type":"Organization","@id":"https:\/\/www.cgfmanet.org\/es\/#organization","name":"Istituto Figlie di Maria Ausiliatrice","url":"https:\/\/www.cgfmanet.org\/es\/","logo":{"@type":"ImageObject","inLanguage":"pt-PT","@id":"https:\/\/www.cgfmanet.org\/es\/#\/schema\/logo\/image\/","url":"https:\/\/www.cgfmanet.org\/wp-content\/uploads\/2018\/10\/logo-fma.png","contentUrl":"https:\/\/www.cgfmanet.org\/wp-content\/uploads\/2018\/10\/logo-fma.png","width":214,"height":55,"caption":"Istituto Figlie di Maria Ausiliatrice"},"image":{"@id":"https:\/\/www.cgfmanet.org\/es\/#\/schema\/logo\/image\/"},"sameAs":["https:\/\/www.facebook.com\/salesian.sisters.of.don.bosco\/","https:\/\/x.com\/Cgfmanet_Org","https:\/\/www.youtube.com\/channel\/UCmcr8yFQBV7JXeXVxyV9y5Q"]},{"@type":"Person","@id":"https:\/\/www.cgfmanet.org\/es\/#\/schema\/person\/ce6473083f53ef0ef882cca23f0c8fb9","name":"Redazione"}]}},"_links":{"self":[{"href":"https:\/\/www.cgfmanet.org\/pt-pt\/wp-json\/wp\/v2\/posts\/123909","targetHints":{"allow":["GET"]}}],"collection":[{"href":"https:\/\/www.cgfmanet.org\/pt-pt\/wp-json\/wp\/v2\/posts"}],"about":[{"href":"https:\/\/www.cgfmanet.org\/pt-pt\/wp-json\/wp\/v2\/types\/post"}],"author":[{"embeddable":true,"href":"https:\/\/www.cgfmanet.org\/pt-pt\/wp-json\/wp\/v2\/users\/21"}],"replies":[{"embeddable":true,"href":"https:\/\/www.cgfmanet.org\/pt-pt\/wp-json\/wp\/v2\/comments?post=123909"}],"version-history":[{"count":3,"href":"https:\/\/www.cgfmanet.org\/pt-pt\/wp-json\/wp\/v2\/posts\/123909\/revisions"}],"predecessor-version":[{"id":123929,"href":"https:\/\/www.cgfmanet.org\/pt-pt\/wp-json\/wp\/v2\/posts\/123909\/revisions\/123929"}],"wp:featuredmedia":[{"embeddable":true,"href":"https:\/\/www.cgfmanet.org\/pt-pt\/wp-json\/wp\/v2\/media\/73745"}],"wp:attachment":[{"href":"https:\/\/www.cgfmanet.org\/pt-pt\/wp-json\/wp\/v2\/media?parent=123909"}],"wp:term":[{"taxonomy":"category","embeddable":true,"href":"https:\/\/www.cgfmanet.org\/pt-pt\/wp-json\/wp\/v2\/categories?post=123909"},{"taxonomy":"post_tag","embeddable":true,"href":"https:\/\/www.cgfmanet.org\/pt-pt\/wp-json\/wp\/v2\/tags?post=123909"}],"curies":[{"name":"wp","href":"https:\/\/api.w.org\/{rel}","templated":true}]}}