{"id":123873,"date":"2024-11-24T09:43:19","date_gmt":"2024-11-24T08:43:19","guid":{"rendered":"https:\/\/www.cgfmanet.org\/infosfera-pt-pt\/giornata-internazionale-per-leliminazione-della-violenza-contro-le-donne-2024\/"},"modified":"2024-11-25T10:04:04","modified_gmt":"2024-11-25T09:04:04","slug":"dia-internacional-para-a-eliminacao-da-violencia-contra-as-mulheres-2024","status":"publish","type":"post","link":"https:\/\/www.cgfmanet.org\/pt-pt\/infosfera-pt-pt\/dia-internacional-para-a-eliminacao-da-violencia-contra-as-mulheres-2024\/","title":{"rendered":"Dia Internacional para a Elimina\u00e7\u00e3o da Viol\u00eancia contra as Mulheres 2024"},"content":{"rendered":"<p><strong>Roma (It\u00e1lia).<\/strong> No dia 25 de novembro de 2024 celebra-se o 25\u00ba Dia Internacional para a Elimina\u00e7\u00e3o da Viol\u00eancia contra as Mulheres, institu\u00eddo pela Assembleia geral das Na\u00e7\u00f5es Unidas atrav\u00e9s da resolu\u00e7\u00e3o n\u00famero 54\/134 de 17 de dezembro de 1999, convidando os governos, as organiza\u00e7\u00f5es internacionais e ONGs a organizar atividades para sensibilizar a opini\u00e3o p\u00fablica sobre o tema.<\/p>\n<p>Esta data foi escolhida para recordar o brutal assassinato, acontecido em 1960, das irm\u00e3s Mirabal na Rep\u00fablica Dominicana, por serem consideradas revolucion\u00e1rias.<\/p>\n<p>A viol\u00eancia contra as mulheres e meninas nestes anos n\u00e3o parece perder a sua intensidade, permanecendo uma das viola\u00e7\u00f5es dos direitos humanos mais difundidos com dados impressionantes: as <span style=\"color: #0000ff;\"><strong><a style=\"color: #0000ff;\" href=\"https:\/\/www.unwomen.org\/en\/what-we-do\/ending-violence-against-women\/unite\/theme\" target=\"_blank\" rel=\"noopener\">Na\u00e7\u00f5es Unidas <\/a><\/strong><\/span>denunciam, de fato, que <strong>em 2023 a cada 10 minutos no mundo foi assassinada uma mulher por um membro da fam\u00edlia ou companheiro.<\/strong><\/p>\n<p>A viol\u00eancia contra as mulheres manifesta-se sob v\u00e1rias formas: maus tratos, abusos psicol\u00f3gicos, viol\u00eancia e explora\u00e7\u00e3o sexual, matrim\u00f4nios for\u00e7ados, mutila\u00e7\u00f5es genitais femininas, persegui\u00e7\u00e3o ou ass\u00e9dios cibern\u00e9ticos.<\/p>\n<p>Com base no Artigo 1\u00ba da Declara\u00e7\u00e3o sobre a Elimina\u00e7\u00e3o da Viol\u00eancia contra as Mulheres, emitida pela Assembleia Geral das Na\u00e7\u00f5es Unidas em 1993, define-se a viol\u00eancia contra as mulheres como <em>&#8220;todo ato de viol\u00eancia fundada no g\u00eanero que resulte ou possa resultar, num dano ou numa viol\u00eancia f\u00edsica, sexual ou psicol\u00f3gica \u00e0s mulheres, inclusive as amea\u00e7as de tais atos, a coer\u00e7\u00e3o ou priva\u00e7\u00e3o arbitr\u00e1ria da liberdade, quer ocorra na vida p\u00fablica ou privada.\u201d<\/em><\/p>\n<p>Tudo isto provoca danos f\u00edsicos e psicol\u00f3gicos permanentes \u00e0s mulheres, comprometendo a sua sa\u00fade, causando muitas vezes fen\u00f4menos de depress\u00e3o, ansiedade ou a transmiss\u00e3o de doen\u00e7as como o HIV.<\/p>\n<p>As Na\u00e7\u00f5es Unidas estimam que <strong>no mundo cerca de 736 milh\u00f5es de mulheres \u2013 cerca de uma em cada 3 \u2013 foram v\u00edtimas de viol\u00eancia sexual ou psicol\u00f3gica, ou de ambas, pelo menos uma vez na vida.<\/strong> A maior parte de tais viol\u00eancias \u00e9 perpetrada por um parceiro ou por um membro da fam\u00edlia.<\/p>\n<p>A viol\u00eancia contra as mulheres s\u00f3 pode ser combatida atrav\u00e9s de esfor\u00e7os conjuntos de mulheres e homens, da coopera\u00e7\u00e3o em n\u00edvel internacional e uma mudan\u00e7a profunda nas mentalidades e nas pol\u00edticas. Com este objetivo, as Na\u00e7\u00f5es Unidas lan\u00e7aram a campanha de sensibiliza\u00e7\u00e3o <strong>#NoExcuse. UNI-TE para Acabar com a Viol\u00eancia contra Mulheres.<\/strong> Na verdade, n\u00e3o existem desculpas aceit\u00e1veis \u200b\u200bpara perpetrar esta grave viola\u00e7\u00e3o dos direitos humanos.<\/p>\n<p><strong>O VIDES Internacional e a Funda\u00e7\u00e3o FVGS ETS desde o seu nascimento operam com o objetivo comum de promover o empoderamento das mulheres.<\/strong><\/p>\n<p>Especificamente, o <span style=\"color: #0000ff;\"><strong><a style=\"color: #0000ff;\" href=\"https:\/\/www.vides.org\/\" target=\"_blank\" rel=\"noopener\">VIDES International<\/a><\/strong><\/span> desde 2023 est\u00e1 implementando, no Norte da \u00cdndia, o projeto <em>&#8220;Subsist\u00eancia sustent\u00e1vel para as mulheres tribais atrav\u00e9s da forma\u00e7\u00e3o profissional, acesso ao mercado e conserva\u00e7\u00e3o ecol\u00f3gica&#8221;<\/em> com o objetivo de fortalecer a autonomia e a independ\u00eancia das mulheres. Esta iniciativa, atrav\u00e9s da cria\u00e7\u00e3o de medidas de subsist\u00eancia sustent\u00e1veis, visa educar as mulheres ao empreendedorismo e \u00e0 implementa\u00e7\u00e3o de programas de prote\u00e7\u00e3o ambiental. O projeto quer oferecer uma resposta concreta a um dos problemas mais urgentes enfrentados pelas mulheres que, na \u00cdndia, sofrem de discrimina\u00e7\u00e3o generalizada em muitos aspectos da vida, no acesso \u00e0 educa\u00e7\u00e3o, \u00e0 alimenta\u00e7\u00e3o, \u00e0 sa\u00fade, ao trabalho, \u00e0 seguran\u00e7a. De fato, como relatado pela Comiss\u00e3o Nacional Indiana para as mulheres, nos \u00faltimos anos registrou-se um aumento para mais do dobro das den\u00fancias de viol\u00eancia dom\u00e9stica.<\/p>\n<p>A <strong>Funda\u00e7\u00e3o<\/strong><strong>\u00a0<span style=\"color: #0000ff;\"><a style=\"color: #0000ff;\" href=\"https:\/\/www.fondazionefvgs.it\/\" target=\"_blank\" rel=\"noopener\">FVGS ETS<\/a><\/span><\/strong>, consciente de que tamb\u00e9m os desequil\u00edbrios relativos \u00e0 educa\u00e7\u00e3o podem ter graves consequ\u00eancias sobre o futuro das mulheres e sobre sua possibilidade de ter um trabalho digno que lhes permita n\u00e3o depender economicamente de um homem, promove desde o seu nascimento o Apoio \u00e0 Dist\u00e2ncia, que visa dar a milhares de meninas em todo o mundo a possibilidade de frequentar a escola e conhecer os pr\u00f3prios direitos.<\/p>\n<p>Como recorda o <strong>Papa Francisco: <em>\u201cO renascimento da humanidade come\u00e7ou pela mulher. <\/em><\/strong><em>As mulheres s\u00e3o fontes de vida. No entanto s\u00e3o continuamente ofendidas, espancadas, violentadas, induzidas a se prostituir e a suprimir a vida que levam no ventre. <\/em><strong>Cada viol\u00eancia infringida \u00e0 mulher \u00e9 uma profana\u00e7\u00e3o de Deus, nascido<em> da mulher. <\/em><\/strong><em>Do corpo de uma mulher chegou a salva\u00e7\u00e3o para a humanidade: pela forma como tratamos o corpo da mulher compreendemos o nosso n\u00edvel de humanidade\u201d.<\/em><\/p>\n","protected":false},"excerpt":{"rendered":"<p>Roma (It\u00e1lia). No dia 25 de novembro de 2024 celebra-se o 25\u00ba Dia Internacional para a Elimina\u00e7\u00e3o da Viol\u00eancia contra as Mulheres, institu\u00eddo pela Assembleia geral das Na\u00e7\u00f5es Unidas atrav\u00e9s [&hellip;]<\/p>\n","protected":false},"author":21,"featured_media":123867,"comment_status":"open","ping_status":"closed","sticky":false,"template":"","format":"standard","meta":{"footnotes":""},"categories":[38,197],"tags":[1381,1516,1930,2116],"class_list":["post-123873","post","type-post","status-publish","format-standard","has-post-thumbnail","category-infosfera-pt-pt","category-direitos-humanos","tag-promocao-da-mulher","tag-vides-pt-pt","tag-focus-pt-pt","tag-donna-pt-pt"],"yoast_head":"<!-- This site is optimized with the Yoast SEO plugin v27.4 - https:\/\/yoast.com\/product\/yoast-seo-wordpress\/ -->\n<title>Dia Internacional para a Elimina\u00e7\u00e3o da Viol\u00eancia contra as Mulheres 2024 &#8226; Istituto Figlie di Maria Ausiliatrice<\/title>\n<meta name=\"description\" content=\"No dia 25 de novembro de 2024 celebra-se o 25\u00ba Dia Internacional para a Elimina\u00e7\u00e3o da Viol\u00eancia contra as Mulheres. O compromisso do VIDES Internacional e da Funda\u00e7\u00e3o FVGS ETS.\" \/>\n<meta name=\"robots\" content=\"index, follow, max-snippet:-1, max-image-preview:large, max-video-preview:-1\" \/>\n<link rel=\"canonical\" href=\"https:\/\/www.cgfmanet.org\/pt-pt\/infosfera-pt-pt\/dia-internacional-para-a-eliminacao-da-violencia-contra-as-mulheres-2024\/\" \/>\n<meta property=\"og:locale\" content=\"pt_PT\" \/>\n<meta property=\"og:type\" content=\"article\" \/>\n<meta property=\"og:title\" content=\"Dia Internacional para a Elimina\u00e7\u00e3o da Viol\u00eancia contra as Mulheres 2024 &#8226; Istituto Figlie di Maria Ausiliatrice\" \/>\n<meta property=\"og:description\" content=\"No dia 25 de novembro de 2024 celebra-se o 25\u00ba Dia Internacional para a Elimina\u00e7\u00e3o da Viol\u00eancia contra as Mulheres. O compromisso do VIDES Internacional e da Funda\u00e7\u00e3o FVGS ETS.\" \/>\n<meta property=\"og:url\" content=\"https:\/\/www.cgfmanet.org\/pt-pt\/infosfera-pt-pt\/dia-internacional-para-a-eliminacao-da-violencia-contra-as-mulheres-2024\/\" \/>\n<meta property=\"og:site_name\" content=\"Istituto Figlie di Maria Ausiliatrice\" \/>\n<meta property=\"article:publisher\" content=\"https:\/\/www.facebook.com\/salesian.sisters.of.don.bosco\/\" \/>\n<meta property=\"article:published_time\" content=\"2024-11-24T08:43:19+00:00\" \/>\n<meta property=\"article:modified_time\" content=\"2024-11-25T09:04:04+00:00\" \/>\n<meta property=\"og:image\" content=\"https:\/\/www.cgfmanet.org\/wp-content\/uploads\/2024\/11\/Giornata-eliminazione-violenza-donne.jpg\" \/>\n\t<meta property=\"og:image:width\" content=\"1181\" \/>\n\t<meta property=\"og:image:height\" content=\"787\" \/>\n\t<meta property=\"og:image:type\" content=\"image\/jpeg\" \/>\n<meta name=\"author\" content=\"Redazione\" \/>\n<meta name=\"twitter:card\" content=\"summary_large_image\" \/>\n<meta name=\"twitter:creator\" content=\"@Cgfmanet_Org\" \/>\n<meta name=\"twitter:site\" content=\"@Cgfmanet_Org\" \/>\n<meta name=\"twitter:label1\" content=\"Escrito por\" \/>\n\t<meta name=\"twitter:data1\" content=\"Redazione\" \/>\n\t<meta name=\"twitter:label2\" content=\"Tempo estimado de leitura\" \/>\n\t<meta name=\"twitter:data2\" content=\"4 minutos\" \/>\n<script type=\"application\/ld+json\" class=\"yoast-schema-graph\">{\"@context\":\"https:\\\/\\\/schema.org\",\"@graph\":[{\"@type\":\"Article\",\"@id\":\"https:\\\/\\\/www.cgfmanet.org\\\/pt-pt\\\/infosfera-pt-pt\\\/dia-internacional-para-a-eliminacao-da-violencia-contra-as-mulheres-2024\\\/#article\",\"isPartOf\":{\"@id\":\"https:\\\/\\\/www.cgfmanet.org\\\/pt-pt\\\/infosfera-pt-pt\\\/dia-internacional-para-a-eliminacao-da-violencia-contra-as-mulheres-2024\\\/\"},\"author\":{\"name\":\"Redazione\",\"@id\":\"https:\\\/\\\/www.cgfmanet.org\\\/es\\\/#\\\/schema\\\/person\\\/ce6473083f53ef0ef882cca23f0c8fb9\"},\"headline\":\"Dia Internacional para a Elimina\u00e7\u00e3o da Viol\u00eancia contra as Mulheres 2024\",\"datePublished\":\"2024-11-24T08:43:19+00:00\",\"dateModified\":\"2024-11-25T09:04:04+00:00\",\"mainEntityOfPage\":{\"@id\":\"https:\\\/\\\/www.cgfmanet.org\\\/pt-pt\\\/infosfera-pt-pt\\\/dia-internacional-para-a-eliminacao-da-violencia-contra-as-mulheres-2024\\\/\"},\"wordCount\":781,\"commentCount\":2,\"publisher\":{\"@id\":\"https:\\\/\\\/www.cgfmanet.org\\\/es\\\/#organization\"},\"image\":{\"@id\":\"https:\\\/\\\/www.cgfmanet.org\\\/pt-pt\\\/infosfera-pt-pt\\\/dia-internacional-para-a-eliminacao-da-violencia-contra-as-mulheres-2024\\\/#primaryimage\"},\"thumbnailUrl\":\"https:\\\/\\\/www.cgfmanet.org\\\/wp-content\\\/uploads\\\/2024\\\/11\\\/Giornata-eliminazione-violenza-donne.jpg\",\"keywords\":[\"Promo\u00e7\u00e3o da mulher\",\"Vides\",\"Focus\",\"Donna\"],\"articleSection\":[\"Infosfera\",\"Direitos Humanos\"],\"inLanguage\":\"pt-PT\",\"potentialAction\":[{\"@type\":\"CommentAction\",\"name\":\"Comment\",\"target\":[\"https:\\\/\\\/www.cgfmanet.org\\\/pt-pt\\\/infosfera-pt-pt\\\/dia-internacional-para-a-eliminacao-da-violencia-contra-as-mulheres-2024\\\/#respond\"]}]},{\"@type\":\"WebPage\",\"@id\":\"https:\\\/\\\/www.cgfmanet.org\\\/pt-pt\\\/infosfera-pt-pt\\\/dia-internacional-para-a-eliminacao-da-violencia-contra-as-mulheres-2024\\\/\",\"url\":\"https:\\\/\\\/www.cgfmanet.org\\\/pt-pt\\\/infosfera-pt-pt\\\/dia-internacional-para-a-eliminacao-da-violencia-contra-as-mulheres-2024\\\/\",\"name\":\"Dia Internacional para a Elimina\u00e7\u00e3o da Viol\u00eancia contra as Mulheres 2024 &#8226; Istituto Figlie di Maria Ausiliatrice\",\"isPartOf\":{\"@id\":\"https:\\\/\\\/www.cgfmanet.org\\\/es\\\/#website\"},\"primaryImageOfPage\":{\"@id\":\"https:\\\/\\\/www.cgfmanet.org\\\/pt-pt\\\/infosfera-pt-pt\\\/dia-internacional-para-a-eliminacao-da-violencia-contra-as-mulheres-2024\\\/#primaryimage\"},\"image\":{\"@id\":\"https:\\\/\\\/www.cgfmanet.org\\\/pt-pt\\\/infosfera-pt-pt\\\/dia-internacional-para-a-eliminacao-da-violencia-contra-as-mulheres-2024\\\/#primaryimage\"},\"thumbnailUrl\":\"https:\\\/\\\/www.cgfmanet.org\\\/wp-content\\\/uploads\\\/2024\\\/11\\\/Giornata-eliminazione-violenza-donne.jpg\",\"datePublished\":\"2024-11-24T08:43:19+00:00\",\"dateModified\":\"2024-11-25T09:04:04+00:00\",\"description\":\"No dia 25 de novembro de 2024 celebra-se o 25\u00ba Dia Internacional para a Elimina\u00e7\u00e3o da Viol\u00eancia contra as Mulheres. O compromisso do VIDES Internacional e da Funda\u00e7\u00e3o FVGS ETS.\",\"breadcrumb\":{\"@id\":\"https:\\\/\\\/www.cgfmanet.org\\\/pt-pt\\\/infosfera-pt-pt\\\/dia-internacional-para-a-eliminacao-da-violencia-contra-as-mulheres-2024\\\/#breadcrumb\"},\"inLanguage\":\"pt-PT\",\"potentialAction\":[{\"@type\":\"ReadAction\",\"target\":[\"https:\\\/\\\/www.cgfmanet.org\\\/pt-pt\\\/infosfera-pt-pt\\\/dia-internacional-para-a-eliminacao-da-violencia-contra-as-mulheres-2024\\\/\"]}]},{\"@type\":\"ImageObject\",\"inLanguage\":\"pt-PT\",\"@id\":\"https:\\\/\\\/www.cgfmanet.org\\\/pt-pt\\\/infosfera-pt-pt\\\/dia-internacional-para-a-eliminacao-da-violencia-contra-as-mulheres-2024\\\/#primaryimage\",\"url\":\"https:\\\/\\\/www.cgfmanet.org\\\/wp-content\\\/uploads\\\/2024\\\/11\\\/Giornata-eliminazione-violenza-donne.jpg\",\"contentUrl\":\"https:\\\/\\\/www.cgfmanet.org\\\/wp-content\\\/uploads\\\/2024\\\/11\\\/Giornata-eliminazione-violenza-donne.jpg\",\"width\":1181,\"height\":787},{\"@type\":\"BreadcrumbList\",\"@id\":\"https:\\\/\\\/www.cgfmanet.org\\\/pt-pt\\\/infosfera-pt-pt\\\/dia-internacional-para-a-eliminacao-da-violencia-contra-as-mulheres-2024\\\/#breadcrumb\",\"itemListElement\":[{\"@type\":\"ListItem\",\"position\":1,\"name\":\"Home\",\"item\":\"https:\\\/\\\/www.cgfmanet.org\\\/pt-pt\\\/\"},{\"@type\":\"ListItem\",\"position\":2,\"name\":\"Dia Internacional para a Elimina\u00e7\u00e3o da Viol\u00eancia contra as Mulheres 2024\"}]},{\"@type\":\"WebSite\",\"@id\":\"https:\\\/\\\/www.cgfmanet.org\\\/es\\\/#website\",\"url\":\"https:\\\/\\\/www.cgfmanet.org\\\/es\\\/\",\"name\":\"Istituto Figlie di Maria Ausiliatrice\",\"description\":\"Salesiane di Don Bosco\",\"publisher\":{\"@id\":\"https:\\\/\\\/www.cgfmanet.org\\\/es\\\/#organization\"},\"potentialAction\":[{\"@type\":\"SearchAction\",\"target\":{\"@type\":\"EntryPoint\",\"urlTemplate\":\"https:\\\/\\\/www.cgfmanet.org\\\/es\\\/?s={search_term_string}\"},\"query-input\":{\"@type\":\"PropertyValueSpecification\",\"valueRequired\":true,\"valueName\":\"search_term_string\"}}],\"inLanguage\":\"pt-PT\"},{\"@type\":\"Organization\",\"@id\":\"https:\\\/\\\/www.cgfmanet.org\\\/es\\\/#organization\",\"name\":\"Istituto Figlie di Maria Ausiliatrice\",\"url\":\"https:\\\/\\\/www.cgfmanet.org\\\/es\\\/\",\"logo\":{\"@type\":\"ImageObject\",\"inLanguage\":\"pt-PT\",\"@id\":\"https:\\\/\\\/www.cgfmanet.org\\\/es\\\/#\\\/schema\\\/logo\\\/image\\\/\",\"url\":\"https:\\\/\\\/www.cgfmanet.org\\\/wp-content\\\/uploads\\\/2018\\\/10\\\/logo-fma.png\",\"contentUrl\":\"https:\\\/\\\/www.cgfmanet.org\\\/wp-content\\\/uploads\\\/2018\\\/10\\\/logo-fma.png\",\"width\":214,\"height\":55,\"caption\":\"Istituto Figlie di Maria Ausiliatrice\"},\"image\":{\"@id\":\"https:\\\/\\\/www.cgfmanet.org\\\/es\\\/#\\\/schema\\\/logo\\\/image\\\/\"},\"sameAs\":[\"https:\\\/\\\/www.facebook.com\\\/salesian.sisters.of.don.bosco\\\/\",\"https:\\\/\\\/x.com\\\/Cgfmanet_Org\",\"https:\\\/\\\/www.youtube.com\\\/channel\\\/UCmcr8yFQBV7JXeXVxyV9y5Q\"]},{\"@type\":\"Person\",\"@id\":\"https:\\\/\\\/www.cgfmanet.org\\\/es\\\/#\\\/schema\\\/person\\\/ce6473083f53ef0ef882cca23f0c8fb9\",\"name\":\"Redazione\"}]}<\/script>\n<!-- \/ Yoast SEO plugin. -->","yoast_head_json":{"title":"Dia Internacional para a Elimina\u00e7\u00e3o da Viol\u00eancia contra as Mulheres 2024 &#8226; Istituto Figlie di Maria Ausiliatrice","description":"No dia 25 de novembro de 2024 celebra-se o 25\u00ba Dia Internacional para a Elimina\u00e7\u00e3o da Viol\u00eancia contra as Mulheres. O compromisso do VIDES Internacional e da Funda\u00e7\u00e3o FVGS ETS.","robots":{"index":"index","follow":"follow","max-snippet":"max-snippet:-1","max-image-preview":"max-image-preview:large","max-video-preview":"max-video-preview:-1"},"canonical":"https:\/\/www.cgfmanet.org\/pt-pt\/infosfera-pt-pt\/dia-internacional-para-a-eliminacao-da-violencia-contra-as-mulheres-2024\/","og_locale":"pt_PT","og_type":"article","og_title":"Dia Internacional para a Elimina\u00e7\u00e3o da Viol\u00eancia contra as Mulheres 2024 &#8226; Istituto Figlie di Maria Ausiliatrice","og_description":"No dia 25 de novembro de 2024 celebra-se o 25\u00ba Dia Internacional para a Elimina\u00e7\u00e3o da Viol\u00eancia contra as Mulheres. O compromisso do VIDES Internacional e da Funda\u00e7\u00e3o FVGS ETS.","og_url":"https:\/\/www.cgfmanet.org\/pt-pt\/infosfera-pt-pt\/dia-internacional-para-a-eliminacao-da-violencia-contra-as-mulheres-2024\/","og_site_name":"Istituto Figlie di Maria Ausiliatrice","article_publisher":"https:\/\/www.facebook.com\/salesian.sisters.of.don.bosco\/","article_published_time":"2024-11-24T08:43:19+00:00","article_modified_time":"2024-11-25T09:04:04+00:00","og_image":[{"width":1181,"height":787,"url":"https:\/\/www.cgfmanet.org\/wp-content\/uploads\/2024\/11\/Giornata-eliminazione-violenza-donne.jpg","type":"image\/jpeg"}],"author":"Redazione","twitter_card":"summary_large_image","twitter_creator":"@Cgfmanet_Org","twitter_site":"@Cgfmanet_Org","twitter_misc":{"Escrito por":"Redazione","Tempo estimado de leitura":"4 minutos"},"schema":{"@context":"https:\/\/schema.org","@graph":[{"@type":"Article","@id":"https:\/\/www.cgfmanet.org\/pt-pt\/infosfera-pt-pt\/dia-internacional-para-a-eliminacao-da-violencia-contra-as-mulheres-2024\/#article","isPartOf":{"@id":"https:\/\/www.cgfmanet.org\/pt-pt\/infosfera-pt-pt\/dia-internacional-para-a-eliminacao-da-violencia-contra-as-mulheres-2024\/"},"author":{"name":"Redazione","@id":"https:\/\/www.cgfmanet.org\/es\/#\/schema\/person\/ce6473083f53ef0ef882cca23f0c8fb9"},"headline":"Dia Internacional para a Elimina\u00e7\u00e3o da Viol\u00eancia contra as Mulheres 2024","datePublished":"2024-11-24T08:43:19+00:00","dateModified":"2024-11-25T09:04:04+00:00","mainEntityOfPage":{"@id":"https:\/\/www.cgfmanet.org\/pt-pt\/infosfera-pt-pt\/dia-internacional-para-a-eliminacao-da-violencia-contra-as-mulheres-2024\/"},"wordCount":781,"commentCount":2,"publisher":{"@id":"https:\/\/www.cgfmanet.org\/es\/#organization"},"image":{"@id":"https:\/\/www.cgfmanet.org\/pt-pt\/infosfera-pt-pt\/dia-internacional-para-a-eliminacao-da-violencia-contra-as-mulheres-2024\/#primaryimage"},"thumbnailUrl":"https:\/\/www.cgfmanet.org\/wp-content\/uploads\/2024\/11\/Giornata-eliminazione-violenza-donne.jpg","keywords":["Promo\u00e7\u00e3o da mulher","Vides","Focus","Donna"],"articleSection":["Infosfera","Direitos Humanos"],"inLanguage":"pt-PT","potentialAction":[{"@type":"CommentAction","name":"Comment","target":["https:\/\/www.cgfmanet.org\/pt-pt\/infosfera-pt-pt\/dia-internacional-para-a-eliminacao-da-violencia-contra-as-mulheres-2024\/#respond"]}]},{"@type":"WebPage","@id":"https:\/\/www.cgfmanet.org\/pt-pt\/infosfera-pt-pt\/dia-internacional-para-a-eliminacao-da-violencia-contra-as-mulheres-2024\/","url":"https:\/\/www.cgfmanet.org\/pt-pt\/infosfera-pt-pt\/dia-internacional-para-a-eliminacao-da-violencia-contra-as-mulheres-2024\/","name":"Dia Internacional para a Elimina\u00e7\u00e3o da Viol\u00eancia contra as Mulheres 2024 &#8226; Istituto Figlie di Maria Ausiliatrice","isPartOf":{"@id":"https:\/\/www.cgfmanet.org\/es\/#website"},"primaryImageOfPage":{"@id":"https:\/\/www.cgfmanet.org\/pt-pt\/infosfera-pt-pt\/dia-internacional-para-a-eliminacao-da-violencia-contra-as-mulheres-2024\/#primaryimage"},"image":{"@id":"https:\/\/www.cgfmanet.org\/pt-pt\/infosfera-pt-pt\/dia-internacional-para-a-eliminacao-da-violencia-contra-as-mulheres-2024\/#primaryimage"},"thumbnailUrl":"https:\/\/www.cgfmanet.org\/wp-content\/uploads\/2024\/11\/Giornata-eliminazione-violenza-donne.jpg","datePublished":"2024-11-24T08:43:19+00:00","dateModified":"2024-11-25T09:04:04+00:00","description":"No dia 25 de novembro de 2024 celebra-se o 25\u00ba Dia Internacional para a Elimina\u00e7\u00e3o da Viol\u00eancia contra as Mulheres. O compromisso do VIDES Internacional e da Funda\u00e7\u00e3o FVGS ETS.","breadcrumb":{"@id":"https:\/\/www.cgfmanet.org\/pt-pt\/infosfera-pt-pt\/dia-internacional-para-a-eliminacao-da-violencia-contra-as-mulheres-2024\/#breadcrumb"},"inLanguage":"pt-PT","potentialAction":[{"@type":"ReadAction","target":["https:\/\/www.cgfmanet.org\/pt-pt\/infosfera-pt-pt\/dia-internacional-para-a-eliminacao-da-violencia-contra-as-mulheres-2024\/"]}]},{"@type":"ImageObject","inLanguage":"pt-PT","@id":"https:\/\/www.cgfmanet.org\/pt-pt\/infosfera-pt-pt\/dia-internacional-para-a-eliminacao-da-violencia-contra-as-mulheres-2024\/#primaryimage","url":"https:\/\/www.cgfmanet.org\/wp-content\/uploads\/2024\/11\/Giornata-eliminazione-violenza-donne.jpg","contentUrl":"https:\/\/www.cgfmanet.org\/wp-content\/uploads\/2024\/11\/Giornata-eliminazione-violenza-donne.jpg","width":1181,"height":787},{"@type":"BreadcrumbList","@id":"https:\/\/www.cgfmanet.org\/pt-pt\/infosfera-pt-pt\/dia-internacional-para-a-eliminacao-da-violencia-contra-as-mulheres-2024\/#breadcrumb","itemListElement":[{"@type":"ListItem","position":1,"name":"Home","item":"https:\/\/www.cgfmanet.org\/pt-pt\/"},{"@type":"ListItem","position":2,"name":"Dia Internacional para a Elimina\u00e7\u00e3o da Viol\u00eancia contra as Mulheres 2024"}]},{"@type":"WebSite","@id":"https:\/\/www.cgfmanet.org\/es\/#website","url":"https:\/\/www.cgfmanet.org\/es\/","name":"Istituto Figlie di Maria Ausiliatrice","description":"Salesiane di Don Bosco","publisher":{"@id":"https:\/\/www.cgfmanet.org\/es\/#organization"},"potentialAction":[{"@type":"SearchAction","target":{"@type":"EntryPoint","urlTemplate":"https:\/\/www.cgfmanet.org\/es\/?s={search_term_string}"},"query-input":{"@type":"PropertyValueSpecification","valueRequired":true,"valueName":"search_term_string"}}],"inLanguage":"pt-PT"},{"@type":"Organization","@id":"https:\/\/www.cgfmanet.org\/es\/#organization","name":"Istituto Figlie di Maria Ausiliatrice","url":"https:\/\/www.cgfmanet.org\/es\/","logo":{"@type":"ImageObject","inLanguage":"pt-PT","@id":"https:\/\/www.cgfmanet.org\/es\/#\/schema\/logo\/image\/","url":"https:\/\/www.cgfmanet.org\/wp-content\/uploads\/2018\/10\/logo-fma.png","contentUrl":"https:\/\/www.cgfmanet.org\/wp-content\/uploads\/2018\/10\/logo-fma.png","width":214,"height":55,"caption":"Istituto Figlie di Maria Ausiliatrice"},"image":{"@id":"https:\/\/www.cgfmanet.org\/es\/#\/schema\/logo\/image\/"},"sameAs":["https:\/\/www.facebook.com\/salesian.sisters.of.don.bosco\/","https:\/\/x.com\/Cgfmanet_Org","https:\/\/www.youtube.com\/channel\/UCmcr8yFQBV7JXeXVxyV9y5Q"]},{"@type":"Person","@id":"https:\/\/www.cgfmanet.org\/es\/#\/schema\/person\/ce6473083f53ef0ef882cca23f0c8fb9","name":"Redazione"}]}},"_links":{"self":[{"href":"https:\/\/www.cgfmanet.org\/pt-pt\/wp-json\/wp\/v2\/posts\/123873","targetHints":{"allow":["GET"]}}],"collection":[{"href":"https:\/\/www.cgfmanet.org\/pt-pt\/wp-json\/wp\/v2\/posts"}],"about":[{"href":"https:\/\/www.cgfmanet.org\/pt-pt\/wp-json\/wp\/v2\/types\/post"}],"author":[{"embeddable":true,"href":"https:\/\/www.cgfmanet.org\/pt-pt\/wp-json\/wp\/v2\/users\/21"}],"replies":[{"embeddable":true,"href":"https:\/\/www.cgfmanet.org\/pt-pt\/wp-json\/wp\/v2\/comments?post=123873"}],"version-history":[{"count":3,"href":"https:\/\/www.cgfmanet.org\/pt-pt\/wp-json\/wp\/v2\/posts\/123873\/revisions"}],"predecessor-version":[{"id":123886,"href":"https:\/\/www.cgfmanet.org\/pt-pt\/wp-json\/wp\/v2\/posts\/123873\/revisions\/123886"}],"wp:featuredmedia":[{"embeddable":true,"href":"https:\/\/www.cgfmanet.org\/pt-pt\/wp-json\/wp\/v2\/media\/123867"}],"wp:attachment":[{"href":"https:\/\/www.cgfmanet.org\/pt-pt\/wp-json\/wp\/v2\/media?parent=123873"}],"wp:term":[{"taxonomy":"category","embeddable":true,"href":"https:\/\/www.cgfmanet.org\/pt-pt\/wp-json\/wp\/v2\/categories?post=123873"},{"taxonomy":"post_tag","embeddable":true,"href":"https:\/\/www.cgfmanet.org\/pt-pt\/wp-json\/wp\/v2\/tags?post=123873"}],"curies":[{"name":"wp","href":"https:\/\/api.w.org\/{rel}","templated":true}]}}