{"id":123785,"date":"2024-11-23T12:51:12","date_gmt":"2024-11-23T11:51:12","guid":{"rendered":"https:\/\/www.cgfmanet.org\/infosfera-pt-pt\/la-responsabilita-di-essere-comunita-vocazionali-circolare-n-1043\/"},"modified":"2024-11-24T15:21:39","modified_gmt":"2024-11-24T14:21:39","slug":"a-responsabilidade-de-ser-comunidades-vocacionais-circular-no-1043","status":"publish","type":"post","link":"https:\/\/www.cgfmanet.org\/pt-pt\/ifma-pt-pt\/a-responsabilidade-de-ser-comunidades-vocacionais-circular-no-1043\/","title":{"rendered":"A responsabilidade de ser comunidades vocacionais \u2013 Circular n\u00ba 1043"},"content":{"rendered":"<p><strong>Roma (It\u00e1lia).<\/strong> A Madre Geral do Instituto das Filhas de Maria Auxiliadora, Irm\u00e3 Chiara Cazzuola, abre a Circular 1.043 recordando o momento particular vivido pela Igreja com a XVI Assembleia Geral Ordin\u00e1ria do S\u00ednodo dos Bispos, um processo inacabado <em>\u201cconfiado a cada um\/a de n\u00f3s para que possamos atu\u00e1-lo num caminho quotidiano como uma verdadeira convers\u00e3o pessoal e comunit\u00e1ria&#8221;<\/em>.<\/p>\n<p>Do Documento final do S\u00ednodo, a Madre retoma o tema das rela\u00e7\u00f5es, atrav\u00e9s das quais passa o an\u00fancio da salva\u00e7\u00e3o, que se vive e se testemunha juntas: \u201c<em>\u00c9 um apelo a n\u00f3s para considerar como a voca\u00e7\u00e3o da Filha de Maria Auxiliadora n\u00e3o \u00e9 conceb\u00edvel sem a comunh\u00e3o vivida numa comunidade permeada pelo esp\u00edrito de fam\u00edlia, orientada \u00e0 miss\u00e3o educativa evangelizadora vivida no estilo da sinodalidade (&#8230;)<\/em> <strong><em>Somos comunidades de mulheres &#8216;convocadas\u2019 ao seguimento de Jesus, &#8216;enviadas\u2019 aos jovens no esp\u00edrito do mihi animas cetera tolle\u201d.<\/em><\/strong><\/p>\n<p>Recorda depois a<span style=\"color: #0000ff;\"><strong><a style=\"color: #0000ff;\" href=\"https:\/\/www.cgfmanet.org\/pt-pt\/ifma-pt-pt\/abertura-do-trienio-do-150o-aniversario-da-1a-expedicao-missionaria\/\" target=\"_blank\" rel=\"noopener\"> abertura do Tri\u00eanio<\/a><\/strong><\/span> em prepara\u00e7\u00e3o ao 150\u00ba anivers\u00e1rio da primeira partida mission\u00e1ria das FMA, um tempo forte de gratid\u00e3o que remete \u00e0s origens, que reaviva o desejo de sentir-se em miss\u00e3o e de ser <em>&#8220;comunidades geradoras de vida no cora\u00e7\u00e3o da contemporaneidade. Assim o seremos se cada uma despertar em si mesma o frescor original da fecundidade vocacional do Instituto. <strong>Quanto mais formos geradoras de vida, mais o mundo ser\u00e1 cheio de esperan\u00e7a e de vida nova\u201d. <\/strong><\/em><\/p>\n<p><strong>A beleza do seguimento <\/strong><\/p>\n<p><strong>Ser comunidades vocacionais<\/strong>: \u00e9 o convite expl\u00edcito da primeira escolha priorit\u00e1ria do Cap\u00edtulo Geral XXIV e o aspecto da identidade das FMA que a Madre escolhe aprofundar nesta Circular, destacando <em>a necessidade de testemunharmos <strong>juntas<\/strong> a beleza da voca\u00e7\u00e3o salesiana e de viver um renovado impulso vocacional a partir da nossa vida. O Senhor pede-nos <strong>uma renovada responsabilidade<\/strong>: tornar mais vis\u00edvel o carisma e empenhar-nos a transmiti-lo e revitaliz\u00e1-lo na fidelidade, no contexto de hoje\u201d<\/em>.<\/p>\n<p>Coloca portanto uma pergunta: <strong>\u201cquais s\u00e3o hoje as express\u00f5es que tornam evidente \u00e0s jovens e aos jovens a nossa feliz perten\u00e7a ao Senhor?\u201d<\/strong><\/p>\n<p><strong>A alegria<\/strong>, dom e responsabilidade, \u00e9 o tra\u00e7o mais significativo que emerge da Circular n\u00ba 960 de Madre Yvonne Reungoat (24 de abril de 2016), que Madre Chiara prop\u00f5e como reflex\u00e3o de grande atualidade: <em>\u201cas comunidades vocacionais n\u00e3o s\u00e3o, antes de tudo, lugares em que se organizam atividades de anima\u00e7\u00e3o vocacional, que tamb\u00e9m s\u00e3o necess\u00e1rias, mas espa\u00e7os em que se vive e se testemunha a pr\u00f3pria voca\u00e7\u00e3o e \u00a0ela se expressa com alegre fidelidade no tecido das rela\u00e7\u00f5es quotidianas e da miss\u00e3o\u201d. <\/em><\/p>\n<p>Uma alegria que bebe da fonte do amor de Deus, manifestado em Jesus Cristo. Portanto, sublinha a Madre, <em>\u201cToda comunidade, para que seja vocacional, pode e deve ser uma verdadeira &#8216;schola amoris&#8217; e exprimir visivelmente a fraternidade&#8221;<\/em>. E ainda: <strong><em>&#8220;As nossas comunidades t\u00eam valor prof\u00e9tico se forem testemunho alegre da gratuidade do amor de Deus&#8221;.<\/em><\/strong><\/p>\n<p>Mesmo nas tenta\u00e7\u00f5es da vida atual, das quais n\u00e3o se est\u00e1 isento, a miss\u00e3o espec\u00edfica da vida consagrada na Igreja e no mundo \u00e9 <em>\u201cdar testemunho do Senhor Jesus com a vida, com as obras e com as palavras\u201d.<\/em> Madre Chiara recorda que <em>\u201co amor apaixonado por Jesus Cristo \u00e9 uma poderosa atra\u00e7\u00e3o aos jovens que Ele, na sua bondade, chama a segui-lo de perto e para sempre\u201d<\/em> e que <em>\u201cos nossos contempor\u00e2neos querem \u2018ver\u2019 nas pessoas consagradas <strong>a alegria que vem de pertencer ao Senhor\u201d<\/strong><\/em><strong>.<\/strong><\/p>\n<p><em>\u201cNeste sentido<\/em> &#8211; diz a Madre &#8211; <em>\u00e9 importante testemunho de comunidades centradas em Jesus e na ora\u00e7\u00e3o\u201d<\/em>, nas quais se aprende a amar com a gratuidade de Jesus e s\u00e3o enriquecidas nas rela\u00e7\u00f5es serenas e fraternas vividas em sentido evang\u00e9lico na escola de Maria, Mestra de ora\u00e7\u00e3o e de comunh\u00e3o que, como primeira evangelizada, <em>\u201calimenta em n\u00f3s um forte impulso mission\u00e1rio\u201d. <\/em><\/p>\n<p><strong>\u00abN\u00e3o fostes v\u00f3s que escolhestes a mim, mas fui eu que vos escolhi\u201d<\/strong><\/p>\n<p>\u00c9 a cita\u00e7\u00e3o que abre e ilumina o trecho das Constitui\u00e7\u00f5es relativo \u00e0 identidade do Instituto das FMA (artigos 1-7) que torna evidente <strong>a voca\u00e7\u00e3o<\/strong> como dom e chamado gratuito, uma gra\u00e7a em que a iniciativa\u00a0 \u00e9 de Deus. Uma voca\u00e7\u00e3o nascida, como afirmava Dom Bosco, <strong>por atra\u00e7\u00e3o, por cont\u00e1gio<\/strong>. Por isso, recorda a Madre, <em>\u201cse a nossa vida testemunha e torna fascinante o carisma, colocamos as condi\u00e7\u00f5es para que os jovens se interroguem em profundidade\u201d.<\/em><\/p>\n<p>Se <strong>o testemunho<\/strong> <em>\u201cde quem vive com consci\u00eancia, responsabilidade<\/em>, autenticidade e alegria a pr\u00f3pria voca\u00e7\u00e3o\u201d pode ajudar os jovens na n\u00e3o f\u00e1cil tarefa de discernir o caminho a percorrer na pr\u00f3pria vida, \u00e9 necess\u00e1rio tamb\u00e9m <strong>orientar o seu caminho<\/strong>, oferecendo um ambiente rico de modelos e de valores nos quais possa <em>\u201cencontrar respostas \u00e0 sua sede de Deus\u201d <\/em>e <em>\u201cum acompanhamento sistem\u00e1tico, paciente e discreto, para que possam descobrir gradualmente o des\u00edgnio do Pai sobre eles\u201d. <\/em><\/p>\n<p>A este prop\u00f3sito, a Madre recorda a responsabilidade de cada comunidade que, <em>\u201cno contexto em que vive e trabalha, tem a tarefa de prolongar no tempo o carisma salesiano, para que continue a ser fecundo de bem para muitas\/os jovens\u201d<\/em> e <strong>convida a reler o artigo 73 das Constitui\u00e7\u00f5es.<\/strong><\/p>\n<p><strong>A maternidade educativa de Maria Domingas Mazzarello<\/strong><\/p>\n<p>Madre Chiara busca no patrim\u00f4nio carism\u00e1tico, evidenciando a grande <em>\u201ccapacidade de acompanhamento e orienta\u00e7\u00e3o dos jovens e das Irm\u00e3s\u201d<\/em> de Maria Domingas Mazzarello, que assume com humildade a miss\u00e3o de \u201cMadre\u201d, unindo aos seus dons na dire\u00e7\u00e3o das almas a confian\u00e7a em Maria, M\u00e3e e Mestra, da qual aprende a arte de cuidar de cada uma, e no Senhor, na certeza de que <em>\u00abSem Ele n\u00e3o somos capazes sen\u00e3o de fazer o mal\u201d<\/em> (C 66.2).<\/p>\n<p><em>\u201c\u00c9 um claro e materno convite \u00e0 ora\u00e7\u00e3o \u201cass\u00eddua e concorde\u201d, para que o Senhor torne fecundas as nossas comunidades, segundo a sua vontade. Ser\u00e3o assim aut\u00eanticas comunidades vocacionais<\/em>, conclui a Madre.<\/p>\n<p>A Circular termina com um olhar\u00a0 ao caminho do Advento, j\u00e1 \u00e0s portas: <em>\u201cSeja Maria, Imaculada e M\u00e3e, que sabe como ajudar-nos, a guiar os nossos passos rumo a Bel\u00e9m junto com todas as crian\u00e7as,\u00a0 jovens, comunidades educativas e aqueles que conosco compartilham o carisma salesiano\u201d. <\/em><\/p>\n<p>E com o aug\u00fario, tamb\u00e9m em nome do Conselho geral, de <strong>um Santo Natal de paz e de esperan\u00e7a<\/strong> a todas as FMA e aos familiares, <em>\u00e0s comunidades educativas,<\/em> <em>\u00e0s fam\u00edlias, \u00e0s meninas e aos meninos, \u00e0s jovens e aos jovens que frequentam as nossas casas, especialmente aqueles que est\u00e3o mais em dificuldades. <\/em><\/p>\n<p>A Madre augura <em>\u201cviver juntas o Jubileu 2025, que est\u00e1 para iniciar, como Peregrinos de esperan\u00e7a\u201d<\/em> e dirige um aug\u00fario especial ao Vig\u00e1rio do Reitor-Mor, Pe. Stefano Martoglio, aos Coirm\u00e3os Salesianos e aos membros da Fam\u00edlia Salesiana.<\/p>\n<p>Por fim, exprime a particular proximidade <em>\u201c\u00e0s Irm\u00e3s e \u00e0s comunidades que vivem situa\u00e7\u00f5es dif\u00edceis, por causa de guerras, viol\u00eancias, calamidades naturais, pobreza, e, sobre a humanidade inteira, <strong>invocamos com f\u00e9 o dom de uma \u00a0paz verdadeira e duradora\u201d. <\/strong><\/em><\/p>\n<p><span style=\"color: #0000ff;\"><strong><a style=\"color: #0000ff;\" href=\"https:\/\/drive.google.com\/file\/d\/1kiJU04TFCVA0JVnNoRdABsGq5yzBh1x5\/view?usp=drive_link\" target=\"_blank\" rel=\"noopener\">Circular n\u00b0 1043<\/a><\/strong><\/span><\/p>\n","protected":false},"excerpt":{"rendered":"<p>Roma (It\u00e1lia). A Madre Geral do Instituto das Filhas de Maria Auxiliadora, Irm\u00e3 Chiara Cazzuola, abre a Circular 1.043 recordando o momento particular vivido pela Igreja com a XVI Assembleia [&hellip;]<\/p>\n","protected":false},"author":21,"featured_media":123780,"comment_status":"open","ping_status":"closed","sticky":false,"template":"","format":"standard","meta":{"footnotes":""},"categories":[166,159],"tags":[370,1460,1665,1756,1930,2237,2378],"class_list":["post-123785","post","type-post","status-publish","format-standard","has-post-thumbnail","category-carisma-salesiano-pt","category-ifma-pt-pt","tag-madre-geral","tag-sinodalidade","tag-spiritualita-salesiana-pt-pt","tag-cultura-vocazionale-pt-pt","tag-focus-pt-pt","tag-circolare-pt-pt","tag-madre-chiara-cazzuola-pt-pt"],"yoast_head":"<!-- This site is optimized with the Yoast SEO plugin v27.4 - https:\/\/yoast.com\/product\/yoast-seo-wordpress\/ -->\n<title>A responsabilidade de ser comunidades vocacionais \u2013 Circular n\u00ba 1043 &#8226; Istituto Figlie di Maria Ausiliatrice<\/title>\n<meta name=\"description\" content=\"A Madre Geral do Instituto das FMA, Irm\u00e3 Chiara Cazzuola, na Circular n\u00ba 1043 aprofunda um aspecto da identidade das FMA: o de ser comunidades vocacionais.\" \/>\n<meta name=\"robots\" content=\"index, follow, max-snippet:-1, max-image-preview:large, max-video-preview:-1\" \/>\n<link rel=\"canonical\" href=\"https:\/\/www.cgfmanet.org\/ifma\/la-responsabilita-di-essere-comunita-vocazionali-circolare-n-1043\/\" \/>\n<meta property=\"og:locale\" content=\"pt_PT\" \/>\n<meta property=\"og:type\" content=\"article\" \/>\n<meta property=\"og:title\" content=\"A responsabilidade de ser comunidades vocacionais \u2013 Circular n\u00ba 1043 &#8226; Istituto Figlie di Maria Ausiliatrice\" \/>\n<meta property=\"og:description\" content=\"A Madre Geral do Instituto das FMA, Irm\u00e3 Chiara Cazzuola, na Circular n\u00ba 1043 aprofunda um aspecto da identidade das FMA: o de ser comunidades vocacionais.\" \/>\n<meta property=\"og:url\" content=\"https:\/\/www.cgfmanet.org\/ifma\/la-responsabilita-di-essere-comunita-vocazionali-circolare-n-1043\/\" \/>\n<meta property=\"og:site_name\" content=\"Istituto Figlie di Maria Ausiliatrice\" \/>\n<meta property=\"article:publisher\" content=\"https:\/\/www.facebook.com\/salesian.sisters.of.don.bosco\/\" \/>\n<meta property=\"article:published_time\" content=\"2024-11-23T11:51:12+00:00\" \/>\n<meta property=\"article:modified_time\" content=\"2024-11-24T14:21:39+00:00\" \/>\n<meta property=\"og:image\" content=\"https:\/\/www.cgfmanet.org\/wp-content\/uploads\/2024\/11\/Circolare-n\u00b01043.jpg\" \/>\n\t<meta property=\"og:image:width\" content=\"1137\" \/>\n\t<meta property=\"og:image:height\" content=\"759\" \/>\n\t<meta property=\"og:image:type\" content=\"image\/jpeg\" \/>\n<meta name=\"author\" content=\"Redazione\" \/>\n<meta name=\"twitter:card\" content=\"summary_large_image\" \/>\n<meta name=\"twitter:creator\" content=\"@Cgfmanet_Org\" \/>\n<meta name=\"twitter:site\" content=\"@Cgfmanet_Org\" \/>\n<meta name=\"twitter:label1\" content=\"Escrito por\" \/>\n\t<meta name=\"twitter:data1\" content=\"Redazione\" \/>\n\t<meta name=\"twitter:label2\" content=\"Tempo estimado de leitura\" \/>\n\t<meta name=\"twitter:data2\" content=\"7 minutos\" \/>\n<script type=\"application\/ld+json\" class=\"yoast-schema-graph\">{\"@context\":\"https:\\\/\\\/schema.org\",\"@graph\":[{\"@type\":\"Article\",\"@id\":\"https:\\\/\\\/www.cgfmanet.org\\\/ifma\\\/la-responsabilita-di-essere-comunita-vocazionali-circolare-n-1043\\\/#article\",\"isPartOf\":{\"@id\":\"https:\\\/\\\/www.cgfmanet.org\\\/ifma\\\/la-responsabilita-di-essere-comunita-vocazionali-circolare-n-1043\\\/\"},\"author\":{\"name\":\"Redazione\",\"@id\":\"https:\\\/\\\/www.cgfmanet.org\\\/es\\\/#\\\/schema\\\/person\\\/ce6473083f53ef0ef882cca23f0c8fb9\"},\"headline\":\"A responsabilidade de ser comunidades vocacionais \u2013 Circular n\u00ba 1043\",\"datePublished\":\"2024-11-23T11:51:12+00:00\",\"dateModified\":\"2024-11-24T14:21:39+00:00\",\"mainEntityOfPage\":{\"@id\":\"https:\\\/\\\/www.cgfmanet.org\\\/ifma\\\/la-responsabilita-di-essere-comunita-vocazionali-circolare-n-1043\\\/\"},\"wordCount\":1224,\"commentCount\":0,\"publisher\":{\"@id\":\"https:\\\/\\\/www.cgfmanet.org\\\/es\\\/#organization\"},\"image\":{\"@id\":\"https:\\\/\\\/www.cgfmanet.org\\\/ifma\\\/la-responsabilita-di-essere-comunita-vocazionali-circolare-n-1043\\\/#primaryimage\"},\"thumbnailUrl\":\"https:\\\/\\\/www.cgfmanet.org\\\/wp-content\\\/uploads\\\/2024\\\/11\\\/Circolare-n\u00b01043.jpg\",\"keywords\":[\"Madre Geral\",\"Sinodalidade\",\"Spiritualit\u00e0 Salesiana\",\"cultura vocazionale\",\"Focus\",\"Circolare\",\"Madre Chiara Cazzuola\"],\"articleSection\":[\"Carisma Salesiano\",\"IFMA\"],\"inLanguage\":\"pt-PT\",\"potentialAction\":[{\"@type\":\"CommentAction\",\"name\":\"Comment\",\"target\":[\"https:\\\/\\\/www.cgfmanet.org\\\/ifma\\\/la-responsabilita-di-essere-comunita-vocazionali-circolare-n-1043\\\/#respond\"]}]},{\"@type\":\"WebPage\",\"@id\":\"https:\\\/\\\/www.cgfmanet.org\\\/ifma\\\/la-responsabilita-di-essere-comunita-vocazionali-circolare-n-1043\\\/\",\"url\":\"https:\\\/\\\/www.cgfmanet.org\\\/ifma\\\/la-responsabilita-di-essere-comunita-vocazionali-circolare-n-1043\\\/\",\"name\":\"A responsabilidade de ser comunidades vocacionais \u2013 Circular n\u00ba 1043 &#8226; Istituto Figlie di Maria Ausiliatrice\",\"isPartOf\":{\"@id\":\"https:\\\/\\\/www.cgfmanet.org\\\/es\\\/#website\"},\"primaryImageOfPage\":{\"@id\":\"https:\\\/\\\/www.cgfmanet.org\\\/ifma\\\/la-responsabilita-di-essere-comunita-vocazionali-circolare-n-1043\\\/#primaryimage\"},\"image\":{\"@id\":\"https:\\\/\\\/www.cgfmanet.org\\\/ifma\\\/la-responsabilita-di-essere-comunita-vocazionali-circolare-n-1043\\\/#primaryimage\"},\"thumbnailUrl\":\"https:\\\/\\\/www.cgfmanet.org\\\/wp-content\\\/uploads\\\/2024\\\/11\\\/Circolare-n\u00b01043.jpg\",\"datePublished\":\"2024-11-23T11:51:12+00:00\",\"dateModified\":\"2024-11-24T14:21:39+00:00\",\"description\":\"A Madre Geral do Instituto das FMA, Irm\u00e3 Chiara Cazzuola, na Circular n\u00ba 1043 aprofunda um aspecto da identidade das FMA: o de ser comunidades vocacionais.\",\"breadcrumb\":{\"@id\":\"https:\\\/\\\/www.cgfmanet.org\\\/ifma\\\/la-responsabilita-di-essere-comunita-vocazionali-circolare-n-1043\\\/#breadcrumb\"},\"inLanguage\":\"pt-PT\",\"potentialAction\":[{\"@type\":\"ReadAction\",\"target\":[\"https:\\\/\\\/www.cgfmanet.org\\\/ifma\\\/la-responsabilita-di-essere-comunita-vocazionali-circolare-n-1043\\\/\"]}]},{\"@type\":\"ImageObject\",\"inLanguage\":\"pt-PT\",\"@id\":\"https:\\\/\\\/www.cgfmanet.org\\\/ifma\\\/la-responsabilita-di-essere-comunita-vocazionali-circolare-n-1043\\\/#primaryimage\",\"url\":\"https:\\\/\\\/www.cgfmanet.org\\\/wp-content\\\/uploads\\\/2024\\\/11\\\/Circolare-n\u00b01043.jpg\",\"contentUrl\":\"https:\\\/\\\/www.cgfmanet.org\\\/wp-content\\\/uploads\\\/2024\\\/11\\\/Circolare-n\u00b01043.jpg\",\"width\":1137,\"height\":759},{\"@type\":\"BreadcrumbList\",\"@id\":\"https:\\\/\\\/www.cgfmanet.org\\\/ifma\\\/la-responsabilita-di-essere-comunita-vocazionali-circolare-n-1043\\\/#breadcrumb\",\"itemListElement\":[{\"@type\":\"ListItem\",\"position\":1,\"name\":\"Home\",\"item\":\"https:\\\/\\\/www.cgfmanet.org\\\/pt-pt\\\/\"},{\"@type\":\"ListItem\",\"position\":2,\"name\":\"A responsabilidade de ser comunidades vocacionais \u2013 Circular n\u00ba 1043\"}]},{\"@type\":\"WebSite\",\"@id\":\"https:\\\/\\\/www.cgfmanet.org\\\/es\\\/#website\",\"url\":\"https:\\\/\\\/www.cgfmanet.org\\\/es\\\/\",\"name\":\"Istituto Figlie di Maria Ausiliatrice\",\"description\":\"Salesiane di Don Bosco\",\"publisher\":{\"@id\":\"https:\\\/\\\/www.cgfmanet.org\\\/es\\\/#organization\"},\"potentialAction\":[{\"@type\":\"SearchAction\",\"target\":{\"@type\":\"EntryPoint\",\"urlTemplate\":\"https:\\\/\\\/www.cgfmanet.org\\\/es\\\/?s={search_term_string}\"},\"query-input\":{\"@type\":\"PropertyValueSpecification\",\"valueRequired\":true,\"valueName\":\"search_term_string\"}}],\"inLanguage\":\"pt-PT\"},{\"@type\":\"Organization\",\"@id\":\"https:\\\/\\\/www.cgfmanet.org\\\/es\\\/#organization\",\"name\":\"Istituto Figlie di Maria Ausiliatrice\",\"url\":\"https:\\\/\\\/www.cgfmanet.org\\\/es\\\/\",\"logo\":{\"@type\":\"ImageObject\",\"inLanguage\":\"pt-PT\",\"@id\":\"https:\\\/\\\/www.cgfmanet.org\\\/es\\\/#\\\/schema\\\/logo\\\/image\\\/\",\"url\":\"https:\\\/\\\/www.cgfmanet.org\\\/wp-content\\\/uploads\\\/2018\\\/10\\\/logo-fma.png\",\"contentUrl\":\"https:\\\/\\\/www.cgfmanet.org\\\/wp-content\\\/uploads\\\/2018\\\/10\\\/logo-fma.png\",\"width\":214,\"height\":55,\"caption\":\"Istituto Figlie di Maria Ausiliatrice\"},\"image\":{\"@id\":\"https:\\\/\\\/www.cgfmanet.org\\\/es\\\/#\\\/schema\\\/logo\\\/image\\\/\"},\"sameAs\":[\"https:\\\/\\\/www.facebook.com\\\/salesian.sisters.of.don.bosco\\\/\",\"https:\\\/\\\/x.com\\\/Cgfmanet_Org\",\"https:\\\/\\\/www.youtube.com\\\/channel\\\/UCmcr8yFQBV7JXeXVxyV9y5Q\"]},{\"@type\":\"Person\",\"@id\":\"https:\\\/\\\/www.cgfmanet.org\\\/es\\\/#\\\/schema\\\/person\\\/ce6473083f53ef0ef882cca23f0c8fb9\",\"name\":\"Redazione\"}]}<\/script>\n<!-- \/ Yoast SEO plugin. -->","yoast_head_json":{"title":"A responsabilidade de ser comunidades vocacionais \u2013 Circular n\u00ba 1043 &#8226; Istituto Figlie di Maria Ausiliatrice","description":"A Madre Geral do Instituto das FMA, Irm\u00e3 Chiara Cazzuola, na Circular n\u00ba 1043 aprofunda um aspecto da identidade das FMA: o de ser comunidades vocacionais.","robots":{"index":"index","follow":"follow","max-snippet":"max-snippet:-1","max-image-preview":"max-image-preview:large","max-video-preview":"max-video-preview:-1"},"canonical":"https:\/\/www.cgfmanet.org\/ifma\/la-responsabilita-di-essere-comunita-vocazionali-circolare-n-1043\/","og_locale":"pt_PT","og_type":"article","og_title":"A responsabilidade de ser comunidades vocacionais \u2013 Circular n\u00ba 1043 &#8226; Istituto Figlie di Maria Ausiliatrice","og_description":"A Madre Geral do Instituto das FMA, Irm\u00e3 Chiara Cazzuola, na Circular n\u00ba 1043 aprofunda um aspecto da identidade das FMA: o de ser comunidades vocacionais.","og_url":"https:\/\/www.cgfmanet.org\/ifma\/la-responsabilita-di-essere-comunita-vocazionali-circolare-n-1043\/","og_site_name":"Istituto Figlie di Maria Ausiliatrice","article_publisher":"https:\/\/www.facebook.com\/salesian.sisters.of.don.bosco\/","article_published_time":"2024-11-23T11:51:12+00:00","article_modified_time":"2024-11-24T14:21:39+00:00","og_image":[{"width":1137,"height":759,"url":"https:\/\/www.cgfmanet.org\/wp-content\/uploads\/2024\/11\/Circolare-n\u00b01043.jpg","type":"image\/jpeg"}],"author":"Redazione","twitter_card":"summary_large_image","twitter_creator":"@Cgfmanet_Org","twitter_site":"@Cgfmanet_Org","twitter_misc":{"Escrito por":"Redazione","Tempo estimado de leitura":"7 minutos"},"schema":{"@context":"https:\/\/schema.org","@graph":[{"@type":"Article","@id":"https:\/\/www.cgfmanet.org\/ifma\/la-responsabilita-di-essere-comunita-vocazionali-circolare-n-1043\/#article","isPartOf":{"@id":"https:\/\/www.cgfmanet.org\/ifma\/la-responsabilita-di-essere-comunita-vocazionali-circolare-n-1043\/"},"author":{"name":"Redazione","@id":"https:\/\/www.cgfmanet.org\/es\/#\/schema\/person\/ce6473083f53ef0ef882cca23f0c8fb9"},"headline":"A responsabilidade de ser comunidades vocacionais \u2013 Circular n\u00ba 1043","datePublished":"2024-11-23T11:51:12+00:00","dateModified":"2024-11-24T14:21:39+00:00","mainEntityOfPage":{"@id":"https:\/\/www.cgfmanet.org\/ifma\/la-responsabilita-di-essere-comunita-vocazionali-circolare-n-1043\/"},"wordCount":1224,"commentCount":0,"publisher":{"@id":"https:\/\/www.cgfmanet.org\/es\/#organization"},"image":{"@id":"https:\/\/www.cgfmanet.org\/ifma\/la-responsabilita-di-essere-comunita-vocazionali-circolare-n-1043\/#primaryimage"},"thumbnailUrl":"https:\/\/www.cgfmanet.org\/wp-content\/uploads\/2024\/11\/Circolare-n\u00b01043.jpg","keywords":["Madre Geral","Sinodalidade","Spiritualit\u00e0 Salesiana","cultura vocazionale","Focus","Circolare","Madre Chiara Cazzuola"],"articleSection":["Carisma Salesiano","IFMA"],"inLanguage":"pt-PT","potentialAction":[{"@type":"CommentAction","name":"Comment","target":["https:\/\/www.cgfmanet.org\/ifma\/la-responsabilita-di-essere-comunita-vocazionali-circolare-n-1043\/#respond"]}]},{"@type":"WebPage","@id":"https:\/\/www.cgfmanet.org\/ifma\/la-responsabilita-di-essere-comunita-vocazionali-circolare-n-1043\/","url":"https:\/\/www.cgfmanet.org\/ifma\/la-responsabilita-di-essere-comunita-vocazionali-circolare-n-1043\/","name":"A responsabilidade de ser comunidades vocacionais \u2013 Circular n\u00ba 1043 &#8226; Istituto Figlie di Maria Ausiliatrice","isPartOf":{"@id":"https:\/\/www.cgfmanet.org\/es\/#website"},"primaryImageOfPage":{"@id":"https:\/\/www.cgfmanet.org\/ifma\/la-responsabilita-di-essere-comunita-vocazionali-circolare-n-1043\/#primaryimage"},"image":{"@id":"https:\/\/www.cgfmanet.org\/ifma\/la-responsabilita-di-essere-comunita-vocazionali-circolare-n-1043\/#primaryimage"},"thumbnailUrl":"https:\/\/www.cgfmanet.org\/wp-content\/uploads\/2024\/11\/Circolare-n\u00b01043.jpg","datePublished":"2024-11-23T11:51:12+00:00","dateModified":"2024-11-24T14:21:39+00:00","description":"A Madre Geral do Instituto das FMA, Irm\u00e3 Chiara Cazzuola, na Circular n\u00ba 1043 aprofunda um aspecto da identidade das FMA: o de ser comunidades vocacionais.","breadcrumb":{"@id":"https:\/\/www.cgfmanet.org\/ifma\/la-responsabilita-di-essere-comunita-vocazionali-circolare-n-1043\/#breadcrumb"},"inLanguage":"pt-PT","potentialAction":[{"@type":"ReadAction","target":["https:\/\/www.cgfmanet.org\/ifma\/la-responsabilita-di-essere-comunita-vocazionali-circolare-n-1043\/"]}]},{"@type":"ImageObject","inLanguage":"pt-PT","@id":"https:\/\/www.cgfmanet.org\/ifma\/la-responsabilita-di-essere-comunita-vocazionali-circolare-n-1043\/#primaryimage","url":"https:\/\/www.cgfmanet.org\/wp-content\/uploads\/2024\/11\/Circolare-n\u00b01043.jpg","contentUrl":"https:\/\/www.cgfmanet.org\/wp-content\/uploads\/2024\/11\/Circolare-n\u00b01043.jpg","width":1137,"height":759},{"@type":"BreadcrumbList","@id":"https:\/\/www.cgfmanet.org\/ifma\/la-responsabilita-di-essere-comunita-vocazionali-circolare-n-1043\/#breadcrumb","itemListElement":[{"@type":"ListItem","position":1,"name":"Home","item":"https:\/\/www.cgfmanet.org\/pt-pt\/"},{"@type":"ListItem","position":2,"name":"A responsabilidade de ser comunidades vocacionais \u2013 Circular n\u00ba 1043"}]},{"@type":"WebSite","@id":"https:\/\/www.cgfmanet.org\/es\/#website","url":"https:\/\/www.cgfmanet.org\/es\/","name":"Istituto Figlie di Maria Ausiliatrice","description":"Salesiane di Don Bosco","publisher":{"@id":"https:\/\/www.cgfmanet.org\/es\/#organization"},"potentialAction":[{"@type":"SearchAction","target":{"@type":"EntryPoint","urlTemplate":"https:\/\/www.cgfmanet.org\/es\/?s={search_term_string}"},"query-input":{"@type":"PropertyValueSpecification","valueRequired":true,"valueName":"search_term_string"}}],"inLanguage":"pt-PT"},{"@type":"Organization","@id":"https:\/\/www.cgfmanet.org\/es\/#organization","name":"Istituto Figlie di Maria Ausiliatrice","url":"https:\/\/www.cgfmanet.org\/es\/","logo":{"@type":"ImageObject","inLanguage":"pt-PT","@id":"https:\/\/www.cgfmanet.org\/es\/#\/schema\/logo\/image\/","url":"https:\/\/www.cgfmanet.org\/wp-content\/uploads\/2018\/10\/logo-fma.png","contentUrl":"https:\/\/www.cgfmanet.org\/wp-content\/uploads\/2018\/10\/logo-fma.png","width":214,"height":55,"caption":"Istituto Figlie di Maria Ausiliatrice"},"image":{"@id":"https:\/\/www.cgfmanet.org\/es\/#\/schema\/logo\/image\/"},"sameAs":["https:\/\/www.facebook.com\/salesian.sisters.of.don.bosco\/","https:\/\/x.com\/Cgfmanet_Org","https:\/\/www.youtube.com\/channel\/UCmcr8yFQBV7JXeXVxyV9y5Q"]},{"@type":"Person","@id":"https:\/\/www.cgfmanet.org\/es\/#\/schema\/person\/ce6473083f53ef0ef882cca23f0c8fb9","name":"Redazione"}]}},"_links":{"self":[{"href":"https:\/\/www.cgfmanet.org\/pt-pt\/wp-json\/wp\/v2\/posts\/123785","targetHints":{"allow":["GET"]}}],"collection":[{"href":"https:\/\/www.cgfmanet.org\/pt-pt\/wp-json\/wp\/v2\/posts"}],"about":[{"href":"https:\/\/www.cgfmanet.org\/pt-pt\/wp-json\/wp\/v2\/types\/post"}],"author":[{"embeddable":true,"href":"https:\/\/www.cgfmanet.org\/pt-pt\/wp-json\/wp\/v2\/users\/21"}],"replies":[{"embeddable":true,"href":"https:\/\/www.cgfmanet.org\/pt-pt\/wp-json\/wp\/v2\/comments?post=123785"}],"version-history":[{"count":3,"href":"https:\/\/www.cgfmanet.org\/pt-pt\/wp-json\/wp\/v2\/posts\/123785\/revisions"}],"predecessor-version":[{"id":123881,"href":"https:\/\/www.cgfmanet.org\/pt-pt\/wp-json\/wp\/v2\/posts\/123785\/revisions\/123881"}],"wp:featuredmedia":[{"embeddable":true,"href":"https:\/\/www.cgfmanet.org\/pt-pt\/wp-json\/wp\/v2\/media\/123780"}],"wp:attachment":[{"href":"https:\/\/www.cgfmanet.org\/pt-pt\/wp-json\/wp\/v2\/media?parent=123785"}],"wp:term":[{"taxonomy":"category","embeddable":true,"href":"https:\/\/www.cgfmanet.org\/pt-pt\/wp-json\/wp\/v2\/categories?post=123785"},{"taxonomy":"post_tag","embeddable":true,"href":"https:\/\/www.cgfmanet.org\/pt-pt\/wp-json\/wp\/v2\/tags?post=123785"}],"curies":[{"name":"wp","href":"https:\/\/api.w.org\/{rel}","templated":true}]}}