{"id":123770,"date":"2024-11-22T14:06:01","date_gmt":"2024-11-22T13:06:01","guid":{"rendered":"https:\/\/www.cgfmanet.org\/infosfera-pt-pt\/beata-maria-troncatti-missionaria-di-gioiosa-speranza\/"},"modified":"2024-11-26T09:46:49","modified_gmt":"2024-11-26T08:46:49","slug":"beata-maria-troncatti-missionaria-de-alegre-esperanca","status":"publish","type":"post","link":"https:\/\/www.cgfmanet.org\/pt-pt\/ifma-pt-pt\/beata-maria-troncatti-missionaria-de-alegre-esperanca\/","title":{"rendered":"Beata Maria Troncatti, mission\u00e1ria de alegre esperan\u00e7a"},"content":{"rendered":"<p><strong>Roma (It\u00e1lia).<\/strong> No dia 24 de novembro de 2012, em Macas, Equador, com o rito presidido pelo Cardeal \u00c2ngelo Amato, Salesiano de Dom Bosco, Prefeito da Congrega\u00e7\u00e3o das Causas dos Santos, foi beatificada <span style=\"color: #0000ff;\"><strong><a style=\"color: #0000ff;\" href=\"https:\/\/drive.google.com\/drive\/u\/0\/folders\/1Uy5r0n7XfMszvMPV5_frNJVKbpn3Xdip\" target=\"_blank\" rel=\"noopener\">Irm\u00e3 Maria Troncatti<\/a><\/strong><\/span> (1883-1969), Filha de Maria Auxiliadora, mission\u00e1ria naquela terra por 47 anos.<\/p>\n<p>\u00c0 solene celebra\u00e7\u00e3o estavam presentes a Superiora Geral do Instituto das FMA, Madre Yvonne Reungoat, a Secret\u00e1ria Geral, Irm\u00e3 Piera Cavagli\u00e0, das Conselheiras Gerais Visitadoras Irm\u00e3 Sylvia Boullosa e Irm\u00e3 Mira Pece, do Postulador Geral das Causas dos Santos da Fam\u00edlia Salesiana, Pe. Pierluigi Cameroni, da Vice-Postuladora, Irm\u00e3 Sylwia Ciezkowska, da Inspetora da Inspetoria do Sagrado Cora\u00e7\u00e3o (ECU), das Inspetoras de outras Inspetorias da Am\u00e9rica Latina e de uma numerosa representa\u00e7\u00e3o de FMA, membros da Comunidade Educativa, jovens, crian\u00e7as e fam\u00edlias, tamb\u00e9m de etnia Shuar.<\/p>\n<p>O evento foi precedido por uma s\u00e9rie de celebra\u00e7\u00f5es e encontros organizados pelo Instituto para <em>\u201cacolher a mensagem que esta ardente mission\u00e1ria lan\u00e7a hoje a todos n\u00f3s\u201d<\/em> &#8211; escrevia Madre Yvonne em 29 de maio de 2012, comunicando ao Instituto a not\u00edcia da Beatifica\u00e7\u00e3o \u2013 e exortava:<\/p>\n<p><em>\u201cEm particular, \u00e9 preciso ajudar as jovens e os jovens a se aproximar desta maravilhosa mission\u00e1ria que, com f\u00e9 operosa, generosidade audaz e alegre esperan\u00e7a, anunciou e testemunhou a todos o amor de Jesus\u201d<\/em>.<\/p>\n<p>Na homilia de beatifica\u00e7\u00e3o, o Cardeal Amato delineou a figura de consagrada e mission\u00e1ria, iluminando, na vida quotidiana e simplicidade dos gestos de maternidade e miseric\u00f3rdia, o car\u00e1cter extraordin\u00e1rio do \u201c<em>exemplo de dedica\u00e7\u00e3o a Jesus e ao seu Evangelho de verdade e de vida\u201d<\/em> pelo qual, at\u00e9 mais de quarenta anos da sua morte, era lembrada com gratid\u00e3o:<\/p>\n<p><em>\u201cIrm\u00e3 Maria, animada pela gra\u00e7a, tornou-se uma incans\u00e1vel mensageira do Evangelho, uma especialista em humanidade e conhecedora profunda do cora\u00e7\u00e3o humano. Compartilhou as alegrias e esperan\u00e7as, as dificuldades e tristezas dos seus irm\u00e3os, grandes e pequenos. Transformava a ora\u00e7\u00e3o em zelo apost\u00f3lico e em servi\u00e7o concreto ao pr\u00f3ximo\u201d<\/em>.<\/p>\n<p>No final do rito, a cr\u00f4nica daquele dia relata um fato que lembra a identidade da Beata:<\/p>\n<p>\u201cVale a pena assinalar o encontro com um senhor <em>shuar<\/em> que desejava muito encontrar a sobrinha bisneta da Beata para uma comunica\u00e7\u00e3o. Ele mostra sua carteira de identidade e surpreende o pequeno grupo que se criou em torno dele e de sua esposa: &#8216;Chama-se Rodondi de sobrenome!\u2019. Explica que Irm\u00e3 Maria Troncatti, no seu nascimento, atribuiu-lhe o sobrenome da sua pr\u00f3pria m\u00e3e. E aquele senhor, orgulhoso, observa que, em todo o Equador, \u00e9 o \u00fanico com aquele sobrenome. Por isso, conclui comovido: &#8216;Tamb\u00e9m eu sou da fam\u00edlia de Irm\u00e3 Maria Troncatti!&#8217;<\/p>\n<p>O Cardeal Amato terminou a homilia assegurando aos presentes, entre os quais os Shuar, que <em>\u201cdo c\u00e9u a Beata Maria Troncatti continua a velar pela vossa p\u00e1tria e por vossas fam\u00edlias. Continuemos a pedir a sua intercess\u00e3o, para viver na fraternidade, na conc\u00f3rdia e na paz. Voltemo-nos com confian\u00e7a a ela, para que assista os doentes, console os sofredores, ilumine os pais na educa\u00e7\u00e3o crist\u00e3 das crian\u00e7as, leve harmonia \u00e0s fam\u00edlias. Queridos fi\u00e9is, assim como foi na terra, assim do c\u00e9u a Beata Maria Troncatti continuar\u00e1 a ser a nossa Boa M\u00e3e\u201d<\/em>.<\/p>\n<p>\u00c9 a mesma confiante certeza que anima ainda hoje a ora\u00e7\u00e3o pelo bom \u00eaxito da sua Causa de Canoniza\u00e7\u00e3o e pelo caminho rumo \u00e0s honras dos altares das outras candidatas FMA.<\/p>\n<p><strong>Para prestar homenagem \u00e0 Irm\u00e3 Maria Troncatti<\/strong>, no dia 24 de novembro de 2024, anivers\u00e1rio de sua Beatifica\u00e7\u00e3o, ser\u00e1 transmitido ao vivo o <span style=\"color: #0000ff;\"><a style=\"color: #0000ff;\" href=\"https:\/\/www.cgfmanet.org\/pt-pt\/ifma-pt-pt\/festival-missionario-e-tempo-de-reavivar-o-fogo\/\" target=\"_blank\" rel=\"noopener\"><strong>Festival mission\u00e1rio<\/strong><\/a><\/span>\u00a0<strong><em>\u201c\u00c9 hora de reavivar o fogo!\u201d<\/em><\/strong>com a apresenta\u00e7\u00e3o das can\u00e7\u00f5es chegadas \u00e0 final do concurso para a cria\u00e7\u00e3o do hino do 150\u00ba anivers\u00e1rio da primeira expedi\u00e7\u00e3o mission\u00e1ria (14 de novembro de 1877).<\/p>\n\r\n                <style type=\"text\/css\">\r\n                    \r\n                    #tdi_1  .td-doubleSlider-2 .td-item1 {\r\n                        background: url(https:\/\/www.cgfmanet.org\/wp-content\/uploads\/2024\/11\/Beatificazione-Troncatti-80x60.jpg) 0 0 no-repeat;\r\n                    }\r\n                    #tdi_1  .td-doubleSlider-2 .td-item2 {\r\n                        background: url(https:\/\/www.cgfmanet.org\/wp-content\/uploads\/2024\/11\/Beatificazione-Troncatti_2-80x60.jpg) 0 0 no-repeat;\r\n                    }\r\n                    #tdi_1  .td-doubleSlider-2 .td-item3 {\r\n                        background: url(https:\/\/www.cgfmanet.org\/wp-content\/uploads\/2024\/11\/Beatificazione-Troncatti_3-80x60.jpg) 0 0 no-repeat;\r\n                    }\r\n                <\/style>\r\n\r\n                <div id=\"tdi_1\" class=\"td-gallery td-slide-on-2-columns\">\r\n                    <div class=\"post_td_gallery\">\r\n                        <div class=\"td-gallery-slide-top\">\r\n                           <div class=\"td-gallery-title\"><\/div>\r\n\r\n                            <div class=\"td-gallery-controls-wrapper\">\r\n                                <div class=\"td-gallery-slide-count\"><span class=\"td-gallery-slide-item-focus\">1<\/span> do 3<\/div>\r\n                                <div class=\"td-gallery-slide-prev-next-but\">\r\n                                    <i class = \"td-icon-left doubleSliderPrevButton\"><\/i>\r\n                                    <i class = \"td-icon-right doubleSliderNextButton\"><\/i>\r\n                                <\/div>\r\n                            <\/div>\r\n                        <\/div>\r\n\r\n                        <div class = \"td-doubleSlider-1 \">\r\n                            <div class = \"td-slider\">\r\n                                \r\n                    <div class = \"td-slide-item td-item1\">\r\n                        <figure class=\"td-slide-galery-figure td-slide-popup-gallery\">\r\n                            <a class=\"slide-gallery-image-link\" href=\"https:\/\/www.cgfmanet.org\/wp-content\/uploads\/2024\/11\/Beatificazione-Troncatti.jpg\" title=\"Beatificazione Troncatti\"  data-caption=\"\"  data-description=\"\">\r\n                                <img decoding=\"async\" data-src=\"https:\/\/www.cgfmanet.org\/wp-content\/uploads\/2024\/11\/Beatificazione-Troncatti-630x420.jpg\" data-srcset=\"https:\/\/www.cgfmanet.org\/wp-content\/uploads\/2024\/11\/Beatificazione-Troncatti-630x420.jpg 630w, https:\/\/www.cgfmanet.org\/wp-content\/uploads\/2024\/11\/Beatificazione-Troncatti-768x512.jpg 768w, https:\/\/www.cgfmanet.org\/wp-content\/uploads\/2024\/11\/Beatificazione-Troncatti-696x464.jpg 696w, https:\/\/www.cgfmanet.org\/wp-content\/uploads\/2024\/11\/Beatificazione-Troncatti.jpg 1181w\" data-sizes=\"auto\" alt=\"\" src=\"data:image\/svg+xml;base64,PHN2ZyB3aWR0aD0iMSIgaGVpZ2h0PSIxIiB4bWxucz0iaHR0cDovL3d3dy53My5vcmcvMjAwMC9zdmciPjwvc3ZnPg==\" class=\"lazyload\" style=\"--smush-placeholder-width: 630px; --smush-placeholder-aspect-ratio: 630\/420;\" data-original-sizes=\"(max-width: 630px) 100vw, 630px\">\r\n                            <\/a>\r\n                            \r\n                        <\/figure>\r\n                    <\/div>\r\n                    <div class = \"td-slide-item td-item2\">\r\n                        <figure class=\"td-slide-galery-figure td-slide-popup-gallery\">\r\n                            <a class=\"slide-gallery-image-link\" href=\"https:\/\/www.cgfmanet.org\/wp-content\/uploads\/2024\/11\/Beatificazione-Troncatti_2.jpg\" title=\"Beatificazione Troncatti_2\"  data-caption=\"\"  data-description=\"\">\r\n                                <img decoding=\"async\" data-src=\"https:\/\/www.cgfmanet.org\/wp-content\/uploads\/2024\/11\/Beatificazione-Troncatti_2-630x420.jpg\" data-srcset=\"https:\/\/www.cgfmanet.org\/wp-content\/uploads\/2024\/11\/Beatificazione-Troncatti_2-630x420.jpg 630w, https:\/\/www.cgfmanet.org\/wp-content\/uploads\/2024\/11\/Beatificazione-Troncatti_2-768x512.jpg 768w, https:\/\/www.cgfmanet.org\/wp-content\/uploads\/2024\/11\/Beatificazione-Troncatti_2-696x464.jpg 696w, https:\/\/www.cgfmanet.org\/wp-content\/uploads\/2024\/11\/Beatificazione-Troncatti_2.jpg 1181w\" data-sizes=\"auto\" alt=\"\" src=\"data:image\/svg+xml;base64,PHN2ZyB3aWR0aD0iMSIgaGVpZ2h0PSIxIiB4bWxucz0iaHR0cDovL3d3dy53My5vcmcvMjAwMC9zdmciPjwvc3ZnPg==\" class=\"lazyload\" style=\"--smush-placeholder-width: 630px; --smush-placeholder-aspect-ratio: 630\/420;\" data-original-sizes=\"(max-width: 630px) 100vw, 630px\">\r\n                            <\/a>\r\n                            \r\n                        <\/figure>\r\n                    <\/div>\r\n                    <div class = \"td-slide-item td-item3\">\r\n                        <figure class=\"td-slide-galery-figure td-slide-popup-gallery\">\r\n                            <a class=\"slide-gallery-image-link\" href=\"https:\/\/www.cgfmanet.org\/wp-content\/uploads\/2024\/11\/Beatificazione-Troncatti_3.jpg\" title=\"Beatificazione Troncatti_3\"  data-caption=\"\"  data-description=\"\">\r\n                                <img decoding=\"async\" data-src=\"https:\/\/www.cgfmanet.org\/wp-content\/uploads\/2024\/11\/Beatificazione-Troncatti_3-630x420.jpg\" data-srcset=\"https:\/\/www.cgfmanet.org\/wp-content\/uploads\/2024\/11\/Beatificazione-Troncatti_3-630x420.jpg 630w, https:\/\/www.cgfmanet.org\/wp-content\/uploads\/2024\/11\/Beatificazione-Troncatti_3-768x512.jpg 768w, https:\/\/www.cgfmanet.org\/wp-content\/uploads\/2024\/11\/Beatificazione-Troncatti_3-696x464.jpg 696w, https:\/\/www.cgfmanet.org\/wp-content\/uploads\/2024\/11\/Beatificazione-Troncatti_3.jpg 1181w\" data-sizes=\"auto\" alt=\"\" src=\"data:image\/svg+xml;base64,PHN2ZyB3aWR0aD0iMSIgaGVpZ2h0PSIxIiB4bWxucz0iaHR0cDovL3d3dy53My5vcmcvMjAwMC9zdmciPjwvc3ZnPg==\" class=\"lazyload\" style=\"--smush-placeholder-width: 630px; --smush-placeholder-aspect-ratio: 630\/420;\" data-original-sizes=\"(max-width: 630px) 100vw, 630px\">\r\n                            <\/a>\r\n                            \r\n                        <\/figure>\r\n                    <\/div>\r\n                            <\/div>\r\n                        <\/div>\r\n\r\n                        <div class = \"td-doubleSlider-2\">\r\n                            <div class = \"td-slider\">\r\n                                \r\n                    <div class = \"td-button td-item1\">\r\n                        <div class = \"td-border\"><\/div>\r\n                    <\/div>\r\n                    <div class = \"td-button td-item2\">\r\n                        <div class = \"td-border\"><\/div>\r\n                    <\/div>\r\n                    <div class = \"td-button td-item3\">\r\n                        <div class = \"td-border\"><\/div>\r\n                    <\/div>\r\n                            <\/div>\r\n                        <\/div>\r\n\r\n                    <\/div>\r\n\r\n                <\/div>\r\n                \n","protected":false},"excerpt":{"rendered":"<p>Roma (It\u00e1lia). No dia 24 de novembro de 2012, em Macas, Equador, com o rito presidido pelo Cardeal \u00c2ngelo Amato, Salesiano de Dom Bosco, Prefeito da Congrega\u00e7\u00e3o das Causas dos [&hellip;]<\/p>\n","protected":false},"author":21,"featured_media":123760,"comment_status":"open","ping_status":"closed","sticky":false,"template":"","format":"standard","meta":{"footnotes":""},"categories":[166,159],"tags":[1449,1639,1665,1930,2454],"class_list":["post-123770","post","type-post","status-publish","format-standard","has-post-thumbnail","category-carisma-salesiano-pt","category-ifma-pt-pt","tag-santidade-salesiana","tag-maria-troncatti-en-pt-pt","tag-spiritualita-salesiana-pt-pt","tag-focus-pt-pt","tag-missionarieta-pt-pt"],"yoast_head":"<!-- This site is optimized with the Yoast SEO plugin v27.4 - https:\/\/yoast.com\/product\/yoast-seo-wordpress\/ -->\n<title>Beata Maria Troncatti, mission\u00e1ria de alegre esperan\u00e7a &#8226; Istituto Figlie di Maria Ausiliatrice<\/title>\n<meta name=\"description\" content=\"No dia 24 de novembro de 2024 ocorre o 12\u00ba anivers\u00e1rio de Beatifica\u00e7\u00e3o de Irm\u00e3 Maria Troncatti, FMA, ardente mission\u00e1ria de generosidade audaz e alegre esperan\u00e7a.\" \/>\n<meta name=\"robots\" content=\"index, follow, max-snippet:-1, max-image-preview:large, max-video-preview:-1\" \/>\n<link rel=\"canonical\" href=\"https:\/\/www.cgfmanet.org\/pt-pt\/ifma-pt-pt\/beata-maria-troncatti-missionaria-de-alegre-esperanca\/\" \/>\n<meta property=\"og:locale\" content=\"pt_PT\" \/>\n<meta property=\"og:type\" content=\"article\" \/>\n<meta property=\"og:title\" content=\"Beata Maria Troncatti, mission\u00e1ria de alegre esperan\u00e7a &#8226; Istituto Figlie di Maria Ausiliatrice\" \/>\n<meta property=\"og:description\" content=\"No dia 24 de novembro de 2024 ocorre o 12\u00ba anivers\u00e1rio de Beatifica\u00e7\u00e3o de Irm\u00e3 Maria Troncatti, FMA, ardente mission\u00e1ria de generosidade audaz e alegre esperan\u00e7a.\" \/>\n<meta property=\"og:url\" content=\"https:\/\/www.cgfmanet.org\/pt-pt\/ifma-pt-pt\/beata-maria-troncatti-missionaria-de-alegre-esperanca\/\" \/>\n<meta property=\"og:site_name\" content=\"Istituto Figlie di Maria Ausiliatrice\" \/>\n<meta property=\"article:publisher\" content=\"https:\/\/www.facebook.com\/salesian.sisters.of.don.bosco\/\" \/>\n<meta property=\"article:published_time\" content=\"2024-11-22T13:06:01+00:00\" \/>\n<meta property=\"article:modified_time\" content=\"2024-11-26T08:46:49+00:00\" \/>\n<meta property=\"og:image\" content=\"https:\/\/www.cgfmanet.org\/wp-content\/uploads\/2024\/11\/Beatificazione-Troncatti_1.jpg\" \/>\n\t<meta property=\"og:image:width\" content=\"1181\" \/>\n\t<meta property=\"og:image:height\" content=\"787\" \/>\n\t<meta property=\"og:image:type\" content=\"image\/jpeg\" \/>\n<meta name=\"author\" content=\"Redazione\" \/>\n<meta name=\"twitter:card\" content=\"summary_large_image\" \/>\n<meta name=\"twitter:creator\" content=\"@Cgfmanet_Org\" \/>\n<meta name=\"twitter:site\" content=\"@Cgfmanet_Org\" \/>\n<meta name=\"twitter:label1\" content=\"Escrito por\" \/>\n\t<meta name=\"twitter:data1\" content=\"Redazione\" \/>\n\t<meta name=\"twitter:label2\" content=\"Tempo estimado de leitura\" \/>\n\t<meta name=\"twitter:data2\" content=\"4 minutos\" \/>\n<script type=\"application\/ld+json\" class=\"yoast-schema-graph\">{\"@context\":\"https:\\\/\\\/schema.org\",\"@graph\":[{\"@type\":\"Article\",\"@id\":\"https:\\\/\\\/www.cgfmanet.org\\\/pt-pt\\\/ifma-pt-pt\\\/beata-maria-troncatti-missionaria-de-alegre-esperanca\\\/#article\",\"isPartOf\":{\"@id\":\"https:\\\/\\\/www.cgfmanet.org\\\/pt-pt\\\/ifma-pt-pt\\\/beata-maria-troncatti-missionaria-de-alegre-esperanca\\\/\"},\"author\":{\"name\":\"Redazione\",\"@id\":\"https:\\\/\\\/www.cgfmanet.org\\\/es\\\/#\\\/schema\\\/person\\\/ce6473083f53ef0ef882cca23f0c8fb9\"},\"headline\":\"Beata Maria Troncatti, mission\u00e1ria de alegre esperan\u00e7a\",\"datePublished\":\"2024-11-22T13:06:01+00:00\",\"dateModified\":\"2024-11-26T08:46:49+00:00\",\"mainEntityOfPage\":{\"@id\":\"https:\\\/\\\/www.cgfmanet.org\\\/pt-pt\\\/ifma-pt-pt\\\/beata-maria-troncatti-missionaria-de-alegre-esperanca\\\/\"},\"wordCount\":675,\"commentCount\":0,\"publisher\":{\"@id\":\"https:\\\/\\\/www.cgfmanet.org\\\/es\\\/#organization\"},\"image\":{\"@id\":\"https:\\\/\\\/www.cgfmanet.org\\\/pt-pt\\\/ifma-pt-pt\\\/beata-maria-troncatti-missionaria-de-alegre-esperanca\\\/#primaryimage\"},\"thumbnailUrl\":\"https:\\\/\\\/www.cgfmanet.org\\\/wp-content\\\/uploads\\\/2024\\\/11\\\/Beatificazione-Troncatti_1.jpg\",\"keywords\":[\"Santidade Salesiana\",\"Maria Troncatti\",\"Spiritualit\u00e0 Salesiana\",\"Focus\",\"Missionariet\u00e0\"],\"articleSection\":[\"Carisma Salesiano\",\"IFMA\"],\"inLanguage\":\"pt-PT\",\"potentialAction\":[{\"@type\":\"CommentAction\",\"name\":\"Comment\",\"target\":[\"https:\\\/\\\/www.cgfmanet.org\\\/pt-pt\\\/ifma-pt-pt\\\/beata-maria-troncatti-missionaria-de-alegre-esperanca\\\/#respond\"]}]},{\"@type\":\"WebPage\",\"@id\":\"https:\\\/\\\/www.cgfmanet.org\\\/pt-pt\\\/ifma-pt-pt\\\/beata-maria-troncatti-missionaria-de-alegre-esperanca\\\/\",\"url\":\"https:\\\/\\\/www.cgfmanet.org\\\/pt-pt\\\/ifma-pt-pt\\\/beata-maria-troncatti-missionaria-de-alegre-esperanca\\\/\",\"name\":\"Beata Maria Troncatti, mission\u00e1ria de alegre esperan\u00e7a &#8226; Istituto Figlie di Maria Ausiliatrice\",\"isPartOf\":{\"@id\":\"https:\\\/\\\/www.cgfmanet.org\\\/es\\\/#website\"},\"primaryImageOfPage\":{\"@id\":\"https:\\\/\\\/www.cgfmanet.org\\\/pt-pt\\\/ifma-pt-pt\\\/beata-maria-troncatti-missionaria-de-alegre-esperanca\\\/#primaryimage\"},\"image\":{\"@id\":\"https:\\\/\\\/www.cgfmanet.org\\\/pt-pt\\\/ifma-pt-pt\\\/beata-maria-troncatti-missionaria-de-alegre-esperanca\\\/#primaryimage\"},\"thumbnailUrl\":\"https:\\\/\\\/www.cgfmanet.org\\\/wp-content\\\/uploads\\\/2024\\\/11\\\/Beatificazione-Troncatti_1.jpg\",\"datePublished\":\"2024-11-22T13:06:01+00:00\",\"dateModified\":\"2024-11-26T08:46:49+00:00\",\"description\":\"No dia 24 de novembro de 2024 ocorre o 12\u00ba anivers\u00e1rio de Beatifica\u00e7\u00e3o de Irm\u00e3 Maria Troncatti, FMA, ardente mission\u00e1ria de generosidade audaz e alegre esperan\u00e7a.\",\"breadcrumb\":{\"@id\":\"https:\\\/\\\/www.cgfmanet.org\\\/pt-pt\\\/ifma-pt-pt\\\/beata-maria-troncatti-missionaria-de-alegre-esperanca\\\/#breadcrumb\"},\"inLanguage\":\"pt-PT\",\"potentialAction\":[{\"@type\":\"ReadAction\",\"target\":[\"https:\\\/\\\/www.cgfmanet.org\\\/pt-pt\\\/ifma-pt-pt\\\/beata-maria-troncatti-missionaria-de-alegre-esperanca\\\/\"]}]},{\"@type\":\"ImageObject\",\"inLanguage\":\"pt-PT\",\"@id\":\"https:\\\/\\\/www.cgfmanet.org\\\/pt-pt\\\/ifma-pt-pt\\\/beata-maria-troncatti-missionaria-de-alegre-esperanca\\\/#primaryimage\",\"url\":\"https:\\\/\\\/www.cgfmanet.org\\\/wp-content\\\/uploads\\\/2024\\\/11\\\/Beatificazione-Troncatti_1.jpg\",\"contentUrl\":\"https:\\\/\\\/www.cgfmanet.org\\\/wp-content\\\/uploads\\\/2024\\\/11\\\/Beatificazione-Troncatti_1.jpg\",\"width\":1181,\"height\":787},{\"@type\":\"BreadcrumbList\",\"@id\":\"https:\\\/\\\/www.cgfmanet.org\\\/pt-pt\\\/ifma-pt-pt\\\/beata-maria-troncatti-missionaria-de-alegre-esperanca\\\/#breadcrumb\",\"itemListElement\":[{\"@type\":\"ListItem\",\"position\":1,\"name\":\"Home\",\"item\":\"https:\\\/\\\/www.cgfmanet.org\\\/pt-pt\\\/\"},{\"@type\":\"ListItem\",\"position\":2,\"name\":\"Beata Maria Troncatti, mission\u00e1ria de alegre esperan\u00e7a\"}]},{\"@type\":\"WebSite\",\"@id\":\"https:\\\/\\\/www.cgfmanet.org\\\/es\\\/#website\",\"url\":\"https:\\\/\\\/www.cgfmanet.org\\\/es\\\/\",\"name\":\"Istituto Figlie di Maria Ausiliatrice\",\"description\":\"Salesiane di Don Bosco\",\"publisher\":{\"@id\":\"https:\\\/\\\/www.cgfmanet.org\\\/es\\\/#organization\"},\"potentialAction\":[{\"@type\":\"SearchAction\",\"target\":{\"@type\":\"EntryPoint\",\"urlTemplate\":\"https:\\\/\\\/www.cgfmanet.org\\\/es\\\/?s={search_term_string}\"},\"query-input\":{\"@type\":\"PropertyValueSpecification\",\"valueRequired\":true,\"valueName\":\"search_term_string\"}}],\"inLanguage\":\"pt-PT\"},{\"@type\":\"Organization\",\"@id\":\"https:\\\/\\\/www.cgfmanet.org\\\/es\\\/#organization\",\"name\":\"Istituto Figlie di Maria Ausiliatrice\",\"url\":\"https:\\\/\\\/www.cgfmanet.org\\\/es\\\/\",\"logo\":{\"@type\":\"ImageObject\",\"inLanguage\":\"pt-PT\",\"@id\":\"https:\\\/\\\/www.cgfmanet.org\\\/es\\\/#\\\/schema\\\/logo\\\/image\\\/\",\"url\":\"https:\\\/\\\/www.cgfmanet.org\\\/wp-content\\\/uploads\\\/2018\\\/10\\\/logo-fma.png\",\"contentUrl\":\"https:\\\/\\\/www.cgfmanet.org\\\/wp-content\\\/uploads\\\/2018\\\/10\\\/logo-fma.png\",\"width\":214,\"height\":55,\"caption\":\"Istituto Figlie di Maria Ausiliatrice\"},\"image\":{\"@id\":\"https:\\\/\\\/www.cgfmanet.org\\\/es\\\/#\\\/schema\\\/logo\\\/image\\\/\"},\"sameAs\":[\"https:\\\/\\\/www.facebook.com\\\/salesian.sisters.of.don.bosco\\\/\",\"https:\\\/\\\/x.com\\\/Cgfmanet_Org\",\"https:\\\/\\\/www.youtube.com\\\/channel\\\/UCmcr8yFQBV7JXeXVxyV9y5Q\"]},{\"@type\":\"Person\",\"@id\":\"https:\\\/\\\/www.cgfmanet.org\\\/es\\\/#\\\/schema\\\/person\\\/ce6473083f53ef0ef882cca23f0c8fb9\",\"name\":\"Redazione\"}]}<\/script>\n<!-- \/ Yoast SEO plugin. -->","yoast_head_json":{"title":"Beata Maria Troncatti, mission\u00e1ria de alegre esperan\u00e7a &#8226; Istituto Figlie di Maria Ausiliatrice","description":"No dia 24 de novembro de 2024 ocorre o 12\u00ba anivers\u00e1rio de Beatifica\u00e7\u00e3o de Irm\u00e3 Maria Troncatti, FMA, ardente mission\u00e1ria de generosidade audaz e alegre esperan\u00e7a.","robots":{"index":"index","follow":"follow","max-snippet":"max-snippet:-1","max-image-preview":"max-image-preview:large","max-video-preview":"max-video-preview:-1"},"canonical":"https:\/\/www.cgfmanet.org\/pt-pt\/ifma-pt-pt\/beata-maria-troncatti-missionaria-de-alegre-esperanca\/","og_locale":"pt_PT","og_type":"article","og_title":"Beata Maria Troncatti, mission\u00e1ria de alegre esperan\u00e7a &#8226; Istituto Figlie di Maria Ausiliatrice","og_description":"No dia 24 de novembro de 2024 ocorre o 12\u00ba anivers\u00e1rio de Beatifica\u00e7\u00e3o de Irm\u00e3 Maria Troncatti, FMA, ardente mission\u00e1ria de generosidade audaz e alegre esperan\u00e7a.","og_url":"https:\/\/www.cgfmanet.org\/pt-pt\/ifma-pt-pt\/beata-maria-troncatti-missionaria-de-alegre-esperanca\/","og_site_name":"Istituto Figlie di Maria Ausiliatrice","article_publisher":"https:\/\/www.facebook.com\/salesian.sisters.of.don.bosco\/","article_published_time":"2024-11-22T13:06:01+00:00","article_modified_time":"2024-11-26T08:46:49+00:00","og_image":[{"width":1181,"height":787,"url":"https:\/\/www.cgfmanet.org\/wp-content\/uploads\/2024\/11\/Beatificazione-Troncatti_1.jpg","type":"image\/jpeg"}],"author":"Redazione","twitter_card":"summary_large_image","twitter_creator":"@Cgfmanet_Org","twitter_site":"@Cgfmanet_Org","twitter_misc":{"Escrito por":"Redazione","Tempo estimado de leitura":"4 minutos"},"schema":{"@context":"https:\/\/schema.org","@graph":[{"@type":"Article","@id":"https:\/\/www.cgfmanet.org\/pt-pt\/ifma-pt-pt\/beata-maria-troncatti-missionaria-de-alegre-esperanca\/#article","isPartOf":{"@id":"https:\/\/www.cgfmanet.org\/pt-pt\/ifma-pt-pt\/beata-maria-troncatti-missionaria-de-alegre-esperanca\/"},"author":{"name":"Redazione","@id":"https:\/\/www.cgfmanet.org\/es\/#\/schema\/person\/ce6473083f53ef0ef882cca23f0c8fb9"},"headline":"Beata Maria Troncatti, mission\u00e1ria de alegre esperan\u00e7a","datePublished":"2024-11-22T13:06:01+00:00","dateModified":"2024-11-26T08:46:49+00:00","mainEntityOfPage":{"@id":"https:\/\/www.cgfmanet.org\/pt-pt\/ifma-pt-pt\/beata-maria-troncatti-missionaria-de-alegre-esperanca\/"},"wordCount":675,"commentCount":0,"publisher":{"@id":"https:\/\/www.cgfmanet.org\/es\/#organization"},"image":{"@id":"https:\/\/www.cgfmanet.org\/pt-pt\/ifma-pt-pt\/beata-maria-troncatti-missionaria-de-alegre-esperanca\/#primaryimage"},"thumbnailUrl":"https:\/\/www.cgfmanet.org\/wp-content\/uploads\/2024\/11\/Beatificazione-Troncatti_1.jpg","keywords":["Santidade Salesiana","Maria Troncatti","Spiritualit\u00e0 Salesiana","Focus","Missionariet\u00e0"],"articleSection":["Carisma Salesiano","IFMA"],"inLanguage":"pt-PT","potentialAction":[{"@type":"CommentAction","name":"Comment","target":["https:\/\/www.cgfmanet.org\/pt-pt\/ifma-pt-pt\/beata-maria-troncatti-missionaria-de-alegre-esperanca\/#respond"]}]},{"@type":"WebPage","@id":"https:\/\/www.cgfmanet.org\/pt-pt\/ifma-pt-pt\/beata-maria-troncatti-missionaria-de-alegre-esperanca\/","url":"https:\/\/www.cgfmanet.org\/pt-pt\/ifma-pt-pt\/beata-maria-troncatti-missionaria-de-alegre-esperanca\/","name":"Beata Maria Troncatti, mission\u00e1ria de alegre esperan\u00e7a &#8226; Istituto Figlie di Maria Ausiliatrice","isPartOf":{"@id":"https:\/\/www.cgfmanet.org\/es\/#website"},"primaryImageOfPage":{"@id":"https:\/\/www.cgfmanet.org\/pt-pt\/ifma-pt-pt\/beata-maria-troncatti-missionaria-de-alegre-esperanca\/#primaryimage"},"image":{"@id":"https:\/\/www.cgfmanet.org\/pt-pt\/ifma-pt-pt\/beata-maria-troncatti-missionaria-de-alegre-esperanca\/#primaryimage"},"thumbnailUrl":"https:\/\/www.cgfmanet.org\/wp-content\/uploads\/2024\/11\/Beatificazione-Troncatti_1.jpg","datePublished":"2024-11-22T13:06:01+00:00","dateModified":"2024-11-26T08:46:49+00:00","description":"No dia 24 de novembro de 2024 ocorre o 12\u00ba anivers\u00e1rio de Beatifica\u00e7\u00e3o de Irm\u00e3 Maria Troncatti, FMA, ardente mission\u00e1ria de generosidade audaz e alegre esperan\u00e7a.","breadcrumb":{"@id":"https:\/\/www.cgfmanet.org\/pt-pt\/ifma-pt-pt\/beata-maria-troncatti-missionaria-de-alegre-esperanca\/#breadcrumb"},"inLanguage":"pt-PT","potentialAction":[{"@type":"ReadAction","target":["https:\/\/www.cgfmanet.org\/pt-pt\/ifma-pt-pt\/beata-maria-troncatti-missionaria-de-alegre-esperanca\/"]}]},{"@type":"ImageObject","inLanguage":"pt-PT","@id":"https:\/\/www.cgfmanet.org\/pt-pt\/ifma-pt-pt\/beata-maria-troncatti-missionaria-de-alegre-esperanca\/#primaryimage","url":"https:\/\/www.cgfmanet.org\/wp-content\/uploads\/2024\/11\/Beatificazione-Troncatti_1.jpg","contentUrl":"https:\/\/www.cgfmanet.org\/wp-content\/uploads\/2024\/11\/Beatificazione-Troncatti_1.jpg","width":1181,"height":787},{"@type":"BreadcrumbList","@id":"https:\/\/www.cgfmanet.org\/pt-pt\/ifma-pt-pt\/beata-maria-troncatti-missionaria-de-alegre-esperanca\/#breadcrumb","itemListElement":[{"@type":"ListItem","position":1,"name":"Home","item":"https:\/\/www.cgfmanet.org\/pt-pt\/"},{"@type":"ListItem","position":2,"name":"Beata Maria Troncatti, mission\u00e1ria de alegre esperan\u00e7a"}]},{"@type":"WebSite","@id":"https:\/\/www.cgfmanet.org\/es\/#website","url":"https:\/\/www.cgfmanet.org\/es\/","name":"Istituto Figlie di Maria Ausiliatrice","description":"Salesiane di Don Bosco","publisher":{"@id":"https:\/\/www.cgfmanet.org\/es\/#organization"},"potentialAction":[{"@type":"SearchAction","target":{"@type":"EntryPoint","urlTemplate":"https:\/\/www.cgfmanet.org\/es\/?s={search_term_string}"},"query-input":{"@type":"PropertyValueSpecification","valueRequired":true,"valueName":"search_term_string"}}],"inLanguage":"pt-PT"},{"@type":"Organization","@id":"https:\/\/www.cgfmanet.org\/es\/#organization","name":"Istituto Figlie di Maria Ausiliatrice","url":"https:\/\/www.cgfmanet.org\/es\/","logo":{"@type":"ImageObject","inLanguage":"pt-PT","@id":"https:\/\/www.cgfmanet.org\/es\/#\/schema\/logo\/image\/","url":"https:\/\/www.cgfmanet.org\/wp-content\/uploads\/2018\/10\/logo-fma.png","contentUrl":"https:\/\/www.cgfmanet.org\/wp-content\/uploads\/2018\/10\/logo-fma.png","width":214,"height":55,"caption":"Istituto Figlie di Maria Ausiliatrice"},"image":{"@id":"https:\/\/www.cgfmanet.org\/es\/#\/schema\/logo\/image\/"},"sameAs":["https:\/\/www.facebook.com\/salesian.sisters.of.don.bosco\/","https:\/\/x.com\/Cgfmanet_Org","https:\/\/www.youtube.com\/channel\/UCmcr8yFQBV7JXeXVxyV9y5Q"]},{"@type":"Person","@id":"https:\/\/www.cgfmanet.org\/es\/#\/schema\/person\/ce6473083f53ef0ef882cca23f0c8fb9","name":"Redazione"}]}},"_links":{"self":[{"href":"https:\/\/www.cgfmanet.org\/pt-pt\/wp-json\/wp\/v2\/posts\/123770","targetHints":{"allow":["GET"]}}],"collection":[{"href":"https:\/\/www.cgfmanet.org\/pt-pt\/wp-json\/wp\/v2\/posts"}],"about":[{"href":"https:\/\/www.cgfmanet.org\/pt-pt\/wp-json\/wp\/v2\/types\/post"}],"author":[{"embeddable":true,"href":"https:\/\/www.cgfmanet.org\/pt-pt\/wp-json\/wp\/v2\/users\/21"}],"replies":[{"embeddable":true,"href":"https:\/\/www.cgfmanet.org\/pt-pt\/wp-json\/wp\/v2\/comments?post=123770"}],"version-history":[{"count":4,"href":"https:\/\/www.cgfmanet.org\/pt-pt\/wp-json\/wp\/v2\/posts\/123770\/revisions"}],"predecessor-version":[{"id":123944,"href":"https:\/\/www.cgfmanet.org\/pt-pt\/wp-json\/wp\/v2\/posts\/123770\/revisions\/123944"}],"wp:featuredmedia":[{"embeddable":true,"href":"https:\/\/www.cgfmanet.org\/pt-pt\/wp-json\/wp\/v2\/media\/123760"}],"wp:attachment":[{"href":"https:\/\/www.cgfmanet.org\/pt-pt\/wp-json\/wp\/v2\/media?parent=123770"}],"wp:term":[{"taxonomy":"category","embeddable":true,"href":"https:\/\/www.cgfmanet.org\/pt-pt\/wp-json\/wp\/v2\/categories?post=123770"},{"taxonomy":"post_tag","embeddable":true,"href":"https:\/\/www.cgfmanet.org\/pt-pt\/wp-json\/wp\/v2\/tags?post=123770"}],"curies":[{"name":"wp","href":"https:\/\/api.w.org\/{rel}","templated":true}]}}