{"id":123608,"date":"2024-11-22T17:09:02","date_gmt":"2024-11-22T16:09:02","guid":{"rendered":"https:\/\/www.cgfmanet.org\/infosfera-pt-pt\/festival-missionario-e-tempo-di-ravvivare-il-fuoco\/"},"modified":"2024-11-20T22:41:33","modified_gmt":"2024-11-20T21:41:33","slug":"festival-missionario-e-tempo-de-reavivar-o-fogo","status":"publish","type":"post","link":"https:\/\/www.cgfmanet.org\/pt-pt\/ifma-pt-pt\/festival-missionario-e-tempo-de-reavivar-o-fogo\/","title":{"rendered":"Festival Mission\u00e1rio: \u201c\u00c9 tempo de reavivar o fogo\u201d!"},"content":{"rendered":"<p><strong>Roma (It\u00e1lia).<\/strong> No dia 24 de novembro de 2024, ser\u00e1 transmitido ao vivo de Roma, da Casa Geral do Instituto das Filhas de Maria Auxiliadora, o <strong>Festival mission\u00e1rio<\/strong> com a apresenta\u00e7\u00e3o das can\u00e7\u00f5es que chegaram \u00e0 final do concurso para a cria\u00e7\u00e3o do hino do 150\u00ba anivers\u00e1rio da primeira expedi\u00e7\u00e3o mission\u00e1ria (14 de novembro de 1877).<\/p>\n<div class=\"youtube-embed\" data-video_id=\"\"><iframe title=\"Festival missionario\" width=\"696\" height=\"392\" data-src=\"https:\/\/www.youtube.com\/embed\/u9TIv6Fi2eI?feature=oembed&#038;enablejsapi=1\" frameborder=\"0\" allow=\"accelerometer; autoplay; clipboard-write; encrypted-media; gyroscope; picture-in-picture; web-share\" referrerpolicy=\"strict-origin-when-cross-origin\" allowfullscreen src=\"data:image\/svg+xml;base64,PHN2ZyB3aWR0aD0iMSIgaGVpZ2h0PSIxIiB4bWxucz0iaHR0cDovL3d3dy53My5vcmcvMjAwMC9zdmciPjwvc3ZnPg==\" class=\"lazyload\" data-load-mode=\"1\"><\/iframe><\/div>\n<p>No dia 14 de novembro de 2024, na transmiss\u00e3o ao vivo seguida por todo o mundo, a Superiora Geral, Madre Chiara Cazzuola, <span style=\"color: #0000ff;\"><strong><a style=\"color: #0000ff;\" href=\"https:\/\/www.youtube.com\/watch?v=nB_I3mgVwjE\" target=\"_blank\" rel=\"noopener\">abriu oficialmente o Tri\u00eanio<\/a><\/strong><\/span> de prepara\u00e7\u00e3o ao 150\u00ba anivers\u00e1rio da primeira expedi\u00e7\u00e3o mission\u00e1ria.\u00a0 O tema <strong><em>\u201c\u00c9 tempo de reavivar o fogo!&#8221;<\/em><\/strong>, conhecida express\u00e3o de Maria Mazzarello (C 27,8), tem levado muitas pessoas de todo o mundo a aprofundar a paix\u00e3o mission\u00e1ria, recordando a hist\u00f3ria das primeiras FMA que, com coragem e aud\u00e1cia, sulcaram o oceano para fazer conhecer em terras distantes o amor de Deus a cada homem, anunciado com o estilo t\u00edpico do Carisma salesiano.<\/p>\n<p>O aprofundamento do tema traduziu-se em express\u00f5es art\u00edsticas pelos numerosos participantes do concurso lan\u00e7ado para a cria\u00e7\u00e3o do logotipo e do hino, pelos quais a Madre, as Conselheiras Gerais e a Comiss\u00e3o de Avalia\u00e7\u00e3o (constitu\u00edda por FMA, leigos e jovens) expressam sincera gratid\u00e3o e grande apre\u00e7o pelas compet\u00eancias art\u00edsticas demonstradas, bem conjugadas a uma acentuada sensibilidade mission\u00e1ria e a um grande senso de perten\u00e7a ao Instituto.<\/p>\n<p>Muito apreciados alguns coment\u00e1rios enviados pelos participantes para se congratular com os vencedores. Entre estes, o de uma \u201cfeliz Ex-aluna\u201d permite colher o esp\u00edrito do concurso: <em>\u201cO importante \u00e9 ter participado e sentir o amor de todo o mundo pelo carisma bonito e sublime das filhas de Maria Auxiliadora. A chama j\u00e1 come\u00e7ou a se reacender e, de todo o mundo, uniremos a nossa voz uruguaia, com o mesmo amor com que aquelas Irm\u00e3s deixaram Mornese. Cabe a n\u00f3s somente continuar a reacender o fogo. Gra\u00e7as mil\u201d. <\/em><\/p>\n<p>Congratula\u00e7\u00f5es ainda aos j\u00e1 conhecidos vencedores, pelo <span style=\"color: #0000ff;\"><strong><a style=\"color: #0000ff;\" href=\"https:\/\/www.cgfmanet.org\/pt-pt\/ifma-pt-pt\/logotipo-da-150a-primeira-expedicao-missionaria-do-instituto-das-fma\/\" target=\"_blank\" rel=\"noopener\">logotipo<\/a><\/strong><\/span>: <strong>Valentina Calabrese, Gaia Greco, Ang\u00e9lica Buanne, Ilaria Fara, FMA, Anna Maria Spina, FMA, Gabriel Maria Calabrese, SDB<\/strong>; um grupo de anima\u00e7\u00e3o mission\u00e1ria da It\u00e1lia Central, pelo <span style=\"color: #0000ff;\"><strong><a style=\"color: #0000ff;\" href=\"https:\/\/www.cgfmanet.org\/pt-pt\/ifma-pt-pt\/hino-do-150o-aniversario-da-primeira-expedicao-missionaria-do-instituto-das-fma\/\" target=\"_blank\" rel=\"noopener\">hino<\/a><\/strong><\/span>: Susana Diaz, FMA e Yinett Contreras, Novi\u00e7a, da Inspetoria chilena <em>S\u00e3o Gabriel Arcanjo<\/em> (CIL).<\/p>\n<p>Durante o momento celebrativo do dia 14 de novembro, os vencedores foram envolvidos numa bonita e significativa entrevista online, conclu\u00edda com a entrega da placa-pr\u00eamio a Valentina Calabrese, presente na sala, representando o grupo de anima\u00e7\u00e3o mission\u00e1ria da It\u00e1lia Central, e \u00e0 Irm\u00e3 Dom\u00e9nica Gonz\u00e1lez, da Inspetoria chilena, uma das participantes da Confer\u00eancia internacional das FMA Formadoras, que viveram presencialmente o evento.<\/p>\n<p>S\u00e3o Paulo recorda que <em>\u201cnas corridas de est\u00e1dio todos correm, mas um s\u00f3 conquista o pr\u00eamio\u201d<\/em>, mesmo que os outros concorrentes atinjam n\u00edveis significativos. Do desejo de valorizar a produ\u00e7\u00e3o dos outros artistas concorrentes pelo hino, nasce a ideia do <strong>Festival mission\u00e1rio<\/strong>, que ser\u00e1 <strong>transmitido ao vivo no domingo, 24 de novembro de 2024, \u00e0s 17h, hor\u00e1rio de Roma.<\/strong><\/p>\n<p>Ser\u00e3o executadas as can\u00e7\u00f5es que alcan\u00e7aram os 10 primeiros lugares da classifica\u00e7\u00e3o, acompanhadas por um v\u00eddeo e uma breve apresenta\u00e7\u00e3o dos autores.<\/p>\n<p><strong>A data escolhida para o festival n\u00e3o \u00e9 casual, mas homenageia Irm\u00e3 Maria Troncatti<\/strong>, grande mission\u00e1ria entre os Shuar, no anivers\u00e1rio da sua beatifica\u00e7\u00e3o, acontecida em 24 de novembro de 2012 em Macas, Equador, com o rito presidido pelo Cardeal \u00c2ngelo Amato, Salesiano de Dom Bosco, ent\u00e3o Prefeito da Congrega\u00e7\u00e3o das Causas dos Santos. Estavam presentes a Superiora Geral do tempo, Madre Yvonne Reungoat, a Secret\u00e1ria Geral, Irm\u00e3 Piera Cavagli\u00e0, a Postuladora geral das Causas dos Santos da Fam\u00edlia Salesiana, Pe. Pierluigi Cameroni, a Vice-postuladora, Irm\u00e3 Sylwia Ciezkowska, FMA, Inspetora da Inspetoria equatoriana <em>Sagrado Cora\u00e7\u00e3o<\/em> (ECU) e uma vasta representa\u00e7\u00e3o de FMA, membros da comunidade educativa, jovens, crian\u00e7as e fam\u00edlias, tamb\u00e9m de etnia Shuar.<\/p>\n<p>Madre Yvonne, para comunicar a not\u00edcia da sua beatifica\u00e7\u00e3o, no dia 29 de maio de 2012 escrevia a todo o Instituto: <em>\u00ab\u00c9 particularmente necess\u00e1rio ajudar as jovens e os jovens a se aproximar desta maravilhosa mission\u00e1ria que, com f\u00e9 operosa, generosidade audaz e alegre esperan\u00e7a, anunciou e testemunhou a todos o amor de Jesus\u201d.<\/em><\/p>\n<p>\u00c9 precisamente este o esp\u00edrito do festival, que quer alimentar em muitos outros jovens a paix\u00e3o mission\u00e1ria, que caracteriza o verdadeiro disc\u00edpulo do Senhor!<\/p>\n<p><strong><span style=\"color: #0000ff;\"><a style=\"color: #0000ff;\" href=\"https:\/\/www.youtube.com\/live\/u9TIv6Fi2eI\" target=\"_blank\" rel=\"noopener\">Link para a transmiss\u00e3o ao vivo<\/a><\/span><\/strong><\/p>\n","protected":false},"excerpt":{"rendered":"<p>Roma (It\u00e1lia). No dia 24 de novembro de 2024, ser\u00e1 transmitido ao vivo de Roma, da Casa Geral do Instituto das Filhas de Maria Auxiliadora, o Festival mission\u00e1rio com a [&hellip;]<\/p>\n","protected":false},"author":21,"featured_media":123603,"comment_status":"open","ping_status":"closed","sticky":false,"template":"","format":"standard","meta":{"footnotes":""},"categories":[2471,159],"tags":[338,1666,1930,2282,2454,2463],"class_list":["post-123608","post","type-post","status-publish","format-standard","has-post-thumbnail","category-150-missao-fma","category-ifma-pt-pt","tag-jovens","tag-carisma-salesiano-pt-pt","tag-focus-pt-pt","tag-ifma-pt-pt","tag-missionarieta-pt-pt","tag-150-missoes-das-fma"],"yoast_head":"<!-- This site is optimized with the Yoast SEO plugin v27.4 - https:\/\/yoast.com\/product\/yoast-seo-wordpress\/ -->\n<title>Festival Mission\u00e1rio: \u201c\u00c9 tempo de reavivar o fogo\u201d! &#8226; Istituto Figlie di Maria Ausiliatrice<\/title>\n<meta name=\"description\" content=\"No dia 24 de novembro de 2024, em transmiss\u00e3o ao vivo de Roma, o Festival mission\u00e1rio com as can\u00e7\u00f5es que chegaram \u00e0 final do concurso para a cria\u00e7\u00e3o do hino do 150\u00ba anivers\u00e1rio da 1\u00aa expedi\u00e7\u00e3o mission\u00e1ria.\" \/>\n<meta name=\"robots\" content=\"index, follow, max-snippet:-1, max-image-preview:large, max-video-preview:-1\" \/>\n<link rel=\"canonical\" href=\"https:\/\/www.cgfmanet.org\/pt-pt\/ifma-pt-pt\/festival-missionario-e-tempo-de-reavivar-o-fogo\/\" \/>\n<meta property=\"og:locale\" content=\"pt_PT\" \/>\n<meta property=\"og:type\" content=\"article\" \/>\n<meta property=\"og:title\" content=\"Festival Mission\u00e1rio: \u201c\u00c9 tempo de reavivar o fogo\u201d! &#8226; Istituto Figlie di Maria Ausiliatrice\" \/>\n<meta property=\"og:description\" content=\"No dia 24 de novembro de 2024, em transmiss\u00e3o ao vivo de Roma, o Festival mission\u00e1rio com as can\u00e7\u00f5es que chegaram \u00e0 final do concurso para a cria\u00e7\u00e3o do hino do 150\u00ba anivers\u00e1rio da 1\u00aa expedi\u00e7\u00e3o mission\u00e1ria.\" \/>\n<meta property=\"og:url\" content=\"https:\/\/www.cgfmanet.org\/pt-pt\/ifma-pt-pt\/festival-missionario-e-tempo-de-reavivar-o-fogo\/\" \/>\n<meta property=\"og:site_name\" content=\"Istituto Figlie di Maria Ausiliatrice\" \/>\n<meta property=\"article:publisher\" content=\"https:\/\/www.facebook.com\/salesian.sisters.of.don.bosco\/\" \/>\n<meta property=\"article:published_time\" content=\"2024-11-22T16:09:02+00:00\" \/>\n<meta property=\"og:image\" content=\"https:\/\/www.cgfmanet.org\/wp-content\/uploads\/2024\/11\/Festival-missionario-150\u00b0-notizia.jpg\" \/>\n\t<meta property=\"og:image:width\" content=\"1329\" \/>\n\t<meta property=\"og:image:height\" content=\"886\" \/>\n\t<meta property=\"og:image:type\" content=\"image\/jpeg\" \/>\n<meta name=\"author\" content=\"Redazione\" \/>\n<meta name=\"twitter:card\" content=\"summary_large_image\" \/>\n<meta name=\"twitter:creator\" content=\"@Cgfmanet_Org\" \/>\n<meta name=\"twitter:site\" content=\"@Cgfmanet_Org\" \/>\n<meta name=\"twitter:label1\" content=\"Escrito por\" \/>\n\t<meta name=\"twitter:data1\" content=\"Redazione\" \/>\n\t<meta name=\"twitter:label2\" content=\"Tempo estimado de leitura\" \/>\n\t<meta name=\"twitter:data2\" content=\"4 minutos\" \/>\n<script type=\"application\/ld+json\" class=\"yoast-schema-graph\">{\"@context\":\"https:\\\/\\\/schema.org\",\"@graph\":[{\"@type\":\"Article\",\"@id\":\"https:\\\/\\\/www.cgfmanet.org\\\/pt-pt\\\/ifma-pt-pt\\\/festival-missionario-e-tempo-de-reavivar-o-fogo\\\/#article\",\"isPartOf\":{\"@id\":\"https:\\\/\\\/www.cgfmanet.org\\\/pt-pt\\\/ifma-pt-pt\\\/festival-missionario-e-tempo-de-reavivar-o-fogo\\\/\"},\"author\":{\"name\":\"Redazione\",\"@id\":\"https:\\\/\\\/www.cgfmanet.org\\\/es\\\/#\\\/schema\\\/person\\\/ce6473083f53ef0ef882cca23f0c8fb9\"},\"headline\":\"Festival Mission\u00e1rio: \u201c\u00c9 tempo de reavivar o fogo\u201d!\",\"datePublished\":\"2024-11-22T16:09:02+00:00\",\"mainEntityOfPage\":{\"@id\":\"https:\\\/\\\/www.cgfmanet.org\\\/pt-pt\\\/ifma-pt-pt\\\/festival-missionario-e-tempo-de-reavivar-o-fogo\\\/\"},\"wordCount\":780,\"commentCount\":0,\"publisher\":{\"@id\":\"https:\\\/\\\/www.cgfmanet.org\\\/es\\\/#organization\"},\"image\":{\"@id\":\"https:\\\/\\\/www.cgfmanet.org\\\/pt-pt\\\/ifma-pt-pt\\\/festival-missionario-e-tempo-de-reavivar-o-fogo\\\/#primaryimage\"},\"thumbnailUrl\":\"https:\\\/\\\/www.cgfmanet.org\\\/wp-content\\\/uploads\\\/2024\\\/11\\\/Festival-missionario-150\u00b0-notizia.jpg\",\"keywords\":[\"Jovens\",\"Carisma salesiano\",\"Focus\",\"IFMA\",\"Missionariet\u00e0\",\"150\u00b0 Miss\u00f5es das FMA\"],\"articleSection\":[\"150 Miss\u00e3o FMA\",\"IFMA\"],\"inLanguage\":\"pt-PT\",\"potentialAction\":[{\"@type\":\"CommentAction\",\"name\":\"Comment\",\"target\":[\"https:\\\/\\\/www.cgfmanet.org\\\/pt-pt\\\/ifma-pt-pt\\\/festival-missionario-e-tempo-de-reavivar-o-fogo\\\/#respond\"]}]},{\"@type\":\"WebPage\",\"@id\":\"https:\\\/\\\/www.cgfmanet.org\\\/pt-pt\\\/ifma-pt-pt\\\/festival-missionario-e-tempo-de-reavivar-o-fogo\\\/\",\"url\":\"https:\\\/\\\/www.cgfmanet.org\\\/pt-pt\\\/ifma-pt-pt\\\/festival-missionario-e-tempo-de-reavivar-o-fogo\\\/\",\"name\":\"Festival Mission\u00e1rio: \u201c\u00c9 tempo de reavivar o fogo\u201d! &#8226; Istituto Figlie di Maria Ausiliatrice\",\"isPartOf\":{\"@id\":\"https:\\\/\\\/www.cgfmanet.org\\\/es\\\/#website\"},\"primaryImageOfPage\":{\"@id\":\"https:\\\/\\\/www.cgfmanet.org\\\/pt-pt\\\/ifma-pt-pt\\\/festival-missionario-e-tempo-de-reavivar-o-fogo\\\/#primaryimage\"},\"image\":{\"@id\":\"https:\\\/\\\/www.cgfmanet.org\\\/pt-pt\\\/ifma-pt-pt\\\/festival-missionario-e-tempo-de-reavivar-o-fogo\\\/#primaryimage\"},\"thumbnailUrl\":\"https:\\\/\\\/www.cgfmanet.org\\\/wp-content\\\/uploads\\\/2024\\\/11\\\/Festival-missionario-150\u00b0-notizia.jpg\",\"datePublished\":\"2024-11-22T16:09:02+00:00\",\"description\":\"No dia 24 de novembro de 2024, em transmiss\u00e3o ao vivo de Roma, o Festival mission\u00e1rio com as can\u00e7\u00f5es que chegaram \u00e0 final do concurso para a cria\u00e7\u00e3o do hino do 150\u00ba anivers\u00e1rio da 1\u00aa expedi\u00e7\u00e3o mission\u00e1ria.\",\"breadcrumb\":{\"@id\":\"https:\\\/\\\/www.cgfmanet.org\\\/pt-pt\\\/ifma-pt-pt\\\/festival-missionario-e-tempo-de-reavivar-o-fogo\\\/#breadcrumb\"},\"inLanguage\":\"pt-PT\",\"potentialAction\":[{\"@type\":\"ReadAction\",\"target\":[\"https:\\\/\\\/www.cgfmanet.org\\\/pt-pt\\\/ifma-pt-pt\\\/festival-missionario-e-tempo-de-reavivar-o-fogo\\\/\"]}]},{\"@type\":\"ImageObject\",\"inLanguage\":\"pt-PT\",\"@id\":\"https:\\\/\\\/www.cgfmanet.org\\\/pt-pt\\\/ifma-pt-pt\\\/festival-missionario-e-tempo-de-reavivar-o-fogo\\\/#primaryimage\",\"url\":\"https:\\\/\\\/www.cgfmanet.org\\\/wp-content\\\/uploads\\\/2024\\\/11\\\/Festival-missionario-150\u00b0-notizia.jpg\",\"contentUrl\":\"https:\\\/\\\/www.cgfmanet.org\\\/wp-content\\\/uploads\\\/2024\\\/11\\\/Festival-missionario-150\u00b0-notizia.jpg\",\"width\":1329,\"height\":886},{\"@type\":\"BreadcrumbList\",\"@id\":\"https:\\\/\\\/www.cgfmanet.org\\\/pt-pt\\\/ifma-pt-pt\\\/festival-missionario-e-tempo-de-reavivar-o-fogo\\\/#breadcrumb\",\"itemListElement\":[{\"@type\":\"ListItem\",\"position\":1,\"name\":\"Home\",\"item\":\"https:\\\/\\\/www.cgfmanet.org\\\/pt-pt\\\/\"},{\"@type\":\"ListItem\",\"position\":2,\"name\":\"Festival Mission\u00e1rio: \u201c\u00c9 tempo de reavivar o fogo\u201d!\"}]},{\"@type\":\"WebSite\",\"@id\":\"https:\\\/\\\/www.cgfmanet.org\\\/es\\\/#website\",\"url\":\"https:\\\/\\\/www.cgfmanet.org\\\/es\\\/\",\"name\":\"Istituto Figlie di Maria Ausiliatrice\",\"description\":\"Salesiane di Don Bosco\",\"publisher\":{\"@id\":\"https:\\\/\\\/www.cgfmanet.org\\\/es\\\/#organization\"},\"potentialAction\":[{\"@type\":\"SearchAction\",\"target\":{\"@type\":\"EntryPoint\",\"urlTemplate\":\"https:\\\/\\\/www.cgfmanet.org\\\/es\\\/?s={search_term_string}\"},\"query-input\":{\"@type\":\"PropertyValueSpecification\",\"valueRequired\":true,\"valueName\":\"search_term_string\"}}],\"inLanguage\":\"pt-PT\"},{\"@type\":\"Organization\",\"@id\":\"https:\\\/\\\/www.cgfmanet.org\\\/es\\\/#organization\",\"name\":\"Istituto Figlie di Maria Ausiliatrice\",\"url\":\"https:\\\/\\\/www.cgfmanet.org\\\/es\\\/\",\"logo\":{\"@type\":\"ImageObject\",\"inLanguage\":\"pt-PT\",\"@id\":\"https:\\\/\\\/www.cgfmanet.org\\\/es\\\/#\\\/schema\\\/logo\\\/image\\\/\",\"url\":\"https:\\\/\\\/www.cgfmanet.org\\\/wp-content\\\/uploads\\\/2018\\\/10\\\/logo-fma.png\",\"contentUrl\":\"https:\\\/\\\/www.cgfmanet.org\\\/wp-content\\\/uploads\\\/2018\\\/10\\\/logo-fma.png\",\"width\":214,\"height\":55,\"caption\":\"Istituto Figlie di Maria Ausiliatrice\"},\"image\":{\"@id\":\"https:\\\/\\\/www.cgfmanet.org\\\/es\\\/#\\\/schema\\\/logo\\\/image\\\/\"},\"sameAs\":[\"https:\\\/\\\/www.facebook.com\\\/salesian.sisters.of.don.bosco\\\/\",\"https:\\\/\\\/x.com\\\/Cgfmanet_Org\",\"https:\\\/\\\/www.youtube.com\\\/channel\\\/UCmcr8yFQBV7JXeXVxyV9y5Q\"]},{\"@type\":\"Person\",\"@id\":\"https:\\\/\\\/www.cgfmanet.org\\\/es\\\/#\\\/schema\\\/person\\\/ce6473083f53ef0ef882cca23f0c8fb9\",\"name\":\"Redazione\"}]}<\/script>\n<!-- \/ Yoast SEO plugin. -->","yoast_head_json":{"title":"Festival Mission\u00e1rio: \u201c\u00c9 tempo de reavivar o fogo\u201d! &#8226; Istituto Figlie di Maria Ausiliatrice","description":"No dia 24 de novembro de 2024, em transmiss\u00e3o ao vivo de Roma, o Festival mission\u00e1rio com as can\u00e7\u00f5es que chegaram \u00e0 final do concurso para a cria\u00e7\u00e3o do hino do 150\u00ba anivers\u00e1rio da 1\u00aa expedi\u00e7\u00e3o mission\u00e1ria.","robots":{"index":"index","follow":"follow","max-snippet":"max-snippet:-1","max-image-preview":"max-image-preview:large","max-video-preview":"max-video-preview:-1"},"canonical":"https:\/\/www.cgfmanet.org\/pt-pt\/ifma-pt-pt\/festival-missionario-e-tempo-de-reavivar-o-fogo\/","og_locale":"pt_PT","og_type":"article","og_title":"Festival Mission\u00e1rio: \u201c\u00c9 tempo de reavivar o fogo\u201d! &#8226; Istituto Figlie di Maria Ausiliatrice","og_description":"No dia 24 de novembro de 2024, em transmiss\u00e3o ao vivo de Roma, o Festival mission\u00e1rio com as can\u00e7\u00f5es que chegaram \u00e0 final do concurso para a cria\u00e7\u00e3o do hino do 150\u00ba anivers\u00e1rio da 1\u00aa expedi\u00e7\u00e3o mission\u00e1ria.","og_url":"https:\/\/www.cgfmanet.org\/pt-pt\/ifma-pt-pt\/festival-missionario-e-tempo-de-reavivar-o-fogo\/","og_site_name":"Istituto Figlie di Maria Ausiliatrice","article_publisher":"https:\/\/www.facebook.com\/salesian.sisters.of.don.bosco\/","article_published_time":"2024-11-22T16:09:02+00:00","og_image":[{"width":1329,"height":886,"url":"https:\/\/www.cgfmanet.org\/wp-content\/uploads\/2024\/11\/Festival-missionario-150\u00b0-notizia.jpg","type":"image\/jpeg"}],"author":"Redazione","twitter_card":"summary_large_image","twitter_creator":"@Cgfmanet_Org","twitter_site":"@Cgfmanet_Org","twitter_misc":{"Escrito por":"Redazione","Tempo estimado de leitura":"4 minutos"},"schema":{"@context":"https:\/\/schema.org","@graph":[{"@type":"Article","@id":"https:\/\/www.cgfmanet.org\/pt-pt\/ifma-pt-pt\/festival-missionario-e-tempo-de-reavivar-o-fogo\/#article","isPartOf":{"@id":"https:\/\/www.cgfmanet.org\/pt-pt\/ifma-pt-pt\/festival-missionario-e-tempo-de-reavivar-o-fogo\/"},"author":{"name":"Redazione","@id":"https:\/\/www.cgfmanet.org\/es\/#\/schema\/person\/ce6473083f53ef0ef882cca23f0c8fb9"},"headline":"Festival Mission\u00e1rio: \u201c\u00c9 tempo de reavivar o fogo\u201d!","datePublished":"2024-11-22T16:09:02+00:00","mainEntityOfPage":{"@id":"https:\/\/www.cgfmanet.org\/pt-pt\/ifma-pt-pt\/festival-missionario-e-tempo-de-reavivar-o-fogo\/"},"wordCount":780,"commentCount":0,"publisher":{"@id":"https:\/\/www.cgfmanet.org\/es\/#organization"},"image":{"@id":"https:\/\/www.cgfmanet.org\/pt-pt\/ifma-pt-pt\/festival-missionario-e-tempo-de-reavivar-o-fogo\/#primaryimage"},"thumbnailUrl":"https:\/\/www.cgfmanet.org\/wp-content\/uploads\/2024\/11\/Festival-missionario-150\u00b0-notizia.jpg","keywords":["Jovens","Carisma salesiano","Focus","IFMA","Missionariet\u00e0","150\u00b0 Miss\u00f5es das FMA"],"articleSection":["150 Miss\u00e3o FMA","IFMA"],"inLanguage":"pt-PT","potentialAction":[{"@type":"CommentAction","name":"Comment","target":["https:\/\/www.cgfmanet.org\/pt-pt\/ifma-pt-pt\/festival-missionario-e-tempo-de-reavivar-o-fogo\/#respond"]}]},{"@type":"WebPage","@id":"https:\/\/www.cgfmanet.org\/pt-pt\/ifma-pt-pt\/festival-missionario-e-tempo-de-reavivar-o-fogo\/","url":"https:\/\/www.cgfmanet.org\/pt-pt\/ifma-pt-pt\/festival-missionario-e-tempo-de-reavivar-o-fogo\/","name":"Festival Mission\u00e1rio: \u201c\u00c9 tempo de reavivar o fogo\u201d! &#8226; Istituto Figlie di Maria Ausiliatrice","isPartOf":{"@id":"https:\/\/www.cgfmanet.org\/es\/#website"},"primaryImageOfPage":{"@id":"https:\/\/www.cgfmanet.org\/pt-pt\/ifma-pt-pt\/festival-missionario-e-tempo-de-reavivar-o-fogo\/#primaryimage"},"image":{"@id":"https:\/\/www.cgfmanet.org\/pt-pt\/ifma-pt-pt\/festival-missionario-e-tempo-de-reavivar-o-fogo\/#primaryimage"},"thumbnailUrl":"https:\/\/www.cgfmanet.org\/wp-content\/uploads\/2024\/11\/Festival-missionario-150\u00b0-notizia.jpg","datePublished":"2024-11-22T16:09:02+00:00","description":"No dia 24 de novembro de 2024, em transmiss\u00e3o ao vivo de Roma, o Festival mission\u00e1rio com as can\u00e7\u00f5es que chegaram \u00e0 final do concurso para a cria\u00e7\u00e3o do hino do 150\u00ba anivers\u00e1rio da 1\u00aa expedi\u00e7\u00e3o mission\u00e1ria.","breadcrumb":{"@id":"https:\/\/www.cgfmanet.org\/pt-pt\/ifma-pt-pt\/festival-missionario-e-tempo-de-reavivar-o-fogo\/#breadcrumb"},"inLanguage":"pt-PT","potentialAction":[{"@type":"ReadAction","target":["https:\/\/www.cgfmanet.org\/pt-pt\/ifma-pt-pt\/festival-missionario-e-tempo-de-reavivar-o-fogo\/"]}]},{"@type":"ImageObject","inLanguage":"pt-PT","@id":"https:\/\/www.cgfmanet.org\/pt-pt\/ifma-pt-pt\/festival-missionario-e-tempo-de-reavivar-o-fogo\/#primaryimage","url":"https:\/\/www.cgfmanet.org\/wp-content\/uploads\/2024\/11\/Festival-missionario-150\u00b0-notizia.jpg","contentUrl":"https:\/\/www.cgfmanet.org\/wp-content\/uploads\/2024\/11\/Festival-missionario-150\u00b0-notizia.jpg","width":1329,"height":886},{"@type":"BreadcrumbList","@id":"https:\/\/www.cgfmanet.org\/pt-pt\/ifma-pt-pt\/festival-missionario-e-tempo-de-reavivar-o-fogo\/#breadcrumb","itemListElement":[{"@type":"ListItem","position":1,"name":"Home","item":"https:\/\/www.cgfmanet.org\/pt-pt\/"},{"@type":"ListItem","position":2,"name":"Festival Mission\u00e1rio: \u201c\u00c9 tempo de reavivar o fogo\u201d!"}]},{"@type":"WebSite","@id":"https:\/\/www.cgfmanet.org\/es\/#website","url":"https:\/\/www.cgfmanet.org\/es\/","name":"Istituto Figlie di Maria Ausiliatrice","description":"Salesiane di Don Bosco","publisher":{"@id":"https:\/\/www.cgfmanet.org\/es\/#organization"},"potentialAction":[{"@type":"SearchAction","target":{"@type":"EntryPoint","urlTemplate":"https:\/\/www.cgfmanet.org\/es\/?s={search_term_string}"},"query-input":{"@type":"PropertyValueSpecification","valueRequired":true,"valueName":"search_term_string"}}],"inLanguage":"pt-PT"},{"@type":"Organization","@id":"https:\/\/www.cgfmanet.org\/es\/#organization","name":"Istituto Figlie di Maria Ausiliatrice","url":"https:\/\/www.cgfmanet.org\/es\/","logo":{"@type":"ImageObject","inLanguage":"pt-PT","@id":"https:\/\/www.cgfmanet.org\/es\/#\/schema\/logo\/image\/","url":"https:\/\/www.cgfmanet.org\/wp-content\/uploads\/2018\/10\/logo-fma.png","contentUrl":"https:\/\/www.cgfmanet.org\/wp-content\/uploads\/2018\/10\/logo-fma.png","width":214,"height":55,"caption":"Istituto Figlie di Maria Ausiliatrice"},"image":{"@id":"https:\/\/www.cgfmanet.org\/es\/#\/schema\/logo\/image\/"},"sameAs":["https:\/\/www.facebook.com\/salesian.sisters.of.don.bosco\/","https:\/\/x.com\/Cgfmanet_Org","https:\/\/www.youtube.com\/channel\/UCmcr8yFQBV7JXeXVxyV9y5Q"]},{"@type":"Person","@id":"https:\/\/www.cgfmanet.org\/es\/#\/schema\/person\/ce6473083f53ef0ef882cca23f0c8fb9","name":"Redazione"}]}},"_links":{"self":[{"href":"https:\/\/www.cgfmanet.org\/pt-pt\/wp-json\/wp\/v2\/posts\/123608","targetHints":{"allow":["GET"]}}],"collection":[{"href":"https:\/\/www.cgfmanet.org\/pt-pt\/wp-json\/wp\/v2\/posts"}],"about":[{"href":"https:\/\/www.cgfmanet.org\/pt-pt\/wp-json\/wp\/v2\/types\/post"}],"author":[{"embeddable":true,"href":"https:\/\/www.cgfmanet.org\/pt-pt\/wp-json\/wp\/v2\/users\/21"}],"replies":[{"embeddable":true,"href":"https:\/\/www.cgfmanet.org\/pt-pt\/wp-json\/wp\/v2\/comments?post=123608"}],"version-history":[{"count":3,"href":"https:\/\/www.cgfmanet.org\/pt-pt\/wp-json\/wp\/v2\/posts\/123608\/revisions"}],"predecessor-version":[{"id":123616,"href":"https:\/\/www.cgfmanet.org\/pt-pt\/wp-json\/wp\/v2\/posts\/123608\/revisions\/123616"}],"wp:featuredmedia":[{"embeddable":true,"href":"https:\/\/www.cgfmanet.org\/pt-pt\/wp-json\/wp\/v2\/media\/123603"}],"wp:attachment":[{"href":"https:\/\/www.cgfmanet.org\/pt-pt\/wp-json\/wp\/v2\/media?parent=123608"}],"wp:term":[{"taxonomy":"category","embeddable":true,"href":"https:\/\/www.cgfmanet.org\/pt-pt\/wp-json\/wp\/v2\/categories?post=123608"},{"taxonomy":"post_tag","embeddable":true,"href":"https:\/\/www.cgfmanet.org\/pt-pt\/wp-json\/wp\/v2\/tags?post=123608"}],"curies":[{"name":"wp","href":"https:\/\/api.w.org\/{rel}","templated":true}]}}