{"id":123460,"date":"2024-11-16T17:09:07","date_gmt":"2024-11-16T16:09:07","guid":{"rendered":"https:\/\/www.cgfmanet.org\/infosfera-pt-pt\/inno-150-prima-spedizione-missionaria-istituto-fma\/"},"modified":"2024-11-16T22:29:38","modified_gmt":"2024-11-16T21:29:38","slug":"hino-do-150o-aniversario-da-primeira-expedicao-missionaria-do-instituto-das-fma","status":"publish","type":"post","link":"https:\/\/www.cgfmanet.org\/pt-pt\/ifma-pt-pt\/hino-do-150o-aniversario-da-primeira-expedicao-missionaria-do-instituto-das-fma\/","title":{"rendered":"Hino do 150\u00ba anivers\u00e1rio da Primeira expedi\u00e7\u00e3o mission\u00e1ria do Instituto das FMA"},"content":{"rendered":"<p><strong>Roma (It\u00e1lia).<\/strong> No dia 14 de novembro de 2024, durante <span style=\"color: #0000ff;\"><a style=\"color: #0000ff;\" href=\"https:\/\/www.youtube.com\/watch?v=nB_I3mgVwjE\" target=\"_blank\" rel=\"noopener\"><strong>transmiss\u00e3o ao vivo<\/strong><\/a><\/span> em que a Superiora geral do Instituto das Filhas de Maria Auxiliadora, Madre Chiara Cazzuola, inaugurou oficialmente o tri\u00eanio em prepara\u00e7\u00e3o ao 150\u00ba anivers\u00e1rio da primeira expedi\u00e7\u00e3o mission\u00e1ria das FMA (14 de novembro de 1877), <strong>foi lan\u00e7ado o hino oficial<\/strong> que acompanhar\u00e1 este tempo e o evento.<\/p>\n<p>Entre as diversas propostas recebidas de todo o mundo, foi escolhido o hino <strong>\u201c\u00c9 tempo de reavivar o fogo\u201d, composto e criado por Yinett Contreras, Novi\u00e7a, e por Irm\u00e3 Susana D\u00edaz Vidal, FMA da Inspetoria S\u00e3o Gabriel Arcanjo (CIL).<\/strong><\/p>\n<p>Durante a transmiss\u00e3o ao vivo, em conex\u00e3o com o Chile, as autoras relataram o processo de idealiza\u00e7\u00e3o:<\/p>\n<p><strong><a href=\"https:\/\/www.cgfmanet.org\/wp-content\/uploads\/2024\/11\/Inno-150\u00b0-Missioni-FMA_autrici.jpg\"><img decoding=\"async\" class=\"alignleft wp-image-123442 lazyload\" data-src=\"https:\/\/www.cgfmanet.org\/wp-content\/uploads\/2024\/11\/Inno-150\u00b0-Missioni-FMA_autrici.jpg\" alt=\"\" width=\"350\" height=\"198\" data-srcset=\"https:\/\/www.cgfmanet.org\/wp-content\/uploads\/2024\/11\/Inno-150\u00b0-Missioni-FMA_autrici.jpg 1172w, https:\/\/www.cgfmanet.org\/wp-content\/uploads\/2024\/11\/Inno-150\u00b0-Missioni-FMA_autrici-768x434.jpg 768w, https:\/\/www.cgfmanet.org\/wp-content\/uploads\/2024\/11\/Inno-150\u00b0-Missioni-FMA_autrici-742x420.jpg 742w, https:\/\/www.cgfmanet.org\/wp-content\/uploads\/2024\/11\/Inno-150\u00b0-Missioni-FMA_autrici-696x394.jpg 696w\" data-sizes=\"auto\" src=\"data:image\/svg+xml;base64,PHN2ZyB3aWR0aD0iMSIgaGVpZ2h0PSIxIiB4bWxucz0iaHR0cDovL3d3dy53My5vcmcvMjAwMC9zdmciPjwvc3ZnPg==\" style=\"--smush-placeholder-width: 350px; --smush-placeholder-aspect-ratio: 350\/198;\" data-original-sizes=\"(max-width: 350px) 100vw, 350px\" \/><\/a><\/strong><\/p>\n<p><strong>Como foi o percurso para a cria\u00e7\u00e3o deste hino?<\/strong><\/p>\n<p><strong>Susana Diaz<\/strong>: Estamos muito felizes por fazer parte desta experi\u00eancia, foi um longo percurso para chegar \u00e0 constru\u00e7\u00e3o do hino final. Em primeiro lugar, uma abordagem \u00e0s fontes como a Cronist\u00f3ria, tamb\u00e9m a Circular da Madre, a Carta de Convoca\u00e7\u00e3o e a Mensagem que o Papa Francisco deixou \u00e0s FMA Capitulares. Enriquecemo-nos com muitos conte\u00fados para poder sentir aquele fogo que o Instituto convidava a reavivar. Depois tivemos que pedir outras ajudas, porque devia ser alegre, jovial, em cinco l\u00ednguas, ent\u00e3o foi um processo participativo que envolveu Irm\u00e3s de outros Pa\u00edses &#8211; da Fran\u00e7a, do Brasil &#8211; para chegar a este hino.<\/p>\n<p><strong>Yinett Contreras<\/strong>: Gostaria de sublinhar que foi um percurso de muita ora\u00e7\u00e3o, porque come\u00e7amos rezando, para clarear o que quer\u00edamos compartilhar. Assim, no in\u00edcio, cada uma escreveu o que lhe foi sugerido no seu momento de ora\u00e7\u00e3o e depois, enquanto partilh\u00e1vamos o que hav\u00edamos escrito, parecia inspirado pelo Esp\u00edrito, porque havia muita harmonia. Ambas quer\u00edamos expressar que o fogo \u00e9 esta rela\u00e7\u00e3o \u00edntima com Jesus, que cada uma de n\u00f3s cultiva, e isso nos levou a pensar como este mesmo fogo marcou o sonho mission\u00e1rio de Dom Bosco e tamb\u00e9m de Madre Mazzarello, que abra\u00e7ou o grande desejo de vir para a Am\u00e9rica, e como este mesmo fogo tenha impulsionado as Irm\u00e3s a empreender a primeira viagem mission\u00e1ria e a dar testemunho. \u00c9 isto que nos anima hoje.<\/p>\n<p><strong>Como viver hoje aquela paix\u00e3o, aquele fogo mission\u00e1rio no Chile, nas nossas comunidades?<\/strong><\/p>\n<p><strong>S. D.<\/strong>: Sentimo-nos parte desta hist\u00f3ria, \u00e9 a nossa identidade de Filhas de Maria Auxiliadora e, tamb\u00e9m da nossa Inspetoria, h\u00e1 uma funda\u00e7\u00e3o muito pr\u00f3xima \u00e0s origens: as nossas primeiras Irm\u00e3s, com Irm\u00e3 \u00c2ngela Vallese, chegaram em 3 de dezembro de 1888 ao Chile, em Punta Arenas, atravessaram o mar e foram para a Terra do Fogo. Portanto, este fogo nos fala de muitas coisas como Filhas de Maria Auxiliadora nesta terra e creio que esta experi\u00eancia seja compartilhada em cada uma das comunidades educativas e permanece ancorada como um tesouro para a vida e para a miss\u00e3o que o Senhor nos confiou aqui em nosso Pa\u00eds. Estamos presentes em todo o Chile com diversas obras, o Senhor nos confiou mais de doze mil fam\u00edlias, \u00e9 um tesouro de que devemos cuidar com esta mesma paix\u00e3o.<\/p>\n<p><strong>Y. C.<\/strong>: Na Inspetoria h\u00e1 muita consci\u00eancia e muita mem\u00f3ria hist\u00f3rica desta primeira chegada das Irm\u00e3s. Tive a oportunidade de conhec\u00ea-las depois, tamb\u00e9m na forma\u00e7\u00e3o, e creio que cada uma das Irm\u00e3s da Inspetoria vive deste modo: todas conhecemos a hist\u00f3ria, o quanto as primeiras Irm\u00e3s deram de si mesmas, o quanto eram sacrificadas, e com este mesmo esp\u00edrito as FMA vivem a miss\u00e3o hoje. \u00c9 muito enriquecedor escutar as Irm\u00e3s da Inspetoria quando se fala com elas da miss\u00e3o, de como vivem com este fogo, com este desejo de fazer miss\u00e3o no lugar em que se encontram, na realidade em que est\u00e3o envolvidas. Algumas fizeram pedido para ser mission\u00e1rias <em>ad-gentes<\/em>, por isso foram tamb\u00e9m para outros lugares, mas tamb\u00e9m n\u00f3s que estamos aqui vivemos isso com esta for\u00e7a.<\/p>\n<p><strong>S. D.<\/strong>: \u00c9 sempre um desafio manter este fogo, e \u00e9 por isso que o convite para reaviv\u00e1-lo \u00e9 t\u00e3o bonito. Recebemos como dom estas jovens Irm\u00e3s &#8211; como diz o canto, <em>\u201cjovens mission\u00e1rias corajosas\u201d<\/em> &#8211; e \u00e9 muito bonito que a nossa Inspetoria tenha por sua vez dado ao Instituto Irm\u00e3s que levam esta paix\u00e3o a outros lugares e sobretudo a outros continentes.<\/p>\n<p>A comiss\u00e3o de avalia\u00e7\u00e3o &#8211; constitu\u00edda por FMA, leigos e jovens &#8211; expressa sincera gratid\u00e3o a todos\/as participantes pelos trabalhos, muito apreciados, vindos de diversas partes do mundo, que manifestam uma acentuada sensibilidade mission\u00e1ria e um grande senso de perten\u00e7a ao Instituto, unidos \u00a0\u00e0 habilidade e compet\u00eancias musicais e art\u00edsticas.<\/p>\n<p>As outras propostas recebidas ser\u00e3o valorizadas mediante <strong>um \u201cFestival\u201d que se realizar\u00e1 em transmiss\u00e3o direta no dia 24 de novembro de 2024<\/strong> e ser\u00e3o colocadas \u00e0 disposi\u00e7\u00e3o no Soundcloud para a anima\u00e7\u00e3o do tri\u00eanio.<\/p>\n<p><span style=\"color: #0000ff;\"><a style=\"color: #0000ff;\" href=\"https:\/\/www.youtube.com\/watch?v=nUJ6SBm_oTE\" target=\"_blank\" rel=\"noopener\"><strong>V\u00eddeo oficial do hino<\/strong><\/a><\/span><\/p>\n<p><span style=\"color: #0000ff;\"><a style=\"color: #0000ff;\" href=\"https:\/\/www.youtube.com\/watch?v=5JxVSp7NDFk\" target=\"_blank\" rel=\"noopener\"><strong>V\u00eddeo da Coreografia do Hino<\/strong><\/a><\/span><\/p>\n<p><span style=\"color: #0000ff;\"><a style=\"color: #0000ff;\" href=\"https:\/\/drive.google.com\/drive\/u\/0\/folders\/1X2HNkw1Z4wc-u2qJqLiFiz6UoRSWNTf_\" target=\"_blank\" rel=\"noopener\"><strong>Textos e acordes<\/strong><\/a><\/span><\/p>\n","protected":false},"excerpt":{"rendered":"<p>Roma (It\u00e1lia). No dia 14 de novembro de 2024, durante transmiss\u00e3o ao vivo em que a Superiora geral do Instituto das Filhas de Maria Auxiliadora, Madre Chiara Cazzuola, inaugurou oficialmente [&hellip;]<\/p>\n","protected":false},"author":21,"featured_media":123450,"comment_status":"open","ping_status":"closed","sticky":false,"template":"","format":"standard","meta":{"footnotes":""},"categories":[2471,159],"tags":[1049,1666,1930,2282,2454,2463],"class_list":["post-123460","post","type-post","status-publish","format-standard","has-post-thumbnail","category-150-missao-fma","category-ifma-pt-pt","tag-cil-pt-pt","tag-carisma-salesiano-pt-pt","tag-focus-pt-pt","tag-ifma-pt-pt","tag-missionarieta-pt-pt","tag-150-missoes-das-fma"],"yoast_head":"<!-- This site is optimized with the Yoast SEO plugin v27.4 - https:\/\/yoast.com\/product\/yoast-seo-wordpress\/ -->\n<title>Hino do 150\u00ba anivers\u00e1rio da Primeira expedi\u00e7\u00e3o mission\u00e1ria do Instituto das FMA &#8226; Istituto Figlie di Maria Ausiliatrice<\/title>\n<meta name=\"description\" content=\"No dia 14 de novembro de 2024 foi lan\u00e7ado o hino oficial que acompanhar\u00e1 o tri\u00eanio em prepara\u00e7\u00e3o ao 150\u00ba anivers\u00e1rio da primeira expedi\u00e7\u00e3o mission\u00e1ria do Instituto das FMA (14 de novembro de 1877).\" \/>\n<meta name=\"robots\" content=\"index, follow, max-snippet:-1, max-image-preview:large, max-video-preview:-1\" \/>\n<link rel=\"canonical\" href=\"https:\/\/www.cgfmanet.org\/pt-pt\/ifma-pt-pt\/hino-do-150o-aniversario-da-primeira-expedicao-missionaria-do-instituto-das-fma\/\" \/>\n<meta property=\"og:locale\" content=\"pt_PT\" \/>\n<meta property=\"og:type\" content=\"article\" \/>\n<meta property=\"og:title\" content=\"Hino do 150\u00ba anivers\u00e1rio da Primeira expedi\u00e7\u00e3o mission\u00e1ria do Instituto das FMA &#8226; Istituto Figlie di Maria Ausiliatrice\" \/>\n<meta property=\"og:description\" content=\"No dia 14 de novembro de 2024 foi lan\u00e7ado o hino oficial que acompanhar\u00e1 o tri\u00eanio em prepara\u00e7\u00e3o ao 150\u00ba anivers\u00e1rio da primeira expedi\u00e7\u00e3o mission\u00e1ria do Instituto das FMA (14 de novembro de 1877).\" \/>\n<meta property=\"og:url\" content=\"https:\/\/www.cgfmanet.org\/pt-pt\/ifma-pt-pt\/hino-do-150o-aniversario-da-primeira-expedicao-missionaria-do-instituto-das-fma\/\" \/>\n<meta property=\"og:site_name\" content=\"Istituto Figlie di Maria Ausiliatrice\" \/>\n<meta property=\"article:publisher\" content=\"https:\/\/www.facebook.com\/salesian.sisters.of.don.bosco\/\" \/>\n<meta property=\"article:published_time\" content=\"2024-11-16T16:09:07+00:00\" \/>\n<meta property=\"article:modified_time\" content=\"2024-11-16T21:29:38+00:00\" \/>\n<meta property=\"og:image\" content=\"https:\/\/www.cgfmanet.org\/wp-content\/uploads\/2024\/11\/Inno-150\u00b0-Missioni-FMA.jpg\" \/>\n\t<meta property=\"og:image:width\" content=\"1181\" \/>\n\t<meta property=\"og:image:height\" content=\"787\" \/>\n\t<meta property=\"og:image:type\" content=\"image\/jpeg\" \/>\n<meta name=\"author\" content=\"Redazione\" \/>\n<meta name=\"twitter:card\" content=\"summary_large_image\" \/>\n<meta name=\"twitter:creator\" content=\"@Cgfmanet_Org\" \/>\n<meta name=\"twitter:site\" content=\"@Cgfmanet_Org\" \/>\n<meta name=\"twitter:label1\" content=\"Escrito por\" \/>\n\t<meta name=\"twitter:data1\" content=\"Redazione\" \/>\n\t<meta name=\"twitter:label2\" content=\"Tempo estimado de leitura\" \/>\n\t<meta name=\"twitter:data2\" content=\"5 minutos\" \/>\n<script type=\"application\/ld+json\" class=\"yoast-schema-graph\">{\"@context\":\"https:\\\/\\\/schema.org\",\"@graph\":[{\"@type\":\"Article\",\"@id\":\"https:\\\/\\\/www.cgfmanet.org\\\/pt-pt\\\/ifma-pt-pt\\\/hino-do-150o-aniversario-da-primeira-expedicao-missionaria-do-instituto-das-fma\\\/#article\",\"isPartOf\":{\"@id\":\"https:\\\/\\\/www.cgfmanet.org\\\/pt-pt\\\/ifma-pt-pt\\\/hino-do-150o-aniversario-da-primeira-expedicao-missionaria-do-instituto-das-fma\\\/\"},\"author\":{\"name\":\"Redazione\",\"@id\":\"https:\\\/\\\/www.cgfmanet.org\\\/es\\\/#\\\/schema\\\/person\\\/ce6473083f53ef0ef882cca23f0c8fb9\"},\"headline\":\"Hino do 150\u00ba anivers\u00e1rio da Primeira expedi\u00e7\u00e3o mission\u00e1ria do Instituto das FMA\",\"datePublished\":\"2024-11-16T16:09:07+00:00\",\"dateModified\":\"2024-11-16T21:29:38+00:00\",\"mainEntityOfPage\":{\"@id\":\"https:\\\/\\\/www.cgfmanet.org\\\/pt-pt\\\/ifma-pt-pt\\\/hino-do-150o-aniversario-da-primeira-expedicao-missionaria-do-instituto-das-fma\\\/\"},\"wordCount\":884,\"commentCount\":0,\"publisher\":{\"@id\":\"https:\\\/\\\/www.cgfmanet.org\\\/es\\\/#organization\"},\"image\":{\"@id\":\"https:\\\/\\\/www.cgfmanet.org\\\/pt-pt\\\/ifma-pt-pt\\\/hino-do-150o-aniversario-da-primeira-expedicao-missionaria-do-instituto-das-fma\\\/#primaryimage\"},\"thumbnailUrl\":\"https:\\\/\\\/www.cgfmanet.org\\\/wp-content\\\/uploads\\\/2024\\\/11\\\/Inno-150\u00b0-Missioni-FMA.jpg\",\"keywords\":[\"CIL\",\"Carisma salesiano\",\"Focus\",\"IFMA\",\"Missionariet\u00e0\",\"150\u00b0 Miss\u00f5es das FMA\"],\"articleSection\":[\"150 Miss\u00e3o FMA\",\"IFMA\"],\"inLanguage\":\"pt-PT\",\"potentialAction\":[{\"@type\":\"CommentAction\",\"name\":\"Comment\",\"target\":[\"https:\\\/\\\/www.cgfmanet.org\\\/pt-pt\\\/ifma-pt-pt\\\/hino-do-150o-aniversario-da-primeira-expedicao-missionaria-do-instituto-das-fma\\\/#respond\"]}]},{\"@type\":\"WebPage\",\"@id\":\"https:\\\/\\\/www.cgfmanet.org\\\/pt-pt\\\/ifma-pt-pt\\\/hino-do-150o-aniversario-da-primeira-expedicao-missionaria-do-instituto-das-fma\\\/\",\"url\":\"https:\\\/\\\/www.cgfmanet.org\\\/pt-pt\\\/ifma-pt-pt\\\/hino-do-150o-aniversario-da-primeira-expedicao-missionaria-do-instituto-das-fma\\\/\",\"name\":\"Hino do 150\u00ba anivers\u00e1rio da Primeira expedi\u00e7\u00e3o mission\u00e1ria do Instituto das FMA &#8226; Istituto Figlie di Maria Ausiliatrice\",\"isPartOf\":{\"@id\":\"https:\\\/\\\/www.cgfmanet.org\\\/es\\\/#website\"},\"primaryImageOfPage\":{\"@id\":\"https:\\\/\\\/www.cgfmanet.org\\\/pt-pt\\\/ifma-pt-pt\\\/hino-do-150o-aniversario-da-primeira-expedicao-missionaria-do-instituto-das-fma\\\/#primaryimage\"},\"image\":{\"@id\":\"https:\\\/\\\/www.cgfmanet.org\\\/pt-pt\\\/ifma-pt-pt\\\/hino-do-150o-aniversario-da-primeira-expedicao-missionaria-do-instituto-das-fma\\\/#primaryimage\"},\"thumbnailUrl\":\"https:\\\/\\\/www.cgfmanet.org\\\/wp-content\\\/uploads\\\/2024\\\/11\\\/Inno-150\u00b0-Missioni-FMA.jpg\",\"datePublished\":\"2024-11-16T16:09:07+00:00\",\"dateModified\":\"2024-11-16T21:29:38+00:00\",\"description\":\"No dia 14 de novembro de 2024 foi lan\u00e7ado o hino oficial que acompanhar\u00e1 o tri\u00eanio em prepara\u00e7\u00e3o ao 150\u00ba anivers\u00e1rio da primeira expedi\u00e7\u00e3o mission\u00e1ria do Instituto das FMA (14 de novembro de 1877).\",\"breadcrumb\":{\"@id\":\"https:\\\/\\\/www.cgfmanet.org\\\/pt-pt\\\/ifma-pt-pt\\\/hino-do-150o-aniversario-da-primeira-expedicao-missionaria-do-instituto-das-fma\\\/#breadcrumb\"},\"inLanguage\":\"pt-PT\",\"potentialAction\":[{\"@type\":\"ReadAction\",\"target\":[\"https:\\\/\\\/www.cgfmanet.org\\\/pt-pt\\\/ifma-pt-pt\\\/hino-do-150o-aniversario-da-primeira-expedicao-missionaria-do-instituto-das-fma\\\/\"]}]},{\"@type\":\"ImageObject\",\"inLanguage\":\"pt-PT\",\"@id\":\"https:\\\/\\\/www.cgfmanet.org\\\/pt-pt\\\/ifma-pt-pt\\\/hino-do-150o-aniversario-da-primeira-expedicao-missionaria-do-instituto-das-fma\\\/#primaryimage\",\"url\":\"https:\\\/\\\/www.cgfmanet.org\\\/wp-content\\\/uploads\\\/2024\\\/11\\\/Inno-150\u00b0-Missioni-FMA.jpg\",\"contentUrl\":\"https:\\\/\\\/www.cgfmanet.org\\\/wp-content\\\/uploads\\\/2024\\\/11\\\/Inno-150\u00b0-Missioni-FMA.jpg\",\"width\":1181,\"height\":787},{\"@type\":\"BreadcrumbList\",\"@id\":\"https:\\\/\\\/www.cgfmanet.org\\\/pt-pt\\\/ifma-pt-pt\\\/hino-do-150o-aniversario-da-primeira-expedicao-missionaria-do-instituto-das-fma\\\/#breadcrumb\",\"itemListElement\":[{\"@type\":\"ListItem\",\"position\":1,\"name\":\"Home\",\"item\":\"https:\\\/\\\/www.cgfmanet.org\\\/pt-pt\\\/\"},{\"@type\":\"ListItem\",\"position\":2,\"name\":\"Hino do 150\u00ba anivers\u00e1rio da Primeira expedi\u00e7\u00e3o mission\u00e1ria do Instituto das FMA\"}]},{\"@type\":\"WebSite\",\"@id\":\"https:\\\/\\\/www.cgfmanet.org\\\/es\\\/#website\",\"url\":\"https:\\\/\\\/www.cgfmanet.org\\\/es\\\/\",\"name\":\"Istituto Figlie di Maria Ausiliatrice\",\"description\":\"Salesiane di Don Bosco\",\"publisher\":{\"@id\":\"https:\\\/\\\/www.cgfmanet.org\\\/es\\\/#organization\"},\"potentialAction\":[{\"@type\":\"SearchAction\",\"target\":{\"@type\":\"EntryPoint\",\"urlTemplate\":\"https:\\\/\\\/www.cgfmanet.org\\\/es\\\/?s={search_term_string}\"},\"query-input\":{\"@type\":\"PropertyValueSpecification\",\"valueRequired\":true,\"valueName\":\"search_term_string\"}}],\"inLanguage\":\"pt-PT\"},{\"@type\":\"Organization\",\"@id\":\"https:\\\/\\\/www.cgfmanet.org\\\/es\\\/#organization\",\"name\":\"Istituto Figlie di Maria Ausiliatrice\",\"url\":\"https:\\\/\\\/www.cgfmanet.org\\\/es\\\/\",\"logo\":{\"@type\":\"ImageObject\",\"inLanguage\":\"pt-PT\",\"@id\":\"https:\\\/\\\/www.cgfmanet.org\\\/es\\\/#\\\/schema\\\/logo\\\/image\\\/\",\"url\":\"https:\\\/\\\/www.cgfmanet.org\\\/wp-content\\\/uploads\\\/2018\\\/10\\\/logo-fma.png\",\"contentUrl\":\"https:\\\/\\\/www.cgfmanet.org\\\/wp-content\\\/uploads\\\/2018\\\/10\\\/logo-fma.png\",\"width\":214,\"height\":55,\"caption\":\"Istituto Figlie di Maria Ausiliatrice\"},\"image\":{\"@id\":\"https:\\\/\\\/www.cgfmanet.org\\\/es\\\/#\\\/schema\\\/logo\\\/image\\\/\"},\"sameAs\":[\"https:\\\/\\\/www.facebook.com\\\/salesian.sisters.of.don.bosco\\\/\",\"https:\\\/\\\/x.com\\\/Cgfmanet_Org\",\"https:\\\/\\\/www.youtube.com\\\/channel\\\/UCmcr8yFQBV7JXeXVxyV9y5Q\"]},{\"@type\":\"Person\",\"@id\":\"https:\\\/\\\/www.cgfmanet.org\\\/es\\\/#\\\/schema\\\/person\\\/ce6473083f53ef0ef882cca23f0c8fb9\",\"name\":\"Redazione\"}]}<\/script>\n<!-- \/ Yoast SEO plugin. -->","yoast_head_json":{"title":"Hino do 150\u00ba anivers\u00e1rio da Primeira expedi\u00e7\u00e3o mission\u00e1ria do Instituto das FMA &#8226; Istituto Figlie di Maria Ausiliatrice","description":"No dia 14 de novembro de 2024 foi lan\u00e7ado o hino oficial que acompanhar\u00e1 o tri\u00eanio em prepara\u00e7\u00e3o ao 150\u00ba anivers\u00e1rio da primeira expedi\u00e7\u00e3o mission\u00e1ria do Instituto das FMA (14 de novembro de 1877).","robots":{"index":"index","follow":"follow","max-snippet":"max-snippet:-1","max-image-preview":"max-image-preview:large","max-video-preview":"max-video-preview:-1"},"canonical":"https:\/\/www.cgfmanet.org\/pt-pt\/ifma-pt-pt\/hino-do-150o-aniversario-da-primeira-expedicao-missionaria-do-instituto-das-fma\/","og_locale":"pt_PT","og_type":"article","og_title":"Hino do 150\u00ba anivers\u00e1rio da Primeira expedi\u00e7\u00e3o mission\u00e1ria do Instituto das FMA &#8226; Istituto Figlie di Maria Ausiliatrice","og_description":"No dia 14 de novembro de 2024 foi lan\u00e7ado o hino oficial que acompanhar\u00e1 o tri\u00eanio em prepara\u00e7\u00e3o ao 150\u00ba anivers\u00e1rio da primeira expedi\u00e7\u00e3o mission\u00e1ria do Instituto das FMA (14 de novembro de 1877).","og_url":"https:\/\/www.cgfmanet.org\/pt-pt\/ifma-pt-pt\/hino-do-150o-aniversario-da-primeira-expedicao-missionaria-do-instituto-das-fma\/","og_site_name":"Istituto Figlie di Maria Ausiliatrice","article_publisher":"https:\/\/www.facebook.com\/salesian.sisters.of.don.bosco\/","article_published_time":"2024-11-16T16:09:07+00:00","article_modified_time":"2024-11-16T21:29:38+00:00","og_image":[{"width":1181,"height":787,"url":"https:\/\/www.cgfmanet.org\/wp-content\/uploads\/2024\/11\/Inno-150\u00b0-Missioni-FMA.jpg","type":"image\/jpeg"}],"author":"Redazione","twitter_card":"summary_large_image","twitter_creator":"@Cgfmanet_Org","twitter_site":"@Cgfmanet_Org","twitter_misc":{"Escrito por":"Redazione","Tempo estimado de leitura":"5 minutos"},"schema":{"@context":"https:\/\/schema.org","@graph":[{"@type":"Article","@id":"https:\/\/www.cgfmanet.org\/pt-pt\/ifma-pt-pt\/hino-do-150o-aniversario-da-primeira-expedicao-missionaria-do-instituto-das-fma\/#article","isPartOf":{"@id":"https:\/\/www.cgfmanet.org\/pt-pt\/ifma-pt-pt\/hino-do-150o-aniversario-da-primeira-expedicao-missionaria-do-instituto-das-fma\/"},"author":{"name":"Redazione","@id":"https:\/\/www.cgfmanet.org\/es\/#\/schema\/person\/ce6473083f53ef0ef882cca23f0c8fb9"},"headline":"Hino do 150\u00ba anivers\u00e1rio da Primeira expedi\u00e7\u00e3o mission\u00e1ria do Instituto das FMA","datePublished":"2024-11-16T16:09:07+00:00","dateModified":"2024-11-16T21:29:38+00:00","mainEntityOfPage":{"@id":"https:\/\/www.cgfmanet.org\/pt-pt\/ifma-pt-pt\/hino-do-150o-aniversario-da-primeira-expedicao-missionaria-do-instituto-das-fma\/"},"wordCount":884,"commentCount":0,"publisher":{"@id":"https:\/\/www.cgfmanet.org\/es\/#organization"},"image":{"@id":"https:\/\/www.cgfmanet.org\/pt-pt\/ifma-pt-pt\/hino-do-150o-aniversario-da-primeira-expedicao-missionaria-do-instituto-das-fma\/#primaryimage"},"thumbnailUrl":"https:\/\/www.cgfmanet.org\/wp-content\/uploads\/2024\/11\/Inno-150\u00b0-Missioni-FMA.jpg","keywords":["CIL","Carisma salesiano","Focus","IFMA","Missionariet\u00e0","150\u00b0 Miss\u00f5es das FMA"],"articleSection":["150 Miss\u00e3o FMA","IFMA"],"inLanguage":"pt-PT","potentialAction":[{"@type":"CommentAction","name":"Comment","target":["https:\/\/www.cgfmanet.org\/pt-pt\/ifma-pt-pt\/hino-do-150o-aniversario-da-primeira-expedicao-missionaria-do-instituto-das-fma\/#respond"]}]},{"@type":"WebPage","@id":"https:\/\/www.cgfmanet.org\/pt-pt\/ifma-pt-pt\/hino-do-150o-aniversario-da-primeira-expedicao-missionaria-do-instituto-das-fma\/","url":"https:\/\/www.cgfmanet.org\/pt-pt\/ifma-pt-pt\/hino-do-150o-aniversario-da-primeira-expedicao-missionaria-do-instituto-das-fma\/","name":"Hino do 150\u00ba anivers\u00e1rio da Primeira expedi\u00e7\u00e3o mission\u00e1ria do Instituto das FMA &#8226; Istituto Figlie di Maria Ausiliatrice","isPartOf":{"@id":"https:\/\/www.cgfmanet.org\/es\/#website"},"primaryImageOfPage":{"@id":"https:\/\/www.cgfmanet.org\/pt-pt\/ifma-pt-pt\/hino-do-150o-aniversario-da-primeira-expedicao-missionaria-do-instituto-das-fma\/#primaryimage"},"image":{"@id":"https:\/\/www.cgfmanet.org\/pt-pt\/ifma-pt-pt\/hino-do-150o-aniversario-da-primeira-expedicao-missionaria-do-instituto-das-fma\/#primaryimage"},"thumbnailUrl":"https:\/\/www.cgfmanet.org\/wp-content\/uploads\/2024\/11\/Inno-150\u00b0-Missioni-FMA.jpg","datePublished":"2024-11-16T16:09:07+00:00","dateModified":"2024-11-16T21:29:38+00:00","description":"No dia 14 de novembro de 2024 foi lan\u00e7ado o hino oficial que acompanhar\u00e1 o tri\u00eanio em prepara\u00e7\u00e3o ao 150\u00ba anivers\u00e1rio da primeira expedi\u00e7\u00e3o mission\u00e1ria do Instituto das FMA (14 de novembro de 1877).","breadcrumb":{"@id":"https:\/\/www.cgfmanet.org\/pt-pt\/ifma-pt-pt\/hino-do-150o-aniversario-da-primeira-expedicao-missionaria-do-instituto-das-fma\/#breadcrumb"},"inLanguage":"pt-PT","potentialAction":[{"@type":"ReadAction","target":["https:\/\/www.cgfmanet.org\/pt-pt\/ifma-pt-pt\/hino-do-150o-aniversario-da-primeira-expedicao-missionaria-do-instituto-das-fma\/"]}]},{"@type":"ImageObject","inLanguage":"pt-PT","@id":"https:\/\/www.cgfmanet.org\/pt-pt\/ifma-pt-pt\/hino-do-150o-aniversario-da-primeira-expedicao-missionaria-do-instituto-das-fma\/#primaryimage","url":"https:\/\/www.cgfmanet.org\/wp-content\/uploads\/2024\/11\/Inno-150\u00b0-Missioni-FMA.jpg","contentUrl":"https:\/\/www.cgfmanet.org\/wp-content\/uploads\/2024\/11\/Inno-150\u00b0-Missioni-FMA.jpg","width":1181,"height":787},{"@type":"BreadcrumbList","@id":"https:\/\/www.cgfmanet.org\/pt-pt\/ifma-pt-pt\/hino-do-150o-aniversario-da-primeira-expedicao-missionaria-do-instituto-das-fma\/#breadcrumb","itemListElement":[{"@type":"ListItem","position":1,"name":"Home","item":"https:\/\/www.cgfmanet.org\/pt-pt\/"},{"@type":"ListItem","position":2,"name":"Hino do 150\u00ba anivers\u00e1rio da Primeira expedi\u00e7\u00e3o mission\u00e1ria do Instituto das FMA"}]},{"@type":"WebSite","@id":"https:\/\/www.cgfmanet.org\/es\/#website","url":"https:\/\/www.cgfmanet.org\/es\/","name":"Istituto Figlie di Maria Ausiliatrice","description":"Salesiane di Don Bosco","publisher":{"@id":"https:\/\/www.cgfmanet.org\/es\/#organization"},"potentialAction":[{"@type":"SearchAction","target":{"@type":"EntryPoint","urlTemplate":"https:\/\/www.cgfmanet.org\/es\/?s={search_term_string}"},"query-input":{"@type":"PropertyValueSpecification","valueRequired":true,"valueName":"search_term_string"}}],"inLanguage":"pt-PT"},{"@type":"Organization","@id":"https:\/\/www.cgfmanet.org\/es\/#organization","name":"Istituto Figlie di Maria Ausiliatrice","url":"https:\/\/www.cgfmanet.org\/es\/","logo":{"@type":"ImageObject","inLanguage":"pt-PT","@id":"https:\/\/www.cgfmanet.org\/es\/#\/schema\/logo\/image\/","url":"https:\/\/www.cgfmanet.org\/wp-content\/uploads\/2018\/10\/logo-fma.png","contentUrl":"https:\/\/www.cgfmanet.org\/wp-content\/uploads\/2018\/10\/logo-fma.png","width":214,"height":55,"caption":"Istituto Figlie di Maria Ausiliatrice"},"image":{"@id":"https:\/\/www.cgfmanet.org\/es\/#\/schema\/logo\/image\/"},"sameAs":["https:\/\/www.facebook.com\/salesian.sisters.of.don.bosco\/","https:\/\/x.com\/Cgfmanet_Org","https:\/\/www.youtube.com\/channel\/UCmcr8yFQBV7JXeXVxyV9y5Q"]},{"@type":"Person","@id":"https:\/\/www.cgfmanet.org\/es\/#\/schema\/person\/ce6473083f53ef0ef882cca23f0c8fb9","name":"Redazione"}]}},"_links":{"self":[{"href":"https:\/\/www.cgfmanet.org\/pt-pt\/wp-json\/wp\/v2\/posts\/123460","targetHints":{"allow":["GET"]}}],"collection":[{"href":"https:\/\/www.cgfmanet.org\/pt-pt\/wp-json\/wp\/v2\/posts"}],"about":[{"href":"https:\/\/www.cgfmanet.org\/pt-pt\/wp-json\/wp\/v2\/types\/post"}],"author":[{"embeddable":true,"href":"https:\/\/www.cgfmanet.org\/pt-pt\/wp-json\/wp\/v2\/users\/21"}],"replies":[{"embeddable":true,"href":"https:\/\/www.cgfmanet.org\/pt-pt\/wp-json\/wp\/v2\/comments?post=123460"}],"version-history":[{"count":3,"href":"https:\/\/www.cgfmanet.org\/pt-pt\/wp-json\/wp\/v2\/posts\/123460\/revisions"}],"predecessor-version":[{"id":123500,"href":"https:\/\/www.cgfmanet.org\/pt-pt\/wp-json\/wp\/v2\/posts\/123460\/revisions\/123500"}],"wp:featuredmedia":[{"embeddable":true,"href":"https:\/\/www.cgfmanet.org\/pt-pt\/wp-json\/wp\/v2\/media\/123450"}],"wp:attachment":[{"href":"https:\/\/www.cgfmanet.org\/pt-pt\/wp-json\/wp\/v2\/media?parent=123460"}],"wp:term":[{"taxonomy":"category","embeddable":true,"href":"https:\/\/www.cgfmanet.org\/pt-pt\/wp-json\/wp\/v2\/categories?post=123460"},{"taxonomy":"post_tag","embeddable":true,"href":"https:\/\/www.cgfmanet.org\/pt-pt\/wp-json\/wp\/v2\/tags?post=123460"}],"curies":[{"name":"wp","href":"https:\/\/api.w.org\/{rel}","templated":true}]}}