{"id":120756,"date":"2024-10-08T16:13:12","date_gmt":"2024-10-08T14:13:12","guid":{"rendered":"https:\/\/www.cgfmanet.org\/infosfera-pt-pt\/incontri-formativi-in-sri-lanka\/"},"modified":"2024-10-09T22:39:20","modified_gmt":"2024-10-09T20:39:20","slug":"encontros-formativos-no-sri-lanka","status":"publish","type":"post","link":"https:\/\/www.cgfmanet.org\/pt-pt\/ifma-pt-pt\/encontros-formativos-no-sri-lanka\/","title":{"rendered":"Encontros formativos no Sri Lanka"},"content":{"rendered":"<p><strong>Negombo (Sri Lanka).<\/strong> De 26 a 30 de setembro de 2024, no Sri Lanka, na Inspetoria <em>S\u00e3o Tom\u00e9 Ap\u00f3stolo<\/em> (INM), Irm\u00e3 Nilza F\u00e1tima de Moraes, Conselheira Geral da Forma\u00e7\u00e3o do Instituto das Filhas de Maria Auxiliadora, com Irm\u00e3 Anelfreda Miranda, colaboradora do \u00c2mbito, encontrou-se com formadoras, aspirantes, postulantes, FMA junioras e Diretoras das Comunidades.<\/p>\n<p>Nos dias 26 e 27 de setembro de 2024, no Noviciado <em>Sagrado Cora\u00e7\u00e3o<\/em>, em Negombo, 16 jovens do Sri Lanka tiveram a alegria de se encontrar com a Conselheira geral e a sua colaboradora. \u00c0 sua chegada, na noite do dia 25, acolheram-nas de forma criativa com a guarda de honra, a guirlanda, o canto de boas-vindas, com flores e o acendimento da l\u00e2mpada tradicional (Kuthuvilakku), s\u00edmbolo da luz de Cristo. Irm\u00e3 Nilza deu ent\u00e3o a boa noite, levando-lhes a mensagem da Madre Geral, Irm\u00e3 Chiara Cazzuola, que expressou a import\u00e2ncia de \u201cplantar as sementes para o futuro\u201d, um pensamento que ajuda a refletir sobre as pr\u00f3prias a\u00e7\u00f5es e sobre como se pode contribuir ao crescimento pessoal e ao bem-estar das pr\u00f3prias comunidades.<\/p>\n<p>No dia seguinte, a Celebra\u00e7\u00e3o Eucar\u00edstica foi presidida pelo Pe. Roger Pinto, Salesiano de Dom Bosco, do Aspirantado <em>Domingos S\u00e1vio<\/em>, de Dankotuwa, Negombo. Na prociss\u00e3o de entrada, as jovens levaram as bandeiras da Na\u00e7\u00e3o, do Instituto, da Igreja, as velas e um bast\u00e3o, s\u00edmbolo do Bom Pastor. Pe. Roger na sua homilia, sublinhou a import\u00e2ncia de cada um e o significado de ter uma profunda rela\u00e7\u00e3o com Jesus. No ocorr\u00eancia dos Santos M\u00e1rtires Cosme e Dami\u00e3o, explicou a seguir os diferentes tipos de mart\u00edrio.<\/p>\n<p>Pela manh\u00e3, Irm\u00e3 Nilza e Irm\u00e3 Anelfreda fizeram as jovens refletir sobre o trecho evang\u00e9lico das bodas de Can\u00e1, com diversas perguntas de aprofundamento. Todas partilharam livremente as pr\u00f3prias experi\u00eancias pessoais nas Comunidades e tamb\u00e9m os desafios e dificuldades que enfrentam ao longo do percurso.<\/p>\n<p>Irm\u00e3 Nilza escutou as respostas de todas e as encorajou a ser fortes e corajosas no seu caminho vocacional. Enquanto Irm\u00e3 Anelfreda ilustrava as linhas orientadoras do per\u00edodo de forma\u00e7\u00e3o aos votos tempor\u00e2neos, Irm\u00e3 Nilza aproveitou a ocasi\u00e3o para os encontros individuais.<\/p>\n<p>O dia concluiu-se com um breve programa cultural no Convento Auxilium de Negombo sobre o tema \u201cSonhos que fazem sonhar\u201d, retirado das linhas orientadoras para os votos tempor\u00e2neos. Para concluir, Irm\u00e3 Nilza explicou um \u00edcone de Maria Auxiliadora e de Santa Maria Mazzarello, explicando como foi escrito (por uma FMA) e o significado. Por fim, os agradecimentos com a entrega de um pequeno dom, uma pintura do Sri Lanka.<\/p>\n<p>O dia 27 de setembro abriu-se com a Santa Missa presidida por Padre Danushka Silva, Claretiano, Reitor do Semin\u00e1rio Menor. Na sua homilia sublinhou a import\u00e2ncia da forma\u00e7\u00e3o\u00a0 e do crescimento pessoal: cada um\/a deve ter o cuidado de se formar ativamente no pr\u00f3prio car\u00e1ter e desenvolvimento pessoal.<\/p>\n<p>Na sess\u00e3o da manh\u00e3, Irm\u00e3 Anelfreda conduziu as jovens na Lectio Divina sobre o \u00edcone das bodas de Can\u00e1 (Jo 2, 1-10), deixando-lhes algumas perguntas, compartilhadas depois no grupo ap\u00f3s um tempo de sil\u00eancio. Partindo do art. 34 das Constitui\u00e7\u00f5es, falou depois sobre o col\u00f3quio pessoal, destacando a import\u00e2ncia de ter um encontro pessoal regular com a animadora de comunidade, uma guia espiritual e um mestre\/a de vida.<\/p>\n<p>O dia concluiu-se com a avalia\u00e7\u00e3o da experi\u00eancia. Irm\u00e3 Nilza entregou a cada uma delas um chaveiro, enquanto uma jovem FMA, em nome de todas, expressou a gratid\u00e3o pela oportunidade formativa, evidenciada pelo canto entoado juntas.<\/p>\n<p><strong>Encontro de Diretoras em Omanthai<\/strong><\/p>\n<p><strong>No dia 28 de setembro<\/strong>, as animadoras das nove Comunidades do Sri Lanka reuniram-se em Omanthai, na Comunidade <em>Maria Auxiliadora<\/em>, para participar do encontro com Irm\u00e3 Nilza e Irm\u00e3 Anelfreda.<\/p>\n<p>O dia come\u00e7ou com a ora\u00e7\u00e3o matinal seguida da Celebra\u00e7\u00e3o Eucar\u00edstica presidida pelo Pe. Lucian Emil, Jesu\u00edta. Na introdu\u00e7\u00e3o, foram levados ao altar os nomes das jovens Irm\u00e3s do Sri Lanka, colocados simbolicamente num tronco de \u00e1rvore trazido por Irm\u00e3 Nilza.<\/p>\n<p>No encontro da manh\u00e3, depois das boas-vindas da Diretora, Irm\u00e3 Fernando Metilda, e das rec\u00edprocas apresenta\u00e7\u00f5es, Irm\u00e3 Nilza apresentou o \u00edcone de Maria Auxiliadora e de Madre Mazzarello. Ent\u00e3o convidou cada uma a escolher uma cadeira como s\u00edmbolo das expectativas e responsabilidades. A seguir, Irm\u00e3 Anelfreda resumiu os pontos compartilhados pelas jovens sobre suas expectativas em rela\u00e7\u00e3o \u00e0 diretora e ao processo de forma\u00e7\u00e3o. Durante a partilha de grupo, foi-lhes pedido listar tr\u00eas experi\u00eancias-chave e as condi\u00e7\u00f5es de vida para uma anima\u00e7\u00e3o eficaz.<\/p>\n<p>A Conselheira geral ajudou a reler as respostas, fornecendo indica\u00e7\u00f5es preciosas para desempenhar o papel de animadora e para alimentar o crescimento da Comunidade num profundo senso de espiritualidade e unidade, fortalecendo os la\u00e7os entre Diretoras e Irm\u00e3s.<\/p>\n<p>O encontro concluiu-se com as express\u00f5es de gratid\u00e3o \u00e0 Irm\u00e3 Nilza e \u00e0 Irm\u00e3 Anelfreda pelas \u00fateis indica\u00e7\u00f5es e pelo acompanhamento.<\/p>\n\r\n                <style type=\"text\/css\">\r\n                    \r\n                    #tdi_1  .td-doubleSlider-2 .td-item1 {\r\n                        background: url(https:\/\/www.cgfmanet.org\/wp-content\/uploads\/2024\/10\/Formazione-Sri-Lanka_10-80x60.jpg) 0 0 no-repeat;\r\n                    }\r\n                    #tdi_1  .td-doubleSlider-2 .td-item2 {\r\n                        background: url(https:\/\/www.cgfmanet.org\/wp-content\/uploads\/2024\/10\/Formazione-Sri-Lanka_9-80x60.jpg) 0 0 no-repeat;\r\n                    }\r\n                    #tdi_1  .td-doubleSlider-2 .td-item3 {\r\n                        background: url(https:\/\/www.cgfmanet.org\/wp-content\/uploads\/2024\/10\/Formazione-Sri-Lanka_2-80x60.jpg) 0 0 no-repeat;\r\n                    }\r\n                    #tdi_1  .td-doubleSlider-2 .td-item4 {\r\n                        background: url(https:\/\/www.cgfmanet.org\/wp-content\/uploads\/2024\/10\/Formazione-Sri-Lanka_1-80x60.jpg) 0 0 no-repeat;\r\n                    }\r\n                    #tdi_1  .td-doubleSlider-2 .td-item5 {\r\n                        background: url(https:\/\/www.cgfmanet.org\/wp-content\/uploads\/2024\/10\/Formazione-Sri-Lanka-80x60.jpg) 0 0 no-repeat;\r\n                    }\r\n                    #tdi_1  .td-doubleSlider-2 .td-item6 {\r\n                        background: url(https:\/\/www.cgfmanet.org\/wp-content\/uploads\/2024\/10\/Formazione-Sri-Lanka_11-80x60.jpg) 0 0 no-repeat;\r\n                    }\r\n                    #tdi_1  .td-doubleSlider-2 .td-item7 {\r\n                        background: url(https:\/\/www.cgfmanet.org\/wp-content\/uploads\/2024\/10\/Formazione-Sri-Lanka_5-80x60.jpg) 0 0 no-repeat;\r\n                    }\r\n                    #tdi_1  .td-doubleSlider-2 .td-item8 {\r\n                        background: url(https:\/\/www.cgfmanet.org\/wp-content\/uploads\/2024\/10\/Formazione-Sri-Lanka_3-80x60.jpg) 0 0 no-repeat;\r\n                    }\r\n                    #tdi_1  .td-doubleSlider-2 .td-item9 {\r\n                        background: url(https:\/\/www.cgfmanet.org\/wp-content\/uploads\/2024\/10\/Formazione-Sri-Lanka_4-80x60.jpg) 0 0 no-repeat;\r\n                    }\r\n                    #tdi_1  .td-doubleSlider-2 .td-item10 {\r\n                        background: url(https:\/\/www.cgfmanet.org\/wp-content\/uploads\/2024\/10\/Formazione-Sri-Lanka_7-80x60.jpg) 0 0 no-repeat;\r\n                    }\r\n                    #tdi_1  .td-doubleSlider-2 .td-item11 {\r\n                        background: url(https:\/\/www.cgfmanet.org\/wp-content\/uploads\/2024\/10\/Formazione-Sri-Lanka_6-80x60.jpg) 0 0 no-repeat;\r\n                    }\r\n                <\/style>\r\n\r\n                <div id=\"tdi_1\" class=\"td-gallery td-slide-on-2-columns\">\r\n                    <div class=\"post_td_gallery\">\r\n                        <div class=\"td-gallery-slide-top\">\r\n                           <div class=\"td-gallery-title\"><\/div>\r\n\r\n                            <div class=\"td-gallery-controls-wrapper\">\r\n                                <div class=\"td-gallery-slide-count\"><span class=\"td-gallery-slide-item-focus\">1<\/span> do 11<\/div>\r\n                                <div class=\"td-gallery-slide-prev-next-but\">\r\n                                    <i class = \"td-icon-left doubleSliderPrevButton\"><\/i>\r\n                                    <i class = \"td-icon-right doubleSliderNextButton\"><\/i>\r\n                                <\/div>\r\n                            <\/div>\r\n                        <\/div>\r\n\r\n                        <div class = \"td-doubleSlider-1 \">\r\n                            <div class = \"td-slider\">\r\n                                \r\n                    <div class = \"td-slide-item td-item1\">\r\n                        <figure class=\"td-slide-galery-figure td-slide-popup-gallery\">\r\n                            <a class=\"slide-gallery-image-link\" href=\"https:\/\/www.cgfmanet.org\/wp-content\/uploads\/2024\/10\/Formazione-Sri-Lanka_10.jpg\" title=\"Formazione Sri Lanka_10\"  data-caption=\"\"  data-description=\"\">\r\n                                <img decoding=\"async\" data-src=\"https:\/\/www.cgfmanet.org\/wp-content\/uploads\/2024\/10\/Formazione-Sri-Lanka_10-563x420.jpg\" data-srcset=\"https:\/\/www.cgfmanet.org\/wp-content\/uploads\/2024\/10\/Formazione-Sri-Lanka_10-563x420.jpg 563w, https:\/\/www.cgfmanet.org\/wp-content\/uploads\/2024\/10\/Formazione-Sri-Lanka_10-768x572.jpg 768w, https:\/\/www.cgfmanet.org\/wp-content\/uploads\/2024\/10\/Formazione-Sri-Lanka_10-80x60.jpg 80w, https:\/\/www.cgfmanet.org\/wp-content\/uploads\/2024\/10\/Formazione-Sri-Lanka_10-696x519.jpg 696w, https:\/\/www.cgfmanet.org\/wp-content\/uploads\/2024\/10\/Formazione-Sri-Lanka_10-265x198.jpg 265w, https:\/\/www.cgfmanet.org\/wp-content\/uploads\/2024\/10\/Formazione-Sri-Lanka_10.jpg 1131w\" data-sizes=\"auto\" alt=\"\" src=\"data:image\/svg+xml;base64,PHN2ZyB3aWR0aD0iMSIgaGVpZ2h0PSIxIiB4bWxucz0iaHR0cDovL3d3dy53My5vcmcvMjAwMC9zdmciPjwvc3ZnPg==\" class=\"lazyload\" style=\"--smush-placeholder-width: 563px; --smush-placeholder-aspect-ratio: 563\/420;\" data-original-sizes=\"(max-width: 563px) 100vw, 563px\">\r\n                            <\/a>\r\n                            \r\n                        <\/figure>\r\n                    <\/div>\r\n                    <div class = \"td-slide-item td-item2\">\r\n                        <figure class=\"td-slide-galery-figure td-slide-popup-gallery\">\r\n                            <a class=\"slide-gallery-image-link\" href=\"https:\/\/www.cgfmanet.org\/wp-content\/uploads\/2024\/10\/Formazione-Sri-Lanka_9.jpg\" title=\"Formazione Sri Lanka_9\"  data-caption=\"\"  data-description=\"\">\r\n                                <img decoding=\"async\" data-src=\"https:\/\/www.cgfmanet.org\/wp-content\/uploads\/2024\/10\/Formazione-Sri-Lanka_9-630x420.jpg\" data-srcset=\"https:\/\/www.cgfmanet.org\/wp-content\/uploads\/2024\/10\/Formazione-Sri-Lanka_9-630x420.jpg 630w, https:\/\/www.cgfmanet.org\/wp-content\/uploads\/2024\/10\/Formazione-Sri-Lanka_9-768x512.jpg 768w, https:\/\/www.cgfmanet.org\/wp-content\/uploads\/2024\/10\/Formazione-Sri-Lanka_9-1536x1024.jpg 1536w, https:\/\/www.cgfmanet.org\/wp-content\/uploads\/2024\/10\/Formazione-Sri-Lanka_9-696x464.jpg 696w, https:\/\/www.cgfmanet.org\/wp-content\/uploads\/2024\/10\/Formazione-Sri-Lanka_9.jpg 1600w\" data-sizes=\"auto\" alt=\"\" src=\"data:image\/svg+xml;base64,PHN2ZyB3aWR0aD0iMSIgaGVpZ2h0PSIxIiB4bWxucz0iaHR0cDovL3d3dy53My5vcmcvMjAwMC9zdmciPjwvc3ZnPg==\" class=\"lazyload\" style=\"--smush-placeholder-width: 630px; --smush-placeholder-aspect-ratio: 630\/420;\" data-original-sizes=\"(max-width: 630px) 100vw, 630px\">\r\n                            <\/a>\r\n                            \r\n                        <\/figure>\r\n                    <\/div>\r\n                    <div class = \"td-slide-item td-item3\">\r\n                        <figure class=\"td-slide-galery-figure td-slide-popup-gallery\">\r\n                            <a class=\"slide-gallery-image-link\" href=\"https:\/\/www.cgfmanet.org\/wp-content\/uploads\/2024\/10\/Formazione-Sri-Lanka_2.jpg\" title=\"Formazione Sri Lanka_2\"  data-caption=\"\"  data-description=\"\">\r\n                                <img decoding=\"async\" data-src=\"https:\/\/www.cgfmanet.org\/wp-content\/uploads\/2024\/10\/Formazione-Sri-Lanka_2-575x420.jpg\" data-srcset=\"https:\/\/www.cgfmanet.org\/wp-content\/uploads\/2024\/10\/Formazione-Sri-Lanka_2-575x420.jpg 575w, https:\/\/www.cgfmanet.org\/wp-content\/uploads\/2024\/10\/Formazione-Sri-Lanka_2-768x561.jpg 768w, https:\/\/www.cgfmanet.org\/wp-content\/uploads\/2024\/10\/Formazione-Sri-Lanka_2-696x509.jpg 696w, https:\/\/www.cgfmanet.org\/wp-content\/uploads\/2024\/10\/Formazione-Sri-Lanka_2.jpg 1126w\" data-sizes=\"auto\" alt=\"\" src=\"data:image\/svg+xml;base64,PHN2ZyB3aWR0aD0iMSIgaGVpZ2h0PSIxIiB4bWxucz0iaHR0cDovL3d3dy53My5vcmcvMjAwMC9zdmciPjwvc3ZnPg==\" class=\"lazyload\" style=\"--smush-placeholder-width: 575px; --smush-placeholder-aspect-ratio: 575\/420;\" data-original-sizes=\"(max-width: 575px) 100vw, 575px\">\r\n                            <\/a>\r\n                            \r\n                        <\/figure>\r\n                    <\/div>\r\n                    <div class = \"td-slide-item td-item4\">\r\n                        <figure class=\"td-slide-galery-figure td-slide-popup-gallery\">\r\n                            <a class=\"slide-gallery-image-link\" href=\"https:\/\/www.cgfmanet.org\/wp-content\/uploads\/2024\/10\/Formazione-Sri-Lanka_1.jpg\" title=\"Formazione Sri Lanka_1\"  data-caption=\"\"  data-description=\"\">\r\n                                <img decoding=\"async\" data-src=\"https:\/\/www.cgfmanet.org\/wp-content\/uploads\/2024\/10\/Formazione-Sri-Lanka_1-581x420.jpg\" data-srcset=\"https:\/\/www.cgfmanet.org\/wp-content\/uploads\/2024\/10\/Formazione-Sri-Lanka_1-581x420.jpg 581w, https:\/\/www.cgfmanet.org\/wp-content\/uploads\/2024\/10\/Formazione-Sri-Lanka_1-768x555.jpg 768w, https:\/\/www.cgfmanet.org\/wp-content\/uploads\/2024\/10\/Formazione-Sri-Lanka_1-696x503.jpg 696w, https:\/\/www.cgfmanet.org\/wp-content\/uploads\/2024\/10\/Formazione-Sri-Lanka_1-324x235.jpg 324w, https:\/\/www.cgfmanet.org\/wp-content\/uploads\/2024\/10\/Formazione-Sri-Lanka_1.jpg 1156w\" data-sizes=\"auto\" alt=\"\" src=\"data:image\/svg+xml;base64,PHN2ZyB3aWR0aD0iMSIgaGVpZ2h0PSIxIiB4bWxucz0iaHR0cDovL3d3dy53My5vcmcvMjAwMC9zdmciPjwvc3ZnPg==\" class=\"lazyload\" style=\"--smush-placeholder-width: 581px; --smush-placeholder-aspect-ratio: 581\/420;\" data-original-sizes=\"(max-width: 581px) 100vw, 581px\">\r\n                            <\/a>\r\n                            \r\n                        <\/figure>\r\n                    <\/div>\r\n                    <div class = \"td-slide-item td-item5\">\r\n                        <figure class=\"td-slide-galery-figure td-slide-popup-gallery\">\r\n                            <a class=\"slide-gallery-image-link\" href=\"https:\/\/www.cgfmanet.org\/wp-content\/uploads\/2024\/10\/Formazione-Sri-Lanka.jpg\" title=\"Formazione Sri Lanka\"  data-caption=\"\"  data-description=\"\">\r\n                                <img decoding=\"async\" data-src=\"https:\/\/www.cgfmanet.org\/wp-content\/uploads\/2024\/10\/Formazione-Sri-Lanka-629x420.jpg\" data-srcset=\"https:\/\/www.cgfmanet.org\/wp-content\/uploads\/2024\/10\/Formazione-Sri-Lanka-629x420.jpg 629w, https:\/\/www.cgfmanet.org\/wp-content\/uploads\/2024\/10\/Formazione-Sri-Lanka-768x512.jpg 768w, https:\/\/www.cgfmanet.org\/wp-content\/uploads\/2024\/10\/Formazione-Sri-Lanka-696x464.jpg 696w, https:\/\/www.cgfmanet.org\/wp-content\/uploads\/2024\/10\/Formazione-Sri-Lanka.jpg 1181w\" data-sizes=\"auto\" alt=\"\" src=\"data:image\/svg+xml;base64,PHN2ZyB3aWR0aD0iMSIgaGVpZ2h0PSIxIiB4bWxucz0iaHR0cDovL3d3dy53My5vcmcvMjAwMC9zdmciPjwvc3ZnPg==\" class=\"lazyload\" style=\"--smush-placeholder-width: 629px; --smush-placeholder-aspect-ratio: 629\/420;\" data-original-sizes=\"(max-width: 629px) 100vw, 629px\">\r\n                            <\/a>\r\n                            \r\n                        <\/figure>\r\n                    <\/div>\r\n                    <div class = \"td-slide-item td-item6\">\r\n                        <figure class=\"td-slide-galery-figure td-slide-popup-gallery\">\r\n                            <a class=\"slide-gallery-image-link\" href=\"https:\/\/www.cgfmanet.org\/wp-content\/uploads\/2024\/10\/Formazione-Sri-Lanka_11.jpg\" title=\"Formazione Sri Lanka_11\"  data-caption=\"\"  data-description=\"\">\r\n                                <img decoding=\"async\" data-src=\"https:\/\/www.cgfmanet.org\/wp-content\/uploads\/2024\/10\/Formazione-Sri-Lanka_11-560x420.jpg\" data-srcset=\"https:\/\/www.cgfmanet.org\/wp-content\/uploads\/2024\/10\/Formazione-Sri-Lanka_11-560x420.jpg 560w, https:\/\/www.cgfmanet.org\/wp-content\/uploads\/2024\/10\/Formazione-Sri-Lanka_11-768x576.jpg 768w, https:\/\/www.cgfmanet.org\/wp-content\/uploads\/2024\/10\/Formazione-Sri-Lanka_11-80x60.jpg 80w, https:\/\/www.cgfmanet.org\/wp-content\/uploads\/2024\/10\/Formazione-Sri-Lanka_11-696x522.jpg 696w, https:\/\/www.cgfmanet.org\/wp-content\/uploads\/2024\/10\/Formazione-Sri-Lanka_11-265x198.jpg 265w, https:\/\/www.cgfmanet.org\/wp-content\/uploads\/2024\/10\/Formazione-Sri-Lanka_11.jpg 1181w\" data-sizes=\"auto\" alt=\"\" src=\"data:image\/svg+xml;base64,PHN2ZyB3aWR0aD0iMSIgaGVpZ2h0PSIxIiB4bWxucz0iaHR0cDovL3d3dy53My5vcmcvMjAwMC9zdmciPjwvc3ZnPg==\" class=\"lazyload\" style=\"--smush-placeholder-width: 560px; --smush-placeholder-aspect-ratio: 560\/420;\" data-original-sizes=\"(max-width: 560px) 100vw, 560px\">\r\n                            <\/a>\r\n                            \r\n                        <\/figure>\r\n                    <\/div>\r\n                    <div class = \"td-slide-item td-item7\">\r\n                        <figure class=\"td-slide-galery-figure td-slide-popup-gallery\">\r\n                            <a class=\"slide-gallery-image-link\" href=\"https:\/\/www.cgfmanet.org\/wp-content\/uploads\/2024\/10\/Formazione-Sri-Lanka_5.jpg\" title=\"Formazione Sri Lanka_5\"  data-caption=\"\"  data-description=\"\">\r\n                                <img decoding=\"async\" data-src=\"https:\/\/www.cgfmanet.org\/wp-content\/uploads\/2024\/10\/Formazione-Sri-Lanka_5-629x420.jpg\" data-srcset=\"https:\/\/www.cgfmanet.org\/wp-content\/uploads\/2024\/10\/Formazione-Sri-Lanka_5-629x420.jpg 629w, https:\/\/www.cgfmanet.org\/wp-content\/uploads\/2024\/10\/Formazione-Sri-Lanka_5-768x512.jpg 768w, https:\/\/www.cgfmanet.org\/wp-content\/uploads\/2024\/10\/Formazione-Sri-Lanka_5-696x464.jpg 696w, https:\/\/www.cgfmanet.org\/wp-content\/uploads\/2024\/10\/Formazione-Sri-Lanka_5.jpg 1181w\" data-sizes=\"auto\" alt=\"\" src=\"data:image\/svg+xml;base64,PHN2ZyB3aWR0aD0iMSIgaGVpZ2h0PSIxIiB4bWxucz0iaHR0cDovL3d3dy53My5vcmcvMjAwMC9zdmciPjwvc3ZnPg==\" class=\"lazyload\" style=\"--smush-placeholder-width: 629px; --smush-placeholder-aspect-ratio: 629\/420;\" data-original-sizes=\"(max-width: 629px) 100vw, 629px\">\r\n                            <\/a>\r\n                            \r\n                        <\/figure>\r\n                    <\/div>\r\n                    <div class = \"td-slide-item td-item8\">\r\n                        <figure class=\"td-slide-galery-figure td-slide-popup-gallery\">\r\n                            <a class=\"slide-gallery-image-link\" href=\"https:\/\/www.cgfmanet.org\/wp-content\/uploads\/2024\/10\/Formazione-Sri-Lanka_3.jpg\" title=\"Formazione Sri Lanka_3\"  data-caption=\"\"  data-description=\"\">\r\n                                <img decoding=\"async\" data-src=\"https:\/\/www.cgfmanet.org\/wp-content\/uploads\/2024\/10\/Formazione-Sri-Lanka_3-630x420.jpg\" data-srcset=\"https:\/\/www.cgfmanet.org\/wp-content\/uploads\/2024\/10\/Formazione-Sri-Lanka_3-630x420.jpg 630w, https:\/\/www.cgfmanet.org\/wp-content\/uploads\/2024\/10\/Formazione-Sri-Lanka_3-768x512.jpg 768w, https:\/\/www.cgfmanet.org\/wp-content\/uploads\/2024\/10\/Formazione-Sri-Lanka_3-696x464.jpg 696w, https:\/\/www.cgfmanet.org\/wp-content\/uploads\/2024\/10\/Formazione-Sri-Lanka_3.jpg 1156w\" data-sizes=\"auto\" alt=\"\" src=\"data:image\/svg+xml;base64,PHN2ZyB3aWR0aD0iMSIgaGVpZ2h0PSIxIiB4bWxucz0iaHR0cDovL3d3dy53My5vcmcvMjAwMC9zdmciPjwvc3ZnPg==\" class=\"lazyload\" style=\"--smush-placeholder-width: 630px; --smush-placeholder-aspect-ratio: 630\/420;\" data-original-sizes=\"(max-width: 630px) 100vw, 630px\">\r\n                            <\/a>\r\n                            \r\n                        <\/figure>\r\n                    <\/div>\r\n                    <div class = \"td-slide-item td-item9\">\r\n                        <figure class=\"td-slide-galery-figure td-slide-popup-gallery\">\r\n                            <a class=\"slide-gallery-image-link\" href=\"https:\/\/www.cgfmanet.org\/wp-content\/uploads\/2024\/10\/Formazione-Sri-Lanka_4.jpg\" title=\"Formazione Sri Lanka_4\"  data-caption=\"\"  data-description=\"\">\r\n                                <img decoding=\"async\" data-src=\"https:\/\/www.cgfmanet.org\/wp-content\/uploads\/2024\/10\/Formazione-Sri-Lanka_4-630x420.jpg\" data-srcset=\"https:\/\/www.cgfmanet.org\/wp-content\/uploads\/2024\/10\/Formazione-Sri-Lanka_4-630x420.jpg 630w, https:\/\/www.cgfmanet.org\/wp-content\/uploads\/2024\/10\/Formazione-Sri-Lanka_4-768x512.jpg 768w, https:\/\/www.cgfmanet.org\/wp-content\/uploads\/2024\/10\/Formazione-Sri-Lanka_4-696x464.jpg 696w, https:\/\/www.cgfmanet.org\/wp-content\/uploads\/2024\/10\/Formazione-Sri-Lanka_4.jpg 1156w\" data-sizes=\"auto\" alt=\"\" src=\"data:image\/svg+xml;base64,PHN2ZyB3aWR0aD0iMSIgaGVpZ2h0PSIxIiB4bWxucz0iaHR0cDovL3d3dy53My5vcmcvMjAwMC9zdmciPjwvc3ZnPg==\" class=\"lazyload\" style=\"--smush-placeholder-width: 630px; --smush-placeholder-aspect-ratio: 630\/420;\" data-original-sizes=\"(max-width: 630px) 100vw, 630px\">\r\n                            <\/a>\r\n                            \r\n                        <\/figure>\r\n                    <\/div>\r\n                    <div class = \"td-slide-item td-item10\">\r\n                        <figure class=\"td-slide-galery-figure td-slide-popup-gallery\">\r\n                            <a class=\"slide-gallery-image-link\" href=\"https:\/\/www.cgfmanet.org\/wp-content\/uploads\/2024\/10\/Formazione-Sri-Lanka_7.jpg\" title=\"Formazione Sri Lanka_7\"  data-caption=\"\"  data-description=\"\">\r\n                                <img decoding=\"async\" data-src=\"https:\/\/www.cgfmanet.org\/wp-content\/uploads\/2024\/10\/Formazione-Sri-Lanka_7-560x420.jpg\" data-srcset=\"https:\/\/www.cgfmanet.org\/wp-content\/uploads\/2024\/10\/Formazione-Sri-Lanka_7-560x420.jpg 560w, https:\/\/www.cgfmanet.org\/wp-content\/uploads\/2024\/10\/Formazione-Sri-Lanka_7-768x576.jpg 768w, https:\/\/www.cgfmanet.org\/wp-content\/uploads\/2024\/10\/Formazione-Sri-Lanka_7-80x60.jpg 80w, https:\/\/www.cgfmanet.org\/wp-content\/uploads\/2024\/10\/Formazione-Sri-Lanka_7-696x522.jpg 696w, https:\/\/www.cgfmanet.org\/wp-content\/uploads\/2024\/10\/Formazione-Sri-Lanka_7-265x198.jpg 265w, https:\/\/www.cgfmanet.org\/wp-content\/uploads\/2024\/10\/Formazione-Sri-Lanka_7.jpg 1156w\" data-sizes=\"auto\" alt=\"\" src=\"data:image\/svg+xml;base64,PHN2ZyB3aWR0aD0iMSIgaGVpZ2h0PSIxIiB4bWxucz0iaHR0cDovL3d3dy53My5vcmcvMjAwMC9zdmciPjwvc3ZnPg==\" class=\"lazyload\" style=\"--smush-placeholder-width: 560px; --smush-placeholder-aspect-ratio: 560\/420;\" data-original-sizes=\"(max-width: 560px) 100vw, 560px\">\r\n                            <\/a>\r\n                            \r\n                        <\/figure>\r\n                    <\/div>\r\n                    <div class = \"td-slide-item td-item11\">\r\n                        <figure class=\"td-slide-galery-figure td-slide-popup-gallery\">\r\n                            <a class=\"slide-gallery-image-link\" href=\"https:\/\/www.cgfmanet.org\/wp-content\/uploads\/2024\/10\/Formazione-Sri-Lanka_6.jpg\" title=\"Formazione Sri Lanka_6\"  data-caption=\"\"  data-description=\"\">\r\n                                <img decoding=\"async\" data-src=\"https:\/\/www.cgfmanet.org\/wp-content\/uploads\/2024\/10\/Formazione-Sri-Lanka_6-630x420.jpg\" data-srcset=\"https:\/\/www.cgfmanet.org\/wp-content\/uploads\/2024\/10\/Formazione-Sri-Lanka_6-630x420.jpg 630w, https:\/\/www.cgfmanet.org\/wp-content\/uploads\/2024\/10\/Formazione-Sri-Lanka_6-768x512.jpg 768w, https:\/\/www.cgfmanet.org\/wp-content\/uploads\/2024\/10\/Formazione-Sri-Lanka_6-696x464.jpg 696w, https:\/\/www.cgfmanet.org\/wp-content\/uploads\/2024\/10\/Formazione-Sri-Lanka_6.jpg 1156w\" data-sizes=\"auto\" alt=\"\" src=\"data:image\/svg+xml;base64,PHN2ZyB3aWR0aD0iMSIgaGVpZ2h0PSIxIiB4bWxucz0iaHR0cDovL3d3dy53My5vcmcvMjAwMC9zdmciPjwvc3ZnPg==\" class=\"lazyload\" style=\"--smush-placeholder-width: 630px; --smush-placeholder-aspect-ratio: 630\/420;\" data-original-sizes=\"(max-width: 630px) 100vw, 630px\">\r\n                            <\/a>\r\n                            \r\n                        <\/figure>\r\n                    <\/div>\r\n                            <\/div>\r\n                        <\/div>\r\n\r\n                        <div class = \"td-doubleSlider-2\">\r\n                            <div class = \"td-slider\">\r\n                                \r\n                    <div class = \"td-button td-item1\">\r\n                        <div class = \"td-border\"><\/div>\r\n                    <\/div>\r\n                    <div class = \"td-button td-item2\">\r\n                        <div class = \"td-border\"><\/div>\r\n                    <\/div>\r\n                    <div class = \"td-button td-item3\">\r\n                        <div class = \"td-border\"><\/div>\r\n                    <\/div>\r\n                    <div class = \"td-button td-item4\">\r\n                        <div class = \"td-border\"><\/div>\r\n                    <\/div>\r\n                    <div class = \"td-button td-item5\">\r\n                        <div class = \"td-border\"><\/div>\r\n                    <\/div>\r\n                    <div class = \"td-button td-item6\">\r\n                        <div class = \"td-border\"><\/div>\r\n                    <\/div>\r\n                    <div class = \"td-button td-item7\">\r\n                        <div class = \"td-border\"><\/div>\r\n                    <\/div>\r\n                    <div class = \"td-button td-item8\">\r\n                        <div class = \"td-border\"><\/div>\r\n                    <\/div>\r\n                    <div class = \"td-button td-item9\">\r\n                        <div class = \"td-border\"><\/div>\r\n                    <\/div>\r\n                    <div class = \"td-button td-item10\">\r\n                        <div class = \"td-border\"><\/div>\r\n                    <\/div>\r\n                    <div class = \"td-button td-item11\">\r\n                        <div class = \"td-border\"><\/div>\r\n                    <\/div>\r\n                            <\/div>\r\n                        <\/div>\r\n\r\n                    <\/div>\r\n\r\n                <\/div>\r\n                \n","protected":false},"excerpt":{"rendered":"<p>Negombo (Sri Lanka). De 26 a 30 de setembro de 2024, no Sri Lanka, na Inspetoria S\u00e3o Tom\u00e9 Ap\u00f3stolo (INM), Irm\u00e3 Nilza F\u00e1tima de Moraes, Conselheira Geral da Forma\u00e7\u00e3o do [&hellip;]<\/p>\n","protected":false},"author":21,"featured_media":120731,"comment_status":"open","ping_status":"closed","sticky":false,"template":"","format":"standard","meta":{"footnotes":""},"categories":[159,174],"tags":[263,1212,1665,2167],"class_list":["post-120756","post","type-post","status-publish","format-standard","has-post-thumbnail","category-ifma-pt-pt","category-cultura-vocacional","tag-conselheira-para-a-formacao","tag-inm-pt-pt","tag-spiritualita-salesiana-pt-pt","tag-formazione-pt-pt"],"yoast_head":"<!-- This site is optimized with the Yoast SEO plugin v27.4 - https:\/\/yoast.com\/product\/yoast-seo-wordpress\/ -->\n<title>Encontros formativos no Sri Lanka &#8226; Istituto Figlie di Maria Ausiliatrice<\/title>\n<meta name=\"description\" content=\"De 26 a 30 de setembro de 2024, Irm\u00e3 Nilza F\u00e1tima de Moraes e Irm\u00e3 Anelfreda Miranda encontraram-se com formadoras, aspirantes, postulantes, FMA junioras e Diretoras das Comunidades no Sri Lanka.\" \/>\n<meta name=\"robots\" content=\"index, follow, max-snippet:-1, max-image-preview:large, max-video-preview:-1\" \/>\n<link rel=\"canonical\" href=\"https:\/\/www.cgfmanet.org\/pt-pt\/ifma-pt-pt\/encontros-formativos-no-sri-lanka\/\" \/>\n<meta property=\"og:locale\" content=\"pt_PT\" \/>\n<meta property=\"og:type\" content=\"article\" \/>\n<meta property=\"og:title\" content=\"Encontros formativos no Sri Lanka &#8226; Istituto Figlie di Maria Ausiliatrice\" \/>\n<meta property=\"og:description\" content=\"De 26 a 30 de setembro de 2024, Irm\u00e3 Nilza F\u00e1tima de Moraes e Irm\u00e3 Anelfreda Miranda encontraram-se com formadoras, aspirantes, postulantes, FMA junioras e Diretoras das Comunidades no Sri Lanka.\" \/>\n<meta property=\"og:url\" content=\"https:\/\/www.cgfmanet.org\/pt-pt\/ifma-pt-pt\/encontros-formativos-no-sri-lanka\/\" \/>\n<meta property=\"og:site_name\" content=\"Istituto Figlie di Maria Ausiliatrice\" \/>\n<meta property=\"article:publisher\" content=\"https:\/\/www.facebook.com\/salesian.sisters.of.don.bosco\/\" \/>\n<meta property=\"article:published_time\" content=\"2024-10-08T14:13:12+00:00\" \/>\n<meta property=\"article:modified_time\" content=\"2024-10-09T20:39:20+00:00\" \/>\n<meta property=\"og:image\" content=\"https:\/\/www.cgfmanet.org\/wp-content\/uploads\/2024\/10\/Formazione-Sri-Lanka.jpg\" \/>\n\t<meta property=\"og:image:width\" content=\"1181\" \/>\n\t<meta property=\"og:image:height\" content=\"788\" \/>\n\t<meta property=\"og:image:type\" content=\"image\/jpeg\" \/>\n<meta name=\"author\" content=\"Redazione\" \/>\n<meta name=\"twitter:card\" content=\"summary_large_image\" \/>\n<meta name=\"twitter:creator\" content=\"@Cgfmanet_Org\" \/>\n<meta name=\"twitter:site\" content=\"@Cgfmanet_Org\" \/>\n<meta name=\"twitter:label1\" content=\"Escrito por\" \/>\n\t<meta name=\"twitter:data1\" content=\"Redazione\" \/>\n\t<meta name=\"twitter:label2\" content=\"Tempo estimado de leitura\" \/>\n\t<meta name=\"twitter:data2\" content=\"5 minutos\" \/>\n<script type=\"application\/ld+json\" class=\"yoast-schema-graph\">{\"@context\":\"https:\\\/\\\/schema.org\",\"@graph\":[{\"@type\":\"Article\",\"@id\":\"https:\\\/\\\/www.cgfmanet.org\\\/pt-pt\\\/ifma-pt-pt\\\/encontros-formativos-no-sri-lanka\\\/#article\",\"isPartOf\":{\"@id\":\"https:\\\/\\\/www.cgfmanet.org\\\/pt-pt\\\/ifma-pt-pt\\\/encontros-formativos-no-sri-lanka\\\/\"},\"author\":{\"name\":\"Redazione\",\"@id\":\"https:\\\/\\\/www.cgfmanet.org\\\/es\\\/#\\\/schema\\\/person\\\/ce6473083f53ef0ef882cca23f0c8fb9\"},\"headline\":\"Encontros formativos no Sri Lanka\",\"datePublished\":\"2024-10-08T14:13:12+00:00\",\"dateModified\":\"2024-10-09T20:39:20+00:00\",\"mainEntityOfPage\":{\"@id\":\"https:\\\/\\\/www.cgfmanet.org\\\/pt-pt\\\/ifma-pt-pt\\\/encontros-formativos-no-sri-lanka\\\/\"},\"wordCount\":859,\"commentCount\":0,\"publisher\":{\"@id\":\"https:\\\/\\\/www.cgfmanet.org\\\/es\\\/#organization\"},\"image\":{\"@id\":\"https:\\\/\\\/www.cgfmanet.org\\\/pt-pt\\\/ifma-pt-pt\\\/encontros-formativos-no-sri-lanka\\\/#primaryimage\"},\"thumbnailUrl\":\"https:\\\/\\\/www.cgfmanet.org\\\/wp-content\\\/uploads\\\/2024\\\/10\\\/Formazione-Sri-Lanka.jpg\",\"keywords\":[\"Conselheira para a Forma\u00e7\u00e3o\",\"INM\",\"Spiritualit\u00e0 Salesiana\",\"Formazione\"],\"articleSection\":[\"IFMA\",\"Cultura vocacional\"],\"inLanguage\":\"pt-PT\",\"potentialAction\":[{\"@type\":\"CommentAction\",\"name\":\"Comment\",\"target\":[\"https:\\\/\\\/www.cgfmanet.org\\\/pt-pt\\\/ifma-pt-pt\\\/encontros-formativos-no-sri-lanka\\\/#respond\"]}]},{\"@type\":\"WebPage\",\"@id\":\"https:\\\/\\\/www.cgfmanet.org\\\/pt-pt\\\/ifma-pt-pt\\\/encontros-formativos-no-sri-lanka\\\/\",\"url\":\"https:\\\/\\\/www.cgfmanet.org\\\/pt-pt\\\/ifma-pt-pt\\\/encontros-formativos-no-sri-lanka\\\/\",\"name\":\"Encontros formativos no Sri Lanka &#8226; Istituto Figlie di Maria Ausiliatrice\",\"isPartOf\":{\"@id\":\"https:\\\/\\\/www.cgfmanet.org\\\/es\\\/#website\"},\"primaryImageOfPage\":{\"@id\":\"https:\\\/\\\/www.cgfmanet.org\\\/pt-pt\\\/ifma-pt-pt\\\/encontros-formativos-no-sri-lanka\\\/#primaryimage\"},\"image\":{\"@id\":\"https:\\\/\\\/www.cgfmanet.org\\\/pt-pt\\\/ifma-pt-pt\\\/encontros-formativos-no-sri-lanka\\\/#primaryimage\"},\"thumbnailUrl\":\"https:\\\/\\\/www.cgfmanet.org\\\/wp-content\\\/uploads\\\/2024\\\/10\\\/Formazione-Sri-Lanka.jpg\",\"datePublished\":\"2024-10-08T14:13:12+00:00\",\"dateModified\":\"2024-10-09T20:39:20+00:00\",\"description\":\"De 26 a 30 de setembro de 2024, Irm\u00e3 Nilza F\u00e1tima de Moraes e Irm\u00e3 Anelfreda Miranda encontraram-se com formadoras, aspirantes, postulantes, FMA junioras e Diretoras das Comunidades no Sri Lanka.\",\"breadcrumb\":{\"@id\":\"https:\\\/\\\/www.cgfmanet.org\\\/pt-pt\\\/ifma-pt-pt\\\/encontros-formativos-no-sri-lanka\\\/#breadcrumb\"},\"inLanguage\":\"pt-PT\",\"potentialAction\":[{\"@type\":\"ReadAction\",\"target\":[\"https:\\\/\\\/www.cgfmanet.org\\\/pt-pt\\\/ifma-pt-pt\\\/encontros-formativos-no-sri-lanka\\\/\"]}]},{\"@type\":\"ImageObject\",\"inLanguage\":\"pt-PT\",\"@id\":\"https:\\\/\\\/www.cgfmanet.org\\\/pt-pt\\\/ifma-pt-pt\\\/encontros-formativos-no-sri-lanka\\\/#primaryimage\",\"url\":\"https:\\\/\\\/www.cgfmanet.org\\\/wp-content\\\/uploads\\\/2024\\\/10\\\/Formazione-Sri-Lanka.jpg\",\"contentUrl\":\"https:\\\/\\\/www.cgfmanet.org\\\/wp-content\\\/uploads\\\/2024\\\/10\\\/Formazione-Sri-Lanka.jpg\",\"width\":1181,\"height\":788},{\"@type\":\"BreadcrumbList\",\"@id\":\"https:\\\/\\\/www.cgfmanet.org\\\/pt-pt\\\/ifma-pt-pt\\\/encontros-formativos-no-sri-lanka\\\/#breadcrumb\",\"itemListElement\":[{\"@type\":\"ListItem\",\"position\":1,\"name\":\"Home\",\"item\":\"https:\\\/\\\/www.cgfmanet.org\\\/pt-pt\\\/\"},{\"@type\":\"ListItem\",\"position\":2,\"name\":\"Encontros formativos no Sri Lanka\"}]},{\"@type\":\"WebSite\",\"@id\":\"https:\\\/\\\/www.cgfmanet.org\\\/es\\\/#website\",\"url\":\"https:\\\/\\\/www.cgfmanet.org\\\/es\\\/\",\"name\":\"Istituto Figlie di Maria Ausiliatrice\",\"description\":\"Salesiane di Don Bosco\",\"publisher\":{\"@id\":\"https:\\\/\\\/www.cgfmanet.org\\\/es\\\/#organization\"},\"potentialAction\":[{\"@type\":\"SearchAction\",\"target\":{\"@type\":\"EntryPoint\",\"urlTemplate\":\"https:\\\/\\\/www.cgfmanet.org\\\/es\\\/?s={search_term_string}\"},\"query-input\":{\"@type\":\"PropertyValueSpecification\",\"valueRequired\":true,\"valueName\":\"search_term_string\"}}],\"inLanguage\":\"pt-PT\"},{\"@type\":\"Organization\",\"@id\":\"https:\\\/\\\/www.cgfmanet.org\\\/es\\\/#organization\",\"name\":\"Istituto Figlie di Maria Ausiliatrice\",\"url\":\"https:\\\/\\\/www.cgfmanet.org\\\/es\\\/\",\"logo\":{\"@type\":\"ImageObject\",\"inLanguage\":\"pt-PT\",\"@id\":\"https:\\\/\\\/www.cgfmanet.org\\\/es\\\/#\\\/schema\\\/logo\\\/image\\\/\",\"url\":\"https:\\\/\\\/www.cgfmanet.org\\\/wp-content\\\/uploads\\\/2018\\\/10\\\/logo-fma.png\",\"contentUrl\":\"https:\\\/\\\/www.cgfmanet.org\\\/wp-content\\\/uploads\\\/2018\\\/10\\\/logo-fma.png\",\"width\":214,\"height\":55,\"caption\":\"Istituto Figlie di Maria Ausiliatrice\"},\"image\":{\"@id\":\"https:\\\/\\\/www.cgfmanet.org\\\/es\\\/#\\\/schema\\\/logo\\\/image\\\/\"},\"sameAs\":[\"https:\\\/\\\/www.facebook.com\\\/salesian.sisters.of.don.bosco\\\/\",\"https:\\\/\\\/x.com\\\/Cgfmanet_Org\",\"https:\\\/\\\/www.youtube.com\\\/channel\\\/UCmcr8yFQBV7JXeXVxyV9y5Q\"]},{\"@type\":\"Person\",\"@id\":\"https:\\\/\\\/www.cgfmanet.org\\\/es\\\/#\\\/schema\\\/person\\\/ce6473083f53ef0ef882cca23f0c8fb9\",\"name\":\"Redazione\"}]}<\/script>\n<!-- \/ Yoast SEO plugin. -->","yoast_head_json":{"title":"Encontros formativos no Sri Lanka &#8226; Istituto Figlie di Maria Ausiliatrice","description":"De 26 a 30 de setembro de 2024, Irm\u00e3 Nilza F\u00e1tima de Moraes e Irm\u00e3 Anelfreda Miranda encontraram-se com formadoras, aspirantes, postulantes, FMA junioras e Diretoras das Comunidades no Sri Lanka.","robots":{"index":"index","follow":"follow","max-snippet":"max-snippet:-1","max-image-preview":"max-image-preview:large","max-video-preview":"max-video-preview:-1"},"canonical":"https:\/\/www.cgfmanet.org\/pt-pt\/ifma-pt-pt\/encontros-formativos-no-sri-lanka\/","og_locale":"pt_PT","og_type":"article","og_title":"Encontros formativos no Sri Lanka &#8226; Istituto Figlie di Maria Ausiliatrice","og_description":"De 26 a 30 de setembro de 2024, Irm\u00e3 Nilza F\u00e1tima de Moraes e Irm\u00e3 Anelfreda Miranda encontraram-se com formadoras, aspirantes, postulantes, FMA junioras e Diretoras das Comunidades no Sri Lanka.","og_url":"https:\/\/www.cgfmanet.org\/pt-pt\/ifma-pt-pt\/encontros-formativos-no-sri-lanka\/","og_site_name":"Istituto Figlie di Maria Ausiliatrice","article_publisher":"https:\/\/www.facebook.com\/salesian.sisters.of.don.bosco\/","article_published_time":"2024-10-08T14:13:12+00:00","article_modified_time":"2024-10-09T20:39:20+00:00","og_image":[{"width":1181,"height":788,"url":"https:\/\/www.cgfmanet.org\/wp-content\/uploads\/2024\/10\/Formazione-Sri-Lanka.jpg","type":"image\/jpeg"}],"author":"Redazione","twitter_card":"summary_large_image","twitter_creator":"@Cgfmanet_Org","twitter_site":"@Cgfmanet_Org","twitter_misc":{"Escrito por":"Redazione","Tempo estimado de leitura":"5 minutos"},"schema":{"@context":"https:\/\/schema.org","@graph":[{"@type":"Article","@id":"https:\/\/www.cgfmanet.org\/pt-pt\/ifma-pt-pt\/encontros-formativos-no-sri-lanka\/#article","isPartOf":{"@id":"https:\/\/www.cgfmanet.org\/pt-pt\/ifma-pt-pt\/encontros-formativos-no-sri-lanka\/"},"author":{"name":"Redazione","@id":"https:\/\/www.cgfmanet.org\/es\/#\/schema\/person\/ce6473083f53ef0ef882cca23f0c8fb9"},"headline":"Encontros formativos no Sri Lanka","datePublished":"2024-10-08T14:13:12+00:00","dateModified":"2024-10-09T20:39:20+00:00","mainEntityOfPage":{"@id":"https:\/\/www.cgfmanet.org\/pt-pt\/ifma-pt-pt\/encontros-formativos-no-sri-lanka\/"},"wordCount":859,"commentCount":0,"publisher":{"@id":"https:\/\/www.cgfmanet.org\/es\/#organization"},"image":{"@id":"https:\/\/www.cgfmanet.org\/pt-pt\/ifma-pt-pt\/encontros-formativos-no-sri-lanka\/#primaryimage"},"thumbnailUrl":"https:\/\/www.cgfmanet.org\/wp-content\/uploads\/2024\/10\/Formazione-Sri-Lanka.jpg","keywords":["Conselheira para a Forma\u00e7\u00e3o","INM","Spiritualit\u00e0 Salesiana","Formazione"],"articleSection":["IFMA","Cultura vocacional"],"inLanguage":"pt-PT","potentialAction":[{"@type":"CommentAction","name":"Comment","target":["https:\/\/www.cgfmanet.org\/pt-pt\/ifma-pt-pt\/encontros-formativos-no-sri-lanka\/#respond"]}]},{"@type":"WebPage","@id":"https:\/\/www.cgfmanet.org\/pt-pt\/ifma-pt-pt\/encontros-formativos-no-sri-lanka\/","url":"https:\/\/www.cgfmanet.org\/pt-pt\/ifma-pt-pt\/encontros-formativos-no-sri-lanka\/","name":"Encontros formativos no Sri Lanka &#8226; Istituto Figlie di Maria Ausiliatrice","isPartOf":{"@id":"https:\/\/www.cgfmanet.org\/es\/#website"},"primaryImageOfPage":{"@id":"https:\/\/www.cgfmanet.org\/pt-pt\/ifma-pt-pt\/encontros-formativos-no-sri-lanka\/#primaryimage"},"image":{"@id":"https:\/\/www.cgfmanet.org\/pt-pt\/ifma-pt-pt\/encontros-formativos-no-sri-lanka\/#primaryimage"},"thumbnailUrl":"https:\/\/www.cgfmanet.org\/wp-content\/uploads\/2024\/10\/Formazione-Sri-Lanka.jpg","datePublished":"2024-10-08T14:13:12+00:00","dateModified":"2024-10-09T20:39:20+00:00","description":"De 26 a 30 de setembro de 2024, Irm\u00e3 Nilza F\u00e1tima de Moraes e Irm\u00e3 Anelfreda Miranda encontraram-se com formadoras, aspirantes, postulantes, FMA junioras e Diretoras das Comunidades no Sri Lanka.","breadcrumb":{"@id":"https:\/\/www.cgfmanet.org\/pt-pt\/ifma-pt-pt\/encontros-formativos-no-sri-lanka\/#breadcrumb"},"inLanguage":"pt-PT","potentialAction":[{"@type":"ReadAction","target":["https:\/\/www.cgfmanet.org\/pt-pt\/ifma-pt-pt\/encontros-formativos-no-sri-lanka\/"]}]},{"@type":"ImageObject","inLanguage":"pt-PT","@id":"https:\/\/www.cgfmanet.org\/pt-pt\/ifma-pt-pt\/encontros-formativos-no-sri-lanka\/#primaryimage","url":"https:\/\/www.cgfmanet.org\/wp-content\/uploads\/2024\/10\/Formazione-Sri-Lanka.jpg","contentUrl":"https:\/\/www.cgfmanet.org\/wp-content\/uploads\/2024\/10\/Formazione-Sri-Lanka.jpg","width":1181,"height":788},{"@type":"BreadcrumbList","@id":"https:\/\/www.cgfmanet.org\/pt-pt\/ifma-pt-pt\/encontros-formativos-no-sri-lanka\/#breadcrumb","itemListElement":[{"@type":"ListItem","position":1,"name":"Home","item":"https:\/\/www.cgfmanet.org\/pt-pt\/"},{"@type":"ListItem","position":2,"name":"Encontros formativos no Sri Lanka"}]},{"@type":"WebSite","@id":"https:\/\/www.cgfmanet.org\/es\/#website","url":"https:\/\/www.cgfmanet.org\/es\/","name":"Istituto Figlie di Maria Ausiliatrice","description":"Salesiane di Don Bosco","publisher":{"@id":"https:\/\/www.cgfmanet.org\/es\/#organization"},"potentialAction":[{"@type":"SearchAction","target":{"@type":"EntryPoint","urlTemplate":"https:\/\/www.cgfmanet.org\/es\/?s={search_term_string}"},"query-input":{"@type":"PropertyValueSpecification","valueRequired":true,"valueName":"search_term_string"}}],"inLanguage":"pt-PT"},{"@type":"Organization","@id":"https:\/\/www.cgfmanet.org\/es\/#organization","name":"Istituto Figlie di Maria Ausiliatrice","url":"https:\/\/www.cgfmanet.org\/es\/","logo":{"@type":"ImageObject","inLanguage":"pt-PT","@id":"https:\/\/www.cgfmanet.org\/es\/#\/schema\/logo\/image\/","url":"https:\/\/www.cgfmanet.org\/wp-content\/uploads\/2018\/10\/logo-fma.png","contentUrl":"https:\/\/www.cgfmanet.org\/wp-content\/uploads\/2018\/10\/logo-fma.png","width":214,"height":55,"caption":"Istituto Figlie di Maria Ausiliatrice"},"image":{"@id":"https:\/\/www.cgfmanet.org\/es\/#\/schema\/logo\/image\/"},"sameAs":["https:\/\/www.facebook.com\/salesian.sisters.of.don.bosco\/","https:\/\/x.com\/Cgfmanet_Org","https:\/\/www.youtube.com\/channel\/UCmcr8yFQBV7JXeXVxyV9y5Q"]},{"@type":"Person","@id":"https:\/\/www.cgfmanet.org\/es\/#\/schema\/person\/ce6473083f53ef0ef882cca23f0c8fb9","name":"Redazione"}]}},"_links":{"self":[{"href":"https:\/\/www.cgfmanet.org\/pt-pt\/wp-json\/wp\/v2\/posts\/120756","targetHints":{"allow":["GET"]}}],"collection":[{"href":"https:\/\/www.cgfmanet.org\/pt-pt\/wp-json\/wp\/v2\/posts"}],"about":[{"href":"https:\/\/www.cgfmanet.org\/pt-pt\/wp-json\/wp\/v2\/types\/post"}],"author":[{"embeddable":true,"href":"https:\/\/www.cgfmanet.org\/pt-pt\/wp-json\/wp\/v2\/users\/21"}],"replies":[{"embeddable":true,"href":"https:\/\/www.cgfmanet.org\/pt-pt\/wp-json\/wp\/v2\/comments?post=120756"}],"version-history":[{"count":1,"href":"https:\/\/www.cgfmanet.org\/pt-pt\/wp-json\/wp\/v2\/posts\/120756\/revisions"}],"predecessor-version":[{"id":120781,"href":"https:\/\/www.cgfmanet.org\/pt-pt\/wp-json\/wp\/v2\/posts\/120756\/revisions\/120781"}],"wp:featuredmedia":[{"embeddable":true,"href":"https:\/\/www.cgfmanet.org\/pt-pt\/wp-json\/wp\/v2\/media\/120731"}],"wp:attachment":[{"href":"https:\/\/www.cgfmanet.org\/pt-pt\/wp-json\/wp\/v2\/media?parent=120756"}],"wp:term":[{"taxonomy":"category","embeddable":true,"href":"https:\/\/www.cgfmanet.org\/pt-pt\/wp-json\/wp\/v2\/categories?post=120756"},{"taxonomy":"post_tag","embeddable":true,"href":"https:\/\/www.cgfmanet.org\/pt-pt\/wp-json\/wp\/v2\/tags?post=120756"}],"curies":[{"name":"wp","href":"https:\/\/api.w.org\/{rel}","templated":true}]}}