{"id":117760,"date":"2024-08-30T12:00:50","date_gmt":"2024-08-30T10:00:50","guid":{"rendered":"https:\/\/www.cgfmanet.org\/infosfera-pt-pt\/tempo-del-creato-2024-spera-e-agisci-con-il-creato\/"},"modified":"2024-08-31T10:04:55","modified_gmt":"2024-08-31T08:04:55","slug":"tempo-da-criacao-2024-espera-e-age-com-a-criacao","status":"publish","type":"post","link":"https:\/\/www.cgfmanet.org\/pt-pt\/infosfera-pt-pt\/tempo-da-criacao-2024-espera-e-age-com-a-criacao\/","title":{"rendered":"Tempo da Cria\u00e7\u00e3o 2024: Espera e age com a cria\u00e7\u00e3o"},"content":{"rendered":"<p><strong>Roma (It\u00e1lia).<\/strong> De 1\u00ba de setembro, Dia de Ora\u00e7\u00e3o pela Cria\u00e7\u00e3o, a 4 de outubro de 2024, festa de S\u00e3o Francisco de Assis, o Santo padroeiro da ecologia, amado por todas as confiss\u00f5es crist\u00e3s, celebra-se o Tempo da Cria\u00e7\u00e3o, um tempo privilegiado para renovar a pr\u00f3pria rela\u00e7\u00e3o com o Criador e com toda a cria\u00e7\u00e3o atrav\u00e9s da celebra\u00e7\u00e3o, convers\u00e3o e a\u00e7\u00e3o comum.<\/p>\n<p><strong>\u201cEspera e age com a cria\u00e7\u00e3o\u201d<\/strong> \u00e9 o tema deste ano, inspirado na Carta de S\u00e3o Paulo aos Romanos (Rom 8, 19-25). Na Mensagem para o Dia Mundial de Ora\u00e7\u00e3o pelo Cuidado da Cria\u00e7\u00e3o 2024, o Papa Francisco convida a <em>\u201cviver uma f\u00e9 encarnada, que sabe entrar na carne sofredora e esperan\u00e7osa das pessoas; unir as for\u00e7as para contribuir a repensar na quest\u00e3o do poder humano\u201d; estender tamb\u00e9m \u00e0 cria\u00e7\u00e3o, a harmonia entre os homens na responsabilidade por uma ecologia humana e integral, caminho de salva\u00e7\u00e3o da nossa casa comum\u201d.<\/em><\/p>\n<div class=\"youtube-embed\" data-video_id=\"aLccNv9r2ZM\"><iframe title=\"Giornata Mondiale di Preghiera per la Cura del Creato 2024\" width=\"696\" height=\"392\" data-src=\"https:\/\/www.youtube.com\/embed\/aLccNv9r2ZM?feature=oembed&#038;enablejsapi=1\" frameborder=\"0\" allow=\"accelerometer; autoplay; clipboard-write; encrypted-media; gyroscope; picture-in-picture; web-share\" referrerpolicy=\"strict-origin-when-cross-origin\" allowfullscreen src=\"data:image\/svg+xml;base64,PHN2ZyB3aWR0aD0iMSIgaGVpZ2h0PSIxIiB4bWxucz0iaHR0cDovL3d3dy53My5vcmcvMjAwMC9zdmciPjwvc3ZnPg==\" class=\"lazyload\" data-load-mode=\"1\"><\/iframe><\/div>\n<p>Na perspectiva do compromisso assumido sobre a ecologia integral no Cap\u00edtulo Geral XXIV com a Delibera\u00e7\u00e3o Capitular, por ocasi\u00e3o do tempo da cria\u00e7\u00e3o deste ano, Irm\u00e3 Runita Borja, Conselheira da Pastoral Juvenil, oferece uma v\u00eddeo-mensagem em que fala da beleza do caminho das FMA junto aos\/\u00e0s jovens e \u00e0s Comunidades Educativas de todo o mundo para a convers\u00e3o \u00e0 ecologia integral que continua e se fortalece: <em>\u201c\u00c9 muito comovente ver como pouco a pouco cresce a consci\u00eancia nas nossas obras educativas. A Plataforma de Iniciativas Laudato Si&#8217; estimulou-nos na nossa escolha carism\u00e1tica pelos mais pobres, concretizando a escuta das respostas educativas integrais que oferecemos em diversos n\u00edveis, segundo os contextos\u201d.<\/em><\/p>\n<p>Irm\u00e3 Runita tamb\u00e9m nos convida a continuar como Comunidades Educativas o caminho para convers\u00e3o \u00e0 ecologia integral, <strong>passando das convic\u00e7\u00f5es \u00e0s atitudes, das atitudes \u00e0s a\u00e7\u00f5es concretas<\/strong>: <em>\u201cFortale\u00e7amos a consci\u00eancia de que a ecologia integral \u00e9 uma vis\u00e3o integral. N\u00e3o nos contentemos com a\u00e7\u00f5es que se concentram apenas sobre o cuidado e prote\u00e7\u00e3o do meio ambiente. A ecologia integral tamb\u00e9m se concentra sobre o cuidado das rela\u00e7\u00f5es, a escuta dos pobres, a escolha de um estilo de vida simples e sustent\u00e1vel e uma espiritualidade ecol\u00f3gica. Este \u00e9 o nosso contributo como Comunidades educativas de todo o mundo, para formar a massa cr\u00edtica que permitir\u00e1 a derrubada de um estilo insustent\u00e1vel e que n\u00e3o assegura a vida\u201d.<\/em><\/p>\n<div class=\"youtube-embed\" data-video_id=\"8rCfgA-AmLI\"><iframe title=\"Tempo del Creato 2024\" width=\"696\" height=\"392\" data-src=\"https:\/\/www.youtube.com\/embed\/8rCfgA-AmLI?feature=oembed&#038;enablejsapi=1\" frameborder=\"0\" allow=\"accelerometer; autoplay; clipboard-write; encrypted-media; gyroscope; picture-in-picture; web-share\" referrerpolicy=\"strict-origin-when-cross-origin\" allowfullscreen src=\"data:image\/svg+xml;base64,PHN2ZyB3aWR0aD0iMSIgaGVpZ2h0PSIxIiB4bWxucz0iaHR0cDovL3d3dy53My5vcmcvMjAwMC9zdmciPjwvc3ZnPg==\" class=\"lazyload\" data-load-mode=\"1\"><\/iframe><\/div>\n<p>Como foi comunicado a todas as Inspetorias das Filhas de Maria Auxiliadora por Irm\u00e3 Ruth del Pilar Mora, a Conselheira geral encarregada da Comiss\u00e3o Internacional de Ecologia Integral, <strong><em>no dia 14 de setembro de 2024 ser\u00e1 realizado um semin\u00e1rio sobre o tema anual do Tempo da Cria\u00e7\u00e3o com um cunho salesiano, dirigido \u00e0s FMA, aos\/\u00e0s jovens e \u00e0s Comunidades Educativas<\/em><\/strong>, organizado pelo \u00c2mbito da Pastoral Juvenil, em colabora\u00e7\u00e3o com a Comiss\u00e3o Internacional da Ecologia Integral e com o \u00c2mbito da Comunica\u00e7\u00e3o.<\/p>\n<p>O semin\u00e1rio inclui um momento formativo orientado por <strong>Irm\u00e3 Linda Pocher<\/strong>, FMA, Docente da Pontif\u00edcia Faculdade de Ci\u00eancias da Educa\u00e7\u00e3o \u201cAuxilium\u201d de Roma. Ser\u00e1 transmitido pela plataforma Zoom e no canal YouTube do Instituto das FMA em italiano, com tradu\u00e7\u00f5es simult\u00e2neas em franc\u00eas, portugu\u00eas e ingl\u00eas (na plataforma Zoom). Em tempo oportuno, ser\u00e1 enviado \u00e0s Inspetorias o link para participar do semin\u00e1rio.<\/p>\n<p><a href=\"https:\/\/www.cgfmanet.org\/wp-content\/uploads\/2024\/08\/Tempo-del-Creato-Poster.jpg\"><img decoding=\"async\" class=\"aligncenter wp-image-117747 size-full lazyload\" data-src=\"https:\/\/www.cgfmanet.org\/wp-content\/uploads\/2024\/08\/Tempo-del-Creato-Poster.jpg\" alt=\"\" width=\"1600\" height=\"900\" data-srcset=\"https:\/\/www.cgfmanet.org\/wp-content\/uploads\/2024\/08\/Tempo-del-Creato-Poster.jpg 1600w, https:\/\/www.cgfmanet.org\/wp-content\/uploads\/2024\/08\/Tempo-del-Creato-Poster-768x432.jpg 768w, https:\/\/www.cgfmanet.org\/wp-content\/uploads\/2024\/08\/Tempo-del-Creato-Poster-1536x864.jpg 1536w, https:\/\/www.cgfmanet.org\/wp-content\/uploads\/2024\/08\/Tempo-del-Creato-Poster-747x420.jpg 747w, https:\/\/www.cgfmanet.org\/wp-content\/uploads\/2024\/08\/Tempo-del-Creato-Poster-696x392.jpg 696w\" data-sizes=\"auto\" src=\"data:image\/svg+xml;base64,PHN2ZyB3aWR0aD0iMSIgaGVpZ2h0PSIxIiB4bWxucz0iaHR0cDovL3d3dy53My5vcmcvMjAwMC9zdmciPjwvc3ZnPg==\" style=\"--smush-placeholder-width: 1600px; --smush-placeholder-aspect-ratio: 1600\/900;\" data-original-sizes=\"(max-width: 1600px) 100vw, 1600px\" \/><\/a><\/p>\n<p>O convite \u00e9 para valorizar o Tempo da Cria\u00e7\u00e3o como um tempo forte que todo ano recorda o caminho do Instituto das FMA para a convers\u00e3o \u00e0 ecologia integral.<\/p>\n<p style=\"text-align: center;\"><span style=\"color: #008000;\"><strong><em>\u201cEsperar e agir com a cria\u00e7\u00e3o significa antes de tudo unir as for\u00e7as e, caminhando junto a todos os homens e mulheres de boa vontade, contribuir a repensar na quest\u00e3o do poder humano, no seu significado e nos seus limites\u201d.<\/em><\/strong> <\/span>(Papa Francisco)<\/p>\n<p><em><strong><span style=\"color: #0000ff;\"><a style=\"color: #0000ff;\" href=\"https:\/\/www.vatican.va\/content\/francesco\/it\/messages\/cura-creato\/documents\/20240627-messaggio-giornata-curacreato.html\" target=\"_blank\" rel=\"noopener\">Mensagem do Papa Francisco<\/a> <\/span><\/strong><\/em><strong><em>para o Dia Mundial de Ora\u00e7\u00e3o pelo Cuidado da Cria\u00e7\u00e3o<\/em><\/strong><\/p>\n<p><span style=\"color: #0000ff;\"><em><strong><a style=\"color: #0000ff;\" href=\"https:\/\/seasonofcreation.org\/it\/risorse\/\" target=\"_blank\" rel=\"noopener\">Recursos do Tempo da Cria\u00e7\u00e3o<\/a><\/strong><\/em><\/span><\/p>\n<p><span style=\"color: #0000ff;\"><em><strong><a style=\"color: #0000ff;\" href=\"https:\/\/www.humandevelopment.va\/it\/news\/2024\/messaggio-papa-francesco-giornata-mondiale-di-preghiera-per-creato.html\" target=\"_blank\" rel=\"noopener\">Recursos do Dicast\u00e9rio<\/a><\/strong><\/em><\/span><em><strong> para o Servi\u00e7o do desenvolvimento humano integral<\/strong><\/em><\/p>\n","protected":false},"excerpt":{"rendered":"<p>Roma (It\u00e1lia). De 1\u00ba de setembro, Dia de Ora\u00e7\u00e3o pela Cria\u00e7\u00e3o, a 4 de outubro de 2024, festa de S\u00e3o Francisco de Assis, o Santo padroeiro da ecologia, amado por [&hellip;]<\/p>\n","protected":false},"author":21,"featured_media":117755,"comment_status":"open","ping_status":"closed","sticky":false,"template":"","format":"standard","meta":{"footnotes":""},"categories":[38,202],"tags":[411,1537,1930,2066],"class_list":["post-117760","post","type-post","status-publish","format-standard","has-post-thumbnail","category-infosfera-pt-pt","category-ecologia-pt","tag-papa-francisco","tag-pastoral-juvenil-pt-pt","tag-focus-pt-pt","tag-ecumenismo-pt-pt"],"yoast_head":"<!-- This site is optimized with the Yoast SEO plugin v27.4 - https:\/\/yoast.com\/product\/yoast-seo-wordpress\/ -->\n<title>Tempo da Cria\u00e7\u00e3o 2024: Espera e age com a cria\u00e7\u00e3o &#8226; Istituto Figlie di Maria Ausiliatrice<\/title>\n<meta name=\"description\" content=\"De 1\u00ba de setembro a 4 de outubro de 2024, celebra-se o Tempo da Cria\u00e7\u00e3o, um tempo ecum\u00eanico anual de ora\u00e7\u00e3o e a\u00e7\u00e3o pela casa comum.\" \/>\n<meta name=\"robots\" content=\"index, follow, max-snippet:-1, max-image-preview:large, max-video-preview:-1\" \/>\n<link rel=\"canonical\" href=\"https:\/\/www.cgfmanet.org\/infosfera\/tempo-del-creato-2024-spera-e-agisci-con-il-creato\/\" \/>\n<meta property=\"og:locale\" content=\"pt_PT\" \/>\n<meta property=\"og:type\" content=\"article\" \/>\n<meta property=\"og:title\" content=\"Tempo da Cria\u00e7\u00e3o 2024: Espera e age com a cria\u00e7\u00e3o &#8226; Istituto Figlie di Maria Ausiliatrice\" \/>\n<meta property=\"og:description\" content=\"De 1\u00ba de setembro a 4 de outubro de 2024, celebra-se o Tempo da Cria\u00e7\u00e3o, um tempo ecum\u00eanico anual de ora\u00e7\u00e3o e a\u00e7\u00e3o pela casa comum.\" \/>\n<meta property=\"og:url\" content=\"https:\/\/www.cgfmanet.org\/infosfera\/tempo-del-creato-2024-spera-e-agisci-con-il-creato\/\" \/>\n<meta property=\"og:site_name\" content=\"Istituto Figlie di Maria Ausiliatrice\" \/>\n<meta property=\"article:publisher\" content=\"https:\/\/www.facebook.com\/salesian.sisters.of.don.bosco\/\" \/>\n<meta property=\"article:published_time\" content=\"2024-08-30T10:00:50+00:00\" \/>\n<meta property=\"article:modified_time\" content=\"2024-08-31T08:04:55+00:00\" \/>\n<meta property=\"og:image\" content=\"https:\/\/www.cgfmanet.org\/wp-content\/uploads\/2024\/08\/Tempo-Creato-2024.jpg\" \/>\n\t<meta property=\"og:image:width\" content=\"1200\" \/>\n\t<meta property=\"og:image:height\" content=\"800\" \/>\n\t<meta property=\"og:image:type\" content=\"image\/jpeg\" \/>\n<meta name=\"author\" content=\"Redazione\" \/>\n<meta name=\"twitter:card\" content=\"summary_large_image\" \/>\n<meta name=\"twitter:creator\" content=\"@Cgfmanet_Org\" \/>\n<meta name=\"twitter:site\" content=\"@Cgfmanet_Org\" \/>\n<meta name=\"twitter:label1\" content=\"Escrito por\" \/>\n\t<meta name=\"twitter:data1\" content=\"Redazione\" \/>\n\t<meta name=\"twitter:label2\" content=\"Tempo estimado de leitura\" \/>\n\t<meta name=\"twitter:data2\" content=\"4 minutos\" \/>\n<script type=\"application\/ld+json\" class=\"yoast-schema-graph\">{\"@context\":\"https:\\\/\\\/schema.org\",\"@graph\":[{\"@type\":\"Article\",\"@id\":\"https:\\\/\\\/www.cgfmanet.org\\\/infosfera\\\/tempo-del-creato-2024-spera-e-agisci-con-il-creato\\\/#article\",\"isPartOf\":{\"@id\":\"https:\\\/\\\/www.cgfmanet.org\\\/infosfera\\\/tempo-del-creato-2024-spera-e-agisci-con-il-creato\\\/\"},\"author\":{\"name\":\"Redazione\",\"@id\":\"https:\\\/\\\/www.cgfmanet.org\\\/es\\\/#\\\/schema\\\/person\\\/ce6473083f53ef0ef882cca23f0c8fb9\"},\"headline\":\"Tempo da Cria\u00e7\u00e3o 2024: Espera e age com a cria\u00e7\u00e3o\",\"datePublished\":\"2024-08-30T10:00:50+00:00\",\"dateModified\":\"2024-08-31T08:04:55+00:00\",\"mainEntityOfPage\":{\"@id\":\"https:\\\/\\\/www.cgfmanet.org\\\/infosfera\\\/tempo-del-creato-2024-spera-e-agisci-con-il-creato\\\/\"},\"wordCount\":710,\"commentCount\":0,\"publisher\":{\"@id\":\"https:\\\/\\\/www.cgfmanet.org\\\/es\\\/#organization\"},\"image\":{\"@id\":\"https:\\\/\\\/www.cgfmanet.org\\\/infosfera\\\/tempo-del-creato-2024-spera-e-agisci-con-il-creato\\\/#primaryimage\"},\"thumbnailUrl\":\"https:\\\/\\\/www.cgfmanet.org\\\/wp-content\\\/uploads\\\/2024\\\/08\\\/Tempo-Creato-2024.jpg\",\"keywords\":[\"Papa Francisco\",\"Pastoral Juvenil\",\"Focus\",\"Ecumenismo\"],\"articleSection\":[\"Infosfera\",\"Ecologia\"],\"inLanguage\":\"pt-PT\",\"potentialAction\":[{\"@type\":\"CommentAction\",\"name\":\"Comment\",\"target\":[\"https:\\\/\\\/www.cgfmanet.org\\\/infosfera\\\/tempo-del-creato-2024-spera-e-agisci-con-il-creato\\\/#respond\"]}]},{\"@type\":\"WebPage\",\"@id\":\"https:\\\/\\\/www.cgfmanet.org\\\/infosfera\\\/tempo-del-creato-2024-spera-e-agisci-con-il-creato\\\/\",\"url\":\"https:\\\/\\\/www.cgfmanet.org\\\/infosfera\\\/tempo-del-creato-2024-spera-e-agisci-con-il-creato\\\/\",\"name\":\"Tempo da Cria\u00e7\u00e3o 2024: Espera e age com a cria\u00e7\u00e3o &#8226; Istituto Figlie di Maria Ausiliatrice\",\"isPartOf\":{\"@id\":\"https:\\\/\\\/www.cgfmanet.org\\\/es\\\/#website\"},\"primaryImageOfPage\":{\"@id\":\"https:\\\/\\\/www.cgfmanet.org\\\/infosfera\\\/tempo-del-creato-2024-spera-e-agisci-con-il-creato\\\/#primaryimage\"},\"image\":{\"@id\":\"https:\\\/\\\/www.cgfmanet.org\\\/infosfera\\\/tempo-del-creato-2024-spera-e-agisci-con-il-creato\\\/#primaryimage\"},\"thumbnailUrl\":\"https:\\\/\\\/www.cgfmanet.org\\\/wp-content\\\/uploads\\\/2024\\\/08\\\/Tempo-Creato-2024.jpg\",\"datePublished\":\"2024-08-30T10:00:50+00:00\",\"dateModified\":\"2024-08-31T08:04:55+00:00\",\"description\":\"De 1\u00ba de setembro a 4 de outubro de 2024, celebra-se o Tempo da Cria\u00e7\u00e3o, um tempo ecum\u00eanico anual de ora\u00e7\u00e3o e a\u00e7\u00e3o pela casa comum.\",\"breadcrumb\":{\"@id\":\"https:\\\/\\\/www.cgfmanet.org\\\/infosfera\\\/tempo-del-creato-2024-spera-e-agisci-con-il-creato\\\/#breadcrumb\"},\"inLanguage\":\"pt-PT\",\"potentialAction\":[{\"@type\":\"ReadAction\",\"target\":[\"https:\\\/\\\/www.cgfmanet.org\\\/infosfera\\\/tempo-del-creato-2024-spera-e-agisci-con-il-creato\\\/\"]}]},{\"@type\":\"ImageObject\",\"inLanguage\":\"pt-PT\",\"@id\":\"https:\\\/\\\/www.cgfmanet.org\\\/infosfera\\\/tempo-del-creato-2024-spera-e-agisci-con-il-creato\\\/#primaryimage\",\"url\":\"https:\\\/\\\/www.cgfmanet.org\\\/wp-content\\\/uploads\\\/2024\\\/08\\\/Tempo-Creato-2024.jpg\",\"contentUrl\":\"https:\\\/\\\/www.cgfmanet.org\\\/wp-content\\\/uploads\\\/2024\\\/08\\\/Tempo-Creato-2024.jpg\",\"width\":1200,\"height\":800},{\"@type\":\"BreadcrumbList\",\"@id\":\"https:\\\/\\\/www.cgfmanet.org\\\/infosfera\\\/tempo-del-creato-2024-spera-e-agisci-con-il-creato\\\/#breadcrumb\",\"itemListElement\":[{\"@type\":\"ListItem\",\"position\":1,\"name\":\"Home\",\"item\":\"https:\\\/\\\/www.cgfmanet.org\\\/pt-pt\\\/\"},{\"@type\":\"ListItem\",\"position\":2,\"name\":\"Tempo da Cria\u00e7\u00e3o 2024: Espera e age com a cria\u00e7\u00e3o\"}]},{\"@type\":\"WebSite\",\"@id\":\"https:\\\/\\\/www.cgfmanet.org\\\/es\\\/#website\",\"url\":\"https:\\\/\\\/www.cgfmanet.org\\\/es\\\/\",\"name\":\"Istituto Figlie di Maria Ausiliatrice\",\"description\":\"Salesiane di Don Bosco\",\"publisher\":{\"@id\":\"https:\\\/\\\/www.cgfmanet.org\\\/es\\\/#organization\"},\"potentialAction\":[{\"@type\":\"SearchAction\",\"target\":{\"@type\":\"EntryPoint\",\"urlTemplate\":\"https:\\\/\\\/www.cgfmanet.org\\\/es\\\/?s={search_term_string}\"},\"query-input\":{\"@type\":\"PropertyValueSpecification\",\"valueRequired\":true,\"valueName\":\"search_term_string\"}}],\"inLanguage\":\"pt-PT\"},{\"@type\":\"Organization\",\"@id\":\"https:\\\/\\\/www.cgfmanet.org\\\/es\\\/#organization\",\"name\":\"Istituto Figlie di Maria Ausiliatrice\",\"url\":\"https:\\\/\\\/www.cgfmanet.org\\\/es\\\/\",\"logo\":{\"@type\":\"ImageObject\",\"inLanguage\":\"pt-PT\",\"@id\":\"https:\\\/\\\/www.cgfmanet.org\\\/es\\\/#\\\/schema\\\/logo\\\/image\\\/\",\"url\":\"https:\\\/\\\/www.cgfmanet.org\\\/wp-content\\\/uploads\\\/2018\\\/10\\\/logo-fma.png\",\"contentUrl\":\"https:\\\/\\\/www.cgfmanet.org\\\/wp-content\\\/uploads\\\/2018\\\/10\\\/logo-fma.png\",\"width\":214,\"height\":55,\"caption\":\"Istituto Figlie di Maria Ausiliatrice\"},\"image\":{\"@id\":\"https:\\\/\\\/www.cgfmanet.org\\\/es\\\/#\\\/schema\\\/logo\\\/image\\\/\"},\"sameAs\":[\"https:\\\/\\\/www.facebook.com\\\/salesian.sisters.of.don.bosco\\\/\",\"https:\\\/\\\/x.com\\\/Cgfmanet_Org\",\"https:\\\/\\\/www.youtube.com\\\/channel\\\/UCmcr8yFQBV7JXeXVxyV9y5Q\"]},{\"@type\":\"Person\",\"@id\":\"https:\\\/\\\/www.cgfmanet.org\\\/es\\\/#\\\/schema\\\/person\\\/ce6473083f53ef0ef882cca23f0c8fb9\",\"name\":\"Redazione\"}]}<\/script>\n<!-- \/ Yoast SEO plugin. -->","yoast_head_json":{"title":"Tempo da Cria\u00e7\u00e3o 2024: Espera e age com a cria\u00e7\u00e3o &#8226; Istituto Figlie di Maria Ausiliatrice","description":"De 1\u00ba de setembro a 4 de outubro de 2024, celebra-se o Tempo da Cria\u00e7\u00e3o, um tempo ecum\u00eanico anual de ora\u00e7\u00e3o e a\u00e7\u00e3o pela casa comum.","robots":{"index":"index","follow":"follow","max-snippet":"max-snippet:-1","max-image-preview":"max-image-preview:large","max-video-preview":"max-video-preview:-1"},"canonical":"https:\/\/www.cgfmanet.org\/infosfera\/tempo-del-creato-2024-spera-e-agisci-con-il-creato\/","og_locale":"pt_PT","og_type":"article","og_title":"Tempo da Cria\u00e7\u00e3o 2024: Espera e age com a cria\u00e7\u00e3o &#8226; Istituto Figlie di Maria Ausiliatrice","og_description":"De 1\u00ba de setembro a 4 de outubro de 2024, celebra-se o Tempo da Cria\u00e7\u00e3o, um tempo ecum\u00eanico anual de ora\u00e7\u00e3o e a\u00e7\u00e3o pela casa comum.","og_url":"https:\/\/www.cgfmanet.org\/infosfera\/tempo-del-creato-2024-spera-e-agisci-con-il-creato\/","og_site_name":"Istituto Figlie di Maria Ausiliatrice","article_publisher":"https:\/\/www.facebook.com\/salesian.sisters.of.don.bosco\/","article_published_time":"2024-08-30T10:00:50+00:00","article_modified_time":"2024-08-31T08:04:55+00:00","og_image":[{"width":1200,"height":800,"url":"https:\/\/www.cgfmanet.org\/wp-content\/uploads\/2024\/08\/Tempo-Creato-2024.jpg","type":"image\/jpeg"}],"author":"Redazione","twitter_card":"summary_large_image","twitter_creator":"@Cgfmanet_Org","twitter_site":"@Cgfmanet_Org","twitter_misc":{"Escrito por":"Redazione","Tempo estimado de leitura":"4 minutos"},"schema":{"@context":"https:\/\/schema.org","@graph":[{"@type":"Article","@id":"https:\/\/www.cgfmanet.org\/infosfera\/tempo-del-creato-2024-spera-e-agisci-con-il-creato\/#article","isPartOf":{"@id":"https:\/\/www.cgfmanet.org\/infosfera\/tempo-del-creato-2024-spera-e-agisci-con-il-creato\/"},"author":{"name":"Redazione","@id":"https:\/\/www.cgfmanet.org\/es\/#\/schema\/person\/ce6473083f53ef0ef882cca23f0c8fb9"},"headline":"Tempo da Cria\u00e7\u00e3o 2024: Espera e age com a cria\u00e7\u00e3o","datePublished":"2024-08-30T10:00:50+00:00","dateModified":"2024-08-31T08:04:55+00:00","mainEntityOfPage":{"@id":"https:\/\/www.cgfmanet.org\/infosfera\/tempo-del-creato-2024-spera-e-agisci-con-il-creato\/"},"wordCount":710,"commentCount":0,"publisher":{"@id":"https:\/\/www.cgfmanet.org\/es\/#organization"},"image":{"@id":"https:\/\/www.cgfmanet.org\/infosfera\/tempo-del-creato-2024-spera-e-agisci-con-il-creato\/#primaryimage"},"thumbnailUrl":"https:\/\/www.cgfmanet.org\/wp-content\/uploads\/2024\/08\/Tempo-Creato-2024.jpg","keywords":["Papa Francisco","Pastoral Juvenil","Focus","Ecumenismo"],"articleSection":["Infosfera","Ecologia"],"inLanguage":"pt-PT","potentialAction":[{"@type":"CommentAction","name":"Comment","target":["https:\/\/www.cgfmanet.org\/infosfera\/tempo-del-creato-2024-spera-e-agisci-con-il-creato\/#respond"]}]},{"@type":"WebPage","@id":"https:\/\/www.cgfmanet.org\/infosfera\/tempo-del-creato-2024-spera-e-agisci-con-il-creato\/","url":"https:\/\/www.cgfmanet.org\/infosfera\/tempo-del-creato-2024-spera-e-agisci-con-il-creato\/","name":"Tempo da Cria\u00e7\u00e3o 2024: Espera e age com a cria\u00e7\u00e3o &#8226; Istituto Figlie di Maria Ausiliatrice","isPartOf":{"@id":"https:\/\/www.cgfmanet.org\/es\/#website"},"primaryImageOfPage":{"@id":"https:\/\/www.cgfmanet.org\/infosfera\/tempo-del-creato-2024-spera-e-agisci-con-il-creato\/#primaryimage"},"image":{"@id":"https:\/\/www.cgfmanet.org\/infosfera\/tempo-del-creato-2024-spera-e-agisci-con-il-creato\/#primaryimage"},"thumbnailUrl":"https:\/\/www.cgfmanet.org\/wp-content\/uploads\/2024\/08\/Tempo-Creato-2024.jpg","datePublished":"2024-08-30T10:00:50+00:00","dateModified":"2024-08-31T08:04:55+00:00","description":"De 1\u00ba de setembro a 4 de outubro de 2024, celebra-se o Tempo da Cria\u00e7\u00e3o, um tempo ecum\u00eanico anual de ora\u00e7\u00e3o e a\u00e7\u00e3o pela casa comum.","breadcrumb":{"@id":"https:\/\/www.cgfmanet.org\/infosfera\/tempo-del-creato-2024-spera-e-agisci-con-il-creato\/#breadcrumb"},"inLanguage":"pt-PT","potentialAction":[{"@type":"ReadAction","target":["https:\/\/www.cgfmanet.org\/infosfera\/tempo-del-creato-2024-spera-e-agisci-con-il-creato\/"]}]},{"@type":"ImageObject","inLanguage":"pt-PT","@id":"https:\/\/www.cgfmanet.org\/infosfera\/tempo-del-creato-2024-spera-e-agisci-con-il-creato\/#primaryimage","url":"https:\/\/www.cgfmanet.org\/wp-content\/uploads\/2024\/08\/Tempo-Creato-2024.jpg","contentUrl":"https:\/\/www.cgfmanet.org\/wp-content\/uploads\/2024\/08\/Tempo-Creato-2024.jpg","width":1200,"height":800},{"@type":"BreadcrumbList","@id":"https:\/\/www.cgfmanet.org\/infosfera\/tempo-del-creato-2024-spera-e-agisci-con-il-creato\/#breadcrumb","itemListElement":[{"@type":"ListItem","position":1,"name":"Home","item":"https:\/\/www.cgfmanet.org\/pt-pt\/"},{"@type":"ListItem","position":2,"name":"Tempo da Cria\u00e7\u00e3o 2024: Espera e age com a cria\u00e7\u00e3o"}]},{"@type":"WebSite","@id":"https:\/\/www.cgfmanet.org\/es\/#website","url":"https:\/\/www.cgfmanet.org\/es\/","name":"Istituto Figlie di Maria Ausiliatrice","description":"Salesiane di Don Bosco","publisher":{"@id":"https:\/\/www.cgfmanet.org\/es\/#organization"},"potentialAction":[{"@type":"SearchAction","target":{"@type":"EntryPoint","urlTemplate":"https:\/\/www.cgfmanet.org\/es\/?s={search_term_string}"},"query-input":{"@type":"PropertyValueSpecification","valueRequired":true,"valueName":"search_term_string"}}],"inLanguage":"pt-PT"},{"@type":"Organization","@id":"https:\/\/www.cgfmanet.org\/es\/#organization","name":"Istituto Figlie di Maria Ausiliatrice","url":"https:\/\/www.cgfmanet.org\/es\/","logo":{"@type":"ImageObject","inLanguage":"pt-PT","@id":"https:\/\/www.cgfmanet.org\/es\/#\/schema\/logo\/image\/","url":"https:\/\/www.cgfmanet.org\/wp-content\/uploads\/2018\/10\/logo-fma.png","contentUrl":"https:\/\/www.cgfmanet.org\/wp-content\/uploads\/2018\/10\/logo-fma.png","width":214,"height":55,"caption":"Istituto Figlie di Maria Ausiliatrice"},"image":{"@id":"https:\/\/www.cgfmanet.org\/es\/#\/schema\/logo\/image\/"},"sameAs":["https:\/\/www.facebook.com\/salesian.sisters.of.don.bosco\/","https:\/\/x.com\/Cgfmanet_Org","https:\/\/www.youtube.com\/channel\/UCmcr8yFQBV7JXeXVxyV9y5Q"]},{"@type":"Person","@id":"https:\/\/www.cgfmanet.org\/es\/#\/schema\/person\/ce6473083f53ef0ef882cca23f0c8fb9","name":"Redazione"}]}},"_links":{"self":[{"href":"https:\/\/www.cgfmanet.org\/pt-pt\/wp-json\/wp\/v2\/posts\/117760","targetHints":{"allow":["GET"]}}],"collection":[{"href":"https:\/\/www.cgfmanet.org\/pt-pt\/wp-json\/wp\/v2\/posts"}],"about":[{"href":"https:\/\/www.cgfmanet.org\/pt-pt\/wp-json\/wp\/v2\/types\/post"}],"author":[{"embeddable":true,"href":"https:\/\/www.cgfmanet.org\/pt-pt\/wp-json\/wp\/v2\/users\/21"}],"replies":[{"embeddable":true,"href":"https:\/\/www.cgfmanet.org\/pt-pt\/wp-json\/wp\/v2\/comments?post=117760"}],"version-history":[{"count":3,"href":"https:\/\/www.cgfmanet.org\/pt-pt\/wp-json\/wp\/v2\/posts\/117760\/revisions"}],"predecessor-version":[{"id":117784,"href":"https:\/\/www.cgfmanet.org\/pt-pt\/wp-json\/wp\/v2\/posts\/117760\/revisions\/117784"}],"wp:featuredmedia":[{"embeddable":true,"href":"https:\/\/www.cgfmanet.org\/pt-pt\/wp-json\/wp\/v2\/media\/117755"}],"wp:attachment":[{"href":"https:\/\/www.cgfmanet.org\/pt-pt\/wp-json\/wp\/v2\/media?parent=117760"}],"wp:term":[{"taxonomy":"category","embeddable":true,"href":"https:\/\/www.cgfmanet.org\/pt-pt\/wp-json\/wp\/v2\/categories?post=117760"},{"taxonomy":"post_tag","embeddable":true,"href":"https:\/\/www.cgfmanet.org\/pt-pt\/wp-json\/wp\/v2\/tags?post=117760"}],"curies":[{"name":"wp","href":"https:\/\/api.w.org\/{rel}","templated":true}]}}