{"id":117273,"date":"2024-08-24T14:34:09","date_gmt":"2024-08-24T12:34:09","guid":{"rendered":"https:\/\/www.cgfmanet.org\/infosfera-pt-pt\/sys-2024-esperienza-di-paradiso-salesiano\/"},"modified":"2024-08-24T21:58:54","modified_gmt":"2024-08-24T19:58:54","slug":"sys-2024-experiencia-de-paraiso-salesiano","status":"publish","type":"post","link":"https:\/\/www.cgfmanet.org\/pt-pt\/ifma-pt-pt\/sys-2024-experiencia-de-paraiso-salesiano\/","title":{"rendered":"SYS 2024: Experi\u00eancia de Para\u00edso Salesiano"},"content":{"rendered":"<p><strong>Turim (It\u00e1lia).<\/strong> De 11 a 16 de agosto de 2024, por ocasi\u00e3o do Bicenten\u00e1rio do sonho dos nove anos de Dom Bosco, 376 participantes, entre os quais 292 jovens delegados de todo o mundo, al\u00e9m de Filhas de Maria Auxiliadora e Salesianos de Dom Bosco, <strong>encontraram-se em Turim-Valdocco e no Colle Dom Bosco (Asti) para celebrar juntos o<\/strong> <strong><a href=\"https:\/\/www.cgfmanet.org\/pt-pt\/ifma-pt-pt\/sinodo-salesiano-dos-jovens-sys\/\" target=\"_blank\" rel=\"noopener\"><span style=\"color: #0000ff;\">S\u00ednodo Salesiano dos Jovens (SYS)<\/span><\/a>, <\/strong>experi\u00eancia de ora\u00e7\u00e3o, vida comum e reflex\u00e3o sobre a Espiritualidade Juvenil Salesiana, promovida pelo setor da Pastoral Juvenil.<\/p>\n<p>De 9 a 11 de agosto, os participantes do S\u00ednodo foram acolhidos em Valdocco, com a possibilidade de visitas guiadas aos lugares de Dom Bosco. No dia 11 de agosto, depois da <strong><span style=\"color: #0000ff;\"><a style=\"color: #0000ff;\" href=\"https:\/\/www.youtube.com\/watch?v=SH7P5KiBxYo\" target=\"_blank\" rel=\"noopener\">Cerim\u00f4nia de abertura<\/a><\/span><\/strong> e da <a href=\"https:\/\/www.youtube.com\/watch?v=PtlM-971NM8\" target=\"_blank\" rel=\"noopener\"><strong><span style=\"color: #0000ff;\">Celebra\u00e7\u00e3o Eucar\u00edstica<\/span><\/strong><\/a> presidida pelo Reitor-Mor, Cardeal \u00c1ngel Fern\u00e1ndez Artime, na Bas\u00edlica de Maria Auxiliadora, o grupo deslocou-se ao Colle Dom Bosco para a segunda parte da experi\u00eancia sinodal.<\/p>\n<p>Aqui, nos lugares que deram nascimento ao Santo dos jovens, a experi\u00eancia formativa sobre o Sonho dos Nove Anos continuou atrav\u00e9s de momentos bem preparados com o envolvimento dos jovens, junto \u00e0s FMA e SDB das diversas culturas e partes do mundo. Significativa foi tamb\u00e9m a possibilidade do sacramento da Reconcilia\u00e7\u00e3o oferecido em diversas l\u00ednguas.<\/p>\n<p>O programa dos dias &#8211; marcados pelos tempos do Ros\u00e1rio, adora\u00e7\u00e3o, Celebra\u00e7\u00e3o Eucar\u00edstica, celebra\u00e7\u00e3o da Palavra de Deus, boa noite, recrea\u00e7\u00e3o &#8211; inclu\u00eda momentos de leitura pessoal do i<em>nstrumentum laboris<\/em> e trabalho em \u201cc\u00edrculos menores\u201d, junto a partilhas na assembleia plen\u00e1ria para os jovens participantes e tamb\u00e9m para as FMA e SDB presentes ao S\u00ednodo.<\/p>\n<p>Para facilitar o desenvolvimento do trabalho dos jovens sobre o <em>instrumentum laboris<\/em>, o Secret\u00e1rio Geral, um jovem do <em>grupo central<\/em>, na primeira assembleia, em 13 de agosto, ilustrou os procedimentos a serem adotados durante as sess\u00f5es, ou seja, a discuss\u00e3o sobre as tr\u00eas partes do documento de trabalho, para depois redigir as grandes linhas do documento final no t\u00e9rmino do S\u00ednodo. Nesta circunst\u00e2ncia foi apresentado tamb\u00e9m o regulamento da assembleia plen\u00e1ria, junto \u00e0s modalidades para a vota\u00e7\u00e3o e a aprova\u00e7\u00e3o do documento final.<\/p>\n<p>Dada a internacionalidade da assembleia sinodal, os trabalhos sobre o <em>instrumentum laboris<\/em> foram conduzidos a grupos lingu\u00edsticos; no entanto, a l\u00edngua dos relatores no plen\u00e1rio foi o ingl\u00eas, motivo pelo qual todas as sess\u00f5es inclu\u00edam o servi\u00e7o de tradu\u00e7\u00f5es em 5 l\u00ednguas oficiais: franc\u00eas, espanhol, portugu\u00eas e italiano.<\/p>\n<p>A experi\u00eancia formativa foi muito apreciada pelos jovens, como expresso por um jovem da \u00cdndia: \u201cParticipar do S\u00ednodo dos Jovens Salesianos foi uma experi\u00eancia profundamente comovente. Forneceu-me uma oportunidade \u00fanica para entrar em contato com pessoas que pensam do mesmo modo, aprofundar a minha f\u00e9 e adquirir novas intui\u00e7\u00f5es sobre a miss\u00e3o salesiana. O senso de unidade e partilha de inten\u00e7\u00f5es entre os participantes foi verdadeiramente estimulante e fortaleceu o meu compromisso de servir os jovens da minha comunidade. O S\u00ednodo serviu tamb\u00e9m para recordar a import\u00e2ncia de manter um forte fundamento espiritual em todos os aspectos da vida. Os ensinamentos e reflex\u00f5es compartilhadas durante o evento deixaram um impacto duradouro, motivando-me a continuar a crescer na f\u00e9 e no servi\u00e7o.&#8221; (Dominic Basumatary-Inspetoria ING Guwahati)<\/p>\n<p><strong>No dia 13 de agosto os participantes viveram um forte momento carism\u00e1tico com a b\u00ean\u00e7\u00e3o do Prado dos Sonhos<\/strong> pelo Cardeal \u00c1ngel Fern\u00e1ndez Artime na presen\u00e7a do Prefeito de Castelnuovo Dom Bosco, Sandro Pertini:<\/p>\n<p><em>\u201cA seu tempo tudo compreender\u00e1s\u201d&#8230; Um dos momentos em que participamos como comunidade sinodal foi a inaugura\u00e7\u00e3o do Prado dos Sonhos, muito significativo pela presen\u00e7a de representantes das realidades salesianas de todo o mundo, sinal concreto de que o Carisma e o Projeto de Deus sobre Jo\u00e3ozinho Bosco indicado naquela vis\u00e3o\/interven\u00e7\u00e3o sobrenatural tornaram-se realidade para muitos jovens de diversas culturas\u201d.<\/em> (Irm\u00e3 Luigina Silvestrini-FMA da It\u00e1lia)<\/p>\n<p>A presen\u00e7a do Reitor-Mor, no final do seu mandato, foi para os jovens participantes e consagrados\/as um belo testemunho de uma vida salesiana, de \u201cDom Bosco hoje\u201d no meio deles: \u201cFoi realmente uma b\u00ean\u00e7\u00e3o participar do S\u00ednodo <em>e encontrar tantos lindos jovens, FMA e SDB vindos de todo o mundo! <strong>Foi como estar no para\u00edso salesiano por uma semana!<\/strong> Ver o Reitor-Mor no p\u00e1tio jogando todos os dias o v\u00f4lei e falando com os jovens foi muito edificante. Foi um grande lembrete que independente de quantas responsabilidades e empregos tenhamos, sempre h\u00e1 tempo para estar com os jovens. O S\u00ednodo foi uma experi\u00eancia inesquec\u00edvel que deixou meu cora\u00e7\u00e3o cheio de alegria e gratid\u00e3o por fazer parte da Congrega\u00e7\u00e3o salesiana!&#8221;<\/em> (Irm\u00e3 Sydney-Estados Unidos)<\/p>\n<p>O testemunho de outra FMA presente ao S\u00ednodo:\u00a0\u00a0 \u201c<em>Foi um momento enriquecedor e lindo trabalhar juntos pelos jovens. Escutando os seus sonhos, suas necessidades e experi\u00eancias de vida e compartilhando os nossos sonhos, aprendemos a nos conhecer. Tamb\u00e9m foi lindo trabalhar junto a SDB e FMA, mesmo que tiv\u00e9ssemos l\u00ednguas diversas. Muito bem preparados foram tamb\u00e9m os momentos de ora\u00e7\u00e3o e os discursos motivacionais sobre Dom Bosco. <strong>Estar junto aos jovens ajudou-me a ver que estamos vivos e que est\u00e1 vivo tamb\u00e9m o sonho de Dom Bosco\u00bb<\/strong><\/em>. (Irm\u00e3 Jue FMA-Camboja)<\/p>\n<p>Embora o <em>foco<\/em> do S\u00ednodo tenha sido sobre a reflex\u00e3o e di\u00e1logo com os jovens, as Filhas de Maria Auxiliadora e os Salesianos presentes ao S\u00ednodo tinham a tarefa de elaborar o Dec\u00e1logo. Este trabalho nasceu da pergunta feita \u00e0s equipes de Pastoral Juvenil das FMA e SDB em todas as Inspetorias do mundo: <strong><em>O que podemos fazer de modo eficaz e concreto para ajudar os jovens a realizar os seus sonhos na vida?<\/em><\/strong> O Dec\u00e1logo quer ser um testemunho de unidade, comunh\u00e3o e caminho compartilhado juntos no compromisso sinodal. Em seguimento, haver\u00e1 uma publica\u00e7\u00e3o oficial do Dec\u00e1logo com o documento p\u00f3s-sinodal dos jovens que ser\u00e1 traduzido para as cinco l\u00ednguas oficiais do S\u00ednodo.<\/p>\n<p>O evento sinodal culminou com a celebra\u00e7\u00e3o do \u201cAnivers\u00e1rio de Dom Bosco\u201d, com a <strong><span style=\"color: #0000ff;\"><a style=\"color: #0000ff;\" href=\"https:\/\/www.youtube.com\/watch?v=l8R_L5A77BQ\" target=\"_blank\" rel=\"noopener\">Festa<\/a> <\/span><\/strong>\u2013 pura explos\u00e3o de alegria salesiana &#8211; no dia 15 de agosto \u00e0 noite, na vig\u00edlia, e com a Eucaristia conclusiva presidida pelo Cardeal \u00c1ngel Fern\u00e1ndez Artime: \u201cEm todo <em>o mundo hoje celebra-se esta Festa a Dom Bosco, motivo para dar gra\u00e7as ao Senhor porque desde aquele 1879, onde alguns jovens diziam a Dom Bosco &#8216;sim, queremos caminhar contigo\u2019, at\u00e9 hoje \u00e9 uma realidade sustentada por Deus e o Esp\u00edrito s\u00f3 nos pede fidelidade. Fidelidade ao Senhor Jesus e fidelidade a este bel\u00edssimo Carisma&#8221;. <\/em><\/p>\n<p>Terminada a <a href=\"https:\/\/www.youtube.com\/watch?v=SrqeJJ2rM7E\" target=\"_blank\" rel=\"noopener\"><strong><span style=\"color: #0000ff;\">Celebra\u00e7\u00e3o Eucar\u00edstica<\/span><\/strong><\/a>, num momento solene e comovente, Dom \u00c1ngel assinou a sua ren\u00fancia, encerrando o servi\u00e7o como Reitor-Mor da Congrega\u00e7\u00e3o e da Fam\u00edlia Salesiana.<\/p>\n<p><strong>Foto: <span style=\"color: #0000ff;\"><a style=\"color: #0000ff;\" href=\"https:\/\/www.flickr.com\/photos\/137890103@N08\/albums\/72177720319672319\/\" target=\"_blank\" rel=\"noopener\">Flickr FMA<\/a><\/span><\/strong><\/p>\n<p><strong><span style=\"color: #0000ff;\"><a style=\"color: #0000ff;\" href=\"https:\/\/sites.google.com\/sdb.org\/sys2024ita\/documenti?authuser=0\" target=\"_blank\" rel=\"noopener\">Material<\/a><\/span><\/strong><\/p>\n","protected":false},"excerpt":{"rendered":"<p>Turim (It\u00e1lia). De 11 a 16 de agosto de 2024, por ocasi\u00e3o do Bicenten\u00e1rio do sonho dos nove anos de Dom Bosco, 376 participantes, entre os quais 292 jovens delegados [&hellip;]<\/p>\n","protected":false},"author":21,"featured_media":117268,"comment_status":"open","ping_status":"closed","sticky":false,"template":"","format":"standard","meta":{"footnotes":""},"categories":[166,159],"tags":[338,1286,1537,1665,1801,1930],"class_list":["post-117273","post","type-post","status-publish","format-standard","has-post-thumbnail","category-carisma-salesiano-pt","category-ifma-pt-pt","tag-jovens","tag-movimento-juvenil-salesiano","tag-pastoral-juvenil-pt-pt","tag-spiritualita-salesiana-pt-pt","tag-reitor-mor","tag-focus-pt-pt"],"yoast_head":"<!-- This site is optimized with the Yoast SEO plugin v27.4 - https:\/\/yoast.com\/product\/yoast-seo-wordpress\/ -->\n<title>SYS 2024: Experi\u00eancia de Para\u00edso Salesiano &#8226; Istituto Figlie di Maria Ausiliatrice<\/title>\n<meta name=\"description\" content=\"De 11 a 16 de agosto de 2024, no Bicenten\u00e1rio do Sonho dos 9 anos de Dom Bosco, 376 participantes entre jovens, FMA e SDB, reuniram-se no Colle Dom Bosco para celebrar o S\u00ednodo Salesiano dos Jovens (SYS).\" \/>\n<meta name=\"robots\" content=\"index, follow, max-snippet:-1, max-image-preview:large, max-video-preview:-1\" \/>\n<link rel=\"canonical\" href=\"https:\/\/www.cgfmanet.org\/pt-pt\/ifma-pt-pt\/sys-2024-experiencia-de-paraiso-salesiano\/\" \/>\n<meta property=\"og:locale\" content=\"pt_PT\" \/>\n<meta property=\"og:type\" content=\"article\" \/>\n<meta property=\"og:title\" content=\"SYS 2024: Experi\u00eancia de Para\u00edso Salesiano &#8226; Istituto Figlie di Maria Ausiliatrice\" \/>\n<meta property=\"og:description\" content=\"De 11 a 16 de agosto de 2024, no Bicenten\u00e1rio do Sonho dos 9 anos de Dom Bosco, 376 participantes entre jovens, FMA e SDB, reuniram-se no Colle Dom Bosco para celebrar o S\u00ednodo Salesiano dos Jovens (SYS).\" \/>\n<meta property=\"og:url\" content=\"https:\/\/www.cgfmanet.org\/pt-pt\/ifma-pt-pt\/sys-2024-experiencia-de-paraiso-salesiano\/\" \/>\n<meta property=\"og:site_name\" content=\"Istituto Figlie di Maria Ausiliatrice\" \/>\n<meta property=\"article:publisher\" content=\"https:\/\/www.facebook.com\/salesian.sisters.of.don.bosco\/\" \/>\n<meta property=\"article:published_time\" content=\"2024-08-24T12:34:09+00:00\" \/>\n<meta property=\"article:modified_time\" content=\"2024-08-24T19:58:54+00:00\" \/>\n<meta property=\"og:image\" content=\"https:\/\/www.cgfmanet.org\/wp-content\/uploads\/2024\/08\/Sinodo-Salesiano-Giovani_Colle.jpg\" \/>\n\t<meta property=\"og:image:width\" content=\"1181\" \/>\n\t<meta property=\"og:image:height\" content=\"787\" \/>\n\t<meta property=\"og:image:type\" content=\"image\/jpeg\" \/>\n<meta name=\"author\" content=\"Redazione\" \/>\n<meta name=\"twitter:card\" content=\"summary_large_image\" \/>\n<meta name=\"twitter:creator\" content=\"@Cgfmanet_Org\" \/>\n<meta name=\"twitter:site\" content=\"@Cgfmanet_Org\" \/>\n<meta name=\"twitter:label1\" content=\"Escrito por\" \/>\n\t<meta name=\"twitter:data1\" content=\"Redazione\" \/>\n\t<meta name=\"twitter:label2\" content=\"Tempo estimado de leitura\" \/>\n\t<meta name=\"twitter:data2\" content=\"6 minutos\" \/>\n<script type=\"application\/ld+json\" class=\"yoast-schema-graph\">{\"@context\":\"https:\\\/\\\/schema.org\",\"@graph\":[{\"@type\":\"Article\",\"@id\":\"https:\\\/\\\/www.cgfmanet.org\\\/pt-pt\\\/ifma-pt-pt\\\/sys-2024-experiencia-de-paraiso-salesiano\\\/#article\",\"isPartOf\":{\"@id\":\"https:\\\/\\\/www.cgfmanet.org\\\/pt-pt\\\/ifma-pt-pt\\\/sys-2024-experiencia-de-paraiso-salesiano\\\/\"},\"author\":{\"name\":\"Redazione\",\"@id\":\"https:\\\/\\\/www.cgfmanet.org\\\/es\\\/#\\\/schema\\\/person\\\/ce6473083f53ef0ef882cca23f0c8fb9\"},\"headline\":\"SYS 2024: Experi\u00eancia de Para\u00edso Salesiano\",\"datePublished\":\"2024-08-24T12:34:09+00:00\",\"dateModified\":\"2024-08-24T19:58:54+00:00\",\"mainEntityOfPage\":{\"@id\":\"https:\\\/\\\/www.cgfmanet.org\\\/pt-pt\\\/ifma-pt-pt\\\/sys-2024-experiencia-de-paraiso-salesiano\\\/\"},\"wordCount\":1182,\"commentCount\":0,\"publisher\":{\"@id\":\"https:\\\/\\\/www.cgfmanet.org\\\/es\\\/#organization\"},\"image\":{\"@id\":\"https:\\\/\\\/www.cgfmanet.org\\\/pt-pt\\\/ifma-pt-pt\\\/sys-2024-experiencia-de-paraiso-salesiano\\\/#primaryimage\"},\"thumbnailUrl\":\"https:\\\/\\\/www.cgfmanet.org\\\/wp-content\\\/uploads\\\/2024\\\/08\\\/Sinodo-Salesiano-Giovani_Colle.jpg\",\"keywords\":[\"Jovens\",\"Movimento Juvenil Salesiano\",\"Pastoral Juvenil\",\"Spiritualit\u00e0 Salesiana\",\"Reitor Mor\",\"Focus\"],\"articleSection\":[\"Carisma Salesiano\",\"IFMA\"],\"inLanguage\":\"pt-PT\",\"potentialAction\":[{\"@type\":\"CommentAction\",\"name\":\"Comment\",\"target\":[\"https:\\\/\\\/www.cgfmanet.org\\\/pt-pt\\\/ifma-pt-pt\\\/sys-2024-experiencia-de-paraiso-salesiano\\\/#respond\"]}]},{\"@type\":\"WebPage\",\"@id\":\"https:\\\/\\\/www.cgfmanet.org\\\/pt-pt\\\/ifma-pt-pt\\\/sys-2024-experiencia-de-paraiso-salesiano\\\/\",\"url\":\"https:\\\/\\\/www.cgfmanet.org\\\/pt-pt\\\/ifma-pt-pt\\\/sys-2024-experiencia-de-paraiso-salesiano\\\/\",\"name\":\"SYS 2024: Experi\u00eancia de Para\u00edso Salesiano &#8226; Istituto Figlie di Maria Ausiliatrice\",\"isPartOf\":{\"@id\":\"https:\\\/\\\/www.cgfmanet.org\\\/es\\\/#website\"},\"primaryImageOfPage\":{\"@id\":\"https:\\\/\\\/www.cgfmanet.org\\\/pt-pt\\\/ifma-pt-pt\\\/sys-2024-experiencia-de-paraiso-salesiano\\\/#primaryimage\"},\"image\":{\"@id\":\"https:\\\/\\\/www.cgfmanet.org\\\/pt-pt\\\/ifma-pt-pt\\\/sys-2024-experiencia-de-paraiso-salesiano\\\/#primaryimage\"},\"thumbnailUrl\":\"https:\\\/\\\/www.cgfmanet.org\\\/wp-content\\\/uploads\\\/2024\\\/08\\\/Sinodo-Salesiano-Giovani_Colle.jpg\",\"datePublished\":\"2024-08-24T12:34:09+00:00\",\"dateModified\":\"2024-08-24T19:58:54+00:00\",\"description\":\"De 11 a 16 de agosto de 2024, no Bicenten\u00e1rio do Sonho dos 9 anos de Dom Bosco, 376 participantes entre jovens, FMA e SDB, reuniram-se no Colle Dom Bosco para celebrar o S\u00ednodo Salesiano dos Jovens (SYS).\",\"breadcrumb\":{\"@id\":\"https:\\\/\\\/www.cgfmanet.org\\\/pt-pt\\\/ifma-pt-pt\\\/sys-2024-experiencia-de-paraiso-salesiano\\\/#breadcrumb\"},\"inLanguage\":\"pt-PT\",\"potentialAction\":[{\"@type\":\"ReadAction\",\"target\":[\"https:\\\/\\\/www.cgfmanet.org\\\/pt-pt\\\/ifma-pt-pt\\\/sys-2024-experiencia-de-paraiso-salesiano\\\/\"]}]},{\"@type\":\"ImageObject\",\"inLanguage\":\"pt-PT\",\"@id\":\"https:\\\/\\\/www.cgfmanet.org\\\/pt-pt\\\/ifma-pt-pt\\\/sys-2024-experiencia-de-paraiso-salesiano\\\/#primaryimage\",\"url\":\"https:\\\/\\\/www.cgfmanet.org\\\/wp-content\\\/uploads\\\/2024\\\/08\\\/Sinodo-Salesiano-Giovani_Colle.jpg\",\"contentUrl\":\"https:\\\/\\\/www.cgfmanet.org\\\/wp-content\\\/uploads\\\/2024\\\/08\\\/Sinodo-Salesiano-Giovani_Colle.jpg\",\"width\":1181,\"height\":787},{\"@type\":\"BreadcrumbList\",\"@id\":\"https:\\\/\\\/www.cgfmanet.org\\\/pt-pt\\\/ifma-pt-pt\\\/sys-2024-experiencia-de-paraiso-salesiano\\\/#breadcrumb\",\"itemListElement\":[{\"@type\":\"ListItem\",\"position\":1,\"name\":\"Home\",\"item\":\"https:\\\/\\\/www.cgfmanet.org\\\/pt-pt\\\/\"},{\"@type\":\"ListItem\",\"position\":2,\"name\":\"SYS 2024: Experi\u00eancia de Para\u00edso Salesiano\"}]},{\"@type\":\"WebSite\",\"@id\":\"https:\\\/\\\/www.cgfmanet.org\\\/es\\\/#website\",\"url\":\"https:\\\/\\\/www.cgfmanet.org\\\/es\\\/\",\"name\":\"Istituto Figlie di Maria Ausiliatrice\",\"description\":\"Salesiane di Don Bosco\",\"publisher\":{\"@id\":\"https:\\\/\\\/www.cgfmanet.org\\\/es\\\/#organization\"},\"potentialAction\":[{\"@type\":\"SearchAction\",\"target\":{\"@type\":\"EntryPoint\",\"urlTemplate\":\"https:\\\/\\\/www.cgfmanet.org\\\/es\\\/?s={search_term_string}\"},\"query-input\":{\"@type\":\"PropertyValueSpecification\",\"valueRequired\":true,\"valueName\":\"search_term_string\"}}],\"inLanguage\":\"pt-PT\"},{\"@type\":\"Organization\",\"@id\":\"https:\\\/\\\/www.cgfmanet.org\\\/es\\\/#organization\",\"name\":\"Istituto Figlie di Maria Ausiliatrice\",\"url\":\"https:\\\/\\\/www.cgfmanet.org\\\/es\\\/\",\"logo\":{\"@type\":\"ImageObject\",\"inLanguage\":\"pt-PT\",\"@id\":\"https:\\\/\\\/www.cgfmanet.org\\\/es\\\/#\\\/schema\\\/logo\\\/image\\\/\",\"url\":\"https:\\\/\\\/www.cgfmanet.org\\\/wp-content\\\/uploads\\\/2018\\\/10\\\/logo-fma.png\",\"contentUrl\":\"https:\\\/\\\/www.cgfmanet.org\\\/wp-content\\\/uploads\\\/2018\\\/10\\\/logo-fma.png\",\"width\":214,\"height\":55,\"caption\":\"Istituto Figlie di Maria Ausiliatrice\"},\"image\":{\"@id\":\"https:\\\/\\\/www.cgfmanet.org\\\/es\\\/#\\\/schema\\\/logo\\\/image\\\/\"},\"sameAs\":[\"https:\\\/\\\/www.facebook.com\\\/salesian.sisters.of.don.bosco\\\/\",\"https:\\\/\\\/x.com\\\/Cgfmanet_Org\",\"https:\\\/\\\/www.youtube.com\\\/channel\\\/UCmcr8yFQBV7JXeXVxyV9y5Q\"]},{\"@type\":\"Person\",\"@id\":\"https:\\\/\\\/www.cgfmanet.org\\\/es\\\/#\\\/schema\\\/person\\\/ce6473083f53ef0ef882cca23f0c8fb9\",\"name\":\"Redazione\"}]}<\/script>\n<!-- \/ Yoast SEO plugin. -->","yoast_head_json":{"title":"SYS 2024: Experi\u00eancia de Para\u00edso Salesiano &#8226; Istituto Figlie di Maria Ausiliatrice","description":"De 11 a 16 de agosto de 2024, no Bicenten\u00e1rio do Sonho dos 9 anos de Dom Bosco, 376 participantes entre jovens, FMA e SDB, reuniram-se no Colle Dom Bosco para celebrar o S\u00ednodo Salesiano dos Jovens (SYS).","robots":{"index":"index","follow":"follow","max-snippet":"max-snippet:-1","max-image-preview":"max-image-preview:large","max-video-preview":"max-video-preview:-1"},"canonical":"https:\/\/www.cgfmanet.org\/pt-pt\/ifma-pt-pt\/sys-2024-experiencia-de-paraiso-salesiano\/","og_locale":"pt_PT","og_type":"article","og_title":"SYS 2024: Experi\u00eancia de Para\u00edso Salesiano &#8226; Istituto Figlie di Maria Ausiliatrice","og_description":"De 11 a 16 de agosto de 2024, no Bicenten\u00e1rio do Sonho dos 9 anos de Dom Bosco, 376 participantes entre jovens, FMA e SDB, reuniram-se no Colle Dom Bosco para celebrar o S\u00ednodo Salesiano dos Jovens (SYS).","og_url":"https:\/\/www.cgfmanet.org\/pt-pt\/ifma-pt-pt\/sys-2024-experiencia-de-paraiso-salesiano\/","og_site_name":"Istituto Figlie di Maria Ausiliatrice","article_publisher":"https:\/\/www.facebook.com\/salesian.sisters.of.don.bosco\/","article_published_time":"2024-08-24T12:34:09+00:00","article_modified_time":"2024-08-24T19:58:54+00:00","og_image":[{"width":1181,"height":787,"url":"https:\/\/www.cgfmanet.org\/wp-content\/uploads\/2024\/08\/Sinodo-Salesiano-Giovani_Colle.jpg","type":"image\/jpeg"}],"author":"Redazione","twitter_card":"summary_large_image","twitter_creator":"@Cgfmanet_Org","twitter_site":"@Cgfmanet_Org","twitter_misc":{"Escrito por":"Redazione","Tempo estimado de leitura":"6 minutos"},"schema":{"@context":"https:\/\/schema.org","@graph":[{"@type":"Article","@id":"https:\/\/www.cgfmanet.org\/pt-pt\/ifma-pt-pt\/sys-2024-experiencia-de-paraiso-salesiano\/#article","isPartOf":{"@id":"https:\/\/www.cgfmanet.org\/pt-pt\/ifma-pt-pt\/sys-2024-experiencia-de-paraiso-salesiano\/"},"author":{"name":"Redazione","@id":"https:\/\/www.cgfmanet.org\/es\/#\/schema\/person\/ce6473083f53ef0ef882cca23f0c8fb9"},"headline":"SYS 2024: Experi\u00eancia de Para\u00edso Salesiano","datePublished":"2024-08-24T12:34:09+00:00","dateModified":"2024-08-24T19:58:54+00:00","mainEntityOfPage":{"@id":"https:\/\/www.cgfmanet.org\/pt-pt\/ifma-pt-pt\/sys-2024-experiencia-de-paraiso-salesiano\/"},"wordCount":1182,"commentCount":0,"publisher":{"@id":"https:\/\/www.cgfmanet.org\/es\/#organization"},"image":{"@id":"https:\/\/www.cgfmanet.org\/pt-pt\/ifma-pt-pt\/sys-2024-experiencia-de-paraiso-salesiano\/#primaryimage"},"thumbnailUrl":"https:\/\/www.cgfmanet.org\/wp-content\/uploads\/2024\/08\/Sinodo-Salesiano-Giovani_Colle.jpg","keywords":["Jovens","Movimento Juvenil Salesiano","Pastoral Juvenil","Spiritualit\u00e0 Salesiana","Reitor Mor","Focus"],"articleSection":["Carisma Salesiano","IFMA"],"inLanguage":"pt-PT","potentialAction":[{"@type":"CommentAction","name":"Comment","target":["https:\/\/www.cgfmanet.org\/pt-pt\/ifma-pt-pt\/sys-2024-experiencia-de-paraiso-salesiano\/#respond"]}]},{"@type":"WebPage","@id":"https:\/\/www.cgfmanet.org\/pt-pt\/ifma-pt-pt\/sys-2024-experiencia-de-paraiso-salesiano\/","url":"https:\/\/www.cgfmanet.org\/pt-pt\/ifma-pt-pt\/sys-2024-experiencia-de-paraiso-salesiano\/","name":"SYS 2024: Experi\u00eancia de Para\u00edso Salesiano &#8226; Istituto Figlie di Maria Ausiliatrice","isPartOf":{"@id":"https:\/\/www.cgfmanet.org\/es\/#website"},"primaryImageOfPage":{"@id":"https:\/\/www.cgfmanet.org\/pt-pt\/ifma-pt-pt\/sys-2024-experiencia-de-paraiso-salesiano\/#primaryimage"},"image":{"@id":"https:\/\/www.cgfmanet.org\/pt-pt\/ifma-pt-pt\/sys-2024-experiencia-de-paraiso-salesiano\/#primaryimage"},"thumbnailUrl":"https:\/\/www.cgfmanet.org\/wp-content\/uploads\/2024\/08\/Sinodo-Salesiano-Giovani_Colle.jpg","datePublished":"2024-08-24T12:34:09+00:00","dateModified":"2024-08-24T19:58:54+00:00","description":"De 11 a 16 de agosto de 2024, no Bicenten\u00e1rio do Sonho dos 9 anos de Dom Bosco, 376 participantes entre jovens, FMA e SDB, reuniram-se no Colle Dom Bosco para celebrar o S\u00ednodo Salesiano dos Jovens (SYS).","breadcrumb":{"@id":"https:\/\/www.cgfmanet.org\/pt-pt\/ifma-pt-pt\/sys-2024-experiencia-de-paraiso-salesiano\/#breadcrumb"},"inLanguage":"pt-PT","potentialAction":[{"@type":"ReadAction","target":["https:\/\/www.cgfmanet.org\/pt-pt\/ifma-pt-pt\/sys-2024-experiencia-de-paraiso-salesiano\/"]}]},{"@type":"ImageObject","inLanguage":"pt-PT","@id":"https:\/\/www.cgfmanet.org\/pt-pt\/ifma-pt-pt\/sys-2024-experiencia-de-paraiso-salesiano\/#primaryimage","url":"https:\/\/www.cgfmanet.org\/wp-content\/uploads\/2024\/08\/Sinodo-Salesiano-Giovani_Colle.jpg","contentUrl":"https:\/\/www.cgfmanet.org\/wp-content\/uploads\/2024\/08\/Sinodo-Salesiano-Giovani_Colle.jpg","width":1181,"height":787},{"@type":"BreadcrumbList","@id":"https:\/\/www.cgfmanet.org\/pt-pt\/ifma-pt-pt\/sys-2024-experiencia-de-paraiso-salesiano\/#breadcrumb","itemListElement":[{"@type":"ListItem","position":1,"name":"Home","item":"https:\/\/www.cgfmanet.org\/pt-pt\/"},{"@type":"ListItem","position":2,"name":"SYS 2024: Experi\u00eancia de Para\u00edso Salesiano"}]},{"@type":"WebSite","@id":"https:\/\/www.cgfmanet.org\/es\/#website","url":"https:\/\/www.cgfmanet.org\/es\/","name":"Istituto Figlie di Maria Ausiliatrice","description":"Salesiane di Don Bosco","publisher":{"@id":"https:\/\/www.cgfmanet.org\/es\/#organization"},"potentialAction":[{"@type":"SearchAction","target":{"@type":"EntryPoint","urlTemplate":"https:\/\/www.cgfmanet.org\/es\/?s={search_term_string}"},"query-input":{"@type":"PropertyValueSpecification","valueRequired":true,"valueName":"search_term_string"}}],"inLanguage":"pt-PT"},{"@type":"Organization","@id":"https:\/\/www.cgfmanet.org\/es\/#organization","name":"Istituto Figlie di Maria Ausiliatrice","url":"https:\/\/www.cgfmanet.org\/es\/","logo":{"@type":"ImageObject","inLanguage":"pt-PT","@id":"https:\/\/www.cgfmanet.org\/es\/#\/schema\/logo\/image\/","url":"https:\/\/www.cgfmanet.org\/wp-content\/uploads\/2018\/10\/logo-fma.png","contentUrl":"https:\/\/www.cgfmanet.org\/wp-content\/uploads\/2018\/10\/logo-fma.png","width":214,"height":55,"caption":"Istituto Figlie di Maria Ausiliatrice"},"image":{"@id":"https:\/\/www.cgfmanet.org\/es\/#\/schema\/logo\/image\/"},"sameAs":["https:\/\/www.facebook.com\/salesian.sisters.of.don.bosco\/","https:\/\/x.com\/Cgfmanet_Org","https:\/\/www.youtube.com\/channel\/UCmcr8yFQBV7JXeXVxyV9y5Q"]},{"@type":"Person","@id":"https:\/\/www.cgfmanet.org\/es\/#\/schema\/person\/ce6473083f53ef0ef882cca23f0c8fb9","name":"Redazione"}]}},"_links":{"self":[{"href":"https:\/\/www.cgfmanet.org\/pt-pt\/wp-json\/wp\/v2\/posts\/117273","targetHints":{"allow":["GET"]}}],"collection":[{"href":"https:\/\/www.cgfmanet.org\/pt-pt\/wp-json\/wp\/v2\/posts"}],"about":[{"href":"https:\/\/www.cgfmanet.org\/pt-pt\/wp-json\/wp\/v2\/types\/post"}],"author":[{"embeddable":true,"href":"https:\/\/www.cgfmanet.org\/pt-pt\/wp-json\/wp\/v2\/users\/21"}],"replies":[{"embeddable":true,"href":"https:\/\/www.cgfmanet.org\/pt-pt\/wp-json\/wp\/v2\/comments?post=117273"}],"version-history":[{"count":2,"href":"https:\/\/www.cgfmanet.org\/pt-pt\/wp-json\/wp\/v2\/posts\/117273\/revisions"}],"predecessor-version":[{"id":117278,"href":"https:\/\/www.cgfmanet.org\/pt-pt\/wp-json\/wp\/v2\/posts\/117273\/revisions\/117278"}],"wp:featuredmedia":[{"embeddable":true,"href":"https:\/\/www.cgfmanet.org\/pt-pt\/wp-json\/wp\/v2\/media\/117268"}],"wp:attachment":[{"href":"https:\/\/www.cgfmanet.org\/pt-pt\/wp-json\/wp\/v2\/media?parent=117273"}],"wp:term":[{"taxonomy":"category","embeddable":true,"href":"https:\/\/www.cgfmanet.org\/pt-pt\/wp-json\/wp\/v2\/categories?post=117273"},{"taxonomy":"post_tag","embeddable":true,"href":"https:\/\/www.cgfmanet.org\/pt-pt\/wp-json\/wp\/v2\/tags?post=117273"}],"curies":[{"name":"wp","href":"https:\/\/api.w.org\/{rel}","templated":true}]}}