{"id":117168,"date":"2024-08-20T10:18:59","date_gmt":"2024-08-20T08:18:59","guid":{"rendered":"https:\/\/www.cgfmanet.org\/infosfera-pt-pt\/juniorato-intensivo-ad-avila\/"},"modified":"2024-08-24T22:07:56","modified_gmt":"2024-08-24T20:07:56","slug":"juniorato-intensivo-em-avila","status":"publish","type":"post","link":"https:\/\/www.cgfmanet.org\/pt-pt\/ifma-pt-pt\/juniorato-intensivo-em-avila\/","title":{"rendered":"Juniorato intensivo em \u00c1vila"},"content":{"rendered":"<p><strong>\u00c1vila (Espanha).<\/strong> De 8 a 18 de agosto de 2024, 37 Filhas de Maria Auxiliadora junioras, pertencentes \u00e0s Inspetorias da It\u00e1lia, Europa e Visitadoria <em>Maria M\u00e3e da Igreja<\/em> (RMC), vindas de dez pa\u00edses, viveram a experi\u00eancia formativa do Juniorato intensivo em \u00c1vila, Espanha, a \u201cterra santa\u201d onde nasceu a Santa Teresa, Doutora da Igreja e padroeira do Instituto.<\/p>\n<p>Inserida num projeto formativo quadrienal, a experi\u00eancia foi organizada pela Uni\u00e3o das Inspetorias Italianas (UNISIT). Eis o testemunho:<\/p>\n<p><em>\u201cNeste mosteiro tenho uma grande amiga\u201d<\/em>, assim escreve Teresa de Jesus, e esta mesma escrita a encontramos numa parede do antigo mosteiro da Encarna\u00e7\u00e3o. Precisamente assim, como uma grande amiga, aprendemos a conhecer sempre mais Santa Teresa: n\u00e3o s\u00f3 uma grande m\u00edstica, fundadora, mas tamb\u00e9m escritora e doutora da Igreja.<\/p>\n<p>Antes de tudo uma mulher apaixonada por Deus, uma pessoa soci\u00e1vel e solar, uma Teresa com uma rica humanidade, habitada tamb\u00e9m pela doen\u00e7a e dificuldades. Com esta amiga fomos encaminhadas por dias ricos de Palavra e de fraternidade, simplicidade e alegria. O nosso caminho foi marcado por momentos formativos e visitas aos lugares, intercalados por necess\u00e1rios momentos de sil\u00eancio e partilha, para interiorizar o que nos era oferecido e poder trocar com as outras os frutos da ora\u00e7\u00e3o e da reflex\u00e3o.<\/p>\n<p>A lectio Divine foi conduzida por Irm\u00e3 Maria Dolores Ruiz P\u00e9rez, FMA espanhola residente em Jerusal\u00e9m, que nos prop\u00f4s seis passagens relativas aos temas escolhidos para esta forma\u00e7\u00e3o: ler a vida, alegria, fraternidade, ora\u00e7\u00e3o, paix\u00e3o apost\u00f3lica, unidade de vida.<\/p>\n<p>A visita aos lugares levou-nos a refazer os mesmos caminhos que h\u00e1 tanto tempo percorreu tamb\u00e9m, ora indo ao mosteiro da Encarna\u00e7\u00e3o para iniciar a sua experi\u00eancia de vida religiosa, ora saindo para fundar os mosteiros segundo a reforma, ora para retornar como Priora na pr\u00f3pria Encarna\u00e7\u00e3o. Seguimos os seus passos, nos seus lugares, para buscar compreend\u00ea-la um pouco melhor, para nos colocarmos na sua escola, para pedir a sua intercess\u00e3o.<\/p>\n<p>Al\u00e9m da Palavra, guiou-nos o confronto com as Constitui\u00e7\u00f5es, a nossa via para a santidade: com Irm\u00e3 Teresa Espinosa, da Inspetoria <em>Maria Auxiliadora<\/em> (SPA), aprofundamos o aspecto da fraternidade e nos perguntamos como ser parte ativa na constru\u00e7\u00e3o de comunidades fraternas.<\/p>\n<p>Tamb\u00e9m tivemos a ocasi\u00e3o de encontrar Irm\u00e3 Marta Riccioli, Conselheira Visitadora geral do Instituto, que apresentou o tema da identidade da Filha de Maria Auxiliadora e compartilhou conosco, na simplicidade, a fraternidade e a vida cotidiana destes dias.<\/p>\n<p>Com ela visitamos uma outra grande figura, pertencente ao nosso Instituto: no dia 14 de agosto fomos a Cantalpino, para visitar os lugares da Beata Eus\u00e9bia Palomino.<\/p>\n<p>Al\u00e9m dos conte\u00fados e dos locais, o tra\u00e7o distintivo destes dias foi certamente a fraternidade: uma fraternidade simples e sincera, que nos permitiu viver este tempo na alegria e na partilha.<\/p>\n\r\n                <style type=\"text\/css\">\r\n                    \r\n                    #tdi_1  .td-doubleSlider-2 .td-item1 {\r\n                        background: url(https:\/\/www.cgfmanet.org\/wp-content\/uploads\/2024\/08\/Juniorato-Avila_2-80x60.jpg) 0 0 no-repeat;\r\n                    }\r\n                    #tdi_1  .td-doubleSlider-2 .td-item2 {\r\n                        background: url(https:\/\/www.cgfmanet.org\/wp-content\/uploads\/2024\/08\/Juniorato-Avila_3-80x60.jpg) 0 0 no-repeat;\r\n                    }\r\n                <\/style>\r\n\r\n                <div id=\"tdi_1\" class=\"td-gallery td-slide-on-2-columns\">\r\n                    <div class=\"post_td_gallery\">\r\n                        <div class=\"td-gallery-slide-top\">\r\n                           <div class=\"td-gallery-title\"><\/div>\r\n\r\n                            <div class=\"td-gallery-controls-wrapper\">\r\n                                <div class=\"td-gallery-slide-count\"><span class=\"td-gallery-slide-item-focus\">1<\/span> do 2<\/div>\r\n                                <div class=\"td-gallery-slide-prev-next-but\">\r\n                                    <i class = \"td-icon-left doubleSliderPrevButton\"><\/i>\r\n                                    <i class = \"td-icon-right doubleSliderNextButton\"><\/i>\r\n                                <\/div>\r\n                            <\/div>\r\n                        <\/div>\r\n\r\n                        <div class = \"td-doubleSlider-1 \">\r\n                            <div class = \"td-slider\">\r\n                                \r\n                    <div class = \"td-slide-item td-item1\">\r\n                        <figure class=\"td-slide-galery-figure td-slide-popup-gallery\">\r\n                            <a class=\"slide-gallery-image-link\" href=\"https:\/\/www.cgfmanet.org\/wp-content\/uploads\/2024\/08\/Juniorato-Avila_2.jpg\" title=\"Juniorato Avila_2\"  data-caption=\"\"  data-description=\"\">\r\n                                <img decoding=\"async\" data-src=\"https:\/\/www.cgfmanet.org\/wp-content\/uploads\/2024\/08\/Juniorato-Avila_2-630x420.jpg\" data-srcset=\"https:\/\/www.cgfmanet.org\/wp-content\/uploads\/2024\/08\/Juniorato-Avila_2-630x420.jpg 630w, https:\/\/www.cgfmanet.org\/wp-content\/uploads\/2024\/08\/Juniorato-Avila_2-768x512.jpg 768w, https:\/\/www.cgfmanet.org\/wp-content\/uploads\/2024\/08\/Juniorato-Avila_2-696x464.jpg 696w, https:\/\/www.cgfmanet.org\/wp-content\/uploads\/2024\/08\/Juniorato-Avila_2.jpg 1181w\" data-sizes=\"auto\" alt=\"\" src=\"data:image\/svg+xml;base64,PHN2ZyB3aWR0aD0iMSIgaGVpZ2h0PSIxIiB4bWxucz0iaHR0cDovL3d3dy53My5vcmcvMjAwMC9zdmciPjwvc3ZnPg==\" class=\"lazyload\" style=\"--smush-placeholder-width: 630px; --smush-placeholder-aspect-ratio: 630\/420;\" data-original-sizes=\"(max-width: 630px) 100vw, 630px\">\r\n                            <\/a>\r\n                            \r\n                        <\/figure>\r\n                    <\/div>\r\n                    <div class = \"td-slide-item td-item2\">\r\n                        <figure class=\"td-slide-galery-figure td-slide-popup-gallery\">\r\n                            <a class=\"slide-gallery-image-link\" href=\"https:\/\/www.cgfmanet.org\/wp-content\/uploads\/2024\/08\/Juniorato-Avila_3.jpg\" title=\"Juniorato Avila_3\"  data-caption=\"\"  data-description=\"\">\r\n                                <img decoding=\"async\" data-src=\"https:\/\/www.cgfmanet.org\/wp-content\/uploads\/2024\/08\/Juniorato-Avila_3-495x420.jpg\" data-srcset=\"https:\/\/www.cgfmanet.org\/wp-content\/uploads\/2024\/08\/Juniorato-Avila_3-495x420.jpg 495w, https:\/\/www.cgfmanet.org\/wp-content\/uploads\/2024\/08\/Juniorato-Avila_3-768x652.jpg 768w, https:\/\/www.cgfmanet.org\/wp-content\/uploads\/2024\/08\/Juniorato-Avila_3-696x591.jpg 696w, https:\/\/www.cgfmanet.org\/wp-content\/uploads\/2024\/08\/Juniorato-Avila_3.jpg 1181w\" data-sizes=\"auto\" alt=\"\" src=\"data:image\/svg+xml;base64,PHN2ZyB3aWR0aD0iMSIgaGVpZ2h0PSIxIiB4bWxucz0iaHR0cDovL3d3dy53My5vcmcvMjAwMC9zdmciPjwvc3ZnPg==\" class=\"lazyload\" style=\"--smush-placeholder-width: 495px; --smush-placeholder-aspect-ratio: 495\/420;\" data-original-sizes=\"(max-width: 495px) 100vw, 495px\">\r\n                            <\/a>\r\n                            \r\n                        <\/figure>\r\n                    <\/div>\r\n                            <\/div>\r\n                        <\/div>\r\n\r\n                        <div class = \"td-doubleSlider-2\">\r\n                            <div class = \"td-slider\">\r\n                                \r\n                    <div class = \"td-button td-item1\">\r\n                        <div class = \"td-border\"><\/div>\r\n                    <\/div>\r\n                    <div class = \"td-button td-item2\">\r\n                        <div class = \"td-border\"><\/div>\r\n                    <\/div>\r\n                            <\/div>\r\n                        <\/div>\r\n\r\n                    <\/div>\r\n\r\n                <\/div>\r\n                \n","protected":false},"excerpt":{"rendered":"<p>\u00c1vila (Espanha). De 8 a 18 de agosto de 2024, 37 Filhas de Maria Auxiliadora junioras, pertencentes \u00e0s Inspetorias da It\u00e1lia, Europa e Visitadoria Maria M\u00e3e da Igreja (RMC), vindas [&hellip;]<\/p>\n","protected":false},"author":21,"featured_media":117158,"comment_status":"open","ping_status":"closed","sticky":false,"template":"","format":"standard","meta":{"footnotes":""},"categories":[159,174],"tags":[1248,1390,1665,1930,2250,2433],"class_list":["post-117168","post","type-post","status-publish","format-standard","has-post-thumbnail","category-ifma-pt-pt","category-cultura-vocacional","tag-juniorato-pt-pt","tag-rmc-pt-pt","tag-spiritualita-salesiana-pt-pt","tag-focus-pt-pt","tag-juniores-pt-pt","tag-unisit-pt-pt"],"yoast_head":"<!-- This site is optimized with the Yoast SEO plugin v27.4 - https:\/\/yoast.com\/product\/yoast-seo-wordpress\/ -->\n<title>Juniorato intensivo em \u00c1vila &#8226; Istituto Figlie di Maria Ausiliatrice<\/title>\n<meta name=\"description\" content=\"De 8 a 18 de agosto de 2024, 37 FMA junioras, provenientes de dez Pa\u00edses, viveram a experi\u00eancia formativa do Juniorato intensivo em \u00c1vila, Espanha.\" \/>\n<meta name=\"robots\" content=\"index, follow, max-snippet:-1, max-image-preview:large, max-video-preview:-1\" \/>\n<link rel=\"canonical\" href=\"https:\/\/www.cgfmanet.org\/pt-pt\/ifma-pt-pt\/juniorato-intensivo-em-avila\/\" \/>\n<meta property=\"og:locale\" content=\"pt_PT\" \/>\n<meta property=\"og:type\" content=\"article\" \/>\n<meta property=\"og:title\" content=\"Juniorato intensivo em \u00c1vila &#8226; Istituto Figlie di Maria Ausiliatrice\" \/>\n<meta property=\"og:description\" content=\"De 8 a 18 de agosto de 2024, 37 FMA junioras, provenientes de dez Pa\u00edses, viveram a experi\u00eancia formativa do Juniorato intensivo em \u00c1vila, Espanha.\" \/>\n<meta property=\"og:url\" content=\"https:\/\/www.cgfmanet.org\/pt-pt\/ifma-pt-pt\/juniorato-intensivo-em-avila\/\" \/>\n<meta property=\"og:site_name\" content=\"Istituto Figlie di Maria Ausiliatrice\" \/>\n<meta property=\"article:publisher\" content=\"https:\/\/www.facebook.com\/salesian.sisters.of.don.bosco\/\" \/>\n<meta property=\"article:published_time\" content=\"2024-08-20T08:18:59+00:00\" \/>\n<meta property=\"article:modified_time\" content=\"2024-08-24T20:07:56+00:00\" \/>\n<meta property=\"og:image\" content=\"https:\/\/www.cgfmanet.org\/wp-content\/uploads\/2024\/08\/Juniorato-Avila.jpg\" \/>\n\t<meta property=\"og:image:width\" content=\"1181\" \/>\n\t<meta property=\"og:image:height\" content=\"787\" \/>\n\t<meta property=\"og:image:type\" content=\"image\/jpeg\" \/>\n<meta name=\"author\" content=\"Redazione\" \/>\n<meta name=\"twitter:card\" content=\"summary_large_image\" \/>\n<meta name=\"twitter:creator\" content=\"@Cgfmanet_Org\" \/>\n<meta name=\"twitter:site\" content=\"@Cgfmanet_Org\" \/>\n<meta name=\"twitter:label1\" content=\"Escrito por\" \/>\n\t<meta name=\"twitter:data1\" content=\"Redazione\" \/>\n\t<meta name=\"twitter:label2\" content=\"Tempo estimado de leitura\" \/>\n\t<meta name=\"twitter:data2\" content=\"3 minutos\" \/>\n<script type=\"application\/ld+json\" class=\"yoast-schema-graph\">{\"@context\":\"https:\\\/\\\/schema.org\",\"@graph\":[{\"@type\":\"Article\",\"@id\":\"https:\\\/\\\/www.cgfmanet.org\\\/pt-pt\\\/ifma-pt-pt\\\/juniorato-intensivo-em-avila\\\/#article\",\"isPartOf\":{\"@id\":\"https:\\\/\\\/www.cgfmanet.org\\\/pt-pt\\\/ifma-pt-pt\\\/juniorato-intensivo-em-avila\\\/\"},\"author\":{\"name\":\"Redazione\",\"@id\":\"https:\\\/\\\/www.cgfmanet.org\\\/es\\\/#\\\/schema\\\/person\\\/ce6473083f53ef0ef882cca23f0c8fb9\"},\"headline\":\"Juniorato intensivo em \u00c1vila\",\"datePublished\":\"2024-08-20T08:18:59+00:00\",\"dateModified\":\"2024-08-24T20:07:56+00:00\",\"mainEntityOfPage\":{\"@id\":\"https:\\\/\\\/www.cgfmanet.org\\\/pt-pt\\\/ifma-pt-pt\\\/juniorato-intensivo-em-avila\\\/\"},\"wordCount\":503,\"commentCount\":0,\"publisher\":{\"@id\":\"https:\\\/\\\/www.cgfmanet.org\\\/es\\\/#organization\"},\"image\":{\"@id\":\"https:\\\/\\\/www.cgfmanet.org\\\/pt-pt\\\/ifma-pt-pt\\\/juniorato-intensivo-em-avila\\\/#primaryimage\"},\"thumbnailUrl\":\"https:\\\/\\\/www.cgfmanet.org\\\/wp-content\\\/uploads\\\/2024\\\/08\\\/Juniorato-Avila.jpg\",\"keywords\":[\"Juniorato\",\"RMC\",\"Spiritualit\u00e0 Salesiana\",\"Focus\",\"Juniores\",\"UNISIT\"],\"articleSection\":[\"IFMA\",\"Cultura vocacional\"],\"inLanguage\":\"pt-PT\",\"potentialAction\":[{\"@type\":\"CommentAction\",\"name\":\"Comment\",\"target\":[\"https:\\\/\\\/www.cgfmanet.org\\\/pt-pt\\\/ifma-pt-pt\\\/juniorato-intensivo-em-avila\\\/#respond\"]}]},{\"@type\":\"WebPage\",\"@id\":\"https:\\\/\\\/www.cgfmanet.org\\\/pt-pt\\\/ifma-pt-pt\\\/juniorato-intensivo-em-avila\\\/\",\"url\":\"https:\\\/\\\/www.cgfmanet.org\\\/pt-pt\\\/ifma-pt-pt\\\/juniorato-intensivo-em-avila\\\/\",\"name\":\"Juniorato intensivo em \u00c1vila &#8226; Istituto Figlie di Maria Ausiliatrice\",\"isPartOf\":{\"@id\":\"https:\\\/\\\/www.cgfmanet.org\\\/es\\\/#website\"},\"primaryImageOfPage\":{\"@id\":\"https:\\\/\\\/www.cgfmanet.org\\\/pt-pt\\\/ifma-pt-pt\\\/juniorato-intensivo-em-avila\\\/#primaryimage\"},\"image\":{\"@id\":\"https:\\\/\\\/www.cgfmanet.org\\\/pt-pt\\\/ifma-pt-pt\\\/juniorato-intensivo-em-avila\\\/#primaryimage\"},\"thumbnailUrl\":\"https:\\\/\\\/www.cgfmanet.org\\\/wp-content\\\/uploads\\\/2024\\\/08\\\/Juniorato-Avila.jpg\",\"datePublished\":\"2024-08-20T08:18:59+00:00\",\"dateModified\":\"2024-08-24T20:07:56+00:00\",\"description\":\"De 8 a 18 de agosto de 2024, 37 FMA junioras, provenientes de dez Pa\u00edses, viveram a experi\u00eancia formativa do Juniorato intensivo em \u00c1vila, Espanha.\",\"breadcrumb\":{\"@id\":\"https:\\\/\\\/www.cgfmanet.org\\\/pt-pt\\\/ifma-pt-pt\\\/juniorato-intensivo-em-avila\\\/#breadcrumb\"},\"inLanguage\":\"pt-PT\",\"potentialAction\":[{\"@type\":\"ReadAction\",\"target\":[\"https:\\\/\\\/www.cgfmanet.org\\\/pt-pt\\\/ifma-pt-pt\\\/juniorato-intensivo-em-avila\\\/\"]}]},{\"@type\":\"ImageObject\",\"inLanguage\":\"pt-PT\",\"@id\":\"https:\\\/\\\/www.cgfmanet.org\\\/pt-pt\\\/ifma-pt-pt\\\/juniorato-intensivo-em-avila\\\/#primaryimage\",\"url\":\"https:\\\/\\\/www.cgfmanet.org\\\/wp-content\\\/uploads\\\/2024\\\/08\\\/Juniorato-Avila.jpg\",\"contentUrl\":\"https:\\\/\\\/www.cgfmanet.org\\\/wp-content\\\/uploads\\\/2024\\\/08\\\/Juniorato-Avila.jpg\",\"width\":1181,\"height\":787},{\"@type\":\"BreadcrumbList\",\"@id\":\"https:\\\/\\\/www.cgfmanet.org\\\/pt-pt\\\/ifma-pt-pt\\\/juniorato-intensivo-em-avila\\\/#breadcrumb\",\"itemListElement\":[{\"@type\":\"ListItem\",\"position\":1,\"name\":\"Home\",\"item\":\"https:\\\/\\\/www.cgfmanet.org\\\/pt-pt\\\/\"},{\"@type\":\"ListItem\",\"position\":2,\"name\":\"Juniorato intensivo em \u00c1vila\"}]},{\"@type\":\"WebSite\",\"@id\":\"https:\\\/\\\/www.cgfmanet.org\\\/es\\\/#website\",\"url\":\"https:\\\/\\\/www.cgfmanet.org\\\/es\\\/\",\"name\":\"Istituto Figlie di Maria Ausiliatrice\",\"description\":\"Salesiane di Don Bosco\",\"publisher\":{\"@id\":\"https:\\\/\\\/www.cgfmanet.org\\\/es\\\/#organization\"},\"potentialAction\":[{\"@type\":\"SearchAction\",\"target\":{\"@type\":\"EntryPoint\",\"urlTemplate\":\"https:\\\/\\\/www.cgfmanet.org\\\/es\\\/?s={search_term_string}\"},\"query-input\":{\"@type\":\"PropertyValueSpecification\",\"valueRequired\":true,\"valueName\":\"search_term_string\"}}],\"inLanguage\":\"pt-PT\"},{\"@type\":\"Organization\",\"@id\":\"https:\\\/\\\/www.cgfmanet.org\\\/es\\\/#organization\",\"name\":\"Istituto Figlie di Maria Ausiliatrice\",\"url\":\"https:\\\/\\\/www.cgfmanet.org\\\/es\\\/\",\"logo\":{\"@type\":\"ImageObject\",\"inLanguage\":\"pt-PT\",\"@id\":\"https:\\\/\\\/www.cgfmanet.org\\\/es\\\/#\\\/schema\\\/logo\\\/image\\\/\",\"url\":\"https:\\\/\\\/www.cgfmanet.org\\\/wp-content\\\/uploads\\\/2018\\\/10\\\/logo-fma.png\",\"contentUrl\":\"https:\\\/\\\/www.cgfmanet.org\\\/wp-content\\\/uploads\\\/2018\\\/10\\\/logo-fma.png\",\"width\":214,\"height\":55,\"caption\":\"Istituto Figlie di Maria Ausiliatrice\"},\"image\":{\"@id\":\"https:\\\/\\\/www.cgfmanet.org\\\/es\\\/#\\\/schema\\\/logo\\\/image\\\/\"},\"sameAs\":[\"https:\\\/\\\/www.facebook.com\\\/salesian.sisters.of.don.bosco\\\/\",\"https:\\\/\\\/x.com\\\/Cgfmanet_Org\",\"https:\\\/\\\/www.youtube.com\\\/channel\\\/UCmcr8yFQBV7JXeXVxyV9y5Q\"]},{\"@type\":\"Person\",\"@id\":\"https:\\\/\\\/www.cgfmanet.org\\\/es\\\/#\\\/schema\\\/person\\\/ce6473083f53ef0ef882cca23f0c8fb9\",\"name\":\"Redazione\"}]}<\/script>\n<!-- \/ Yoast SEO plugin. -->","yoast_head_json":{"title":"Juniorato intensivo em \u00c1vila &#8226; Istituto Figlie di Maria Ausiliatrice","description":"De 8 a 18 de agosto de 2024, 37 FMA junioras, provenientes de dez Pa\u00edses, viveram a experi\u00eancia formativa do Juniorato intensivo em \u00c1vila, Espanha.","robots":{"index":"index","follow":"follow","max-snippet":"max-snippet:-1","max-image-preview":"max-image-preview:large","max-video-preview":"max-video-preview:-1"},"canonical":"https:\/\/www.cgfmanet.org\/pt-pt\/ifma-pt-pt\/juniorato-intensivo-em-avila\/","og_locale":"pt_PT","og_type":"article","og_title":"Juniorato intensivo em \u00c1vila &#8226; Istituto Figlie di Maria Ausiliatrice","og_description":"De 8 a 18 de agosto de 2024, 37 FMA junioras, provenientes de dez Pa\u00edses, viveram a experi\u00eancia formativa do Juniorato intensivo em \u00c1vila, Espanha.","og_url":"https:\/\/www.cgfmanet.org\/pt-pt\/ifma-pt-pt\/juniorato-intensivo-em-avila\/","og_site_name":"Istituto Figlie di Maria Ausiliatrice","article_publisher":"https:\/\/www.facebook.com\/salesian.sisters.of.don.bosco\/","article_published_time":"2024-08-20T08:18:59+00:00","article_modified_time":"2024-08-24T20:07:56+00:00","og_image":[{"width":1181,"height":787,"url":"https:\/\/www.cgfmanet.org\/wp-content\/uploads\/2024\/08\/Juniorato-Avila.jpg","type":"image\/jpeg"}],"author":"Redazione","twitter_card":"summary_large_image","twitter_creator":"@Cgfmanet_Org","twitter_site":"@Cgfmanet_Org","twitter_misc":{"Escrito por":"Redazione","Tempo estimado de leitura":"3 minutos"},"schema":{"@context":"https:\/\/schema.org","@graph":[{"@type":"Article","@id":"https:\/\/www.cgfmanet.org\/pt-pt\/ifma-pt-pt\/juniorato-intensivo-em-avila\/#article","isPartOf":{"@id":"https:\/\/www.cgfmanet.org\/pt-pt\/ifma-pt-pt\/juniorato-intensivo-em-avila\/"},"author":{"name":"Redazione","@id":"https:\/\/www.cgfmanet.org\/es\/#\/schema\/person\/ce6473083f53ef0ef882cca23f0c8fb9"},"headline":"Juniorato intensivo em \u00c1vila","datePublished":"2024-08-20T08:18:59+00:00","dateModified":"2024-08-24T20:07:56+00:00","mainEntityOfPage":{"@id":"https:\/\/www.cgfmanet.org\/pt-pt\/ifma-pt-pt\/juniorato-intensivo-em-avila\/"},"wordCount":503,"commentCount":0,"publisher":{"@id":"https:\/\/www.cgfmanet.org\/es\/#organization"},"image":{"@id":"https:\/\/www.cgfmanet.org\/pt-pt\/ifma-pt-pt\/juniorato-intensivo-em-avila\/#primaryimage"},"thumbnailUrl":"https:\/\/www.cgfmanet.org\/wp-content\/uploads\/2024\/08\/Juniorato-Avila.jpg","keywords":["Juniorato","RMC","Spiritualit\u00e0 Salesiana","Focus","Juniores","UNISIT"],"articleSection":["IFMA","Cultura vocacional"],"inLanguage":"pt-PT","potentialAction":[{"@type":"CommentAction","name":"Comment","target":["https:\/\/www.cgfmanet.org\/pt-pt\/ifma-pt-pt\/juniorato-intensivo-em-avila\/#respond"]}]},{"@type":"WebPage","@id":"https:\/\/www.cgfmanet.org\/pt-pt\/ifma-pt-pt\/juniorato-intensivo-em-avila\/","url":"https:\/\/www.cgfmanet.org\/pt-pt\/ifma-pt-pt\/juniorato-intensivo-em-avila\/","name":"Juniorato intensivo em \u00c1vila &#8226; Istituto Figlie di Maria Ausiliatrice","isPartOf":{"@id":"https:\/\/www.cgfmanet.org\/es\/#website"},"primaryImageOfPage":{"@id":"https:\/\/www.cgfmanet.org\/pt-pt\/ifma-pt-pt\/juniorato-intensivo-em-avila\/#primaryimage"},"image":{"@id":"https:\/\/www.cgfmanet.org\/pt-pt\/ifma-pt-pt\/juniorato-intensivo-em-avila\/#primaryimage"},"thumbnailUrl":"https:\/\/www.cgfmanet.org\/wp-content\/uploads\/2024\/08\/Juniorato-Avila.jpg","datePublished":"2024-08-20T08:18:59+00:00","dateModified":"2024-08-24T20:07:56+00:00","description":"De 8 a 18 de agosto de 2024, 37 FMA junioras, provenientes de dez Pa\u00edses, viveram a experi\u00eancia formativa do Juniorato intensivo em \u00c1vila, Espanha.","breadcrumb":{"@id":"https:\/\/www.cgfmanet.org\/pt-pt\/ifma-pt-pt\/juniorato-intensivo-em-avila\/#breadcrumb"},"inLanguage":"pt-PT","potentialAction":[{"@type":"ReadAction","target":["https:\/\/www.cgfmanet.org\/pt-pt\/ifma-pt-pt\/juniorato-intensivo-em-avila\/"]}]},{"@type":"ImageObject","inLanguage":"pt-PT","@id":"https:\/\/www.cgfmanet.org\/pt-pt\/ifma-pt-pt\/juniorato-intensivo-em-avila\/#primaryimage","url":"https:\/\/www.cgfmanet.org\/wp-content\/uploads\/2024\/08\/Juniorato-Avila.jpg","contentUrl":"https:\/\/www.cgfmanet.org\/wp-content\/uploads\/2024\/08\/Juniorato-Avila.jpg","width":1181,"height":787},{"@type":"BreadcrumbList","@id":"https:\/\/www.cgfmanet.org\/pt-pt\/ifma-pt-pt\/juniorato-intensivo-em-avila\/#breadcrumb","itemListElement":[{"@type":"ListItem","position":1,"name":"Home","item":"https:\/\/www.cgfmanet.org\/pt-pt\/"},{"@type":"ListItem","position":2,"name":"Juniorato intensivo em \u00c1vila"}]},{"@type":"WebSite","@id":"https:\/\/www.cgfmanet.org\/es\/#website","url":"https:\/\/www.cgfmanet.org\/es\/","name":"Istituto Figlie di Maria Ausiliatrice","description":"Salesiane di Don Bosco","publisher":{"@id":"https:\/\/www.cgfmanet.org\/es\/#organization"},"potentialAction":[{"@type":"SearchAction","target":{"@type":"EntryPoint","urlTemplate":"https:\/\/www.cgfmanet.org\/es\/?s={search_term_string}"},"query-input":{"@type":"PropertyValueSpecification","valueRequired":true,"valueName":"search_term_string"}}],"inLanguage":"pt-PT"},{"@type":"Organization","@id":"https:\/\/www.cgfmanet.org\/es\/#organization","name":"Istituto Figlie di Maria Ausiliatrice","url":"https:\/\/www.cgfmanet.org\/es\/","logo":{"@type":"ImageObject","inLanguage":"pt-PT","@id":"https:\/\/www.cgfmanet.org\/es\/#\/schema\/logo\/image\/","url":"https:\/\/www.cgfmanet.org\/wp-content\/uploads\/2018\/10\/logo-fma.png","contentUrl":"https:\/\/www.cgfmanet.org\/wp-content\/uploads\/2018\/10\/logo-fma.png","width":214,"height":55,"caption":"Istituto Figlie di Maria Ausiliatrice"},"image":{"@id":"https:\/\/www.cgfmanet.org\/es\/#\/schema\/logo\/image\/"},"sameAs":["https:\/\/www.facebook.com\/salesian.sisters.of.don.bosco\/","https:\/\/x.com\/Cgfmanet_Org","https:\/\/www.youtube.com\/channel\/UCmcr8yFQBV7JXeXVxyV9y5Q"]},{"@type":"Person","@id":"https:\/\/www.cgfmanet.org\/es\/#\/schema\/person\/ce6473083f53ef0ef882cca23f0c8fb9","name":"Redazione"}]}},"_links":{"self":[{"href":"https:\/\/www.cgfmanet.org\/pt-pt\/wp-json\/wp\/v2\/posts\/117168","targetHints":{"allow":["GET"]}}],"collection":[{"href":"https:\/\/www.cgfmanet.org\/pt-pt\/wp-json\/wp\/v2\/posts"}],"about":[{"href":"https:\/\/www.cgfmanet.org\/pt-pt\/wp-json\/wp\/v2\/types\/post"}],"author":[{"embeddable":true,"href":"https:\/\/www.cgfmanet.org\/pt-pt\/wp-json\/wp\/v2\/users\/21"}],"replies":[{"embeddable":true,"href":"https:\/\/www.cgfmanet.org\/pt-pt\/wp-json\/wp\/v2\/comments?post=117168"}],"version-history":[{"count":3,"href":"https:\/\/www.cgfmanet.org\/pt-pt\/wp-json\/wp\/v2\/posts\/117168\/revisions"}],"predecessor-version":[{"id":117284,"href":"https:\/\/www.cgfmanet.org\/pt-pt\/wp-json\/wp\/v2\/posts\/117168\/revisions\/117284"}],"wp:featuredmedia":[{"embeddable":true,"href":"https:\/\/www.cgfmanet.org\/pt-pt\/wp-json\/wp\/v2\/media\/117158"}],"wp:attachment":[{"href":"https:\/\/www.cgfmanet.org\/pt-pt\/wp-json\/wp\/v2\/media?parent=117168"}],"wp:term":[{"taxonomy":"category","embeddable":true,"href":"https:\/\/www.cgfmanet.org\/pt-pt\/wp-json\/wp\/v2\/categories?post=117168"},{"taxonomy":"post_tag","embeddable":true,"href":"https:\/\/www.cgfmanet.org\/pt-pt\/wp-json\/wp\/v2\/tags?post=117168"}],"curies":[{"name":"wp","href":"https:\/\/api.w.org\/{rel}","templated":true}]}}