{"id":112022,"date":"2024-05-26T10:32:36","date_gmt":"2024-05-26T08:32:36","guid":{"rendered":"https:\/\/www.cgfmanet.org\/infosfera-pt-pt\/madre-chiara-a-torino-nella-solennita-di-maria-ausiliatrice\/"},"modified":"2024-05-28T22:08:05","modified_gmt":"2024-05-28T20:08:05","slug":"madre-chiara-em-turim-na-solenidade-de-maria-auxiliadora","status":"publish","type":"post","link":"https:\/\/www.cgfmanet.org\/pt-pt\/ifma-pt-pt\/madre-chiara-em-turim-na-solenidade-de-maria-auxiliadora\/","title":{"rendered":"Madre Chiara em Turim na Solenidade de Maria Auxiliadora"},"content":{"rendered":"<p><strong>Turim (It\u00e1lia).<\/strong> No dia 24 de maio de 2024 a Superiora Geral do Instituto das Filhas de Maria Auxiliadora, Madre Chiara Cazzuola, viveu em Valdocco as celebra\u00e7\u00f5es da Solenidade de Maria Auxiliadora.<\/p>\n<p>Tendo chegado a Turim no dia 20 de maio para participar da Consulta Mundial da Fam\u00edlia Salesiana, com a presen\u00e7a do Reitor-Mor, Cardeal \u00c1ngel Fern\u00e1ndez Artime e com a Conselheira Geral da Fam\u00edlia Salesiana, Irm\u00e3 Leslie S\u00e1ndigo, p\u00f4de viver as celebra\u00e7\u00f5es em honra de Nossa Senhora para depois, nos dias seguintes, visitar as casas das Irm\u00e3s idosas ou doentes da Inspetoria <em>Maria Auxiliadora<\/em> (IPI).<\/p>\n<p>Foram dias intensos, ricos de momentos intensos de ora\u00e7\u00e3o, invoca\u00e7\u00f5es \u00e0 Virgem e encontros fraternos. Estavam presentes, de Roma, as FMA mission\u00e1rias do Curso de Forma\u00e7\u00e3o permanente e as neo-Mission\u00e1rias, com Irm\u00e3 Ruth del Pilar Mora, Conselheira Geral para as Miss\u00f5es e as colaboradoras do \u00c2mbito, as estudantes da Casa <em>Madre Ers\u00edlia Canta,<\/em> da Visitadoria <em>Maria M\u00e3e da Igreja<\/em> (RMC) com as suas professoras, as jovens do Per\u00edodo de Avalia\u00e7\u00e3o e Orienta\u00e7\u00e3o da Comunidade <em>Maria SS. Consolata<\/em> com as formadoras, \u00e0s quais se uniram, no dia 24 de maio, as FMA participantes da Consulta do Movimento Juvenil Salesiano. Sem contar as FMA residentes em Turim e nos entornos que aflu\u00edram \u00e0 Bas\u00edlica para celebrar os louvores de Maria.<\/p>\n<p>Os momentos relevantes destes dias foram a celebra\u00e7\u00e3o das Primeiras e Segundas V\u00e9speras, a <strong><span style=\"color: #0000ff;\"><a style=\"color: #0000ff;\" href=\"https:\/\/www.youtube.com\/watch?v=Gi4lSxcnIBQ\" target=\"_blank\" rel=\"noopener\">Celebra\u00e7\u00e3o Eucar\u00edstica<\/a> <\/span><\/strong>do dia 24, presidida pelo Arcebispo de Turim, Dom Roberto Repole, que na sauda\u00e7\u00e3o inicial assim se expressou:<\/p>\n<p><em>\u201cSabeis que volto de boa vontade aqui ao Santu\u00e1rio de Maria Auxiliadora, por uma d\u00edvida pessoal que tenho nos confrontos com Dom Bosco e a Fam\u00edlia Salesiana, mas creio, como Bispo, entender\u00a0 sempre mais que temos diversas d\u00edvidas como Igreja que est\u00e1 em Turim nos confrontos com Dom Bosco, n\u00e3o s\u00f3 por aquilo que ele foi, mas hoje o vemos de maneira n\u00edtida nesta Solenidade, por aquilo que nos ajudou a ver: Maria \u00e9 verdadeiramente aux\u00edlio, aux\u00edlio de todos os crist\u00e3os. Ajudou-nos a ver quanto precisamos ser cuidados e acompanhados em nossa vida\u201d.<\/em><\/p>\n<p>\u00c0 noite, a Bas\u00edlica acolheu todos os peregrinos para um <strong><span style=\"color: #0000ff;\"><a style=\"color: #0000ff;\" href=\"https:\/\/www.youtube.com\/watch?v=_2J1FWdrW-A\" target=\"_blank\" rel=\"noopener\">momento Mariano<\/a><\/span><\/strong>, em substitui\u00e7\u00e3o \u00e0 Solene Prociss\u00e3o porque a chuva que ca\u00eda abundante, juntamente com muito granizo, bloqueou. A ora\u00e7\u00e3o foi presidida pelo Pe. Est\u00eav\u00e3o \u00a0Martoglio, Vig\u00e1rio do Reitor-Mor.<\/p>\n<p>As Institui\u00e7\u00f5es locais foram representadas pelas bandeiras e estavam presentes a Vice-Prefeita de Torino, Michela Favaro, e diversas autoridades civis e militares. Precedeu a celebra\u00e7\u00e3o a apresenta\u00e7\u00e3o da Fanfarra do 3\u00ba Regimento de Carabineiros da Lombardia. Madre Chiara Cazzuola, com Irm\u00e3 Emma Bergandi, Inspetora IPI e numerosas FMA, rezaram com intensidade junto ao Povo de Deus.<\/p>\n<p>Al\u00e9m disso, foi significativa a boa noite da Vig\u00edlia, 23 de maio, na sede da Inspetoria\u00a0 IPI, atrav\u00e9s da qual Madre Chiara chegou em <strong><span style=\"color: #0000ff;\"><a style=\"color: #0000ff;\" href=\"https:\/\/www.youtube.com\/watch?v=EaRqWL3IXqA&amp;t=1675s\" target=\"_blank\" rel=\"noopener\">transmiss\u00e3o ao vivo <\/a><\/span><\/strong><span style=\"color: #0000ff;\"><span style=\"color: #000000;\">tutte <\/span><\/span>a todas as FMA do mundo.<\/p>\n<p>A Inspetora, Irm\u00e3 Emma Bergandi, saudando a Madre, ofereceu-lhe como presente uma imagem de Maria em metal, explicando a particularidade: <em>&#8220;At\u00e9 agora esteve conosco, num cantinho que nem se via, de modo muito discreto. E isso ent\u00e3o faz-nos pensar que \u00e9 um dos muitos sinais que existem em nossas casas que lembram a presen\u00e7a discreta e di\u00e1ria de Maria ao nosso lado. E depois esta outra particularidade: n\u00e3o sabemos de onde vem, n\u00e3o sabemos quem seja o autor porque n\u00e3o h\u00e1 nenhuma assinatura. Ent\u00e3o nos faz pensar seguramente que seja obra de algu\u00e9m a quem Nossa Senhora quis muito bem e a quis de modo discreto. Quis que toda a aten\u00e7\u00e3o estivesse voltada para ela e n\u00e3o sobre a assinatura do artista. Este \u00e9 o amor a Maria que queremos ter e que certamente est\u00e1 muito vivo no Instituto\u201d<\/em>.<\/p>\n<p><em>\u201c\u00c9 uma gra\u00e7a estar aqui, poderia tornar-se uma tradi\u00e7\u00e3o, mas a cada ano \u00e9 nova. Porque realmente nasce do desejo do encontro com a nossa M\u00e3e. E \u00e9 sempre muito bonito entrar na Bas\u00edlica, poder entregar tudo a ela e sentir uma profunda paz, uma profunda serenidade&#8221;<\/em>. Disse a Madre depois de agradecer o presente. Falando do sonho dos nove anos de Dom Bosco e da maternidade de Maria, citou o Papa Francisco dizendo:<\/p>\n<p><strong><em>\u201cMaria \u00e9 uma m\u00e3e pr\u00f3xima que nunca nos perde de vista.<\/em><\/strong><em> Temos esta certeza de que Maria est\u00e1 conosco, acompanha a nossa vida, acompanha-nos pessoalmente e n\u00e3o nos abandona nunca, nunca. Pode acontecer em algum momento que estejamos distra\u00eddos. Mas ela n\u00e3o se distrai nunca. \u00c9 uma verdadeira m\u00e3e que n\u00e3o nos perde nunca de vista. Dom Bosco quis que a sent\u00edssemos assim, mas quis algo mais para n\u00f3s. Ou melhor, quis que f\u00f4ssemos verdadeiramente filhas. Filhas de Maria Auxiliadora&#8230; A m\u00e3e gera a filha e n\u00e3o s\u00f3 fisicamente, gera-a do esp\u00edrito e na capacidade de enfrentar a vida, na capacidade de ser uma outra pessoa, diversa dela, mas que <strong>carrega em si os tra\u00e7os da m\u00e3e<\/strong>. Assim fomos pensadas por Dom Bosco.&#8221;<\/em><\/p>\n<p>Depois indicou o caminho para ser \u201cauxiliadoras\u201d para as jovens e os jovens:<\/p>\n<p><em>\u201cSomos enviados aos jovens. S\u00e3o eles os primeiros, s\u00e3o aqueles que esperam por n\u00f3s para que d\u00eamos aquela ajuda verdadeira, que n\u00e3o \u00e9 apenas ajuda f\u00edsica, \u00e9 ajuda para vencer a pobreza material, a fome e a sede de conhecimento, a educa\u00e7\u00e3o, etc., mas tamb\u00e9m esta orienta\u00e7\u00e3o a Jesus. Somos Salesianas, Filhas de Maria Auxiliadora. Nosso primeiro compromisso \u00e9 educar evangelizando e evangelizar educando. Isto ningu\u00e9m deve tirar, nem da mente, nem do cora\u00e7\u00e3o, nem da vida<\/em>.<\/p>\n<p>E por fim dirigiu um aug\u00fario a todas as FMA e \u00e0s jovens em forma\u00e7\u00e3o: <strong><em>\u201cEnt\u00e3o temos a tarefa de gerar Deus no cora\u00e7\u00e3o dos jovens&#8230; este \u00e9 o modo melhor para festejar Maria Auxiliadora.<\/em><\/strong><em> Pedir que nos ajude realmente a n\u00e3o ter medo, a n\u00e3o ter temor, a ter coragem. Ler dentro das perguntas expl\u00edcitas e escondidas. Das nossas crian\u00e7as, dos nossos jovens e das\u00a0 meninas. Tamb\u00e9m das Irm\u00e3s, porque o Sistema Preventivo come\u00e7a por ser antes de tudo modo de viver, de partilhar a comunh\u00e3o e come\u00e7a no esp\u00edrito de fam\u00edlia que todas somos chamadas a viver na comunidade\u201d. <\/em><\/p>\n\r\n                <style type=\"text\/css\">\r\n                    \r\n                    #tdi_1  .td-doubleSlider-2 .td-item1 {\r\n                        background: url(https:\/\/www.cgfmanet.org\/wp-content\/uploads\/2024\/05\/Maria-Ausiliatrice_Torino_2-80x60.jpg) 0 0 no-repeat;\r\n                    }\r\n                    #tdi_1  .td-doubleSlider-2 .td-item2 {\r\n                        background: url(https:\/\/www.cgfmanet.org\/wp-content\/uploads\/2024\/05\/Maria-Ausiliatrice_Torino_3-80x60.jpg) 0 0 no-repeat;\r\n                    }\r\n                    #tdi_1  .td-doubleSlider-2 .td-item3 {\r\n                        background: url(https:\/\/www.cgfmanet.org\/wp-content\/uploads\/2024\/05\/Maria-Ausiliatrice_Torino_1-80x60.jpg) 0 0 no-repeat;\r\n                    }\r\n                    #tdi_1  .td-doubleSlider-2 .td-item4 {\r\n                        background: url(https:\/\/www.cgfmanet.org\/wp-content\/uploads\/2024\/05\/Maria-Ausiliatrice_Torino_8-80x60.jpg) 0 0 no-repeat;\r\n                    }\r\n                    #tdi_1  .td-doubleSlider-2 .td-item5 {\r\n                        background: url(https:\/\/www.cgfmanet.org\/wp-content\/uploads\/2024\/05\/Maria-Ausiliatrice_Torino_10-80x60.jpg) 0 0 no-repeat;\r\n                    }\r\n                    #tdi_1  .td-doubleSlider-2 .td-item6 {\r\n                        background: url(https:\/\/www.cgfmanet.org\/wp-content\/uploads\/2024\/05\/Maria-Ausiliatrice_Torino_9-80x60.jpg) 0 0 no-repeat;\r\n                    }\r\n                    #tdi_1  .td-doubleSlider-2 .td-item7 {\r\n                        background: url(https:\/\/www.cgfmanet.org\/wp-content\/uploads\/2024\/05\/Maria-Ausiliatrice_Torino_4-80x60.jpg) 0 0 no-repeat;\r\n                    }\r\n                    #tdi_1  .td-doubleSlider-2 .td-item8 {\r\n                        background: url(https:\/\/www.cgfmanet.org\/wp-content\/uploads\/2024\/05\/Maria-Ausiliatrice_Torino_5-80x60.jpg) 0 0 no-repeat;\r\n                    }\r\n                    #tdi_1  .td-doubleSlider-2 .td-item9 {\r\n                        background: url(https:\/\/www.cgfmanet.org\/wp-content\/uploads\/2024\/05\/Maria-Ausiliatrice_Torino_6-80x60.jpg) 0 0 no-repeat;\r\n                    }\r\n                    #tdi_1  .td-doubleSlider-2 .td-item10 {\r\n                        background: url(https:\/\/www.cgfmanet.org\/wp-content\/uploads\/2024\/05\/Maria-Ausiliatrice_Torino_7-80x60.jpg) 0 0 no-repeat;\r\n                    }\r\n                <\/style>\r\n\r\n                <div id=\"tdi_1\" class=\"td-gallery td-slide-on-2-columns\">\r\n                    <div class=\"post_td_gallery\">\r\n                        <div class=\"td-gallery-slide-top\">\r\n                           <div class=\"td-gallery-title\"><\/div>\r\n\r\n                            <div class=\"td-gallery-controls-wrapper\">\r\n                                <div class=\"td-gallery-slide-count\"><span class=\"td-gallery-slide-item-focus\">1<\/span> do 10<\/div>\r\n                                <div class=\"td-gallery-slide-prev-next-but\">\r\n                                    <i class = \"td-icon-left doubleSliderPrevButton\"><\/i>\r\n                                    <i class = \"td-icon-right doubleSliderNextButton\"><\/i>\r\n                                <\/div>\r\n                            <\/div>\r\n                        <\/div>\r\n\r\n                        <div class = \"td-doubleSlider-1 \">\r\n                            <div class = \"td-slider\">\r\n                                \r\n                    <div class = \"td-slide-item td-item1\">\r\n                        <figure class=\"td-slide-galery-figure td-slide-popup-gallery\">\r\n                            <a class=\"slide-gallery-image-link\" href=\"https:\/\/www.cgfmanet.org\/wp-content\/uploads\/2024\/05\/Maria-Ausiliatrice_Torino_2-scaled.jpg\" title=\"Maria Ausiliatrice_Torino_2\"  data-caption=\"\"  data-description=\"\">\r\n                                <img decoding=\"async\" data-src=\"https:\/\/www.cgfmanet.org\/wp-content\/uploads\/2024\/05\/Maria-Ausiliatrice_Torino_2-630x420.jpg\" data-srcset=\"https:\/\/www.cgfmanet.org\/wp-content\/uploads\/2024\/05\/Maria-Ausiliatrice_Torino_2-630x420.jpg 630w, https:\/\/www.cgfmanet.org\/wp-content\/uploads\/2024\/05\/Maria-Ausiliatrice_Torino_2-768x512.jpg 768w, https:\/\/www.cgfmanet.org\/wp-content\/uploads\/2024\/05\/Maria-Ausiliatrice_Torino_2-1536x1024.jpg 1536w, https:\/\/www.cgfmanet.org\/wp-content\/uploads\/2024\/05\/Maria-Ausiliatrice_Torino_2-2048x1365.jpg 2048w, https:\/\/www.cgfmanet.org\/wp-content\/uploads\/2024\/05\/Maria-Ausiliatrice_Torino_2-696x464.jpg 696w\" data-sizes=\"auto\" alt=\"\" src=\"data:image\/svg+xml;base64,PHN2ZyB3aWR0aD0iMSIgaGVpZ2h0PSIxIiB4bWxucz0iaHR0cDovL3d3dy53My5vcmcvMjAwMC9zdmciPjwvc3ZnPg==\" class=\"lazyload\" style=\"--smush-placeholder-width: 630px; --smush-placeholder-aspect-ratio: 630\/420;\" data-original-sizes=\"(max-width: 630px) 100vw, 630px\">\r\n                            <\/a>\r\n                            \r\n                        <\/figure>\r\n                    <\/div>\r\n                    <div class = \"td-slide-item td-item2\">\r\n                        <figure class=\"td-slide-galery-figure td-slide-popup-gallery\">\r\n                            <a class=\"slide-gallery-image-link\" href=\"https:\/\/www.cgfmanet.org\/wp-content\/uploads\/2024\/05\/Maria-Ausiliatrice_Torino_3-scaled.jpg\" title=\"Maria Ausiliatrice_Torino_3\"  data-caption=\"\"  data-description=\"\">\r\n                                <img decoding=\"async\" data-src=\"https:\/\/www.cgfmanet.org\/wp-content\/uploads\/2024\/05\/Maria-Ausiliatrice_Torino_3-630x420.jpg\" data-srcset=\"https:\/\/www.cgfmanet.org\/wp-content\/uploads\/2024\/05\/Maria-Ausiliatrice_Torino_3-630x420.jpg 630w, https:\/\/www.cgfmanet.org\/wp-content\/uploads\/2024\/05\/Maria-Ausiliatrice_Torino_3-768x512.jpg 768w, https:\/\/www.cgfmanet.org\/wp-content\/uploads\/2024\/05\/Maria-Ausiliatrice_Torino_3-1536x1024.jpg 1536w, https:\/\/www.cgfmanet.org\/wp-content\/uploads\/2024\/05\/Maria-Ausiliatrice_Torino_3-2048x1365.jpg 2048w, https:\/\/www.cgfmanet.org\/wp-content\/uploads\/2024\/05\/Maria-Ausiliatrice_Torino_3-696x464.jpg 696w\" data-sizes=\"auto\" alt=\"\" src=\"data:image\/svg+xml;base64,PHN2ZyB3aWR0aD0iMSIgaGVpZ2h0PSIxIiB4bWxucz0iaHR0cDovL3d3dy53My5vcmcvMjAwMC9zdmciPjwvc3ZnPg==\" class=\"lazyload\" style=\"--smush-placeholder-width: 630px; --smush-placeholder-aspect-ratio: 630\/420;\" data-original-sizes=\"(max-width: 630px) 100vw, 630px\">\r\n                            <\/a>\r\n                            \r\n                        <\/figure>\r\n                    <\/div>\r\n                    <div class = \"td-slide-item td-item3\">\r\n                        <figure class=\"td-slide-galery-figure td-slide-popup-gallery\">\r\n                            <a class=\"slide-gallery-image-link\" href=\"https:\/\/www.cgfmanet.org\/wp-content\/uploads\/2024\/05\/Maria-Ausiliatrice_Torino_1-scaled.jpg\" title=\"Maria Ausiliatrice_Torino_1\"  data-caption=\"\"  data-description=\"\">\r\n                                <img decoding=\"async\" data-src=\"https:\/\/www.cgfmanet.org\/wp-content\/uploads\/2024\/05\/Maria-Ausiliatrice_Torino_1-630x420.jpg\" data-srcset=\"https:\/\/www.cgfmanet.org\/wp-content\/uploads\/2024\/05\/Maria-Ausiliatrice_Torino_1-630x420.jpg 630w, https:\/\/www.cgfmanet.org\/wp-content\/uploads\/2024\/05\/Maria-Ausiliatrice_Torino_1-768x512.jpg 768w, https:\/\/www.cgfmanet.org\/wp-content\/uploads\/2024\/05\/Maria-Ausiliatrice_Torino_1-1536x1024.jpg 1536w, https:\/\/www.cgfmanet.org\/wp-content\/uploads\/2024\/05\/Maria-Ausiliatrice_Torino_1-2048x1365.jpg 2048w, https:\/\/www.cgfmanet.org\/wp-content\/uploads\/2024\/05\/Maria-Ausiliatrice_Torino_1-696x464.jpg 696w\" data-sizes=\"auto\" alt=\"\" src=\"data:image\/svg+xml;base64,PHN2ZyB3aWR0aD0iMSIgaGVpZ2h0PSIxIiB4bWxucz0iaHR0cDovL3d3dy53My5vcmcvMjAwMC9zdmciPjwvc3ZnPg==\" class=\"lazyload\" style=\"--smush-placeholder-width: 630px; --smush-placeholder-aspect-ratio: 630\/420;\" data-original-sizes=\"(max-width: 630px) 100vw, 630px\">\r\n                            <\/a>\r\n                            \r\n                        <\/figure>\r\n                    <\/div>\r\n                    <div class = \"td-slide-item td-item4\">\r\n                        <figure class=\"td-slide-galery-figure td-slide-popup-gallery\">\r\n                            <a class=\"slide-gallery-image-link\" href=\"https:\/\/www.cgfmanet.org\/wp-content\/uploads\/2024\/05\/Maria-Ausiliatrice_Torino_8-scaled.jpg\" title=\"Maria Ausiliatrice_Torino_8\"  data-caption=\"\"  data-description=\"\">\r\n                                <img decoding=\"async\" data-src=\"https:\/\/www.cgfmanet.org\/wp-content\/uploads\/2024\/05\/Maria-Ausiliatrice_Torino_8-630x420.jpg\" data-srcset=\"https:\/\/www.cgfmanet.org\/wp-content\/uploads\/2024\/05\/Maria-Ausiliatrice_Torino_8-630x420.jpg 630w, https:\/\/www.cgfmanet.org\/wp-content\/uploads\/2024\/05\/Maria-Ausiliatrice_Torino_8-768x512.jpg 768w, https:\/\/www.cgfmanet.org\/wp-content\/uploads\/2024\/05\/Maria-Ausiliatrice_Torino_8-1536x1024.jpg 1536w, https:\/\/www.cgfmanet.org\/wp-content\/uploads\/2024\/05\/Maria-Ausiliatrice_Torino_8-2048x1365.jpg 2048w, https:\/\/www.cgfmanet.org\/wp-content\/uploads\/2024\/05\/Maria-Ausiliatrice_Torino_8-696x464.jpg 696w\" data-sizes=\"auto\" alt=\"\" src=\"data:image\/svg+xml;base64,PHN2ZyB3aWR0aD0iMSIgaGVpZ2h0PSIxIiB4bWxucz0iaHR0cDovL3d3dy53My5vcmcvMjAwMC9zdmciPjwvc3ZnPg==\" class=\"lazyload\" style=\"--smush-placeholder-width: 630px; --smush-placeholder-aspect-ratio: 630\/420;\" data-original-sizes=\"(max-width: 630px) 100vw, 630px\">\r\n                            <\/a>\r\n                            \r\n                        <\/figure>\r\n                    <\/div>\r\n                    <div class = \"td-slide-item td-item5\">\r\n                        <figure class=\"td-slide-galery-figure td-slide-popup-gallery\">\r\n                            <a class=\"slide-gallery-image-link\" href=\"https:\/\/www.cgfmanet.org\/wp-content\/uploads\/2024\/05\/Maria-Ausiliatrice_Torino_10-scaled.jpg\" title=\"Maria Ausiliatrice_Torino_10\"  data-caption=\"\"  data-description=\"\">\r\n                                <img decoding=\"async\" data-src=\"https:\/\/www.cgfmanet.org\/wp-content\/uploads\/2024\/05\/Maria-Ausiliatrice_Torino_10-630x420.jpg\" data-srcset=\"https:\/\/www.cgfmanet.org\/wp-content\/uploads\/2024\/05\/Maria-Ausiliatrice_Torino_10-630x420.jpg 630w, https:\/\/www.cgfmanet.org\/wp-content\/uploads\/2024\/05\/Maria-Ausiliatrice_Torino_10-768x512.jpg 768w, https:\/\/www.cgfmanet.org\/wp-content\/uploads\/2024\/05\/Maria-Ausiliatrice_Torino_10-1536x1024.jpg 1536w, https:\/\/www.cgfmanet.org\/wp-content\/uploads\/2024\/05\/Maria-Ausiliatrice_Torino_10-2048x1365.jpg 2048w, https:\/\/www.cgfmanet.org\/wp-content\/uploads\/2024\/05\/Maria-Ausiliatrice_Torino_10-696x464.jpg 696w\" data-sizes=\"auto\" alt=\"\" src=\"data:image\/svg+xml;base64,PHN2ZyB3aWR0aD0iMSIgaGVpZ2h0PSIxIiB4bWxucz0iaHR0cDovL3d3dy53My5vcmcvMjAwMC9zdmciPjwvc3ZnPg==\" class=\"lazyload\" style=\"--smush-placeholder-width: 630px; --smush-placeholder-aspect-ratio: 630\/420;\" data-original-sizes=\"(max-width: 630px) 100vw, 630px\">\r\n                            <\/a>\r\n                            \r\n                        <\/figure>\r\n                    <\/div>\r\n                    <div class = \"td-slide-item td-item6\">\r\n                        <figure class=\"td-slide-galery-figure td-slide-popup-gallery\">\r\n                            <a class=\"slide-gallery-image-link\" href=\"https:\/\/www.cgfmanet.org\/wp-content\/uploads\/2024\/05\/Maria-Ausiliatrice_Torino_9.jpg\" title=\"Maria Ausiliatrice_Torino_9\"  data-caption=\"\"  data-description=\"\">\r\n                                <img decoding=\"async\" data-src=\"https:\/\/www.cgfmanet.org\/wp-content\/uploads\/2024\/05\/Maria-Ausiliatrice_Torino_9-630x420.jpg\" data-srcset=\"https:\/\/www.cgfmanet.org\/wp-content\/uploads\/2024\/05\/Maria-Ausiliatrice_Torino_9-630x420.jpg 630w, https:\/\/www.cgfmanet.org\/wp-content\/uploads\/2024\/05\/Maria-Ausiliatrice_Torino_9-768x512.jpg 768w, https:\/\/www.cgfmanet.org\/wp-content\/uploads\/2024\/05\/Maria-Ausiliatrice_Torino_9-696x464.jpg 696w, https:\/\/www.cgfmanet.org\/wp-content\/uploads\/2024\/05\/Maria-Ausiliatrice_Torino_9.jpg 1181w\" data-sizes=\"auto\" alt=\"\" src=\"data:image\/svg+xml;base64,PHN2ZyB3aWR0aD0iMSIgaGVpZ2h0PSIxIiB4bWxucz0iaHR0cDovL3d3dy53My5vcmcvMjAwMC9zdmciPjwvc3ZnPg==\" class=\"lazyload\" style=\"--smush-placeholder-width: 630px; --smush-placeholder-aspect-ratio: 630\/420;\" data-original-sizes=\"(max-width: 630px) 100vw, 630px\">\r\n                            <\/a>\r\n                            \r\n                        <\/figure>\r\n                    <\/div>\r\n                    <div class = \"td-slide-item td-item7\">\r\n                        <figure class=\"td-slide-galery-figure td-slide-popup-gallery\">\r\n                            <a class=\"slide-gallery-image-link\" href=\"https:\/\/www.cgfmanet.org\/wp-content\/uploads\/2024\/05\/Maria-Ausiliatrice_Torino_4-scaled.jpg\" title=\"Maria Ausiliatrice_Torino_4\"  data-caption=\"\"  data-description=\"\">\r\n                                <img decoding=\"async\" data-src=\"https:\/\/www.cgfmanet.org\/wp-content\/uploads\/2024\/05\/Maria-Ausiliatrice_Torino_4-630x420.jpg\" data-srcset=\"https:\/\/www.cgfmanet.org\/wp-content\/uploads\/2024\/05\/Maria-Ausiliatrice_Torino_4-630x420.jpg 630w, https:\/\/www.cgfmanet.org\/wp-content\/uploads\/2024\/05\/Maria-Ausiliatrice_Torino_4-768x512.jpg 768w, https:\/\/www.cgfmanet.org\/wp-content\/uploads\/2024\/05\/Maria-Ausiliatrice_Torino_4-1536x1024.jpg 1536w, https:\/\/www.cgfmanet.org\/wp-content\/uploads\/2024\/05\/Maria-Ausiliatrice_Torino_4-2048x1365.jpg 2048w, https:\/\/www.cgfmanet.org\/wp-content\/uploads\/2024\/05\/Maria-Ausiliatrice_Torino_4-696x464.jpg 696w\" data-sizes=\"auto\" alt=\"\" src=\"data:image\/svg+xml;base64,PHN2ZyB3aWR0aD0iMSIgaGVpZ2h0PSIxIiB4bWxucz0iaHR0cDovL3d3dy53My5vcmcvMjAwMC9zdmciPjwvc3ZnPg==\" class=\"lazyload\" style=\"--smush-placeholder-width: 630px; --smush-placeholder-aspect-ratio: 630\/420;\" data-original-sizes=\"(max-width: 630px) 100vw, 630px\">\r\n                            <\/a>\r\n                            \r\n                        <\/figure>\r\n                    <\/div>\r\n                    <div class = \"td-slide-item td-item8\">\r\n                        <figure class=\"td-slide-galery-figure td-slide-popup-gallery\">\r\n                            <a class=\"slide-gallery-image-link\" href=\"https:\/\/www.cgfmanet.org\/wp-content\/uploads\/2024\/05\/Maria-Ausiliatrice_Torino_5-scaled.jpg\" title=\"Maria Ausiliatrice_Torino_5\"  data-caption=\"\"  data-description=\"\">\r\n                                <img decoding=\"async\" data-src=\"https:\/\/www.cgfmanet.org\/wp-content\/uploads\/2024\/05\/Maria-Ausiliatrice_Torino_5-630x420.jpg\" data-srcset=\"https:\/\/www.cgfmanet.org\/wp-content\/uploads\/2024\/05\/Maria-Ausiliatrice_Torino_5-630x420.jpg 630w, https:\/\/www.cgfmanet.org\/wp-content\/uploads\/2024\/05\/Maria-Ausiliatrice_Torino_5-768x512.jpg 768w, https:\/\/www.cgfmanet.org\/wp-content\/uploads\/2024\/05\/Maria-Ausiliatrice_Torino_5-1536x1024.jpg 1536w, https:\/\/www.cgfmanet.org\/wp-content\/uploads\/2024\/05\/Maria-Ausiliatrice_Torino_5-2048x1365.jpg 2048w, https:\/\/www.cgfmanet.org\/wp-content\/uploads\/2024\/05\/Maria-Ausiliatrice_Torino_5-696x464.jpg 696w\" data-sizes=\"auto\" alt=\"\" src=\"data:image\/svg+xml;base64,PHN2ZyB3aWR0aD0iMSIgaGVpZ2h0PSIxIiB4bWxucz0iaHR0cDovL3d3dy53My5vcmcvMjAwMC9zdmciPjwvc3ZnPg==\" class=\"lazyload\" style=\"--smush-placeholder-width: 630px; --smush-placeholder-aspect-ratio: 630\/420;\" data-original-sizes=\"(max-width: 630px) 100vw, 630px\">\r\n                            <\/a>\r\n                            \r\n                        <\/figure>\r\n                    <\/div>\r\n                    <div class = \"td-slide-item td-item9\">\r\n                        <figure class=\"td-slide-galery-figure td-slide-popup-gallery\">\r\n                            <a class=\"slide-gallery-image-link\" href=\"https:\/\/www.cgfmanet.org\/wp-content\/uploads\/2024\/05\/Maria-Ausiliatrice_Torino_6.jpg\" title=\"Maria Ausiliatrice_Torino_6\"  data-caption=\"\"  data-description=\"\">\r\n                                <img decoding=\"async\" data-src=\"https:\/\/www.cgfmanet.org\/wp-content\/uploads\/2024\/05\/Maria-Ausiliatrice_Torino_6-630x420.jpg\" data-srcset=\"https:\/\/www.cgfmanet.org\/wp-content\/uploads\/2024\/05\/Maria-Ausiliatrice_Torino_6-630x420.jpg 630w, https:\/\/www.cgfmanet.org\/wp-content\/uploads\/2024\/05\/Maria-Ausiliatrice_Torino_6-768x512.jpg 768w, https:\/\/www.cgfmanet.org\/wp-content\/uploads\/2024\/05\/Maria-Ausiliatrice_Torino_6-696x464.jpg 696w, https:\/\/www.cgfmanet.org\/wp-content\/uploads\/2024\/05\/Maria-Ausiliatrice_Torino_6.jpg 1181w\" data-sizes=\"auto\" alt=\"\" src=\"data:image\/svg+xml;base64,PHN2ZyB3aWR0aD0iMSIgaGVpZ2h0PSIxIiB4bWxucz0iaHR0cDovL3d3dy53My5vcmcvMjAwMC9zdmciPjwvc3ZnPg==\" class=\"lazyload\" style=\"--smush-placeholder-width: 630px; --smush-placeholder-aspect-ratio: 630\/420;\" data-original-sizes=\"(max-width: 630px) 100vw, 630px\">\r\n                            <\/a>\r\n                            \r\n                        <\/figure>\r\n                    <\/div>\r\n                    <div class = \"td-slide-item td-item10\">\r\n                        <figure class=\"td-slide-galery-figure td-slide-popup-gallery\">\r\n                            <a class=\"slide-gallery-image-link\" href=\"https:\/\/www.cgfmanet.org\/wp-content\/uploads\/2024\/05\/Maria-Ausiliatrice_Torino_7-scaled.jpg\" title=\"Maria Ausiliatrice_Torino_7\"  data-caption=\"\"  data-description=\"\">\r\n                                <img decoding=\"async\" data-src=\"https:\/\/www.cgfmanet.org\/wp-content\/uploads\/2024\/05\/Maria-Ausiliatrice_Torino_7-630x420.jpg\" data-srcset=\"https:\/\/www.cgfmanet.org\/wp-content\/uploads\/2024\/05\/Maria-Ausiliatrice_Torino_7-630x420.jpg 630w, https:\/\/www.cgfmanet.org\/wp-content\/uploads\/2024\/05\/Maria-Ausiliatrice_Torino_7-768x512.jpg 768w, https:\/\/www.cgfmanet.org\/wp-content\/uploads\/2024\/05\/Maria-Ausiliatrice_Torino_7-1536x1024.jpg 1536w, https:\/\/www.cgfmanet.org\/wp-content\/uploads\/2024\/05\/Maria-Ausiliatrice_Torino_7-2048x1366.jpg 2048w, https:\/\/www.cgfmanet.org\/wp-content\/uploads\/2024\/05\/Maria-Ausiliatrice_Torino_7-696x464.jpg 696w\" data-sizes=\"auto\" alt=\"\" src=\"data:image\/svg+xml;base64,PHN2ZyB3aWR0aD0iMSIgaGVpZ2h0PSIxIiB4bWxucz0iaHR0cDovL3d3dy53My5vcmcvMjAwMC9zdmciPjwvc3ZnPg==\" class=\"lazyload\" style=\"--smush-placeholder-width: 630px; --smush-placeholder-aspect-ratio: 630\/420;\" data-original-sizes=\"(max-width: 630px) 100vw, 630px\">\r\n                            <\/a>\r\n                            \r\n                        <\/figure>\r\n                    <\/div>\r\n                            <\/div>\r\n                        <\/div>\r\n\r\n                        <div class = \"td-doubleSlider-2\">\r\n                            <div class = \"td-slider\">\r\n                                \r\n                    <div class = \"td-button td-item1\">\r\n                        <div class = \"td-border\"><\/div>\r\n                    <\/div>\r\n                    <div class = \"td-button td-item2\">\r\n                        <div class = \"td-border\"><\/div>\r\n                    <\/div>\r\n                    <div class = \"td-button td-item3\">\r\n                        <div class = \"td-border\"><\/div>\r\n                    <\/div>\r\n                    <div class = \"td-button td-item4\">\r\n                        <div class = \"td-border\"><\/div>\r\n                    <\/div>\r\n                    <div class = \"td-button td-item5\">\r\n                        <div class = \"td-border\"><\/div>\r\n                    <\/div>\r\n                    <div class = \"td-button td-item6\">\r\n                        <div class = \"td-border\"><\/div>\r\n                    <\/div>\r\n                    <div class = \"td-button td-item7\">\r\n                        <div class = \"td-border\"><\/div>\r\n                    <\/div>\r\n                    <div class = \"td-button td-item8\">\r\n                        <div class = \"td-border\"><\/div>\r\n                    <\/div>\r\n                    <div class = \"td-button td-item9\">\r\n                        <div class = \"td-border\"><\/div>\r\n                    <\/div>\r\n                    <div class = \"td-button td-item10\">\r\n                        <div class = \"td-border\"><\/div>\r\n                    <\/div>\r\n                            <\/div>\r\n                        <\/div>\r\n\r\n                    <\/div>\r\n\r\n                <\/div>\r\n                \n","protected":false},"excerpt":{"rendered":"<p>Turim (It\u00e1lia). No dia 24 de maio de 2024 a Superiora Geral do Instituto das Filhas de Maria Auxiliadora, Madre Chiara Cazzuola, viveu em Valdocco as celebra\u00e7\u00f5es da Solenidade de [&hellip;]<\/p>\n","protected":false},"author":21,"featured_media":111972,"comment_status":"open","ping_status":"closed","sticky":false,"template":"","format":"standard","meta":{"footnotes":""},"categories":[166,159],"tags":[1224,1930,1934,2378],"class_list":["post-112022","post","type-post","status-publish","format-standard","has-post-thumbnail","category-carisma-salesiano-pt","category-ifma-pt-pt","tag-ipi-pt-pt","tag-focus-pt-pt","tag-maria-auxiliadora-por","tag-madre-chiara-cazzuola-pt-pt"],"yoast_head":"<!-- This site is optimized with the Yoast SEO plugin v27.4 - https:\/\/yoast.com\/product\/yoast-seo-wordpress\/ -->\n<title>Madre Chiara em Turim na Solenidade de Maria Auxiliadora &#8226; Istituto Figlie di Maria Ausiliatrice<\/title>\n<meta name=\"description\" content=\"No dia 24 de maio de 2024 Madre Chiara Cazzuola viveu em Turim as celebra\u00e7\u00f5es da Solenidade de Maria Auxiliadora e deu a tradicional Boa-noite salesiana \u00e0s FMA na sede Inspetorial IPI.\" \/>\n<meta name=\"robots\" content=\"index, follow, max-snippet:-1, max-image-preview:large, max-video-preview:-1\" \/>\n<link rel=\"canonical\" href=\"https:\/\/www.cgfmanet.org\/pt-pt\/ifma-pt-pt\/madre-chiara-em-turim-na-solenidade-de-maria-auxiliadora\/\" \/>\n<meta property=\"og:locale\" content=\"pt_PT\" \/>\n<meta property=\"og:type\" content=\"article\" \/>\n<meta property=\"og:title\" content=\"Madre Chiara em Turim na Solenidade de Maria Auxiliadora &#8226; Istituto Figlie di Maria Ausiliatrice\" \/>\n<meta property=\"og:description\" content=\"No dia 24 de maio de 2024 Madre Chiara Cazzuola viveu em Turim as celebra\u00e7\u00f5es da Solenidade de Maria Auxiliadora e deu a tradicional Boa-noite salesiana \u00e0s FMA na sede Inspetorial IPI.\" \/>\n<meta property=\"og:url\" content=\"https:\/\/www.cgfmanet.org\/pt-pt\/ifma-pt-pt\/madre-chiara-em-turim-na-solenidade-de-maria-auxiliadora\/\" \/>\n<meta property=\"og:site_name\" content=\"Istituto Figlie di Maria Ausiliatrice\" \/>\n<meta property=\"article:publisher\" content=\"https:\/\/www.facebook.com\/salesian.sisters.of.don.bosco\/\" \/>\n<meta property=\"article:published_time\" content=\"2024-05-26T08:32:36+00:00\" \/>\n<meta property=\"article:modified_time\" content=\"2024-05-28T20:08:05+00:00\" \/>\n<meta property=\"og:image\" content=\"https:\/\/www.cgfmanet.org\/wp-content\/uploads\/2024\/05\/Maria-Ausiliatrice_Torino-scaled.jpg\" \/>\n\t<meta property=\"og:image:width\" content=\"2560\" \/>\n\t<meta property=\"og:image:height\" content=\"1707\" \/>\n\t<meta property=\"og:image:type\" content=\"image\/jpeg\" \/>\n<meta name=\"author\" content=\"Redazione\" \/>\n<meta name=\"twitter:card\" content=\"summary_large_image\" \/>\n<meta name=\"twitter:creator\" content=\"@Cgfmanet_Org\" \/>\n<meta name=\"twitter:site\" content=\"@Cgfmanet_Org\" \/>\n<meta name=\"twitter:label1\" content=\"Escrito por\" \/>\n\t<meta name=\"twitter:data1\" content=\"Redazione\" \/>\n\t<meta name=\"twitter:label2\" content=\"Tempo estimado de leitura\" \/>\n\t<meta name=\"twitter:data2\" content=\"6 minutos\" \/>\n<script type=\"application\/ld+json\" class=\"yoast-schema-graph\">{\"@context\":\"https:\\\/\\\/schema.org\",\"@graph\":[{\"@type\":\"Article\",\"@id\":\"https:\\\/\\\/www.cgfmanet.org\\\/pt-pt\\\/ifma-pt-pt\\\/madre-chiara-em-turim-na-solenidade-de-maria-auxiliadora\\\/#article\",\"isPartOf\":{\"@id\":\"https:\\\/\\\/www.cgfmanet.org\\\/pt-pt\\\/ifma-pt-pt\\\/madre-chiara-em-turim-na-solenidade-de-maria-auxiliadora\\\/\"},\"author\":{\"name\":\"Redazione\",\"@id\":\"https:\\\/\\\/www.cgfmanet.org\\\/es\\\/#\\\/schema\\\/person\\\/ce6473083f53ef0ef882cca23f0c8fb9\"},\"headline\":\"Madre Chiara em Turim na Solenidade de Maria Auxiliadora\",\"datePublished\":\"2024-05-26T08:32:36+00:00\",\"dateModified\":\"2024-05-28T20:08:05+00:00\",\"mainEntityOfPage\":{\"@id\":\"https:\\\/\\\/www.cgfmanet.org\\\/pt-pt\\\/ifma-pt-pt\\\/madre-chiara-em-turim-na-solenidade-de-maria-auxiliadora\\\/\"},\"wordCount\":1100,\"commentCount\":0,\"publisher\":{\"@id\":\"https:\\\/\\\/www.cgfmanet.org\\\/es\\\/#organization\"},\"image\":{\"@id\":\"https:\\\/\\\/www.cgfmanet.org\\\/pt-pt\\\/ifma-pt-pt\\\/madre-chiara-em-turim-na-solenidade-de-maria-auxiliadora\\\/#primaryimage\"},\"thumbnailUrl\":\"https:\\\/\\\/www.cgfmanet.org\\\/wp-content\\\/uploads\\\/2024\\\/05\\\/Maria-Ausiliatrice_Torino-scaled.jpg\",\"keywords\":[\"IPI\",\"Focus\",\"Maria Auxiliadora\",\"Madre Chiara Cazzuola\"],\"articleSection\":[\"Carisma Salesiano\",\"IFMA\"],\"inLanguage\":\"pt-PT\",\"potentialAction\":[{\"@type\":\"CommentAction\",\"name\":\"Comment\",\"target\":[\"https:\\\/\\\/www.cgfmanet.org\\\/pt-pt\\\/ifma-pt-pt\\\/madre-chiara-em-turim-na-solenidade-de-maria-auxiliadora\\\/#respond\"]}]},{\"@type\":\"WebPage\",\"@id\":\"https:\\\/\\\/www.cgfmanet.org\\\/pt-pt\\\/ifma-pt-pt\\\/madre-chiara-em-turim-na-solenidade-de-maria-auxiliadora\\\/\",\"url\":\"https:\\\/\\\/www.cgfmanet.org\\\/pt-pt\\\/ifma-pt-pt\\\/madre-chiara-em-turim-na-solenidade-de-maria-auxiliadora\\\/\",\"name\":\"Madre Chiara em Turim na Solenidade de Maria Auxiliadora &#8226; Istituto Figlie di Maria Ausiliatrice\",\"isPartOf\":{\"@id\":\"https:\\\/\\\/www.cgfmanet.org\\\/es\\\/#website\"},\"primaryImageOfPage\":{\"@id\":\"https:\\\/\\\/www.cgfmanet.org\\\/pt-pt\\\/ifma-pt-pt\\\/madre-chiara-em-turim-na-solenidade-de-maria-auxiliadora\\\/#primaryimage\"},\"image\":{\"@id\":\"https:\\\/\\\/www.cgfmanet.org\\\/pt-pt\\\/ifma-pt-pt\\\/madre-chiara-em-turim-na-solenidade-de-maria-auxiliadora\\\/#primaryimage\"},\"thumbnailUrl\":\"https:\\\/\\\/www.cgfmanet.org\\\/wp-content\\\/uploads\\\/2024\\\/05\\\/Maria-Ausiliatrice_Torino-scaled.jpg\",\"datePublished\":\"2024-05-26T08:32:36+00:00\",\"dateModified\":\"2024-05-28T20:08:05+00:00\",\"description\":\"No dia 24 de maio de 2024 Madre Chiara Cazzuola viveu em Turim as celebra\u00e7\u00f5es da Solenidade de Maria Auxiliadora e deu a tradicional Boa-noite salesiana \u00e0s FMA na sede Inspetorial IPI.\",\"breadcrumb\":{\"@id\":\"https:\\\/\\\/www.cgfmanet.org\\\/pt-pt\\\/ifma-pt-pt\\\/madre-chiara-em-turim-na-solenidade-de-maria-auxiliadora\\\/#breadcrumb\"},\"inLanguage\":\"pt-PT\",\"potentialAction\":[{\"@type\":\"ReadAction\",\"target\":[\"https:\\\/\\\/www.cgfmanet.org\\\/pt-pt\\\/ifma-pt-pt\\\/madre-chiara-em-turim-na-solenidade-de-maria-auxiliadora\\\/\"]}]},{\"@type\":\"ImageObject\",\"inLanguage\":\"pt-PT\",\"@id\":\"https:\\\/\\\/www.cgfmanet.org\\\/pt-pt\\\/ifma-pt-pt\\\/madre-chiara-em-turim-na-solenidade-de-maria-auxiliadora\\\/#primaryimage\",\"url\":\"https:\\\/\\\/www.cgfmanet.org\\\/wp-content\\\/uploads\\\/2024\\\/05\\\/Maria-Ausiliatrice_Torino-scaled.jpg\",\"contentUrl\":\"https:\\\/\\\/www.cgfmanet.org\\\/wp-content\\\/uploads\\\/2024\\\/05\\\/Maria-Ausiliatrice_Torino-scaled.jpg\",\"width\":2560,\"height\":1707},{\"@type\":\"BreadcrumbList\",\"@id\":\"https:\\\/\\\/www.cgfmanet.org\\\/pt-pt\\\/ifma-pt-pt\\\/madre-chiara-em-turim-na-solenidade-de-maria-auxiliadora\\\/#breadcrumb\",\"itemListElement\":[{\"@type\":\"ListItem\",\"position\":1,\"name\":\"Home\",\"item\":\"https:\\\/\\\/www.cgfmanet.org\\\/pt-pt\\\/\"},{\"@type\":\"ListItem\",\"position\":2,\"name\":\"Madre Chiara em Turim na Solenidade de Maria Auxiliadora\"}]},{\"@type\":\"WebSite\",\"@id\":\"https:\\\/\\\/www.cgfmanet.org\\\/es\\\/#website\",\"url\":\"https:\\\/\\\/www.cgfmanet.org\\\/es\\\/\",\"name\":\"Istituto Figlie di Maria Ausiliatrice\",\"description\":\"Salesiane di Don Bosco\",\"publisher\":{\"@id\":\"https:\\\/\\\/www.cgfmanet.org\\\/es\\\/#organization\"},\"potentialAction\":[{\"@type\":\"SearchAction\",\"target\":{\"@type\":\"EntryPoint\",\"urlTemplate\":\"https:\\\/\\\/www.cgfmanet.org\\\/es\\\/?s={search_term_string}\"},\"query-input\":{\"@type\":\"PropertyValueSpecification\",\"valueRequired\":true,\"valueName\":\"search_term_string\"}}],\"inLanguage\":\"pt-PT\"},{\"@type\":\"Organization\",\"@id\":\"https:\\\/\\\/www.cgfmanet.org\\\/es\\\/#organization\",\"name\":\"Istituto Figlie di Maria Ausiliatrice\",\"url\":\"https:\\\/\\\/www.cgfmanet.org\\\/es\\\/\",\"logo\":{\"@type\":\"ImageObject\",\"inLanguage\":\"pt-PT\",\"@id\":\"https:\\\/\\\/www.cgfmanet.org\\\/es\\\/#\\\/schema\\\/logo\\\/image\\\/\",\"url\":\"https:\\\/\\\/www.cgfmanet.org\\\/wp-content\\\/uploads\\\/2018\\\/10\\\/logo-fma.png\",\"contentUrl\":\"https:\\\/\\\/www.cgfmanet.org\\\/wp-content\\\/uploads\\\/2018\\\/10\\\/logo-fma.png\",\"width\":214,\"height\":55,\"caption\":\"Istituto Figlie di Maria Ausiliatrice\"},\"image\":{\"@id\":\"https:\\\/\\\/www.cgfmanet.org\\\/es\\\/#\\\/schema\\\/logo\\\/image\\\/\"},\"sameAs\":[\"https:\\\/\\\/www.facebook.com\\\/salesian.sisters.of.don.bosco\\\/\",\"https:\\\/\\\/x.com\\\/Cgfmanet_Org\",\"https:\\\/\\\/www.youtube.com\\\/channel\\\/UCmcr8yFQBV7JXeXVxyV9y5Q\"]},{\"@type\":\"Person\",\"@id\":\"https:\\\/\\\/www.cgfmanet.org\\\/es\\\/#\\\/schema\\\/person\\\/ce6473083f53ef0ef882cca23f0c8fb9\",\"name\":\"Redazione\"}]}<\/script>\n<!-- \/ Yoast SEO plugin. -->","yoast_head_json":{"title":"Madre Chiara em Turim na Solenidade de Maria Auxiliadora &#8226; Istituto Figlie di Maria Ausiliatrice","description":"No dia 24 de maio de 2024 Madre Chiara Cazzuola viveu em Turim as celebra\u00e7\u00f5es da Solenidade de Maria Auxiliadora e deu a tradicional Boa-noite salesiana \u00e0s FMA na sede Inspetorial IPI.","robots":{"index":"index","follow":"follow","max-snippet":"max-snippet:-1","max-image-preview":"max-image-preview:large","max-video-preview":"max-video-preview:-1"},"canonical":"https:\/\/www.cgfmanet.org\/pt-pt\/ifma-pt-pt\/madre-chiara-em-turim-na-solenidade-de-maria-auxiliadora\/","og_locale":"pt_PT","og_type":"article","og_title":"Madre Chiara em Turim na Solenidade de Maria Auxiliadora &#8226; Istituto Figlie di Maria Ausiliatrice","og_description":"No dia 24 de maio de 2024 Madre Chiara Cazzuola viveu em Turim as celebra\u00e7\u00f5es da Solenidade de Maria Auxiliadora e deu a tradicional Boa-noite salesiana \u00e0s FMA na sede Inspetorial IPI.","og_url":"https:\/\/www.cgfmanet.org\/pt-pt\/ifma-pt-pt\/madre-chiara-em-turim-na-solenidade-de-maria-auxiliadora\/","og_site_name":"Istituto Figlie di Maria Ausiliatrice","article_publisher":"https:\/\/www.facebook.com\/salesian.sisters.of.don.bosco\/","article_published_time":"2024-05-26T08:32:36+00:00","article_modified_time":"2024-05-28T20:08:05+00:00","og_image":[{"width":2560,"height":1707,"url":"https:\/\/www.cgfmanet.org\/wp-content\/uploads\/2024\/05\/Maria-Ausiliatrice_Torino-scaled.jpg","type":"image\/jpeg"}],"author":"Redazione","twitter_card":"summary_large_image","twitter_creator":"@Cgfmanet_Org","twitter_site":"@Cgfmanet_Org","twitter_misc":{"Escrito por":"Redazione","Tempo estimado de leitura":"6 minutos"},"schema":{"@context":"https:\/\/schema.org","@graph":[{"@type":"Article","@id":"https:\/\/www.cgfmanet.org\/pt-pt\/ifma-pt-pt\/madre-chiara-em-turim-na-solenidade-de-maria-auxiliadora\/#article","isPartOf":{"@id":"https:\/\/www.cgfmanet.org\/pt-pt\/ifma-pt-pt\/madre-chiara-em-turim-na-solenidade-de-maria-auxiliadora\/"},"author":{"name":"Redazione","@id":"https:\/\/www.cgfmanet.org\/es\/#\/schema\/person\/ce6473083f53ef0ef882cca23f0c8fb9"},"headline":"Madre Chiara em Turim na Solenidade de Maria Auxiliadora","datePublished":"2024-05-26T08:32:36+00:00","dateModified":"2024-05-28T20:08:05+00:00","mainEntityOfPage":{"@id":"https:\/\/www.cgfmanet.org\/pt-pt\/ifma-pt-pt\/madre-chiara-em-turim-na-solenidade-de-maria-auxiliadora\/"},"wordCount":1100,"commentCount":0,"publisher":{"@id":"https:\/\/www.cgfmanet.org\/es\/#organization"},"image":{"@id":"https:\/\/www.cgfmanet.org\/pt-pt\/ifma-pt-pt\/madre-chiara-em-turim-na-solenidade-de-maria-auxiliadora\/#primaryimage"},"thumbnailUrl":"https:\/\/www.cgfmanet.org\/wp-content\/uploads\/2024\/05\/Maria-Ausiliatrice_Torino-scaled.jpg","keywords":["IPI","Focus","Maria Auxiliadora","Madre Chiara Cazzuola"],"articleSection":["Carisma Salesiano","IFMA"],"inLanguage":"pt-PT","potentialAction":[{"@type":"CommentAction","name":"Comment","target":["https:\/\/www.cgfmanet.org\/pt-pt\/ifma-pt-pt\/madre-chiara-em-turim-na-solenidade-de-maria-auxiliadora\/#respond"]}]},{"@type":"WebPage","@id":"https:\/\/www.cgfmanet.org\/pt-pt\/ifma-pt-pt\/madre-chiara-em-turim-na-solenidade-de-maria-auxiliadora\/","url":"https:\/\/www.cgfmanet.org\/pt-pt\/ifma-pt-pt\/madre-chiara-em-turim-na-solenidade-de-maria-auxiliadora\/","name":"Madre Chiara em Turim na Solenidade de Maria Auxiliadora &#8226; Istituto Figlie di Maria Ausiliatrice","isPartOf":{"@id":"https:\/\/www.cgfmanet.org\/es\/#website"},"primaryImageOfPage":{"@id":"https:\/\/www.cgfmanet.org\/pt-pt\/ifma-pt-pt\/madre-chiara-em-turim-na-solenidade-de-maria-auxiliadora\/#primaryimage"},"image":{"@id":"https:\/\/www.cgfmanet.org\/pt-pt\/ifma-pt-pt\/madre-chiara-em-turim-na-solenidade-de-maria-auxiliadora\/#primaryimage"},"thumbnailUrl":"https:\/\/www.cgfmanet.org\/wp-content\/uploads\/2024\/05\/Maria-Ausiliatrice_Torino-scaled.jpg","datePublished":"2024-05-26T08:32:36+00:00","dateModified":"2024-05-28T20:08:05+00:00","description":"No dia 24 de maio de 2024 Madre Chiara Cazzuola viveu em Turim as celebra\u00e7\u00f5es da Solenidade de Maria Auxiliadora e deu a tradicional Boa-noite salesiana \u00e0s FMA na sede Inspetorial IPI.","breadcrumb":{"@id":"https:\/\/www.cgfmanet.org\/pt-pt\/ifma-pt-pt\/madre-chiara-em-turim-na-solenidade-de-maria-auxiliadora\/#breadcrumb"},"inLanguage":"pt-PT","potentialAction":[{"@type":"ReadAction","target":["https:\/\/www.cgfmanet.org\/pt-pt\/ifma-pt-pt\/madre-chiara-em-turim-na-solenidade-de-maria-auxiliadora\/"]}]},{"@type":"ImageObject","inLanguage":"pt-PT","@id":"https:\/\/www.cgfmanet.org\/pt-pt\/ifma-pt-pt\/madre-chiara-em-turim-na-solenidade-de-maria-auxiliadora\/#primaryimage","url":"https:\/\/www.cgfmanet.org\/wp-content\/uploads\/2024\/05\/Maria-Ausiliatrice_Torino-scaled.jpg","contentUrl":"https:\/\/www.cgfmanet.org\/wp-content\/uploads\/2024\/05\/Maria-Ausiliatrice_Torino-scaled.jpg","width":2560,"height":1707},{"@type":"BreadcrumbList","@id":"https:\/\/www.cgfmanet.org\/pt-pt\/ifma-pt-pt\/madre-chiara-em-turim-na-solenidade-de-maria-auxiliadora\/#breadcrumb","itemListElement":[{"@type":"ListItem","position":1,"name":"Home","item":"https:\/\/www.cgfmanet.org\/pt-pt\/"},{"@type":"ListItem","position":2,"name":"Madre Chiara em Turim na Solenidade de Maria Auxiliadora"}]},{"@type":"WebSite","@id":"https:\/\/www.cgfmanet.org\/es\/#website","url":"https:\/\/www.cgfmanet.org\/es\/","name":"Istituto Figlie di Maria Ausiliatrice","description":"Salesiane di Don Bosco","publisher":{"@id":"https:\/\/www.cgfmanet.org\/es\/#organization"},"potentialAction":[{"@type":"SearchAction","target":{"@type":"EntryPoint","urlTemplate":"https:\/\/www.cgfmanet.org\/es\/?s={search_term_string}"},"query-input":{"@type":"PropertyValueSpecification","valueRequired":true,"valueName":"search_term_string"}}],"inLanguage":"pt-PT"},{"@type":"Organization","@id":"https:\/\/www.cgfmanet.org\/es\/#organization","name":"Istituto Figlie di Maria Ausiliatrice","url":"https:\/\/www.cgfmanet.org\/es\/","logo":{"@type":"ImageObject","inLanguage":"pt-PT","@id":"https:\/\/www.cgfmanet.org\/es\/#\/schema\/logo\/image\/","url":"https:\/\/www.cgfmanet.org\/wp-content\/uploads\/2018\/10\/logo-fma.png","contentUrl":"https:\/\/www.cgfmanet.org\/wp-content\/uploads\/2018\/10\/logo-fma.png","width":214,"height":55,"caption":"Istituto Figlie di Maria Ausiliatrice"},"image":{"@id":"https:\/\/www.cgfmanet.org\/es\/#\/schema\/logo\/image\/"},"sameAs":["https:\/\/www.facebook.com\/salesian.sisters.of.don.bosco\/","https:\/\/x.com\/Cgfmanet_Org","https:\/\/www.youtube.com\/channel\/UCmcr8yFQBV7JXeXVxyV9y5Q"]},{"@type":"Person","@id":"https:\/\/www.cgfmanet.org\/es\/#\/schema\/person\/ce6473083f53ef0ef882cca23f0c8fb9","name":"Redazione"}]}},"_links":{"self":[{"href":"https:\/\/www.cgfmanet.org\/pt-pt\/wp-json\/wp\/v2\/posts\/112022","targetHints":{"allow":["GET"]}}],"collection":[{"href":"https:\/\/www.cgfmanet.org\/pt-pt\/wp-json\/wp\/v2\/posts"}],"about":[{"href":"https:\/\/www.cgfmanet.org\/pt-pt\/wp-json\/wp\/v2\/types\/post"}],"author":[{"embeddable":true,"href":"https:\/\/www.cgfmanet.org\/pt-pt\/wp-json\/wp\/v2\/users\/21"}],"replies":[{"embeddable":true,"href":"https:\/\/www.cgfmanet.org\/pt-pt\/wp-json\/wp\/v2\/comments?post=112022"}],"version-history":[{"count":3,"href":"https:\/\/www.cgfmanet.org\/pt-pt\/wp-json\/wp\/v2\/posts\/112022\/revisions"}],"predecessor-version":[{"id":112229,"href":"https:\/\/www.cgfmanet.org\/pt-pt\/wp-json\/wp\/v2\/posts\/112022\/revisions\/112229"}],"wp:featuredmedia":[{"embeddable":true,"href":"https:\/\/www.cgfmanet.org\/pt-pt\/wp-json\/wp\/v2\/media\/111972"}],"wp:attachment":[{"href":"https:\/\/www.cgfmanet.org\/pt-pt\/wp-json\/wp\/v2\/media?parent=112022"}],"wp:term":[{"taxonomy":"category","embeddable":true,"href":"https:\/\/www.cgfmanet.org\/pt-pt\/wp-json\/wp\/v2\/categories?post=112022"},{"taxonomy":"post_tag","embeddable":true,"href":"https:\/\/www.cgfmanet.org\/pt-pt\/wp-json\/wp\/v2\/tags?post=112022"}],"curies":[{"name":"wp","href":"https:\/\/api.w.org\/{rel}","templated":true}]}}