{"id":111837,"date":"2024-05-24T12:22:23","date_gmt":"2024-05-24T10:22:23","guid":{"rendered":"https:\/\/www.cgfmanet.org\/infosfera-pt-pt\/il-mondo-canta-a-maria\/"},"modified":"2024-05-25T15:13:30","modified_gmt":"2024-05-25T13:13:30","slug":"o-mundo-canta-a-maria","status":"publish","type":"post","link":"https:\/\/www.cgfmanet.org\/pt-pt\/ifma-pt-pt\/o-mundo-canta-a-maria\/","title":{"rendered":"O mundo canta a Maria"},"content":{"rendered":"<p><strong>Roma (It\u00e1lia).<\/strong> No dia <strong>30 de maio de 2024, \u00e0s 14h30 (hor\u00e1rio italiano)<\/strong>, na conclus\u00e3o do m\u00eas dedicado a Maria, o \u00c2mbito da Comunica\u00e7\u00e3o Social do Instituto das Filhas de Maria Auxiliadora prop\u00f5e um Festival Mariano que pretende reunir as vozes de todo o mundo salesiano num canto de louvor \u00e0 M\u00e3e de toda a humanidade.<\/p>\n<p>Atrav\u00e9s de uma <strong>transmiss\u00e3o ao vivo<\/strong>, tem-se a oportunidade de percorrer o mundo inteiro para descobrir como cada povo, com a beleza e o fasc\u00ednio da pr\u00f3pria cultura, expressa com o canto a confian\u00e7a e o grande amor por Aquela que o Senhor deu como M\u00e3e da humanidade.<\/p>\n<p>A prepara\u00e7\u00e3o do Festival Mariano foi poss\u00edvel gra\u00e7as \u00e0 colabora\u00e7\u00e3o das Coordenadoras e Coordenadores Inspetoriais da Comunica\u00e7\u00e3o Social &#8211; FMA e leigos &#8211; que, divididos por Confer\u00eancias interinspetoriais, souberam envolver adolescentes, jovens em forma\u00e7\u00e3o, colaboradores leigos e Irm\u00e3s para dar a conhecer as tradi\u00e7\u00f5es marianas t\u00edpicas dos seus Pa\u00edses. Com diversos t\u00edtulos o mundo invoca Maria, com ritmos e melodias diferentes, mas \u00fanico \u00e9 o amor que une pela M\u00e3e Celeste.<\/p>\n<p><strong>O Festival ser\u00e1 aberto com a sauda\u00e7\u00e3o da Madre Geral, Irm\u00e3 Chiara Cazzuola<\/strong>, que na Circular n\u00ba 1.037 convida a prolongar e renovar hoje o agradecimento de Dom Bosco a Maria, continuando a prop\u00f4-la a todos \u2013 pequenos, jovens, adultos, fam\u00edlias \u2013 \u201cpara fazer crescer no seu cora\u00e7\u00e3o a convic\u00e7\u00e3o de que Maria Sant\u00edssima <em>alimenta nos seus cora\u00e7\u00f5es a convic\u00e7\u00e3o de que, de Maria Sant\u00edssima, n\u00e3o devemos nunca nos separar, porque Ela nos conduz a Jesus&#8221; e continuar a acreditar que &#8220;o seu manto de prote\u00e7\u00e3o se alarga sem medida e nos acolhe e protege a todos&#8221;.<\/em><\/p>\n<p><span style=\"color: #0000ff;\"><strong><a style=\"color: #0000ff;\" href=\"https:\/\/www.youtube.com\/live\/sGopvMOcS8A\" target=\"_blank\" rel=\"noopener\">Link para a transmiss\u00e3o ao vivo<\/a><\/strong><\/span><\/p>\n<div class=\"youtube-embed\" data-video_id=\"\"><iframe title=\"Il mondo canta a Maria - 30 Maggio 2024\" width=\"696\" height=\"392\" data-src=\"https:\/\/www.youtube.com\/embed\/sGopvMOcS8A?feature=oembed&#038;enablejsapi=1\" frameborder=\"0\" allow=\"accelerometer; autoplay; clipboard-write; encrypted-media; gyroscope; picture-in-picture; web-share\" referrerpolicy=\"strict-origin-when-cross-origin\" allowfullscreen src=\"data:image\/svg+xml;base64,PHN2ZyB3aWR0aD0iMSIgaGVpZ2h0PSIxIiB4bWxucz0iaHR0cDovL3d3dy53My5vcmcvMjAwMC9zdmciPjwvc3ZnPg==\" class=\"lazyload\" data-load-mode=\"1\"><\/iframe><\/div>\n","protected":false},"excerpt":{"rendered":"<p>Roma (It\u00e1lia). No dia 30 de maio de 2024, \u00e0s 14h30 (hor\u00e1rio italiano), na conclus\u00e3o do m\u00eas dedicado a Maria, o \u00c2mbito da Comunica\u00e7\u00e3o Social do Instituto das Filhas de [&hellip;]<\/p>\n","protected":false},"author":21,"featured_media":111830,"comment_status":"open","ping_status":"closed","sticky":false,"template":"","format":"standard","meta":{"footnotes":""},"categories":[166,159],"tags":[764,1665,1930,2147,2378,2383],"class_list":["post-111837","post","type-post","status-publish","format-standard","has-post-thumbnail","category-carisma-salesiano-pt","category-ifma-pt-pt","tag-conselheira-para-a-comunicacao-social","tag-spiritualita-salesiana-pt-pt","tag-focus-pt-pt","tag-preghiera-pt-pt","tag-madre-chiara-cazzuola-pt-pt","tag-maria-pt-pt"],"yoast_head":"<!-- This site is optimized with the Yoast SEO plugin v27.4 - https:\/\/yoast.com\/product\/yoast-seo-wordpress\/ -->\n<title>O mundo canta a Maria &#8226; Istituto Figlie di Maria Ausiliatrice<\/title>\n<meta name=\"description\" content=\"No dia 30 de maio de 2024, com transmiss\u00e3o ao vivo \u00e0s 14h30, acontecer\u00e1 um Festival Mariano que reunir\u00e1 as vozes de todo o mundo salesiano num canto de louvor \u00e0 M\u00e3e de toda a humanidade.\" \/>\n<meta name=\"robots\" content=\"index, follow, max-snippet:-1, max-image-preview:large, max-video-preview:-1\" \/>\n<link rel=\"canonical\" href=\"https:\/\/www.cgfmanet.org\/pt-pt\/ifma-pt-pt\/o-mundo-canta-a-maria\/\" \/>\n<meta property=\"og:locale\" content=\"pt_PT\" \/>\n<meta property=\"og:type\" content=\"article\" \/>\n<meta property=\"og:title\" content=\"O mundo canta a Maria &#8226; Istituto Figlie di Maria Ausiliatrice\" \/>\n<meta property=\"og:description\" content=\"No dia 30 de maio de 2024, com transmiss\u00e3o ao vivo \u00e0s 14h30, acontecer\u00e1 um Festival Mariano que reunir\u00e1 as vozes de todo o mundo salesiano num canto de louvor \u00e0 M\u00e3e de toda a humanidade.\" \/>\n<meta property=\"og:url\" content=\"https:\/\/www.cgfmanet.org\/pt-pt\/ifma-pt-pt\/o-mundo-canta-a-maria\/\" \/>\n<meta property=\"og:site_name\" content=\"Istituto Figlie di Maria Ausiliatrice\" \/>\n<meta property=\"article:publisher\" content=\"https:\/\/www.facebook.com\/salesian.sisters.of.don.bosco\/\" \/>\n<meta property=\"article:published_time\" content=\"2024-05-24T10:22:23+00:00\" \/>\n<meta property=\"article:modified_time\" content=\"2024-05-25T13:13:30+00:00\" \/>\n<meta property=\"og:image\" content=\"https:\/\/www.cgfmanet.org\/wp-content\/uploads\/2024\/05\/Il-mondo-canta-a-Maria_sito.jpg\" \/>\n\t<meta property=\"og:image:width\" content=\"1407\" \/>\n\t<meta property=\"og:image:height\" content=\"938\" \/>\n\t<meta property=\"og:image:type\" content=\"image\/jpeg\" \/>\n<meta name=\"author\" content=\"Redazione\" \/>\n<meta name=\"twitter:card\" content=\"summary_large_image\" \/>\n<meta name=\"twitter:creator\" content=\"@Cgfmanet_Org\" \/>\n<meta name=\"twitter:site\" content=\"@Cgfmanet_Org\" \/>\n<meta name=\"twitter:label1\" content=\"Escrito por\" \/>\n\t<meta name=\"twitter:data1\" content=\"Redazione\" \/>\n\t<meta name=\"twitter:label2\" content=\"Tempo estimado de leitura\" \/>\n\t<meta name=\"twitter:data2\" content=\"2 minutos\" \/>\n<script type=\"application\/ld+json\" class=\"yoast-schema-graph\">{\"@context\":\"https:\\\/\\\/schema.org\",\"@graph\":[{\"@type\":\"Article\",\"@id\":\"https:\\\/\\\/www.cgfmanet.org\\\/pt-pt\\\/ifma-pt-pt\\\/o-mundo-canta-a-maria\\\/#article\",\"isPartOf\":{\"@id\":\"https:\\\/\\\/www.cgfmanet.org\\\/pt-pt\\\/ifma-pt-pt\\\/o-mundo-canta-a-maria\\\/\"},\"author\":{\"name\":\"Redazione\",\"@id\":\"https:\\\/\\\/www.cgfmanet.org\\\/es\\\/#\\\/schema\\\/person\\\/ce6473083f53ef0ef882cca23f0c8fb9\"},\"headline\":\"O mundo canta a Maria\",\"datePublished\":\"2024-05-24T10:22:23+00:00\",\"dateModified\":\"2024-05-25T13:13:30+00:00\",\"mainEntityOfPage\":{\"@id\":\"https:\\\/\\\/www.cgfmanet.org\\\/pt-pt\\\/ifma-pt-pt\\\/o-mundo-canta-a-maria\\\/\"},\"wordCount\":320,\"commentCount\":0,\"publisher\":{\"@id\":\"https:\\\/\\\/www.cgfmanet.org\\\/es\\\/#organization\"},\"image\":{\"@id\":\"https:\\\/\\\/www.cgfmanet.org\\\/pt-pt\\\/ifma-pt-pt\\\/o-mundo-canta-a-maria\\\/#primaryimage\"},\"thumbnailUrl\":\"https:\\\/\\\/www.cgfmanet.org\\\/wp-content\\\/uploads\\\/2024\\\/05\\\/Il-mondo-canta-a-Maria_sito.jpg\",\"keywords\":[\"Conselheira para a Comunica\u00e7\u00e3o Social\",\"Spiritualit\u00e0 Salesiana\",\"Focus\",\"Preghiera\",\"Madre Chiara Cazzuola\",\"Maria\"],\"articleSection\":[\"Carisma Salesiano\",\"IFMA\"],\"inLanguage\":\"pt-PT\",\"potentialAction\":[{\"@type\":\"CommentAction\",\"name\":\"Comment\",\"target\":[\"https:\\\/\\\/www.cgfmanet.org\\\/pt-pt\\\/ifma-pt-pt\\\/o-mundo-canta-a-maria\\\/#respond\"]}]},{\"@type\":\"WebPage\",\"@id\":\"https:\\\/\\\/www.cgfmanet.org\\\/pt-pt\\\/ifma-pt-pt\\\/o-mundo-canta-a-maria\\\/\",\"url\":\"https:\\\/\\\/www.cgfmanet.org\\\/pt-pt\\\/ifma-pt-pt\\\/o-mundo-canta-a-maria\\\/\",\"name\":\"O mundo canta a Maria &#8226; Istituto Figlie di Maria Ausiliatrice\",\"isPartOf\":{\"@id\":\"https:\\\/\\\/www.cgfmanet.org\\\/es\\\/#website\"},\"primaryImageOfPage\":{\"@id\":\"https:\\\/\\\/www.cgfmanet.org\\\/pt-pt\\\/ifma-pt-pt\\\/o-mundo-canta-a-maria\\\/#primaryimage\"},\"image\":{\"@id\":\"https:\\\/\\\/www.cgfmanet.org\\\/pt-pt\\\/ifma-pt-pt\\\/o-mundo-canta-a-maria\\\/#primaryimage\"},\"thumbnailUrl\":\"https:\\\/\\\/www.cgfmanet.org\\\/wp-content\\\/uploads\\\/2024\\\/05\\\/Il-mondo-canta-a-Maria_sito.jpg\",\"datePublished\":\"2024-05-24T10:22:23+00:00\",\"dateModified\":\"2024-05-25T13:13:30+00:00\",\"description\":\"No dia 30 de maio de 2024, com transmiss\u00e3o ao vivo \u00e0s 14h30, acontecer\u00e1 um Festival Mariano que reunir\u00e1 as vozes de todo o mundo salesiano num canto de louvor \u00e0 M\u00e3e de toda a humanidade.\",\"breadcrumb\":{\"@id\":\"https:\\\/\\\/www.cgfmanet.org\\\/pt-pt\\\/ifma-pt-pt\\\/o-mundo-canta-a-maria\\\/#breadcrumb\"},\"inLanguage\":\"pt-PT\",\"potentialAction\":[{\"@type\":\"ReadAction\",\"target\":[\"https:\\\/\\\/www.cgfmanet.org\\\/pt-pt\\\/ifma-pt-pt\\\/o-mundo-canta-a-maria\\\/\"]}]},{\"@type\":\"ImageObject\",\"inLanguage\":\"pt-PT\",\"@id\":\"https:\\\/\\\/www.cgfmanet.org\\\/pt-pt\\\/ifma-pt-pt\\\/o-mundo-canta-a-maria\\\/#primaryimage\",\"url\":\"https:\\\/\\\/www.cgfmanet.org\\\/wp-content\\\/uploads\\\/2024\\\/05\\\/Il-mondo-canta-a-Maria_sito.jpg\",\"contentUrl\":\"https:\\\/\\\/www.cgfmanet.org\\\/wp-content\\\/uploads\\\/2024\\\/05\\\/Il-mondo-canta-a-Maria_sito.jpg\",\"width\":1407,\"height\":938},{\"@type\":\"BreadcrumbList\",\"@id\":\"https:\\\/\\\/www.cgfmanet.org\\\/pt-pt\\\/ifma-pt-pt\\\/o-mundo-canta-a-maria\\\/#breadcrumb\",\"itemListElement\":[{\"@type\":\"ListItem\",\"position\":1,\"name\":\"Home\",\"item\":\"https:\\\/\\\/www.cgfmanet.org\\\/pt-pt\\\/\"},{\"@type\":\"ListItem\",\"position\":2,\"name\":\"O mundo canta a Maria\"}]},{\"@type\":\"WebSite\",\"@id\":\"https:\\\/\\\/www.cgfmanet.org\\\/es\\\/#website\",\"url\":\"https:\\\/\\\/www.cgfmanet.org\\\/es\\\/\",\"name\":\"Istituto Figlie di Maria Ausiliatrice\",\"description\":\"Salesiane di Don Bosco\",\"publisher\":{\"@id\":\"https:\\\/\\\/www.cgfmanet.org\\\/es\\\/#organization\"},\"potentialAction\":[{\"@type\":\"SearchAction\",\"target\":{\"@type\":\"EntryPoint\",\"urlTemplate\":\"https:\\\/\\\/www.cgfmanet.org\\\/es\\\/?s={search_term_string}\"},\"query-input\":{\"@type\":\"PropertyValueSpecification\",\"valueRequired\":true,\"valueName\":\"search_term_string\"}}],\"inLanguage\":\"pt-PT\"},{\"@type\":\"Organization\",\"@id\":\"https:\\\/\\\/www.cgfmanet.org\\\/es\\\/#organization\",\"name\":\"Istituto Figlie di Maria Ausiliatrice\",\"url\":\"https:\\\/\\\/www.cgfmanet.org\\\/es\\\/\",\"logo\":{\"@type\":\"ImageObject\",\"inLanguage\":\"pt-PT\",\"@id\":\"https:\\\/\\\/www.cgfmanet.org\\\/es\\\/#\\\/schema\\\/logo\\\/image\\\/\",\"url\":\"https:\\\/\\\/www.cgfmanet.org\\\/wp-content\\\/uploads\\\/2018\\\/10\\\/logo-fma.png\",\"contentUrl\":\"https:\\\/\\\/www.cgfmanet.org\\\/wp-content\\\/uploads\\\/2018\\\/10\\\/logo-fma.png\",\"width\":214,\"height\":55,\"caption\":\"Istituto Figlie di Maria Ausiliatrice\"},\"image\":{\"@id\":\"https:\\\/\\\/www.cgfmanet.org\\\/es\\\/#\\\/schema\\\/logo\\\/image\\\/\"},\"sameAs\":[\"https:\\\/\\\/www.facebook.com\\\/salesian.sisters.of.don.bosco\\\/\",\"https:\\\/\\\/x.com\\\/Cgfmanet_Org\",\"https:\\\/\\\/www.youtube.com\\\/channel\\\/UCmcr8yFQBV7JXeXVxyV9y5Q\"]},{\"@type\":\"Person\",\"@id\":\"https:\\\/\\\/www.cgfmanet.org\\\/es\\\/#\\\/schema\\\/person\\\/ce6473083f53ef0ef882cca23f0c8fb9\",\"name\":\"Redazione\"}]}<\/script>\n<!-- \/ Yoast SEO plugin. -->","yoast_head_json":{"title":"O mundo canta a Maria &#8226; Istituto Figlie di Maria Ausiliatrice","description":"No dia 30 de maio de 2024, com transmiss\u00e3o ao vivo \u00e0s 14h30, acontecer\u00e1 um Festival Mariano que reunir\u00e1 as vozes de todo o mundo salesiano num canto de louvor \u00e0 M\u00e3e de toda a humanidade.","robots":{"index":"index","follow":"follow","max-snippet":"max-snippet:-1","max-image-preview":"max-image-preview:large","max-video-preview":"max-video-preview:-1"},"canonical":"https:\/\/www.cgfmanet.org\/pt-pt\/ifma-pt-pt\/o-mundo-canta-a-maria\/","og_locale":"pt_PT","og_type":"article","og_title":"O mundo canta a Maria &#8226; Istituto Figlie di Maria Ausiliatrice","og_description":"No dia 30 de maio de 2024, com transmiss\u00e3o ao vivo \u00e0s 14h30, acontecer\u00e1 um Festival Mariano que reunir\u00e1 as vozes de todo o mundo salesiano num canto de louvor \u00e0 M\u00e3e de toda a humanidade.","og_url":"https:\/\/www.cgfmanet.org\/pt-pt\/ifma-pt-pt\/o-mundo-canta-a-maria\/","og_site_name":"Istituto Figlie di Maria Ausiliatrice","article_publisher":"https:\/\/www.facebook.com\/salesian.sisters.of.don.bosco\/","article_published_time":"2024-05-24T10:22:23+00:00","article_modified_time":"2024-05-25T13:13:30+00:00","og_image":[{"width":1407,"height":938,"url":"https:\/\/www.cgfmanet.org\/wp-content\/uploads\/2024\/05\/Il-mondo-canta-a-Maria_sito.jpg","type":"image\/jpeg"}],"author":"Redazione","twitter_card":"summary_large_image","twitter_creator":"@Cgfmanet_Org","twitter_site":"@Cgfmanet_Org","twitter_misc":{"Escrito por":"Redazione","Tempo estimado de leitura":"2 minutos"},"schema":{"@context":"https:\/\/schema.org","@graph":[{"@type":"Article","@id":"https:\/\/www.cgfmanet.org\/pt-pt\/ifma-pt-pt\/o-mundo-canta-a-maria\/#article","isPartOf":{"@id":"https:\/\/www.cgfmanet.org\/pt-pt\/ifma-pt-pt\/o-mundo-canta-a-maria\/"},"author":{"name":"Redazione","@id":"https:\/\/www.cgfmanet.org\/es\/#\/schema\/person\/ce6473083f53ef0ef882cca23f0c8fb9"},"headline":"O mundo canta a Maria","datePublished":"2024-05-24T10:22:23+00:00","dateModified":"2024-05-25T13:13:30+00:00","mainEntityOfPage":{"@id":"https:\/\/www.cgfmanet.org\/pt-pt\/ifma-pt-pt\/o-mundo-canta-a-maria\/"},"wordCount":320,"commentCount":0,"publisher":{"@id":"https:\/\/www.cgfmanet.org\/es\/#organization"},"image":{"@id":"https:\/\/www.cgfmanet.org\/pt-pt\/ifma-pt-pt\/o-mundo-canta-a-maria\/#primaryimage"},"thumbnailUrl":"https:\/\/www.cgfmanet.org\/wp-content\/uploads\/2024\/05\/Il-mondo-canta-a-Maria_sito.jpg","keywords":["Conselheira para a Comunica\u00e7\u00e3o Social","Spiritualit\u00e0 Salesiana","Focus","Preghiera","Madre Chiara Cazzuola","Maria"],"articleSection":["Carisma Salesiano","IFMA"],"inLanguage":"pt-PT","potentialAction":[{"@type":"CommentAction","name":"Comment","target":["https:\/\/www.cgfmanet.org\/pt-pt\/ifma-pt-pt\/o-mundo-canta-a-maria\/#respond"]}]},{"@type":"WebPage","@id":"https:\/\/www.cgfmanet.org\/pt-pt\/ifma-pt-pt\/o-mundo-canta-a-maria\/","url":"https:\/\/www.cgfmanet.org\/pt-pt\/ifma-pt-pt\/o-mundo-canta-a-maria\/","name":"O mundo canta a Maria &#8226; Istituto Figlie di Maria Ausiliatrice","isPartOf":{"@id":"https:\/\/www.cgfmanet.org\/es\/#website"},"primaryImageOfPage":{"@id":"https:\/\/www.cgfmanet.org\/pt-pt\/ifma-pt-pt\/o-mundo-canta-a-maria\/#primaryimage"},"image":{"@id":"https:\/\/www.cgfmanet.org\/pt-pt\/ifma-pt-pt\/o-mundo-canta-a-maria\/#primaryimage"},"thumbnailUrl":"https:\/\/www.cgfmanet.org\/wp-content\/uploads\/2024\/05\/Il-mondo-canta-a-Maria_sito.jpg","datePublished":"2024-05-24T10:22:23+00:00","dateModified":"2024-05-25T13:13:30+00:00","description":"No dia 30 de maio de 2024, com transmiss\u00e3o ao vivo \u00e0s 14h30, acontecer\u00e1 um Festival Mariano que reunir\u00e1 as vozes de todo o mundo salesiano num canto de louvor \u00e0 M\u00e3e de toda a humanidade.","breadcrumb":{"@id":"https:\/\/www.cgfmanet.org\/pt-pt\/ifma-pt-pt\/o-mundo-canta-a-maria\/#breadcrumb"},"inLanguage":"pt-PT","potentialAction":[{"@type":"ReadAction","target":["https:\/\/www.cgfmanet.org\/pt-pt\/ifma-pt-pt\/o-mundo-canta-a-maria\/"]}]},{"@type":"ImageObject","inLanguage":"pt-PT","@id":"https:\/\/www.cgfmanet.org\/pt-pt\/ifma-pt-pt\/o-mundo-canta-a-maria\/#primaryimage","url":"https:\/\/www.cgfmanet.org\/wp-content\/uploads\/2024\/05\/Il-mondo-canta-a-Maria_sito.jpg","contentUrl":"https:\/\/www.cgfmanet.org\/wp-content\/uploads\/2024\/05\/Il-mondo-canta-a-Maria_sito.jpg","width":1407,"height":938},{"@type":"BreadcrumbList","@id":"https:\/\/www.cgfmanet.org\/pt-pt\/ifma-pt-pt\/o-mundo-canta-a-maria\/#breadcrumb","itemListElement":[{"@type":"ListItem","position":1,"name":"Home","item":"https:\/\/www.cgfmanet.org\/pt-pt\/"},{"@type":"ListItem","position":2,"name":"O mundo canta a Maria"}]},{"@type":"WebSite","@id":"https:\/\/www.cgfmanet.org\/es\/#website","url":"https:\/\/www.cgfmanet.org\/es\/","name":"Istituto Figlie di Maria Ausiliatrice","description":"Salesiane di Don Bosco","publisher":{"@id":"https:\/\/www.cgfmanet.org\/es\/#organization"},"potentialAction":[{"@type":"SearchAction","target":{"@type":"EntryPoint","urlTemplate":"https:\/\/www.cgfmanet.org\/es\/?s={search_term_string}"},"query-input":{"@type":"PropertyValueSpecification","valueRequired":true,"valueName":"search_term_string"}}],"inLanguage":"pt-PT"},{"@type":"Organization","@id":"https:\/\/www.cgfmanet.org\/es\/#organization","name":"Istituto Figlie di Maria Ausiliatrice","url":"https:\/\/www.cgfmanet.org\/es\/","logo":{"@type":"ImageObject","inLanguage":"pt-PT","@id":"https:\/\/www.cgfmanet.org\/es\/#\/schema\/logo\/image\/","url":"https:\/\/www.cgfmanet.org\/wp-content\/uploads\/2018\/10\/logo-fma.png","contentUrl":"https:\/\/www.cgfmanet.org\/wp-content\/uploads\/2018\/10\/logo-fma.png","width":214,"height":55,"caption":"Istituto Figlie di Maria Ausiliatrice"},"image":{"@id":"https:\/\/www.cgfmanet.org\/es\/#\/schema\/logo\/image\/"},"sameAs":["https:\/\/www.facebook.com\/salesian.sisters.of.don.bosco\/","https:\/\/x.com\/Cgfmanet_Org","https:\/\/www.youtube.com\/channel\/UCmcr8yFQBV7JXeXVxyV9y5Q"]},{"@type":"Person","@id":"https:\/\/www.cgfmanet.org\/es\/#\/schema\/person\/ce6473083f53ef0ef882cca23f0c8fb9","name":"Redazione"}]}},"_links":{"self":[{"href":"https:\/\/www.cgfmanet.org\/pt-pt\/wp-json\/wp\/v2\/posts\/111837","targetHints":{"allow":["GET"]}}],"collection":[{"href":"https:\/\/www.cgfmanet.org\/pt-pt\/wp-json\/wp\/v2\/posts"}],"about":[{"href":"https:\/\/www.cgfmanet.org\/pt-pt\/wp-json\/wp\/v2\/types\/post"}],"author":[{"embeddable":true,"href":"https:\/\/www.cgfmanet.org\/pt-pt\/wp-json\/wp\/v2\/users\/21"}],"replies":[{"embeddable":true,"href":"https:\/\/www.cgfmanet.org\/pt-pt\/wp-json\/wp\/v2\/comments?post=111837"}],"version-history":[{"count":2,"href":"https:\/\/www.cgfmanet.org\/pt-pt\/wp-json\/wp\/v2\/posts\/111837\/revisions"}],"predecessor-version":[{"id":111847,"href":"https:\/\/www.cgfmanet.org\/pt-pt\/wp-json\/wp\/v2\/posts\/111837\/revisions\/111847"}],"wp:featuredmedia":[{"embeddable":true,"href":"https:\/\/www.cgfmanet.org\/pt-pt\/wp-json\/wp\/v2\/media\/111830"}],"wp:attachment":[{"href":"https:\/\/www.cgfmanet.org\/pt-pt\/wp-json\/wp\/v2\/media?parent=111837"}],"wp:term":[{"taxonomy":"category","embeddable":true,"href":"https:\/\/www.cgfmanet.org\/pt-pt\/wp-json\/wp\/v2\/categories?post=111837"},{"taxonomy":"post_tag","embeddable":true,"href":"https:\/\/www.cgfmanet.org\/pt-pt\/wp-json\/wp\/v2\/tags?post=111837"}],"curies":[{"name":"wp","href":"https:\/\/api.w.org\/{rel}","templated":true}]}}