{"id":111797,"date":"2024-05-24T11:19:36","date_gmt":"2024-05-24T09:19:36","guid":{"rendered":"https:\/\/www.cgfmanet.org\/infosfera-pt-pt\/il-canto-io-ti-daro-la-maestra\/"},"modified":"2024-05-24T22:28:06","modified_gmt":"2024-05-24T20:28:06","slug":"o-canto-eu-te-darei-a-mestra","status":"publish","type":"post","link":"https:\/\/www.cgfmanet.org\/pt-pt\/ifma-pt-pt\/o-canto-eu-te-darei-a-mestra\/","title":{"rendered":"O canto &#8220;Eu te darei a Mestra&#8221;"},"content":{"rendered":"<p><strong>Roma (It\u00e1lia).<\/strong> No dia 24 de maio de 2024, por ocasi\u00e3o da solenidade de Maria Auxiliadora, Maria Dina Bertotti, professora de religi\u00e3o e autora de diversas medita\u00e7\u00f5es musicais, entre as outras inspiradas na vida de Madre Mazzarello e Madre Catarina Daghero, prop\u00f5e o seu testemunho de autora do texto do canto &#8220;Eu te darei a Mestra&#8221; (Texto: Maria Dina Bertotti, M\u00fasica: Luca Canneto).<\/p>\n<div class=\"youtube-embed\" data-video_id=\"u1c-43KFpp0\"><iframe title=\"IO TI DAR\u00d2 LA MAESTRA (musica: Luca Canneto - testo: Maria Dina Bertotti)\" width=\"696\" height=\"522\" data-src=\"https:\/\/www.youtube.com\/embed\/u1c-43KFpp0?feature=oembed&#038;enablejsapi=1\" frameborder=\"0\" allow=\"accelerometer; autoplay; clipboard-write; encrypted-media; gyroscope; picture-in-picture; web-share\" referrerpolicy=\"strict-origin-when-cross-origin\" allowfullscreen src=\"data:image\/svg+xml;base64,PHN2ZyB3aWR0aD0iMSIgaGVpZ2h0PSIxIiB4bWxucz0iaHR0cDovL3d3dy53My5vcmcvMjAwMC9zdmciPjwvc3ZnPg==\" class=\"lazyload\" data-load-mode=\"1\"><\/iframe><\/div>\n<p><em>Quando me foi proposto, percebi um tema, um t\u00edtulo que me agradou logo. Pediram-me que o transformasse num canto que pudesse introduzir de vez em quando o <strong><span style=\"color: #0000ff;\"><a style=\"color: #0000ff;\" href=\"https:\/\/www.cgfmanet.org\/pt-pt\/ifma-pt-pt\/eu-te-darei-a-mestra\/\" target=\"_blank\" rel=\"noopener\">Curso de forma\u00e7\u00e3o on-line<\/a> <\/span><\/strong><\/em><em>sobre Maria proposto pelo \u00c2mbito da Fam\u00edlia Salesiana do Instituto das Filhas de Maria Auxiliadora, em colabora\u00e7\u00e3o com a Pontif\u00edcia Faculdade de Ci\u00eancias \u00a0da Educa\u00e7\u00e3o \u00abAuxilium\u00bb para aprofundar e revitalizar a dimens\u00e3o mariana do Carisma.<\/em><\/p>\n<p><strong><em>\u201cEu te darei a Mestra\u201d<\/em><\/strong><em>, um t\u00edtulo fortemente evocativo, que nos remete a uma outra data importante da hist\u00f3ria salesiana: os duzentos anos do sonho dos \u201cnove anos\u201d, \u00a0um sonho program\u00e1tico que orientou toda a vida de Jo\u00e3ozinho Bosco.<\/em><\/p>\n<p><em>Maria foi e ainda \u00e9 Mestra, prote\u00e7\u00e3o segura nas adversidades da vida, educadora s\u00e1bia que atrav\u00e9s da pedagogia do cora\u00e7\u00e3o nos ensina a autenticidade do encontro e nos conduz ao Senhor. \u201cSeguro ref\u00fagio o seu manto&#8230; certeza de para\u00edso!\u201d.<\/em><\/p>\n<p><em>Maria abra\u00e7ou todo o horizonte da experi\u00eancia b\u00edblica, continuando a ser ponto de refer\u00eancia importante tamb\u00e9m na tradi\u00e7\u00e3o e no Magist\u00e9rio da Igreja. Justamente por isso a chamei \u201cAncilla Domini\u201d e \u201cEstrela da Manh\u00e3\u201d, a estrela que acompanha o homem at\u00e9 o surgimento do novo dia. Nomes antigos que chegaram at\u00e9 n\u00f3s, ricos de tanta poesia e devo\u00e7\u00e3o.<\/em><\/p>\n<p><em>Maria pegou Jo\u00e3o Bosco pela m\u00e3o, mostrou-lhe o seu campo, indicou-lhe o caminho, tornou-se para ele presen\u00e7a preciosa&#8230; A M\u00e3e!<\/em><\/p>\n<p><em>E n\u00e3o poderia deixar de agradecer! Gratid\u00e3o grande e vis\u00edvel! Aquele \u201cmonumento vivo\u201d que s\u00e3o as suas Filhas que em toda a parte do mundo a honram e a invocam como M\u00e3e poderosa e Auxiliadora. <\/em><\/p>\n<p><em>O compromisso se renova e se encarna no hoje. Por isso \u201cpedimos para amar com teu pr\u00f3prio cora\u00e7\u00e3o, chamas ardentes de fraternidade\u201d.<\/em><\/p>\n<p><em>Que cada um sinta forte em si esta palavra. \u201cEu te darei a Mestra!\u201d. \u00c9 a certeza de n\u00e3o estar mais sozinhos<\/em>.<\/p>\n","protected":false},"excerpt":{"rendered":"<p>Roma (It\u00e1lia). No dia 24 de maio de 2024, por ocasi\u00e3o da solenidade de Maria Auxiliadora, Maria Dina Bertotti, professora de religi\u00e3o e autora de diversas medita\u00e7\u00f5es musicais, entre as [&hellip;]<\/p>\n","protected":false},"author":21,"featured_media":111793,"comment_status":"open","ping_status":"closed","sticky":false,"template":"","format":"standard","meta":{"footnotes":""},"categories":[166,159],"tags":[1665,1930,1934,2383],"class_list":["post-111797","post","type-post","status-publish","format-standard","has-post-thumbnail","category-carisma-salesiano-pt","category-ifma-pt-pt","tag-spiritualita-salesiana-pt-pt","tag-focus-pt-pt","tag-maria-auxiliadora-por","tag-maria-pt-pt"],"yoast_head":"<!-- This site is optimized with the Yoast SEO plugin v27.4 - https:\/\/yoast.com\/product\/yoast-seo-wordpress\/ -->\n<title>O canto &quot;Eu te darei a Mestra&quot; &#8226; Istituto Figlie di Maria Ausiliatrice<\/title>\n<meta name=\"description\" content=\"Por ocasi\u00e3o da Solenidade de Maria Auxiliadora, no dia 24 de maio de 2024, Maria Dina Bertotti prop\u00f5e o seu testemunho de autora do texto do canto \u201cEu te darei a Mestra\u201d.\" \/>\n<meta name=\"robots\" content=\"index, follow, max-snippet:-1, max-image-preview:large, max-video-preview:-1\" \/>\n<link rel=\"canonical\" href=\"https:\/\/www.cgfmanet.org\/pt-pt\/ifma-pt-pt\/o-canto-eu-te-darei-a-mestra\/\" \/>\n<meta property=\"og:locale\" content=\"pt_PT\" \/>\n<meta property=\"og:type\" content=\"article\" \/>\n<meta property=\"og:title\" content=\"O canto &quot;Eu te darei a Mestra&quot; &#8226; Istituto Figlie di Maria Ausiliatrice\" \/>\n<meta property=\"og:description\" content=\"Por ocasi\u00e3o da Solenidade de Maria Auxiliadora, no dia 24 de maio de 2024, Maria Dina Bertotti prop\u00f5e o seu testemunho de autora do texto do canto \u201cEu te darei a Mestra\u201d.\" \/>\n<meta property=\"og:url\" content=\"https:\/\/www.cgfmanet.org\/pt-pt\/ifma-pt-pt\/o-canto-eu-te-darei-a-mestra\/\" \/>\n<meta property=\"og:site_name\" content=\"Istituto Figlie di Maria Ausiliatrice\" \/>\n<meta property=\"article:publisher\" content=\"https:\/\/www.facebook.com\/salesian.sisters.of.don.bosco\/\" \/>\n<meta property=\"article:published_time\" content=\"2024-05-24T09:19:36+00:00\" \/>\n<meta property=\"article:modified_time\" content=\"2024-05-24T20:28:06+00:00\" \/>\n<meta property=\"og:image\" content=\"https:\/\/www.cgfmanet.org\/wp-content\/uploads\/2024\/05\/Maria-Maestra.jpg\" \/>\n\t<meta property=\"og:image:width\" content=\"1181\" \/>\n\t<meta property=\"og:image:height\" content=\"788\" \/>\n\t<meta property=\"og:image:type\" content=\"image\/jpeg\" \/>\n<meta name=\"author\" content=\"Redazione\" \/>\n<meta name=\"twitter:card\" content=\"summary_large_image\" \/>\n<meta name=\"twitter:creator\" content=\"@Cgfmanet_Org\" \/>\n<meta name=\"twitter:site\" content=\"@Cgfmanet_Org\" \/>\n<meta name=\"twitter:label1\" content=\"Escrito por\" \/>\n\t<meta name=\"twitter:data1\" content=\"Redazione\" \/>\n\t<meta name=\"twitter:label2\" content=\"Tempo estimado de leitura\" \/>\n\t<meta name=\"twitter:data2\" content=\"3 minutos\" \/>\n<script type=\"application\/ld+json\" class=\"yoast-schema-graph\">{\"@context\":\"https:\\\/\\\/schema.org\",\"@graph\":[{\"@type\":\"Article\",\"@id\":\"https:\\\/\\\/www.cgfmanet.org\\\/pt-pt\\\/ifma-pt-pt\\\/o-canto-eu-te-darei-a-mestra\\\/#article\",\"isPartOf\":{\"@id\":\"https:\\\/\\\/www.cgfmanet.org\\\/pt-pt\\\/ifma-pt-pt\\\/o-canto-eu-te-darei-a-mestra\\\/\"},\"author\":{\"name\":\"Redazione\",\"@id\":\"https:\\\/\\\/www.cgfmanet.org\\\/es\\\/#\\\/schema\\\/person\\\/ce6473083f53ef0ef882cca23f0c8fb9\"},\"headline\":\"O canto &#8220;Eu te darei a Mestra&#8221;\",\"datePublished\":\"2024-05-24T09:19:36+00:00\",\"dateModified\":\"2024-05-24T20:28:06+00:00\",\"mainEntityOfPage\":{\"@id\":\"https:\\\/\\\/www.cgfmanet.org\\\/pt-pt\\\/ifma-pt-pt\\\/o-canto-eu-te-darei-a-mestra\\\/\"},\"wordCount\":421,\"commentCount\":1,\"publisher\":{\"@id\":\"https:\\\/\\\/www.cgfmanet.org\\\/es\\\/#organization\"},\"image\":{\"@id\":\"https:\\\/\\\/www.cgfmanet.org\\\/pt-pt\\\/ifma-pt-pt\\\/o-canto-eu-te-darei-a-mestra\\\/#primaryimage\"},\"thumbnailUrl\":\"https:\\\/\\\/www.cgfmanet.org\\\/wp-content\\\/uploads\\\/2024\\\/05\\\/Maria-Maestra.jpg\",\"keywords\":[\"Spiritualit\u00e0 Salesiana\",\"Focus\",\"Maria Auxiliadora\",\"Maria\"],\"articleSection\":[\"Carisma Salesiano\",\"IFMA\"],\"inLanguage\":\"pt-PT\",\"potentialAction\":[{\"@type\":\"CommentAction\",\"name\":\"Comment\",\"target\":[\"https:\\\/\\\/www.cgfmanet.org\\\/pt-pt\\\/ifma-pt-pt\\\/o-canto-eu-te-darei-a-mestra\\\/#respond\"]}]},{\"@type\":\"WebPage\",\"@id\":\"https:\\\/\\\/www.cgfmanet.org\\\/pt-pt\\\/ifma-pt-pt\\\/o-canto-eu-te-darei-a-mestra\\\/\",\"url\":\"https:\\\/\\\/www.cgfmanet.org\\\/pt-pt\\\/ifma-pt-pt\\\/o-canto-eu-te-darei-a-mestra\\\/\",\"name\":\"O canto \\\"Eu te darei a Mestra\\\" &#8226; Istituto Figlie di Maria Ausiliatrice\",\"isPartOf\":{\"@id\":\"https:\\\/\\\/www.cgfmanet.org\\\/es\\\/#website\"},\"primaryImageOfPage\":{\"@id\":\"https:\\\/\\\/www.cgfmanet.org\\\/pt-pt\\\/ifma-pt-pt\\\/o-canto-eu-te-darei-a-mestra\\\/#primaryimage\"},\"image\":{\"@id\":\"https:\\\/\\\/www.cgfmanet.org\\\/pt-pt\\\/ifma-pt-pt\\\/o-canto-eu-te-darei-a-mestra\\\/#primaryimage\"},\"thumbnailUrl\":\"https:\\\/\\\/www.cgfmanet.org\\\/wp-content\\\/uploads\\\/2024\\\/05\\\/Maria-Maestra.jpg\",\"datePublished\":\"2024-05-24T09:19:36+00:00\",\"dateModified\":\"2024-05-24T20:28:06+00:00\",\"description\":\"Por ocasi\u00e3o da Solenidade de Maria Auxiliadora, no dia 24 de maio de 2024, Maria Dina Bertotti prop\u00f5e o seu testemunho de autora do texto do canto \u201cEu te darei a Mestra\u201d.\",\"breadcrumb\":{\"@id\":\"https:\\\/\\\/www.cgfmanet.org\\\/pt-pt\\\/ifma-pt-pt\\\/o-canto-eu-te-darei-a-mestra\\\/#breadcrumb\"},\"inLanguage\":\"pt-PT\",\"potentialAction\":[{\"@type\":\"ReadAction\",\"target\":[\"https:\\\/\\\/www.cgfmanet.org\\\/pt-pt\\\/ifma-pt-pt\\\/o-canto-eu-te-darei-a-mestra\\\/\"]}]},{\"@type\":\"ImageObject\",\"inLanguage\":\"pt-PT\",\"@id\":\"https:\\\/\\\/www.cgfmanet.org\\\/pt-pt\\\/ifma-pt-pt\\\/o-canto-eu-te-darei-a-mestra\\\/#primaryimage\",\"url\":\"https:\\\/\\\/www.cgfmanet.org\\\/wp-content\\\/uploads\\\/2024\\\/05\\\/Maria-Maestra.jpg\",\"contentUrl\":\"https:\\\/\\\/www.cgfmanet.org\\\/wp-content\\\/uploads\\\/2024\\\/05\\\/Maria-Maestra.jpg\",\"width\":1181,\"height\":788},{\"@type\":\"BreadcrumbList\",\"@id\":\"https:\\\/\\\/www.cgfmanet.org\\\/pt-pt\\\/ifma-pt-pt\\\/o-canto-eu-te-darei-a-mestra\\\/#breadcrumb\",\"itemListElement\":[{\"@type\":\"ListItem\",\"position\":1,\"name\":\"Home\",\"item\":\"https:\\\/\\\/www.cgfmanet.org\\\/pt-pt\\\/\"},{\"@type\":\"ListItem\",\"position\":2,\"name\":\"O canto &#8220;Eu te darei a Mestra&#8221;\"}]},{\"@type\":\"WebSite\",\"@id\":\"https:\\\/\\\/www.cgfmanet.org\\\/es\\\/#website\",\"url\":\"https:\\\/\\\/www.cgfmanet.org\\\/es\\\/\",\"name\":\"Istituto Figlie di Maria Ausiliatrice\",\"description\":\"Salesiane di Don Bosco\",\"publisher\":{\"@id\":\"https:\\\/\\\/www.cgfmanet.org\\\/es\\\/#organization\"},\"potentialAction\":[{\"@type\":\"SearchAction\",\"target\":{\"@type\":\"EntryPoint\",\"urlTemplate\":\"https:\\\/\\\/www.cgfmanet.org\\\/es\\\/?s={search_term_string}\"},\"query-input\":{\"@type\":\"PropertyValueSpecification\",\"valueRequired\":true,\"valueName\":\"search_term_string\"}}],\"inLanguage\":\"pt-PT\"},{\"@type\":\"Organization\",\"@id\":\"https:\\\/\\\/www.cgfmanet.org\\\/es\\\/#organization\",\"name\":\"Istituto Figlie di Maria Ausiliatrice\",\"url\":\"https:\\\/\\\/www.cgfmanet.org\\\/es\\\/\",\"logo\":{\"@type\":\"ImageObject\",\"inLanguage\":\"pt-PT\",\"@id\":\"https:\\\/\\\/www.cgfmanet.org\\\/es\\\/#\\\/schema\\\/logo\\\/image\\\/\",\"url\":\"https:\\\/\\\/www.cgfmanet.org\\\/wp-content\\\/uploads\\\/2018\\\/10\\\/logo-fma.png\",\"contentUrl\":\"https:\\\/\\\/www.cgfmanet.org\\\/wp-content\\\/uploads\\\/2018\\\/10\\\/logo-fma.png\",\"width\":214,\"height\":55,\"caption\":\"Istituto Figlie di Maria Ausiliatrice\"},\"image\":{\"@id\":\"https:\\\/\\\/www.cgfmanet.org\\\/es\\\/#\\\/schema\\\/logo\\\/image\\\/\"},\"sameAs\":[\"https:\\\/\\\/www.facebook.com\\\/salesian.sisters.of.don.bosco\\\/\",\"https:\\\/\\\/x.com\\\/Cgfmanet_Org\",\"https:\\\/\\\/www.youtube.com\\\/channel\\\/UCmcr8yFQBV7JXeXVxyV9y5Q\"]},{\"@type\":\"Person\",\"@id\":\"https:\\\/\\\/www.cgfmanet.org\\\/es\\\/#\\\/schema\\\/person\\\/ce6473083f53ef0ef882cca23f0c8fb9\",\"name\":\"Redazione\"}]}<\/script>\n<!-- \/ Yoast SEO plugin. -->","yoast_head_json":{"title":"O canto \"Eu te darei a Mestra\" &#8226; Istituto Figlie di Maria Ausiliatrice","description":"Por ocasi\u00e3o da Solenidade de Maria Auxiliadora, no dia 24 de maio de 2024, Maria Dina Bertotti prop\u00f5e o seu testemunho de autora do texto do canto \u201cEu te darei a Mestra\u201d.","robots":{"index":"index","follow":"follow","max-snippet":"max-snippet:-1","max-image-preview":"max-image-preview:large","max-video-preview":"max-video-preview:-1"},"canonical":"https:\/\/www.cgfmanet.org\/pt-pt\/ifma-pt-pt\/o-canto-eu-te-darei-a-mestra\/","og_locale":"pt_PT","og_type":"article","og_title":"O canto \"Eu te darei a Mestra\" &#8226; Istituto Figlie di Maria Ausiliatrice","og_description":"Por ocasi\u00e3o da Solenidade de Maria Auxiliadora, no dia 24 de maio de 2024, Maria Dina Bertotti prop\u00f5e o seu testemunho de autora do texto do canto \u201cEu te darei a Mestra\u201d.","og_url":"https:\/\/www.cgfmanet.org\/pt-pt\/ifma-pt-pt\/o-canto-eu-te-darei-a-mestra\/","og_site_name":"Istituto Figlie di Maria Ausiliatrice","article_publisher":"https:\/\/www.facebook.com\/salesian.sisters.of.don.bosco\/","article_published_time":"2024-05-24T09:19:36+00:00","article_modified_time":"2024-05-24T20:28:06+00:00","og_image":[{"width":1181,"height":788,"url":"https:\/\/www.cgfmanet.org\/wp-content\/uploads\/2024\/05\/Maria-Maestra.jpg","type":"image\/jpeg"}],"author":"Redazione","twitter_card":"summary_large_image","twitter_creator":"@Cgfmanet_Org","twitter_site":"@Cgfmanet_Org","twitter_misc":{"Escrito por":"Redazione","Tempo estimado de leitura":"3 minutos"},"schema":{"@context":"https:\/\/schema.org","@graph":[{"@type":"Article","@id":"https:\/\/www.cgfmanet.org\/pt-pt\/ifma-pt-pt\/o-canto-eu-te-darei-a-mestra\/#article","isPartOf":{"@id":"https:\/\/www.cgfmanet.org\/pt-pt\/ifma-pt-pt\/o-canto-eu-te-darei-a-mestra\/"},"author":{"name":"Redazione","@id":"https:\/\/www.cgfmanet.org\/es\/#\/schema\/person\/ce6473083f53ef0ef882cca23f0c8fb9"},"headline":"O canto &#8220;Eu te darei a Mestra&#8221;","datePublished":"2024-05-24T09:19:36+00:00","dateModified":"2024-05-24T20:28:06+00:00","mainEntityOfPage":{"@id":"https:\/\/www.cgfmanet.org\/pt-pt\/ifma-pt-pt\/o-canto-eu-te-darei-a-mestra\/"},"wordCount":421,"commentCount":1,"publisher":{"@id":"https:\/\/www.cgfmanet.org\/es\/#organization"},"image":{"@id":"https:\/\/www.cgfmanet.org\/pt-pt\/ifma-pt-pt\/o-canto-eu-te-darei-a-mestra\/#primaryimage"},"thumbnailUrl":"https:\/\/www.cgfmanet.org\/wp-content\/uploads\/2024\/05\/Maria-Maestra.jpg","keywords":["Spiritualit\u00e0 Salesiana","Focus","Maria Auxiliadora","Maria"],"articleSection":["Carisma Salesiano","IFMA"],"inLanguage":"pt-PT","potentialAction":[{"@type":"CommentAction","name":"Comment","target":["https:\/\/www.cgfmanet.org\/pt-pt\/ifma-pt-pt\/o-canto-eu-te-darei-a-mestra\/#respond"]}]},{"@type":"WebPage","@id":"https:\/\/www.cgfmanet.org\/pt-pt\/ifma-pt-pt\/o-canto-eu-te-darei-a-mestra\/","url":"https:\/\/www.cgfmanet.org\/pt-pt\/ifma-pt-pt\/o-canto-eu-te-darei-a-mestra\/","name":"O canto \"Eu te darei a Mestra\" &#8226; Istituto Figlie di Maria Ausiliatrice","isPartOf":{"@id":"https:\/\/www.cgfmanet.org\/es\/#website"},"primaryImageOfPage":{"@id":"https:\/\/www.cgfmanet.org\/pt-pt\/ifma-pt-pt\/o-canto-eu-te-darei-a-mestra\/#primaryimage"},"image":{"@id":"https:\/\/www.cgfmanet.org\/pt-pt\/ifma-pt-pt\/o-canto-eu-te-darei-a-mestra\/#primaryimage"},"thumbnailUrl":"https:\/\/www.cgfmanet.org\/wp-content\/uploads\/2024\/05\/Maria-Maestra.jpg","datePublished":"2024-05-24T09:19:36+00:00","dateModified":"2024-05-24T20:28:06+00:00","description":"Por ocasi\u00e3o da Solenidade de Maria Auxiliadora, no dia 24 de maio de 2024, Maria Dina Bertotti prop\u00f5e o seu testemunho de autora do texto do canto \u201cEu te darei a Mestra\u201d.","breadcrumb":{"@id":"https:\/\/www.cgfmanet.org\/pt-pt\/ifma-pt-pt\/o-canto-eu-te-darei-a-mestra\/#breadcrumb"},"inLanguage":"pt-PT","potentialAction":[{"@type":"ReadAction","target":["https:\/\/www.cgfmanet.org\/pt-pt\/ifma-pt-pt\/o-canto-eu-te-darei-a-mestra\/"]}]},{"@type":"ImageObject","inLanguage":"pt-PT","@id":"https:\/\/www.cgfmanet.org\/pt-pt\/ifma-pt-pt\/o-canto-eu-te-darei-a-mestra\/#primaryimage","url":"https:\/\/www.cgfmanet.org\/wp-content\/uploads\/2024\/05\/Maria-Maestra.jpg","contentUrl":"https:\/\/www.cgfmanet.org\/wp-content\/uploads\/2024\/05\/Maria-Maestra.jpg","width":1181,"height":788},{"@type":"BreadcrumbList","@id":"https:\/\/www.cgfmanet.org\/pt-pt\/ifma-pt-pt\/o-canto-eu-te-darei-a-mestra\/#breadcrumb","itemListElement":[{"@type":"ListItem","position":1,"name":"Home","item":"https:\/\/www.cgfmanet.org\/pt-pt\/"},{"@type":"ListItem","position":2,"name":"O canto &#8220;Eu te darei a Mestra&#8221;"}]},{"@type":"WebSite","@id":"https:\/\/www.cgfmanet.org\/es\/#website","url":"https:\/\/www.cgfmanet.org\/es\/","name":"Istituto Figlie di Maria Ausiliatrice","description":"Salesiane di Don Bosco","publisher":{"@id":"https:\/\/www.cgfmanet.org\/es\/#organization"},"potentialAction":[{"@type":"SearchAction","target":{"@type":"EntryPoint","urlTemplate":"https:\/\/www.cgfmanet.org\/es\/?s={search_term_string}"},"query-input":{"@type":"PropertyValueSpecification","valueRequired":true,"valueName":"search_term_string"}}],"inLanguage":"pt-PT"},{"@type":"Organization","@id":"https:\/\/www.cgfmanet.org\/es\/#organization","name":"Istituto Figlie di Maria Ausiliatrice","url":"https:\/\/www.cgfmanet.org\/es\/","logo":{"@type":"ImageObject","inLanguage":"pt-PT","@id":"https:\/\/www.cgfmanet.org\/es\/#\/schema\/logo\/image\/","url":"https:\/\/www.cgfmanet.org\/wp-content\/uploads\/2018\/10\/logo-fma.png","contentUrl":"https:\/\/www.cgfmanet.org\/wp-content\/uploads\/2018\/10\/logo-fma.png","width":214,"height":55,"caption":"Istituto Figlie di Maria Ausiliatrice"},"image":{"@id":"https:\/\/www.cgfmanet.org\/es\/#\/schema\/logo\/image\/"},"sameAs":["https:\/\/www.facebook.com\/salesian.sisters.of.don.bosco\/","https:\/\/x.com\/Cgfmanet_Org","https:\/\/www.youtube.com\/channel\/UCmcr8yFQBV7JXeXVxyV9y5Q"]},{"@type":"Person","@id":"https:\/\/www.cgfmanet.org\/es\/#\/schema\/person\/ce6473083f53ef0ef882cca23f0c8fb9","name":"Redazione"}]}},"_links":{"self":[{"href":"https:\/\/www.cgfmanet.org\/pt-pt\/wp-json\/wp\/v2\/posts\/111797","targetHints":{"allow":["GET"]}}],"collection":[{"href":"https:\/\/www.cgfmanet.org\/pt-pt\/wp-json\/wp\/v2\/posts"}],"about":[{"href":"https:\/\/www.cgfmanet.org\/pt-pt\/wp-json\/wp\/v2\/types\/post"}],"author":[{"embeddable":true,"href":"https:\/\/www.cgfmanet.org\/pt-pt\/wp-json\/wp\/v2\/users\/21"}],"replies":[{"embeddable":true,"href":"https:\/\/www.cgfmanet.org\/pt-pt\/wp-json\/wp\/v2\/comments?post=111797"}],"version-history":[{"count":1,"href":"https:\/\/www.cgfmanet.org\/pt-pt\/wp-json\/wp\/v2\/posts\/111797\/revisions"}],"predecessor-version":[{"id":111817,"href":"https:\/\/www.cgfmanet.org\/pt-pt\/wp-json\/wp\/v2\/posts\/111797\/revisions\/111817"}],"wp:featuredmedia":[{"embeddable":true,"href":"https:\/\/www.cgfmanet.org\/pt-pt\/wp-json\/wp\/v2\/media\/111793"}],"wp:attachment":[{"href":"https:\/\/www.cgfmanet.org\/pt-pt\/wp-json\/wp\/v2\/media?parent=111797"}],"wp:term":[{"taxonomy":"category","embeddable":true,"href":"https:\/\/www.cgfmanet.org\/pt-pt\/wp-json\/wp\/v2\/categories?post=111797"},{"taxonomy":"post_tag","embeddable":true,"href":"https:\/\/www.cgfmanet.org\/pt-pt\/wp-json\/wp\/v2\/tags?post=111797"}],"curies":[{"name":"wp","href":"https:\/\/api.w.org\/{rel}","templated":true}]}}