{"id":111165,"date":"2024-05-16T10:21:58","date_gmt":"2024-05-16T08:21:58","guid":{"rendered":"https:\/\/www.cgfmanet.org\/infosfera-pt-pt\/donne-di-speranza-e-testimoni-di-pace\/"},"modified":"2024-05-18T21:58:06","modified_gmt":"2024-05-18T19:58:06","slug":"mulheres-de-esperanca-e-testemunhas-de-paz","status":"publish","type":"post","link":"https:\/\/www.cgfmanet.org\/pt-pt\/ifma-pt-pt\/mulheres-de-esperanca-e-testemunhas-de-paz\/","title":{"rendered":"Mulheres de esperan\u00e7a e testemunhas de paz"},"content":{"rendered":"<p><strong>Roma (It\u00e1lia).<\/strong> De 6 a 30 de maio de 2024, o \u00c2mbito das Miss\u00f5es do Instituto das Filhas de Maria Auxiliadora anima o curso de Forma\u00e7\u00e3o permanente para Mission\u00e1rias ad Gentes <strong>\u201cCom Maria ser &#8216;presen\u00e7a&#8217; que gera vida\u201d<\/strong> (Atos CG XXIV) que se realizar\u00e1 em Roma, na Casa Geral do Instituto das FMA, com etapas em Mornese (AL), Nizza Monferrato (AT), Turim.<\/p>\n<p>Os objetivos do Curso, do qual participam <strong>14 FMA de todo o mundo<\/strong> &#8211; \u00c1frica do Sul, Brasil, Chile, Costa do Marfim, Cuba, Guin\u00e9 Equatorial, \u00cdndia, Paraguai, Tail\u00e2ndia e Venezuela &#8211; s\u00e3o: despertar o frescor original da fecundidade vocacional mission\u00e1ria e viver esta parada carism\u00e1tica \u201cnas origens\u201d para reavivar a paix\u00e3o mission\u00e1ria do <em>da mihi animas coetera tolle.<\/em><\/p>\n<p><strong>A Madre Geral do Instituto das FMA, Irm\u00e3 Chiara Cazzuola<\/strong>, no encontro que teve com elas, augurou viver intensamente este tempo como um dom de Deus &#8211; <em>\u201cFoi Ele quem vos marcou encontro aqui\u201d<\/em> &#8211; como um tempo oportuno para parar o pr\u00f3prio cora\u00e7\u00e3o, afastando-se um pouco da pr\u00f3pria miss\u00e3o, para bendizer, louvar e agradecer pelas Inspetorias, pelas Comunidades de onde prov\u00eam.<\/p>\n<p>Depois convidou a ter como horizonte a esperan\u00e7a, tamb\u00e9m em refer\u00eancia a algumas situa\u00e7\u00f5es dos Pa\u00edses onde vivem e trabalham: <em>\u201c\u00c9 importante ser gratas ao Senhor por este tempo de recarga espiritual para ser felizes mission\u00e1rias, renovadas interiormente pelo Esp\u00edrito; olhar com afeto e amor para o que tem sido a nossa vida at\u00e9 agora; ter e olhar o futuro com esperan\u00e7a. O nosso horizonte deve ser a Esperan\u00e7a, em nossa miss\u00e3o somos mission\u00e1rias de esperan\u00e7a, sobretudo quem vive a miss\u00e3o ad gentes \u00e9 chamada a enraizar-se na ressurrei\u00e7\u00e3o de Jesus Ressuscitado, porque Nele est\u00e1 a fonte da esperan\u00e7a crist\u00e3 e salesiana\u201d.<\/em><\/p>\n<p>E continuou: <em>\u201cA profecia mission\u00e1ria da comunh\u00e3o entre as Irm\u00e3s e as meninas torna-se realidade com a cria\u00e7\u00e3o da \u2018casa\u2019. \u00c9 interessante observar como Dom Bosco e Madre Mazzarello sempre privilegiaram o termo \u2018casa\u2019 para falar das v\u00e1rias obras: o Col\u00e9gio de Mornese \u00e9 chamado \u2018Casa de Maria Auxiliadora para a educa\u00e7\u00e3o feminina\u2019; tamb\u00e9m Dom Costamagna, falando \u00e0s FMA da Am\u00e9rica, recordou o \u201cesp\u00edrito de Mornese\u201d e descreveu a casa de Mornese como \u201ca casa da funda\u00e7\u00e3o\u2019, &#8216;casa da santa alegria&#8217;, &#8216;santa casa de Mornese&#8217;, a &#8216;casa do amor de Deus&#8217;.<\/em><\/p>\n<p><em>Estamos convencidas de que a primeira forma de missionariedade \u00e9 ajudar os jovens a fazer experi\u00eancia de \u2018casa\u2019, que empenha cada um a criar um clima de fam\u00edlia, a dar-lhes um lugar onde possam encontrar-se, sentir-se amados, valorizados, construir rela\u00e7\u00f5es, sonhar, estar acompanhados, poder discernir o des\u00edgnio de Deus para a sua vida e poder olhar o futuro com esperan\u00e7a. Partilhando o sonho dos nossos Fundadores, somos chamadas a redescobrir ainda com mais entusiasmo e responsabilidade o sentido do \u2018caminhar juntos\u2019 como Comunidade Educativa, com os jovens, para lhes dar raz\u00f5es de esperan\u00e7a, de alegria e despertar neles o sentido de uma vida doada por amor, o sentido da missionariedade, do protagonismo em vista da mudan\u00e7a e de uma sociedade mais justa e fraterna&#8221;. <\/em><\/p>\n<p>Por tr\u00e1s de cada uma destas FMA mission\u00e1rias na \u00c1frica, \u00c1sia, Am\u00e9rica h\u00e1 um mosaico variado de l\u00ednguas, tradi\u00e7\u00f5es, intera\u00e7\u00f5es sociais: s\u00e3o mulheres consagradas que, em di\u00e1logo com as multiformes culturas, s\u00e3o sinal de profecia, apoio e paz, passando do sil\u00eancio \u00e0 palavra, de uma presen\u00e7a pr\u00f3xima e fraterna \u00e0 corresponsabilidade. S\u00e3o Irm\u00e3s que, revisitando o seu passado, leem criticamente o pr\u00f3prio presente e se abrem \u00e0 profecia de um futuro outro e diverso daquele herdado.<\/p>\n<p>Mulheres, como muitas outras e ainda assim especiais, que com determina\u00e7\u00e3o responderam ao chamado de Deus para ser <em>mission\u00e1rias ad gentes<\/em> para sempre &#8211; durante 50, 42, 16, 15, 7 anos, que escreveram e continuam a escrever p\u00e1ginas de dedica\u00e7\u00e3o e levar esperan\u00e7a aos jovens, aos pobres, aos marginalizados, aos imigrantes, ao mundo.<\/p>\n<p>No primeiro per\u00edodo passado na Casa Geral, as Irm\u00e3s tiveram a possibilidade de aprofundar a vida do Instituto com o conhecimento direto de cada \u00c2mbito de anima\u00e7\u00e3o, de visitar a Exposi\u00e7\u00e3o do Carisma e a Exposi\u00e7\u00e3o Mariana, de encontrar a Comunidade <em>Maria Auxiliadora<\/em> da casa Geral. No dia 8 de maio, participando da Audi\u00eancia Geral na Pra\u00e7a S\u00e3o Pedro, tamb\u00e9m tiveram a alegria de poder interagir com o Papa Francisco por alguns minutos quando, ao passar por eles, Irm\u00e3 Imelda Barattino, mission\u00e1ria na Tail\u00e2ndia h\u00e1 50 anos, trouxe-lhe sauda\u00e7\u00f5es da sua prima, Irm\u00e3 Ana Rosa Sivori, tamb\u00e9m mission\u00e1ria na Tail\u00e2ndia h\u00e1 mais de 50 anos: todas as Irm\u00e3s se alegraram com este precioso momento de encontro fraterno e atento por parte do Santo Padre.<\/p>\n<p>O percurso das mission\u00e1rias continua ent\u00e3o com a oportunidade de viver a Festa de Madre Mazzarello em Mornese, no dia 13 de maio, e os Exerc\u00edcios Espirituais, at\u00e9 18 de maio, com as neo- mission\u00e1rias e algumas mission\u00e1rias <em>ad gentes<\/em> na It\u00e1lia. De 20 a 24 de maio estar\u00e3o \u201cnos passos de Dom Bosco\u201d no Colle Don Bosco, em Chieri e em Turim, culminando a experi\u00eancia com a participa\u00e7\u00e3o nas celebra\u00e7\u00f5es da Solenidade de Maria Auxiliadora e \u00e0 prociss\u00e3o na Bas\u00edlica em Turim.<\/p>\n<p>Ao retornar a Roma, at\u00e9 o dia 29 de maio, ter\u00e3o a possibilidade de um encontro pessoal com a Conselheira do \u00c2mbito das Miss\u00f5es, Irm\u00e3 Ruth del Pilar Mora, e de outros aprofundamentos, para depois retornar \u00e0s miss\u00f5es de origem.<\/p>\n<p><strong>Foto: <span style=\"color: #0000ff;\"><a style=\"color: #0000ff;\" href=\"https:\/\/www.flickr.com\/photos\/137890103@N08\/albums\/72177720316996661\/with\/53723751560\" target=\"_blank\" rel=\"noopener\">Flickr FMA<\/a><\/span><\/strong><\/p>\n","protected":false},"excerpt":{"rendered":"<p>Roma (It\u00e1lia). De 6 a 30 de maio de 2024, o \u00c2mbito das Miss\u00f5es do Instituto das Filhas de Maria Auxiliadora anima o curso de Forma\u00e7\u00e3o permanente para Mission\u00e1rias ad [&hellip;]<\/p>\n","protected":false},"author":21,"featured_media":111160,"comment_status":"open","ping_status":"closed","sticky":false,"template":"","format":"standard","meta":{"footnotes":""},"categories":[166,159],"tags":[270,389,1665,1930],"class_list":["post-111165","post","type-post","status-publish","format-standard","has-post-thumbnail","category-carisma-salesiano-pt","category-ifma-pt-pt","tag-conselheira-para-as-missoes","tag-missionariedade","tag-spiritualita-salesiana-pt-pt","tag-focus-pt-pt"],"yoast_head":"<!-- This site is optimized with the Yoast SEO plugin v27.4 - https:\/\/yoast.com\/product\/yoast-seo-wordpress\/ -->\n<title>Mulheres de esperan\u00e7a e testemunhas de paz &#8226; Istituto Figlie di Maria Ausiliatrice<\/title>\n<meta name=\"description\" content=\"De 6 a 30 de maio de 2024, ser\u00e1 realizado em Roma, na Casa Geral, com etapas no Piemonte nos lugares salesianos, o Curso de Forma\u00e7\u00e3o Permanente para Mission\u00e1rias ad Gentes do Instituto das FMA.\" \/>\n<meta name=\"robots\" content=\"index, follow, max-snippet:-1, max-image-preview:large, max-video-preview:-1\" \/>\n<link rel=\"canonical\" href=\"https:\/\/www.cgfmanet.org\/pt-pt\/ifma-pt-pt\/mulheres-de-esperanca-e-testemunhas-de-paz\/\" \/>\n<meta property=\"og:locale\" content=\"pt_PT\" \/>\n<meta property=\"og:type\" content=\"article\" \/>\n<meta property=\"og:title\" content=\"Mulheres de esperan\u00e7a e testemunhas de paz &#8226; Istituto Figlie di Maria Ausiliatrice\" \/>\n<meta property=\"og:description\" content=\"De 6 a 30 de maio de 2024, ser\u00e1 realizado em Roma, na Casa Geral, com etapas no Piemonte nos lugares salesianos, o Curso de Forma\u00e7\u00e3o Permanente para Mission\u00e1rias ad Gentes do Instituto das FMA.\" \/>\n<meta property=\"og:url\" content=\"https:\/\/www.cgfmanet.org\/pt-pt\/ifma-pt-pt\/mulheres-de-esperanca-e-testemunhas-de-paz\/\" \/>\n<meta property=\"og:site_name\" content=\"Istituto Figlie di Maria Ausiliatrice\" \/>\n<meta property=\"article:publisher\" content=\"https:\/\/www.facebook.com\/salesian.sisters.of.don.bosco\/\" \/>\n<meta property=\"article:published_time\" content=\"2024-05-16T08:21:58+00:00\" \/>\n<meta property=\"article:modified_time\" content=\"2024-05-18T19:58:06+00:00\" \/>\n<meta property=\"og:image\" content=\"https:\/\/www.cgfmanet.org\/wp-content\/uploads\/2024\/05\/Missionarie-ad-gentes.jpg\" \/>\n\t<meta property=\"og:image:width\" content=\"1181\" \/>\n\t<meta property=\"og:image:height\" content=\"787\" \/>\n\t<meta property=\"og:image:type\" content=\"image\/jpeg\" \/>\n<meta name=\"author\" content=\"Redazione\" \/>\n<meta name=\"twitter:card\" content=\"summary_large_image\" \/>\n<meta name=\"twitter:creator\" content=\"@Cgfmanet_Org\" \/>\n<meta name=\"twitter:site\" content=\"@Cgfmanet_Org\" \/>\n<meta name=\"twitter:label1\" content=\"Escrito por\" \/>\n\t<meta name=\"twitter:data1\" content=\"Redazione\" \/>\n\t<meta name=\"twitter:label2\" content=\"Tempo estimado de leitura\" \/>\n\t<meta name=\"twitter:data2\" content=\"5 minutos\" \/>\n<script type=\"application\/ld+json\" class=\"yoast-schema-graph\">{\"@context\":\"https:\\\/\\\/schema.org\",\"@graph\":[{\"@type\":\"Article\",\"@id\":\"https:\\\/\\\/www.cgfmanet.org\\\/pt-pt\\\/ifma-pt-pt\\\/mulheres-de-esperanca-e-testemunhas-de-paz\\\/#article\",\"isPartOf\":{\"@id\":\"https:\\\/\\\/www.cgfmanet.org\\\/pt-pt\\\/ifma-pt-pt\\\/mulheres-de-esperanca-e-testemunhas-de-paz\\\/\"},\"author\":{\"name\":\"Redazione\",\"@id\":\"https:\\\/\\\/www.cgfmanet.org\\\/es\\\/#\\\/schema\\\/person\\\/ce6473083f53ef0ef882cca23f0c8fb9\"},\"headline\":\"Mulheres de esperan\u00e7a e testemunhas de paz\",\"datePublished\":\"2024-05-16T08:21:58+00:00\",\"dateModified\":\"2024-05-18T19:58:06+00:00\",\"mainEntityOfPage\":{\"@id\":\"https:\\\/\\\/www.cgfmanet.org\\\/pt-pt\\\/ifma-pt-pt\\\/mulheres-de-esperanca-e-testemunhas-de-paz\\\/\"},\"wordCount\":961,\"commentCount\":0,\"publisher\":{\"@id\":\"https:\\\/\\\/www.cgfmanet.org\\\/es\\\/#organization\"},\"image\":{\"@id\":\"https:\\\/\\\/www.cgfmanet.org\\\/pt-pt\\\/ifma-pt-pt\\\/mulheres-de-esperanca-e-testemunhas-de-paz\\\/#primaryimage\"},\"thumbnailUrl\":\"https:\\\/\\\/www.cgfmanet.org\\\/wp-content\\\/uploads\\\/2024\\\/05\\\/Missionarie-ad-gentes.jpg\",\"keywords\":[\"Conselheira para as Miss\u00f5es\",\"Missionariedade\",\"Spiritualit\u00e0 Salesiana\",\"Focus\"],\"articleSection\":[\"Carisma Salesiano\",\"IFMA\"],\"inLanguage\":\"pt-PT\",\"potentialAction\":[{\"@type\":\"CommentAction\",\"name\":\"Comment\",\"target\":[\"https:\\\/\\\/www.cgfmanet.org\\\/pt-pt\\\/ifma-pt-pt\\\/mulheres-de-esperanca-e-testemunhas-de-paz\\\/#respond\"]}]},{\"@type\":\"WebPage\",\"@id\":\"https:\\\/\\\/www.cgfmanet.org\\\/pt-pt\\\/ifma-pt-pt\\\/mulheres-de-esperanca-e-testemunhas-de-paz\\\/\",\"url\":\"https:\\\/\\\/www.cgfmanet.org\\\/pt-pt\\\/ifma-pt-pt\\\/mulheres-de-esperanca-e-testemunhas-de-paz\\\/\",\"name\":\"Mulheres de esperan\u00e7a e testemunhas de paz &#8226; Istituto Figlie di Maria Ausiliatrice\",\"isPartOf\":{\"@id\":\"https:\\\/\\\/www.cgfmanet.org\\\/es\\\/#website\"},\"primaryImageOfPage\":{\"@id\":\"https:\\\/\\\/www.cgfmanet.org\\\/pt-pt\\\/ifma-pt-pt\\\/mulheres-de-esperanca-e-testemunhas-de-paz\\\/#primaryimage\"},\"image\":{\"@id\":\"https:\\\/\\\/www.cgfmanet.org\\\/pt-pt\\\/ifma-pt-pt\\\/mulheres-de-esperanca-e-testemunhas-de-paz\\\/#primaryimage\"},\"thumbnailUrl\":\"https:\\\/\\\/www.cgfmanet.org\\\/wp-content\\\/uploads\\\/2024\\\/05\\\/Missionarie-ad-gentes.jpg\",\"datePublished\":\"2024-05-16T08:21:58+00:00\",\"dateModified\":\"2024-05-18T19:58:06+00:00\",\"description\":\"De 6 a 30 de maio de 2024, ser\u00e1 realizado em Roma, na Casa Geral, com etapas no Piemonte nos lugares salesianos, o Curso de Forma\u00e7\u00e3o Permanente para Mission\u00e1rias ad Gentes do Instituto das FMA.\",\"breadcrumb\":{\"@id\":\"https:\\\/\\\/www.cgfmanet.org\\\/pt-pt\\\/ifma-pt-pt\\\/mulheres-de-esperanca-e-testemunhas-de-paz\\\/#breadcrumb\"},\"inLanguage\":\"pt-PT\",\"potentialAction\":[{\"@type\":\"ReadAction\",\"target\":[\"https:\\\/\\\/www.cgfmanet.org\\\/pt-pt\\\/ifma-pt-pt\\\/mulheres-de-esperanca-e-testemunhas-de-paz\\\/\"]}]},{\"@type\":\"ImageObject\",\"inLanguage\":\"pt-PT\",\"@id\":\"https:\\\/\\\/www.cgfmanet.org\\\/pt-pt\\\/ifma-pt-pt\\\/mulheres-de-esperanca-e-testemunhas-de-paz\\\/#primaryimage\",\"url\":\"https:\\\/\\\/www.cgfmanet.org\\\/wp-content\\\/uploads\\\/2024\\\/05\\\/Missionarie-ad-gentes.jpg\",\"contentUrl\":\"https:\\\/\\\/www.cgfmanet.org\\\/wp-content\\\/uploads\\\/2024\\\/05\\\/Missionarie-ad-gentes.jpg\",\"width\":1181,\"height\":787},{\"@type\":\"BreadcrumbList\",\"@id\":\"https:\\\/\\\/www.cgfmanet.org\\\/pt-pt\\\/ifma-pt-pt\\\/mulheres-de-esperanca-e-testemunhas-de-paz\\\/#breadcrumb\",\"itemListElement\":[{\"@type\":\"ListItem\",\"position\":1,\"name\":\"Home\",\"item\":\"https:\\\/\\\/www.cgfmanet.org\\\/pt-pt\\\/\"},{\"@type\":\"ListItem\",\"position\":2,\"name\":\"Mulheres de esperan\u00e7a e testemunhas de paz\"}]},{\"@type\":\"WebSite\",\"@id\":\"https:\\\/\\\/www.cgfmanet.org\\\/es\\\/#website\",\"url\":\"https:\\\/\\\/www.cgfmanet.org\\\/es\\\/\",\"name\":\"Istituto Figlie di Maria Ausiliatrice\",\"description\":\"Salesiane di Don Bosco\",\"publisher\":{\"@id\":\"https:\\\/\\\/www.cgfmanet.org\\\/es\\\/#organization\"},\"potentialAction\":[{\"@type\":\"SearchAction\",\"target\":{\"@type\":\"EntryPoint\",\"urlTemplate\":\"https:\\\/\\\/www.cgfmanet.org\\\/es\\\/?s={search_term_string}\"},\"query-input\":{\"@type\":\"PropertyValueSpecification\",\"valueRequired\":true,\"valueName\":\"search_term_string\"}}],\"inLanguage\":\"pt-PT\"},{\"@type\":\"Organization\",\"@id\":\"https:\\\/\\\/www.cgfmanet.org\\\/es\\\/#organization\",\"name\":\"Istituto Figlie di Maria Ausiliatrice\",\"url\":\"https:\\\/\\\/www.cgfmanet.org\\\/es\\\/\",\"logo\":{\"@type\":\"ImageObject\",\"inLanguage\":\"pt-PT\",\"@id\":\"https:\\\/\\\/www.cgfmanet.org\\\/es\\\/#\\\/schema\\\/logo\\\/image\\\/\",\"url\":\"https:\\\/\\\/www.cgfmanet.org\\\/wp-content\\\/uploads\\\/2018\\\/10\\\/logo-fma.png\",\"contentUrl\":\"https:\\\/\\\/www.cgfmanet.org\\\/wp-content\\\/uploads\\\/2018\\\/10\\\/logo-fma.png\",\"width\":214,\"height\":55,\"caption\":\"Istituto Figlie di Maria Ausiliatrice\"},\"image\":{\"@id\":\"https:\\\/\\\/www.cgfmanet.org\\\/es\\\/#\\\/schema\\\/logo\\\/image\\\/\"},\"sameAs\":[\"https:\\\/\\\/www.facebook.com\\\/salesian.sisters.of.don.bosco\\\/\",\"https:\\\/\\\/x.com\\\/Cgfmanet_Org\",\"https:\\\/\\\/www.youtube.com\\\/channel\\\/UCmcr8yFQBV7JXeXVxyV9y5Q\"]},{\"@type\":\"Person\",\"@id\":\"https:\\\/\\\/www.cgfmanet.org\\\/es\\\/#\\\/schema\\\/person\\\/ce6473083f53ef0ef882cca23f0c8fb9\",\"name\":\"Redazione\"}]}<\/script>\n<!-- \/ Yoast SEO plugin. -->","yoast_head_json":{"title":"Mulheres de esperan\u00e7a e testemunhas de paz &#8226; Istituto Figlie di Maria Ausiliatrice","description":"De 6 a 30 de maio de 2024, ser\u00e1 realizado em Roma, na Casa Geral, com etapas no Piemonte nos lugares salesianos, o Curso de Forma\u00e7\u00e3o Permanente para Mission\u00e1rias ad Gentes do Instituto das FMA.","robots":{"index":"index","follow":"follow","max-snippet":"max-snippet:-1","max-image-preview":"max-image-preview:large","max-video-preview":"max-video-preview:-1"},"canonical":"https:\/\/www.cgfmanet.org\/pt-pt\/ifma-pt-pt\/mulheres-de-esperanca-e-testemunhas-de-paz\/","og_locale":"pt_PT","og_type":"article","og_title":"Mulheres de esperan\u00e7a e testemunhas de paz &#8226; Istituto Figlie di Maria Ausiliatrice","og_description":"De 6 a 30 de maio de 2024, ser\u00e1 realizado em Roma, na Casa Geral, com etapas no Piemonte nos lugares salesianos, o Curso de Forma\u00e7\u00e3o Permanente para Mission\u00e1rias ad Gentes do Instituto das FMA.","og_url":"https:\/\/www.cgfmanet.org\/pt-pt\/ifma-pt-pt\/mulheres-de-esperanca-e-testemunhas-de-paz\/","og_site_name":"Istituto Figlie di Maria Ausiliatrice","article_publisher":"https:\/\/www.facebook.com\/salesian.sisters.of.don.bosco\/","article_published_time":"2024-05-16T08:21:58+00:00","article_modified_time":"2024-05-18T19:58:06+00:00","og_image":[{"width":1181,"height":787,"url":"https:\/\/www.cgfmanet.org\/wp-content\/uploads\/2024\/05\/Missionarie-ad-gentes.jpg","type":"image\/jpeg"}],"author":"Redazione","twitter_card":"summary_large_image","twitter_creator":"@Cgfmanet_Org","twitter_site":"@Cgfmanet_Org","twitter_misc":{"Escrito por":"Redazione","Tempo estimado de leitura":"5 minutos"},"schema":{"@context":"https:\/\/schema.org","@graph":[{"@type":"Article","@id":"https:\/\/www.cgfmanet.org\/pt-pt\/ifma-pt-pt\/mulheres-de-esperanca-e-testemunhas-de-paz\/#article","isPartOf":{"@id":"https:\/\/www.cgfmanet.org\/pt-pt\/ifma-pt-pt\/mulheres-de-esperanca-e-testemunhas-de-paz\/"},"author":{"name":"Redazione","@id":"https:\/\/www.cgfmanet.org\/es\/#\/schema\/person\/ce6473083f53ef0ef882cca23f0c8fb9"},"headline":"Mulheres de esperan\u00e7a e testemunhas de paz","datePublished":"2024-05-16T08:21:58+00:00","dateModified":"2024-05-18T19:58:06+00:00","mainEntityOfPage":{"@id":"https:\/\/www.cgfmanet.org\/pt-pt\/ifma-pt-pt\/mulheres-de-esperanca-e-testemunhas-de-paz\/"},"wordCount":961,"commentCount":0,"publisher":{"@id":"https:\/\/www.cgfmanet.org\/es\/#organization"},"image":{"@id":"https:\/\/www.cgfmanet.org\/pt-pt\/ifma-pt-pt\/mulheres-de-esperanca-e-testemunhas-de-paz\/#primaryimage"},"thumbnailUrl":"https:\/\/www.cgfmanet.org\/wp-content\/uploads\/2024\/05\/Missionarie-ad-gentes.jpg","keywords":["Conselheira para as Miss\u00f5es","Missionariedade","Spiritualit\u00e0 Salesiana","Focus"],"articleSection":["Carisma Salesiano","IFMA"],"inLanguage":"pt-PT","potentialAction":[{"@type":"CommentAction","name":"Comment","target":["https:\/\/www.cgfmanet.org\/pt-pt\/ifma-pt-pt\/mulheres-de-esperanca-e-testemunhas-de-paz\/#respond"]}]},{"@type":"WebPage","@id":"https:\/\/www.cgfmanet.org\/pt-pt\/ifma-pt-pt\/mulheres-de-esperanca-e-testemunhas-de-paz\/","url":"https:\/\/www.cgfmanet.org\/pt-pt\/ifma-pt-pt\/mulheres-de-esperanca-e-testemunhas-de-paz\/","name":"Mulheres de esperan\u00e7a e testemunhas de paz &#8226; Istituto Figlie di Maria Ausiliatrice","isPartOf":{"@id":"https:\/\/www.cgfmanet.org\/es\/#website"},"primaryImageOfPage":{"@id":"https:\/\/www.cgfmanet.org\/pt-pt\/ifma-pt-pt\/mulheres-de-esperanca-e-testemunhas-de-paz\/#primaryimage"},"image":{"@id":"https:\/\/www.cgfmanet.org\/pt-pt\/ifma-pt-pt\/mulheres-de-esperanca-e-testemunhas-de-paz\/#primaryimage"},"thumbnailUrl":"https:\/\/www.cgfmanet.org\/wp-content\/uploads\/2024\/05\/Missionarie-ad-gentes.jpg","datePublished":"2024-05-16T08:21:58+00:00","dateModified":"2024-05-18T19:58:06+00:00","description":"De 6 a 30 de maio de 2024, ser\u00e1 realizado em Roma, na Casa Geral, com etapas no Piemonte nos lugares salesianos, o Curso de Forma\u00e7\u00e3o Permanente para Mission\u00e1rias ad Gentes do Instituto das FMA.","breadcrumb":{"@id":"https:\/\/www.cgfmanet.org\/pt-pt\/ifma-pt-pt\/mulheres-de-esperanca-e-testemunhas-de-paz\/#breadcrumb"},"inLanguage":"pt-PT","potentialAction":[{"@type":"ReadAction","target":["https:\/\/www.cgfmanet.org\/pt-pt\/ifma-pt-pt\/mulheres-de-esperanca-e-testemunhas-de-paz\/"]}]},{"@type":"ImageObject","inLanguage":"pt-PT","@id":"https:\/\/www.cgfmanet.org\/pt-pt\/ifma-pt-pt\/mulheres-de-esperanca-e-testemunhas-de-paz\/#primaryimage","url":"https:\/\/www.cgfmanet.org\/wp-content\/uploads\/2024\/05\/Missionarie-ad-gentes.jpg","contentUrl":"https:\/\/www.cgfmanet.org\/wp-content\/uploads\/2024\/05\/Missionarie-ad-gentes.jpg","width":1181,"height":787},{"@type":"BreadcrumbList","@id":"https:\/\/www.cgfmanet.org\/pt-pt\/ifma-pt-pt\/mulheres-de-esperanca-e-testemunhas-de-paz\/#breadcrumb","itemListElement":[{"@type":"ListItem","position":1,"name":"Home","item":"https:\/\/www.cgfmanet.org\/pt-pt\/"},{"@type":"ListItem","position":2,"name":"Mulheres de esperan\u00e7a e testemunhas de paz"}]},{"@type":"WebSite","@id":"https:\/\/www.cgfmanet.org\/es\/#website","url":"https:\/\/www.cgfmanet.org\/es\/","name":"Istituto Figlie di Maria Ausiliatrice","description":"Salesiane di Don Bosco","publisher":{"@id":"https:\/\/www.cgfmanet.org\/es\/#organization"},"potentialAction":[{"@type":"SearchAction","target":{"@type":"EntryPoint","urlTemplate":"https:\/\/www.cgfmanet.org\/es\/?s={search_term_string}"},"query-input":{"@type":"PropertyValueSpecification","valueRequired":true,"valueName":"search_term_string"}}],"inLanguage":"pt-PT"},{"@type":"Organization","@id":"https:\/\/www.cgfmanet.org\/es\/#organization","name":"Istituto Figlie di Maria Ausiliatrice","url":"https:\/\/www.cgfmanet.org\/es\/","logo":{"@type":"ImageObject","inLanguage":"pt-PT","@id":"https:\/\/www.cgfmanet.org\/es\/#\/schema\/logo\/image\/","url":"https:\/\/www.cgfmanet.org\/wp-content\/uploads\/2018\/10\/logo-fma.png","contentUrl":"https:\/\/www.cgfmanet.org\/wp-content\/uploads\/2018\/10\/logo-fma.png","width":214,"height":55,"caption":"Istituto Figlie di Maria Ausiliatrice"},"image":{"@id":"https:\/\/www.cgfmanet.org\/es\/#\/schema\/logo\/image\/"},"sameAs":["https:\/\/www.facebook.com\/salesian.sisters.of.don.bosco\/","https:\/\/x.com\/Cgfmanet_Org","https:\/\/www.youtube.com\/channel\/UCmcr8yFQBV7JXeXVxyV9y5Q"]},{"@type":"Person","@id":"https:\/\/www.cgfmanet.org\/es\/#\/schema\/person\/ce6473083f53ef0ef882cca23f0c8fb9","name":"Redazione"}]}},"_links":{"self":[{"href":"https:\/\/www.cgfmanet.org\/pt-pt\/wp-json\/wp\/v2\/posts\/111165","targetHints":{"allow":["GET"]}}],"collection":[{"href":"https:\/\/www.cgfmanet.org\/pt-pt\/wp-json\/wp\/v2\/posts"}],"about":[{"href":"https:\/\/www.cgfmanet.org\/pt-pt\/wp-json\/wp\/v2\/types\/post"}],"author":[{"embeddable":true,"href":"https:\/\/www.cgfmanet.org\/pt-pt\/wp-json\/wp\/v2\/users\/21"}],"replies":[{"embeddable":true,"href":"https:\/\/www.cgfmanet.org\/pt-pt\/wp-json\/wp\/v2\/comments?post=111165"}],"version-history":[{"count":0,"href":"https:\/\/www.cgfmanet.org\/pt-pt\/wp-json\/wp\/v2\/posts\/111165\/revisions"}],"wp:featuredmedia":[{"embeddable":true,"href":"https:\/\/www.cgfmanet.org\/pt-pt\/wp-json\/wp\/v2\/media\/111160"}],"wp:attachment":[{"href":"https:\/\/www.cgfmanet.org\/pt-pt\/wp-json\/wp\/v2\/media?parent=111165"}],"wp:term":[{"taxonomy":"category","embeddable":true,"href":"https:\/\/www.cgfmanet.org\/pt-pt\/wp-json\/wp\/v2\/categories?post=111165"},{"taxonomy":"post_tag","embeddable":true,"href":"https:\/\/www.cgfmanet.org\/pt-pt\/wp-json\/wp\/v2\/tags?post=111165"}],"curies":[{"name":"wp","href":"https:\/\/api.w.org\/{rel}","templated":true}]}}