{"id":104901,"date":"2024-02-01T19:13:05","date_gmt":"2024-02-01T18:13:05","guid":{"rendered":"https:\/\/www.cgfmanet.org\/infosfera-pt-pt\/partono-i-commtalks\/"},"modified":"2024-01-31T19:19:19","modified_gmt":"2024-01-31T18:19:19","slug":"comecam-os-commtalks","status":"publish","type":"post","link":"https:\/\/www.cgfmanet.org\/pt-pt\/infosfera-pt-pt\/comecam-os-commtalks\/","title":{"rendered":"Come\u00e7am os CommTalkS"},"content":{"rendered":"<p><strong>Roma (It\u00e1lia). <\/strong>Que ocasi\u00e3o melhor do que a solenidade de S\u00e3o Jo\u00e3o Bosco para lan\u00e7ar a iniciativa<strong> CommTalkS<\/strong>, com as v\u00eddeo-publica\u00e7\u00f5es produzidas pelo \u00c2mbito da Comunica\u00e7\u00e3o do Instituto das Filhas de Maria Auxiliadora?<\/p>\n<p>Com a palavra da \u00a0Superiora Geral, Madre Chiara Cazzuola, iniciou-se uma s\u00e9rie de publica\u00e7\u00f5es, pequenos v\u00eddeos ou webinars, sobre diversos temas da atualidade. Dando in\u00edcio ao primeiro webinar, <strong>irm\u00e3 Maria Ausilia De Siena, Conselheira Geral para a Comunica\u00e7\u00e3o Social<\/strong>, apresenta o seu significado e a sua finalidade:<\/p>\n<p>\u201cS\u00e3o pequenos imput formativos, que tamb\u00e9m podem ser utilizados para a anima\u00e7\u00e3o nas comunidades, que, como previsto no programa do sexenio, poderiam ser \u00fateis na cria\u00e7\u00e3o de uma vis\u00e3o compartilhada da cultura da comunica\u00e7\u00e3o, apesar da diversidade de express\u00e3o.<\/p>\n<p><strong>Essas publica\u00e7\u00f5es s\u00e3o unificadas pelo logotipo CommTalkS:<\/strong><\/p>\n<p><strong>Comm<\/strong> nos lembra os termos ingleses <em>Communication<\/em> e <em>Community<\/em> para sublinhar a transversalidade da comunica\u00e7\u00e3o que nos permite ler juntos, com sentido cr\u00edtico, os diferentes aspectos da realidade.<\/p>\n<p><strong><em>Talk<\/em><\/strong> indica a vontade de promover a reflex\u00e3o e a discuss\u00e3o\u00a0 em um debate que envolva e seja acess\u00edvel ao maior n\u00famero de pessoas, comunidades educativas e jovens.<\/p>\n<p>O <strong><em>S<\/em><\/strong> recorda a <em>Salesianidade<\/em> como um estilo de vida que queremos aprofundar e atualizar para redescobrir cada vez mais o Sistema Preventivo como m\u00e9todo educativo v\u00e1lido, numa sociedade complexa e desorientada como a atual.<\/p>\n<div class=\"youtube-embed\" data-video_id=\"HGUOOt4BjrY\"><iframe title=\"CommTalkS 001 - Comunicare \u00e8 vita\" width=\"696\" height=\"392\" data-src=\"https:\/\/www.youtube.com\/embed\/HGUOOt4BjrY?feature=oembed&#038;enablejsapi=1\" frameborder=\"0\" allow=\"accelerometer; autoplay; clipboard-write; encrypted-media; gyroscope; picture-in-picture; web-share\" allowfullscreen src=\"data:image\/svg+xml;base64,PHN2ZyB3aWR0aD0iMSIgaGVpZ2h0PSIxIiB4bWxucz0iaHR0cDovL3d3dy53My5vcmcvMjAwMC9zdmciPjwvc3ZnPg==\" class=\"lazyload\" data-load-mode=\"1\"><\/iframe><\/div>\n<p><strong>\u201cComunicar \u00e8 vida\u201d \u00e9 o tema abordado pela Madre no primeiro v\u00eddeo<em>, no qual ela afirma:<\/em> <\/strong><\/p>\n<p><em>\u201cComunicar \u00e8 adentrar no mist\u00e9rio de Deus, do outro, do mundo. \u00c9 a capacidade de se colocar em rela\u00e7\u00e3o com os outros, \u00e9 uma habilidade que cada um de n\u00f3s adquire no caminho da pr\u00f3pria exist\u00eancia e matura atrav\u00e9s de numerosos encontros\u00a0 desde o \u00e2mbito familiar\u00a0 ao da sociedade em todas as suas express\u00f5es. Na verdade conseguimos compreender quem somos e quanto valemos somente atrav\u00e9s de um confronto com os outros\u201d.<\/em><\/p>\n<p>E assim especifica a import\u00e2ncia carism\u00e1tica da comunica\u00e7\u00e3o: <em>\u201cPara n\u00f3s Filhas de Maria Auxiliadora a comunica\u00e7\u00e3o \u00e9 uma dimens\u00e3o da espiritualidade\u00a0 que \u00e9 fundada na rela\u00e7\u00e3o comunicativa, uma rela\u00e7\u00e3o que atinge a todos\u00a0 e procura n\u00e3o transcurar ningu\u00e9m\u201d.<\/em><\/p>\n<p>Os v\u00eddeos e os \u2018webinar\u2019 estar\u00e3o em sinergia com o \u2018site\u2019 do Instituto e a revista DMA que tratar\u00e1 amplamente, neste ano, o tema da paz.<\/p>\n<p>A este v\u00eddeo seguir\u00e1 um \u2018webinar\u2019 confiado \u00e0 <strong>Madre Yvonne Reungoat <\/strong>que ir\u00e1 falar de sua experi\u00eancia no recente S\u00ednodo dos Bispos respondendo \u00e0s perguntas dos jovens de todo o mundo.<\/p>\n<p><strong>Os v\u00eddeos t\u00eam subt\u00edtulos em cinco l\u00ednguas.<\/strong><\/p>\n","protected":false},"excerpt":{"rendered":"<p>Roma (It\u00e1lia). Que ocasi\u00e3o melhor do que a solenidade de S\u00e3o Jo\u00e3o Bosco para lan\u00e7ar a iniciativa CommTalkS, com as v\u00eddeo-publica\u00e7\u00f5es produzidas pelo \u00c2mbito da Comunica\u00e7\u00e3o do Instituto das Filhas [&hellip;]<\/p>\n","protected":false},"author":21,"featured_media":104895,"comment_status":"open","ping_status":"closed","sticky":false,"template":"","format":"standard","meta":{"footnotes":""},"categories":[38,207],"tags":[764,1930,2282,2378],"class_list":["post-104901","post","type-post","status-publish","format-standard","has-post-thumbnail","category-infosfera-pt-pt","category-educomunicacao","tag-conselheira-para-a-comunicacao-social","tag-focus-pt-pt","tag-ifma-pt-pt","tag-madre-chiara-cazzuola-pt-pt"],"yoast_head":"<!-- This site is optimized with the Yoast SEO plugin v27.4 - https:\/\/yoast.com\/product\/yoast-seo-wordpress\/ -->\n<title>Come\u00e7am os CommTalkS &#8226; Istituto Figlie di Maria Ausiliatrice<\/title>\n<meta name=\"description\" content=\"No dia 31 de janeiro de 2024, na solenidade de S\u00e3o Jo\u00e3o Bosco, Madre Chiara Cazzuola inaugura as v\u00eddeo-publica\u00e7\u00f5es realizadas pelo \u00c2mbito da Comunica\u00e7\u00e3o do Instituto.\" \/>\n<meta name=\"robots\" content=\"index, follow, max-snippet:-1, max-image-preview:large, max-video-preview:-1\" \/>\n<link rel=\"canonical\" href=\"https:\/\/www.cgfmanet.org\/pt-pt\/infosfera-pt-pt\/comecam-os-commtalks\/\" \/>\n<meta property=\"og:locale\" content=\"pt_PT\" \/>\n<meta property=\"og:type\" content=\"article\" \/>\n<meta property=\"og:title\" content=\"Come\u00e7am os CommTalkS &#8226; Istituto Figlie di Maria Ausiliatrice\" \/>\n<meta property=\"og:description\" content=\"No dia 31 de janeiro de 2024, na solenidade de S\u00e3o Jo\u00e3o Bosco, Madre Chiara Cazzuola inaugura as v\u00eddeo-publica\u00e7\u00f5es realizadas pelo \u00c2mbito da Comunica\u00e7\u00e3o do Instituto.\" \/>\n<meta property=\"og:url\" content=\"https:\/\/www.cgfmanet.org\/pt-pt\/infosfera-pt-pt\/comecam-os-commtalks\/\" \/>\n<meta property=\"og:site_name\" content=\"Istituto Figlie di Maria Ausiliatrice\" \/>\n<meta property=\"article:publisher\" content=\"https:\/\/www.facebook.com\/salesian.sisters.of.don.bosco\/\" \/>\n<meta property=\"article:published_time\" content=\"2024-02-01T18:13:05+00:00\" \/>\n<meta property=\"og:image\" content=\"https:\/\/www.cgfmanet.org\/wp-content\/uploads\/2024\/01\/CommTalkS.jpg\" \/>\n\t<meta property=\"og:image:width\" content=\"1200\" \/>\n\t<meta property=\"og:image:height\" content=\"800\" \/>\n\t<meta property=\"og:image:type\" content=\"image\/jpeg\" \/>\n<meta name=\"author\" content=\"Redazione\" \/>\n<meta name=\"twitter:card\" content=\"summary_large_image\" \/>\n<meta name=\"twitter:creator\" content=\"@Cgfmanet_Org\" \/>\n<meta name=\"twitter:site\" content=\"@Cgfmanet_Org\" \/>\n<meta name=\"twitter:label1\" content=\"Escrito por\" \/>\n\t<meta name=\"twitter:data1\" content=\"Redazione\" \/>\n\t<meta name=\"twitter:label2\" content=\"Tempo estimado de leitura\" \/>\n\t<meta name=\"twitter:data2\" content=\"3 minutos\" \/>\n<script type=\"application\/ld+json\" class=\"yoast-schema-graph\">{\"@context\":\"https:\\\/\\\/schema.org\",\"@graph\":[{\"@type\":\"Article\",\"@id\":\"https:\\\/\\\/www.cgfmanet.org\\\/pt-pt\\\/infosfera-pt-pt\\\/comecam-os-commtalks\\\/#article\",\"isPartOf\":{\"@id\":\"https:\\\/\\\/www.cgfmanet.org\\\/pt-pt\\\/infosfera-pt-pt\\\/comecam-os-commtalks\\\/\"},\"author\":{\"name\":\"Redazione\",\"@id\":\"https:\\\/\\\/www.cgfmanet.org\\\/es\\\/#\\\/schema\\\/person\\\/ce6473083f53ef0ef882cca23f0c8fb9\"},\"headline\":\"Come\u00e7am os CommTalkS\",\"datePublished\":\"2024-02-01T18:13:05+00:00\",\"mainEntityOfPage\":{\"@id\":\"https:\\\/\\\/www.cgfmanet.org\\\/pt-pt\\\/infosfera-pt-pt\\\/comecam-os-commtalks\\\/\"},\"wordCount\":468,\"commentCount\":0,\"publisher\":{\"@id\":\"https:\\\/\\\/www.cgfmanet.org\\\/es\\\/#organization\"},\"image\":{\"@id\":\"https:\\\/\\\/www.cgfmanet.org\\\/pt-pt\\\/infosfera-pt-pt\\\/comecam-os-commtalks\\\/#primaryimage\"},\"thumbnailUrl\":\"https:\\\/\\\/www.cgfmanet.org\\\/wp-content\\\/uploads\\\/2024\\\/01\\\/CommTalkS.jpg\",\"keywords\":[\"Conselheira para a Comunica\u00e7\u00e3o Social\",\"Focus\",\"IFMA\",\"Madre Chiara Cazzuola\"],\"articleSection\":[\"Infosfera\",\"Educomunica\u00e7\u00e3o\"],\"inLanguage\":\"pt-PT\",\"potentialAction\":[{\"@type\":\"CommentAction\",\"name\":\"Comment\",\"target\":[\"https:\\\/\\\/www.cgfmanet.org\\\/pt-pt\\\/infosfera-pt-pt\\\/comecam-os-commtalks\\\/#respond\"]}]},{\"@type\":\"WebPage\",\"@id\":\"https:\\\/\\\/www.cgfmanet.org\\\/pt-pt\\\/infosfera-pt-pt\\\/comecam-os-commtalks\\\/\",\"url\":\"https:\\\/\\\/www.cgfmanet.org\\\/pt-pt\\\/infosfera-pt-pt\\\/comecam-os-commtalks\\\/\",\"name\":\"Come\u00e7am os CommTalkS &#8226; Istituto Figlie di Maria Ausiliatrice\",\"isPartOf\":{\"@id\":\"https:\\\/\\\/www.cgfmanet.org\\\/es\\\/#website\"},\"primaryImageOfPage\":{\"@id\":\"https:\\\/\\\/www.cgfmanet.org\\\/pt-pt\\\/infosfera-pt-pt\\\/comecam-os-commtalks\\\/#primaryimage\"},\"image\":{\"@id\":\"https:\\\/\\\/www.cgfmanet.org\\\/pt-pt\\\/infosfera-pt-pt\\\/comecam-os-commtalks\\\/#primaryimage\"},\"thumbnailUrl\":\"https:\\\/\\\/www.cgfmanet.org\\\/wp-content\\\/uploads\\\/2024\\\/01\\\/CommTalkS.jpg\",\"datePublished\":\"2024-02-01T18:13:05+00:00\",\"description\":\"No dia 31 de janeiro de 2024, na solenidade de S\u00e3o Jo\u00e3o Bosco, Madre Chiara Cazzuola inaugura as v\u00eddeo-publica\u00e7\u00f5es realizadas pelo \u00c2mbito da Comunica\u00e7\u00e3o do Instituto.\",\"breadcrumb\":{\"@id\":\"https:\\\/\\\/www.cgfmanet.org\\\/pt-pt\\\/infosfera-pt-pt\\\/comecam-os-commtalks\\\/#breadcrumb\"},\"inLanguage\":\"pt-PT\",\"potentialAction\":[{\"@type\":\"ReadAction\",\"target\":[\"https:\\\/\\\/www.cgfmanet.org\\\/pt-pt\\\/infosfera-pt-pt\\\/comecam-os-commtalks\\\/\"]}]},{\"@type\":\"ImageObject\",\"inLanguage\":\"pt-PT\",\"@id\":\"https:\\\/\\\/www.cgfmanet.org\\\/pt-pt\\\/infosfera-pt-pt\\\/comecam-os-commtalks\\\/#primaryimage\",\"url\":\"https:\\\/\\\/www.cgfmanet.org\\\/wp-content\\\/uploads\\\/2024\\\/01\\\/CommTalkS.jpg\",\"contentUrl\":\"https:\\\/\\\/www.cgfmanet.org\\\/wp-content\\\/uploads\\\/2024\\\/01\\\/CommTalkS.jpg\",\"width\":1200,\"height\":800},{\"@type\":\"BreadcrumbList\",\"@id\":\"https:\\\/\\\/www.cgfmanet.org\\\/pt-pt\\\/infosfera-pt-pt\\\/comecam-os-commtalks\\\/#breadcrumb\",\"itemListElement\":[{\"@type\":\"ListItem\",\"position\":1,\"name\":\"Home\",\"item\":\"https:\\\/\\\/www.cgfmanet.org\\\/pt-pt\\\/\"},{\"@type\":\"ListItem\",\"position\":2,\"name\":\"Come\u00e7am os CommTalkS\"}]},{\"@type\":\"WebSite\",\"@id\":\"https:\\\/\\\/www.cgfmanet.org\\\/es\\\/#website\",\"url\":\"https:\\\/\\\/www.cgfmanet.org\\\/es\\\/\",\"name\":\"Istituto Figlie di Maria Ausiliatrice\",\"description\":\"Salesiane di Don Bosco\",\"publisher\":{\"@id\":\"https:\\\/\\\/www.cgfmanet.org\\\/es\\\/#organization\"},\"potentialAction\":[{\"@type\":\"SearchAction\",\"target\":{\"@type\":\"EntryPoint\",\"urlTemplate\":\"https:\\\/\\\/www.cgfmanet.org\\\/es\\\/?s={search_term_string}\"},\"query-input\":{\"@type\":\"PropertyValueSpecification\",\"valueRequired\":true,\"valueName\":\"search_term_string\"}}],\"inLanguage\":\"pt-PT\"},{\"@type\":\"Organization\",\"@id\":\"https:\\\/\\\/www.cgfmanet.org\\\/es\\\/#organization\",\"name\":\"Istituto Figlie di Maria Ausiliatrice\",\"url\":\"https:\\\/\\\/www.cgfmanet.org\\\/es\\\/\",\"logo\":{\"@type\":\"ImageObject\",\"inLanguage\":\"pt-PT\",\"@id\":\"https:\\\/\\\/www.cgfmanet.org\\\/es\\\/#\\\/schema\\\/logo\\\/image\\\/\",\"url\":\"https:\\\/\\\/www.cgfmanet.org\\\/wp-content\\\/uploads\\\/2018\\\/10\\\/logo-fma.png\",\"contentUrl\":\"https:\\\/\\\/www.cgfmanet.org\\\/wp-content\\\/uploads\\\/2018\\\/10\\\/logo-fma.png\",\"width\":214,\"height\":55,\"caption\":\"Istituto Figlie di Maria Ausiliatrice\"},\"image\":{\"@id\":\"https:\\\/\\\/www.cgfmanet.org\\\/es\\\/#\\\/schema\\\/logo\\\/image\\\/\"},\"sameAs\":[\"https:\\\/\\\/www.facebook.com\\\/salesian.sisters.of.don.bosco\\\/\",\"https:\\\/\\\/x.com\\\/Cgfmanet_Org\",\"https:\\\/\\\/www.youtube.com\\\/channel\\\/UCmcr8yFQBV7JXeXVxyV9y5Q\"]},{\"@type\":\"Person\",\"@id\":\"https:\\\/\\\/www.cgfmanet.org\\\/es\\\/#\\\/schema\\\/person\\\/ce6473083f53ef0ef882cca23f0c8fb9\",\"name\":\"Redazione\"}]}<\/script>\n<!-- \/ Yoast SEO plugin. -->","yoast_head_json":{"title":"Come\u00e7am os CommTalkS &#8226; Istituto Figlie di Maria Ausiliatrice","description":"No dia 31 de janeiro de 2024, na solenidade de S\u00e3o Jo\u00e3o Bosco, Madre Chiara Cazzuola inaugura as v\u00eddeo-publica\u00e7\u00f5es realizadas pelo \u00c2mbito da Comunica\u00e7\u00e3o do Instituto.","robots":{"index":"index","follow":"follow","max-snippet":"max-snippet:-1","max-image-preview":"max-image-preview:large","max-video-preview":"max-video-preview:-1"},"canonical":"https:\/\/www.cgfmanet.org\/pt-pt\/infosfera-pt-pt\/comecam-os-commtalks\/","og_locale":"pt_PT","og_type":"article","og_title":"Come\u00e7am os CommTalkS &#8226; Istituto Figlie di Maria Ausiliatrice","og_description":"No dia 31 de janeiro de 2024, na solenidade de S\u00e3o Jo\u00e3o Bosco, Madre Chiara Cazzuola inaugura as v\u00eddeo-publica\u00e7\u00f5es realizadas pelo \u00c2mbito da Comunica\u00e7\u00e3o do Instituto.","og_url":"https:\/\/www.cgfmanet.org\/pt-pt\/infosfera-pt-pt\/comecam-os-commtalks\/","og_site_name":"Istituto Figlie di Maria Ausiliatrice","article_publisher":"https:\/\/www.facebook.com\/salesian.sisters.of.don.bosco\/","article_published_time":"2024-02-01T18:13:05+00:00","og_image":[{"width":1200,"height":800,"url":"https:\/\/www.cgfmanet.org\/wp-content\/uploads\/2024\/01\/CommTalkS.jpg","type":"image\/jpeg"}],"author":"Redazione","twitter_card":"summary_large_image","twitter_creator":"@Cgfmanet_Org","twitter_site":"@Cgfmanet_Org","twitter_misc":{"Escrito por":"Redazione","Tempo estimado de leitura":"3 minutos"},"schema":{"@context":"https:\/\/schema.org","@graph":[{"@type":"Article","@id":"https:\/\/www.cgfmanet.org\/pt-pt\/infosfera-pt-pt\/comecam-os-commtalks\/#article","isPartOf":{"@id":"https:\/\/www.cgfmanet.org\/pt-pt\/infosfera-pt-pt\/comecam-os-commtalks\/"},"author":{"name":"Redazione","@id":"https:\/\/www.cgfmanet.org\/es\/#\/schema\/person\/ce6473083f53ef0ef882cca23f0c8fb9"},"headline":"Come\u00e7am os CommTalkS","datePublished":"2024-02-01T18:13:05+00:00","mainEntityOfPage":{"@id":"https:\/\/www.cgfmanet.org\/pt-pt\/infosfera-pt-pt\/comecam-os-commtalks\/"},"wordCount":468,"commentCount":0,"publisher":{"@id":"https:\/\/www.cgfmanet.org\/es\/#organization"},"image":{"@id":"https:\/\/www.cgfmanet.org\/pt-pt\/infosfera-pt-pt\/comecam-os-commtalks\/#primaryimage"},"thumbnailUrl":"https:\/\/www.cgfmanet.org\/wp-content\/uploads\/2024\/01\/CommTalkS.jpg","keywords":["Conselheira para a Comunica\u00e7\u00e3o Social","Focus","IFMA","Madre Chiara Cazzuola"],"articleSection":["Infosfera","Educomunica\u00e7\u00e3o"],"inLanguage":"pt-PT","potentialAction":[{"@type":"CommentAction","name":"Comment","target":["https:\/\/www.cgfmanet.org\/pt-pt\/infosfera-pt-pt\/comecam-os-commtalks\/#respond"]}]},{"@type":"WebPage","@id":"https:\/\/www.cgfmanet.org\/pt-pt\/infosfera-pt-pt\/comecam-os-commtalks\/","url":"https:\/\/www.cgfmanet.org\/pt-pt\/infosfera-pt-pt\/comecam-os-commtalks\/","name":"Come\u00e7am os CommTalkS &#8226; Istituto Figlie di Maria Ausiliatrice","isPartOf":{"@id":"https:\/\/www.cgfmanet.org\/es\/#website"},"primaryImageOfPage":{"@id":"https:\/\/www.cgfmanet.org\/pt-pt\/infosfera-pt-pt\/comecam-os-commtalks\/#primaryimage"},"image":{"@id":"https:\/\/www.cgfmanet.org\/pt-pt\/infosfera-pt-pt\/comecam-os-commtalks\/#primaryimage"},"thumbnailUrl":"https:\/\/www.cgfmanet.org\/wp-content\/uploads\/2024\/01\/CommTalkS.jpg","datePublished":"2024-02-01T18:13:05+00:00","description":"No dia 31 de janeiro de 2024, na solenidade de S\u00e3o Jo\u00e3o Bosco, Madre Chiara Cazzuola inaugura as v\u00eddeo-publica\u00e7\u00f5es realizadas pelo \u00c2mbito da Comunica\u00e7\u00e3o do Instituto.","breadcrumb":{"@id":"https:\/\/www.cgfmanet.org\/pt-pt\/infosfera-pt-pt\/comecam-os-commtalks\/#breadcrumb"},"inLanguage":"pt-PT","potentialAction":[{"@type":"ReadAction","target":["https:\/\/www.cgfmanet.org\/pt-pt\/infosfera-pt-pt\/comecam-os-commtalks\/"]}]},{"@type":"ImageObject","inLanguage":"pt-PT","@id":"https:\/\/www.cgfmanet.org\/pt-pt\/infosfera-pt-pt\/comecam-os-commtalks\/#primaryimage","url":"https:\/\/www.cgfmanet.org\/wp-content\/uploads\/2024\/01\/CommTalkS.jpg","contentUrl":"https:\/\/www.cgfmanet.org\/wp-content\/uploads\/2024\/01\/CommTalkS.jpg","width":1200,"height":800},{"@type":"BreadcrumbList","@id":"https:\/\/www.cgfmanet.org\/pt-pt\/infosfera-pt-pt\/comecam-os-commtalks\/#breadcrumb","itemListElement":[{"@type":"ListItem","position":1,"name":"Home","item":"https:\/\/www.cgfmanet.org\/pt-pt\/"},{"@type":"ListItem","position":2,"name":"Come\u00e7am os CommTalkS"}]},{"@type":"WebSite","@id":"https:\/\/www.cgfmanet.org\/es\/#website","url":"https:\/\/www.cgfmanet.org\/es\/","name":"Istituto Figlie di Maria Ausiliatrice","description":"Salesiane di Don Bosco","publisher":{"@id":"https:\/\/www.cgfmanet.org\/es\/#organization"},"potentialAction":[{"@type":"SearchAction","target":{"@type":"EntryPoint","urlTemplate":"https:\/\/www.cgfmanet.org\/es\/?s={search_term_string}"},"query-input":{"@type":"PropertyValueSpecification","valueRequired":true,"valueName":"search_term_string"}}],"inLanguage":"pt-PT"},{"@type":"Organization","@id":"https:\/\/www.cgfmanet.org\/es\/#organization","name":"Istituto Figlie di Maria Ausiliatrice","url":"https:\/\/www.cgfmanet.org\/es\/","logo":{"@type":"ImageObject","inLanguage":"pt-PT","@id":"https:\/\/www.cgfmanet.org\/es\/#\/schema\/logo\/image\/","url":"https:\/\/www.cgfmanet.org\/wp-content\/uploads\/2018\/10\/logo-fma.png","contentUrl":"https:\/\/www.cgfmanet.org\/wp-content\/uploads\/2018\/10\/logo-fma.png","width":214,"height":55,"caption":"Istituto Figlie di Maria Ausiliatrice"},"image":{"@id":"https:\/\/www.cgfmanet.org\/es\/#\/schema\/logo\/image\/"},"sameAs":["https:\/\/www.facebook.com\/salesian.sisters.of.don.bosco\/","https:\/\/x.com\/Cgfmanet_Org","https:\/\/www.youtube.com\/channel\/UCmcr8yFQBV7JXeXVxyV9y5Q"]},{"@type":"Person","@id":"https:\/\/www.cgfmanet.org\/es\/#\/schema\/person\/ce6473083f53ef0ef882cca23f0c8fb9","name":"Redazione"}]}},"_links":{"self":[{"href":"https:\/\/www.cgfmanet.org\/pt-pt\/wp-json\/wp\/v2\/posts\/104901","targetHints":{"allow":["GET"]}}],"collection":[{"href":"https:\/\/www.cgfmanet.org\/pt-pt\/wp-json\/wp\/v2\/posts"}],"about":[{"href":"https:\/\/www.cgfmanet.org\/pt-pt\/wp-json\/wp\/v2\/types\/post"}],"author":[{"embeddable":true,"href":"https:\/\/www.cgfmanet.org\/pt-pt\/wp-json\/wp\/v2\/users\/21"}],"replies":[{"embeddable":true,"href":"https:\/\/www.cgfmanet.org\/pt-pt\/wp-json\/wp\/v2\/comments?post=104901"}],"version-history":[{"count":0,"href":"https:\/\/www.cgfmanet.org\/pt-pt\/wp-json\/wp\/v2\/posts\/104901\/revisions"}],"wp:featuredmedia":[{"embeddable":true,"href":"https:\/\/www.cgfmanet.org\/pt-pt\/wp-json\/wp\/v2\/media\/104895"}],"wp:attachment":[{"href":"https:\/\/www.cgfmanet.org\/pt-pt\/wp-json\/wp\/v2\/media?parent=104901"}],"wp:term":[{"taxonomy":"category","embeddable":true,"href":"https:\/\/www.cgfmanet.org\/pt-pt\/wp-json\/wp\/v2\/categories?post=104901"},{"taxonomy":"post_tag","embeddable":true,"href":"https:\/\/www.cgfmanet.org\/pt-pt\/wp-json\/wp\/v2\/tags?post=104901"}],"curies":[{"name":"wp","href":"https:\/\/api.w.org\/{rel}","templated":true}]}}