{"id":101960,"date":"2023-12-12T15:46:26","date_gmt":"2023-12-12T14:46:26","guid":{"rendered":"https:\/\/www.cgfmanet.org\/infosfera-pt-pt\/2-giovedi-salesiani-auxilium-2023-2024\/"},"modified":"2023-12-11T18:52:08","modified_gmt":"2023-12-11T17:52:08","slug":"2o-encontro-das-quintas-feiras-salesianas-no-auxilium-2023-2024","status":"publish","type":"post","link":"https:\/\/www.cgfmanet.org\/pt-pt\/ifma-pt-pt\/2o-encontro-das-quintas-feiras-salesianas-no-auxilium-2023-2024\/","title":{"rendered":"2\u00ba Encontro das Quintas-feiras Salesianas no Auxilium 2023\/2024"},"content":{"rendered":"<p><strong>Roma (It\u00e1lia<\/strong>). No dia 14 de dezembro de 2023 acontecer\u00e1 o segundo encontro das <span style=\"color: #0000ff;\"><strong><a style=\"color: #0000ff;\" href=\"https:\/\/www.cgfmanet.org\/pt-pt\/ifma-pt-pt\/quintas-feiras-salesianas-no-auxilium-2023-2024\/\" target=\"_blank\" rel=\"noopener\">Quintas-feiras Salesianas no Auxilium<\/a><\/strong><\/span><em>, <\/em>organizado pelo Centro de Estudos sobre as Filhas de Maria Auxiliadora da Pontif\u00edcia Faculdade de Ci\u00eancias da Educa\u00e7\u00e3o \u201cAuxilium\u201d, de Roma. O programa 2023\/2024, em continuidade com os aprofundamentos realizadas por ocasi\u00e3o do 150\u00ba anivers\u00e1rio do Instituto das FMA, tem como tema unificador: <em>Sistema preventivo. Educa\u00e7\u00e3o salesiana ontem e hoje.<\/em><\/p>\n<p><strong>\u201cIrm\u00e3 Clotilde Morano e os \u00abexerc\u00edcios de gin\u00e1stica\u00bb\u201d<\/strong> ser\u00e1 o tema aprofundado por \u00c2ngela Teja, estudiosa da hist\u00f3ria da educa\u00e7\u00e3o f\u00edsica e dos esportes, ex-Presidente da Sociedade Italiana de Hist\u00f3ria do Esporte (SISS) e do Comit\u00e9 Europeu para a Hist\u00f3ria dos Esportes (CESH).<\/p>\n<p>Com compet\u00eancia e sensibilidade tamb\u00e9m para o esporte feminino, a Dra. Teja examinar\u00e1 o texto de Irm\u00e3 Clotilde Morano, Filha de Maria Auxiliadora, sobrinha neta da Beata Maddalena Morano, para destacar v\u00e1rios aspectos singulares dos exerc\u00edcios propostos aos professores em seu empenho did\u00e1tico. O volume escrito por Irm\u00e3 Clotilde foi publicado em 1935 pela Editora Paravia &#8211; de modo completamente inesperado no tempo do regime fascista que impunha seus textos &#8211; com o objetivo de modular a educa\u00e7\u00e3o f\u00edsica segundo o Sistema Preventivo Salesiano e em conformidade com as exig\u00eancias da educa\u00e7\u00e3o feminina.<\/p>\n<p>A qualidade do texto, republicado no novo contexto pol\u00edtico e cultural do p\u00f3s-guerra e ainda em uso na d\u00e9cada de 1950, \u00e9 confirmada pela ado\u00e7\u00e3o em muitas escolas na It\u00e1lia e no exterior e pelas cr\u00edticas positivas nas revistas educativas do tempo. Irm\u00e3 Clotilde n\u00e3o poupava cuidado, criatividade e despesas para fornecer prontamente um produto adaptado \u00e0s exig\u00eancias modernas.<\/p>\n<p>Falar disto hoje significa voltar a centrar-se na import\u00e2ncia da educa\u00e7\u00e3o f\u00edsica e do esporte, corretamente entendidos, no contexto da forma\u00e7\u00e3o integral dos jovens, em continuidade com uma experi\u00eancia rica de frutos, que enfrenta agora muitos desafios.<\/p>\n<p>Sobre este tema foram publicados na Revista de Ci\u00eancias da Educa\u00e7\u00e3o, duas contribui\u00e7\u00f5es da Dra. Teja (<span style=\"color: #0000ff;\"><strong><a style=\"color: #0000ff;\" href=\"https:\/\/rivista.pfse-auxilium.org\/it\/pdf\/rse\/angela-teja_rse02-22.pdf\" target=\"_blank\" rel=\"noopener\">Parte 1<\/a><\/strong><\/span> e <span style=\"color: #0000ff;\"><strong><a style=\"color: #0000ff;\" href=\"https:\/\/rivista.pfse-auxilium.org\/it\/pdf\/rse\/angela-teja_rse03-22.pdf\" target=\"_blank\" rel=\"noopener\">Parte 2<\/a><\/strong><\/span>).<\/p>\n<p>O texto da apresenta\u00e7\u00e3o de \u00c2ngela Teja est\u00e1 dispon\u00edvel em l\u00edngua italiana, espanhola e inglesa no site do <span style=\"color: #0000ff;\"><strong><a style=\"color: #0000ff;\" href=\"https:\/\/centrostudifma.pfse-auxilium.org\/it\/index.cfm?&amp;tab=21\" target=\"_blank\" rel=\"noopener\">Centrode Estudos das FMA<\/a><\/strong><\/span>.<\/p>\n<div class=\"youtube-embed\" data-video_id=\"tP_Z0hFT9Jg\"><iframe title=\"Suor Clotilde Morano e gli &quot;esercizi di ginnastica&quot; | Angela Teja\" width=\"696\" height=\"522\" data-src=\"https:\/\/www.youtube.com\/embed\/tP_Z0hFT9Jg?feature=oembed&#038;enablejsapi=1\" frameborder=\"0\" allow=\"accelerometer; autoplay; clipboard-write; encrypted-media; gyroscope; picture-in-picture; web-share\" allowfullscreen src=\"data:image\/svg+xml;base64,PHN2ZyB3aWR0aD0iMSIgaGVpZ2h0PSIxIiB4bWxucz0iaHR0cDovL3d3dy53My5vcmcvMjAwMC9zdmciPjwvc3ZnPg==\" class=\"lazyload\" data-load-mode=\"1\"><\/iframe><\/div>\n","protected":false},"excerpt":{"rendered":"<p>Roma (It\u00e1lia). No dia 14 de dezembro de 2023 acontecer\u00e1 o segundo encontro das Quintas-feiras Salesianas no Auxilium, organizado pelo Centro de Estudos sobre as Filhas de Maria Auxiliadora da [&hellip;]<\/p>\n","protected":false},"author":21,"featured_media":101955,"comment_status":"open","ping_status":"closed","sticky":false,"template":"","format":"standard","meta":{"footnotes":""},"categories":[2403,159],"tags":[1666,1806,1930,1946,2277],"class_list":["post-101960","post","type-post","status-publish","format-standard","has-post-thumbnail","category-150o-instituto-fma","category-ifma-pt-pt","tag-carisma-salesiano-pt-pt","tag-auxilium-pt-pt","tag-focus-pt-pt","tag-sistema-preventivo-pt","tag-150-ifma-pt-pt"],"yoast_head":"<!-- This site is optimized with the Yoast SEO plugin v27.4 - https:\/\/yoast.com\/product\/yoast-seo-wordpress\/ -->\n<title>2\u00ba Encontro das Quintas-feiras Salesianas no Auxilium 2023\/2024 &#8226; Istituto Figlie di Maria Ausiliatrice<\/title>\n<meta name=\"description\" content=\"No dia 14 de dezembro de 2023, o segundo encontro mensal das Quintas-feiras Salesianas no Auxilium \u00e9 dedicado \u00e0 \u201cIrm\u00e3 Clotilde Morano e os \u00abExerc\u00edcios de Gin\u00e1stica\u00bb\u201d.\" \/>\n<meta name=\"robots\" content=\"index, follow, max-snippet:-1, max-image-preview:large, max-video-preview:-1\" \/>\n<link rel=\"canonical\" href=\"https:\/\/www.cgfmanet.org\/ifma\/2-giovedi-salesiani-auxilium-2023-2024\/\" \/>\n<meta property=\"og:locale\" content=\"pt_PT\" \/>\n<meta property=\"og:type\" content=\"article\" \/>\n<meta property=\"og:title\" content=\"2\u00ba Encontro das Quintas-feiras Salesianas no Auxilium 2023\/2024 &#8226; Istituto Figlie di Maria Ausiliatrice\" \/>\n<meta property=\"og:description\" content=\"No dia 14 de dezembro de 2023, o segundo encontro mensal das Quintas-feiras Salesianas no Auxilium \u00e9 dedicado \u00e0 \u201cIrm\u00e3 Clotilde Morano e os \u00abExerc\u00edcios de Gin\u00e1stica\u00bb\u201d.\" \/>\n<meta property=\"og:url\" content=\"https:\/\/www.cgfmanet.org\/ifma\/2-giovedi-salesiani-auxilium-2023-2024\/\" \/>\n<meta property=\"og:site_name\" content=\"Istituto Figlie di Maria Ausiliatrice\" \/>\n<meta property=\"article:publisher\" content=\"https:\/\/www.facebook.com\/salesian.sisters.of.don.bosco\/\" \/>\n<meta property=\"article:published_time\" content=\"2023-12-12T14:46:26+00:00\" \/>\n<meta property=\"og:image\" content=\"https:\/\/www.cgfmanet.org\/wp-content\/uploads\/2023\/12\/2\u00b0-giovedi-Auxilium.jpg\" \/>\n\t<meta property=\"og:image:width\" content=\"1200\" \/>\n\t<meta property=\"og:image:height\" content=\"800\" \/>\n\t<meta property=\"og:image:type\" content=\"image\/jpeg\" \/>\n<meta name=\"author\" content=\"Redazione\" \/>\n<meta name=\"twitter:card\" content=\"summary_large_image\" \/>\n<meta name=\"twitter:creator\" content=\"@Cgfmanet_Org\" \/>\n<meta name=\"twitter:site\" content=\"@Cgfmanet_Org\" \/>\n<meta name=\"twitter:label1\" content=\"Escrito por\" \/>\n\t<meta name=\"twitter:data1\" content=\"Redazione\" \/>\n\t<meta name=\"twitter:label2\" content=\"Tempo estimado de leitura\" \/>\n\t<meta name=\"twitter:data2\" content=\"2 minutos\" \/>\n<script type=\"application\/ld+json\" class=\"yoast-schema-graph\">{\"@context\":\"https:\\\/\\\/schema.org\",\"@graph\":[{\"@type\":\"Article\",\"@id\":\"https:\\\/\\\/www.cgfmanet.org\\\/ifma\\\/2-giovedi-salesiani-auxilium-2023-2024\\\/#article\",\"isPartOf\":{\"@id\":\"https:\\\/\\\/www.cgfmanet.org\\\/ifma\\\/2-giovedi-salesiani-auxilium-2023-2024\\\/\"},\"author\":{\"name\":\"Redazione\",\"@id\":\"https:\\\/\\\/www.cgfmanet.org\\\/es\\\/#\\\/schema\\\/person\\\/ce6473083f53ef0ef882cca23f0c8fb9\"},\"headline\":\"2\u00ba Encontro das Quintas-feiras Salesianas no Auxilium 2023\\\/2024\",\"datePublished\":\"2023-12-12T14:46:26+00:00\",\"mainEntityOfPage\":{\"@id\":\"https:\\\/\\\/www.cgfmanet.org\\\/ifma\\\/2-giovedi-salesiani-auxilium-2023-2024\\\/\"},\"wordCount\":392,\"commentCount\":0,\"publisher\":{\"@id\":\"https:\\\/\\\/www.cgfmanet.org\\\/es\\\/#organization\"},\"image\":{\"@id\":\"https:\\\/\\\/www.cgfmanet.org\\\/ifma\\\/2-giovedi-salesiani-auxilium-2023-2024\\\/#primaryimage\"},\"thumbnailUrl\":\"https:\\\/\\\/www.cgfmanet.org\\\/wp-content\\\/uploads\\\/2023\\\/12\\\/2\u00b0-giovedi-Auxilium.jpg\",\"keywords\":[\"Carisma salesiano\",\"Auxilium\",\"Focus\",\"Sistema Preventivo\",\"150\u00b0 IFMA\"],\"articleSection\":[\"150\u00ba Instituto FMA\",\"IFMA\"],\"inLanguage\":\"pt-PT\",\"potentialAction\":[{\"@type\":\"CommentAction\",\"name\":\"Comment\",\"target\":[\"https:\\\/\\\/www.cgfmanet.org\\\/ifma\\\/2-giovedi-salesiani-auxilium-2023-2024\\\/#respond\"]}]},{\"@type\":\"WebPage\",\"@id\":\"https:\\\/\\\/www.cgfmanet.org\\\/ifma\\\/2-giovedi-salesiani-auxilium-2023-2024\\\/\",\"url\":\"https:\\\/\\\/www.cgfmanet.org\\\/ifma\\\/2-giovedi-salesiani-auxilium-2023-2024\\\/\",\"name\":\"2\u00ba Encontro das Quintas-feiras Salesianas no Auxilium 2023\\\/2024 &#8226; Istituto Figlie di Maria Ausiliatrice\",\"isPartOf\":{\"@id\":\"https:\\\/\\\/www.cgfmanet.org\\\/es\\\/#website\"},\"primaryImageOfPage\":{\"@id\":\"https:\\\/\\\/www.cgfmanet.org\\\/ifma\\\/2-giovedi-salesiani-auxilium-2023-2024\\\/#primaryimage\"},\"image\":{\"@id\":\"https:\\\/\\\/www.cgfmanet.org\\\/ifma\\\/2-giovedi-salesiani-auxilium-2023-2024\\\/#primaryimage\"},\"thumbnailUrl\":\"https:\\\/\\\/www.cgfmanet.org\\\/wp-content\\\/uploads\\\/2023\\\/12\\\/2\u00b0-giovedi-Auxilium.jpg\",\"datePublished\":\"2023-12-12T14:46:26+00:00\",\"description\":\"No dia 14 de dezembro de 2023, o segundo encontro mensal das Quintas-feiras Salesianas no Auxilium \u00e9 dedicado \u00e0 \u201cIrm\u00e3 Clotilde Morano e os \u00abExerc\u00edcios de Gin\u00e1stica\u00bb\u201d.\",\"breadcrumb\":{\"@id\":\"https:\\\/\\\/www.cgfmanet.org\\\/ifma\\\/2-giovedi-salesiani-auxilium-2023-2024\\\/#breadcrumb\"},\"inLanguage\":\"pt-PT\",\"potentialAction\":[{\"@type\":\"ReadAction\",\"target\":[\"https:\\\/\\\/www.cgfmanet.org\\\/ifma\\\/2-giovedi-salesiani-auxilium-2023-2024\\\/\"]}]},{\"@type\":\"ImageObject\",\"inLanguage\":\"pt-PT\",\"@id\":\"https:\\\/\\\/www.cgfmanet.org\\\/ifma\\\/2-giovedi-salesiani-auxilium-2023-2024\\\/#primaryimage\",\"url\":\"https:\\\/\\\/www.cgfmanet.org\\\/wp-content\\\/uploads\\\/2023\\\/12\\\/2\u00b0-giovedi-Auxilium.jpg\",\"contentUrl\":\"https:\\\/\\\/www.cgfmanet.org\\\/wp-content\\\/uploads\\\/2023\\\/12\\\/2\u00b0-giovedi-Auxilium.jpg\",\"width\":1200,\"height\":800},{\"@type\":\"BreadcrumbList\",\"@id\":\"https:\\\/\\\/www.cgfmanet.org\\\/ifma\\\/2-giovedi-salesiani-auxilium-2023-2024\\\/#breadcrumb\",\"itemListElement\":[{\"@type\":\"ListItem\",\"position\":1,\"name\":\"Home\",\"item\":\"https:\\\/\\\/www.cgfmanet.org\\\/pt-pt\\\/\"},{\"@type\":\"ListItem\",\"position\":2,\"name\":\"2\u00ba Encontro das Quintas-feiras Salesianas no Auxilium 2023\\\/2024\"}]},{\"@type\":\"WebSite\",\"@id\":\"https:\\\/\\\/www.cgfmanet.org\\\/es\\\/#website\",\"url\":\"https:\\\/\\\/www.cgfmanet.org\\\/es\\\/\",\"name\":\"Istituto Figlie di Maria Ausiliatrice\",\"description\":\"Salesiane di Don Bosco\",\"publisher\":{\"@id\":\"https:\\\/\\\/www.cgfmanet.org\\\/es\\\/#organization\"},\"potentialAction\":[{\"@type\":\"SearchAction\",\"target\":{\"@type\":\"EntryPoint\",\"urlTemplate\":\"https:\\\/\\\/www.cgfmanet.org\\\/es\\\/?s={search_term_string}\"},\"query-input\":{\"@type\":\"PropertyValueSpecification\",\"valueRequired\":true,\"valueName\":\"search_term_string\"}}],\"inLanguage\":\"pt-PT\"},{\"@type\":\"Organization\",\"@id\":\"https:\\\/\\\/www.cgfmanet.org\\\/es\\\/#organization\",\"name\":\"Istituto Figlie di Maria Ausiliatrice\",\"url\":\"https:\\\/\\\/www.cgfmanet.org\\\/es\\\/\",\"logo\":{\"@type\":\"ImageObject\",\"inLanguage\":\"pt-PT\",\"@id\":\"https:\\\/\\\/www.cgfmanet.org\\\/es\\\/#\\\/schema\\\/logo\\\/image\\\/\",\"url\":\"https:\\\/\\\/www.cgfmanet.org\\\/wp-content\\\/uploads\\\/2018\\\/10\\\/logo-fma.png\",\"contentUrl\":\"https:\\\/\\\/www.cgfmanet.org\\\/wp-content\\\/uploads\\\/2018\\\/10\\\/logo-fma.png\",\"width\":214,\"height\":55,\"caption\":\"Istituto Figlie di Maria Ausiliatrice\"},\"image\":{\"@id\":\"https:\\\/\\\/www.cgfmanet.org\\\/es\\\/#\\\/schema\\\/logo\\\/image\\\/\"},\"sameAs\":[\"https:\\\/\\\/www.facebook.com\\\/salesian.sisters.of.don.bosco\\\/\",\"https:\\\/\\\/x.com\\\/Cgfmanet_Org\",\"https:\\\/\\\/www.youtube.com\\\/channel\\\/UCmcr8yFQBV7JXeXVxyV9y5Q\"]},{\"@type\":\"Person\",\"@id\":\"https:\\\/\\\/www.cgfmanet.org\\\/es\\\/#\\\/schema\\\/person\\\/ce6473083f53ef0ef882cca23f0c8fb9\",\"name\":\"Redazione\"}]}<\/script>\n<!-- \/ Yoast SEO plugin. -->","yoast_head_json":{"title":"2\u00ba Encontro das Quintas-feiras Salesianas no Auxilium 2023\/2024 &#8226; Istituto Figlie di Maria Ausiliatrice","description":"No dia 14 de dezembro de 2023, o segundo encontro mensal das Quintas-feiras Salesianas no Auxilium \u00e9 dedicado \u00e0 \u201cIrm\u00e3 Clotilde Morano e os \u00abExerc\u00edcios de Gin\u00e1stica\u00bb\u201d.","robots":{"index":"index","follow":"follow","max-snippet":"max-snippet:-1","max-image-preview":"max-image-preview:large","max-video-preview":"max-video-preview:-1"},"canonical":"https:\/\/www.cgfmanet.org\/ifma\/2-giovedi-salesiani-auxilium-2023-2024\/","og_locale":"pt_PT","og_type":"article","og_title":"2\u00ba Encontro das Quintas-feiras Salesianas no Auxilium 2023\/2024 &#8226; Istituto Figlie di Maria Ausiliatrice","og_description":"No dia 14 de dezembro de 2023, o segundo encontro mensal das Quintas-feiras Salesianas no Auxilium \u00e9 dedicado \u00e0 \u201cIrm\u00e3 Clotilde Morano e os \u00abExerc\u00edcios de Gin\u00e1stica\u00bb\u201d.","og_url":"https:\/\/www.cgfmanet.org\/ifma\/2-giovedi-salesiani-auxilium-2023-2024\/","og_site_name":"Istituto Figlie di Maria Ausiliatrice","article_publisher":"https:\/\/www.facebook.com\/salesian.sisters.of.don.bosco\/","article_published_time":"2023-12-12T14:46:26+00:00","og_image":[{"width":1200,"height":800,"url":"https:\/\/www.cgfmanet.org\/wp-content\/uploads\/2023\/12\/2\u00b0-giovedi-Auxilium.jpg","type":"image\/jpeg"}],"author":"Redazione","twitter_card":"summary_large_image","twitter_creator":"@Cgfmanet_Org","twitter_site":"@Cgfmanet_Org","twitter_misc":{"Escrito por":"Redazione","Tempo estimado de leitura":"2 minutos"},"schema":{"@context":"https:\/\/schema.org","@graph":[{"@type":"Article","@id":"https:\/\/www.cgfmanet.org\/ifma\/2-giovedi-salesiani-auxilium-2023-2024\/#article","isPartOf":{"@id":"https:\/\/www.cgfmanet.org\/ifma\/2-giovedi-salesiani-auxilium-2023-2024\/"},"author":{"name":"Redazione","@id":"https:\/\/www.cgfmanet.org\/es\/#\/schema\/person\/ce6473083f53ef0ef882cca23f0c8fb9"},"headline":"2\u00ba Encontro das Quintas-feiras Salesianas no Auxilium 2023\/2024","datePublished":"2023-12-12T14:46:26+00:00","mainEntityOfPage":{"@id":"https:\/\/www.cgfmanet.org\/ifma\/2-giovedi-salesiani-auxilium-2023-2024\/"},"wordCount":392,"commentCount":0,"publisher":{"@id":"https:\/\/www.cgfmanet.org\/es\/#organization"},"image":{"@id":"https:\/\/www.cgfmanet.org\/ifma\/2-giovedi-salesiani-auxilium-2023-2024\/#primaryimage"},"thumbnailUrl":"https:\/\/www.cgfmanet.org\/wp-content\/uploads\/2023\/12\/2\u00b0-giovedi-Auxilium.jpg","keywords":["Carisma salesiano","Auxilium","Focus","Sistema Preventivo","150\u00b0 IFMA"],"articleSection":["150\u00ba Instituto FMA","IFMA"],"inLanguage":"pt-PT","potentialAction":[{"@type":"CommentAction","name":"Comment","target":["https:\/\/www.cgfmanet.org\/ifma\/2-giovedi-salesiani-auxilium-2023-2024\/#respond"]}]},{"@type":"WebPage","@id":"https:\/\/www.cgfmanet.org\/ifma\/2-giovedi-salesiani-auxilium-2023-2024\/","url":"https:\/\/www.cgfmanet.org\/ifma\/2-giovedi-salesiani-auxilium-2023-2024\/","name":"2\u00ba Encontro das Quintas-feiras Salesianas no Auxilium 2023\/2024 &#8226; Istituto Figlie di Maria Ausiliatrice","isPartOf":{"@id":"https:\/\/www.cgfmanet.org\/es\/#website"},"primaryImageOfPage":{"@id":"https:\/\/www.cgfmanet.org\/ifma\/2-giovedi-salesiani-auxilium-2023-2024\/#primaryimage"},"image":{"@id":"https:\/\/www.cgfmanet.org\/ifma\/2-giovedi-salesiani-auxilium-2023-2024\/#primaryimage"},"thumbnailUrl":"https:\/\/www.cgfmanet.org\/wp-content\/uploads\/2023\/12\/2\u00b0-giovedi-Auxilium.jpg","datePublished":"2023-12-12T14:46:26+00:00","description":"No dia 14 de dezembro de 2023, o segundo encontro mensal das Quintas-feiras Salesianas no Auxilium \u00e9 dedicado \u00e0 \u201cIrm\u00e3 Clotilde Morano e os \u00abExerc\u00edcios de Gin\u00e1stica\u00bb\u201d.","breadcrumb":{"@id":"https:\/\/www.cgfmanet.org\/ifma\/2-giovedi-salesiani-auxilium-2023-2024\/#breadcrumb"},"inLanguage":"pt-PT","potentialAction":[{"@type":"ReadAction","target":["https:\/\/www.cgfmanet.org\/ifma\/2-giovedi-salesiani-auxilium-2023-2024\/"]}]},{"@type":"ImageObject","inLanguage":"pt-PT","@id":"https:\/\/www.cgfmanet.org\/ifma\/2-giovedi-salesiani-auxilium-2023-2024\/#primaryimage","url":"https:\/\/www.cgfmanet.org\/wp-content\/uploads\/2023\/12\/2\u00b0-giovedi-Auxilium.jpg","contentUrl":"https:\/\/www.cgfmanet.org\/wp-content\/uploads\/2023\/12\/2\u00b0-giovedi-Auxilium.jpg","width":1200,"height":800},{"@type":"BreadcrumbList","@id":"https:\/\/www.cgfmanet.org\/ifma\/2-giovedi-salesiani-auxilium-2023-2024\/#breadcrumb","itemListElement":[{"@type":"ListItem","position":1,"name":"Home","item":"https:\/\/www.cgfmanet.org\/pt-pt\/"},{"@type":"ListItem","position":2,"name":"2\u00ba Encontro das Quintas-feiras Salesianas no Auxilium 2023\/2024"}]},{"@type":"WebSite","@id":"https:\/\/www.cgfmanet.org\/es\/#website","url":"https:\/\/www.cgfmanet.org\/es\/","name":"Istituto Figlie di Maria Ausiliatrice","description":"Salesiane di Don Bosco","publisher":{"@id":"https:\/\/www.cgfmanet.org\/es\/#organization"},"potentialAction":[{"@type":"SearchAction","target":{"@type":"EntryPoint","urlTemplate":"https:\/\/www.cgfmanet.org\/es\/?s={search_term_string}"},"query-input":{"@type":"PropertyValueSpecification","valueRequired":true,"valueName":"search_term_string"}}],"inLanguage":"pt-PT"},{"@type":"Organization","@id":"https:\/\/www.cgfmanet.org\/es\/#organization","name":"Istituto Figlie di Maria Ausiliatrice","url":"https:\/\/www.cgfmanet.org\/es\/","logo":{"@type":"ImageObject","inLanguage":"pt-PT","@id":"https:\/\/www.cgfmanet.org\/es\/#\/schema\/logo\/image\/","url":"https:\/\/www.cgfmanet.org\/wp-content\/uploads\/2018\/10\/logo-fma.png","contentUrl":"https:\/\/www.cgfmanet.org\/wp-content\/uploads\/2018\/10\/logo-fma.png","width":214,"height":55,"caption":"Istituto Figlie di Maria Ausiliatrice"},"image":{"@id":"https:\/\/www.cgfmanet.org\/es\/#\/schema\/logo\/image\/"},"sameAs":["https:\/\/www.facebook.com\/salesian.sisters.of.don.bosco\/","https:\/\/x.com\/Cgfmanet_Org","https:\/\/www.youtube.com\/channel\/UCmcr8yFQBV7JXeXVxyV9y5Q"]},{"@type":"Person","@id":"https:\/\/www.cgfmanet.org\/es\/#\/schema\/person\/ce6473083f53ef0ef882cca23f0c8fb9","name":"Redazione"}]}},"_links":{"self":[{"href":"https:\/\/www.cgfmanet.org\/pt-pt\/wp-json\/wp\/v2\/posts\/101960","targetHints":{"allow":["GET"]}}],"collection":[{"href":"https:\/\/www.cgfmanet.org\/pt-pt\/wp-json\/wp\/v2\/posts"}],"about":[{"href":"https:\/\/www.cgfmanet.org\/pt-pt\/wp-json\/wp\/v2\/types\/post"}],"author":[{"embeddable":true,"href":"https:\/\/www.cgfmanet.org\/pt-pt\/wp-json\/wp\/v2\/users\/21"}],"replies":[{"embeddable":true,"href":"https:\/\/www.cgfmanet.org\/pt-pt\/wp-json\/wp\/v2\/comments?post=101960"}],"version-history":[{"count":0,"href":"https:\/\/www.cgfmanet.org\/pt-pt\/wp-json\/wp\/v2\/posts\/101960\/revisions"}],"wp:featuredmedia":[{"embeddable":true,"href":"https:\/\/www.cgfmanet.org\/pt-pt\/wp-json\/wp\/v2\/media\/101955"}],"wp:attachment":[{"href":"https:\/\/www.cgfmanet.org\/pt-pt\/wp-json\/wp\/v2\/media?parent=101960"}],"wp:term":[{"taxonomy":"category","embeddable":true,"href":"https:\/\/www.cgfmanet.org\/pt-pt\/wp-json\/wp\/v2\/categories?post=101960"},{"taxonomy":"post_tag","embeddable":true,"href":"https:\/\/www.cgfmanet.org\/pt-pt\/wp-json\/wp\/v2\/tags?post=101960"}],"curies":[{"name":"wp","href":"https:\/\/api.w.org\/{rel}","templated":true}]}}