{"id":32442,"global_id":"www.cgfmanet.org\/pt-pt\/?id=32442","global_id_lineage":["www.cgfmanet.org\/pt-pt\/?id=32442"],"author":"21","status":"publish","date":"2020-10-07 10:24:10","date_utc":"2020-10-07 08:24:10","modified":"2020-10-30 18:23:07","modified_utc":"2020-10-30 17:23:07","url":"https:\/\/www.cgfmanet.org\/pt-pt\/event\/saudacao-da-madre-como-presidente-da-usmi-nacional-na-abertura-do-encontro-online-usmi-cism-sobre-a-reforma-do-terceiro-setor-e-suas-consequencias-para-os-orgaos-eclesiasticos\/","rest_url":"https:\/\/www.cgfmanet.org\/pt-pt\/wp-json\/tribe\/events\/v1\/events\/32442","title":"Sauda\u00e7\u00e3o da Madre, como Presidente da USMI Nacional, na abertura do encontro online USMI &#8211; CISM sobre a reforma do Terceiro Setor e suas consequ\u00eancias para os \u00f3rg\u00e3os eclesi\u00e1sticos.","description":"","excerpt":"","slug":"saudacao-da-madre-como-presidente-da-usmi-nacional-na-abertura-do-encontro-online-usmi-cism-sobre-a-reforma-do-terceiro-setor-e-suas-consequencias-para-os-orgaos-eclesiasticos","image":false,"all_day":true,"start_date":"2020-10-02 00:00:00","start_date_details":{"year":"2020","month":"10","day":"02","hour":"00","minutes":"00","seconds":"00"},"end_date":"2020-10-02 23:59:59","end_date_details":{"year":"2020","month":"10","day":"02","hour":"23","minutes":"59","seconds":"59"},"utc_start_date":"2020-10-01 22:00:00","utc_start_date_details":{"year":"2020","month":"10","day":"01","hour":"22","minutes":"00","seconds":"00"},"utc_end_date":"2020-10-02 21:59:59","utc_end_date_details":{"year":"2020","month":"10","day":"02","hour":"21","minutes":"59","seconds":"59"},"timezone":"Europe\/Rome","timezone_abbr":"CEST","cost":"","cost_details":{"currency_symbol":"","currency_code":"","currency_position":"prefix","values":[]},"website":"","show_map":true,"show_map_link":true,"hide_from_listings":false,"sticky":false,"featured":false,"categories":[{"name":"Madre Geral","slug":"madre-geral","term_group":0,"term_taxonomy_id":526,"taxonomy":"tribe_events_cat","description":"","parent":1718,"count":281,"filter":"raw","term_order":"0","id":526,"urls":{"self":"https:\/\/www.cgfmanet.org\/pt-pt\/wp-json\/tribe\/events\/v1\/categories\/526","collection":"https:\/\/www.cgfmanet.org\/pt-pt\/wp-json\/tribe\/events\/v1\/categories","up":"https:\/\/www.cgfmanet.org\/pt-pt\/wp-json\/tribe\/events\/v1\/categories\/1718"}},{"name":"Agenda","slug":"agenda-pt-pt","term_group":0,"term_taxonomy_id":1718,"taxonomy":"tribe_events_cat","description":"","parent":0,"count":1761,"filter":"raw","term_order":"0","id":1718,"urls":{"self":"https:\/\/www.cgfmanet.org\/pt-pt\/wp-json\/tribe\/events\/v1\/categories\/1718","collection":"https:\/\/www.cgfmanet.org\/pt-pt\/wp-json\/tribe\/events\/v1\/categories"}}],"tags":[],"venue":[],"organizer":[],"custom_fields":[],"json_ld":{"@context":"http:\/\/schema.org","@type":"Event","name":"Sauda\u00e7\u00e3o da Madre, como Presidente da USMI Nacional, na abertura do encontro online USMI &#8211; CISM sobre a reforma do Terceiro Setor e suas consequ\u00eancias para os \u00f3rg\u00e3os eclesi\u00e1sticos.","description":"","url":"https:\/\/www.cgfmanet.org\/pt-pt\/event\/saudacao-da-madre-como-presidente-da-usmi-nacional-na-abertura-do-encontro-online-usmi-cism-sobre-a-reforma-do-terceiro-setor-e-suas-consequencias-para-os-orgaos-eclesiasticos\/","eventAttendanceMode":"https:\/\/schema.org\/OfflineEventAttendanceMode","eventStatus":"https:\/\/schema.org\/EventScheduled","startDate":"2020-10-02T00:00:00+02:00","endDate":"2020-10-02T23:59:59+02:00","performer":"Organization"},"is_virtual":false,"virtual_url":null,"virtual_video_source":""}