{"id":135609,"global_id":"www.cgfmanet.org\/pt-pt\/?id=135609","global_id_lineage":["www.cgfmanet.org\/pt-pt\/?id=135609"],"author":"21","status":"publish","date":"2025-05-28 11:37:47","date_utc":"2025-05-28 09:37:47","modified":"2025-05-28 11:38:19","modified_utc":"2025-05-28 09:38:19","url":"https:\/\/www.cgfmanet.org\/pt-pt\/event\/suor-maria-del-rosario-garcia-ribas-termina-la-visita-alla-comunita-maria-ausiliatrice-rcg-della-casa-generalizia-di-roma\/","rest_url":"https:\/\/www.cgfmanet.org\/pt-pt\/wp-json\/tribe\/events\/v1\/events\/135609","title":"Suor Mar\u00eda del Rosario Garc\u00eda Ribas termina la Visita alla Comunit\u00e0 \u201cMaria Ausiliatrice\u201d (RCG) della Casa Generalizia di Roma.","description":"","excerpt":"","slug":"suor-maria-del-rosario-garcia-ribas-termina-la-visita-alla-comunita-maria-ausiliatrice-rcg-della-casa-generalizia-di-roma","image":false,"all_day":true,"start_date":"2025-05-26 00:00:00","start_date_details":{"year":"2025","month":"05","day":"26","hour":"00","minutes":"00","seconds":"00"},"end_date":"2025-05-26 23:59:59","end_date_details":{"year":"2025","month":"05","day":"26","hour":"23","minutes":"59","seconds":"59"},"utc_start_date":"2025-05-25 22:00:00","utc_start_date_details":{"year":"2025","month":"05","day":"25","hour":"22","minutes":"00","seconds":"00"},"utc_end_date":"2025-05-26 21:59:59","utc_end_date_details":{"year":"2025","month":"05","day":"26","hour":"21","minutes":"59","seconds":"59"},"timezone":"Europe\/Rome","timezone_abbr":"CEST","cost":"","cost_details":{"currency_symbol":"\u20ac","currency_code":"USD","currency_position":"prefix","values":[]},"website":"","show_map":true,"show_map_link":true,"hide_from_listings":false,"sticky":false,"featured":false,"categories":[{"name":"Vig\u00e1ria Geral","slug":"vigaria-geral","term_group":0,"term_taxonomy_id":534,"taxonomy":"tribe_events_cat","description":"","parent":1718,"count":76,"filter":"raw","term_order":"0","id":534,"urls":{"self":"https:\/\/www.cgfmanet.org\/pt-pt\/wp-json\/tribe\/events\/v1\/categories\/534","collection":"https:\/\/www.cgfmanet.org\/pt-pt\/wp-json\/tribe\/events\/v1\/categories","up":"https:\/\/www.cgfmanet.org\/pt-pt\/wp-json\/tribe\/events\/v1\/categories\/1718"}},{"name":"Agenda","slug":"agenda-pt-pt","term_group":0,"term_taxonomy_id":1718,"taxonomy":"tribe_events_cat","description":"","parent":0,"count":1761,"filter":"raw","term_order":"0","id":1718,"urls":{"self":"https:\/\/www.cgfmanet.org\/pt-pt\/wp-json\/tribe\/events\/v1\/categories\/1718","collection":"https:\/\/www.cgfmanet.org\/pt-pt\/wp-json\/tribe\/events\/v1\/categories"}}],"tags":[],"venue":[],"organizer":[],"custom_fields":[],"json_ld":{"@context":"http:\/\/schema.org","@type":"Event","name":"Suor Mar\u00eda del Rosario Garc\u00eda Ribas termina la Visita alla Comunit\u00e0 \u201cMaria Ausiliatrice\u201d (RCG) della Casa Generalizia di Roma.","description":"","url":"https:\/\/www.cgfmanet.org\/pt-pt\/event\/suor-maria-del-rosario-garcia-ribas-termina-la-visita-alla-comunita-maria-ausiliatrice-rcg-della-casa-generalizia-di-roma\/","eventAttendanceMode":"https:\/\/schema.org\/OfflineEventAttendanceMode","eventStatus":"https:\/\/schema.org\/EventScheduled","startDate":"2025-05-26T00:00:00+02:00","endDate":"2025-05-26T23:59:59+02:00","performer":"Organization"},"is_virtual":false,"virtual_url":null,"virtual_video_source":""}