{"id":92983,"date":"2023-07-12T11:08:16","date_gmt":"2023-07-12T09:08:16","guid":{"rendered":"https:\/\/www.cgfmanet.org\/info-sphere\/progetto-gerusalemme-2023\/"},"modified":"2023-07-22T22:53:23","modified_gmt":"2023-07-22T20:53:23","slug":"projet-jerusalem-2023","status":"publish","type":"post","link":"https:\/\/www.cgfmanet.org\/fr\/ifma-fr\/projet-jerusalem-2023\/","title":{"rendered":"Projet J\u00e9rusalem 2023"},"content":{"rendered":"<p><strong>J\u00e9rusalem (Isra\u00ebl).<\/strong> Du 1er juin au 10 juillet, \u00e0 la Maison Saint Jean Bosco de J\u00e9rusalem, Province de <strong>J\u00e9sus Adolescent<\/strong> (MOR), 18 Filles de Marie Auxiliatrice de 12 Provinces du monde entier ont particip\u00e9 au 24e Projet J\u00e9rusalem.<\/p>\n<p>Promu par l\u2019Office FMA de la Formation, le Projet J\u00e9rusalem est une exp\u00e9rience d&rsquo;\u00e9coute et de confrontation avec la Parole de Dieu pour un authentique discernement personnel et communautaire ; une occasion privil\u00e9gi\u00e9e de rencontrer le Seigneur dans les lieux o\u00f9 s&rsquo;est d\u00e9roul\u00e9 le myst\u00e8re du salut ; la possibilit\u00e9 d&rsquo;approfondir les racines bibliques du charisme sal\u00e9sien, \u00e9galement en vue d&rsquo;accompagner les jeunes dans leur rencontre avec la Parole de Dieu.<\/p>\n<p>Accompagn\u00e9es et guid\u00e9es par la coordinatrice du projet, <strong>Sr. Mercedes Martin Leon<\/strong>, et par <strong>Sr. Maria Ko<\/strong>, professeur \u00e9m\u00e9rite d&rsquo;Ecriture Sainte \u00e0 la Facult\u00e9 Pontificale des Sciences de l&rsquo;Education \u00ab <strong>Auxilium<\/strong> \u00bb de Rome, les participantes ont v\u00e9cu ces 40 jours comme communaut\u00e9 et comme disciples de la Parole, elles ont essay\u00e9 de cultiver une attitude d&rsquo;\u00e9coute et d&rsquo;accueil de la diversit\u00e9, se laissant toucher par J\u00e9sus-Parole qui demande de faire place \u00e0 une rencontre avec la Parole faite chair sur cette terre.<\/p>\n<p>\u00ab <strong>Une Terre, une Histoire, un Peuple, un Livre et un Charisme<\/strong> \u00bb \u00e9tait le leitmotiv de l&rsquo;exp\u00e9rience, \u00e0 partir de l&rsquo;invitation \u00e0 se laisser interpeller par la Parole de Dieu dans l&rsquo;\u00c9vangile de Jean : \u00ab J\u00e9sus leur dit : \u00ab\u00a0Que cherches-tu ?\u00a0\u00bb Ils lui ont r\u00e9pondu : \u00ab\u00a0Rabbi &#8211; qui, traduit, signifie Ma\u00eetre &#8211; o\u00f9 demeures-tu ?\u00a0\u00bb. Il leur dit : \u00ab Venez et vous verrez \u00bb. Ils all\u00e8rent donc voir o\u00f9 il demeurait, et ils demeur\u00e8rent aupr\u00e8s de lui ce jour-l\u00e0 \u00bb (Jn 1, 38-39).<\/p>\n<p><strong>L&rsquo;\u00e9tude <\/strong>qui pr\u00e9c\u00e9dait chaque visite des lieux saints et le p\u00e8lerinage, enrichi de pauses de silence et de pri\u00e8re, \u00e9taient les deux perspectives des journ\u00e9es. \u00c9tudiant et marchant sur la g\u00e9ographie de la Terre Sainte, sur sa riche histoire et sur celle de son peuple, les participants relisent les r\u00e9cits bibliques dans les lieux saints de la r\u00e9demption, exp\u00e9rimentent l&rsquo;historicit\u00e9 de la Parole de Dieu, suivent les traces de J\u00e9sus, respirent l&rsquo;air qu&rsquo;il respirait, regardent le ciel, la terre, la mer qu&rsquo;il a vues et qui racontent l&rsquo;histoire, essayant de saisir l&rsquo;action de Dieu en elle.<\/p>\n<p><strong>Les \u00e9tapes<\/strong> <strong>et lieux visit\u00e9s<\/strong> \u00e9taient vari\u00e9s : de J\u00e9rusalem \u00e0 la Vall\u00e9e du Jourdain, Thabor, Na\u00efn, Nazareth, Galil\u00e9e, Cana, Banias, C\u00e9sar\u00e9e de Philippe, Capharna\u00fcm, Tabga, Mont des B\u00e9atitudes, Lac de Tib\u00e9riade, Muhraga, Mont Carmel, Ha\u00effa, C\u00e9sar\u00e9e Maritima, Yaffo, B\u00e9thanie, J\u00e9richo, D\u00e9sert de Juda, Qumr\u00e2n, Mer Morte, Bethl\u00e9em, Cr\u00e9misan, Ain Karen, Yad Vashen, Abu Ghos h, Beit Jamal, Emma\u00fcs et Nicopolis.<\/p>\n<p><strong>La rencontre avec la Parole<\/strong><\/p>\n<p>\u00ab\u00a0<em>Nous avons parcouru ces lieux avec nos c\u0153urs, nos \u00e2mes et nos esprits \u00e0 l&rsquo;\u00e9coute pour nous pr\u00e9parer \u00e0 une rencontre avec la Parole<\/em>\u00a0\u00bb &#8211; racontent les participants -. \u00ab Nous avons trouv\u00e9 les lieux de la R\u00e9v\u00e9lation, les lieux de l&rsquo;incarnation, les lieux de la pr\u00e9dication du Seigneur et les lieux de sa passion, de sa mort et de sa r\u00e9surrection. Nous avons lu la Parole de Dieu l\u00e0 o\u00f9 elle s&rsquo;est r\u00e9v\u00e9l\u00e9e et s&rsquo;est incarn\u00e9e, et o\u00f9 elle a accompli de nombreux signes. Ce n&rsquo;\u00e9tait pas une lecture en deux dimensions, lin\u00e9aire et sur papier, mais en trois dimensions, parce que nous l&rsquo;avons lu dans son contexte, et cela nous a aid\u00e9s \u00e0 int\u00e9grer, unifier et \u00e9largir nos connaissances bibliques, pour avoir une vision plus concr\u00e8te de l&rsquo;\u00c9criture\u00a0\u00bb.<\/p>\n<p><strong>Relire sa vie comme une histoire de salut<\/strong><\/p>\n<p>\u00ab\u00a0Au pays de la Bible, guid\u00e9s par la Parole entendue, touch\u00e9e et v\u00e9cue dans les lieux o\u00f9 elle a \u00e9t\u00e9 proclam\u00e9e, \u00e9coutant les bruits, voyant les couleurs et go\u00fbtant les saveurs, \u00e9prouvant la chaleur et s&rsquo;immergeant dans le paysage de la Terre Sainte, nous avons eu l&rsquo;occasion de relire notre vie comme une v\u00e9ritable histoire de salut, et le d\u00e9sir profond de continuer \u00e0 revisiter les faits qui constituent le fondement de notre foi qui a grandi en chacune de nous\u00a0\u00bb.<\/p>\n<p><strong>Exp\u00e9rience de fraternit\u00e9 humaine<\/strong><\/p>\n<p>\u00ab Les visites aux communaut\u00e9s FMA et \u00e0 celles des fr\u00e8res SDB en Terre Sainte, et les rencontres avec les autres religions pr\u00e9sentes sur cette terre ont \u00e9t\u00e9 enrichissantes. Nous avons rencontr\u00e9 de nombreux p\u00e8lerins qui, avec leur foi, nous ont fait plonger dans la tradition vivante de la foi des milliers de p\u00e8lerins qui, tout au long de l&rsquo;histoire, ont laiss\u00e9 leur t\u00e9moignage dans ces lieux et nous ont en m\u00eame temps fait sentir la proximit\u00e9 d&rsquo;un Dieu qui a voulu na\u00eetre et vivre parmi son peuple\u00a0\u00bb.<\/p>\n<p><strong>Les racines bibliques du charisme sal\u00e9sien<\/strong><\/p>\n<p>Dans ce cadre si enracin\u00e9 au c\u0153ur de l&rsquo;\u00c9glise et de l&rsquo;Institut, dans ce cheminement de red\u00e9couverte de l&rsquo;\u00c9criture Sainte et de son message de vie, la possibilit\u00e9 d&rsquo;approfondir les racines bibliques de notre charisme et son impact vital sur la vie et la mission de nos saints Fondateurs a \u00e9t\u00e9 tr\u00e8s appr\u00e9ci\u00e9e. Cela a renforc\u00e9 en nous la d\u00e9cision int\u00e9rieure de vouloir toujours mieux r\u00e9pondre \u00e0 l&rsquo;appel de l&rsquo;Esprit, en tant que disciples de J\u00e9sus et v\u00e9ritables auditeurs de sa Parole.<\/p>\n<p><strong>Le t\u00e9moignage d&rsquo;une missionnaire<\/strong><\/p>\n<p>Parmi les participants, il y avait aussi S\u0153ur Alice Lucia Razanatoany, une nouvelle missionnaire de Madagascar \u00e0 destination de la Tunisie, qui a ainsi exprim\u00e9 sa gratitude:<\/p>\n<p>\u00ab <em>Pour moi, c&rsquo;est un grand cadeau de l&rsquo;Institut de pouvoir participer \u00e0 ce projet l&rsquo;ann\u00e9e o\u00f9 je c\u00e9l\u00e8bre le 25e anniversaire de ma profession religieuse et le d\u00e9but de ma vie missionnaire en Tunisie. Tout comme dans la culture d&rsquo;une partie de Madagascar, avant de se marier, la jeune fille conna\u00eet la place de son mari &lsquo;mizaha tany&rsquo; pour s&rsquo;ins\u00e9rer dans la nouvelle famille, ainsi au d\u00e9but de ma mission j&rsquo;ai senti que J\u00e9sus voulait que j&rsquo;en sache plus sur sa vie, sa r\u00e9alit\u00e9, son histoire et ses sentiments dans l&rsquo;accomplissement de la volont\u00e9 de Dieu. Ce que nous avons v\u00e9cu n&rsquo;est pas un simple p\u00e8lerinage, mais une rencontre avec une Terre, une Histoire, un Livre, la Parole de Dieu qui est une personne, J\u00e9sus\u00a0\u00bb.<\/em><em>\u00a0<\/em><\/p>\n<p><strong>La gratitude des participants<\/strong><\/p>\n<p>\u00ab\u00a0<em>A la fin de cette riche exp\u00e9rience, nous avons donc pu faire n\u00f4tres les paroles du psalmiste &lsquo;Quelle joie, quand on m\u2019a dit : Nous irons \u00e0 la maison du Seigneur ! Et maintenant nos pieds s&rsquo;arr\u00eatent \u00e0 tes portes, J\u00e9rusalem !&rsquo; (Psaume 122). Et avec cette joie nous remercions Dieu, M\u00e8re Chiara et son Conseil, nos Provinces et nos Communaut\u00e9s auxquelles nous appartenons, qui nous ont fait ce don pr\u00e9cieux qui constitue un moyen valable de renouveau vital pour chacune de nous et pour nos Provinces\u00a0\u00bb.<\/em><\/p>\n\r\n                <style type=\"text\/css\">\r\n                    \r\n                    #tdi_1  .td-doubleSlider-2 .td-item1 {\r\n                        background: url(https:\/\/www.cgfmanet.org\/wp-content\/uploads\/2023\/07\/PROGETTO-GERUSALEMME-2023_2-80x60.jpg) 0 0 no-repeat;\r\n                    }\r\n                    #tdi_1  .td-doubleSlider-2 .td-item2 {\r\n                        background: url(https:\/\/www.cgfmanet.org\/wp-content\/uploads\/2023\/07\/PROGETTO-GERUSALEMME-2023_3-80x60.jpg) 0 0 no-repeat;\r\n                    }\r\n                <\/style>\r\n\r\n                <div id=\"tdi_1\" class=\"td-gallery td-slide-on-2-columns\">\r\n                    <div class=\"post_td_gallery\">\r\n                        <div class=\"td-gallery-slide-top\">\r\n                           <div class=\"td-gallery-title\"><\/div>\r\n\r\n                            <div class=\"td-gallery-controls-wrapper\">\r\n                                <div class=\"td-gallery-slide-count\"><span class=\"td-gallery-slide-item-focus\">1<\/span> de 2<\/div>\r\n                                <div class=\"td-gallery-slide-prev-next-but\">\r\n                                    <i class = \"td-icon-left doubleSliderPrevButton\"><\/i>\r\n                                    <i class = \"td-icon-right doubleSliderNextButton\"><\/i>\r\n                                <\/div>\r\n                            <\/div>\r\n                        <\/div>\r\n\r\n                        <div class = \"td-doubleSlider-1 \">\r\n                            <div class = \"td-slider\">\r\n                                \r\n                    <div class = \"td-slide-item td-item1\">\r\n                        <figure class=\"td-slide-galery-figure td-slide-popup-gallery\">\r\n                            <a class=\"slide-gallery-image-link\" href=\"https:\/\/www.cgfmanet.org\/wp-content\/uploads\/2023\/07\/PROGETTO-GERUSALEMME-2023_2.jpg\" title=\"PROGETTO GERUSALEMME 2023_2\"  data-caption=\"\"  data-description=\"\">\r\n                                <img decoding=\"async\" data-src=\"https:\/\/www.cgfmanet.org\/wp-content\/uploads\/2023\/07\/PROGETTO-GERUSALEMME-2023_2-630x420.jpg\" data-srcset=\"https:\/\/www.cgfmanet.org\/wp-content\/uploads\/2023\/07\/PROGETTO-GERUSALEMME-2023_2-630x420.jpg 630w, https:\/\/www.cgfmanet.org\/wp-content\/uploads\/2023\/07\/PROGETTO-GERUSALEMME-2023_2-768x512.jpg 768w, https:\/\/www.cgfmanet.org\/wp-content\/uploads\/2023\/07\/PROGETTO-GERUSALEMME-2023_2-696x464.jpg 696w, https:\/\/www.cgfmanet.org\/wp-content\/uploads\/2023\/07\/PROGETTO-GERUSALEMME-2023_2.jpg 1181w\" data-sizes=\"auto\" alt=\"\" src=\"data:image\/svg+xml;base64,PHN2ZyB3aWR0aD0iMSIgaGVpZ2h0PSIxIiB4bWxucz0iaHR0cDovL3d3dy53My5vcmcvMjAwMC9zdmciPjwvc3ZnPg==\" class=\"lazyload\" style=\"--smush-placeholder-width: 630px; --smush-placeholder-aspect-ratio: 630\/420;\" data-original-sizes=\"(max-width: 630px) 100vw, 630px\">\r\n                            <\/a>\r\n                            \r\n                        <\/figure>\r\n                    <\/div>\r\n                    <div class = \"td-slide-item td-item2\">\r\n                        <figure class=\"td-slide-galery-figure td-slide-popup-gallery\">\r\n                            <a class=\"slide-gallery-image-link\" href=\"https:\/\/www.cgfmanet.org\/wp-content\/uploads\/2023\/07\/PROGETTO-GERUSALEMME-2023_3.jpg\" title=\"PROGETTO GERUSALEMME 2023_3\"  data-caption=\"\"  data-description=\"\">\r\n                                <img decoding=\"async\" data-src=\"https:\/\/www.cgfmanet.org\/wp-content\/uploads\/2023\/07\/PROGETTO-GERUSALEMME-2023_3-689x420.jpg\" data-srcset=\"https:\/\/www.cgfmanet.org\/wp-content\/uploads\/2023\/07\/PROGETTO-GERUSALEMME-2023_3-689x420.jpg 689w, https:\/\/www.cgfmanet.org\/wp-content\/uploads\/2023\/07\/PROGETTO-GERUSALEMME-2023_3-768x468.jpg 768w, https:\/\/www.cgfmanet.org\/wp-content\/uploads\/2023\/07\/PROGETTO-GERUSALEMME-2023_3-696x424.jpg 696w, https:\/\/www.cgfmanet.org\/wp-content\/uploads\/2023\/07\/PROGETTO-GERUSALEMME-2023_3.jpg 1181w\" data-sizes=\"auto\" alt=\"\" src=\"data:image\/svg+xml;base64,PHN2ZyB3aWR0aD0iMSIgaGVpZ2h0PSIxIiB4bWxucz0iaHR0cDovL3d3dy53My5vcmcvMjAwMC9zdmciPjwvc3ZnPg==\" class=\"lazyload\" style=\"--smush-placeholder-width: 689px; --smush-placeholder-aspect-ratio: 689\/420;\" data-original-sizes=\"(max-width: 689px) 100vw, 689px\">\r\n                            <\/a>\r\n                            \r\n                        <\/figure>\r\n                    <\/div>\r\n                            <\/div>\r\n                        <\/div>\r\n\r\n                        <div class = \"td-doubleSlider-2\">\r\n                            <div class = \"td-slider\">\r\n                                \r\n                    <div class = \"td-button td-item1\">\r\n                        <div class = \"td-border\"><\/div>\r\n                    <\/div>\r\n                    <div class = \"td-button td-item2\">\r\n                        <div class = \"td-border\"><\/div>\r\n                    <\/div>\r\n                            <\/div>\r\n                        <\/div>\r\n\r\n                    <\/div>\r\n\r\n                <\/div>\r\n                \n","protected":false},"excerpt":{"rendered":"<p>J\u00e9rusalem (Isra\u00ebl). Du 1er juin au 10 juillet, \u00e0 la Maison Saint Jean Bosco de J\u00e9rusalem, Province de J\u00e9sus Adolescent (MOR), 18 Filles de Marie Auxiliatrice de 12 Provinces du [&hellip;]<\/p>\n","protected":false},"author":21,"featured_media":92993,"comment_status":"open","ping_status":"closed","sticky":false,"template":"","format":"standard","meta":{"footnotes":""},"categories":[164,156],"tags":[1274,1376,1660,1929,2146,2166],"class_list":["post-92983","post","type-post","status-publish","format-standard","has-post-thumbnail","category-charisme-salesien","category-ifma-fr","tag-mor-fr","tag-projet-jerusalem","tag-spiritualita-salesiana-fr","tag-focus-fr","tag-preghiera-fr","tag-formazione-fr"],"yoast_head":"<!-- This site is optimized with the Yoast SEO plugin v27.4 - https:\/\/yoast.com\/product\/yoast-seo-wordpress\/ -->\n<title>Projet J\u00e9rusalem 2023 &#8226; Istituto Figlie di Maria Ausiliatrice<\/title>\n<meta name=\"description\" content=\"Du 1er juin au 10 juillet 2023, 18 Filles de Marie Auxiliatrice de 12 Provinces du monde entier ont v\u00e9cu l&#039;exp\u00e9rience du 24e Projet J\u00e9rusalem.\" \/>\n<meta name=\"robots\" content=\"index, follow, max-snippet:-1, max-image-preview:large, max-video-preview:-1\" \/>\n<link rel=\"canonical\" href=\"https:\/\/www.cgfmanet.org\/fr\/ifma-fr\/projet-jerusalem-2023\/\" \/>\n<meta property=\"og:locale\" content=\"fr_FR\" \/>\n<meta property=\"og:type\" content=\"article\" \/>\n<meta property=\"og:title\" content=\"Projet J\u00e9rusalem 2023 &#8226; Istituto Figlie di Maria Ausiliatrice\" \/>\n<meta property=\"og:description\" content=\"Du 1er juin au 10 juillet 2023, 18 Filles de Marie Auxiliatrice de 12 Provinces du monde entier ont v\u00e9cu l&#039;exp\u00e9rience du 24e Projet J\u00e9rusalem.\" \/>\n<meta property=\"og:url\" content=\"https:\/\/www.cgfmanet.org\/fr\/ifma-fr\/projet-jerusalem-2023\/\" \/>\n<meta property=\"og:site_name\" content=\"Istituto Figlie di Maria Ausiliatrice\" \/>\n<meta property=\"article:publisher\" content=\"https:\/\/www.facebook.com\/salesian.sisters.of.don.bosco\/\" \/>\n<meta property=\"article:published_time\" content=\"2023-07-12T09:08:16+00:00\" \/>\n<meta property=\"article:modified_time\" content=\"2023-07-22T20:53:23+00:00\" \/>\n<meta property=\"og:image\" content=\"https:\/\/www.cgfmanet.org\/wp-content\/uploads\/2023\/07\/PROGETTO-GERUSALEMME-2023_1.jpg\" \/>\n\t<meta property=\"og:image:width\" content=\"1175\" \/>\n\t<meta property=\"og:image:height\" content=\"784\" \/>\n\t<meta property=\"og:image:type\" content=\"image\/jpeg\" \/>\n<meta name=\"author\" content=\"Redazione\" \/>\n<meta name=\"twitter:card\" content=\"summary_large_image\" \/>\n<meta name=\"twitter:creator\" content=\"@Cgfmanet_Org\" \/>\n<meta name=\"twitter:site\" content=\"@Cgfmanet_Org\" \/>\n<meta name=\"twitter:label1\" content=\"\u00c9crit par\" \/>\n\t<meta name=\"twitter:data1\" content=\"Redazione\" \/>\n\t<meta name=\"twitter:label2\" content=\"Dur\u00e9e de lecture estim\u00e9e\" \/>\n\t<meta name=\"twitter:data2\" content=\"6 minutes\" \/>\n<script type=\"application\/ld+json\" class=\"yoast-schema-graph\">{\"@context\":\"https:\\\/\\\/schema.org\",\"@graph\":[{\"@type\":\"Article\",\"@id\":\"https:\\\/\\\/www.cgfmanet.org\\\/fr\\\/ifma-fr\\\/projet-jerusalem-2023\\\/#article\",\"isPartOf\":{\"@id\":\"https:\\\/\\\/www.cgfmanet.org\\\/fr\\\/ifma-fr\\\/projet-jerusalem-2023\\\/\"},\"author\":{\"name\":\"Redazione\",\"@id\":\"https:\\\/\\\/www.cgfmanet.org\\\/es\\\/#\\\/schema\\\/person\\\/ce6473083f53ef0ef882cca23f0c8fb9\"},\"headline\":\"Projet J\u00e9rusalem 2023\",\"datePublished\":\"2023-07-12T09:08:16+00:00\",\"dateModified\":\"2023-07-22T20:53:23+00:00\",\"mainEntityOfPage\":{\"@id\":\"https:\\\/\\\/www.cgfmanet.org\\\/fr\\\/ifma-fr\\\/projet-jerusalem-2023\\\/\"},\"wordCount\":1222,\"commentCount\":0,\"publisher\":{\"@id\":\"https:\\\/\\\/www.cgfmanet.org\\\/es\\\/#organization\"},\"image\":{\"@id\":\"https:\\\/\\\/www.cgfmanet.org\\\/fr\\\/ifma-fr\\\/projet-jerusalem-2023\\\/#primaryimage\"},\"thumbnailUrl\":\"https:\\\/\\\/www.cgfmanet.org\\\/wp-content\\\/uploads\\\/2023\\\/07\\\/PROGETTO-GERUSALEMME-2023_1.jpg\",\"keywords\":[\"MOR\",\"Projet J\u00e9rusalem\",\"Spiritualit\u00e0 Salesiana\",\"Focus\",\"Preghiera\",\"Formazione\"],\"articleSection\":[\"Charisme Sal\u00e9sien\",\"IFMA\"],\"inLanguage\":\"fr-FR\",\"potentialAction\":[{\"@type\":\"CommentAction\",\"name\":\"Comment\",\"target\":[\"https:\\\/\\\/www.cgfmanet.org\\\/fr\\\/ifma-fr\\\/projet-jerusalem-2023\\\/#respond\"]}]},{\"@type\":\"WebPage\",\"@id\":\"https:\\\/\\\/www.cgfmanet.org\\\/fr\\\/ifma-fr\\\/projet-jerusalem-2023\\\/\",\"url\":\"https:\\\/\\\/www.cgfmanet.org\\\/fr\\\/ifma-fr\\\/projet-jerusalem-2023\\\/\",\"name\":\"Projet J\u00e9rusalem 2023 &#8226; Istituto Figlie di Maria Ausiliatrice\",\"isPartOf\":{\"@id\":\"https:\\\/\\\/www.cgfmanet.org\\\/es\\\/#website\"},\"primaryImageOfPage\":{\"@id\":\"https:\\\/\\\/www.cgfmanet.org\\\/fr\\\/ifma-fr\\\/projet-jerusalem-2023\\\/#primaryimage\"},\"image\":{\"@id\":\"https:\\\/\\\/www.cgfmanet.org\\\/fr\\\/ifma-fr\\\/projet-jerusalem-2023\\\/#primaryimage\"},\"thumbnailUrl\":\"https:\\\/\\\/www.cgfmanet.org\\\/wp-content\\\/uploads\\\/2023\\\/07\\\/PROGETTO-GERUSALEMME-2023_1.jpg\",\"datePublished\":\"2023-07-12T09:08:16+00:00\",\"dateModified\":\"2023-07-22T20:53:23+00:00\",\"description\":\"Du 1er juin au 10 juillet 2023, 18 Filles de Marie Auxiliatrice de 12 Provinces du monde entier ont v\u00e9cu l'exp\u00e9rience du 24e Projet J\u00e9rusalem.\",\"breadcrumb\":{\"@id\":\"https:\\\/\\\/www.cgfmanet.org\\\/fr\\\/ifma-fr\\\/projet-jerusalem-2023\\\/#breadcrumb\"},\"inLanguage\":\"fr-FR\",\"potentialAction\":[{\"@type\":\"ReadAction\",\"target\":[\"https:\\\/\\\/www.cgfmanet.org\\\/fr\\\/ifma-fr\\\/projet-jerusalem-2023\\\/\"]}]},{\"@type\":\"ImageObject\",\"inLanguage\":\"fr-FR\",\"@id\":\"https:\\\/\\\/www.cgfmanet.org\\\/fr\\\/ifma-fr\\\/projet-jerusalem-2023\\\/#primaryimage\",\"url\":\"https:\\\/\\\/www.cgfmanet.org\\\/wp-content\\\/uploads\\\/2023\\\/07\\\/PROGETTO-GERUSALEMME-2023_1.jpg\",\"contentUrl\":\"https:\\\/\\\/www.cgfmanet.org\\\/wp-content\\\/uploads\\\/2023\\\/07\\\/PROGETTO-GERUSALEMME-2023_1.jpg\",\"width\":1175,\"height\":784},{\"@type\":\"BreadcrumbList\",\"@id\":\"https:\\\/\\\/www.cgfmanet.org\\\/fr\\\/ifma-fr\\\/projet-jerusalem-2023\\\/#breadcrumb\",\"itemListElement\":[{\"@type\":\"ListItem\",\"position\":1,\"name\":\"Home\",\"item\":\"https:\\\/\\\/www.cgfmanet.org\\\/fr\\\/\"},{\"@type\":\"ListItem\",\"position\":2,\"name\":\"Projet J\u00e9rusalem 2023\"}]},{\"@type\":\"WebSite\",\"@id\":\"https:\\\/\\\/www.cgfmanet.org\\\/es\\\/#website\",\"url\":\"https:\\\/\\\/www.cgfmanet.org\\\/es\\\/\",\"name\":\"Istituto Figlie di Maria Ausiliatrice\",\"description\":\"Salesiane di Don Bosco\",\"publisher\":{\"@id\":\"https:\\\/\\\/www.cgfmanet.org\\\/es\\\/#organization\"},\"potentialAction\":[{\"@type\":\"SearchAction\",\"target\":{\"@type\":\"EntryPoint\",\"urlTemplate\":\"https:\\\/\\\/www.cgfmanet.org\\\/es\\\/?s={search_term_string}\"},\"query-input\":{\"@type\":\"PropertyValueSpecification\",\"valueRequired\":true,\"valueName\":\"search_term_string\"}}],\"inLanguage\":\"fr-FR\"},{\"@type\":\"Organization\",\"@id\":\"https:\\\/\\\/www.cgfmanet.org\\\/es\\\/#organization\",\"name\":\"Istituto Figlie di Maria Ausiliatrice\",\"url\":\"https:\\\/\\\/www.cgfmanet.org\\\/es\\\/\",\"logo\":{\"@type\":\"ImageObject\",\"inLanguage\":\"fr-FR\",\"@id\":\"https:\\\/\\\/www.cgfmanet.org\\\/es\\\/#\\\/schema\\\/logo\\\/image\\\/\",\"url\":\"https:\\\/\\\/www.cgfmanet.org\\\/wp-content\\\/uploads\\\/2018\\\/10\\\/logo-fma.png\",\"contentUrl\":\"https:\\\/\\\/www.cgfmanet.org\\\/wp-content\\\/uploads\\\/2018\\\/10\\\/logo-fma.png\",\"width\":214,\"height\":55,\"caption\":\"Istituto Figlie di Maria Ausiliatrice\"},\"image\":{\"@id\":\"https:\\\/\\\/www.cgfmanet.org\\\/es\\\/#\\\/schema\\\/logo\\\/image\\\/\"},\"sameAs\":[\"https:\\\/\\\/www.facebook.com\\\/salesian.sisters.of.don.bosco\\\/\",\"https:\\\/\\\/x.com\\\/Cgfmanet_Org\",\"https:\\\/\\\/www.youtube.com\\\/channel\\\/UCmcr8yFQBV7JXeXVxyV9y5Q\"]},{\"@type\":\"Person\",\"@id\":\"https:\\\/\\\/www.cgfmanet.org\\\/es\\\/#\\\/schema\\\/person\\\/ce6473083f53ef0ef882cca23f0c8fb9\",\"name\":\"Redazione\"}]}<\/script>\n<!-- \/ Yoast SEO plugin. -->","yoast_head_json":{"title":"Projet J\u00e9rusalem 2023 &#8226; Istituto Figlie di Maria Ausiliatrice","description":"Du 1er juin au 10 juillet 2023, 18 Filles de Marie Auxiliatrice de 12 Provinces du monde entier ont v\u00e9cu l'exp\u00e9rience du 24e Projet J\u00e9rusalem.","robots":{"index":"index","follow":"follow","max-snippet":"max-snippet:-1","max-image-preview":"max-image-preview:large","max-video-preview":"max-video-preview:-1"},"canonical":"https:\/\/www.cgfmanet.org\/fr\/ifma-fr\/projet-jerusalem-2023\/","og_locale":"fr_FR","og_type":"article","og_title":"Projet J\u00e9rusalem 2023 &#8226; Istituto Figlie di Maria Ausiliatrice","og_description":"Du 1er juin au 10 juillet 2023, 18 Filles de Marie Auxiliatrice de 12 Provinces du monde entier ont v\u00e9cu l'exp\u00e9rience du 24e Projet J\u00e9rusalem.","og_url":"https:\/\/www.cgfmanet.org\/fr\/ifma-fr\/projet-jerusalem-2023\/","og_site_name":"Istituto Figlie di Maria Ausiliatrice","article_publisher":"https:\/\/www.facebook.com\/salesian.sisters.of.don.bosco\/","article_published_time":"2023-07-12T09:08:16+00:00","article_modified_time":"2023-07-22T20:53:23+00:00","og_image":[{"width":1175,"height":784,"url":"https:\/\/www.cgfmanet.org\/wp-content\/uploads\/2023\/07\/PROGETTO-GERUSALEMME-2023_1.jpg","type":"image\/jpeg"}],"author":"Redazione","twitter_card":"summary_large_image","twitter_creator":"@Cgfmanet_Org","twitter_site":"@Cgfmanet_Org","twitter_misc":{"\u00c9crit par":"Redazione","Dur\u00e9e de lecture estim\u00e9e":"6 minutes"},"schema":{"@context":"https:\/\/schema.org","@graph":[{"@type":"Article","@id":"https:\/\/www.cgfmanet.org\/fr\/ifma-fr\/projet-jerusalem-2023\/#article","isPartOf":{"@id":"https:\/\/www.cgfmanet.org\/fr\/ifma-fr\/projet-jerusalem-2023\/"},"author":{"name":"Redazione","@id":"https:\/\/www.cgfmanet.org\/es\/#\/schema\/person\/ce6473083f53ef0ef882cca23f0c8fb9"},"headline":"Projet J\u00e9rusalem 2023","datePublished":"2023-07-12T09:08:16+00:00","dateModified":"2023-07-22T20:53:23+00:00","mainEntityOfPage":{"@id":"https:\/\/www.cgfmanet.org\/fr\/ifma-fr\/projet-jerusalem-2023\/"},"wordCount":1222,"commentCount":0,"publisher":{"@id":"https:\/\/www.cgfmanet.org\/es\/#organization"},"image":{"@id":"https:\/\/www.cgfmanet.org\/fr\/ifma-fr\/projet-jerusalem-2023\/#primaryimage"},"thumbnailUrl":"https:\/\/www.cgfmanet.org\/wp-content\/uploads\/2023\/07\/PROGETTO-GERUSALEMME-2023_1.jpg","keywords":["MOR","Projet J\u00e9rusalem","Spiritualit\u00e0 Salesiana","Focus","Preghiera","Formazione"],"articleSection":["Charisme Sal\u00e9sien","IFMA"],"inLanguage":"fr-FR","potentialAction":[{"@type":"CommentAction","name":"Comment","target":["https:\/\/www.cgfmanet.org\/fr\/ifma-fr\/projet-jerusalem-2023\/#respond"]}]},{"@type":"WebPage","@id":"https:\/\/www.cgfmanet.org\/fr\/ifma-fr\/projet-jerusalem-2023\/","url":"https:\/\/www.cgfmanet.org\/fr\/ifma-fr\/projet-jerusalem-2023\/","name":"Projet J\u00e9rusalem 2023 &#8226; Istituto Figlie di Maria Ausiliatrice","isPartOf":{"@id":"https:\/\/www.cgfmanet.org\/es\/#website"},"primaryImageOfPage":{"@id":"https:\/\/www.cgfmanet.org\/fr\/ifma-fr\/projet-jerusalem-2023\/#primaryimage"},"image":{"@id":"https:\/\/www.cgfmanet.org\/fr\/ifma-fr\/projet-jerusalem-2023\/#primaryimage"},"thumbnailUrl":"https:\/\/www.cgfmanet.org\/wp-content\/uploads\/2023\/07\/PROGETTO-GERUSALEMME-2023_1.jpg","datePublished":"2023-07-12T09:08:16+00:00","dateModified":"2023-07-22T20:53:23+00:00","description":"Du 1er juin au 10 juillet 2023, 18 Filles de Marie Auxiliatrice de 12 Provinces du monde entier ont v\u00e9cu l'exp\u00e9rience du 24e Projet J\u00e9rusalem.","breadcrumb":{"@id":"https:\/\/www.cgfmanet.org\/fr\/ifma-fr\/projet-jerusalem-2023\/#breadcrumb"},"inLanguage":"fr-FR","potentialAction":[{"@type":"ReadAction","target":["https:\/\/www.cgfmanet.org\/fr\/ifma-fr\/projet-jerusalem-2023\/"]}]},{"@type":"ImageObject","inLanguage":"fr-FR","@id":"https:\/\/www.cgfmanet.org\/fr\/ifma-fr\/projet-jerusalem-2023\/#primaryimage","url":"https:\/\/www.cgfmanet.org\/wp-content\/uploads\/2023\/07\/PROGETTO-GERUSALEMME-2023_1.jpg","contentUrl":"https:\/\/www.cgfmanet.org\/wp-content\/uploads\/2023\/07\/PROGETTO-GERUSALEMME-2023_1.jpg","width":1175,"height":784},{"@type":"BreadcrumbList","@id":"https:\/\/www.cgfmanet.org\/fr\/ifma-fr\/projet-jerusalem-2023\/#breadcrumb","itemListElement":[{"@type":"ListItem","position":1,"name":"Home","item":"https:\/\/www.cgfmanet.org\/fr\/"},{"@type":"ListItem","position":2,"name":"Projet J\u00e9rusalem 2023"}]},{"@type":"WebSite","@id":"https:\/\/www.cgfmanet.org\/es\/#website","url":"https:\/\/www.cgfmanet.org\/es\/","name":"Istituto Figlie di Maria Ausiliatrice","description":"Salesiane di Don Bosco","publisher":{"@id":"https:\/\/www.cgfmanet.org\/es\/#organization"},"potentialAction":[{"@type":"SearchAction","target":{"@type":"EntryPoint","urlTemplate":"https:\/\/www.cgfmanet.org\/es\/?s={search_term_string}"},"query-input":{"@type":"PropertyValueSpecification","valueRequired":true,"valueName":"search_term_string"}}],"inLanguage":"fr-FR"},{"@type":"Organization","@id":"https:\/\/www.cgfmanet.org\/es\/#organization","name":"Istituto Figlie di Maria Ausiliatrice","url":"https:\/\/www.cgfmanet.org\/es\/","logo":{"@type":"ImageObject","inLanguage":"fr-FR","@id":"https:\/\/www.cgfmanet.org\/es\/#\/schema\/logo\/image\/","url":"https:\/\/www.cgfmanet.org\/wp-content\/uploads\/2018\/10\/logo-fma.png","contentUrl":"https:\/\/www.cgfmanet.org\/wp-content\/uploads\/2018\/10\/logo-fma.png","width":214,"height":55,"caption":"Istituto Figlie di Maria Ausiliatrice"},"image":{"@id":"https:\/\/www.cgfmanet.org\/es\/#\/schema\/logo\/image\/"},"sameAs":["https:\/\/www.facebook.com\/salesian.sisters.of.don.bosco\/","https:\/\/x.com\/Cgfmanet_Org","https:\/\/www.youtube.com\/channel\/UCmcr8yFQBV7JXeXVxyV9y5Q"]},{"@type":"Person","@id":"https:\/\/www.cgfmanet.org\/es\/#\/schema\/person\/ce6473083f53ef0ef882cca23f0c8fb9","name":"Redazione"}]}},"_links":{"self":[{"href":"https:\/\/www.cgfmanet.org\/fr\/wp-json\/wp\/v2\/posts\/92983","targetHints":{"allow":["GET"]}}],"collection":[{"href":"https:\/\/www.cgfmanet.org\/fr\/wp-json\/wp\/v2\/posts"}],"about":[{"href":"https:\/\/www.cgfmanet.org\/fr\/wp-json\/wp\/v2\/types\/post"}],"author":[{"embeddable":true,"href":"https:\/\/www.cgfmanet.org\/fr\/wp-json\/wp\/v2\/users\/21"}],"replies":[{"embeddable":true,"href":"https:\/\/www.cgfmanet.org\/fr\/wp-json\/wp\/v2\/comments?post=92983"}],"version-history":[{"count":0,"href":"https:\/\/www.cgfmanet.org\/fr\/wp-json\/wp\/v2\/posts\/92983\/revisions"}],"wp:featuredmedia":[{"embeddable":true,"href":"https:\/\/www.cgfmanet.org\/fr\/wp-json\/wp\/v2\/media\/92993"}],"wp:attachment":[{"href":"https:\/\/www.cgfmanet.org\/fr\/wp-json\/wp\/v2\/media?parent=92983"}],"wp:term":[{"taxonomy":"category","embeddable":true,"href":"https:\/\/www.cgfmanet.org\/fr\/wp-json\/wp\/v2\/categories?post=92983"},{"taxonomy":"post_tag","embeddable":true,"href":"https:\/\/www.cgfmanet.org\/fr\/wp-json\/wp\/v2\/tags?post=92983"}],"curies":[{"name":"wp","href":"https:\/\/api.w.org\/{rel}","templated":true}]}}