{"id":88643,"date":"2023-04-13T12:23:25","date_gmt":"2023-04-13T10:23:25","guid":{"rendered":"https:\/\/www.cgfmanet.org\/info-sphere\/una-pasqua-per-fare-la-differenza-ang\/"},"modified":"2023-04-15T23:10:33","modified_gmt":"2023-04-15T21:10:33","slug":"une-paques-pour-faire-la-difference-ang","status":"publish","type":"post","link":"https:\/\/www.cgfmanet.org\/fr\/info-sphere\/une-paques-pour-faire-la-difference-ang\/","title":{"rendered":"Une P\u00e2ques pour \u2018\u2019faire la diff\u00e9rence\u2019\u2019 \u2013 ANG"},"content":{"rendered":"<p><strong>Luanda (Angola).<\/strong> La Vice-Province <em>Reine de la Paix<\/em> (ANG) partage l\u2019exp\u00e9rience du Car\u00eame du Complexe Scolaire <em>Dom Bosco<\/em> de Kakuako, Luanda, r\u00e9alis\u00e9e par la Communaut\u00e9 Educative en pr\u00e9paration \u00e0 P\u00e2ques.<\/p>\n<p>En pensant \u00e0 la proposition pour le Car\u00eame 2023, l\u2019\u00e9quipe pastorale a r\u00e9fl\u00e9chi \u00e0 l\u2019opportunit\u00e9 de proposer aux \u00e9tudiants une conversion int\u00e9grale, avec une attention particuli\u00e8re \u00e0 la conversion \u00e9cologique. Dans ce sens, le groupe \u00e9cologique Laudato S\u00ec a \u00e9t\u00e9 activ\u00e9, dans un premier temps, afin d\u2019encourager et d\u2019accompagner leurs camarades dans le tri des d\u00e9chets et les conteneurs pour la collecte diff\u00e9renci\u00e9e ont \u00e9t\u00e9 renouvel\u00e9s.<\/p>\n<p>En outre, les moments d\u2019accueil quotidien ont \u00e9t\u00e9 ax\u00e9s sur l\u2019\u00e9cologie, en essayant d\u2019aider les \u00e9tudiants \u00e0 accorder les \u2018\u2019oreilles du c\u0153ur\u2019\u2019 au cri des pauvres et au cri de la terre. Au cours des derni\u00e8res semaines pr\u00e9c\u00e9dant les examens trimestriels, les \u00e9tudiants du 6<sup>\u00e8me<\/sup> au 9<sup>\u00e8me<\/sup> degr\u00e9 de l\u2019Ecole Secondaire se sont vu offrir des apr\u00e8s-midi de retraite \u00e9cologique.<\/p>\n<p>Les quatre retraites \u00e9cologiques r\u00e9alis\u00e9es ont consist\u00e9 en deux moments principaux\u00a0: la vision et la r\u00e9flexion sur le docu-film \u2018\u2019La Lettre\u2019\u2019, le partage et l\u2019exp\u00e9rience du Chemin de Croix \u00e9cologique. Ce furent des apr\u00e8s-midi profonds, au cours desquels les \u00e9tudiants ont \u00e9t\u00e9 touch\u00e9s par les t\u00e9moignage du film et ont compris qu\u2019eux aussi peuvent \u2013 et doivent \u2013 faire quelque chose afin de prot\u00e9ger la nature et la vie humaine.<\/p>\n<p>Au cours de la Semaine Sainte, les enseignants et les collaborateurs \u00e9ducatifs ont eu l\u2019occasion de vivre une matin\u00e9e de retraite \u00e9cologique au cours de laquelle, sur la base d\u2019une r\u00e9flexion, chacun a \u00e9t\u00e9 invit\u00e9 \u00e0 examiner sa conscience \u00e9cologique et \u00e0 choisir des gestes concrets de changement. S\u0153ur Idalina Mareco, Animatrice FMA Laudato S\u00ec, a accompagn\u00e9 la r\u00e9flexion. L\u2019\u00e9change entre eux a \u00e9t\u00e9 tr\u00e8s riche.<\/p>\n<p>Cette exp\u00e9rience \u2018\u2019pascale\u2019\u2019 a \u00e9t\u00e9 l\u2019occasion d\u2019affronter le th\u00e8me de la conversion \u00e9cologique, en tant que Communaut\u00e9 Educative, concr\u00e8tement et avec plusieurs groupes d\u2019\u00e2ge, avec l\u2019espoir que \u2018\u2019les fruits feront la diff\u00e9rence\u2019\u2019\u00a0!<\/p>\n<p style=\"text-align: center;\"><span style=\"color: #008000;\"><strong>\u201cNous avons besoin d\u2019une conversion qui nous unisse tous, parce que le d\u00e9fi environnemental que nous vivons, et ses racines humaines, nous concernent et nous touchent tous\u201d<\/strong><\/span> (Pape Fran\u00e7ois, LS 14).<\/p>\n<p><strong>Sources\u00a0: <\/strong><span style=\"color: #0000ff;\"><a style=\"color: #0000ff;\" href=\"https:\/\/salesianasangola.blogspot.com\/2023\/04\/caminho-conversao-ecologica.html\" target=\"_blank\" rel=\"noopener\"><strong>salesianasangola<\/strong><\/a><\/span><\/p>\n\r\n                <style type=\"text\/css\">\r\n                    \r\n                    #tdi_1  .td-doubleSlider-2 .td-item1 {\r\n                        background: url(https:\/\/www.cgfmanet.org\/wp-content\/uploads\/2023\/04\/Pasqua-ecologica-ANG-1-80x60.jpg) 0 0 no-repeat;\r\n                    }\r\n                    #tdi_1  .td-doubleSlider-2 .td-item2 {\r\n                        background: url(https:\/\/www.cgfmanet.org\/wp-content\/uploads\/2023\/04\/Pasqua-ecologica-ANG-4-80x60.jpg) 0 0 no-repeat;\r\n                    }\r\n                    #tdi_1  .td-doubleSlider-2 .td-item3 {\r\n                        background: url(https:\/\/www.cgfmanet.org\/wp-content\/uploads\/2023\/04\/Pasqua-ecologica-ANG-3-80x60.jpg) 0 0 no-repeat;\r\n                    }\r\n                    #tdi_1  .td-doubleSlider-2 .td-item4 {\r\n                        background: url(https:\/\/www.cgfmanet.org\/wp-content\/uploads\/2023\/04\/Pasqua-ecologica-ANG-5-80x60.jpg) 0 0 no-repeat;\r\n                    }\r\n                    #tdi_1  .td-doubleSlider-2 .td-item5 {\r\n                        background: url(https:\/\/www.cgfmanet.org\/wp-content\/uploads\/2023\/04\/Pasqua-ecologica-ANG-2-80x60.jpg) 0 0 no-repeat;\r\n                    }\r\n                <\/style>\r\n\r\n                <div id=\"tdi_1\" class=\"td-gallery td-slide-on-2-columns\">\r\n                    <div class=\"post_td_gallery\">\r\n                        <div class=\"td-gallery-slide-top\">\r\n                           <div class=\"td-gallery-title\"><\/div>\r\n\r\n                            <div class=\"td-gallery-controls-wrapper\">\r\n                                <div class=\"td-gallery-slide-count\"><span class=\"td-gallery-slide-item-focus\">1<\/span> de 5<\/div>\r\n                                <div class=\"td-gallery-slide-prev-next-but\">\r\n                                    <i class = \"td-icon-left doubleSliderPrevButton\"><\/i>\r\n                                    <i class = \"td-icon-right doubleSliderNextButton\"><\/i>\r\n                                <\/div>\r\n                            <\/div>\r\n                        <\/div>\r\n\r\n                        <div class = \"td-doubleSlider-1 \">\r\n                            <div class = \"td-slider\">\r\n                                \r\n                    <div class = \"td-slide-item td-item1\">\r\n                        <figure class=\"td-slide-galery-figure td-slide-popup-gallery\">\r\n                            <a class=\"slide-gallery-image-link\" href=\"https:\/\/www.cgfmanet.org\/wp-content\/uploads\/2023\/04\/Pasqua-ecologica-ANG-1.jpg\" title=\"Pasqua ecologica ANG 1\"  data-caption=\"\"  data-description=\"\">\r\n                                <img decoding=\"async\" data-src=\"https:\/\/www.cgfmanet.org\/wp-content\/uploads\/2023\/04\/Pasqua-ecologica-ANG-1-630x420.jpg\" data-srcset=\"https:\/\/www.cgfmanet.org\/wp-content\/uploads\/2023\/04\/Pasqua-ecologica-ANG-1-630x420.jpg 630w, https:\/\/www.cgfmanet.org\/wp-content\/uploads\/2023\/04\/Pasqua-ecologica-ANG-1-768x512.jpg 768w, https:\/\/www.cgfmanet.org\/wp-content\/uploads\/2023\/04\/Pasqua-ecologica-ANG-1-696x464.jpg 696w, https:\/\/www.cgfmanet.org\/wp-content\/uploads\/2023\/04\/Pasqua-ecologica-ANG-1.jpg 1152w\" data-sizes=\"auto\" alt=\"\" src=\"data:image\/svg+xml;base64,PHN2ZyB3aWR0aD0iMSIgaGVpZ2h0PSIxIiB4bWxucz0iaHR0cDovL3d3dy53My5vcmcvMjAwMC9zdmciPjwvc3ZnPg==\" class=\"lazyload\" style=\"--smush-placeholder-width: 630px; --smush-placeholder-aspect-ratio: 630\/420;\" data-original-sizes=\"(max-width: 630px) 100vw, 630px\">\r\n                            <\/a>\r\n                            \r\n                        <\/figure>\r\n                    <\/div>\r\n                    <div class = \"td-slide-item td-item2\">\r\n                        <figure class=\"td-slide-galery-figure td-slide-popup-gallery\">\r\n                            <a class=\"slide-gallery-image-link\" href=\"https:\/\/www.cgfmanet.org\/wp-content\/uploads\/2023\/04\/Pasqua-ecologica-ANG-4.jpg\" title=\"Pasqua ecologica ANG 4\"  data-caption=\"\"  data-description=\"\">\r\n                                <img decoding=\"async\" data-src=\"https:\/\/www.cgfmanet.org\/wp-content\/uploads\/2023\/04\/Pasqua-ecologica-ANG-4-315x420.jpg\" data-srcset=\"https:\/\/www.cgfmanet.org\/wp-content\/uploads\/2023\/04\/Pasqua-ecologica-ANG-4-315x420.jpg 315w, https:\/\/www.cgfmanet.org\/wp-content\/uploads\/2023\/04\/Pasqua-ecologica-ANG-4-768x1024.jpg 768w, https:\/\/www.cgfmanet.org\/wp-content\/uploads\/2023\/04\/Pasqua-ecologica-ANG-4-696x928.jpg 696w, https:\/\/www.cgfmanet.org\/wp-content\/uploads\/2023\/04\/Pasqua-ecologica-ANG-4.jpg 864w\" data-sizes=\"auto\" alt=\"\" src=\"data:image\/svg+xml;base64,PHN2ZyB3aWR0aD0iMSIgaGVpZ2h0PSIxIiB4bWxucz0iaHR0cDovL3d3dy53My5vcmcvMjAwMC9zdmciPjwvc3ZnPg==\" class=\"lazyload\" style=\"--smush-placeholder-width: 315px; --smush-placeholder-aspect-ratio: 315\/420;\" data-original-sizes=\"(max-width: 315px) 100vw, 315px\">\r\n                            <\/a>\r\n                            \r\n                        <\/figure>\r\n                    <\/div>\r\n                    <div class = \"td-slide-item td-item3\">\r\n                        <figure class=\"td-slide-galery-figure td-slide-popup-gallery\">\r\n                            <a class=\"slide-gallery-image-link\" href=\"https:\/\/www.cgfmanet.org\/wp-content\/uploads\/2023\/04\/Pasqua-ecologica-ANG-3.jpg\" title=\"Pasqua ecologica ANG 3\"  data-caption=\"\"  data-description=\"\">\r\n                                <img decoding=\"async\" data-src=\"https:\/\/www.cgfmanet.org\/wp-content\/uploads\/2023\/04\/Pasqua-ecologica-ANG-3-315x420.jpg\" data-srcset=\"https:\/\/www.cgfmanet.org\/wp-content\/uploads\/2023\/04\/Pasqua-ecologica-ANG-3-315x420.jpg 315w, https:\/\/www.cgfmanet.org\/wp-content\/uploads\/2023\/04\/Pasqua-ecologica-ANG-3-768x1024.jpg 768w, https:\/\/www.cgfmanet.org\/wp-content\/uploads\/2023\/04\/Pasqua-ecologica-ANG-3-696x928.jpg 696w, https:\/\/www.cgfmanet.org\/wp-content\/uploads\/2023\/04\/Pasqua-ecologica-ANG-3.jpg 864w\" data-sizes=\"auto\" alt=\"\" src=\"data:image\/svg+xml;base64,PHN2ZyB3aWR0aD0iMSIgaGVpZ2h0PSIxIiB4bWxucz0iaHR0cDovL3d3dy53My5vcmcvMjAwMC9zdmciPjwvc3ZnPg==\" class=\"lazyload\" style=\"--smush-placeholder-width: 315px; --smush-placeholder-aspect-ratio: 315\/420;\" data-original-sizes=\"(max-width: 315px) 100vw, 315px\">\r\n                            <\/a>\r\n                            \r\n                        <\/figure>\r\n                    <\/div>\r\n                    <div class = \"td-slide-item td-item4\">\r\n                        <figure class=\"td-slide-galery-figure td-slide-popup-gallery\">\r\n                            <a class=\"slide-gallery-image-link\" href=\"https:\/\/www.cgfmanet.org\/wp-content\/uploads\/2023\/04\/Pasqua-ecologica-ANG-5.jpg\" title=\"Pasqua ecologica ANG 5\"  data-caption=\"\"  data-description=\"\">\r\n                                <img decoding=\"async\" data-src=\"https:\/\/www.cgfmanet.org\/wp-content\/uploads\/2023\/04\/Pasqua-ecologica-ANG-5-630x420.jpg\" data-srcset=\"https:\/\/www.cgfmanet.org\/wp-content\/uploads\/2023\/04\/Pasqua-ecologica-ANG-5-630x420.jpg 630w, https:\/\/www.cgfmanet.org\/wp-content\/uploads\/2023\/04\/Pasqua-ecologica-ANG-5-768x512.jpg 768w, https:\/\/www.cgfmanet.org\/wp-content\/uploads\/2023\/04\/Pasqua-ecologica-ANG-5-696x464.jpg 696w, https:\/\/www.cgfmanet.org\/wp-content\/uploads\/2023\/04\/Pasqua-ecologica-ANG-5.jpg 1131w\" data-sizes=\"auto\" alt=\"\" src=\"data:image\/svg+xml;base64,PHN2ZyB3aWR0aD0iMSIgaGVpZ2h0PSIxIiB4bWxucz0iaHR0cDovL3d3dy53My5vcmcvMjAwMC9zdmciPjwvc3ZnPg==\" class=\"lazyload\" style=\"--smush-placeholder-width: 630px; --smush-placeholder-aspect-ratio: 630\/420;\" data-original-sizes=\"(max-width: 630px) 100vw, 630px\">\r\n                            <\/a>\r\n                            \r\n                        <\/figure>\r\n                    <\/div>\r\n                    <div class = \"td-slide-item td-item5\">\r\n                        <figure class=\"td-slide-galery-figure td-slide-popup-gallery\">\r\n                            <a class=\"slide-gallery-image-link\" href=\"https:\/\/www.cgfmanet.org\/wp-content\/uploads\/2023\/04\/Pasqua-ecologica-ANG-2.jpg\" title=\"Pasqua ecologica ANG 2\"  data-caption=\"\"  data-description=\"\">\r\n                                <img decoding=\"async\" data-src=\"https:\/\/www.cgfmanet.org\/wp-content\/uploads\/2023\/04\/Pasqua-ecologica-ANG-2-631x420.jpg\" data-srcset=\"https:\/\/www.cgfmanet.org\/wp-content\/uploads\/2023\/04\/Pasqua-ecologica-ANG-2-631x420.jpg 631w, https:\/\/www.cgfmanet.org\/wp-content\/uploads\/2023\/04\/Pasqua-ecologica-ANG-2-768x512.jpg 768w, https:\/\/www.cgfmanet.org\/wp-content\/uploads\/2023\/04\/Pasqua-ecologica-ANG-2-696x464.jpg 696w, https:\/\/www.cgfmanet.org\/wp-content\/uploads\/2023\/04\/Pasqua-ecologica-ANG-2.jpg 1024w\" data-sizes=\"auto\" alt=\"\" src=\"data:image\/svg+xml;base64,PHN2ZyB3aWR0aD0iMSIgaGVpZ2h0PSIxIiB4bWxucz0iaHR0cDovL3d3dy53My5vcmcvMjAwMC9zdmciPjwvc3ZnPg==\" class=\"lazyload\" style=\"--smush-placeholder-width: 631px; --smush-placeholder-aspect-ratio: 631\/420;\" data-original-sizes=\"(max-width: 631px) 100vw, 631px\">\r\n                            <\/a>\r\n                            \r\n                        <\/figure>\r\n                    <\/div>\r\n                            <\/div>\r\n                        <\/div>\r\n\r\n                        <div class = \"td-doubleSlider-2\">\r\n                            <div class = \"td-slider\">\r\n                                \r\n                    <div class = \"td-button td-item1\">\r\n                        <div class = \"td-border\"><\/div>\r\n                    <\/div>\r\n                    <div class = \"td-button td-item2\">\r\n                        <div class = \"td-border\"><\/div>\r\n                    <\/div>\r\n                    <div class = \"td-button td-item3\">\r\n                        <div class = \"td-border\"><\/div>\r\n                    <\/div>\r\n                    <div class = \"td-button td-item4\">\r\n                        <div class = \"td-border\"><\/div>\r\n                    <\/div>\r\n                    <div class = \"td-button td-item5\">\r\n                        <div class = \"td-border\"><\/div>\r\n                    <\/div>\r\n                            <\/div>\r\n                        <\/div>\r\n\r\n                    <\/div>\r\n\r\n                <\/div>\r\n                \n","protected":false},"excerpt":{"rendered":"<p>Luanda (Angola). La Vice-Province Reine de la Paix (ANG) partage l\u2019exp\u00e9rience du Car\u00eame du Complexe Scolaire Dom Bosco de Kakuako, Luanda, r\u00e9alis\u00e9e par la Communaut\u00e9 Educative en pr\u00e9paration \u00e0 P\u00e2ques. [&hellip;]<\/p>\n","protected":false},"author":21,"featured_media":88637,"comment_status":"open","ping_status":"closed","sticky":false,"template":"","format":"standard","meta":{"footnotes":""},"categories":[36,201],"tags":[909,1867,1929,1991],"class_list":["post-88643","post","type-post","status-publish","format-standard","has-post-thumbnail","category-info-sphere","category-ecologie","tag-ang-fr","tag-ecologia-fr","tag-focus-fr","tag-solidarieta-fr"],"yoast_head":"<!-- This site is optimized with the Yoast SEO plugin v27.4 - https:\/\/yoast.com\/product\/yoast-seo-wordpress\/ -->\n<title>Une P\u00e2ques pour \u2018\u2019faire la diff\u00e9rence\u2019\u2019 \u2013 ANG &#8226; Istituto Figlie di Maria Ausiliatrice<\/title>\n<meta name=\"description\" content=\"En pr\u00e9paration \u00e0 P\u00e2ques, la Communaut\u00e9 Educative du Complexe Scolaire \u2018\u2019Dom Bosco\u2019\u2019 des FMA de Kakuako, en Angola, a propos\u00e9 \u00e0 ses \u00e9tudiants plusieurs propositions \u00e9cologiques afin de \u2018\u2019faire la diff\u00e9rence\u2019\u2019.\" \/>\n<meta name=\"robots\" content=\"index, follow, max-snippet:-1, max-image-preview:large, max-video-preview:-1\" \/>\n<link rel=\"canonical\" href=\"https:\/\/www.cgfmanet.org\/fr\/info-sphere\/une-paques-pour-faire-la-difference-ang\/\" \/>\n<meta property=\"og:locale\" content=\"fr_FR\" \/>\n<meta property=\"og:type\" content=\"article\" \/>\n<meta property=\"og:title\" content=\"Une P\u00e2ques pour \u2018\u2019faire la diff\u00e9rence\u2019\u2019 \u2013 ANG &#8226; Istituto Figlie di Maria Ausiliatrice\" \/>\n<meta property=\"og:description\" content=\"En pr\u00e9paration \u00e0 P\u00e2ques, la Communaut\u00e9 Educative du Complexe Scolaire \u2018\u2019Dom Bosco\u2019\u2019 des FMA de Kakuako, en Angola, a propos\u00e9 \u00e0 ses \u00e9tudiants plusieurs propositions \u00e9cologiques afin de \u2018\u2019faire la diff\u00e9rence\u2019\u2019.\" \/>\n<meta property=\"og:url\" content=\"https:\/\/www.cgfmanet.org\/fr\/info-sphere\/une-paques-pour-faire-la-difference-ang\/\" \/>\n<meta property=\"og:site_name\" content=\"Istituto Figlie di Maria Ausiliatrice\" \/>\n<meta property=\"article:publisher\" content=\"https:\/\/www.facebook.com\/salesian.sisters.of.don.bosco\/\" \/>\n<meta property=\"article:published_time\" content=\"2023-04-13T10:23:25+00:00\" \/>\n<meta property=\"article:modified_time\" content=\"2023-04-15T21:10:33+00:00\" \/>\n<meta property=\"og:image\" content=\"https:\/\/www.cgfmanet.org\/wp-content\/uploads\/2023\/04\/Pasqua-ecologica-ANG.jpg\" \/>\n\t<meta property=\"og:image:width\" content=\"1152\" \/>\n\t<meta property=\"og:image:height\" content=\"768\" \/>\n\t<meta property=\"og:image:type\" content=\"image\/jpeg\" \/>\n<meta name=\"author\" content=\"Redazione\" \/>\n<meta name=\"twitter:card\" content=\"summary_large_image\" \/>\n<meta name=\"twitter:creator\" content=\"@Cgfmanet_Org\" \/>\n<meta name=\"twitter:site\" content=\"@Cgfmanet_Org\" \/>\n<meta name=\"twitter:label1\" content=\"\u00c9crit par\" \/>\n\t<meta name=\"twitter:data1\" content=\"Redazione\" \/>\n\t<meta name=\"twitter:label2\" content=\"Dur\u00e9e de lecture estim\u00e9e\" \/>\n\t<meta name=\"twitter:data2\" content=\"2 minutes\" \/>\n<script type=\"application\/ld+json\" class=\"yoast-schema-graph\">{\"@context\":\"https:\\\/\\\/schema.org\",\"@graph\":[{\"@type\":\"Article\",\"@id\":\"https:\\\/\\\/www.cgfmanet.org\\\/fr\\\/info-sphere\\\/une-paques-pour-faire-la-difference-ang\\\/#article\",\"isPartOf\":{\"@id\":\"https:\\\/\\\/www.cgfmanet.org\\\/fr\\\/info-sphere\\\/une-paques-pour-faire-la-difference-ang\\\/\"},\"author\":{\"name\":\"Redazione\",\"@id\":\"https:\\\/\\\/www.cgfmanet.org\\\/es\\\/#\\\/schema\\\/person\\\/ce6473083f53ef0ef882cca23f0c8fb9\"},\"headline\":\"Une P\u00e2ques pour \u2018\u2019faire la diff\u00e9rence\u2019\u2019 \u2013 ANG\",\"datePublished\":\"2023-04-13T10:23:25+00:00\",\"dateModified\":\"2023-04-15T21:10:33+00:00\",\"mainEntityOfPage\":{\"@id\":\"https:\\\/\\\/www.cgfmanet.org\\\/fr\\\/info-sphere\\\/une-paques-pour-faire-la-difference-ang\\\/\"},\"wordCount\":424,\"commentCount\":0,\"publisher\":{\"@id\":\"https:\\\/\\\/www.cgfmanet.org\\\/es\\\/#organization\"},\"image\":{\"@id\":\"https:\\\/\\\/www.cgfmanet.org\\\/fr\\\/info-sphere\\\/une-paques-pour-faire-la-difference-ang\\\/#primaryimage\"},\"thumbnailUrl\":\"https:\\\/\\\/www.cgfmanet.org\\\/wp-content\\\/uploads\\\/2023\\\/04\\\/Pasqua-ecologica-ANG.jpg\",\"keywords\":[\"ANG\",\"ecologia\",\"Focus\",\"Solidariet\u00e0\"],\"articleSection\":[\"Infosph\u00e8re\",\"Ecologie\"],\"inLanguage\":\"fr-FR\",\"potentialAction\":[{\"@type\":\"CommentAction\",\"name\":\"Comment\",\"target\":[\"https:\\\/\\\/www.cgfmanet.org\\\/fr\\\/info-sphere\\\/une-paques-pour-faire-la-difference-ang\\\/#respond\"]}]},{\"@type\":\"WebPage\",\"@id\":\"https:\\\/\\\/www.cgfmanet.org\\\/fr\\\/info-sphere\\\/une-paques-pour-faire-la-difference-ang\\\/\",\"url\":\"https:\\\/\\\/www.cgfmanet.org\\\/fr\\\/info-sphere\\\/une-paques-pour-faire-la-difference-ang\\\/\",\"name\":\"Une P\u00e2ques pour \u2018\u2019faire la diff\u00e9rence\u2019\u2019 \u2013 ANG &#8226; Istituto Figlie di Maria Ausiliatrice\",\"isPartOf\":{\"@id\":\"https:\\\/\\\/www.cgfmanet.org\\\/es\\\/#website\"},\"primaryImageOfPage\":{\"@id\":\"https:\\\/\\\/www.cgfmanet.org\\\/fr\\\/info-sphere\\\/une-paques-pour-faire-la-difference-ang\\\/#primaryimage\"},\"image\":{\"@id\":\"https:\\\/\\\/www.cgfmanet.org\\\/fr\\\/info-sphere\\\/une-paques-pour-faire-la-difference-ang\\\/#primaryimage\"},\"thumbnailUrl\":\"https:\\\/\\\/www.cgfmanet.org\\\/wp-content\\\/uploads\\\/2023\\\/04\\\/Pasqua-ecologica-ANG.jpg\",\"datePublished\":\"2023-04-13T10:23:25+00:00\",\"dateModified\":\"2023-04-15T21:10:33+00:00\",\"description\":\"En pr\u00e9paration \u00e0 P\u00e2ques, la Communaut\u00e9 Educative du Complexe Scolaire \u2018\u2019Dom Bosco\u2019\u2019 des FMA de Kakuako, en Angola, a propos\u00e9 \u00e0 ses \u00e9tudiants plusieurs propositions \u00e9cologiques afin de \u2018\u2019faire la diff\u00e9rence\u2019\u2019.\",\"breadcrumb\":{\"@id\":\"https:\\\/\\\/www.cgfmanet.org\\\/fr\\\/info-sphere\\\/une-paques-pour-faire-la-difference-ang\\\/#breadcrumb\"},\"inLanguage\":\"fr-FR\",\"potentialAction\":[{\"@type\":\"ReadAction\",\"target\":[\"https:\\\/\\\/www.cgfmanet.org\\\/fr\\\/info-sphere\\\/une-paques-pour-faire-la-difference-ang\\\/\"]}]},{\"@type\":\"ImageObject\",\"inLanguage\":\"fr-FR\",\"@id\":\"https:\\\/\\\/www.cgfmanet.org\\\/fr\\\/info-sphere\\\/une-paques-pour-faire-la-difference-ang\\\/#primaryimage\",\"url\":\"https:\\\/\\\/www.cgfmanet.org\\\/wp-content\\\/uploads\\\/2023\\\/04\\\/Pasqua-ecologica-ANG.jpg\",\"contentUrl\":\"https:\\\/\\\/www.cgfmanet.org\\\/wp-content\\\/uploads\\\/2023\\\/04\\\/Pasqua-ecologica-ANG.jpg\",\"width\":1152,\"height\":768},{\"@type\":\"BreadcrumbList\",\"@id\":\"https:\\\/\\\/www.cgfmanet.org\\\/fr\\\/info-sphere\\\/une-paques-pour-faire-la-difference-ang\\\/#breadcrumb\",\"itemListElement\":[{\"@type\":\"ListItem\",\"position\":1,\"name\":\"Home\",\"item\":\"https:\\\/\\\/www.cgfmanet.org\\\/fr\\\/\"},{\"@type\":\"ListItem\",\"position\":2,\"name\":\"Une P\u00e2ques pour \u2018\u2019faire la diff\u00e9rence\u2019\u2019 \u2013 ANG\"}]},{\"@type\":\"WebSite\",\"@id\":\"https:\\\/\\\/www.cgfmanet.org\\\/es\\\/#website\",\"url\":\"https:\\\/\\\/www.cgfmanet.org\\\/es\\\/\",\"name\":\"Istituto Figlie di Maria Ausiliatrice\",\"description\":\"Salesiane di Don Bosco\",\"publisher\":{\"@id\":\"https:\\\/\\\/www.cgfmanet.org\\\/es\\\/#organization\"},\"potentialAction\":[{\"@type\":\"SearchAction\",\"target\":{\"@type\":\"EntryPoint\",\"urlTemplate\":\"https:\\\/\\\/www.cgfmanet.org\\\/es\\\/?s={search_term_string}\"},\"query-input\":{\"@type\":\"PropertyValueSpecification\",\"valueRequired\":true,\"valueName\":\"search_term_string\"}}],\"inLanguage\":\"fr-FR\"},{\"@type\":\"Organization\",\"@id\":\"https:\\\/\\\/www.cgfmanet.org\\\/es\\\/#organization\",\"name\":\"Istituto Figlie di Maria Ausiliatrice\",\"url\":\"https:\\\/\\\/www.cgfmanet.org\\\/es\\\/\",\"logo\":{\"@type\":\"ImageObject\",\"inLanguage\":\"fr-FR\",\"@id\":\"https:\\\/\\\/www.cgfmanet.org\\\/es\\\/#\\\/schema\\\/logo\\\/image\\\/\",\"url\":\"https:\\\/\\\/www.cgfmanet.org\\\/wp-content\\\/uploads\\\/2018\\\/10\\\/logo-fma.png\",\"contentUrl\":\"https:\\\/\\\/www.cgfmanet.org\\\/wp-content\\\/uploads\\\/2018\\\/10\\\/logo-fma.png\",\"width\":214,\"height\":55,\"caption\":\"Istituto Figlie di Maria Ausiliatrice\"},\"image\":{\"@id\":\"https:\\\/\\\/www.cgfmanet.org\\\/es\\\/#\\\/schema\\\/logo\\\/image\\\/\"},\"sameAs\":[\"https:\\\/\\\/www.facebook.com\\\/salesian.sisters.of.don.bosco\\\/\",\"https:\\\/\\\/x.com\\\/Cgfmanet_Org\",\"https:\\\/\\\/www.youtube.com\\\/channel\\\/UCmcr8yFQBV7JXeXVxyV9y5Q\"]},{\"@type\":\"Person\",\"@id\":\"https:\\\/\\\/www.cgfmanet.org\\\/es\\\/#\\\/schema\\\/person\\\/ce6473083f53ef0ef882cca23f0c8fb9\",\"name\":\"Redazione\"}]}<\/script>\n<!-- \/ Yoast SEO plugin. -->","yoast_head_json":{"title":"Une P\u00e2ques pour \u2018\u2019faire la diff\u00e9rence\u2019\u2019 \u2013 ANG &#8226; Istituto Figlie di Maria Ausiliatrice","description":"En pr\u00e9paration \u00e0 P\u00e2ques, la Communaut\u00e9 Educative du Complexe Scolaire \u2018\u2019Dom Bosco\u2019\u2019 des FMA de Kakuako, en Angola, a propos\u00e9 \u00e0 ses \u00e9tudiants plusieurs propositions \u00e9cologiques afin de \u2018\u2019faire la diff\u00e9rence\u2019\u2019.","robots":{"index":"index","follow":"follow","max-snippet":"max-snippet:-1","max-image-preview":"max-image-preview:large","max-video-preview":"max-video-preview:-1"},"canonical":"https:\/\/www.cgfmanet.org\/fr\/info-sphere\/une-paques-pour-faire-la-difference-ang\/","og_locale":"fr_FR","og_type":"article","og_title":"Une P\u00e2ques pour \u2018\u2019faire la diff\u00e9rence\u2019\u2019 \u2013 ANG &#8226; Istituto Figlie di Maria Ausiliatrice","og_description":"En pr\u00e9paration \u00e0 P\u00e2ques, la Communaut\u00e9 Educative du Complexe Scolaire \u2018\u2019Dom Bosco\u2019\u2019 des FMA de Kakuako, en Angola, a propos\u00e9 \u00e0 ses \u00e9tudiants plusieurs propositions \u00e9cologiques afin de \u2018\u2019faire la diff\u00e9rence\u2019\u2019.","og_url":"https:\/\/www.cgfmanet.org\/fr\/info-sphere\/une-paques-pour-faire-la-difference-ang\/","og_site_name":"Istituto Figlie di Maria Ausiliatrice","article_publisher":"https:\/\/www.facebook.com\/salesian.sisters.of.don.bosco\/","article_published_time":"2023-04-13T10:23:25+00:00","article_modified_time":"2023-04-15T21:10:33+00:00","og_image":[{"width":1152,"height":768,"url":"https:\/\/www.cgfmanet.org\/wp-content\/uploads\/2023\/04\/Pasqua-ecologica-ANG.jpg","type":"image\/jpeg"}],"author":"Redazione","twitter_card":"summary_large_image","twitter_creator":"@Cgfmanet_Org","twitter_site":"@Cgfmanet_Org","twitter_misc":{"\u00c9crit par":"Redazione","Dur\u00e9e de lecture estim\u00e9e":"2 minutes"},"schema":{"@context":"https:\/\/schema.org","@graph":[{"@type":"Article","@id":"https:\/\/www.cgfmanet.org\/fr\/info-sphere\/une-paques-pour-faire-la-difference-ang\/#article","isPartOf":{"@id":"https:\/\/www.cgfmanet.org\/fr\/info-sphere\/une-paques-pour-faire-la-difference-ang\/"},"author":{"name":"Redazione","@id":"https:\/\/www.cgfmanet.org\/es\/#\/schema\/person\/ce6473083f53ef0ef882cca23f0c8fb9"},"headline":"Une P\u00e2ques pour \u2018\u2019faire la diff\u00e9rence\u2019\u2019 \u2013 ANG","datePublished":"2023-04-13T10:23:25+00:00","dateModified":"2023-04-15T21:10:33+00:00","mainEntityOfPage":{"@id":"https:\/\/www.cgfmanet.org\/fr\/info-sphere\/une-paques-pour-faire-la-difference-ang\/"},"wordCount":424,"commentCount":0,"publisher":{"@id":"https:\/\/www.cgfmanet.org\/es\/#organization"},"image":{"@id":"https:\/\/www.cgfmanet.org\/fr\/info-sphere\/une-paques-pour-faire-la-difference-ang\/#primaryimage"},"thumbnailUrl":"https:\/\/www.cgfmanet.org\/wp-content\/uploads\/2023\/04\/Pasqua-ecologica-ANG.jpg","keywords":["ANG","ecologia","Focus","Solidariet\u00e0"],"articleSection":["Infosph\u00e8re","Ecologie"],"inLanguage":"fr-FR","potentialAction":[{"@type":"CommentAction","name":"Comment","target":["https:\/\/www.cgfmanet.org\/fr\/info-sphere\/une-paques-pour-faire-la-difference-ang\/#respond"]}]},{"@type":"WebPage","@id":"https:\/\/www.cgfmanet.org\/fr\/info-sphere\/une-paques-pour-faire-la-difference-ang\/","url":"https:\/\/www.cgfmanet.org\/fr\/info-sphere\/une-paques-pour-faire-la-difference-ang\/","name":"Une P\u00e2ques pour \u2018\u2019faire la diff\u00e9rence\u2019\u2019 \u2013 ANG &#8226; Istituto Figlie di Maria Ausiliatrice","isPartOf":{"@id":"https:\/\/www.cgfmanet.org\/es\/#website"},"primaryImageOfPage":{"@id":"https:\/\/www.cgfmanet.org\/fr\/info-sphere\/une-paques-pour-faire-la-difference-ang\/#primaryimage"},"image":{"@id":"https:\/\/www.cgfmanet.org\/fr\/info-sphere\/une-paques-pour-faire-la-difference-ang\/#primaryimage"},"thumbnailUrl":"https:\/\/www.cgfmanet.org\/wp-content\/uploads\/2023\/04\/Pasqua-ecologica-ANG.jpg","datePublished":"2023-04-13T10:23:25+00:00","dateModified":"2023-04-15T21:10:33+00:00","description":"En pr\u00e9paration \u00e0 P\u00e2ques, la Communaut\u00e9 Educative du Complexe Scolaire \u2018\u2019Dom Bosco\u2019\u2019 des FMA de Kakuako, en Angola, a propos\u00e9 \u00e0 ses \u00e9tudiants plusieurs propositions \u00e9cologiques afin de \u2018\u2019faire la diff\u00e9rence\u2019\u2019.","breadcrumb":{"@id":"https:\/\/www.cgfmanet.org\/fr\/info-sphere\/une-paques-pour-faire-la-difference-ang\/#breadcrumb"},"inLanguage":"fr-FR","potentialAction":[{"@type":"ReadAction","target":["https:\/\/www.cgfmanet.org\/fr\/info-sphere\/une-paques-pour-faire-la-difference-ang\/"]}]},{"@type":"ImageObject","inLanguage":"fr-FR","@id":"https:\/\/www.cgfmanet.org\/fr\/info-sphere\/une-paques-pour-faire-la-difference-ang\/#primaryimage","url":"https:\/\/www.cgfmanet.org\/wp-content\/uploads\/2023\/04\/Pasqua-ecologica-ANG.jpg","contentUrl":"https:\/\/www.cgfmanet.org\/wp-content\/uploads\/2023\/04\/Pasqua-ecologica-ANG.jpg","width":1152,"height":768},{"@type":"BreadcrumbList","@id":"https:\/\/www.cgfmanet.org\/fr\/info-sphere\/une-paques-pour-faire-la-difference-ang\/#breadcrumb","itemListElement":[{"@type":"ListItem","position":1,"name":"Home","item":"https:\/\/www.cgfmanet.org\/fr\/"},{"@type":"ListItem","position":2,"name":"Une P\u00e2ques pour \u2018\u2019faire la diff\u00e9rence\u2019\u2019 \u2013 ANG"}]},{"@type":"WebSite","@id":"https:\/\/www.cgfmanet.org\/es\/#website","url":"https:\/\/www.cgfmanet.org\/es\/","name":"Istituto Figlie di Maria Ausiliatrice","description":"Salesiane di Don Bosco","publisher":{"@id":"https:\/\/www.cgfmanet.org\/es\/#organization"},"potentialAction":[{"@type":"SearchAction","target":{"@type":"EntryPoint","urlTemplate":"https:\/\/www.cgfmanet.org\/es\/?s={search_term_string}"},"query-input":{"@type":"PropertyValueSpecification","valueRequired":true,"valueName":"search_term_string"}}],"inLanguage":"fr-FR"},{"@type":"Organization","@id":"https:\/\/www.cgfmanet.org\/es\/#organization","name":"Istituto Figlie di Maria Ausiliatrice","url":"https:\/\/www.cgfmanet.org\/es\/","logo":{"@type":"ImageObject","inLanguage":"fr-FR","@id":"https:\/\/www.cgfmanet.org\/es\/#\/schema\/logo\/image\/","url":"https:\/\/www.cgfmanet.org\/wp-content\/uploads\/2018\/10\/logo-fma.png","contentUrl":"https:\/\/www.cgfmanet.org\/wp-content\/uploads\/2018\/10\/logo-fma.png","width":214,"height":55,"caption":"Istituto Figlie di Maria Ausiliatrice"},"image":{"@id":"https:\/\/www.cgfmanet.org\/es\/#\/schema\/logo\/image\/"},"sameAs":["https:\/\/www.facebook.com\/salesian.sisters.of.don.bosco\/","https:\/\/x.com\/Cgfmanet_Org","https:\/\/www.youtube.com\/channel\/UCmcr8yFQBV7JXeXVxyV9y5Q"]},{"@type":"Person","@id":"https:\/\/www.cgfmanet.org\/es\/#\/schema\/person\/ce6473083f53ef0ef882cca23f0c8fb9","name":"Redazione"}]}},"_links":{"self":[{"href":"https:\/\/www.cgfmanet.org\/fr\/wp-json\/wp\/v2\/posts\/88643","targetHints":{"allow":["GET"]}}],"collection":[{"href":"https:\/\/www.cgfmanet.org\/fr\/wp-json\/wp\/v2\/posts"}],"about":[{"href":"https:\/\/www.cgfmanet.org\/fr\/wp-json\/wp\/v2\/types\/post"}],"author":[{"embeddable":true,"href":"https:\/\/www.cgfmanet.org\/fr\/wp-json\/wp\/v2\/users\/21"}],"replies":[{"embeddable":true,"href":"https:\/\/www.cgfmanet.org\/fr\/wp-json\/wp\/v2\/comments?post=88643"}],"version-history":[{"count":0,"href":"https:\/\/www.cgfmanet.org\/fr\/wp-json\/wp\/v2\/posts\/88643\/revisions"}],"wp:featuredmedia":[{"embeddable":true,"href":"https:\/\/www.cgfmanet.org\/fr\/wp-json\/wp\/v2\/media\/88637"}],"wp:attachment":[{"href":"https:\/\/www.cgfmanet.org\/fr\/wp-json\/wp\/v2\/media?parent=88643"}],"wp:term":[{"taxonomy":"category","embeddable":true,"href":"https:\/\/www.cgfmanet.org\/fr\/wp-json\/wp\/v2\/categories?post=88643"},{"taxonomy":"post_tag","embeddable":true,"href":"https:\/\/www.cgfmanet.org\/fr\/wp-json\/wp\/v2\/tags?post=88643"}],"curies":[{"name":"wp","href":"https:\/\/api.w.org\/{rel}","templated":true}]}}