{"id":87374,"date":"2023-03-24T10:32:14","date_gmt":"2023-03-24T09:32:14","guid":{"rendered":"https:\/\/www.cgfmanet.org\/info-sphere\/comunita-energetiche-e-futuro\/"},"modified":"2023-03-24T22:46:44","modified_gmt":"2023-03-24T21:46:44","slug":"les-communautes-denergies-et-lavenir","status":"publish","type":"post","link":"https:\/\/www.cgfmanet.org\/fr\/info-sphere\/ecologie\/les-communautes-denergies-et-lavenir\/","title":{"rendered":"Les communaut\u00e9s d\u2018\u00e9nergies et l&rsquo;avenir"},"content":{"rendered":"<p><strong>Rome (Italie).<\/strong> Le 25 mars 2023, dans l&rsquo;Amphith\u00e9\u00e2tre \u00abJean-Paul II\u00bb de la Facult\u00e9 Pontificale des Sciences de l&rsquo;Education \u00abAuxilium\u00bb \u00e0 Rome, se tient le 3e et dernier rendez-vous du projet de formation \u00e9cologique \u201c<span style=\"color: #0000ff;\"><strong><u><a style=\"color: #0000ff;\" href=\"https:\/\/www.pfse-auxilium.org\/it\/pdf\/eventi\/percorso-interdisciplinare-ecologia-integrale-programma.pdf\" target=\"_blank\" rel=\"noopener\">Gardiens du jardin<\/a><\/u><\/strong>\u201d<\/span>,\u00a0consacr\u00e9 au th\u00e8me de \u00ab\u00a0<strong>durabilit\u00e9 \u00e9nerg\u00e9tique<\/strong>\u00ab\u00a0, pour construire des communaut\u00e9s d&rsquo;\u00e9nergie renouvelable.<\/p>\n<p>La rencontre, organis\u00e9e par le <strong>Cercle Laudato Si&rsquo;<\/strong> de la Facult\u00e9, en collaboration avec les Associations <strong>Terra e Missione<\/strong> et <strong>Green accord<\/strong>, s&rsquo;ouvrira par un message d&rsquo;accueil du <strong>Cardinal Matteo Zuppi<\/strong>, pr\u00e9sident de la Conf\u00e9rence Episcopale Italienne, suivi des rapports de : <strong>Gabriella Chiellino<\/strong>, CDA Iuav Universit\u00e9 de Venise, co-fondateur et Directeur G\u00e9n\u00e9ral IMQ et Ambiente\u00a0; <strong>Giuseppe Morelli<\/strong>, animateur du Cercle Laudato Si&rsquo; dans les bois de Rome ; <strong>Milvo Angelo Ferrara<\/strong>, changemaker, et <strong>Pietro Lorenzo Maggioni<\/strong>, th\u00e9ologien et membre fondateur de <em>Rete Ambiente Lombardia<\/em>.<\/p>\n<p>\u00ab\u00a0<strong>Les Communaut\u00e9s d&rsquo;\u00e9nergie renouvelable<\/strong> s&rsquo;appellent ainsi &#8211; explique le Dr Chiellino &#8211; parce qu&rsquo;elles devraient nous amener \u00e0 consid\u00e9rer notre citoyennet\u00e9 partag\u00e9e comme l&rsquo;expression d&rsquo;un pacte d&rsquo;engagement mutuel les uns envers les autres dans la consommation d&rsquo;\u00e9nergie\u00a0\u00bb. Si d&rsquo;une part, donc, \u00ab ils repr\u00e9sentent une mani\u00e8re concr\u00e8te de produire et de consommer dans le respect de l&rsquo;environnement, alimentant cette coh\u00e9sion sociale et cette solidarit\u00e9 universelle \u00bb, d&rsquo;autre part, c&rsquo;est un grand d\u00e9fi \u00ab non seulement pour la production et l&rsquo;auto -consommation d&rsquo;\u00e9lectricit\u00e9, mais aussi pour la concr\u00e9tisation de pactes entre citoyens qui devront savoir partager des r\u00e8gles du bien-vivre\u00bb.<\/p>\n<p>Deux citoyens actifs du quartier romain de <strong>Selva Candida<\/strong>, o\u00f9 se trouve la Facult\u00e9 Auxilium, parleront de communaut\u00e9s concr\u00e8tes \u00e0 retisser dans des territoires qui s&rsquo;effilochent. Pour <strong>Giuseppe Morelli<\/strong> \u00ab\u00a0le d\u00e9fi de la transition \u00e9nerg\u00e9tique conduit \u00e0 assumer de plus grandes responsabilit\u00e9s en communion entre tous les sujets &#8211; citoyens et r\u00e9alit\u00e9s &#8211; qui op\u00e8rent, travaillent et vivent sur \u00a0le territoire\u00a0\u00bb, puisque, selon <strong>Milvo Angelo Ferrara, <\/strong>\u00ab\u00a0chacun de nous d\u00e9tient une part du capital humain, pr\u00e9cis\u00e9ment parce que les \u00e9nergies renouvelables &#8211; par opposition aux \u00e9nergies fossiles &#8211; sont un bien r\u00e9pandu, distribu\u00e9 et non concentr\u00e9 \u00bb.<\/p>\n<p>Pour cela, explique <strong>Pietro Lorenzo Maggioni<\/strong>, \u00ab\u00a0il faut avoir la force contractuelle d&rsquo;orienter le march\u00e9 vers des sources durables sans plus de retards et d&rsquo;h\u00e9sitations, afin de minimiser notre d\u00e9pendance politique et \u00e9conomique vis-\u00e0-vis des diff\u00e9rentes oligarchies des \u00e9nergies fossiles\u00a0\u00bb. Avec l&rsquo;intention de \u00ab\u00a0construire des communaut\u00e9s\u00a0\u00bb, dont \u00ab\u00a0les \u00e9glises peuvent devenir un point de r\u00e9f\u00e9rence dans le contexte de leurs villages et quartiers respectifs, vers une transition efficace, ainsi que jouer un r\u00f4le moteur essentiel dans la direction d&rsquo;un nouveau mod\u00e8le de d\u00e9veloppement\u00a0\u00bb. C&rsquo;est une opportunit\u00e9 \u00e0 saisir et une option qui ne peut plus \u00eatre diff\u00e9r\u00e9e, pour remettre au centre un nouveau mod\u00e8le de d\u00e9mocratie communautaire et participative.Le parcours interdisciplinaire dans lequel se d\u00e9roule cet \u00e9v\u00e9nement a pour objectif d&rsquo;approfondir certaines th\u00e9matiques li\u00e9es \u00e0 l&rsquo;\u00e9cologie, de favoriser un changement de mentalit\u00e9 et de fournir les outils pour \u00e9duquer les jeunes g\u00e9n\u00e9rations au respect, au soin de la cr\u00e9ation et \u00e0 l&rsquo;adoption du concept d&rsquo;\u00e9cologie int\u00e9grale. Les rencontres pr\u00e9c\u00e9dentes, qui avaient pour th\u00e8me <strong>l&rsquo;arbre <\/strong> (<a href=\"https:\/\/www.cgfmanet.org\/fr\/info-sphere\/ecologie\/les-gardiens-du-jardin\/\" target=\"_blank\" rel=\"noopener\"><strong><span style=\"color: #0000ff;\">5 novembre 2022<\/span><\/strong><\/a>) et <strong>la mer<\/strong> (<strong><span style=\"color: #0000ff;\"><a style=\"color: #0000ff;\" href=\"https:\/\/www.cgfmanet.org\/fr\/info-sphere\/la-mer-notre-ressource\/\" target=\"_blank\" rel=\"noopener\">18 f\u00e9vrier 2023<\/a><\/span><\/strong>) pour ressource, sont \u00e0 revoir sur la <span style=\"color: #0000ff;\"><a style=\"color: #0000ff;\" href=\"https:\/\/www.youtube.com\/@FacoltaAuxilium\/streams\" target=\"_blank\" rel=\"noopener\"><strong>cha\u00eene<\/strong> YouTube de la Facult\u00e9 \u00abAuxilium\u00bb<\/a><\/span>.<\/p>\n<p>Le projet de formation \u00e9cologique \u00ab\u00a0Gardiens du Jardin\u00a0\u00bb est r\u00e9alis\u00e9 avec le patronage du D\u00e9partement des Politiques Sociales et de la Sant\u00e9 de Rome Capitale, et avec la collaboration de l&rsquo;Association \u00ab\u00a0L\u2019arbre mon \u00a0ami\u00a0\u00bb; de l&rsquo;association \u00ab Greenaccord \u00bb ; de la Communaut\u00e9 Can\u00e7\u00e3o Nova et du Comit\u00e9 \u00abFuturo Ponderano\u00bb.Chaque rencontre est propos\u00e9e sous forme de Cours de Formation Professionnelle Continue de l&rsquo;Ordre des Journalistes avec l&rsquo;acquisition de 4 cr\u00e9dits.<\/p>\n<p><strong>Source : <span style=\"color: #0000ff;\"><a style=\"color: #0000ff;\" href=\"https:\/\/www.pfse-auxilium.org\/it\/notizie\/20-10-2022\/percorso-interdisciplinare-di-ecologia-integrale-2022-2023\/roma\" target=\"_blank\" rel=\"noopener\">pfse-auxilium.org<\/a><\/span><\/strong><\/p>\n<div class=\"youtube-embed\" data-video_id=\"5uH_PfV0OcI\"><iframe title=\"Comunit\u00e0 energetiche e futuro\" width=\"696\" height=\"522\" data-src=\"https:\/\/www.youtube.com\/embed\/5uH_PfV0OcI?feature=oembed&#038;enablejsapi=1\" frameborder=\"0\" allow=\"accelerometer; autoplay; clipboard-write; encrypted-media; gyroscope; picture-in-picture; web-share\" allowfullscreen src=\"data:image\/svg+xml;base64,PHN2ZyB3aWR0aD0iMSIgaGVpZ2h0PSIxIiB4bWxucz0iaHR0cDovL3d3dy53My5vcmcvMjAwMC9zdmciPjwvc3ZnPg==\" class=\"lazyload\" data-load-mode=\"1\"><\/iframe><\/div>\n","protected":false},"excerpt":{"rendered":"<p>Rome (Italie). Le 25 mars 2023, dans l&rsquo;Amphith\u00e9\u00e2tre \u00abJean-Paul II\u00bb de la Facult\u00e9 Pontificale des Sciences de l&rsquo;Education \u00abAuxilium\u00bb \u00e0 Rome, se tient le 3e et dernier rendez-vous du projet [&hellip;]<\/p>\n","protected":false},"author":21,"featured_media":87369,"comment_status":"open","ping_status":"closed","sticky":false,"template":"","format":"standard","meta":{"footnotes":""},"categories":[36,201],"tags":[1137,1612,1878,1929,2281],"class_list":["post-87374","post","type-post","status-publish","format-standard","has-post-thumbnail","category-info-sphere","category-ecologie","tag-education-fr","tag-cittadinanza-fr","tag-auxilium-fr","tag-focus-fr","tag-ifma-fr"],"yoast_head":"<!-- This site is optimized with the Yoast SEO plugin v27.4 - https:\/\/yoast.com\/product\/yoast-seo-wordpress\/ -->\n<title>Les communaut\u00e9s d\u2018\u00e9nergies et l&#039;avenir &#8226; Istituto Figlie di Maria Ausiliatrice<\/title>\n<meta name=\"description\" content=\"Le 25 mars 2023, \u00e0 la Facult\u00e9 \u00ab Auxilium \u00bb de Rome, se tient le 3\u00e8me et dernier rendez-vous du projet de formation \u00e9cologique \u00ab Gardiens du Jardin \u00bb sur le th\u00e8me des communaut\u00e9s d\u2019\u00e9nergies renouvelables.\" \/>\n<meta name=\"robots\" content=\"index, follow, max-snippet:-1, max-image-preview:large, max-video-preview:-1\" \/>\n<link rel=\"canonical\" href=\"https:\/\/www.cgfmanet.org\/fr\/info-sphere\/ecologie\/les-communautes-denergies-et-lavenir\/\" \/>\n<meta property=\"og:locale\" content=\"fr_FR\" \/>\n<meta property=\"og:type\" content=\"article\" \/>\n<meta property=\"og:title\" content=\"Les communaut\u00e9s d\u2018\u00e9nergies et l&#039;avenir &#8226; Istituto Figlie di Maria Ausiliatrice\" \/>\n<meta property=\"og:description\" content=\"Le 25 mars 2023, \u00e0 la Facult\u00e9 \u00ab Auxilium \u00bb de Rome, se tient le 3\u00e8me et dernier rendez-vous du projet de formation \u00e9cologique \u00ab Gardiens du Jardin \u00bb sur le th\u00e8me des communaut\u00e9s d\u2019\u00e9nergies renouvelables.\" \/>\n<meta property=\"og:url\" content=\"https:\/\/www.cgfmanet.org\/fr\/info-sphere\/ecologie\/les-communautes-denergies-et-lavenir\/\" \/>\n<meta property=\"og:site_name\" content=\"Istituto Figlie di Maria Ausiliatrice\" \/>\n<meta property=\"article:publisher\" content=\"https:\/\/www.facebook.com\/salesian.sisters.of.don.bosco\/\" \/>\n<meta property=\"article:published_time\" content=\"2023-03-24T09:32:14+00:00\" \/>\n<meta property=\"article:modified_time\" content=\"2023-03-24T21:46:44+00:00\" \/>\n<meta property=\"og:image\" content=\"https:\/\/www.cgfmanet.org\/wp-content\/uploads\/2023\/03\/Custodi-giardino_Comunita-energetiche.jpg\" \/>\n\t<meta property=\"og:image:width\" content=\"1181\" \/>\n\t<meta property=\"og:image:height\" content=\"787\" \/>\n\t<meta property=\"og:image:type\" content=\"image\/jpeg\" \/>\n<meta name=\"author\" content=\"Redazione\" \/>\n<meta name=\"twitter:card\" content=\"summary_large_image\" \/>\n<meta name=\"twitter:creator\" content=\"@Cgfmanet_Org\" \/>\n<meta name=\"twitter:site\" content=\"@Cgfmanet_Org\" \/>\n<meta name=\"twitter:label1\" content=\"\u00c9crit par\" \/>\n\t<meta name=\"twitter:data1\" content=\"Redazione\" \/>\n\t<meta name=\"twitter:label2\" content=\"Dur\u00e9e de lecture estim\u00e9e\" \/>\n\t<meta name=\"twitter:data2\" content=\"4 minutes\" \/>\n<script type=\"application\/ld+json\" class=\"yoast-schema-graph\">{\"@context\":\"https:\\\/\\\/schema.org\",\"@graph\":[{\"@type\":\"Article\",\"@id\":\"https:\\\/\\\/www.cgfmanet.org\\\/fr\\\/info-sphere\\\/ecologie\\\/les-communautes-denergies-et-lavenir\\\/#article\",\"isPartOf\":{\"@id\":\"https:\\\/\\\/www.cgfmanet.org\\\/fr\\\/info-sphere\\\/ecologie\\\/les-communautes-denergies-et-lavenir\\\/\"},\"author\":{\"name\":\"Redazione\",\"@id\":\"https:\\\/\\\/www.cgfmanet.org\\\/es\\\/#\\\/schema\\\/person\\\/ce6473083f53ef0ef882cca23f0c8fb9\"},\"headline\":\"Les communaut\u00e9s d\u2018\u00e9nergies et l&rsquo;avenir\",\"datePublished\":\"2023-03-24T09:32:14+00:00\",\"dateModified\":\"2023-03-24T21:46:44+00:00\",\"mainEntityOfPage\":{\"@id\":\"https:\\\/\\\/www.cgfmanet.org\\\/fr\\\/info-sphere\\\/ecologie\\\/les-communautes-denergies-et-lavenir\\\/\"},\"wordCount\":681,\"commentCount\":0,\"publisher\":{\"@id\":\"https:\\\/\\\/www.cgfmanet.org\\\/es\\\/#organization\"},\"image\":{\"@id\":\"https:\\\/\\\/www.cgfmanet.org\\\/fr\\\/info-sphere\\\/ecologie\\\/les-communautes-denergies-et-lavenir\\\/#primaryimage\"},\"thumbnailUrl\":\"https:\\\/\\\/www.cgfmanet.org\\\/wp-content\\\/uploads\\\/2023\\\/03\\\/Custodi-giardino_Comunita-energetiche.jpg\",\"keywords\":[\"Education\",\"cittadinanza\",\"Auxilium\",\"Focus\",\"IFMA\"],\"articleSection\":[\"Infosph\u00e8re\",\"Ecologie\"],\"inLanguage\":\"fr-FR\",\"potentialAction\":[{\"@type\":\"CommentAction\",\"name\":\"Comment\",\"target\":[\"https:\\\/\\\/www.cgfmanet.org\\\/fr\\\/info-sphere\\\/ecologie\\\/les-communautes-denergies-et-lavenir\\\/#respond\"]}]},{\"@type\":\"WebPage\",\"@id\":\"https:\\\/\\\/www.cgfmanet.org\\\/fr\\\/info-sphere\\\/ecologie\\\/les-communautes-denergies-et-lavenir\\\/\",\"url\":\"https:\\\/\\\/www.cgfmanet.org\\\/fr\\\/info-sphere\\\/ecologie\\\/les-communautes-denergies-et-lavenir\\\/\",\"name\":\"Les communaut\u00e9s d\u2018\u00e9nergies et l'avenir &#8226; Istituto Figlie di Maria Ausiliatrice\",\"isPartOf\":{\"@id\":\"https:\\\/\\\/www.cgfmanet.org\\\/es\\\/#website\"},\"primaryImageOfPage\":{\"@id\":\"https:\\\/\\\/www.cgfmanet.org\\\/fr\\\/info-sphere\\\/ecologie\\\/les-communautes-denergies-et-lavenir\\\/#primaryimage\"},\"image\":{\"@id\":\"https:\\\/\\\/www.cgfmanet.org\\\/fr\\\/info-sphere\\\/ecologie\\\/les-communautes-denergies-et-lavenir\\\/#primaryimage\"},\"thumbnailUrl\":\"https:\\\/\\\/www.cgfmanet.org\\\/wp-content\\\/uploads\\\/2023\\\/03\\\/Custodi-giardino_Comunita-energetiche.jpg\",\"datePublished\":\"2023-03-24T09:32:14+00:00\",\"dateModified\":\"2023-03-24T21:46:44+00:00\",\"description\":\"Le 25 mars 2023, \u00e0 la Facult\u00e9 \u00ab Auxilium \u00bb de Rome, se tient le 3\u00e8me et dernier rendez-vous du projet de formation \u00e9cologique \u00ab Gardiens du Jardin \u00bb sur le th\u00e8me des communaut\u00e9s d\u2019\u00e9nergies renouvelables.\",\"breadcrumb\":{\"@id\":\"https:\\\/\\\/www.cgfmanet.org\\\/fr\\\/info-sphere\\\/ecologie\\\/les-communautes-denergies-et-lavenir\\\/#breadcrumb\"},\"inLanguage\":\"fr-FR\",\"potentialAction\":[{\"@type\":\"ReadAction\",\"target\":[\"https:\\\/\\\/www.cgfmanet.org\\\/fr\\\/info-sphere\\\/ecologie\\\/les-communautes-denergies-et-lavenir\\\/\"]}]},{\"@type\":\"ImageObject\",\"inLanguage\":\"fr-FR\",\"@id\":\"https:\\\/\\\/www.cgfmanet.org\\\/fr\\\/info-sphere\\\/ecologie\\\/les-communautes-denergies-et-lavenir\\\/#primaryimage\",\"url\":\"https:\\\/\\\/www.cgfmanet.org\\\/wp-content\\\/uploads\\\/2023\\\/03\\\/Custodi-giardino_Comunita-energetiche.jpg\",\"contentUrl\":\"https:\\\/\\\/www.cgfmanet.org\\\/wp-content\\\/uploads\\\/2023\\\/03\\\/Custodi-giardino_Comunita-energetiche.jpg\",\"width\":1181,\"height\":787},{\"@type\":\"BreadcrumbList\",\"@id\":\"https:\\\/\\\/www.cgfmanet.org\\\/fr\\\/info-sphere\\\/ecologie\\\/les-communautes-denergies-et-lavenir\\\/#breadcrumb\",\"itemListElement\":[{\"@type\":\"ListItem\",\"position\":1,\"name\":\"Home\",\"item\":\"https:\\\/\\\/www.cgfmanet.org\\\/fr\\\/\"},{\"@type\":\"ListItem\",\"position\":2,\"name\":\"Les communaut\u00e9s d\u2018\u00e9nergies et l&#8217;avenir\"}]},{\"@type\":\"WebSite\",\"@id\":\"https:\\\/\\\/www.cgfmanet.org\\\/es\\\/#website\",\"url\":\"https:\\\/\\\/www.cgfmanet.org\\\/es\\\/\",\"name\":\"Istituto Figlie di Maria Ausiliatrice\",\"description\":\"Salesiane di Don Bosco\",\"publisher\":{\"@id\":\"https:\\\/\\\/www.cgfmanet.org\\\/es\\\/#organization\"},\"potentialAction\":[{\"@type\":\"SearchAction\",\"target\":{\"@type\":\"EntryPoint\",\"urlTemplate\":\"https:\\\/\\\/www.cgfmanet.org\\\/es\\\/?s={search_term_string}\"},\"query-input\":{\"@type\":\"PropertyValueSpecification\",\"valueRequired\":true,\"valueName\":\"search_term_string\"}}],\"inLanguage\":\"fr-FR\"},{\"@type\":\"Organization\",\"@id\":\"https:\\\/\\\/www.cgfmanet.org\\\/es\\\/#organization\",\"name\":\"Istituto Figlie di Maria Ausiliatrice\",\"url\":\"https:\\\/\\\/www.cgfmanet.org\\\/es\\\/\",\"logo\":{\"@type\":\"ImageObject\",\"inLanguage\":\"fr-FR\",\"@id\":\"https:\\\/\\\/www.cgfmanet.org\\\/es\\\/#\\\/schema\\\/logo\\\/image\\\/\",\"url\":\"https:\\\/\\\/www.cgfmanet.org\\\/wp-content\\\/uploads\\\/2018\\\/10\\\/logo-fma.png\",\"contentUrl\":\"https:\\\/\\\/www.cgfmanet.org\\\/wp-content\\\/uploads\\\/2018\\\/10\\\/logo-fma.png\",\"width\":214,\"height\":55,\"caption\":\"Istituto Figlie di Maria Ausiliatrice\"},\"image\":{\"@id\":\"https:\\\/\\\/www.cgfmanet.org\\\/es\\\/#\\\/schema\\\/logo\\\/image\\\/\"},\"sameAs\":[\"https:\\\/\\\/www.facebook.com\\\/salesian.sisters.of.don.bosco\\\/\",\"https:\\\/\\\/x.com\\\/Cgfmanet_Org\",\"https:\\\/\\\/www.youtube.com\\\/channel\\\/UCmcr8yFQBV7JXeXVxyV9y5Q\"]},{\"@type\":\"Person\",\"@id\":\"https:\\\/\\\/www.cgfmanet.org\\\/es\\\/#\\\/schema\\\/person\\\/ce6473083f53ef0ef882cca23f0c8fb9\",\"name\":\"Redazione\"}]}<\/script>\n<!-- \/ Yoast SEO plugin. -->","yoast_head_json":{"title":"Les communaut\u00e9s d\u2018\u00e9nergies et l'avenir &#8226; Istituto Figlie di Maria Ausiliatrice","description":"Le 25 mars 2023, \u00e0 la Facult\u00e9 \u00ab Auxilium \u00bb de Rome, se tient le 3\u00e8me et dernier rendez-vous du projet de formation \u00e9cologique \u00ab Gardiens du Jardin \u00bb sur le th\u00e8me des communaut\u00e9s d\u2019\u00e9nergies renouvelables.","robots":{"index":"index","follow":"follow","max-snippet":"max-snippet:-1","max-image-preview":"max-image-preview:large","max-video-preview":"max-video-preview:-1"},"canonical":"https:\/\/www.cgfmanet.org\/fr\/info-sphere\/ecologie\/les-communautes-denergies-et-lavenir\/","og_locale":"fr_FR","og_type":"article","og_title":"Les communaut\u00e9s d\u2018\u00e9nergies et l'avenir &#8226; Istituto Figlie di Maria Ausiliatrice","og_description":"Le 25 mars 2023, \u00e0 la Facult\u00e9 \u00ab Auxilium \u00bb de Rome, se tient le 3\u00e8me et dernier rendez-vous du projet de formation \u00e9cologique \u00ab Gardiens du Jardin \u00bb sur le th\u00e8me des communaut\u00e9s d\u2019\u00e9nergies renouvelables.","og_url":"https:\/\/www.cgfmanet.org\/fr\/info-sphere\/ecologie\/les-communautes-denergies-et-lavenir\/","og_site_name":"Istituto Figlie di Maria Ausiliatrice","article_publisher":"https:\/\/www.facebook.com\/salesian.sisters.of.don.bosco\/","article_published_time":"2023-03-24T09:32:14+00:00","article_modified_time":"2023-03-24T21:46:44+00:00","og_image":[{"width":1181,"height":787,"url":"https:\/\/www.cgfmanet.org\/wp-content\/uploads\/2023\/03\/Custodi-giardino_Comunita-energetiche.jpg","type":"image\/jpeg"}],"author":"Redazione","twitter_card":"summary_large_image","twitter_creator":"@Cgfmanet_Org","twitter_site":"@Cgfmanet_Org","twitter_misc":{"\u00c9crit par":"Redazione","Dur\u00e9e de lecture estim\u00e9e":"4 minutes"},"schema":{"@context":"https:\/\/schema.org","@graph":[{"@type":"Article","@id":"https:\/\/www.cgfmanet.org\/fr\/info-sphere\/ecologie\/les-communautes-denergies-et-lavenir\/#article","isPartOf":{"@id":"https:\/\/www.cgfmanet.org\/fr\/info-sphere\/ecologie\/les-communautes-denergies-et-lavenir\/"},"author":{"name":"Redazione","@id":"https:\/\/www.cgfmanet.org\/es\/#\/schema\/person\/ce6473083f53ef0ef882cca23f0c8fb9"},"headline":"Les communaut\u00e9s d\u2018\u00e9nergies et l&rsquo;avenir","datePublished":"2023-03-24T09:32:14+00:00","dateModified":"2023-03-24T21:46:44+00:00","mainEntityOfPage":{"@id":"https:\/\/www.cgfmanet.org\/fr\/info-sphere\/ecologie\/les-communautes-denergies-et-lavenir\/"},"wordCount":681,"commentCount":0,"publisher":{"@id":"https:\/\/www.cgfmanet.org\/es\/#organization"},"image":{"@id":"https:\/\/www.cgfmanet.org\/fr\/info-sphere\/ecologie\/les-communautes-denergies-et-lavenir\/#primaryimage"},"thumbnailUrl":"https:\/\/www.cgfmanet.org\/wp-content\/uploads\/2023\/03\/Custodi-giardino_Comunita-energetiche.jpg","keywords":["Education","cittadinanza","Auxilium","Focus","IFMA"],"articleSection":["Infosph\u00e8re","Ecologie"],"inLanguage":"fr-FR","potentialAction":[{"@type":"CommentAction","name":"Comment","target":["https:\/\/www.cgfmanet.org\/fr\/info-sphere\/ecologie\/les-communautes-denergies-et-lavenir\/#respond"]}]},{"@type":"WebPage","@id":"https:\/\/www.cgfmanet.org\/fr\/info-sphere\/ecologie\/les-communautes-denergies-et-lavenir\/","url":"https:\/\/www.cgfmanet.org\/fr\/info-sphere\/ecologie\/les-communautes-denergies-et-lavenir\/","name":"Les communaut\u00e9s d\u2018\u00e9nergies et l'avenir &#8226; Istituto Figlie di Maria Ausiliatrice","isPartOf":{"@id":"https:\/\/www.cgfmanet.org\/es\/#website"},"primaryImageOfPage":{"@id":"https:\/\/www.cgfmanet.org\/fr\/info-sphere\/ecologie\/les-communautes-denergies-et-lavenir\/#primaryimage"},"image":{"@id":"https:\/\/www.cgfmanet.org\/fr\/info-sphere\/ecologie\/les-communautes-denergies-et-lavenir\/#primaryimage"},"thumbnailUrl":"https:\/\/www.cgfmanet.org\/wp-content\/uploads\/2023\/03\/Custodi-giardino_Comunita-energetiche.jpg","datePublished":"2023-03-24T09:32:14+00:00","dateModified":"2023-03-24T21:46:44+00:00","description":"Le 25 mars 2023, \u00e0 la Facult\u00e9 \u00ab Auxilium \u00bb de Rome, se tient le 3\u00e8me et dernier rendez-vous du projet de formation \u00e9cologique \u00ab Gardiens du Jardin \u00bb sur le th\u00e8me des communaut\u00e9s d\u2019\u00e9nergies renouvelables.","breadcrumb":{"@id":"https:\/\/www.cgfmanet.org\/fr\/info-sphere\/ecologie\/les-communautes-denergies-et-lavenir\/#breadcrumb"},"inLanguage":"fr-FR","potentialAction":[{"@type":"ReadAction","target":["https:\/\/www.cgfmanet.org\/fr\/info-sphere\/ecologie\/les-communautes-denergies-et-lavenir\/"]}]},{"@type":"ImageObject","inLanguage":"fr-FR","@id":"https:\/\/www.cgfmanet.org\/fr\/info-sphere\/ecologie\/les-communautes-denergies-et-lavenir\/#primaryimage","url":"https:\/\/www.cgfmanet.org\/wp-content\/uploads\/2023\/03\/Custodi-giardino_Comunita-energetiche.jpg","contentUrl":"https:\/\/www.cgfmanet.org\/wp-content\/uploads\/2023\/03\/Custodi-giardino_Comunita-energetiche.jpg","width":1181,"height":787},{"@type":"BreadcrumbList","@id":"https:\/\/www.cgfmanet.org\/fr\/info-sphere\/ecologie\/les-communautes-denergies-et-lavenir\/#breadcrumb","itemListElement":[{"@type":"ListItem","position":1,"name":"Home","item":"https:\/\/www.cgfmanet.org\/fr\/"},{"@type":"ListItem","position":2,"name":"Les communaut\u00e9s d\u2018\u00e9nergies et l&#8217;avenir"}]},{"@type":"WebSite","@id":"https:\/\/www.cgfmanet.org\/es\/#website","url":"https:\/\/www.cgfmanet.org\/es\/","name":"Istituto Figlie di Maria Ausiliatrice","description":"Salesiane di Don Bosco","publisher":{"@id":"https:\/\/www.cgfmanet.org\/es\/#organization"},"potentialAction":[{"@type":"SearchAction","target":{"@type":"EntryPoint","urlTemplate":"https:\/\/www.cgfmanet.org\/es\/?s={search_term_string}"},"query-input":{"@type":"PropertyValueSpecification","valueRequired":true,"valueName":"search_term_string"}}],"inLanguage":"fr-FR"},{"@type":"Organization","@id":"https:\/\/www.cgfmanet.org\/es\/#organization","name":"Istituto Figlie di Maria Ausiliatrice","url":"https:\/\/www.cgfmanet.org\/es\/","logo":{"@type":"ImageObject","inLanguage":"fr-FR","@id":"https:\/\/www.cgfmanet.org\/es\/#\/schema\/logo\/image\/","url":"https:\/\/www.cgfmanet.org\/wp-content\/uploads\/2018\/10\/logo-fma.png","contentUrl":"https:\/\/www.cgfmanet.org\/wp-content\/uploads\/2018\/10\/logo-fma.png","width":214,"height":55,"caption":"Istituto Figlie di Maria Ausiliatrice"},"image":{"@id":"https:\/\/www.cgfmanet.org\/es\/#\/schema\/logo\/image\/"},"sameAs":["https:\/\/www.facebook.com\/salesian.sisters.of.don.bosco\/","https:\/\/x.com\/Cgfmanet_Org","https:\/\/www.youtube.com\/channel\/UCmcr8yFQBV7JXeXVxyV9y5Q"]},{"@type":"Person","@id":"https:\/\/www.cgfmanet.org\/es\/#\/schema\/person\/ce6473083f53ef0ef882cca23f0c8fb9","name":"Redazione"}]}},"_links":{"self":[{"href":"https:\/\/www.cgfmanet.org\/fr\/wp-json\/wp\/v2\/posts\/87374","targetHints":{"allow":["GET"]}}],"collection":[{"href":"https:\/\/www.cgfmanet.org\/fr\/wp-json\/wp\/v2\/posts"}],"about":[{"href":"https:\/\/www.cgfmanet.org\/fr\/wp-json\/wp\/v2\/types\/post"}],"author":[{"embeddable":true,"href":"https:\/\/www.cgfmanet.org\/fr\/wp-json\/wp\/v2\/users\/21"}],"replies":[{"embeddable":true,"href":"https:\/\/www.cgfmanet.org\/fr\/wp-json\/wp\/v2\/comments?post=87374"}],"version-history":[{"count":0,"href":"https:\/\/www.cgfmanet.org\/fr\/wp-json\/wp\/v2\/posts\/87374\/revisions"}],"wp:featuredmedia":[{"embeddable":true,"href":"https:\/\/www.cgfmanet.org\/fr\/wp-json\/wp\/v2\/media\/87369"}],"wp:attachment":[{"href":"https:\/\/www.cgfmanet.org\/fr\/wp-json\/wp\/v2\/media?parent=87374"}],"wp:term":[{"taxonomy":"category","embeddable":true,"href":"https:\/\/www.cgfmanet.org\/fr\/wp-json\/wp\/v2\/categories?post=87374"},{"taxonomy":"post_tag","embeddable":true,"href":"https:\/\/www.cgfmanet.org\/fr\/wp-json\/wp\/v2\/tags?post=87374"}],"curies":[{"name":"wp","href":"https:\/\/api.w.org\/{rel}","templated":true}]}}