{"id":87354,"date":"2023-03-24T09:26:48","date_gmt":"2023-03-24T08:26:48","guid":{"rendered":"https:\/\/www.cgfmanet.org\/info-sphere\/madre-antonietta-bohm-e-maria\/"},"modified":"2023-03-28T22:58:42","modified_gmt":"2023-03-28T20:58:42","slug":"mere-antoinette-bohm-et-marie","status":"publish","type":"post","link":"https:\/\/www.cgfmanet.org\/fr\/ifma-fr\/mere-antoinette-bohm-et-marie\/","title":{"rendered":"M\u00e8re Antoinette B\u00f6hm et Marie"},"content":{"rendered":"<p><strong>Rome (Italie).<\/strong> La solennit\u00e9 mariale de l&rsquo;Annonciation du Seigneur, le 25 mars 2023, est une occasion favorable pour approfondir la connaissance de la relation singuli\u00e8re avec Marie que la Servante de Dieu <strong><span style=\"color: #0000ff;\"><a style=\"color: #0000ff;\" href=\"https:\/\/drive.google.com\/drive\/folders\/17JgS-Hbz1YiImdL0lUYFO__jg9ZBXiEA\" target=\"_blank\" rel=\"noopener\">S\u0153ur Antonietta B\u00f6hm<\/a><\/span><\/strong> (1907 \u2013 2008) a eu 50 ans apr\u00e8s la remise \u00a0dans ses mains de M\u00e8re Ersilia Crugnola (1883 &#8211; 1973), de la statue de Marie Auxiliatrice. Avec la b\u00e9n\u00e9diction donn\u00e9e \u00e0 travers cette statue, de nombreuses gr\u00e2ces ont \u00e9t\u00e9 obtenues et continuent d&rsquo;\u00eatre obtenues par l&rsquo;intercession de la Vierge.<\/p>\n<p>S\u0153ur Estela Vidales t\u00e9moigne que M\u00e8re Ersilia, missionnaire au Mexique depuis 1922 et Provinciale depuis 1941, l&rsquo;acquit en 1944 et plus tard \u00a0b\u00e9nit avec cette statue de la Vierge et obtint de nombreuses gu\u00e9risons. Sr. Maria Teresa Henry raconte : \u00ab Apr\u00e8s ma profession religieuse, le 5 ao\u00fbt 1949, je suis arriv\u00e9e \u00e0 la Maison Provinciale et depuis lors je me souviens parfaitement que M\u00e8re Ersilia m\u2019a donn\u00e9 sa b\u00e9n\u00e9diction avec la statue. M\u00e8re Ersilia avait un grand amour pour la Sainte Vierge, et \u00e0 travers elle Notre-Dame a manifest\u00e9 sa pr\u00e9sence et son aide puissante avec des faits extraordinaires. Un jour, j&rsquo;ai demand\u00e9 \u00e0 M\u00e8re Ersilia : \u00ab Ma M\u00e8re, comment avez-vous eu cette statuette ? Et elle m&rsquo;a r\u00e9pondu \u00e9vasivement: \u00ab\u00a0C&rsquo;est l&rsquo;une de celles que vendent les sal\u00e9siens dans l&rsquo;\u00e9glise de Santa Agnese\u00a0\u00bb\u00bb.<\/p>\n<p><strong>Le 6 avril 1973, avant sa mort, M\u00e8re Ersilia confie la statue \u00e0 M\u00e8re Antonietta B\u00f6hm, avec pour mission de \u00ab\u00a0la faire travailler<\/strong>\u00ab\u00a0. D&rsquo;autre part, Don Bosco avait dit aux religieuses de Nice : \u00ab Notre-Dame est ici, elle se prom\u00e8ne dans cette maison et la couvre de son manteau \u00bb. M\u00e8re Antonietta elle-m\u00eame raconte dans un \u00ab\u00a0mot du soir\u00a0\u00bb enregistr\u00e9 dans une vid\u00e9o :<\/p>\n<p><em><a href=\"https:\/\/www.cgfmanet.org\/wp-content\/uploads\/2023\/03\/statuetta-MA_Bohm.jpg\"><img decoding=\"async\" class=\"alignleft wp-image-87342 lazyload\" data-src=\"https:\/\/www.cgfmanet.org\/wp-content\/uploads\/2023\/03\/statuetta-MA_Bohm.jpg\" alt=\"\" width=\"300\" height=\"421\" data-srcset=\"https:\/\/www.cgfmanet.org\/wp-content\/uploads\/2023\/03\/statuetta-MA_Bohm.jpg 613w, https:\/\/www.cgfmanet.org\/wp-content\/uploads\/2023\/03\/statuetta-MA_Bohm-299x420.jpg 299w\" data-sizes=\"auto\" src=\"data:image\/svg+xml;base64,PHN2ZyB3aWR0aD0iMSIgaGVpZ2h0PSIxIiB4bWxucz0iaHR0cDovL3d3dy53My5vcmcvMjAwMC9zdmciPjwvc3ZnPg==\" style=\"--smush-placeholder-width: 300px; --smush-placeholder-aspect-ratio: 300\/421;\" data-original-sizes=\"(max-width: 300px) 100vw, 300px\" \/><\/a>\u00abJ&rsquo;ai re\u00e7u la statuette de Marie Auxiliatrice \u00e0 la clinique \u00ab\u00a0Santa Elena\u00a0\u00bb, \u00e0 Mexico, o\u00f9 l&rsquo;inoubliable M\u00e8re Ersilia est morte saintement le 7 avril 1973. La veille de sa mort, j&rsquo;ai observ\u00e9 que la M\u00e8re avait la statuette au-dessus du lit, et j&rsquo;avais peur qu&rsquo;elle se perde, alors je lui ai demand\u00e9 : \u00ab\u00a0M\u00e8re \u00e0 qui laisserez-vous la petite Madone qui vous a accompagn\u00e9e dans vos voyages pendant tant d&rsquo;ann\u00e9es ?\u00a0\u00bb. Sa r\u00e9ponse a \u00e9t\u00e9 : \u00ab Je vous laisse faire \u00bb. En la remerciant, j&rsquo;ai dit : \u00ab Eh bien, M\u00e8re je vais m&rsquo;en occuper. Mais elle r\u00e9pondit aussit\u00f4t : \u00ab Non, Notre-Dame n&rsquo;en a pas besoin ! Vous la faites fonctionner, et quand il y a des gens qui ne peuvent pas venir l\u00e0 o\u00f9 vous \u00eates, faites-la venir par les airs. Et moi : \u00ab Mais qu&rsquo;est-ce que \u00e7a veut dire ? Qu&rsquo;est-ce que \u00e7a veut dire par les airs ? \u00bb. Et elle m&rsquo;a tout de suite expliqu\u00e9 par un exemple : \u00ab Regarde, de Miami ils demandent maintenant une b\u00e9n\u00e9diction, et tu ne peux pas y aller, et m\u00eame l&rsquo;ancienne \u00e9l\u00e8ve ne peut pas venir o\u00f9 tu es, mais la Madone arrive avec sa b\u00e9n\u00e9diction \u00e0 destination \u00bb.\u00a0<\/em><\/p>\n<p><em>Eh bien, c&rsquo;est pr\u00e9cis\u00e9ment le dernier dialogue que j&rsquo;ai eu avec la ch\u00e8re M\u00e8re Ersilia Crugnola. Je n&rsquo;ai toujours pas bien compris cela \u00ab\u00a0dans les airs\u00a0\u00bb, mais apr\u00e8s quelques jours j&rsquo;ai re\u00e7u le premier appel t\u00e9l\u00e9phonique d&rsquo;une ancienne \u00e9l\u00e8ve de Miami demandant la b\u00e9n\u00e9diction de la Madone. Cette dame avait deux filles qui \u00e9taient paralys\u00e9es de naissance. C&rsquo;\u00e9tait la premi\u00e8re b\u00e9n\u00e9diction que j&rsquo;ai envoy\u00e9e \u00ab dans les airs \u00bb. L&rsquo;a\u00een\u00e9e des filles a r\u00e9cup\u00e9r\u00e9 imm\u00e9diatement, l&rsquo;autre s&rsquo;est \u00e9galement am\u00e9lior\u00e9e, mais peu \u00e0 peu.<\/em><\/p>\n<p><em>Avant d&rsquo;\u00eatre admise \u00e0 l&rsquo;h\u00f4pital, M\u00e8re Ersilia, d\u00e9j\u00e0 tr\u00e8s malade, avait donn\u00e9 sa b\u00e9n\u00e9diction au directeur d&rsquo;une banque qui souffrait d&rsquo;\u00e9puisement, mais elle lui avait dit : \u00ab \u00c9coutez, vous avez peu de foi, une b\u00e9n\u00e9diction ne suffit pas, il vous faut trois b\u00e9n\u00e9dictions, il avait peu de foi. Il avait re\u00e7u deux b\u00e9n\u00e9dictions de la M\u00e8re. Le jour m\u00eame de la mort de la M\u00e8re, il est venu demander la troisi\u00e8me b\u00e9n\u00e9diction. Il n\u2019est pas parti. On lui dit \u00a0que la M\u00e8re \u00e9tait morte et que du ciel elle lui envoyait la troisi\u00e8me b\u00e9n\u00e9diction. Mais il demanda la b\u00e9n\u00e9diction et ne put \u00eatre convaincu qu&rsquo;il la recevrait du ciel. Il a dit : \u00ab\u00a0Je sais que Notre-Dame est \u00e0 la maison\u00a0\u00bb.<\/em><\/p>\n<p><em>Je dois avouer que je ne voulais pas donner la b\u00e9n\u00e9diction, mais j&rsquo;ai d\u00fb c\u00e9der ! Ce fut, pour moi, la premi\u00e8re b\u00e9n\u00e9diction que j&rsquo;ai donn\u00e9e avec la Madone. Ce jour-l\u00e0, ce monsieur fut compl\u00e8tement gu\u00e9ri. Ce jour-l\u00e0, m\u00eame pour moi, ma crainte a disparu ou plut\u00f4t, je dirais, mon amour propre en donnant la b\u00e9n\u00e9diction.\u00a0<\/em><\/p>\n<p><em><strong>Depuis cette premi\u00e8re b\u00e9n\u00e9diction jusqu&rsquo;\u00e0 aujourd&rsquo;hui, Notre-Dame travaille jour et nuit<\/strong>. Et chaque jour aussi, son rayon d&rsquo;action ne s&rsquo;arr\u00eate pas : par air, par poste, il atteint divers endroits du pays et aussi d&rsquo;autres nations. Les appels t\u00e9l\u00e9phoniques sont tr\u00e8s fr\u00e9quents, le jour et parfois m\u00eame la nuit. M\u00eame les mourants m&rsquo;appellent parce qu&rsquo;ils ne veulent pas aller \u00e0 la maison du P\u00e8re sans la b\u00e9n\u00e9diction de Notre-Dame\u00a0\u00bb.\u00a0<\/em><\/p>\n<p><em><strong>Pendant 35 ans, la statuette a toujours \u00e9t\u00e9 la compagne ins\u00e9parable de M\u00e8re Antonietta, m\u00eame, comme en t\u00e9moigne S\u0153ur Aurelia Lozano, lorsqu&rsquo;elle dormait, elle l&rsquo;avait dans les mains<\/strong>. \u00c0 cet \u00e9gard, S\u0153ur Alicia Guzm\u00e1n se souvient : \u00ab J&rsquo;ai cousu une poche sp\u00e9ciale dans sa jupe pour y mettre son mouchoir et la statuette, puisqu&rsquo;elle l&rsquo;avait toujours sur elle. Elle a beaucoup souffert quand elle a perdu la statue et nous l&rsquo;avons toutes cherch\u00e9e, sinon elle ne pouvait pas retrouver la paix\u00a0\u00bb.\u00a0<\/em><\/p>\n<p><em><strong>\u00c0 partir de ce moment, M\u00e8re Antonietta a assum\u00e9 la mission d&rsquo;\u00eatre un signe de l&rsquo;amour de Dieu et de la bont\u00e9 maternelle de Marie Tr\u00e8s Sainte pour tous<\/strong>. La b\u00e9n\u00e9diction de la Vierge a atteint des milliers de personnes directement, dans les airs, comme l&rsquo;a enseign\u00e9 M\u00e8re Ersilia, par le t\u00e9l\u00e9phone et les lettres. La statuette a \u00e9t\u00e9 consomm\u00e9e \u00e0 la suite de toutes les b\u00e9n\u00e9dictions que les deux M\u00e8res ont donn\u00e9es, au point que le visage de la Madone et celui de l&rsquo;enfant n&rsquo;ont plus de forme. Contrairement \u00e0 M\u00e8re Ersilia qui a donn\u00e9 la b\u00e9n\u00e9diction avec une pri\u00e8re spontan\u00e9e et un Ave Maria, M\u00e8re Antonietta a invent\u00e9 une b\u00e9n\u00e9diction sp\u00e9ciale que nous gardons \u00e0 ce jour. Avant de mourir, M\u00e8re Antonietta confia \u00e0 son tour la statue \u00e0 <strong>S\u0153ur Estela Vidales<\/strong>, avec pour mission de \u00ab\u00a0la faire fonctionner\u00a0\u00bb.<\/em><\/p>\n<p><em>Dans une lettre \u00e9crite par elle, M\u00e8re Antonietta, parlant de la statue, affirme : <strong>\u00ab\u2026 Je voudrais que chacun comprenne que la puissance de la Vierge n&rsquo;est li\u00e9e \u00e0 aucune statue, elle n&rsquo;est li\u00e9e \u00e0 aucune image, mais \u00e0 la Ce que Marie attend de nous, c&rsquo;est que nous ayons une confiance totale en sa puissance, en sa bont\u00e9, en son c\u0153ur mis\u00e9ricordieux. <\/strong>C&rsquo;est la seule chose que la Vierge attend pour se montrer. Je vous envoie \u00a0volontiers une \u00a0b\u00e9n\u00e9diction avec la Madone pour \u00a0vous et pour \u00a0toutes, mais celle-ci, sans la foi &#8211; je le r\u00e9p\u00e8te encore &#8211; n&rsquo;est rien\u00a0\u00bb.<br \/>\n<\/em><\/p>\n<p><span style=\"color: #0000ff;\"><a style=\"color: #0000ff;\" href=\"https:\/\/www.youtube.com\/watch?v=_p-hJd8UxnE\" target=\"_blank\" rel=\"noopener\"><strong>Vid\u00e9o en italien<\/strong><\/a><\/span><\/p>\n<p><span style=\"color: #0000ff;\"><a style=\"color: #0000ff;\" href=\"https:\/\/www.youtube.com\/watch?v=MNYEcPNdNmM&amp;t=1s\" target=\"_blank\" rel=\"noopener\"><strong>Vid\u00e9o en espagnol<\/strong><\/a><\/span><\/p>\n","protected":false},"excerpt":{"rendered":"<p>Rome (Italie). La solennit\u00e9 mariale de l&rsquo;Annonciation du Seigneur, le 25 mars 2023, est une occasion favorable pour approfondir la connaissance de la relation singuli\u00e8re avec Marie que la Servante [&hellip;]<\/p>\n","protected":false},"author":21,"featured_media":87349,"comment_status":"open","ping_status":"closed","sticky":false,"template":"","format":"standard","meta":{"footnotes":""},"categories":[164,156],"tags":[1450,1731,1929,1941,2382,2494],"class_list":["post-87354","post","type-post","status-publish","format-standard","has-post-thumbnail","category-charisme-salesien","category-ifma-fr","tag-saintete-salesienne","tag-marie-auxiliatrice","tag-focus-fr","tag-marie-auxiliatrice-fr","tag-maria-fr","tag-antonieta-bohm"],"yoast_head":"<!-- This site is optimized with the Yoast SEO plugin v27.4 - https:\/\/yoast.com\/product\/yoast-seo-wordpress\/ -->\n<title>M\u00e8re Antoinette B\u00f6hm et Marie &#8226; Istituto Figlie di Maria Ausiliatrice<\/title>\n<meta name=\"description\" content=\"La Solennit\u00e9 de l&#039;Annonciation, le 25 mars 2023, est l&#039;occasion d&#039;approfondir la relation singuli\u00e8re avec Marie qu&#039;avait la Servante de Dieu M\u00e8re Antonietta B\u00f6hm.\" \/>\n<meta name=\"robots\" content=\"index, follow, max-snippet:-1, max-image-preview:large, max-video-preview:-1\" \/>\n<link rel=\"canonical\" href=\"https:\/\/www.cgfmanet.org\/fr\/ifma-fr\/mere-antoinette-bohm-et-marie\/\" \/>\n<meta property=\"og:locale\" content=\"fr_FR\" \/>\n<meta property=\"og:type\" content=\"article\" \/>\n<meta property=\"og:title\" content=\"M\u00e8re Antoinette B\u00f6hm et Marie &#8226; Istituto Figlie di Maria Ausiliatrice\" \/>\n<meta property=\"og:description\" content=\"La Solennit\u00e9 de l&#039;Annonciation, le 25 mars 2023, est l&#039;occasion d&#039;approfondir la relation singuli\u00e8re avec Marie qu&#039;avait la Servante de Dieu M\u00e8re Antonietta B\u00f6hm.\" \/>\n<meta property=\"og:url\" content=\"https:\/\/www.cgfmanet.org\/fr\/ifma-fr\/mere-antoinette-bohm-et-marie\/\" \/>\n<meta property=\"og:site_name\" content=\"Istituto Figlie di Maria Ausiliatrice\" \/>\n<meta property=\"article:publisher\" content=\"https:\/\/www.facebook.com\/salesian.sisters.of.don.bosco\/\" \/>\n<meta property=\"article:published_time\" content=\"2023-03-24T08:26:48+00:00\" \/>\n<meta property=\"article:modified_time\" content=\"2023-03-28T20:58:42+00:00\" \/>\n<meta property=\"og:image\" content=\"https:\/\/www.cgfmanet.org\/wp-content\/uploads\/2023\/03\/Antonieta-Bohm-statua-MA.jpg\" \/>\n\t<meta property=\"og:image:width\" content=\"1181\" \/>\n\t<meta property=\"og:image:height\" content=\"787\" \/>\n\t<meta property=\"og:image:type\" content=\"image\/jpeg\" \/>\n<meta name=\"author\" content=\"Redazione\" \/>\n<meta name=\"twitter:card\" content=\"summary_large_image\" \/>\n<meta name=\"twitter:creator\" content=\"@Cgfmanet_Org\" \/>\n<meta name=\"twitter:site\" content=\"@Cgfmanet_Org\" \/>\n<meta name=\"twitter:label1\" content=\"\u00c9crit par\" \/>\n\t<meta name=\"twitter:data1\" content=\"Redazione\" \/>\n\t<meta name=\"twitter:label2\" content=\"Dur\u00e9e de lecture estim\u00e9e\" \/>\n\t<meta name=\"twitter:data2\" content=\"7 minutes\" \/>\n<script type=\"application\/ld+json\" class=\"yoast-schema-graph\">{\"@context\":\"https:\\\/\\\/schema.org\",\"@graph\":[{\"@type\":\"Article\",\"@id\":\"https:\\\/\\\/www.cgfmanet.org\\\/fr\\\/ifma-fr\\\/mere-antoinette-bohm-et-marie\\\/#article\",\"isPartOf\":{\"@id\":\"https:\\\/\\\/www.cgfmanet.org\\\/fr\\\/ifma-fr\\\/mere-antoinette-bohm-et-marie\\\/\"},\"author\":{\"name\":\"Redazione\",\"@id\":\"https:\\\/\\\/www.cgfmanet.org\\\/es\\\/#\\\/schema\\\/person\\\/ce6473083f53ef0ef882cca23f0c8fb9\"},\"headline\":\"M\u00e8re Antoinette B\u00f6hm et Marie\",\"datePublished\":\"2023-03-24T08:26:48+00:00\",\"dateModified\":\"2023-03-28T20:58:42+00:00\",\"mainEntityOfPage\":{\"@id\":\"https:\\\/\\\/www.cgfmanet.org\\\/fr\\\/ifma-fr\\\/mere-antoinette-bohm-et-marie\\\/\"},\"wordCount\":1305,\"commentCount\":0,\"publisher\":{\"@id\":\"https:\\\/\\\/www.cgfmanet.org\\\/es\\\/#organization\"},\"image\":{\"@id\":\"https:\\\/\\\/www.cgfmanet.org\\\/fr\\\/ifma-fr\\\/mere-antoinette-bohm-et-marie\\\/#primaryimage\"},\"thumbnailUrl\":\"https:\\\/\\\/www.cgfmanet.org\\\/wp-content\\\/uploads\\\/2023\\\/03\\\/Antonieta-Bohm-statua-MA.jpg\",\"keywords\":[\"Saintet\u00e9 Sal\u00e9sienne\",\"Marie Auxiliatrice\",\"Focus\",\"Marie Auxiliatrice\",\"Maria\",\"Antonieta Bohm\"],\"articleSection\":[\"Charisme Sal\u00e9sien\",\"IFMA\"],\"inLanguage\":\"fr-FR\",\"potentialAction\":[{\"@type\":\"CommentAction\",\"name\":\"Comment\",\"target\":[\"https:\\\/\\\/www.cgfmanet.org\\\/fr\\\/ifma-fr\\\/mere-antoinette-bohm-et-marie\\\/#respond\"]}]},{\"@type\":\"WebPage\",\"@id\":\"https:\\\/\\\/www.cgfmanet.org\\\/fr\\\/ifma-fr\\\/mere-antoinette-bohm-et-marie\\\/\",\"url\":\"https:\\\/\\\/www.cgfmanet.org\\\/fr\\\/ifma-fr\\\/mere-antoinette-bohm-et-marie\\\/\",\"name\":\"M\u00e8re Antoinette B\u00f6hm et Marie &#8226; Istituto Figlie di Maria Ausiliatrice\",\"isPartOf\":{\"@id\":\"https:\\\/\\\/www.cgfmanet.org\\\/es\\\/#website\"},\"primaryImageOfPage\":{\"@id\":\"https:\\\/\\\/www.cgfmanet.org\\\/fr\\\/ifma-fr\\\/mere-antoinette-bohm-et-marie\\\/#primaryimage\"},\"image\":{\"@id\":\"https:\\\/\\\/www.cgfmanet.org\\\/fr\\\/ifma-fr\\\/mere-antoinette-bohm-et-marie\\\/#primaryimage\"},\"thumbnailUrl\":\"https:\\\/\\\/www.cgfmanet.org\\\/wp-content\\\/uploads\\\/2023\\\/03\\\/Antonieta-Bohm-statua-MA.jpg\",\"datePublished\":\"2023-03-24T08:26:48+00:00\",\"dateModified\":\"2023-03-28T20:58:42+00:00\",\"description\":\"La Solennit\u00e9 de l'Annonciation, le 25 mars 2023, est l'occasion d'approfondir la relation singuli\u00e8re avec Marie qu'avait la Servante de Dieu M\u00e8re Antonietta B\u00f6hm.\",\"breadcrumb\":{\"@id\":\"https:\\\/\\\/www.cgfmanet.org\\\/fr\\\/ifma-fr\\\/mere-antoinette-bohm-et-marie\\\/#breadcrumb\"},\"inLanguage\":\"fr-FR\",\"potentialAction\":[{\"@type\":\"ReadAction\",\"target\":[\"https:\\\/\\\/www.cgfmanet.org\\\/fr\\\/ifma-fr\\\/mere-antoinette-bohm-et-marie\\\/\"]}]},{\"@type\":\"ImageObject\",\"inLanguage\":\"fr-FR\",\"@id\":\"https:\\\/\\\/www.cgfmanet.org\\\/fr\\\/ifma-fr\\\/mere-antoinette-bohm-et-marie\\\/#primaryimage\",\"url\":\"https:\\\/\\\/www.cgfmanet.org\\\/wp-content\\\/uploads\\\/2023\\\/03\\\/Antonieta-Bohm-statua-MA.jpg\",\"contentUrl\":\"https:\\\/\\\/www.cgfmanet.org\\\/wp-content\\\/uploads\\\/2023\\\/03\\\/Antonieta-Bohm-statua-MA.jpg\",\"width\":1181,\"height\":787},{\"@type\":\"BreadcrumbList\",\"@id\":\"https:\\\/\\\/www.cgfmanet.org\\\/fr\\\/ifma-fr\\\/mere-antoinette-bohm-et-marie\\\/#breadcrumb\",\"itemListElement\":[{\"@type\":\"ListItem\",\"position\":1,\"name\":\"Home\",\"item\":\"https:\\\/\\\/www.cgfmanet.org\\\/fr\\\/\"},{\"@type\":\"ListItem\",\"position\":2,\"name\":\"M\u00e8re Antoinette B\u00f6hm et Marie\"}]},{\"@type\":\"WebSite\",\"@id\":\"https:\\\/\\\/www.cgfmanet.org\\\/es\\\/#website\",\"url\":\"https:\\\/\\\/www.cgfmanet.org\\\/es\\\/\",\"name\":\"Istituto Figlie di Maria Ausiliatrice\",\"description\":\"Salesiane di Don Bosco\",\"publisher\":{\"@id\":\"https:\\\/\\\/www.cgfmanet.org\\\/es\\\/#organization\"},\"potentialAction\":[{\"@type\":\"SearchAction\",\"target\":{\"@type\":\"EntryPoint\",\"urlTemplate\":\"https:\\\/\\\/www.cgfmanet.org\\\/es\\\/?s={search_term_string}\"},\"query-input\":{\"@type\":\"PropertyValueSpecification\",\"valueRequired\":true,\"valueName\":\"search_term_string\"}}],\"inLanguage\":\"fr-FR\"},{\"@type\":\"Organization\",\"@id\":\"https:\\\/\\\/www.cgfmanet.org\\\/es\\\/#organization\",\"name\":\"Istituto Figlie di Maria Ausiliatrice\",\"url\":\"https:\\\/\\\/www.cgfmanet.org\\\/es\\\/\",\"logo\":{\"@type\":\"ImageObject\",\"inLanguage\":\"fr-FR\",\"@id\":\"https:\\\/\\\/www.cgfmanet.org\\\/es\\\/#\\\/schema\\\/logo\\\/image\\\/\",\"url\":\"https:\\\/\\\/www.cgfmanet.org\\\/wp-content\\\/uploads\\\/2018\\\/10\\\/logo-fma.png\",\"contentUrl\":\"https:\\\/\\\/www.cgfmanet.org\\\/wp-content\\\/uploads\\\/2018\\\/10\\\/logo-fma.png\",\"width\":214,\"height\":55,\"caption\":\"Istituto Figlie di Maria Ausiliatrice\"},\"image\":{\"@id\":\"https:\\\/\\\/www.cgfmanet.org\\\/es\\\/#\\\/schema\\\/logo\\\/image\\\/\"},\"sameAs\":[\"https:\\\/\\\/www.facebook.com\\\/salesian.sisters.of.don.bosco\\\/\",\"https:\\\/\\\/x.com\\\/Cgfmanet_Org\",\"https:\\\/\\\/www.youtube.com\\\/channel\\\/UCmcr8yFQBV7JXeXVxyV9y5Q\"]},{\"@type\":\"Person\",\"@id\":\"https:\\\/\\\/www.cgfmanet.org\\\/es\\\/#\\\/schema\\\/person\\\/ce6473083f53ef0ef882cca23f0c8fb9\",\"name\":\"Redazione\"}]}<\/script>\n<!-- \/ Yoast SEO plugin. -->","yoast_head_json":{"title":"M\u00e8re Antoinette B\u00f6hm et Marie &#8226; Istituto Figlie di Maria Ausiliatrice","description":"La Solennit\u00e9 de l'Annonciation, le 25 mars 2023, est l'occasion d'approfondir la relation singuli\u00e8re avec Marie qu'avait la Servante de Dieu M\u00e8re Antonietta B\u00f6hm.","robots":{"index":"index","follow":"follow","max-snippet":"max-snippet:-1","max-image-preview":"max-image-preview:large","max-video-preview":"max-video-preview:-1"},"canonical":"https:\/\/www.cgfmanet.org\/fr\/ifma-fr\/mere-antoinette-bohm-et-marie\/","og_locale":"fr_FR","og_type":"article","og_title":"M\u00e8re Antoinette B\u00f6hm et Marie &#8226; Istituto Figlie di Maria Ausiliatrice","og_description":"La Solennit\u00e9 de l'Annonciation, le 25 mars 2023, est l'occasion d'approfondir la relation singuli\u00e8re avec Marie qu'avait la Servante de Dieu M\u00e8re Antonietta B\u00f6hm.","og_url":"https:\/\/www.cgfmanet.org\/fr\/ifma-fr\/mere-antoinette-bohm-et-marie\/","og_site_name":"Istituto Figlie di Maria Ausiliatrice","article_publisher":"https:\/\/www.facebook.com\/salesian.sisters.of.don.bosco\/","article_published_time":"2023-03-24T08:26:48+00:00","article_modified_time":"2023-03-28T20:58:42+00:00","og_image":[{"width":1181,"height":787,"url":"https:\/\/www.cgfmanet.org\/wp-content\/uploads\/2023\/03\/Antonieta-Bohm-statua-MA.jpg","type":"image\/jpeg"}],"author":"Redazione","twitter_card":"summary_large_image","twitter_creator":"@Cgfmanet_Org","twitter_site":"@Cgfmanet_Org","twitter_misc":{"\u00c9crit par":"Redazione","Dur\u00e9e de lecture estim\u00e9e":"7 minutes"},"schema":{"@context":"https:\/\/schema.org","@graph":[{"@type":"Article","@id":"https:\/\/www.cgfmanet.org\/fr\/ifma-fr\/mere-antoinette-bohm-et-marie\/#article","isPartOf":{"@id":"https:\/\/www.cgfmanet.org\/fr\/ifma-fr\/mere-antoinette-bohm-et-marie\/"},"author":{"name":"Redazione","@id":"https:\/\/www.cgfmanet.org\/es\/#\/schema\/person\/ce6473083f53ef0ef882cca23f0c8fb9"},"headline":"M\u00e8re Antoinette B\u00f6hm et Marie","datePublished":"2023-03-24T08:26:48+00:00","dateModified":"2023-03-28T20:58:42+00:00","mainEntityOfPage":{"@id":"https:\/\/www.cgfmanet.org\/fr\/ifma-fr\/mere-antoinette-bohm-et-marie\/"},"wordCount":1305,"commentCount":0,"publisher":{"@id":"https:\/\/www.cgfmanet.org\/es\/#organization"},"image":{"@id":"https:\/\/www.cgfmanet.org\/fr\/ifma-fr\/mere-antoinette-bohm-et-marie\/#primaryimage"},"thumbnailUrl":"https:\/\/www.cgfmanet.org\/wp-content\/uploads\/2023\/03\/Antonieta-Bohm-statua-MA.jpg","keywords":["Saintet\u00e9 Sal\u00e9sienne","Marie Auxiliatrice","Focus","Marie Auxiliatrice","Maria","Antonieta Bohm"],"articleSection":["Charisme Sal\u00e9sien","IFMA"],"inLanguage":"fr-FR","potentialAction":[{"@type":"CommentAction","name":"Comment","target":["https:\/\/www.cgfmanet.org\/fr\/ifma-fr\/mere-antoinette-bohm-et-marie\/#respond"]}]},{"@type":"WebPage","@id":"https:\/\/www.cgfmanet.org\/fr\/ifma-fr\/mere-antoinette-bohm-et-marie\/","url":"https:\/\/www.cgfmanet.org\/fr\/ifma-fr\/mere-antoinette-bohm-et-marie\/","name":"M\u00e8re Antoinette B\u00f6hm et Marie &#8226; Istituto Figlie di Maria Ausiliatrice","isPartOf":{"@id":"https:\/\/www.cgfmanet.org\/es\/#website"},"primaryImageOfPage":{"@id":"https:\/\/www.cgfmanet.org\/fr\/ifma-fr\/mere-antoinette-bohm-et-marie\/#primaryimage"},"image":{"@id":"https:\/\/www.cgfmanet.org\/fr\/ifma-fr\/mere-antoinette-bohm-et-marie\/#primaryimage"},"thumbnailUrl":"https:\/\/www.cgfmanet.org\/wp-content\/uploads\/2023\/03\/Antonieta-Bohm-statua-MA.jpg","datePublished":"2023-03-24T08:26:48+00:00","dateModified":"2023-03-28T20:58:42+00:00","description":"La Solennit\u00e9 de l'Annonciation, le 25 mars 2023, est l'occasion d'approfondir la relation singuli\u00e8re avec Marie qu'avait la Servante de Dieu M\u00e8re Antonietta B\u00f6hm.","breadcrumb":{"@id":"https:\/\/www.cgfmanet.org\/fr\/ifma-fr\/mere-antoinette-bohm-et-marie\/#breadcrumb"},"inLanguage":"fr-FR","potentialAction":[{"@type":"ReadAction","target":["https:\/\/www.cgfmanet.org\/fr\/ifma-fr\/mere-antoinette-bohm-et-marie\/"]}]},{"@type":"ImageObject","inLanguage":"fr-FR","@id":"https:\/\/www.cgfmanet.org\/fr\/ifma-fr\/mere-antoinette-bohm-et-marie\/#primaryimage","url":"https:\/\/www.cgfmanet.org\/wp-content\/uploads\/2023\/03\/Antonieta-Bohm-statua-MA.jpg","contentUrl":"https:\/\/www.cgfmanet.org\/wp-content\/uploads\/2023\/03\/Antonieta-Bohm-statua-MA.jpg","width":1181,"height":787},{"@type":"BreadcrumbList","@id":"https:\/\/www.cgfmanet.org\/fr\/ifma-fr\/mere-antoinette-bohm-et-marie\/#breadcrumb","itemListElement":[{"@type":"ListItem","position":1,"name":"Home","item":"https:\/\/www.cgfmanet.org\/fr\/"},{"@type":"ListItem","position":2,"name":"M\u00e8re Antoinette B\u00f6hm et Marie"}]},{"@type":"WebSite","@id":"https:\/\/www.cgfmanet.org\/es\/#website","url":"https:\/\/www.cgfmanet.org\/es\/","name":"Istituto Figlie di Maria Ausiliatrice","description":"Salesiane di Don Bosco","publisher":{"@id":"https:\/\/www.cgfmanet.org\/es\/#organization"},"potentialAction":[{"@type":"SearchAction","target":{"@type":"EntryPoint","urlTemplate":"https:\/\/www.cgfmanet.org\/es\/?s={search_term_string}"},"query-input":{"@type":"PropertyValueSpecification","valueRequired":true,"valueName":"search_term_string"}}],"inLanguage":"fr-FR"},{"@type":"Organization","@id":"https:\/\/www.cgfmanet.org\/es\/#organization","name":"Istituto Figlie di Maria Ausiliatrice","url":"https:\/\/www.cgfmanet.org\/es\/","logo":{"@type":"ImageObject","inLanguage":"fr-FR","@id":"https:\/\/www.cgfmanet.org\/es\/#\/schema\/logo\/image\/","url":"https:\/\/www.cgfmanet.org\/wp-content\/uploads\/2018\/10\/logo-fma.png","contentUrl":"https:\/\/www.cgfmanet.org\/wp-content\/uploads\/2018\/10\/logo-fma.png","width":214,"height":55,"caption":"Istituto Figlie di Maria Ausiliatrice"},"image":{"@id":"https:\/\/www.cgfmanet.org\/es\/#\/schema\/logo\/image\/"},"sameAs":["https:\/\/www.facebook.com\/salesian.sisters.of.don.bosco\/","https:\/\/x.com\/Cgfmanet_Org","https:\/\/www.youtube.com\/channel\/UCmcr8yFQBV7JXeXVxyV9y5Q"]},{"@type":"Person","@id":"https:\/\/www.cgfmanet.org\/es\/#\/schema\/person\/ce6473083f53ef0ef882cca23f0c8fb9","name":"Redazione"}]}},"_links":{"self":[{"href":"https:\/\/www.cgfmanet.org\/fr\/wp-json\/wp\/v2\/posts\/87354","targetHints":{"allow":["GET"]}}],"collection":[{"href":"https:\/\/www.cgfmanet.org\/fr\/wp-json\/wp\/v2\/posts"}],"about":[{"href":"https:\/\/www.cgfmanet.org\/fr\/wp-json\/wp\/v2\/types\/post"}],"author":[{"embeddable":true,"href":"https:\/\/www.cgfmanet.org\/fr\/wp-json\/wp\/v2\/users\/21"}],"replies":[{"embeddable":true,"href":"https:\/\/www.cgfmanet.org\/fr\/wp-json\/wp\/v2\/comments?post=87354"}],"version-history":[{"count":0,"href":"https:\/\/www.cgfmanet.org\/fr\/wp-json\/wp\/v2\/posts\/87354\/revisions"}],"wp:featuredmedia":[{"embeddable":true,"href":"https:\/\/www.cgfmanet.org\/fr\/wp-json\/wp\/v2\/media\/87349"}],"wp:attachment":[{"href":"https:\/\/www.cgfmanet.org\/fr\/wp-json\/wp\/v2\/media?parent=87354"}],"wp:term":[{"taxonomy":"category","embeddable":true,"href":"https:\/\/www.cgfmanet.org\/fr\/wp-json\/wp\/v2\/categories?post=87354"},{"taxonomy":"post_tag","embeddable":true,"href":"https:\/\/www.cgfmanet.org\/fr\/wp-json\/wp\/v2\/tags?post=87354"}],"curies":[{"name":"wp","href":"https:\/\/api.w.org\/{rel}","templated":true}]}}