{"id":83067,"date":"2023-01-06T15:42:40","date_gmt":"2023-01-06T14:42:40","guid":{"rendered":"https:\/\/www.cgfmanet.org\/info-sphere\/centenario-s-francesco-di-sales-patrono-dei-giornalisti\/"},"modified":"2023-01-10T21:49:17","modified_gmt":"2023-01-10T20:49:17","slug":"centenaire-de-saint-francois-de-sales-patron-des-journalistes","status":"publish","type":"post","link":"https:\/\/www.cgfmanet.org\/fr\/ifma-fr\/congres-seminaires\/centenaire-de-saint-francois-de-sales-patron-des-journalistes\/","title":{"rendered":"Centenaire de Saint Fran\u00e7ois de Sales patron des journalistes"},"content":{"rendered":"<p><strong>Rome (Italie).<\/strong> Le 28 janvier 2023, dans la salle du Studio th\u00e9ologique de la Basilique de Saint Antoine, \u00e0 Padova, aura lieu une journ\u00e9e d\u2019\u00e9tude organis\u00e9e par l\u2019Union Catholique de la Presse Italienne (UCSI) et de l\u2019Institut Sup\u00e9rieur International Sal\u00e9sien de Recherche P\u00e9dagogique (ISRE) afin de c\u00e9l\u00e9brer le centenaire de la proclamation sur la figure de Saint Fran\u00e7ois de Sales comme patron des journalistes et des \u00e9crivains.<\/p>\n<p>C\u2019est le Pape Pie XI qui a proclam\u00e9 Fran\u00e7ois de Sales, le 26 janvier 1923, patron de <em>\u2018\u2019tous les catholiques qui, par la publication de journaux ou d\u2019autres \u00e9crits illustrent, promeuvent et d\u00e9fendent la doctrine chr\u00e9tienne\u2019\u2019<\/em> (Encyclique <em>Rerum Omnium)<\/em>.<\/p>\n<p>Et le Pape Paul VI, dans sa Lettre apostolique <em>Sabaudie Gemma,<\/em> \u00e0 l\u2019occasion du quatri\u00e8me centenaire de sa naissance (1967), \u00e9crivait\u00a0: <em>\u2018\u2019Donn\u00e9 aux \u00e9crivains et aux journalistes catholiques comme un Patron c\u00e9leste efficace, puisse-t-il leur rappeler par l\u2019exemple, les diriger avec autorit\u00e9, afin qu\u2019ils ne soient jamais trompeurs pour le profit ni tromp\u00e9s par les pr\u00e9judices, mais impr\u00e9gn\u00e9s de l\u2019esprit du Christ et d\u2019honn\u00eates amoureux de la v\u00e9rit\u00e9, afin qu\u2019ils puissent accomplir leur devoir pour le bien commun, et qu\u2019ils se rendent dignes de la foi catholique, dont ils sont les serviteurs\u2019\u2019.<\/em><\/p>\n<p>L\u2019\u00e9v\u00e8nement contribuera \u00e9galement \u00e0 approfondir certains th\u00e8mes propos\u00e9s par le Pape Fran\u00e7ois dans sa Lettre apostolique <span style=\"color: #0000ff;\"><strong><em><a style=\"color: #0000ff;\" href=\"https:\/\/www.cgfmanet.org\/fr\/info-sphere\/lettre-apostolique-a-loccasion-du-400eme-anniversaire-de-saint-francois-de-sales\/\" target=\"_blank\" rel=\"noopener\">Totum amoris est <\/a><\/em><\/strong><\/span>(Tout appartient \u00e0 l\u2019amour) \u00e0 l\u2019occasion du 400<sup>\u00e8me<\/sup> anniversaire de la mort du Saint \u00e9v\u00eaque de Gen\u00e8ve (1622-2022).<\/p>\n<p>La rencontre qui aura lieu <strong>de 9h.30 \u00e0 12h.45<\/strong> sera pr\u00e9sent\u00e9e par <strong>Mimmo Vita,<\/strong> Pr\u00e9sident de l\u2019UCSI Veneto et <strong>Michela Possamai<\/strong>, Pr\u00e9sidente de l\u2019ISRE de Venezia, avec les autorit\u00e9s religieuses et civiles et ceux qui ont contribu\u00e9 \u00e0 rendre cet \u00e9v\u00e8nement possible.<\/p>\n<p>Le <strong>Card. Pietro Parolin,<\/strong> Secr\u00e9taire d\u2019Etat du Saint-Si\u00e8ge a \u00e9t\u00e9 invit\u00e9 \u00e0 d\u00e9finir la figure du Saint patron des journalistes. <strong>Paolo Ruffini,<\/strong> Pr\u00e9fet du Dicast\u00e8re pour la Communication du Saint-Si\u00e8ge et le <strong>P\u00e8re Giulio Albanese,<\/strong> missionnaire et journaliste combonien seront \u00e9galement pr\u00e9sents. Les jeunes reporters de <strong>Cube Radio,<\/strong> la station acad\u00e9mique de l\u2019Institut Universitaire Sal\u00e9sien de Venezia (IUSVE), proposeront un court-m\u00e9trage intitul\u00e9 \u2018\u2019Saint Fran\u00e7ois de Sales, hier et demain\u2019\u2019, afin d\u2019en souligner son actualit\u00e9.<\/p>\n<p>Une table ronde suivra, anim\u00e9e par le Pr\u00e9sident National de l\u2019UCSI, <strong>Vincenzo Varagona,<\/strong> ax\u00e9e sur l\u2019infod\u00e9mie et la transformation de la communication d\u2019aujourd\u2019hui, \u00e0 laquelle participeront les journalistes <strong>Lucia Bellaspiga<\/strong> d\u2019Avvenire et <strong>Vania de Luca<\/strong> du TG3, les Professeurs de l\u2019Universit\u00e9 de Padova <strong>Vittorio Berti<\/strong> (Histoire du christianisme), <strong>Fabrizio Ferrari<\/strong> (Histoire des religions) et <strong>Enzo Pace<\/strong> (Sociologie des religions), le Pr\u00e9sident de l\u2019Association Webmaster Cattolici Italiani (WeCa) <strong>Fabio Bolzetta et Federico Ruozzi<\/strong> (Professeur d\u2019Histoire du christianisme \u00e0 l\u2019Universit\u00e9 de Modena et Reggio Emilia).<\/p>\n<p>Le choix de Padova afin d\u2019accueillir l\u2019\u00e9v\u00e8nement est dict\u00e9 par le fait que Fran\u00e7ois de Sales a fr\u00e9quent\u00e9 l\u2019Universit\u00e9 de cette ville entre 1588 et 1592 pour ses \u00e9tudes de Droit et de Th\u00e9ologie et c\u2019est tr\u00e8s certainement l\u00e0, qu\u2019il a pris la d\u00e9cision de devenir pr\u00eatre.<\/p>\n<p>La matin\u00e9e d\u2019\u00e9tude et d\u2019approfondissement, accr\u00e9dit\u00e9e par l\u2019Ordre des Journalistes du Veneto pour l\u2019obtention des cr\u00e9dit de formation, est soutenue par la Fondation Cassa di Risparmio di Padova e Rovigo, Banca Patavina et Regione du Veneto et b\u00e9n\u00e9ficie des parrainages de\u00a0: la Province et ville de Padova, l\u2019Universit\u00e9 de Padova, l\u2019Ordre des Journalistes national et r\u00e9gional, du Syndicat des Journalistes du Veneto, Vatican News, la Fisc, WeCa, des Sal\u00e9siens de Dom Bosco Italie, la Conf\u00e9rence Episcopale de Triveneto, du Dioc\u00e8se de Padova, la IUSVE, la Basilique de Saint Antoine, du Messaggero di Sant\u2019Antonio, l\u2019Ente Nazionale Sordi (ENS) et la collaboration de l\u2019Association des b\u00e9n\u00e9voles pour la sauvegarde des vins des Collines Eugan\u00e9ennes.<\/p>\n","protected":false},"excerpt":{"rendered":"<p>Rome (Italie). Le 28 janvier 2023, dans la salle du Studio th\u00e9ologique de la Basilique de Saint Antoine, \u00e0 Padova, aura lieu une journ\u00e9e d\u2019\u00e9tude organis\u00e9e par l\u2019Union Catholique de [&hellip;]<\/p>\n","protected":false},"author":21,"featured_media":83061,"comment_status":"open","ping_status":"closed","sticky":false,"template":"","format":"standard","meta":{"footnotes":""},"categories":[156,168],"tags":[1660,1661,1768,1929],"class_list":["post-83067","post","type-post","status-publish","format-standard","has-post-thumbnail","category-ifma-fr","category-congres-seminaires","tag-spiritualita-salesiana-fr","tag-carisma-salesiano-fr","tag-educomunicazione-fr","tag-focus-fr"],"yoast_head":"<!-- This site is optimized with the Yoast SEO plugin v27.4 - https:\/\/yoast.com\/product\/yoast-seo-wordpress\/ -->\n<title>Centenaire de Saint Fran\u00e7ois de Sales patron des journalistes &#8226; Istituto Figlie di Maria Ausiliatrice<\/title>\n<meta name=\"description\" content=\"Le 28 janvier 2023, une journ\u00e9e d\u2019\u00e9tude aura lieu \u00e0 Padova, en Italie, afin de c\u00e9l\u00e9brer le centenaire de la proclamation de Saint Fran\u00e7ois de Sales comme patron des journalistes et des \u00e9crivains.\" \/>\n<meta name=\"robots\" content=\"index, follow, max-snippet:-1, max-image-preview:large, max-video-preview:-1\" \/>\n<link rel=\"canonical\" href=\"https:\/\/www.cgfmanet.org\/fr\/ifma-fr\/congres-seminaires\/centenaire-de-saint-francois-de-sales-patron-des-journalistes\/\" \/>\n<meta property=\"og:locale\" content=\"fr_FR\" \/>\n<meta property=\"og:type\" content=\"article\" \/>\n<meta property=\"og:title\" content=\"Centenaire de Saint Fran\u00e7ois de Sales patron des journalistes &#8226; Istituto Figlie di Maria Ausiliatrice\" \/>\n<meta property=\"og:description\" content=\"Le 28 janvier 2023, une journ\u00e9e d\u2019\u00e9tude aura lieu \u00e0 Padova, en Italie, afin de c\u00e9l\u00e9brer le centenaire de la proclamation de Saint Fran\u00e7ois de Sales comme patron des journalistes et des \u00e9crivains.\" \/>\n<meta property=\"og:url\" content=\"https:\/\/www.cgfmanet.org\/fr\/ifma-fr\/congres-seminaires\/centenaire-de-saint-francois-de-sales-patron-des-journalistes\/\" \/>\n<meta property=\"og:site_name\" content=\"Istituto Figlie di Maria Ausiliatrice\" \/>\n<meta property=\"article:publisher\" content=\"https:\/\/www.facebook.com\/salesian.sisters.of.don.bosco\/\" \/>\n<meta property=\"article:published_time\" content=\"2023-01-06T14:42:40+00:00\" \/>\n<meta property=\"article:modified_time\" content=\"2023-01-10T20:49:17+00:00\" \/>\n<meta property=\"og:image\" content=\"https:\/\/www.cgfmanet.org\/wp-content\/uploads\/2023\/01\/Centenario-SF-Sales-1.jpg\" \/>\n\t<meta property=\"og:image:width\" content=\"1200\" \/>\n\t<meta property=\"og:image:height\" content=\"800\" \/>\n\t<meta property=\"og:image:type\" content=\"image\/jpeg\" \/>\n<meta name=\"author\" content=\"Redazione\" \/>\n<meta name=\"twitter:card\" content=\"summary_large_image\" \/>\n<meta name=\"twitter:creator\" content=\"@Cgfmanet_Org\" \/>\n<meta name=\"twitter:site\" content=\"@Cgfmanet_Org\" \/>\n<meta name=\"twitter:label1\" content=\"\u00c9crit par\" \/>\n\t<meta name=\"twitter:data1\" content=\"Redazione\" \/>\n\t<meta name=\"twitter:label2\" content=\"Dur\u00e9e de lecture estim\u00e9e\" \/>\n\t<meta name=\"twitter:data2\" content=\"4 minutes\" \/>\n<script type=\"application\/ld+json\" class=\"yoast-schema-graph\">{\"@context\":\"https:\\\/\\\/schema.org\",\"@graph\":[{\"@type\":\"Article\",\"@id\":\"https:\\\/\\\/www.cgfmanet.org\\\/fr\\\/ifma-fr\\\/congres-seminaires\\\/centenaire-de-saint-francois-de-sales-patron-des-journalistes\\\/#article\",\"isPartOf\":{\"@id\":\"https:\\\/\\\/www.cgfmanet.org\\\/fr\\\/ifma-fr\\\/congres-seminaires\\\/centenaire-de-saint-francois-de-sales-patron-des-journalistes\\\/\"},\"author\":{\"name\":\"Redazione\",\"@id\":\"https:\\\/\\\/www.cgfmanet.org\\\/es\\\/#\\\/schema\\\/person\\\/ce6473083f53ef0ef882cca23f0c8fb9\"},\"headline\":\"Centenaire de Saint Fran\u00e7ois de Sales patron des journalistes\",\"datePublished\":\"2023-01-06T14:42:40+00:00\",\"dateModified\":\"2023-01-10T20:49:17+00:00\",\"mainEntityOfPage\":{\"@id\":\"https:\\\/\\\/www.cgfmanet.org\\\/fr\\\/ifma-fr\\\/congres-seminaires\\\/centenaire-de-saint-francois-de-sales-patron-des-journalistes\\\/\"},\"wordCount\":698,\"commentCount\":0,\"publisher\":{\"@id\":\"https:\\\/\\\/www.cgfmanet.org\\\/es\\\/#organization\"},\"image\":{\"@id\":\"https:\\\/\\\/www.cgfmanet.org\\\/fr\\\/ifma-fr\\\/congres-seminaires\\\/centenaire-de-saint-francois-de-sales-patron-des-journalistes\\\/#primaryimage\"},\"thumbnailUrl\":\"https:\\\/\\\/www.cgfmanet.org\\\/wp-content\\\/uploads\\\/2023\\\/01\\\/Centenario-SF-Sales-1.jpg\",\"keywords\":[\"Spiritualit\u00e0 Salesiana\",\"Carisma salesiano\",\"Educomunicazione\",\"Focus\"],\"articleSection\":[\"IFMA\",\"Congr\u00e8s et S\u00e9minaires\"],\"inLanguage\":\"fr-FR\",\"potentialAction\":[{\"@type\":\"CommentAction\",\"name\":\"Comment\",\"target\":[\"https:\\\/\\\/www.cgfmanet.org\\\/fr\\\/ifma-fr\\\/congres-seminaires\\\/centenaire-de-saint-francois-de-sales-patron-des-journalistes\\\/#respond\"]}]},{\"@type\":\"WebPage\",\"@id\":\"https:\\\/\\\/www.cgfmanet.org\\\/fr\\\/ifma-fr\\\/congres-seminaires\\\/centenaire-de-saint-francois-de-sales-patron-des-journalistes\\\/\",\"url\":\"https:\\\/\\\/www.cgfmanet.org\\\/fr\\\/ifma-fr\\\/congres-seminaires\\\/centenaire-de-saint-francois-de-sales-patron-des-journalistes\\\/\",\"name\":\"Centenaire de Saint Fran\u00e7ois de Sales patron des journalistes &#8226; Istituto Figlie di Maria Ausiliatrice\",\"isPartOf\":{\"@id\":\"https:\\\/\\\/www.cgfmanet.org\\\/es\\\/#website\"},\"primaryImageOfPage\":{\"@id\":\"https:\\\/\\\/www.cgfmanet.org\\\/fr\\\/ifma-fr\\\/congres-seminaires\\\/centenaire-de-saint-francois-de-sales-patron-des-journalistes\\\/#primaryimage\"},\"image\":{\"@id\":\"https:\\\/\\\/www.cgfmanet.org\\\/fr\\\/ifma-fr\\\/congres-seminaires\\\/centenaire-de-saint-francois-de-sales-patron-des-journalistes\\\/#primaryimage\"},\"thumbnailUrl\":\"https:\\\/\\\/www.cgfmanet.org\\\/wp-content\\\/uploads\\\/2023\\\/01\\\/Centenario-SF-Sales-1.jpg\",\"datePublished\":\"2023-01-06T14:42:40+00:00\",\"dateModified\":\"2023-01-10T20:49:17+00:00\",\"description\":\"Le 28 janvier 2023, une journ\u00e9e d\u2019\u00e9tude aura lieu \u00e0 Padova, en Italie, afin de c\u00e9l\u00e9brer le centenaire de la proclamation de Saint Fran\u00e7ois de Sales comme patron des journalistes et des \u00e9crivains.\",\"breadcrumb\":{\"@id\":\"https:\\\/\\\/www.cgfmanet.org\\\/fr\\\/ifma-fr\\\/congres-seminaires\\\/centenaire-de-saint-francois-de-sales-patron-des-journalistes\\\/#breadcrumb\"},\"inLanguage\":\"fr-FR\",\"potentialAction\":[{\"@type\":\"ReadAction\",\"target\":[\"https:\\\/\\\/www.cgfmanet.org\\\/fr\\\/ifma-fr\\\/congres-seminaires\\\/centenaire-de-saint-francois-de-sales-patron-des-journalistes\\\/\"]}]},{\"@type\":\"ImageObject\",\"inLanguage\":\"fr-FR\",\"@id\":\"https:\\\/\\\/www.cgfmanet.org\\\/fr\\\/ifma-fr\\\/congres-seminaires\\\/centenaire-de-saint-francois-de-sales-patron-des-journalistes\\\/#primaryimage\",\"url\":\"https:\\\/\\\/www.cgfmanet.org\\\/wp-content\\\/uploads\\\/2023\\\/01\\\/Centenario-SF-Sales-1.jpg\",\"contentUrl\":\"https:\\\/\\\/www.cgfmanet.org\\\/wp-content\\\/uploads\\\/2023\\\/01\\\/Centenario-SF-Sales-1.jpg\",\"width\":1200,\"height\":800},{\"@type\":\"BreadcrumbList\",\"@id\":\"https:\\\/\\\/www.cgfmanet.org\\\/fr\\\/ifma-fr\\\/congres-seminaires\\\/centenaire-de-saint-francois-de-sales-patron-des-journalistes\\\/#breadcrumb\",\"itemListElement\":[{\"@type\":\"ListItem\",\"position\":1,\"name\":\"Home\",\"item\":\"https:\\\/\\\/www.cgfmanet.org\\\/fr\\\/\"},{\"@type\":\"ListItem\",\"position\":2,\"name\":\"Centenaire de Saint Fran\u00e7ois de Sales patron des journalistes\"}]},{\"@type\":\"WebSite\",\"@id\":\"https:\\\/\\\/www.cgfmanet.org\\\/es\\\/#website\",\"url\":\"https:\\\/\\\/www.cgfmanet.org\\\/es\\\/\",\"name\":\"Istituto Figlie di Maria Ausiliatrice\",\"description\":\"Salesiane di Don Bosco\",\"publisher\":{\"@id\":\"https:\\\/\\\/www.cgfmanet.org\\\/es\\\/#organization\"},\"potentialAction\":[{\"@type\":\"SearchAction\",\"target\":{\"@type\":\"EntryPoint\",\"urlTemplate\":\"https:\\\/\\\/www.cgfmanet.org\\\/es\\\/?s={search_term_string}\"},\"query-input\":{\"@type\":\"PropertyValueSpecification\",\"valueRequired\":true,\"valueName\":\"search_term_string\"}}],\"inLanguage\":\"fr-FR\"},{\"@type\":\"Organization\",\"@id\":\"https:\\\/\\\/www.cgfmanet.org\\\/es\\\/#organization\",\"name\":\"Istituto Figlie di Maria Ausiliatrice\",\"url\":\"https:\\\/\\\/www.cgfmanet.org\\\/es\\\/\",\"logo\":{\"@type\":\"ImageObject\",\"inLanguage\":\"fr-FR\",\"@id\":\"https:\\\/\\\/www.cgfmanet.org\\\/es\\\/#\\\/schema\\\/logo\\\/image\\\/\",\"url\":\"https:\\\/\\\/www.cgfmanet.org\\\/wp-content\\\/uploads\\\/2018\\\/10\\\/logo-fma.png\",\"contentUrl\":\"https:\\\/\\\/www.cgfmanet.org\\\/wp-content\\\/uploads\\\/2018\\\/10\\\/logo-fma.png\",\"width\":214,\"height\":55,\"caption\":\"Istituto Figlie di Maria Ausiliatrice\"},\"image\":{\"@id\":\"https:\\\/\\\/www.cgfmanet.org\\\/es\\\/#\\\/schema\\\/logo\\\/image\\\/\"},\"sameAs\":[\"https:\\\/\\\/www.facebook.com\\\/salesian.sisters.of.don.bosco\\\/\",\"https:\\\/\\\/x.com\\\/Cgfmanet_Org\",\"https:\\\/\\\/www.youtube.com\\\/channel\\\/UCmcr8yFQBV7JXeXVxyV9y5Q\"]},{\"@type\":\"Person\",\"@id\":\"https:\\\/\\\/www.cgfmanet.org\\\/es\\\/#\\\/schema\\\/person\\\/ce6473083f53ef0ef882cca23f0c8fb9\",\"name\":\"Redazione\"}]}<\/script>\n<!-- \/ Yoast SEO plugin. -->","yoast_head_json":{"title":"Centenaire de Saint Fran\u00e7ois de Sales patron des journalistes &#8226; Istituto Figlie di Maria Ausiliatrice","description":"Le 28 janvier 2023, une journ\u00e9e d\u2019\u00e9tude aura lieu \u00e0 Padova, en Italie, afin de c\u00e9l\u00e9brer le centenaire de la proclamation de Saint Fran\u00e7ois de Sales comme patron des journalistes et des \u00e9crivains.","robots":{"index":"index","follow":"follow","max-snippet":"max-snippet:-1","max-image-preview":"max-image-preview:large","max-video-preview":"max-video-preview:-1"},"canonical":"https:\/\/www.cgfmanet.org\/fr\/ifma-fr\/congres-seminaires\/centenaire-de-saint-francois-de-sales-patron-des-journalistes\/","og_locale":"fr_FR","og_type":"article","og_title":"Centenaire de Saint Fran\u00e7ois de Sales patron des journalistes &#8226; Istituto Figlie di Maria Ausiliatrice","og_description":"Le 28 janvier 2023, une journ\u00e9e d\u2019\u00e9tude aura lieu \u00e0 Padova, en Italie, afin de c\u00e9l\u00e9brer le centenaire de la proclamation de Saint Fran\u00e7ois de Sales comme patron des journalistes et des \u00e9crivains.","og_url":"https:\/\/www.cgfmanet.org\/fr\/ifma-fr\/congres-seminaires\/centenaire-de-saint-francois-de-sales-patron-des-journalistes\/","og_site_name":"Istituto Figlie di Maria Ausiliatrice","article_publisher":"https:\/\/www.facebook.com\/salesian.sisters.of.don.bosco\/","article_published_time":"2023-01-06T14:42:40+00:00","article_modified_time":"2023-01-10T20:49:17+00:00","og_image":[{"width":1200,"height":800,"url":"https:\/\/www.cgfmanet.org\/wp-content\/uploads\/2023\/01\/Centenario-SF-Sales-1.jpg","type":"image\/jpeg"}],"author":"Redazione","twitter_card":"summary_large_image","twitter_creator":"@Cgfmanet_Org","twitter_site":"@Cgfmanet_Org","twitter_misc":{"\u00c9crit par":"Redazione","Dur\u00e9e de lecture estim\u00e9e":"4 minutes"},"schema":{"@context":"https:\/\/schema.org","@graph":[{"@type":"Article","@id":"https:\/\/www.cgfmanet.org\/fr\/ifma-fr\/congres-seminaires\/centenaire-de-saint-francois-de-sales-patron-des-journalistes\/#article","isPartOf":{"@id":"https:\/\/www.cgfmanet.org\/fr\/ifma-fr\/congres-seminaires\/centenaire-de-saint-francois-de-sales-patron-des-journalistes\/"},"author":{"name":"Redazione","@id":"https:\/\/www.cgfmanet.org\/es\/#\/schema\/person\/ce6473083f53ef0ef882cca23f0c8fb9"},"headline":"Centenaire de Saint Fran\u00e7ois de Sales patron des journalistes","datePublished":"2023-01-06T14:42:40+00:00","dateModified":"2023-01-10T20:49:17+00:00","mainEntityOfPage":{"@id":"https:\/\/www.cgfmanet.org\/fr\/ifma-fr\/congres-seminaires\/centenaire-de-saint-francois-de-sales-patron-des-journalistes\/"},"wordCount":698,"commentCount":0,"publisher":{"@id":"https:\/\/www.cgfmanet.org\/es\/#organization"},"image":{"@id":"https:\/\/www.cgfmanet.org\/fr\/ifma-fr\/congres-seminaires\/centenaire-de-saint-francois-de-sales-patron-des-journalistes\/#primaryimage"},"thumbnailUrl":"https:\/\/www.cgfmanet.org\/wp-content\/uploads\/2023\/01\/Centenario-SF-Sales-1.jpg","keywords":["Spiritualit\u00e0 Salesiana","Carisma salesiano","Educomunicazione","Focus"],"articleSection":["IFMA","Congr\u00e8s et S\u00e9minaires"],"inLanguage":"fr-FR","potentialAction":[{"@type":"CommentAction","name":"Comment","target":["https:\/\/www.cgfmanet.org\/fr\/ifma-fr\/congres-seminaires\/centenaire-de-saint-francois-de-sales-patron-des-journalistes\/#respond"]}]},{"@type":"WebPage","@id":"https:\/\/www.cgfmanet.org\/fr\/ifma-fr\/congres-seminaires\/centenaire-de-saint-francois-de-sales-patron-des-journalistes\/","url":"https:\/\/www.cgfmanet.org\/fr\/ifma-fr\/congres-seminaires\/centenaire-de-saint-francois-de-sales-patron-des-journalistes\/","name":"Centenaire de Saint Fran\u00e7ois de Sales patron des journalistes &#8226; Istituto Figlie di Maria Ausiliatrice","isPartOf":{"@id":"https:\/\/www.cgfmanet.org\/es\/#website"},"primaryImageOfPage":{"@id":"https:\/\/www.cgfmanet.org\/fr\/ifma-fr\/congres-seminaires\/centenaire-de-saint-francois-de-sales-patron-des-journalistes\/#primaryimage"},"image":{"@id":"https:\/\/www.cgfmanet.org\/fr\/ifma-fr\/congres-seminaires\/centenaire-de-saint-francois-de-sales-patron-des-journalistes\/#primaryimage"},"thumbnailUrl":"https:\/\/www.cgfmanet.org\/wp-content\/uploads\/2023\/01\/Centenario-SF-Sales-1.jpg","datePublished":"2023-01-06T14:42:40+00:00","dateModified":"2023-01-10T20:49:17+00:00","description":"Le 28 janvier 2023, une journ\u00e9e d\u2019\u00e9tude aura lieu \u00e0 Padova, en Italie, afin de c\u00e9l\u00e9brer le centenaire de la proclamation de Saint Fran\u00e7ois de Sales comme patron des journalistes et des \u00e9crivains.","breadcrumb":{"@id":"https:\/\/www.cgfmanet.org\/fr\/ifma-fr\/congres-seminaires\/centenaire-de-saint-francois-de-sales-patron-des-journalistes\/#breadcrumb"},"inLanguage":"fr-FR","potentialAction":[{"@type":"ReadAction","target":["https:\/\/www.cgfmanet.org\/fr\/ifma-fr\/congres-seminaires\/centenaire-de-saint-francois-de-sales-patron-des-journalistes\/"]}]},{"@type":"ImageObject","inLanguage":"fr-FR","@id":"https:\/\/www.cgfmanet.org\/fr\/ifma-fr\/congres-seminaires\/centenaire-de-saint-francois-de-sales-patron-des-journalistes\/#primaryimage","url":"https:\/\/www.cgfmanet.org\/wp-content\/uploads\/2023\/01\/Centenario-SF-Sales-1.jpg","contentUrl":"https:\/\/www.cgfmanet.org\/wp-content\/uploads\/2023\/01\/Centenario-SF-Sales-1.jpg","width":1200,"height":800},{"@type":"BreadcrumbList","@id":"https:\/\/www.cgfmanet.org\/fr\/ifma-fr\/congres-seminaires\/centenaire-de-saint-francois-de-sales-patron-des-journalistes\/#breadcrumb","itemListElement":[{"@type":"ListItem","position":1,"name":"Home","item":"https:\/\/www.cgfmanet.org\/fr\/"},{"@type":"ListItem","position":2,"name":"Centenaire de Saint Fran\u00e7ois de Sales patron des journalistes"}]},{"@type":"WebSite","@id":"https:\/\/www.cgfmanet.org\/es\/#website","url":"https:\/\/www.cgfmanet.org\/es\/","name":"Istituto Figlie di Maria Ausiliatrice","description":"Salesiane di Don Bosco","publisher":{"@id":"https:\/\/www.cgfmanet.org\/es\/#organization"},"potentialAction":[{"@type":"SearchAction","target":{"@type":"EntryPoint","urlTemplate":"https:\/\/www.cgfmanet.org\/es\/?s={search_term_string}"},"query-input":{"@type":"PropertyValueSpecification","valueRequired":true,"valueName":"search_term_string"}}],"inLanguage":"fr-FR"},{"@type":"Organization","@id":"https:\/\/www.cgfmanet.org\/es\/#organization","name":"Istituto Figlie di Maria Ausiliatrice","url":"https:\/\/www.cgfmanet.org\/es\/","logo":{"@type":"ImageObject","inLanguage":"fr-FR","@id":"https:\/\/www.cgfmanet.org\/es\/#\/schema\/logo\/image\/","url":"https:\/\/www.cgfmanet.org\/wp-content\/uploads\/2018\/10\/logo-fma.png","contentUrl":"https:\/\/www.cgfmanet.org\/wp-content\/uploads\/2018\/10\/logo-fma.png","width":214,"height":55,"caption":"Istituto Figlie di Maria Ausiliatrice"},"image":{"@id":"https:\/\/www.cgfmanet.org\/es\/#\/schema\/logo\/image\/"},"sameAs":["https:\/\/www.facebook.com\/salesian.sisters.of.don.bosco\/","https:\/\/x.com\/Cgfmanet_Org","https:\/\/www.youtube.com\/channel\/UCmcr8yFQBV7JXeXVxyV9y5Q"]},{"@type":"Person","@id":"https:\/\/www.cgfmanet.org\/es\/#\/schema\/person\/ce6473083f53ef0ef882cca23f0c8fb9","name":"Redazione"}]}},"_links":{"self":[{"href":"https:\/\/www.cgfmanet.org\/fr\/wp-json\/wp\/v2\/posts\/83067","targetHints":{"allow":["GET"]}}],"collection":[{"href":"https:\/\/www.cgfmanet.org\/fr\/wp-json\/wp\/v2\/posts"}],"about":[{"href":"https:\/\/www.cgfmanet.org\/fr\/wp-json\/wp\/v2\/types\/post"}],"author":[{"embeddable":true,"href":"https:\/\/www.cgfmanet.org\/fr\/wp-json\/wp\/v2\/users\/21"}],"replies":[{"embeddable":true,"href":"https:\/\/www.cgfmanet.org\/fr\/wp-json\/wp\/v2\/comments?post=83067"}],"version-history":[{"count":0,"href":"https:\/\/www.cgfmanet.org\/fr\/wp-json\/wp\/v2\/posts\/83067\/revisions"}],"wp:featuredmedia":[{"embeddable":true,"href":"https:\/\/www.cgfmanet.org\/fr\/wp-json\/wp\/v2\/media\/83061"}],"wp:attachment":[{"href":"https:\/\/www.cgfmanet.org\/fr\/wp-json\/wp\/v2\/media?parent=83067"}],"wp:term":[{"taxonomy":"category","embeddable":true,"href":"https:\/\/www.cgfmanet.org\/fr\/wp-json\/wp\/v2\/categories?post=83067"},{"taxonomy":"post_tag","embeddable":true,"href":"https:\/\/www.cgfmanet.org\/fr\/wp-json\/wp\/v2\/tags?post=83067"}],"curies":[{"name":"wp","href":"https:\/\/api.w.org\/{rel}","templated":true}]}}