{"id":79258,"date":"2022-11-14T10:16:47","date_gmt":"2022-11-14T09:16:47","guid":{"rendered":"https:\/\/www.cgfmanet.org\/info-sphere\/una-corona-di-dodici-stelle\/"},"modified":"2022-11-15T15:44:31","modified_gmt":"2022-11-15T14:44:31","slug":"une-couronne-de-douze-etoiles","status":"publish","type":"post","link":"https:\/\/www.cgfmanet.org\/fr\/ifma-fr\/une-couronne-de-douze-etoiles\/","title":{"rendered":"Une couronne de douze \u00e9toiles"},"content":{"rendered":"<p><strong>Rome (Italie).<\/strong> Du 26 novembre au 8 d\u00e9cembre 2022,\u00a0 <em>l\u2019Office FMA la Famille Sal\u00e9sienne<\/em> de l&rsquo;Institut des Filles de Marie Auxiliatrice, en collaboration avec <em>l\u2019Office FMA de la Communication<\/em>, propose un parcours avec textes et vid\u00e9os en pr\u00e9paration de la F\u00eate de Marie Immacul\u00e9e, comme hymne d&rsquo;action de gr\u00e2ce et de louange \u00e0 Marie \u00e0 l&rsquo;occasion du 150e anniversaire de la Fondation.<\/p>\n<p>\u00ab <strong>Une couronne de douze \u00e9toiles<\/strong> \u00bb est le titre de ce voyage, tir\u00e9 du passage biblique de l&rsquo;Apocalypse : <em>\u00ab Alors un signe grandiose apparut dans le ciel : une femme v\u00eatue du soleil, avec la lune sous ses pieds et sur sa t\u00eate une couronne de douze \u00e9toiles\u00a0\u00bb<\/em> (Ap 12:1-2).<\/p>\n<p>La F\u00eate de l&rsquo;Immacul\u00e9e Conception a \u00e9galement une connotation charismatique particuli\u00e8re, comme d\u00e9nominateur commun des \u00e9v\u00e9nements les plus importants de la vie de Don Bosco qui a reconnu : \u00ab <em>Toutes nos plus grandes r\u00e9alisations ont eu leur commencement et leur accomplissement le jour de l&rsquo;Immacul\u00e9e<\/em> \u00bb. (MB XVII, 511)<\/p>\n<p>En pr\u00e9sentant cet itin\u00e9raire vers la F\u00eate, Sr. Leslie S\u00e1ndigo, Conseill\u00e8re pour la Famille Sal\u00e9sienne de l&rsquo;Institut FMA, explique les raisons des douze jours :<\/p>\n<p>\u00ab\u00a0Notre pr\u00e9paration \u00e0 la F\u00eate de l&rsquo;Immacul\u00e9e Conception veut \u00eatre une expression de remerciement \u00e0 Marie, prolong\u00e9e dans le concret de la vie de chaque FMA et des diverses Communaut\u00e9s \u00c9ducatrices dispers\u00e9es dans le monde, qui seront repr\u00e9sent\u00e9es par 12 \u00e9toiles, pour couronner l&rsquo;Immacul\u00e9e au terme de cette ann\u00e9e de c\u00e9l\u00e9bration du 150e anniversaire de la fondation de l&rsquo;Institut \u00bb.<\/p>\n<p>Le voyage commencera donc <strong>le 26 novembre<\/strong>. Pour chaque jour, <strong>une vid\u00e9o<\/strong> est propos\u00e9e qui comprend :<\/p>\n<ul>\n<li><strong>une intention<\/strong> pour un membre ou une cat\u00e9gorie de la Communaut\u00e9 \u00c9ducative (familles, enfants et jeunes, enseignants, etc.) ;<\/li>\n<li><strong>une r\u00e9f\u00e9rence<\/strong> aux sources charismatiques, tir\u00e9es \u00e0 la fois de la Chronique et des Lettres de M\u00e8re Mazzarello, pour \u00e9voquer la vie des origines ;<\/li>\n<\/ul>\n<p>\u00d8\u00a0 <strong>des paroles<\/strong> de la M\u00e8re G\u00e9n\u00e9rale de l&rsquo;Institut des FMA, S\u0153ur Chiara Cazzuola, qui actualisent dans le concret le th\u00e8me pour \u00a0aujourd&rsquo;hui et le projettent dans l&rsquo;avenir ;\u00d8\u00a0 <strong>un t\u00e9moignage<\/strong> <strong>de repr\u00e9sentant des membres de la communaut\u00e9 \u00e9ducative<\/strong>, de diff\u00e9rentes parties du monde, qui partagent une exp\u00e9rience significative de la pr\u00e9sence de Marie dans leur vie.\u00a0\u00c0 la fin, tous sont invit\u00e9s \u00e0 se joindre \u00e0 la <strong>pri\u00e8re<\/strong> autour de la Vierge Immacul\u00e9e, pour lui exprimer leurs remerciements et\u00a0 invoquer ses b\u00e9n\u00e9dictions, afin que grandisse \u00a0chez les Filles de Marie Auxiliatrice, les Communaut\u00e9s \u00c9ducatives et les Jeunes qui leur sont confi\u00e9s, la certitude que <strong>Marie est une pr\u00e9sence <\/strong>qui accompagne et fait fleurir la saintet\u00e9 dans le c\u0153ur des personnes et dans le milieu \u00e9ducatif, par l&rsquo;\u0153uvre de l&rsquo;Esprit Saint.La proposition se termine par l&rsquo;invitation faite \u00e0 tous, de confier <strong>l&rsquo;Institut des FMA<\/strong> \u00e0 Marie Immacul\u00e9e pour le 8 d\u00e9cembre<\/p>\n<p><strong><span style=\"color: #0000ff;\"><a style=\"color: #0000ff;\" href=\"https:\/\/drive.google.com\/drive\/u\/0\/folders\/1_N-WKaBx3LoIhv-dsMNtiYdPtnjSQMwu\" target=\"_blank\" rel=\"noopener\">Le textes<\/a><\/span> sont d\u00e9j\u00e0 disponibles, tandis que les vid\u00e9os seront publi\u00e9es \u00e0 temps pour garantir leur vision au monde entier.<\/strong><\/p>\n","protected":false},"excerpt":{"rendered":"<p>Rome (Italie). Du 26 novembre au 8 d\u00e9cembre 2022,\u00a0 l\u2019Office FMA la Famille Sal\u00e9sienne de l&rsquo;Institut des Filles de Marie Auxiliatrice, en collaboration avec l\u2019Office FMA de la Communication, propose [&hellip;]<\/p>\n","protected":false},"author":21,"featured_media":79253,"comment_status":"closed","ping_status":"closed","sticky":false,"template":"","format":"standard","meta":{"footnotes":""},"categories":[2402,156],"tags":[1660,1778,1929,2276,2382],"class_list":["post-79258","post","type-post","status-publish","format-standard","has-post-thumbnail","category-150e-institut-fma","category-ifma-fr","tag-spiritualita-salesiana-fr","tag-famille-salesienne","tag-focus-fr","tag-150-ifma-fr","tag-maria-fr"],"yoast_head":"<!-- This site is optimized with the Yoast SEO plugin v27.4 - https:\/\/yoast.com\/product\/yoast-seo-wordpress\/ -->\n<title>Une couronne de douze \u00e9toiles &#8226; Istituto Figlie di Maria Ausiliatrice<\/title>\n<meta name=\"description\" content=\"Du 26 novembre au 8 d\u00e9cembre 2022, l&#039;Institut FMA, \u00e0 l&#039;occasion du 150e anniversaire de sa Fondation, propose un parcours de pr\u00e9paration \u00e0 la F\u00eate de Marie Immacul\u00e9e.\" \/>\n<meta name=\"robots\" content=\"index, follow, max-snippet:-1, max-image-preview:large, max-video-preview:-1\" \/>\n<link rel=\"canonical\" href=\"https:\/\/www.cgfmanet.org\/ifma\/una-corona-di-dodici-stelle\/\" \/>\n<meta property=\"og:locale\" content=\"fr_FR\" \/>\n<meta property=\"og:type\" content=\"article\" \/>\n<meta property=\"og:title\" content=\"Une couronne de douze \u00e9toiles &#8226; Istituto Figlie di Maria Ausiliatrice\" \/>\n<meta property=\"og:description\" content=\"Du 26 novembre au 8 d\u00e9cembre 2022, l&#039;Institut FMA, \u00e0 l&#039;occasion du 150e anniversaire de sa Fondation, propose un parcours de pr\u00e9paration \u00e0 la F\u00eate de Marie Immacul\u00e9e.\" \/>\n<meta property=\"og:url\" content=\"https:\/\/www.cgfmanet.org\/ifma\/una-corona-di-dodici-stelle\/\" \/>\n<meta property=\"og:site_name\" content=\"Istituto Figlie di Maria Ausiliatrice\" \/>\n<meta property=\"article:publisher\" content=\"https:\/\/www.facebook.com\/salesian.sisters.of.don.bosco\/\" \/>\n<meta property=\"article:published_time\" content=\"2022-11-14T09:16:47+00:00\" \/>\n<meta property=\"article:modified_time\" content=\"2022-11-15T14:44:31+00:00\" \/>\n<meta property=\"og:image\" content=\"https:\/\/www.cgfmanet.org\/wp-content\/uploads\/2022\/11\/Maria-Immacolata.jpg\" \/>\n\t<meta property=\"og:image:width\" content=\"1181\" \/>\n\t<meta property=\"og:image:height\" content=\"787\" \/>\n\t<meta property=\"og:image:type\" content=\"image\/jpeg\" \/>\n<meta name=\"author\" content=\"Redazione\" \/>\n<meta name=\"twitter:card\" content=\"summary_large_image\" \/>\n<meta name=\"twitter:creator\" content=\"@Cgfmanet_Org\" \/>\n<meta name=\"twitter:site\" content=\"@Cgfmanet_Org\" \/>\n<meta name=\"twitter:label1\" content=\"\u00c9crit par\" \/>\n\t<meta name=\"twitter:data1\" content=\"Redazione\" \/>\n\t<meta name=\"twitter:label2\" content=\"Dur\u00e9e de lecture estim\u00e9e\" \/>\n\t<meta name=\"twitter:data2\" content=\"3 minutes\" \/>\n<script type=\"application\/ld+json\" class=\"yoast-schema-graph\">{\"@context\":\"https:\\\/\\\/schema.org\",\"@graph\":[{\"@type\":\"Article\",\"@id\":\"https:\\\/\\\/www.cgfmanet.org\\\/ifma\\\/una-corona-di-dodici-stelle\\\/#article\",\"isPartOf\":{\"@id\":\"https:\\\/\\\/www.cgfmanet.org\\\/ifma\\\/una-corona-di-dodici-stelle\\\/\"},\"author\":{\"name\":\"Redazione\",\"@id\":\"https:\\\/\\\/www.cgfmanet.org\\\/es\\\/#\\\/schema\\\/person\\\/ce6473083f53ef0ef882cca23f0c8fb9\"},\"headline\":\"Une couronne de douze \u00e9toiles\",\"datePublished\":\"2022-11-14T09:16:47+00:00\",\"dateModified\":\"2022-11-15T14:44:31+00:00\",\"mainEntityOfPage\":{\"@id\":\"https:\\\/\\\/www.cgfmanet.org\\\/ifma\\\/una-corona-di-dodici-stelle\\\/\"},\"wordCount\":538,\"publisher\":{\"@id\":\"https:\\\/\\\/www.cgfmanet.org\\\/es\\\/#organization\"},\"image\":{\"@id\":\"https:\\\/\\\/www.cgfmanet.org\\\/ifma\\\/una-corona-di-dodici-stelle\\\/#primaryimage\"},\"thumbnailUrl\":\"https:\\\/\\\/www.cgfmanet.org\\\/wp-content\\\/uploads\\\/2022\\\/11\\\/Maria-Immacolata.jpg\",\"keywords\":[\"Spiritualit\u00e0 Salesiana\",\"Famille Sal\u00e9sienne\",\"Focus\",\"150\u00b0 IFMA\",\"Maria\"],\"articleSection\":[\"150e Institut FMA\",\"IFMA\"],\"inLanguage\":\"fr-FR\"},{\"@type\":\"WebPage\",\"@id\":\"https:\\\/\\\/www.cgfmanet.org\\\/ifma\\\/una-corona-di-dodici-stelle\\\/\",\"url\":\"https:\\\/\\\/www.cgfmanet.org\\\/ifma\\\/una-corona-di-dodici-stelle\\\/\",\"name\":\"Une couronne de douze \u00e9toiles &#8226; Istituto Figlie di Maria Ausiliatrice\",\"isPartOf\":{\"@id\":\"https:\\\/\\\/www.cgfmanet.org\\\/es\\\/#website\"},\"primaryImageOfPage\":{\"@id\":\"https:\\\/\\\/www.cgfmanet.org\\\/ifma\\\/una-corona-di-dodici-stelle\\\/#primaryimage\"},\"image\":{\"@id\":\"https:\\\/\\\/www.cgfmanet.org\\\/ifma\\\/una-corona-di-dodici-stelle\\\/#primaryimage\"},\"thumbnailUrl\":\"https:\\\/\\\/www.cgfmanet.org\\\/wp-content\\\/uploads\\\/2022\\\/11\\\/Maria-Immacolata.jpg\",\"datePublished\":\"2022-11-14T09:16:47+00:00\",\"dateModified\":\"2022-11-15T14:44:31+00:00\",\"description\":\"Du 26 novembre au 8 d\u00e9cembre 2022, l'Institut FMA, \u00e0 l'occasion du 150e anniversaire de sa Fondation, propose un parcours de pr\u00e9paration \u00e0 la F\u00eate de Marie Immacul\u00e9e.\",\"breadcrumb\":{\"@id\":\"https:\\\/\\\/www.cgfmanet.org\\\/ifma\\\/una-corona-di-dodici-stelle\\\/#breadcrumb\"},\"inLanguage\":\"fr-FR\",\"potentialAction\":[{\"@type\":\"ReadAction\",\"target\":[\"https:\\\/\\\/www.cgfmanet.org\\\/ifma\\\/una-corona-di-dodici-stelle\\\/\"]}]},{\"@type\":\"ImageObject\",\"inLanguage\":\"fr-FR\",\"@id\":\"https:\\\/\\\/www.cgfmanet.org\\\/ifma\\\/una-corona-di-dodici-stelle\\\/#primaryimage\",\"url\":\"https:\\\/\\\/www.cgfmanet.org\\\/wp-content\\\/uploads\\\/2022\\\/11\\\/Maria-Immacolata.jpg\",\"contentUrl\":\"https:\\\/\\\/www.cgfmanet.org\\\/wp-content\\\/uploads\\\/2022\\\/11\\\/Maria-Immacolata.jpg\",\"width\":1181,\"height\":787},{\"@type\":\"BreadcrumbList\",\"@id\":\"https:\\\/\\\/www.cgfmanet.org\\\/ifma\\\/una-corona-di-dodici-stelle\\\/#breadcrumb\",\"itemListElement\":[{\"@type\":\"ListItem\",\"position\":1,\"name\":\"Home\",\"item\":\"https:\\\/\\\/www.cgfmanet.org\\\/fr\\\/\"},{\"@type\":\"ListItem\",\"position\":2,\"name\":\"Une couronne de douze \u00e9toiles\"}]},{\"@type\":\"WebSite\",\"@id\":\"https:\\\/\\\/www.cgfmanet.org\\\/es\\\/#website\",\"url\":\"https:\\\/\\\/www.cgfmanet.org\\\/es\\\/\",\"name\":\"Istituto Figlie di Maria Ausiliatrice\",\"description\":\"Salesiane di Don Bosco\",\"publisher\":{\"@id\":\"https:\\\/\\\/www.cgfmanet.org\\\/es\\\/#organization\"},\"potentialAction\":[{\"@type\":\"SearchAction\",\"target\":{\"@type\":\"EntryPoint\",\"urlTemplate\":\"https:\\\/\\\/www.cgfmanet.org\\\/es\\\/?s={search_term_string}\"},\"query-input\":{\"@type\":\"PropertyValueSpecification\",\"valueRequired\":true,\"valueName\":\"search_term_string\"}}],\"inLanguage\":\"fr-FR\"},{\"@type\":\"Organization\",\"@id\":\"https:\\\/\\\/www.cgfmanet.org\\\/es\\\/#organization\",\"name\":\"Istituto Figlie di Maria Ausiliatrice\",\"url\":\"https:\\\/\\\/www.cgfmanet.org\\\/es\\\/\",\"logo\":{\"@type\":\"ImageObject\",\"inLanguage\":\"fr-FR\",\"@id\":\"https:\\\/\\\/www.cgfmanet.org\\\/es\\\/#\\\/schema\\\/logo\\\/image\\\/\",\"url\":\"https:\\\/\\\/www.cgfmanet.org\\\/wp-content\\\/uploads\\\/2018\\\/10\\\/logo-fma.png\",\"contentUrl\":\"https:\\\/\\\/www.cgfmanet.org\\\/wp-content\\\/uploads\\\/2018\\\/10\\\/logo-fma.png\",\"width\":214,\"height\":55,\"caption\":\"Istituto Figlie di Maria Ausiliatrice\"},\"image\":{\"@id\":\"https:\\\/\\\/www.cgfmanet.org\\\/es\\\/#\\\/schema\\\/logo\\\/image\\\/\"},\"sameAs\":[\"https:\\\/\\\/www.facebook.com\\\/salesian.sisters.of.don.bosco\\\/\",\"https:\\\/\\\/x.com\\\/Cgfmanet_Org\",\"https:\\\/\\\/www.youtube.com\\\/channel\\\/UCmcr8yFQBV7JXeXVxyV9y5Q\"]},{\"@type\":\"Person\",\"@id\":\"https:\\\/\\\/www.cgfmanet.org\\\/es\\\/#\\\/schema\\\/person\\\/ce6473083f53ef0ef882cca23f0c8fb9\",\"name\":\"Redazione\"}]}<\/script>\n<!-- \/ Yoast SEO plugin. -->","yoast_head_json":{"title":"Une couronne de douze \u00e9toiles &#8226; Istituto Figlie di Maria Ausiliatrice","description":"Du 26 novembre au 8 d\u00e9cembre 2022, l'Institut FMA, \u00e0 l'occasion du 150e anniversaire de sa Fondation, propose un parcours de pr\u00e9paration \u00e0 la F\u00eate de Marie Immacul\u00e9e.","robots":{"index":"index","follow":"follow","max-snippet":"max-snippet:-1","max-image-preview":"max-image-preview:large","max-video-preview":"max-video-preview:-1"},"canonical":"https:\/\/www.cgfmanet.org\/ifma\/una-corona-di-dodici-stelle\/","og_locale":"fr_FR","og_type":"article","og_title":"Une couronne de douze \u00e9toiles &#8226; Istituto Figlie di Maria Ausiliatrice","og_description":"Du 26 novembre au 8 d\u00e9cembre 2022, l'Institut FMA, \u00e0 l'occasion du 150e anniversaire de sa Fondation, propose un parcours de pr\u00e9paration \u00e0 la F\u00eate de Marie Immacul\u00e9e.","og_url":"https:\/\/www.cgfmanet.org\/ifma\/una-corona-di-dodici-stelle\/","og_site_name":"Istituto Figlie di Maria Ausiliatrice","article_publisher":"https:\/\/www.facebook.com\/salesian.sisters.of.don.bosco\/","article_published_time":"2022-11-14T09:16:47+00:00","article_modified_time":"2022-11-15T14:44:31+00:00","og_image":[{"width":1181,"height":787,"url":"https:\/\/www.cgfmanet.org\/wp-content\/uploads\/2022\/11\/Maria-Immacolata.jpg","type":"image\/jpeg"}],"author":"Redazione","twitter_card":"summary_large_image","twitter_creator":"@Cgfmanet_Org","twitter_site":"@Cgfmanet_Org","twitter_misc":{"\u00c9crit par":"Redazione","Dur\u00e9e de lecture estim\u00e9e":"3 minutes"},"schema":{"@context":"https:\/\/schema.org","@graph":[{"@type":"Article","@id":"https:\/\/www.cgfmanet.org\/ifma\/una-corona-di-dodici-stelle\/#article","isPartOf":{"@id":"https:\/\/www.cgfmanet.org\/ifma\/una-corona-di-dodici-stelle\/"},"author":{"name":"Redazione","@id":"https:\/\/www.cgfmanet.org\/es\/#\/schema\/person\/ce6473083f53ef0ef882cca23f0c8fb9"},"headline":"Une couronne de douze \u00e9toiles","datePublished":"2022-11-14T09:16:47+00:00","dateModified":"2022-11-15T14:44:31+00:00","mainEntityOfPage":{"@id":"https:\/\/www.cgfmanet.org\/ifma\/una-corona-di-dodici-stelle\/"},"wordCount":538,"publisher":{"@id":"https:\/\/www.cgfmanet.org\/es\/#organization"},"image":{"@id":"https:\/\/www.cgfmanet.org\/ifma\/una-corona-di-dodici-stelle\/#primaryimage"},"thumbnailUrl":"https:\/\/www.cgfmanet.org\/wp-content\/uploads\/2022\/11\/Maria-Immacolata.jpg","keywords":["Spiritualit\u00e0 Salesiana","Famille Sal\u00e9sienne","Focus","150\u00b0 IFMA","Maria"],"articleSection":["150e Institut FMA","IFMA"],"inLanguage":"fr-FR"},{"@type":"WebPage","@id":"https:\/\/www.cgfmanet.org\/ifma\/una-corona-di-dodici-stelle\/","url":"https:\/\/www.cgfmanet.org\/ifma\/una-corona-di-dodici-stelle\/","name":"Une couronne de douze \u00e9toiles &#8226; Istituto Figlie di Maria Ausiliatrice","isPartOf":{"@id":"https:\/\/www.cgfmanet.org\/es\/#website"},"primaryImageOfPage":{"@id":"https:\/\/www.cgfmanet.org\/ifma\/una-corona-di-dodici-stelle\/#primaryimage"},"image":{"@id":"https:\/\/www.cgfmanet.org\/ifma\/una-corona-di-dodici-stelle\/#primaryimage"},"thumbnailUrl":"https:\/\/www.cgfmanet.org\/wp-content\/uploads\/2022\/11\/Maria-Immacolata.jpg","datePublished":"2022-11-14T09:16:47+00:00","dateModified":"2022-11-15T14:44:31+00:00","description":"Du 26 novembre au 8 d\u00e9cembre 2022, l'Institut FMA, \u00e0 l'occasion du 150e anniversaire de sa Fondation, propose un parcours de pr\u00e9paration \u00e0 la F\u00eate de Marie Immacul\u00e9e.","breadcrumb":{"@id":"https:\/\/www.cgfmanet.org\/ifma\/una-corona-di-dodici-stelle\/#breadcrumb"},"inLanguage":"fr-FR","potentialAction":[{"@type":"ReadAction","target":["https:\/\/www.cgfmanet.org\/ifma\/una-corona-di-dodici-stelle\/"]}]},{"@type":"ImageObject","inLanguage":"fr-FR","@id":"https:\/\/www.cgfmanet.org\/ifma\/una-corona-di-dodici-stelle\/#primaryimage","url":"https:\/\/www.cgfmanet.org\/wp-content\/uploads\/2022\/11\/Maria-Immacolata.jpg","contentUrl":"https:\/\/www.cgfmanet.org\/wp-content\/uploads\/2022\/11\/Maria-Immacolata.jpg","width":1181,"height":787},{"@type":"BreadcrumbList","@id":"https:\/\/www.cgfmanet.org\/ifma\/una-corona-di-dodici-stelle\/#breadcrumb","itemListElement":[{"@type":"ListItem","position":1,"name":"Home","item":"https:\/\/www.cgfmanet.org\/fr\/"},{"@type":"ListItem","position":2,"name":"Une couronne de douze \u00e9toiles"}]},{"@type":"WebSite","@id":"https:\/\/www.cgfmanet.org\/es\/#website","url":"https:\/\/www.cgfmanet.org\/es\/","name":"Istituto Figlie di Maria Ausiliatrice","description":"Salesiane di Don Bosco","publisher":{"@id":"https:\/\/www.cgfmanet.org\/es\/#organization"},"potentialAction":[{"@type":"SearchAction","target":{"@type":"EntryPoint","urlTemplate":"https:\/\/www.cgfmanet.org\/es\/?s={search_term_string}"},"query-input":{"@type":"PropertyValueSpecification","valueRequired":true,"valueName":"search_term_string"}}],"inLanguage":"fr-FR"},{"@type":"Organization","@id":"https:\/\/www.cgfmanet.org\/es\/#organization","name":"Istituto Figlie di Maria Ausiliatrice","url":"https:\/\/www.cgfmanet.org\/es\/","logo":{"@type":"ImageObject","inLanguage":"fr-FR","@id":"https:\/\/www.cgfmanet.org\/es\/#\/schema\/logo\/image\/","url":"https:\/\/www.cgfmanet.org\/wp-content\/uploads\/2018\/10\/logo-fma.png","contentUrl":"https:\/\/www.cgfmanet.org\/wp-content\/uploads\/2018\/10\/logo-fma.png","width":214,"height":55,"caption":"Istituto Figlie di Maria Ausiliatrice"},"image":{"@id":"https:\/\/www.cgfmanet.org\/es\/#\/schema\/logo\/image\/"},"sameAs":["https:\/\/www.facebook.com\/salesian.sisters.of.don.bosco\/","https:\/\/x.com\/Cgfmanet_Org","https:\/\/www.youtube.com\/channel\/UCmcr8yFQBV7JXeXVxyV9y5Q"]},{"@type":"Person","@id":"https:\/\/www.cgfmanet.org\/es\/#\/schema\/person\/ce6473083f53ef0ef882cca23f0c8fb9","name":"Redazione"}]}},"_links":{"self":[{"href":"https:\/\/www.cgfmanet.org\/fr\/wp-json\/wp\/v2\/posts\/79258","targetHints":{"allow":["GET"]}}],"collection":[{"href":"https:\/\/www.cgfmanet.org\/fr\/wp-json\/wp\/v2\/posts"}],"about":[{"href":"https:\/\/www.cgfmanet.org\/fr\/wp-json\/wp\/v2\/types\/post"}],"author":[{"embeddable":true,"href":"https:\/\/www.cgfmanet.org\/fr\/wp-json\/wp\/v2\/users\/21"}],"replies":[{"embeddable":true,"href":"https:\/\/www.cgfmanet.org\/fr\/wp-json\/wp\/v2\/comments?post=79258"}],"version-history":[{"count":0,"href":"https:\/\/www.cgfmanet.org\/fr\/wp-json\/wp\/v2\/posts\/79258\/revisions"}],"wp:featuredmedia":[{"embeddable":true,"href":"https:\/\/www.cgfmanet.org\/fr\/wp-json\/wp\/v2\/media\/79253"}],"wp:attachment":[{"href":"https:\/\/www.cgfmanet.org\/fr\/wp-json\/wp\/v2\/media?parent=79258"}],"wp:term":[{"taxonomy":"category","embeddable":true,"href":"https:\/\/www.cgfmanet.org\/fr\/wp-json\/wp\/v2\/categories?post=79258"},{"taxonomy":"post_tag","embeddable":true,"href":"https:\/\/www.cgfmanet.org\/fr\/wp-json\/wp\/v2\/tags?post=79258"}],"curies":[{"name":"wp","href":"https:\/\/api.w.org\/{rel}","templated":true}]}}