{"id":77215,"date":"2022-10-14T09:31:59","date_gmt":"2022-10-14T07:31:59","guid":{"rendered":"https:\/\/www.cgfmanet.org\/info-sphere\/santa-teresa-davila-patrona-dellistituto\/"},"modified":"2022-10-17T18:29:38","modified_gmt":"2022-10-17T16:29:38","slug":"sainte-therese-davila-patronne-de-linstitut","status":"publish","type":"post","link":"https:\/\/www.cgfmanet.org\/fr\/ifma-fr\/150e-institut-fma\/sainte-therese-davila-patronne-de-linstitut\/","title":{"rendered":"Sainte Th\u00e9r\u00e8se d\u2019Avila Patronne de l\u2019Institut"},"content":{"rendered":"<p><strong>Rome (Italie).<\/strong> Le 15 octobre 2022, la F\u00eate de Sainte Th\u00e9r\u00e8se d\u2019Avila est c\u00e9l\u00e9br\u00e9e, reconnue et voulue par Saint Jean Bosco comme Patronne de l\u2019Institut des Filles de Marie Auxiliatrice. Dans le cadre du 150<sup>\u00e8me<\/sup> anniversaire de l\u2019Institut la c\u00e9l\u00e9brer signifie rappeler sa pr\u00e9sence.<\/p>\n<p>Dans les Constitutions de 1885 (XVII, 9) nous lisons\u00a0: <em>\u2018\u2019Les F\u00eates de Saint Joseph, de Saint Fran\u00e7ois de Sales et de Sainte Th\u00e9r\u00e8se de J\u00e9sus qui sont les Patrons particuliers de l\u2019Institut seront c\u00e9l\u00e9br\u00e9es avec une d\u00e9votion et une solennit\u00e9 particuli\u00e8res\u2019\u2019.<\/em> C\u2019est une indication que l\u2019on retrouve jusque dans les Constitutions actuelles, sans autre pr\u00e9cision\u00a0: <em>\u2018\u2019Nous honorerons d\u2019une mani\u00e8re sp\u00e9ciale <\/em><em>[\u2026] St Fran\u00e7ois de Sales, Ste Th\u00e9r\u00e8se de J\u00e9sus que notre Fondateur a donn\u00e9s comme Patrons de l\u2019Institut\u2019\u2019<\/em> (Cost. 45).<\/p>\n<p>A travers une \u00e9tude attentive des sources, nous pouvons comprendre que la formation spirituelle de Maria Domenica Mazzarello et des Filles de l\u2019immacul\u00e9e (FMI) est en grande partie \u2018\u2019th\u00e9r\u00e9sienne\u2019\u2019. Nous pouvons parler d\u2019une influence directe \u00e0 travers la lecture de certaines \u0153uvres de la Sainte, par exemple <em>La Vie\u00a0; Chemin de Perfection<\/em>, soit indirectement \u00e0 travers la m\u00e9diation de Giuseppe Frassinetti, un grand ami et ma\u00eetre de dom Domenico Pestarino. Ses \u0153uvres asc\u00e9tiques, en effet, sont impr\u00e9gn\u00e9es de la doctrine de la Sainte.<\/p>\n<p>Gr\u00e2ce \u00e0 l\u2019action formatrice de Frassinetti, les FMI ont appris \u00e0 conna\u00eetre certaines parties du <em>Chemin de perfection<\/em> rappel\u00e9es dans la contribution\u00a0: <em>Pater noster de Ste Th\u00e9r\u00e8se de J\u00e9sus, Trait\u00e9 de pri\u00e8re<\/em> (Parme 1860) qu\u2019il a lui-m\u00eame \u00e9labor\u00e9 sur la base de la spiritualit\u00e9 de la Sainte d\u2019Avila.<\/p>\n<p>Dans le choix de Sainte Th\u00e9r\u00e8se comme Patronne, Dom Bosco s\u2019inscrit dans la continuit\u00e9 de la tradition spirituelle des FMI. Du reste, il y a de nombreux points communs entre la spiritualit\u00e9 \u2018\u2019th\u00e9r\u00e9sienne\u2019\u2019 et celle de Dom Bosco propos\u00e9e aux Filles de Marie Auxiliatrice\u00a0: <strong>le r\u00e9alisme spirituel\u00a0; une spiritualit\u00e9 unitaire dans laquelle tous les aspects de la vie sont unifi\u00e9s par l\u2019amour\u00a0; une pri\u00e8re simple et affective faite de c\u0153ur et avec le c\u0153ur\u00a0; la joie comme \u00e9l\u00e9ment caract\u00e9ristique d\u2019une spiritualit\u00e9 saine et jeune\u00a0; l\u2019harmonie entre la vie active et contemplative\u00a0; l\u2019amour filial \u00e0 la Sainte Vierge.<\/strong><\/p>\n<p>Nous en soulignons deux en particulier\u00a0:<\/p>\n<p><strong><em>La joie<\/em><\/strong><\/p>\n<p>Dans les Constitutions de 1885, Dom Bosco a ajout\u00e9 dans l\u2019article concernant la Ma\u00eetresse des Novices une nuance tr\u00e8s importante\u00a0:<\/p>\n<p><em>\u2018\u2019Ste Th\u00e9r\u00e8se voulait que les Religieuses soient joyeuses, sinc\u00e8res et ouvertes. Par cons\u00e9quent, la Ma\u00eetresse des Novices aura l\u2019\u0153il \u00e0 rendre telles ses \u00e9l\u00e8ves, car les S\u0153urs d\u2019un tel caract\u00e8re sont les plus aptes \u00e0 inspirer aux jeunes et aux personnes s\u00e9culaires l\u2019estime et l\u2019amour pour la pi\u00e9t\u00e9 et la Religion\u2019\u2019 (R\u00e8gles ou Constitutions pour les Filles de Marie Auxiliatrice agr\u00e9g\u00e9es \u00e0 la Soci\u00e9t\u00e9 Sal\u00e9sienne, Turin 1885, Tit. IX, 5).<\/em><\/p>\n<p>Lors d\u2019une de ses visites \u00e0 la communaut\u00e9 d\u2019Alassio, Dom Bosco demanda aux FMA\u00a0: <em>\u2018\u2019Etes-vous toutes joyeuses\u00a0?\u2019\u2019<\/em> Et il poursuivit\u00a0: <em>\u2018\u2019Je vous recommande la saintet\u00e9, la sant\u00e9, la science et la joie\u00a0! Faites-vous toutes Sainte Th\u00e9r\u00e8se\u00a0! Rappelez-vous que le d\u00e9mon a peur des personnes joyeuses. Il vous tentera en vous d\u00e9courageant \u00e0 cause de la quantit\u00e9 de travail que vous avez<\/em> (il parlait de l\u2019atelier)\u2019\u2019 (MB X 648).<\/p>\n<p>D\u00e9j\u00e0 dans l\u2019horaire-programme donn\u00e9 aux FMI en 1869, Dom Bosco proposait quelques pratiques de vie, quelques suggestions p\u00e9dagogiques simples et quelques \u00e9l\u00e9ments fondamentaux de la spiritualit\u00e9 sal\u00e9sienne qui fa\u00e7onnaient le petit groupe, en ligne avec ce qui se r\u00e9alisait d\u00e9j\u00e0 dans la Maison de l\u2019Immacul\u00e9e. Parmi les \u00e9l\u00e9ments propos\u00e9s nous trouvons, en ce qui concerne la formation du caract\u00e8re\u00a0: <em>\u00ab\u00a0Le travail constant sur sa propre nature pour se former un bon caract\u00e8re, patient, joyeux, de mani\u00e8re \u00e0 rendre aimable la vertu et faciliter la vie commune\u00a0\u00bb<\/em> (Chronique historique I, 225).<\/p>\n<p>La joie est vue ici en cl\u00e9 p\u00e9dagogique. En effet, la joie, qui est avant tout le fruit de l\u2019Esprit, est contagieuse\u00a0; celles qui sont joyeuses transmettent la paix, la lumi\u00e8re, la s\u00e9r\u00e9nit\u00e9 car la joie vient d\u2019une conscience tranquille. Un c\u0153ur joyeux est le r\u00e9sultat normal d\u2019un c\u0153ur qui br\u00fble de l\u2019amour de Dieu, d\u2019un c\u0153ur pauvre, libre de toute possession et enti\u00e8rement habit\u00e9 par Dieu, qui attend tout le bien de Lui seul. En ce sens, la joie est transcendante.<\/p>\n<p>Sainte Th\u00e9r\u00e8se accorde une grande importance \u00e0 la r\u00e9cr\u00e9ation, un moment durant lequel les s\u0153urs se rencontrent afin de partager, de parler, d\u2019\u00eatre joyeusement ensemble, afin de manifester l\u2019Amour dont elles sont habit\u00e9es. Un aspect p\u00e9dagogique riche de sens.<\/p>\n<p>De plus, la joie est un \u00e9l\u00e9ment qui met en \u00e9vidence ce que Dieu op\u00e8re dans le c\u0153ur des cr\u00e9atures. Ressentir de la joie est une \u2018\u2019op\u00e9ration mystique\u2019\u2019. Elle ne peut venir que de Dieu, d\u2019une raison qui n\u2019est pas seulement terrestre, mais qui est le fruit de l\u2019Esprit. En ce sens la joie est un crit\u00e8re d\u2019une vie spirituelle saine.<\/p>\n<p><strong>La Vierge, la v\u00e9ritable Sup\u00e9rieure de la communaut\u00e9<\/strong><\/p>\n<p>Le jour m\u00eame de la Profession religieuse des onze premi\u00e8res FMA, Dom Bosco confirmait Maria Domenica Mazzarello dans le r\u00f4le de Sup\u00e9rieure et assurait\u00a0: \u00ab\u00a0Pour le moment elle aura le titre de vicaire, car la vraie Sup\u00e9rieure est la Vierge\u00a0\u00bb (Chronique historique I, 308). Il semble que l\u2019affirmation r\u00e9solue de Dom Bosco sur le r\u00f4le particulier de la Directrice de la maison reconnu \u00e0 Sainte Marie soit li\u00e9e \u00e0 une tradition th\u00e9r\u00e9sienne connue dans l\u2019environnement sal\u00e9sien et probablement aussi \u00e0 Mornese. En effet, Sainte Th\u00e9r\u00e8se devant assumer la difficile t\u00e2che de Prieure du monast\u00e8re de l\u2019Incarnation, elle mit l\u2019image de Marie \u00e0 sa place dans le ch\u0153ur. Le fait a \u00e9t\u00e9 racont\u00e9 par Giovanni Bonnetti dans la biographie publi\u00e9e en 1882, \u00e0 l\u2019occasion du troisi\u00e8me centenaire de la mort de Th\u00e9r\u00e8se de J\u00e9sus, et propos\u00e9e aux FMA de la Maison de Chieri nomm\u00e9e \u00e0 elle\u00a0:<\/p>\n<p><em>\u00ab\u00a0Sainte Th\u00e9r\u00e8se utilisa une autre ruse afin de finir de gagner le c\u0153ur de toutes, et pour mener toutes \u00e0 Dieu. <\/em><em>[\u2026] quelques jours apr\u00e8s son arriv\u00e9e \u00e0 l\u2019Incarnation elle convoqua le Chapitre, c\u2019est-\u00e0-dire la r\u00e9union des s\u0153urs\u00a0; mais dans le ch\u0153ur, sur la chaise de la Prieure elle posa la statue de la Vierge avec les cl\u00e9s du monast\u00e8re dans ses mains [\u2026]. La Sainte, prit un tabouret s\u2019assit \u00e0 c\u00f4t\u00e9 de l\u2019image de Marie et dit ainsi\u00a0: \u2018\u2019La charge de Prieure oh mes s\u0153urs, est aussi loin de mes pens\u00e9es que je suis loin de la m\u00e9riter. [\u2026] C\u2019est donc justement \u00e0 cause de ma faiblesse que je ne veux pas \u00eatre la Prieure du Monast\u00e8re, sauf de nom. La vraie Prieure sera la Vierge qui est devant vous\u00a0\u00bb (Giovanni BONNETTI, la rose du Carmel c\u2019est-\u00e0-dire Ste Th\u00e9r\u00e8se de J\u00e9sus\u00a0: signes autour de sa vie, Turin, SEI 1909, 238-239).<\/em><\/p>\n<p><strong>L\u2019inspiration th\u00e9r\u00e9sienne, est confirm\u00e9e par un autre geste tr\u00e8s significatif de Maria Domenica Mazzarello\u00a0: celui de laisser les cl\u00e9s de la maison tous les soir aux pieds de la statue de Marie Auxiliatrice<\/strong> (Chronique historique II 132).<\/p>\n<p>S\u0153ur Elena Massimi, FMA, Pr\u00e9sidente de l\u2019Association italienne des Professeurs et Amateurs de Liturgie, propose les textes liturgiques suivants pour la F\u00eate de Sainte Th\u00e9r\u00e8se d\u2019Avila\u00a0:<\/p>\n<p><span style=\"color: #0000ff;\"><a style=\"color: #0000ff;\" href=\"https:\/\/docs.google.com\/document\/d\/1I7hjH06JaeKddnyFJwdHYW2sK_EClEqT\/edit?usp=sharing&amp;ouid=113791486546208642331&amp;rtpof=true&amp;sd=true\" target=\"_blank\" rel=\"noopener\"><strong>Liturgie des Heures<\/strong><\/a><\/span><\/p>\n<p><span style=\"color: #0000ff;\"><a style=\"color: #0000ff;\" href=\"https:\/\/docs.google.com\/document\/d\/1ufZnaVh7I8Sdns5y2tljv4N58J_fVyhg\/edit?usp=sharing&amp;ouid=113791486546208642331&amp;rtpof=true&amp;sd=true\" target=\"_blank\" rel=\"noopener\"><strong>Liturgie Eucharistique<\/strong><\/a><\/span><\/p>\n","protected":false},"excerpt":{"rendered":"<p>Rome (Italie). Le 15 octobre 2022, la F\u00eate de Sainte Th\u00e9r\u00e8se d\u2019Avila est c\u00e9l\u00e9br\u00e9e, reconnue et voulue par Saint Jean Bosco comme Patronne de l\u2019Institut des Filles de Marie Auxiliatrice. [&hellip;]<\/p>\n","protected":false},"author":21,"featured_media":77210,"comment_status":"open","ping_status":"closed","sticky":false,"template":"","format":"standard","meta":{"footnotes":""},"categories":[2402,156],"tags":[1447,1661,1929,2276],"class_list":["post-77215","post","type-post","status-publish","format-standard","has-post-thumbnail","category-150e-institut-fma","category-ifma-fr","tag-saintete","tag-carisma-salesiano-fr","tag-focus-fr","tag-150-ifma-fr"],"yoast_head":"<!-- This site is optimized with the Yoast SEO plugin v27.4 - https:\/\/yoast.com\/product\/yoast-seo-wordpress\/ -->\n<title>Sainte Th\u00e9r\u00e8se d\u2019Avila Patronne de l\u2019Institut &#8226; Istituto Figlie di Maria Ausiliatrice<\/title>\n<meta name=\"description\" content=\"Le 15 octobre 2022, la F\u00eate de Sainte Th\u00e9r\u00e8se d\u2019Avila est c\u00e9l\u00e9br\u00e9e, reconnue et voulue par Saint Jean Bosco comme Patronne de l\u2019Institut des Filles de Marie Auxiliatrice.\" \/>\n<meta name=\"robots\" content=\"index, follow, max-snippet:-1, max-image-preview:large, max-video-preview:-1\" \/>\n<link rel=\"canonical\" href=\"https:\/\/www.cgfmanet.org\/fr\/ifma-fr\/150e-institut-fma\/sainte-therese-davila-patronne-de-linstitut\/\" \/>\n<meta property=\"og:locale\" content=\"fr_FR\" \/>\n<meta property=\"og:type\" content=\"article\" \/>\n<meta property=\"og:title\" content=\"Sainte Th\u00e9r\u00e8se d\u2019Avila Patronne de l\u2019Institut &#8226; Istituto Figlie di Maria Ausiliatrice\" \/>\n<meta property=\"og:description\" content=\"Le 15 octobre 2022, la F\u00eate de Sainte Th\u00e9r\u00e8se d\u2019Avila est c\u00e9l\u00e9br\u00e9e, reconnue et voulue par Saint Jean Bosco comme Patronne de l\u2019Institut des Filles de Marie Auxiliatrice.\" \/>\n<meta property=\"og:url\" content=\"https:\/\/www.cgfmanet.org\/fr\/ifma-fr\/150e-institut-fma\/sainte-therese-davila-patronne-de-linstitut\/\" \/>\n<meta property=\"og:site_name\" content=\"Istituto Figlie di Maria Ausiliatrice\" \/>\n<meta property=\"article:publisher\" content=\"https:\/\/www.facebook.com\/salesian.sisters.of.don.bosco\/\" \/>\n<meta property=\"article:published_time\" content=\"2022-10-14T07:31:59+00:00\" \/>\n<meta property=\"article:modified_time\" content=\"2022-10-17T16:29:38+00:00\" \/>\n<meta property=\"og:image\" content=\"https:\/\/www.cgfmanet.org\/wp-content\/uploads\/2022\/10\/Teresa-dAvila_150.jpg\" \/>\n\t<meta property=\"og:image:width\" content=\"1181\" \/>\n\t<meta property=\"og:image:height\" content=\"787\" \/>\n\t<meta property=\"og:image:type\" content=\"image\/jpeg\" \/>\n<meta name=\"author\" content=\"Redazione\" \/>\n<meta name=\"twitter:card\" content=\"summary_large_image\" \/>\n<meta name=\"twitter:creator\" content=\"@Cgfmanet_Org\" \/>\n<meta name=\"twitter:site\" content=\"@Cgfmanet_Org\" \/>\n<meta name=\"twitter:label1\" content=\"\u00c9crit par\" \/>\n\t<meta name=\"twitter:data1\" content=\"Redazione\" \/>\n\t<meta name=\"twitter:label2\" content=\"Dur\u00e9e de lecture estim\u00e9e\" \/>\n\t<meta name=\"twitter:data2\" content=\"7 minutes\" \/>\n<script type=\"application\/ld+json\" class=\"yoast-schema-graph\">{\"@context\":\"https:\\\/\\\/schema.org\",\"@graph\":[{\"@type\":\"Article\",\"@id\":\"https:\\\/\\\/www.cgfmanet.org\\\/fr\\\/ifma-fr\\\/150e-institut-fma\\\/sainte-therese-davila-patronne-de-linstitut\\\/#article\",\"isPartOf\":{\"@id\":\"https:\\\/\\\/www.cgfmanet.org\\\/fr\\\/ifma-fr\\\/150e-institut-fma\\\/sainte-therese-davila-patronne-de-linstitut\\\/\"},\"author\":{\"name\":\"Redazione\",\"@id\":\"https:\\\/\\\/www.cgfmanet.org\\\/es\\\/#\\\/schema\\\/person\\\/ce6473083f53ef0ef882cca23f0c8fb9\"},\"headline\":\"Sainte Th\u00e9r\u00e8se d\u2019Avila Patronne de l\u2019Institut\",\"datePublished\":\"2022-10-14T07:31:59+00:00\",\"dateModified\":\"2022-10-17T16:29:38+00:00\",\"mainEntityOfPage\":{\"@id\":\"https:\\\/\\\/www.cgfmanet.org\\\/fr\\\/ifma-fr\\\/150e-institut-fma\\\/sainte-therese-davila-patronne-de-linstitut\\\/\"},\"wordCount\":1350,\"commentCount\":2,\"publisher\":{\"@id\":\"https:\\\/\\\/www.cgfmanet.org\\\/es\\\/#organization\"},\"image\":{\"@id\":\"https:\\\/\\\/www.cgfmanet.org\\\/fr\\\/ifma-fr\\\/150e-institut-fma\\\/sainte-therese-davila-patronne-de-linstitut\\\/#primaryimage\"},\"thumbnailUrl\":\"https:\\\/\\\/www.cgfmanet.org\\\/wp-content\\\/uploads\\\/2022\\\/10\\\/Teresa-dAvila_150.jpg\",\"keywords\":[\"Saintet\u00e9\",\"Carisma salesiano\",\"Focus\",\"150\u00b0 IFMA\"],\"articleSection\":[\"150e Institut FMA\",\"IFMA\"],\"inLanguage\":\"fr-FR\",\"potentialAction\":[{\"@type\":\"CommentAction\",\"name\":\"Comment\",\"target\":[\"https:\\\/\\\/www.cgfmanet.org\\\/fr\\\/ifma-fr\\\/150e-institut-fma\\\/sainte-therese-davila-patronne-de-linstitut\\\/#respond\"]}]},{\"@type\":\"WebPage\",\"@id\":\"https:\\\/\\\/www.cgfmanet.org\\\/fr\\\/ifma-fr\\\/150e-institut-fma\\\/sainte-therese-davila-patronne-de-linstitut\\\/\",\"url\":\"https:\\\/\\\/www.cgfmanet.org\\\/fr\\\/ifma-fr\\\/150e-institut-fma\\\/sainte-therese-davila-patronne-de-linstitut\\\/\",\"name\":\"Sainte Th\u00e9r\u00e8se d\u2019Avila Patronne de l\u2019Institut &#8226; Istituto Figlie di Maria Ausiliatrice\",\"isPartOf\":{\"@id\":\"https:\\\/\\\/www.cgfmanet.org\\\/es\\\/#website\"},\"primaryImageOfPage\":{\"@id\":\"https:\\\/\\\/www.cgfmanet.org\\\/fr\\\/ifma-fr\\\/150e-institut-fma\\\/sainte-therese-davila-patronne-de-linstitut\\\/#primaryimage\"},\"image\":{\"@id\":\"https:\\\/\\\/www.cgfmanet.org\\\/fr\\\/ifma-fr\\\/150e-institut-fma\\\/sainte-therese-davila-patronne-de-linstitut\\\/#primaryimage\"},\"thumbnailUrl\":\"https:\\\/\\\/www.cgfmanet.org\\\/wp-content\\\/uploads\\\/2022\\\/10\\\/Teresa-dAvila_150.jpg\",\"datePublished\":\"2022-10-14T07:31:59+00:00\",\"dateModified\":\"2022-10-17T16:29:38+00:00\",\"description\":\"Le 15 octobre 2022, la F\u00eate de Sainte Th\u00e9r\u00e8se d\u2019Avila est c\u00e9l\u00e9br\u00e9e, reconnue et voulue par Saint Jean Bosco comme Patronne de l\u2019Institut des Filles de Marie Auxiliatrice.\",\"breadcrumb\":{\"@id\":\"https:\\\/\\\/www.cgfmanet.org\\\/fr\\\/ifma-fr\\\/150e-institut-fma\\\/sainte-therese-davila-patronne-de-linstitut\\\/#breadcrumb\"},\"inLanguage\":\"fr-FR\",\"potentialAction\":[{\"@type\":\"ReadAction\",\"target\":[\"https:\\\/\\\/www.cgfmanet.org\\\/fr\\\/ifma-fr\\\/150e-institut-fma\\\/sainte-therese-davila-patronne-de-linstitut\\\/\"]}]},{\"@type\":\"ImageObject\",\"inLanguage\":\"fr-FR\",\"@id\":\"https:\\\/\\\/www.cgfmanet.org\\\/fr\\\/ifma-fr\\\/150e-institut-fma\\\/sainte-therese-davila-patronne-de-linstitut\\\/#primaryimage\",\"url\":\"https:\\\/\\\/www.cgfmanet.org\\\/wp-content\\\/uploads\\\/2022\\\/10\\\/Teresa-dAvila_150.jpg\",\"contentUrl\":\"https:\\\/\\\/www.cgfmanet.org\\\/wp-content\\\/uploads\\\/2022\\\/10\\\/Teresa-dAvila_150.jpg\",\"width\":1181,\"height\":787},{\"@type\":\"BreadcrumbList\",\"@id\":\"https:\\\/\\\/www.cgfmanet.org\\\/fr\\\/ifma-fr\\\/150e-institut-fma\\\/sainte-therese-davila-patronne-de-linstitut\\\/#breadcrumb\",\"itemListElement\":[{\"@type\":\"ListItem\",\"position\":1,\"name\":\"Home\",\"item\":\"https:\\\/\\\/www.cgfmanet.org\\\/fr\\\/\"},{\"@type\":\"ListItem\",\"position\":2,\"name\":\"Sainte Th\u00e9r\u00e8se d\u2019Avila Patronne de l\u2019Institut\"}]},{\"@type\":\"WebSite\",\"@id\":\"https:\\\/\\\/www.cgfmanet.org\\\/es\\\/#website\",\"url\":\"https:\\\/\\\/www.cgfmanet.org\\\/es\\\/\",\"name\":\"Istituto Figlie di Maria Ausiliatrice\",\"description\":\"Salesiane di Don Bosco\",\"publisher\":{\"@id\":\"https:\\\/\\\/www.cgfmanet.org\\\/es\\\/#organization\"},\"potentialAction\":[{\"@type\":\"SearchAction\",\"target\":{\"@type\":\"EntryPoint\",\"urlTemplate\":\"https:\\\/\\\/www.cgfmanet.org\\\/es\\\/?s={search_term_string}\"},\"query-input\":{\"@type\":\"PropertyValueSpecification\",\"valueRequired\":true,\"valueName\":\"search_term_string\"}}],\"inLanguage\":\"fr-FR\"},{\"@type\":\"Organization\",\"@id\":\"https:\\\/\\\/www.cgfmanet.org\\\/es\\\/#organization\",\"name\":\"Istituto Figlie di Maria Ausiliatrice\",\"url\":\"https:\\\/\\\/www.cgfmanet.org\\\/es\\\/\",\"logo\":{\"@type\":\"ImageObject\",\"inLanguage\":\"fr-FR\",\"@id\":\"https:\\\/\\\/www.cgfmanet.org\\\/es\\\/#\\\/schema\\\/logo\\\/image\\\/\",\"url\":\"https:\\\/\\\/www.cgfmanet.org\\\/wp-content\\\/uploads\\\/2018\\\/10\\\/logo-fma.png\",\"contentUrl\":\"https:\\\/\\\/www.cgfmanet.org\\\/wp-content\\\/uploads\\\/2018\\\/10\\\/logo-fma.png\",\"width\":214,\"height\":55,\"caption\":\"Istituto Figlie di Maria Ausiliatrice\"},\"image\":{\"@id\":\"https:\\\/\\\/www.cgfmanet.org\\\/es\\\/#\\\/schema\\\/logo\\\/image\\\/\"},\"sameAs\":[\"https:\\\/\\\/www.facebook.com\\\/salesian.sisters.of.don.bosco\\\/\",\"https:\\\/\\\/x.com\\\/Cgfmanet_Org\",\"https:\\\/\\\/www.youtube.com\\\/channel\\\/UCmcr8yFQBV7JXeXVxyV9y5Q\"]},{\"@type\":\"Person\",\"@id\":\"https:\\\/\\\/www.cgfmanet.org\\\/es\\\/#\\\/schema\\\/person\\\/ce6473083f53ef0ef882cca23f0c8fb9\",\"name\":\"Redazione\"}]}<\/script>\n<!-- \/ Yoast SEO plugin. -->","yoast_head_json":{"title":"Sainte Th\u00e9r\u00e8se d\u2019Avila Patronne de l\u2019Institut &#8226; Istituto Figlie di Maria Ausiliatrice","description":"Le 15 octobre 2022, la F\u00eate de Sainte Th\u00e9r\u00e8se d\u2019Avila est c\u00e9l\u00e9br\u00e9e, reconnue et voulue par Saint Jean Bosco comme Patronne de l\u2019Institut des Filles de Marie Auxiliatrice.","robots":{"index":"index","follow":"follow","max-snippet":"max-snippet:-1","max-image-preview":"max-image-preview:large","max-video-preview":"max-video-preview:-1"},"canonical":"https:\/\/www.cgfmanet.org\/fr\/ifma-fr\/150e-institut-fma\/sainte-therese-davila-patronne-de-linstitut\/","og_locale":"fr_FR","og_type":"article","og_title":"Sainte Th\u00e9r\u00e8se d\u2019Avila Patronne de l\u2019Institut &#8226; Istituto Figlie di Maria Ausiliatrice","og_description":"Le 15 octobre 2022, la F\u00eate de Sainte Th\u00e9r\u00e8se d\u2019Avila est c\u00e9l\u00e9br\u00e9e, reconnue et voulue par Saint Jean Bosco comme Patronne de l\u2019Institut des Filles de Marie Auxiliatrice.","og_url":"https:\/\/www.cgfmanet.org\/fr\/ifma-fr\/150e-institut-fma\/sainte-therese-davila-patronne-de-linstitut\/","og_site_name":"Istituto Figlie di Maria Ausiliatrice","article_publisher":"https:\/\/www.facebook.com\/salesian.sisters.of.don.bosco\/","article_published_time":"2022-10-14T07:31:59+00:00","article_modified_time":"2022-10-17T16:29:38+00:00","og_image":[{"width":1181,"height":787,"url":"https:\/\/www.cgfmanet.org\/wp-content\/uploads\/2022\/10\/Teresa-dAvila_150.jpg","type":"image\/jpeg"}],"author":"Redazione","twitter_card":"summary_large_image","twitter_creator":"@Cgfmanet_Org","twitter_site":"@Cgfmanet_Org","twitter_misc":{"\u00c9crit par":"Redazione","Dur\u00e9e de lecture estim\u00e9e":"7 minutes"},"schema":{"@context":"https:\/\/schema.org","@graph":[{"@type":"Article","@id":"https:\/\/www.cgfmanet.org\/fr\/ifma-fr\/150e-institut-fma\/sainte-therese-davila-patronne-de-linstitut\/#article","isPartOf":{"@id":"https:\/\/www.cgfmanet.org\/fr\/ifma-fr\/150e-institut-fma\/sainte-therese-davila-patronne-de-linstitut\/"},"author":{"name":"Redazione","@id":"https:\/\/www.cgfmanet.org\/es\/#\/schema\/person\/ce6473083f53ef0ef882cca23f0c8fb9"},"headline":"Sainte Th\u00e9r\u00e8se d\u2019Avila Patronne de l\u2019Institut","datePublished":"2022-10-14T07:31:59+00:00","dateModified":"2022-10-17T16:29:38+00:00","mainEntityOfPage":{"@id":"https:\/\/www.cgfmanet.org\/fr\/ifma-fr\/150e-institut-fma\/sainte-therese-davila-patronne-de-linstitut\/"},"wordCount":1350,"commentCount":2,"publisher":{"@id":"https:\/\/www.cgfmanet.org\/es\/#organization"},"image":{"@id":"https:\/\/www.cgfmanet.org\/fr\/ifma-fr\/150e-institut-fma\/sainte-therese-davila-patronne-de-linstitut\/#primaryimage"},"thumbnailUrl":"https:\/\/www.cgfmanet.org\/wp-content\/uploads\/2022\/10\/Teresa-dAvila_150.jpg","keywords":["Saintet\u00e9","Carisma salesiano","Focus","150\u00b0 IFMA"],"articleSection":["150e Institut FMA","IFMA"],"inLanguage":"fr-FR","potentialAction":[{"@type":"CommentAction","name":"Comment","target":["https:\/\/www.cgfmanet.org\/fr\/ifma-fr\/150e-institut-fma\/sainte-therese-davila-patronne-de-linstitut\/#respond"]}]},{"@type":"WebPage","@id":"https:\/\/www.cgfmanet.org\/fr\/ifma-fr\/150e-institut-fma\/sainte-therese-davila-patronne-de-linstitut\/","url":"https:\/\/www.cgfmanet.org\/fr\/ifma-fr\/150e-institut-fma\/sainte-therese-davila-patronne-de-linstitut\/","name":"Sainte Th\u00e9r\u00e8se d\u2019Avila Patronne de l\u2019Institut &#8226; Istituto Figlie di Maria Ausiliatrice","isPartOf":{"@id":"https:\/\/www.cgfmanet.org\/es\/#website"},"primaryImageOfPage":{"@id":"https:\/\/www.cgfmanet.org\/fr\/ifma-fr\/150e-institut-fma\/sainte-therese-davila-patronne-de-linstitut\/#primaryimage"},"image":{"@id":"https:\/\/www.cgfmanet.org\/fr\/ifma-fr\/150e-institut-fma\/sainte-therese-davila-patronne-de-linstitut\/#primaryimage"},"thumbnailUrl":"https:\/\/www.cgfmanet.org\/wp-content\/uploads\/2022\/10\/Teresa-dAvila_150.jpg","datePublished":"2022-10-14T07:31:59+00:00","dateModified":"2022-10-17T16:29:38+00:00","description":"Le 15 octobre 2022, la F\u00eate de Sainte Th\u00e9r\u00e8se d\u2019Avila est c\u00e9l\u00e9br\u00e9e, reconnue et voulue par Saint Jean Bosco comme Patronne de l\u2019Institut des Filles de Marie Auxiliatrice.","breadcrumb":{"@id":"https:\/\/www.cgfmanet.org\/fr\/ifma-fr\/150e-institut-fma\/sainte-therese-davila-patronne-de-linstitut\/#breadcrumb"},"inLanguage":"fr-FR","potentialAction":[{"@type":"ReadAction","target":["https:\/\/www.cgfmanet.org\/fr\/ifma-fr\/150e-institut-fma\/sainte-therese-davila-patronne-de-linstitut\/"]}]},{"@type":"ImageObject","inLanguage":"fr-FR","@id":"https:\/\/www.cgfmanet.org\/fr\/ifma-fr\/150e-institut-fma\/sainte-therese-davila-patronne-de-linstitut\/#primaryimage","url":"https:\/\/www.cgfmanet.org\/wp-content\/uploads\/2022\/10\/Teresa-dAvila_150.jpg","contentUrl":"https:\/\/www.cgfmanet.org\/wp-content\/uploads\/2022\/10\/Teresa-dAvila_150.jpg","width":1181,"height":787},{"@type":"BreadcrumbList","@id":"https:\/\/www.cgfmanet.org\/fr\/ifma-fr\/150e-institut-fma\/sainte-therese-davila-patronne-de-linstitut\/#breadcrumb","itemListElement":[{"@type":"ListItem","position":1,"name":"Home","item":"https:\/\/www.cgfmanet.org\/fr\/"},{"@type":"ListItem","position":2,"name":"Sainte Th\u00e9r\u00e8se d\u2019Avila Patronne de l\u2019Institut"}]},{"@type":"WebSite","@id":"https:\/\/www.cgfmanet.org\/es\/#website","url":"https:\/\/www.cgfmanet.org\/es\/","name":"Istituto Figlie di Maria Ausiliatrice","description":"Salesiane di Don Bosco","publisher":{"@id":"https:\/\/www.cgfmanet.org\/es\/#organization"},"potentialAction":[{"@type":"SearchAction","target":{"@type":"EntryPoint","urlTemplate":"https:\/\/www.cgfmanet.org\/es\/?s={search_term_string}"},"query-input":{"@type":"PropertyValueSpecification","valueRequired":true,"valueName":"search_term_string"}}],"inLanguage":"fr-FR"},{"@type":"Organization","@id":"https:\/\/www.cgfmanet.org\/es\/#organization","name":"Istituto Figlie di Maria Ausiliatrice","url":"https:\/\/www.cgfmanet.org\/es\/","logo":{"@type":"ImageObject","inLanguage":"fr-FR","@id":"https:\/\/www.cgfmanet.org\/es\/#\/schema\/logo\/image\/","url":"https:\/\/www.cgfmanet.org\/wp-content\/uploads\/2018\/10\/logo-fma.png","contentUrl":"https:\/\/www.cgfmanet.org\/wp-content\/uploads\/2018\/10\/logo-fma.png","width":214,"height":55,"caption":"Istituto Figlie di Maria Ausiliatrice"},"image":{"@id":"https:\/\/www.cgfmanet.org\/es\/#\/schema\/logo\/image\/"},"sameAs":["https:\/\/www.facebook.com\/salesian.sisters.of.don.bosco\/","https:\/\/x.com\/Cgfmanet_Org","https:\/\/www.youtube.com\/channel\/UCmcr8yFQBV7JXeXVxyV9y5Q"]},{"@type":"Person","@id":"https:\/\/www.cgfmanet.org\/es\/#\/schema\/person\/ce6473083f53ef0ef882cca23f0c8fb9","name":"Redazione"}]}},"_links":{"self":[{"href":"https:\/\/www.cgfmanet.org\/fr\/wp-json\/wp\/v2\/posts\/77215","targetHints":{"allow":["GET"]}}],"collection":[{"href":"https:\/\/www.cgfmanet.org\/fr\/wp-json\/wp\/v2\/posts"}],"about":[{"href":"https:\/\/www.cgfmanet.org\/fr\/wp-json\/wp\/v2\/types\/post"}],"author":[{"embeddable":true,"href":"https:\/\/www.cgfmanet.org\/fr\/wp-json\/wp\/v2\/users\/21"}],"replies":[{"embeddable":true,"href":"https:\/\/www.cgfmanet.org\/fr\/wp-json\/wp\/v2\/comments?post=77215"}],"version-history":[{"count":0,"href":"https:\/\/www.cgfmanet.org\/fr\/wp-json\/wp\/v2\/posts\/77215\/revisions"}],"wp:featuredmedia":[{"embeddable":true,"href":"https:\/\/www.cgfmanet.org\/fr\/wp-json\/wp\/v2\/media\/77210"}],"wp:attachment":[{"href":"https:\/\/www.cgfmanet.org\/fr\/wp-json\/wp\/v2\/media?parent=77215"}],"wp:term":[{"taxonomy":"category","embeddable":true,"href":"https:\/\/www.cgfmanet.org\/fr\/wp-json\/wp\/v2\/categories?post=77215"},{"taxonomy":"post_tag","embeddable":true,"href":"https:\/\/www.cgfmanet.org\/fr\/wp-json\/wp\/v2\/tags?post=77215"}],"curies":[{"name":"wp","href":"https:\/\/api.w.org\/{rel}","templated":true}]}}