{"id":72138,"date":"2022-08-07T10:45:03","date_gmt":"2022-08-07T08:45:03","guid":{"rendered":"https:\/\/www.cgfmanet.org\/info-sphere\/celebrazione-del-150-a-roma-casa-generalizia\/"},"modified":"2022-08-12T10:38:22","modified_gmt":"2022-08-12T08:38:22","slug":"celebrations-du-150eme-anniversaire-a-rome-maison-generale","status":"publish","type":"post","link":"https:\/\/www.cgfmanet.org\/fr\/ifma-fr\/celebrations-du-150eme-anniversaire-a-rome-maison-generale\/","title":{"rendered":"C\u00e9l\u00e9brations du 150\u00e8me anniversaire \u00e0 Rome, Maison G\u00e9n\u00e9rale"},"content":{"rendered":"<p><strong>Rome (Italie).<\/strong> Le 5 ao\u00fbt 2022, \u00e0 Rome, la Communaut\u00e9 <em>Marie Auxiliatrice<\/em> de la Maison G\u00e9n\u00e9rale (RCG), avec la Vicaire g\u00e9n\u00e9rale, s\u0153ur Maria del Rosario Garc\u00eda Ribas et les Conseill\u00e8re pr\u00e9sentes au si\u00e8ge, en communion avec tout l\u2019Institut des Filles de Marie Auxiliatrice, a c\u00e9l\u00e9br\u00e9 le 150<sup>\u00e8me<\/sup> anniversaire de la fondation de sa Fondation.<\/p>\n<p>Avant les Laudes et la C\u00e9l\u00e9bration Eucharistique, la Communaut\u00e9 s\u2019est rassembl\u00e9e dans le hall de la maison pour la pri\u00e8re de l\u2019Ang\u00e9lus et la Cons\u00e9cration \u00e0 Marie compos\u00e9e pour le 150<sup>\u00e8me<\/sup> anniversaire. Comme geste symbolique, la Directrice, s\u0153ur Carla Castellino, a d\u00e9pos\u00e9 aux pieds de la statue de Marie Auxiliatrice la cl\u00e9, remise \u00e0 M\u00e8re Chiara Cazzuola le 26 avril 2022 par le Maire et le Conseil Municipal de Nizza Monferrato, en signe de la <a href=\"https:\/\/www.cgfmanet.org\/fr\/info-sphere\/citoyennete\/nice-monferrat-decerne-la-citoyennete-dhonneur-a-linstitut-fma\/\" target=\"_blank\" rel=\"noopener\"><span style=\"color: #0000ff;\">Citoyennet\u00e9 d\u2019Honneur <\/span><\/a>conf\u00e9r\u00e9e \u00e0 l\u2019Institut.<\/p>\n<p>La C\u00e9l\u00e9bration Eucharistique, pr\u00e9sid\u00e9e par dom Giuseppe Ruta, Vicaire de la Vice-Province <em>Marie Si\u00e8ge de la Sagesse<\/em> (UPS), est introduite par s\u0153ur Maria Luisa Nicastro, Secr\u00e9taire G\u00e9n\u00e9rale de l\u2019Institut FMA qui invite l\u2019assembl\u00e9e \u00e0 s\u2019unir aux FMA des cinq Continents, qui renouvellent le m\u00eame jour, leur \u2018oui\u2019 \u00e0 l\u2019Alliance avec Dieu.<\/p>\n<p>Lors de la procession d\u2019entr\u00e9e, le C\u00e9l\u00e9brant est pr\u00e9c\u00e9d\u00e9 par la Directrice , la Vicaire G\u00e9n\u00e9rale et s\u0153ur Maria Assunta Inoue Sumiko, Conseill\u00e8re Visitatrice qui accompagnent s\u0153ur Maria My Hang Vu, de la Province <em>Marie Auxiliatrice<\/em> (VTN), dans le renouvellement de ses V\u0153ux Biennaux.<\/p>\n<p>Au cours des jours qui ont pr\u00e9c\u00e9d\u00e9 la C\u00e9l\u00e9bration, la Communaut\u00e9 s\u2019est pr\u00e9par\u00e9e avec elle \u00e0 ce moment significatif de son parcours, en approfondissant et en partageant les lectures choisies (Is 63, 7-9\u00a0; Col 3, 12-17 et Jn 15, 9-17). Apr\u00e8s la liturgie de la Parole, s\u0153ur Maria, du presbyt\u00e8re, a prononc\u00e9 la formule du renouvellement des v\u0153ux, dans les mains de la Vicaire G\u00e9n\u00e9rale, s\u0153ur Mar\u00eda del Rosario Garc\u00eda Ribas.<\/p>\n<p>Dans son hom\u00e9lie, dom Giuseppe, reprenant la Circulaire Nr. 1020, a exprim\u00e9 le sens de cette journ\u00e9e\u00a0: <em>\u2018\u2019Nous sommes appel\u00e9s, \u2018du matin au soir\u2019, \u00e0 louer Dieu pour les merveilles qu\u2019il a accomplies dans l\u2019histoire de l\u2019humanit\u00e9, dans l\u2019histoire de l\u2019Institut, dans notre petite histoire. En vue du \u2018jour sans coucher de soleil\u2019, lorsque Dieu sera tout en tous, nous gouterons \u00e0 la beaut\u00e9 de nous retrouver ensemble afin d\u2019\u00eatre une louange \u00e0 la vie, \u00e0 Dieu. (\u2026) Aujourd\u2019hui est le jour du souvenir, en effet c\u2019est un m\u00e9morial dans lequel ce qui s\u2019est pass\u00e9 il y a 150 ans se r\u00e9p\u00e8te, car Dieu continue de renouveler son alliance avec nous (\u2026). Dans notre promesse, dans nos V\u0153ux, dans notre engagement, dans notre capacit\u00e9 de donner une r\u00e9ponse avec responsabilit\u00e9, la premi\u00e8re place appartient toujours \u00e0 Celui qui nous a appel\u00e9s, aim\u00e9s, choisis, Celui qui nous a envoy\u00e9s. Nos sentiments ne peuvent qu\u2019\u00eatre que ceux de Marie, exprim\u00e9s dans l\u2019explosion de joie du Magnificat, dans ce chant r\u00e9volutionnaire, car Dieu n\u2019est pas absent de l\u2019histoire de notre vie, c\u2019est un Dieu qui intervient avec la force de sa tendresse et de son Amour (\u2026). Nous sommes appel\u00e9s \u00e0 \u00eatre des signes de l\u2019amour de Dieu pour les autres, capables de prendre soin des uns des autres (cfr Circ. 1020). Ceci n\u2019est possible que si une union intime et profonde est r\u00e9alis\u00e9e avec Celui qui est la Vigne, dont nous sommes les sarments. Nous pouvons nous aimer les uns les autres uniquement si nous restons dans son Amour\u2019\u2019.<\/em> Le C\u00e9l\u00e9brant a termin\u00e9 son hom\u00e9lie par le souhait <em>\u2018\u2019que nous soyons des femmes heureuses, amoureuses de J\u00e9sus, passionn\u00e9es par la mission\u2019\u2019.<\/em><\/p>\n<p>Apr\u00e8s la communion, le Magnificat en vietnamien est accompagn\u00e9 de la chor\u00e9graphie de quelques FMA qui, avec des gestes d\u00e9licats et expressifs, transmettent la beaut\u00e9 et l\u2019exultation de la donation g\u00e9n\u00e9reuse de s\u0153ur Maria My Hang. La C\u00e9l\u00e9bration solennelle se termine par le chant \u2018\u2019Oh quel destin\u2019\u2019, signe de communion et d\u2019unit\u00e9 de l\u2019Institut FMA dans le Charisme sal\u00e9sien.<\/p>\n<p>Le moment de fraternit\u00e9 et de convivialit\u00e9, v\u00e9cu avec les Conseill\u00e8res, est introduit par l\u2019Hymne et la danse du 150<sup>\u00e8me<\/sup> anniversaire. Avant de couper le g\u00e2teau, la Communaut\u00e9 a offert comme pr\u00e9sent \u00e0 s\u0153ur Maria My Hang un chant sur les paroles de la Parole de Dieu qu\u2019elle a choisi\u00a0: <em>\u2018\u2019Il est la vigne, je suis un sarment, je ne me s\u00e9pare pas de Lui. Je reste en Lui, dans son Amour, Il donne sa vie pour moi. Ma mission sera f\u00e9conde si je sais aimer ainsi mes cons\u0153urs et toutes les personnes, pour Lui, avec Lui et en Lui\u2019\u2019\u00a0!<\/em> Dans l\u2019apr\u00e8s-midi la <strong><a href=\"https:\/\/www.rivistadma.org\/it\/mostra-del-carisma\" target=\"_blank\" rel=\"noopener\"><span style=\"color: #0000ff;\">l\u2019Exposition sur le Charisme<\/span><\/a><\/strong> s\u2019est ouverte \u00e0 la Maison G\u00e9n\u00e9rale afin de permettre \u00e0 toutes de rester en silence, de prier et de prolonger l\u2019action de gr\u00e2ce.<\/p>\n<p>La journ\u00e9e s\u2019est termin\u00e9e par un chapelet dans le Parc de la Maison G\u00e9n\u00e9rale, pri\u00e9 avec quelques s\u0153urs de la Communaut\u00e9 du Sacr\u00e9 C\u0153ur de la Province <em>St Jean Bosco<\/em> (IRO). Les cinq myst\u00e8res sont li\u00e9s \u00e0 la vie et \u00e0 l\u2019histoire de l\u2019Institut FMA\u00a0: l\u2019histoire du salut que Dieu a guid\u00e9 et r\u00e9alis\u00e9 pour de nombreux jeunes et pour chaque FMA\u00a0; l\u2019appel de Dieu \u00e0 la joie\u00a0; la pr\u00e9sence du Seigneur J\u00e9sus et de Marie Auxiliatrice\u00a0; l\u2019appel \u00e0 vivre la charit\u00e9 du Christ\u00a0; le don et l\u2019appel \u00e0 la Saintet\u00e9 pr\u00e9sents dans l\u2019Institut, avec le t\u00e9moignage et l\u2019engagement quotidien. A chaque dizaine, les mots de Sainte Maria D. Mazzarello et de M\u00e8re Chiara Cazzuola ont r\u00e9sonn\u00e9.<\/p>\n<p>Cette journ\u00e9e de f\u00eate s\u2019est termin\u00e9e par la pri\u00e8re compos\u00e9e par la M\u00e8re G\u00e9n\u00e9rale pour le 150<sup>\u00e8me<\/sup> anniversaire et par la Bonne Nuit de s\u0153ur Maria del Rosario, qui a scell\u00e9 une journ\u00e9e \u00e0 l\u2019enseigne de la gratitude et de la joie d\u2019appartenir \u00e0 un Institut qui est tout \u00e0 Marie.<\/p>\n\r\n                <style type=\"text\/css\">\r\n                    \r\n                    #tdi_1  .td-doubleSlider-2 .td-item1 {\r\n                        background: url(https:\/\/www.cgfmanet.org\/wp-content\/uploads\/2022\/08\/150\u00b0-Casa-Generalizia_2-80x60.jpg) 0 0 no-repeat;\r\n                    }\r\n                    #tdi_1  .td-doubleSlider-2 .td-item2 {\r\n                        background: url(https:\/\/www.cgfmanet.org\/wp-content\/uploads\/2022\/08\/150\u00b0-Casa-Generalizia_4-80x60.jpg) 0 0 no-repeat;\r\n                    }\r\n                    #tdi_1  .td-doubleSlider-2 .td-item3 {\r\n                        background: url(https:\/\/www.cgfmanet.org\/wp-content\/uploads\/2022\/08\/150\u00b0-Casa-Generalizia_3-80x60.jpg) 0 0 no-repeat;\r\n                    }\r\n                    #tdi_1  .td-doubleSlider-2 .td-item4 {\r\n                        background: url(https:\/\/www.cgfmanet.org\/wp-content\/uploads\/2022\/08\/150\u00b0-Casa-Generalizia_5-80x60.jpg) 0 0 no-repeat;\r\n                    }\r\n                <\/style>\r\n\r\n                <div id=\"tdi_1\" class=\"td-gallery td-slide-on-2-columns\">\r\n                    <div class=\"post_td_gallery\">\r\n                        <div class=\"td-gallery-slide-top\">\r\n                           <div class=\"td-gallery-title\"><\/div>\r\n\r\n                            <div class=\"td-gallery-controls-wrapper\">\r\n                                <div class=\"td-gallery-slide-count\"><span class=\"td-gallery-slide-item-focus\">1<\/span> de 4<\/div>\r\n                                <div class=\"td-gallery-slide-prev-next-but\">\r\n                                    <i class = \"td-icon-left doubleSliderPrevButton\"><\/i>\r\n                                    <i class = \"td-icon-right doubleSliderNextButton\"><\/i>\r\n                                <\/div>\r\n                            <\/div>\r\n                        <\/div>\r\n\r\n                        <div class = \"td-doubleSlider-1 \">\r\n                            <div class = \"td-slider\">\r\n                                \r\n                    <div class = \"td-slide-item td-item1\">\r\n                        <figure class=\"td-slide-galery-figure td-slide-popup-gallery\">\r\n                            <a class=\"slide-gallery-image-link\" href=\"https:\/\/www.cgfmanet.org\/wp-content\/uploads\/2022\/08\/150\u00b0-Casa-Generalizia_2.jpg\" title=\"150\u00b0 Casa Generalizia_2\"  data-caption=\"\"  data-description=\"\">\r\n                                <img decoding=\"async\" data-src=\"https:\/\/www.cgfmanet.org\/wp-content\/uploads\/2022\/08\/150\u00b0-Casa-Generalizia_2-630x420.jpg\" data-srcset=\"https:\/\/www.cgfmanet.org\/wp-content\/uploads\/2022\/08\/150\u00b0-Casa-Generalizia_2-630x420.jpg 630w, https:\/\/www.cgfmanet.org\/wp-content\/uploads\/2022\/08\/150\u00b0-Casa-Generalizia_2-768x512.jpg 768w, https:\/\/www.cgfmanet.org\/wp-content\/uploads\/2022\/08\/150\u00b0-Casa-Generalizia_2-696x464.jpg 696w, https:\/\/www.cgfmanet.org\/wp-content\/uploads\/2022\/08\/150\u00b0-Casa-Generalizia_2.jpg 1080w\" data-sizes=\"auto\" alt=\"\" src=\"data:image\/svg+xml;base64,PHN2ZyB3aWR0aD0iMSIgaGVpZ2h0PSIxIiB4bWxucz0iaHR0cDovL3d3dy53My5vcmcvMjAwMC9zdmciPjwvc3ZnPg==\" class=\"lazyload\" style=\"--smush-placeholder-width: 630px; --smush-placeholder-aspect-ratio: 630\/420;\" data-original-sizes=\"(max-width: 630px) 100vw, 630px\">\r\n                            <\/a>\r\n                            \r\n                        <\/figure>\r\n                    <\/div>\r\n                    <div class = \"td-slide-item td-item2\">\r\n                        <figure class=\"td-slide-galery-figure td-slide-popup-gallery\">\r\n                            <a class=\"slide-gallery-image-link\" href=\"https:\/\/www.cgfmanet.org\/wp-content\/uploads\/2022\/08\/150\u00b0-Casa-Generalizia_4.jpg\" title=\"150\u00b0 Casa Generalizia_4\"  data-caption=\"\"  data-description=\"\">\r\n                                <img decoding=\"async\" data-src=\"https:\/\/www.cgfmanet.org\/wp-content\/uploads\/2022\/08\/150\u00b0-Casa-Generalizia_4-630x420.jpg\" data-srcset=\"https:\/\/www.cgfmanet.org\/wp-content\/uploads\/2022\/08\/150\u00b0-Casa-Generalizia_4-630x420.jpg 630w, https:\/\/www.cgfmanet.org\/wp-content\/uploads\/2022\/08\/150\u00b0-Casa-Generalizia_4-768x512.jpg 768w, https:\/\/www.cgfmanet.org\/wp-content\/uploads\/2022\/08\/150\u00b0-Casa-Generalizia_4-696x464.jpg 696w, https:\/\/www.cgfmanet.org\/wp-content\/uploads\/2022\/08\/150\u00b0-Casa-Generalizia_4.jpg 1361w\" data-sizes=\"auto\" alt=\"\" src=\"data:image\/svg+xml;base64,PHN2ZyB3aWR0aD0iMSIgaGVpZ2h0PSIxIiB4bWxucz0iaHR0cDovL3d3dy53My5vcmcvMjAwMC9zdmciPjwvc3ZnPg==\" class=\"lazyload\" style=\"--smush-placeholder-width: 630px; --smush-placeholder-aspect-ratio: 630\/420;\" data-original-sizes=\"(max-width: 630px) 100vw, 630px\">\r\n                            <\/a>\r\n                            \r\n                        <\/figure>\r\n                    <\/div>\r\n                    <div class = \"td-slide-item td-item3\">\r\n                        <figure class=\"td-slide-galery-figure td-slide-popup-gallery\">\r\n                            <a class=\"slide-gallery-image-link\" href=\"https:\/\/www.cgfmanet.org\/wp-content\/uploads\/2022\/08\/150\u00b0-Casa-Generalizia_3.jpg\" title=\"150\u00b0 Casa Generalizia_3\"  data-caption=\"\"  data-description=\"\">\r\n                                <img decoding=\"async\" data-src=\"https:\/\/www.cgfmanet.org\/wp-content\/uploads\/2022\/08\/150\u00b0-Casa-Generalizia_3-630x420.jpg\" data-srcset=\"https:\/\/www.cgfmanet.org\/wp-content\/uploads\/2022\/08\/150\u00b0-Casa-Generalizia_3-630x420.jpg 630w, https:\/\/www.cgfmanet.org\/wp-content\/uploads\/2022\/08\/150\u00b0-Casa-Generalizia_3-768x512.jpg 768w, https:\/\/www.cgfmanet.org\/wp-content\/uploads\/2022\/08\/150\u00b0-Casa-Generalizia_3-696x464.jpg 696w, https:\/\/www.cgfmanet.org\/wp-content\/uploads\/2022\/08\/150\u00b0-Casa-Generalizia_3.jpg 1182w\" data-sizes=\"auto\" alt=\"\" src=\"data:image\/svg+xml;base64,PHN2ZyB3aWR0aD0iMSIgaGVpZ2h0PSIxIiB4bWxucz0iaHR0cDovL3d3dy53My5vcmcvMjAwMC9zdmciPjwvc3ZnPg==\" class=\"lazyload\" style=\"--smush-placeholder-width: 630px; --smush-placeholder-aspect-ratio: 630\/420;\" data-original-sizes=\"(max-width: 630px) 100vw, 630px\">\r\n                            <\/a>\r\n                            \r\n                        <\/figure>\r\n                    <\/div>\r\n                    <div class = \"td-slide-item td-item4\">\r\n                        <figure class=\"td-slide-galery-figure td-slide-popup-gallery\">\r\n                            <a class=\"slide-gallery-image-link\" href=\"https:\/\/www.cgfmanet.org\/wp-content\/uploads\/2022\/08\/150\u00b0-Casa-Generalizia_5.jpg\" title=\"150\u00b0 Casa Generalizia_5\"  data-caption=\"\"  data-description=\"\">\r\n                                <img decoding=\"async\" data-src=\"https:\/\/www.cgfmanet.org\/wp-content\/uploads\/2022\/08\/150\u00b0-Casa-Generalizia_5-629x420.jpg\" data-srcset=\"https:\/\/www.cgfmanet.org\/wp-content\/uploads\/2022\/08\/150\u00b0-Casa-Generalizia_5-629x420.jpg 629w, https:\/\/www.cgfmanet.org\/wp-content\/uploads\/2022\/08\/150\u00b0-Casa-Generalizia_5-768x512.jpg 768w, https:\/\/www.cgfmanet.org\/wp-content\/uploads\/2022\/08\/150\u00b0-Casa-Generalizia_5-696x464.jpg 696w, https:\/\/www.cgfmanet.org\/wp-content\/uploads\/2022\/08\/150\u00b0-Casa-Generalizia_5.jpg 1181w\" data-sizes=\"auto\" alt=\"\" src=\"data:image\/svg+xml;base64,PHN2ZyB3aWR0aD0iMSIgaGVpZ2h0PSIxIiB4bWxucz0iaHR0cDovL3d3dy53My5vcmcvMjAwMC9zdmciPjwvc3ZnPg==\" class=\"lazyload\" style=\"--smush-placeholder-width: 629px; --smush-placeholder-aspect-ratio: 629\/420;\" data-original-sizes=\"(max-width: 629px) 100vw, 629px\">\r\n                            <\/a>\r\n                            \r\n                        <\/figure>\r\n                    <\/div>\r\n                            <\/div>\r\n                        <\/div>\r\n\r\n                        <div class = \"td-doubleSlider-2\">\r\n                            <div class = \"td-slider\">\r\n                                \r\n                    <div class = \"td-button td-item1\">\r\n                        <div class = \"td-border\"><\/div>\r\n                    <\/div>\r\n                    <div class = \"td-button td-item2\">\r\n                        <div class = \"td-border\"><\/div>\r\n                    <\/div>\r\n                    <div class = \"td-button td-item3\">\r\n                        <div class = \"td-border\"><\/div>\r\n                    <\/div>\r\n                    <div class = \"td-button td-item4\">\r\n                        <div class = \"td-border\"><\/div>\r\n                    <\/div>\r\n                            <\/div>\r\n                        <\/div>\r\n\r\n                    <\/div>\r\n\r\n                <\/div>\r\n                \n","protected":false},"excerpt":{"rendered":"<p>Rome (Italie). Le 5 ao\u00fbt 2022, \u00e0 Rome, la Communaut\u00e9 Marie Auxiliatrice de la Maison G\u00e9n\u00e9rale (RCG), avec la Vicaire g\u00e9n\u00e9rale, s\u0153ur Maria del Rosario Garc\u00eda Ribas et les Conseill\u00e8re [&hellip;]<\/p>\n","protected":false},"author":21,"featured_media":72117,"comment_status":"open","ping_status":"closed","sticky":false,"template":"","format":"standard","meta":{"footnotes":""},"categories":[2402,156],"tags":[493,1385,1661,1760,1929,2276],"class_list":["post-72138","post","type-post","status-publish","format-standard","has-post-thumbnail","category-150e-institut-fma","category-ifma-fr","tag-vicaire-generale","tag-rcg-fr","tag-carisma-salesiano-fr","tag-cultura-vocazionale-fr","tag-focus-fr","tag-150-ifma-fr"],"yoast_head":"<!-- This site is optimized with the Yoast SEO plugin v27.4 - https:\/\/yoast.com\/product\/yoast-seo-wordpress\/ -->\n<title>C\u00e9l\u00e9brations du 150\u00e8me anniversaire \u00e0 Rome, Maison G\u00e9n\u00e9rale &#8226; Istituto Figlie di Maria Ausiliatrice<\/title>\n<meta name=\"description\" content=\"Le 5 ao\u00fbt 2022, \u00e0 Rome, la Communaut\u00e9 de la Maison G\u00e9n\u00e9rale, avec la Vicaire g\u00e9n\u00e9rale et quelques Conseill\u00e8res pr\u00e9sentes au si\u00e8ge, a c\u00e9l\u00e9br\u00e9 le 150\u00e8me anniversaire de la Fondation de l\u2019Institut FMA.\" \/>\n<meta name=\"robots\" content=\"index, follow, max-snippet:-1, max-image-preview:large, max-video-preview:-1\" \/>\n<link rel=\"canonical\" href=\"https:\/\/www.cgfmanet.org\/fr\/ifma-fr\/celebrations-du-150eme-anniversaire-a-rome-maison-generale\/\" \/>\n<meta property=\"og:locale\" content=\"fr_FR\" \/>\n<meta property=\"og:type\" content=\"article\" \/>\n<meta property=\"og:title\" content=\"C\u00e9l\u00e9brations du 150\u00e8me anniversaire \u00e0 Rome, Maison G\u00e9n\u00e9rale &#8226; Istituto Figlie di Maria Ausiliatrice\" \/>\n<meta property=\"og:description\" content=\"Le 5 ao\u00fbt 2022, \u00e0 Rome, la Communaut\u00e9 de la Maison G\u00e9n\u00e9rale, avec la Vicaire g\u00e9n\u00e9rale et quelques Conseill\u00e8res pr\u00e9sentes au si\u00e8ge, a c\u00e9l\u00e9br\u00e9 le 150\u00e8me anniversaire de la Fondation de l\u2019Institut FMA.\" \/>\n<meta property=\"og:url\" content=\"https:\/\/www.cgfmanet.org\/fr\/ifma-fr\/celebrations-du-150eme-anniversaire-a-rome-maison-generale\/\" \/>\n<meta property=\"og:site_name\" content=\"Istituto Figlie di Maria Ausiliatrice\" \/>\n<meta property=\"article:publisher\" content=\"https:\/\/www.facebook.com\/salesian.sisters.of.don.bosco\/\" \/>\n<meta property=\"article:published_time\" content=\"2022-08-07T08:45:03+00:00\" \/>\n<meta property=\"article:modified_time\" content=\"2022-08-12T08:38:22+00:00\" \/>\n<meta property=\"og:image\" content=\"https:\/\/www.cgfmanet.org\/wp-content\/uploads\/2022\/08\/150\u00b0-Casa-Generalizia.jpg\" \/>\n\t<meta property=\"og:image:width\" content=\"1080\" \/>\n\t<meta property=\"og:image:height\" content=\"720\" \/>\n\t<meta property=\"og:image:type\" content=\"image\/jpeg\" \/>\n<meta name=\"author\" content=\"Redazione\" \/>\n<meta name=\"twitter:card\" content=\"summary_large_image\" \/>\n<meta name=\"twitter:creator\" content=\"@Cgfmanet_Org\" \/>\n<meta name=\"twitter:site\" content=\"@Cgfmanet_Org\" \/>\n<meta name=\"twitter:label1\" content=\"\u00c9crit par\" \/>\n\t<meta name=\"twitter:data1\" content=\"Redazione\" \/>\n\t<meta name=\"twitter:label2\" content=\"Dur\u00e9e de lecture estim\u00e9e\" \/>\n\t<meta name=\"twitter:data2\" content=\"6 minutes\" \/>\n<script type=\"application\/ld+json\" class=\"yoast-schema-graph\">{\"@context\":\"https:\\\/\\\/schema.org\",\"@graph\":[{\"@type\":\"Article\",\"@id\":\"https:\\\/\\\/www.cgfmanet.org\\\/fr\\\/ifma-fr\\\/celebrations-du-150eme-anniversaire-a-rome-maison-generale\\\/#article\",\"isPartOf\":{\"@id\":\"https:\\\/\\\/www.cgfmanet.org\\\/fr\\\/ifma-fr\\\/celebrations-du-150eme-anniversaire-a-rome-maison-generale\\\/\"},\"author\":{\"name\":\"Redazione\",\"@id\":\"https:\\\/\\\/www.cgfmanet.org\\\/es\\\/#\\\/schema\\\/person\\\/ce6473083f53ef0ef882cca23f0c8fb9\"},\"headline\":\"C\u00e9l\u00e9brations du 150\u00e8me anniversaire \u00e0 Rome, Maison G\u00e9n\u00e9rale\",\"datePublished\":\"2022-08-07T08:45:03+00:00\",\"dateModified\":\"2022-08-12T08:38:22+00:00\",\"mainEntityOfPage\":{\"@id\":\"https:\\\/\\\/www.cgfmanet.org\\\/fr\\\/ifma-fr\\\/celebrations-du-150eme-anniversaire-a-rome-maison-generale\\\/\"},\"wordCount\":1096,\"commentCount\":0,\"publisher\":{\"@id\":\"https:\\\/\\\/www.cgfmanet.org\\\/es\\\/#organization\"},\"image\":{\"@id\":\"https:\\\/\\\/www.cgfmanet.org\\\/fr\\\/ifma-fr\\\/celebrations-du-150eme-anniversaire-a-rome-maison-generale\\\/#primaryimage\"},\"thumbnailUrl\":\"https:\\\/\\\/www.cgfmanet.org\\\/wp-content\\\/uploads\\\/2022\\\/08\\\/150\u00b0-Casa-Generalizia.jpg\",\"keywords\":[\"Vicaire G\u00e9n\u00e9rale\",\"RCG\",\"Carisma salesiano\",\"cultura vocazionale\",\"Focus\",\"150\u00b0 IFMA\"],\"articleSection\":[\"150e Institut FMA\",\"IFMA\"],\"inLanguage\":\"fr-FR\",\"potentialAction\":[{\"@type\":\"CommentAction\",\"name\":\"Comment\",\"target\":[\"https:\\\/\\\/www.cgfmanet.org\\\/fr\\\/ifma-fr\\\/celebrations-du-150eme-anniversaire-a-rome-maison-generale\\\/#respond\"]}]},{\"@type\":\"WebPage\",\"@id\":\"https:\\\/\\\/www.cgfmanet.org\\\/fr\\\/ifma-fr\\\/celebrations-du-150eme-anniversaire-a-rome-maison-generale\\\/\",\"url\":\"https:\\\/\\\/www.cgfmanet.org\\\/fr\\\/ifma-fr\\\/celebrations-du-150eme-anniversaire-a-rome-maison-generale\\\/\",\"name\":\"C\u00e9l\u00e9brations du 150\u00e8me anniversaire \u00e0 Rome, Maison G\u00e9n\u00e9rale &#8226; Istituto Figlie di Maria Ausiliatrice\",\"isPartOf\":{\"@id\":\"https:\\\/\\\/www.cgfmanet.org\\\/es\\\/#website\"},\"primaryImageOfPage\":{\"@id\":\"https:\\\/\\\/www.cgfmanet.org\\\/fr\\\/ifma-fr\\\/celebrations-du-150eme-anniversaire-a-rome-maison-generale\\\/#primaryimage\"},\"image\":{\"@id\":\"https:\\\/\\\/www.cgfmanet.org\\\/fr\\\/ifma-fr\\\/celebrations-du-150eme-anniversaire-a-rome-maison-generale\\\/#primaryimage\"},\"thumbnailUrl\":\"https:\\\/\\\/www.cgfmanet.org\\\/wp-content\\\/uploads\\\/2022\\\/08\\\/150\u00b0-Casa-Generalizia.jpg\",\"datePublished\":\"2022-08-07T08:45:03+00:00\",\"dateModified\":\"2022-08-12T08:38:22+00:00\",\"description\":\"Le 5 ao\u00fbt 2022, \u00e0 Rome, la Communaut\u00e9 de la Maison G\u00e9n\u00e9rale, avec la Vicaire g\u00e9n\u00e9rale et quelques Conseill\u00e8res pr\u00e9sentes au si\u00e8ge, a c\u00e9l\u00e9br\u00e9 le 150\u00e8me anniversaire de la Fondation de l\u2019Institut FMA.\",\"breadcrumb\":{\"@id\":\"https:\\\/\\\/www.cgfmanet.org\\\/fr\\\/ifma-fr\\\/celebrations-du-150eme-anniversaire-a-rome-maison-generale\\\/#breadcrumb\"},\"inLanguage\":\"fr-FR\",\"potentialAction\":[{\"@type\":\"ReadAction\",\"target\":[\"https:\\\/\\\/www.cgfmanet.org\\\/fr\\\/ifma-fr\\\/celebrations-du-150eme-anniversaire-a-rome-maison-generale\\\/\"]}]},{\"@type\":\"ImageObject\",\"inLanguage\":\"fr-FR\",\"@id\":\"https:\\\/\\\/www.cgfmanet.org\\\/fr\\\/ifma-fr\\\/celebrations-du-150eme-anniversaire-a-rome-maison-generale\\\/#primaryimage\",\"url\":\"https:\\\/\\\/www.cgfmanet.org\\\/wp-content\\\/uploads\\\/2022\\\/08\\\/150\u00b0-Casa-Generalizia.jpg\",\"contentUrl\":\"https:\\\/\\\/www.cgfmanet.org\\\/wp-content\\\/uploads\\\/2022\\\/08\\\/150\u00b0-Casa-Generalizia.jpg\",\"width\":1080,\"height\":720},{\"@type\":\"BreadcrumbList\",\"@id\":\"https:\\\/\\\/www.cgfmanet.org\\\/fr\\\/ifma-fr\\\/celebrations-du-150eme-anniversaire-a-rome-maison-generale\\\/#breadcrumb\",\"itemListElement\":[{\"@type\":\"ListItem\",\"position\":1,\"name\":\"Home\",\"item\":\"https:\\\/\\\/www.cgfmanet.org\\\/fr\\\/\"},{\"@type\":\"ListItem\",\"position\":2,\"name\":\"C\u00e9l\u00e9brations du 150\u00e8me anniversaire \u00e0 Rome, Maison G\u00e9n\u00e9rale\"}]},{\"@type\":\"WebSite\",\"@id\":\"https:\\\/\\\/www.cgfmanet.org\\\/es\\\/#website\",\"url\":\"https:\\\/\\\/www.cgfmanet.org\\\/es\\\/\",\"name\":\"Istituto Figlie di Maria Ausiliatrice\",\"description\":\"Salesiane di Don Bosco\",\"publisher\":{\"@id\":\"https:\\\/\\\/www.cgfmanet.org\\\/es\\\/#organization\"},\"potentialAction\":[{\"@type\":\"SearchAction\",\"target\":{\"@type\":\"EntryPoint\",\"urlTemplate\":\"https:\\\/\\\/www.cgfmanet.org\\\/es\\\/?s={search_term_string}\"},\"query-input\":{\"@type\":\"PropertyValueSpecification\",\"valueRequired\":true,\"valueName\":\"search_term_string\"}}],\"inLanguage\":\"fr-FR\"},{\"@type\":\"Organization\",\"@id\":\"https:\\\/\\\/www.cgfmanet.org\\\/es\\\/#organization\",\"name\":\"Istituto Figlie di Maria Ausiliatrice\",\"url\":\"https:\\\/\\\/www.cgfmanet.org\\\/es\\\/\",\"logo\":{\"@type\":\"ImageObject\",\"inLanguage\":\"fr-FR\",\"@id\":\"https:\\\/\\\/www.cgfmanet.org\\\/es\\\/#\\\/schema\\\/logo\\\/image\\\/\",\"url\":\"https:\\\/\\\/www.cgfmanet.org\\\/wp-content\\\/uploads\\\/2018\\\/10\\\/logo-fma.png\",\"contentUrl\":\"https:\\\/\\\/www.cgfmanet.org\\\/wp-content\\\/uploads\\\/2018\\\/10\\\/logo-fma.png\",\"width\":214,\"height\":55,\"caption\":\"Istituto Figlie di Maria Ausiliatrice\"},\"image\":{\"@id\":\"https:\\\/\\\/www.cgfmanet.org\\\/es\\\/#\\\/schema\\\/logo\\\/image\\\/\"},\"sameAs\":[\"https:\\\/\\\/www.facebook.com\\\/salesian.sisters.of.don.bosco\\\/\",\"https:\\\/\\\/x.com\\\/Cgfmanet_Org\",\"https:\\\/\\\/www.youtube.com\\\/channel\\\/UCmcr8yFQBV7JXeXVxyV9y5Q\"]},{\"@type\":\"Person\",\"@id\":\"https:\\\/\\\/www.cgfmanet.org\\\/es\\\/#\\\/schema\\\/person\\\/ce6473083f53ef0ef882cca23f0c8fb9\",\"name\":\"Redazione\"}]}<\/script>\n<!-- \/ Yoast SEO plugin. -->","yoast_head_json":{"title":"C\u00e9l\u00e9brations du 150\u00e8me anniversaire \u00e0 Rome, Maison G\u00e9n\u00e9rale &#8226; Istituto Figlie di Maria Ausiliatrice","description":"Le 5 ao\u00fbt 2022, \u00e0 Rome, la Communaut\u00e9 de la Maison G\u00e9n\u00e9rale, avec la Vicaire g\u00e9n\u00e9rale et quelques Conseill\u00e8res pr\u00e9sentes au si\u00e8ge, a c\u00e9l\u00e9br\u00e9 le 150\u00e8me anniversaire de la Fondation de l\u2019Institut FMA.","robots":{"index":"index","follow":"follow","max-snippet":"max-snippet:-1","max-image-preview":"max-image-preview:large","max-video-preview":"max-video-preview:-1"},"canonical":"https:\/\/www.cgfmanet.org\/fr\/ifma-fr\/celebrations-du-150eme-anniversaire-a-rome-maison-generale\/","og_locale":"fr_FR","og_type":"article","og_title":"C\u00e9l\u00e9brations du 150\u00e8me anniversaire \u00e0 Rome, Maison G\u00e9n\u00e9rale &#8226; Istituto Figlie di Maria Ausiliatrice","og_description":"Le 5 ao\u00fbt 2022, \u00e0 Rome, la Communaut\u00e9 de la Maison G\u00e9n\u00e9rale, avec la Vicaire g\u00e9n\u00e9rale et quelques Conseill\u00e8res pr\u00e9sentes au si\u00e8ge, a c\u00e9l\u00e9br\u00e9 le 150\u00e8me anniversaire de la Fondation de l\u2019Institut FMA.","og_url":"https:\/\/www.cgfmanet.org\/fr\/ifma-fr\/celebrations-du-150eme-anniversaire-a-rome-maison-generale\/","og_site_name":"Istituto Figlie di Maria Ausiliatrice","article_publisher":"https:\/\/www.facebook.com\/salesian.sisters.of.don.bosco\/","article_published_time":"2022-08-07T08:45:03+00:00","article_modified_time":"2022-08-12T08:38:22+00:00","og_image":[{"width":1080,"height":720,"url":"https:\/\/www.cgfmanet.org\/wp-content\/uploads\/2022\/08\/150\u00b0-Casa-Generalizia.jpg","type":"image\/jpeg"}],"author":"Redazione","twitter_card":"summary_large_image","twitter_creator":"@Cgfmanet_Org","twitter_site":"@Cgfmanet_Org","twitter_misc":{"\u00c9crit par":"Redazione","Dur\u00e9e de lecture estim\u00e9e":"6 minutes"},"schema":{"@context":"https:\/\/schema.org","@graph":[{"@type":"Article","@id":"https:\/\/www.cgfmanet.org\/fr\/ifma-fr\/celebrations-du-150eme-anniversaire-a-rome-maison-generale\/#article","isPartOf":{"@id":"https:\/\/www.cgfmanet.org\/fr\/ifma-fr\/celebrations-du-150eme-anniversaire-a-rome-maison-generale\/"},"author":{"name":"Redazione","@id":"https:\/\/www.cgfmanet.org\/es\/#\/schema\/person\/ce6473083f53ef0ef882cca23f0c8fb9"},"headline":"C\u00e9l\u00e9brations du 150\u00e8me anniversaire \u00e0 Rome, Maison G\u00e9n\u00e9rale","datePublished":"2022-08-07T08:45:03+00:00","dateModified":"2022-08-12T08:38:22+00:00","mainEntityOfPage":{"@id":"https:\/\/www.cgfmanet.org\/fr\/ifma-fr\/celebrations-du-150eme-anniversaire-a-rome-maison-generale\/"},"wordCount":1096,"commentCount":0,"publisher":{"@id":"https:\/\/www.cgfmanet.org\/es\/#organization"},"image":{"@id":"https:\/\/www.cgfmanet.org\/fr\/ifma-fr\/celebrations-du-150eme-anniversaire-a-rome-maison-generale\/#primaryimage"},"thumbnailUrl":"https:\/\/www.cgfmanet.org\/wp-content\/uploads\/2022\/08\/150\u00b0-Casa-Generalizia.jpg","keywords":["Vicaire G\u00e9n\u00e9rale","RCG","Carisma salesiano","cultura vocazionale","Focus","150\u00b0 IFMA"],"articleSection":["150e Institut FMA","IFMA"],"inLanguage":"fr-FR","potentialAction":[{"@type":"CommentAction","name":"Comment","target":["https:\/\/www.cgfmanet.org\/fr\/ifma-fr\/celebrations-du-150eme-anniversaire-a-rome-maison-generale\/#respond"]}]},{"@type":"WebPage","@id":"https:\/\/www.cgfmanet.org\/fr\/ifma-fr\/celebrations-du-150eme-anniversaire-a-rome-maison-generale\/","url":"https:\/\/www.cgfmanet.org\/fr\/ifma-fr\/celebrations-du-150eme-anniversaire-a-rome-maison-generale\/","name":"C\u00e9l\u00e9brations du 150\u00e8me anniversaire \u00e0 Rome, Maison G\u00e9n\u00e9rale &#8226; Istituto Figlie di Maria Ausiliatrice","isPartOf":{"@id":"https:\/\/www.cgfmanet.org\/es\/#website"},"primaryImageOfPage":{"@id":"https:\/\/www.cgfmanet.org\/fr\/ifma-fr\/celebrations-du-150eme-anniversaire-a-rome-maison-generale\/#primaryimage"},"image":{"@id":"https:\/\/www.cgfmanet.org\/fr\/ifma-fr\/celebrations-du-150eme-anniversaire-a-rome-maison-generale\/#primaryimage"},"thumbnailUrl":"https:\/\/www.cgfmanet.org\/wp-content\/uploads\/2022\/08\/150\u00b0-Casa-Generalizia.jpg","datePublished":"2022-08-07T08:45:03+00:00","dateModified":"2022-08-12T08:38:22+00:00","description":"Le 5 ao\u00fbt 2022, \u00e0 Rome, la Communaut\u00e9 de la Maison G\u00e9n\u00e9rale, avec la Vicaire g\u00e9n\u00e9rale et quelques Conseill\u00e8res pr\u00e9sentes au si\u00e8ge, a c\u00e9l\u00e9br\u00e9 le 150\u00e8me anniversaire de la Fondation de l\u2019Institut FMA.","breadcrumb":{"@id":"https:\/\/www.cgfmanet.org\/fr\/ifma-fr\/celebrations-du-150eme-anniversaire-a-rome-maison-generale\/#breadcrumb"},"inLanguage":"fr-FR","potentialAction":[{"@type":"ReadAction","target":["https:\/\/www.cgfmanet.org\/fr\/ifma-fr\/celebrations-du-150eme-anniversaire-a-rome-maison-generale\/"]}]},{"@type":"ImageObject","inLanguage":"fr-FR","@id":"https:\/\/www.cgfmanet.org\/fr\/ifma-fr\/celebrations-du-150eme-anniversaire-a-rome-maison-generale\/#primaryimage","url":"https:\/\/www.cgfmanet.org\/wp-content\/uploads\/2022\/08\/150\u00b0-Casa-Generalizia.jpg","contentUrl":"https:\/\/www.cgfmanet.org\/wp-content\/uploads\/2022\/08\/150\u00b0-Casa-Generalizia.jpg","width":1080,"height":720},{"@type":"BreadcrumbList","@id":"https:\/\/www.cgfmanet.org\/fr\/ifma-fr\/celebrations-du-150eme-anniversaire-a-rome-maison-generale\/#breadcrumb","itemListElement":[{"@type":"ListItem","position":1,"name":"Home","item":"https:\/\/www.cgfmanet.org\/fr\/"},{"@type":"ListItem","position":2,"name":"C\u00e9l\u00e9brations du 150\u00e8me anniversaire \u00e0 Rome, Maison G\u00e9n\u00e9rale"}]},{"@type":"WebSite","@id":"https:\/\/www.cgfmanet.org\/es\/#website","url":"https:\/\/www.cgfmanet.org\/es\/","name":"Istituto Figlie di Maria Ausiliatrice","description":"Salesiane di Don Bosco","publisher":{"@id":"https:\/\/www.cgfmanet.org\/es\/#organization"},"potentialAction":[{"@type":"SearchAction","target":{"@type":"EntryPoint","urlTemplate":"https:\/\/www.cgfmanet.org\/es\/?s={search_term_string}"},"query-input":{"@type":"PropertyValueSpecification","valueRequired":true,"valueName":"search_term_string"}}],"inLanguage":"fr-FR"},{"@type":"Organization","@id":"https:\/\/www.cgfmanet.org\/es\/#organization","name":"Istituto Figlie di Maria Ausiliatrice","url":"https:\/\/www.cgfmanet.org\/es\/","logo":{"@type":"ImageObject","inLanguage":"fr-FR","@id":"https:\/\/www.cgfmanet.org\/es\/#\/schema\/logo\/image\/","url":"https:\/\/www.cgfmanet.org\/wp-content\/uploads\/2018\/10\/logo-fma.png","contentUrl":"https:\/\/www.cgfmanet.org\/wp-content\/uploads\/2018\/10\/logo-fma.png","width":214,"height":55,"caption":"Istituto Figlie di Maria Ausiliatrice"},"image":{"@id":"https:\/\/www.cgfmanet.org\/es\/#\/schema\/logo\/image\/"},"sameAs":["https:\/\/www.facebook.com\/salesian.sisters.of.don.bosco\/","https:\/\/x.com\/Cgfmanet_Org","https:\/\/www.youtube.com\/channel\/UCmcr8yFQBV7JXeXVxyV9y5Q"]},{"@type":"Person","@id":"https:\/\/www.cgfmanet.org\/es\/#\/schema\/person\/ce6473083f53ef0ef882cca23f0c8fb9","name":"Redazione"}]}},"_links":{"self":[{"href":"https:\/\/www.cgfmanet.org\/fr\/wp-json\/wp\/v2\/posts\/72138","targetHints":{"allow":["GET"]}}],"collection":[{"href":"https:\/\/www.cgfmanet.org\/fr\/wp-json\/wp\/v2\/posts"}],"about":[{"href":"https:\/\/www.cgfmanet.org\/fr\/wp-json\/wp\/v2\/types\/post"}],"author":[{"embeddable":true,"href":"https:\/\/www.cgfmanet.org\/fr\/wp-json\/wp\/v2\/users\/21"}],"replies":[{"embeddable":true,"href":"https:\/\/www.cgfmanet.org\/fr\/wp-json\/wp\/v2\/comments?post=72138"}],"version-history":[{"count":0,"href":"https:\/\/www.cgfmanet.org\/fr\/wp-json\/wp\/v2\/posts\/72138\/revisions"}],"wp:featuredmedia":[{"embeddable":true,"href":"https:\/\/www.cgfmanet.org\/fr\/wp-json\/wp\/v2\/media\/72117"}],"wp:attachment":[{"href":"https:\/\/www.cgfmanet.org\/fr\/wp-json\/wp\/v2\/media?parent=72138"}],"wp:term":[{"taxonomy":"category","embeddable":true,"href":"https:\/\/www.cgfmanet.org\/fr\/wp-json\/wp\/v2\/categories?post=72138"},{"taxonomy":"post_tag","embeddable":true,"href":"https:\/\/www.cgfmanet.org\/fr\/wp-json\/wp\/v2\/tags?post=72138"}],"curies":[{"name":"wp","href":"https:\/\/api.w.org\/{rel}","templated":true}]}}