{"id":71958,"date":"2022-08-04T14:56:39","date_gmt":"2022-08-04T12:56:39","guid":{"rendered":"https:\/\/www.cgfmanet.org\/info-sphere\/messaggio-della-madre-da-mornese-5-agosto-2022\/"},"modified":"2022-08-04T23:54:59","modified_gmt":"2022-08-04T21:54:59","slug":"message-de-mere-chiara-de-mornese-5-aout-2022","status":"publish","type":"post","link":"https:\/\/www.cgfmanet.org\/fr\/ifma-fr\/150e-institut-fma\/message-de-mere-chiara-de-mornese-5-aout-2022\/","title":{"rendered":"Message de M\u00e8re Chiara de Mornese \u2013 5 ao\u00fbt 2022"},"content":{"rendered":"<p><strong>Mornese (Italie).<\/strong> Le 5 ao\u00fbt 2022, \u00e0 l\u2019occasion du 150<sup>\u00e8me<\/sup> Anniversaire de la Fondation de l\u2019Institut des Filles de Marie Auxiliatrice la Sup\u00e9rieure G\u00e9n\u00e9rale, M\u00e8re Chiara Cazzuola, a atteint avec un message vid\u00e9o de Mornese toutes les Filles de Marie Auxiliatrice et les Communaut\u00e9s Educatives.<\/p>\n<p><iframe title=\"Mornese 5 Agosto 2022. Messaggio di Madre Chiara Cazzuola\" width=\"696\" height=\"392\" data-src=\"https:\/\/www.youtube.com\/embed\/frahGGrIWs0?feature=oembed\" frameborder=\"0\" allow=\"accelerometer; autoplay; clipboard-write; encrypted-media; gyroscope; picture-in-picture\" allowfullscreen src=\"data:image\/svg+xml;base64,PHN2ZyB3aWR0aD0iMSIgaGVpZ2h0PSIxIiB4bWxucz0iaHR0cDovL3d3dy53My5vcmcvMjAwMC9zdmciPjwvc3ZnPg==\" class=\"lazyload\" data-load-mode=\"1\"><\/iframe><\/p>\n<p>Ce sera toujours le lieu o\u00f9 les yeux de toutes les FMA se poseront, car la saintet\u00e9 de notre M\u00e8re Maria D. Mazzarello, a \u00e9crit des paroles de vie sur les pierres, sur les murs, dans les rainures, dans les profondeurs de l\u2019esprit.<\/p>\n<p><strong><em>Et aujourd\u2018hui, avec le c\u0153ur \u00e0 Mornese,<\/em><\/strong><strong> <em>de chaque communaut\u00e9 du monde, du matin au soir, s\u2019\u00e9l\u00e8ve un hymne de louange et d\u2019action de gr\u00e2ce \u00e0 Dieu pour les merveilles qu\u2019il a accompli dans l\u2019histoire et dans la vie de chacune de nous.<\/em><\/strong><\/p>\n<p>La c\u00e9l\u00e9bration jubilaire tant attendue, dont l\u2019\u00e9cho r\u00e9sonne sur les cinq continents o\u00f9 sont pr\u00e9sentes les Filles de Marie Auxiliatrice, arrive apr\u00e8s une p\u00e9riode de trois ans au cours de laquelle les Communaut\u00e9s Educatives se sont pr\u00e9par\u00e9es \u00e0 vivre cet \u00e9v\u00e8nement de gr\u00e2ce, de louange et de gratitude, d\u2019approfondissement charismatique et de c\u00e9l\u00e9brations des merveilles accomplies par notre Seigneur en 150 ans d\u2019histoire\u00a0:<\/p>\n<p><em>C\u00e9l\u00e9brer c\u2019est rendre gr\u00e2ce pour le chemin parcouru, mais \u00e9galement regarder vers l\u2019avenir, vers le chemin qui continue. La r\u00e9f\u00e9rence est encore M\u00e8re Mazzarello car son engagement \u00e9ducatif l\u2019a pouss\u00e9e \u00e0 partir des besoins imm\u00e9diats, afin de raviver l\u2019esp\u00e9rance, de guider vers les valeurs, vers une mission de grande envergure dont nous sommes aujourd\u2019hui le signe et l\u2019actualisation mondiale.<\/em><\/p>\n<p>Avec le c\u0153ur tourn\u00e9 vers les origines et le regard tourn\u00e9 vers l\u2019avenir, M\u00e8re Chiara souhaite une bonne f\u00eate et une bonne continuation du chemin de saintet\u00e9, sur les traces de Maria Domenica Mazzarello et avec le soutien de Marie Auxiliatrice.<\/p>\n<p><em>Que l\u2019Auxiliatrice, qui dans la repr\u00e9sentation du sanctuaire construit lors du centenaire de la fondation de l\u2019Institut (1972) aux Mazzarelli \u00e0 Mornese, est pench\u00e9 vers Maria Mazzarello, vienne \u00e0 la rencontre de nous toutes, sur le chemin qui s\u2019ouvre \u00e0 l\u2019avenir, afin que dans la recherche de nouvelles voies d\u2019\u00e9ducation, nous ne perdions pas l\u2019inspiration originelle et que nous restions fid\u00e8les \u00e0 la radicalit\u00e9 du da mihi animas cetera tolle et du Je te les confie. Qu\u2019Elle soutienne le chemin de saintet\u00e9 de chacune de nous et de nos communaut\u00e9s \u00e9ducatives, car la saintet\u00e9 est le plus beau visage de l\u2019Institut, le secret de sa vitalit\u00e9 missionnaire et vocationnelle.<\/em><\/p>\n<p><span style=\"color: #0000ff;\"><a style=\"color: #0000ff;\" href=\"https:\/\/drive.google.com\/file\/d\/12o7IkTs4fFtIevsxIn0lQ3csOZ9DcnVH\/view?usp=sharing\" target=\"_blank\" rel=\"noopener\"><strong>Texte int\u00e9gral<\/strong><\/a><\/span><\/p>\n","protected":false},"excerpt":{"rendered":"<p>Mornese (Italie). Le 5 ao\u00fbt 2022, \u00e0 l\u2019occasion du 150\u00e8me Anniversaire de la Fondation de l\u2019Institut des Filles de Marie Auxiliatrice la Sup\u00e9rieure G\u00e9n\u00e9rale, M\u00e8re Chiara Cazzuola, a atteint avec [&hellip;]<\/p>\n","protected":false},"author":21,"featured_media":71963,"comment_status":"open","ping_status":"closed","sticky":false,"template":"","format":"standard","meta":{"footnotes":""},"categories":[2402,156],"tags":[1562,1661,1929,2276,2377],"class_list":["post-71958","post","type-post","status-publish","format-standard","has-post-thumbnail","category-150e-institut-fma","category-ifma-fr","tag-mornese-en-fr","tag-carisma-salesiano-fr","tag-focus-fr","tag-150-ifma-fr","tag-madre-chiara-cazzuola-fr"],"yoast_head":"<!-- This site is optimized with the Yoast SEO plugin v27.4 - https:\/\/yoast.com\/product\/yoast-seo-wordpress\/ -->\n<title>Message de M\u00e8re Chiara de Mornese \u2013 5 ao\u00fbt 2022 &#8226; Istituto Figlie di Maria Ausiliatrice<\/title>\n<meta name=\"description\" content=\"A l\u2019occasion du 150\u00e8me Anniversaire de la Fondation de l\u2019Institut FMA, la M\u00e8re G\u00e9n\u00e9rale, S\u0153ur Chiara Cazzuola, de Mornese a atteint avec un message vid\u00e9o toutes les FMA et les Communaut\u00e9s Educatives.\" \/>\n<meta name=\"robots\" content=\"index, follow, max-snippet:-1, max-image-preview:large, max-video-preview:-1\" \/>\n<link rel=\"canonical\" href=\"https:\/\/www.cgfmanet.org\/fr\/ifma-fr\/150e-institut-fma\/message-de-mere-chiara-de-mornese-5-aout-2022\/\" \/>\n<meta property=\"og:locale\" content=\"fr_FR\" \/>\n<meta property=\"og:type\" content=\"article\" \/>\n<meta property=\"og:title\" content=\"Message de M\u00e8re Chiara de Mornese \u2013 5 ao\u00fbt 2022 &#8226; Istituto Figlie di Maria Ausiliatrice\" \/>\n<meta property=\"og:description\" content=\"A l\u2019occasion du 150\u00e8me Anniversaire de la Fondation de l\u2019Institut FMA, la M\u00e8re G\u00e9n\u00e9rale, S\u0153ur Chiara Cazzuola, de Mornese a atteint avec un message vid\u00e9o toutes les FMA et les Communaut\u00e9s Educatives.\" \/>\n<meta property=\"og:url\" content=\"https:\/\/www.cgfmanet.org\/fr\/ifma-fr\/150e-institut-fma\/message-de-mere-chiara-de-mornese-5-aout-2022\/\" \/>\n<meta property=\"og:site_name\" content=\"Istituto Figlie di Maria Ausiliatrice\" \/>\n<meta property=\"article:publisher\" content=\"https:\/\/www.facebook.com\/salesian.sisters.of.don.bosco\/\" \/>\n<meta property=\"article:published_time\" content=\"2022-08-04T12:56:39+00:00\" \/>\n<meta property=\"article:modified_time\" content=\"2022-08-04T21:54:59+00:00\" \/>\n<meta property=\"og:image\" content=\"https:\/\/www.cgfmanet.org\/wp-content\/uploads\/2022\/08\/Videomessaggio-Madre_5-agosto-2022_ok.jpg\" \/>\n\t<meta property=\"og:image:width\" content=\"1200\" \/>\n\t<meta property=\"og:image:height\" content=\"800\" \/>\n\t<meta property=\"og:image:type\" content=\"image\/jpeg\" \/>\n<meta name=\"author\" content=\"Redazione\" \/>\n<meta name=\"twitter:card\" content=\"summary_large_image\" \/>\n<meta name=\"twitter:creator\" content=\"@Cgfmanet_Org\" \/>\n<meta name=\"twitter:site\" content=\"@Cgfmanet_Org\" \/>\n<meta name=\"twitter:label1\" content=\"\u00c9crit par\" \/>\n\t<meta name=\"twitter:data1\" content=\"Redazione\" \/>\n\t<meta name=\"twitter:label2\" content=\"Dur\u00e9e de lecture estim\u00e9e\" \/>\n\t<meta name=\"twitter:data2\" content=\"2 minutes\" \/>\n<script type=\"application\/ld+json\" class=\"yoast-schema-graph\">{\"@context\":\"https:\\\/\\\/schema.org\",\"@graph\":[{\"@type\":\"Article\",\"@id\":\"https:\\\/\\\/www.cgfmanet.org\\\/fr\\\/ifma-fr\\\/150e-institut-fma\\\/message-de-mere-chiara-de-mornese-5-aout-2022\\\/#article\",\"isPartOf\":{\"@id\":\"https:\\\/\\\/www.cgfmanet.org\\\/fr\\\/ifma-fr\\\/150e-institut-fma\\\/message-de-mere-chiara-de-mornese-5-aout-2022\\\/\"},\"author\":{\"name\":\"Redazione\",\"@id\":\"https:\\\/\\\/www.cgfmanet.org\\\/es\\\/#\\\/schema\\\/person\\\/ce6473083f53ef0ef882cca23f0c8fb9\"},\"headline\":\"Message de M\u00e8re Chiara de Mornese \u2013 5 ao\u00fbt 2022\",\"datePublished\":\"2022-08-04T12:56:39+00:00\",\"dateModified\":\"2022-08-04T21:54:59+00:00\",\"mainEntityOfPage\":{\"@id\":\"https:\\\/\\\/www.cgfmanet.org\\\/fr\\\/ifma-fr\\\/150e-institut-fma\\\/message-de-mere-chiara-de-mornese-5-aout-2022\\\/\"},\"wordCount\":473,\"commentCount\":7,\"publisher\":{\"@id\":\"https:\\\/\\\/www.cgfmanet.org\\\/es\\\/#organization\"},\"image\":{\"@id\":\"https:\\\/\\\/www.cgfmanet.org\\\/fr\\\/ifma-fr\\\/150e-institut-fma\\\/message-de-mere-chiara-de-mornese-5-aout-2022\\\/#primaryimage\"},\"thumbnailUrl\":\"https:\\\/\\\/www.cgfmanet.org\\\/wp-content\\\/uploads\\\/2022\\\/08\\\/Videomessaggio-Madre_5-agosto-2022_ok.jpg\",\"keywords\":[\"Mornese\",\"Carisma salesiano\",\"Focus\",\"150\u00b0 IFMA\",\"Madre Chiara Cazzuola\"],\"articleSection\":[\"150e Institut FMA\",\"IFMA\"],\"inLanguage\":\"fr-FR\",\"potentialAction\":[{\"@type\":\"CommentAction\",\"name\":\"Comment\",\"target\":[\"https:\\\/\\\/www.cgfmanet.org\\\/fr\\\/ifma-fr\\\/150e-institut-fma\\\/message-de-mere-chiara-de-mornese-5-aout-2022\\\/#respond\"]}]},{\"@type\":\"WebPage\",\"@id\":\"https:\\\/\\\/www.cgfmanet.org\\\/fr\\\/ifma-fr\\\/150e-institut-fma\\\/message-de-mere-chiara-de-mornese-5-aout-2022\\\/\",\"url\":\"https:\\\/\\\/www.cgfmanet.org\\\/fr\\\/ifma-fr\\\/150e-institut-fma\\\/message-de-mere-chiara-de-mornese-5-aout-2022\\\/\",\"name\":\"Message de M\u00e8re Chiara de Mornese \u2013 5 ao\u00fbt 2022 &#8226; Istituto Figlie di Maria Ausiliatrice\",\"isPartOf\":{\"@id\":\"https:\\\/\\\/www.cgfmanet.org\\\/es\\\/#website\"},\"primaryImageOfPage\":{\"@id\":\"https:\\\/\\\/www.cgfmanet.org\\\/fr\\\/ifma-fr\\\/150e-institut-fma\\\/message-de-mere-chiara-de-mornese-5-aout-2022\\\/#primaryimage\"},\"image\":{\"@id\":\"https:\\\/\\\/www.cgfmanet.org\\\/fr\\\/ifma-fr\\\/150e-institut-fma\\\/message-de-mere-chiara-de-mornese-5-aout-2022\\\/#primaryimage\"},\"thumbnailUrl\":\"https:\\\/\\\/www.cgfmanet.org\\\/wp-content\\\/uploads\\\/2022\\\/08\\\/Videomessaggio-Madre_5-agosto-2022_ok.jpg\",\"datePublished\":\"2022-08-04T12:56:39+00:00\",\"dateModified\":\"2022-08-04T21:54:59+00:00\",\"description\":\"A l\u2019occasion du 150\u00e8me Anniversaire de la Fondation de l\u2019Institut FMA, la M\u00e8re G\u00e9n\u00e9rale, S\u0153ur Chiara Cazzuola, de Mornese a atteint avec un message vid\u00e9o toutes les FMA et les Communaut\u00e9s Educatives.\",\"breadcrumb\":{\"@id\":\"https:\\\/\\\/www.cgfmanet.org\\\/fr\\\/ifma-fr\\\/150e-institut-fma\\\/message-de-mere-chiara-de-mornese-5-aout-2022\\\/#breadcrumb\"},\"inLanguage\":\"fr-FR\",\"potentialAction\":[{\"@type\":\"ReadAction\",\"target\":[\"https:\\\/\\\/www.cgfmanet.org\\\/fr\\\/ifma-fr\\\/150e-institut-fma\\\/message-de-mere-chiara-de-mornese-5-aout-2022\\\/\"]}]},{\"@type\":\"ImageObject\",\"inLanguage\":\"fr-FR\",\"@id\":\"https:\\\/\\\/www.cgfmanet.org\\\/fr\\\/ifma-fr\\\/150e-institut-fma\\\/message-de-mere-chiara-de-mornese-5-aout-2022\\\/#primaryimage\",\"url\":\"https:\\\/\\\/www.cgfmanet.org\\\/wp-content\\\/uploads\\\/2022\\\/08\\\/Videomessaggio-Madre_5-agosto-2022_ok.jpg\",\"contentUrl\":\"https:\\\/\\\/www.cgfmanet.org\\\/wp-content\\\/uploads\\\/2022\\\/08\\\/Videomessaggio-Madre_5-agosto-2022_ok.jpg\",\"width\":1200,\"height\":800},{\"@type\":\"BreadcrumbList\",\"@id\":\"https:\\\/\\\/www.cgfmanet.org\\\/fr\\\/ifma-fr\\\/150e-institut-fma\\\/message-de-mere-chiara-de-mornese-5-aout-2022\\\/#breadcrumb\",\"itemListElement\":[{\"@type\":\"ListItem\",\"position\":1,\"name\":\"Home\",\"item\":\"https:\\\/\\\/www.cgfmanet.org\\\/fr\\\/\"},{\"@type\":\"ListItem\",\"position\":2,\"name\":\"Message de M\u00e8re Chiara de Mornese \u2013 5 ao\u00fbt 2022\"}]},{\"@type\":\"WebSite\",\"@id\":\"https:\\\/\\\/www.cgfmanet.org\\\/es\\\/#website\",\"url\":\"https:\\\/\\\/www.cgfmanet.org\\\/es\\\/\",\"name\":\"Istituto Figlie di Maria Ausiliatrice\",\"description\":\"Salesiane di Don Bosco\",\"publisher\":{\"@id\":\"https:\\\/\\\/www.cgfmanet.org\\\/es\\\/#organization\"},\"potentialAction\":[{\"@type\":\"SearchAction\",\"target\":{\"@type\":\"EntryPoint\",\"urlTemplate\":\"https:\\\/\\\/www.cgfmanet.org\\\/es\\\/?s={search_term_string}\"},\"query-input\":{\"@type\":\"PropertyValueSpecification\",\"valueRequired\":true,\"valueName\":\"search_term_string\"}}],\"inLanguage\":\"fr-FR\"},{\"@type\":\"Organization\",\"@id\":\"https:\\\/\\\/www.cgfmanet.org\\\/es\\\/#organization\",\"name\":\"Istituto Figlie di Maria Ausiliatrice\",\"url\":\"https:\\\/\\\/www.cgfmanet.org\\\/es\\\/\",\"logo\":{\"@type\":\"ImageObject\",\"inLanguage\":\"fr-FR\",\"@id\":\"https:\\\/\\\/www.cgfmanet.org\\\/es\\\/#\\\/schema\\\/logo\\\/image\\\/\",\"url\":\"https:\\\/\\\/www.cgfmanet.org\\\/wp-content\\\/uploads\\\/2018\\\/10\\\/logo-fma.png\",\"contentUrl\":\"https:\\\/\\\/www.cgfmanet.org\\\/wp-content\\\/uploads\\\/2018\\\/10\\\/logo-fma.png\",\"width\":214,\"height\":55,\"caption\":\"Istituto Figlie di Maria Ausiliatrice\"},\"image\":{\"@id\":\"https:\\\/\\\/www.cgfmanet.org\\\/es\\\/#\\\/schema\\\/logo\\\/image\\\/\"},\"sameAs\":[\"https:\\\/\\\/www.facebook.com\\\/salesian.sisters.of.don.bosco\\\/\",\"https:\\\/\\\/x.com\\\/Cgfmanet_Org\",\"https:\\\/\\\/www.youtube.com\\\/channel\\\/UCmcr8yFQBV7JXeXVxyV9y5Q\"]},{\"@type\":\"Person\",\"@id\":\"https:\\\/\\\/www.cgfmanet.org\\\/es\\\/#\\\/schema\\\/person\\\/ce6473083f53ef0ef882cca23f0c8fb9\",\"name\":\"Redazione\"}]}<\/script>\n<!-- \/ Yoast SEO plugin. -->","yoast_head_json":{"title":"Message de M\u00e8re Chiara de Mornese \u2013 5 ao\u00fbt 2022 &#8226; Istituto Figlie di Maria Ausiliatrice","description":"A l\u2019occasion du 150\u00e8me Anniversaire de la Fondation de l\u2019Institut FMA, la M\u00e8re G\u00e9n\u00e9rale, S\u0153ur Chiara Cazzuola, de Mornese a atteint avec un message vid\u00e9o toutes les FMA et les Communaut\u00e9s Educatives.","robots":{"index":"index","follow":"follow","max-snippet":"max-snippet:-1","max-image-preview":"max-image-preview:large","max-video-preview":"max-video-preview:-1"},"canonical":"https:\/\/www.cgfmanet.org\/fr\/ifma-fr\/150e-institut-fma\/message-de-mere-chiara-de-mornese-5-aout-2022\/","og_locale":"fr_FR","og_type":"article","og_title":"Message de M\u00e8re Chiara de Mornese \u2013 5 ao\u00fbt 2022 &#8226; Istituto Figlie di Maria Ausiliatrice","og_description":"A l\u2019occasion du 150\u00e8me Anniversaire de la Fondation de l\u2019Institut FMA, la M\u00e8re G\u00e9n\u00e9rale, S\u0153ur Chiara Cazzuola, de Mornese a atteint avec un message vid\u00e9o toutes les FMA et les Communaut\u00e9s Educatives.","og_url":"https:\/\/www.cgfmanet.org\/fr\/ifma-fr\/150e-institut-fma\/message-de-mere-chiara-de-mornese-5-aout-2022\/","og_site_name":"Istituto Figlie di Maria Ausiliatrice","article_publisher":"https:\/\/www.facebook.com\/salesian.sisters.of.don.bosco\/","article_published_time":"2022-08-04T12:56:39+00:00","article_modified_time":"2022-08-04T21:54:59+00:00","og_image":[{"width":1200,"height":800,"url":"https:\/\/www.cgfmanet.org\/wp-content\/uploads\/2022\/08\/Videomessaggio-Madre_5-agosto-2022_ok.jpg","type":"image\/jpeg"}],"author":"Redazione","twitter_card":"summary_large_image","twitter_creator":"@Cgfmanet_Org","twitter_site":"@Cgfmanet_Org","twitter_misc":{"\u00c9crit par":"Redazione","Dur\u00e9e de lecture estim\u00e9e":"2 minutes"},"schema":{"@context":"https:\/\/schema.org","@graph":[{"@type":"Article","@id":"https:\/\/www.cgfmanet.org\/fr\/ifma-fr\/150e-institut-fma\/message-de-mere-chiara-de-mornese-5-aout-2022\/#article","isPartOf":{"@id":"https:\/\/www.cgfmanet.org\/fr\/ifma-fr\/150e-institut-fma\/message-de-mere-chiara-de-mornese-5-aout-2022\/"},"author":{"name":"Redazione","@id":"https:\/\/www.cgfmanet.org\/es\/#\/schema\/person\/ce6473083f53ef0ef882cca23f0c8fb9"},"headline":"Message de M\u00e8re Chiara de Mornese \u2013 5 ao\u00fbt 2022","datePublished":"2022-08-04T12:56:39+00:00","dateModified":"2022-08-04T21:54:59+00:00","mainEntityOfPage":{"@id":"https:\/\/www.cgfmanet.org\/fr\/ifma-fr\/150e-institut-fma\/message-de-mere-chiara-de-mornese-5-aout-2022\/"},"wordCount":473,"commentCount":7,"publisher":{"@id":"https:\/\/www.cgfmanet.org\/es\/#organization"},"image":{"@id":"https:\/\/www.cgfmanet.org\/fr\/ifma-fr\/150e-institut-fma\/message-de-mere-chiara-de-mornese-5-aout-2022\/#primaryimage"},"thumbnailUrl":"https:\/\/www.cgfmanet.org\/wp-content\/uploads\/2022\/08\/Videomessaggio-Madre_5-agosto-2022_ok.jpg","keywords":["Mornese","Carisma salesiano","Focus","150\u00b0 IFMA","Madre Chiara Cazzuola"],"articleSection":["150e Institut FMA","IFMA"],"inLanguage":"fr-FR","potentialAction":[{"@type":"CommentAction","name":"Comment","target":["https:\/\/www.cgfmanet.org\/fr\/ifma-fr\/150e-institut-fma\/message-de-mere-chiara-de-mornese-5-aout-2022\/#respond"]}]},{"@type":"WebPage","@id":"https:\/\/www.cgfmanet.org\/fr\/ifma-fr\/150e-institut-fma\/message-de-mere-chiara-de-mornese-5-aout-2022\/","url":"https:\/\/www.cgfmanet.org\/fr\/ifma-fr\/150e-institut-fma\/message-de-mere-chiara-de-mornese-5-aout-2022\/","name":"Message de M\u00e8re Chiara de Mornese \u2013 5 ao\u00fbt 2022 &#8226; Istituto Figlie di Maria Ausiliatrice","isPartOf":{"@id":"https:\/\/www.cgfmanet.org\/es\/#website"},"primaryImageOfPage":{"@id":"https:\/\/www.cgfmanet.org\/fr\/ifma-fr\/150e-institut-fma\/message-de-mere-chiara-de-mornese-5-aout-2022\/#primaryimage"},"image":{"@id":"https:\/\/www.cgfmanet.org\/fr\/ifma-fr\/150e-institut-fma\/message-de-mere-chiara-de-mornese-5-aout-2022\/#primaryimage"},"thumbnailUrl":"https:\/\/www.cgfmanet.org\/wp-content\/uploads\/2022\/08\/Videomessaggio-Madre_5-agosto-2022_ok.jpg","datePublished":"2022-08-04T12:56:39+00:00","dateModified":"2022-08-04T21:54:59+00:00","description":"A l\u2019occasion du 150\u00e8me Anniversaire de la Fondation de l\u2019Institut FMA, la M\u00e8re G\u00e9n\u00e9rale, S\u0153ur Chiara Cazzuola, de Mornese a atteint avec un message vid\u00e9o toutes les FMA et les Communaut\u00e9s Educatives.","breadcrumb":{"@id":"https:\/\/www.cgfmanet.org\/fr\/ifma-fr\/150e-institut-fma\/message-de-mere-chiara-de-mornese-5-aout-2022\/#breadcrumb"},"inLanguage":"fr-FR","potentialAction":[{"@type":"ReadAction","target":["https:\/\/www.cgfmanet.org\/fr\/ifma-fr\/150e-institut-fma\/message-de-mere-chiara-de-mornese-5-aout-2022\/"]}]},{"@type":"ImageObject","inLanguage":"fr-FR","@id":"https:\/\/www.cgfmanet.org\/fr\/ifma-fr\/150e-institut-fma\/message-de-mere-chiara-de-mornese-5-aout-2022\/#primaryimage","url":"https:\/\/www.cgfmanet.org\/wp-content\/uploads\/2022\/08\/Videomessaggio-Madre_5-agosto-2022_ok.jpg","contentUrl":"https:\/\/www.cgfmanet.org\/wp-content\/uploads\/2022\/08\/Videomessaggio-Madre_5-agosto-2022_ok.jpg","width":1200,"height":800},{"@type":"BreadcrumbList","@id":"https:\/\/www.cgfmanet.org\/fr\/ifma-fr\/150e-institut-fma\/message-de-mere-chiara-de-mornese-5-aout-2022\/#breadcrumb","itemListElement":[{"@type":"ListItem","position":1,"name":"Home","item":"https:\/\/www.cgfmanet.org\/fr\/"},{"@type":"ListItem","position":2,"name":"Message de M\u00e8re Chiara de Mornese \u2013 5 ao\u00fbt 2022"}]},{"@type":"WebSite","@id":"https:\/\/www.cgfmanet.org\/es\/#website","url":"https:\/\/www.cgfmanet.org\/es\/","name":"Istituto Figlie di Maria Ausiliatrice","description":"Salesiane di Don Bosco","publisher":{"@id":"https:\/\/www.cgfmanet.org\/es\/#organization"},"potentialAction":[{"@type":"SearchAction","target":{"@type":"EntryPoint","urlTemplate":"https:\/\/www.cgfmanet.org\/es\/?s={search_term_string}"},"query-input":{"@type":"PropertyValueSpecification","valueRequired":true,"valueName":"search_term_string"}}],"inLanguage":"fr-FR"},{"@type":"Organization","@id":"https:\/\/www.cgfmanet.org\/es\/#organization","name":"Istituto Figlie di Maria Ausiliatrice","url":"https:\/\/www.cgfmanet.org\/es\/","logo":{"@type":"ImageObject","inLanguage":"fr-FR","@id":"https:\/\/www.cgfmanet.org\/es\/#\/schema\/logo\/image\/","url":"https:\/\/www.cgfmanet.org\/wp-content\/uploads\/2018\/10\/logo-fma.png","contentUrl":"https:\/\/www.cgfmanet.org\/wp-content\/uploads\/2018\/10\/logo-fma.png","width":214,"height":55,"caption":"Istituto Figlie di Maria Ausiliatrice"},"image":{"@id":"https:\/\/www.cgfmanet.org\/es\/#\/schema\/logo\/image\/"},"sameAs":["https:\/\/www.facebook.com\/salesian.sisters.of.don.bosco\/","https:\/\/x.com\/Cgfmanet_Org","https:\/\/www.youtube.com\/channel\/UCmcr8yFQBV7JXeXVxyV9y5Q"]},{"@type":"Person","@id":"https:\/\/www.cgfmanet.org\/es\/#\/schema\/person\/ce6473083f53ef0ef882cca23f0c8fb9","name":"Redazione"}]}},"_links":{"self":[{"href":"https:\/\/www.cgfmanet.org\/fr\/wp-json\/wp\/v2\/posts\/71958","targetHints":{"allow":["GET"]}}],"collection":[{"href":"https:\/\/www.cgfmanet.org\/fr\/wp-json\/wp\/v2\/posts"}],"about":[{"href":"https:\/\/www.cgfmanet.org\/fr\/wp-json\/wp\/v2\/types\/post"}],"author":[{"embeddable":true,"href":"https:\/\/www.cgfmanet.org\/fr\/wp-json\/wp\/v2\/users\/21"}],"replies":[{"embeddable":true,"href":"https:\/\/www.cgfmanet.org\/fr\/wp-json\/wp\/v2\/comments?post=71958"}],"version-history":[{"count":0,"href":"https:\/\/www.cgfmanet.org\/fr\/wp-json\/wp\/v2\/posts\/71958\/revisions"}],"wp:featuredmedia":[{"embeddable":true,"href":"https:\/\/www.cgfmanet.org\/fr\/wp-json\/wp\/v2\/media\/71963"}],"wp:attachment":[{"href":"https:\/\/www.cgfmanet.org\/fr\/wp-json\/wp\/v2\/media?parent=71958"}],"wp:term":[{"taxonomy":"category","embeddable":true,"href":"https:\/\/www.cgfmanet.org\/fr\/wp-json\/wp\/v2\/categories?post=71958"},{"taxonomy":"post_tag","embeddable":true,"href":"https:\/\/www.cgfmanet.org\/fr\/wp-json\/wp\/v2\/tags?post=71958"}],"curies":[{"name":"wp","href":"https:\/\/api.w.org\/{rel}","templated":true}]}}