{"id":66692,"date":"2022-05-06T10:00:06","date_gmt":"2022-05-06T08:00:06","guid":{"rendered":"https:\/\/www.cgfmanet.org\/info-sphere\/buon-compleanno-madre-chiara\/"},"modified":"2022-05-04T18:50:01","modified_gmt":"2022-05-04T16:50:01","slug":"joyeux-anniversaire-mere-chiara","status":"publish","type":"post","link":"https:\/\/www.cgfmanet.org\/fr\/ifma-fr\/joyeux-anniversaire-mere-chiara\/","title":{"rendered":"Joyeux anniversaire M\u00e8re Chiara !"},"content":{"rendered":"<p><strong>Rome (Italie)<\/strong>. Le 6 mai 2022, M\u00e8re Chiara Cazzuola c\u00e9l\u00e9brera son premier anniversaire en tant que Sup\u00e9rieure G\u00e9n\u00e9rale de l&rsquo;Institut des Filles de Marie Auxiliatrice. En effet, depuis le 5 octobre 2021, M\u00e8re Chiara est la 10\u00e8me Successeur de Sainte Marie Dominique Mazzarello.<\/p>\n<p>Du monde entier, les Filles de Marie Auxiliatrice, les Communaut\u00e9s \u00c9ducatives et les membres de la Famille Sal\u00e9sienne s\u2019unissent pour exprimer, avec <strong>la pri\u00e8re et l\u2019affection, leur gratitude<\/strong> pour sa Vie et son Service d&rsquo;Animation dans l&rsquo;Institut des FMA.<\/p>\n<p style=\"text-align: center;\"><strong><span style=\"color: #3366ff;\"><em>\u00ab Les moments d\u00e9cisifs de la vie ne sont pas ceux o\u00f9 nous avons fait quelque chose, mais ceux o\u00f9 nous avons trouv\u00e9 quelque chose ou Quelqu&rsquo;un. Ces moments o\u00f9 un morceau de Ciel se fait sentir sur terre \u00bb.<\/em><\/span><\/strong><br \/>\n(Luigi Verdi)<\/p>\n<h2 style=\"text-align: center;\"><strong><span style=\"color: #ff6600;\"><em>Joyeux anniversaire M\u00e8re Chiara!<\/em><\/span><\/strong><\/h2>\n<p>Avec le souhait que cette journ\u00e9e sp\u00e9ciale soit une reconnaissance continue, en paroles, en gestes et en petits cadeaux quotidiens, du paradis sur terre et que le Seigneur b\u00e9nisse toujours vos pas.<\/p>\n<p><span style=\"color: #ff0000;\"><strong>\u00c9CRIVEZ VOS SOUHAITS \u00c0 M\u00c8RE CHIARA ci-dessous, dans la case R\u00c9PONSE<\/strong><\/span><\/p>\n","protected":false},"excerpt":{"rendered":"<p>Rome (Italie). Le 6 mai 2022, M\u00e8re Chiara Cazzuola c\u00e9l\u00e9brera son premier anniversaire en tant que Sup\u00e9rieure G\u00e9n\u00e9rale de l&rsquo;Institut des Filles de Marie Auxiliatrice. En effet, depuis le 5 [&hellip;]<\/p>\n","protected":false},"author":21,"featured_media":66686,"comment_status":"open","ping_status":"closed","sticky":false,"template":"","format":"standard","meta":{"footnotes":""},"categories":[164,156],"tags":[369,1929,2281,2377],"class_list":["post-66692","post","type-post","status-publish","format-standard","has-post-thumbnail","category-charisme-salesien","category-ifma-fr","tag-mere-generale","tag-focus-fr","tag-ifma-fr","tag-madre-chiara-cazzuola-fr"],"yoast_head":"<!-- This site is optimized with the Yoast SEO plugin v27.4 - https:\/\/yoast.com\/product\/yoast-seo-wordpress\/ -->\n<title>Joyeux anniversaire M\u00e8re Chiara ! &#8226; Istituto Figlie di Maria Ausiliatrice<\/title>\n<meta name=\"description\" content=\"Le 6 mai c\u2019est l&#039;anniversaire de M\u00e8re Chiara Cazzuola, Sup\u00e9rieure G\u00e9n\u00e9rale de l&#039;Institut des Filles de Marie Auxiliatrice.\" \/>\n<meta name=\"robots\" content=\"index, follow, max-snippet:-1, max-image-preview:large, max-video-preview:-1\" \/>\n<link rel=\"canonical\" href=\"https:\/\/www.cgfmanet.org\/ifma\/buon-compleanno-madre-chiara\/\" \/>\n<meta property=\"og:locale\" content=\"fr_FR\" \/>\n<meta property=\"og:type\" content=\"article\" \/>\n<meta property=\"og:title\" content=\"Joyeux anniversaire M\u00e8re Chiara ! &#8226; Istituto Figlie di Maria Ausiliatrice\" \/>\n<meta property=\"og:description\" content=\"Le 6 mai c\u2019est l&#039;anniversaire de M\u00e8re Chiara Cazzuola, Sup\u00e9rieure G\u00e9n\u00e9rale de l&#039;Institut des Filles de Marie Auxiliatrice.\" \/>\n<meta property=\"og:url\" content=\"https:\/\/www.cgfmanet.org\/ifma\/buon-compleanno-madre-chiara\/\" \/>\n<meta property=\"og:site_name\" content=\"Istituto Figlie di Maria Ausiliatrice\" \/>\n<meta property=\"article:publisher\" content=\"https:\/\/www.facebook.com\/salesian.sisters.of.don.bosco\/\" \/>\n<meta property=\"article:published_time\" content=\"2022-05-06T08:00:06+00:00\" \/>\n<meta property=\"og:image\" content=\"https:\/\/www.cgfmanet.org\/wp-content\/uploads\/2022\/05\/compleanno-Madre-Chiara.jpg\" \/>\n\t<meta property=\"og:image:width\" content=\"1181\" \/>\n\t<meta property=\"og:image:height\" content=\"787\" \/>\n\t<meta property=\"og:image:type\" content=\"image\/jpeg\" \/>\n<meta name=\"author\" content=\"Redazione\" \/>\n<meta name=\"twitter:card\" content=\"summary_large_image\" \/>\n<meta name=\"twitter:creator\" content=\"@Cgfmanet_Org\" \/>\n<meta name=\"twitter:site\" content=\"@Cgfmanet_Org\" \/>\n<meta name=\"twitter:label1\" content=\"\u00c9crit par\" \/>\n\t<meta name=\"twitter:data1\" content=\"Redazione\" \/>\n\t<meta name=\"twitter:label2\" content=\"Dur\u00e9e de lecture estim\u00e9e\" \/>\n\t<meta name=\"twitter:data2\" content=\"1 minute\" \/>\n<script type=\"application\/ld+json\" class=\"yoast-schema-graph\">{\"@context\":\"https:\\\/\\\/schema.org\",\"@graph\":[{\"@type\":\"Article\",\"@id\":\"https:\\\/\\\/www.cgfmanet.org\\\/ifma\\\/buon-compleanno-madre-chiara\\\/#article\",\"isPartOf\":{\"@id\":\"https:\\\/\\\/www.cgfmanet.org\\\/ifma\\\/buon-compleanno-madre-chiara\\\/\"},\"author\":{\"name\":\"Redazione\",\"@id\":\"https:\\\/\\\/www.cgfmanet.org\\\/es\\\/#\\\/schema\\\/person\\\/ce6473083f53ef0ef882cca23f0c8fb9\"},\"headline\":\"Joyeux anniversaire M\u00e8re Chiara !\",\"datePublished\":\"2022-05-06T08:00:06+00:00\",\"mainEntityOfPage\":{\"@id\":\"https:\\\/\\\/www.cgfmanet.org\\\/ifma\\\/buon-compleanno-madre-chiara\\\/\"},\"wordCount\":192,\"commentCount\":35,\"publisher\":{\"@id\":\"https:\\\/\\\/www.cgfmanet.org\\\/es\\\/#organization\"},\"image\":{\"@id\":\"https:\\\/\\\/www.cgfmanet.org\\\/ifma\\\/buon-compleanno-madre-chiara\\\/#primaryimage\"},\"thumbnailUrl\":\"https:\\\/\\\/www.cgfmanet.org\\\/wp-content\\\/uploads\\\/2022\\\/05\\\/compleanno-Madre-Chiara.jpg\",\"keywords\":[\"M\u00e8re G\u00e9n\u00e9rale\",\"Focus\",\"IFMA\",\"Madre Chiara Cazzuola\"],\"articleSection\":[\"Charisme Sal\u00e9sien\",\"IFMA\"],\"inLanguage\":\"fr-FR\",\"potentialAction\":[{\"@type\":\"CommentAction\",\"name\":\"Comment\",\"target\":[\"https:\\\/\\\/www.cgfmanet.org\\\/ifma\\\/buon-compleanno-madre-chiara\\\/#respond\"]}]},{\"@type\":\"WebPage\",\"@id\":\"https:\\\/\\\/www.cgfmanet.org\\\/ifma\\\/buon-compleanno-madre-chiara\\\/\",\"url\":\"https:\\\/\\\/www.cgfmanet.org\\\/ifma\\\/buon-compleanno-madre-chiara\\\/\",\"name\":\"Joyeux anniversaire M\u00e8re Chiara ! &#8226; Istituto Figlie di Maria Ausiliatrice\",\"isPartOf\":{\"@id\":\"https:\\\/\\\/www.cgfmanet.org\\\/es\\\/#website\"},\"primaryImageOfPage\":{\"@id\":\"https:\\\/\\\/www.cgfmanet.org\\\/ifma\\\/buon-compleanno-madre-chiara\\\/#primaryimage\"},\"image\":{\"@id\":\"https:\\\/\\\/www.cgfmanet.org\\\/ifma\\\/buon-compleanno-madre-chiara\\\/#primaryimage\"},\"thumbnailUrl\":\"https:\\\/\\\/www.cgfmanet.org\\\/wp-content\\\/uploads\\\/2022\\\/05\\\/compleanno-Madre-Chiara.jpg\",\"datePublished\":\"2022-05-06T08:00:06+00:00\",\"description\":\"Le 6 mai c\u2019est l'anniversaire de M\u00e8re Chiara Cazzuola, Sup\u00e9rieure G\u00e9n\u00e9rale de l'Institut des Filles de Marie Auxiliatrice.\",\"breadcrumb\":{\"@id\":\"https:\\\/\\\/www.cgfmanet.org\\\/ifma\\\/buon-compleanno-madre-chiara\\\/#breadcrumb\"},\"inLanguage\":\"fr-FR\",\"potentialAction\":[{\"@type\":\"ReadAction\",\"target\":[\"https:\\\/\\\/www.cgfmanet.org\\\/ifma\\\/buon-compleanno-madre-chiara\\\/\"]}]},{\"@type\":\"ImageObject\",\"inLanguage\":\"fr-FR\",\"@id\":\"https:\\\/\\\/www.cgfmanet.org\\\/ifma\\\/buon-compleanno-madre-chiara\\\/#primaryimage\",\"url\":\"https:\\\/\\\/www.cgfmanet.org\\\/wp-content\\\/uploads\\\/2022\\\/05\\\/compleanno-Madre-Chiara.jpg\",\"contentUrl\":\"https:\\\/\\\/www.cgfmanet.org\\\/wp-content\\\/uploads\\\/2022\\\/05\\\/compleanno-Madre-Chiara.jpg\",\"width\":1181,\"height\":787},{\"@type\":\"BreadcrumbList\",\"@id\":\"https:\\\/\\\/www.cgfmanet.org\\\/ifma\\\/buon-compleanno-madre-chiara\\\/#breadcrumb\",\"itemListElement\":[{\"@type\":\"ListItem\",\"position\":1,\"name\":\"Home\",\"item\":\"https:\\\/\\\/www.cgfmanet.org\\\/fr\\\/\"},{\"@type\":\"ListItem\",\"position\":2,\"name\":\"Joyeux anniversaire M\u00e8re Chiara !\"}]},{\"@type\":\"WebSite\",\"@id\":\"https:\\\/\\\/www.cgfmanet.org\\\/es\\\/#website\",\"url\":\"https:\\\/\\\/www.cgfmanet.org\\\/es\\\/\",\"name\":\"Istituto Figlie di Maria Ausiliatrice\",\"description\":\"Salesiane di Don Bosco\",\"publisher\":{\"@id\":\"https:\\\/\\\/www.cgfmanet.org\\\/es\\\/#organization\"},\"potentialAction\":[{\"@type\":\"SearchAction\",\"target\":{\"@type\":\"EntryPoint\",\"urlTemplate\":\"https:\\\/\\\/www.cgfmanet.org\\\/es\\\/?s={search_term_string}\"},\"query-input\":{\"@type\":\"PropertyValueSpecification\",\"valueRequired\":true,\"valueName\":\"search_term_string\"}}],\"inLanguage\":\"fr-FR\"},{\"@type\":\"Organization\",\"@id\":\"https:\\\/\\\/www.cgfmanet.org\\\/es\\\/#organization\",\"name\":\"Istituto Figlie di Maria Ausiliatrice\",\"url\":\"https:\\\/\\\/www.cgfmanet.org\\\/es\\\/\",\"logo\":{\"@type\":\"ImageObject\",\"inLanguage\":\"fr-FR\",\"@id\":\"https:\\\/\\\/www.cgfmanet.org\\\/es\\\/#\\\/schema\\\/logo\\\/image\\\/\",\"url\":\"https:\\\/\\\/www.cgfmanet.org\\\/wp-content\\\/uploads\\\/2018\\\/10\\\/logo-fma.png\",\"contentUrl\":\"https:\\\/\\\/www.cgfmanet.org\\\/wp-content\\\/uploads\\\/2018\\\/10\\\/logo-fma.png\",\"width\":214,\"height\":55,\"caption\":\"Istituto Figlie di Maria Ausiliatrice\"},\"image\":{\"@id\":\"https:\\\/\\\/www.cgfmanet.org\\\/es\\\/#\\\/schema\\\/logo\\\/image\\\/\"},\"sameAs\":[\"https:\\\/\\\/www.facebook.com\\\/salesian.sisters.of.don.bosco\\\/\",\"https:\\\/\\\/x.com\\\/Cgfmanet_Org\",\"https:\\\/\\\/www.youtube.com\\\/channel\\\/UCmcr8yFQBV7JXeXVxyV9y5Q\"]},{\"@type\":\"Person\",\"@id\":\"https:\\\/\\\/www.cgfmanet.org\\\/es\\\/#\\\/schema\\\/person\\\/ce6473083f53ef0ef882cca23f0c8fb9\",\"name\":\"Redazione\"}]}<\/script>\n<!-- \/ Yoast SEO plugin. -->","yoast_head_json":{"title":"Joyeux anniversaire M\u00e8re Chiara ! &#8226; Istituto Figlie di Maria Ausiliatrice","description":"Le 6 mai c\u2019est l'anniversaire de M\u00e8re Chiara Cazzuola, Sup\u00e9rieure G\u00e9n\u00e9rale de l'Institut des Filles de Marie Auxiliatrice.","robots":{"index":"index","follow":"follow","max-snippet":"max-snippet:-1","max-image-preview":"max-image-preview:large","max-video-preview":"max-video-preview:-1"},"canonical":"https:\/\/www.cgfmanet.org\/ifma\/buon-compleanno-madre-chiara\/","og_locale":"fr_FR","og_type":"article","og_title":"Joyeux anniversaire M\u00e8re Chiara ! &#8226; Istituto Figlie di Maria Ausiliatrice","og_description":"Le 6 mai c\u2019est l'anniversaire de M\u00e8re Chiara Cazzuola, Sup\u00e9rieure G\u00e9n\u00e9rale de l'Institut des Filles de Marie Auxiliatrice.","og_url":"https:\/\/www.cgfmanet.org\/ifma\/buon-compleanno-madre-chiara\/","og_site_name":"Istituto Figlie di Maria Ausiliatrice","article_publisher":"https:\/\/www.facebook.com\/salesian.sisters.of.don.bosco\/","article_published_time":"2022-05-06T08:00:06+00:00","og_image":[{"width":1181,"height":787,"url":"https:\/\/www.cgfmanet.org\/wp-content\/uploads\/2022\/05\/compleanno-Madre-Chiara.jpg","type":"image\/jpeg"}],"author":"Redazione","twitter_card":"summary_large_image","twitter_creator":"@Cgfmanet_Org","twitter_site":"@Cgfmanet_Org","twitter_misc":{"\u00c9crit par":"Redazione","Dur\u00e9e de lecture estim\u00e9e":"1 minute"},"schema":{"@context":"https:\/\/schema.org","@graph":[{"@type":"Article","@id":"https:\/\/www.cgfmanet.org\/ifma\/buon-compleanno-madre-chiara\/#article","isPartOf":{"@id":"https:\/\/www.cgfmanet.org\/ifma\/buon-compleanno-madre-chiara\/"},"author":{"name":"Redazione","@id":"https:\/\/www.cgfmanet.org\/es\/#\/schema\/person\/ce6473083f53ef0ef882cca23f0c8fb9"},"headline":"Joyeux anniversaire M\u00e8re Chiara !","datePublished":"2022-05-06T08:00:06+00:00","mainEntityOfPage":{"@id":"https:\/\/www.cgfmanet.org\/ifma\/buon-compleanno-madre-chiara\/"},"wordCount":192,"commentCount":35,"publisher":{"@id":"https:\/\/www.cgfmanet.org\/es\/#organization"},"image":{"@id":"https:\/\/www.cgfmanet.org\/ifma\/buon-compleanno-madre-chiara\/#primaryimage"},"thumbnailUrl":"https:\/\/www.cgfmanet.org\/wp-content\/uploads\/2022\/05\/compleanno-Madre-Chiara.jpg","keywords":["M\u00e8re G\u00e9n\u00e9rale","Focus","IFMA","Madre Chiara Cazzuola"],"articleSection":["Charisme Sal\u00e9sien","IFMA"],"inLanguage":"fr-FR","potentialAction":[{"@type":"CommentAction","name":"Comment","target":["https:\/\/www.cgfmanet.org\/ifma\/buon-compleanno-madre-chiara\/#respond"]}]},{"@type":"WebPage","@id":"https:\/\/www.cgfmanet.org\/ifma\/buon-compleanno-madre-chiara\/","url":"https:\/\/www.cgfmanet.org\/ifma\/buon-compleanno-madre-chiara\/","name":"Joyeux anniversaire M\u00e8re Chiara ! &#8226; Istituto Figlie di Maria Ausiliatrice","isPartOf":{"@id":"https:\/\/www.cgfmanet.org\/es\/#website"},"primaryImageOfPage":{"@id":"https:\/\/www.cgfmanet.org\/ifma\/buon-compleanno-madre-chiara\/#primaryimage"},"image":{"@id":"https:\/\/www.cgfmanet.org\/ifma\/buon-compleanno-madre-chiara\/#primaryimage"},"thumbnailUrl":"https:\/\/www.cgfmanet.org\/wp-content\/uploads\/2022\/05\/compleanno-Madre-Chiara.jpg","datePublished":"2022-05-06T08:00:06+00:00","description":"Le 6 mai c\u2019est l'anniversaire de M\u00e8re Chiara Cazzuola, Sup\u00e9rieure G\u00e9n\u00e9rale de l'Institut des Filles de Marie Auxiliatrice.","breadcrumb":{"@id":"https:\/\/www.cgfmanet.org\/ifma\/buon-compleanno-madre-chiara\/#breadcrumb"},"inLanguage":"fr-FR","potentialAction":[{"@type":"ReadAction","target":["https:\/\/www.cgfmanet.org\/ifma\/buon-compleanno-madre-chiara\/"]}]},{"@type":"ImageObject","inLanguage":"fr-FR","@id":"https:\/\/www.cgfmanet.org\/ifma\/buon-compleanno-madre-chiara\/#primaryimage","url":"https:\/\/www.cgfmanet.org\/wp-content\/uploads\/2022\/05\/compleanno-Madre-Chiara.jpg","contentUrl":"https:\/\/www.cgfmanet.org\/wp-content\/uploads\/2022\/05\/compleanno-Madre-Chiara.jpg","width":1181,"height":787},{"@type":"BreadcrumbList","@id":"https:\/\/www.cgfmanet.org\/ifma\/buon-compleanno-madre-chiara\/#breadcrumb","itemListElement":[{"@type":"ListItem","position":1,"name":"Home","item":"https:\/\/www.cgfmanet.org\/fr\/"},{"@type":"ListItem","position":2,"name":"Joyeux anniversaire M\u00e8re Chiara !"}]},{"@type":"WebSite","@id":"https:\/\/www.cgfmanet.org\/es\/#website","url":"https:\/\/www.cgfmanet.org\/es\/","name":"Istituto Figlie di Maria Ausiliatrice","description":"Salesiane di Don Bosco","publisher":{"@id":"https:\/\/www.cgfmanet.org\/es\/#organization"},"potentialAction":[{"@type":"SearchAction","target":{"@type":"EntryPoint","urlTemplate":"https:\/\/www.cgfmanet.org\/es\/?s={search_term_string}"},"query-input":{"@type":"PropertyValueSpecification","valueRequired":true,"valueName":"search_term_string"}}],"inLanguage":"fr-FR"},{"@type":"Organization","@id":"https:\/\/www.cgfmanet.org\/es\/#organization","name":"Istituto Figlie di Maria Ausiliatrice","url":"https:\/\/www.cgfmanet.org\/es\/","logo":{"@type":"ImageObject","inLanguage":"fr-FR","@id":"https:\/\/www.cgfmanet.org\/es\/#\/schema\/logo\/image\/","url":"https:\/\/www.cgfmanet.org\/wp-content\/uploads\/2018\/10\/logo-fma.png","contentUrl":"https:\/\/www.cgfmanet.org\/wp-content\/uploads\/2018\/10\/logo-fma.png","width":214,"height":55,"caption":"Istituto Figlie di Maria Ausiliatrice"},"image":{"@id":"https:\/\/www.cgfmanet.org\/es\/#\/schema\/logo\/image\/"},"sameAs":["https:\/\/www.facebook.com\/salesian.sisters.of.don.bosco\/","https:\/\/x.com\/Cgfmanet_Org","https:\/\/www.youtube.com\/channel\/UCmcr8yFQBV7JXeXVxyV9y5Q"]},{"@type":"Person","@id":"https:\/\/www.cgfmanet.org\/es\/#\/schema\/person\/ce6473083f53ef0ef882cca23f0c8fb9","name":"Redazione"}]}},"_links":{"self":[{"href":"https:\/\/www.cgfmanet.org\/fr\/wp-json\/wp\/v2\/posts\/66692","targetHints":{"allow":["GET"]}}],"collection":[{"href":"https:\/\/www.cgfmanet.org\/fr\/wp-json\/wp\/v2\/posts"}],"about":[{"href":"https:\/\/www.cgfmanet.org\/fr\/wp-json\/wp\/v2\/types\/post"}],"author":[{"embeddable":true,"href":"https:\/\/www.cgfmanet.org\/fr\/wp-json\/wp\/v2\/users\/21"}],"replies":[{"embeddable":true,"href":"https:\/\/www.cgfmanet.org\/fr\/wp-json\/wp\/v2\/comments?post=66692"}],"version-history":[{"count":0,"href":"https:\/\/www.cgfmanet.org\/fr\/wp-json\/wp\/v2\/posts\/66692\/revisions"}],"wp:featuredmedia":[{"embeddable":true,"href":"https:\/\/www.cgfmanet.org\/fr\/wp-json\/wp\/v2\/media\/66686"}],"wp:attachment":[{"href":"https:\/\/www.cgfmanet.org\/fr\/wp-json\/wp\/v2\/media?parent=66692"}],"wp:term":[{"taxonomy":"category","embeddable":true,"href":"https:\/\/www.cgfmanet.org\/fr\/wp-json\/wp\/v2\/categories?post=66692"},{"taxonomy":"post_tag","embeddable":true,"href":"https:\/\/www.cgfmanet.org\/fr\/wp-json\/wp\/v2\/tags?post=66692"}],"curies":[{"name":"wp","href":"https:\/\/api.w.org\/{rel}","templated":true}]}}