{"id":65042,"date":"2022-04-05T21:38:24","date_gmt":"2022-04-05T19:38:24","guid":{"rendered":"https:\/\/www.cgfmanet.org\/info-sphere\/accoglienza-ucraini-nello-spirito-di-famiglia-svizzera\/"},"modified":"2022-04-06T10:51:03","modified_gmt":"2022-04-06T08:51:03","slug":"accoglienza-ucraini-nello-spirito-di-famiglia-svizzera","status":"publish","type":"post","link":"https:\/\/www.cgfmanet.org\/fr\/info-sphere\/accoglienza-ucraini-nello-spirito-di-famiglia-svizzera\/","title":{"rendered":"Accoglienza ucraini nello spirito di famiglia &#8211; Svizzera"},"content":{"rendered":"<p><strong>Ginevra (Svizzera).<\/strong> La Comunit\u00e0 <em>Maria Ausiliatrice<\/em> di Veyrier, Ginevra, in Svizzera, dell\u2019Ispettoria lombarda <em>Sacra Famiglia<\/em> (ILO), con il Comitato della Scuola, l&rsquo;organismo amministrativo e operativo de \u201cLa Sal\u00e9sienne\u201d, si \u00e8 attivata per accogliere mamme e bambini ucraini in cerca di ospitalit\u00e0.<\/p>\n<p>Nella Scuola Primaria \u00e8 gi\u00e0 stata inserita una bambina, ospitata nelle vicinanze con la mamma e una zia. Inoltre le FMA, con i membri del Comitato della Scuola e il Signor Antonio, collaboratore della Casa, si sono messi all\u2019opera per rinnovare un piccolo appartamento, destinato un tempo al cappellano, in modo da poter ospitare altre persone. Tutti si sono dati da fare con grande generosit\u00e0, chiedendo la met\u00e0 dei costi per le riparazioni, sapendo che si sarebbe ospitata una famiglia ucraina.<\/p>\n<p>Il 26 marzo 2022, accompagnati dalla famiglia che li aveva accolti all\u2019arrivo dall\u2019Ucraina, sono arrivati Valeria, una mamma di 23 anni che parla russo, ucraino e inglese, con due bambini: il pi\u00f9 grande, di quattro anni e mezzo, con autismo, e una bambina di \u00a0due anni, che sar\u00e0 inserita con i piccoli a \u201cLa Sal\u00e9sienne\u201d. Il bambino ha gi\u00e0 il posto in una Scuola di Ginevra, specializzata nell\u2019autismo.<\/p>\n<p><em>\u201cLi abbiamo accolti per il pranzo, in un clima sereno e familiare. La commozione era evidente negli occhi di tutti. Valeria guardava i suoi bambini con tutta la tenerezza di una giovane mamma. Ha raccontato che hanno camminato due ore e mezza, a piedi nel freddo, per raggiungere la frontiera polacca.\u00a0 L\u00e0, un signore francese, arrivato con un pullmino carico di beni di prima necessit\u00e0, ha fatto ritorno con il pullmino pieno di persone ucraine, tra cui Valeria e i suoi piccoli\u201d<\/em>, racconta la Direttrice, suor Lucia Corbetta.<\/p>\n<p>Arrivati in Francia, dopo due giorni di viaggio, sono rimasti per 15 giorni in quella famiglia, per poi arrivare a Veyrier dalle FMA, dove hanno trovato casa, amorevolezza e attenzione alle loro necessit\u00e0.<\/p>\n<p><em>\u201c<strong>L\u2019accoglienza fraterna \u00e8 la lingua che capiscono tutti<\/strong>. Anche il piccolo alla sera, al ritorno dalla scuola, vuole venire dalle suore, dove trova un dolcetto e tanto affetto\u201d<\/em>, conclude suor Lucia.<\/p>\n<p><strong>\u201cAccogliere, accompagnare, crescere\u201d<\/strong>, sono le parole chiave della missione della Comunit\u00e0 Educante de \u201c<em>La Sal\u00e9sienne<\/em>\u201d, che<em>\u00a0<\/em>da 100 anni accoglie nelle Scuole dell\u2019Infanzia e Primaria circa 400 bambini di ogni appartenenza sociale e confessione religiosa. Caratterizzata da interculturalit\u00e0 e passione educativa, contribuisce alla costruzione di un mondo umano aperto ai valori universali del Vangelo, secondo lo stile del Sistema Preventivo salesiano.<\/p>\n<p><strong><span style=\"color: #ff0000;\">L\u2019Istituto delle Figlie di Maria Ausiliatrice conta sulla generosit\u00e0 delle Comunit\u00e0 Educanti, delle Associazioni e dei benefattori \u00a0per continuare a portare aiuti alle FMA dell\u2019Ucraina e delle Ispettorie confinanti che accolgono i rifugiati.<\/span> <\/strong><strong>\u00c8 possibile inviare contributi e offerte<\/strong><strong>,<\/strong> tramite <span style=\"color: #0000ff;\"><a style=\"color: #0000ff;\" href=\"https:\/\/www.cgfmanet.org\/fr\/donations-en-ligne\/\"><strong>Dona ora<\/strong><\/a><\/span> o attraverso le modalit\u00e0 indicate sul <span style=\"color: #0000ff;\"><a style=\"color: #0000ff;\" href=\"https:\/\/www.cgfmanet.org\/fr\/donations-dons-levee-de-fonds\/\"><strong>Sito web dell\u2019Istituto FMA<\/strong><\/a><\/span>, designando nella causale <strong><em>Emergenza Ucraina.<\/em><\/strong><\/p>\n<p><strong>Vedi anche:<\/strong><\/p>\n<p><a href=\"https:\/\/www.cgfmanet.org\/fr\/info-sphere\/citoyennete\/accueil-des-refugies-ukrainiens-en-hongrie\/\" target=\"_blank\" rel=\"noopener\"><strong><span style=\"color: #0000ff;\">Accoglienza Ucraini in Ungheria<\/span><\/strong><\/a><\/p>\n<p><span style=\"color: #0000ff;\"><strong><a style=\"color: #0000ff;\" href=\"https:\/\/www.cgfmanet.org\/fr\/info-sphere\/aide-aux-migrants-ukrainiens-pla\/\" target=\"_blank\" rel=\"noopener\">Aiuto ai migranti ucraini \u2013 PLA<\/a><\/strong><\/span><\/p>\n<p><span style=\"color: #0000ff;\"><a style=\"color: #0000ff;\" href=\"https:\/\/www.cgfmanet.org\/fr\/info-sphere\/etre-present-en-ukraine\/\" target=\"_blank\" rel=\"noopener\"><strong>\u201cEssere presenza\u201d in Ucraina<\/strong><\/a><\/span><\/p>\n<p><span style=\"color: #0000ff;\"><strong><a style=\"color: #0000ff;\" href=\"https:\/\/www.cgfmanet.org\/fr\/info-sphere\/citoyennete\/les-fma-engagees-a-la-frontiere-avec-lukraine-slk\/\" target=\"_blank\" rel=\"noopener\">Alla frontiera ucraina<\/a><\/strong><\/span><\/p>\n<p><span style=\"color: #0000ff;\"><strong><a style=\"color: #0000ff;\" href=\"https:\/\/www.cgfmanet.org\/fr\/info-sphere\/citoyennete\/lumieres-despoir-pour-lukraine\/\">Luci di speranza per l\u2019Ucraina<\/a><\/strong><\/span><\/p>\n<p><span style=\"color: #0000ff;\"><a style=\"color: #0000ff;\" href=\"https:\/\/www.cgfmanet.org\/fr\/info-sphere\/proches-de-lukraine\/\"><strong>Vicini all\u2019Ucraina<\/strong><\/a><\/span><\/p>\n<p><span style=\"color: #0000ff;\"><a style=\"color: #0000ff;\" href=\"https:\/\/www.cgfmanet.org\/fr\/info-sphere\/aide-a-lukraine\/\"><strong>Gli aiuti all\u2019Ucraina<\/strong><\/a><\/span><\/p>\n<p><span style=\"color: #0000ff;\"><a style=\"color: #0000ff;\" href=\"https:\/\/www.cgfmanet.org\/fr\/urgences-et-campagnes-humanitaires\/solidarite-avec-lukraine\/\"><strong>Solidali con l\u2019Ucraina<\/strong><\/a><\/span><\/p>\n<p><span style=\"color: #0000ff;\"><strong><a style=\"color: #0000ff;\" href=\"https:\/\/www.cgfmanet.org\/fr\/info-sphere\/des-communautes-fma-de-lukraine\/\" target=\"_blank\" rel=\"noopener\">Dalle Comunit\u00e0 FMA dell\u2019Ucraina<\/a><\/strong><\/span><\/p>\n","protected":false},"excerpt":{"rendered":"<p>Ginevra (Svizzera). La Comunit\u00e0 Maria Ausiliatrice di Veyrier, Ginevra, in Svizzera, dell\u2019Ispettoria lombarda Sacra Famiglia (ILO), con il Comitato della Scuola, l&rsquo;organismo amministrativo e operativo de \u201cLa Sal\u00e9sienne\u201d, si \u00e8 [&hellip;]<\/p>\n","protected":false},"author":21,"featured_media":65037,"comment_status":"open","ping_status":"closed","sticky":false,"template":"","format":"standard","meta":{"footnotes":""},"categories":[36,194],"tags":[1181,1483,1832,1929,1991,2281],"class_list":["post-65042","post","type-post","status-publish","format-standard","has-post-thumbnail","category-info-sphere","category-citoyennete","tag-ilo-fr","tag-suisse","tag-paix","tag-focus-fr","tag-solidarieta-fr","tag-ifma-fr"],"yoast_head":"<!-- This site is optimized with the Yoast SEO plugin v27.4 - https:\/\/yoast.com\/product\/yoast-seo-wordpress\/ -->\n<title>Accoglienza ucraini nello spirito di famiglia - Svizzera &#8226; Istituto Figlie di Maria Ausiliatrice<\/title>\n<meta name=\"description\" content=\"La Comunit\u00e0 FMA e il Comitato della Scuola \u201cLa Sal\u00e9sienne\u201d di Veyrier, Ginevra, in Svizzera, si attiva per accogliere una famiglia ucraina.\" \/>\n<meta name=\"robots\" content=\"index, follow, max-snippet:-1, max-image-preview:large, max-video-preview:-1\" \/>\n<link rel=\"canonical\" href=\"https:\/\/www.cgfmanet.org\/fr\/info-sphere\/accoglienza-ucraini-nello-spirito-di-famiglia-svizzera\/\" \/>\n<meta property=\"og:locale\" content=\"fr_FR\" \/>\n<meta property=\"og:type\" content=\"article\" \/>\n<meta property=\"og:title\" content=\"Accoglienza ucraini nello spirito di famiglia - Svizzera &#8226; Istituto Figlie di Maria Ausiliatrice\" \/>\n<meta property=\"og:description\" content=\"La Comunit\u00e0 FMA e il Comitato della Scuola \u201cLa Sal\u00e9sienne\u201d di Veyrier, Ginevra, in Svizzera, si attiva per accogliere una famiglia ucraina.\" \/>\n<meta property=\"og:url\" content=\"https:\/\/www.cgfmanet.org\/fr\/info-sphere\/accoglienza-ucraini-nello-spirito-di-famiglia-svizzera\/\" \/>\n<meta property=\"og:site_name\" content=\"Istituto Figlie di Maria Ausiliatrice\" \/>\n<meta property=\"article:publisher\" content=\"https:\/\/www.facebook.com\/salesian.sisters.of.don.bosco\/\" \/>\n<meta property=\"article:published_time\" content=\"2022-04-05T19:38:24+00:00\" \/>\n<meta property=\"article:modified_time\" content=\"2022-04-06T08:51:03+00:00\" \/>\n<meta property=\"og:image\" content=\"https:\/\/www.cgfmanet.org\/wp-content\/uploads\/2022\/04\/accoglienza-ucraini-Svizzera.jpg\" \/>\n\t<meta property=\"og:image:width\" content=\"1181\" \/>\n\t<meta property=\"og:image:height\" content=\"788\" \/>\n\t<meta property=\"og:image:type\" content=\"image\/jpeg\" \/>\n<meta name=\"author\" content=\"Redazione\" \/>\n<meta name=\"twitter:card\" content=\"summary_large_image\" \/>\n<meta name=\"twitter:creator\" content=\"@Cgfmanet_Org\" \/>\n<meta name=\"twitter:site\" content=\"@Cgfmanet_Org\" \/>\n<meta name=\"twitter:label1\" content=\"\u00c9crit par\" \/>\n\t<meta name=\"twitter:data1\" content=\"Redazione\" \/>\n\t<meta name=\"twitter:label2\" content=\"Dur\u00e9e de lecture estim\u00e9e\" \/>\n\t<meta name=\"twitter:data2\" content=\"3 minutes\" \/>\n<script type=\"application\/ld+json\" class=\"yoast-schema-graph\">{\"@context\":\"https:\\\/\\\/schema.org\",\"@graph\":[{\"@type\":\"Article\",\"@id\":\"https:\\\/\\\/www.cgfmanet.org\\\/fr\\\/info-sphere\\\/accoglienza-ucraini-nello-spirito-di-famiglia-svizzera\\\/#article\",\"isPartOf\":{\"@id\":\"https:\\\/\\\/www.cgfmanet.org\\\/fr\\\/info-sphere\\\/accoglienza-ucraini-nello-spirito-di-famiglia-svizzera\\\/\"},\"author\":{\"name\":\"Redazione\",\"@id\":\"https:\\\/\\\/www.cgfmanet.org\\\/es\\\/#\\\/schema\\\/person\\\/ce6473083f53ef0ef882cca23f0c8fb9\"},\"headline\":\"Accoglienza ucraini nello spirito di famiglia &#8211; Svizzera\",\"datePublished\":\"2022-04-05T19:38:24+00:00\",\"dateModified\":\"2022-04-06T08:51:03+00:00\",\"mainEntityOfPage\":{\"@id\":\"https:\\\/\\\/www.cgfmanet.org\\\/fr\\\/info-sphere\\\/accoglienza-ucraini-nello-spirito-di-famiglia-svizzera\\\/\"},\"wordCount\":512,\"commentCount\":0,\"publisher\":{\"@id\":\"https:\\\/\\\/www.cgfmanet.org\\\/es\\\/#organization\"},\"image\":{\"@id\":\"https:\\\/\\\/www.cgfmanet.org\\\/fr\\\/info-sphere\\\/accoglienza-ucraini-nello-spirito-di-famiglia-svizzera\\\/#primaryimage\"},\"thumbnailUrl\":\"https:\\\/\\\/www.cgfmanet.org\\\/wp-content\\\/uploads\\\/2022\\\/04\\\/accoglienza-ucraini-Svizzera.jpg\",\"keywords\":[\"ILO\",\"Suisse\",\"Paix\",\"Focus\",\"Solidariet\u00e0\",\"IFMA\"],\"articleSection\":[\"Infosph\u00e8re\",\"Citoyennet\u00e9\"],\"inLanguage\":\"fr-FR\",\"potentialAction\":[{\"@type\":\"CommentAction\",\"name\":\"Comment\",\"target\":[\"https:\\\/\\\/www.cgfmanet.org\\\/fr\\\/info-sphere\\\/accoglienza-ucraini-nello-spirito-di-famiglia-svizzera\\\/#respond\"]}]},{\"@type\":\"WebPage\",\"@id\":\"https:\\\/\\\/www.cgfmanet.org\\\/fr\\\/info-sphere\\\/accoglienza-ucraini-nello-spirito-di-famiglia-svizzera\\\/\",\"url\":\"https:\\\/\\\/www.cgfmanet.org\\\/fr\\\/info-sphere\\\/accoglienza-ucraini-nello-spirito-di-famiglia-svizzera\\\/\",\"name\":\"Accoglienza ucraini nello spirito di famiglia - Svizzera &#8226; Istituto Figlie di Maria Ausiliatrice\",\"isPartOf\":{\"@id\":\"https:\\\/\\\/www.cgfmanet.org\\\/es\\\/#website\"},\"primaryImageOfPage\":{\"@id\":\"https:\\\/\\\/www.cgfmanet.org\\\/fr\\\/info-sphere\\\/accoglienza-ucraini-nello-spirito-di-famiglia-svizzera\\\/#primaryimage\"},\"image\":{\"@id\":\"https:\\\/\\\/www.cgfmanet.org\\\/fr\\\/info-sphere\\\/accoglienza-ucraini-nello-spirito-di-famiglia-svizzera\\\/#primaryimage\"},\"thumbnailUrl\":\"https:\\\/\\\/www.cgfmanet.org\\\/wp-content\\\/uploads\\\/2022\\\/04\\\/accoglienza-ucraini-Svizzera.jpg\",\"datePublished\":\"2022-04-05T19:38:24+00:00\",\"dateModified\":\"2022-04-06T08:51:03+00:00\",\"description\":\"La Comunit\u00e0 FMA e il Comitato della Scuola \u201cLa Sal\u00e9sienne\u201d di Veyrier, Ginevra, in Svizzera, si attiva per accogliere una famiglia ucraina.\",\"breadcrumb\":{\"@id\":\"https:\\\/\\\/www.cgfmanet.org\\\/fr\\\/info-sphere\\\/accoglienza-ucraini-nello-spirito-di-famiglia-svizzera\\\/#breadcrumb\"},\"inLanguage\":\"fr-FR\",\"potentialAction\":[{\"@type\":\"ReadAction\",\"target\":[\"https:\\\/\\\/www.cgfmanet.org\\\/fr\\\/info-sphere\\\/accoglienza-ucraini-nello-spirito-di-famiglia-svizzera\\\/\"]}]},{\"@type\":\"ImageObject\",\"inLanguage\":\"fr-FR\",\"@id\":\"https:\\\/\\\/www.cgfmanet.org\\\/fr\\\/info-sphere\\\/accoglienza-ucraini-nello-spirito-di-famiglia-svizzera\\\/#primaryimage\",\"url\":\"https:\\\/\\\/www.cgfmanet.org\\\/wp-content\\\/uploads\\\/2022\\\/04\\\/accoglienza-ucraini-Svizzera.jpg\",\"contentUrl\":\"https:\\\/\\\/www.cgfmanet.org\\\/wp-content\\\/uploads\\\/2022\\\/04\\\/accoglienza-ucraini-Svizzera.jpg\",\"width\":1181,\"height\":788},{\"@type\":\"BreadcrumbList\",\"@id\":\"https:\\\/\\\/www.cgfmanet.org\\\/fr\\\/info-sphere\\\/accoglienza-ucraini-nello-spirito-di-famiglia-svizzera\\\/#breadcrumb\",\"itemListElement\":[{\"@type\":\"ListItem\",\"position\":1,\"name\":\"Home\",\"item\":\"https:\\\/\\\/www.cgfmanet.org\\\/fr\\\/\"},{\"@type\":\"ListItem\",\"position\":2,\"name\":\"Accoglienza ucraini nello spirito di famiglia &#8211; Svizzera\"}]},{\"@type\":\"WebSite\",\"@id\":\"https:\\\/\\\/www.cgfmanet.org\\\/es\\\/#website\",\"url\":\"https:\\\/\\\/www.cgfmanet.org\\\/es\\\/\",\"name\":\"Istituto Figlie di Maria Ausiliatrice\",\"description\":\"Salesiane di Don Bosco\",\"publisher\":{\"@id\":\"https:\\\/\\\/www.cgfmanet.org\\\/es\\\/#organization\"},\"potentialAction\":[{\"@type\":\"SearchAction\",\"target\":{\"@type\":\"EntryPoint\",\"urlTemplate\":\"https:\\\/\\\/www.cgfmanet.org\\\/es\\\/?s={search_term_string}\"},\"query-input\":{\"@type\":\"PropertyValueSpecification\",\"valueRequired\":true,\"valueName\":\"search_term_string\"}}],\"inLanguage\":\"fr-FR\"},{\"@type\":\"Organization\",\"@id\":\"https:\\\/\\\/www.cgfmanet.org\\\/es\\\/#organization\",\"name\":\"Istituto Figlie di Maria Ausiliatrice\",\"url\":\"https:\\\/\\\/www.cgfmanet.org\\\/es\\\/\",\"logo\":{\"@type\":\"ImageObject\",\"inLanguage\":\"fr-FR\",\"@id\":\"https:\\\/\\\/www.cgfmanet.org\\\/es\\\/#\\\/schema\\\/logo\\\/image\\\/\",\"url\":\"https:\\\/\\\/www.cgfmanet.org\\\/wp-content\\\/uploads\\\/2018\\\/10\\\/logo-fma.png\",\"contentUrl\":\"https:\\\/\\\/www.cgfmanet.org\\\/wp-content\\\/uploads\\\/2018\\\/10\\\/logo-fma.png\",\"width\":214,\"height\":55,\"caption\":\"Istituto Figlie di Maria Ausiliatrice\"},\"image\":{\"@id\":\"https:\\\/\\\/www.cgfmanet.org\\\/es\\\/#\\\/schema\\\/logo\\\/image\\\/\"},\"sameAs\":[\"https:\\\/\\\/www.facebook.com\\\/salesian.sisters.of.don.bosco\\\/\",\"https:\\\/\\\/x.com\\\/Cgfmanet_Org\",\"https:\\\/\\\/www.youtube.com\\\/channel\\\/UCmcr8yFQBV7JXeXVxyV9y5Q\"]},{\"@type\":\"Person\",\"@id\":\"https:\\\/\\\/www.cgfmanet.org\\\/es\\\/#\\\/schema\\\/person\\\/ce6473083f53ef0ef882cca23f0c8fb9\",\"name\":\"Redazione\"}]}<\/script>\n<!-- \/ Yoast SEO plugin. -->","yoast_head_json":{"title":"Accoglienza ucraini nello spirito di famiglia - Svizzera &#8226; Istituto Figlie di Maria Ausiliatrice","description":"La Comunit\u00e0 FMA e il Comitato della Scuola \u201cLa Sal\u00e9sienne\u201d di Veyrier, Ginevra, in Svizzera, si attiva per accogliere una famiglia ucraina.","robots":{"index":"index","follow":"follow","max-snippet":"max-snippet:-1","max-image-preview":"max-image-preview:large","max-video-preview":"max-video-preview:-1"},"canonical":"https:\/\/www.cgfmanet.org\/fr\/info-sphere\/accoglienza-ucraini-nello-spirito-di-famiglia-svizzera\/","og_locale":"fr_FR","og_type":"article","og_title":"Accoglienza ucraini nello spirito di famiglia - Svizzera &#8226; Istituto Figlie di Maria Ausiliatrice","og_description":"La Comunit\u00e0 FMA e il Comitato della Scuola \u201cLa Sal\u00e9sienne\u201d di Veyrier, Ginevra, in Svizzera, si attiva per accogliere una famiglia ucraina.","og_url":"https:\/\/www.cgfmanet.org\/fr\/info-sphere\/accoglienza-ucraini-nello-spirito-di-famiglia-svizzera\/","og_site_name":"Istituto Figlie di Maria Ausiliatrice","article_publisher":"https:\/\/www.facebook.com\/salesian.sisters.of.don.bosco\/","article_published_time":"2022-04-05T19:38:24+00:00","article_modified_time":"2022-04-06T08:51:03+00:00","og_image":[{"width":1181,"height":788,"url":"https:\/\/www.cgfmanet.org\/wp-content\/uploads\/2022\/04\/accoglienza-ucraini-Svizzera.jpg","type":"image\/jpeg"}],"author":"Redazione","twitter_card":"summary_large_image","twitter_creator":"@Cgfmanet_Org","twitter_site":"@Cgfmanet_Org","twitter_misc":{"\u00c9crit par":"Redazione","Dur\u00e9e de lecture estim\u00e9e":"3 minutes"},"schema":{"@context":"https:\/\/schema.org","@graph":[{"@type":"Article","@id":"https:\/\/www.cgfmanet.org\/fr\/info-sphere\/accoglienza-ucraini-nello-spirito-di-famiglia-svizzera\/#article","isPartOf":{"@id":"https:\/\/www.cgfmanet.org\/fr\/info-sphere\/accoglienza-ucraini-nello-spirito-di-famiglia-svizzera\/"},"author":{"name":"Redazione","@id":"https:\/\/www.cgfmanet.org\/es\/#\/schema\/person\/ce6473083f53ef0ef882cca23f0c8fb9"},"headline":"Accoglienza ucraini nello spirito di famiglia &#8211; Svizzera","datePublished":"2022-04-05T19:38:24+00:00","dateModified":"2022-04-06T08:51:03+00:00","mainEntityOfPage":{"@id":"https:\/\/www.cgfmanet.org\/fr\/info-sphere\/accoglienza-ucraini-nello-spirito-di-famiglia-svizzera\/"},"wordCount":512,"commentCount":0,"publisher":{"@id":"https:\/\/www.cgfmanet.org\/es\/#organization"},"image":{"@id":"https:\/\/www.cgfmanet.org\/fr\/info-sphere\/accoglienza-ucraini-nello-spirito-di-famiglia-svizzera\/#primaryimage"},"thumbnailUrl":"https:\/\/www.cgfmanet.org\/wp-content\/uploads\/2022\/04\/accoglienza-ucraini-Svizzera.jpg","keywords":["ILO","Suisse","Paix","Focus","Solidariet\u00e0","IFMA"],"articleSection":["Infosph\u00e8re","Citoyennet\u00e9"],"inLanguage":"fr-FR","potentialAction":[{"@type":"CommentAction","name":"Comment","target":["https:\/\/www.cgfmanet.org\/fr\/info-sphere\/accoglienza-ucraini-nello-spirito-di-famiglia-svizzera\/#respond"]}]},{"@type":"WebPage","@id":"https:\/\/www.cgfmanet.org\/fr\/info-sphere\/accoglienza-ucraini-nello-spirito-di-famiglia-svizzera\/","url":"https:\/\/www.cgfmanet.org\/fr\/info-sphere\/accoglienza-ucraini-nello-spirito-di-famiglia-svizzera\/","name":"Accoglienza ucraini nello spirito di famiglia - Svizzera &#8226; Istituto Figlie di Maria Ausiliatrice","isPartOf":{"@id":"https:\/\/www.cgfmanet.org\/es\/#website"},"primaryImageOfPage":{"@id":"https:\/\/www.cgfmanet.org\/fr\/info-sphere\/accoglienza-ucraini-nello-spirito-di-famiglia-svizzera\/#primaryimage"},"image":{"@id":"https:\/\/www.cgfmanet.org\/fr\/info-sphere\/accoglienza-ucraini-nello-spirito-di-famiglia-svizzera\/#primaryimage"},"thumbnailUrl":"https:\/\/www.cgfmanet.org\/wp-content\/uploads\/2022\/04\/accoglienza-ucraini-Svizzera.jpg","datePublished":"2022-04-05T19:38:24+00:00","dateModified":"2022-04-06T08:51:03+00:00","description":"La Comunit\u00e0 FMA e il Comitato della Scuola \u201cLa Sal\u00e9sienne\u201d di Veyrier, Ginevra, in Svizzera, si attiva per accogliere una famiglia ucraina.","breadcrumb":{"@id":"https:\/\/www.cgfmanet.org\/fr\/info-sphere\/accoglienza-ucraini-nello-spirito-di-famiglia-svizzera\/#breadcrumb"},"inLanguage":"fr-FR","potentialAction":[{"@type":"ReadAction","target":["https:\/\/www.cgfmanet.org\/fr\/info-sphere\/accoglienza-ucraini-nello-spirito-di-famiglia-svizzera\/"]}]},{"@type":"ImageObject","inLanguage":"fr-FR","@id":"https:\/\/www.cgfmanet.org\/fr\/info-sphere\/accoglienza-ucraini-nello-spirito-di-famiglia-svizzera\/#primaryimage","url":"https:\/\/www.cgfmanet.org\/wp-content\/uploads\/2022\/04\/accoglienza-ucraini-Svizzera.jpg","contentUrl":"https:\/\/www.cgfmanet.org\/wp-content\/uploads\/2022\/04\/accoglienza-ucraini-Svizzera.jpg","width":1181,"height":788},{"@type":"BreadcrumbList","@id":"https:\/\/www.cgfmanet.org\/fr\/info-sphere\/accoglienza-ucraini-nello-spirito-di-famiglia-svizzera\/#breadcrumb","itemListElement":[{"@type":"ListItem","position":1,"name":"Home","item":"https:\/\/www.cgfmanet.org\/fr\/"},{"@type":"ListItem","position":2,"name":"Accoglienza ucraini nello spirito di famiglia &#8211; Svizzera"}]},{"@type":"WebSite","@id":"https:\/\/www.cgfmanet.org\/es\/#website","url":"https:\/\/www.cgfmanet.org\/es\/","name":"Istituto Figlie di Maria Ausiliatrice","description":"Salesiane di Don Bosco","publisher":{"@id":"https:\/\/www.cgfmanet.org\/es\/#organization"},"potentialAction":[{"@type":"SearchAction","target":{"@type":"EntryPoint","urlTemplate":"https:\/\/www.cgfmanet.org\/es\/?s={search_term_string}"},"query-input":{"@type":"PropertyValueSpecification","valueRequired":true,"valueName":"search_term_string"}}],"inLanguage":"fr-FR"},{"@type":"Organization","@id":"https:\/\/www.cgfmanet.org\/es\/#organization","name":"Istituto Figlie di Maria Ausiliatrice","url":"https:\/\/www.cgfmanet.org\/es\/","logo":{"@type":"ImageObject","inLanguage":"fr-FR","@id":"https:\/\/www.cgfmanet.org\/es\/#\/schema\/logo\/image\/","url":"https:\/\/www.cgfmanet.org\/wp-content\/uploads\/2018\/10\/logo-fma.png","contentUrl":"https:\/\/www.cgfmanet.org\/wp-content\/uploads\/2018\/10\/logo-fma.png","width":214,"height":55,"caption":"Istituto Figlie di Maria Ausiliatrice"},"image":{"@id":"https:\/\/www.cgfmanet.org\/es\/#\/schema\/logo\/image\/"},"sameAs":["https:\/\/www.facebook.com\/salesian.sisters.of.don.bosco\/","https:\/\/x.com\/Cgfmanet_Org","https:\/\/www.youtube.com\/channel\/UCmcr8yFQBV7JXeXVxyV9y5Q"]},{"@type":"Person","@id":"https:\/\/www.cgfmanet.org\/es\/#\/schema\/person\/ce6473083f53ef0ef882cca23f0c8fb9","name":"Redazione"}]}},"_links":{"self":[{"href":"https:\/\/www.cgfmanet.org\/fr\/wp-json\/wp\/v2\/posts\/65042","targetHints":{"allow":["GET"]}}],"collection":[{"href":"https:\/\/www.cgfmanet.org\/fr\/wp-json\/wp\/v2\/posts"}],"about":[{"href":"https:\/\/www.cgfmanet.org\/fr\/wp-json\/wp\/v2\/types\/post"}],"author":[{"embeddable":true,"href":"https:\/\/www.cgfmanet.org\/fr\/wp-json\/wp\/v2\/users\/21"}],"replies":[{"embeddable":true,"href":"https:\/\/www.cgfmanet.org\/fr\/wp-json\/wp\/v2\/comments?post=65042"}],"version-history":[{"count":0,"href":"https:\/\/www.cgfmanet.org\/fr\/wp-json\/wp\/v2\/posts\/65042\/revisions"}],"wp:featuredmedia":[{"embeddable":true,"href":"https:\/\/www.cgfmanet.org\/fr\/wp-json\/wp\/v2\/media\/65037"}],"wp:attachment":[{"href":"https:\/\/www.cgfmanet.org\/fr\/wp-json\/wp\/v2\/media?parent=65042"}],"wp:term":[{"taxonomy":"category","embeddable":true,"href":"https:\/\/www.cgfmanet.org\/fr\/wp-json\/wp\/v2\/categories?post=65042"},{"taxonomy":"post_tag","embeddable":true,"href":"https:\/\/www.cgfmanet.org\/fr\/wp-json\/wp\/v2\/tags?post=65042"}],"curies":[{"name":"wp","href":"https:\/\/api.w.org\/{rel}","templated":true}]}}