{"id":64917,"date":"2022-04-04T19:12:33","date_gmt":"2022-04-04T17:12:33","guid":{"rendered":"https:\/\/www.cgfmanet.org\/info-sphere\/accoglienza-ucraini-in-ungheria\/"},"modified":"2022-04-06T09:27:03","modified_gmt":"2022-04-06T07:27:03","slug":"accueil-des-refugies-ukrainiens-en-hongrie","status":"publish","type":"post","link":"https:\/\/www.cgfmanet.org\/fr\/info-sphere\/citoyennete\/accueil-des-refugies-ukrainiens-en-hongrie\/","title":{"rendered":"Accueil des r\u00e9fugi\u00e9s ukrainiens en Hongrie"},"content":{"rendered":"<p><strong>Hongrie.<\/strong> Avec la Pologne, la Slovaquie, la Roumanie et la Moldavie, la Hongrie est l\u2019un des pays o\u00f9 se concentre le plus grand nombre de migrants ukrainiens. Les Organisations humanitaires, les paroisses et la population se sont mobilis\u00e9s principalement aux fronti\u00e8res et dans les gares, distribuant de la nourriture, r\u00e9coltant et offrant des dons, organisant les transports et le logement.<\/p>\n<p>Les Filles de Marie Auxiliatrice des Communaut\u00e9s de Mogyor\u00f3d, Budapest et Eger, de la Province Triveneta <em>Ste Maria Domenica Mazzarello<\/em> (ITV), collaborent \u00e9galement avec diverses Organisations eccl\u00e9siastiques et civiles et sont engag\u00e9es dans l\u2019accueil des migrants.<\/p>\n<p>\u2018\u2019En Hongrie, il y a un grand sens de l\u2019humanit\u00e9 envers ces fr\u00e8res\/s\u0153urs\u2019\u2019 \u2013 raconte une FMA de la Communaut\u00e9 d\u2019Eger \u2013 \u2018\u2019L\u2019Etat et l\u2019Eglise travaillent ensemble et avec des organisations telles que la Caritas, l\u2019Ordre de Malte et d\u2019autres ONG locales. Ils sont tr\u00e8s bien organis\u00e9s dans le transport de la fronti\u00e8re avec l\u2019Ukraine et des couloirs humanitaires vers les diff\u00e9rentes Communes des villes hongroises.<\/p>\n<p>Des m\u00e8res et leurs enfants arrivent ainsi que des personnes \u00e2g\u00e9es de la zone frontali\u00e8re appel\u00e9e Karpatoja. Beaucoup parlent le hongrois, mais la majorit\u00e9 seulement l\u2019ukrainien et le russe. Ils ont une grande tristesse sur leurs visages et parlent avec douleur et nostalgie de leur terre. L\u2019Etat hongrois a mis \u00e0 disposition des facilitateurs et des m\u00e9diateurs culturels, en particulier universitaires, mais \u00e9galement des h\u00f4pitaux, des \u00e9coles, des repas et des logements.<\/p>\n<p><strong>A Budapest<\/strong>, en tant que FMA, nous avons signal\u00e9 au Gouvernement le nouveau foyer, le \u2018\u2019Centre Dom Bosco\u2019\u2019, afin d\u2019h\u00e9berger quelques jeunes filles ou des familles qui arriveront sous peu. Pour le moment, les s\u0153urs travaillent avec la Caritas locale, la Commune et la Paroisse. Dans l\u2019\u00e9cole maternelle, elles accueillent six enfants ukrainiens.<\/p>\n<p><strong>A Mogyor\u00f3d<\/strong>, elles collaborent activement avec la Caritas, avec la Commune et avec la Paroisse et dans l\u2019Ecole maternelle cinq enfants ukrainiens ont \u00e9t\u00e9 accueillis.<\/p>\n<p><strong>A Eger<\/strong> sont h\u00e9berg\u00e9es deux petites filles, s\u0153urs d\u2019une de nos \u00e9tudiantes ukrainiennes, fille d\u2019un pasteur gr\u00e9co-catholique. Dans leurs dessins elles \u00e9crivent en hongrois\u00a0: \u2018\u2019Merci de nous avoir accueillies\u2019\u2019 et \u2018\u2019Merci pour tout\u2019\u2019. Les parents sont rest\u00e9s au front afin d\u2019aider et soutenir les personnes et ainsi les deux petites, qui fr\u00e9quentent la cinqui\u00e8me et la deuxi\u00e8me \u00e9l\u00e9mentaire sont avec nous. Elles suivent l\u2019\u00e9cole en ligne. Toutefois l\u2019Etat hongrois a ouvert des \u00e9coles de tous les niveaux \u00e0 tous les \u00e9tudiants ukrainiens qui souhaitent la fr\u00e9quenter.<\/p>\n<p>Dans la ville d\u2019Eger les r\u00e9fugi\u00e9s sont log\u00e9s dans deux grands coll\u00e8ges universitaires et les \u00e9tudiants qui y vivaient ont \u00e9t\u00e9 relog\u00e9s ailleurs. Nous FMA, avons apport\u00e9 \u00e0 l\u2019un des coll\u00e8ges de la nourriture, des d\u00e9sinfectants, des savons et le n\u00e9cessaire pour la toilette personnelle, en particulier pour les enfants. Depuis un mois, les \u00e9tudiants universitaires r\u00e9coltent de la nourriture \u00e0 longue conservation et nous sommes all\u00e9es avec eux d\u00e9j\u00e0 trois fois pour les livrer.<\/p>\n<p>En outre, nous avons sensibiliser les animateurs et les \u00e9tudiants universitaires afin de faire de l\u2019animation pour les enfants et les jeunes et un beau r\u00e9seau de solidarit\u00e9 s\u2019est form\u00e9\u00a0: \u00e0 tour de r\u00f4le, nous <strong>allons avec eux pour apporter aux enfants et aux jeunes un peu de joie sal\u00e9sienne.<\/strong> Ils sont devenus nos amis et nous attendent, m\u00eame s\u2019ils ne parlent que le russe ou l\u2019ukrainien et que nous ne comprenons pas tout.<\/p>\n<p>Les familles en Hongrie rivalisent afin de les h\u00e9berger \u00e0 la maison ou pour leur acheter quelque chose qui puisse rendre cette p\u00e9riode difficile moins dure. Les Ukrainiens, avec une grande dignit\u00e9, restent dans les coll\u00e8ges dans un premier temps, puis cherchent un logement plus appropri\u00e9.<\/p>\n<p>Confions tout au bon Dieu et nous demandons la paix pour nos fr\u00e8res ukrainiens, mais \u00e9galement pour les russes et pour le monde entier!\u2019\u2019.<\/p>\n\r\n                <style type=\"text\/css\">\r\n                    \r\n                    #tdi_1  .td-doubleSlider-2 .td-item1 {\r\n                        background: url(https:\/\/www.cgfmanet.org\/wp-content\/uploads\/2022\/04\/accoglienza-ucraini-Ungheria_2-80x60.jpg) 0 0 no-repeat;\r\n                    }\r\n                    #tdi_1  .td-doubleSlider-2 .td-item2 {\r\n                        background: url(https:\/\/www.cgfmanet.org\/wp-content\/uploads\/2022\/04\/accoglienza-ucraini-Ungheria_4-80x60.jpg) 0 0 no-repeat;\r\n                    }\r\n                    #tdi_1  .td-doubleSlider-2 .td-item3 {\r\n                        background: url(https:\/\/www.cgfmanet.org\/wp-content\/uploads\/2022\/04\/accoglienza-ucraini-Ungheria_3-80x60.jpg) 0 0 no-repeat;\r\n                    }\r\n                <\/style>\r\n\r\n                <div id=\"tdi_1\" class=\"td-gallery td-slide-on-2-columns\">\r\n                    <div class=\"post_td_gallery\">\r\n                        <div class=\"td-gallery-slide-top\">\r\n                           <div class=\"td-gallery-title\"><\/div>\r\n\r\n                            <div class=\"td-gallery-controls-wrapper\">\r\n                                <div class=\"td-gallery-slide-count\"><span class=\"td-gallery-slide-item-focus\">1<\/span> de 3<\/div>\r\n                                <div class=\"td-gallery-slide-prev-next-but\">\r\n                                    <i class = \"td-icon-left doubleSliderPrevButton\"><\/i>\r\n                                    <i class = \"td-icon-right doubleSliderNextButton\"><\/i>\r\n                                <\/div>\r\n                            <\/div>\r\n                        <\/div>\r\n\r\n                        <div class = \"td-doubleSlider-1 \">\r\n                            <div class = \"td-slider\">\r\n                                \r\n                    <div class = \"td-slide-item td-item1\">\r\n                        <figure class=\"td-slide-galery-figure td-slide-popup-gallery\">\r\n                            <a class=\"slide-gallery-image-link\" href=\"https:\/\/www.cgfmanet.org\/wp-content\/uploads\/2022\/04\/accoglienza-ucraini-Ungheria_2.jpg\" title=\"accoglienza ucraini Ungheria_2\"  data-caption=\"\"  data-description=\"\">\r\n                                <img decoding=\"async\" data-src=\"https:\/\/www.cgfmanet.org\/wp-content\/uploads\/2022\/04\/accoglienza-ucraini-Ungheria_2-630x420.jpg\" data-srcset=\"https:\/\/www.cgfmanet.org\/wp-content\/uploads\/2022\/04\/accoglienza-ucraini-Ungheria_2-630x420.jpg 630w, https:\/\/www.cgfmanet.org\/wp-content\/uploads\/2022\/04\/accoglienza-ucraini-Ungheria_2-768x512.jpg 768w, https:\/\/www.cgfmanet.org\/wp-content\/uploads\/2022\/04\/accoglienza-ucraini-Ungheria_2-696x464.jpg 696w, https:\/\/www.cgfmanet.org\/wp-content\/uploads\/2022\/04\/accoglienza-ucraini-Ungheria_2.jpg 1150w\" data-sizes=\"auto\" alt=\"\" src=\"data:image\/svg+xml;base64,PHN2ZyB3aWR0aD0iMSIgaGVpZ2h0PSIxIiB4bWxucz0iaHR0cDovL3d3dy53My5vcmcvMjAwMC9zdmciPjwvc3ZnPg==\" class=\"lazyload\" style=\"--smush-placeholder-width: 630px; --smush-placeholder-aspect-ratio: 630\/420;\" data-original-sizes=\"(max-width: 630px) 100vw, 630px\">\r\n                            <\/a>\r\n                            \r\n                        <\/figure>\r\n                    <\/div>\r\n                    <div class = \"td-slide-item td-item2\">\r\n                        <figure class=\"td-slide-galery-figure td-slide-popup-gallery\">\r\n                            <a class=\"slide-gallery-image-link\" href=\"https:\/\/www.cgfmanet.org\/wp-content\/uploads\/2022\/04\/accoglienza-ucraini-Ungheria_4-scaled.jpg\" title=\"accoglienza ucraini Ungheria_4\"  data-caption=\"  Grazie per averci ospitati\"  data-description=\"\">\r\n                                <img decoding=\"async\" data-src=\"https:\/\/www.cgfmanet.org\/wp-content\/uploads\/2022\/04\/accoglienza-ucraini-Ungheria_4-630x420.jpg\" data-srcset=\"https:\/\/www.cgfmanet.org\/wp-content\/uploads\/2022\/04\/accoglienza-ucraini-Ungheria_4-630x420.jpg 630w, https:\/\/www.cgfmanet.org\/wp-content\/uploads\/2022\/04\/accoglienza-ucraini-Ungheria_4-768x512.jpg 768w, https:\/\/www.cgfmanet.org\/wp-content\/uploads\/2022\/04\/accoglienza-ucraini-Ungheria_4-1536x1024.jpg 1536w, https:\/\/www.cgfmanet.org\/wp-content\/uploads\/2022\/04\/accoglienza-ucraini-Ungheria_4-2048x1365.jpg 2048w, https:\/\/www.cgfmanet.org\/wp-content\/uploads\/2022\/04\/accoglienza-ucraini-Ungheria_4-696x464.jpg 696w\" data-sizes=\"auto\" alt=\"\" src=\"data:image\/svg+xml;base64,PHN2ZyB3aWR0aD0iMSIgaGVpZ2h0PSIxIiB4bWxucz0iaHR0cDovL3d3dy53My5vcmcvMjAwMC9zdmciPjwvc3ZnPg==\" class=\"lazyload\" style=\"--smush-placeholder-width: 630px; --smush-placeholder-aspect-ratio: 630\/420;\" data-original-sizes=\"(max-width: 630px) 100vw, 630px\">\r\n                            <\/a>\r\n                            <figcaption class = \"td-slide-caption td-gallery-slide-content\"><div class = \"td-gallery-slide-copywrite\">  Grazie per averci ospitati<\/div><\/figcaption>\r\n                        <\/figure>\r\n                    <\/div>\r\n                    <div class = \"td-slide-item td-item3\">\r\n                        <figure class=\"td-slide-galery-figure td-slide-popup-gallery\">\r\n                            <a class=\"slide-gallery-image-link\" href=\"https:\/\/www.cgfmanet.org\/wp-content\/uploads\/2022\/04\/accoglienza-ucraini-Ungheria_3-scaled.jpg\" title=\"accoglienza ucraini Ungheria_3\"  data-caption=\"Grazie di tutto\"  data-description=\"\">\r\n                                <img decoding=\"async\" data-src=\"https:\/\/www.cgfmanet.org\/wp-content\/uploads\/2022\/04\/accoglienza-ucraini-Ungheria_3-630x420.jpg\" data-srcset=\"https:\/\/www.cgfmanet.org\/wp-content\/uploads\/2022\/04\/accoglienza-ucraini-Ungheria_3-630x420.jpg 630w, https:\/\/www.cgfmanet.org\/wp-content\/uploads\/2022\/04\/accoglienza-ucraini-Ungheria_3-768x512.jpg 768w, https:\/\/www.cgfmanet.org\/wp-content\/uploads\/2022\/04\/accoglienza-ucraini-Ungheria_3-1536x1024.jpg 1536w, https:\/\/www.cgfmanet.org\/wp-content\/uploads\/2022\/04\/accoglienza-ucraini-Ungheria_3-2048x1365.jpg 2048w, https:\/\/www.cgfmanet.org\/wp-content\/uploads\/2022\/04\/accoglienza-ucraini-Ungheria_3-696x464.jpg 696w\" data-sizes=\"auto\" alt=\"\" src=\"data:image\/svg+xml;base64,PHN2ZyB3aWR0aD0iMSIgaGVpZ2h0PSIxIiB4bWxucz0iaHR0cDovL3d3dy53My5vcmcvMjAwMC9zdmciPjwvc3ZnPg==\" class=\"lazyload\" style=\"--smush-placeholder-width: 630px; --smush-placeholder-aspect-ratio: 630\/420;\" data-original-sizes=\"(max-width: 630px) 100vw, 630px\">\r\n                            <\/a>\r\n                            <figcaption class = \"td-slide-caption td-gallery-slide-content\"><div class = \"td-gallery-slide-copywrite\">Grazie di tutto<\/div><\/figcaption>\r\n                        <\/figure>\r\n                    <\/div>\r\n                            <\/div>\r\n                        <\/div>\r\n\r\n                        <div class = \"td-doubleSlider-2\">\r\n                            <div class = \"td-slider\">\r\n                                \r\n                    <div class = \"td-button td-item1\">\r\n                        <div class = \"td-border\"><\/div>\r\n                    <\/div>\r\n                    <div class = \"td-button td-item2\">\r\n                        <div class = \"td-border\"><\/div>\r\n                    <\/div>\r\n                    <div class = \"td-button td-item3\">\r\n                        <div class = \"td-border\"><\/div>\r\n                    <\/div>\r\n                            <\/div>\r\n                        <\/div>\r\n\r\n                    <\/div>\r\n\r\n                <\/div>\r\n                \n<p><strong><span style=\"color: #ff0000;\">L\u2019Institut des Filles de Marie Auxiliatrice compte sur la g\u00e9n\u00e9rosit\u00e9 des Communaut\u00e9s \u00e9ducatives, des Associations et des bienfaiteurs pour continuer \u00e0 apporter de l\u2019aide aux FMA d\u2019Ukraine et des Provinces limitrophes qui accueillent des r\u00e9fugi\u00e9s.<\/span> <\/strong>C\u2019est possible\u00a0d\u2019envoyer des contributions, des offrandes \u00e0 travers <span style=\"color: #0000ff;\"><strong><a style=\"color: #0000ff;\" href=\"https:\/\/www.cgfmanet.org\/fr\/donations-en-ligne\/\" target=\"_blank\" rel=\"noopener\">Donnez Maintenant <\/a><\/strong><\/span>ou par les m\u00e9thodes indiqu\u00e9es sur le <span style=\"color: #0000ff;\"><strong><a style=\"color: #0000ff;\" href=\"https:\/\/www.cgfmanet.org\/fr\/donations-dons-levee-de-fonds\/\" target=\"_blank\" rel=\"noopener\">Site web de l\u2019Institut FMA<\/a><\/strong><\/span>, en signalant\u00a0: <strong>\u00ab\u00a0Urgence Ukraine\u00a0\u00bb.<\/strong><\/p>\n<p><strong>Voir \u00e9galement:<\/strong><\/p>\n<p class=\"entry-title\"><a href=\"https:\/\/www.cgfmanet.org\/fr\/info-sphere\/aide-aux-migrants-ukrainiens-pla\/\" target=\"_blank\" rel=\"noopener\"><strong><span style=\"color: #0000ff;\">Aide aux migrants ukrainiens \u2013 PLA<\/span><\/strong><\/a><\/p>\n<p class=\"entry-title\"><span style=\"color: #0000ff;\"><strong><a style=\"color: #0000ff;\" href=\"https:\/\/www.cgfmanet.org\/fr\/info-sphere\/etre-present-en-ukraine\/\" target=\"_blank\" rel=\"noopener\">\u00catre pr\u00e9sent en Ukraine<\/a><\/strong><\/span><\/p>\n<p><span style=\"color: #0000ff;\"><a style=\"color: #0000ff;\" href=\"https:\/\/www.cgfmanet.org\/fr\/info-sphere\/citoyennete\/les-fma-engagees-a-la-frontiere-avec-lukraine-slk\/\" target=\"_blank\" rel=\"noopener\"><strong>Les FMA engag\u00e9es \u00e0 la fronti\u00e8re avec l\u2019Ukraine \u2013 SLK<\/strong><\/a><\/span><\/p>\n<p><span style=\"color: #0000ff;\"><a style=\"color: #0000ff;\" href=\"https:\/\/www.cgfmanet.org\/fr\/info-sphere\/citoyennete\/lumieres-despoir-pour-lukraine\/\" target=\"_blank\" rel=\"noopener\"><strong>Lumi\u00e8res d\u2019espoir pour l\u2019Ukraine<\/strong><\/a><\/span><\/p>\n<p><span style=\"color: #0000ff;\"><a style=\"color: #0000ff;\" href=\"https:\/\/www.cgfmanet.org\/fr\/info-sphere\/aide-a-lukraine\/\" target=\"_blank\" rel=\"noopener\"><strong>Aide \u00e0 l\u2019Ukraine<\/strong><\/a><\/span><\/p>\n<p><span style=\"color: #0000ff;\"><a style=\"color: #0000ff;\" href=\"https:\/\/www.cgfmanet.org\/fr\/info-sphere\/proches-de-lukraine\/\" target=\"_blank\" rel=\"noopener\"><strong>Proches de l\u2019Ukraine<\/strong><\/a><\/span><\/p>\n<p><span style=\"color: #0000ff;\"><a style=\"color: #0000ff;\" href=\"https:\/\/www.cgfmanet.org\/fr\/urgences-et-campagnes-humanitaires\/solidarite-avec-lukraine\/\" target=\"_blank\" rel=\"noopener\"><strong>Solidarit\u00e9 avec l\u2019Ukraine<\/strong><\/a><\/span><\/p>\n<p class=\"entry-title\"><span style=\"color: #0000ff;\"><a style=\"color: #0000ff;\" href=\"https:\/\/www.cgfmanet.org\/fr\/info-sphere\/des-communautes-fma-de-lukraine\/\" target=\"_blank\" rel=\"noopener\"><strong>Des Communaut\u00e9s FMA de l\u2019Ukraine<\/strong><\/a><\/span><\/p>\n","protected":false},"excerpt":{"rendered":"<p>Hongrie. Avec la Pologne, la Slovaquie, la Roumanie et la Moldavie, la Hongrie est l\u2019un des pays o\u00f9 se concentre le plus grand nombre de migrants ukrainiens. Les Organisations humanitaires, [&hellip;]<\/p>\n","protected":false},"author":21,"featured_media":64907,"comment_status":"open","ping_status":"closed","sticky":false,"template":"","format":"standard","meta":{"footnotes":""},"categories":[36,194],"tags":[1240,1832,1929,1991,2281,2307],"class_list":["post-64917","post","type-post","status-publish","format-standard","has-post-thumbnail","category-info-sphere","category-citoyennete","tag-itv-fr","tag-paix","tag-focus-fr","tag-solidarieta-fr","tag-ifma-fr","tag-hongrie"],"yoast_head":"<!-- This site is optimized with the Yoast SEO plugin v27.4 - https:\/\/yoast.com\/product\/yoast-seo-wordpress\/ -->\n<title>Accueil des r\u00e9fugi\u00e9s ukrainiens en Hongrie &#8226; Istituto Figlie di Maria Ausiliatrice<\/title>\n<meta name=\"description\" content=\"Aide et accueil des r\u00e9fugi\u00e9s ukrainiens des Communaut\u00e9s FMA en Hongrie.\" \/>\n<meta name=\"robots\" content=\"index, follow, max-snippet:-1, max-image-preview:large, max-video-preview:-1\" \/>\n<link rel=\"canonical\" href=\"https:\/\/www.cgfmanet.org\/fr\/info-sphere\/citoyennete\/accueil-des-refugies-ukrainiens-en-hongrie\/\" \/>\n<meta property=\"og:locale\" content=\"fr_FR\" \/>\n<meta property=\"og:type\" content=\"article\" \/>\n<meta property=\"og:title\" content=\"Accueil des r\u00e9fugi\u00e9s ukrainiens en Hongrie &#8226; Istituto Figlie di Maria Ausiliatrice\" \/>\n<meta property=\"og:description\" content=\"Aide et accueil des r\u00e9fugi\u00e9s ukrainiens des Communaut\u00e9s FMA en Hongrie.\" \/>\n<meta property=\"og:url\" content=\"https:\/\/www.cgfmanet.org\/fr\/info-sphere\/citoyennete\/accueil-des-refugies-ukrainiens-en-hongrie\/\" \/>\n<meta property=\"og:site_name\" content=\"Istituto Figlie di Maria Ausiliatrice\" \/>\n<meta property=\"article:publisher\" content=\"https:\/\/www.facebook.com\/salesian.sisters.of.don.bosco\/\" \/>\n<meta property=\"article:published_time\" content=\"2022-04-04T17:12:33+00:00\" \/>\n<meta property=\"article:modified_time\" content=\"2022-04-06T07:27:03+00:00\" \/>\n<meta property=\"og:image\" content=\"https:\/\/www.cgfmanet.org\/wp-content\/uploads\/2022\/04\/accoglienza-ucraini-Ungheria.jpg\" \/>\n\t<meta property=\"og:image:width\" content=\"1181\" \/>\n\t<meta property=\"og:image:height\" content=\"787\" \/>\n\t<meta property=\"og:image:type\" content=\"image\/jpeg\" \/>\n<meta name=\"author\" content=\"Redazione\" \/>\n<meta name=\"twitter:card\" content=\"summary_large_image\" \/>\n<meta name=\"twitter:creator\" content=\"@Cgfmanet_Org\" \/>\n<meta name=\"twitter:site\" content=\"@Cgfmanet_Org\" \/>\n<meta name=\"twitter:label1\" content=\"\u00c9crit par\" \/>\n\t<meta name=\"twitter:data1\" content=\"Redazione\" \/>\n\t<meta name=\"twitter:label2\" content=\"Dur\u00e9e de lecture estim\u00e9e\" \/>\n\t<meta name=\"twitter:data2\" content=\"4 minutes\" \/>\n<script type=\"application\/ld+json\" class=\"yoast-schema-graph\">{\"@context\":\"https:\\\/\\\/schema.org\",\"@graph\":[{\"@type\":\"Article\",\"@id\":\"https:\\\/\\\/www.cgfmanet.org\\\/fr\\\/info-sphere\\\/citoyennete\\\/accueil-des-refugies-ukrainiens-en-hongrie\\\/#article\",\"isPartOf\":{\"@id\":\"https:\\\/\\\/www.cgfmanet.org\\\/fr\\\/info-sphere\\\/citoyennete\\\/accueil-des-refugies-ukrainiens-en-hongrie\\\/\"},\"author\":{\"name\":\"Redazione\",\"@id\":\"https:\\\/\\\/www.cgfmanet.org\\\/es\\\/#\\\/schema\\\/person\\\/ce6473083f53ef0ef882cca23f0c8fb9\"},\"headline\":\"Accueil des r\u00e9fugi\u00e9s ukrainiens en Hongrie\",\"datePublished\":\"2022-04-04T17:12:33+00:00\",\"dateModified\":\"2022-04-06T07:27:03+00:00\",\"mainEntityOfPage\":{\"@id\":\"https:\\\/\\\/www.cgfmanet.org\\\/fr\\\/info-sphere\\\/citoyennete\\\/accueil-des-refugies-ukrainiens-en-hongrie\\\/\"},\"wordCount\":825,\"commentCount\":0,\"publisher\":{\"@id\":\"https:\\\/\\\/www.cgfmanet.org\\\/es\\\/#organization\"},\"image\":{\"@id\":\"https:\\\/\\\/www.cgfmanet.org\\\/fr\\\/info-sphere\\\/citoyennete\\\/accueil-des-refugies-ukrainiens-en-hongrie\\\/#primaryimage\"},\"thumbnailUrl\":\"https:\\\/\\\/www.cgfmanet.org\\\/wp-content\\\/uploads\\\/2022\\\/04\\\/accoglienza-ucraini-Ungheria.jpg\",\"keywords\":[\"ITV\",\"Paix\",\"Focus\",\"Solidariet\u00e0\",\"IFMA\",\"Hongrie\"],\"articleSection\":[\"Infosph\u00e8re\",\"Citoyennet\u00e9\"],\"inLanguage\":\"fr-FR\",\"potentialAction\":[{\"@type\":\"CommentAction\",\"name\":\"Comment\",\"target\":[\"https:\\\/\\\/www.cgfmanet.org\\\/fr\\\/info-sphere\\\/citoyennete\\\/accueil-des-refugies-ukrainiens-en-hongrie\\\/#respond\"]}]},{\"@type\":\"WebPage\",\"@id\":\"https:\\\/\\\/www.cgfmanet.org\\\/fr\\\/info-sphere\\\/citoyennete\\\/accueil-des-refugies-ukrainiens-en-hongrie\\\/\",\"url\":\"https:\\\/\\\/www.cgfmanet.org\\\/fr\\\/info-sphere\\\/citoyennete\\\/accueil-des-refugies-ukrainiens-en-hongrie\\\/\",\"name\":\"Accueil des r\u00e9fugi\u00e9s ukrainiens en Hongrie &#8226; Istituto Figlie di Maria Ausiliatrice\",\"isPartOf\":{\"@id\":\"https:\\\/\\\/www.cgfmanet.org\\\/es\\\/#website\"},\"primaryImageOfPage\":{\"@id\":\"https:\\\/\\\/www.cgfmanet.org\\\/fr\\\/info-sphere\\\/citoyennete\\\/accueil-des-refugies-ukrainiens-en-hongrie\\\/#primaryimage\"},\"image\":{\"@id\":\"https:\\\/\\\/www.cgfmanet.org\\\/fr\\\/info-sphere\\\/citoyennete\\\/accueil-des-refugies-ukrainiens-en-hongrie\\\/#primaryimage\"},\"thumbnailUrl\":\"https:\\\/\\\/www.cgfmanet.org\\\/wp-content\\\/uploads\\\/2022\\\/04\\\/accoglienza-ucraini-Ungheria.jpg\",\"datePublished\":\"2022-04-04T17:12:33+00:00\",\"dateModified\":\"2022-04-06T07:27:03+00:00\",\"description\":\"Aide et accueil des r\u00e9fugi\u00e9s ukrainiens des Communaut\u00e9s FMA en Hongrie.\",\"breadcrumb\":{\"@id\":\"https:\\\/\\\/www.cgfmanet.org\\\/fr\\\/info-sphere\\\/citoyennete\\\/accueil-des-refugies-ukrainiens-en-hongrie\\\/#breadcrumb\"},\"inLanguage\":\"fr-FR\",\"potentialAction\":[{\"@type\":\"ReadAction\",\"target\":[\"https:\\\/\\\/www.cgfmanet.org\\\/fr\\\/info-sphere\\\/citoyennete\\\/accueil-des-refugies-ukrainiens-en-hongrie\\\/\"]}]},{\"@type\":\"ImageObject\",\"inLanguage\":\"fr-FR\",\"@id\":\"https:\\\/\\\/www.cgfmanet.org\\\/fr\\\/info-sphere\\\/citoyennete\\\/accueil-des-refugies-ukrainiens-en-hongrie\\\/#primaryimage\",\"url\":\"https:\\\/\\\/www.cgfmanet.org\\\/wp-content\\\/uploads\\\/2022\\\/04\\\/accoglienza-ucraini-Ungheria.jpg\",\"contentUrl\":\"https:\\\/\\\/www.cgfmanet.org\\\/wp-content\\\/uploads\\\/2022\\\/04\\\/accoglienza-ucraini-Ungheria.jpg\",\"width\":1181,\"height\":787},{\"@type\":\"BreadcrumbList\",\"@id\":\"https:\\\/\\\/www.cgfmanet.org\\\/fr\\\/info-sphere\\\/citoyennete\\\/accueil-des-refugies-ukrainiens-en-hongrie\\\/#breadcrumb\",\"itemListElement\":[{\"@type\":\"ListItem\",\"position\":1,\"name\":\"Home\",\"item\":\"https:\\\/\\\/www.cgfmanet.org\\\/fr\\\/\"},{\"@type\":\"ListItem\",\"position\":2,\"name\":\"Accueil des r\u00e9fugi\u00e9s ukrainiens en Hongrie\"}]},{\"@type\":\"WebSite\",\"@id\":\"https:\\\/\\\/www.cgfmanet.org\\\/es\\\/#website\",\"url\":\"https:\\\/\\\/www.cgfmanet.org\\\/es\\\/\",\"name\":\"Istituto Figlie di Maria Ausiliatrice\",\"description\":\"Salesiane di Don Bosco\",\"publisher\":{\"@id\":\"https:\\\/\\\/www.cgfmanet.org\\\/es\\\/#organization\"},\"potentialAction\":[{\"@type\":\"SearchAction\",\"target\":{\"@type\":\"EntryPoint\",\"urlTemplate\":\"https:\\\/\\\/www.cgfmanet.org\\\/es\\\/?s={search_term_string}\"},\"query-input\":{\"@type\":\"PropertyValueSpecification\",\"valueRequired\":true,\"valueName\":\"search_term_string\"}}],\"inLanguage\":\"fr-FR\"},{\"@type\":\"Organization\",\"@id\":\"https:\\\/\\\/www.cgfmanet.org\\\/es\\\/#organization\",\"name\":\"Istituto Figlie di Maria Ausiliatrice\",\"url\":\"https:\\\/\\\/www.cgfmanet.org\\\/es\\\/\",\"logo\":{\"@type\":\"ImageObject\",\"inLanguage\":\"fr-FR\",\"@id\":\"https:\\\/\\\/www.cgfmanet.org\\\/es\\\/#\\\/schema\\\/logo\\\/image\\\/\",\"url\":\"https:\\\/\\\/www.cgfmanet.org\\\/wp-content\\\/uploads\\\/2018\\\/10\\\/logo-fma.png\",\"contentUrl\":\"https:\\\/\\\/www.cgfmanet.org\\\/wp-content\\\/uploads\\\/2018\\\/10\\\/logo-fma.png\",\"width\":214,\"height\":55,\"caption\":\"Istituto Figlie di Maria Ausiliatrice\"},\"image\":{\"@id\":\"https:\\\/\\\/www.cgfmanet.org\\\/es\\\/#\\\/schema\\\/logo\\\/image\\\/\"},\"sameAs\":[\"https:\\\/\\\/www.facebook.com\\\/salesian.sisters.of.don.bosco\\\/\",\"https:\\\/\\\/x.com\\\/Cgfmanet_Org\",\"https:\\\/\\\/www.youtube.com\\\/channel\\\/UCmcr8yFQBV7JXeXVxyV9y5Q\"]},{\"@type\":\"Person\",\"@id\":\"https:\\\/\\\/www.cgfmanet.org\\\/es\\\/#\\\/schema\\\/person\\\/ce6473083f53ef0ef882cca23f0c8fb9\",\"name\":\"Redazione\"}]}<\/script>\n<!-- \/ Yoast SEO plugin. -->","yoast_head_json":{"title":"Accueil des r\u00e9fugi\u00e9s ukrainiens en Hongrie &#8226; Istituto Figlie di Maria Ausiliatrice","description":"Aide et accueil des r\u00e9fugi\u00e9s ukrainiens des Communaut\u00e9s FMA en Hongrie.","robots":{"index":"index","follow":"follow","max-snippet":"max-snippet:-1","max-image-preview":"max-image-preview:large","max-video-preview":"max-video-preview:-1"},"canonical":"https:\/\/www.cgfmanet.org\/fr\/info-sphere\/citoyennete\/accueil-des-refugies-ukrainiens-en-hongrie\/","og_locale":"fr_FR","og_type":"article","og_title":"Accueil des r\u00e9fugi\u00e9s ukrainiens en Hongrie &#8226; Istituto Figlie di Maria Ausiliatrice","og_description":"Aide et accueil des r\u00e9fugi\u00e9s ukrainiens des Communaut\u00e9s FMA en Hongrie.","og_url":"https:\/\/www.cgfmanet.org\/fr\/info-sphere\/citoyennete\/accueil-des-refugies-ukrainiens-en-hongrie\/","og_site_name":"Istituto Figlie di Maria Ausiliatrice","article_publisher":"https:\/\/www.facebook.com\/salesian.sisters.of.don.bosco\/","article_published_time":"2022-04-04T17:12:33+00:00","article_modified_time":"2022-04-06T07:27:03+00:00","og_image":[{"width":1181,"height":787,"url":"https:\/\/www.cgfmanet.org\/wp-content\/uploads\/2022\/04\/accoglienza-ucraini-Ungheria.jpg","type":"image\/jpeg"}],"author":"Redazione","twitter_card":"summary_large_image","twitter_creator":"@Cgfmanet_Org","twitter_site":"@Cgfmanet_Org","twitter_misc":{"\u00c9crit par":"Redazione","Dur\u00e9e de lecture estim\u00e9e":"4 minutes"},"schema":{"@context":"https:\/\/schema.org","@graph":[{"@type":"Article","@id":"https:\/\/www.cgfmanet.org\/fr\/info-sphere\/citoyennete\/accueil-des-refugies-ukrainiens-en-hongrie\/#article","isPartOf":{"@id":"https:\/\/www.cgfmanet.org\/fr\/info-sphere\/citoyennete\/accueil-des-refugies-ukrainiens-en-hongrie\/"},"author":{"name":"Redazione","@id":"https:\/\/www.cgfmanet.org\/es\/#\/schema\/person\/ce6473083f53ef0ef882cca23f0c8fb9"},"headline":"Accueil des r\u00e9fugi\u00e9s ukrainiens en Hongrie","datePublished":"2022-04-04T17:12:33+00:00","dateModified":"2022-04-06T07:27:03+00:00","mainEntityOfPage":{"@id":"https:\/\/www.cgfmanet.org\/fr\/info-sphere\/citoyennete\/accueil-des-refugies-ukrainiens-en-hongrie\/"},"wordCount":825,"commentCount":0,"publisher":{"@id":"https:\/\/www.cgfmanet.org\/es\/#organization"},"image":{"@id":"https:\/\/www.cgfmanet.org\/fr\/info-sphere\/citoyennete\/accueil-des-refugies-ukrainiens-en-hongrie\/#primaryimage"},"thumbnailUrl":"https:\/\/www.cgfmanet.org\/wp-content\/uploads\/2022\/04\/accoglienza-ucraini-Ungheria.jpg","keywords":["ITV","Paix","Focus","Solidariet\u00e0","IFMA","Hongrie"],"articleSection":["Infosph\u00e8re","Citoyennet\u00e9"],"inLanguage":"fr-FR","potentialAction":[{"@type":"CommentAction","name":"Comment","target":["https:\/\/www.cgfmanet.org\/fr\/info-sphere\/citoyennete\/accueil-des-refugies-ukrainiens-en-hongrie\/#respond"]}]},{"@type":"WebPage","@id":"https:\/\/www.cgfmanet.org\/fr\/info-sphere\/citoyennete\/accueil-des-refugies-ukrainiens-en-hongrie\/","url":"https:\/\/www.cgfmanet.org\/fr\/info-sphere\/citoyennete\/accueil-des-refugies-ukrainiens-en-hongrie\/","name":"Accueil des r\u00e9fugi\u00e9s ukrainiens en Hongrie &#8226; Istituto Figlie di Maria Ausiliatrice","isPartOf":{"@id":"https:\/\/www.cgfmanet.org\/es\/#website"},"primaryImageOfPage":{"@id":"https:\/\/www.cgfmanet.org\/fr\/info-sphere\/citoyennete\/accueil-des-refugies-ukrainiens-en-hongrie\/#primaryimage"},"image":{"@id":"https:\/\/www.cgfmanet.org\/fr\/info-sphere\/citoyennete\/accueil-des-refugies-ukrainiens-en-hongrie\/#primaryimage"},"thumbnailUrl":"https:\/\/www.cgfmanet.org\/wp-content\/uploads\/2022\/04\/accoglienza-ucraini-Ungheria.jpg","datePublished":"2022-04-04T17:12:33+00:00","dateModified":"2022-04-06T07:27:03+00:00","description":"Aide et accueil des r\u00e9fugi\u00e9s ukrainiens des Communaut\u00e9s FMA en Hongrie.","breadcrumb":{"@id":"https:\/\/www.cgfmanet.org\/fr\/info-sphere\/citoyennete\/accueil-des-refugies-ukrainiens-en-hongrie\/#breadcrumb"},"inLanguage":"fr-FR","potentialAction":[{"@type":"ReadAction","target":["https:\/\/www.cgfmanet.org\/fr\/info-sphere\/citoyennete\/accueil-des-refugies-ukrainiens-en-hongrie\/"]}]},{"@type":"ImageObject","inLanguage":"fr-FR","@id":"https:\/\/www.cgfmanet.org\/fr\/info-sphere\/citoyennete\/accueil-des-refugies-ukrainiens-en-hongrie\/#primaryimage","url":"https:\/\/www.cgfmanet.org\/wp-content\/uploads\/2022\/04\/accoglienza-ucraini-Ungheria.jpg","contentUrl":"https:\/\/www.cgfmanet.org\/wp-content\/uploads\/2022\/04\/accoglienza-ucraini-Ungheria.jpg","width":1181,"height":787},{"@type":"BreadcrumbList","@id":"https:\/\/www.cgfmanet.org\/fr\/info-sphere\/citoyennete\/accueil-des-refugies-ukrainiens-en-hongrie\/#breadcrumb","itemListElement":[{"@type":"ListItem","position":1,"name":"Home","item":"https:\/\/www.cgfmanet.org\/fr\/"},{"@type":"ListItem","position":2,"name":"Accueil des r\u00e9fugi\u00e9s ukrainiens en Hongrie"}]},{"@type":"WebSite","@id":"https:\/\/www.cgfmanet.org\/es\/#website","url":"https:\/\/www.cgfmanet.org\/es\/","name":"Istituto Figlie di Maria Ausiliatrice","description":"Salesiane di Don Bosco","publisher":{"@id":"https:\/\/www.cgfmanet.org\/es\/#organization"},"potentialAction":[{"@type":"SearchAction","target":{"@type":"EntryPoint","urlTemplate":"https:\/\/www.cgfmanet.org\/es\/?s={search_term_string}"},"query-input":{"@type":"PropertyValueSpecification","valueRequired":true,"valueName":"search_term_string"}}],"inLanguage":"fr-FR"},{"@type":"Organization","@id":"https:\/\/www.cgfmanet.org\/es\/#organization","name":"Istituto Figlie di Maria Ausiliatrice","url":"https:\/\/www.cgfmanet.org\/es\/","logo":{"@type":"ImageObject","inLanguage":"fr-FR","@id":"https:\/\/www.cgfmanet.org\/es\/#\/schema\/logo\/image\/","url":"https:\/\/www.cgfmanet.org\/wp-content\/uploads\/2018\/10\/logo-fma.png","contentUrl":"https:\/\/www.cgfmanet.org\/wp-content\/uploads\/2018\/10\/logo-fma.png","width":214,"height":55,"caption":"Istituto Figlie di Maria Ausiliatrice"},"image":{"@id":"https:\/\/www.cgfmanet.org\/es\/#\/schema\/logo\/image\/"},"sameAs":["https:\/\/www.facebook.com\/salesian.sisters.of.don.bosco\/","https:\/\/x.com\/Cgfmanet_Org","https:\/\/www.youtube.com\/channel\/UCmcr8yFQBV7JXeXVxyV9y5Q"]},{"@type":"Person","@id":"https:\/\/www.cgfmanet.org\/es\/#\/schema\/person\/ce6473083f53ef0ef882cca23f0c8fb9","name":"Redazione"}]}},"_links":{"self":[{"href":"https:\/\/www.cgfmanet.org\/fr\/wp-json\/wp\/v2\/posts\/64917","targetHints":{"allow":["GET"]}}],"collection":[{"href":"https:\/\/www.cgfmanet.org\/fr\/wp-json\/wp\/v2\/posts"}],"about":[{"href":"https:\/\/www.cgfmanet.org\/fr\/wp-json\/wp\/v2\/types\/post"}],"author":[{"embeddable":true,"href":"https:\/\/www.cgfmanet.org\/fr\/wp-json\/wp\/v2\/users\/21"}],"replies":[{"embeddable":true,"href":"https:\/\/www.cgfmanet.org\/fr\/wp-json\/wp\/v2\/comments?post=64917"}],"version-history":[{"count":0,"href":"https:\/\/www.cgfmanet.org\/fr\/wp-json\/wp\/v2\/posts\/64917\/revisions"}],"wp:featuredmedia":[{"embeddable":true,"href":"https:\/\/www.cgfmanet.org\/fr\/wp-json\/wp\/v2\/media\/64907"}],"wp:attachment":[{"href":"https:\/\/www.cgfmanet.org\/fr\/wp-json\/wp\/v2\/media?parent=64917"}],"wp:term":[{"taxonomy":"category","embeddable":true,"href":"https:\/\/www.cgfmanet.org\/fr\/wp-json\/wp\/v2\/categories?post=64917"},{"taxonomy":"post_tag","embeddable":true,"href":"https:\/\/www.cgfmanet.org\/fr\/wp-json\/wp\/v2\/tags?post=64917"}],"curies":[{"name":"wp","href":"https:\/\/api.w.org\/{rel}","templated":true}]}}