{"id":62861,"date":"2022-03-06T17:02:41","date_gmt":"2022-03-06T16:02:41","guid":{"rendered":"https:\/\/www.cgfmanet.org\/info-sphere\/un-rosario-per-la-pace\/"},"modified":"2022-03-09T00:08:11","modified_gmt":"2022-03-08T23:08:11","slug":"un-chapelet-pour-la-paix","status":"publish","type":"post","link":"https:\/\/www.cgfmanet.org\/fr\/info-sphere\/un-chapelet-pour-la-paix\/","title":{"rendered":"Un chapelet pour la paix"},"content":{"rendered":"<p><strong>Rome (Italie)<\/strong>. Au cours de la r\u00e9flexion partag\u00e9e pendant le pl\u00e9num d&rsquo;hiver avec le Conseil G\u00e9n\u00e9ral et face \u00e0 l&rsquo;aggravation de la situation internationale, la M\u00e8re G\u00e9n\u00e9rale de l&rsquo;Institut des Filles de Marie Auxiliatrice, S\u0153ur Chiara Cazzuola, dans une lettre, invite toutes les FMA et les Communaut\u00e9s Educatives, <strong>le 12 mars 2022, \u00e0 \u00a0prier ensemble un Chapelet pour la paix dans le monde et \u00a0qui sera diffus\u00e9 en direct.<\/strong><\/p>\n<p>Tr\u00e8s ch\u00e8res s\u0153urs et tr\u00e8s chers membres des Communaut\u00e9s \u00e9ducatives<\/p>\n<p>Nous portons dans nos c\u0153urs la conviction que la paix se construit avec la paix. Seul un processus de r\u00e9conciliation fond\u00e9 sur le respect des droits et des devoirs de chaque citoyen et de chacune des parties peut conduire \u00e0 la paix. L&rsquo;\u00e9ducation et l&rsquo;annonce de l&rsquo;Evangile qui \u00e9claire l&rsquo;esprit, change le c\u0153ur et pousse la volont\u00e9 vers le bien commun. C\u2019est de plus en plus la fa\u00e7on dont nous voulons nous d\u00e9penser <em>\u00ab\u00a0jusqu&rsquo;au dernier souffle<\/em>\u00ab\u00a0. En ce moment historique, le programme de Don Bosco pour \u00e9duquer \u00ab de bons chr\u00e9tiens et d&rsquo;honn\u00eates citoyens \u00bb est plus que jamais d\u2019actualit\u00e9.<\/p>\n<p>En tant que croyants, nous sommes appel\u00e9s \u00e0 d\u00e9noncer le mal sous toutes ses formes et dans toutes les situations o\u00f9 il se manifeste, mais nous sommes \u00e9galement tenus de favoriser, toujours et dans tous les \u00a0cas, le pardon, la r\u00e9conciliation et surtout la reconnaissance honn\u00eate et sinc\u00e8re du p\u00e9ch\u00e9 (\u00e0 commencer par le n\u00f4tre) qui contribue \u00e0 la propagation du mal et de la violence.<\/p>\n<p>Nous voulons toujours \u00eatre aux c\u00f4t\u00e9s des victimes de tous les types de violence, dans toutes les r\u00e9gions du monde, sans sous-estimer les cons\u00e9quences elles-m\u00eames \u00e0 moyen et \u00e0 long terme de tout esp\u00e8ce de privation de libert\u00e9, de manipulation de la v\u00e9rit\u00e9, d&rsquo;informations biais\u00e9es et souvent orient\u00e9es pour propager la peur, la m\u00e9fiance, la suspicion, sans une analyse document\u00e9e, \u00e9quilibr\u00e9e et mesur\u00e9e des responsabilit\u00e9s.<\/p>\n<p>Je vous remercie tous pour les multiples formes de solidarit\u00e9 et de soutien envers la population et les communaut\u00e9s des s\u0153urs de l&rsquo;Ukraine. La pri\u00e8re nous unit et nourrit notre esp\u00e9rance, nous aidant \u00e0 trouver des voies concr\u00e8tes et constructives pour favoriser la paix et la r\u00e9conciliation.<\/p>\n<p>Avec les S\u0153urs du Conseil, <strong>je vous propose de prier ensemble le Chapelet \u00e0 13h00 (heure italienne) le samedi 12 mars.<\/strong> Nous prierons pour la paix et pour la fin des hostilit\u00e9s dans toutes les parties du monde. Ce sera une nouvelle manifestation publique et unanime de notre confiance dans la puissante intercession de Marie Auxiliatrice, de notre engagement \u00e9ducatif pour la paix et d&rsquo;une d\u00e9nonciation efficace de toutes les formes de violence et d&rsquo;injustice.<\/p>\n<p><span style=\"color: #0000ff;\"><a style=\"color: #0000ff;\" href=\"https:\/\/www.youtube.com\/watch?v=2GqtlPgZNWM\" target=\"_blank\" rel=\"noopener\"><strong>Lien vers la diffusion en direct<\/strong><\/a><\/span><\/p>\n","protected":false},"excerpt":{"rendered":"<p>Rome (Italie). Au cours de la r\u00e9flexion partag\u00e9e pendant le pl\u00e9num d&rsquo;hiver avec le Conseil G\u00e9n\u00e9ral et face \u00e0 l&rsquo;aggravation de la situation internationale, la M\u00e8re G\u00e9n\u00e9rale de l&rsquo;Institut des [&hellip;]<\/p>\n","protected":false},"author":21,"featured_media":62857,"comment_status":"open","ping_status":"closed","sticky":false,"template":"","format":"standard","meta":{"footnotes":""},"categories":[36,194],"tags":[1832,1929,1991,2146,2281],"class_list":["post-62861","post","type-post","status-publish","format-standard","has-post-thumbnail","category-info-sphere","category-citoyennete","tag-paix","tag-focus-fr","tag-solidarieta-fr","tag-preghiera-fr","tag-ifma-fr"],"yoast_head":"<!-- This site is optimized with the Yoast SEO plugin v27.4 - https:\/\/yoast.com\/product\/yoast-seo-wordpress\/ -->\n<title>Un chapelet pour la paix &#8226; Istituto Figlie di Maria Ausiliatrice<\/title>\n<meta name=\"description\" content=\"M\u00e8re Chiara Cazzuola et le Conseil G\u00e9n\u00e9ral de l&#039;Institut FMA invitent toutes les FMA et les Communaut\u00e9s \u00e9ducatives, le 12 mars 2022, \u00e0 prier ensemble un chapelet pour la paix dans le monde.\" \/>\n<meta name=\"robots\" content=\"index, follow, max-snippet:-1, max-image-preview:large, max-video-preview:-1\" \/>\n<link rel=\"canonical\" href=\"https:\/\/www.cgfmanet.org\/fr\/info-sphere\/un-chapelet-pour-la-paix\/\" \/>\n<meta property=\"og:locale\" content=\"fr_FR\" \/>\n<meta property=\"og:type\" content=\"article\" \/>\n<meta property=\"og:title\" content=\"Un chapelet pour la paix &#8226; Istituto Figlie di Maria Ausiliatrice\" \/>\n<meta property=\"og:description\" content=\"M\u00e8re Chiara Cazzuola et le Conseil G\u00e9n\u00e9ral de l&#039;Institut FMA invitent toutes les FMA et les Communaut\u00e9s \u00e9ducatives, le 12 mars 2022, \u00e0 prier ensemble un chapelet pour la paix dans le monde.\" \/>\n<meta property=\"og:url\" content=\"https:\/\/www.cgfmanet.org\/fr\/info-sphere\/un-chapelet-pour-la-paix\/\" \/>\n<meta property=\"og:site_name\" content=\"Istituto Figlie di Maria Ausiliatrice\" \/>\n<meta property=\"article:publisher\" content=\"https:\/\/www.facebook.com\/salesian.sisters.of.don.bosco\/\" \/>\n<meta property=\"article:published_time\" content=\"2022-03-06T16:02:41+00:00\" \/>\n<meta property=\"article:modified_time\" content=\"2022-03-08T23:08:11+00:00\" \/>\n<meta property=\"og:image\" content=\"https:\/\/www.cgfmanet.org\/wp-content\/uploads\/2022\/03\/rosario-pace_ok.jpg\" \/>\n\t<meta property=\"og:image:width\" content=\"1181\" \/>\n\t<meta property=\"og:image:height\" content=\"787\" \/>\n\t<meta property=\"og:image:type\" content=\"image\/jpeg\" \/>\n<meta name=\"author\" content=\"Redazione\" \/>\n<meta name=\"twitter:card\" content=\"summary_large_image\" \/>\n<meta name=\"twitter:creator\" content=\"@Cgfmanet_Org\" \/>\n<meta name=\"twitter:site\" content=\"@Cgfmanet_Org\" \/>\n<meta name=\"twitter:label1\" content=\"\u00c9crit par\" \/>\n\t<meta name=\"twitter:data1\" content=\"Redazione\" \/>\n\t<meta name=\"twitter:label2\" content=\"Dur\u00e9e de lecture estim\u00e9e\" \/>\n\t<meta name=\"twitter:data2\" content=\"2 minutes\" \/>\n<script type=\"application\/ld+json\" class=\"yoast-schema-graph\">{\"@context\":\"https:\\\/\\\/schema.org\",\"@graph\":[{\"@type\":\"Article\",\"@id\":\"https:\\\/\\\/www.cgfmanet.org\\\/fr\\\/info-sphere\\\/un-chapelet-pour-la-paix\\\/#article\",\"isPartOf\":{\"@id\":\"https:\\\/\\\/www.cgfmanet.org\\\/fr\\\/info-sphere\\\/un-chapelet-pour-la-paix\\\/\"},\"author\":{\"name\":\"Redazione\",\"@id\":\"https:\\\/\\\/www.cgfmanet.org\\\/es\\\/#\\\/schema\\\/person\\\/ce6473083f53ef0ef882cca23f0c8fb9\"},\"headline\":\"Un chapelet pour la paix\",\"datePublished\":\"2022-03-06T16:02:41+00:00\",\"dateModified\":\"2022-03-08T23:08:11+00:00\",\"mainEntityOfPage\":{\"@id\":\"https:\\\/\\\/www.cgfmanet.org\\\/fr\\\/info-sphere\\\/un-chapelet-pour-la-paix\\\/\"},\"wordCount\":495,\"commentCount\":34,\"publisher\":{\"@id\":\"https:\\\/\\\/www.cgfmanet.org\\\/es\\\/#organization\"},\"image\":{\"@id\":\"https:\\\/\\\/www.cgfmanet.org\\\/fr\\\/info-sphere\\\/un-chapelet-pour-la-paix\\\/#primaryimage\"},\"thumbnailUrl\":\"https:\\\/\\\/www.cgfmanet.org\\\/wp-content\\\/uploads\\\/2022\\\/03\\\/rosario-pace_ok.jpg\",\"keywords\":[\"Paix\",\"Focus\",\"Solidariet\u00e0\",\"Preghiera\",\"IFMA\"],\"articleSection\":[\"Infosph\u00e8re\",\"Citoyennet\u00e9\"],\"inLanguage\":\"fr-FR\",\"potentialAction\":[{\"@type\":\"CommentAction\",\"name\":\"Comment\",\"target\":[\"https:\\\/\\\/www.cgfmanet.org\\\/fr\\\/info-sphere\\\/un-chapelet-pour-la-paix\\\/#respond\"]}]},{\"@type\":\"WebPage\",\"@id\":\"https:\\\/\\\/www.cgfmanet.org\\\/fr\\\/info-sphere\\\/un-chapelet-pour-la-paix\\\/\",\"url\":\"https:\\\/\\\/www.cgfmanet.org\\\/fr\\\/info-sphere\\\/un-chapelet-pour-la-paix\\\/\",\"name\":\"Un chapelet pour la paix &#8226; Istituto Figlie di Maria Ausiliatrice\",\"isPartOf\":{\"@id\":\"https:\\\/\\\/www.cgfmanet.org\\\/es\\\/#website\"},\"primaryImageOfPage\":{\"@id\":\"https:\\\/\\\/www.cgfmanet.org\\\/fr\\\/info-sphere\\\/un-chapelet-pour-la-paix\\\/#primaryimage\"},\"image\":{\"@id\":\"https:\\\/\\\/www.cgfmanet.org\\\/fr\\\/info-sphere\\\/un-chapelet-pour-la-paix\\\/#primaryimage\"},\"thumbnailUrl\":\"https:\\\/\\\/www.cgfmanet.org\\\/wp-content\\\/uploads\\\/2022\\\/03\\\/rosario-pace_ok.jpg\",\"datePublished\":\"2022-03-06T16:02:41+00:00\",\"dateModified\":\"2022-03-08T23:08:11+00:00\",\"description\":\"M\u00e8re Chiara Cazzuola et le Conseil G\u00e9n\u00e9ral de l'Institut FMA invitent toutes les FMA et les Communaut\u00e9s \u00e9ducatives, le 12 mars 2022, \u00e0 prier ensemble un chapelet pour la paix dans le monde.\",\"breadcrumb\":{\"@id\":\"https:\\\/\\\/www.cgfmanet.org\\\/fr\\\/info-sphere\\\/un-chapelet-pour-la-paix\\\/#breadcrumb\"},\"inLanguage\":\"fr-FR\",\"potentialAction\":[{\"@type\":\"ReadAction\",\"target\":[\"https:\\\/\\\/www.cgfmanet.org\\\/fr\\\/info-sphere\\\/un-chapelet-pour-la-paix\\\/\"]}]},{\"@type\":\"ImageObject\",\"inLanguage\":\"fr-FR\",\"@id\":\"https:\\\/\\\/www.cgfmanet.org\\\/fr\\\/info-sphere\\\/un-chapelet-pour-la-paix\\\/#primaryimage\",\"url\":\"https:\\\/\\\/www.cgfmanet.org\\\/wp-content\\\/uploads\\\/2022\\\/03\\\/rosario-pace_ok.jpg\",\"contentUrl\":\"https:\\\/\\\/www.cgfmanet.org\\\/wp-content\\\/uploads\\\/2022\\\/03\\\/rosario-pace_ok.jpg\",\"width\":1181,\"height\":787},{\"@type\":\"BreadcrumbList\",\"@id\":\"https:\\\/\\\/www.cgfmanet.org\\\/fr\\\/info-sphere\\\/un-chapelet-pour-la-paix\\\/#breadcrumb\",\"itemListElement\":[{\"@type\":\"ListItem\",\"position\":1,\"name\":\"Home\",\"item\":\"https:\\\/\\\/www.cgfmanet.org\\\/fr\\\/\"},{\"@type\":\"ListItem\",\"position\":2,\"name\":\"Un chapelet pour la paix\"}]},{\"@type\":\"WebSite\",\"@id\":\"https:\\\/\\\/www.cgfmanet.org\\\/es\\\/#website\",\"url\":\"https:\\\/\\\/www.cgfmanet.org\\\/es\\\/\",\"name\":\"Istituto Figlie di Maria Ausiliatrice\",\"description\":\"Salesiane di Don Bosco\",\"publisher\":{\"@id\":\"https:\\\/\\\/www.cgfmanet.org\\\/es\\\/#organization\"},\"potentialAction\":[{\"@type\":\"SearchAction\",\"target\":{\"@type\":\"EntryPoint\",\"urlTemplate\":\"https:\\\/\\\/www.cgfmanet.org\\\/es\\\/?s={search_term_string}\"},\"query-input\":{\"@type\":\"PropertyValueSpecification\",\"valueRequired\":true,\"valueName\":\"search_term_string\"}}],\"inLanguage\":\"fr-FR\"},{\"@type\":\"Organization\",\"@id\":\"https:\\\/\\\/www.cgfmanet.org\\\/es\\\/#organization\",\"name\":\"Istituto Figlie di Maria Ausiliatrice\",\"url\":\"https:\\\/\\\/www.cgfmanet.org\\\/es\\\/\",\"logo\":{\"@type\":\"ImageObject\",\"inLanguage\":\"fr-FR\",\"@id\":\"https:\\\/\\\/www.cgfmanet.org\\\/es\\\/#\\\/schema\\\/logo\\\/image\\\/\",\"url\":\"https:\\\/\\\/www.cgfmanet.org\\\/wp-content\\\/uploads\\\/2018\\\/10\\\/logo-fma.png\",\"contentUrl\":\"https:\\\/\\\/www.cgfmanet.org\\\/wp-content\\\/uploads\\\/2018\\\/10\\\/logo-fma.png\",\"width\":214,\"height\":55,\"caption\":\"Istituto Figlie di Maria Ausiliatrice\"},\"image\":{\"@id\":\"https:\\\/\\\/www.cgfmanet.org\\\/es\\\/#\\\/schema\\\/logo\\\/image\\\/\"},\"sameAs\":[\"https:\\\/\\\/www.facebook.com\\\/salesian.sisters.of.don.bosco\\\/\",\"https:\\\/\\\/x.com\\\/Cgfmanet_Org\",\"https:\\\/\\\/www.youtube.com\\\/channel\\\/UCmcr8yFQBV7JXeXVxyV9y5Q\"]},{\"@type\":\"Person\",\"@id\":\"https:\\\/\\\/www.cgfmanet.org\\\/es\\\/#\\\/schema\\\/person\\\/ce6473083f53ef0ef882cca23f0c8fb9\",\"name\":\"Redazione\"}]}<\/script>\n<!-- \/ Yoast SEO plugin. -->","yoast_head_json":{"title":"Un chapelet pour la paix &#8226; Istituto Figlie di Maria Ausiliatrice","description":"M\u00e8re Chiara Cazzuola et le Conseil G\u00e9n\u00e9ral de l'Institut FMA invitent toutes les FMA et les Communaut\u00e9s \u00e9ducatives, le 12 mars 2022, \u00e0 prier ensemble un chapelet pour la paix dans le monde.","robots":{"index":"index","follow":"follow","max-snippet":"max-snippet:-1","max-image-preview":"max-image-preview:large","max-video-preview":"max-video-preview:-1"},"canonical":"https:\/\/www.cgfmanet.org\/fr\/info-sphere\/un-chapelet-pour-la-paix\/","og_locale":"fr_FR","og_type":"article","og_title":"Un chapelet pour la paix &#8226; Istituto Figlie di Maria Ausiliatrice","og_description":"M\u00e8re Chiara Cazzuola et le Conseil G\u00e9n\u00e9ral de l'Institut FMA invitent toutes les FMA et les Communaut\u00e9s \u00e9ducatives, le 12 mars 2022, \u00e0 prier ensemble un chapelet pour la paix dans le monde.","og_url":"https:\/\/www.cgfmanet.org\/fr\/info-sphere\/un-chapelet-pour-la-paix\/","og_site_name":"Istituto Figlie di Maria Ausiliatrice","article_publisher":"https:\/\/www.facebook.com\/salesian.sisters.of.don.bosco\/","article_published_time":"2022-03-06T16:02:41+00:00","article_modified_time":"2022-03-08T23:08:11+00:00","og_image":[{"width":1181,"height":787,"url":"https:\/\/www.cgfmanet.org\/wp-content\/uploads\/2022\/03\/rosario-pace_ok.jpg","type":"image\/jpeg"}],"author":"Redazione","twitter_card":"summary_large_image","twitter_creator":"@Cgfmanet_Org","twitter_site":"@Cgfmanet_Org","twitter_misc":{"\u00c9crit par":"Redazione","Dur\u00e9e de lecture estim\u00e9e":"2 minutes"},"schema":{"@context":"https:\/\/schema.org","@graph":[{"@type":"Article","@id":"https:\/\/www.cgfmanet.org\/fr\/info-sphere\/un-chapelet-pour-la-paix\/#article","isPartOf":{"@id":"https:\/\/www.cgfmanet.org\/fr\/info-sphere\/un-chapelet-pour-la-paix\/"},"author":{"name":"Redazione","@id":"https:\/\/www.cgfmanet.org\/es\/#\/schema\/person\/ce6473083f53ef0ef882cca23f0c8fb9"},"headline":"Un chapelet pour la paix","datePublished":"2022-03-06T16:02:41+00:00","dateModified":"2022-03-08T23:08:11+00:00","mainEntityOfPage":{"@id":"https:\/\/www.cgfmanet.org\/fr\/info-sphere\/un-chapelet-pour-la-paix\/"},"wordCount":495,"commentCount":34,"publisher":{"@id":"https:\/\/www.cgfmanet.org\/es\/#organization"},"image":{"@id":"https:\/\/www.cgfmanet.org\/fr\/info-sphere\/un-chapelet-pour-la-paix\/#primaryimage"},"thumbnailUrl":"https:\/\/www.cgfmanet.org\/wp-content\/uploads\/2022\/03\/rosario-pace_ok.jpg","keywords":["Paix","Focus","Solidariet\u00e0","Preghiera","IFMA"],"articleSection":["Infosph\u00e8re","Citoyennet\u00e9"],"inLanguage":"fr-FR","potentialAction":[{"@type":"CommentAction","name":"Comment","target":["https:\/\/www.cgfmanet.org\/fr\/info-sphere\/un-chapelet-pour-la-paix\/#respond"]}]},{"@type":"WebPage","@id":"https:\/\/www.cgfmanet.org\/fr\/info-sphere\/un-chapelet-pour-la-paix\/","url":"https:\/\/www.cgfmanet.org\/fr\/info-sphere\/un-chapelet-pour-la-paix\/","name":"Un chapelet pour la paix &#8226; Istituto Figlie di Maria Ausiliatrice","isPartOf":{"@id":"https:\/\/www.cgfmanet.org\/es\/#website"},"primaryImageOfPage":{"@id":"https:\/\/www.cgfmanet.org\/fr\/info-sphere\/un-chapelet-pour-la-paix\/#primaryimage"},"image":{"@id":"https:\/\/www.cgfmanet.org\/fr\/info-sphere\/un-chapelet-pour-la-paix\/#primaryimage"},"thumbnailUrl":"https:\/\/www.cgfmanet.org\/wp-content\/uploads\/2022\/03\/rosario-pace_ok.jpg","datePublished":"2022-03-06T16:02:41+00:00","dateModified":"2022-03-08T23:08:11+00:00","description":"M\u00e8re Chiara Cazzuola et le Conseil G\u00e9n\u00e9ral de l'Institut FMA invitent toutes les FMA et les Communaut\u00e9s \u00e9ducatives, le 12 mars 2022, \u00e0 prier ensemble un chapelet pour la paix dans le monde.","breadcrumb":{"@id":"https:\/\/www.cgfmanet.org\/fr\/info-sphere\/un-chapelet-pour-la-paix\/#breadcrumb"},"inLanguage":"fr-FR","potentialAction":[{"@type":"ReadAction","target":["https:\/\/www.cgfmanet.org\/fr\/info-sphere\/un-chapelet-pour-la-paix\/"]}]},{"@type":"ImageObject","inLanguage":"fr-FR","@id":"https:\/\/www.cgfmanet.org\/fr\/info-sphere\/un-chapelet-pour-la-paix\/#primaryimage","url":"https:\/\/www.cgfmanet.org\/wp-content\/uploads\/2022\/03\/rosario-pace_ok.jpg","contentUrl":"https:\/\/www.cgfmanet.org\/wp-content\/uploads\/2022\/03\/rosario-pace_ok.jpg","width":1181,"height":787},{"@type":"BreadcrumbList","@id":"https:\/\/www.cgfmanet.org\/fr\/info-sphere\/un-chapelet-pour-la-paix\/#breadcrumb","itemListElement":[{"@type":"ListItem","position":1,"name":"Home","item":"https:\/\/www.cgfmanet.org\/fr\/"},{"@type":"ListItem","position":2,"name":"Un chapelet pour la paix"}]},{"@type":"WebSite","@id":"https:\/\/www.cgfmanet.org\/es\/#website","url":"https:\/\/www.cgfmanet.org\/es\/","name":"Istituto Figlie di Maria Ausiliatrice","description":"Salesiane di Don Bosco","publisher":{"@id":"https:\/\/www.cgfmanet.org\/es\/#organization"},"potentialAction":[{"@type":"SearchAction","target":{"@type":"EntryPoint","urlTemplate":"https:\/\/www.cgfmanet.org\/es\/?s={search_term_string}"},"query-input":{"@type":"PropertyValueSpecification","valueRequired":true,"valueName":"search_term_string"}}],"inLanguage":"fr-FR"},{"@type":"Organization","@id":"https:\/\/www.cgfmanet.org\/es\/#organization","name":"Istituto Figlie di Maria Ausiliatrice","url":"https:\/\/www.cgfmanet.org\/es\/","logo":{"@type":"ImageObject","inLanguage":"fr-FR","@id":"https:\/\/www.cgfmanet.org\/es\/#\/schema\/logo\/image\/","url":"https:\/\/www.cgfmanet.org\/wp-content\/uploads\/2018\/10\/logo-fma.png","contentUrl":"https:\/\/www.cgfmanet.org\/wp-content\/uploads\/2018\/10\/logo-fma.png","width":214,"height":55,"caption":"Istituto Figlie di Maria Ausiliatrice"},"image":{"@id":"https:\/\/www.cgfmanet.org\/es\/#\/schema\/logo\/image\/"},"sameAs":["https:\/\/www.facebook.com\/salesian.sisters.of.don.bosco\/","https:\/\/x.com\/Cgfmanet_Org","https:\/\/www.youtube.com\/channel\/UCmcr8yFQBV7JXeXVxyV9y5Q"]},{"@type":"Person","@id":"https:\/\/www.cgfmanet.org\/es\/#\/schema\/person\/ce6473083f53ef0ef882cca23f0c8fb9","name":"Redazione"}]}},"_links":{"self":[{"href":"https:\/\/www.cgfmanet.org\/fr\/wp-json\/wp\/v2\/posts\/62861","targetHints":{"allow":["GET"]}}],"collection":[{"href":"https:\/\/www.cgfmanet.org\/fr\/wp-json\/wp\/v2\/posts"}],"about":[{"href":"https:\/\/www.cgfmanet.org\/fr\/wp-json\/wp\/v2\/types\/post"}],"author":[{"embeddable":true,"href":"https:\/\/www.cgfmanet.org\/fr\/wp-json\/wp\/v2\/users\/21"}],"replies":[{"embeddable":true,"href":"https:\/\/www.cgfmanet.org\/fr\/wp-json\/wp\/v2\/comments?post=62861"}],"version-history":[{"count":0,"href":"https:\/\/www.cgfmanet.org\/fr\/wp-json\/wp\/v2\/posts\/62861\/revisions"}],"wp:featuredmedia":[{"embeddable":true,"href":"https:\/\/www.cgfmanet.org\/fr\/wp-json\/wp\/v2\/media\/62857"}],"wp:attachment":[{"href":"https:\/\/www.cgfmanet.org\/fr\/wp-json\/wp\/v2\/media?parent=62861"}],"wp:term":[{"taxonomy":"category","embeddable":true,"href":"https:\/\/www.cgfmanet.org\/fr\/wp-json\/wp\/v2\/categories?post=62861"},{"taxonomy":"post_tag","embeddable":true,"href":"https:\/\/www.cgfmanet.org\/fr\/wp-json\/wp\/v2\/tags?post=62861"}],"curies":[{"name":"wp","href":"https:\/\/api.w.org\/{rel}","templated":true}]}}