{"id":62392,"date":"2023-01-29T10:43:16","date_gmt":"2023-01-29T09:43:16","guid":{"rendered":"https:\/\/www.cgfmanet.org\/info-sphere\/solidali-con-lucraina\/"},"modified":"2022-02-28T15:19:48","modified_gmt":"2022-02-28T14:19:48","slug":"solidarite-avec-lukraine","status":"publish","type":"post","link":"https:\/\/www.cgfmanet.org\/fr\/urgences-et-campagnes-humanitaires\/solidarite-avec-lukraine\/","title":{"rendered":"Solidarit\u00e9 avec l\u2019Ukraine"},"content":{"rendered":"<p><strong>Rome (Italie).<\/strong> La M\u00e8re G\u00e9n\u00e9rale de l\u2019Institut des Filles de Marie Auxiliatrice, M\u00e8re Chiara Cazzuola, est en contact avec les FMA des Communaut\u00e9s de Kiev, Lviv et Odessa qui envoient des nouvelles sur la situation et sur leur engagement en soutien \u00e0 la population.<\/p>\n<p><strong>De la Communaut\u00e9 de Lviv<\/strong>, les FMA communiquent qu\u2019elles vont bien et que leur Maison est ouverte \u00e0 l\u2019accueil des nombreuses personnes en fuite afin de se sauver des attaques, en particulier les m\u00e8res avec de jeunes enfants. Et lorsqu\u2019elles sont dans le refuge, elles prient le chapelet avec les personnes. <em>\u2018\u2019C\u2019est notre arme\u00a0! Nous remercions dans la pri\u00e8re ceux qui donne leur vie pour nous d\u00e9fendre et nous remercions Dieu qui nous a donn\u00e9 un autre jour de vie\u2019\u2019.<\/em><\/p>\n<p><strong>Les Communaut\u00e9s de Kiev et d\u2019Odessa<\/strong> sont \u00e9galement solidaires avec la population, dans un \u00e9change r\u00e9ciproque d\u2019aide concr\u00e8te et d\u2019encouragement.<\/p>\n<p>Les Communaut\u00e9s FMA de Pologne, en collaboration avec l\u2019Eglise et les associations catholiques, offrent hospitalit\u00e9 et soutien aux nombreuses personnes qui traversent la fronti\u00e8re afin de se mettre en s\u00e9curit\u00e9 avec leurs familles.<\/p>\n<p>De Slovaquie, la M\u00e8re Provinciale, s\u0153ur Monika Skalov\u00e1, communique l\u2019engagement des FMA \u00e0 accueillir dans leurs Maisons et \u00e0 \u00eatre pr\u00e9sentes aux fronti\u00e8res afin d\u2019aider dans les traductions et pour le service concret, en particulier envers les enfants \u00e9puis\u00e9s par les longues attentes. Avec les Sal\u00e9siens de Dom Bosco, elles sont unies dans des initiatives afin de demander de l\u2019aide mat\u00e9rielle pour les FMA et les SDB de l\u2019Ukraine. De plus, le 2 mars 2022, en plus du je\u00fbne demand\u00e9 par le Pape Fran\u00e7ois, elles ont organis\u00e9 24 heures d\u2019adoration, au cours desquelles elles assurent une cha\u00eene de pri\u00e8re pour la paix.<\/p>\n<p>\u2018\u2019Plusieurs fois nous avons pri\u00e9 afin que ce chemin ne soit pas emprunt\u00e9. Et nous n\u2019arr\u00eaterons pas de prier, au contraire, nous supplions Dieu encore plus intens\u00e9ment. C\u2019est pourquoi, je renouvelle \u00e0 tous l\u2019invitation \u00e0 faire du 2 mars, Mercredi des Cendres, un jour de pri\u00e8re et de je\u00fbne pour la paix en Ukraine. Une journ\u00e9e pour \u00eatre proche des souffrances du peuple ukrainien, pour nous sentir tous fr\u00e8res et pour implorer de Dieu la fin de la guerre\u2019\u2019 (Pape Fran\u00e7ois \u00e0 l\u2019Ang\u00e9lus du dimanche 27 f\u00e9vrier).<\/p>\n<p>M\u00e8re Chiara remercie pour la proximit\u00e9 exprim\u00e9e jusqu\u2019\u00e0 pr\u00e9sent et encourage toutes les Communaut\u00e9s Educatives \u00e0 rester unies dans la pri\u00e8re et dans les <a href=\"https:\/\/www.cgfmanet.org\/fr\/info-sphere\/des-communautes-fma-de-lukraine\/\" target=\"_blank\" rel=\"noopener\"><span style=\"color: #0000ff;\">iniziatitives de solidarit\u00e9<\/span><\/a>, avec la requ\u00eate insistante et unanime pour le don de la paix, pour l\u2019Ukraine et pour toutes les zones du monde en conflit, o\u00f9 les FMA partagent les craintes et les souffrances des gens.<\/p>\n<p>L\u2019Institut des Filles de Marie Auxiliatrice offre son soutien concret au peuple ukrainien en situation de danger et de difficult\u00e9 et <em>compte sur la g\u00e9n\u00e9rosit\u00e9 et la solidarit\u00e9 de tous. <\/em>Il est possible d\u2019envoyer vos contributions et vos dons, dont la documentation sera publi\u00e9e, selon les modalit\u00e9s indiqu\u00e9es sur le <span style=\"color: #0000ff;\"><a style=\"color: #0000ff;\" href=\"https:\/\/www.cgfmanet.org\/fr\/donations-en-ligne\/\" target=\"_blank\" rel=\"noopener\"><strong>Site internet de l\u2019Istitut FMA<\/strong><\/a><\/span>, en indiquant dans la causale <strong><em>Urgence Ukraine.<\/em><\/strong><\/p>\n","protected":false},"excerpt":{"rendered":"<p>Rome (Italie). La M\u00e8re G\u00e9n\u00e9rale de l\u2019Institut des Filles de Marie Auxiliatrice, M\u00e8re Chiara Cazzuola, est en contact avec les FMA des Communaut\u00e9s de Kiev, Lviv et Odessa qui envoient [&hellip;]<\/p>\n","protected":false},"author":21,"featured_media":62387,"comment_status":"open","ping_status":"closed","sticky":false,"template":"","format":"standard","meta":{"footnotes":""},"categories":[150],"tags":[369,1131,1832,1929,1991,2281,2377],"class_list":["post-62392","post","type-post","status-publish","format-standard","has-post-thumbnail","category-urgences-et-campagnes-humanitaires","tag-mere-generale","tag-eeg-fr","tag-paix","tag-focus-fr","tag-solidarieta-fr","tag-ifma-fr","tag-madre-chiara-cazzuola-fr"],"yoast_head":"<!-- This site is optimized with the Yoast SEO plugin v27.4 - https:\/\/yoast.com\/product\/yoast-seo-wordpress\/ -->\n<title>Solidarit\u00e9 avec l\u2019Ukraine &#8226; Istituto Figlie di Maria Ausiliatrice<\/title>\n<meta name=\"description\" content=\"Nouvelles des Communaut\u00e9s FMA de l\u2019Ukraine et manifestations de solidarit\u00e9s et de proximit\u00e9 des Communaut\u00e9s du monde entier.\" \/>\n<meta name=\"robots\" content=\"index, follow, max-snippet:-1, max-image-preview:large, max-video-preview:-1\" \/>\n<link rel=\"canonical\" href=\"https:\/\/www.cgfmanet.org\/fr\/urgences-et-campagnes-humanitaires\/solidarite-avec-lukraine\/\" \/>\n<meta property=\"og:locale\" content=\"fr_FR\" \/>\n<meta property=\"og:type\" content=\"article\" \/>\n<meta property=\"og:title\" content=\"Solidarit\u00e9 avec l\u2019Ukraine &#8226; Istituto Figlie di Maria Ausiliatrice\" \/>\n<meta property=\"og:description\" content=\"Nouvelles des Communaut\u00e9s FMA de l\u2019Ukraine et manifestations de solidarit\u00e9s et de proximit\u00e9 des Communaut\u00e9s du monde entier.\" \/>\n<meta property=\"og:url\" content=\"https:\/\/www.cgfmanet.org\/fr\/urgences-et-campagnes-humanitaires\/solidarite-avec-lukraine\/\" \/>\n<meta property=\"og:site_name\" content=\"Istituto Figlie di Maria Ausiliatrice\" \/>\n<meta property=\"article:publisher\" content=\"https:\/\/www.facebook.com\/salesian.sisters.of.don.bosco\/\" \/>\n<meta property=\"article:published_time\" content=\"2023-01-29T09:43:16+00:00\" \/>\n<meta property=\"og:image\" content=\"https:\/\/www.cgfmanet.org\/wp-content\/uploads\/2022\/02\/solidarieta-Ucraina.jpg\" \/>\n\t<meta property=\"og:image:width\" content=\"1181\" \/>\n\t<meta property=\"og:image:height\" content=\"787\" \/>\n\t<meta property=\"og:image:type\" content=\"image\/jpeg\" \/>\n<meta name=\"author\" content=\"Redazione\" \/>\n<meta name=\"twitter:card\" content=\"summary_large_image\" \/>\n<meta name=\"twitter:creator\" content=\"@Cgfmanet_Org\" \/>\n<meta name=\"twitter:site\" content=\"@Cgfmanet_Org\" \/>\n<meta name=\"twitter:label1\" content=\"\u00c9crit par\" \/>\n\t<meta name=\"twitter:data1\" content=\"Redazione\" \/>\n\t<meta name=\"twitter:label2\" content=\"Dur\u00e9e de lecture estim\u00e9e\" \/>\n\t<meta name=\"twitter:data2\" content=\"3 minutes\" \/>\n<script type=\"application\/ld+json\" class=\"yoast-schema-graph\">{\"@context\":\"https:\\\/\\\/schema.org\",\"@graph\":[{\"@type\":\"Article\",\"@id\":\"https:\\\/\\\/www.cgfmanet.org\\\/fr\\\/urgences-et-campagnes-humanitaires\\\/solidarite-avec-lukraine\\\/#article\",\"isPartOf\":{\"@id\":\"https:\\\/\\\/www.cgfmanet.org\\\/fr\\\/urgences-et-campagnes-humanitaires\\\/solidarite-avec-lukraine\\\/\"},\"author\":{\"name\":\"Redazione\",\"@id\":\"https:\\\/\\\/www.cgfmanet.org\\\/es\\\/#\\\/schema\\\/person\\\/ce6473083f53ef0ef882cca23f0c8fb9\"},\"headline\":\"Solidarit\u00e9 avec l\u2019Ukraine\",\"datePublished\":\"2023-01-29T09:43:16+00:00\",\"mainEntityOfPage\":{\"@id\":\"https:\\\/\\\/www.cgfmanet.org\\\/fr\\\/urgences-et-campagnes-humanitaires\\\/solidarite-avec-lukraine\\\/\"},\"wordCount\":547,\"commentCount\":6,\"publisher\":{\"@id\":\"https:\\\/\\\/www.cgfmanet.org\\\/es\\\/#organization\"},\"image\":{\"@id\":\"https:\\\/\\\/www.cgfmanet.org\\\/fr\\\/urgences-et-campagnes-humanitaires\\\/solidarite-avec-lukraine\\\/#primaryimage\"},\"thumbnailUrl\":\"https:\\\/\\\/www.cgfmanet.org\\\/wp-content\\\/uploads\\\/2022\\\/02\\\/solidarieta-Ucraina.jpg\",\"keywords\":[\"M\u00e8re G\u00e9n\u00e9rale\",\"EEG\",\"Paix\",\"Focus\",\"Solidariet\u00e0\",\"IFMA\",\"Madre Chiara Cazzuola\"],\"articleSection\":[\"Urgences et Campagnes Humanitaires\"],\"inLanguage\":\"fr-FR\",\"potentialAction\":[{\"@type\":\"CommentAction\",\"name\":\"Comment\",\"target\":[\"https:\\\/\\\/www.cgfmanet.org\\\/fr\\\/urgences-et-campagnes-humanitaires\\\/solidarite-avec-lukraine\\\/#respond\"]}]},{\"@type\":\"WebPage\",\"@id\":\"https:\\\/\\\/www.cgfmanet.org\\\/fr\\\/urgences-et-campagnes-humanitaires\\\/solidarite-avec-lukraine\\\/\",\"url\":\"https:\\\/\\\/www.cgfmanet.org\\\/fr\\\/urgences-et-campagnes-humanitaires\\\/solidarite-avec-lukraine\\\/\",\"name\":\"Solidarit\u00e9 avec l\u2019Ukraine &#8226; Istituto Figlie di Maria Ausiliatrice\",\"isPartOf\":{\"@id\":\"https:\\\/\\\/www.cgfmanet.org\\\/es\\\/#website\"},\"primaryImageOfPage\":{\"@id\":\"https:\\\/\\\/www.cgfmanet.org\\\/fr\\\/urgences-et-campagnes-humanitaires\\\/solidarite-avec-lukraine\\\/#primaryimage\"},\"image\":{\"@id\":\"https:\\\/\\\/www.cgfmanet.org\\\/fr\\\/urgences-et-campagnes-humanitaires\\\/solidarite-avec-lukraine\\\/#primaryimage\"},\"thumbnailUrl\":\"https:\\\/\\\/www.cgfmanet.org\\\/wp-content\\\/uploads\\\/2022\\\/02\\\/solidarieta-Ucraina.jpg\",\"datePublished\":\"2023-01-29T09:43:16+00:00\",\"description\":\"Nouvelles des Communaut\u00e9s FMA de l\u2019Ukraine et manifestations de solidarit\u00e9s et de proximit\u00e9 des Communaut\u00e9s du monde entier.\",\"breadcrumb\":{\"@id\":\"https:\\\/\\\/www.cgfmanet.org\\\/fr\\\/urgences-et-campagnes-humanitaires\\\/solidarite-avec-lukraine\\\/#breadcrumb\"},\"inLanguage\":\"fr-FR\",\"potentialAction\":[{\"@type\":\"ReadAction\",\"target\":[\"https:\\\/\\\/www.cgfmanet.org\\\/fr\\\/urgences-et-campagnes-humanitaires\\\/solidarite-avec-lukraine\\\/\"]}]},{\"@type\":\"ImageObject\",\"inLanguage\":\"fr-FR\",\"@id\":\"https:\\\/\\\/www.cgfmanet.org\\\/fr\\\/urgences-et-campagnes-humanitaires\\\/solidarite-avec-lukraine\\\/#primaryimage\",\"url\":\"https:\\\/\\\/www.cgfmanet.org\\\/wp-content\\\/uploads\\\/2022\\\/02\\\/solidarieta-Ucraina.jpg\",\"contentUrl\":\"https:\\\/\\\/www.cgfmanet.org\\\/wp-content\\\/uploads\\\/2022\\\/02\\\/solidarieta-Ucraina.jpg\",\"width\":1181,\"height\":787},{\"@type\":\"BreadcrumbList\",\"@id\":\"https:\\\/\\\/www.cgfmanet.org\\\/fr\\\/urgences-et-campagnes-humanitaires\\\/solidarite-avec-lukraine\\\/#breadcrumb\",\"itemListElement\":[{\"@type\":\"ListItem\",\"position\":1,\"name\":\"Home\",\"item\":\"https:\\\/\\\/www.cgfmanet.org\\\/fr\\\/\"},{\"@type\":\"ListItem\",\"position\":2,\"name\":\"Solidarit\u00e9 avec l\u2019Ukraine\"}]},{\"@type\":\"WebSite\",\"@id\":\"https:\\\/\\\/www.cgfmanet.org\\\/es\\\/#website\",\"url\":\"https:\\\/\\\/www.cgfmanet.org\\\/es\\\/\",\"name\":\"Istituto Figlie di Maria Ausiliatrice\",\"description\":\"Salesiane di Don Bosco\",\"publisher\":{\"@id\":\"https:\\\/\\\/www.cgfmanet.org\\\/es\\\/#organization\"},\"potentialAction\":[{\"@type\":\"SearchAction\",\"target\":{\"@type\":\"EntryPoint\",\"urlTemplate\":\"https:\\\/\\\/www.cgfmanet.org\\\/es\\\/?s={search_term_string}\"},\"query-input\":{\"@type\":\"PropertyValueSpecification\",\"valueRequired\":true,\"valueName\":\"search_term_string\"}}],\"inLanguage\":\"fr-FR\"},{\"@type\":\"Organization\",\"@id\":\"https:\\\/\\\/www.cgfmanet.org\\\/es\\\/#organization\",\"name\":\"Istituto Figlie di Maria Ausiliatrice\",\"url\":\"https:\\\/\\\/www.cgfmanet.org\\\/es\\\/\",\"logo\":{\"@type\":\"ImageObject\",\"inLanguage\":\"fr-FR\",\"@id\":\"https:\\\/\\\/www.cgfmanet.org\\\/es\\\/#\\\/schema\\\/logo\\\/image\\\/\",\"url\":\"https:\\\/\\\/www.cgfmanet.org\\\/wp-content\\\/uploads\\\/2018\\\/10\\\/logo-fma.png\",\"contentUrl\":\"https:\\\/\\\/www.cgfmanet.org\\\/wp-content\\\/uploads\\\/2018\\\/10\\\/logo-fma.png\",\"width\":214,\"height\":55,\"caption\":\"Istituto Figlie di Maria Ausiliatrice\"},\"image\":{\"@id\":\"https:\\\/\\\/www.cgfmanet.org\\\/es\\\/#\\\/schema\\\/logo\\\/image\\\/\"},\"sameAs\":[\"https:\\\/\\\/www.facebook.com\\\/salesian.sisters.of.don.bosco\\\/\",\"https:\\\/\\\/x.com\\\/Cgfmanet_Org\",\"https:\\\/\\\/www.youtube.com\\\/channel\\\/UCmcr8yFQBV7JXeXVxyV9y5Q\"]},{\"@type\":\"Person\",\"@id\":\"https:\\\/\\\/www.cgfmanet.org\\\/es\\\/#\\\/schema\\\/person\\\/ce6473083f53ef0ef882cca23f0c8fb9\",\"name\":\"Redazione\"}]}<\/script>\n<!-- \/ Yoast SEO plugin. -->","yoast_head_json":{"title":"Solidarit\u00e9 avec l\u2019Ukraine &#8226; Istituto Figlie di Maria Ausiliatrice","description":"Nouvelles des Communaut\u00e9s FMA de l\u2019Ukraine et manifestations de solidarit\u00e9s et de proximit\u00e9 des Communaut\u00e9s du monde entier.","robots":{"index":"index","follow":"follow","max-snippet":"max-snippet:-1","max-image-preview":"max-image-preview:large","max-video-preview":"max-video-preview:-1"},"canonical":"https:\/\/www.cgfmanet.org\/fr\/urgences-et-campagnes-humanitaires\/solidarite-avec-lukraine\/","og_locale":"fr_FR","og_type":"article","og_title":"Solidarit\u00e9 avec l\u2019Ukraine &#8226; Istituto Figlie di Maria Ausiliatrice","og_description":"Nouvelles des Communaut\u00e9s FMA de l\u2019Ukraine et manifestations de solidarit\u00e9s et de proximit\u00e9 des Communaut\u00e9s du monde entier.","og_url":"https:\/\/www.cgfmanet.org\/fr\/urgences-et-campagnes-humanitaires\/solidarite-avec-lukraine\/","og_site_name":"Istituto Figlie di Maria Ausiliatrice","article_publisher":"https:\/\/www.facebook.com\/salesian.sisters.of.don.bosco\/","article_published_time":"2023-01-29T09:43:16+00:00","og_image":[{"width":1181,"height":787,"url":"https:\/\/www.cgfmanet.org\/wp-content\/uploads\/2022\/02\/solidarieta-Ucraina.jpg","type":"image\/jpeg"}],"author":"Redazione","twitter_card":"summary_large_image","twitter_creator":"@Cgfmanet_Org","twitter_site":"@Cgfmanet_Org","twitter_misc":{"\u00c9crit par":"Redazione","Dur\u00e9e de lecture estim\u00e9e":"3 minutes"},"schema":{"@context":"https:\/\/schema.org","@graph":[{"@type":"Article","@id":"https:\/\/www.cgfmanet.org\/fr\/urgences-et-campagnes-humanitaires\/solidarite-avec-lukraine\/#article","isPartOf":{"@id":"https:\/\/www.cgfmanet.org\/fr\/urgences-et-campagnes-humanitaires\/solidarite-avec-lukraine\/"},"author":{"name":"Redazione","@id":"https:\/\/www.cgfmanet.org\/es\/#\/schema\/person\/ce6473083f53ef0ef882cca23f0c8fb9"},"headline":"Solidarit\u00e9 avec l\u2019Ukraine","datePublished":"2023-01-29T09:43:16+00:00","mainEntityOfPage":{"@id":"https:\/\/www.cgfmanet.org\/fr\/urgences-et-campagnes-humanitaires\/solidarite-avec-lukraine\/"},"wordCount":547,"commentCount":6,"publisher":{"@id":"https:\/\/www.cgfmanet.org\/es\/#organization"},"image":{"@id":"https:\/\/www.cgfmanet.org\/fr\/urgences-et-campagnes-humanitaires\/solidarite-avec-lukraine\/#primaryimage"},"thumbnailUrl":"https:\/\/www.cgfmanet.org\/wp-content\/uploads\/2022\/02\/solidarieta-Ucraina.jpg","keywords":["M\u00e8re G\u00e9n\u00e9rale","EEG","Paix","Focus","Solidariet\u00e0","IFMA","Madre Chiara Cazzuola"],"articleSection":["Urgences et Campagnes Humanitaires"],"inLanguage":"fr-FR","potentialAction":[{"@type":"CommentAction","name":"Comment","target":["https:\/\/www.cgfmanet.org\/fr\/urgences-et-campagnes-humanitaires\/solidarite-avec-lukraine\/#respond"]}]},{"@type":"WebPage","@id":"https:\/\/www.cgfmanet.org\/fr\/urgences-et-campagnes-humanitaires\/solidarite-avec-lukraine\/","url":"https:\/\/www.cgfmanet.org\/fr\/urgences-et-campagnes-humanitaires\/solidarite-avec-lukraine\/","name":"Solidarit\u00e9 avec l\u2019Ukraine &#8226; Istituto Figlie di Maria Ausiliatrice","isPartOf":{"@id":"https:\/\/www.cgfmanet.org\/es\/#website"},"primaryImageOfPage":{"@id":"https:\/\/www.cgfmanet.org\/fr\/urgences-et-campagnes-humanitaires\/solidarite-avec-lukraine\/#primaryimage"},"image":{"@id":"https:\/\/www.cgfmanet.org\/fr\/urgences-et-campagnes-humanitaires\/solidarite-avec-lukraine\/#primaryimage"},"thumbnailUrl":"https:\/\/www.cgfmanet.org\/wp-content\/uploads\/2022\/02\/solidarieta-Ucraina.jpg","datePublished":"2023-01-29T09:43:16+00:00","description":"Nouvelles des Communaut\u00e9s FMA de l\u2019Ukraine et manifestations de solidarit\u00e9s et de proximit\u00e9 des Communaut\u00e9s du monde entier.","breadcrumb":{"@id":"https:\/\/www.cgfmanet.org\/fr\/urgences-et-campagnes-humanitaires\/solidarite-avec-lukraine\/#breadcrumb"},"inLanguage":"fr-FR","potentialAction":[{"@type":"ReadAction","target":["https:\/\/www.cgfmanet.org\/fr\/urgences-et-campagnes-humanitaires\/solidarite-avec-lukraine\/"]}]},{"@type":"ImageObject","inLanguage":"fr-FR","@id":"https:\/\/www.cgfmanet.org\/fr\/urgences-et-campagnes-humanitaires\/solidarite-avec-lukraine\/#primaryimage","url":"https:\/\/www.cgfmanet.org\/wp-content\/uploads\/2022\/02\/solidarieta-Ucraina.jpg","contentUrl":"https:\/\/www.cgfmanet.org\/wp-content\/uploads\/2022\/02\/solidarieta-Ucraina.jpg","width":1181,"height":787},{"@type":"BreadcrumbList","@id":"https:\/\/www.cgfmanet.org\/fr\/urgences-et-campagnes-humanitaires\/solidarite-avec-lukraine\/#breadcrumb","itemListElement":[{"@type":"ListItem","position":1,"name":"Home","item":"https:\/\/www.cgfmanet.org\/fr\/"},{"@type":"ListItem","position":2,"name":"Solidarit\u00e9 avec l\u2019Ukraine"}]},{"@type":"WebSite","@id":"https:\/\/www.cgfmanet.org\/es\/#website","url":"https:\/\/www.cgfmanet.org\/es\/","name":"Istituto Figlie di Maria Ausiliatrice","description":"Salesiane di Don Bosco","publisher":{"@id":"https:\/\/www.cgfmanet.org\/es\/#organization"},"potentialAction":[{"@type":"SearchAction","target":{"@type":"EntryPoint","urlTemplate":"https:\/\/www.cgfmanet.org\/es\/?s={search_term_string}"},"query-input":{"@type":"PropertyValueSpecification","valueRequired":true,"valueName":"search_term_string"}}],"inLanguage":"fr-FR"},{"@type":"Organization","@id":"https:\/\/www.cgfmanet.org\/es\/#organization","name":"Istituto Figlie di Maria Ausiliatrice","url":"https:\/\/www.cgfmanet.org\/es\/","logo":{"@type":"ImageObject","inLanguage":"fr-FR","@id":"https:\/\/www.cgfmanet.org\/es\/#\/schema\/logo\/image\/","url":"https:\/\/www.cgfmanet.org\/wp-content\/uploads\/2018\/10\/logo-fma.png","contentUrl":"https:\/\/www.cgfmanet.org\/wp-content\/uploads\/2018\/10\/logo-fma.png","width":214,"height":55,"caption":"Istituto Figlie di Maria Ausiliatrice"},"image":{"@id":"https:\/\/www.cgfmanet.org\/es\/#\/schema\/logo\/image\/"},"sameAs":["https:\/\/www.facebook.com\/salesian.sisters.of.don.bosco\/","https:\/\/x.com\/Cgfmanet_Org","https:\/\/www.youtube.com\/channel\/UCmcr8yFQBV7JXeXVxyV9y5Q"]},{"@type":"Person","@id":"https:\/\/www.cgfmanet.org\/es\/#\/schema\/person\/ce6473083f53ef0ef882cca23f0c8fb9","name":"Redazione"}]}},"_links":{"self":[{"href":"https:\/\/www.cgfmanet.org\/fr\/wp-json\/wp\/v2\/posts\/62392","targetHints":{"allow":["GET"]}}],"collection":[{"href":"https:\/\/www.cgfmanet.org\/fr\/wp-json\/wp\/v2\/posts"}],"about":[{"href":"https:\/\/www.cgfmanet.org\/fr\/wp-json\/wp\/v2\/types\/post"}],"author":[{"embeddable":true,"href":"https:\/\/www.cgfmanet.org\/fr\/wp-json\/wp\/v2\/users\/21"}],"replies":[{"embeddable":true,"href":"https:\/\/www.cgfmanet.org\/fr\/wp-json\/wp\/v2\/comments?post=62392"}],"version-history":[{"count":0,"href":"https:\/\/www.cgfmanet.org\/fr\/wp-json\/wp\/v2\/posts\/62392\/revisions"}],"wp:featuredmedia":[{"embeddable":true,"href":"https:\/\/www.cgfmanet.org\/fr\/wp-json\/wp\/v2\/media\/62387"}],"wp:attachment":[{"href":"https:\/\/www.cgfmanet.org\/fr\/wp-json\/wp\/v2\/media?parent=62392"}],"wp:term":[{"taxonomy":"category","embeddable":true,"href":"https:\/\/www.cgfmanet.org\/fr\/wp-json\/wp\/v2\/categories?post=62392"},{"taxonomy":"post_tag","embeddable":true,"href":"https:\/\/www.cgfmanet.org\/fr\/wp-json\/wp\/v2\/tags?post=62392"}],"curies":[{"name":"wp","href":"https:\/\/api.w.org\/{rel}","templated":true}]}}