{"id":62252,"date":"2022-02-24T22:37:48","date_gmt":"2022-02-24T21:37:48","guid":{"rendered":"https:\/\/www.cgfmanet.org\/info-sphere\/dalle-comunita-fma-dellucraina\/"},"modified":"2022-02-25T15:22:43","modified_gmt":"2022-02-25T14:22:43","slug":"des-communautes-fma-de-lukraine","status":"publish","type":"post","link":"https:\/\/www.cgfmanet.org\/fr\/info-sphere\/des-communautes-fma-de-lukraine\/","title":{"rendered":"Des Communaut\u00e9s FMA de l\u2019Ukraine"},"content":{"rendered":"<p><strong>Rome (Italie).<\/strong> La M\u00e8re G\u00e9n\u00e9rale de l&rsquo;Institut des Filles de Marie Auxiliatrice, M\u00e8re Chiara Cazzuola, communique des nouvelles des Communaut\u00e9s FMA de l\u2019Ukraine \u2013 Kiev, Lviv et Odessa \u2013 et invite les Communaut\u00e9s Educatives \u00e0 la pri\u00e8re et \u00e0 des initiatives de paix et de solidarit\u00e9.<\/p>\n<p>\u2018\u2019D\u2019apr\u00e8s les derni\u00e8res nouvelles re\u00e7ues des Directrices des Communaut\u00e9s le 24 f\u00e9vrier 2022, nous savons que nos s\u0153urs vont bien, vivant dans ce moment dramatique de la Nation, la souffrance, l\u2019anxi\u00e9t\u00e9, l\u2019incertitude de la population, confiant chacun \u00e0 la protection de Marie Auxiliatrice. Elles remercient toutes les FMA et les Communaut\u00e9s Educatives du monde pour leur proximit\u00e9 et leur pri\u00e8re.<\/p>\n<p>Il me semble important, en ce moment de soutenir nos cons\u0153urs et la population avec quelques initiatives concr\u00e8tes\u00a0: la pri\u00e8re du Chapelet <strong>ensemble<\/strong>, avec l\u2019intention explicite de demander le don de la paix, l\u2019engagement <strong>personnel et communautaire<\/strong> \u00e0 vivre des attitudes de paix et de bienveillance, de tol\u00e9rance et d\u2019acceptation mutuelle.<\/p>\n<p>Lorsque Dom Bosco a compos\u00e9 la pri\u00e8re <strong>\u2018\u2019O Marie Vierge Puissante\u2019\u2019<\/strong>, il l\u2019appela \u2018\u2019la pri\u00e8re des temps difficiles\u2019\u2019. Fid\u00e8les \u00e0 son inspiration, nous pouvons invoquer avec foi l\u2019intercession \u2018\u2019puissante\u2019\u2019 de Marie afin qu\u2019elle lib\u00e8re l\u2019humanit\u00e9 du danger de la guerre partout o\u00f9 des foyers sont allum\u00e9s et qu\u2019elle nous aide \u00e0 appr\u00e9cier et \u00e0 construire le don inestimable de la paix.<\/p>\n<p>Nous continuons \u00e0 accompagner avec affection nos cons\u0153urs de l\u2019Ukraine et de tous les autres Pays o\u00f9 des guerres et des violences sont en cours\u2019\u2019.<\/p>\n","protected":false},"excerpt":{"rendered":"<p>Rome (Italie). La M\u00e8re G\u00e9n\u00e9rale de l&rsquo;Institut des Filles de Marie Auxiliatrice, M\u00e8re Chiara Cazzuola, communique des nouvelles des Communaut\u00e9s FMA de l\u2019Ukraine \u2013 Kiev, Lviv et Odessa \u2013 et [&hellip;]<\/p>\n","protected":false},"author":21,"featured_media":62247,"comment_status":"open","ping_status":"closed","sticky":false,"template":"","format":"standard","meta":{"footnotes":""},"categories":[36,194],"tags":[369,1131,1832,1929,1991,2377],"class_list":["post-62252","post","type-post","status-publish","format-standard","has-post-thumbnail","category-info-sphere","category-citoyennete","tag-mere-generale","tag-eeg-fr","tag-paix","tag-focus-fr","tag-solidarieta-fr","tag-madre-chiara-cazzuola-fr"],"yoast_head":"<!-- This site is optimized with the Yoast SEO plugin v27.4 - https:\/\/yoast.com\/product\/yoast-seo-wordpress\/ -->\n<title>Des Communaut\u00e9s FMA de l\u2019Ukraine &#8226; Istituto Figlie di Maria Ausiliatrice<\/title>\n<meta name=\"description\" content=\"M\u00e8re Chiara Cazzuola communique des nouvelles des Communaut\u00e9s FMA de l\u2019Ukraine et invite les Communaut\u00e9s Educatives \u00e0 la pri\u00e8re et \u00e0 des initiatives de paix et de solidarit\u00e9.\" \/>\n<meta name=\"robots\" content=\"index, follow, max-snippet:-1, max-image-preview:large, max-video-preview:-1\" \/>\n<link rel=\"canonical\" href=\"https:\/\/www.cgfmanet.org\/infosfera\/dalle-comunita-fma-dellucraina\/\" \/>\n<meta property=\"og:locale\" content=\"fr_FR\" \/>\n<meta property=\"og:type\" content=\"article\" \/>\n<meta property=\"og:title\" content=\"Des Communaut\u00e9s FMA de l\u2019Ukraine &#8226; Istituto Figlie di Maria Ausiliatrice\" \/>\n<meta property=\"og:description\" content=\"M\u00e8re Chiara Cazzuola communique des nouvelles des Communaut\u00e9s FMA de l\u2019Ukraine et invite les Communaut\u00e9s Educatives \u00e0 la pri\u00e8re et \u00e0 des initiatives de paix et de solidarit\u00e9.\" \/>\n<meta property=\"og:url\" content=\"https:\/\/www.cgfmanet.org\/infosfera\/dalle-comunita-fma-dellucraina\/\" \/>\n<meta property=\"og:site_name\" content=\"Istituto Figlie di Maria Ausiliatrice\" \/>\n<meta property=\"article:publisher\" content=\"https:\/\/www.facebook.com\/salesian.sisters.of.don.bosco\/\" \/>\n<meta property=\"article:published_time\" content=\"2022-02-24T21:37:48+00:00\" \/>\n<meta property=\"article:modified_time\" content=\"2022-02-25T14:22:43+00:00\" \/>\n<meta property=\"og:image\" content=\"https:\/\/www.cgfmanet.org\/wp-content\/uploads\/2022\/02\/PACE.jpg\" \/>\n\t<meta property=\"og:image:width\" content=\"1181\" \/>\n\t<meta property=\"og:image:height\" content=\"787\" \/>\n\t<meta property=\"og:image:type\" content=\"image\/jpeg\" \/>\n<meta name=\"author\" content=\"Redazione\" \/>\n<meta name=\"twitter:card\" content=\"summary_large_image\" \/>\n<meta name=\"twitter:creator\" content=\"@Cgfmanet_Org\" \/>\n<meta name=\"twitter:site\" content=\"@Cgfmanet_Org\" \/>\n<meta name=\"twitter:label1\" content=\"\u00c9crit par\" \/>\n\t<meta name=\"twitter:data1\" content=\"Redazione\" \/>\n\t<meta name=\"twitter:label2\" content=\"Dur\u00e9e de lecture estim\u00e9e\" \/>\n\t<meta name=\"twitter:data2\" content=\"1 minute\" \/>\n<script type=\"application\/ld+json\" class=\"yoast-schema-graph\">{\"@context\":\"https:\\\/\\\/schema.org\",\"@graph\":[{\"@type\":\"Article\",\"@id\":\"https:\\\/\\\/www.cgfmanet.org\\\/infosfera\\\/dalle-comunita-fma-dellucraina\\\/#article\",\"isPartOf\":{\"@id\":\"https:\\\/\\\/www.cgfmanet.org\\\/infosfera\\\/dalle-comunita-fma-dellucraina\\\/\"},\"author\":{\"name\":\"Redazione\",\"@id\":\"https:\\\/\\\/www.cgfmanet.org\\\/es\\\/#\\\/schema\\\/person\\\/ce6473083f53ef0ef882cca23f0c8fb9\"},\"headline\":\"Des Communaut\u00e9s FMA de l\u2019Ukraine\",\"datePublished\":\"2022-02-24T21:37:48+00:00\",\"dateModified\":\"2022-02-25T14:22:43+00:00\",\"mainEntityOfPage\":{\"@id\":\"https:\\\/\\\/www.cgfmanet.org\\\/infosfera\\\/dalle-comunita-fma-dellucraina\\\/\"},\"wordCount\":279,\"commentCount\":32,\"publisher\":{\"@id\":\"https:\\\/\\\/www.cgfmanet.org\\\/es\\\/#organization\"},\"image\":{\"@id\":\"https:\\\/\\\/www.cgfmanet.org\\\/infosfera\\\/dalle-comunita-fma-dellucraina\\\/#primaryimage\"},\"thumbnailUrl\":\"https:\\\/\\\/www.cgfmanet.org\\\/wp-content\\\/uploads\\\/2022\\\/02\\\/PACE.jpg\",\"keywords\":[\"M\u00e8re G\u00e9n\u00e9rale\",\"EEG\",\"Paix\",\"Focus\",\"Solidariet\u00e0\",\"Madre Chiara Cazzuola\"],\"articleSection\":[\"Infosph\u00e8re\",\"Citoyennet\u00e9\"],\"inLanguage\":\"fr-FR\",\"potentialAction\":[{\"@type\":\"CommentAction\",\"name\":\"Comment\",\"target\":[\"https:\\\/\\\/www.cgfmanet.org\\\/infosfera\\\/dalle-comunita-fma-dellucraina\\\/#respond\"]}]},{\"@type\":\"WebPage\",\"@id\":\"https:\\\/\\\/www.cgfmanet.org\\\/infosfera\\\/dalle-comunita-fma-dellucraina\\\/\",\"url\":\"https:\\\/\\\/www.cgfmanet.org\\\/infosfera\\\/dalle-comunita-fma-dellucraina\\\/\",\"name\":\"Des Communaut\u00e9s FMA de l\u2019Ukraine &#8226; Istituto Figlie di Maria Ausiliatrice\",\"isPartOf\":{\"@id\":\"https:\\\/\\\/www.cgfmanet.org\\\/es\\\/#website\"},\"primaryImageOfPage\":{\"@id\":\"https:\\\/\\\/www.cgfmanet.org\\\/infosfera\\\/dalle-comunita-fma-dellucraina\\\/#primaryimage\"},\"image\":{\"@id\":\"https:\\\/\\\/www.cgfmanet.org\\\/infosfera\\\/dalle-comunita-fma-dellucraina\\\/#primaryimage\"},\"thumbnailUrl\":\"https:\\\/\\\/www.cgfmanet.org\\\/wp-content\\\/uploads\\\/2022\\\/02\\\/PACE.jpg\",\"datePublished\":\"2022-02-24T21:37:48+00:00\",\"dateModified\":\"2022-02-25T14:22:43+00:00\",\"description\":\"M\u00e8re Chiara Cazzuola communique des nouvelles des Communaut\u00e9s FMA de l\u2019Ukraine et invite les Communaut\u00e9s Educatives \u00e0 la pri\u00e8re et \u00e0 des initiatives de paix et de solidarit\u00e9.\",\"breadcrumb\":{\"@id\":\"https:\\\/\\\/www.cgfmanet.org\\\/infosfera\\\/dalle-comunita-fma-dellucraina\\\/#breadcrumb\"},\"inLanguage\":\"fr-FR\",\"potentialAction\":[{\"@type\":\"ReadAction\",\"target\":[\"https:\\\/\\\/www.cgfmanet.org\\\/infosfera\\\/dalle-comunita-fma-dellucraina\\\/\"]}]},{\"@type\":\"ImageObject\",\"inLanguage\":\"fr-FR\",\"@id\":\"https:\\\/\\\/www.cgfmanet.org\\\/infosfera\\\/dalle-comunita-fma-dellucraina\\\/#primaryimage\",\"url\":\"https:\\\/\\\/www.cgfmanet.org\\\/wp-content\\\/uploads\\\/2022\\\/02\\\/PACE.jpg\",\"contentUrl\":\"https:\\\/\\\/www.cgfmanet.org\\\/wp-content\\\/uploads\\\/2022\\\/02\\\/PACE.jpg\",\"width\":1181,\"height\":787},{\"@type\":\"BreadcrumbList\",\"@id\":\"https:\\\/\\\/www.cgfmanet.org\\\/infosfera\\\/dalle-comunita-fma-dellucraina\\\/#breadcrumb\",\"itemListElement\":[{\"@type\":\"ListItem\",\"position\":1,\"name\":\"Home\",\"item\":\"https:\\\/\\\/www.cgfmanet.org\\\/fr\\\/\"},{\"@type\":\"ListItem\",\"position\":2,\"name\":\"Des Communaut\u00e9s FMA de l\u2019Ukraine\"}]},{\"@type\":\"WebSite\",\"@id\":\"https:\\\/\\\/www.cgfmanet.org\\\/es\\\/#website\",\"url\":\"https:\\\/\\\/www.cgfmanet.org\\\/es\\\/\",\"name\":\"Istituto Figlie di Maria Ausiliatrice\",\"description\":\"Salesiane di Don Bosco\",\"publisher\":{\"@id\":\"https:\\\/\\\/www.cgfmanet.org\\\/es\\\/#organization\"},\"potentialAction\":[{\"@type\":\"SearchAction\",\"target\":{\"@type\":\"EntryPoint\",\"urlTemplate\":\"https:\\\/\\\/www.cgfmanet.org\\\/es\\\/?s={search_term_string}\"},\"query-input\":{\"@type\":\"PropertyValueSpecification\",\"valueRequired\":true,\"valueName\":\"search_term_string\"}}],\"inLanguage\":\"fr-FR\"},{\"@type\":\"Organization\",\"@id\":\"https:\\\/\\\/www.cgfmanet.org\\\/es\\\/#organization\",\"name\":\"Istituto Figlie di Maria Ausiliatrice\",\"url\":\"https:\\\/\\\/www.cgfmanet.org\\\/es\\\/\",\"logo\":{\"@type\":\"ImageObject\",\"inLanguage\":\"fr-FR\",\"@id\":\"https:\\\/\\\/www.cgfmanet.org\\\/es\\\/#\\\/schema\\\/logo\\\/image\\\/\",\"url\":\"https:\\\/\\\/www.cgfmanet.org\\\/wp-content\\\/uploads\\\/2018\\\/10\\\/logo-fma.png\",\"contentUrl\":\"https:\\\/\\\/www.cgfmanet.org\\\/wp-content\\\/uploads\\\/2018\\\/10\\\/logo-fma.png\",\"width\":214,\"height\":55,\"caption\":\"Istituto Figlie di Maria Ausiliatrice\"},\"image\":{\"@id\":\"https:\\\/\\\/www.cgfmanet.org\\\/es\\\/#\\\/schema\\\/logo\\\/image\\\/\"},\"sameAs\":[\"https:\\\/\\\/www.facebook.com\\\/salesian.sisters.of.don.bosco\\\/\",\"https:\\\/\\\/x.com\\\/Cgfmanet_Org\",\"https:\\\/\\\/www.youtube.com\\\/channel\\\/UCmcr8yFQBV7JXeXVxyV9y5Q\"]},{\"@type\":\"Person\",\"@id\":\"https:\\\/\\\/www.cgfmanet.org\\\/es\\\/#\\\/schema\\\/person\\\/ce6473083f53ef0ef882cca23f0c8fb9\",\"name\":\"Redazione\"}]}<\/script>\n<!-- \/ Yoast SEO plugin. -->","yoast_head_json":{"title":"Des Communaut\u00e9s FMA de l\u2019Ukraine &#8226; Istituto Figlie di Maria Ausiliatrice","description":"M\u00e8re Chiara Cazzuola communique des nouvelles des Communaut\u00e9s FMA de l\u2019Ukraine et invite les Communaut\u00e9s Educatives \u00e0 la pri\u00e8re et \u00e0 des initiatives de paix et de solidarit\u00e9.","robots":{"index":"index","follow":"follow","max-snippet":"max-snippet:-1","max-image-preview":"max-image-preview:large","max-video-preview":"max-video-preview:-1"},"canonical":"https:\/\/www.cgfmanet.org\/infosfera\/dalle-comunita-fma-dellucraina\/","og_locale":"fr_FR","og_type":"article","og_title":"Des Communaut\u00e9s FMA de l\u2019Ukraine &#8226; Istituto Figlie di Maria Ausiliatrice","og_description":"M\u00e8re Chiara Cazzuola communique des nouvelles des Communaut\u00e9s FMA de l\u2019Ukraine et invite les Communaut\u00e9s Educatives \u00e0 la pri\u00e8re et \u00e0 des initiatives de paix et de solidarit\u00e9.","og_url":"https:\/\/www.cgfmanet.org\/infosfera\/dalle-comunita-fma-dellucraina\/","og_site_name":"Istituto Figlie di Maria Ausiliatrice","article_publisher":"https:\/\/www.facebook.com\/salesian.sisters.of.don.bosco\/","article_published_time":"2022-02-24T21:37:48+00:00","article_modified_time":"2022-02-25T14:22:43+00:00","og_image":[{"width":1181,"height":787,"url":"https:\/\/www.cgfmanet.org\/wp-content\/uploads\/2022\/02\/PACE.jpg","type":"image\/jpeg"}],"author":"Redazione","twitter_card":"summary_large_image","twitter_creator":"@Cgfmanet_Org","twitter_site":"@Cgfmanet_Org","twitter_misc":{"\u00c9crit par":"Redazione","Dur\u00e9e de lecture estim\u00e9e":"1 minute"},"schema":{"@context":"https:\/\/schema.org","@graph":[{"@type":"Article","@id":"https:\/\/www.cgfmanet.org\/infosfera\/dalle-comunita-fma-dellucraina\/#article","isPartOf":{"@id":"https:\/\/www.cgfmanet.org\/infosfera\/dalle-comunita-fma-dellucraina\/"},"author":{"name":"Redazione","@id":"https:\/\/www.cgfmanet.org\/es\/#\/schema\/person\/ce6473083f53ef0ef882cca23f0c8fb9"},"headline":"Des Communaut\u00e9s FMA de l\u2019Ukraine","datePublished":"2022-02-24T21:37:48+00:00","dateModified":"2022-02-25T14:22:43+00:00","mainEntityOfPage":{"@id":"https:\/\/www.cgfmanet.org\/infosfera\/dalle-comunita-fma-dellucraina\/"},"wordCount":279,"commentCount":32,"publisher":{"@id":"https:\/\/www.cgfmanet.org\/es\/#organization"},"image":{"@id":"https:\/\/www.cgfmanet.org\/infosfera\/dalle-comunita-fma-dellucraina\/#primaryimage"},"thumbnailUrl":"https:\/\/www.cgfmanet.org\/wp-content\/uploads\/2022\/02\/PACE.jpg","keywords":["M\u00e8re G\u00e9n\u00e9rale","EEG","Paix","Focus","Solidariet\u00e0","Madre Chiara Cazzuola"],"articleSection":["Infosph\u00e8re","Citoyennet\u00e9"],"inLanguage":"fr-FR","potentialAction":[{"@type":"CommentAction","name":"Comment","target":["https:\/\/www.cgfmanet.org\/infosfera\/dalle-comunita-fma-dellucraina\/#respond"]}]},{"@type":"WebPage","@id":"https:\/\/www.cgfmanet.org\/infosfera\/dalle-comunita-fma-dellucraina\/","url":"https:\/\/www.cgfmanet.org\/infosfera\/dalle-comunita-fma-dellucraina\/","name":"Des Communaut\u00e9s FMA de l\u2019Ukraine &#8226; Istituto Figlie di Maria Ausiliatrice","isPartOf":{"@id":"https:\/\/www.cgfmanet.org\/es\/#website"},"primaryImageOfPage":{"@id":"https:\/\/www.cgfmanet.org\/infosfera\/dalle-comunita-fma-dellucraina\/#primaryimage"},"image":{"@id":"https:\/\/www.cgfmanet.org\/infosfera\/dalle-comunita-fma-dellucraina\/#primaryimage"},"thumbnailUrl":"https:\/\/www.cgfmanet.org\/wp-content\/uploads\/2022\/02\/PACE.jpg","datePublished":"2022-02-24T21:37:48+00:00","dateModified":"2022-02-25T14:22:43+00:00","description":"M\u00e8re Chiara Cazzuola communique des nouvelles des Communaut\u00e9s FMA de l\u2019Ukraine et invite les Communaut\u00e9s Educatives \u00e0 la pri\u00e8re et \u00e0 des initiatives de paix et de solidarit\u00e9.","breadcrumb":{"@id":"https:\/\/www.cgfmanet.org\/infosfera\/dalle-comunita-fma-dellucraina\/#breadcrumb"},"inLanguage":"fr-FR","potentialAction":[{"@type":"ReadAction","target":["https:\/\/www.cgfmanet.org\/infosfera\/dalle-comunita-fma-dellucraina\/"]}]},{"@type":"ImageObject","inLanguage":"fr-FR","@id":"https:\/\/www.cgfmanet.org\/infosfera\/dalle-comunita-fma-dellucraina\/#primaryimage","url":"https:\/\/www.cgfmanet.org\/wp-content\/uploads\/2022\/02\/PACE.jpg","contentUrl":"https:\/\/www.cgfmanet.org\/wp-content\/uploads\/2022\/02\/PACE.jpg","width":1181,"height":787},{"@type":"BreadcrumbList","@id":"https:\/\/www.cgfmanet.org\/infosfera\/dalle-comunita-fma-dellucraina\/#breadcrumb","itemListElement":[{"@type":"ListItem","position":1,"name":"Home","item":"https:\/\/www.cgfmanet.org\/fr\/"},{"@type":"ListItem","position":2,"name":"Des Communaut\u00e9s FMA de l\u2019Ukraine"}]},{"@type":"WebSite","@id":"https:\/\/www.cgfmanet.org\/es\/#website","url":"https:\/\/www.cgfmanet.org\/es\/","name":"Istituto Figlie di Maria Ausiliatrice","description":"Salesiane di Don Bosco","publisher":{"@id":"https:\/\/www.cgfmanet.org\/es\/#organization"},"potentialAction":[{"@type":"SearchAction","target":{"@type":"EntryPoint","urlTemplate":"https:\/\/www.cgfmanet.org\/es\/?s={search_term_string}"},"query-input":{"@type":"PropertyValueSpecification","valueRequired":true,"valueName":"search_term_string"}}],"inLanguage":"fr-FR"},{"@type":"Organization","@id":"https:\/\/www.cgfmanet.org\/es\/#organization","name":"Istituto Figlie di Maria Ausiliatrice","url":"https:\/\/www.cgfmanet.org\/es\/","logo":{"@type":"ImageObject","inLanguage":"fr-FR","@id":"https:\/\/www.cgfmanet.org\/es\/#\/schema\/logo\/image\/","url":"https:\/\/www.cgfmanet.org\/wp-content\/uploads\/2018\/10\/logo-fma.png","contentUrl":"https:\/\/www.cgfmanet.org\/wp-content\/uploads\/2018\/10\/logo-fma.png","width":214,"height":55,"caption":"Istituto Figlie di Maria Ausiliatrice"},"image":{"@id":"https:\/\/www.cgfmanet.org\/es\/#\/schema\/logo\/image\/"},"sameAs":["https:\/\/www.facebook.com\/salesian.sisters.of.don.bosco\/","https:\/\/x.com\/Cgfmanet_Org","https:\/\/www.youtube.com\/channel\/UCmcr8yFQBV7JXeXVxyV9y5Q"]},{"@type":"Person","@id":"https:\/\/www.cgfmanet.org\/es\/#\/schema\/person\/ce6473083f53ef0ef882cca23f0c8fb9","name":"Redazione"}]}},"_links":{"self":[{"href":"https:\/\/www.cgfmanet.org\/fr\/wp-json\/wp\/v2\/posts\/62252","targetHints":{"allow":["GET"]}}],"collection":[{"href":"https:\/\/www.cgfmanet.org\/fr\/wp-json\/wp\/v2\/posts"}],"about":[{"href":"https:\/\/www.cgfmanet.org\/fr\/wp-json\/wp\/v2\/types\/post"}],"author":[{"embeddable":true,"href":"https:\/\/www.cgfmanet.org\/fr\/wp-json\/wp\/v2\/users\/21"}],"replies":[{"embeddable":true,"href":"https:\/\/www.cgfmanet.org\/fr\/wp-json\/wp\/v2\/comments?post=62252"}],"version-history":[{"count":0,"href":"https:\/\/www.cgfmanet.org\/fr\/wp-json\/wp\/v2\/posts\/62252\/revisions"}],"wp:featuredmedia":[{"embeddable":true,"href":"https:\/\/www.cgfmanet.org\/fr\/wp-json\/wp\/v2\/media\/62247"}],"wp:attachment":[{"href":"https:\/\/www.cgfmanet.org\/fr\/wp-json\/wp\/v2\/media?parent=62252"}],"wp:term":[{"taxonomy":"category","embeddable":true,"href":"https:\/\/www.cgfmanet.org\/fr\/wp-json\/wp\/v2\/categories?post=62252"},{"taxonomy":"post_tag","embeddable":true,"href":"https:\/\/www.cgfmanet.org\/fr\/wp-json\/wp\/v2\/tags?post=62252"}],"curies":[{"name":"wp","href":"https:\/\/api.w.org\/{rel}","templated":true}]}}