{"id":61441,"date":"2022-02-09T12:24:14","date_gmt":"2022-02-09T11:24:14","guid":{"rendered":"https:\/\/www.cgfmanet.org\/info-sphere\/studenti-impegnate-nella-cura-della-casa-comune-sec\/"},"modified":"2022-02-13T15:10:14","modified_gmt":"2022-02-13T14:10:14","slug":"des-etudiants-engages-dans-le-soin-de-notre-maison-commune-sec","status":"publish","type":"post","link":"https:\/\/www.cgfmanet.org\/fr\/info-sphere\/des-etudiants-engages-dans-le-soin-de-notre-maison-commune-sec\/","title":{"rendered":"Des Etudiants engag\u00e9s dans le soin de notre Maison Commune \u2013 SEC"},"content":{"rendered":"<p><strong>Harvey (Etats Unis).<\/strong> Le 19 janvier 2022, les \u00e9tudiants de l\u2019Acad\u00e9mie de Notre Dame de Marrero, Harvey en Louisiane, o\u00f9 travaillent les FMA de la Communaut\u00e9 <em>Immacul\u00e9e Conception<\/em> de la Province <em>Saint Joseph<\/em> (SEC), ont fait leur premi\u00e8re r\u00e9colte du potager sem\u00e9 dans le jardin de l\u2019\u00e9cole dans le cadre du projet des Sciences de l\u2019environnement sur la Laudato Si\u2019.<\/p>\n<p>En plus d\u2019\u00eatre li\u00e9e au programme scolaire, la culture a \u00e9t\u00e9 choisie par les \u00e9tudiants comme \u2018\u2019plan d\u2019action\u2019\u2019 en r\u00e9ponse \u00e0 la Laudato Si\u2019, la Lettre Encyclique sur le soin de la Maison Commune, dans laquelle le Pape Fran\u00e7ois adresse un appel \u00e0 toute la famille humaine dans la recherche d\u2019un d\u00e9veloppement durable et int\u00e9gral et \u00e0 collaborer \u00e0 la construction de notre Maison commune (LS 13).<\/p>\n<p><em>\u2018\u2019Le Pape Fran\u00e7ois encourage \u00e0 r\u00e9aliser des projets de soin de l\u2019environnement afin d\u2019aider la Maison commune. Je pense que c\u2019est un excellent moyen d\u2019amener les \u00e9tudiants \u00e0 reconna\u00eetre l\u2019importance de notre plan\u00e8te et \u00e0 les aider \u00e0 prendre soin de la cr\u00e9ation de Dieu\u2019\u2019, <\/em>dit leur enseignante, s\u0153ur Janna Renee.<\/p>\n<p><a href=\"https:\/\/www.cgfmanet.org\/wp-content\/uploads\/2022\/02\/orto-SEC_2.jpg\"><img decoding=\"async\" class=\"alignright wp-image-61434 size-full lazyload\" data-src=\"https:\/\/www.cgfmanet.org\/wp-content\/uploads\/2022\/02\/orto-SEC_2.jpg\" alt=\"\" width=\"282\" height=\"305\" src=\"data:image\/svg+xml;base64,PHN2ZyB3aWR0aD0iMSIgaGVpZ2h0PSIxIiB4bWxucz0iaHR0cDovL3d3dy53My5vcmcvMjAwMC9zdmciPjwvc3ZnPg==\" style=\"--smush-placeholder-width: 282px; --smush-placeholder-aspect-ratio: 282\/305;\" \/><\/a><\/p>\n<p>L\u2019automne dernier, les \u00e9tudiants ont travaill\u00e9 afin de d\u00e9sherber, de d\u00e9fricher le terrain et d\u2019\u00e9tendre un filet dans chacun des six \u2018\u2019lits\u2019\u2019 qui composent le potager. Ils ont ensuite creus\u00e9 les trous pour les graines et en octobre, ils ont sem\u00e9 et plant\u00e9 les pousses. S\u0153ur Janna a arros\u00e9 le jardin tous les deux jours, sans utiliser de pesticides et, au cours de chaque cours de Sciences de l\u2019environnement, elle a permis aux \u00e9tudiants de quitter leur classe afin d\u2019aller s\u2019occuper du jardin et d\u2019en observer les progr\u00e8s. <em>\u2018\u2019Ils sont vraiment enthousiastes de pouvoir travailler avec leurs mains\u2019\u2019<\/em> \u2013 observe s\u0153ur Janna \u2013 <em>\u2018\u2019C\u2019est beau de les emmener dehors pour faire quelque chose de pratique, et chaque fois ils reviennent en classe heureux\u00a0!\u2019\u2019<\/em>.<\/p>\n<p>Avant de sortir, les \u00e9tudiants ont suivi une le\u00e7on sur l\u2019importance de la biodiversit\u00e9\u00a0: la n\u00e9cessit\u00e9 d\u2019assurer une vari\u00e9t\u00e9 d\u2019organismes et les conditions afin de maintenir l\u2019\u00e9quilibre de toutes les esp\u00e8ces gr\u00e2ce aux relations d\u2019interd\u00e9pendance entre elles.<\/p>\n<p>Les l\u00e9gumes r\u00e9colt\u00e9s \u2013 choux-fleurs, brocolis, betteraves, radis, \u00e9chalotes, carottes, deux types de chou et d\u2019autres l\u00e9gumes \u2013 ont \u00e9t\u00e9 remis \u00e0 la Coordinatrice du Cours des arts culinaires de l\u2019<em>Acad\u00e9mie de Notre Dame,<\/em> afin de les utiliser dans la classe de cuisine, situ\u00e9e \u00e0 quelques pas du jardin.<\/p>\n<p>Les \u00e9tudiants, se souvenant de l\u2019espace vert inculte et st\u00e9rile avant leur intervention, ont \u00e9t\u00e9 satisfaits de leur travail \u00e9prouvant mais gratifiant\u00a0: <em>\u2018\u2019Je pense que c\u2019\u00e9tait vraiment beau de tout planter, de l\u2019observer depuis le d\u00e9but et de voir les r\u00e9sultats\u2019\u2019<\/em> \u2013 a soulign\u00e9 une jeune fille \u2013 <em>\u2018\u2019Et c\u2019est plus \u00e9conomique que d\u2019aller au magasin et d\u2019acheter tous les l\u00e9gumes\u2019\u2019.<\/em> Ils ont \u00e9galement reconnu que le projet leur a donn\u00e9 de nouvelles comp\u00e9tences et une meilleure appr\u00e9ciation du travail des agriculteurs.<\/p>\n<p>Le projet du potager a impliqu\u00e9 d\u2019autres membres de l\u2019Ecole\u00a0: des membres du Club CRS, des Services d\u2019aide catholique (Catholic Relief Services) qui ont gard\u00e9 le jardin propre des mauvaises herbes, ainsi que des enseignants, et du personnel ayant la \u2018\u2019main verte\u2019\u2019.<\/p>\n<p>Les \u00e9tudiants en Sciences de l\u2019environnement travaillent sur deux autres initiatives li\u00e9es \u00e0 la Laudato Si\u2019\u00a0: Cr\u00e9er et vendre des stylos \u2018\u2019<em>eco-friendly\u2019\u2019<\/em> \u00e9cologique, et coordonner la conception d\u2019une affiche afin de sensibiliser \u00e0 l\u2019environnement dans toute l\u2019\u00e9cole. En outre, ils participent \u00e0 \u2018\u20194-H Louisiana coastal studies program\u2019\u2019, un projet national avec des cours sur les zones mar\u00e9cageuses et sur la fa\u00e7on de les pr\u00e9server du ph\u00e9nom\u00e8ne de l\u2019\u00e9rosion\u2019\u2019.<\/p>\n<p><strong>Sources :<\/strong> <span style=\"color: #0000ff;\"><a style=\"color: #0000ff;\" href=\"https:\/\/clarionherald.org\/news\/garden-aligns-with-popes-call-to-care-for-earthly-home\" target=\"_blank\" rel=\"noopener\"><strong>Clarion Herald Newspaper <\/strong><\/a><\/span><\/p>\n","protected":false},"excerpt":{"rendered":"<p>Harvey (Etats Unis). Le 19 janvier 2022, les \u00e9tudiants de l\u2019Acad\u00e9mie de Notre Dame de Marrero, Harvey en Louisiane, o\u00f9 travaillent les FMA de la Communaut\u00e9 Immacul\u00e9e Conception de la [&hellip;]<\/p>\n","protected":false},"author":21,"featured_media":61431,"comment_status":"open","ping_status":"closed","sticky":false,"template":"","format":"standard","meta":{"footnotes":""},"categories":[36,201],"tags":[1137,1409,1612,1929],"class_list":["post-61441","post","type-post","status-publish","format-standard","has-post-thumbnail","category-info-sphere","category-ecologie","tag-education-fr","tag-sec-fr","tag-cittadinanza-fr","tag-focus-fr"],"yoast_head":"<!-- This site is optimized with the Yoast SEO plugin v27.4 - https:\/\/yoast.com\/product\/yoast-seo-wordpress\/ -->\n<title>Des Etudiants engag\u00e9s dans le soin de notre Maison Commune \u2013 SEC &#8226; Istituto Figlie di Maria Ausiliatrice<\/title>\n<meta name=\"description\" content=\"Les \u00e9tudiants de l\u2019Acad\u00e9mie de Notre Dame de Marrero, Harvey de la Province SEC ont r\u00e9colt\u00e9 les fruits du jardin sem\u00e9 \u00e0 l\u2019\u00e9cole avec le projet li\u00e9 \u00e0 la Laudato Si\u2019.\" \/>\n<meta name=\"robots\" content=\"index, follow, max-snippet:-1, max-image-preview:large, max-video-preview:-1\" \/>\n<link rel=\"canonical\" href=\"https:\/\/www.cgfmanet.org\/fr\/info-sphere\/des-etudiants-engages-dans-le-soin-de-notre-maison-commune-sec\/\" \/>\n<meta property=\"og:locale\" content=\"fr_FR\" \/>\n<meta property=\"og:type\" content=\"article\" \/>\n<meta property=\"og:title\" content=\"Des Etudiants engag\u00e9s dans le soin de notre Maison Commune \u2013 SEC &#8226; Istituto Figlie di Maria Ausiliatrice\" \/>\n<meta property=\"og:description\" content=\"Les \u00e9tudiants de l\u2019Acad\u00e9mie de Notre Dame de Marrero, Harvey de la Province SEC ont r\u00e9colt\u00e9 les fruits du jardin sem\u00e9 \u00e0 l\u2019\u00e9cole avec le projet li\u00e9 \u00e0 la Laudato Si\u2019.\" \/>\n<meta property=\"og:url\" content=\"https:\/\/www.cgfmanet.org\/fr\/info-sphere\/des-etudiants-engages-dans-le-soin-de-notre-maison-commune-sec\/\" \/>\n<meta property=\"og:site_name\" content=\"Istituto Figlie di Maria Ausiliatrice\" \/>\n<meta property=\"article:publisher\" content=\"https:\/\/www.facebook.com\/salesian.sisters.of.don.bosco\/\" \/>\n<meta property=\"article:published_time\" content=\"2022-02-09T11:24:14+00:00\" \/>\n<meta property=\"article:modified_time\" content=\"2022-02-13T14:10:14+00:00\" \/>\n<meta property=\"og:image\" content=\"https:\/\/www.cgfmanet.org\/wp-content\/uploads\/2022\/02\/orto-SEC.jpg\" \/>\n\t<meta property=\"og:image:width\" content=\"600\" \/>\n\t<meta property=\"og:image:height\" content=\"400\" \/>\n\t<meta property=\"og:image:type\" content=\"image\/jpeg\" \/>\n<meta name=\"author\" content=\"Redazione\" \/>\n<meta name=\"twitter:card\" content=\"summary_large_image\" \/>\n<meta name=\"twitter:creator\" content=\"@Cgfmanet_Org\" \/>\n<meta name=\"twitter:site\" content=\"@Cgfmanet_Org\" \/>\n<meta name=\"twitter:label1\" content=\"\u00c9crit par\" \/>\n\t<meta name=\"twitter:data1\" content=\"Redazione\" \/>\n\t<meta name=\"twitter:label2\" content=\"Dur\u00e9e de lecture estim\u00e9e\" \/>\n\t<meta name=\"twitter:data2\" content=\"3 minutes\" \/>\n<script type=\"application\/ld+json\" class=\"yoast-schema-graph\">{\"@context\":\"https:\\\/\\\/schema.org\",\"@graph\":[{\"@type\":\"Article\",\"@id\":\"https:\\\/\\\/www.cgfmanet.org\\\/fr\\\/info-sphere\\\/des-etudiants-engages-dans-le-soin-de-notre-maison-commune-sec\\\/#article\",\"isPartOf\":{\"@id\":\"https:\\\/\\\/www.cgfmanet.org\\\/fr\\\/info-sphere\\\/des-etudiants-engages-dans-le-soin-de-notre-maison-commune-sec\\\/\"},\"author\":{\"name\":\"Redazione\",\"@id\":\"https:\\\/\\\/www.cgfmanet.org\\\/es\\\/#\\\/schema\\\/person\\\/ce6473083f53ef0ef882cca23f0c8fb9\"},\"headline\":\"Des Etudiants engag\u00e9s dans le soin de notre Maison Commune \u2013 SEC\",\"datePublished\":\"2022-02-09T11:24:14+00:00\",\"dateModified\":\"2022-02-13T14:10:14+00:00\",\"mainEntityOfPage\":{\"@id\":\"https:\\\/\\\/www.cgfmanet.org\\\/fr\\\/info-sphere\\\/des-etudiants-engages-dans-le-soin-de-notre-maison-commune-sec\\\/\"},\"wordCount\":657,\"commentCount\":0,\"publisher\":{\"@id\":\"https:\\\/\\\/www.cgfmanet.org\\\/es\\\/#organization\"},\"image\":{\"@id\":\"https:\\\/\\\/www.cgfmanet.org\\\/fr\\\/info-sphere\\\/des-etudiants-engages-dans-le-soin-de-notre-maison-commune-sec\\\/#primaryimage\"},\"thumbnailUrl\":\"https:\\\/\\\/www.cgfmanet.org\\\/wp-content\\\/uploads\\\/2022\\\/02\\\/orto-SEC.jpg\",\"keywords\":[\"Education\",\"SEC\",\"cittadinanza\",\"Focus\"],\"articleSection\":[\"Infosph\u00e8re\",\"Ecologie\"],\"inLanguage\":\"fr-FR\",\"potentialAction\":[{\"@type\":\"CommentAction\",\"name\":\"Comment\",\"target\":[\"https:\\\/\\\/www.cgfmanet.org\\\/fr\\\/info-sphere\\\/des-etudiants-engages-dans-le-soin-de-notre-maison-commune-sec\\\/#respond\"]}]},{\"@type\":\"WebPage\",\"@id\":\"https:\\\/\\\/www.cgfmanet.org\\\/fr\\\/info-sphere\\\/des-etudiants-engages-dans-le-soin-de-notre-maison-commune-sec\\\/\",\"url\":\"https:\\\/\\\/www.cgfmanet.org\\\/fr\\\/info-sphere\\\/des-etudiants-engages-dans-le-soin-de-notre-maison-commune-sec\\\/\",\"name\":\"Des Etudiants engag\u00e9s dans le soin de notre Maison Commune \u2013 SEC &#8226; Istituto Figlie di Maria Ausiliatrice\",\"isPartOf\":{\"@id\":\"https:\\\/\\\/www.cgfmanet.org\\\/es\\\/#website\"},\"primaryImageOfPage\":{\"@id\":\"https:\\\/\\\/www.cgfmanet.org\\\/fr\\\/info-sphere\\\/des-etudiants-engages-dans-le-soin-de-notre-maison-commune-sec\\\/#primaryimage\"},\"image\":{\"@id\":\"https:\\\/\\\/www.cgfmanet.org\\\/fr\\\/info-sphere\\\/des-etudiants-engages-dans-le-soin-de-notre-maison-commune-sec\\\/#primaryimage\"},\"thumbnailUrl\":\"https:\\\/\\\/www.cgfmanet.org\\\/wp-content\\\/uploads\\\/2022\\\/02\\\/orto-SEC.jpg\",\"datePublished\":\"2022-02-09T11:24:14+00:00\",\"dateModified\":\"2022-02-13T14:10:14+00:00\",\"description\":\"Les \u00e9tudiants de l\u2019Acad\u00e9mie de Notre Dame de Marrero, Harvey de la Province SEC ont r\u00e9colt\u00e9 les fruits du jardin sem\u00e9 \u00e0 l\u2019\u00e9cole avec le projet li\u00e9 \u00e0 la Laudato Si\u2019.\",\"breadcrumb\":{\"@id\":\"https:\\\/\\\/www.cgfmanet.org\\\/fr\\\/info-sphere\\\/des-etudiants-engages-dans-le-soin-de-notre-maison-commune-sec\\\/#breadcrumb\"},\"inLanguage\":\"fr-FR\",\"potentialAction\":[{\"@type\":\"ReadAction\",\"target\":[\"https:\\\/\\\/www.cgfmanet.org\\\/fr\\\/info-sphere\\\/des-etudiants-engages-dans-le-soin-de-notre-maison-commune-sec\\\/\"]}]},{\"@type\":\"ImageObject\",\"inLanguage\":\"fr-FR\",\"@id\":\"https:\\\/\\\/www.cgfmanet.org\\\/fr\\\/info-sphere\\\/des-etudiants-engages-dans-le-soin-de-notre-maison-commune-sec\\\/#primaryimage\",\"url\":\"https:\\\/\\\/www.cgfmanet.org\\\/wp-content\\\/uploads\\\/2022\\\/02\\\/orto-SEC.jpg\",\"contentUrl\":\"https:\\\/\\\/www.cgfmanet.org\\\/wp-content\\\/uploads\\\/2022\\\/02\\\/orto-SEC.jpg\",\"width\":600,\"height\":400},{\"@type\":\"BreadcrumbList\",\"@id\":\"https:\\\/\\\/www.cgfmanet.org\\\/fr\\\/info-sphere\\\/des-etudiants-engages-dans-le-soin-de-notre-maison-commune-sec\\\/#breadcrumb\",\"itemListElement\":[{\"@type\":\"ListItem\",\"position\":1,\"name\":\"Home\",\"item\":\"https:\\\/\\\/www.cgfmanet.org\\\/fr\\\/\"},{\"@type\":\"ListItem\",\"position\":2,\"name\":\"Des Etudiants engag\u00e9s dans le soin de notre Maison Commune \u2013 SEC\"}]},{\"@type\":\"WebSite\",\"@id\":\"https:\\\/\\\/www.cgfmanet.org\\\/es\\\/#website\",\"url\":\"https:\\\/\\\/www.cgfmanet.org\\\/es\\\/\",\"name\":\"Istituto Figlie di Maria Ausiliatrice\",\"description\":\"Salesiane di Don Bosco\",\"publisher\":{\"@id\":\"https:\\\/\\\/www.cgfmanet.org\\\/es\\\/#organization\"},\"potentialAction\":[{\"@type\":\"SearchAction\",\"target\":{\"@type\":\"EntryPoint\",\"urlTemplate\":\"https:\\\/\\\/www.cgfmanet.org\\\/es\\\/?s={search_term_string}\"},\"query-input\":{\"@type\":\"PropertyValueSpecification\",\"valueRequired\":true,\"valueName\":\"search_term_string\"}}],\"inLanguage\":\"fr-FR\"},{\"@type\":\"Organization\",\"@id\":\"https:\\\/\\\/www.cgfmanet.org\\\/es\\\/#organization\",\"name\":\"Istituto Figlie di Maria Ausiliatrice\",\"url\":\"https:\\\/\\\/www.cgfmanet.org\\\/es\\\/\",\"logo\":{\"@type\":\"ImageObject\",\"inLanguage\":\"fr-FR\",\"@id\":\"https:\\\/\\\/www.cgfmanet.org\\\/es\\\/#\\\/schema\\\/logo\\\/image\\\/\",\"url\":\"https:\\\/\\\/www.cgfmanet.org\\\/wp-content\\\/uploads\\\/2018\\\/10\\\/logo-fma.png\",\"contentUrl\":\"https:\\\/\\\/www.cgfmanet.org\\\/wp-content\\\/uploads\\\/2018\\\/10\\\/logo-fma.png\",\"width\":214,\"height\":55,\"caption\":\"Istituto Figlie di Maria Ausiliatrice\"},\"image\":{\"@id\":\"https:\\\/\\\/www.cgfmanet.org\\\/es\\\/#\\\/schema\\\/logo\\\/image\\\/\"},\"sameAs\":[\"https:\\\/\\\/www.facebook.com\\\/salesian.sisters.of.don.bosco\\\/\",\"https:\\\/\\\/x.com\\\/Cgfmanet_Org\",\"https:\\\/\\\/www.youtube.com\\\/channel\\\/UCmcr8yFQBV7JXeXVxyV9y5Q\"]},{\"@type\":\"Person\",\"@id\":\"https:\\\/\\\/www.cgfmanet.org\\\/es\\\/#\\\/schema\\\/person\\\/ce6473083f53ef0ef882cca23f0c8fb9\",\"name\":\"Redazione\"}]}<\/script>\n<!-- \/ Yoast SEO plugin. -->","yoast_head_json":{"title":"Des Etudiants engag\u00e9s dans le soin de notre Maison Commune \u2013 SEC &#8226; Istituto Figlie di Maria Ausiliatrice","description":"Les \u00e9tudiants de l\u2019Acad\u00e9mie de Notre Dame de Marrero, Harvey de la Province SEC ont r\u00e9colt\u00e9 les fruits du jardin sem\u00e9 \u00e0 l\u2019\u00e9cole avec le projet li\u00e9 \u00e0 la Laudato Si\u2019.","robots":{"index":"index","follow":"follow","max-snippet":"max-snippet:-1","max-image-preview":"max-image-preview:large","max-video-preview":"max-video-preview:-1"},"canonical":"https:\/\/www.cgfmanet.org\/fr\/info-sphere\/des-etudiants-engages-dans-le-soin-de-notre-maison-commune-sec\/","og_locale":"fr_FR","og_type":"article","og_title":"Des Etudiants engag\u00e9s dans le soin de notre Maison Commune \u2013 SEC &#8226; Istituto Figlie di Maria Ausiliatrice","og_description":"Les \u00e9tudiants de l\u2019Acad\u00e9mie de Notre Dame de Marrero, Harvey de la Province SEC ont r\u00e9colt\u00e9 les fruits du jardin sem\u00e9 \u00e0 l\u2019\u00e9cole avec le projet li\u00e9 \u00e0 la Laudato Si\u2019.","og_url":"https:\/\/www.cgfmanet.org\/fr\/info-sphere\/des-etudiants-engages-dans-le-soin-de-notre-maison-commune-sec\/","og_site_name":"Istituto Figlie di Maria Ausiliatrice","article_publisher":"https:\/\/www.facebook.com\/salesian.sisters.of.don.bosco\/","article_published_time":"2022-02-09T11:24:14+00:00","article_modified_time":"2022-02-13T14:10:14+00:00","og_image":[{"width":600,"height":400,"url":"https:\/\/www.cgfmanet.org\/wp-content\/uploads\/2022\/02\/orto-SEC.jpg","type":"image\/jpeg"}],"author":"Redazione","twitter_card":"summary_large_image","twitter_creator":"@Cgfmanet_Org","twitter_site":"@Cgfmanet_Org","twitter_misc":{"\u00c9crit par":"Redazione","Dur\u00e9e de lecture estim\u00e9e":"3 minutes"},"schema":{"@context":"https:\/\/schema.org","@graph":[{"@type":"Article","@id":"https:\/\/www.cgfmanet.org\/fr\/info-sphere\/des-etudiants-engages-dans-le-soin-de-notre-maison-commune-sec\/#article","isPartOf":{"@id":"https:\/\/www.cgfmanet.org\/fr\/info-sphere\/des-etudiants-engages-dans-le-soin-de-notre-maison-commune-sec\/"},"author":{"name":"Redazione","@id":"https:\/\/www.cgfmanet.org\/es\/#\/schema\/person\/ce6473083f53ef0ef882cca23f0c8fb9"},"headline":"Des Etudiants engag\u00e9s dans le soin de notre Maison Commune \u2013 SEC","datePublished":"2022-02-09T11:24:14+00:00","dateModified":"2022-02-13T14:10:14+00:00","mainEntityOfPage":{"@id":"https:\/\/www.cgfmanet.org\/fr\/info-sphere\/des-etudiants-engages-dans-le-soin-de-notre-maison-commune-sec\/"},"wordCount":657,"commentCount":0,"publisher":{"@id":"https:\/\/www.cgfmanet.org\/es\/#organization"},"image":{"@id":"https:\/\/www.cgfmanet.org\/fr\/info-sphere\/des-etudiants-engages-dans-le-soin-de-notre-maison-commune-sec\/#primaryimage"},"thumbnailUrl":"https:\/\/www.cgfmanet.org\/wp-content\/uploads\/2022\/02\/orto-SEC.jpg","keywords":["Education","SEC","cittadinanza","Focus"],"articleSection":["Infosph\u00e8re","Ecologie"],"inLanguage":"fr-FR","potentialAction":[{"@type":"CommentAction","name":"Comment","target":["https:\/\/www.cgfmanet.org\/fr\/info-sphere\/des-etudiants-engages-dans-le-soin-de-notre-maison-commune-sec\/#respond"]}]},{"@type":"WebPage","@id":"https:\/\/www.cgfmanet.org\/fr\/info-sphere\/des-etudiants-engages-dans-le-soin-de-notre-maison-commune-sec\/","url":"https:\/\/www.cgfmanet.org\/fr\/info-sphere\/des-etudiants-engages-dans-le-soin-de-notre-maison-commune-sec\/","name":"Des Etudiants engag\u00e9s dans le soin de notre Maison Commune \u2013 SEC &#8226; Istituto Figlie di Maria Ausiliatrice","isPartOf":{"@id":"https:\/\/www.cgfmanet.org\/es\/#website"},"primaryImageOfPage":{"@id":"https:\/\/www.cgfmanet.org\/fr\/info-sphere\/des-etudiants-engages-dans-le-soin-de-notre-maison-commune-sec\/#primaryimage"},"image":{"@id":"https:\/\/www.cgfmanet.org\/fr\/info-sphere\/des-etudiants-engages-dans-le-soin-de-notre-maison-commune-sec\/#primaryimage"},"thumbnailUrl":"https:\/\/www.cgfmanet.org\/wp-content\/uploads\/2022\/02\/orto-SEC.jpg","datePublished":"2022-02-09T11:24:14+00:00","dateModified":"2022-02-13T14:10:14+00:00","description":"Les \u00e9tudiants de l\u2019Acad\u00e9mie de Notre Dame de Marrero, Harvey de la Province SEC ont r\u00e9colt\u00e9 les fruits du jardin sem\u00e9 \u00e0 l\u2019\u00e9cole avec le projet li\u00e9 \u00e0 la Laudato Si\u2019.","breadcrumb":{"@id":"https:\/\/www.cgfmanet.org\/fr\/info-sphere\/des-etudiants-engages-dans-le-soin-de-notre-maison-commune-sec\/#breadcrumb"},"inLanguage":"fr-FR","potentialAction":[{"@type":"ReadAction","target":["https:\/\/www.cgfmanet.org\/fr\/info-sphere\/des-etudiants-engages-dans-le-soin-de-notre-maison-commune-sec\/"]}]},{"@type":"ImageObject","inLanguage":"fr-FR","@id":"https:\/\/www.cgfmanet.org\/fr\/info-sphere\/des-etudiants-engages-dans-le-soin-de-notre-maison-commune-sec\/#primaryimage","url":"https:\/\/www.cgfmanet.org\/wp-content\/uploads\/2022\/02\/orto-SEC.jpg","contentUrl":"https:\/\/www.cgfmanet.org\/wp-content\/uploads\/2022\/02\/orto-SEC.jpg","width":600,"height":400},{"@type":"BreadcrumbList","@id":"https:\/\/www.cgfmanet.org\/fr\/info-sphere\/des-etudiants-engages-dans-le-soin-de-notre-maison-commune-sec\/#breadcrumb","itemListElement":[{"@type":"ListItem","position":1,"name":"Home","item":"https:\/\/www.cgfmanet.org\/fr\/"},{"@type":"ListItem","position":2,"name":"Des Etudiants engag\u00e9s dans le soin de notre Maison Commune \u2013 SEC"}]},{"@type":"WebSite","@id":"https:\/\/www.cgfmanet.org\/es\/#website","url":"https:\/\/www.cgfmanet.org\/es\/","name":"Istituto Figlie di Maria Ausiliatrice","description":"Salesiane di Don Bosco","publisher":{"@id":"https:\/\/www.cgfmanet.org\/es\/#organization"},"potentialAction":[{"@type":"SearchAction","target":{"@type":"EntryPoint","urlTemplate":"https:\/\/www.cgfmanet.org\/es\/?s={search_term_string}"},"query-input":{"@type":"PropertyValueSpecification","valueRequired":true,"valueName":"search_term_string"}}],"inLanguage":"fr-FR"},{"@type":"Organization","@id":"https:\/\/www.cgfmanet.org\/es\/#organization","name":"Istituto Figlie di Maria Ausiliatrice","url":"https:\/\/www.cgfmanet.org\/es\/","logo":{"@type":"ImageObject","inLanguage":"fr-FR","@id":"https:\/\/www.cgfmanet.org\/es\/#\/schema\/logo\/image\/","url":"https:\/\/www.cgfmanet.org\/wp-content\/uploads\/2018\/10\/logo-fma.png","contentUrl":"https:\/\/www.cgfmanet.org\/wp-content\/uploads\/2018\/10\/logo-fma.png","width":214,"height":55,"caption":"Istituto Figlie di Maria Ausiliatrice"},"image":{"@id":"https:\/\/www.cgfmanet.org\/es\/#\/schema\/logo\/image\/"},"sameAs":["https:\/\/www.facebook.com\/salesian.sisters.of.don.bosco\/","https:\/\/x.com\/Cgfmanet_Org","https:\/\/www.youtube.com\/channel\/UCmcr8yFQBV7JXeXVxyV9y5Q"]},{"@type":"Person","@id":"https:\/\/www.cgfmanet.org\/es\/#\/schema\/person\/ce6473083f53ef0ef882cca23f0c8fb9","name":"Redazione"}]}},"_links":{"self":[{"href":"https:\/\/www.cgfmanet.org\/fr\/wp-json\/wp\/v2\/posts\/61441","targetHints":{"allow":["GET"]}}],"collection":[{"href":"https:\/\/www.cgfmanet.org\/fr\/wp-json\/wp\/v2\/posts"}],"about":[{"href":"https:\/\/www.cgfmanet.org\/fr\/wp-json\/wp\/v2\/types\/post"}],"author":[{"embeddable":true,"href":"https:\/\/www.cgfmanet.org\/fr\/wp-json\/wp\/v2\/users\/21"}],"replies":[{"embeddable":true,"href":"https:\/\/www.cgfmanet.org\/fr\/wp-json\/wp\/v2\/comments?post=61441"}],"version-history":[{"count":0,"href":"https:\/\/www.cgfmanet.org\/fr\/wp-json\/wp\/v2\/posts\/61441\/revisions"}],"wp:featuredmedia":[{"embeddable":true,"href":"https:\/\/www.cgfmanet.org\/fr\/wp-json\/wp\/v2\/media\/61431"}],"wp:attachment":[{"href":"https:\/\/www.cgfmanet.org\/fr\/wp-json\/wp\/v2\/media?parent=61441"}],"wp:term":[{"taxonomy":"category","embeddable":true,"href":"https:\/\/www.cgfmanet.org\/fr\/wp-json\/wp\/v2\/categories?post=61441"},{"taxonomy":"post_tag","embeddable":true,"href":"https:\/\/www.cgfmanet.org\/fr\/wp-json\/wp\/v2\/tags?post=61441"}],"curies":[{"name":"wp","href":"https:\/\/api.w.org\/{rel}","templated":true}]}}