{"id":59762,"date":"2022-01-10T10:00:00","date_gmt":"2022-01-10T09:00:00","guid":{"rendered":"https:\/\/www.cgfmanet.org\/info-sphere\/madre-chiara-cazzuola-e-gran-cancelliere-della-pontificia-facolta-auxilium\/"},"modified":"2022-01-10T10:05:50","modified_gmt":"2022-01-10T09:05:50","slug":"mere-chiara-cazzuola-est-grande-chanceliere-de-la-faculte-pontificale-auxilium","status":"publish","type":"post","link":"https:\/\/www.cgfmanet.org\/fr\/info-sphere\/mere-chiara-cazzuola-est-grande-chanceliere-de-la-faculte-pontificale-auxilium\/","title":{"rendered":"M\u00e8re Chiara Cazzuola est Grande Chanceli\u00e8re de la Facult\u00e9 Pontificale \u00ab Auxilium \u00bb"},"content":{"rendered":"<p><strong>Rome (Italie).<\/strong> La Sup\u00e9rieure G\u00e9n\u00e9rale de l\u2019Institut des Filles de Marie Auxiliatrice est d\u00e9sormais la Grande Chanceli\u00e8re de la Facult\u00e9 Pontificale des Sciences de l\u2019Education \u00ab\u00a0Auxilium\u00a0\u00bb de Rome.<\/p>\n<p>Le Saint P\u00e8re Fran\u00e7ois a approuv\u00e9 la proposition lors de l\u2019Audience accord\u00e9e \u00e0 son Excellence Monseigneur Edgar Pe\u00f1a Parra, Substitut aux Affaires G\u00e9n\u00e9rales du Secr\u00e9tariat d\u2019Etat, le 2 novembre 2021. La communication officielle porte le num\u00e9ro de protocole 853\/2021.<\/p>\n<p><strong>La Grande Chanceli\u00e8re est donc M\u00e8re Chiara Cazzuola, actuelle Sup\u00e9rieure G\u00e9n\u00e9rale de l\u2019Institut des Filles de Marie Auxiliatrice (FMA).<\/strong><\/p>\n<p>C\u2019est une \u00e9tape importante pour le r\u00f4le des femmes dans l\u2019Eglise, qui marque l\u2019histoire de la Facult\u00e9 dans sa 52<sup>\u00e8me<\/sup> ann\u00e9e. En 1970, lorsque l\u2019Institut International Sup\u00e9rieur de P\u00e9dagogie et de Sciences Religieuses de l\u2019Institut des Fille de Marie Auxiliatrice \u2013 fond\u00e9 en 1954, agr\u00e9g\u00e9 en 1964 puis incorpor\u00e9 en 1966 \u00e0 l\u2019Institut Sup\u00e9rieur de P\u00e9dagogie de l\u2019Ath\u00e9n\u00e9e Sal\u00e9sien Pontifical \u2013 est devenu la premi\u00e8re Facult\u00e9 Pontificale confi\u00e9e \u00e0 un Institut religieux f\u00e9minin. Le Grand Chancelier \u00e9tait le Recteur Majeur de la Soci\u00e9t\u00e9 Sal\u00e9sienne de Saint Jean Bosco, la Vice Grande Chanceli\u00e8re \u00e9tait la Sup\u00e9rieure G\u00e9n\u00e9rale de l\u2019Institut des Filles de Marie Auxiliatrice.<\/p>\n<p><strong>M\u00e8re Chiara Cazzuola<\/strong> dit\u00a0:<\/p>\n<p><em>\u2018\u2019J\u2019ai imm\u00e9diatement pens\u00e9 \u00e0 l\u2019attention du Pape Fran\u00e7ois au monde f\u00e9minin, \u00e0 la vie consacr\u00e9e f\u00e9minine, \u00e0 sa confiance dans les capacit\u00e9s et les potentialit\u00e9s des femmes, au processus de renouveau qu\u2019il m\u00e8ne, qui touche \u00e9galement les formes d\u2019organisation traditionnelles. Nous sommes appel\u00e9es \u00e0 accueillir cette nouvelle mission avec un sens de responsabilit\u00e9 et un esprit de service. Nous tenons \u00e0 remercier le Pape Fran\u00e7ois pour sa bienveillance et sa confiance en notre Institut.<\/em><\/p>\n<p><em>Avoir une plus grande autonomie dans les choix et dans l\u2019organisation de la Facult\u00e9 demande d\u2019aller de l\u2019avant dans la fid\u00e9lit\u00e9 aux principes \u00e9vang\u00e9liques chr\u00e9tiens et aux normes de l\u2019Eglise. En particulier, l\u2019attention aux femmes et \u00e0 l\u2019internationalit\u00e9 de la Facult\u00e9 sont deux \u00e9l\u00e9ments tr\u00e8s importants, depuis les origines, de notre vocation sal\u00e9sienne et de la mission \u00e9ducative et culturelle\u00a0\u00bb.<\/em><\/p>\n<p><strong>La Doyenne de la Facult\u00e9 \u00ab\u00a0Auxilium\u00a0\u00bb, la Pre Piera Ruffinatto<\/strong>, au nom de toute la Communaut\u00e9 acad\u00e9mique, remercie le Saint P\u00e8re <em>\u00ab\u00a0pour cette reconnaissance, comme un acte d\u2019estime et de confiance dans l\u2019Institut des Filles de Marie Auxiliatrice\u00a0\u00bb<\/em> et assure \u00e0 M\u00e8re Chiara Cazzuola <em>\u00ab\u00a0la collaboration afin de poursuivre \u00e0 qualifier et \u00e0 donner une impulsion \u00e0 la mission culturelle de la Facult\u00e9 au service de l\u2019Eglise universelle et de l\u2019Institut\u00a0\u00bb.<\/em><\/p>\n<p>L\u2019Institut des Filles de Marie Auxiliatrice exprime <strong>sa gratitude \u00e0 Dom \u00c1ngel Fern\u00e1ndez Artime, Recteur Majeur de la Soci\u00e9t\u00e9 Sal\u00e9sienne de Saint Jean Bosco,<\/strong> jusqu\u2019alors Grand Chancelier et, en lui, \u00e0 tous ses pr\u00e9d\u00e9cesseurs qui, avec disponibilit\u00e9 et clairvoyance, ont encourag\u00e9 et accompagn\u00e9 au fil des ans la mission de la Facult\u00e9 dans le panorama des Institutions Acad\u00e9miques Pontificales, dans son identit\u00e9 et dans sa vocation \u00e0 promouvoir \u2018\u2019une culture de la vie\u2019\u2019, \u00e0 former des professionnels dans le domaine de l\u2019\u00e9ducation.<\/p>\n","protected":false},"excerpt":{"rendered":"<p>Rome (Italie). La Sup\u00e9rieure G\u00e9n\u00e9rale de l\u2019Institut des Filles de Marie Auxiliatrice est d\u00e9sormais la Grande Chanceli\u00e8re de la Facult\u00e9 Pontificale des Sciences de l\u2019Education \u00ab\u00a0Auxilium\u00a0\u00bb de Rome. Le Saint [&hellip;]<\/p>\n","protected":false},"author":21,"featured_media":59757,"comment_status":"open","ping_status":"closed","sticky":false,"template":"","format":"standard","meta":{"footnotes":""},"categories":[36,188],"tags":[369,1137,1878,1929,2281,2377],"class_list":["post-59762","post","type-post","status-publish","format-standard","has-post-thumbnail","category-info-sphere","category-eglise","tag-mere-generale","tag-education-fr","tag-auxilium-fr","tag-focus-fr","tag-ifma-fr","tag-madre-chiara-cazzuola-fr"],"yoast_head":"<!-- This site is optimized with the Yoast SEO plugin v27.4 - https:\/\/yoast.com\/product\/yoast-seo-wordpress\/ -->\n<title>M\u00e8re Chiara Cazzuola est Grande Chanceli\u00e8re de la Facult\u00e9 Pontificale \u00ab Auxilium \u00bb &#8226; Istituto Figlie di Maria Ausiliatrice<\/title>\n<meta name=\"robots\" content=\"index, follow, max-snippet:-1, max-image-preview:large, max-video-preview:-1\" \/>\n<link rel=\"canonical\" href=\"https:\/\/www.cgfmanet.org\/fr\/info-sphere\/mere-chiara-cazzuola-est-grande-chanceliere-de-la-faculte-pontificale-auxilium\/\" \/>\n<meta property=\"og:locale\" content=\"fr_FR\" \/>\n<meta property=\"og:type\" content=\"article\" \/>\n<meta property=\"og:title\" content=\"M\u00e8re Chiara Cazzuola est Grande Chanceli\u00e8re de la Facult\u00e9 Pontificale \u00ab Auxilium \u00bb &#8226; Istituto Figlie di Maria Ausiliatrice\" \/>\n<meta property=\"og:description\" content=\"Rome (Italie). La Sup\u00e9rieure G\u00e9n\u00e9rale de l\u2019Institut des Filles de Marie Auxiliatrice est d\u00e9sormais la Grande Chanceli\u00e8re de la Facult\u00e9 Pontificale des Sciences de l\u2019Education \u00ab\u00a0Auxilium\u00a0\u00bb de Rome. Le Saint [&hellip;]\" \/>\n<meta property=\"og:url\" content=\"https:\/\/www.cgfmanet.org\/fr\/info-sphere\/mere-chiara-cazzuola-est-grande-chanceliere-de-la-faculte-pontificale-auxilium\/\" \/>\n<meta property=\"og:site_name\" content=\"Istituto Figlie di Maria Ausiliatrice\" \/>\n<meta property=\"article:publisher\" content=\"https:\/\/www.facebook.com\/salesian.sisters.of.don.bosco\/\" \/>\n<meta property=\"article:published_time\" content=\"2022-01-10T09:00:00+00:00\" \/>\n<meta property=\"article:modified_time\" content=\"2022-01-10T09:05:50+00:00\" \/>\n<meta property=\"og:image\" content=\"https:\/\/www.cgfmanet.org\/wp-content\/uploads\/2022\/01\/Madre-Chiara-Gran-Cancelliere.jpg\" \/>\n\t<meta property=\"og:image:width\" content=\"1181\" \/>\n\t<meta property=\"og:image:height\" content=\"787\" \/>\n\t<meta property=\"og:image:type\" content=\"image\/jpeg\" \/>\n<meta name=\"author\" content=\"Redazione\" \/>\n<meta name=\"twitter:card\" content=\"summary_large_image\" \/>\n<meta name=\"twitter:creator\" content=\"@Cgfmanet_Org\" \/>\n<meta name=\"twitter:site\" content=\"@Cgfmanet_Org\" \/>\n<meta name=\"twitter:label1\" content=\"\u00c9crit par\" \/>\n\t<meta name=\"twitter:data1\" content=\"Redazione\" \/>\n\t<meta name=\"twitter:label2\" content=\"Dur\u00e9e de lecture estim\u00e9e\" \/>\n\t<meta name=\"twitter:data2\" content=\"3 minutes\" \/>\n<script type=\"application\/ld+json\" class=\"yoast-schema-graph\">{\"@context\":\"https:\\\/\\\/schema.org\",\"@graph\":[{\"@type\":\"Article\",\"@id\":\"https:\\\/\\\/www.cgfmanet.org\\\/fr\\\/info-sphere\\\/mere-chiara-cazzuola-est-grande-chanceliere-de-la-faculte-pontificale-auxilium\\\/#article\",\"isPartOf\":{\"@id\":\"https:\\\/\\\/www.cgfmanet.org\\\/fr\\\/info-sphere\\\/mere-chiara-cazzuola-est-grande-chanceliere-de-la-faculte-pontificale-auxilium\\\/\"},\"author\":{\"name\":\"Redazione\",\"@id\":\"https:\\\/\\\/www.cgfmanet.org\\\/es\\\/#\\\/schema\\\/person\\\/ce6473083f53ef0ef882cca23f0c8fb9\"},\"headline\":\"M\u00e8re Chiara Cazzuola est Grande Chanceli\u00e8re de la Facult\u00e9 Pontificale \u00ab Auxilium \u00bb\",\"datePublished\":\"2022-01-10T09:00:00+00:00\",\"dateModified\":\"2022-01-10T09:05:50+00:00\",\"mainEntityOfPage\":{\"@id\":\"https:\\\/\\\/www.cgfmanet.org\\\/fr\\\/info-sphere\\\/mere-chiara-cazzuola-est-grande-chanceliere-de-la-faculte-pontificale-auxilium\\\/\"},\"wordCount\":560,\"commentCount\":1,\"publisher\":{\"@id\":\"https:\\\/\\\/www.cgfmanet.org\\\/es\\\/#organization\"},\"image\":{\"@id\":\"https:\\\/\\\/www.cgfmanet.org\\\/fr\\\/info-sphere\\\/mere-chiara-cazzuola-est-grande-chanceliere-de-la-faculte-pontificale-auxilium\\\/#primaryimage\"},\"thumbnailUrl\":\"https:\\\/\\\/www.cgfmanet.org\\\/wp-content\\\/uploads\\\/2022\\\/01\\\/Madre-Chiara-Gran-Cancelliere.jpg\",\"keywords\":[\"M\u00e8re G\u00e9n\u00e9rale\",\"Education\",\"Auxilium\",\"Focus\",\"IFMA\",\"Madre Chiara Cazzuola\"],\"articleSection\":[\"Infosph\u00e8re\",\"Eglise\"],\"inLanguage\":\"fr-FR\",\"potentialAction\":[{\"@type\":\"CommentAction\",\"name\":\"Comment\",\"target\":[\"https:\\\/\\\/www.cgfmanet.org\\\/fr\\\/info-sphere\\\/mere-chiara-cazzuola-est-grande-chanceliere-de-la-faculte-pontificale-auxilium\\\/#respond\"]}]},{\"@type\":\"WebPage\",\"@id\":\"https:\\\/\\\/www.cgfmanet.org\\\/fr\\\/info-sphere\\\/mere-chiara-cazzuola-est-grande-chanceliere-de-la-faculte-pontificale-auxilium\\\/\",\"url\":\"https:\\\/\\\/www.cgfmanet.org\\\/fr\\\/info-sphere\\\/mere-chiara-cazzuola-est-grande-chanceliere-de-la-faculte-pontificale-auxilium\\\/\",\"name\":\"M\u00e8re Chiara Cazzuola est Grande Chanceli\u00e8re de la Facult\u00e9 Pontificale \u00ab Auxilium \u00bb &#8226; Istituto Figlie di Maria Ausiliatrice\",\"isPartOf\":{\"@id\":\"https:\\\/\\\/www.cgfmanet.org\\\/es\\\/#website\"},\"primaryImageOfPage\":{\"@id\":\"https:\\\/\\\/www.cgfmanet.org\\\/fr\\\/info-sphere\\\/mere-chiara-cazzuola-est-grande-chanceliere-de-la-faculte-pontificale-auxilium\\\/#primaryimage\"},\"image\":{\"@id\":\"https:\\\/\\\/www.cgfmanet.org\\\/fr\\\/info-sphere\\\/mere-chiara-cazzuola-est-grande-chanceliere-de-la-faculte-pontificale-auxilium\\\/#primaryimage\"},\"thumbnailUrl\":\"https:\\\/\\\/www.cgfmanet.org\\\/wp-content\\\/uploads\\\/2022\\\/01\\\/Madre-Chiara-Gran-Cancelliere.jpg\",\"datePublished\":\"2022-01-10T09:00:00+00:00\",\"dateModified\":\"2022-01-10T09:05:50+00:00\",\"breadcrumb\":{\"@id\":\"https:\\\/\\\/www.cgfmanet.org\\\/fr\\\/info-sphere\\\/mere-chiara-cazzuola-est-grande-chanceliere-de-la-faculte-pontificale-auxilium\\\/#breadcrumb\"},\"inLanguage\":\"fr-FR\",\"potentialAction\":[{\"@type\":\"ReadAction\",\"target\":[\"https:\\\/\\\/www.cgfmanet.org\\\/fr\\\/info-sphere\\\/mere-chiara-cazzuola-est-grande-chanceliere-de-la-faculte-pontificale-auxilium\\\/\"]}]},{\"@type\":\"ImageObject\",\"inLanguage\":\"fr-FR\",\"@id\":\"https:\\\/\\\/www.cgfmanet.org\\\/fr\\\/info-sphere\\\/mere-chiara-cazzuola-est-grande-chanceliere-de-la-faculte-pontificale-auxilium\\\/#primaryimage\",\"url\":\"https:\\\/\\\/www.cgfmanet.org\\\/wp-content\\\/uploads\\\/2022\\\/01\\\/Madre-Chiara-Gran-Cancelliere.jpg\",\"contentUrl\":\"https:\\\/\\\/www.cgfmanet.org\\\/wp-content\\\/uploads\\\/2022\\\/01\\\/Madre-Chiara-Gran-Cancelliere.jpg\",\"width\":1181,\"height\":787},{\"@type\":\"BreadcrumbList\",\"@id\":\"https:\\\/\\\/www.cgfmanet.org\\\/fr\\\/info-sphere\\\/mere-chiara-cazzuola-est-grande-chanceliere-de-la-faculte-pontificale-auxilium\\\/#breadcrumb\",\"itemListElement\":[{\"@type\":\"ListItem\",\"position\":1,\"name\":\"Home\",\"item\":\"https:\\\/\\\/www.cgfmanet.org\\\/fr\\\/\"},{\"@type\":\"ListItem\",\"position\":2,\"name\":\"M\u00e8re Chiara Cazzuola est Grande Chanceli\u00e8re de la Facult\u00e9 Pontificale \u00ab Auxilium \u00bb\"}]},{\"@type\":\"WebSite\",\"@id\":\"https:\\\/\\\/www.cgfmanet.org\\\/es\\\/#website\",\"url\":\"https:\\\/\\\/www.cgfmanet.org\\\/es\\\/\",\"name\":\"Istituto Figlie di Maria Ausiliatrice\",\"description\":\"Salesiane di Don Bosco\",\"publisher\":{\"@id\":\"https:\\\/\\\/www.cgfmanet.org\\\/es\\\/#organization\"},\"potentialAction\":[{\"@type\":\"SearchAction\",\"target\":{\"@type\":\"EntryPoint\",\"urlTemplate\":\"https:\\\/\\\/www.cgfmanet.org\\\/es\\\/?s={search_term_string}\"},\"query-input\":{\"@type\":\"PropertyValueSpecification\",\"valueRequired\":true,\"valueName\":\"search_term_string\"}}],\"inLanguage\":\"fr-FR\"},{\"@type\":\"Organization\",\"@id\":\"https:\\\/\\\/www.cgfmanet.org\\\/es\\\/#organization\",\"name\":\"Istituto Figlie di Maria Ausiliatrice\",\"url\":\"https:\\\/\\\/www.cgfmanet.org\\\/es\\\/\",\"logo\":{\"@type\":\"ImageObject\",\"inLanguage\":\"fr-FR\",\"@id\":\"https:\\\/\\\/www.cgfmanet.org\\\/es\\\/#\\\/schema\\\/logo\\\/image\\\/\",\"url\":\"https:\\\/\\\/www.cgfmanet.org\\\/wp-content\\\/uploads\\\/2018\\\/10\\\/logo-fma.png\",\"contentUrl\":\"https:\\\/\\\/www.cgfmanet.org\\\/wp-content\\\/uploads\\\/2018\\\/10\\\/logo-fma.png\",\"width\":214,\"height\":55,\"caption\":\"Istituto Figlie di Maria Ausiliatrice\"},\"image\":{\"@id\":\"https:\\\/\\\/www.cgfmanet.org\\\/es\\\/#\\\/schema\\\/logo\\\/image\\\/\"},\"sameAs\":[\"https:\\\/\\\/www.facebook.com\\\/salesian.sisters.of.don.bosco\\\/\",\"https:\\\/\\\/x.com\\\/Cgfmanet_Org\",\"https:\\\/\\\/www.youtube.com\\\/channel\\\/UCmcr8yFQBV7JXeXVxyV9y5Q\"]},{\"@type\":\"Person\",\"@id\":\"https:\\\/\\\/www.cgfmanet.org\\\/es\\\/#\\\/schema\\\/person\\\/ce6473083f53ef0ef882cca23f0c8fb9\",\"name\":\"Redazione\"}]}<\/script>\n<!-- \/ Yoast SEO plugin. -->","yoast_head_json":{"title":"M\u00e8re Chiara Cazzuola est Grande Chanceli\u00e8re de la Facult\u00e9 Pontificale \u00ab Auxilium \u00bb &#8226; Istituto Figlie di Maria Ausiliatrice","robots":{"index":"index","follow":"follow","max-snippet":"max-snippet:-1","max-image-preview":"max-image-preview:large","max-video-preview":"max-video-preview:-1"},"canonical":"https:\/\/www.cgfmanet.org\/fr\/info-sphere\/mere-chiara-cazzuola-est-grande-chanceliere-de-la-faculte-pontificale-auxilium\/","og_locale":"fr_FR","og_type":"article","og_title":"M\u00e8re Chiara Cazzuola est Grande Chanceli\u00e8re de la Facult\u00e9 Pontificale \u00ab Auxilium \u00bb &#8226; Istituto Figlie di Maria Ausiliatrice","og_description":"Rome (Italie). La Sup\u00e9rieure G\u00e9n\u00e9rale de l\u2019Institut des Filles de Marie Auxiliatrice est d\u00e9sormais la Grande Chanceli\u00e8re de la Facult\u00e9 Pontificale des Sciences de l\u2019Education \u00ab\u00a0Auxilium\u00a0\u00bb de Rome. Le Saint [&hellip;]","og_url":"https:\/\/www.cgfmanet.org\/fr\/info-sphere\/mere-chiara-cazzuola-est-grande-chanceliere-de-la-faculte-pontificale-auxilium\/","og_site_name":"Istituto Figlie di Maria Ausiliatrice","article_publisher":"https:\/\/www.facebook.com\/salesian.sisters.of.don.bosco\/","article_published_time":"2022-01-10T09:00:00+00:00","article_modified_time":"2022-01-10T09:05:50+00:00","og_image":[{"width":1181,"height":787,"url":"https:\/\/www.cgfmanet.org\/wp-content\/uploads\/2022\/01\/Madre-Chiara-Gran-Cancelliere.jpg","type":"image\/jpeg"}],"author":"Redazione","twitter_card":"summary_large_image","twitter_creator":"@Cgfmanet_Org","twitter_site":"@Cgfmanet_Org","twitter_misc":{"\u00c9crit par":"Redazione","Dur\u00e9e de lecture estim\u00e9e":"3 minutes"},"schema":{"@context":"https:\/\/schema.org","@graph":[{"@type":"Article","@id":"https:\/\/www.cgfmanet.org\/fr\/info-sphere\/mere-chiara-cazzuola-est-grande-chanceliere-de-la-faculte-pontificale-auxilium\/#article","isPartOf":{"@id":"https:\/\/www.cgfmanet.org\/fr\/info-sphere\/mere-chiara-cazzuola-est-grande-chanceliere-de-la-faculte-pontificale-auxilium\/"},"author":{"name":"Redazione","@id":"https:\/\/www.cgfmanet.org\/es\/#\/schema\/person\/ce6473083f53ef0ef882cca23f0c8fb9"},"headline":"M\u00e8re Chiara Cazzuola est Grande Chanceli\u00e8re de la Facult\u00e9 Pontificale \u00ab Auxilium \u00bb","datePublished":"2022-01-10T09:00:00+00:00","dateModified":"2022-01-10T09:05:50+00:00","mainEntityOfPage":{"@id":"https:\/\/www.cgfmanet.org\/fr\/info-sphere\/mere-chiara-cazzuola-est-grande-chanceliere-de-la-faculte-pontificale-auxilium\/"},"wordCount":560,"commentCount":1,"publisher":{"@id":"https:\/\/www.cgfmanet.org\/es\/#organization"},"image":{"@id":"https:\/\/www.cgfmanet.org\/fr\/info-sphere\/mere-chiara-cazzuola-est-grande-chanceliere-de-la-faculte-pontificale-auxilium\/#primaryimage"},"thumbnailUrl":"https:\/\/www.cgfmanet.org\/wp-content\/uploads\/2022\/01\/Madre-Chiara-Gran-Cancelliere.jpg","keywords":["M\u00e8re G\u00e9n\u00e9rale","Education","Auxilium","Focus","IFMA","Madre Chiara Cazzuola"],"articleSection":["Infosph\u00e8re","Eglise"],"inLanguage":"fr-FR","potentialAction":[{"@type":"CommentAction","name":"Comment","target":["https:\/\/www.cgfmanet.org\/fr\/info-sphere\/mere-chiara-cazzuola-est-grande-chanceliere-de-la-faculte-pontificale-auxilium\/#respond"]}]},{"@type":"WebPage","@id":"https:\/\/www.cgfmanet.org\/fr\/info-sphere\/mere-chiara-cazzuola-est-grande-chanceliere-de-la-faculte-pontificale-auxilium\/","url":"https:\/\/www.cgfmanet.org\/fr\/info-sphere\/mere-chiara-cazzuola-est-grande-chanceliere-de-la-faculte-pontificale-auxilium\/","name":"M\u00e8re Chiara Cazzuola est Grande Chanceli\u00e8re de la Facult\u00e9 Pontificale \u00ab Auxilium \u00bb &#8226; Istituto Figlie di Maria Ausiliatrice","isPartOf":{"@id":"https:\/\/www.cgfmanet.org\/es\/#website"},"primaryImageOfPage":{"@id":"https:\/\/www.cgfmanet.org\/fr\/info-sphere\/mere-chiara-cazzuola-est-grande-chanceliere-de-la-faculte-pontificale-auxilium\/#primaryimage"},"image":{"@id":"https:\/\/www.cgfmanet.org\/fr\/info-sphere\/mere-chiara-cazzuola-est-grande-chanceliere-de-la-faculte-pontificale-auxilium\/#primaryimage"},"thumbnailUrl":"https:\/\/www.cgfmanet.org\/wp-content\/uploads\/2022\/01\/Madre-Chiara-Gran-Cancelliere.jpg","datePublished":"2022-01-10T09:00:00+00:00","dateModified":"2022-01-10T09:05:50+00:00","breadcrumb":{"@id":"https:\/\/www.cgfmanet.org\/fr\/info-sphere\/mere-chiara-cazzuola-est-grande-chanceliere-de-la-faculte-pontificale-auxilium\/#breadcrumb"},"inLanguage":"fr-FR","potentialAction":[{"@type":"ReadAction","target":["https:\/\/www.cgfmanet.org\/fr\/info-sphere\/mere-chiara-cazzuola-est-grande-chanceliere-de-la-faculte-pontificale-auxilium\/"]}]},{"@type":"ImageObject","inLanguage":"fr-FR","@id":"https:\/\/www.cgfmanet.org\/fr\/info-sphere\/mere-chiara-cazzuola-est-grande-chanceliere-de-la-faculte-pontificale-auxilium\/#primaryimage","url":"https:\/\/www.cgfmanet.org\/wp-content\/uploads\/2022\/01\/Madre-Chiara-Gran-Cancelliere.jpg","contentUrl":"https:\/\/www.cgfmanet.org\/wp-content\/uploads\/2022\/01\/Madre-Chiara-Gran-Cancelliere.jpg","width":1181,"height":787},{"@type":"BreadcrumbList","@id":"https:\/\/www.cgfmanet.org\/fr\/info-sphere\/mere-chiara-cazzuola-est-grande-chanceliere-de-la-faculte-pontificale-auxilium\/#breadcrumb","itemListElement":[{"@type":"ListItem","position":1,"name":"Home","item":"https:\/\/www.cgfmanet.org\/fr\/"},{"@type":"ListItem","position":2,"name":"M\u00e8re Chiara Cazzuola est Grande Chanceli\u00e8re de la Facult\u00e9 Pontificale \u00ab Auxilium \u00bb"}]},{"@type":"WebSite","@id":"https:\/\/www.cgfmanet.org\/es\/#website","url":"https:\/\/www.cgfmanet.org\/es\/","name":"Istituto Figlie di Maria Ausiliatrice","description":"Salesiane di Don Bosco","publisher":{"@id":"https:\/\/www.cgfmanet.org\/es\/#organization"},"potentialAction":[{"@type":"SearchAction","target":{"@type":"EntryPoint","urlTemplate":"https:\/\/www.cgfmanet.org\/es\/?s={search_term_string}"},"query-input":{"@type":"PropertyValueSpecification","valueRequired":true,"valueName":"search_term_string"}}],"inLanguage":"fr-FR"},{"@type":"Organization","@id":"https:\/\/www.cgfmanet.org\/es\/#organization","name":"Istituto Figlie di Maria Ausiliatrice","url":"https:\/\/www.cgfmanet.org\/es\/","logo":{"@type":"ImageObject","inLanguage":"fr-FR","@id":"https:\/\/www.cgfmanet.org\/es\/#\/schema\/logo\/image\/","url":"https:\/\/www.cgfmanet.org\/wp-content\/uploads\/2018\/10\/logo-fma.png","contentUrl":"https:\/\/www.cgfmanet.org\/wp-content\/uploads\/2018\/10\/logo-fma.png","width":214,"height":55,"caption":"Istituto Figlie di Maria Ausiliatrice"},"image":{"@id":"https:\/\/www.cgfmanet.org\/es\/#\/schema\/logo\/image\/"},"sameAs":["https:\/\/www.facebook.com\/salesian.sisters.of.don.bosco\/","https:\/\/x.com\/Cgfmanet_Org","https:\/\/www.youtube.com\/channel\/UCmcr8yFQBV7JXeXVxyV9y5Q"]},{"@type":"Person","@id":"https:\/\/www.cgfmanet.org\/es\/#\/schema\/person\/ce6473083f53ef0ef882cca23f0c8fb9","name":"Redazione"}]}},"_links":{"self":[{"href":"https:\/\/www.cgfmanet.org\/fr\/wp-json\/wp\/v2\/posts\/59762","targetHints":{"allow":["GET"]}}],"collection":[{"href":"https:\/\/www.cgfmanet.org\/fr\/wp-json\/wp\/v2\/posts"}],"about":[{"href":"https:\/\/www.cgfmanet.org\/fr\/wp-json\/wp\/v2\/types\/post"}],"author":[{"embeddable":true,"href":"https:\/\/www.cgfmanet.org\/fr\/wp-json\/wp\/v2\/users\/21"}],"replies":[{"embeddable":true,"href":"https:\/\/www.cgfmanet.org\/fr\/wp-json\/wp\/v2\/comments?post=59762"}],"version-history":[{"count":0,"href":"https:\/\/www.cgfmanet.org\/fr\/wp-json\/wp\/v2\/posts\/59762\/revisions"}],"wp:featuredmedia":[{"embeddable":true,"href":"https:\/\/www.cgfmanet.org\/fr\/wp-json\/wp\/v2\/media\/59757"}],"wp:attachment":[{"href":"https:\/\/www.cgfmanet.org\/fr\/wp-json\/wp\/v2\/media?parent=59762"}],"wp:term":[{"taxonomy":"category","embeddable":true,"href":"https:\/\/www.cgfmanet.org\/fr\/wp-json\/wp\/v2\/categories?post=59762"},{"taxonomy":"post_tag","embeddable":true,"href":"https:\/\/www.cgfmanet.org\/fr\/wp-json\/wp\/v2\/tags?post=59762"}],"curies":[{"name":"wp","href":"https:\/\/api.w.org\/{rel}","templated":true}]}}