{"id":45707,"date":"2021-05-12T11:08:15","date_gmt":"2021-05-12T09:08:15","guid":{"rendered":"https:\/\/www.cgfmanet.org\/info-sphere\/la-presenza-di-maria-nella-vita-di-madre-mazzarello\/"},"modified":"2021-05-15T17:11:31","modified_gmt":"2021-05-15T15:11:31","slug":"la-presence-de-marie-dans-la-vie-de-mere-mazzarello","status":"publish","type":"post","link":"https:\/\/www.cgfmanet.org\/fr\/ifma-fr\/la-presence-de-marie-dans-la-vie-de-mere-mazzarello\/","title":{"rendered":"La pr\u00e9sence de Marie dans la vie de M\u00e8re Mazzarello"},"content":{"rendered":"<p><strong>Morn\u00e8se (Italie).<\/strong> Le 13 mai 2021, la Famille Sal\u00e9sienne c\u00e9l\u00e8bre la solennit\u00e9 de Sainte Marie Dominique Mazzarello, co-fondatrice de l&rsquo;Institut des Filles de Marie Auxiliatrice. Sr. Maria Vanda Penna, Directrice de la Communaut\u00e9 de Sainte Marie Dominique Mazzarello de Morn\u00e8se (Asti), de la Province pi\u00e9montaise de Marie Auxiliatrice (IPI), souligne la pr\u00e9sence de Notre-Dame dans les principales \u00e9tapes de la vie de M\u00e8re Mazzarello.<\/p>\n<p><strong>La d\u00e9votion \u00e0 Marie Auxiliatrice des Chr\u00e9tiens des habitants de \u00a0Morn\u00e8se<\/strong><\/p>\n<p>\u00c0 la naissance de Ma\u00efn, \u00e0 Morn\u00e8se, il y avait encore des cons\u00e9quences du chol\u00e9ra qui s\u00e9vissait dans le Pi\u00e9mont depuis 1835. Les habitants, \u00e9prouv\u00e9s par ce fl\u00e9au, s&rsquo;\u00e9taient tourn\u00e9s vers Marie Auxiliatrice et, apr\u00e8s le chol\u00e9ra, avaient remerci\u00e9 Marie en lui consacrant une petite \u00e9glise, solennellement b\u00e9nie et ouverte au public le 24 mai 1843. Restaur\u00e9e en 1964, puis de nouveau, elle t\u00e9moigne aujourd&rsquo;hui de la confiance en Marie Auxiliatrice de la part des habitants de Morn\u00e8se.<\/p>\n<p><strong>Le r\u00e9confort de Marie Dominique dans sa maladie du typhus<\/strong><\/p>\n<p>Une image intitul\u00e9e \u00ab\u00a0Auxilium Christianorum\u00a0\u00bb est peinte sur la fa\u00e7ade de la maison qui s&rsquo;appelle aujourd&rsquo;hui \u00ab\u00a0<em>la maison du typhus<\/em>\u00ab\u00a0, image qui a certainement r\u00e9confort\u00e9 Ma\u00efn pendant sa longue maladie, lui tenant compagnie et lui donnant confiance. \u00ab\u00a0<em>A l&rsquo;\u00e9poque de Ma\u00efn &#8211; <\/em>\u00e9crit Ferdinando Maccono<em> &#8211; chaque samedi la lampe \u00e9tait allum\u00e9e devant cette image, et le soir de chaque dimanche, en mai et par beau temps, les habitants du quartier s&rsquo;y r\u00e9unissaient pour r\u00e9citer le chapelet et chantez les litanies \u00e0 la Reine des cieux. Certes, m\u00eame Ma\u00efn, quand elle \u00e9tait en bonne sant\u00e9, avait rejoint les autres femmes et filles \u00bb. \u00ab\u00a0Comme elle avait pass\u00e9 son enfance pr\u00e8s d&rsquo;une chapelle d\u00e9di\u00e9e \u00e0 Marie Auxiliatrice, elle a retrouv\u00e9 une vie nouvelle sous le regard d&rsquo;une image de la Vierge, invoqu\u00e9e avec le doux titre de Secours des Chr\u00e9tiens<\/em> \u00a0\u00bb (F. Maccono, Santa Maria D Mazzarello, Chapitre VIII, p. 83).<\/p>\n<p><strong>Notre Dame des Douleurs et Immacul\u00e9e Conception<\/strong><\/p>\n<p>Lorsque Don Dominique Pestarino revint \u00e0 Morn\u00e8se de G\u00eanes, il apporta avec lui le beau tableau de Notre Dame des Douleurs, attribu\u00e9 au peintre florentin Dolci ou \u00e0 son \u00e9cole, et il voulut que la chapelle du Coll\u00e8ge naissant soit d\u00e9di\u00e9e \u00e0 Notre Dame des Douleurs. Cette Vierge a \u00e9t\u00e9 la ma\u00eetresse et le mod\u00e8le des Filles de l&rsquo;Immacul\u00e9e Conception, dont Marie Dominique Mazzarello.<\/p>\n<p>L&rsquo;Auxiliatrice, Notre-Dame des Douleurs et l&rsquo;Immacul\u00e9e Conception ont \u00e9t\u00e9 la base et la force de la d\u00e9votion mariale de Sainte Marie Dominique Mazzarello: apprendre \u00e0 souffrir avec amour et par amour, apprendre \u00e0 imiter sa puret\u00e9 de c\u0153ur, libre des soucis du monde, se h\u00e2ter pour aider son prochain et apprendre \u00e0 vivre dignement \u00e0 ceux qui sont les plus expos\u00e9s aux dangers, les petites filles du pays d&rsquo;abord, puis les indig\u00e8nes de Patagonie ensuite, en passant par leurs filles.<\/p>\n<p><strong>La Sup\u00e9rieure c\u2019est Marie Auxiliatrice<\/strong><\/p>\n<p>Le geste de placer les cl\u00e9s de la maison au pied de l&rsquo;image de Marie alors qu&rsquo;elle \u00e9tait d\u00e9sormais Sup\u00e9rieure de la Communaut\u00e9 FMA, rassemble une multiplicit\u00e9 de significations: les cl\u00e9s de la maison appartiennent symboliquement au chef de famille, donc \u00e0 la Sup\u00e9rieure. C\u2019est Marie Auxiliatrice, dont elle se sent la Vicaire; les cl\u00e9s \u00abouvrent et ferment\u00bb et gardent l&rsquo;intimit\u00e9 de la maison confi\u00e9e \u00e0 la M\u00e8re de Dieu. Les cl\u00e9s qui s&rsquo;ouvrent expriment la bienvenue; les cl\u00e9s qui verrouillent, la confidentialit\u00e9 et la garde de la famille.<\/p>\n<p>L&rsquo;\u00e9l\u00e9ment le plus important est la confiance, la confiance plac\u00e9e en Marie, la M\u00e8re qui sait souffrir dans le silence et dans l&rsquo;offrande de sa propre vie, indiquant des chemins de lumi\u00e8re \u00e0 ses enfants et soutenant leur chemin vers le Royaume.<\/p>\n","protected":false},"excerpt":{"rendered":"<p>La pr\u00e9sence de Marie accompagne et soutient les principales \u00e9tapes de la vie de sainte Marie Dominique  Mazzarello, co-fondatrice de l&rsquo;Institut des Filles de Marie Auxiliatrice.<\/p>\n","protected":false},"author":21,"featured_media":45702,"comment_status":"open","ping_status":"closed","sticky":false,"template":"","format":"standard","meta":{"footnotes":""},"categories":[164,156],"tags":[1221,1282,1660,1731,1929],"class_list":["post-45707","post","type-post","status-publish","format-standard","has-post-thumbnail","category-charisme-salesien","category-ifma-fr","tag-ipi-fr","tag-mere-mazzarello","tag-spiritualita-salesiana-fr","tag-marie-auxiliatrice","tag-focus-fr"],"yoast_head":"<!-- This site is optimized with the Yoast SEO plugin v27.4 - https:\/\/yoast.com\/product\/yoast-seo-wordpress\/ -->\n<title>La pr\u00e9sence de Marie dans la vie de M\u00e8re Mazzarello &#8226; Istituto Figlie di Maria Ausiliatrice<\/title>\n<meta name=\"description\" content=\"La pr\u00e9sence de Marie accompagne et soutient les principales \u00e9tapes de la vie de sainte Marie Dominique Mazzarello, co-fondatrice de l&#039;Institut des Filles de Marie Auxiliatrice.\" \/>\n<meta name=\"robots\" content=\"index, follow, max-snippet:-1, max-image-preview:large, max-video-preview:-1\" \/>\n<link rel=\"canonical\" href=\"https:\/\/www.cgfmanet.org\/fr\/ifma-fr\/la-presence-de-marie-dans-la-vie-de-mere-mazzarello\/\" \/>\n<meta property=\"og:locale\" content=\"fr_FR\" \/>\n<meta property=\"og:type\" content=\"article\" \/>\n<meta property=\"og:title\" content=\"La pr\u00e9sence de Marie dans la vie de M\u00e8re Mazzarello &#8226; Istituto Figlie di Maria Ausiliatrice\" \/>\n<meta property=\"og:description\" content=\"La pr\u00e9sence de Marie accompagne et soutient les principales \u00e9tapes de la vie de sainte Marie Dominique Mazzarello, co-fondatrice de l&#039;Institut des Filles de Marie Auxiliatrice.\" \/>\n<meta property=\"og:url\" content=\"https:\/\/www.cgfmanet.org\/fr\/ifma-fr\/la-presence-de-marie-dans-la-vie-de-mere-mazzarello\/\" \/>\n<meta property=\"og:site_name\" content=\"Istituto Figlie di Maria Ausiliatrice\" \/>\n<meta property=\"article:publisher\" content=\"https:\/\/www.facebook.com\/salesian.sisters.of.don.bosco\/\" \/>\n<meta property=\"article:published_time\" content=\"2021-05-12T09:08:15+00:00\" \/>\n<meta property=\"article:modified_time\" content=\"2021-05-15T15:11:31+00:00\" \/>\n<meta property=\"og:image\" content=\"https:\/\/www.cgfmanet.org\/wp-content\/uploads\/2021\/05\/MM-e-Maria.jpg\" \/>\n\t<meta property=\"og:image:width\" content=\"1200\" \/>\n\t<meta property=\"og:image:height\" content=\"800\" \/>\n\t<meta property=\"og:image:type\" content=\"image\/jpeg\" \/>\n<meta name=\"author\" content=\"Redazione\" \/>\n<meta name=\"twitter:card\" content=\"summary_large_image\" \/>\n<meta name=\"twitter:creator\" content=\"@Cgfmanet_Org\" \/>\n<meta name=\"twitter:site\" content=\"@Cgfmanet_Org\" \/>\n<meta name=\"twitter:label1\" content=\"\u00c9crit par\" \/>\n\t<meta name=\"twitter:data1\" content=\"Redazione\" \/>\n\t<meta name=\"twitter:label2\" content=\"Dur\u00e9e de lecture estim\u00e9e\" \/>\n\t<meta name=\"twitter:data2\" content=\"3 minutes\" \/>\n<script type=\"application\/ld+json\" class=\"yoast-schema-graph\">{\"@context\":\"https:\\\/\\\/schema.org\",\"@graph\":[{\"@type\":\"Article\",\"@id\":\"https:\\\/\\\/www.cgfmanet.org\\\/fr\\\/ifma-fr\\\/la-presence-de-marie-dans-la-vie-de-mere-mazzarello\\\/#article\",\"isPartOf\":{\"@id\":\"https:\\\/\\\/www.cgfmanet.org\\\/fr\\\/ifma-fr\\\/la-presence-de-marie-dans-la-vie-de-mere-mazzarello\\\/\"},\"author\":{\"name\":\"Redazione\",\"@id\":\"https:\\\/\\\/www.cgfmanet.org\\\/es\\\/#\\\/schema\\\/person\\\/ce6473083f53ef0ef882cca23f0c8fb9\"},\"headline\":\"La pr\u00e9sence de Marie dans la vie de M\u00e8re Mazzarello\",\"datePublished\":\"2021-05-12T09:08:15+00:00\",\"dateModified\":\"2021-05-15T15:11:31+00:00\",\"mainEntityOfPage\":{\"@id\":\"https:\\\/\\\/www.cgfmanet.org\\\/fr\\\/ifma-fr\\\/la-presence-de-marie-dans-la-vie-de-mere-mazzarello\\\/\"},\"wordCount\":681,\"commentCount\":0,\"publisher\":{\"@id\":\"https:\\\/\\\/www.cgfmanet.org\\\/es\\\/#organization\"},\"image\":{\"@id\":\"https:\\\/\\\/www.cgfmanet.org\\\/fr\\\/ifma-fr\\\/la-presence-de-marie-dans-la-vie-de-mere-mazzarello\\\/#primaryimage\"},\"thumbnailUrl\":\"https:\\\/\\\/www.cgfmanet.org\\\/wp-content\\\/uploads\\\/2021\\\/05\\\/MM-e-Maria.jpg\",\"keywords\":[\"IPI\",\"M\u00e8re Mazzarello\",\"Spiritualit\u00e0 Salesiana\",\"Marie Auxiliatrice\",\"Focus\"],\"articleSection\":[\"Charisme Sal\u00e9sien\",\"IFMA\"],\"inLanguage\":\"fr-FR\",\"potentialAction\":[{\"@type\":\"CommentAction\",\"name\":\"Comment\",\"target\":[\"https:\\\/\\\/www.cgfmanet.org\\\/fr\\\/ifma-fr\\\/la-presence-de-marie-dans-la-vie-de-mere-mazzarello\\\/#respond\"]}]},{\"@type\":\"WebPage\",\"@id\":\"https:\\\/\\\/www.cgfmanet.org\\\/fr\\\/ifma-fr\\\/la-presence-de-marie-dans-la-vie-de-mere-mazzarello\\\/\",\"url\":\"https:\\\/\\\/www.cgfmanet.org\\\/fr\\\/ifma-fr\\\/la-presence-de-marie-dans-la-vie-de-mere-mazzarello\\\/\",\"name\":\"La pr\u00e9sence de Marie dans la vie de M\u00e8re Mazzarello &#8226; Istituto Figlie di Maria Ausiliatrice\",\"isPartOf\":{\"@id\":\"https:\\\/\\\/www.cgfmanet.org\\\/es\\\/#website\"},\"primaryImageOfPage\":{\"@id\":\"https:\\\/\\\/www.cgfmanet.org\\\/fr\\\/ifma-fr\\\/la-presence-de-marie-dans-la-vie-de-mere-mazzarello\\\/#primaryimage\"},\"image\":{\"@id\":\"https:\\\/\\\/www.cgfmanet.org\\\/fr\\\/ifma-fr\\\/la-presence-de-marie-dans-la-vie-de-mere-mazzarello\\\/#primaryimage\"},\"thumbnailUrl\":\"https:\\\/\\\/www.cgfmanet.org\\\/wp-content\\\/uploads\\\/2021\\\/05\\\/MM-e-Maria.jpg\",\"datePublished\":\"2021-05-12T09:08:15+00:00\",\"dateModified\":\"2021-05-15T15:11:31+00:00\",\"description\":\"La pr\u00e9sence de Marie accompagne et soutient les principales \u00e9tapes de la vie de sainte Marie Dominique Mazzarello, co-fondatrice de l'Institut des Filles de Marie Auxiliatrice.\",\"breadcrumb\":{\"@id\":\"https:\\\/\\\/www.cgfmanet.org\\\/fr\\\/ifma-fr\\\/la-presence-de-marie-dans-la-vie-de-mere-mazzarello\\\/#breadcrumb\"},\"inLanguage\":\"fr-FR\",\"potentialAction\":[{\"@type\":\"ReadAction\",\"target\":[\"https:\\\/\\\/www.cgfmanet.org\\\/fr\\\/ifma-fr\\\/la-presence-de-marie-dans-la-vie-de-mere-mazzarello\\\/\"]}]},{\"@type\":\"ImageObject\",\"inLanguage\":\"fr-FR\",\"@id\":\"https:\\\/\\\/www.cgfmanet.org\\\/fr\\\/ifma-fr\\\/la-presence-de-marie-dans-la-vie-de-mere-mazzarello\\\/#primaryimage\",\"url\":\"https:\\\/\\\/www.cgfmanet.org\\\/wp-content\\\/uploads\\\/2021\\\/05\\\/MM-e-Maria.jpg\",\"contentUrl\":\"https:\\\/\\\/www.cgfmanet.org\\\/wp-content\\\/uploads\\\/2021\\\/05\\\/MM-e-Maria.jpg\",\"width\":1200,\"height\":800},{\"@type\":\"BreadcrumbList\",\"@id\":\"https:\\\/\\\/www.cgfmanet.org\\\/fr\\\/ifma-fr\\\/la-presence-de-marie-dans-la-vie-de-mere-mazzarello\\\/#breadcrumb\",\"itemListElement\":[{\"@type\":\"ListItem\",\"position\":1,\"name\":\"Home\",\"item\":\"https:\\\/\\\/www.cgfmanet.org\\\/fr\\\/\"},{\"@type\":\"ListItem\",\"position\":2,\"name\":\"La pr\u00e9sence de Marie dans la vie de M\u00e8re Mazzarello\"}]},{\"@type\":\"WebSite\",\"@id\":\"https:\\\/\\\/www.cgfmanet.org\\\/es\\\/#website\",\"url\":\"https:\\\/\\\/www.cgfmanet.org\\\/es\\\/\",\"name\":\"Istituto Figlie di Maria Ausiliatrice\",\"description\":\"Salesiane di Don Bosco\",\"publisher\":{\"@id\":\"https:\\\/\\\/www.cgfmanet.org\\\/es\\\/#organization\"},\"potentialAction\":[{\"@type\":\"SearchAction\",\"target\":{\"@type\":\"EntryPoint\",\"urlTemplate\":\"https:\\\/\\\/www.cgfmanet.org\\\/es\\\/?s={search_term_string}\"},\"query-input\":{\"@type\":\"PropertyValueSpecification\",\"valueRequired\":true,\"valueName\":\"search_term_string\"}}],\"inLanguage\":\"fr-FR\"},{\"@type\":\"Organization\",\"@id\":\"https:\\\/\\\/www.cgfmanet.org\\\/es\\\/#organization\",\"name\":\"Istituto Figlie di Maria Ausiliatrice\",\"url\":\"https:\\\/\\\/www.cgfmanet.org\\\/es\\\/\",\"logo\":{\"@type\":\"ImageObject\",\"inLanguage\":\"fr-FR\",\"@id\":\"https:\\\/\\\/www.cgfmanet.org\\\/es\\\/#\\\/schema\\\/logo\\\/image\\\/\",\"url\":\"https:\\\/\\\/www.cgfmanet.org\\\/wp-content\\\/uploads\\\/2018\\\/10\\\/logo-fma.png\",\"contentUrl\":\"https:\\\/\\\/www.cgfmanet.org\\\/wp-content\\\/uploads\\\/2018\\\/10\\\/logo-fma.png\",\"width\":214,\"height\":55,\"caption\":\"Istituto Figlie di Maria Ausiliatrice\"},\"image\":{\"@id\":\"https:\\\/\\\/www.cgfmanet.org\\\/es\\\/#\\\/schema\\\/logo\\\/image\\\/\"},\"sameAs\":[\"https:\\\/\\\/www.facebook.com\\\/salesian.sisters.of.don.bosco\\\/\",\"https:\\\/\\\/x.com\\\/Cgfmanet_Org\",\"https:\\\/\\\/www.youtube.com\\\/channel\\\/UCmcr8yFQBV7JXeXVxyV9y5Q\"]},{\"@type\":\"Person\",\"@id\":\"https:\\\/\\\/www.cgfmanet.org\\\/es\\\/#\\\/schema\\\/person\\\/ce6473083f53ef0ef882cca23f0c8fb9\",\"name\":\"Redazione\"}]}<\/script>\n<!-- \/ Yoast SEO plugin. -->","yoast_head_json":{"title":"La pr\u00e9sence de Marie dans la vie de M\u00e8re Mazzarello &#8226; Istituto Figlie di Maria Ausiliatrice","description":"La pr\u00e9sence de Marie accompagne et soutient les principales \u00e9tapes de la vie de sainte Marie Dominique Mazzarello, co-fondatrice de l'Institut des Filles de Marie Auxiliatrice.","robots":{"index":"index","follow":"follow","max-snippet":"max-snippet:-1","max-image-preview":"max-image-preview:large","max-video-preview":"max-video-preview:-1"},"canonical":"https:\/\/www.cgfmanet.org\/fr\/ifma-fr\/la-presence-de-marie-dans-la-vie-de-mere-mazzarello\/","og_locale":"fr_FR","og_type":"article","og_title":"La pr\u00e9sence de Marie dans la vie de M\u00e8re Mazzarello &#8226; Istituto Figlie di Maria Ausiliatrice","og_description":"La pr\u00e9sence de Marie accompagne et soutient les principales \u00e9tapes de la vie de sainte Marie Dominique Mazzarello, co-fondatrice de l'Institut des Filles de Marie Auxiliatrice.","og_url":"https:\/\/www.cgfmanet.org\/fr\/ifma-fr\/la-presence-de-marie-dans-la-vie-de-mere-mazzarello\/","og_site_name":"Istituto Figlie di Maria Ausiliatrice","article_publisher":"https:\/\/www.facebook.com\/salesian.sisters.of.don.bosco\/","article_published_time":"2021-05-12T09:08:15+00:00","article_modified_time":"2021-05-15T15:11:31+00:00","og_image":[{"width":1200,"height":800,"url":"https:\/\/www.cgfmanet.org\/wp-content\/uploads\/2021\/05\/MM-e-Maria.jpg","type":"image\/jpeg"}],"author":"Redazione","twitter_card":"summary_large_image","twitter_creator":"@Cgfmanet_Org","twitter_site":"@Cgfmanet_Org","twitter_misc":{"\u00c9crit par":"Redazione","Dur\u00e9e de lecture estim\u00e9e":"3 minutes"},"schema":{"@context":"https:\/\/schema.org","@graph":[{"@type":"Article","@id":"https:\/\/www.cgfmanet.org\/fr\/ifma-fr\/la-presence-de-marie-dans-la-vie-de-mere-mazzarello\/#article","isPartOf":{"@id":"https:\/\/www.cgfmanet.org\/fr\/ifma-fr\/la-presence-de-marie-dans-la-vie-de-mere-mazzarello\/"},"author":{"name":"Redazione","@id":"https:\/\/www.cgfmanet.org\/es\/#\/schema\/person\/ce6473083f53ef0ef882cca23f0c8fb9"},"headline":"La pr\u00e9sence de Marie dans la vie de M\u00e8re Mazzarello","datePublished":"2021-05-12T09:08:15+00:00","dateModified":"2021-05-15T15:11:31+00:00","mainEntityOfPage":{"@id":"https:\/\/www.cgfmanet.org\/fr\/ifma-fr\/la-presence-de-marie-dans-la-vie-de-mere-mazzarello\/"},"wordCount":681,"commentCount":0,"publisher":{"@id":"https:\/\/www.cgfmanet.org\/es\/#organization"},"image":{"@id":"https:\/\/www.cgfmanet.org\/fr\/ifma-fr\/la-presence-de-marie-dans-la-vie-de-mere-mazzarello\/#primaryimage"},"thumbnailUrl":"https:\/\/www.cgfmanet.org\/wp-content\/uploads\/2021\/05\/MM-e-Maria.jpg","keywords":["IPI","M\u00e8re Mazzarello","Spiritualit\u00e0 Salesiana","Marie Auxiliatrice","Focus"],"articleSection":["Charisme Sal\u00e9sien","IFMA"],"inLanguage":"fr-FR","potentialAction":[{"@type":"CommentAction","name":"Comment","target":["https:\/\/www.cgfmanet.org\/fr\/ifma-fr\/la-presence-de-marie-dans-la-vie-de-mere-mazzarello\/#respond"]}]},{"@type":"WebPage","@id":"https:\/\/www.cgfmanet.org\/fr\/ifma-fr\/la-presence-de-marie-dans-la-vie-de-mere-mazzarello\/","url":"https:\/\/www.cgfmanet.org\/fr\/ifma-fr\/la-presence-de-marie-dans-la-vie-de-mere-mazzarello\/","name":"La pr\u00e9sence de Marie dans la vie de M\u00e8re Mazzarello &#8226; Istituto Figlie di Maria Ausiliatrice","isPartOf":{"@id":"https:\/\/www.cgfmanet.org\/es\/#website"},"primaryImageOfPage":{"@id":"https:\/\/www.cgfmanet.org\/fr\/ifma-fr\/la-presence-de-marie-dans-la-vie-de-mere-mazzarello\/#primaryimage"},"image":{"@id":"https:\/\/www.cgfmanet.org\/fr\/ifma-fr\/la-presence-de-marie-dans-la-vie-de-mere-mazzarello\/#primaryimage"},"thumbnailUrl":"https:\/\/www.cgfmanet.org\/wp-content\/uploads\/2021\/05\/MM-e-Maria.jpg","datePublished":"2021-05-12T09:08:15+00:00","dateModified":"2021-05-15T15:11:31+00:00","description":"La pr\u00e9sence de Marie accompagne et soutient les principales \u00e9tapes de la vie de sainte Marie Dominique Mazzarello, co-fondatrice de l'Institut des Filles de Marie Auxiliatrice.","breadcrumb":{"@id":"https:\/\/www.cgfmanet.org\/fr\/ifma-fr\/la-presence-de-marie-dans-la-vie-de-mere-mazzarello\/#breadcrumb"},"inLanguage":"fr-FR","potentialAction":[{"@type":"ReadAction","target":["https:\/\/www.cgfmanet.org\/fr\/ifma-fr\/la-presence-de-marie-dans-la-vie-de-mere-mazzarello\/"]}]},{"@type":"ImageObject","inLanguage":"fr-FR","@id":"https:\/\/www.cgfmanet.org\/fr\/ifma-fr\/la-presence-de-marie-dans-la-vie-de-mere-mazzarello\/#primaryimage","url":"https:\/\/www.cgfmanet.org\/wp-content\/uploads\/2021\/05\/MM-e-Maria.jpg","contentUrl":"https:\/\/www.cgfmanet.org\/wp-content\/uploads\/2021\/05\/MM-e-Maria.jpg","width":1200,"height":800},{"@type":"BreadcrumbList","@id":"https:\/\/www.cgfmanet.org\/fr\/ifma-fr\/la-presence-de-marie-dans-la-vie-de-mere-mazzarello\/#breadcrumb","itemListElement":[{"@type":"ListItem","position":1,"name":"Home","item":"https:\/\/www.cgfmanet.org\/fr\/"},{"@type":"ListItem","position":2,"name":"La pr\u00e9sence de Marie dans la vie de M\u00e8re Mazzarello"}]},{"@type":"WebSite","@id":"https:\/\/www.cgfmanet.org\/es\/#website","url":"https:\/\/www.cgfmanet.org\/es\/","name":"Istituto Figlie di Maria Ausiliatrice","description":"Salesiane di Don Bosco","publisher":{"@id":"https:\/\/www.cgfmanet.org\/es\/#organization"},"potentialAction":[{"@type":"SearchAction","target":{"@type":"EntryPoint","urlTemplate":"https:\/\/www.cgfmanet.org\/es\/?s={search_term_string}"},"query-input":{"@type":"PropertyValueSpecification","valueRequired":true,"valueName":"search_term_string"}}],"inLanguage":"fr-FR"},{"@type":"Organization","@id":"https:\/\/www.cgfmanet.org\/es\/#organization","name":"Istituto Figlie di Maria Ausiliatrice","url":"https:\/\/www.cgfmanet.org\/es\/","logo":{"@type":"ImageObject","inLanguage":"fr-FR","@id":"https:\/\/www.cgfmanet.org\/es\/#\/schema\/logo\/image\/","url":"https:\/\/www.cgfmanet.org\/wp-content\/uploads\/2018\/10\/logo-fma.png","contentUrl":"https:\/\/www.cgfmanet.org\/wp-content\/uploads\/2018\/10\/logo-fma.png","width":214,"height":55,"caption":"Istituto Figlie di Maria Ausiliatrice"},"image":{"@id":"https:\/\/www.cgfmanet.org\/es\/#\/schema\/logo\/image\/"},"sameAs":["https:\/\/www.facebook.com\/salesian.sisters.of.don.bosco\/","https:\/\/x.com\/Cgfmanet_Org","https:\/\/www.youtube.com\/channel\/UCmcr8yFQBV7JXeXVxyV9y5Q"]},{"@type":"Person","@id":"https:\/\/www.cgfmanet.org\/es\/#\/schema\/person\/ce6473083f53ef0ef882cca23f0c8fb9","name":"Redazione"}]}},"_links":{"self":[{"href":"https:\/\/www.cgfmanet.org\/fr\/wp-json\/wp\/v2\/posts\/45707","targetHints":{"allow":["GET"]}}],"collection":[{"href":"https:\/\/www.cgfmanet.org\/fr\/wp-json\/wp\/v2\/posts"}],"about":[{"href":"https:\/\/www.cgfmanet.org\/fr\/wp-json\/wp\/v2\/types\/post"}],"author":[{"embeddable":true,"href":"https:\/\/www.cgfmanet.org\/fr\/wp-json\/wp\/v2\/users\/21"}],"replies":[{"embeddable":true,"href":"https:\/\/www.cgfmanet.org\/fr\/wp-json\/wp\/v2\/comments?post=45707"}],"version-history":[{"count":0,"href":"https:\/\/www.cgfmanet.org\/fr\/wp-json\/wp\/v2\/posts\/45707\/revisions"}],"wp:featuredmedia":[{"embeddable":true,"href":"https:\/\/www.cgfmanet.org\/fr\/wp-json\/wp\/v2\/media\/45702"}],"wp:attachment":[{"href":"https:\/\/www.cgfmanet.org\/fr\/wp-json\/wp\/v2\/media?parent=45707"}],"wp:term":[{"taxonomy":"category","embeddable":true,"href":"https:\/\/www.cgfmanet.org\/fr\/wp-json\/wp\/v2\/categories?post=45707"},{"taxonomy":"post_tag","embeddable":true,"href":"https:\/\/www.cgfmanet.org\/fr\/wp-json\/wp\/v2\/tags?post=45707"}],"curies":[{"name":"wp","href":"https:\/\/api.w.org\/{rel}","templated":true}]}}