{"id":44336,"date":"2021-04-24T11:00:44","date_gmt":"2021-04-24T09:00:44","guid":{"rendered":"https:\/\/www.cgfmanet.org\/?p=44336"},"modified":"2022-03-09T09:34:29","modified_gmt":"2022-03-09T08:34:29","slug":"festa-del-grazie-2021-programma","status":"publish","type":"post","link":"https:\/\/www.cgfmanet.org\/fr\/ifma-fr\/festa-del-grazie-2021-programma\/","title":{"rendered":"Festa del Grazie 2021 &#8211; Programma"},"content":{"rendered":"<p><strong>Roma (Italia).<\/strong> Il 25 aprile 2021 si celebra la <span style=\"color: #0000ff;\"><a style=\"color: #0000ff;\" href=\"https:\/\/www.festadelgrazie.org\/\" target=\"_blank\" rel=\"noopener\"><strong>Festa della Riconoscenza Mondiale<\/strong><\/a><\/span> presso la Casa <em>Madre Angela Vespa<\/em>, sede della Pontificia Facolt\u00e0 di Scienze dell\u2019Educazione \u00abAuxilium\u00bb.<\/p>\n<p><span style=\"color: #008000;\"><strong><em>Essere\u00a0in rete<\/em><\/strong><\/span>\u00a0\u00e8 una delle risorse pi\u00f9 preziose per espandere energie creative e collaborative nell\u2019esprimere <span style=\"color: #ff6600;\"><strong>a Madre Yvonne Reungoat la gratitudine delle FMA<\/strong>,<\/span> delle Comunit\u00e0 educanti, dei laici e giovani della Famiglia Salesiana che condividono la missione carismatica salesiana.<\/p>\n<h1 style=\"text-align: center;\"><span style=\"color: #008000;\"><strong>Programma della Festa<\/strong><\/span><\/h1>\n<h3><strong><span style=\"color: #ff6600;\">25 aprile 2021 &#8211; ore 11:30 (ora Italia)<\/span><\/strong><\/h3>\n<h5><strong><span style=\"color: #000000;\">Accoglienza di Madre Yvonne Reungoat alla\u00a0Facolt\u00e0 di Scienze dell&rsquo;Educazione \u00abAuxilium\u00bb<\/span><\/strong><\/h5>\n<p>&nbsp;<\/p>\n<h3><strong><span style=\"color: #0000ff;\">25 aprile 2021 &#8211; ore 11:45 (ora Italia)<\/span><\/strong><\/h3>\n<h5><strong>Celebrazione Eucaristica presieduta dal Rettor Maggiore dei Salesiani di Don Bosco, don FERN\u00c1NDEZ ARTIME \u00c1ngel.\u00a0<span style=\"color: #0000ff;\"> (<a style=\"color: #0000ff;\" href=\"https:\/\/www.youtube.com\/watch?v=LS5Clz_375s\" target=\"_blank\" rel=\"noopener\">https:\/\/youtu.be\/LS5Clz_375s<\/a>)<\/span><\/strong><\/h5>\n<h5><\/h5>\n<p><iframe title=\"YouTube video player\" data-src=\"https:\/\/www.youtube.com\/embed\/LS5Clz_375s\" width=\"872\" height=\"490\" frameborder=\"0\" allowfullscreen=\"allowfullscreen\" src=\"data:image\/svg+xml;base64,PHN2ZyB3aWR0aD0iMSIgaGVpZ2h0PSIxIiB4bWxucz0iaHR0cDovL3d3dy53My5vcmcvMjAwMC9zdmciPjwvc3ZnPg==\" class=\"lazyload\" data-load-mode=\"1\"><\/iframe><\/p>\n<h5><\/h5>\n<h3><span style=\"color: #339966;\"><strong>25 aprile 2021 &#8211; ore 16:00 (ora Italia)<\/strong><\/span><\/h3>\n<h5><strong>Momento di Festa dall\u2019Aula Magna \u201cGiovanni Paolo II\u201d dell\u2019\u00abAuxilium\u00bb. <span style=\"color: #0000ff;\">(<a style=\"color: #0000ff;\" href=\"https:\/\/www.youtube.com\/watch?v=qREDTS-zWFs\" target=\"_blank\" rel=\"noopener\">https:\/\/youtu.be\/qREDTS-zWFs<\/a>)<\/span><\/strong><\/h5>\n<p>&nbsp;<\/p>\n<p><iframe title=\"YouTube video player\" data-src=\"https:\/\/www.youtube.com\/embed\/qREDTS-zWFs\" width=\"872\" height=\"492\" frameborder=\"0\" allowfullscreen=\"allowfullscreen\" src=\"data:image\/svg+xml;base64,PHN2ZyB3aWR0aD0iMSIgaGVpZ2h0PSIxIiB4bWxucz0iaHR0cDovL3d3dy53My5vcmcvMjAwMC9zdmciPjwvc3ZnPg==\" class=\"lazyload\" data-load-mode=\"1\"><\/iframe><\/p>\n<h3><\/h3>\n<p>&nbsp;<\/p>\n<h3><strong><span style=\"color: #0000ff;\"><a style=\"color: #0000ff;\" href=\"https:\/\/drive.google.com\/file\/d\/1EQhPVh-KmjI5DRSUjvxESDbtqmACmVKO\/view?usp=sharing\" target=\"_blank\" rel=\"noopener\">Programma pdf<\/a><\/span><\/strong><\/h3>\n","protected":false},"excerpt":{"rendered":"<p>Roma (Italia). Il 25 aprile 2021 si celebra la Festa della Riconoscenza Mondiale presso la Casa Madre Angela Vespa, sede della Pontificia Facolt\u00e0 di Scienze dell\u2019Educazione \u00abAuxilium\u00bb. Essere\u00a0in rete\u00a0\u00e8 una [&hellip;]<\/p>\n","protected":false},"author":19,"featured_media":44300,"comment_status":"open","ping_status":"closed","sticky":false,"template":"","format":"standard","meta":{"footnotes":""},"categories":[164,156],"tags":[298,373,1391,1660,1929,2281],"class_list":["post-44336","post","type-post","status-publish","format-standard","has-post-thumbnail","category-charisme-salesien","category-ifma-fr","tag-festa-del-grazie-fr","tag-mere-yvonne-reungoat","tag-rmc-fr","tag-spiritualita-salesiana-fr","tag-focus-fr","tag-ifma-fr"],"yoast_head":"<!-- This site is optimized with the Yoast SEO plugin v27.4 - https:\/\/yoast.com\/product\/yoast-seo-wordpress\/ -->\n<title>Festa del Grazie 2021 - Programma &#8226; Istituto Figlie di Maria Ausiliatrice<\/title>\n<meta name=\"description\" content=\"Si svolge on line, il 25 aprile 2021, la Festa della Riconoscenza Mondiale.\" \/>\n<meta name=\"robots\" content=\"index, follow, max-snippet:-1, max-image-preview:large, max-video-preview:-1\" \/>\n<link rel=\"canonical\" href=\"https:\/\/www.cgfmanet.org\/fr\/ifma-fr\/festa-del-grazie-2021-programma\/\" \/>\n<meta property=\"og:locale\" content=\"fr_FR\" \/>\n<meta property=\"og:type\" content=\"article\" \/>\n<meta property=\"og:title\" content=\"Festa del Grazie 2021 - Programma &#8226; Istituto Figlie di Maria Ausiliatrice\" \/>\n<meta property=\"og:description\" content=\"Si svolge on line, il 25 aprile 2021, la Festa della Riconoscenza Mondiale.\" \/>\n<meta property=\"og:url\" content=\"https:\/\/www.cgfmanet.org\/fr\/ifma-fr\/festa-del-grazie-2021-programma\/\" \/>\n<meta property=\"og:site_name\" content=\"Istituto Figlie di Maria Ausiliatrice\" \/>\n<meta property=\"article:publisher\" content=\"https:\/\/www.facebook.com\/salesian.sisters.of.don.bosco\/\" \/>\n<meta property=\"article:published_time\" content=\"2021-04-24T09:00:44+00:00\" \/>\n<meta property=\"article:modified_time\" content=\"2022-03-09T08:34:29+00:00\" \/>\n<meta property=\"og:image\" content=\"https:\/\/www.cgfmanet.org\/wp-content\/uploads\/2021\/04\/progrmma.jpg\" \/>\n\t<meta property=\"og:image:width\" content=\"1200\" \/>\n\t<meta property=\"og:image:height\" content=\"800\" \/>\n\t<meta property=\"og:image:type\" content=\"image\/jpeg\" \/>\n<meta name=\"author\" content=\"Redazione\" \/>\n<meta name=\"twitter:card\" content=\"summary_large_image\" \/>\n<meta name=\"twitter:creator\" content=\"@Cgfmanet_Org\" \/>\n<meta name=\"twitter:site\" content=\"@Cgfmanet_Org\" \/>\n<meta name=\"twitter:label1\" content=\"\u00c9crit par\" \/>\n\t<meta name=\"twitter:data1\" content=\"Redazione\" \/>\n\t<meta name=\"twitter:label2\" content=\"Dur\u00e9e de lecture estim\u00e9e\" \/>\n\t<meta name=\"twitter:data2\" content=\"1 minute\" \/>\n<script type=\"application\/ld+json\" class=\"yoast-schema-graph\">{\"@context\":\"https:\\\/\\\/schema.org\",\"@graph\":[{\"@type\":\"Article\",\"@id\":\"https:\\\/\\\/www.cgfmanet.org\\\/fr\\\/ifma-fr\\\/festa-del-grazie-2021-programma\\\/#article\",\"isPartOf\":{\"@id\":\"https:\\\/\\\/www.cgfmanet.org\\\/fr\\\/ifma-fr\\\/festa-del-grazie-2021-programma\\\/\"},\"author\":{\"name\":\"Redazione\",\"@id\":\"https:\\\/\\\/www.cgfmanet.org\\\/es\\\/#\\\/schema\\\/person\\\/703c410f03e282e766dab407c5be96fe\"},\"headline\":\"Festa del Grazie 2021 &#8211; Programma\",\"datePublished\":\"2021-04-24T09:00:44+00:00\",\"dateModified\":\"2022-03-09T08:34:29+00:00\",\"mainEntityOfPage\":{\"@id\":\"https:\\\/\\\/www.cgfmanet.org\\\/fr\\\/ifma-fr\\\/festa-del-grazie-2021-programma\\\/\"},\"wordCount\":143,\"commentCount\":33,\"publisher\":{\"@id\":\"https:\\\/\\\/www.cgfmanet.org\\\/es\\\/#organization\"},\"image\":{\"@id\":\"https:\\\/\\\/www.cgfmanet.org\\\/fr\\\/ifma-fr\\\/festa-del-grazie-2021-programma\\\/#primaryimage\"},\"thumbnailUrl\":\"https:\\\/\\\/www.cgfmanet.org\\\/wp-content\\\/uploads\\\/2021\\\/04\\\/progrmma.jpg\",\"keywords\":[\"F\u00eate de la Reconnaissance\",\"M\u00e8re Yvonne Reungoat\",\"RMC\",\"Spiritualit\u00e0 Salesiana\",\"Focus\",\"IFMA\"],\"articleSection\":[\"Charisme Sal\u00e9sien\",\"IFMA\"],\"inLanguage\":\"fr-FR\",\"potentialAction\":[{\"@type\":\"CommentAction\",\"name\":\"Comment\",\"target\":[\"https:\\\/\\\/www.cgfmanet.org\\\/fr\\\/ifma-fr\\\/festa-del-grazie-2021-programma\\\/#respond\"]}]},{\"@type\":\"WebPage\",\"@id\":\"https:\\\/\\\/www.cgfmanet.org\\\/fr\\\/ifma-fr\\\/festa-del-grazie-2021-programma\\\/\",\"url\":\"https:\\\/\\\/www.cgfmanet.org\\\/fr\\\/ifma-fr\\\/festa-del-grazie-2021-programma\\\/\",\"name\":\"Festa del Grazie 2021 - Programma &#8226; Istituto Figlie di Maria Ausiliatrice\",\"isPartOf\":{\"@id\":\"https:\\\/\\\/www.cgfmanet.org\\\/es\\\/#website\"},\"primaryImageOfPage\":{\"@id\":\"https:\\\/\\\/www.cgfmanet.org\\\/fr\\\/ifma-fr\\\/festa-del-grazie-2021-programma\\\/#primaryimage\"},\"image\":{\"@id\":\"https:\\\/\\\/www.cgfmanet.org\\\/fr\\\/ifma-fr\\\/festa-del-grazie-2021-programma\\\/#primaryimage\"},\"thumbnailUrl\":\"https:\\\/\\\/www.cgfmanet.org\\\/wp-content\\\/uploads\\\/2021\\\/04\\\/progrmma.jpg\",\"datePublished\":\"2021-04-24T09:00:44+00:00\",\"dateModified\":\"2022-03-09T08:34:29+00:00\",\"description\":\"Si svolge on line, il 25 aprile 2021, la Festa della Riconoscenza Mondiale.\",\"breadcrumb\":{\"@id\":\"https:\\\/\\\/www.cgfmanet.org\\\/fr\\\/ifma-fr\\\/festa-del-grazie-2021-programma\\\/#breadcrumb\"},\"inLanguage\":\"fr-FR\",\"potentialAction\":[{\"@type\":\"ReadAction\",\"target\":[\"https:\\\/\\\/www.cgfmanet.org\\\/fr\\\/ifma-fr\\\/festa-del-grazie-2021-programma\\\/\"]}]},{\"@type\":\"ImageObject\",\"inLanguage\":\"fr-FR\",\"@id\":\"https:\\\/\\\/www.cgfmanet.org\\\/fr\\\/ifma-fr\\\/festa-del-grazie-2021-programma\\\/#primaryimage\",\"url\":\"https:\\\/\\\/www.cgfmanet.org\\\/wp-content\\\/uploads\\\/2021\\\/04\\\/progrmma.jpg\",\"contentUrl\":\"https:\\\/\\\/www.cgfmanet.org\\\/wp-content\\\/uploads\\\/2021\\\/04\\\/progrmma.jpg\",\"width\":1200,\"height\":800},{\"@type\":\"BreadcrumbList\",\"@id\":\"https:\\\/\\\/www.cgfmanet.org\\\/fr\\\/ifma-fr\\\/festa-del-grazie-2021-programma\\\/#breadcrumb\",\"itemListElement\":[{\"@type\":\"ListItem\",\"position\":1,\"name\":\"Home\",\"item\":\"https:\\\/\\\/www.cgfmanet.org\\\/fr\\\/\"},{\"@type\":\"ListItem\",\"position\":2,\"name\":\"Festa del Grazie 2021 &#8211; Programma\"}]},{\"@type\":\"WebSite\",\"@id\":\"https:\\\/\\\/www.cgfmanet.org\\\/es\\\/#website\",\"url\":\"https:\\\/\\\/www.cgfmanet.org\\\/es\\\/\",\"name\":\"Istituto Figlie di Maria Ausiliatrice\",\"description\":\"Salesiane di Don Bosco\",\"publisher\":{\"@id\":\"https:\\\/\\\/www.cgfmanet.org\\\/es\\\/#organization\"},\"potentialAction\":[{\"@type\":\"SearchAction\",\"target\":{\"@type\":\"EntryPoint\",\"urlTemplate\":\"https:\\\/\\\/www.cgfmanet.org\\\/es\\\/?s={search_term_string}\"},\"query-input\":{\"@type\":\"PropertyValueSpecification\",\"valueRequired\":true,\"valueName\":\"search_term_string\"}}],\"inLanguage\":\"fr-FR\"},{\"@type\":\"Organization\",\"@id\":\"https:\\\/\\\/www.cgfmanet.org\\\/es\\\/#organization\",\"name\":\"Istituto Figlie di Maria Ausiliatrice\",\"url\":\"https:\\\/\\\/www.cgfmanet.org\\\/es\\\/\",\"logo\":{\"@type\":\"ImageObject\",\"inLanguage\":\"fr-FR\",\"@id\":\"https:\\\/\\\/www.cgfmanet.org\\\/es\\\/#\\\/schema\\\/logo\\\/image\\\/\",\"url\":\"https:\\\/\\\/www.cgfmanet.org\\\/wp-content\\\/uploads\\\/2018\\\/10\\\/logo-fma.png\",\"contentUrl\":\"https:\\\/\\\/www.cgfmanet.org\\\/wp-content\\\/uploads\\\/2018\\\/10\\\/logo-fma.png\",\"width\":214,\"height\":55,\"caption\":\"Istituto Figlie di Maria Ausiliatrice\"},\"image\":{\"@id\":\"https:\\\/\\\/www.cgfmanet.org\\\/es\\\/#\\\/schema\\\/logo\\\/image\\\/\"},\"sameAs\":[\"https:\\\/\\\/www.facebook.com\\\/salesian.sisters.of.don.bosco\\\/\",\"https:\\\/\\\/x.com\\\/Cgfmanet_Org\",\"https:\\\/\\\/www.youtube.com\\\/channel\\\/UCmcr8yFQBV7JXeXVxyV9y5Q\"]},{\"@type\":\"Person\",\"@id\":\"https:\\\/\\\/www.cgfmanet.org\\\/es\\\/#\\\/schema\\\/person\\\/703c410f03e282e766dab407c5be96fe\",\"name\":\"Redazione\"}]}<\/script>\n<!-- \/ Yoast SEO plugin. -->","yoast_head_json":{"title":"Festa del Grazie 2021 - Programma &#8226; Istituto Figlie di Maria Ausiliatrice","description":"Si svolge on line, il 25 aprile 2021, la Festa della Riconoscenza Mondiale.","robots":{"index":"index","follow":"follow","max-snippet":"max-snippet:-1","max-image-preview":"max-image-preview:large","max-video-preview":"max-video-preview:-1"},"canonical":"https:\/\/www.cgfmanet.org\/fr\/ifma-fr\/festa-del-grazie-2021-programma\/","og_locale":"fr_FR","og_type":"article","og_title":"Festa del Grazie 2021 - Programma &#8226; Istituto Figlie di Maria Ausiliatrice","og_description":"Si svolge on line, il 25 aprile 2021, la Festa della Riconoscenza Mondiale.","og_url":"https:\/\/www.cgfmanet.org\/fr\/ifma-fr\/festa-del-grazie-2021-programma\/","og_site_name":"Istituto Figlie di Maria Ausiliatrice","article_publisher":"https:\/\/www.facebook.com\/salesian.sisters.of.don.bosco\/","article_published_time":"2021-04-24T09:00:44+00:00","article_modified_time":"2022-03-09T08:34:29+00:00","og_image":[{"width":1200,"height":800,"url":"https:\/\/www.cgfmanet.org\/wp-content\/uploads\/2021\/04\/progrmma.jpg","type":"image\/jpeg"}],"author":"Redazione","twitter_card":"summary_large_image","twitter_creator":"@Cgfmanet_Org","twitter_site":"@Cgfmanet_Org","twitter_misc":{"\u00c9crit par":"Redazione","Dur\u00e9e de lecture estim\u00e9e":"1 minute"},"schema":{"@context":"https:\/\/schema.org","@graph":[{"@type":"Article","@id":"https:\/\/www.cgfmanet.org\/fr\/ifma-fr\/festa-del-grazie-2021-programma\/#article","isPartOf":{"@id":"https:\/\/www.cgfmanet.org\/fr\/ifma-fr\/festa-del-grazie-2021-programma\/"},"author":{"name":"Redazione","@id":"https:\/\/www.cgfmanet.org\/es\/#\/schema\/person\/703c410f03e282e766dab407c5be96fe"},"headline":"Festa del Grazie 2021 &#8211; Programma","datePublished":"2021-04-24T09:00:44+00:00","dateModified":"2022-03-09T08:34:29+00:00","mainEntityOfPage":{"@id":"https:\/\/www.cgfmanet.org\/fr\/ifma-fr\/festa-del-grazie-2021-programma\/"},"wordCount":143,"commentCount":33,"publisher":{"@id":"https:\/\/www.cgfmanet.org\/es\/#organization"},"image":{"@id":"https:\/\/www.cgfmanet.org\/fr\/ifma-fr\/festa-del-grazie-2021-programma\/#primaryimage"},"thumbnailUrl":"https:\/\/www.cgfmanet.org\/wp-content\/uploads\/2021\/04\/progrmma.jpg","keywords":["F\u00eate de la Reconnaissance","M\u00e8re Yvonne Reungoat","RMC","Spiritualit\u00e0 Salesiana","Focus","IFMA"],"articleSection":["Charisme Sal\u00e9sien","IFMA"],"inLanguage":"fr-FR","potentialAction":[{"@type":"CommentAction","name":"Comment","target":["https:\/\/www.cgfmanet.org\/fr\/ifma-fr\/festa-del-grazie-2021-programma\/#respond"]}]},{"@type":"WebPage","@id":"https:\/\/www.cgfmanet.org\/fr\/ifma-fr\/festa-del-grazie-2021-programma\/","url":"https:\/\/www.cgfmanet.org\/fr\/ifma-fr\/festa-del-grazie-2021-programma\/","name":"Festa del Grazie 2021 - Programma &#8226; Istituto Figlie di Maria Ausiliatrice","isPartOf":{"@id":"https:\/\/www.cgfmanet.org\/es\/#website"},"primaryImageOfPage":{"@id":"https:\/\/www.cgfmanet.org\/fr\/ifma-fr\/festa-del-grazie-2021-programma\/#primaryimage"},"image":{"@id":"https:\/\/www.cgfmanet.org\/fr\/ifma-fr\/festa-del-grazie-2021-programma\/#primaryimage"},"thumbnailUrl":"https:\/\/www.cgfmanet.org\/wp-content\/uploads\/2021\/04\/progrmma.jpg","datePublished":"2021-04-24T09:00:44+00:00","dateModified":"2022-03-09T08:34:29+00:00","description":"Si svolge on line, il 25 aprile 2021, la Festa della Riconoscenza Mondiale.","breadcrumb":{"@id":"https:\/\/www.cgfmanet.org\/fr\/ifma-fr\/festa-del-grazie-2021-programma\/#breadcrumb"},"inLanguage":"fr-FR","potentialAction":[{"@type":"ReadAction","target":["https:\/\/www.cgfmanet.org\/fr\/ifma-fr\/festa-del-grazie-2021-programma\/"]}]},{"@type":"ImageObject","inLanguage":"fr-FR","@id":"https:\/\/www.cgfmanet.org\/fr\/ifma-fr\/festa-del-grazie-2021-programma\/#primaryimage","url":"https:\/\/www.cgfmanet.org\/wp-content\/uploads\/2021\/04\/progrmma.jpg","contentUrl":"https:\/\/www.cgfmanet.org\/wp-content\/uploads\/2021\/04\/progrmma.jpg","width":1200,"height":800},{"@type":"BreadcrumbList","@id":"https:\/\/www.cgfmanet.org\/fr\/ifma-fr\/festa-del-grazie-2021-programma\/#breadcrumb","itemListElement":[{"@type":"ListItem","position":1,"name":"Home","item":"https:\/\/www.cgfmanet.org\/fr\/"},{"@type":"ListItem","position":2,"name":"Festa del Grazie 2021 &#8211; Programma"}]},{"@type":"WebSite","@id":"https:\/\/www.cgfmanet.org\/es\/#website","url":"https:\/\/www.cgfmanet.org\/es\/","name":"Istituto Figlie di Maria Ausiliatrice","description":"Salesiane di Don Bosco","publisher":{"@id":"https:\/\/www.cgfmanet.org\/es\/#organization"},"potentialAction":[{"@type":"SearchAction","target":{"@type":"EntryPoint","urlTemplate":"https:\/\/www.cgfmanet.org\/es\/?s={search_term_string}"},"query-input":{"@type":"PropertyValueSpecification","valueRequired":true,"valueName":"search_term_string"}}],"inLanguage":"fr-FR"},{"@type":"Organization","@id":"https:\/\/www.cgfmanet.org\/es\/#organization","name":"Istituto Figlie di Maria Ausiliatrice","url":"https:\/\/www.cgfmanet.org\/es\/","logo":{"@type":"ImageObject","inLanguage":"fr-FR","@id":"https:\/\/www.cgfmanet.org\/es\/#\/schema\/logo\/image\/","url":"https:\/\/www.cgfmanet.org\/wp-content\/uploads\/2018\/10\/logo-fma.png","contentUrl":"https:\/\/www.cgfmanet.org\/wp-content\/uploads\/2018\/10\/logo-fma.png","width":214,"height":55,"caption":"Istituto Figlie di Maria Ausiliatrice"},"image":{"@id":"https:\/\/www.cgfmanet.org\/es\/#\/schema\/logo\/image\/"},"sameAs":["https:\/\/www.facebook.com\/salesian.sisters.of.don.bosco\/","https:\/\/x.com\/Cgfmanet_Org","https:\/\/www.youtube.com\/channel\/UCmcr8yFQBV7JXeXVxyV9y5Q"]},{"@type":"Person","@id":"https:\/\/www.cgfmanet.org\/es\/#\/schema\/person\/703c410f03e282e766dab407c5be96fe","name":"Redazione"}]}},"_links":{"self":[{"href":"https:\/\/www.cgfmanet.org\/fr\/wp-json\/wp\/v2\/posts\/44336","targetHints":{"allow":["GET"]}}],"collection":[{"href":"https:\/\/www.cgfmanet.org\/fr\/wp-json\/wp\/v2\/posts"}],"about":[{"href":"https:\/\/www.cgfmanet.org\/fr\/wp-json\/wp\/v2\/types\/post"}],"author":[{"embeddable":true,"href":"https:\/\/www.cgfmanet.org\/fr\/wp-json\/wp\/v2\/users\/19"}],"replies":[{"embeddable":true,"href":"https:\/\/www.cgfmanet.org\/fr\/wp-json\/wp\/v2\/comments?post=44336"}],"version-history":[{"count":0,"href":"https:\/\/www.cgfmanet.org\/fr\/wp-json\/wp\/v2\/posts\/44336\/revisions"}],"wp:featuredmedia":[{"embeddable":true,"href":"https:\/\/www.cgfmanet.org\/fr\/wp-json\/wp\/v2\/media\/44300"}],"wp:attachment":[{"href":"https:\/\/www.cgfmanet.org\/fr\/wp-json\/wp\/v2\/media?parent=44336"}],"wp:term":[{"taxonomy":"category","embeddable":true,"href":"https:\/\/www.cgfmanet.org\/fr\/wp-json\/wp\/v2\/categories?post=44336"},{"taxonomy":"post_tag","embeddable":true,"href":"https:\/\/www.cgfmanet.org\/fr\/wp-json\/wp\/v2\/tags?post=44336"}],"curies":[{"name":"wp","href":"https:\/\/api.w.org\/{rel}","templated":true}]}}