{"id":44306,"date":"2021-04-24T11:26:51","date_gmt":"2021-04-24T09:26:51","guid":{"rendered":"https:\/\/www.cgfmanet.org\/?p=44306"},"modified":"2021-04-23T12:07:06","modified_gmt":"2021-04-23T10:07:06","slug":"ecrire-ici-ton-merci-grazie-madre-pour","status":"publish","type":"post","link":"https:\/\/www.cgfmanet.org\/fr\/ifma-fr\/ecrire-ici-ton-merci-grazie-madre-pour\/","title":{"rendered":"Ecrire ici ton merci,  #Grazie Madre  pour &#8230;"},"content":{"rendered":"<p><strong>Rome (Italie). <\/strong>Le 25 avril 2021, on c\u00e9l\u00e8bre la Journ\u00e9e mondiale de la Reconnaissance la <span style=\"color: #008000;\"><a style=\"color: #008000;\" href=\"https:\/\/www.festadelgrazie.org\/\" target=\"_blank\" rel=\"noopener\"><strong>Festa della Riconoscenza Mondiale\u00a0<\/strong><\/a><\/span>\u00e0 la <em>Maison M\u00e8re Angela Vespa<\/em>, si\u00e8ge de la Facult\u00e9 Pontificale des Sciences de l\u2019Education \u00ab Auxilium \u00bb. <span style=\"color: #0000ff;\"><strong><a style=\"color: #0000ff;\" href=\"https:\/\/www.festadelgrazie.org\/copia-di-testi-utili\" target=\"_blank\" rel=\"noopener\">Programme<span class=\"VIiyi\" lang=\"fr\"><span class=\"JLqJ4b ChMk0b\" data-language-for-alternatives=\"fr\" data-language-to-translate-into=\"it\" data-phrase-index=\"0\">\u00a0et lien direct<\/span><\/span> YouTube<\/a><\/strong><\/span><\/p>\n<p>\u00catre sur le net <span style=\"color: #008000;\">\u00ab\u00a0<\/span><strong><em><span style=\"color: #008000;\">Essere\u00a0in rete<\/span>\u00ab\u00a0<\/em><\/strong>\u00a0est l\u2019une des ressources les plus pr\u00e9cieuses pour d\u00e9velopper les \u00e9nergies cr\u00e9atives et collaboratives en exprimant \u00e0 <strong>M\u00e8re Yvonne Reungoat<\/strong> la reconnaissance des FMA, des Communaut\u00e9s \u00e9ducatives, des la\u00efcs et des jeunes de la famille sal\u00e9sienne qui partagent la mission charismatique sal\u00e9sienne.<\/p>\n<p><strong>#GrazieMadreper <\/strong>&#8230;\u00a0 Merci, M\u00e8re pour votre vie, pour votre service inlassable, pour votre amour \u00e0 l\u2019Institut FMA&#8230;<\/p>\n<p><strong>#GrazieMadreper <\/strong>&#8230; Merci M\u00e8re pour votre d\u00e9licatesse, votre simplicit\u00e9 et votre proximit\u00e9 avec chaque s\u0153ur&#8230;<\/p>\n<p><strong>#GrazieMadreper<\/strong>&#8230;\u00a0 l\u2019enthousiasme et l\u2019audace avec lesquels, au cours de ces treize ann\u00e9es, vous avez pu nous mettre en r\u00e9seau\u00a0 pour promouvoir la culture de la vie et de l\u2019esp\u00e9rance&#8230;<\/p>\n<p><span style=\"color: #0000ff;\"><strong>CONTINUE TOI AUSSI \u00e0 ECRIRE, dans le cadre TON REMERCIEMENT <\/strong>: <strong>#GRAZIEMADREPER <\/strong>\u00a0&#8230;<\/span><\/p>\n<p>&nbsp;<\/p>\n<p><strong>\u00a0<\/strong><\/p>\n<p><strong>\u00a0<\/strong><\/p>\n","protected":false},"excerpt":{"rendered":"<p>Rome (Italie). Le 25 avril 2021, on c\u00e9l\u00e8bre la Journ\u00e9e mondiale de la Reconnaissance la Festa della Riconoscenza Mondiale\u00a0\u00e0 la Maison M\u00e8re Angela Vespa, si\u00e8ge de la Facult\u00e9 Pontificale des [&hellip;]<\/p>\n","protected":false},"author":19,"featured_media":44294,"comment_status":"open","ping_status":"closed","sticky":false,"template":"","format":"standard","meta":{"footnotes":""},"categories":[164,156],"tags":[298,369,1391,1660,1929,2281,2322],"class_list":["post-44306","post","type-post","status-publish","format-standard","has-post-thumbnail","category-charisme-salesien","category-ifma-fr","tag-festa-del-grazie-fr","tag-mere-generale","tag-rmc-fr","tag-spiritualita-salesiana-fr","tag-focus-fr","tag-ifma-fr","tag-roma-fr"],"yoast_head":"<!-- This site is optimized with the Yoast SEO plugin v27.4 - https:\/\/yoast.com\/product\/yoast-seo-wordpress\/ -->\n<title>Ecrire ici ton merci, #Grazie Madre pour ... &#8226; Istituto Figlie di Maria Ausiliatrice<\/title>\n<meta name=\"description\" content=\"Le 25 avril 2021, se d\u00e9roulera en ligne la Journ\u00e9e Mondiale de la Reconnaissance.\" \/>\n<meta name=\"robots\" content=\"index, follow, max-snippet:-1, max-image-preview:large, max-video-preview:-1\" \/>\n<link rel=\"canonical\" href=\"https:\/\/www.cgfmanet.org\/fr\/ifma-fr\/ecrire-ici-ton-merci-grazie-madre-pour\/\" \/>\n<meta property=\"og:locale\" content=\"fr_FR\" \/>\n<meta property=\"og:type\" content=\"article\" \/>\n<meta property=\"og:title\" content=\"Ecrire ici ton merci, #Grazie Madre pour ... &#8226; Istituto Figlie di Maria Ausiliatrice\" \/>\n<meta property=\"og:description\" content=\"Le 25 avril 2021, se d\u00e9roulera en ligne la Journ\u00e9e Mondiale de la Reconnaissance.\" \/>\n<meta property=\"og:url\" content=\"https:\/\/www.cgfmanet.org\/fr\/ifma-fr\/ecrire-ici-ton-merci-grazie-madre-pour\/\" \/>\n<meta property=\"og:site_name\" content=\"Istituto Figlie di Maria Ausiliatrice\" \/>\n<meta property=\"article:publisher\" content=\"https:\/\/www.facebook.com\/salesian.sisters.of.don.bosco\/\" \/>\n<meta property=\"article:published_time\" content=\"2021-04-24T09:26:51+00:00\" \/>\n<meta property=\"og:image\" content=\"https:\/\/www.cgfmanet.org\/wp-content\/uploads\/2021\/04\/Immagine3.jpg\" \/>\n\t<meta property=\"og:image:width\" content=\"1309\" \/>\n\t<meta property=\"og:image:height\" content=\"711\" \/>\n\t<meta property=\"og:image:type\" content=\"image\/png\" \/>\n<meta name=\"author\" content=\"Redazione\" \/>\n<meta name=\"twitter:card\" content=\"summary_large_image\" \/>\n<meta name=\"twitter:creator\" content=\"@Cgfmanet_Org\" \/>\n<meta name=\"twitter:site\" content=\"@Cgfmanet_Org\" \/>\n<meta name=\"twitter:label1\" content=\"\u00c9crit par\" \/>\n\t<meta name=\"twitter:data1\" content=\"Redazione\" \/>\n\t<meta name=\"twitter:label2\" content=\"Dur\u00e9e de lecture estim\u00e9e\" \/>\n\t<meta name=\"twitter:data2\" content=\"1 minute\" \/>\n<script type=\"application\/ld+json\" class=\"yoast-schema-graph\">{\"@context\":\"https:\\\/\\\/schema.org\",\"@graph\":[{\"@type\":\"Article\",\"@id\":\"https:\\\/\\\/www.cgfmanet.org\\\/fr\\\/ifma-fr\\\/ecrire-ici-ton-merci-grazie-madre-pour\\\/#article\",\"isPartOf\":{\"@id\":\"https:\\\/\\\/www.cgfmanet.org\\\/fr\\\/ifma-fr\\\/ecrire-ici-ton-merci-grazie-madre-pour\\\/\"},\"author\":{\"name\":\"Redazione\",\"@id\":\"https:\\\/\\\/www.cgfmanet.org\\\/es\\\/#\\\/schema\\\/person\\\/703c410f03e282e766dab407c5be96fe\"},\"headline\":\"Ecrire ici ton merci, #Grazie Madre pour &#8230;\",\"datePublished\":\"2021-04-24T09:26:51+00:00\",\"mainEntityOfPage\":{\"@id\":\"https:\\\/\\\/www.cgfmanet.org\\\/fr\\\/ifma-fr\\\/ecrire-ici-ton-merci-grazie-madre-pour\\\/\"},\"wordCount\":187,\"commentCount\":21,\"publisher\":{\"@id\":\"https:\\\/\\\/www.cgfmanet.org\\\/es\\\/#organization\"},\"image\":{\"@id\":\"https:\\\/\\\/www.cgfmanet.org\\\/fr\\\/ifma-fr\\\/ecrire-ici-ton-merci-grazie-madre-pour\\\/#primaryimage\"},\"thumbnailUrl\":\"https:\\\/\\\/www.cgfmanet.org\\\/wp-content\\\/uploads\\\/2021\\\/04\\\/Immagine3.jpg\",\"keywords\":[\"F\u00eate de la Reconnaissance\",\"M\u00e8re G\u00e9n\u00e9rale\",\"RMC\",\"Spiritualit\u00e0 Salesiana\",\"Focus\",\"IFMA\",\"Roma\"],\"articleSection\":[\"Charisme Sal\u00e9sien\",\"IFMA\"],\"inLanguage\":\"fr-FR\",\"potentialAction\":[{\"@type\":\"CommentAction\",\"name\":\"Comment\",\"target\":[\"https:\\\/\\\/www.cgfmanet.org\\\/fr\\\/ifma-fr\\\/ecrire-ici-ton-merci-grazie-madre-pour\\\/#respond\"]}]},{\"@type\":\"WebPage\",\"@id\":\"https:\\\/\\\/www.cgfmanet.org\\\/fr\\\/ifma-fr\\\/ecrire-ici-ton-merci-grazie-madre-pour\\\/\",\"url\":\"https:\\\/\\\/www.cgfmanet.org\\\/fr\\\/ifma-fr\\\/ecrire-ici-ton-merci-grazie-madre-pour\\\/\",\"name\":\"Ecrire ici ton merci, #Grazie Madre pour ... &#8226; Istituto Figlie di Maria Ausiliatrice\",\"isPartOf\":{\"@id\":\"https:\\\/\\\/www.cgfmanet.org\\\/es\\\/#website\"},\"primaryImageOfPage\":{\"@id\":\"https:\\\/\\\/www.cgfmanet.org\\\/fr\\\/ifma-fr\\\/ecrire-ici-ton-merci-grazie-madre-pour\\\/#primaryimage\"},\"image\":{\"@id\":\"https:\\\/\\\/www.cgfmanet.org\\\/fr\\\/ifma-fr\\\/ecrire-ici-ton-merci-grazie-madre-pour\\\/#primaryimage\"},\"thumbnailUrl\":\"https:\\\/\\\/www.cgfmanet.org\\\/wp-content\\\/uploads\\\/2021\\\/04\\\/Immagine3.jpg\",\"datePublished\":\"2021-04-24T09:26:51+00:00\",\"description\":\"Le 25 avril 2021, se d\u00e9roulera en ligne la Journ\u00e9e Mondiale de la Reconnaissance.\",\"breadcrumb\":{\"@id\":\"https:\\\/\\\/www.cgfmanet.org\\\/fr\\\/ifma-fr\\\/ecrire-ici-ton-merci-grazie-madre-pour\\\/#breadcrumb\"},\"inLanguage\":\"fr-FR\",\"potentialAction\":[{\"@type\":\"ReadAction\",\"target\":[\"https:\\\/\\\/www.cgfmanet.org\\\/fr\\\/ifma-fr\\\/ecrire-ici-ton-merci-grazie-madre-pour\\\/\"]}]},{\"@type\":\"ImageObject\",\"inLanguage\":\"fr-FR\",\"@id\":\"https:\\\/\\\/www.cgfmanet.org\\\/fr\\\/ifma-fr\\\/ecrire-ici-ton-merci-grazie-madre-pour\\\/#primaryimage\",\"url\":\"https:\\\/\\\/www.cgfmanet.org\\\/wp-content\\\/uploads\\\/2021\\\/04\\\/Immagine3.jpg\",\"contentUrl\":\"https:\\\/\\\/www.cgfmanet.org\\\/wp-content\\\/uploads\\\/2021\\\/04\\\/Immagine3.jpg\",\"width\":1309,\"height\":711},{\"@type\":\"BreadcrumbList\",\"@id\":\"https:\\\/\\\/www.cgfmanet.org\\\/fr\\\/ifma-fr\\\/ecrire-ici-ton-merci-grazie-madre-pour\\\/#breadcrumb\",\"itemListElement\":[{\"@type\":\"ListItem\",\"position\":1,\"name\":\"Home\",\"item\":\"https:\\\/\\\/www.cgfmanet.org\\\/fr\\\/\"},{\"@type\":\"ListItem\",\"position\":2,\"name\":\"Ecrire ici ton merci, #Grazie Madre pour &#8230;\"}]},{\"@type\":\"WebSite\",\"@id\":\"https:\\\/\\\/www.cgfmanet.org\\\/es\\\/#website\",\"url\":\"https:\\\/\\\/www.cgfmanet.org\\\/es\\\/\",\"name\":\"Istituto Figlie di Maria Ausiliatrice\",\"description\":\"Salesiane di Don Bosco\",\"publisher\":{\"@id\":\"https:\\\/\\\/www.cgfmanet.org\\\/es\\\/#organization\"},\"potentialAction\":[{\"@type\":\"SearchAction\",\"target\":{\"@type\":\"EntryPoint\",\"urlTemplate\":\"https:\\\/\\\/www.cgfmanet.org\\\/es\\\/?s={search_term_string}\"},\"query-input\":{\"@type\":\"PropertyValueSpecification\",\"valueRequired\":true,\"valueName\":\"search_term_string\"}}],\"inLanguage\":\"fr-FR\"},{\"@type\":\"Organization\",\"@id\":\"https:\\\/\\\/www.cgfmanet.org\\\/es\\\/#organization\",\"name\":\"Istituto Figlie di Maria Ausiliatrice\",\"url\":\"https:\\\/\\\/www.cgfmanet.org\\\/es\\\/\",\"logo\":{\"@type\":\"ImageObject\",\"inLanguage\":\"fr-FR\",\"@id\":\"https:\\\/\\\/www.cgfmanet.org\\\/es\\\/#\\\/schema\\\/logo\\\/image\\\/\",\"url\":\"https:\\\/\\\/www.cgfmanet.org\\\/wp-content\\\/uploads\\\/2018\\\/10\\\/logo-fma.png\",\"contentUrl\":\"https:\\\/\\\/www.cgfmanet.org\\\/wp-content\\\/uploads\\\/2018\\\/10\\\/logo-fma.png\",\"width\":214,\"height\":55,\"caption\":\"Istituto Figlie di Maria Ausiliatrice\"},\"image\":{\"@id\":\"https:\\\/\\\/www.cgfmanet.org\\\/es\\\/#\\\/schema\\\/logo\\\/image\\\/\"},\"sameAs\":[\"https:\\\/\\\/www.facebook.com\\\/salesian.sisters.of.don.bosco\\\/\",\"https:\\\/\\\/x.com\\\/Cgfmanet_Org\",\"https:\\\/\\\/www.youtube.com\\\/channel\\\/UCmcr8yFQBV7JXeXVxyV9y5Q\"]},{\"@type\":\"Person\",\"@id\":\"https:\\\/\\\/www.cgfmanet.org\\\/es\\\/#\\\/schema\\\/person\\\/703c410f03e282e766dab407c5be96fe\",\"name\":\"Redazione\"}]}<\/script>\n<!-- \/ Yoast SEO plugin. -->","yoast_head_json":{"title":"Ecrire ici ton merci, #Grazie Madre pour ... &#8226; Istituto Figlie di Maria Ausiliatrice","description":"Le 25 avril 2021, se d\u00e9roulera en ligne la Journ\u00e9e Mondiale de la Reconnaissance.","robots":{"index":"index","follow":"follow","max-snippet":"max-snippet:-1","max-image-preview":"max-image-preview:large","max-video-preview":"max-video-preview:-1"},"canonical":"https:\/\/www.cgfmanet.org\/fr\/ifma-fr\/ecrire-ici-ton-merci-grazie-madre-pour\/","og_locale":"fr_FR","og_type":"article","og_title":"Ecrire ici ton merci, #Grazie Madre pour ... &#8226; Istituto Figlie di Maria Ausiliatrice","og_description":"Le 25 avril 2021, se d\u00e9roulera en ligne la Journ\u00e9e Mondiale de la Reconnaissance.","og_url":"https:\/\/www.cgfmanet.org\/fr\/ifma-fr\/ecrire-ici-ton-merci-grazie-madre-pour\/","og_site_name":"Istituto Figlie di Maria Ausiliatrice","article_publisher":"https:\/\/www.facebook.com\/salesian.sisters.of.don.bosco\/","article_published_time":"2021-04-24T09:26:51+00:00","og_image":[{"width":1309,"height":711,"url":"https:\/\/www.cgfmanet.org\/wp-content\/uploads\/2021\/04\/Immagine3.jpg","type":"image\/png"}],"author":"Redazione","twitter_card":"summary_large_image","twitter_creator":"@Cgfmanet_Org","twitter_site":"@Cgfmanet_Org","twitter_misc":{"\u00c9crit par":"Redazione","Dur\u00e9e de lecture estim\u00e9e":"1 minute"},"schema":{"@context":"https:\/\/schema.org","@graph":[{"@type":"Article","@id":"https:\/\/www.cgfmanet.org\/fr\/ifma-fr\/ecrire-ici-ton-merci-grazie-madre-pour\/#article","isPartOf":{"@id":"https:\/\/www.cgfmanet.org\/fr\/ifma-fr\/ecrire-ici-ton-merci-grazie-madre-pour\/"},"author":{"name":"Redazione","@id":"https:\/\/www.cgfmanet.org\/es\/#\/schema\/person\/703c410f03e282e766dab407c5be96fe"},"headline":"Ecrire ici ton merci, #Grazie Madre pour &#8230;","datePublished":"2021-04-24T09:26:51+00:00","mainEntityOfPage":{"@id":"https:\/\/www.cgfmanet.org\/fr\/ifma-fr\/ecrire-ici-ton-merci-grazie-madre-pour\/"},"wordCount":187,"commentCount":21,"publisher":{"@id":"https:\/\/www.cgfmanet.org\/es\/#organization"},"image":{"@id":"https:\/\/www.cgfmanet.org\/fr\/ifma-fr\/ecrire-ici-ton-merci-grazie-madre-pour\/#primaryimage"},"thumbnailUrl":"https:\/\/www.cgfmanet.org\/wp-content\/uploads\/2021\/04\/Immagine3.jpg","keywords":["F\u00eate de la Reconnaissance","M\u00e8re G\u00e9n\u00e9rale","RMC","Spiritualit\u00e0 Salesiana","Focus","IFMA","Roma"],"articleSection":["Charisme Sal\u00e9sien","IFMA"],"inLanguage":"fr-FR","potentialAction":[{"@type":"CommentAction","name":"Comment","target":["https:\/\/www.cgfmanet.org\/fr\/ifma-fr\/ecrire-ici-ton-merci-grazie-madre-pour\/#respond"]}]},{"@type":"WebPage","@id":"https:\/\/www.cgfmanet.org\/fr\/ifma-fr\/ecrire-ici-ton-merci-grazie-madre-pour\/","url":"https:\/\/www.cgfmanet.org\/fr\/ifma-fr\/ecrire-ici-ton-merci-grazie-madre-pour\/","name":"Ecrire ici ton merci, #Grazie Madre pour ... &#8226; Istituto Figlie di Maria Ausiliatrice","isPartOf":{"@id":"https:\/\/www.cgfmanet.org\/es\/#website"},"primaryImageOfPage":{"@id":"https:\/\/www.cgfmanet.org\/fr\/ifma-fr\/ecrire-ici-ton-merci-grazie-madre-pour\/#primaryimage"},"image":{"@id":"https:\/\/www.cgfmanet.org\/fr\/ifma-fr\/ecrire-ici-ton-merci-grazie-madre-pour\/#primaryimage"},"thumbnailUrl":"https:\/\/www.cgfmanet.org\/wp-content\/uploads\/2021\/04\/Immagine3.jpg","datePublished":"2021-04-24T09:26:51+00:00","description":"Le 25 avril 2021, se d\u00e9roulera en ligne la Journ\u00e9e Mondiale de la Reconnaissance.","breadcrumb":{"@id":"https:\/\/www.cgfmanet.org\/fr\/ifma-fr\/ecrire-ici-ton-merci-grazie-madre-pour\/#breadcrumb"},"inLanguage":"fr-FR","potentialAction":[{"@type":"ReadAction","target":["https:\/\/www.cgfmanet.org\/fr\/ifma-fr\/ecrire-ici-ton-merci-grazie-madre-pour\/"]}]},{"@type":"ImageObject","inLanguage":"fr-FR","@id":"https:\/\/www.cgfmanet.org\/fr\/ifma-fr\/ecrire-ici-ton-merci-grazie-madre-pour\/#primaryimage","url":"https:\/\/www.cgfmanet.org\/wp-content\/uploads\/2021\/04\/Immagine3.jpg","contentUrl":"https:\/\/www.cgfmanet.org\/wp-content\/uploads\/2021\/04\/Immagine3.jpg","width":1309,"height":711},{"@type":"BreadcrumbList","@id":"https:\/\/www.cgfmanet.org\/fr\/ifma-fr\/ecrire-ici-ton-merci-grazie-madre-pour\/#breadcrumb","itemListElement":[{"@type":"ListItem","position":1,"name":"Home","item":"https:\/\/www.cgfmanet.org\/fr\/"},{"@type":"ListItem","position":2,"name":"Ecrire ici ton merci, #Grazie Madre pour &#8230;"}]},{"@type":"WebSite","@id":"https:\/\/www.cgfmanet.org\/es\/#website","url":"https:\/\/www.cgfmanet.org\/es\/","name":"Istituto Figlie di Maria Ausiliatrice","description":"Salesiane di Don Bosco","publisher":{"@id":"https:\/\/www.cgfmanet.org\/es\/#organization"},"potentialAction":[{"@type":"SearchAction","target":{"@type":"EntryPoint","urlTemplate":"https:\/\/www.cgfmanet.org\/es\/?s={search_term_string}"},"query-input":{"@type":"PropertyValueSpecification","valueRequired":true,"valueName":"search_term_string"}}],"inLanguage":"fr-FR"},{"@type":"Organization","@id":"https:\/\/www.cgfmanet.org\/es\/#organization","name":"Istituto Figlie di Maria Ausiliatrice","url":"https:\/\/www.cgfmanet.org\/es\/","logo":{"@type":"ImageObject","inLanguage":"fr-FR","@id":"https:\/\/www.cgfmanet.org\/es\/#\/schema\/logo\/image\/","url":"https:\/\/www.cgfmanet.org\/wp-content\/uploads\/2018\/10\/logo-fma.png","contentUrl":"https:\/\/www.cgfmanet.org\/wp-content\/uploads\/2018\/10\/logo-fma.png","width":214,"height":55,"caption":"Istituto Figlie di Maria Ausiliatrice"},"image":{"@id":"https:\/\/www.cgfmanet.org\/es\/#\/schema\/logo\/image\/"},"sameAs":["https:\/\/www.facebook.com\/salesian.sisters.of.don.bosco\/","https:\/\/x.com\/Cgfmanet_Org","https:\/\/www.youtube.com\/channel\/UCmcr8yFQBV7JXeXVxyV9y5Q"]},{"@type":"Person","@id":"https:\/\/www.cgfmanet.org\/es\/#\/schema\/person\/703c410f03e282e766dab407c5be96fe","name":"Redazione"}]}},"_links":{"self":[{"href":"https:\/\/www.cgfmanet.org\/fr\/wp-json\/wp\/v2\/posts\/44306","targetHints":{"allow":["GET"]}}],"collection":[{"href":"https:\/\/www.cgfmanet.org\/fr\/wp-json\/wp\/v2\/posts"}],"about":[{"href":"https:\/\/www.cgfmanet.org\/fr\/wp-json\/wp\/v2\/types\/post"}],"author":[{"embeddable":true,"href":"https:\/\/www.cgfmanet.org\/fr\/wp-json\/wp\/v2\/users\/19"}],"replies":[{"embeddable":true,"href":"https:\/\/www.cgfmanet.org\/fr\/wp-json\/wp\/v2\/comments?post=44306"}],"version-history":[{"count":0,"href":"https:\/\/www.cgfmanet.org\/fr\/wp-json\/wp\/v2\/posts\/44306\/revisions"}],"wp:featuredmedia":[{"embeddable":true,"href":"https:\/\/www.cgfmanet.org\/fr\/wp-json\/wp\/v2\/media\/44294"}],"wp:attachment":[{"href":"https:\/\/www.cgfmanet.org\/fr\/wp-json\/wp\/v2\/media?parent=44306"}],"wp:term":[{"taxonomy":"category","embeddable":true,"href":"https:\/\/www.cgfmanet.org\/fr\/wp-json\/wp\/v2\/categories?post=44306"},{"taxonomy":"post_tag","embeddable":true,"href":"https:\/\/www.cgfmanet.org\/fr\/wp-json\/wp\/v2\/tags?post=44306"}],"curies":[{"name":"wp","href":"https:\/\/api.w.org\/{rel}","templated":true}]}}