{"id":41295,"date":"2021-03-05T14:32:55","date_gmt":"2021-03-05T13:32:55","guid":{"rendered":"https:\/\/www.cgfmanet.org\/info-sphere\/la-speranza-nella-vita-di-maria-d-mazzarello\/"},"modified":"2021-03-06T16:05:04","modified_gmt":"2021-03-06T15:05:04","slug":"lesperance-dans-la-vie-de-maria-d-mazzarello","status":"publish","type":"post","link":"https:\/\/www.cgfmanet.org\/fr\/ifma-fr\/lesperance-dans-la-vie-de-maria-d-mazzarello\/","title":{"rendered":"L&rsquo;esp\u00e9rance dans la vie de Maria D. Mazzarello"},"content":{"rendered":"<p><strong>Rome (Italie)<\/strong>. Le 4 mars 2021 a eu lieu le cinqui\u00e8me rendez-vous des \u00ab\u00a0<u><a href=\"https:\/\/www.cgfmanet.org\/fr\/ifma-fr\/jeudis-salesiens-a-lauxilium\/\" target=\"_blank\" rel=\"noopener\">Jeudis Sal\u00e9siens \u00e0 l\u2019Auxilium <\/a><\/u>\u00bb, pour des approfondissements en ligne sur des th\u00e8mes de la p\u00e9dagogie et de la spiritualit\u00e9 et de l\u2019histoire des Filles de Marie Auxiliatrice, organis\u00e9s par le Centre d\u2019Etudes sur les FMA de la Facult\u00e9 Pontificale des Sciences de l\u2019Education \u00ab\u00a0Auxilium\u00a0\u00bb \u00e0 Rome.<\/p>\n<p>La Professeure Eliane Petri, FMA, dans la continuit\u00e9 <a href=\"https:\/\/www.youtube.com\/watch?v=5tI9I7wFF1M\" target=\"_blank\" rel=\"noopener\"><u>des rendez-vous pr\u00e9c\u00e9dents<\/u><\/a>, a approfondi le th\u00e8me: \u00ab\u00a0<strong><a href=\"https:\/\/www.youtube.com\/watch?v=dxa9iyBTaug\" target=\"_blank\" rel=\"noopener\"><u>A toi je les confie : \u00e0 l\u2019horizon de l\u2019esp\u00e9rance\u00a0<\/u><\/a><\/strong>\u00bb, dans le cadre de la p\u00e9riode de trois ans de pr\u00e9paration pour le 150e anniversaire de la fondation de l\u2019Institut des Filles de Marie Auxiliatrice , qui en 2021 sont invit\u00e9es \u00e0 approfondir la consigne \u00ab\u00a0A toi je les confie\u00a0\u00bb.<\/p>\n<p>Le th\u00e8me de l\u2019esp\u00e9rance, qui r\u00e9v\u00e8le\u00a0 toute son actualit\u00e9 en ce temps de pand\u00e9mie et qui est mis en lumi\u00e8re par le Pape Fran\u00e7ois dans les\u00a0 interventions de son Magist\u00e8re et par le Recteur Majeur des Sal\u00e9siens de Don Bosco dans son Etrenne 2021,\u00a0 a \u00e9t\u00e9 pr\u00e9sent\u00e9 sous une forme de dialogue, \u00e0 partir de quelques questions directrices qui ont favoris\u00e9 la r\u00e9flexion sur l\u2019exp\u00e9rience de saintet\u00e9 de Marie Dominique\u00a0 Mazzarello , fondatrice de l\u2019Institut FMA.<\/p>\n<p>Quels sont les fondements de l\u2019esp\u00e9rance chez Marie Dominique Mazzarello ?<\/p>\n<p>La Professeure\u00a0 Petri a soulign\u00e9\u00a0 comme fondement de l\u2019esp\u00e9rance, la confiance in\u00e9branlable en Dieu, le P\u00e8re Providence et le regard sur la r\u00e9alit\u00e9 de la perspective finale de la vie chr\u00e9tienne. Voici quelques phrases d\u2019encouragement donn\u00e9es aux s\u0153urs &#8211; \u00ab\u00a0Ne jamais se d\u00e9courager face \u00e0 l\u2019adversit\u00e9, prendre tout des mains de J\u00e9sus, mettre toute\u00a0 sa confiance en Lui et tout esp\u00e9rer de Lui\u00a0\u00bb (L 65,1) &#8211; et les gestes d\u2019invitation \u00e0 regarder le crucifix, conduisent \u00e0 la source de l\u2019esp\u00e9rance\u00a0 qui pour M\u00e8re Mazzarello est la certitude de ne pas marcher seul. L\u2019esp\u00e9rance \u00e9veille\u00a0 en elle la volont\u00e9 de d\u00e9sirer les biens c\u00e9lestes et de vivre abandonn\u00e9e \u00e0 la Providence de Dieu. L\u2019esp\u00e9rance, c\u2019est donc vivre l\u2019attente, dans la joyeuse certitude d\u2019\u00eatre \u00ab\u00a0cr\u00e9\u00e9 pour le Paradis\u00a0\u00bb.<\/p>\n<p>Quels sont les \u00e9v\u00e9nements de sa vie o\u00f9 brille l\u2019esp\u00e9rance ?<\/p>\n<p>Deux exp\u00e9riences ont fortement marqu\u00e9 la vie de M\u00e8re Mazzarello : la maladie du typhus et la consigne \u00ab<em>A toi je les confie\u00a0<\/em>\u00bb re\u00e7ue \u00e0 Borgoalto. Marie Dominique\u00a0 vit le moment de la maladie et de la convalescence dans la logique de la foi, de l\u2019esp\u00e9rance et de l\u2019amour o\u00f9 devant la peur et \u00e0 l\u2019incertitude, pr\u00e9domine\u00a0 la volont\u00e9 de servir Dieu et les autres\u00a0 : <em>\u00ab Pendant sa convalescence, elle ne se renferme pas sur elle-m\u00eame dans la souffrance, ce qui pourrait \u00eatre un risque, mais elle r\u00e9agit d\u2019une mani\u00e8re ferme, \u00e0 la recherche de ce que Dieu veut d\u2019elle <\/em>\u00bb. Ainsi, dans la Vision de Borgoalto et dans\u00a0 cet appel : \u00ab<em>A toi je les confie <\/em>\u00bb, elle sent que Dieu lui inspire quelque chose de grand : donner sa vie pour l\u2019\u00e9ducation des enfants et des adolescentes. \u00a0Ces \u00e9tapes, non sans souffrance, la portent \u00e0 \u00ab retrousser ses manches \u00bb, \u00e0 impliquer les autres dans son projet et \u00e0 faire courageusement les choix qui m\u00e8neront \u00e0 l\u2019expansion de l\u2019Institut.<\/p>\n<p>Dans l\u2019Encyclique <em>Spe Salvi<\/em>, le Pape Beno\u00eet XVI parle de certains \u00ab\u00a0lieux\u00a0\u00bb d\u2019apprentissage et d\u2019exercice de l\u2019esp\u00e9rance: quels\u00a0 sont-ils dans la vie de M\u00e8re Mazzarello ?<\/p>\n<p>Sr. Eliane porte son attention sur trois \u00ab lieux \u00bb fondamentaux pour M\u00e8re Mazzarello : la pri\u00e8re, l\u2019action \u00e9ducative, la maladie et la souffrance. Dans la pri\u00e8re, Marie Dominique pr\u00e9sente ses peines\u00a0 et ses fragilit\u00e9s, puisant la force d\u2019aller de l\u2019avant et de vivre la mission. C\u2019est une pri\u00e8re qui est vie, qui se fait vie et qui apporte l\u2019esp\u00e9rance. L\u2019\u00e9ducation est l\u2019art de l\u2019esp\u00e9rance, la force de ne pas c\u00e9der aux difficult\u00e9s et de croire aux jeunes en respectant le chemin de chacun. La souffrance v\u00e9cue, \u00e0 partir des vicissitudes familiales, conduit Marie Mazzarello \u00e0\u00a0 se r\u00e9v\u00e9ler\u00a0 \u00ab m\u00e8re \u00bb, dans un authentique\u00a0 esprit de foi et de don et \u00e0 encourager les autres \u00e0 se d\u00e9passer, \u00e0 surmonter les fatigues du moment.<\/p>\n<p>Quel est son message pour nous aujourd\u2019hui ?<\/p>\n<p>La Professeure\u00a0 Petri conclut son expos\u00e9 par\u00a0 une expression du pape Fran\u00e7ois\u00a0 dans \u00ab\u00a0Fratelli Tutti\u00a0\u00bb, dans laquelle on retrouve l\u2019exp\u00e9rience de Maria Dominique\u00a0 Mazzarello et qui nous\u00a0 aide\u00a0 \u00e0 vivre cette p\u00e9riode difficile de pand\u00e9mie comme un lieu \u00ab\u00a0formatif\u00a0\u00bb :<\/p>\n<p>\u00ab\u00a0L\u2019esp\u00e9rance chr\u00e9tienne nous parle d\u2019une soif, d\u2019une inspiration, d\u2019un d\u00e9sir de pl\u00e9nitude de vie r\u00e9alis\u00e9e, d\u2019une mesure de ce qui est grand, de ce qui remplit le c\u0153ur et \u00e9l\u00e8ve l\u2019esprit vers de grandes choses, telles que la v\u00e9rit\u00e9, la bont\u00e9, la beaut\u00e9, la justice et l\u2019amour&#8230; L\u2019esp\u00e9rance\u00a0 est audacieuse, elle sait regarder au-del\u00e0 du confort personnel, de la petite s\u00e9curit\u00e9 et de la compensation qui r\u00e9tr\u00e9cit l\u2019horizon, pour s\u2019ouvrir \u00e0 de grands id\u00e9aux qui rendent la vie plus belle et plus digne\u00a0\u00bb. (FT 55)<\/p>\n<p><a href=\"https:\/\/centrostudifma.pfse-auxilium.org\/it\/pdf\/csfma\/eliane-petri-a-te-le-affido-orizzonte-speranza.pdf?GENEREDOCUMENTO_ID=21\" target=\"_blank\" rel=\"noopener\"><strong><u>Lisez l\u2019intervention<\/u><\/strong><strong>.<\/strong><\/a><\/p>\n","protected":false},"excerpt":{"rendered":"<p>Le 4 mars 2021, lors du cinqui\u00e8me rendez-vous  des \u00ab Jeudis Sal\u00e9siens \u00e0 l\u2019Auxilium \u00bb, la Professeure Eliane Petri, FMA, a approfondi le th\u00e8me: \u00ab A toi je les confie : \u00e0 l\u2019horizon de l\u2019esp\u00e9rance \u00bb.<\/p>\n","protected":false},"author":21,"featured_media":41290,"comment_status":"open","ping_status":"closed","sticky":false,"template":"","format":"standard","meta":{"footnotes":""},"categories":[164,156],"tags":[1137,1282,1878,1929,2276],"class_list":["post-41295","post","type-post","status-publish","format-standard","has-post-thumbnail","category-charisme-salesien","category-ifma-fr","tag-education-fr","tag-mere-mazzarello","tag-auxilium-fr","tag-focus-fr","tag-150-ifma-fr"],"yoast_head":"<!-- This site is optimized with the Yoast SEO plugin v27.4 - https:\/\/yoast.com\/product\/yoast-seo-wordpress\/ -->\n<title>L&#039;esp\u00e9rance dans la vie de Maria D. Mazzarello &#8226; Istituto Figlie di Maria Ausiliatrice<\/title>\n<meta name=\"description\" content=\"Le 4 mars 2021, lors du cinqui\u00e8me rendez-vous des \u00ab Jeudis Sal\u00e9siens \u00e0 l\u2019Auxilium \u00bb, la Professeure Eliane Petri, FMA, a approfondi le th\u00e8me: \u00ab A toi je les confie : \u00e0 l\u2019horizon de l\u2019esp\u00e9rance \u00bb.\" \/>\n<meta name=\"robots\" content=\"index, follow, max-snippet:-1, max-image-preview:large, max-video-preview:-1\" \/>\n<link rel=\"canonical\" href=\"https:\/\/www.cgfmanet.org\/fr\/ifma-fr\/lesperance-dans-la-vie-de-maria-d-mazzarello\/\" \/>\n<meta property=\"og:locale\" content=\"fr_FR\" \/>\n<meta property=\"og:type\" content=\"article\" \/>\n<meta property=\"og:title\" content=\"L&#039;esp\u00e9rance dans la vie de Maria D. Mazzarello &#8226; Istituto Figlie di Maria Ausiliatrice\" \/>\n<meta property=\"og:description\" content=\"Le 4 mars 2021, lors du cinqui\u00e8me rendez-vous des \u00ab Jeudis Sal\u00e9siens \u00e0 l\u2019Auxilium \u00bb, la Professeure Eliane Petri, FMA, a approfondi le th\u00e8me: \u00ab A toi je les confie : \u00e0 l\u2019horizon de l\u2019esp\u00e9rance \u00bb.\" \/>\n<meta property=\"og:url\" content=\"https:\/\/www.cgfmanet.org\/fr\/ifma-fr\/lesperance-dans-la-vie-de-maria-d-mazzarello\/\" \/>\n<meta property=\"og:site_name\" content=\"Istituto Figlie di Maria Ausiliatrice\" \/>\n<meta property=\"article:publisher\" content=\"https:\/\/www.facebook.com\/salesian.sisters.of.don.bosco\/\" \/>\n<meta property=\"article:published_time\" content=\"2021-03-05T13:32:55+00:00\" \/>\n<meta property=\"article:modified_time\" content=\"2021-03-06T15:05:04+00:00\" \/>\n<meta property=\"og:image\" content=\"https:\/\/www.cgfmanet.org\/wp-content\/uploads\/2021\/03\/giovedi-Auxilium_speranza.jpg\" \/>\n\t<meta property=\"og:image:width\" content=\"1200\" \/>\n\t<meta property=\"og:image:height\" content=\"800\" \/>\n\t<meta property=\"og:image:type\" content=\"image\/jpeg\" \/>\n<meta name=\"author\" content=\"Redazione\" \/>\n<meta name=\"twitter:card\" content=\"summary_large_image\" \/>\n<meta name=\"twitter:creator\" content=\"@Cgfmanet_Org\" \/>\n<meta name=\"twitter:site\" content=\"@Cgfmanet_Org\" \/>\n<meta name=\"twitter:label1\" content=\"\u00c9crit par\" \/>\n\t<meta name=\"twitter:data1\" content=\"Redazione\" \/>\n\t<meta name=\"twitter:label2\" content=\"Dur\u00e9e de lecture estim\u00e9e\" \/>\n\t<meta name=\"twitter:data2\" content=\"4 minutes\" \/>\n<script type=\"application\/ld+json\" class=\"yoast-schema-graph\">{\"@context\":\"https:\\\/\\\/schema.org\",\"@graph\":[{\"@type\":\"Article\",\"@id\":\"https:\\\/\\\/www.cgfmanet.org\\\/fr\\\/ifma-fr\\\/lesperance-dans-la-vie-de-maria-d-mazzarello\\\/#article\",\"isPartOf\":{\"@id\":\"https:\\\/\\\/www.cgfmanet.org\\\/fr\\\/ifma-fr\\\/lesperance-dans-la-vie-de-maria-d-mazzarello\\\/\"},\"author\":{\"name\":\"Redazione\",\"@id\":\"https:\\\/\\\/www.cgfmanet.org\\\/es\\\/#\\\/schema\\\/person\\\/ce6473083f53ef0ef882cca23f0c8fb9\"},\"headline\":\"L&rsquo;esp\u00e9rance dans la vie de Maria D. Mazzarello\",\"datePublished\":\"2021-03-05T13:32:55+00:00\",\"dateModified\":\"2021-03-06T15:05:04+00:00\",\"mainEntityOfPage\":{\"@id\":\"https:\\\/\\\/www.cgfmanet.org\\\/fr\\\/ifma-fr\\\/lesperance-dans-la-vie-de-maria-d-mazzarello\\\/\"},\"wordCount\":908,\"commentCount\":0,\"publisher\":{\"@id\":\"https:\\\/\\\/www.cgfmanet.org\\\/es\\\/#organization\"},\"image\":{\"@id\":\"https:\\\/\\\/www.cgfmanet.org\\\/fr\\\/ifma-fr\\\/lesperance-dans-la-vie-de-maria-d-mazzarello\\\/#primaryimage\"},\"thumbnailUrl\":\"https:\\\/\\\/www.cgfmanet.org\\\/wp-content\\\/uploads\\\/2021\\\/03\\\/giovedi-Auxilium_speranza.jpg\",\"keywords\":[\"Education\",\"M\u00e8re Mazzarello\",\"Auxilium\",\"Focus\",\"150\u00b0 IFMA\"],\"articleSection\":[\"Charisme Sal\u00e9sien\",\"IFMA\"],\"inLanguage\":\"fr-FR\",\"potentialAction\":[{\"@type\":\"CommentAction\",\"name\":\"Comment\",\"target\":[\"https:\\\/\\\/www.cgfmanet.org\\\/fr\\\/ifma-fr\\\/lesperance-dans-la-vie-de-maria-d-mazzarello\\\/#respond\"]}]},{\"@type\":\"WebPage\",\"@id\":\"https:\\\/\\\/www.cgfmanet.org\\\/fr\\\/ifma-fr\\\/lesperance-dans-la-vie-de-maria-d-mazzarello\\\/\",\"url\":\"https:\\\/\\\/www.cgfmanet.org\\\/fr\\\/ifma-fr\\\/lesperance-dans-la-vie-de-maria-d-mazzarello\\\/\",\"name\":\"L'esp\u00e9rance dans la vie de Maria D. Mazzarello &#8226; Istituto Figlie di Maria Ausiliatrice\",\"isPartOf\":{\"@id\":\"https:\\\/\\\/www.cgfmanet.org\\\/es\\\/#website\"},\"primaryImageOfPage\":{\"@id\":\"https:\\\/\\\/www.cgfmanet.org\\\/fr\\\/ifma-fr\\\/lesperance-dans-la-vie-de-maria-d-mazzarello\\\/#primaryimage\"},\"image\":{\"@id\":\"https:\\\/\\\/www.cgfmanet.org\\\/fr\\\/ifma-fr\\\/lesperance-dans-la-vie-de-maria-d-mazzarello\\\/#primaryimage\"},\"thumbnailUrl\":\"https:\\\/\\\/www.cgfmanet.org\\\/wp-content\\\/uploads\\\/2021\\\/03\\\/giovedi-Auxilium_speranza.jpg\",\"datePublished\":\"2021-03-05T13:32:55+00:00\",\"dateModified\":\"2021-03-06T15:05:04+00:00\",\"description\":\"Le 4 mars 2021, lors du cinqui\u00e8me rendez-vous des \u00ab Jeudis Sal\u00e9siens \u00e0 l\u2019Auxilium \u00bb, la Professeure Eliane Petri, FMA, a approfondi le th\u00e8me: \u00ab A toi je les confie : \u00e0 l\u2019horizon de l\u2019esp\u00e9rance \u00bb.\",\"breadcrumb\":{\"@id\":\"https:\\\/\\\/www.cgfmanet.org\\\/fr\\\/ifma-fr\\\/lesperance-dans-la-vie-de-maria-d-mazzarello\\\/#breadcrumb\"},\"inLanguage\":\"fr-FR\",\"potentialAction\":[{\"@type\":\"ReadAction\",\"target\":[\"https:\\\/\\\/www.cgfmanet.org\\\/fr\\\/ifma-fr\\\/lesperance-dans-la-vie-de-maria-d-mazzarello\\\/\"]}]},{\"@type\":\"ImageObject\",\"inLanguage\":\"fr-FR\",\"@id\":\"https:\\\/\\\/www.cgfmanet.org\\\/fr\\\/ifma-fr\\\/lesperance-dans-la-vie-de-maria-d-mazzarello\\\/#primaryimage\",\"url\":\"https:\\\/\\\/www.cgfmanet.org\\\/wp-content\\\/uploads\\\/2021\\\/03\\\/giovedi-Auxilium_speranza.jpg\",\"contentUrl\":\"https:\\\/\\\/www.cgfmanet.org\\\/wp-content\\\/uploads\\\/2021\\\/03\\\/giovedi-Auxilium_speranza.jpg\",\"width\":1200,\"height\":800},{\"@type\":\"BreadcrumbList\",\"@id\":\"https:\\\/\\\/www.cgfmanet.org\\\/fr\\\/ifma-fr\\\/lesperance-dans-la-vie-de-maria-d-mazzarello\\\/#breadcrumb\",\"itemListElement\":[{\"@type\":\"ListItem\",\"position\":1,\"name\":\"Home\",\"item\":\"https:\\\/\\\/www.cgfmanet.org\\\/fr\\\/\"},{\"@type\":\"ListItem\",\"position\":2,\"name\":\"L&#8217;esp\u00e9rance dans la vie de Maria D. Mazzarello\"}]},{\"@type\":\"WebSite\",\"@id\":\"https:\\\/\\\/www.cgfmanet.org\\\/es\\\/#website\",\"url\":\"https:\\\/\\\/www.cgfmanet.org\\\/es\\\/\",\"name\":\"Istituto Figlie di Maria Ausiliatrice\",\"description\":\"Salesiane di Don Bosco\",\"publisher\":{\"@id\":\"https:\\\/\\\/www.cgfmanet.org\\\/es\\\/#organization\"},\"potentialAction\":[{\"@type\":\"SearchAction\",\"target\":{\"@type\":\"EntryPoint\",\"urlTemplate\":\"https:\\\/\\\/www.cgfmanet.org\\\/es\\\/?s={search_term_string}\"},\"query-input\":{\"@type\":\"PropertyValueSpecification\",\"valueRequired\":true,\"valueName\":\"search_term_string\"}}],\"inLanguage\":\"fr-FR\"},{\"@type\":\"Organization\",\"@id\":\"https:\\\/\\\/www.cgfmanet.org\\\/es\\\/#organization\",\"name\":\"Istituto Figlie di Maria Ausiliatrice\",\"url\":\"https:\\\/\\\/www.cgfmanet.org\\\/es\\\/\",\"logo\":{\"@type\":\"ImageObject\",\"inLanguage\":\"fr-FR\",\"@id\":\"https:\\\/\\\/www.cgfmanet.org\\\/es\\\/#\\\/schema\\\/logo\\\/image\\\/\",\"url\":\"https:\\\/\\\/www.cgfmanet.org\\\/wp-content\\\/uploads\\\/2018\\\/10\\\/logo-fma.png\",\"contentUrl\":\"https:\\\/\\\/www.cgfmanet.org\\\/wp-content\\\/uploads\\\/2018\\\/10\\\/logo-fma.png\",\"width\":214,\"height\":55,\"caption\":\"Istituto Figlie di Maria Ausiliatrice\"},\"image\":{\"@id\":\"https:\\\/\\\/www.cgfmanet.org\\\/es\\\/#\\\/schema\\\/logo\\\/image\\\/\"},\"sameAs\":[\"https:\\\/\\\/www.facebook.com\\\/salesian.sisters.of.don.bosco\\\/\",\"https:\\\/\\\/x.com\\\/Cgfmanet_Org\",\"https:\\\/\\\/www.youtube.com\\\/channel\\\/UCmcr8yFQBV7JXeXVxyV9y5Q\"]},{\"@type\":\"Person\",\"@id\":\"https:\\\/\\\/www.cgfmanet.org\\\/es\\\/#\\\/schema\\\/person\\\/ce6473083f53ef0ef882cca23f0c8fb9\",\"name\":\"Redazione\"}]}<\/script>\n<!-- \/ Yoast SEO plugin. -->","yoast_head_json":{"title":"L'esp\u00e9rance dans la vie de Maria D. Mazzarello &#8226; Istituto Figlie di Maria Ausiliatrice","description":"Le 4 mars 2021, lors du cinqui\u00e8me rendez-vous des \u00ab Jeudis Sal\u00e9siens \u00e0 l\u2019Auxilium \u00bb, la Professeure Eliane Petri, FMA, a approfondi le th\u00e8me: \u00ab A toi je les confie : \u00e0 l\u2019horizon de l\u2019esp\u00e9rance \u00bb.","robots":{"index":"index","follow":"follow","max-snippet":"max-snippet:-1","max-image-preview":"max-image-preview:large","max-video-preview":"max-video-preview:-1"},"canonical":"https:\/\/www.cgfmanet.org\/fr\/ifma-fr\/lesperance-dans-la-vie-de-maria-d-mazzarello\/","og_locale":"fr_FR","og_type":"article","og_title":"L'esp\u00e9rance dans la vie de Maria D. Mazzarello &#8226; Istituto Figlie di Maria Ausiliatrice","og_description":"Le 4 mars 2021, lors du cinqui\u00e8me rendez-vous des \u00ab Jeudis Sal\u00e9siens \u00e0 l\u2019Auxilium \u00bb, la Professeure Eliane Petri, FMA, a approfondi le th\u00e8me: \u00ab A toi je les confie : \u00e0 l\u2019horizon de l\u2019esp\u00e9rance \u00bb.","og_url":"https:\/\/www.cgfmanet.org\/fr\/ifma-fr\/lesperance-dans-la-vie-de-maria-d-mazzarello\/","og_site_name":"Istituto Figlie di Maria Ausiliatrice","article_publisher":"https:\/\/www.facebook.com\/salesian.sisters.of.don.bosco\/","article_published_time":"2021-03-05T13:32:55+00:00","article_modified_time":"2021-03-06T15:05:04+00:00","og_image":[{"width":1200,"height":800,"url":"https:\/\/www.cgfmanet.org\/wp-content\/uploads\/2021\/03\/giovedi-Auxilium_speranza.jpg","type":"image\/jpeg"}],"author":"Redazione","twitter_card":"summary_large_image","twitter_creator":"@Cgfmanet_Org","twitter_site":"@Cgfmanet_Org","twitter_misc":{"\u00c9crit par":"Redazione","Dur\u00e9e de lecture estim\u00e9e":"4 minutes"},"schema":{"@context":"https:\/\/schema.org","@graph":[{"@type":"Article","@id":"https:\/\/www.cgfmanet.org\/fr\/ifma-fr\/lesperance-dans-la-vie-de-maria-d-mazzarello\/#article","isPartOf":{"@id":"https:\/\/www.cgfmanet.org\/fr\/ifma-fr\/lesperance-dans-la-vie-de-maria-d-mazzarello\/"},"author":{"name":"Redazione","@id":"https:\/\/www.cgfmanet.org\/es\/#\/schema\/person\/ce6473083f53ef0ef882cca23f0c8fb9"},"headline":"L&rsquo;esp\u00e9rance dans la vie de Maria D. Mazzarello","datePublished":"2021-03-05T13:32:55+00:00","dateModified":"2021-03-06T15:05:04+00:00","mainEntityOfPage":{"@id":"https:\/\/www.cgfmanet.org\/fr\/ifma-fr\/lesperance-dans-la-vie-de-maria-d-mazzarello\/"},"wordCount":908,"commentCount":0,"publisher":{"@id":"https:\/\/www.cgfmanet.org\/es\/#organization"},"image":{"@id":"https:\/\/www.cgfmanet.org\/fr\/ifma-fr\/lesperance-dans-la-vie-de-maria-d-mazzarello\/#primaryimage"},"thumbnailUrl":"https:\/\/www.cgfmanet.org\/wp-content\/uploads\/2021\/03\/giovedi-Auxilium_speranza.jpg","keywords":["Education","M\u00e8re Mazzarello","Auxilium","Focus","150\u00b0 IFMA"],"articleSection":["Charisme Sal\u00e9sien","IFMA"],"inLanguage":"fr-FR","potentialAction":[{"@type":"CommentAction","name":"Comment","target":["https:\/\/www.cgfmanet.org\/fr\/ifma-fr\/lesperance-dans-la-vie-de-maria-d-mazzarello\/#respond"]}]},{"@type":"WebPage","@id":"https:\/\/www.cgfmanet.org\/fr\/ifma-fr\/lesperance-dans-la-vie-de-maria-d-mazzarello\/","url":"https:\/\/www.cgfmanet.org\/fr\/ifma-fr\/lesperance-dans-la-vie-de-maria-d-mazzarello\/","name":"L'esp\u00e9rance dans la vie de Maria D. Mazzarello &#8226; Istituto Figlie di Maria Ausiliatrice","isPartOf":{"@id":"https:\/\/www.cgfmanet.org\/es\/#website"},"primaryImageOfPage":{"@id":"https:\/\/www.cgfmanet.org\/fr\/ifma-fr\/lesperance-dans-la-vie-de-maria-d-mazzarello\/#primaryimage"},"image":{"@id":"https:\/\/www.cgfmanet.org\/fr\/ifma-fr\/lesperance-dans-la-vie-de-maria-d-mazzarello\/#primaryimage"},"thumbnailUrl":"https:\/\/www.cgfmanet.org\/wp-content\/uploads\/2021\/03\/giovedi-Auxilium_speranza.jpg","datePublished":"2021-03-05T13:32:55+00:00","dateModified":"2021-03-06T15:05:04+00:00","description":"Le 4 mars 2021, lors du cinqui\u00e8me rendez-vous des \u00ab Jeudis Sal\u00e9siens \u00e0 l\u2019Auxilium \u00bb, la Professeure Eliane Petri, FMA, a approfondi le th\u00e8me: \u00ab A toi je les confie : \u00e0 l\u2019horizon de l\u2019esp\u00e9rance \u00bb.","breadcrumb":{"@id":"https:\/\/www.cgfmanet.org\/fr\/ifma-fr\/lesperance-dans-la-vie-de-maria-d-mazzarello\/#breadcrumb"},"inLanguage":"fr-FR","potentialAction":[{"@type":"ReadAction","target":["https:\/\/www.cgfmanet.org\/fr\/ifma-fr\/lesperance-dans-la-vie-de-maria-d-mazzarello\/"]}]},{"@type":"ImageObject","inLanguage":"fr-FR","@id":"https:\/\/www.cgfmanet.org\/fr\/ifma-fr\/lesperance-dans-la-vie-de-maria-d-mazzarello\/#primaryimage","url":"https:\/\/www.cgfmanet.org\/wp-content\/uploads\/2021\/03\/giovedi-Auxilium_speranza.jpg","contentUrl":"https:\/\/www.cgfmanet.org\/wp-content\/uploads\/2021\/03\/giovedi-Auxilium_speranza.jpg","width":1200,"height":800},{"@type":"BreadcrumbList","@id":"https:\/\/www.cgfmanet.org\/fr\/ifma-fr\/lesperance-dans-la-vie-de-maria-d-mazzarello\/#breadcrumb","itemListElement":[{"@type":"ListItem","position":1,"name":"Home","item":"https:\/\/www.cgfmanet.org\/fr\/"},{"@type":"ListItem","position":2,"name":"L&#8217;esp\u00e9rance dans la vie de Maria D. Mazzarello"}]},{"@type":"WebSite","@id":"https:\/\/www.cgfmanet.org\/es\/#website","url":"https:\/\/www.cgfmanet.org\/es\/","name":"Istituto Figlie di Maria Ausiliatrice","description":"Salesiane di Don Bosco","publisher":{"@id":"https:\/\/www.cgfmanet.org\/es\/#organization"},"potentialAction":[{"@type":"SearchAction","target":{"@type":"EntryPoint","urlTemplate":"https:\/\/www.cgfmanet.org\/es\/?s={search_term_string}"},"query-input":{"@type":"PropertyValueSpecification","valueRequired":true,"valueName":"search_term_string"}}],"inLanguage":"fr-FR"},{"@type":"Organization","@id":"https:\/\/www.cgfmanet.org\/es\/#organization","name":"Istituto Figlie di Maria Ausiliatrice","url":"https:\/\/www.cgfmanet.org\/es\/","logo":{"@type":"ImageObject","inLanguage":"fr-FR","@id":"https:\/\/www.cgfmanet.org\/es\/#\/schema\/logo\/image\/","url":"https:\/\/www.cgfmanet.org\/wp-content\/uploads\/2018\/10\/logo-fma.png","contentUrl":"https:\/\/www.cgfmanet.org\/wp-content\/uploads\/2018\/10\/logo-fma.png","width":214,"height":55,"caption":"Istituto Figlie di Maria Ausiliatrice"},"image":{"@id":"https:\/\/www.cgfmanet.org\/es\/#\/schema\/logo\/image\/"},"sameAs":["https:\/\/www.facebook.com\/salesian.sisters.of.don.bosco\/","https:\/\/x.com\/Cgfmanet_Org","https:\/\/www.youtube.com\/channel\/UCmcr8yFQBV7JXeXVxyV9y5Q"]},{"@type":"Person","@id":"https:\/\/www.cgfmanet.org\/es\/#\/schema\/person\/ce6473083f53ef0ef882cca23f0c8fb9","name":"Redazione"}]}},"_links":{"self":[{"href":"https:\/\/www.cgfmanet.org\/fr\/wp-json\/wp\/v2\/posts\/41295","targetHints":{"allow":["GET"]}}],"collection":[{"href":"https:\/\/www.cgfmanet.org\/fr\/wp-json\/wp\/v2\/posts"}],"about":[{"href":"https:\/\/www.cgfmanet.org\/fr\/wp-json\/wp\/v2\/types\/post"}],"author":[{"embeddable":true,"href":"https:\/\/www.cgfmanet.org\/fr\/wp-json\/wp\/v2\/users\/21"}],"replies":[{"embeddable":true,"href":"https:\/\/www.cgfmanet.org\/fr\/wp-json\/wp\/v2\/comments?post=41295"}],"version-history":[{"count":0,"href":"https:\/\/www.cgfmanet.org\/fr\/wp-json\/wp\/v2\/posts\/41295\/revisions"}],"wp:featuredmedia":[{"embeddable":true,"href":"https:\/\/www.cgfmanet.org\/fr\/wp-json\/wp\/v2\/media\/41290"}],"wp:attachment":[{"href":"https:\/\/www.cgfmanet.org\/fr\/wp-json\/wp\/v2\/media?parent=41295"}],"wp:term":[{"taxonomy":"category","embeddable":true,"href":"https:\/\/www.cgfmanet.org\/fr\/wp-json\/wp\/v2\/categories?post=41295"},{"taxonomy":"post_tag","embeddable":true,"href":"https:\/\/www.cgfmanet.org\/fr\/wp-json\/wp\/v2\/tags?post=41295"}],"curies":[{"name":"wp","href":"https:\/\/api.w.org\/{rel}","templated":true}]}}