{"id":40275,"date":"2021-02-19T12:16:57","date_gmt":"2021-02-19T11:16:57","guid":{"rendered":"https:\/\/www.cgfmanet.org\/info-sphere\/giornata-mondiale-della-giustizia-sociale\/"},"modified":"2021-02-20T15:33:08","modified_gmt":"2021-02-20T14:33:08","slug":"la-journee-mondiale-de-la-justice-sociale","status":"publish","type":"post","link":"https:\/\/www.cgfmanet.org\/fr\/info-sphere\/la-journee-mondiale-de-la-justice-sociale\/","title":{"rendered":"La Journ\u00e9e Mondiale de la Justice Sociale"},"content":{"rendered":"<p><strong>Rome (Italie).<\/strong> Le 20 f\u00e9vrier 2021, la Journ\u00e9e Mondiale de la Justice Sociale, proclam\u00e9e par l\u2019Assembl\u00e9e G\u00e9n\u00e9rale des Nations Unies en 2007 afin de soutenir l\u2019engagement de la communaut\u00e9 internationale en faveur de l\u2019\u00e9radication de la pauvret\u00e9, de la lutte contre le ch\u00f4mage, de la promotion pour un emploi d\u00e9cent et de la justice sociale pour tous a \u00e9t\u00e9 c\u00e9l\u00e9br\u00e9e.<\/p>\n<p>La justice sociale est un principe fondamental pour la prosp\u00e9rit\u00e9 et la coexistence pacifique \u00e0 l\u2019int\u00e9rieur et entre les pays. Le Pape Fran\u00e7ois dans l\u2019Encyclique Fratelli Tutti dit\u00a0: \u2018\u2019<em>On peut aspirer \u00e0 une plan\u00e8te qui assure terre, toit et travail \u00e0 tous. C\u2019est le vrai chemin de la paix\u2019\u2019.<\/em> (FT 127)<\/p>\n<p>La Journ\u00e9e Mondiale, sur le th\u00e8me\u00a0: <strong>\u2018\u2019Un appel \u00e0 la justice sociale dans l\u2019\u00e9conomie num\u00e9rique\u2019\u2019<\/strong>, promeut le dialogue afin de combler la fracture num\u00e9rique, d\u2019offrir des possibilit\u00e9s d\u2019un emploi digne et de prot\u00e9ger les droits de l\u2019homme.<\/p>\n<p>Le commerce, les services et l\u2019innovation technologique ont ouvert de nouvelles opportunit\u00e9s pour la croissance de l\u2019\u00e9conomie mondiale et l\u2019am\u00e9lioration du niveau de vie dans le monde entier. Toutefois, les crises financi\u00e8res, la pauvret\u00e9, l\u2019exclusion et les in\u00e9galit\u00e9s au sein et entre les soci\u00e9t\u00e9s ne permettent pas encore la pleine participation de tous les Pays \u00e0 l\u2019\u00e9conomie globale.<\/p>\n<p>Cette crise a eu un impact plus important sur les travailleurs\/euses les moins prot\u00e9g\u00e9s, en particulier les jeunes, les personnes \u00e2g\u00e9es et les migrants. En outre, la pand\u00e9mie a caus\u00e9 une augmentation exponentielle du travail d\u2019assistance non r\u00e9tribu\u00e9e pour les femmes en raison de la fermeture des \u00e9coles et des exigences croissantes des personnes \u00e2g\u00e9es.<\/p>\n<p>Dans le but de soutenir les personnes les plus vuln\u00e9rables, l\u2019Association Volontariato Internazionale Donna Educazione Sviluppo\u2013 <a href=\"https:\/\/www.vides.org\/\" target=\"_blank\" rel=\"noopener\"><strong>VIDES<\/strong><\/a>, soutenue par l\u2019Institut des Filles de Marie Auxiliatrice et la <strong><a href=\"https:\/\/www.fondazionefvgs.it\/\" target=\"_blank\" rel=\"noopener\">Fondation Volontariato Giovani Solidariet\u00e0 Onlus \u2013 FVGS<\/a><\/strong> soutenue par la VIDES Internazionale, \u0153uvrent pour que la justice sociale soit un principe de base dans toutes les activit\u00e9s men\u00e9es en faveur des droits des enfants et des populations autochtones, dans tous les Pays o\u00f9 elles sont pr\u00e9sentes.<\/p>\n<p>La <strong>VIDES Canada<\/strong> organise une s\u00e9rie de rencontres avec des r\u00e9fugi\u00e9s \u00e9rythr\u00e9ens afin de les aider dans leurs parcours d\u2019insertion dans la soci\u00e9t\u00e9 locale, par le biais de cours d\u2019anglais et d\u2019encadrement afin de les guider dans leur recherche d\u2019un emploi.<\/p>\n<p>En soutien des jeunes migrants <strong>\u00e0 Ha\u00efti<\/strong>, la Fondation FVGS Onlus a r\u00e9alis\u00e9 un projet visant \u00e0 donner aux jeunes filles de la R\u00e9publique Dominicaine la possibilit\u00e9 d\u2019acqu\u00e9rir, par le biais de cours de cuisine, de p\u00e2tisserie et de gestion de bar, les comp\u00e9tences n\u00e9cessaires afin de trouver un travail qui puissent les rendre \u00e9conomiquement ind\u00e9pendantes.<\/p>\n<p>Dans l\u2019esprit di Dom Bosco et en vue d\u2019une justice sociale la <strong>VIDES Internazionale<\/strong> a organis\u00e9 en <strong>Afrique du Sud<\/strong> un projet en faveur des jeunes qui sont en dehors du march\u00e9 du travail, en encourageant la formation professionnelle et le d\u00e9veloppement de comp\u00e9tences transversales dans le but de les aider \u00e0 trouver un emploi.<\/p>\n<p>La Journ\u00e9e Mondiale de la Justice Sociale est une invitation \u00e0 promouvoir la justice sociale \u00e0 travers des parcours de paix, d\u2019accueil, d\u2019int\u00e9gration et d\u2019\u00e9quit\u00e9.<\/p>\n<p style=\"text-align: center;\"><span style=\"color: #0a88ab;\"><strong><em>\u2018\u2019Il n\u2019y a pas de justice sociale qui puisse \u00eatre issue de l\u2019in\u00e9galit\u00e9\u2019\u2019<\/em> <\/strong><\/span><\/p>\n<p style=\"text-align: center;\"><span style=\"color: #0a88ab;\">(Pape Fran\u00e7ois)<\/span><\/p>\n","protected":false},"excerpt":{"rendered":"<p>Le 20 f\u00e9vrier 2021 la Journ\u00e9e Mondiale de la Justice Sociale a \u00e9t\u00e9 c\u00e9l\u00e9br\u00e9e sur le th\u00e8me : \u2018\u2019Un appel \u00e0 la justice sociale dans l\u2019\u00e9conomie num\u00e9rique\u2019\u2019.<\/p>\n","protected":false},"author":21,"featured_media":40268,"comment_status":"open","ping_status":"closed","sticky":false,"template":"","format":"standard","meta":{"footnotes":""},"categories":[36,198],"tags":[1124,1513,1929],"class_list":["post-40275","post","type-post","status-publish","format-standard","has-post-thumbnail","category-info-sphere","category-droits-humains","tag-droits-humains","tag-vides-fr","tag-focus-fr"],"yoast_head":"<!-- This site is optimized with the Yoast SEO plugin v27.4 - https:\/\/yoast.com\/product\/yoast-seo-wordpress\/ -->\n<title>La Journ\u00e9e Mondiale de la Justice Sociale &#8226; Istituto Figlie di Maria Ausiliatrice<\/title>\n<meta name=\"description\" content=\"Le 20 f\u00e9vrier 2021 la Journ\u00e9e Mondiale de la Justice Sociale a \u00e9t\u00e9 c\u00e9l\u00e9br\u00e9e sur le th\u00e8me : \u2018\u2019Un appel \u00e0 la justice sociale dans l\u2019\u00e9conomie num\u00e9rique\u2019\u2019.\" \/>\n<meta name=\"robots\" content=\"index, follow, max-snippet:-1, max-image-preview:large, max-video-preview:-1\" \/>\n<link rel=\"canonical\" href=\"https:\/\/www.cgfmanet.org\/fr\/info-sphere\/la-journee-mondiale-de-la-justice-sociale\/\" \/>\n<meta property=\"og:locale\" content=\"fr_FR\" \/>\n<meta property=\"og:type\" content=\"article\" \/>\n<meta property=\"og:title\" content=\"La Journ\u00e9e Mondiale de la Justice Sociale &#8226; Istituto Figlie di Maria Ausiliatrice\" \/>\n<meta property=\"og:description\" content=\"Le 20 f\u00e9vrier 2021 la Journ\u00e9e Mondiale de la Justice Sociale a \u00e9t\u00e9 c\u00e9l\u00e9br\u00e9e sur le th\u00e8me : \u2018\u2019Un appel \u00e0 la justice sociale dans l\u2019\u00e9conomie num\u00e9rique\u2019\u2019.\" \/>\n<meta property=\"og:url\" content=\"https:\/\/www.cgfmanet.org\/fr\/info-sphere\/la-journee-mondiale-de-la-justice-sociale\/\" \/>\n<meta property=\"og:site_name\" content=\"Istituto Figlie di Maria Ausiliatrice\" \/>\n<meta property=\"article:publisher\" content=\"https:\/\/www.facebook.com\/salesian.sisters.of.don.bosco\/\" \/>\n<meta property=\"article:published_time\" content=\"2021-02-19T11:16:57+00:00\" \/>\n<meta property=\"article:modified_time\" content=\"2021-02-20T14:33:08+00:00\" \/>\n<meta property=\"og:image\" content=\"https:\/\/www.cgfmanet.org\/wp-content\/uploads\/2021\/02\/Giornata-Giustizia-Sociale.jpg\" \/>\n\t<meta property=\"og:image:width\" content=\"1200\" \/>\n\t<meta property=\"og:image:height\" content=\"800\" \/>\n\t<meta property=\"og:image:type\" content=\"image\/jpeg\" \/>\n<meta name=\"author\" content=\"Redazione\" \/>\n<meta name=\"twitter:card\" content=\"summary_large_image\" \/>\n<meta name=\"twitter:creator\" content=\"@Cgfmanet_Org\" \/>\n<meta name=\"twitter:site\" content=\"@Cgfmanet_Org\" \/>\n<meta name=\"twitter:label1\" content=\"\u00c9crit par\" \/>\n\t<meta name=\"twitter:data1\" content=\"Redazione\" \/>\n\t<meta name=\"twitter:label2\" content=\"Dur\u00e9e de lecture estim\u00e9e\" \/>\n\t<meta name=\"twitter:data2\" content=\"3 minutes\" \/>\n<script type=\"application\/ld+json\" class=\"yoast-schema-graph\">{\"@context\":\"https:\\\/\\\/schema.org\",\"@graph\":[{\"@type\":\"Article\",\"@id\":\"https:\\\/\\\/www.cgfmanet.org\\\/fr\\\/info-sphere\\\/la-journee-mondiale-de-la-justice-sociale\\\/#article\",\"isPartOf\":{\"@id\":\"https:\\\/\\\/www.cgfmanet.org\\\/fr\\\/info-sphere\\\/la-journee-mondiale-de-la-justice-sociale\\\/\"},\"author\":{\"name\":\"Redazione\",\"@id\":\"https:\\\/\\\/www.cgfmanet.org\\\/es\\\/#\\\/schema\\\/person\\\/ce6473083f53ef0ef882cca23f0c8fb9\"},\"headline\":\"La Journ\u00e9e Mondiale de la Justice Sociale\",\"datePublished\":\"2021-02-19T11:16:57+00:00\",\"dateModified\":\"2021-02-20T14:33:08+00:00\",\"mainEntityOfPage\":{\"@id\":\"https:\\\/\\\/www.cgfmanet.org\\\/fr\\\/info-sphere\\\/la-journee-mondiale-de-la-justice-sociale\\\/\"},\"wordCount\":608,\"commentCount\":0,\"publisher\":{\"@id\":\"https:\\\/\\\/www.cgfmanet.org\\\/es\\\/#organization\"},\"image\":{\"@id\":\"https:\\\/\\\/www.cgfmanet.org\\\/fr\\\/info-sphere\\\/la-journee-mondiale-de-la-justice-sociale\\\/#primaryimage\"},\"thumbnailUrl\":\"https:\\\/\\\/www.cgfmanet.org\\\/wp-content\\\/uploads\\\/2021\\\/02\\\/Giornata-Giustizia-Sociale.jpg\",\"keywords\":[\"Droits Humains\",\"Vides\",\"Focus\"],\"articleSection\":[\"Infosph\u00e8re\",\"Droits Humains\"],\"inLanguage\":\"fr-FR\",\"potentialAction\":[{\"@type\":\"CommentAction\",\"name\":\"Comment\",\"target\":[\"https:\\\/\\\/www.cgfmanet.org\\\/fr\\\/info-sphere\\\/la-journee-mondiale-de-la-justice-sociale\\\/#respond\"]}]},{\"@type\":\"WebPage\",\"@id\":\"https:\\\/\\\/www.cgfmanet.org\\\/fr\\\/info-sphere\\\/la-journee-mondiale-de-la-justice-sociale\\\/\",\"url\":\"https:\\\/\\\/www.cgfmanet.org\\\/fr\\\/info-sphere\\\/la-journee-mondiale-de-la-justice-sociale\\\/\",\"name\":\"La Journ\u00e9e Mondiale de la Justice Sociale &#8226; Istituto Figlie di Maria Ausiliatrice\",\"isPartOf\":{\"@id\":\"https:\\\/\\\/www.cgfmanet.org\\\/es\\\/#website\"},\"primaryImageOfPage\":{\"@id\":\"https:\\\/\\\/www.cgfmanet.org\\\/fr\\\/info-sphere\\\/la-journee-mondiale-de-la-justice-sociale\\\/#primaryimage\"},\"image\":{\"@id\":\"https:\\\/\\\/www.cgfmanet.org\\\/fr\\\/info-sphere\\\/la-journee-mondiale-de-la-justice-sociale\\\/#primaryimage\"},\"thumbnailUrl\":\"https:\\\/\\\/www.cgfmanet.org\\\/wp-content\\\/uploads\\\/2021\\\/02\\\/Giornata-Giustizia-Sociale.jpg\",\"datePublished\":\"2021-02-19T11:16:57+00:00\",\"dateModified\":\"2021-02-20T14:33:08+00:00\",\"description\":\"Le 20 f\u00e9vrier 2021 la Journ\u00e9e Mondiale de la Justice Sociale a \u00e9t\u00e9 c\u00e9l\u00e9br\u00e9e sur le th\u00e8me : \u2018\u2019Un appel \u00e0 la justice sociale dans l\u2019\u00e9conomie num\u00e9rique\u2019\u2019.\",\"breadcrumb\":{\"@id\":\"https:\\\/\\\/www.cgfmanet.org\\\/fr\\\/info-sphere\\\/la-journee-mondiale-de-la-justice-sociale\\\/#breadcrumb\"},\"inLanguage\":\"fr-FR\",\"potentialAction\":[{\"@type\":\"ReadAction\",\"target\":[\"https:\\\/\\\/www.cgfmanet.org\\\/fr\\\/info-sphere\\\/la-journee-mondiale-de-la-justice-sociale\\\/\"]}]},{\"@type\":\"ImageObject\",\"inLanguage\":\"fr-FR\",\"@id\":\"https:\\\/\\\/www.cgfmanet.org\\\/fr\\\/info-sphere\\\/la-journee-mondiale-de-la-justice-sociale\\\/#primaryimage\",\"url\":\"https:\\\/\\\/www.cgfmanet.org\\\/wp-content\\\/uploads\\\/2021\\\/02\\\/Giornata-Giustizia-Sociale.jpg\",\"contentUrl\":\"https:\\\/\\\/www.cgfmanet.org\\\/wp-content\\\/uploads\\\/2021\\\/02\\\/Giornata-Giustizia-Sociale.jpg\",\"width\":1200,\"height\":800},{\"@type\":\"BreadcrumbList\",\"@id\":\"https:\\\/\\\/www.cgfmanet.org\\\/fr\\\/info-sphere\\\/la-journee-mondiale-de-la-justice-sociale\\\/#breadcrumb\",\"itemListElement\":[{\"@type\":\"ListItem\",\"position\":1,\"name\":\"Home\",\"item\":\"https:\\\/\\\/www.cgfmanet.org\\\/fr\\\/\"},{\"@type\":\"ListItem\",\"position\":2,\"name\":\"La Journ\u00e9e Mondiale de la Justice Sociale\"}]},{\"@type\":\"WebSite\",\"@id\":\"https:\\\/\\\/www.cgfmanet.org\\\/es\\\/#website\",\"url\":\"https:\\\/\\\/www.cgfmanet.org\\\/es\\\/\",\"name\":\"Istituto Figlie di Maria Ausiliatrice\",\"description\":\"Salesiane di Don Bosco\",\"publisher\":{\"@id\":\"https:\\\/\\\/www.cgfmanet.org\\\/es\\\/#organization\"},\"potentialAction\":[{\"@type\":\"SearchAction\",\"target\":{\"@type\":\"EntryPoint\",\"urlTemplate\":\"https:\\\/\\\/www.cgfmanet.org\\\/es\\\/?s={search_term_string}\"},\"query-input\":{\"@type\":\"PropertyValueSpecification\",\"valueRequired\":true,\"valueName\":\"search_term_string\"}}],\"inLanguage\":\"fr-FR\"},{\"@type\":\"Organization\",\"@id\":\"https:\\\/\\\/www.cgfmanet.org\\\/es\\\/#organization\",\"name\":\"Istituto Figlie di Maria Ausiliatrice\",\"url\":\"https:\\\/\\\/www.cgfmanet.org\\\/es\\\/\",\"logo\":{\"@type\":\"ImageObject\",\"inLanguage\":\"fr-FR\",\"@id\":\"https:\\\/\\\/www.cgfmanet.org\\\/es\\\/#\\\/schema\\\/logo\\\/image\\\/\",\"url\":\"https:\\\/\\\/www.cgfmanet.org\\\/wp-content\\\/uploads\\\/2018\\\/10\\\/logo-fma.png\",\"contentUrl\":\"https:\\\/\\\/www.cgfmanet.org\\\/wp-content\\\/uploads\\\/2018\\\/10\\\/logo-fma.png\",\"width\":214,\"height\":55,\"caption\":\"Istituto Figlie di Maria Ausiliatrice\"},\"image\":{\"@id\":\"https:\\\/\\\/www.cgfmanet.org\\\/es\\\/#\\\/schema\\\/logo\\\/image\\\/\"},\"sameAs\":[\"https:\\\/\\\/www.facebook.com\\\/salesian.sisters.of.don.bosco\\\/\",\"https:\\\/\\\/x.com\\\/Cgfmanet_Org\",\"https:\\\/\\\/www.youtube.com\\\/channel\\\/UCmcr8yFQBV7JXeXVxyV9y5Q\"]},{\"@type\":\"Person\",\"@id\":\"https:\\\/\\\/www.cgfmanet.org\\\/es\\\/#\\\/schema\\\/person\\\/ce6473083f53ef0ef882cca23f0c8fb9\",\"name\":\"Redazione\"}]}<\/script>\n<!-- \/ Yoast SEO plugin. -->","yoast_head_json":{"title":"La Journ\u00e9e Mondiale de la Justice Sociale &#8226; Istituto Figlie di Maria Ausiliatrice","description":"Le 20 f\u00e9vrier 2021 la Journ\u00e9e Mondiale de la Justice Sociale a \u00e9t\u00e9 c\u00e9l\u00e9br\u00e9e sur le th\u00e8me : \u2018\u2019Un appel \u00e0 la justice sociale dans l\u2019\u00e9conomie num\u00e9rique\u2019\u2019.","robots":{"index":"index","follow":"follow","max-snippet":"max-snippet:-1","max-image-preview":"max-image-preview:large","max-video-preview":"max-video-preview:-1"},"canonical":"https:\/\/www.cgfmanet.org\/fr\/info-sphere\/la-journee-mondiale-de-la-justice-sociale\/","og_locale":"fr_FR","og_type":"article","og_title":"La Journ\u00e9e Mondiale de la Justice Sociale &#8226; Istituto Figlie di Maria Ausiliatrice","og_description":"Le 20 f\u00e9vrier 2021 la Journ\u00e9e Mondiale de la Justice Sociale a \u00e9t\u00e9 c\u00e9l\u00e9br\u00e9e sur le th\u00e8me : \u2018\u2019Un appel \u00e0 la justice sociale dans l\u2019\u00e9conomie num\u00e9rique\u2019\u2019.","og_url":"https:\/\/www.cgfmanet.org\/fr\/info-sphere\/la-journee-mondiale-de-la-justice-sociale\/","og_site_name":"Istituto Figlie di Maria Ausiliatrice","article_publisher":"https:\/\/www.facebook.com\/salesian.sisters.of.don.bosco\/","article_published_time":"2021-02-19T11:16:57+00:00","article_modified_time":"2021-02-20T14:33:08+00:00","og_image":[{"width":1200,"height":800,"url":"https:\/\/www.cgfmanet.org\/wp-content\/uploads\/2021\/02\/Giornata-Giustizia-Sociale.jpg","type":"image\/jpeg"}],"author":"Redazione","twitter_card":"summary_large_image","twitter_creator":"@Cgfmanet_Org","twitter_site":"@Cgfmanet_Org","twitter_misc":{"\u00c9crit par":"Redazione","Dur\u00e9e de lecture estim\u00e9e":"3 minutes"},"schema":{"@context":"https:\/\/schema.org","@graph":[{"@type":"Article","@id":"https:\/\/www.cgfmanet.org\/fr\/info-sphere\/la-journee-mondiale-de-la-justice-sociale\/#article","isPartOf":{"@id":"https:\/\/www.cgfmanet.org\/fr\/info-sphere\/la-journee-mondiale-de-la-justice-sociale\/"},"author":{"name":"Redazione","@id":"https:\/\/www.cgfmanet.org\/es\/#\/schema\/person\/ce6473083f53ef0ef882cca23f0c8fb9"},"headline":"La Journ\u00e9e Mondiale de la Justice Sociale","datePublished":"2021-02-19T11:16:57+00:00","dateModified":"2021-02-20T14:33:08+00:00","mainEntityOfPage":{"@id":"https:\/\/www.cgfmanet.org\/fr\/info-sphere\/la-journee-mondiale-de-la-justice-sociale\/"},"wordCount":608,"commentCount":0,"publisher":{"@id":"https:\/\/www.cgfmanet.org\/es\/#organization"},"image":{"@id":"https:\/\/www.cgfmanet.org\/fr\/info-sphere\/la-journee-mondiale-de-la-justice-sociale\/#primaryimage"},"thumbnailUrl":"https:\/\/www.cgfmanet.org\/wp-content\/uploads\/2021\/02\/Giornata-Giustizia-Sociale.jpg","keywords":["Droits Humains","Vides","Focus"],"articleSection":["Infosph\u00e8re","Droits Humains"],"inLanguage":"fr-FR","potentialAction":[{"@type":"CommentAction","name":"Comment","target":["https:\/\/www.cgfmanet.org\/fr\/info-sphere\/la-journee-mondiale-de-la-justice-sociale\/#respond"]}]},{"@type":"WebPage","@id":"https:\/\/www.cgfmanet.org\/fr\/info-sphere\/la-journee-mondiale-de-la-justice-sociale\/","url":"https:\/\/www.cgfmanet.org\/fr\/info-sphere\/la-journee-mondiale-de-la-justice-sociale\/","name":"La Journ\u00e9e Mondiale de la Justice Sociale &#8226; Istituto Figlie di Maria Ausiliatrice","isPartOf":{"@id":"https:\/\/www.cgfmanet.org\/es\/#website"},"primaryImageOfPage":{"@id":"https:\/\/www.cgfmanet.org\/fr\/info-sphere\/la-journee-mondiale-de-la-justice-sociale\/#primaryimage"},"image":{"@id":"https:\/\/www.cgfmanet.org\/fr\/info-sphere\/la-journee-mondiale-de-la-justice-sociale\/#primaryimage"},"thumbnailUrl":"https:\/\/www.cgfmanet.org\/wp-content\/uploads\/2021\/02\/Giornata-Giustizia-Sociale.jpg","datePublished":"2021-02-19T11:16:57+00:00","dateModified":"2021-02-20T14:33:08+00:00","description":"Le 20 f\u00e9vrier 2021 la Journ\u00e9e Mondiale de la Justice Sociale a \u00e9t\u00e9 c\u00e9l\u00e9br\u00e9e sur le th\u00e8me : \u2018\u2019Un appel \u00e0 la justice sociale dans l\u2019\u00e9conomie num\u00e9rique\u2019\u2019.","breadcrumb":{"@id":"https:\/\/www.cgfmanet.org\/fr\/info-sphere\/la-journee-mondiale-de-la-justice-sociale\/#breadcrumb"},"inLanguage":"fr-FR","potentialAction":[{"@type":"ReadAction","target":["https:\/\/www.cgfmanet.org\/fr\/info-sphere\/la-journee-mondiale-de-la-justice-sociale\/"]}]},{"@type":"ImageObject","inLanguage":"fr-FR","@id":"https:\/\/www.cgfmanet.org\/fr\/info-sphere\/la-journee-mondiale-de-la-justice-sociale\/#primaryimage","url":"https:\/\/www.cgfmanet.org\/wp-content\/uploads\/2021\/02\/Giornata-Giustizia-Sociale.jpg","contentUrl":"https:\/\/www.cgfmanet.org\/wp-content\/uploads\/2021\/02\/Giornata-Giustizia-Sociale.jpg","width":1200,"height":800},{"@type":"BreadcrumbList","@id":"https:\/\/www.cgfmanet.org\/fr\/info-sphere\/la-journee-mondiale-de-la-justice-sociale\/#breadcrumb","itemListElement":[{"@type":"ListItem","position":1,"name":"Home","item":"https:\/\/www.cgfmanet.org\/fr\/"},{"@type":"ListItem","position":2,"name":"La Journ\u00e9e Mondiale de la Justice Sociale"}]},{"@type":"WebSite","@id":"https:\/\/www.cgfmanet.org\/es\/#website","url":"https:\/\/www.cgfmanet.org\/es\/","name":"Istituto Figlie di Maria Ausiliatrice","description":"Salesiane di Don Bosco","publisher":{"@id":"https:\/\/www.cgfmanet.org\/es\/#organization"},"potentialAction":[{"@type":"SearchAction","target":{"@type":"EntryPoint","urlTemplate":"https:\/\/www.cgfmanet.org\/es\/?s={search_term_string}"},"query-input":{"@type":"PropertyValueSpecification","valueRequired":true,"valueName":"search_term_string"}}],"inLanguage":"fr-FR"},{"@type":"Organization","@id":"https:\/\/www.cgfmanet.org\/es\/#organization","name":"Istituto Figlie di Maria Ausiliatrice","url":"https:\/\/www.cgfmanet.org\/es\/","logo":{"@type":"ImageObject","inLanguage":"fr-FR","@id":"https:\/\/www.cgfmanet.org\/es\/#\/schema\/logo\/image\/","url":"https:\/\/www.cgfmanet.org\/wp-content\/uploads\/2018\/10\/logo-fma.png","contentUrl":"https:\/\/www.cgfmanet.org\/wp-content\/uploads\/2018\/10\/logo-fma.png","width":214,"height":55,"caption":"Istituto Figlie di Maria Ausiliatrice"},"image":{"@id":"https:\/\/www.cgfmanet.org\/es\/#\/schema\/logo\/image\/"},"sameAs":["https:\/\/www.facebook.com\/salesian.sisters.of.don.bosco\/","https:\/\/x.com\/Cgfmanet_Org","https:\/\/www.youtube.com\/channel\/UCmcr8yFQBV7JXeXVxyV9y5Q"]},{"@type":"Person","@id":"https:\/\/www.cgfmanet.org\/es\/#\/schema\/person\/ce6473083f53ef0ef882cca23f0c8fb9","name":"Redazione"}]}},"_links":{"self":[{"href":"https:\/\/www.cgfmanet.org\/fr\/wp-json\/wp\/v2\/posts\/40275","targetHints":{"allow":["GET"]}}],"collection":[{"href":"https:\/\/www.cgfmanet.org\/fr\/wp-json\/wp\/v2\/posts"}],"about":[{"href":"https:\/\/www.cgfmanet.org\/fr\/wp-json\/wp\/v2\/types\/post"}],"author":[{"embeddable":true,"href":"https:\/\/www.cgfmanet.org\/fr\/wp-json\/wp\/v2\/users\/21"}],"replies":[{"embeddable":true,"href":"https:\/\/www.cgfmanet.org\/fr\/wp-json\/wp\/v2\/comments?post=40275"}],"version-history":[{"count":0,"href":"https:\/\/www.cgfmanet.org\/fr\/wp-json\/wp\/v2\/posts\/40275\/revisions"}],"wp:featuredmedia":[{"embeddable":true,"href":"https:\/\/www.cgfmanet.org\/fr\/wp-json\/wp\/v2\/media\/40268"}],"wp:attachment":[{"href":"https:\/\/www.cgfmanet.org\/fr\/wp-json\/wp\/v2\/media?parent=40275"}],"wp:term":[{"taxonomy":"category","embeddable":true,"href":"https:\/\/www.cgfmanet.org\/fr\/wp-json\/wp\/v2\/categories?post=40275"},{"taxonomy":"post_tag","embeddable":true,"href":"https:\/\/www.cgfmanet.org\/fr\/wp-json\/wp\/v2\/tags?post=40275"}],"curies":[{"name":"wp","href":"https:\/\/api.w.org\/{rel}","templated":true}]}}