{"id":35475,"date":"2020-11-16T17:42:39","date_gmt":"2020-11-16T16:42:39","guid":{"rendered":"https:\/\/www.cgfmanet.org\/info-sphere\/tendi-la-tua-mano-al-povero-myanmar\/"},"modified":"2020-11-17T15:11:41","modified_gmt":"2020-11-17T14:11:41","slug":"tends-ta-main-au-pauvre-myanmar","status":"publish","type":"post","link":"https:\/\/www.cgfmanet.org\/fr\/info-sphere\/tends-ta-main-au-pauvre-myanmar\/","title":{"rendered":"Tends ta main au pauvre \u2013 Myanmar"},"content":{"rendered":"<p><strong>Yangon (Myanmar).<\/strong> Le 15 novembre 2020 la Communaut\u00e9 \u2018\u2019Auxilium\u2019\u2019 des Filles de Marie Ausiliatrice de Yangon au Myanmar, Province <em>Marie Notre Secours<\/em> du Cambodge\/Myanmar (CMY) a c\u00e9l\u00e9br\u00e9 la Journ\u00e9e Mondiale des pauvres en invitant les familles des vendeurs ambulants du quartier \u00e0 d\u00e9jeuner.<\/p>\n<p><strong><em>\u2018\u2019Tends ta main au pauvre\u2019\u2019<\/em><\/strong> (Sir. 7,32) est le titre du <a href=\"http:\/\/www.vatican.va\/content\/francesco\/fr\/messages\/poveri\/documents\/papa-francesco_20200613_messaggio-iv-giornatamondiale-poveri-2020.html\" target=\"_blank\" rel=\"noopener noreferrer\"><strong>Message du pape Fran\u00e7ois pour la 4\u00e8me<\/strong><strong> Journ\u00e9e Mondiale des<\/strong><\/a><strong><a href=\"http:\/\/www.vatican.va\/content\/francesco\/fr\/messages\/poveri\/documents\/papa-francesco_20200613_messaggio-iv-giornatamondiale-poveri-2020.html\"> pauvres<\/a>,<\/strong> au cours de laquelle le Pape Fran\u00e7ois invite les communaut\u00e9s chr\u00e9tiennes \u00e0 se laisser provoquer par la pr\u00e9sence des personnes n\u00e9cessiteuses. <em>\u2018\u2019Chaque rencontre avec une personne en situation de pauvret\u00e9 nous provoque et nous interroge. Comment pouvons-nous contribuer \u00e0 \u00e9liminer ou, du moins<\/em>,<em> \u00e0 soulager sa marginalisation et sa souffrance\u00a0? La communaut\u00e9 chr\u00e9tienne est appel\u00e9e \u00e0 s\u2019impliquer dans cette exp\u00e9rience de partage, sachant qu\u2019il ne lui est pas permis de la d\u00e9l\u00e9guer \u00e0 qui que ce soit. Et pour \u00eatre un soutien aux pauvres, il est fondamental de vivre personnellement la pauvret\u00e9 \u00e9vang\u00e9lique\u2019\u2019.<\/em><\/p>\n<p>Les FMA de la Communaut\u00e9 se sont interrog\u00e9es et se sont engag\u00e9es, pour pouvoir offrir un repas complet aux familles des vendeurs ambulants qui sont \u2018\u2019\u00e0 leur porte\u2019\u2019, aux croisements des rues du quartier, et qui chaque jour vendent des fleurs, des fruits, des \u0153ufs, des masques de protection et d\u2019autres produits, et qui le soir, rentrent dans les bidonvilles de Yangon, elles ont consomm\u00e9 un d\u00eener l\u00e9ger pendant plus d\u2019un mois.<\/p>\n<p>Le 15 novembre, avec l\u2019aide des jeunes filles, les s\u0153urs ont cuisin\u00e9 du riz avec du poulet, des l\u00e9gumes et des hors-d\u2019\u0153uvre pour 45 familles- soit environ 75 personnes \u2013 qu\u2019elles ont accueilli dans la cour de la Communaut\u00e9 en trois tournus afin de respecter les normes sanitaires dues \u00e0 la pand\u00e9mie du Covid-19.<\/p>\n<p>A la fin du d\u00e9jeuner, gr\u00e2ce aux aides de l\u2019Ambassade allemande de Yangon, les FMA ont distribu\u00e9 des paquets de vivres contenant du riz, de l\u2019huile, du sel, des haricots blancs, du poisson en conserve et d\u2019autres denr\u00e9es alimentaires ainsi que du savon et du gel hydroalcoolique pour les mains et de la vitamine C.<\/p>\n<p>La Communaut\u00e9 a exp\u00e9riment\u00e9 la joie de la fraternit\u00e9 en cette p\u00e9riode de pand\u00e9mie\u00a0: <em>\u2018\u2019M\u00eame un sourire que nous partageons avec le pauvre est source d\u2019amour et permet de vivre dans la joie. Que la main tendue, alors, puisse toujours s\u2019enrichir du sourire de celui qui ne fait pas peser sa pr\u00e9sence et l\u2019aide qu\u2019il offre, mais ne se r\u00e9jouit que de vivre \u00e0 la mani\u00e8re des disciples du Christ\u2019\u2019. (Message pour la 4<sup>\u00e8me<\/sup> Journ\u00e9e Mondiale des Pauvres)<\/em><\/p>\n<p><a href=\"https:\/\/www.cgfmanet.org\/wp-content\/uploads\/2020\/11\/Yangon-2.jpg\"><img decoding=\"async\" class=\"aligncenter wp-image-35468 size-full lazyload\" data-src=\"https:\/\/www.cgfmanet.org\/wp-content\/uploads\/2020\/11\/Yangon-2.jpg\" alt=\"Giornata Mondiale Poveri Yangon - Myanmar\" width=\"1225\" height=\"816\" data-srcset=\"https:\/\/www.cgfmanet.org\/wp-content\/uploads\/2020\/11\/Yangon-2.jpg 1225w, https:\/\/www.cgfmanet.org\/wp-content\/uploads\/2020\/11\/Yangon-2-768x512.jpg 768w, https:\/\/www.cgfmanet.org\/wp-content\/uploads\/2020\/11\/Yangon-2-696x464.jpg 696w, https:\/\/www.cgfmanet.org\/wp-content\/uploads\/2020\/11\/Yangon-2-631x420.jpg 631w\" data-sizes=\"auto\" src=\"data:image\/svg+xml;base64,PHN2ZyB3aWR0aD0iMSIgaGVpZ2h0PSIxIiB4bWxucz0iaHR0cDovL3d3dy53My5vcmcvMjAwMC9zdmciPjwvc3ZnPg==\" style=\"--smush-placeholder-width: 1225px; --smush-placeholder-aspect-ratio: 1225\/816;\" data-original-sizes=\"(max-width: 1225px) 100vw, 1225px\" \/><\/a><\/p>\n","protected":false},"excerpt":{"rendered":"<p>Le 15 novembre 2020 la Communaut\u00e9 FMA \u2018\u2019Auxilium\u2019\u2019 de Yangon au Myanmar (CMY) a c\u00e9l\u00e9br\u00e9 la 4\u00e8me Journ\u00e9e Mondiale des pauvres en offrant un d\u00e9jeuner \u00e0 45 familles.<\/p>\n","protected":false},"author":21,"featured_media":35465,"comment_status":"open","ping_status":"closed","sticky":false,"template":"","format":"standard","meta":{"footnotes":""},"categories":[36,188],"tags":[408,429,1068,1929,1991],"class_list":["post-35475","post","type-post","status-publish","format-standard","has-post-thumbnail","category-info-sphere","category-eglise","tag-pape-francois","tag-pauvres","tag-cmy-fr","tag-focus-fr","tag-solidarieta-fr"],"yoast_head":"<!-- This site is optimized with the Yoast SEO plugin v27.4 - https:\/\/yoast.com\/product\/yoast-seo-wordpress\/ -->\n<title>Tends ta main au pauvre \u2013 Myanmar &#8226; Istituto Figlie di Maria Ausiliatrice<\/title>\n<meta name=\"description\" content=\"Le 15 novembre 2020 la Communaut\u00e9 FMA \u2018\u2019Auxilium\u2019\u2019 de Yangon au Myanmar (CMY) a c\u00e9l\u00e9br\u00e9 la 4\u00e8me Journ\u00e9e Mondiale des pauvres en offrant un d\u00e9jeuner \u00e0 45 familles.\" \/>\n<meta name=\"robots\" content=\"index, follow, max-snippet:-1, max-image-preview:large, max-video-preview:-1\" \/>\n<link rel=\"canonical\" href=\"https:\/\/www.cgfmanet.org\/fr\/info-sphere\/tends-ta-main-au-pauvre-myanmar\/\" \/>\n<meta property=\"og:locale\" content=\"fr_FR\" \/>\n<meta property=\"og:type\" content=\"article\" \/>\n<meta property=\"og:title\" content=\"Tends ta main au pauvre \u2013 Myanmar &#8226; Istituto Figlie di Maria Ausiliatrice\" \/>\n<meta property=\"og:description\" content=\"Le 15 novembre 2020 la Communaut\u00e9 FMA \u2018\u2019Auxilium\u2019\u2019 de Yangon au Myanmar (CMY) a c\u00e9l\u00e9br\u00e9 la 4\u00e8me Journ\u00e9e Mondiale des pauvres en offrant un d\u00e9jeuner \u00e0 45 familles.\" \/>\n<meta property=\"og:url\" content=\"https:\/\/www.cgfmanet.org\/fr\/info-sphere\/tends-ta-main-au-pauvre-myanmar\/\" \/>\n<meta property=\"og:site_name\" content=\"Istituto Figlie di Maria Ausiliatrice\" \/>\n<meta property=\"article:publisher\" content=\"https:\/\/www.facebook.com\/salesian.sisters.of.don.bosco\/\" \/>\n<meta property=\"article:published_time\" content=\"2020-11-16T16:42:39+00:00\" \/>\n<meta property=\"article:modified_time\" content=\"2020-11-17T14:11:41+00:00\" \/>\n<meta property=\"og:image\" content=\"https:\/\/www.cgfmanet.org\/wp-content\/uploads\/2020\/11\/Yangon-1.jpg\" \/>\n\t<meta property=\"og:image:width\" content=\"1181\" \/>\n\t<meta property=\"og:image:height\" content=\"787\" \/>\n\t<meta property=\"og:image:type\" content=\"image\/jpeg\" \/>\n<meta name=\"author\" content=\"Redazione\" \/>\n<meta name=\"twitter:card\" content=\"summary_large_image\" \/>\n<meta name=\"twitter:creator\" content=\"@Cgfmanet_Org\" \/>\n<meta name=\"twitter:site\" content=\"@Cgfmanet_Org\" \/>\n<meta name=\"twitter:label1\" content=\"\u00c9crit par\" \/>\n\t<meta name=\"twitter:data1\" content=\"Redazione\" \/>\n\t<meta name=\"twitter:label2\" content=\"Dur\u00e9e de lecture estim\u00e9e\" \/>\n\t<meta name=\"twitter:data2\" content=\"2 minutes\" \/>\n<script type=\"application\/ld+json\" class=\"yoast-schema-graph\">{\"@context\":\"https:\\\/\\\/schema.org\",\"@graph\":[{\"@type\":\"Article\",\"@id\":\"https:\\\/\\\/www.cgfmanet.org\\\/fr\\\/info-sphere\\\/tends-ta-main-au-pauvre-myanmar\\\/#article\",\"isPartOf\":{\"@id\":\"https:\\\/\\\/www.cgfmanet.org\\\/fr\\\/info-sphere\\\/tends-ta-main-au-pauvre-myanmar\\\/\"},\"author\":{\"name\":\"Redazione\",\"@id\":\"https:\\\/\\\/www.cgfmanet.org\\\/es\\\/#\\\/schema\\\/person\\\/ce6473083f53ef0ef882cca23f0c8fb9\"},\"headline\":\"Tends ta main au pauvre \u2013 Myanmar\",\"datePublished\":\"2020-11-16T16:42:39+00:00\",\"dateModified\":\"2020-11-17T14:11:41+00:00\",\"mainEntityOfPage\":{\"@id\":\"https:\\\/\\\/www.cgfmanet.org\\\/fr\\\/info-sphere\\\/tends-ta-main-au-pauvre-myanmar\\\/\"},\"wordCount\":457,\"commentCount\":0,\"publisher\":{\"@id\":\"https:\\\/\\\/www.cgfmanet.org\\\/es\\\/#organization\"},\"image\":{\"@id\":\"https:\\\/\\\/www.cgfmanet.org\\\/fr\\\/info-sphere\\\/tends-ta-main-au-pauvre-myanmar\\\/#primaryimage\"},\"thumbnailUrl\":\"https:\\\/\\\/www.cgfmanet.org\\\/wp-content\\\/uploads\\\/2020\\\/11\\\/Yangon-1.jpg\",\"keywords\":[\"Pape Fran\u00e7ois\",\"Pauvres\",\"CMY\",\"Focus\",\"Solidariet\u00e0\"],\"articleSection\":[\"Infosph\u00e8re\",\"Eglise\"],\"inLanguage\":\"fr-FR\",\"potentialAction\":[{\"@type\":\"CommentAction\",\"name\":\"Comment\",\"target\":[\"https:\\\/\\\/www.cgfmanet.org\\\/fr\\\/info-sphere\\\/tends-ta-main-au-pauvre-myanmar\\\/#respond\"]}]},{\"@type\":\"WebPage\",\"@id\":\"https:\\\/\\\/www.cgfmanet.org\\\/fr\\\/info-sphere\\\/tends-ta-main-au-pauvre-myanmar\\\/\",\"url\":\"https:\\\/\\\/www.cgfmanet.org\\\/fr\\\/info-sphere\\\/tends-ta-main-au-pauvre-myanmar\\\/\",\"name\":\"Tends ta main au pauvre \u2013 Myanmar &#8226; Istituto Figlie di Maria Ausiliatrice\",\"isPartOf\":{\"@id\":\"https:\\\/\\\/www.cgfmanet.org\\\/es\\\/#website\"},\"primaryImageOfPage\":{\"@id\":\"https:\\\/\\\/www.cgfmanet.org\\\/fr\\\/info-sphere\\\/tends-ta-main-au-pauvre-myanmar\\\/#primaryimage\"},\"image\":{\"@id\":\"https:\\\/\\\/www.cgfmanet.org\\\/fr\\\/info-sphere\\\/tends-ta-main-au-pauvre-myanmar\\\/#primaryimage\"},\"thumbnailUrl\":\"https:\\\/\\\/www.cgfmanet.org\\\/wp-content\\\/uploads\\\/2020\\\/11\\\/Yangon-1.jpg\",\"datePublished\":\"2020-11-16T16:42:39+00:00\",\"dateModified\":\"2020-11-17T14:11:41+00:00\",\"description\":\"Le 15 novembre 2020 la Communaut\u00e9 FMA \u2018\u2019Auxilium\u2019\u2019 de Yangon au Myanmar (CMY) a c\u00e9l\u00e9br\u00e9 la 4\u00e8me Journ\u00e9e Mondiale des pauvres en offrant un d\u00e9jeuner \u00e0 45 familles.\",\"breadcrumb\":{\"@id\":\"https:\\\/\\\/www.cgfmanet.org\\\/fr\\\/info-sphere\\\/tends-ta-main-au-pauvre-myanmar\\\/#breadcrumb\"},\"inLanguage\":\"fr-FR\",\"potentialAction\":[{\"@type\":\"ReadAction\",\"target\":[\"https:\\\/\\\/www.cgfmanet.org\\\/fr\\\/info-sphere\\\/tends-ta-main-au-pauvre-myanmar\\\/\"]}]},{\"@type\":\"ImageObject\",\"inLanguage\":\"fr-FR\",\"@id\":\"https:\\\/\\\/www.cgfmanet.org\\\/fr\\\/info-sphere\\\/tends-ta-main-au-pauvre-myanmar\\\/#primaryimage\",\"url\":\"https:\\\/\\\/www.cgfmanet.org\\\/wp-content\\\/uploads\\\/2020\\\/11\\\/Yangon-1.jpg\",\"contentUrl\":\"https:\\\/\\\/www.cgfmanet.org\\\/wp-content\\\/uploads\\\/2020\\\/11\\\/Yangon-1.jpg\",\"width\":1181,\"height\":787},{\"@type\":\"BreadcrumbList\",\"@id\":\"https:\\\/\\\/www.cgfmanet.org\\\/fr\\\/info-sphere\\\/tends-ta-main-au-pauvre-myanmar\\\/#breadcrumb\",\"itemListElement\":[{\"@type\":\"ListItem\",\"position\":1,\"name\":\"Home\",\"item\":\"https:\\\/\\\/www.cgfmanet.org\\\/fr\\\/\"},{\"@type\":\"ListItem\",\"position\":2,\"name\":\"Tends ta main au pauvre \u2013 Myanmar\"}]},{\"@type\":\"WebSite\",\"@id\":\"https:\\\/\\\/www.cgfmanet.org\\\/es\\\/#website\",\"url\":\"https:\\\/\\\/www.cgfmanet.org\\\/es\\\/\",\"name\":\"Istituto Figlie di Maria Ausiliatrice\",\"description\":\"Salesiane di Don Bosco\",\"publisher\":{\"@id\":\"https:\\\/\\\/www.cgfmanet.org\\\/es\\\/#organization\"},\"potentialAction\":[{\"@type\":\"SearchAction\",\"target\":{\"@type\":\"EntryPoint\",\"urlTemplate\":\"https:\\\/\\\/www.cgfmanet.org\\\/es\\\/?s={search_term_string}\"},\"query-input\":{\"@type\":\"PropertyValueSpecification\",\"valueRequired\":true,\"valueName\":\"search_term_string\"}}],\"inLanguage\":\"fr-FR\"},{\"@type\":\"Organization\",\"@id\":\"https:\\\/\\\/www.cgfmanet.org\\\/es\\\/#organization\",\"name\":\"Istituto Figlie di Maria Ausiliatrice\",\"url\":\"https:\\\/\\\/www.cgfmanet.org\\\/es\\\/\",\"logo\":{\"@type\":\"ImageObject\",\"inLanguage\":\"fr-FR\",\"@id\":\"https:\\\/\\\/www.cgfmanet.org\\\/es\\\/#\\\/schema\\\/logo\\\/image\\\/\",\"url\":\"https:\\\/\\\/www.cgfmanet.org\\\/wp-content\\\/uploads\\\/2018\\\/10\\\/logo-fma.png\",\"contentUrl\":\"https:\\\/\\\/www.cgfmanet.org\\\/wp-content\\\/uploads\\\/2018\\\/10\\\/logo-fma.png\",\"width\":214,\"height\":55,\"caption\":\"Istituto Figlie di Maria Ausiliatrice\"},\"image\":{\"@id\":\"https:\\\/\\\/www.cgfmanet.org\\\/es\\\/#\\\/schema\\\/logo\\\/image\\\/\"},\"sameAs\":[\"https:\\\/\\\/www.facebook.com\\\/salesian.sisters.of.don.bosco\\\/\",\"https:\\\/\\\/x.com\\\/Cgfmanet_Org\",\"https:\\\/\\\/www.youtube.com\\\/channel\\\/UCmcr8yFQBV7JXeXVxyV9y5Q\"]},{\"@type\":\"Person\",\"@id\":\"https:\\\/\\\/www.cgfmanet.org\\\/es\\\/#\\\/schema\\\/person\\\/ce6473083f53ef0ef882cca23f0c8fb9\",\"name\":\"Redazione\"}]}<\/script>\n<!-- \/ Yoast SEO plugin. -->","yoast_head_json":{"title":"Tends ta main au pauvre \u2013 Myanmar &#8226; Istituto Figlie di Maria Ausiliatrice","description":"Le 15 novembre 2020 la Communaut\u00e9 FMA \u2018\u2019Auxilium\u2019\u2019 de Yangon au Myanmar (CMY) a c\u00e9l\u00e9br\u00e9 la 4\u00e8me Journ\u00e9e Mondiale des pauvres en offrant un d\u00e9jeuner \u00e0 45 familles.","robots":{"index":"index","follow":"follow","max-snippet":"max-snippet:-1","max-image-preview":"max-image-preview:large","max-video-preview":"max-video-preview:-1"},"canonical":"https:\/\/www.cgfmanet.org\/fr\/info-sphere\/tends-ta-main-au-pauvre-myanmar\/","og_locale":"fr_FR","og_type":"article","og_title":"Tends ta main au pauvre \u2013 Myanmar &#8226; Istituto Figlie di Maria Ausiliatrice","og_description":"Le 15 novembre 2020 la Communaut\u00e9 FMA \u2018\u2019Auxilium\u2019\u2019 de Yangon au Myanmar (CMY) a c\u00e9l\u00e9br\u00e9 la 4\u00e8me Journ\u00e9e Mondiale des pauvres en offrant un d\u00e9jeuner \u00e0 45 familles.","og_url":"https:\/\/www.cgfmanet.org\/fr\/info-sphere\/tends-ta-main-au-pauvre-myanmar\/","og_site_name":"Istituto Figlie di Maria Ausiliatrice","article_publisher":"https:\/\/www.facebook.com\/salesian.sisters.of.don.bosco\/","article_published_time":"2020-11-16T16:42:39+00:00","article_modified_time":"2020-11-17T14:11:41+00:00","og_image":[{"width":1181,"height":787,"url":"https:\/\/www.cgfmanet.org\/wp-content\/uploads\/2020\/11\/Yangon-1.jpg","type":"image\/jpeg"}],"author":"Redazione","twitter_card":"summary_large_image","twitter_creator":"@Cgfmanet_Org","twitter_site":"@Cgfmanet_Org","twitter_misc":{"\u00c9crit par":"Redazione","Dur\u00e9e de lecture estim\u00e9e":"2 minutes"},"schema":{"@context":"https:\/\/schema.org","@graph":[{"@type":"Article","@id":"https:\/\/www.cgfmanet.org\/fr\/info-sphere\/tends-ta-main-au-pauvre-myanmar\/#article","isPartOf":{"@id":"https:\/\/www.cgfmanet.org\/fr\/info-sphere\/tends-ta-main-au-pauvre-myanmar\/"},"author":{"name":"Redazione","@id":"https:\/\/www.cgfmanet.org\/es\/#\/schema\/person\/ce6473083f53ef0ef882cca23f0c8fb9"},"headline":"Tends ta main au pauvre \u2013 Myanmar","datePublished":"2020-11-16T16:42:39+00:00","dateModified":"2020-11-17T14:11:41+00:00","mainEntityOfPage":{"@id":"https:\/\/www.cgfmanet.org\/fr\/info-sphere\/tends-ta-main-au-pauvre-myanmar\/"},"wordCount":457,"commentCount":0,"publisher":{"@id":"https:\/\/www.cgfmanet.org\/es\/#organization"},"image":{"@id":"https:\/\/www.cgfmanet.org\/fr\/info-sphere\/tends-ta-main-au-pauvre-myanmar\/#primaryimage"},"thumbnailUrl":"https:\/\/www.cgfmanet.org\/wp-content\/uploads\/2020\/11\/Yangon-1.jpg","keywords":["Pape Fran\u00e7ois","Pauvres","CMY","Focus","Solidariet\u00e0"],"articleSection":["Infosph\u00e8re","Eglise"],"inLanguage":"fr-FR","potentialAction":[{"@type":"CommentAction","name":"Comment","target":["https:\/\/www.cgfmanet.org\/fr\/info-sphere\/tends-ta-main-au-pauvre-myanmar\/#respond"]}]},{"@type":"WebPage","@id":"https:\/\/www.cgfmanet.org\/fr\/info-sphere\/tends-ta-main-au-pauvre-myanmar\/","url":"https:\/\/www.cgfmanet.org\/fr\/info-sphere\/tends-ta-main-au-pauvre-myanmar\/","name":"Tends ta main au pauvre \u2013 Myanmar &#8226; Istituto Figlie di Maria Ausiliatrice","isPartOf":{"@id":"https:\/\/www.cgfmanet.org\/es\/#website"},"primaryImageOfPage":{"@id":"https:\/\/www.cgfmanet.org\/fr\/info-sphere\/tends-ta-main-au-pauvre-myanmar\/#primaryimage"},"image":{"@id":"https:\/\/www.cgfmanet.org\/fr\/info-sphere\/tends-ta-main-au-pauvre-myanmar\/#primaryimage"},"thumbnailUrl":"https:\/\/www.cgfmanet.org\/wp-content\/uploads\/2020\/11\/Yangon-1.jpg","datePublished":"2020-11-16T16:42:39+00:00","dateModified":"2020-11-17T14:11:41+00:00","description":"Le 15 novembre 2020 la Communaut\u00e9 FMA \u2018\u2019Auxilium\u2019\u2019 de Yangon au Myanmar (CMY) a c\u00e9l\u00e9br\u00e9 la 4\u00e8me Journ\u00e9e Mondiale des pauvres en offrant un d\u00e9jeuner \u00e0 45 familles.","breadcrumb":{"@id":"https:\/\/www.cgfmanet.org\/fr\/info-sphere\/tends-ta-main-au-pauvre-myanmar\/#breadcrumb"},"inLanguage":"fr-FR","potentialAction":[{"@type":"ReadAction","target":["https:\/\/www.cgfmanet.org\/fr\/info-sphere\/tends-ta-main-au-pauvre-myanmar\/"]}]},{"@type":"ImageObject","inLanguage":"fr-FR","@id":"https:\/\/www.cgfmanet.org\/fr\/info-sphere\/tends-ta-main-au-pauvre-myanmar\/#primaryimage","url":"https:\/\/www.cgfmanet.org\/wp-content\/uploads\/2020\/11\/Yangon-1.jpg","contentUrl":"https:\/\/www.cgfmanet.org\/wp-content\/uploads\/2020\/11\/Yangon-1.jpg","width":1181,"height":787},{"@type":"BreadcrumbList","@id":"https:\/\/www.cgfmanet.org\/fr\/info-sphere\/tends-ta-main-au-pauvre-myanmar\/#breadcrumb","itemListElement":[{"@type":"ListItem","position":1,"name":"Home","item":"https:\/\/www.cgfmanet.org\/fr\/"},{"@type":"ListItem","position":2,"name":"Tends ta main au pauvre \u2013 Myanmar"}]},{"@type":"WebSite","@id":"https:\/\/www.cgfmanet.org\/es\/#website","url":"https:\/\/www.cgfmanet.org\/es\/","name":"Istituto Figlie di Maria Ausiliatrice","description":"Salesiane di Don Bosco","publisher":{"@id":"https:\/\/www.cgfmanet.org\/es\/#organization"},"potentialAction":[{"@type":"SearchAction","target":{"@type":"EntryPoint","urlTemplate":"https:\/\/www.cgfmanet.org\/es\/?s={search_term_string}"},"query-input":{"@type":"PropertyValueSpecification","valueRequired":true,"valueName":"search_term_string"}}],"inLanguage":"fr-FR"},{"@type":"Organization","@id":"https:\/\/www.cgfmanet.org\/es\/#organization","name":"Istituto Figlie di Maria Ausiliatrice","url":"https:\/\/www.cgfmanet.org\/es\/","logo":{"@type":"ImageObject","inLanguage":"fr-FR","@id":"https:\/\/www.cgfmanet.org\/es\/#\/schema\/logo\/image\/","url":"https:\/\/www.cgfmanet.org\/wp-content\/uploads\/2018\/10\/logo-fma.png","contentUrl":"https:\/\/www.cgfmanet.org\/wp-content\/uploads\/2018\/10\/logo-fma.png","width":214,"height":55,"caption":"Istituto Figlie di Maria Ausiliatrice"},"image":{"@id":"https:\/\/www.cgfmanet.org\/es\/#\/schema\/logo\/image\/"},"sameAs":["https:\/\/www.facebook.com\/salesian.sisters.of.don.bosco\/","https:\/\/x.com\/Cgfmanet_Org","https:\/\/www.youtube.com\/channel\/UCmcr8yFQBV7JXeXVxyV9y5Q"]},{"@type":"Person","@id":"https:\/\/www.cgfmanet.org\/es\/#\/schema\/person\/ce6473083f53ef0ef882cca23f0c8fb9","name":"Redazione"}]}},"_links":{"self":[{"href":"https:\/\/www.cgfmanet.org\/fr\/wp-json\/wp\/v2\/posts\/35475","targetHints":{"allow":["GET"]}}],"collection":[{"href":"https:\/\/www.cgfmanet.org\/fr\/wp-json\/wp\/v2\/posts"}],"about":[{"href":"https:\/\/www.cgfmanet.org\/fr\/wp-json\/wp\/v2\/types\/post"}],"author":[{"embeddable":true,"href":"https:\/\/www.cgfmanet.org\/fr\/wp-json\/wp\/v2\/users\/21"}],"replies":[{"embeddable":true,"href":"https:\/\/www.cgfmanet.org\/fr\/wp-json\/wp\/v2\/comments?post=35475"}],"version-history":[{"count":0,"href":"https:\/\/www.cgfmanet.org\/fr\/wp-json\/wp\/v2\/posts\/35475\/revisions"}],"wp:featuredmedia":[{"embeddable":true,"href":"https:\/\/www.cgfmanet.org\/fr\/wp-json\/wp\/v2\/media\/35465"}],"wp:attachment":[{"href":"https:\/\/www.cgfmanet.org\/fr\/wp-json\/wp\/v2\/media?parent=35475"}],"wp:term":[{"taxonomy":"category","embeddable":true,"href":"https:\/\/www.cgfmanet.org\/fr\/wp-json\/wp\/v2\/categories?post=35475"},{"taxonomy":"post_tag","embeddable":true,"href":"https:\/\/www.cgfmanet.org\/fr\/wp-json\/wp\/v2\/tags?post=35475"}],"curies":[{"name":"wp","href":"https:\/\/api.w.org\/{rel}","templated":true}]}}