{"id":25181,"date":"2020-05-12T10:45:38","date_gmt":"2020-05-12T08:45:38","guid":{"rendered":"https:\/\/www.cgfmanet.org\/info-sphere\/25166\/"},"modified":"2020-05-16T10:34:22","modified_gmt":"2020-05-16T08:34:22","slug":"marie-dominique-mazzarello-experience-feminine-du-charisme-salesien","status":"publish","type":"post","link":"https:\/\/www.cgfmanet.org\/fr\/ifma-fr\/charisme-salesien\/marie-dominique-mazzarello-experience-feminine-du-charisme-salesien\/","title":{"rendered":"Marie Dominique Mazzarello, exp\u00e9rience f\u00e9minine du charisme sal\u00e9sien"},"content":{"rendered":"<p><strong>Rome (Italie). <\/strong>La M\u00e8re G\u00e9n\u00e9rale de l\u2019Institut des FMA, sr. Yvonne Reungoat, invite toute les FMA \u00e0 vivre le Triduum (2019-2022) de pr\u00e9paration au 150<sup>e<\/sup> anniversaire de Fondation de l\u2019Institut des FMA en red\u00e9couvrant ensemble avec les Communaut\u00e9s Educatives et les Jeunes, <strong>la figure de M\u00e8re Mazzarello.<\/strong><\/p>\n<p>\u00ab\u00a0<em>Comme signe de communion nous proposons de <strong>vivre avec une solennit\u00e9 particuli\u00e8re la F\u00eate de Sainte Marie D. Mazzarello<\/strong> dans une pr\u00e9paration soign\u00e9e et responsable, laissant appara\u00eetre notre reconnaissance pour le don de sa saintet\u00e9 et pour l\u2019actualit\u00e9 de la mission sal\u00e9sienne dans le monde\u00a0<\/em>\u00bb (<a href=\"https:\/\/www.cgfmanet.org\/wp-content\/uploads\/2019\/08\/Circ-989-ita.pdf\" target=\"_blank\" rel=\"noopener noreferrer\">Circulaire 989<\/a>).<\/p>\n<p>On reporte ci-dessous le d\u00e9but d\u2019une Conf\u00e9rence de <a href=\"https:\/\/www.cgfmanet.org\/ifma\/carisma-salesiano\/per-la-raccolta-di-scritti-e-testimonianze-della-serva-di-dio-madre-rosetta-marchese-fma\/\" target=\"_blank\" rel=\"noopener noreferrer\">la Servante de Dieu M\u00e8re Rosette Marchese<\/a>, tenue en ao\u00fbt 1979 \u00e0 Francheville (France) \u00e0 l\u2019occasion de la \u00ab\u00a0Semaine de Spiritualit\u00e9 Sal\u00e9sienne\u00a0\u00bb dont le titre \u00e9tait\u00a0: \u00ab<strong>\u00a0<a href=\"https:\/\/drive.google.com\/file\/d\/1igjivaWStFHnqW3pIqzLriSk8Wsbjjfa\/view\" target=\"_blank\" rel=\"noopener noreferrer\">Marie Dominique Mazzarello, exp\u00e9rience f\u00e9minine du charisme sal\u00e9sien<\/a>\u00a0<\/strong>\u00bb.<\/p>\n<p>A partir de la biographie de Marie Dominique, M\u00e8re Rosetta d\u00e9crit les caract\u00e9ristiques de la sal\u00e9sianit\u00e9 f\u00e9minine.<\/p>\n<p>\u00ab\u00a0<em>Parmi les \u00e9ducateurs les plus connus, Sr. Marie Dominique occupe un poste de premier plan, m\u00eame si elle n\u2019a jamais \u00e9t\u00e9 une th\u00e9oricienne de l\u2019\u00e9ducation des jeunes. En fait, son exp\u00e9rience \u00e9ducative d\u00e9coule tout d\u2019abord d\u2019une pr\u00e9disposition naturelle inn\u00e9e qui la porte \u00e0 vouloir aider les autres \u00e0 la fois d\u2019un point de vue religieux et de fa\u00e7on la plus pragmatique, c\u2019est-\u00e0-dire savoir s\u2019abaisser dans le concret de la vie et s\u2019occuper des besoins les plus pressants des autres et des jeunes dans la n\u00e9cessit\u00e9 en particulier. L\u2019aide des malades et son adh\u00e9sion initiale et active \u00e0 la Pieuse Union des Filles de l\u2019Immacul\u00e9e, en t\u00e9moignent de mani\u00e8re irr\u00e9futable.<\/em><\/p>\n<p><em>Dot\u00e9e d\u2019une grande volont\u00e9 qui l\u2019a amen\u00e9e \u00e0 ne pas abandonner face aux difficult\u00e9s et \u00e0 une intelligence vive, forg\u00e9e d\u00e8s son plus jeune \u00e2ge au dur travail des champs, amoureuse de J\u00e9sus Eucharistique dont elle se nourrissait quotidiennement, Marie Dominique conservait en elle-m\u00eame <strong>une force d\u00e9bordante<\/strong> qui ne pouvait manquer d\u2019exploser en quelque chose de vraiment grand et \u00e9difiant. <\/em><\/p>\n<p><strong><em>L\u2019impulsion, la passion et l\u2019action, la douceur et la bienveillance<\/em><\/strong><em> \u00e9taient les pr\u00e9rogatives particuli\u00e8res de son intention \u00e9ducative fond\u00e9e sur la pr\u00e9vention, en accord avec l\u2019id\u00e9e p\u00e9dagogique de Don Bosco. L\u2019impulsion, la passion et l\u2019action dict\u00e9es non seulement par son temp\u00e9rament naturel, mais surtout par un fort d\u00e9sir de saintet\u00e9 et par une adh\u00e9sion efficace \u00e0 l\u2019appel progressif de Dieu ; douceur et bienveillance \u00e0 l\u2019imitation du c\u0153ur de son bien-aim\u00e9, douceur, humilit\u00e9 et bienveillance pour tous. <strong>Tout cela se traduira par un service d\u2019amour pour la jeunesse f\u00e9minine en termes d\u2019\u00e9ducation aux valeurs religieuses et d\u2019orientation de la vie,<\/strong> un programme \u00e9ducatif qui ne permettait pas d\u2019h\u00e9sitation ni de retard, compte tenu des besoins de la jeunesse de l\u2019\u00e9poque, et donc pas de ralentissement au fil du temps. Impulsion, passion, action, douceur et bienveillance au service des plus petits dans l\u2019esprit d\u2019une authentique charit\u00e9 chr\u00e9tienne.<\/em><\/p>\n<p><em>Sans doute, l\u2019\u00e9ducation religieuse re\u00e7ue en famille a \u00e9t\u00e9 la base de d\u00e9part pour la d\u00e9couverte de sa vocation la plus sp\u00e9cifique qui petit \u00e0 petit lui appara\u00eetra toujours plus manifeste et \u00e9vidente.<\/em><\/p>\n<p><em>La rencontre avec don Bosco devait lui ouvrir compl\u00e8tement les yeux et le c\u0153ur, tellement que dans son intuition de la saintet\u00e9 de l\u2019\u00e9ducateur et de la qualit\u00e9 de son projet apostolique, elle d\u00e9cida de se mettre \u00e0 sa suite comme une fid\u00e8le disciple. <strong>M\u00e8re Mazzarello comprit et adh\u00e9ra tellement fortement \u00e0 la vocation sal\u00e9sienne, en y employant toute sa sagesse, son amour et sa cr\u00e9ativit\u00e9 f\u00e9minine.<\/strong> \u00ab\u00a0A44 ans, le projet de Dieu sur elle s\u2019est r\u00e9alis\u00e9 et l\u2019exp\u00e9rience f\u00e9minine du charisme sal\u00e9sien &#8211; v\u00e9cu par elle, d\u2019abord instinctivement sous l\u2019impulsion de l\u2019Esprit Saint et puis consciemment, comme r\u00e9ponse \u00e0 la volont\u00e9 de Dieu \u2013 \u00e9tait une r\u00e9alit\u00e9 nouvelle, un don de l\u2019Esprit Saint \u00e0 l\u2019Eglise\u00a0\u00bb.<\/em><\/p>\n<p>L\u2019existence de Marie Dominique Mazzarello se d\u00e9roula dans un arc de 44 ans (1837-1881) surtout \u00e0 Morn\u00e8se, petit village agricole du Montferrat, dans la Province d\u2019Alexandrie. C\u2019\u00e9tait la premi\u00e8re de sept fr\u00e8res et soeurs, dans une famille soutenue surtout par la foi et par la sagesse de son papa Joseph, un homme honn\u00eate et laborieux. L\u2019aide apport\u00e9e \u00e0 sa maman Maria, pour \u00e9lever ses petits fr\u00e8res, lui permit de d\u00e9velopper en elle le sens de la maternit\u00e9 et le talent \u00e9ducatif.\u00a0\u00a0 <em>\u00a0\u00a0<\/em><\/p>\n<p>Au cours des ann\u00e9es, sa vie d\u2019union \u00e0 Dieu, centr\u00e9e sur l\u2019Eucharistie et v\u00e9cue sous le regard maternel de Marie, se fait toujours plus intense, sous la guide spirituelle de don Dominique Pestarino. L\u2019exp\u00e9rience de la maladie du typhus, avec ses cons\u00e9quences d\u2019affaiblissement du physique, d\u00e9termin\u00e8rent dans la vie de Marie Dominique \u00ab\u00a0un changement de parcours\u00a0\u00bb, jusqu\u2019\u00e0 la rencontre de don Bosco en 1864, qui fit grandir encore plus en elle la d\u00e9termination \u00e0 se d\u00e9penser enti\u00e8rement pour la jeunesse, dans le sillon du Saint \u00e9ducateur. Le 5 ao\u00fbt 1872, date qui marque la naissance de l\u2019Institut des Filles de Marie Auxiliatrice, elle \u00e9met ses v\u0153ux avec 11 de ses compagnes, en pr\u00e9sence de l\u2019Ev\u00eaque d\u2019Acqui et de Don Bosco\u00a0\u00bb.<\/p>\n<p>M\u00e8re Yvonne Reungoat encourage les FMA \u00e0 s\u2019engager pour \u00eatre dans l\u2019Eglise des t\u00e9moins et des cr\u00e9atrices des nuances f\u00e9minines du charisme \u00e9ducatif de l\u2019Institut.<\/p>\n<p>\u00ab\u00a0Que l<em>e t\u00e9moignage de M\u00e8re Mazzarello inspire nos communaut\u00e9s dans l\u2019engagement d\u2019assumer avec un amour nouveau les Constitutions et le \u00ab\u00a0Syst\u00e8me Pr\u00e9ventif\u00a0\u00bb, nous voulons t\u00e9moigner des nuances f\u00e9minines du charisme \u00e9ducatif de l\u2019Institut\u00a0\u00bb (Circulaire 989). <\/em><\/p>\n","protected":false},"excerpt":{"rendered":"<p>Le 13 mai 2020 on c\u00e9l\u00e8bre la f\u00eate de Sainte Marie Dominique Mazzarello, Co-fondatrice de l\u2019Institut des Filles de Marie Auxiliatrice. <\/p>\n","protected":false},"author":21,"featured_media":25174,"comment_status":"open","ping_status":"closed","sticky":false,"template":"","format":"standard","meta":{"footnotes":""},"categories":[164,156],"tags":[373,1282,1660,1929,2113],"class_list":["post-25181","post","type-post","status-publish","format-standard","has-post-thumbnail","category-charisme-salesien","category-ifma-fr","tag-mere-yvonne-reungoat","tag-mere-mazzarello","tag-spiritualita-salesiana-fr","tag-focus-fr","tag-madre-rosetta-marchese-fr"],"yoast_head":"<!-- This site is optimized with the Yoast SEO plugin v27.4 - https:\/\/yoast.com\/product\/yoast-seo-wordpress\/ -->\n<title>Marie Dominique Mazzarello, exp\u00e9rience f\u00e9minine du charisme sal\u00e9sien &#8226; Istituto Figlie di Maria Ausiliatrice<\/title>\n<meta name=\"description\" content=\"Le 13 mai 2020 on c\u00e9l\u00e8bre la f\u00eate de Sainte Marie Dominique Mazzarello, Co-fondatrice de l\u2019Institut des Filles de Marie Auxiliatrice.\" \/>\n<meta name=\"robots\" content=\"index, follow, max-snippet:-1, max-image-preview:large, max-video-preview:-1\" \/>\n<link rel=\"canonical\" href=\"https:\/\/www.cgfmanet.org\/fr\/ifma-fr\/charisme-salesien\/marie-dominique-mazzarello-experience-feminine-du-charisme-salesien\/\" \/>\n<meta property=\"og:locale\" content=\"fr_FR\" \/>\n<meta property=\"og:type\" content=\"article\" \/>\n<meta property=\"og:title\" content=\"Marie Dominique Mazzarello, exp\u00e9rience f\u00e9minine du charisme sal\u00e9sien &#8226; Istituto Figlie di Maria Ausiliatrice\" \/>\n<meta property=\"og:description\" content=\"Le 13 mai 2020 on c\u00e9l\u00e8bre la f\u00eate de Sainte Marie Dominique Mazzarello, Co-fondatrice de l\u2019Institut des Filles de Marie Auxiliatrice.\" \/>\n<meta property=\"og:url\" content=\"https:\/\/www.cgfmanet.org\/fr\/ifma-fr\/charisme-salesien\/marie-dominique-mazzarello-experience-feminine-du-charisme-salesien\/\" \/>\n<meta property=\"og:site_name\" content=\"Istituto Figlie di Maria Ausiliatrice\" \/>\n<meta property=\"article:publisher\" content=\"https:\/\/www.facebook.com\/salesian.sisters.of.don.bosco\/\" \/>\n<meta property=\"article:published_time\" content=\"2020-05-12T08:45:38+00:00\" \/>\n<meta property=\"article:modified_time\" content=\"2020-05-16T08:34:22+00:00\" \/>\n<meta property=\"og:image\" content=\"https:\/\/www.cgfmanet.org\/wp-content\/uploads\/2020\/05\/Madre-Mazzarello_Mornese.jpg\" \/>\n\t<meta property=\"og:image:width\" content=\"1181\" \/>\n\t<meta property=\"og:image:height\" content=\"787\" \/>\n\t<meta property=\"og:image:type\" content=\"image\/jpeg\" \/>\n<meta name=\"author\" content=\"Redazione\" \/>\n<meta name=\"twitter:card\" content=\"summary_large_image\" \/>\n<meta name=\"twitter:creator\" content=\"@Cgfmanet_Org\" \/>\n<meta name=\"twitter:site\" content=\"@Cgfmanet_Org\" \/>\n<meta name=\"twitter:label1\" content=\"\u00c9crit par\" \/>\n\t<meta name=\"twitter:data1\" content=\"Redazione\" \/>\n\t<meta name=\"twitter:label2\" content=\"Dur\u00e9e de lecture estim\u00e9e\" \/>\n\t<meta name=\"twitter:data2\" content=\"5 minutes\" \/>\n<script type=\"application\/ld+json\" class=\"yoast-schema-graph\">{\"@context\":\"https:\\\/\\\/schema.org\",\"@graph\":[{\"@type\":\"Article\",\"@id\":\"https:\\\/\\\/www.cgfmanet.org\\\/fr\\\/ifma-fr\\\/charisme-salesien\\\/marie-dominique-mazzarello-experience-feminine-du-charisme-salesien\\\/#article\",\"isPartOf\":{\"@id\":\"https:\\\/\\\/www.cgfmanet.org\\\/fr\\\/ifma-fr\\\/charisme-salesien\\\/marie-dominique-mazzarello-experience-feminine-du-charisme-salesien\\\/\"},\"author\":{\"name\":\"Redazione\",\"@id\":\"https:\\\/\\\/www.cgfmanet.org\\\/es\\\/#\\\/schema\\\/person\\\/ce6473083f53ef0ef882cca23f0c8fb9\"},\"headline\":\"Marie Dominique Mazzarello, exp\u00e9rience f\u00e9minine du charisme sal\u00e9sien\",\"datePublished\":\"2020-05-12T08:45:38+00:00\",\"dateModified\":\"2020-05-16T08:34:22+00:00\",\"mainEntityOfPage\":{\"@id\":\"https:\\\/\\\/www.cgfmanet.org\\\/fr\\\/ifma-fr\\\/charisme-salesien\\\/marie-dominique-mazzarello-experience-feminine-du-charisme-salesien\\\/\"},\"wordCount\":1033,\"commentCount\":0,\"publisher\":{\"@id\":\"https:\\\/\\\/www.cgfmanet.org\\\/es\\\/#organization\"},\"image\":{\"@id\":\"https:\\\/\\\/www.cgfmanet.org\\\/fr\\\/ifma-fr\\\/charisme-salesien\\\/marie-dominique-mazzarello-experience-feminine-du-charisme-salesien\\\/#primaryimage\"},\"thumbnailUrl\":\"https:\\\/\\\/www.cgfmanet.org\\\/wp-content\\\/uploads\\\/2020\\\/05\\\/Madre-Mazzarello_Mornese.jpg\",\"keywords\":[\"M\u00e8re Yvonne Reungoat\",\"M\u00e8re Mazzarello\",\"Spiritualit\u00e0 Salesiana\",\"Focus\",\"Madre Rosetta Marchese\"],\"articleSection\":[\"Charisme Sal\u00e9sien\",\"IFMA\"],\"inLanguage\":\"fr-FR\",\"potentialAction\":[{\"@type\":\"CommentAction\",\"name\":\"Comment\",\"target\":[\"https:\\\/\\\/www.cgfmanet.org\\\/fr\\\/ifma-fr\\\/charisme-salesien\\\/marie-dominique-mazzarello-experience-feminine-du-charisme-salesien\\\/#respond\"]}]},{\"@type\":\"WebPage\",\"@id\":\"https:\\\/\\\/www.cgfmanet.org\\\/fr\\\/ifma-fr\\\/charisme-salesien\\\/marie-dominique-mazzarello-experience-feminine-du-charisme-salesien\\\/\",\"url\":\"https:\\\/\\\/www.cgfmanet.org\\\/fr\\\/ifma-fr\\\/charisme-salesien\\\/marie-dominique-mazzarello-experience-feminine-du-charisme-salesien\\\/\",\"name\":\"Marie Dominique Mazzarello, exp\u00e9rience f\u00e9minine du charisme sal\u00e9sien &#8226; Istituto Figlie di Maria Ausiliatrice\",\"isPartOf\":{\"@id\":\"https:\\\/\\\/www.cgfmanet.org\\\/es\\\/#website\"},\"primaryImageOfPage\":{\"@id\":\"https:\\\/\\\/www.cgfmanet.org\\\/fr\\\/ifma-fr\\\/charisme-salesien\\\/marie-dominique-mazzarello-experience-feminine-du-charisme-salesien\\\/#primaryimage\"},\"image\":{\"@id\":\"https:\\\/\\\/www.cgfmanet.org\\\/fr\\\/ifma-fr\\\/charisme-salesien\\\/marie-dominique-mazzarello-experience-feminine-du-charisme-salesien\\\/#primaryimage\"},\"thumbnailUrl\":\"https:\\\/\\\/www.cgfmanet.org\\\/wp-content\\\/uploads\\\/2020\\\/05\\\/Madre-Mazzarello_Mornese.jpg\",\"datePublished\":\"2020-05-12T08:45:38+00:00\",\"dateModified\":\"2020-05-16T08:34:22+00:00\",\"description\":\"Le 13 mai 2020 on c\u00e9l\u00e8bre la f\u00eate de Sainte Marie Dominique Mazzarello, Co-fondatrice de l\u2019Institut des Filles de Marie Auxiliatrice.\",\"breadcrumb\":{\"@id\":\"https:\\\/\\\/www.cgfmanet.org\\\/fr\\\/ifma-fr\\\/charisme-salesien\\\/marie-dominique-mazzarello-experience-feminine-du-charisme-salesien\\\/#breadcrumb\"},\"inLanguage\":\"fr-FR\",\"potentialAction\":[{\"@type\":\"ReadAction\",\"target\":[\"https:\\\/\\\/www.cgfmanet.org\\\/fr\\\/ifma-fr\\\/charisme-salesien\\\/marie-dominique-mazzarello-experience-feminine-du-charisme-salesien\\\/\"]}]},{\"@type\":\"ImageObject\",\"inLanguage\":\"fr-FR\",\"@id\":\"https:\\\/\\\/www.cgfmanet.org\\\/fr\\\/ifma-fr\\\/charisme-salesien\\\/marie-dominique-mazzarello-experience-feminine-du-charisme-salesien\\\/#primaryimage\",\"url\":\"https:\\\/\\\/www.cgfmanet.org\\\/wp-content\\\/uploads\\\/2020\\\/05\\\/Madre-Mazzarello_Mornese.jpg\",\"contentUrl\":\"https:\\\/\\\/www.cgfmanet.org\\\/wp-content\\\/uploads\\\/2020\\\/05\\\/Madre-Mazzarello_Mornese.jpg\",\"width\":1181,\"height\":787},{\"@type\":\"BreadcrumbList\",\"@id\":\"https:\\\/\\\/www.cgfmanet.org\\\/fr\\\/ifma-fr\\\/charisme-salesien\\\/marie-dominique-mazzarello-experience-feminine-du-charisme-salesien\\\/#breadcrumb\",\"itemListElement\":[{\"@type\":\"ListItem\",\"position\":1,\"name\":\"Home\",\"item\":\"https:\\\/\\\/www.cgfmanet.org\\\/fr\\\/\"},{\"@type\":\"ListItem\",\"position\":2,\"name\":\"Marie Dominique Mazzarello, exp\u00e9rience f\u00e9minine du charisme sal\u00e9sien\"}]},{\"@type\":\"WebSite\",\"@id\":\"https:\\\/\\\/www.cgfmanet.org\\\/es\\\/#website\",\"url\":\"https:\\\/\\\/www.cgfmanet.org\\\/es\\\/\",\"name\":\"Istituto Figlie di Maria Ausiliatrice\",\"description\":\"Salesiane di Don Bosco\",\"publisher\":{\"@id\":\"https:\\\/\\\/www.cgfmanet.org\\\/es\\\/#organization\"},\"potentialAction\":[{\"@type\":\"SearchAction\",\"target\":{\"@type\":\"EntryPoint\",\"urlTemplate\":\"https:\\\/\\\/www.cgfmanet.org\\\/es\\\/?s={search_term_string}\"},\"query-input\":{\"@type\":\"PropertyValueSpecification\",\"valueRequired\":true,\"valueName\":\"search_term_string\"}}],\"inLanguage\":\"fr-FR\"},{\"@type\":\"Organization\",\"@id\":\"https:\\\/\\\/www.cgfmanet.org\\\/es\\\/#organization\",\"name\":\"Istituto Figlie di Maria Ausiliatrice\",\"url\":\"https:\\\/\\\/www.cgfmanet.org\\\/es\\\/\",\"logo\":{\"@type\":\"ImageObject\",\"inLanguage\":\"fr-FR\",\"@id\":\"https:\\\/\\\/www.cgfmanet.org\\\/es\\\/#\\\/schema\\\/logo\\\/image\\\/\",\"url\":\"https:\\\/\\\/www.cgfmanet.org\\\/wp-content\\\/uploads\\\/2018\\\/10\\\/logo-fma.png\",\"contentUrl\":\"https:\\\/\\\/www.cgfmanet.org\\\/wp-content\\\/uploads\\\/2018\\\/10\\\/logo-fma.png\",\"width\":214,\"height\":55,\"caption\":\"Istituto Figlie di Maria Ausiliatrice\"},\"image\":{\"@id\":\"https:\\\/\\\/www.cgfmanet.org\\\/es\\\/#\\\/schema\\\/logo\\\/image\\\/\"},\"sameAs\":[\"https:\\\/\\\/www.facebook.com\\\/salesian.sisters.of.don.bosco\\\/\",\"https:\\\/\\\/x.com\\\/Cgfmanet_Org\",\"https:\\\/\\\/www.youtube.com\\\/channel\\\/UCmcr8yFQBV7JXeXVxyV9y5Q\"]},{\"@type\":\"Person\",\"@id\":\"https:\\\/\\\/www.cgfmanet.org\\\/es\\\/#\\\/schema\\\/person\\\/ce6473083f53ef0ef882cca23f0c8fb9\",\"name\":\"Redazione\"}]}<\/script>\n<!-- \/ Yoast SEO plugin. -->","yoast_head_json":{"title":"Marie Dominique Mazzarello, exp\u00e9rience f\u00e9minine du charisme sal\u00e9sien &#8226; Istituto Figlie di Maria Ausiliatrice","description":"Le 13 mai 2020 on c\u00e9l\u00e8bre la f\u00eate de Sainte Marie Dominique Mazzarello, Co-fondatrice de l\u2019Institut des Filles de Marie Auxiliatrice.","robots":{"index":"index","follow":"follow","max-snippet":"max-snippet:-1","max-image-preview":"max-image-preview:large","max-video-preview":"max-video-preview:-1"},"canonical":"https:\/\/www.cgfmanet.org\/fr\/ifma-fr\/charisme-salesien\/marie-dominique-mazzarello-experience-feminine-du-charisme-salesien\/","og_locale":"fr_FR","og_type":"article","og_title":"Marie Dominique Mazzarello, exp\u00e9rience f\u00e9minine du charisme sal\u00e9sien &#8226; Istituto Figlie di Maria Ausiliatrice","og_description":"Le 13 mai 2020 on c\u00e9l\u00e8bre la f\u00eate de Sainte Marie Dominique Mazzarello, Co-fondatrice de l\u2019Institut des Filles de Marie Auxiliatrice.","og_url":"https:\/\/www.cgfmanet.org\/fr\/ifma-fr\/charisme-salesien\/marie-dominique-mazzarello-experience-feminine-du-charisme-salesien\/","og_site_name":"Istituto Figlie di Maria Ausiliatrice","article_publisher":"https:\/\/www.facebook.com\/salesian.sisters.of.don.bosco\/","article_published_time":"2020-05-12T08:45:38+00:00","article_modified_time":"2020-05-16T08:34:22+00:00","og_image":[{"width":1181,"height":787,"url":"https:\/\/www.cgfmanet.org\/wp-content\/uploads\/2020\/05\/Madre-Mazzarello_Mornese.jpg","type":"image\/jpeg"}],"author":"Redazione","twitter_card":"summary_large_image","twitter_creator":"@Cgfmanet_Org","twitter_site":"@Cgfmanet_Org","twitter_misc":{"\u00c9crit par":"Redazione","Dur\u00e9e de lecture estim\u00e9e":"5 minutes"},"schema":{"@context":"https:\/\/schema.org","@graph":[{"@type":"Article","@id":"https:\/\/www.cgfmanet.org\/fr\/ifma-fr\/charisme-salesien\/marie-dominique-mazzarello-experience-feminine-du-charisme-salesien\/#article","isPartOf":{"@id":"https:\/\/www.cgfmanet.org\/fr\/ifma-fr\/charisme-salesien\/marie-dominique-mazzarello-experience-feminine-du-charisme-salesien\/"},"author":{"name":"Redazione","@id":"https:\/\/www.cgfmanet.org\/es\/#\/schema\/person\/ce6473083f53ef0ef882cca23f0c8fb9"},"headline":"Marie Dominique Mazzarello, exp\u00e9rience f\u00e9minine du charisme sal\u00e9sien","datePublished":"2020-05-12T08:45:38+00:00","dateModified":"2020-05-16T08:34:22+00:00","mainEntityOfPage":{"@id":"https:\/\/www.cgfmanet.org\/fr\/ifma-fr\/charisme-salesien\/marie-dominique-mazzarello-experience-feminine-du-charisme-salesien\/"},"wordCount":1033,"commentCount":0,"publisher":{"@id":"https:\/\/www.cgfmanet.org\/es\/#organization"},"image":{"@id":"https:\/\/www.cgfmanet.org\/fr\/ifma-fr\/charisme-salesien\/marie-dominique-mazzarello-experience-feminine-du-charisme-salesien\/#primaryimage"},"thumbnailUrl":"https:\/\/www.cgfmanet.org\/wp-content\/uploads\/2020\/05\/Madre-Mazzarello_Mornese.jpg","keywords":["M\u00e8re Yvonne Reungoat","M\u00e8re Mazzarello","Spiritualit\u00e0 Salesiana","Focus","Madre Rosetta Marchese"],"articleSection":["Charisme Sal\u00e9sien","IFMA"],"inLanguage":"fr-FR","potentialAction":[{"@type":"CommentAction","name":"Comment","target":["https:\/\/www.cgfmanet.org\/fr\/ifma-fr\/charisme-salesien\/marie-dominique-mazzarello-experience-feminine-du-charisme-salesien\/#respond"]}]},{"@type":"WebPage","@id":"https:\/\/www.cgfmanet.org\/fr\/ifma-fr\/charisme-salesien\/marie-dominique-mazzarello-experience-feminine-du-charisme-salesien\/","url":"https:\/\/www.cgfmanet.org\/fr\/ifma-fr\/charisme-salesien\/marie-dominique-mazzarello-experience-feminine-du-charisme-salesien\/","name":"Marie Dominique Mazzarello, exp\u00e9rience f\u00e9minine du charisme sal\u00e9sien &#8226; Istituto Figlie di Maria Ausiliatrice","isPartOf":{"@id":"https:\/\/www.cgfmanet.org\/es\/#website"},"primaryImageOfPage":{"@id":"https:\/\/www.cgfmanet.org\/fr\/ifma-fr\/charisme-salesien\/marie-dominique-mazzarello-experience-feminine-du-charisme-salesien\/#primaryimage"},"image":{"@id":"https:\/\/www.cgfmanet.org\/fr\/ifma-fr\/charisme-salesien\/marie-dominique-mazzarello-experience-feminine-du-charisme-salesien\/#primaryimage"},"thumbnailUrl":"https:\/\/www.cgfmanet.org\/wp-content\/uploads\/2020\/05\/Madre-Mazzarello_Mornese.jpg","datePublished":"2020-05-12T08:45:38+00:00","dateModified":"2020-05-16T08:34:22+00:00","description":"Le 13 mai 2020 on c\u00e9l\u00e8bre la f\u00eate de Sainte Marie Dominique Mazzarello, Co-fondatrice de l\u2019Institut des Filles de Marie Auxiliatrice.","breadcrumb":{"@id":"https:\/\/www.cgfmanet.org\/fr\/ifma-fr\/charisme-salesien\/marie-dominique-mazzarello-experience-feminine-du-charisme-salesien\/#breadcrumb"},"inLanguage":"fr-FR","potentialAction":[{"@type":"ReadAction","target":["https:\/\/www.cgfmanet.org\/fr\/ifma-fr\/charisme-salesien\/marie-dominique-mazzarello-experience-feminine-du-charisme-salesien\/"]}]},{"@type":"ImageObject","inLanguage":"fr-FR","@id":"https:\/\/www.cgfmanet.org\/fr\/ifma-fr\/charisme-salesien\/marie-dominique-mazzarello-experience-feminine-du-charisme-salesien\/#primaryimage","url":"https:\/\/www.cgfmanet.org\/wp-content\/uploads\/2020\/05\/Madre-Mazzarello_Mornese.jpg","contentUrl":"https:\/\/www.cgfmanet.org\/wp-content\/uploads\/2020\/05\/Madre-Mazzarello_Mornese.jpg","width":1181,"height":787},{"@type":"BreadcrumbList","@id":"https:\/\/www.cgfmanet.org\/fr\/ifma-fr\/charisme-salesien\/marie-dominique-mazzarello-experience-feminine-du-charisme-salesien\/#breadcrumb","itemListElement":[{"@type":"ListItem","position":1,"name":"Home","item":"https:\/\/www.cgfmanet.org\/fr\/"},{"@type":"ListItem","position":2,"name":"Marie Dominique Mazzarello, exp\u00e9rience f\u00e9minine du charisme sal\u00e9sien"}]},{"@type":"WebSite","@id":"https:\/\/www.cgfmanet.org\/es\/#website","url":"https:\/\/www.cgfmanet.org\/es\/","name":"Istituto Figlie di Maria Ausiliatrice","description":"Salesiane di Don Bosco","publisher":{"@id":"https:\/\/www.cgfmanet.org\/es\/#organization"},"potentialAction":[{"@type":"SearchAction","target":{"@type":"EntryPoint","urlTemplate":"https:\/\/www.cgfmanet.org\/es\/?s={search_term_string}"},"query-input":{"@type":"PropertyValueSpecification","valueRequired":true,"valueName":"search_term_string"}}],"inLanguage":"fr-FR"},{"@type":"Organization","@id":"https:\/\/www.cgfmanet.org\/es\/#organization","name":"Istituto Figlie di Maria Ausiliatrice","url":"https:\/\/www.cgfmanet.org\/es\/","logo":{"@type":"ImageObject","inLanguage":"fr-FR","@id":"https:\/\/www.cgfmanet.org\/es\/#\/schema\/logo\/image\/","url":"https:\/\/www.cgfmanet.org\/wp-content\/uploads\/2018\/10\/logo-fma.png","contentUrl":"https:\/\/www.cgfmanet.org\/wp-content\/uploads\/2018\/10\/logo-fma.png","width":214,"height":55,"caption":"Istituto Figlie di Maria Ausiliatrice"},"image":{"@id":"https:\/\/www.cgfmanet.org\/es\/#\/schema\/logo\/image\/"},"sameAs":["https:\/\/www.facebook.com\/salesian.sisters.of.don.bosco\/","https:\/\/x.com\/Cgfmanet_Org","https:\/\/www.youtube.com\/channel\/UCmcr8yFQBV7JXeXVxyV9y5Q"]},{"@type":"Person","@id":"https:\/\/www.cgfmanet.org\/es\/#\/schema\/person\/ce6473083f53ef0ef882cca23f0c8fb9","name":"Redazione"}]}},"_links":{"self":[{"href":"https:\/\/www.cgfmanet.org\/fr\/wp-json\/wp\/v2\/posts\/25181","targetHints":{"allow":["GET"]}}],"collection":[{"href":"https:\/\/www.cgfmanet.org\/fr\/wp-json\/wp\/v2\/posts"}],"about":[{"href":"https:\/\/www.cgfmanet.org\/fr\/wp-json\/wp\/v2\/types\/post"}],"author":[{"embeddable":true,"href":"https:\/\/www.cgfmanet.org\/fr\/wp-json\/wp\/v2\/users\/21"}],"replies":[{"embeddable":true,"href":"https:\/\/www.cgfmanet.org\/fr\/wp-json\/wp\/v2\/comments?post=25181"}],"version-history":[{"count":0,"href":"https:\/\/www.cgfmanet.org\/fr\/wp-json\/wp\/v2\/posts\/25181\/revisions"}],"wp:featuredmedia":[{"embeddable":true,"href":"https:\/\/www.cgfmanet.org\/fr\/wp-json\/wp\/v2\/media\/25174"}],"wp:attachment":[{"href":"https:\/\/www.cgfmanet.org\/fr\/wp-json\/wp\/v2\/media?parent=25181"}],"wp:term":[{"taxonomy":"category","embeddable":true,"href":"https:\/\/www.cgfmanet.org\/fr\/wp-json\/wp\/v2\/categories?post=25181"},{"taxonomy":"post_tag","embeddable":true,"href":"https:\/\/www.cgfmanet.org\/fr\/wp-json\/wp\/v2\/tags?post=25181"}],"curies":[{"name":"wp","href":"https:\/\/api.w.org\/{rel}","templated":true}]}}