{"id":19514,"date":"2020-02-08T10:00:05","date_gmt":"2020-02-08T09:00:05","guid":{"rendered":"https:\/\/www.cgfmanet.org\/info-sphere\/presentazione-dellesortazione-apostolica-post-sinodale-querida-amazonia\/"},"modified":"2020-02-10T12:31:28","modified_gmt":"2020-02-10T11:31:28","slug":"presentation-de-lexhortation-apostolique-post-synodale-querida-amazonia","status":"publish","type":"post","link":"https:\/\/www.cgfmanet.org\/fr\/info-sphere\/eglise\/presentation-de-lexhortation-apostolique-post-synodale-querida-amazonia\/","title":{"rendered":"Pr\u00e9sentation de l\u2019Exhortation Apostolique post-synodale \u2018\u2019Querida Amazonia\u2019\u2019"},"content":{"rendered":"<p><strong>Rome (Italie)<\/strong> Le 12 f\u00e9vrier 2020, \u00e0 13h, dans la grande Salle Jean Paul II, de la Salle de Presse du Saint Si\u00e8ge, se tiendra la Conf\u00e9rence de Presse de Pr\u00e9sentation de l\u2019Exhortation Apostolique post synodale du Saint P\u00e8re Fran\u00e7ois.<\/p>\n<p><strong>Querida Amazonia<\/strong>\u00a0\u2013 ch\u00e8re Amazonie, adjectif qui exprime une grande proximit\u00e9, comme si le Pape Fran\u00e7ois s\u2019adressait \u00e0 elle comme \u00e0 une personne \u2013 c\u2019est le titre de l\u2019Exhortation, fruit de l\u2019Assembl\u00e9e Sp\u00e9ciale du Synode des Ev\u00eaques pour la R\u00e9gion Pan- amazonienne, <em>Amazonie\u00a0: nouveaux chemins pour l\u2019Eglise et pour une \u00e9cologie int\u00e9grale<\/em> qui s\u2019est d\u00e9roul\u00e9e \u00e0 Rome du 6 au 27 octobre 2019.<\/p>\n<p>Le document attendu se veut la conclusion d\u2019un chemin commenc\u00e9 par le Pape Fran\u00e7ois le 15 octobre 2017, quand il a annonc\u00e9 la convocation d\u2019un Synode Sp\u00e9cial pour l\u2019Amazonie, suivie de sa visite \u00e0 Puerto Maldonado, au c\u0153ur de la for\u00eat amazonienne p\u00e9ruvienne, le 19 janvier 2018. Le processus d\u2019\u00e9coute synodale et un sondage entre les communaut\u00e9s amazoniennes, commenc\u00e9 dans cette m\u00eame R\u00e9gion ont conduit \u00e0 la r\u00e9daction de l\u2019Instrumentum Laboris du Synode, du 17 juin 2019. Apr\u00e8s les trois semaines d\u2019Assembl\u00e9e, \u00e0 partir de la confrontation entre les 184 p\u00e8res synodaux, parmi lesquels 55 auditeurs et auditrices en provenance majoritairement de la r\u00e9gion pan-amazonienne, le 26 octobre 2019 le document final est paru.<\/p>\n<p>Parmi les <a href=\"https:\/\/www.cgfmanet.org\/fr\/ifma-fr\/charisme-salesien\/il-sinodo-continua\/\">partecipanti al Sinodo<\/a>, en qualit\u00e9 d\u2019auditrices, il y avait aussi deux Filles de Marie Auxiliatrice Sr. Maria Carmelita de Lima Concei\u00e7\u00e3o, Provinciale de la Province Laura Vicu\u00f1a di Manaus (BMA) et Sr. Marilucedos Santos Mesquita de la Province (BMT).<\/p>\n<p>Le 12 f\u00e9vrier est aussi une date significative car c\u2019est l\u2019anniversaire de la mort de sr. Dorothy Stang, missionnaire de la Congr\u00e9gation des s\u0153urs de Notre Dame de Namur, tu\u00e9e par six coups de pistolet au matin du 12 f\u00e9vrier 2005 au Br\u00e9sil, au milieu de la foret amazonienne, o\u00f9 elle \u00e9tait devenue une pr\u00e9sence humble et un point de r\u00e9f\u00e9rence pour les familles de paysans \u00e0 la merci des grands int\u00e9r\u00eats \u00e9conomiques qui cherchaient \u00e0 leur arracher leur terre.<\/p>\n<p>A la Conf\u00e9rence de Presse sont intervenus le <strong>Cardinal Lorenzo Baldissert, <\/strong>Secr\u00e9taire G\u00e9n\u00e9ral du Synode des Ev\u00eaques, le <strong>Cardinal Michael Czerny, <\/strong>J\u00e9suite Sous Secr\u00e9taire de la section des Migrants et des R\u00e9fugi\u00e9s du Dicast\u00e8re pour le Service Humain int\u00e9gral, Secr\u00e9taire Sp\u00e9cial du Synode des Ev\u00eaques pour la R\u00e9gion Pan Amazonienne, le <strong>P\u00e8re<\/strong> <strong>Adelson Araujodos Santos, <\/strong>J\u00e9suite, Th\u00e9ologien et Professeur de spiritualit\u00e9 \u00e0 l\u2019Universit\u00e9 Pontificale Gr\u00e9gorienne, <strong>sr. Augusta de Oliveira<\/strong>, Vicaire G\u00e9n\u00e9rale des Servantes de Marie R\u00e9paratrices, le <strong>Professeur Carlos Nobre<\/strong>, Scientifique, Prix Nobel 2007, Membre de la Commission des Sciences de l\u2019environnement du Conseil National du D\u00e9veloppement Scientifique et Technologique sera pr\u00e9sent par une vid\u00e9o, <strong>Mgr David Martinez de Aguirre Guinea,<\/strong> dominicain, Ev\u00eaque du Vicariat de Puerto Maldonado, Secr\u00e9taire Sp\u00e9cial du Synode pour la R\u00e9gion Pan-Amazonienne.<\/p>\n","protected":false},"excerpt":{"rendered":"<p>Le 12 f\u00e9vrier 2020 sera pr\u00e9sent\u00e9e aux journalistes l\u2019Exhortation Apostolique post-synodale du Saint P\u00e8re Fran\u00e7ois \u201cQuerida Amazonia\u201d. <\/p>\n","protected":false},"author":21,"featured_media":19508,"comment_status":"open","ping_status":"closed","sticky":false,"template":"","format":"standard","meta":{"footnotes":""},"categories":[36,188],"tags":[408,1823,1867,1929],"class_list":["post-19514","post","type-post","status-publish","format-standard","has-post-thumbnail","category-info-sphere","category-eglise","tag-pape-francois","tag-synode","tag-ecologia-fr","tag-focus-fr"],"yoast_head":"<!-- This site is optimized with the Yoast SEO plugin v27.4 - https:\/\/yoast.com\/product\/yoast-seo-wordpress\/ -->\n<title>Pr\u00e9sentation de l\u2019Exhortation Apostolique post-synodale \u2018\u2019Querida Amazonia\u2019\u2019 &#8226; Istituto Figlie di Maria Ausiliatrice<\/title>\n<meta name=\"description\" content=\"Le 12 f\u00e9vrier 2020 sera pr\u00e9sent\u00e9e aux journalistes l\u2019Exhortation Apostolique post-synodale du Saint P\u00e8re Fran\u00e7ois \u201cQuerida Amazonia\u201d.\" \/>\n<meta name=\"robots\" content=\"index, follow, max-snippet:-1, max-image-preview:large, max-video-preview:-1\" \/>\n<link rel=\"canonical\" href=\"https:\/\/www.cgfmanet.org\/fr\/info-sphere\/eglise\/presentation-de-lexhortation-apostolique-post-synodale-querida-amazonia\/\" \/>\n<meta property=\"og:locale\" content=\"fr_FR\" \/>\n<meta property=\"og:type\" content=\"article\" \/>\n<meta property=\"og:title\" content=\"Pr\u00e9sentation de l\u2019Exhortation Apostolique post-synodale \u2018\u2019Querida Amazonia\u2019\u2019 &#8226; Istituto Figlie di Maria Ausiliatrice\" \/>\n<meta property=\"og:description\" content=\"Le 12 f\u00e9vrier 2020 sera pr\u00e9sent\u00e9e aux journalistes l\u2019Exhortation Apostolique post-synodale du Saint P\u00e8re Fran\u00e7ois \u201cQuerida Amazonia\u201d.\" \/>\n<meta property=\"og:url\" content=\"https:\/\/www.cgfmanet.org\/fr\/info-sphere\/eglise\/presentation-de-lexhortation-apostolique-post-synodale-querida-amazonia\/\" \/>\n<meta property=\"og:site_name\" content=\"Istituto Figlie di Maria Ausiliatrice\" \/>\n<meta property=\"article:publisher\" content=\"https:\/\/www.facebook.com\/salesian.sisters.of.don.bosco\/\" \/>\n<meta property=\"article:published_time\" content=\"2020-02-08T09:00:05+00:00\" \/>\n<meta property=\"article:modified_time\" content=\"2020-02-10T11:31:28+00:00\" \/>\n<meta property=\"og:image\" content=\"https:\/\/www.cgfmanet.org\/wp-content\/uploads\/2020\/02\/sinodo-Amazzonia_esortazione.jpg\" \/>\n\t<meta property=\"og:image:width\" content=\"772\" \/>\n\t<meta property=\"og:image:height\" content=\"460\" \/>\n\t<meta property=\"og:image:type\" content=\"image\/jpeg\" \/>\n<meta name=\"author\" content=\"Redazione\" \/>\n<meta name=\"twitter:card\" content=\"summary_large_image\" \/>\n<meta name=\"twitter:creator\" content=\"@Cgfmanet_Org\" \/>\n<meta name=\"twitter:site\" content=\"@Cgfmanet_Org\" \/>\n<meta name=\"twitter:label1\" content=\"\u00c9crit par\" \/>\n\t<meta name=\"twitter:data1\" content=\"Redazione\" \/>\n\t<meta name=\"twitter:label2\" content=\"Dur\u00e9e de lecture estim\u00e9e\" \/>\n\t<meta name=\"twitter:data2\" content=\"3 minutes\" \/>\n<script type=\"application\/ld+json\" class=\"yoast-schema-graph\">{\"@context\":\"https:\\\/\\\/schema.org\",\"@graph\":[{\"@type\":\"Article\",\"@id\":\"https:\\\/\\\/www.cgfmanet.org\\\/fr\\\/info-sphere\\\/eglise\\\/presentation-de-lexhortation-apostolique-post-synodale-querida-amazonia\\\/#article\",\"isPartOf\":{\"@id\":\"https:\\\/\\\/www.cgfmanet.org\\\/fr\\\/info-sphere\\\/eglise\\\/presentation-de-lexhortation-apostolique-post-synodale-querida-amazonia\\\/\"},\"author\":{\"name\":\"Redazione\",\"@id\":\"https:\\\/\\\/www.cgfmanet.org\\\/es\\\/#\\\/schema\\\/person\\\/ce6473083f53ef0ef882cca23f0c8fb9\"},\"headline\":\"Pr\u00e9sentation de l\u2019Exhortation Apostolique post-synodale \u2018\u2019Querida Amazonia\u2019\u2019\",\"datePublished\":\"2020-02-08T09:00:05+00:00\",\"dateModified\":\"2020-02-10T11:31:28+00:00\",\"mainEntityOfPage\":{\"@id\":\"https:\\\/\\\/www.cgfmanet.org\\\/fr\\\/info-sphere\\\/eglise\\\/presentation-de-lexhortation-apostolique-post-synodale-querida-amazonia\\\/\"},\"wordCount\":530,\"commentCount\":0,\"publisher\":{\"@id\":\"https:\\\/\\\/www.cgfmanet.org\\\/es\\\/#organization\"},\"image\":{\"@id\":\"https:\\\/\\\/www.cgfmanet.org\\\/fr\\\/info-sphere\\\/eglise\\\/presentation-de-lexhortation-apostolique-post-synodale-querida-amazonia\\\/#primaryimage\"},\"thumbnailUrl\":\"https:\\\/\\\/www.cgfmanet.org\\\/wp-content\\\/uploads\\\/2020\\\/02\\\/sinodo-Amazzonia_esortazione.jpg\",\"keywords\":[\"Pape Fran\u00e7ois\",\"Synode\",\"ecologia\",\"Focus\"],\"articleSection\":[\"Infosph\u00e8re\",\"Eglise\"],\"inLanguage\":\"fr-FR\",\"potentialAction\":[{\"@type\":\"CommentAction\",\"name\":\"Comment\",\"target\":[\"https:\\\/\\\/www.cgfmanet.org\\\/fr\\\/info-sphere\\\/eglise\\\/presentation-de-lexhortation-apostolique-post-synodale-querida-amazonia\\\/#respond\"]}]},{\"@type\":\"WebPage\",\"@id\":\"https:\\\/\\\/www.cgfmanet.org\\\/fr\\\/info-sphere\\\/eglise\\\/presentation-de-lexhortation-apostolique-post-synodale-querida-amazonia\\\/\",\"url\":\"https:\\\/\\\/www.cgfmanet.org\\\/fr\\\/info-sphere\\\/eglise\\\/presentation-de-lexhortation-apostolique-post-synodale-querida-amazonia\\\/\",\"name\":\"Pr\u00e9sentation de l\u2019Exhortation Apostolique post-synodale \u2018\u2019Querida Amazonia\u2019\u2019 &#8226; Istituto Figlie di Maria Ausiliatrice\",\"isPartOf\":{\"@id\":\"https:\\\/\\\/www.cgfmanet.org\\\/es\\\/#website\"},\"primaryImageOfPage\":{\"@id\":\"https:\\\/\\\/www.cgfmanet.org\\\/fr\\\/info-sphere\\\/eglise\\\/presentation-de-lexhortation-apostolique-post-synodale-querida-amazonia\\\/#primaryimage\"},\"image\":{\"@id\":\"https:\\\/\\\/www.cgfmanet.org\\\/fr\\\/info-sphere\\\/eglise\\\/presentation-de-lexhortation-apostolique-post-synodale-querida-amazonia\\\/#primaryimage\"},\"thumbnailUrl\":\"https:\\\/\\\/www.cgfmanet.org\\\/wp-content\\\/uploads\\\/2020\\\/02\\\/sinodo-Amazzonia_esortazione.jpg\",\"datePublished\":\"2020-02-08T09:00:05+00:00\",\"dateModified\":\"2020-02-10T11:31:28+00:00\",\"description\":\"Le 12 f\u00e9vrier 2020 sera pr\u00e9sent\u00e9e aux journalistes l\u2019Exhortation Apostolique post-synodale du Saint P\u00e8re Fran\u00e7ois \u201cQuerida Amazonia\u201d.\",\"breadcrumb\":{\"@id\":\"https:\\\/\\\/www.cgfmanet.org\\\/fr\\\/info-sphere\\\/eglise\\\/presentation-de-lexhortation-apostolique-post-synodale-querida-amazonia\\\/#breadcrumb\"},\"inLanguage\":\"fr-FR\",\"potentialAction\":[{\"@type\":\"ReadAction\",\"target\":[\"https:\\\/\\\/www.cgfmanet.org\\\/fr\\\/info-sphere\\\/eglise\\\/presentation-de-lexhortation-apostolique-post-synodale-querida-amazonia\\\/\"]}]},{\"@type\":\"ImageObject\",\"inLanguage\":\"fr-FR\",\"@id\":\"https:\\\/\\\/www.cgfmanet.org\\\/fr\\\/info-sphere\\\/eglise\\\/presentation-de-lexhortation-apostolique-post-synodale-querida-amazonia\\\/#primaryimage\",\"url\":\"https:\\\/\\\/www.cgfmanet.org\\\/wp-content\\\/uploads\\\/2020\\\/02\\\/sinodo-Amazzonia_esortazione.jpg\",\"contentUrl\":\"https:\\\/\\\/www.cgfmanet.org\\\/wp-content\\\/uploads\\\/2020\\\/02\\\/sinodo-Amazzonia_esortazione.jpg\",\"width\":772,\"height\":460},{\"@type\":\"BreadcrumbList\",\"@id\":\"https:\\\/\\\/www.cgfmanet.org\\\/fr\\\/info-sphere\\\/eglise\\\/presentation-de-lexhortation-apostolique-post-synodale-querida-amazonia\\\/#breadcrumb\",\"itemListElement\":[{\"@type\":\"ListItem\",\"position\":1,\"name\":\"Home\",\"item\":\"https:\\\/\\\/www.cgfmanet.org\\\/fr\\\/\"},{\"@type\":\"ListItem\",\"position\":2,\"name\":\"Pr\u00e9sentation de l\u2019Exhortation Apostolique post-synodale \u2018\u2019Querida Amazonia\u2019\u2019\"}]},{\"@type\":\"WebSite\",\"@id\":\"https:\\\/\\\/www.cgfmanet.org\\\/es\\\/#website\",\"url\":\"https:\\\/\\\/www.cgfmanet.org\\\/es\\\/\",\"name\":\"Istituto Figlie di Maria Ausiliatrice\",\"description\":\"Salesiane di Don Bosco\",\"publisher\":{\"@id\":\"https:\\\/\\\/www.cgfmanet.org\\\/es\\\/#organization\"},\"potentialAction\":[{\"@type\":\"SearchAction\",\"target\":{\"@type\":\"EntryPoint\",\"urlTemplate\":\"https:\\\/\\\/www.cgfmanet.org\\\/es\\\/?s={search_term_string}\"},\"query-input\":{\"@type\":\"PropertyValueSpecification\",\"valueRequired\":true,\"valueName\":\"search_term_string\"}}],\"inLanguage\":\"fr-FR\"},{\"@type\":\"Organization\",\"@id\":\"https:\\\/\\\/www.cgfmanet.org\\\/es\\\/#organization\",\"name\":\"Istituto Figlie di Maria Ausiliatrice\",\"url\":\"https:\\\/\\\/www.cgfmanet.org\\\/es\\\/\",\"logo\":{\"@type\":\"ImageObject\",\"inLanguage\":\"fr-FR\",\"@id\":\"https:\\\/\\\/www.cgfmanet.org\\\/es\\\/#\\\/schema\\\/logo\\\/image\\\/\",\"url\":\"https:\\\/\\\/www.cgfmanet.org\\\/wp-content\\\/uploads\\\/2018\\\/10\\\/logo-fma.png\",\"contentUrl\":\"https:\\\/\\\/www.cgfmanet.org\\\/wp-content\\\/uploads\\\/2018\\\/10\\\/logo-fma.png\",\"width\":214,\"height\":55,\"caption\":\"Istituto Figlie di Maria Ausiliatrice\"},\"image\":{\"@id\":\"https:\\\/\\\/www.cgfmanet.org\\\/es\\\/#\\\/schema\\\/logo\\\/image\\\/\"},\"sameAs\":[\"https:\\\/\\\/www.facebook.com\\\/salesian.sisters.of.don.bosco\\\/\",\"https:\\\/\\\/x.com\\\/Cgfmanet_Org\",\"https:\\\/\\\/www.youtube.com\\\/channel\\\/UCmcr8yFQBV7JXeXVxyV9y5Q\"]},{\"@type\":\"Person\",\"@id\":\"https:\\\/\\\/www.cgfmanet.org\\\/es\\\/#\\\/schema\\\/person\\\/ce6473083f53ef0ef882cca23f0c8fb9\",\"name\":\"Redazione\"}]}<\/script>\n<!-- \/ Yoast SEO plugin. -->","yoast_head_json":{"title":"Pr\u00e9sentation de l\u2019Exhortation Apostolique post-synodale \u2018\u2019Querida Amazonia\u2019\u2019 &#8226; Istituto Figlie di Maria Ausiliatrice","description":"Le 12 f\u00e9vrier 2020 sera pr\u00e9sent\u00e9e aux journalistes l\u2019Exhortation Apostolique post-synodale du Saint P\u00e8re Fran\u00e7ois \u201cQuerida Amazonia\u201d.","robots":{"index":"index","follow":"follow","max-snippet":"max-snippet:-1","max-image-preview":"max-image-preview:large","max-video-preview":"max-video-preview:-1"},"canonical":"https:\/\/www.cgfmanet.org\/fr\/info-sphere\/eglise\/presentation-de-lexhortation-apostolique-post-synodale-querida-amazonia\/","og_locale":"fr_FR","og_type":"article","og_title":"Pr\u00e9sentation de l\u2019Exhortation Apostolique post-synodale \u2018\u2019Querida Amazonia\u2019\u2019 &#8226; Istituto Figlie di Maria Ausiliatrice","og_description":"Le 12 f\u00e9vrier 2020 sera pr\u00e9sent\u00e9e aux journalistes l\u2019Exhortation Apostolique post-synodale du Saint P\u00e8re Fran\u00e7ois \u201cQuerida Amazonia\u201d.","og_url":"https:\/\/www.cgfmanet.org\/fr\/info-sphere\/eglise\/presentation-de-lexhortation-apostolique-post-synodale-querida-amazonia\/","og_site_name":"Istituto Figlie di Maria Ausiliatrice","article_publisher":"https:\/\/www.facebook.com\/salesian.sisters.of.don.bosco\/","article_published_time":"2020-02-08T09:00:05+00:00","article_modified_time":"2020-02-10T11:31:28+00:00","og_image":[{"width":772,"height":460,"url":"https:\/\/www.cgfmanet.org\/wp-content\/uploads\/2020\/02\/sinodo-Amazzonia_esortazione.jpg","type":"image\/jpeg"}],"author":"Redazione","twitter_card":"summary_large_image","twitter_creator":"@Cgfmanet_Org","twitter_site":"@Cgfmanet_Org","twitter_misc":{"\u00c9crit par":"Redazione","Dur\u00e9e de lecture estim\u00e9e":"3 minutes"},"schema":{"@context":"https:\/\/schema.org","@graph":[{"@type":"Article","@id":"https:\/\/www.cgfmanet.org\/fr\/info-sphere\/eglise\/presentation-de-lexhortation-apostolique-post-synodale-querida-amazonia\/#article","isPartOf":{"@id":"https:\/\/www.cgfmanet.org\/fr\/info-sphere\/eglise\/presentation-de-lexhortation-apostolique-post-synodale-querida-amazonia\/"},"author":{"name":"Redazione","@id":"https:\/\/www.cgfmanet.org\/es\/#\/schema\/person\/ce6473083f53ef0ef882cca23f0c8fb9"},"headline":"Pr\u00e9sentation de l\u2019Exhortation Apostolique post-synodale \u2018\u2019Querida Amazonia\u2019\u2019","datePublished":"2020-02-08T09:00:05+00:00","dateModified":"2020-02-10T11:31:28+00:00","mainEntityOfPage":{"@id":"https:\/\/www.cgfmanet.org\/fr\/info-sphere\/eglise\/presentation-de-lexhortation-apostolique-post-synodale-querida-amazonia\/"},"wordCount":530,"commentCount":0,"publisher":{"@id":"https:\/\/www.cgfmanet.org\/es\/#organization"},"image":{"@id":"https:\/\/www.cgfmanet.org\/fr\/info-sphere\/eglise\/presentation-de-lexhortation-apostolique-post-synodale-querida-amazonia\/#primaryimage"},"thumbnailUrl":"https:\/\/www.cgfmanet.org\/wp-content\/uploads\/2020\/02\/sinodo-Amazzonia_esortazione.jpg","keywords":["Pape Fran\u00e7ois","Synode","ecologia","Focus"],"articleSection":["Infosph\u00e8re","Eglise"],"inLanguage":"fr-FR","potentialAction":[{"@type":"CommentAction","name":"Comment","target":["https:\/\/www.cgfmanet.org\/fr\/info-sphere\/eglise\/presentation-de-lexhortation-apostolique-post-synodale-querida-amazonia\/#respond"]}]},{"@type":"WebPage","@id":"https:\/\/www.cgfmanet.org\/fr\/info-sphere\/eglise\/presentation-de-lexhortation-apostolique-post-synodale-querida-amazonia\/","url":"https:\/\/www.cgfmanet.org\/fr\/info-sphere\/eglise\/presentation-de-lexhortation-apostolique-post-synodale-querida-amazonia\/","name":"Pr\u00e9sentation de l\u2019Exhortation Apostolique post-synodale \u2018\u2019Querida Amazonia\u2019\u2019 &#8226; Istituto Figlie di Maria Ausiliatrice","isPartOf":{"@id":"https:\/\/www.cgfmanet.org\/es\/#website"},"primaryImageOfPage":{"@id":"https:\/\/www.cgfmanet.org\/fr\/info-sphere\/eglise\/presentation-de-lexhortation-apostolique-post-synodale-querida-amazonia\/#primaryimage"},"image":{"@id":"https:\/\/www.cgfmanet.org\/fr\/info-sphere\/eglise\/presentation-de-lexhortation-apostolique-post-synodale-querida-amazonia\/#primaryimage"},"thumbnailUrl":"https:\/\/www.cgfmanet.org\/wp-content\/uploads\/2020\/02\/sinodo-Amazzonia_esortazione.jpg","datePublished":"2020-02-08T09:00:05+00:00","dateModified":"2020-02-10T11:31:28+00:00","description":"Le 12 f\u00e9vrier 2020 sera pr\u00e9sent\u00e9e aux journalistes l\u2019Exhortation Apostolique post-synodale du Saint P\u00e8re Fran\u00e7ois \u201cQuerida Amazonia\u201d.","breadcrumb":{"@id":"https:\/\/www.cgfmanet.org\/fr\/info-sphere\/eglise\/presentation-de-lexhortation-apostolique-post-synodale-querida-amazonia\/#breadcrumb"},"inLanguage":"fr-FR","potentialAction":[{"@type":"ReadAction","target":["https:\/\/www.cgfmanet.org\/fr\/info-sphere\/eglise\/presentation-de-lexhortation-apostolique-post-synodale-querida-amazonia\/"]}]},{"@type":"ImageObject","inLanguage":"fr-FR","@id":"https:\/\/www.cgfmanet.org\/fr\/info-sphere\/eglise\/presentation-de-lexhortation-apostolique-post-synodale-querida-amazonia\/#primaryimage","url":"https:\/\/www.cgfmanet.org\/wp-content\/uploads\/2020\/02\/sinodo-Amazzonia_esortazione.jpg","contentUrl":"https:\/\/www.cgfmanet.org\/wp-content\/uploads\/2020\/02\/sinodo-Amazzonia_esortazione.jpg","width":772,"height":460},{"@type":"BreadcrumbList","@id":"https:\/\/www.cgfmanet.org\/fr\/info-sphere\/eglise\/presentation-de-lexhortation-apostolique-post-synodale-querida-amazonia\/#breadcrumb","itemListElement":[{"@type":"ListItem","position":1,"name":"Home","item":"https:\/\/www.cgfmanet.org\/fr\/"},{"@type":"ListItem","position":2,"name":"Pr\u00e9sentation de l\u2019Exhortation Apostolique post-synodale \u2018\u2019Querida Amazonia\u2019\u2019"}]},{"@type":"WebSite","@id":"https:\/\/www.cgfmanet.org\/es\/#website","url":"https:\/\/www.cgfmanet.org\/es\/","name":"Istituto Figlie di Maria Ausiliatrice","description":"Salesiane di Don Bosco","publisher":{"@id":"https:\/\/www.cgfmanet.org\/es\/#organization"},"potentialAction":[{"@type":"SearchAction","target":{"@type":"EntryPoint","urlTemplate":"https:\/\/www.cgfmanet.org\/es\/?s={search_term_string}"},"query-input":{"@type":"PropertyValueSpecification","valueRequired":true,"valueName":"search_term_string"}}],"inLanguage":"fr-FR"},{"@type":"Organization","@id":"https:\/\/www.cgfmanet.org\/es\/#organization","name":"Istituto Figlie di Maria Ausiliatrice","url":"https:\/\/www.cgfmanet.org\/es\/","logo":{"@type":"ImageObject","inLanguage":"fr-FR","@id":"https:\/\/www.cgfmanet.org\/es\/#\/schema\/logo\/image\/","url":"https:\/\/www.cgfmanet.org\/wp-content\/uploads\/2018\/10\/logo-fma.png","contentUrl":"https:\/\/www.cgfmanet.org\/wp-content\/uploads\/2018\/10\/logo-fma.png","width":214,"height":55,"caption":"Istituto Figlie di Maria Ausiliatrice"},"image":{"@id":"https:\/\/www.cgfmanet.org\/es\/#\/schema\/logo\/image\/"},"sameAs":["https:\/\/www.facebook.com\/salesian.sisters.of.don.bosco\/","https:\/\/x.com\/Cgfmanet_Org","https:\/\/www.youtube.com\/channel\/UCmcr8yFQBV7JXeXVxyV9y5Q"]},{"@type":"Person","@id":"https:\/\/www.cgfmanet.org\/es\/#\/schema\/person\/ce6473083f53ef0ef882cca23f0c8fb9","name":"Redazione"}]}},"_links":{"self":[{"href":"https:\/\/www.cgfmanet.org\/fr\/wp-json\/wp\/v2\/posts\/19514","targetHints":{"allow":["GET"]}}],"collection":[{"href":"https:\/\/www.cgfmanet.org\/fr\/wp-json\/wp\/v2\/posts"}],"about":[{"href":"https:\/\/www.cgfmanet.org\/fr\/wp-json\/wp\/v2\/types\/post"}],"author":[{"embeddable":true,"href":"https:\/\/www.cgfmanet.org\/fr\/wp-json\/wp\/v2\/users\/21"}],"replies":[{"embeddable":true,"href":"https:\/\/www.cgfmanet.org\/fr\/wp-json\/wp\/v2\/comments?post=19514"}],"version-history":[{"count":0,"href":"https:\/\/www.cgfmanet.org\/fr\/wp-json\/wp\/v2\/posts\/19514\/revisions"}],"wp:featuredmedia":[{"embeddable":true,"href":"https:\/\/www.cgfmanet.org\/fr\/wp-json\/wp\/v2\/media\/19508"}],"wp:attachment":[{"href":"https:\/\/www.cgfmanet.org\/fr\/wp-json\/wp\/v2\/media?parent=19514"}],"wp:term":[{"taxonomy":"category","embeddable":true,"href":"https:\/\/www.cgfmanet.org\/fr\/wp-json\/wp\/v2\/categories?post=19514"},{"taxonomy":"post_tag","embeddable":true,"href":"https:\/\/www.cgfmanet.org\/fr\/wp-json\/wp\/v2\/tags?post=19514"}],"curies":[{"name":"wp","href":"https:\/\/api.w.org\/{rel}","templated":true}]}}