{"id":156559,"date":"2026-04-29T10:42:33","date_gmt":"2026-04-29T08:42:33","guid":{"rendered":"https:\/\/www.cgfmanet.org\/info-sphere\/lecologia-integrale-nella-vita-della-famiglia\/"},"modified":"2026-05-01T12:39:33","modified_gmt":"2026-05-01T10:39:33","slug":"lecologie-integrale-dans-la-vie-de-la-famille","status":"publish","type":"post","link":"https:\/\/www.cgfmanet.org\/fr\/info-sphere\/ecologie\/lecologie-integrale-dans-la-vie-de-la-famille\/","title":{"rendered":"L&rsquo;\u00e9cologie int\u00e9grale dans la vie de la famille"},"content":{"rendered":"<p><strong>Rome (Italie).<\/strong> Le 27 avril 2026 le <span style=\"color: #0000ff;\"><strong><a style=\"color: #0000ff;\" href=\"https:\/\/www.humandevelopment.va\/it\/news\/2026\/ecologia-integrale-nella-vita-della-famiglia-documento-congiunto-dicasteri.html\" target=\"_blank\" rel=\"noopener\">Dicast\u00e8re pour le service int\u00e9gral de l\u2019homme<\/a><\/strong><\/span> et le <span style=\"color: #0000ff;\"><strong><a style=\"color: #0000ff;\" href=\"https:\/\/www.laityfamilylife.va\/content\/laityfamilylife\/it\/news\/2026\/l-ecologia-integrale-nella-vita-della-famiglia.html\" target=\"_blank\" rel=\"noopener\">Dicast\u00e8re pour les la\u00efcs, la famille et la vie<\/a><\/strong><\/span> ont publi\u00e9 le document <strong>\u00ab L\u2019\u00e9cologie int\u00e9grale dans la vie de la famille \u00bb<\/strong>, destin\u00e9 \u00e0 \u00e9duquer au sein de la famille au respect de la Cr\u00e9ation et de la vie humaine.<\/p>\n<p>Ce document a \u00e9t\u00e9 cr\u00e9\u00e9 pour r\u00e9pondre aux appels du Pape Fran\u00e7ois et du Pape L\u00e9on XIV \u00e0 \u00e9couter la clameur des pauvres et de la Terre et offrir une r\u00e9ponse concr\u00e8te en mettant en oeuvre les principes de l&rsquo;exhortation post-synodale <em>Amoris Laetitia<\/em> et les enseignements de l&rsquo;encyclique <em>Laudato si&rsquo;.<\/em> Cet ouvrage est le fruit de l&rsquo;engagement conjoint des deux Dicast\u00e8res du Saint-Si\u00e8ge, avec la participation directe de th\u00e9ologiens, de consultants et de couples mari\u00e9s.<\/p>\n<p><em>\u00ab Les valeurs qui prennent forme et grandissent au sein de la famille constituent ind\u00e9niablement le terreau fertile \u00e0 partir duquel se d\u00e9veloppe la vie de la soci\u00e9t\u00e9. Les familles sont d\u00e9terminantes pour d\u00e9velopper et transmettre le souci de la protection de notre maison commune et de chaque personne \u00bb<\/em>, \u00e9crivent, dans la pr\u00e9sentation du document, les Pr\u00e9fets des deux Dicast\u00e8res, S.E. le Cardinal Michael Czerny, s.j., et S.E. le Cardinal Kevin Farrell.<\/p>\n<p>Le volume, toutefois, \u00ab bien que principalement destin\u00e9 aux familles, cet ouvrage nous concerne tous \u00bb, pr\u00e9cisent-ils. En effet, chacun, chacune, dans son \u00e9tat de vie, peut y trouver des conseils et des inspirations pour contribuer \u00e0 am\u00e9liorer les relations humaines et l&rsquo;environnement, en promouvant un monde plus juste et plus durable o\u00f9 la Cr\u00e9ation et la dignit\u00e9 humaine sont d\u00e9fendues et prot\u00e9g\u00e9es. Les familles, en tant qu&rsquo;\u00e9l\u00e9ments fondamentaux de la soci\u00e9t\u00e9, peuvent devenir le moteur de ce changement culturel profond.<\/p>\n<p>Cet ouvrage propose des id\u00e9es et des conseils utiles aux familles, aux groupes eccl\u00e9siaux et aux lecteurs individuels pour relever les d\u00e9fis environnementaux actuels et promouvoir le d\u00e9veloppement int\u00e9gral de chaque personne. <strong>La premi\u00e8re partie<\/strong> pr\u00e9sente les concepts fondamentaux tir\u00e9s des \u00e9crits les plus importants du Pape Fran\u00e7ois ; <strong>la deuxi\u00e8me partie<\/strong>, qui constitue le coeur de l&rsquo;ouvrage, contient des chapitres th\u00e9matiques qui refl\u00e8tent sept objectifs tir\u00e9s de <em>Laudato si&rsquo;<\/em> :<\/p>\n<ul>\n<li>\u00c9couter la clameur de la terre.<\/li>\n<li>\u00c9couter la clameur des pauvres et des vuln\u00e9rables.<\/li>\n<li>Adopter et promouvoir l\u2019\u00e9conomie \u00e9cologique.<\/li>\n<li>Adopter des modes de vie \u00e9cologique.<\/li>\n<li>L\u2019\u00e9cologie int\u00e9grale et l\u2019\u00e9ducation.<\/li>\n<li>La spiritualit\u00e9 \u00e9cologique dans la famille.<\/li>\n<li>La participation des familles \u00e0 la vie de la communaut\u00e9.<\/li>\n<\/ul>\n<p>Chaque chapitre est divis\u00e9 en <strong>quatre sections<\/strong> : explication, implications, questions pour la r\u00e9flexion et la discussion, et actions propos\u00e9es.<\/p>\n<p>Le soin de la Cr\u00e9ation est aussi un engagement qui exprime notre foi, laquelle \u2014 comme nous l\u2019a rappel\u00e9 le pape L\u00e9on XIV dans l\u2019hom\u00e9lie du Jubil\u00e9 des familles, des grands-parents et des personnes \u00e2g\u00e9es \u201cse transmet [en famille] avec la vie, de g\u00e9n\u00e9ration en g\u00e9n\u00e9ration\u201d (1er juin 2025).<\/p>\n<p><strong>\u00ab L\u2019\u00e9cologie int\u00e9grale dans la vie de la famille \u00bb est disponible, gratuitement, en cinq langues sur les sites des deux Dicast\u00e8res.<\/strong><\/p>\n","protected":false},"excerpt":{"rendered":"<p>Rome (Italie). Le 27 avril 2026 le Dicast\u00e8re pour le service int\u00e9gral de l\u2019homme et le Dicast\u00e8re pour les la\u00efcs, la famille et la vie ont publi\u00e9 le document \u00ab [&hellip;]<\/p>\n","protected":false},"author":21,"featured_media":156554,"comment_status":"open","ping_status":"closed","sticky":false,"template":"","format":"standard","meta":{"footnotes":""},"categories":[36,201],"tags":[1137,1929,2089],"class_list":["post-156559","post","type-post","status-publish","format-standard","has-post-thumbnail","category-info-sphere","category-ecologie","tag-education-fr","tag-focus-fr","tag-famille"],"yoast_head":"<!-- This site is optimized with the Yoast SEO plugin v27.4 - https:\/\/yoast.com\/product\/yoast-seo-wordpress\/ -->\n<title>L&#039;\u00e9cologie int\u00e9grale dans la vie de la famille &#8226; Istituto Figlie di Maria Ausiliatrice<\/title>\n<meta name=\"description\" content=\"Le 27 avril 2026, les Dicastres pour le Service du D\u00e9veloppement Humain Int\u00e9gral et pour les La\u00efcs, la Famille et la Vie ont publi\u00e9 un document conjoint pour \u00e9duquer \u00e0 la sauvegarde de la cr\u00e9ation et de la vie humaine.\" \/>\n<meta name=\"robots\" content=\"index, follow, max-snippet:-1, max-image-preview:large, max-video-preview:-1\" \/>\n<link rel=\"canonical\" href=\"https:\/\/www.cgfmanet.org\/fr\/info-sphere\/ecologie\/lecologie-integrale-dans-la-vie-de-la-famille\/\" \/>\n<meta property=\"og:locale\" content=\"fr_FR\" \/>\n<meta property=\"og:type\" content=\"article\" \/>\n<meta property=\"og:title\" content=\"L&#039;\u00e9cologie int\u00e9grale dans la vie de la famille &#8226; Istituto Figlie di Maria Ausiliatrice\" \/>\n<meta property=\"og:description\" content=\"Le 27 avril 2026, les Dicastres pour le Service du D\u00e9veloppement Humain Int\u00e9gral et pour les La\u00efcs, la Famille et la Vie ont publi\u00e9 un document conjoint pour \u00e9duquer \u00e0 la sauvegarde de la cr\u00e9ation et de la vie humaine.\" \/>\n<meta property=\"og:url\" content=\"https:\/\/www.cgfmanet.org\/fr\/info-sphere\/ecologie\/lecologie-integrale-dans-la-vie-de-la-famille\/\" \/>\n<meta property=\"og:site_name\" content=\"Istituto Figlie di Maria Ausiliatrice\" \/>\n<meta property=\"article:publisher\" content=\"https:\/\/www.facebook.com\/salesian.sisters.of.don.bosco\/\" \/>\n<meta property=\"article:published_time\" content=\"2026-04-29T08:42:33+00:00\" \/>\n<meta property=\"article:modified_time\" content=\"2026-05-01T10:39:33+00:00\" \/>\n<meta property=\"og:image\" content=\"https:\/\/www.cgfmanet.org\/wp-content\/uploads\/2026\/04\/Documento-Ecologia-integrale.jpg\" \/>\n\t<meta property=\"og:image:width\" content=\"1200\" \/>\n\t<meta property=\"og:image:height\" content=\"800\" \/>\n\t<meta property=\"og:image:type\" content=\"image\/jpeg\" \/>\n<meta name=\"author\" content=\"Redazione\" \/>\n<meta name=\"twitter:card\" content=\"summary_large_image\" \/>\n<meta name=\"twitter:creator\" content=\"@Cgfmanet_Org\" \/>\n<meta name=\"twitter:site\" content=\"@Cgfmanet_Org\" \/>\n<meta name=\"twitter:label1\" content=\"\u00c9crit par\" \/>\n\t<meta name=\"twitter:data1\" content=\"Redazione\" \/>\n\t<meta name=\"twitter:label2\" content=\"Dur\u00e9e de lecture estim\u00e9e\" \/>\n\t<meta name=\"twitter:data2\" content=\"3 minutes\" \/>\n<script type=\"application\/ld+json\" class=\"yoast-schema-graph\">{\"@context\":\"https:\\\/\\\/schema.org\",\"@graph\":[{\"@type\":\"Article\",\"@id\":\"https:\\\/\\\/www.cgfmanet.org\\\/fr\\\/info-sphere\\\/ecologie\\\/lecologie-integrale-dans-la-vie-de-la-famille\\\/#article\",\"isPartOf\":{\"@id\":\"https:\\\/\\\/www.cgfmanet.org\\\/fr\\\/info-sphere\\\/ecologie\\\/lecologie-integrale-dans-la-vie-de-la-famille\\\/\"},\"author\":{\"name\":\"Redazione\",\"@id\":\"https:\\\/\\\/www.cgfmanet.org\\\/es\\\/#\\\/schema\\\/person\\\/ce6473083f53ef0ef882cca23f0c8fb9\"},\"headline\":\"L&rsquo;\u00e9cologie int\u00e9grale dans la vie de la famille\",\"datePublished\":\"2026-04-29T08:42:33+00:00\",\"dateModified\":\"2026-05-01T10:39:33+00:00\",\"mainEntityOfPage\":{\"@id\":\"https:\\\/\\\/www.cgfmanet.org\\\/fr\\\/info-sphere\\\/ecologie\\\/lecologie-integrale-dans-la-vie-de-la-famille\\\/\"},\"wordCount\":558,\"commentCount\":0,\"publisher\":{\"@id\":\"https:\\\/\\\/www.cgfmanet.org\\\/es\\\/#organization\"},\"image\":{\"@id\":\"https:\\\/\\\/www.cgfmanet.org\\\/fr\\\/info-sphere\\\/ecologie\\\/lecologie-integrale-dans-la-vie-de-la-famille\\\/#primaryimage\"},\"thumbnailUrl\":\"https:\\\/\\\/www.cgfmanet.org\\\/wp-content\\\/uploads\\\/2026\\\/04\\\/Documento-Ecologia-integrale.jpg\",\"keywords\":[\"Education\",\"Focus\",\"Famille\"],\"articleSection\":[\"Infosph\u00e8re\",\"Ecologie\"],\"inLanguage\":\"fr-FR\",\"potentialAction\":[{\"@type\":\"CommentAction\",\"name\":\"Comment\",\"target\":[\"https:\\\/\\\/www.cgfmanet.org\\\/fr\\\/info-sphere\\\/ecologie\\\/lecologie-integrale-dans-la-vie-de-la-famille\\\/#respond\"]}]},{\"@type\":\"WebPage\",\"@id\":\"https:\\\/\\\/www.cgfmanet.org\\\/fr\\\/info-sphere\\\/ecologie\\\/lecologie-integrale-dans-la-vie-de-la-famille\\\/\",\"url\":\"https:\\\/\\\/www.cgfmanet.org\\\/fr\\\/info-sphere\\\/ecologie\\\/lecologie-integrale-dans-la-vie-de-la-famille\\\/\",\"name\":\"L'\u00e9cologie int\u00e9grale dans la vie de la famille &#8226; Istituto Figlie di Maria Ausiliatrice\",\"isPartOf\":{\"@id\":\"https:\\\/\\\/www.cgfmanet.org\\\/es\\\/#website\"},\"primaryImageOfPage\":{\"@id\":\"https:\\\/\\\/www.cgfmanet.org\\\/fr\\\/info-sphere\\\/ecologie\\\/lecologie-integrale-dans-la-vie-de-la-famille\\\/#primaryimage\"},\"image\":{\"@id\":\"https:\\\/\\\/www.cgfmanet.org\\\/fr\\\/info-sphere\\\/ecologie\\\/lecologie-integrale-dans-la-vie-de-la-famille\\\/#primaryimage\"},\"thumbnailUrl\":\"https:\\\/\\\/www.cgfmanet.org\\\/wp-content\\\/uploads\\\/2026\\\/04\\\/Documento-Ecologia-integrale.jpg\",\"datePublished\":\"2026-04-29T08:42:33+00:00\",\"dateModified\":\"2026-05-01T10:39:33+00:00\",\"description\":\"Le 27 avril 2026, les Dicastres pour le Service du D\u00e9veloppement Humain Int\u00e9gral et pour les La\u00efcs, la Famille et la Vie ont publi\u00e9 un document conjoint pour \u00e9duquer \u00e0 la sauvegarde de la cr\u00e9ation et de la vie humaine.\",\"breadcrumb\":{\"@id\":\"https:\\\/\\\/www.cgfmanet.org\\\/fr\\\/info-sphere\\\/ecologie\\\/lecologie-integrale-dans-la-vie-de-la-famille\\\/#breadcrumb\"},\"inLanguage\":\"fr-FR\",\"potentialAction\":[{\"@type\":\"ReadAction\",\"target\":[\"https:\\\/\\\/www.cgfmanet.org\\\/fr\\\/info-sphere\\\/ecologie\\\/lecologie-integrale-dans-la-vie-de-la-famille\\\/\"]}]},{\"@type\":\"ImageObject\",\"inLanguage\":\"fr-FR\",\"@id\":\"https:\\\/\\\/www.cgfmanet.org\\\/fr\\\/info-sphere\\\/ecologie\\\/lecologie-integrale-dans-la-vie-de-la-famille\\\/#primaryimage\",\"url\":\"https:\\\/\\\/www.cgfmanet.org\\\/wp-content\\\/uploads\\\/2026\\\/04\\\/Documento-Ecologia-integrale.jpg\",\"contentUrl\":\"https:\\\/\\\/www.cgfmanet.org\\\/wp-content\\\/uploads\\\/2026\\\/04\\\/Documento-Ecologia-integrale.jpg\",\"width\":1200,\"height\":800},{\"@type\":\"BreadcrumbList\",\"@id\":\"https:\\\/\\\/www.cgfmanet.org\\\/fr\\\/info-sphere\\\/ecologie\\\/lecologie-integrale-dans-la-vie-de-la-famille\\\/#breadcrumb\",\"itemListElement\":[{\"@type\":\"ListItem\",\"position\":1,\"name\":\"Home\",\"item\":\"https:\\\/\\\/www.cgfmanet.org\\\/fr\\\/\"},{\"@type\":\"ListItem\",\"position\":2,\"name\":\"L&#8217;\u00e9cologie int\u00e9grale dans la vie de la famille\"}]},{\"@type\":\"WebSite\",\"@id\":\"https:\\\/\\\/www.cgfmanet.org\\\/es\\\/#website\",\"url\":\"https:\\\/\\\/www.cgfmanet.org\\\/es\\\/\",\"name\":\"Istituto Figlie di Maria Ausiliatrice\",\"description\":\"Salesiane di Don Bosco\",\"publisher\":{\"@id\":\"https:\\\/\\\/www.cgfmanet.org\\\/es\\\/#organization\"},\"potentialAction\":[{\"@type\":\"SearchAction\",\"target\":{\"@type\":\"EntryPoint\",\"urlTemplate\":\"https:\\\/\\\/www.cgfmanet.org\\\/es\\\/?s={search_term_string}\"},\"query-input\":{\"@type\":\"PropertyValueSpecification\",\"valueRequired\":true,\"valueName\":\"search_term_string\"}}],\"inLanguage\":\"fr-FR\"},{\"@type\":\"Organization\",\"@id\":\"https:\\\/\\\/www.cgfmanet.org\\\/es\\\/#organization\",\"name\":\"Istituto Figlie di Maria Ausiliatrice\",\"url\":\"https:\\\/\\\/www.cgfmanet.org\\\/es\\\/\",\"logo\":{\"@type\":\"ImageObject\",\"inLanguage\":\"fr-FR\",\"@id\":\"https:\\\/\\\/www.cgfmanet.org\\\/es\\\/#\\\/schema\\\/logo\\\/image\\\/\",\"url\":\"https:\\\/\\\/www.cgfmanet.org\\\/wp-content\\\/uploads\\\/2018\\\/10\\\/logo-fma.png\",\"contentUrl\":\"https:\\\/\\\/www.cgfmanet.org\\\/wp-content\\\/uploads\\\/2018\\\/10\\\/logo-fma.png\",\"width\":214,\"height\":55,\"caption\":\"Istituto Figlie di Maria Ausiliatrice\"},\"image\":{\"@id\":\"https:\\\/\\\/www.cgfmanet.org\\\/es\\\/#\\\/schema\\\/logo\\\/image\\\/\"},\"sameAs\":[\"https:\\\/\\\/www.facebook.com\\\/salesian.sisters.of.don.bosco\\\/\",\"https:\\\/\\\/x.com\\\/Cgfmanet_Org\",\"https:\\\/\\\/www.youtube.com\\\/channel\\\/UCmcr8yFQBV7JXeXVxyV9y5Q\"]},{\"@type\":\"Person\",\"@id\":\"https:\\\/\\\/www.cgfmanet.org\\\/es\\\/#\\\/schema\\\/person\\\/ce6473083f53ef0ef882cca23f0c8fb9\",\"name\":\"Redazione\"}]}<\/script>\n<!-- \/ Yoast SEO plugin. -->","yoast_head_json":{"title":"L'\u00e9cologie int\u00e9grale dans la vie de la famille &#8226; Istituto Figlie di Maria Ausiliatrice","description":"Le 27 avril 2026, les Dicastres pour le Service du D\u00e9veloppement Humain Int\u00e9gral et pour les La\u00efcs, la Famille et la Vie ont publi\u00e9 un document conjoint pour \u00e9duquer \u00e0 la sauvegarde de la cr\u00e9ation et de la vie humaine.","robots":{"index":"index","follow":"follow","max-snippet":"max-snippet:-1","max-image-preview":"max-image-preview:large","max-video-preview":"max-video-preview:-1"},"canonical":"https:\/\/www.cgfmanet.org\/fr\/info-sphere\/ecologie\/lecologie-integrale-dans-la-vie-de-la-famille\/","og_locale":"fr_FR","og_type":"article","og_title":"L'\u00e9cologie int\u00e9grale dans la vie de la famille &#8226; Istituto Figlie di Maria Ausiliatrice","og_description":"Le 27 avril 2026, les Dicastres pour le Service du D\u00e9veloppement Humain Int\u00e9gral et pour les La\u00efcs, la Famille et la Vie ont publi\u00e9 un document conjoint pour \u00e9duquer \u00e0 la sauvegarde de la cr\u00e9ation et de la vie humaine.","og_url":"https:\/\/www.cgfmanet.org\/fr\/info-sphere\/ecologie\/lecologie-integrale-dans-la-vie-de-la-famille\/","og_site_name":"Istituto Figlie di Maria Ausiliatrice","article_publisher":"https:\/\/www.facebook.com\/salesian.sisters.of.don.bosco\/","article_published_time":"2026-04-29T08:42:33+00:00","article_modified_time":"2026-05-01T10:39:33+00:00","og_image":[{"width":1200,"height":800,"url":"https:\/\/www.cgfmanet.org\/wp-content\/uploads\/2026\/04\/Documento-Ecologia-integrale.jpg","type":"image\/jpeg"}],"author":"Redazione","twitter_card":"summary_large_image","twitter_creator":"@Cgfmanet_Org","twitter_site":"@Cgfmanet_Org","twitter_misc":{"\u00c9crit par":"Redazione","Dur\u00e9e de lecture estim\u00e9e":"3 minutes"},"schema":{"@context":"https:\/\/schema.org","@graph":[{"@type":"Article","@id":"https:\/\/www.cgfmanet.org\/fr\/info-sphere\/ecologie\/lecologie-integrale-dans-la-vie-de-la-famille\/#article","isPartOf":{"@id":"https:\/\/www.cgfmanet.org\/fr\/info-sphere\/ecologie\/lecologie-integrale-dans-la-vie-de-la-famille\/"},"author":{"name":"Redazione","@id":"https:\/\/www.cgfmanet.org\/es\/#\/schema\/person\/ce6473083f53ef0ef882cca23f0c8fb9"},"headline":"L&rsquo;\u00e9cologie int\u00e9grale dans la vie de la famille","datePublished":"2026-04-29T08:42:33+00:00","dateModified":"2026-05-01T10:39:33+00:00","mainEntityOfPage":{"@id":"https:\/\/www.cgfmanet.org\/fr\/info-sphere\/ecologie\/lecologie-integrale-dans-la-vie-de-la-famille\/"},"wordCount":558,"commentCount":0,"publisher":{"@id":"https:\/\/www.cgfmanet.org\/es\/#organization"},"image":{"@id":"https:\/\/www.cgfmanet.org\/fr\/info-sphere\/ecologie\/lecologie-integrale-dans-la-vie-de-la-famille\/#primaryimage"},"thumbnailUrl":"https:\/\/www.cgfmanet.org\/wp-content\/uploads\/2026\/04\/Documento-Ecologia-integrale.jpg","keywords":["Education","Focus","Famille"],"articleSection":["Infosph\u00e8re","Ecologie"],"inLanguage":"fr-FR","potentialAction":[{"@type":"CommentAction","name":"Comment","target":["https:\/\/www.cgfmanet.org\/fr\/info-sphere\/ecologie\/lecologie-integrale-dans-la-vie-de-la-famille\/#respond"]}]},{"@type":"WebPage","@id":"https:\/\/www.cgfmanet.org\/fr\/info-sphere\/ecologie\/lecologie-integrale-dans-la-vie-de-la-famille\/","url":"https:\/\/www.cgfmanet.org\/fr\/info-sphere\/ecologie\/lecologie-integrale-dans-la-vie-de-la-famille\/","name":"L'\u00e9cologie int\u00e9grale dans la vie de la famille &#8226; Istituto Figlie di Maria Ausiliatrice","isPartOf":{"@id":"https:\/\/www.cgfmanet.org\/es\/#website"},"primaryImageOfPage":{"@id":"https:\/\/www.cgfmanet.org\/fr\/info-sphere\/ecologie\/lecologie-integrale-dans-la-vie-de-la-famille\/#primaryimage"},"image":{"@id":"https:\/\/www.cgfmanet.org\/fr\/info-sphere\/ecologie\/lecologie-integrale-dans-la-vie-de-la-famille\/#primaryimage"},"thumbnailUrl":"https:\/\/www.cgfmanet.org\/wp-content\/uploads\/2026\/04\/Documento-Ecologia-integrale.jpg","datePublished":"2026-04-29T08:42:33+00:00","dateModified":"2026-05-01T10:39:33+00:00","description":"Le 27 avril 2026, les Dicastres pour le Service du D\u00e9veloppement Humain Int\u00e9gral et pour les La\u00efcs, la Famille et la Vie ont publi\u00e9 un document conjoint pour \u00e9duquer \u00e0 la sauvegarde de la cr\u00e9ation et de la vie humaine.","breadcrumb":{"@id":"https:\/\/www.cgfmanet.org\/fr\/info-sphere\/ecologie\/lecologie-integrale-dans-la-vie-de-la-famille\/#breadcrumb"},"inLanguage":"fr-FR","potentialAction":[{"@type":"ReadAction","target":["https:\/\/www.cgfmanet.org\/fr\/info-sphere\/ecologie\/lecologie-integrale-dans-la-vie-de-la-famille\/"]}]},{"@type":"ImageObject","inLanguage":"fr-FR","@id":"https:\/\/www.cgfmanet.org\/fr\/info-sphere\/ecologie\/lecologie-integrale-dans-la-vie-de-la-famille\/#primaryimage","url":"https:\/\/www.cgfmanet.org\/wp-content\/uploads\/2026\/04\/Documento-Ecologia-integrale.jpg","contentUrl":"https:\/\/www.cgfmanet.org\/wp-content\/uploads\/2026\/04\/Documento-Ecologia-integrale.jpg","width":1200,"height":800},{"@type":"BreadcrumbList","@id":"https:\/\/www.cgfmanet.org\/fr\/info-sphere\/ecologie\/lecologie-integrale-dans-la-vie-de-la-famille\/#breadcrumb","itemListElement":[{"@type":"ListItem","position":1,"name":"Home","item":"https:\/\/www.cgfmanet.org\/fr\/"},{"@type":"ListItem","position":2,"name":"L&#8217;\u00e9cologie int\u00e9grale dans la vie de la famille"}]},{"@type":"WebSite","@id":"https:\/\/www.cgfmanet.org\/es\/#website","url":"https:\/\/www.cgfmanet.org\/es\/","name":"Istituto Figlie di Maria Ausiliatrice","description":"Salesiane di Don Bosco","publisher":{"@id":"https:\/\/www.cgfmanet.org\/es\/#organization"},"potentialAction":[{"@type":"SearchAction","target":{"@type":"EntryPoint","urlTemplate":"https:\/\/www.cgfmanet.org\/es\/?s={search_term_string}"},"query-input":{"@type":"PropertyValueSpecification","valueRequired":true,"valueName":"search_term_string"}}],"inLanguage":"fr-FR"},{"@type":"Organization","@id":"https:\/\/www.cgfmanet.org\/es\/#organization","name":"Istituto Figlie di Maria Ausiliatrice","url":"https:\/\/www.cgfmanet.org\/es\/","logo":{"@type":"ImageObject","inLanguage":"fr-FR","@id":"https:\/\/www.cgfmanet.org\/es\/#\/schema\/logo\/image\/","url":"https:\/\/www.cgfmanet.org\/wp-content\/uploads\/2018\/10\/logo-fma.png","contentUrl":"https:\/\/www.cgfmanet.org\/wp-content\/uploads\/2018\/10\/logo-fma.png","width":214,"height":55,"caption":"Istituto Figlie di Maria Ausiliatrice"},"image":{"@id":"https:\/\/www.cgfmanet.org\/es\/#\/schema\/logo\/image\/"},"sameAs":["https:\/\/www.facebook.com\/salesian.sisters.of.don.bosco\/","https:\/\/x.com\/Cgfmanet_Org","https:\/\/www.youtube.com\/channel\/UCmcr8yFQBV7JXeXVxyV9y5Q"]},{"@type":"Person","@id":"https:\/\/www.cgfmanet.org\/es\/#\/schema\/person\/ce6473083f53ef0ef882cca23f0c8fb9","name":"Redazione"}]}},"_links":{"self":[{"href":"https:\/\/www.cgfmanet.org\/fr\/wp-json\/wp\/v2\/posts\/156559","targetHints":{"allow":["GET"]}}],"collection":[{"href":"https:\/\/www.cgfmanet.org\/fr\/wp-json\/wp\/v2\/posts"}],"about":[{"href":"https:\/\/www.cgfmanet.org\/fr\/wp-json\/wp\/v2\/types\/post"}],"author":[{"embeddable":true,"href":"https:\/\/www.cgfmanet.org\/fr\/wp-json\/wp\/v2\/users\/21"}],"replies":[{"embeddable":true,"href":"https:\/\/www.cgfmanet.org\/fr\/wp-json\/wp\/v2\/comments?post=156559"}],"version-history":[{"count":3,"href":"https:\/\/www.cgfmanet.org\/fr\/wp-json\/wp\/v2\/posts\/156559\/revisions"}],"predecessor-version":[{"id":156704,"href":"https:\/\/www.cgfmanet.org\/fr\/wp-json\/wp\/v2\/posts\/156559\/revisions\/156704"}],"wp:featuredmedia":[{"embeddable":true,"href":"https:\/\/www.cgfmanet.org\/fr\/wp-json\/wp\/v2\/media\/156554"}],"wp:attachment":[{"href":"https:\/\/www.cgfmanet.org\/fr\/wp-json\/wp\/v2\/media?parent=156559"}],"wp:term":[{"taxonomy":"category","embeddable":true,"href":"https:\/\/www.cgfmanet.org\/fr\/wp-json\/wp\/v2\/categories?post=156559"},{"taxonomy":"post_tag","embeddable":true,"href":"https:\/\/www.cgfmanet.org\/fr\/wp-json\/wp\/v2\/tags?post=156559"}],"curies":[{"name":"wp","href":"https:\/\/api.w.org\/{rel}","templated":true}]}}