{"id":156351,"date":"2026-04-25T10:45:48","date_gmt":"2026-04-25T08:45:48","guid":{"rendered":"https:\/\/www.cgfmanet.org\/info-sphere\/suor-antonietta-bohm-segno-della-maternita-di-maria\/"},"modified":"2026-04-25T10:45:48","modified_gmt":"2026-04-25T08:45:48","slug":"suor-antonietta-bohm-segno-della-maternita-di-maria","status":"publish","type":"post","link":"https:\/\/www.cgfmanet.org\/fr\/ifma-fr\/suor-antonietta-bohm-segno-della-maternita-di-maria\/","title":{"rendered":"Suor Antonietta B\u00f6hm segno della maternit\u00e0 di Maria"},"content":{"rendered":"<p><strong>Roma (Italia). <\/strong>Il 27 aprile 2026 si ricorda il 18\u00b0 anniversario del <em>dies natalis<\/em> della Serva di Dio <strong><span style=\"color: #0000ff;\"><a style=\"color: #0000ff;\" href=\"https:\/\/drive.google.com\/drive\/folders\/17JgS-Hbz1YiImdL0lUYFO__jg9ZBXiEA\" target=\"_blank\" rel=\"noopener\">Suor Antonietta B\u00f6hm<\/a><\/span><\/strong>, Figlia di Maria Ausiliatrice. Nata il 22 settembre 1907 a Bottrop (Germania), conosce le FMA a Essen-Borbeck dove frequenta l\u2019oratorio. Per seguire la sua vocazione, si trasferisce prima a Eschelbach e poi in Italia, a Nizza Monferrato.<\/p>\n<p>Il 5 agosto 1928 emette la prima professione e proprio il 5 agosto 1934, giorno della sua professione perpetua, riceve la notizia che partir\u00e0 come missionaria per l\u2019America Latina. Dal 1934 al 1965 \u00e8 in Argentina, dal 1965 al 1969 in Per\u00f9 e, infine, dal 1969 al 2008 in Messico, lasciando sempre e ovunque il segno della sua fama di bont\u00e0 e maternit\u00e0 salesiana.<\/p>\n<p>Nel 1973 riceve dalla precedente superiora, suor Ersilia Crugnola, una statuetta di Maria Ausiliatrice con la missione di \u201cfarla lavorare\u201d. Da quel momento in poi, Madre Antonietta abbraccia <strong>la missione di essere segno dell\u2019amore di Dio e della bont\u00e0 materna di Maria Santissima per tutti.<\/strong><\/p>\n<p>Per 35 anni la benedizione della Vergine raggiunge migliaia di persone attraverso la preghiera e l\u2019offerta di Madre Antonietta: personalmente o per \u201cvia aerea\u201d &#8211; come le aveva insegnato Madre Ersilia &#8211; ovvero per telefono e per lettera.<\/p>\n<p>Madre Antonietta scrisse in una lettera del 1998: <em>\u201cLa Vergine lavora instancabilmente, anche a livello internazionale\u201d<\/em>. Dalla sua morte, avvenuta il 27 aprile 2008, e tuttora, Maria Ausiliatrice continua ad operare per sua intercessione. Ecco alcune grazie che sono state raccontate:<\/p>\n<p>Alla signora Gabriela Jasso Arredondo era stato diagnosticato un tumore al cuore. I medici dissero che era necessario un intervento a cuore aperto. Era un intervento in cui tutto poteva succedere: non avevano mai visto un tumore simile e non sapevano cosa avrebbero trovato. Sua sorella, Lourdes Jasso, notaio per il processo diocesano di canonizzazione di Madre Antonietta, la invit\u00f2 ad affidarsi alla sua intercessione, le don\u00f2 una reliquia e pose la fotografia di Lourdes sul letto della Serva di Dio. Il 7 luglio 2023 ci fu l\u2019intervento chirurgico. Mentre veniva portata verso la sala operatoria, Lourdes si affid\u00f2 incessantemente a Madre Antonietta e al Signore. L\u2019intervento dur\u00f2 sei ore e mezza e, grazie a Dio, tutto and\u00f2 bene. Attualmente conduce una vita completamente normale.<\/p>\n<p>Al signor Juan Jos\u00e9 Ju\u00e1rez Hern\u00e1ndez furono diagnosticati quattro tumori al gluteo sinistro, il pi\u00f9 grande dei quali misurava 89 millimetri. I medici gli dissero che l\u2019unica soluzione era amputare la gamba sinistra e parte dell\u2019anca. Si trattava di un intervento chirurgico molto complicato e rischioso: avrebbe potuto persino morire. La signora Areli Dur\u00e1n, madre di uno studente della scuola <em>Laura Vicu\u00f1a<\/em> di Villa Spem, gli parl\u00f2 di Madre Antonietta e lo invit\u00f2 ad affidarsi a lei. Cos\u00ec, il 5 novembre 2024, si rec\u00f2 nella stanza della Serva di Dio e inizi\u00f2 a pregare, chiedendo la grazia della sua salute per sua intercessione. Il 25 ottobre 2025, un altro esame rivel\u00f2 che i tumori si stavano riducendo; il pi\u00f9 grande, che misurava 89 millimetri, ora misurava 77 millimetri, veramente una grazia, perch\u00e9 il miglioramento era significativo. Adesso continua a chiedere l\u2019intercessione di Madre Antonietta affinch\u00e9 i tumori scompaiano completamente.<\/p>\n<p>La signora Wendy Vital Vel\u00e1zquez cercava di rimanere incinta da oltre cinque anni. I medici le avevano consigliato una terapia molto invasiva e costosa. Sua zia, la signora Alejandra Vel\u00e1zquez Paredes, membro dell\u2019ADMA, le diede un\u2019immagine di Suor Antonietta B\u00f6hm e la invit\u00f2 ad affidarsi a lei, cosa che fece subito. Poco prima di iniziare la terapia, fece un test di gravidanza, che risult\u00f2 positivo. L\u2019intera gravidanza si svolse senza problemi e in modo sereno. Il bambino nacque il 5 novembre 2025, ma i medici dissero che aveva una malformazione all\u2019orecchio chiamata microtia di grado 2. Il suo orecchio era ricoperto da uno strato di pelle e la capacit\u00e0 uditiva era solo tra il 40 e il 50%. I genitori continuavano a chiedere l\u2019intercessione di Suor Antonietta perch\u00e9, dopo aver ottenuto il miracolo di avere un bambino, ora potessero ricevere la grazia della sua salute. Quando il bambino fece il primo test dell\u2019udito, si scopr\u00ec che non sentiva dall\u2019orecchio apparentemente sano, quindi furono indirizzati ad un otorino specializzato. La dottoressa spieg\u00f2 che tra le piccole ossa dell\u2019orecchio uno si era probabilmente sviluppato eccessivamente, impedendo l\u2019udito del bambino. Raccomand\u00f2 una TAC e un apparecchio acustico. I genitori iniziarono a cercare un centro, ma ovunque dissero che avrebbero dovuto sottoporlo ad anestesia e rifiutarono a causa del rischio significativo. Nel frattempo, continuarono a pregare con l\u2019intercessione di Madre Antonietta, perch\u00e9 sapevano che aveva ottenuto molte grazie per i bambini. Alla fine, decisero di chiedere un apparecchio acustico, in modo che il bambino potesse almeno sentire da un orecchio e aspettare che crescesse e, magari con un intervento chirurgico, potesse recuperare l\u2019udito. Quando portarono l\u2019apparecchio acustico alla dottoressa perch\u00e9 lo esaminasse, lei disse che avrebbe eseguito un altro test pi\u00f9 dettagliato per valutare il livello di udito del bambino in quell\u2019orecchio. Quando lo fece, notarono una grande meraviglia sul suo volto; disse che avrebbe ripetuto la procedura una seconda volta, e poi una terza. Poi esclam\u00f2: <em>\u201cNon ci posso credere! Riesce gi\u00e0 a sentire al 100% nell\u2019orecchio da cui prima non sentiva affatto!\u201d.<\/em> Per quanto riguarda l\u2019altro orecchio, l\u2019udito era al 50%, ma disse che una volta cresciuto, avrebbe potuto sottoporsi a un intervento chirurgico per migliorare l\u2019udito. Continuano a chiedere l\u2019intercessione di Madre Antonietta affinch\u00e9 Henry \u00c1rcega, il loro bambino, possa recuperare completamente l\u2019udito.<\/p>\n<p>A Emilio Cenobio Torres, un ex allievo quindicenne, era stato diagnosticato un tumore che gli stava consumando la mandibola e cresceva molto rapidamente. Il problema era aggravato dal fatto che sua madre, Teresa Torres, era una lavoratrice autonoma e non usufruiva dell\u2019assistenza sanitaria statale. Non avrebbe potuto permettersi il costo di un intervento chirurgico del genere. Emilio e sua madre avevano sentito parlare di Madre Antonietta a scuola e delle grazie ottenute per sua intercessione dalla Vergine Maria. Il 5 gennaio 2026, si recarono nella stanza di Madre Antonietta, chiesero la sua intercessione e lasciarono la foto di Emilio sul letto. Nel giro di pochi giorni, Emilio pot\u00e9 usufruire dell\u2019assistenza medica e si pot\u00e9 programmare l\u2019intervento. La biopsia rivel\u00f2 che il tumore era benigno e risult\u00f2 anche idoneo per una protesi senza la necessit\u00e0 di un innesto osseo. L\u2019intervento chirurgico venne eseguito il 19 marzo e riusc\u00ec perfettamente. Emilio si \u00e8 ripreso rapidamente, tanto che ha gi\u00e0 ripreso ad andare a scuola.<\/p>\n<p>Madre Antonietta continua a intercedere per chi le chiede aiuto, facendo s\u00ec che la Madonna \u201ccontinui a lavorare\u201d. Come lei stessa diceva, l\u2019intercessione della Madonna \u00e8 potente.<\/p>\n","protected":false},"excerpt":{"rendered":"<p>Roma (Italia). Il 27 aprile 2026 si ricorda il 18\u00b0 anniversario del dies natalis della Serva di Dio Suor Antonietta B\u00f6hm, Figlia di Maria Ausiliatrice. Nata il 22 settembre 1907 [&hellip;]<\/p>\n","protected":false},"author":21,"featured_media":156346,"comment_status":"open","ping_status":"closed","sticky":false,"template":"","format":"standard","meta":{"footnotes":""},"categories":[164,156],"tags":[1447,1450,1929,1941,2494],"class_list":["post-156351","post","type-post","status-publish","format-standard","has-post-thumbnail","category-charisme-salesien","category-ifma-fr","tag-saintete","tag-saintete-salesienne","tag-focus-fr","tag-marie-auxiliatrice-fr","tag-antonieta-bohm"],"yoast_head":"<!-- This site is optimized with the Yoast SEO plugin v27.4 - https:\/\/yoast.com\/product\/yoast-seo-wordpress\/ -->\n<title>Suor Antonietta B\u00f6hm segno della maternit\u00e0 di Maria &#8226; Istituto Figlie di Maria Ausiliatrice<\/title>\n<meta name=\"robots\" content=\"index, follow, max-snippet:-1, max-image-preview:large, max-video-preview:-1\" \/>\n<link rel=\"canonical\" href=\"https:\/\/www.cgfmanet.org\/fr\/info-sphere\/suor-antonietta-bohm-segno-della-maternita-di-maria\/\" \/>\n<meta property=\"og:locale\" content=\"fr_FR\" \/>\n<meta property=\"og:type\" content=\"article\" \/>\n<meta property=\"og:title\" content=\"Suor Antonietta B\u00f6hm segno della maternit\u00e0 di Maria &#8226; Istituto Figlie di Maria Ausiliatrice\" \/>\n<meta property=\"og:description\" content=\"Roma (Italia). Il 27 aprile 2026 si ricorda il 18\u00b0 anniversario del dies natalis della Serva di Dio Suor Antonietta B\u00f6hm, Figlia di Maria Ausiliatrice. Nata il 22 settembre 1907 [&hellip;]\" \/>\n<meta property=\"og:url\" content=\"https:\/\/www.cgfmanet.org\/fr\/info-sphere\/suor-antonietta-bohm-segno-della-maternita-di-maria\/\" \/>\n<meta property=\"og:site_name\" content=\"Istituto Figlie di Maria Ausiliatrice\" \/>\n<meta property=\"article:publisher\" content=\"https:\/\/www.facebook.com\/salesian.sisters.of.don.bosco\/\" \/>\n<meta property=\"article:published_time\" content=\"2026-04-25T08:45:48+00:00\" \/>\n<meta property=\"og:image\" content=\"https:\/\/www.cgfmanet.org\/wp-content\/uploads\/2018\/10\/logo-fma-retina.png\" \/>\n\t<meta property=\"og:image:width\" content=\"425\" \/>\n\t<meta property=\"og:image:height\" content=\"109\" \/>\n\t<meta property=\"og:image:type\" content=\"image\/png\" \/>\n<meta name=\"author\" content=\"Redazione\" \/>\n<meta name=\"twitter:card\" content=\"summary_large_image\" \/>\n<meta name=\"twitter:creator\" content=\"@Cgfmanet_Org\" \/>\n<meta name=\"twitter:site\" content=\"@Cgfmanet_Org\" \/>\n<meta name=\"twitter:label1\" content=\"\u00c9crit par\" \/>\n\t<meta name=\"twitter:data1\" content=\"Redazione\" \/>\n\t<meta name=\"twitter:label2\" content=\"Dur\u00e9e de lecture estim\u00e9e\" \/>\n\t<meta name=\"twitter:data2\" content=\"5 minutes\" \/>\n<script type=\"application\/ld+json\" class=\"yoast-schema-graph\">{\"@context\":\"https:\\\/\\\/schema.org\",\"@graph\":[{\"@type\":\"Article\",\"@id\":\"https:\\\/\\\/www.cgfmanet.org\\\/fr\\\/info-sphere\\\/suor-antonietta-bohm-segno-della-maternita-di-maria\\\/#article\",\"isPartOf\":{\"@id\":\"https:\\\/\\\/www.cgfmanet.org\\\/fr\\\/info-sphere\\\/suor-antonietta-bohm-segno-della-maternita-di-maria\\\/\"},\"author\":{\"name\":\"Redazione\",\"@id\":\"https:\\\/\\\/www.cgfmanet.org\\\/es\\\/#\\\/schema\\\/person\\\/ce6473083f53ef0ef882cca23f0c8fb9\"},\"headline\":\"Suor Antonietta B\u00f6hm segno della maternit\u00e0 di Maria\",\"datePublished\":\"2026-04-25T08:45:48+00:00\",\"mainEntityOfPage\":{\"@id\":\"https:\\\/\\\/www.cgfmanet.org\\\/fr\\\/info-sphere\\\/suor-antonietta-bohm-segno-della-maternita-di-maria\\\/\"},\"wordCount\":1099,\"commentCount\":1,\"publisher\":{\"@id\":\"https:\\\/\\\/www.cgfmanet.org\\\/es\\\/#organization\"},\"image\":{\"@id\":\"https:\\\/\\\/www.cgfmanet.org\\\/fr\\\/info-sphere\\\/suor-antonietta-bohm-segno-della-maternita-di-maria\\\/#primaryimage\"},\"thumbnailUrl\":\"https:\\\/\\\/www.cgfmanet.org\\\/wp-content\\\/uploads\\\/2026\\\/04\\\/Antonieta-Bohm-2026.jpg\",\"keywords\":[\"Saintet\u00e9\",\"Saintet\u00e9 Sal\u00e9sienne\",\"Focus\",\"Marie Auxiliatrice\",\"Antonieta Bohm\"],\"articleSection\":[\"Charisme Sal\u00e9sien\",\"IFMA\"],\"inLanguage\":\"fr-FR\",\"potentialAction\":[{\"@type\":\"CommentAction\",\"name\":\"Comment\",\"target\":[\"https:\\\/\\\/www.cgfmanet.org\\\/fr\\\/info-sphere\\\/suor-antonietta-bohm-segno-della-maternita-di-maria\\\/#respond\"]}]},{\"@type\":\"WebPage\",\"@id\":\"https:\\\/\\\/www.cgfmanet.org\\\/fr\\\/info-sphere\\\/suor-antonietta-bohm-segno-della-maternita-di-maria\\\/\",\"url\":\"https:\\\/\\\/www.cgfmanet.org\\\/fr\\\/info-sphere\\\/suor-antonietta-bohm-segno-della-maternita-di-maria\\\/\",\"name\":\"Suor Antonietta B\u00f6hm segno della maternit\u00e0 di Maria &#8226; Istituto Figlie di Maria Ausiliatrice\",\"isPartOf\":{\"@id\":\"https:\\\/\\\/www.cgfmanet.org\\\/es\\\/#website\"},\"primaryImageOfPage\":{\"@id\":\"https:\\\/\\\/www.cgfmanet.org\\\/fr\\\/info-sphere\\\/suor-antonietta-bohm-segno-della-maternita-di-maria\\\/#primaryimage\"},\"image\":{\"@id\":\"https:\\\/\\\/www.cgfmanet.org\\\/fr\\\/info-sphere\\\/suor-antonietta-bohm-segno-della-maternita-di-maria\\\/#primaryimage\"},\"thumbnailUrl\":\"https:\\\/\\\/www.cgfmanet.org\\\/wp-content\\\/uploads\\\/2026\\\/04\\\/Antonieta-Bohm-2026.jpg\",\"datePublished\":\"2026-04-25T08:45:48+00:00\",\"breadcrumb\":{\"@id\":\"https:\\\/\\\/www.cgfmanet.org\\\/fr\\\/info-sphere\\\/suor-antonietta-bohm-segno-della-maternita-di-maria\\\/#breadcrumb\"},\"inLanguage\":\"fr-FR\",\"potentialAction\":[{\"@type\":\"ReadAction\",\"target\":[\"https:\\\/\\\/www.cgfmanet.org\\\/fr\\\/info-sphere\\\/suor-antonietta-bohm-segno-della-maternita-di-maria\\\/\"]}]},{\"@type\":\"ImageObject\",\"inLanguage\":\"fr-FR\",\"@id\":\"https:\\\/\\\/www.cgfmanet.org\\\/fr\\\/info-sphere\\\/suor-antonietta-bohm-segno-della-maternita-di-maria\\\/#primaryimage\",\"url\":\"https:\\\/\\\/www.cgfmanet.org\\\/wp-content\\\/uploads\\\/2026\\\/04\\\/Antonieta-Bohm-2026.jpg\",\"contentUrl\":\"https:\\\/\\\/www.cgfmanet.org\\\/wp-content\\\/uploads\\\/2026\\\/04\\\/Antonieta-Bohm-2026.jpg\",\"width\":1200,\"height\":800},{\"@type\":\"BreadcrumbList\",\"@id\":\"https:\\\/\\\/www.cgfmanet.org\\\/fr\\\/info-sphere\\\/suor-antonietta-bohm-segno-della-maternita-di-maria\\\/#breadcrumb\",\"itemListElement\":[{\"@type\":\"ListItem\",\"position\":1,\"name\":\"Home\",\"item\":\"https:\\\/\\\/www.cgfmanet.org\\\/fr\\\/\"},{\"@type\":\"ListItem\",\"position\":2,\"name\":\"Suor Antonietta B\u00f6hm segno della maternit\u00e0 di Maria\"}]},{\"@type\":\"WebSite\",\"@id\":\"https:\\\/\\\/www.cgfmanet.org\\\/es\\\/#website\",\"url\":\"https:\\\/\\\/www.cgfmanet.org\\\/es\\\/\",\"name\":\"Istituto Figlie di Maria Ausiliatrice\",\"description\":\"Salesiane di Don Bosco\",\"publisher\":{\"@id\":\"https:\\\/\\\/www.cgfmanet.org\\\/es\\\/#organization\"},\"potentialAction\":[{\"@type\":\"SearchAction\",\"target\":{\"@type\":\"EntryPoint\",\"urlTemplate\":\"https:\\\/\\\/www.cgfmanet.org\\\/es\\\/?s={search_term_string}\"},\"query-input\":{\"@type\":\"PropertyValueSpecification\",\"valueRequired\":true,\"valueName\":\"search_term_string\"}}],\"inLanguage\":\"fr-FR\"},{\"@type\":\"Organization\",\"@id\":\"https:\\\/\\\/www.cgfmanet.org\\\/es\\\/#organization\",\"name\":\"Istituto Figlie di Maria Ausiliatrice\",\"url\":\"https:\\\/\\\/www.cgfmanet.org\\\/es\\\/\",\"logo\":{\"@type\":\"ImageObject\",\"inLanguage\":\"fr-FR\",\"@id\":\"https:\\\/\\\/www.cgfmanet.org\\\/es\\\/#\\\/schema\\\/logo\\\/image\\\/\",\"url\":\"https:\\\/\\\/www.cgfmanet.org\\\/wp-content\\\/uploads\\\/2018\\\/10\\\/logo-fma.png\",\"contentUrl\":\"https:\\\/\\\/www.cgfmanet.org\\\/wp-content\\\/uploads\\\/2018\\\/10\\\/logo-fma.png\",\"width\":214,\"height\":55,\"caption\":\"Istituto Figlie di Maria Ausiliatrice\"},\"image\":{\"@id\":\"https:\\\/\\\/www.cgfmanet.org\\\/es\\\/#\\\/schema\\\/logo\\\/image\\\/\"},\"sameAs\":[\"https:\\\/\\\/www.facebook.com\\\/salesian.sisters.of.don.bosco\\\/\",\"https:\\\/\\\/x.com\\\/Cgfmanet_Org\",\"https:\\\/\\\/www.youtube.com\\\/channel\\\/UCmcr8yFQBV7JXeXVxyV9y5Q\"]},{\"@type\":\"Person\",\"@id\":\"https:\\\/\\\/www.cgfmanet.org\\\/es\\\/#\\\/schema\\\/person\\\/ce6473083f53ef0ef882cca23f0c8fb9\",\"name\":\"Redazione\"}]}<\/script>\n<!-- \/ Yoast SEO plugin. -->","yoast_head_json":{"title":"Suor Antonietta B\u00f6hm segno della maternit\u00e0 di Maria &#8226; Istituto Figlie di Maria Ausiliatrice","robots":{"index":"index","follow":"follow","max-snippet":"max-snippet:-1","max-image-preview":"max-image-preview:large","max-video-preview":"max-video-preview:-1"},"canonical":"https:\/\/www.cgfmanet.org\/fr\/info-sphere\/suor-antonietta-bohm-segno-della-maternita-di-maria\/","og_locale":"fr_FR","og_type":"article","og_title":"Suor Antonietta B\u00f6hm segno della maternit\u00e0 di Maria &#8226; Istituto Figlie di Maria Ausiliatrice","og_description":"Roma (Italia). Il 27 aprile 2026 si ricorda il 18\u00b0 anniversario del dies natalis della Serva di Dio Suor Antonietta B\u00f6hm, Figlia di Maria Ausiliatrice. Nata il 22 settembre 1907 [&hellip;]","og_url":"https:\/\/www.cgfmanet.org\/fr\/info-sphere\/suor-antonietta-bohm-segno-della-maternita-di-maria\/","og_site_name":"Istituto Figlie di Maria Ausiliatrice","article_publisher":"https:\/\/www.facebook.com\/salesian.sisters.of.don.bosco\/","article_published_time":"2026-04-25T08:45:48+00:00","og_image":[{"width":425,"height":109,"url":"https:\/\/www.cgfmanet.org\/wp-content\/uploads\/2018\/10\/logo-fma-retina.png","type":"image\/png"}],"author":"Redazione","twitter_card":"summary_large_image","twitter_creator":"@Cgfmanet_Org","twitter_site":"@Cgfmanet_Org","twitter_misc":{"\u00c9crit par":"Redazione","Dur\u00e9e de lecture estim\u00e9e":"5 minutes"},"schema":{"@context":"https:\/\/schema.org","@graph":[{"@type":"Article","@id":"https:\/\/www.cgfmanet.org\/fr\/info-sphere\/suor-antonietta-bohm-segno-della-maternita-di-maria\/#article","isPartOf":{"@id":"https:\/\/www.cgfmanet.org\/fr\/info-sphere\/suor-antonietta-bohm-segno-della-maternita-di-maria\/"},"author":{"name":"Redazione","@id":"https:\/\/www.cgfmanet.org\/es\/#\/schema\/person\/ce6473083f53ef0ef882cca23f0c8fb9"},"headline":"Suor Antonietta B\u00f6hm segno della maternit\u00e0 di Maria","datePublished":"2026-04-25T08:45:48+00:00","mainEntityOfPage":{"@id":"https:\/\/www.cgfmanet.org\/fr\/info-sphere\/suor-antonietta-bohm-segno-della-maternita-di-maria\/"},"wordCount":1099,"commentCount":1,"publisher":{"@id":"https:\/\/www.cgfmanet.org\/es\/#organization"},"image":{"@id":"https:\/\/www.cgfmanet.org\/fr\/info-sphere\/suor-antonietta-bohm-segno-della-maternita-di-maria\/#primaryimage"},"thumbnailUrl":"https:\/\/www.cgfmanet.org\/wp-content\/uploads\/2026\/04\/Antonieta-Bohm-2026.jpg","keywords":["Saintet\u00e9","Saintet\u00e9 Sal\u00e9sienne","Focus","Marie Auxiliatrice","Antonieta Bohm"],"articleSection":["Charisme Sal\u00e9sien","IFMA"],"inLanguage":"fr-FR","potentialAction":[{"@type":"CommentAction","name":"Comment","target":["https:\/\/www.cgfmanet.org\/fr\/info-sphere\/suor-antonietta-bohm-segno-della-maternita-di-maria\/#respond"]}]},{"@type":"WebPage","@id":"https:\/\/www.cgfmanet.org\/fr\/info-sphere\/suor-antonietta-bohm-segno-della-maternita-di-maria\/","url":"https:\/\/www.cgfmanet.org\/fr\/info-sphere\/suor-antonietta-bohm-segno-della-maternita-di-maria\/","name":"Suor Antonietta B\u00f6hm segno della maternit\u00e0 di Maria &#8226; Istituto Figlie di Maria Ausiliatrice","isPartOf":{"@id":"https:\/\/www.cgfmanet.org\/es\/#website"},"primaryImageOfPage":{"@id":"https:\/\/www.cgfmanet.org\/fr\/info-sphere\/suor-antonietta-bohm-segno-della-maternita-di-maria\/#primaryimage"},"image":{"@id":"https:\/\/www.cgfmanet.org\/fr\/info-sphere\/suor-antonietta-bohm-segno-della-maternita-di-maria\/#primaryimage"},"thumbnailUrl":"https:\/\/www.cgfmanet.org\/wp-content\/uploads\/2026\/04\/Antonieta-Bohm-2026.jpg","datePublished":"2026-04-25T08:45:48+00:00","breadcrumb":{"@id":"https:\/\/www.cgfmanet.org\/fr\/info-sphere\/suor-antonietta-bohm-segno-della-maternita-di-maria\/#breadcrumb"},"inLanguage":"fr-FR","potentialAction":[{"@type":"ReadAction","target":["https:\/\/www.cgfmanet.org\/fr\/info-sphere\/suor-antonietta-bohm-segno-della-maternita-di-maria\/"]}]},{"@type":"ImageObject","inLanguage":"fr-FR","@id":"https:\/\/www.cgfmanet.org\/fr\/info-sphere\/suor-antonietta-bohm-segno-della-maternita-di-maria\/#primaryimage","url":"https:\/\/www.cgfmanet.org\/wp-content\/uploads\/2026\/04\/Antonieta-Bohm-2026.jpg","contentUrl":"https:\/\/www.cgfmanet.org\/wp-content\/uploads\/2026\/04\/Antonieta-Bohm-2026.jpg","width":1200,"height":800},{"@type":"BreadcrumbList","@id":"https:\/\/www.cgfmanet.org\/fr\/info-sphere\/suor-antonietta-bohm-segno-della-maternita-di-maria\/#breadcrumb","itemListElement":[{"@type":"ListItem","position":1,"name":"Home","item":"https:\/\/www.cgfmanet.org\/fr\/"},{"@type":"ListItem","position":2,"name":"Suor Antonietta B\u00f6hm segno della maternit\u00e0 di Maria"}]},{"@type":"WebSite","@id":"https:\/\/www.cgfmanet.org\/es\/#website","url":"https:\/\/www.cgfmanet.org\/es\/","name":"Istituto Figlie di Maria Ausiliatrice","description":"Salesiane di Don Bosco","publisher":{"@id":"https:\/\/www.cgfmanet.org\/es\/#organization"},"potentialAction":[{"@type":"SearchAction","target":{"@type":"EntryPoint","urlTemplate":"https:\/\/www.cgfmanet.org\/es\/?s={search_term_string}"},"query-input":{"@type":"PropertyValueSpecification","valueRequired":true,"valueName":"search_term_string"}}],"inLanguage":"fr-FR"},{"@type":"Organization","@id":"https:\/\/www.cgfmanet.org\/es\/#organization","name":"Istituto Figlie di Maria Ausiliatrice","url":"https:\/\/www.cgfmanet.org\/es\/","logo":{"@type":"ImageObject","inLanguage":"fr-FR","@id":"https:\/\/www.cgfmanet.org\/es\/#\/schema\/logo\/image\/","url":"https:\/\/www.cgfmanet.org\/wp-content\/uploads\/2018\/10\/logo-fma.png","contentUrl":"https:\/\/www.cgfmanet.org\/wp-content\/uploads\/2018\/10\/logo-fma.png","width":214,"height":55,"caption":"Istituto Figlie di Maria Ausiliatrice"},"image":{"@id":"https:\/\/www.cgfmanet.org\/es\/#\/schema\/logo\/image\/"},"sameAs":["https:\/\/www.facebook.com\/salesian.sisters.of.don.bosco\/","https:\/\/x.com\/Cgfmanet_Org","https:\/\/www.youtube.com\/channel\/UCmcr8yFQBV7JXeXVxyV9y5Q"]},{"@type":"Person","@id":"https:\/\/www.cgfmanet.org\/es\/#\/schema\/person\/ce6473083f53ef0ef882cca23f0c8fb9","name":"Redazione"}]}},"_links":{"self":[{"href":"https:\/\/www.cgfmanet.org\/fr\/wp-json\/wp\/v2\/posts\/156351","targetHints":{"allow":["GET"]}}],"collection":[{"href":"https:\/\/www.cgfmanet.org\/fr\/wp-json\/wp\/v2\/posts"}],"about":[{"href":"https:\/\/www.cgfmanet.org\/fr\/wp-json\/wp\/v2\/types\/post"}],"author":[{"embeddable":true,"href":"https:\/\/www.cgfmanet.org\/fr\/wp-json\/wp\/v2\/users\/21"}],"replies":[{"embeddable":true,"href":"https:\/\/www.cgfmanet.org\/fr\/wp-json\/wp\/v2\/comments?post=156351"}],"version-history":[{"count":0,"href":"https:\/\/www.cgfmanet.org\/fr\/wp-json\/wp\/v2\/posts\/156351\/revisions"}],"wp:featuredmedia":[{"embeddable":true,"href":"https:\/\/www.cgfmanet.org\/fr\/wp-json\/wp\/v2\/media\/156346"}],"wp:attachment":[{"href":"https:\/\/www.cgfmanet.org\/fr\/wp-json\/wp\/v2\/media?parent=156351"}],"wp:term":[{"taxonomy":"category","embeddable":true,"href":"https:\/\/www.cgfmanet.org\/fr\/wp-json\/wp\/v2\/categories?post=156351"},{"taxonomy":"post_tag","embeddable":true,"href":"https:\/\/www.cgfmanet.org\/fr\/wp-json\/wp\/v2\/tags?post=156351"}],"curies":[{"name":"wp","href":"https:\/\/api.w.org\/{rel}","templated":true}]}}