{"id":156326,"date":"2026-04-24T08:55:30","date_gmt":"2026-04-24T06:55:30","guid":{"rendered":"https:\/\/www.cgfmanet.org\/info-sphere\/sepsur-scuola-2026-cicsal-e-cono-sur\/"},"modified":"2026-04-25T22:19:08","modified_gmt":"2026-04-25T20:19:08","slug":"sepsur-ecole-2026-cicsal-et-cone-sud","status":"publish","type":"post","link":"https:\/\/www.cgfmanet.org\/fr\/ifma-fr\/sepsur-ecole-2026-cicsal-et-cone-sud\/","title":{"rendered":"SEPSUR Ecole 2026 \u2013 CICSAL et C\u00f4ne Sud"},"content":{"rendered":"<p><strong>Montevideo (Uruguay).<\/strong> Du 20 au 23 avril 2026, la rencontre SEPSUR Ecole 2026 a eu lieu \u00e0 Montevideo, au Centre de Spiritualit\u00e9 Manresa, qui a r\u00e9uni les Responsables du secteur scolaire ainsi que plusieurs d\u00e9l\u00e9gu\u00e9s et coordinatrices de la Pastorale des Jeunes des pr\u00e9sences sal\u00e9siennes de la Conf\u00e9rence Interprovinciale CICSAL des Filles de Marie Auxiliatrice et de la R\u00e9gion C\u00f4ne Sud des Sal\u00e9siens de Dom Bosco, compos\u00e9e de neuf Provinces (5 SDB et 4 FMA) r\u00e9parties dans quatre pays\u00a0: Argentine, Chili, Paraguay et Uruguay.<\/p>\n<p>L\u2019objectif de cette rencontre annuelle est de renforcer la coordination entre les \u00e9coles sal\u00e9siennes de cette r\u00e9gion, en favorisant l\u2019\u00e9change d\u2019exp\u00e9riences, l\u2019approfondissement pastoral et la construction de parcours communs face aux d\u00e9fis \u00e9ducatifs actuels.<\/p>\n<p>Lors de l\u2019ouverture, la Conseill\u00e8re pour la Pastorale des Jeunes, s\u0153ur Runita Borja, a exprim\u00e9 son message aux participants via une vid\u00e9o\u00a0:<\/p>\n<p><em>\u2018\u2019Les rencontres r\u00e9gionales annuelles sont fondamentales pour maintenir vivant le r\u00e9seau entre les institutions \u00e9ducatives et renforcer la communion entre les Provinces. Les R\u00e9f\u00e9rentes provinciales de l\u2019\u00e9cole accomplissent une mission de confiance, \u00e9tant des ponts entre les \u0153uvres \u00e9ducatives locales et l\u2019articulation r\u00e9gionale. Lors du Jubil\u00e9 du Monde de l\u2019Education, le Pape L\u00e9on XIV a publi\u00e9 la lettre apostolique \u2018Dessiner de nouvelles cartes d\u2019esp\u00e9rance\u2019, dans laquelle il pr\u00e9sente l\u2019\u00e9ducation catholique comme une constellation \u00e9ducative\u00a0: un r\u00e9seau vivant et pluriel, dans lequel chaque institution brille par sa propre identit\u00e9, mais qui ensemble, indique des parcours communs. Le document relance \u00e9galement le Pacte Educatif Mondial, ajoutant de nouvelles priorit\u00e9s afin de promouvoir une \u00e9ducation int\u00e9grale qui unit foi et culture, savoir et justice, tradition et innovation\u2019\u2019.<\/em><\/p>\n<p>Dom Rafael Bejarano, Conseiller G\u00e9n\u00e9ral pour la Pastorale des Jeunes, s\u2019est connect\u00e9 \u00e0 distance pour accueillir les participants et donner quelques communications\u00a0.<\/p>\n<p><strong>Th\u00e8mes cl\u00e9s<\/strong><\/p>\n<p>Le programme comprenait des moments de spiritualit\u00e9, de formation et de travail de collaboration, abordant des th\u00e8mes significatifs pour la mission \u00e9ducative sal\u00e9sienne, notamment\u00a0:<\/p>\n<ul>\n<li>Espoir sur le continent am\u00e9ricain et le Pacte Educatif Mondial\u00a0;<\/li>\n<li>Convergences entre la programmation du sexennat, le Pacte Educatif et la nouvelle lettre apostolique du Pape L\u00e9on XIV\u00a0;<\/li>\n<li>Ecoute des jeunes comme contribution \u00e0 la r\u00e9flexion \u00e9ducative\u00a0;<\/li>\n<li>Un processus de r\u00e9flexion pastorale sur l\u2019affectivit\u00e9 et la sexualit\u00e9\u00a0;<\/li>\n<li>La construction d\u2019un outil de consultation pour les jeunes\u00a0;<\/li>\n<li>D\u00e9finition des perspectives d\u2019avenir pour le SEPSUR Ecole.<\/li>\n<\/ul>\n<p><strong>Participation et contributions<\/strong><\/p>\n<p>Les journ\u00e9es ont vu la participation de repr\u00e9sentants et de consultants issus des secteurs de l\u2019\u00e9ducation, de la th\u00e9ologie et de la pastorale des jeunes. Elles comprenaient \u00e9galement des c\u00e9l\u00e9brations eucharistiques, des ateliers de travail et des moments de fraternit\u00e9. Les Messes ont \u00e9t\u00e9 c\u00e9l\u00e9br\u00e9es par dom Jorge P\u00e9rez, Coordinateur de la Pastorale des Jeunes, et par le P\u00e8re Provincial de la Province <em>Saint Joseph<\/em> (URU), dom Francisco Lezama, SDB.<\/p>\n<p>Des contributions significatives ont \u00e9t\u00e9 celles de s\u0153ur Ivone Goulart Lopes, FMA, Collaboratrice du Secteur pour la Pastorale des Jeunes, avec la r\u00e9flexion sur la <em>\u2018\u2019Constellation Educative ESA\u00a0: Espoir sur le continent am\u00e9ricain \u2013 le Pacte Educatif Mondial\u2019\u2019<\/em> et de Jos\u00e9 Luis Jim\u00e9nez, SDB, R\u00e9f\u00e9rent du Secteur pour la Pastorale des Jeunes, qui a approfondi les convergences entre la programmation du sexennat, le Pacte Educatif et la nouvelle lettre apostolique du Pape L\u00e9on XIV consacr\u00e9e \u00e0 l\u2019\u00e9ducation.<\/p>\n<p>De plus, Fabi\u00e1n Vitabar a d\u00e9velopp\u00e9 le th\u00e8me \u2018\u2019A l\u2019\u00e9coute des jeunes \u2013 une contribution \u00e0 la r\u00e9flexion\u2019\u2019\u00a0; Sebasti\u00e1n Ferreyra, SDB, a pr\u00e9sent\u00e9 le processus de r\u00e9flexion du SEPSUR Pastorale sur l\u2019Affectivit\u00e9 et la Sexualit\u00e9\u00a0; Manuel Catal\u00e1n et Guillermo Guti\u00e9rrez ont anim\u00e9 un atelier pour la construction d\u2019un outil de consultation des jeunes.<\/p>\n<p>Au groupe, ont \u00e9galement \u00e9t\u00e9 pr\u00e9sent\u00e9es deux vid\u00e9os pr\u00e9par\u00e9es par s\u0153ur Patricia Parraguez, FMA, qui fait partie du groupe de recherche sur le Syst\u00e8me Pr\u00e9ventif des Facult\u00e9s Pontificales Auxilium et UPS et qui a supervis\u00e9 l\u2019analyse des documents de la Pastorale des Provinces du C\u00f4ne Sud. Les vid\u00e9os r\u00e9alis\u00e9es sont bas\u00e9es sur tous les projets pastoraux et provinciaux des quatre pays.<\/p>\n<p><strong>Fraternit\u00e9 et visites culturelles<\/strong><\/p>\n<p>Le groupe a visit\u00e9 le Mus\u00e9e Dom Luigi Lasagna au Coll\u00e8ge Pio, premi\u00e8re pr\u00e9sence des Sal\u00e9siens de Dom Bosco en Uruguay. Par la suite, il a particip\u00e9 \u00e0 la Messe pr\u00e9sid\u00e9e par le P\u00e8re Provincial, P\u00e8re Francisco Lezama, au Sanctuaire de Marie Auxiliatrice. Beaucoup ont \u00e9galement pu d\u00e9couvrir le si\u00e8ge provincial, la premi\u00e8re pr\u00e9sence des FMA en Am\u00e9rique, pr\u00e9cis\u00e9ment en Uruguay, o\u00f9 en 2027 sera c\u00e9l\u00e9br\u00e9 le 150<sup>\u00e8me<\/sup> anniversaire de leur arriv\u00e9e. Il y a eu de nombreux moments de r\u00e9cr\u00e9ation, en particulier une soir\u00e9e pleine de joie, de fraternit\u00e9 et de rencontre, avec des remerciements aux deux Sup\u00e9rieurs Provinciaux\u00a0: s\u0153ur Maria de los Angeles Grassi, M\u00e8re Provinciale de la Province <em>Immacul\u00e9e Conception<\/em> (URU) et dom Francisco Lezama, SDB, pour leur accueil et leur soutien.<\/p>\n<p><strong>Une rencontre pour r\u00eaver l\u2019avenir<\/strong><\/p>\n<p>Plus qu\u2019une simple r\u00e9union organisationnelle, le SEPSUR Ecole 2026 voulait \u00eatre un espace de discernement et de renouveau missionnaire, r\u00e9affirmant l\u2019engagement sal\u00e9sien pour une \u00e9ducation int\u00e9grale, \u00e9vang\u00e9lisatrice et ouverte aux d\u00e9fis du temps pr\u00e9sent.<\/p>\n<p>A partir de l\u2019\u00e9coute mutuelle et de la communion entre les pays participants, la rencontre vise \u00e0 consolider des r\u00e9seaux \u00e9ducatifs capables de g\u00e9n\u00e9rer de l\u2019espoir et de transformer les r\u00e9alit\u00e9s des jeunes dans toute la r\u00e9gion.<\/p>\n\r\n                <style type=\"text\/css\">\r\n                    \r\n                    #tdi_1  .td-doubleSlider-2 .td-item1 {\r\n                        background: url(https:\/\/www.cgfmanet.org\/wp-content\/uploads\/2026\/04\/SEPSUR-2026_1-80x60.jpg) 0 0 no-repeat;\r\n                    }\r\n                    #tdi_1  .td-doubleSlider-2 .td-item2 {\r\n                        background: url(https:\/\/www.cgfmanet.org\/wp-content\/uploads\/2026\/04\/SEPSUR-2026_5-80x60.jpg) 0 0 no-repeat;\r\n                    }\r\n                    #tdi_1  .td-doubleSlider-2 .td-item3 {\r\n                        background: url(https:\/\/www.cgfmanet.org\/wp-content\/uploads\/2026\/04\/SEPSUR-2026_2-80x60.jpg) 0 0 no-repeat;\r\n                    }\r\n                    #tdi_1  .td-doubleSlider-2 .td-item4 {\r\n                        background: url(https:\/\/www.cgfmanet.org\/wp-content\/uploads\/2026\/04\/SEPSUR-2026_6-80x60.jpg) 0 0 no-repeat;\r\n                    }\r\n                    #tdi_1  .td-doubleSlider-2 .td-item5 {\r\n                        background: url(https:\/\/www.cgfmanet.org\/wp-content\/uploads\/2026\/04\/SEPSUR-2026_3-80x60.jpg) 0 0 no-repeat;\r\n                    }\r\n                    #tdi_1  .td-doubleSlider-2 .td-item6 {\r\n                        background: url(https:\/\/www.cgfmanet.org\/wp-content\/uploads\/2026\/04\/SEPSUR-2026_7-80x60.jpg) 0 0 no-repeat;\r\n                    }\r\n                    #tdi_1  .td-doubleSlider-2 .td-item7 {\r\n                        background: url(https:\/\/www.cgfmanet.org\/wp-content\/uploads\/2026\/04\/SEPSUR-2026_4-80x60.jpg) 0 0 no-repeat;\r\n                    }\r\n                    #tdi_1  .td-doubleSlider-2 .td-item8 {\r\n                        background: url(https:\/\/www.cgfmanet.org\/wp-content\/uploads\/2026\/04\/SEPSUR-2026_8-80x60.jpg) 0 0 no-repeat;\r\n                    }\r\n                <\/style>\r\n\r\n                <div id=\"tdi_1\" class=\"td-gallery td-slide-on-2-columns\">\r\n                    <div class=\"post_td_gallery\">\r\n                        <div class=\"td-gallery-slide-top\">\r\n                           <div class=\"td-gallery-title\"><\/div>\r\n\r\n                            <div class=\"td-gallery-controls-wrapper\">\r\n                                <div class=\"td-gallery-slide-count\"><span class=\"td-gallery-slide-item-focus\">1<\/span> de 8<\/div>\r\n                                <div class=\"td-gallery-slide-prev-next-but\">\r\n                                    <i class = \"td-icon-left doubleSliderPrevButton\"><\/i>\r\n                                    <i class = \"td-icon-right doubleSliderNextButton\"><\/i>\r\n                                <\/div>\r\n                            <\/div>\r\n                        <\/div>\r\n\r\n                        <div class = \"td-doubleSlider-1 \">\r\n                            <div class = \"td-slider\">\r\n                                \r\n                    <div class = \"td-slide-item td-item1\">\r\n                        <figure class=\"td-slide-galery-figure td-slide-popup-gallery\">\r\n                            <a class=\"slide-gallery-image-link\" href=\"https:\/\/www.cgfmanet.org\/wp-content\/uploads\/2026\/04\/SEPSUR-2026_1.jpg\" title=\"SEPSUR 2026_1\"  data-caption=\"\"  data-description=\"\">\r\n                                <img decoding=\"async\" data-src=\"https:\/\/www.cgfmanet.org\/wp-content\/uploads\/2026\/04\/SEPSUR-2026_1-734x420.jpg\" data-srcset=\"https:\/\/www.cgfmanet.org\/wp-content\/uploads\/2026\/04\/SEPSUR-2026_1-734x420.jpg 734w, https:\/\/www.cgfmanet.org\/wp-content\/uploads\/2026\/04\/SEPSUR-2026_1-768x440.jpg 768w, https:\/\/www.cgfmanet.org\/wp-content\/uploads\/2026\/04\/SEPSUR-2026_1-696x398.jpg 696w, https:\/\/www.cgfmanet.org\/wp-content\/uploads\/2026\/04\/SEPSUR-2026_1.jpg 1181w\" data-sizes=\"auto\" alt=\"\" src=\"data:image\/svg+xml;base64,PHN2ZyB3aWR0aD0iMSIgaGVpZ2h0PSIxIiB4bWxucz0iaHR0cDovL3d3dy53My5vcmcvMjAwMC9zdmciPjwvc3ZnPg==\" class=\"lazyload\" style=\"--smush-placeholder-width: 734px; --smush-placeholder-aspect-ratio: 734\/420;\" data-original-sizes=\"(max-width: 734px) 100vw, 734px\">\r\n                            <\/a>\r\n                            \r\n                        <\/figure>\r\n                    <\/div>\r\n                    <div class = \"td-slide-item td-item2\">\r\n                        <figure class=\"td-slide-galery-figure td-slide-popup-gallery\">\r\n                            <a class=\"slide-gallery-image-link\" href=\"https:\/\/www.cgfmanet.org\/wp-content\/uploads\/2026\/04\/SEPSUR-2026_5.jpg\" title=\"SEPSUR 2026_5\"  data-caption=\"\"  data-description=\"\">\r\n                                <img decoding=\"async\" data-src=\"https:\/\/www.cgfmanet.org\/wp-content\/uploads\/2026\/04\/SEPSUR-2026_5-708x420.jpg\" data-srcset=\"https:\/\/www.cgfmanet.org\/wp-content\/uploads\/2026\/04\/SEPSUR-2026_5-708x420.jpg 708w, https:\/\/www.cgfmanet.org\/wp-content\/uploads\/2026\/04\/SEPSUR-2026_5-768x456.jpg 768w, https:\/\/www.cgfmanet.org\/wp-content\/uploads\/2026\/04\/SEPSUR-2026_5-696x413.jpg 696w, https:\/\/www.cgfmanet.org\/wp-content\/uploads\/2026\/04\/SEPSUR-2026_5.jpg 1245w\" data-sizes=\"auto\" alt=\"\" src=\"data:image\/svg+xml;base64,PHN2ZyB3aWR0aD0iMSIgaGVpZ2h0PSIxIiB4bWxucz0iaHR0cDovL3d3dy53My5vcmcvMjAwMC9zdmciPjwvc3ZnPg==\" class=\"lazyload\" style=\"--smush-placeholder-width: 708px; --smush-placeholder-aspect-ratio: 708\/420;\" data-original-sizes=\"(max-width: 708px) 100vw, 708px\">\r\n                            <\/a>\r\n                            \r\n                        <\/figure>\r\n                    <\/div>\r\n                    <div class = \"td-slide-item td-item3\">\r\n                        <figure class=\"td-slide-galery-figure td-slide-popup-gallery\">\r\n                            <a class=\"slide-gallery-image-link\" href=\"https:\/\/www.cgfmanet.org\/wp-content\/uploads\/2026\/04\/SEPSUR-2026_2.jpg\" title=\"SEPSUR 2026_2\"  data-caption=\"\"  data-description=\"\">\r\n                                <img decoding=\"async\" data-src=\"https:\/\/www.cgfmanet.org\/wp-content\/uploads\/2026\/04\/SEPSUR-2026_2-630x420.jpg\" data-srcset=\"https:\/\/www.cgfmanet.org\/wp-content\/uploads\/2026\/04\/SEPSUR-2026_2-630x420.jpg 630w, https:\/\/www.cgfmanet.org\/wp-content\/uploads\/2026\/04\/SEPSUR-2026_2-768x512.jpg 768w, https:\/\/www.cgfmanet.org\/wp-content\/uploads\/2026\/04\/SEPSUR-2026_2-696x464.jpg 696w, https:\/\/www.cgfmanet.org\/wp-content\/uploads\/2026\/04\/SEPSUR-2026_2.jpg 1350w\" data-sizes=\"auto\" alt=\"\" src=\"data:image\/svg+xml;base64,PHN2ZyB3aWR0aD0iMSIgaGVpZ2h0PSIxIiB4bWxucz0iaHR0cDovL3d3dy53My5vcmcvMjAwMC9zdmciPjwvc3ZnPg==\" class=\"lazyload\" style=\"--smush-placeholder-width: 630px; --smush-placeholder-aspect-ratio: 630\/420;\" data-original-sizes=\"(max-width: 630px) 100vw, 630px\">\r\n                            <\/a>\r\n                            \r\n                        <\/figure>\r\n                    <\/div>\r\n                    <div class = \"td-slide-item td-item4\">\r\n                        <figure class=\"td-slide-galery-figure td-slide-popup-gallery\">\r\n                            <a class=\"slide-gallery-image-link\" href=\"https:\/\/www.cgfmanet.org\/wp-content\/uploads\/2026\/04\/SEPSUR-2026_6.jpg\" title=\"SEPSUR 2026_6\"  data-caption=\"\"  data-description=\"\">\r\n                                <img decoding=\"async\" data-src=\"https:\/\/www.cgfmanet.org\/wp-content\/uploads\/2026\/04\/SEPSUR-2026_6-762x420.jpg\" data-srcset=\"https:\/\/www.cgfmanet.org\/wp-content\/uploads\/2026\/04\/SEPSUR-2026_6-762x420.jpg 762w, https:\/\/www.cgfmanet.org\/wp-content\/uploads\/2026\/04\/SEPSUR-2026_6-768x423.jpg 768w, https:\/\/www.cgfmanet.org\/wp-content\/uploads\/2026\/04\/SEPSUR-2026_6-696x384.jpg 696w, https:\/\/www.cgfmanet.org\/wp-content\/uploads\/2026\/04\/SEPSUR-2026_6.jpg 1341w\" data-sizes=\"auto\" alt=\"\" src=\"data:image\/svg+xml;base64,PHN2ZyB3aWR0aD0iMSIgaGVpZ2h0PSIxIiB4bWxucz0iaHR0cDovL3d3dy53My5vcmcvMjAwMC9zdmciPjwvc3ZnPg==\" class=\"lazyload\" style=\"--smush-placeholder-width: 762px; --smush-placeholder-aspect-ratio: 762\/420;\" data-original-sizes=\"(max-width: 762px) 100vw, 762px\">\r\n                            <\/a>\r\n                            \r\n                        <\/figure>\r\n                    <\/div>\r\n                    <div class = \"td-slide-item td-item5\">\r\n                        <figure class=\"td-slide-galery-figure td-slide-popup-gallery\">\r\n                            <a class=\"slide-gallery-image-link\" href=\"https:\/\/www.cgfmanet.org\/wp-content\/uploads\/2026\/04\/SEPSUR-2026_3.jpg\" title=\"SEPSUR 2026_3\"  data-caption=\"\"  data-description=\"\">\r\n                                <img decoding=\"async\" data-src=\"https:\/\/www.cgfmanet.org\/wp-content\/uploads\/2026\/04\/SEPSUR-2026_3-630x420.jpg\" data-srcset=\"https:\/\/www.cgfmanet.org\/wp-content\/uploads\/2026\/04\/SEPSUR-2026_3-630x420.jpg 630w, https:\/\/www.cgfmanet.org\/wp-content\/uploads\/2026\/04\/SEPSUR-2026_3-768x512.jpg 768w, https:\/\/www.cgfmanet.org\/wp-content\/uploads\/2026\/04\/SEPSUR-2026_3-696x464.jpg 696w, https:\/\/www.cgfmanet.org\/wp-content\/uploads\/2026\/04\/SEPSUR-2026_3.jpg 1352w\" data-sizes=\"auto\" alt=\"\" src=\"data:image\/svg+xml;base64,PHN2ZyB3aWR0aD0iMSIgaGVpZ2h0PSIxIiB4bWxucz0iaHR0cDovL3d3dy53My5vcmcvMjAwMC9zdmciPjwvc3ZnPg==\" class=\"lazyload\" style=\"--smush-placeholder-width: 630px; --smush-placeholder-aspect-ratio: 630\/420;\" data-original-sizes=\"(max-width: 630px) 100vw, 630px\">\r\n                            <\/a>\r\n                            \r\n                        <\/figure>\r\n                    <\/div>\r\n                    <div class = \"td-slide-item td-item6\">\r\n                        <figure class=\"td-slide-galery-figure td-slide-popup-gallery\">\r\n                            <a class=\"slide-gallery-image-link\" href=\"https:\/\/www.cgfmanet.org\/wp-content\/uploads\/2026\/04\/SEPSUR-2026_7.jpg\" title=\"SEPSUR 2026_7\"  data-caption=\"\"  data-description=\"\">\r\n                                <img decoding=\"async\" data-src=\"https:\/\/www.cgfmanet.org\/wp-content\/uploads\/2026\/04\/SEPSUR-2026_7-682x420.jpg\" data-srcset=\"https:\/\/www.cgfmanet.org\/wp-content\/uploads\/2026\/04\/SEPSUR-2026_7-682x420.jpg 682w, https:\/\/www.cgfmanet.org\/wp-content\/uploads\/2026\/04\/SEPSUR-2026_7-768x473.jpg 768w, https:\/\/www.cgfmanet.org\/wp-content\/uploads\/2026\/04\/SEPSUR-2026_7-696x429.jpg 696w, https:\/\/www.cgfmanet.org\/wp-content\/uploads\/2026\/04\/SEPSUR-2026_7.jpg 1200w\" data-sizes=\"auto\" alt=\"\" src=\"data:image\/svg+xml;base64,PHN2ZyB3aWR0aD0iMSIgaGVpZ2h0PSIxIiB4bWxucz0iaHR0cDovL3d3dy53My5vcmcvMjAwMC9zdmciPjwvc3ZnPg==\" class=\"lazyload\" style=\"--smush-placeholder-width: 682px; --smush-placeholder-aspect-ratio: 682\/420;\" data-original-sizes=\"(max-width: 682px) 100vw, 682px\">\r\n                            <\/a>\r\n                            \r\n                        <\/figure>\r\n                    <\/div>\r\n                    <div class = \"td-slide-item td-item7\">\r\n                        <figure class=\"td-slide-galery-figure td-slide-popup-gallery\">\r\n                            <a class=\"slide-gallery-image-link\" href=\"https:\/\/www.cgfmanet.org\/wp-content\/uploads\/2026\/04\/SEPSUR-2026_4.jpg\" title=\"SEPSUR 2026_4\"  data-caption=\"\"  data-description=\"\">\r\n                                <img decoding=\"async\" data-src=\"https:\/\/www.cgfmanet.org\/wp-content\/uploads\/2026\/04\/SEPSUR-2026_4-630x420.jpg\" data-srcset=\"https:\/\/www.cgfmanet.org\/wp-content\/uploads\/2026\/04\/SEPSUR-2026_4-630x420.jpg 630w, https:\/\/www.cgfmanet.org\/wp-content\/uploads\/2026\/04\/SEPSUR-2026_4-768x512.jpg 768w, https:\/\/www.cgfmanet.org\/wp-content\/uploads\/2026\/04\/SEPSUR-2026_4-696x464.jpg 696w, https:\/\/www.cgfmanet.org\/wp-content\/uploads\/2026\/04\/SEPSUR-2026_4.jpg 1181w\" data-sizes=\"auto\" alt=\"\" src=\"data:image\/svg+xml;base64,PHN2ZyB3aWR0aD0iMSIgaGVpZ2h0PSIxIiB4bWxucz0iaHR0cDovL3d3dy53My5vcmcvMjAwMC9zdmciPjwvc3ZnPg==\" class=\"lazyload\" style=\"--smush-placeholder-width: 630px; --smush-placeholder-aspect-ratio: 630\/420;\" data-original-sizes=\"(max-width: 630px) 100vw, 630px\">\r\n                            <\/a>\r\n                            \r\n                        <\/figure>\r\n                    <\/div>\r\n                    <div class = \"td-slide-item td-item8\">\r\n                        <figure class=\"td-slide-galery-figure td-slide-popup-gallery\">\r\n                            <a class=\"slide-gallery-image-link\" href=\"https:\/\/www.cgfmanet.org\/wp-content\/uploads\/2026\/04\/SEPSUR-2026_8.jpg\" title=\"SEPSUR 2026_8\"  data-caption=\"\"  data-description=\"\">\r\n                                <img decoding=\"async\" data-src=\"https:\/\/www.cgfmanet.org\/wp-content\/uploads\/2026\/04\/SEPSUR-2026_8-404x420.jpg\" data-srcset=\"https:\/\/www.cgfmanet.org\/wp-content\/uploads\/2026\/04\/SEPSUR-2026_8-404x420.jpg 404w, https:\/\/www.cgfmanet.org\/wp-content\/uploads\/2026\/04\/SEPSUR-2026_8-768x798.jpg 768w, https:\/\/www.cgfmanet.org\/wp-content\/uploads\/2026\/04\/SEPSUR-2026_8-696x723.jpg 696w, https:\/\/www.cgfmanet.org\/wp-content\/uploads\/2026\/04\/SEPSUR-2026_8.jpg 1181w\" data-sizes=\"auto\" alt=\"\" src=\"data:image\/svg+xml;base64,PHN2ZyB3aWR0aD0iMSIgaGVpZ2h0PSIxIiB4bWxucz0iaHR0cDovL3d3dy53My5vcmcvMjAwMC9zdmciPjwvc3ZnPg==\" class=\"lazyload\" style=\"--smush-placeholder-width: 404px; --smush-placeholder-aspect-ratio: 404\/420;\" data-original-sizes=\"(max-width: 404px) 100vw, 404px\">\r\n                            <\/a>\r\n                            \r\n                        <\/figure>\r\n                    <\/div>\r\n                            <\/div>\r\n                        <\/div>\r\n\r\n                        <div class = \"td-doubleSlider-2\">\r\n                            <div class = \"td-slider\">\r\n                                \r\n                    <div class = \"td-button td-item1\">\r\n                        <div class = \"td-border\"><\/div>\r\n                    <\/div>\r\n                    <div class = \"td-button td-item2\">\r\n                        <div class = \"td-border\"><\/div>\r\n                    <\/div>\r\n                    <div class = \"td-button td-item3\">\r\n                        <div class = \"td-border\"><\/div>\r\n                    <\/div>\r\n                    <div class = \"td-button td-item4\">\r\n                        <div class = \"td-border\"><\/div>\r\n                    <\/div>\r\n                    <div class = \"td-button td-item5\">\r\n                        <div class = \"td-border\"><\/div>\r\n                    <\/div>\r\n                    <div class = \"td-button td-item6\">\r\n                        <div class = \"td-border\"><\/div>\r\n                    <\/div>\r\n                    <div class = \"td-button td-item7\">\r\n                        <div class = \"td-border\"><\/div>\r\n                    <\/div>\r\n                    <div class = \"td-button td-item8\">\r\n                        <div class = \"td-border\"><\/div>\r\n                    <\/div>\r\n                            <\/div>\r\n                        <\/div>\r\n\r\n                    <\/div>\r\n\r\n                <\/div>\r\n                \n","protected":false},"excerpt":{"rendered":"<p>Montevideo (Uruguay). Du 20 au 23 avril 2026, la rencontre SEPSUR Ecole 2026 a eu lieu \u00e0 Montevideo, au Centre de Spiritualit\u00e9 Manresa, qui a r\u00e9uni les Responsables du secteur [&hellip;]<\/p>\n","protected":false},"author":21,"featured_media":156285,"comment_status":"open","ping_status":"closed","sticky":false,"template":"","format":"standard","meta":{"footnotes":""},"categories":[156,177],"tags":[1034,1455,1536,1661,1929,2196],"class_list":["post-156326","post","type-post","status-publish","format-standard","has-post-thumbnail","category-ifma-fr","category-education-fr","tag-cicsal-fr","tag-ecole","tag-pastorale-des-jeunes","tag-carisma-salesiano-fr","tag-focus-fr","tag-uruguay-fr"],"yoast_head":"<!-- This site is optimized with the Yoast SEO plugin v27.4 - https:\/\/yoast.com\/product\/yoast-seo-wordpress\/ -->\n<title>SEPSUR Ecole 2026 \u2013 CICSAL et C\u00f4ne Sud &#8226; Istituto Figlie di Maria Ausiliatrice<\/title>\n<meta name=\"description\" content=\"Du 20 au 23 avril 2026, \u00e0 Montevideo, en Uruguay, a eu lieu la rencontre SEPSUR Ecole 2026 des Responsables scolaires de la CICSAL et de la r\u00e9gion du C\u00f4ne Sud.\" \/>\n<meta name=\"robots\" content=\"index, follow, max-snippet:-1, max-image-preview:large, max-video-preview:-1\" \/>\n<link rel=\"canonical\" href=\"https:\/\/www.cgfmanet.org\/fr\/ifma-fr\/sepsur-ecole-2026-cicsal-et-cone-sud\/\" \/>\n<meta property=\"og:locale\" content=\"fr_FR\" \/>\n<meta property=\"og:type\" content=\"article\" \/>\n<meta property=\"og:title\" content=\"SEPSUR Ecole 2026 \u2013 CICSAL et C\u00f4ne Sud &#8226; Istituto Figlie di Maria Ausiliatrice\" \/>\n<meta property=\"og:description\" content=\"Du 20 au 23 avril 2026, \u00e0 Montevideo, en Uruguay, a eu lieu la rencontre SEPSUR Ecole 2026 des Responsables scolaires de la CICSAL et de la r\u00e9gion du C\u00f4ne Sud.\" \/>\n<meta property=\"og:url\" content=\"https:\/\/www.cgfmanet.org\/fr\/ifma-fr\/sepsur-ecole-2026-cicsal-et-cone-sud\/\" \/>\n<meta property=\"og:site_name\" content=\"Istituto Figlie di Maria Ausiliatrice\" \/>\n<meta property=\"article:publisher\" content=\"https:\/\/www.facebook.com\/salesian.sisters.of.don.bosco\/\" \/>\n<meta property=\"article:published_time\" content=\"2026-04-24T06:55:30+00:00\" \/>\n<meta property=\"article:modified_time\" content=\"2026-04-25T20:19:08+00:00\" \/>\n<meta property=\"og:image\" content=\"https:\/\/www.cgfmanet.org\/wp-content\/uploads\/2026\/04\/SEPSUR-2026.jpg\" \/>\n\t<meta property=\"og:image:width\" content=\"1368\" \/>\n\t<meta property=\"og:image:height\" content=\"912\" \/>\n\t<meta property=\"og:image:type\" content=\"image\/jpeg\" \/>\n<meta name=\"author\" content=\"Redazione\" \/>\n<meta name=\"twitter:card\" content=\"summary_large_image\" \/>\n<meta name=\"twitter:creator\" content=\"@Cgfmanet_Org\" \/>\n<meta name=\"twitter:site\" content=\"@Cgfmanet_Org\" \/>\n<meta name=\"twitter:label1\" content=\"\u00c9crit par\" \/>\n\t<meta name=\"twitter:data1\" content=\"Redazione\" \/>\n\t<meta name=\"twitter:label2\" content=\"Dur\u00e9e de lecture estim\u00e9e\" \/>\n\t<meta name=\"twitter:data2\" content=\"5 minutes\" \/>\n<script type=\"application\/ld+json\" class=\"yoast-schema-graph\">{\"@context\":\"https:\\\/\\\/schema.org\",\"@graph\":[{\"@type\":\"Article\",\"@id\":\"https:\\\/\\\/www.cgfmanet.org\\\/fr\\\/ifma-fr\\\/sepsur-ecole-2026-cicsal-et-cone-sud\\\/#article\",\"isPartOf\":{\"@id\":\"https:\\\/\\\/www.cgfmanet.org\\\/fr\\\/ifma-fr\\\/sepsur-ecole-2026-cicsal-et-cone-sud\\\/\"},\"author\":{\"name\":\"Redazione\",\"@id\":\"https:\\\/\\\/www.cgfmanet.org\\\/es\\\/#\\\/schema\\\/person\\\/ce6473083f53ef0ef882cca23f0c8fb9\"},\"headline\":\"SEPSUR Ecole 2026 \u2013 CICSAL et C\u00f4ne Sud\",\"datePublished\":\"2026-04-24T06:55:30+00:00\",\"dateModified\":\"2026-04-25T20:19:08+00:00\",\"mainEntityOfPage\":{\"@id\":\"https:\\\/\\\/www.cgfmanet.org\\\/fr\\\/ifma-fr\\\/sepsur-ecole-2026-cicsal-et-cone-sud\\\/\"},\"wordCount\":992,\"commentCount\":0,\"publisher\":{\"@id\":\"https:\\\/\\\/www.cgfmanet.org\\\/es\\\/#organization\"},\"image\":{\"@id\":\"https:\\\/\\\/www.cgfmanet.org\\\/fr\\\/ifma-fr\\\/sepsur-ecole-2026-cicsal-et-cone-sud\\\/#primaryimage\"},\"thumbnailUrl\":\"https:\\\/\\\/www.cgfmanet.org\\\/wp-content\\\/uploads\\\/2026\\\/04\\\/SEPSUR-2026.jpg\",\"keywords\":[\"CICSAL\",\"Ecole\",\"Pastorale des Jeunes\",\"Carisma salesiano\",\"Focus\",\"Uruguay\"],\"articleSection\":[\"IFMA\",\"Education\"],\"inLanguage\":\"fr-FR\",\"potentialAction\":[{\"@type\":\"CommentAction\",\"name\":\"Comment\",\"target\":[\"https:\\\/\\\/www.cgfmanet.org\\\/fr\\\/ifma-fr\\\/sepsur-ecole-2026-cicsal-et-cone-sud\\\/#respond\"]}]},{\"@type\":\"WebPage\",\"@id\":\"https:\\\/\\\/www.cgfmanet.org\\\/fr\\\/ifma-fr\\\/sepsur-ecole-2026-cicsal-et-cone-sud\\\/\",\"url\":\"https:\\\/\\\/www.cgfmanet.org\\\/fr\\\/ifma-fr\\\/sepsur-ecole-2026-cicsal-et-cone-sud\\\/\",\"name\":\"SEPSUR Ecole 2026 \u2013 CICSAL et C\u00f4ne Sud &#8226; Istituto Figlie di Maria Ausiliatrice\",\"isPartOf\":{\"@id\":\"https:\\\/\\\/www.cgfmanet.org\\\/es\\\/#website\"},\"primaryImageOfPage\":{\"@id\":\"https:\\\/\\\/www.cgfmanet.org\\\/fr\\\/ifma-fr\\\/sepsur-ecole-2026-cicsal-et-cone-sud\\\/#primaryimage\"},\"image\":{\"@id\":\"https:\\\/\\\/www.cgfmanet.org\\\/fr\\\/ifma-fr\\\/sepsur-ecole-2026-cicsal-et-cone-sud\\\/#primaryimage\"},\"thumbnailUrl\":\"https:\\\/\\\/www.cgfmanet.org\\\/wp-content\\\/uploads\\\/2026\\\/04\\\/SEPSUR-2026.jpg\",\"datePublished\":\"2026-04-24T06:55:30+00:00\",\"dateModified\":\"2026-04-25T20:19:08+00:00\",\"description\":\"Du 20 au 23 avril 2026, \u00e0 Montevideo, en Uruguay, a eu lieu la rencontre SEPSUR Ecole 2026 des Responsables scolaires de la CICSAL et de la r\u00e9gion du C\u00f4ne Sud.\",\"breadcrumb\":{\"@id\":\"https:\\\/\\\/www.cgfmanet.org\\\/fr\\\/ifma-fr\\\/sepsur-ecole-2026-cicsal-et-cone-sud\\\/#breadcrumb\"},\"inLanguage\":\"fr-FR\",\"potentialAction\":[{\"@type\":\"ReadAction\",\"target\":[\"https:\\\/\\\/www.cgfmanet.org\\\/fr\\\/ifma-fr\\\/sepsur-ecole-2026-cicsal-et-cone-sud\\\/\"]}]},{\"@type\":\"ImageObject\",\"inLanguage\":\"fr-FR\",\"@id\":\"https:\\\/\\\/www.cgfmanet.org\\\/fr\\\/ifma-fr\\\/sepsur-ecole-2026-cicsal-et-cone-sud\\\/#primaryimage\",\"url\":\"https:\\\/\\\/www.cgfmanet.org\\\/wp-content\\\/uploads\\\/2026\\\/04\\\/SEPSUR-2026.jpg\",\"contentUrl\":\"https:\\\/\\\/www.cgfmanet.org\\\/wp-content\\\/uploads\\\/2026\\\/04\\\/SEPSUR-2026.jpg\",\"width\":1368,\"height\":912},{\"@type\":\"BreadcrumbList\",\"@id\":\"https:\\\/\\\/www.cgfmanet.org\\\/fr\\\/ifma-fr\\\/sepsur-ecole-2026-cicsal-et-cone-sud\\\/#breadcrumb\",\"itemListElement\":[{\"@type\":\"ListItem\",\"position\":1,\"name\":\"Home\",\"item\":\"https:\\\/\\\/www.cgfmanet.org\\\/fr\\\/\"},{\"@type\":\"ListItem\",\"position\":2,\"name\":\"SEPSUR Ecole 2026 \u2013 CICSAL et C\u00f4ne Sud\"}]},{\"@type\":\"WebSite\",\"@id\":\"https:\\\/\\\/www.cgfmanet.org\\\/es\\\/#website\",\"url\":\"https:\\\/\\\/www.cgfmanet.org\\\/es\\\/\",\"name\":\"Istituto Figlie di Maria Ausiliatrice\",\"description\":\"Salesiane di Don Bosco\",\"publisher\":{\"@id\":\"https:\\\/\\\/www.cgfmanet.org\\\/es\\\/#organization\"},\"potentialAction\":[{\"@type\":\"SearchAction\",\"target\":{\"@type\":\"EntryPoint\",\"urlTemplate\":\"https:\\\/\\\/www.cgfmanet.org\\\/es\\\/?s={search_term_string}\"},\"query-input\":{\"@type\":\"PropertyValueSpecification\",\"valueRequired\":true,\"valueName\":\"search_term_string\"}}],\"inLanguage\":\"fr-FR\"},{\"@type\":\"Organization\",\"@id\":\"https:\\\/\\\/www.cgfmanet.org\\\/es\\\/#organization\",\"name\":\"Istituto Figlie di Maria Ausiliatrice\",\"url\":\"https:\\\/\\\/www.cgfmanet.org\\\/es\\\/\",\"logo\":{\"@type\":\"ImageObject\",\"inLanguage\":\"fr-FR\",\"@id\":\"https:\\\/\\\/www.cgfmanet.org\\\/es\\\/#\\\/schema\\\/logo\\\/image\\\/\",\"url\":\"https:\\\/\\\/www.cgfmanet.org\\\/wp-content\\\/uploads\\\/2018\\\/10\\\/logo-fma.png\",\"contentUrl\":\"https:\\\/\\\/www.cgfmanet.org\\\/wp-content\\\/uploads\\\/2018\\\/10\\\/logo-fma.png\",\"width\":214,\"height\":55,\"caption\":\"Istituto Figlie di Maria Ausiliatrice\"},\"image\":{\"@id\":\"https:\\\/\\\/www.cgfmanet.org\\\/es\\\/#\\\/schema\\\/logo\\\/image\\\/\"},\"sameAs\":[\"https:\\\/\\\/www.facebook.com\\\/salesian.sisters.of.don.bosco\\\/\",\"https:\\\/\\\/x.com\\\/Cgfmanet_Org\",\"https:\\\/\\\/www.youtube.com\\\/channel\\\/UCmcr8yFQBV7JXeXVxyV9y5Q\"]},{\"@type\":\"Person\",\"@id\":\"https:\\\/\\\/www.cgfmanet.org\\\/es\\\/#\\\/schema\\\/person\\\/ce6473083f53ef0ef882cca23f0c8fb9\",\"name\":\"Redazione\"}]}<\/script>\n<!-- \/ Yoast SEO plugin. -->","yoast_head_json":{"title":"SEPSUR Ecole 2026 \u2013 CICSAL et C\u00f4ne Sud &#8226; Istituto Figlie di Maria Ausiliatrice","description":"Du 20 au 23 avril 2026, \u00e0 Montevideo, en Uruguay, a eu lieu la rencontre SEPSUR Ecole 2026 des Responsables scolaires de la CICSAL et de la r\u00e9gion du C\u00f4ne Sud.","robots":{"index":"index","follow":"follow","max-snippet":"max-snippet:-1","max-image-preview":"max-image-preview:large","max-video-preview":"max-video-preview:-1"},"canonical":"https:\/\/www.cgfmanet.org\/fr\/ifma-fr\/sepsur-ecole-2026-cicsal-et-cone-sud\/","og_locale":"fr_FR","og_type":"article","og_title":"SEPSUR Ecole 2026 \u2013 CICSAL et C\u00f4ne Sud &#8226; Istituto Figlie di Maria Ausiliatrice","og_description":"Du 20 au 23 avril 2026, \u00e0 Montevideo, en Uruguay, a eu lieu la rencontre SEPSUR Ecole 2026 des Responsables scolaires de la CICSAL et de la r\u00e9gion du C\u00f4ne Sud.","og_url":"https:\/\/www.cgfmanet.org\/fr\/ifma-fr\/sepsur-ecole-2026-cicsal-et-cone-sud\/","og_site_name":"Istituto Figlie di Maria Ausiliatrice","article_publisher":"https:\/\/www.facebook.com\/salesian.sisters.of.don.bosco\/","article_published_time":"2026-04-24T06:55:30+00:00","article_modified_time":"2026-04-25T20:19:08+00:00","og_image":[{"width":1368,"height":912,"url":"https:\/\/www.cgfmanet.org\/wp-content\/uploads\/2026\/04\/SEPSUR-2026.jpg","type":"image\/jpeg"}],"author":"Redazione","twitter_card":"summary_large_image","twitter_creator":"@Cgfmanet_Org","twitter_site":"@Cgfmanet_Org","twitter_misc":{"\u00c9crit par":"Redazione","Dur\u00e9e de lecture estim\u00e9e":"5 minutes"},"schema":{"@context":"https:\/\/schema.org","@graph":[{"@type":"Article","@id":"https:\/\/www.cgfmanet.org\/fr\/ifma-fr\/sepsur-ecole-2026-cicsal-et-cone-sud\/#article","isPartOf":{"@id":"https:\/\/www.cgfmanet.org\/fr\/ifma-fr\/sepsur-ecole-2026-cicsal-et-cone-sud\/"},"author":{"name":"Redazione","@id":"https:\/\/www.cgfmanet.org\/es\/#\/schema\/person\/ce6473083f53ef0ef882cca23f0c8fb9"},"headline":"SEPSUR Ecole 2026 \u2013 CICSAL et C\u00f4ne Sud","datePublished":"2026-04-24T06:55:30+00:00","dateModified":"2026-04-25T20:19:08+00:00","mainEntityOfPage":{"@id":"https:\/\/www.cgfmanet.org\/fr\/ifma-fr\/sepsur-ecole-2026-cicsal-et-cone-sud\/"},"wordCount":992,"commentCount":0,"publisher":{"@id":"https:\/\/www.cgfmanet.org\/es\/#organization"},"image":{"@id":"https:\/\/www.cgfmanet.org\/fr\/ifma-fr\/sepsur-ecole-2026-cicsal-et-cone-sud\/#primaryimage"},"thumbnailUrl":"https:\/\/www.cgfmanet.org\/wp-content\/uploads\/2026\/04\/SEPSUR-2026.jpg","keywords":["CICSAL","Ecole","Pastorale des Jeunes","Carisma salesiano","Focus","Uruguay"],"articleSection":["IFMA","Education"],"inLanguage":"fr-FR","potentialAction":[{"@type":"CommentAction","name":"Comment","target":["https:\/\/www.cgfmanet.org\/fr\/ifma-fr\/sepsur-ecole-2026-cicsal-et-cone-sud\/#respond"]}]},{"@type":"WebPage","@id":"https:\/\/www.cgfmanet.org\/fr\/ifma-fr\/sepsur-ecole-2026-cicsal-et-cone-sud\/","url":"https:\/\/www.cgfmanet.org\/fr\/ifma-fr\/sepsur-ecole-2026-cicsal-et-cone-sud\/","name":"SEPSUR Ecole 2026 \u2013 CICSAL et C\u00f4ne Sud &#8226; Istituto Figlie di Maria Ausiliatrice","isPartOf":{"@id":"https:\/\/www.cgfmanet.org\/es\/#website"},"primaryImageOfPage":{"@id":"https:\/\/www.cgfmanet.org\/fr\/ifma-fr\/sepsur-ecole-2026-cicsal-et-cone-sud\/#primaryimage"},"image":{"@id":"https:\/\/www.cgfmanet.org\/fr\/ifma-fr\/sepsur-ecole-2026-cicsal-et-cone-sud\/#primaryimage"},"thumbnailUrl":"https:\/\/www.cgfmanet.org\/wp-content\/uploads\/2026\/04\/SEPSUR-2026.jpg","datePublished":"2026-04-24T06:55:30+00:00","dateModified":"2026-04-25T20:19:08+00:00","description":"Du 20 au 23 avril 2026, \u00e0 Montevideo, en Uruguay, a eu lieu la rencontre SEPSUR Ecole 2026 des Responsables scolaires de la CICSAL et de la r\u00e9gion du C\u00f4ne Sud.","breadcrumb":{"@id":"https:\/\/www.cgfmanet.org\/fr\/ifma-fr\/sepsur-ecole-2026-cicsal-et-cone-sud\/#breadcrumb"},"inLanguage":"fr-FR","potentialAction":[{"@type":"ReadAction","target":["https:\/\/www.cgfmanet.org\/fr\/ifma-fr\/sepsur-ecole-2026-cicsal-et-cone-sud\/"]}]},{"@type":"ImageObject","inLanguage":"fr-FR","@id":"https:\/\/www.cgfmanet.org\/fr\/ifma-fr\/sepsur-ecole-2026-cicsal-et-cone-sud\/#primaryimage","url":"https:\/\/www.cgfmanet.org\/wp-content\/uploads\/2026\/04\/SEPSUR-2026.jpg","contentUrl":"https:\/\/www.cgfmanet.org\/wp-content\/uploads\/2026\/04\/SEPSUR-2026.jpg","width":1368,"height":912},{"@type":"BreadcrumbList","@id":"https:\/\/www.cgfmanet.org\/fr\/ifma-fr\/sepsur-ecole-2026-cicsal-et-cone-sud\/#breadcrumb","itemListElement":[{"@type":"ListItem","position":1,"name":"Home","item":"https:\/\/www.cgfmanet.org\/fr\/"},{"@type":"ListItem","position":2,"name":"SEPSUR Ecole 2026 \u2013 CICSAL et C\u00f4ne Sud"}]},{"@type":"WebSite","@id":"https:\/\/www.cgfmanet.org\/es\/#website","url":"https:\/\/www.cgfmanet.org\/es\/","name":"Istituto Figlie di Maria Ausiliatrice","description":"Salesiane di Don Bosco","publisher":{"@id":"https:\/\/www.cgfmanet.org\/es\/#organization"},"potentialAction":[{"@type":"SearchAction","target":{"@type":"EntryPoint","urlTemplate":"https:\/\/www.cgfmanet.org\/es\/?s={search_term_string}"},"query-input":{"@type":"PropertyValueSpecification","valueRequired":true,"valueName":"search_term_string"}}],"inLanguage":"fr-FR"},{"@type":"Organization","@id":"https:\/\/www.cgfmanet.org\/es\/#organization","name":"Istituto Figlie di Maria Ausiliatrice","url":"https:\/\/www.cgfmanet.org\/es\/","logo":{"@type":"ImageObject","inLanguage":"fr-FR","@id":"https:\/\/www.cgfmanet.org\/es\/#\/schema\/logo\/image\/","url":"https:\/\/www.cgfmanet.org\/wp-content\/uploads\/2018\/10\/logo-fma.png","contentUrl":"https:\/\/www.cgfmanet.org\/wp-content\/uploads\/2018\/10\/logo-fma.png","width":214,"height":55,"caption":"Istituto Figlie di Maria Ausiliatrice"},"image":{"@id":"https:\/\/www.cgfmanet.org\/es\/#\/schema\/logo\/image\/"},"sameAs":["https:\/\/www.facebook.com\/salesian.sisters.of.don.bosco\/","https:\/\/x.com\/Cgfmanet_Org","https:\/\/www.youtube.com\/channel\/UCmcr8yFQBV7JXeXVxyV9y5Q"]},{"@type":"Person","@id":"https:\/\/www.cgfmanet.org\/es\/#\/schema\/person\/ce6473083f53ef0ef882cca23f0c8fb9","name":"Redazione"}]}},"_links":{"self":[{"href":"https:\/\/www.cgfmanet.org\/fr\/wp-json\/wp\/v2\/posts\/156326","targetHints":{"allow":["GET"]}}],"collection":[{"href":"https:\/\/www.cgfmanet.org\/fr\/wp-json\/wp\/v2\/posts"}],"about":[{"href":"https:\/\/www.cgfmanet.org\/fr\/wp-json\/wp\/v2\/types\/post"}],"author":[{"embeddable":true,"href":"https:\/\/www.cgfmanet.org\/fr\/wp-json\/wp\/v2\/users\/21"}],"replies":[{"embeddable":true,"href":"https:\/\/www.cgfmanet.org\/fr\/wp-json\/wp\/v2\/comments?post=156326"}],"version-history":[{"count":1,"href":"https:\/\/www.cgfmanet.org\/fr\/wp-json\/wp\/v2\/posts\/156326\/revisions"}],"predecessor-version":[{"id":156360,"href":"https:\/\/www.cgfmanet.org\/fr\/wp-json\/wp\/v2\/posts\/156326\/revisions\/156360"}],"wp:featuredmedia":[{"embeddable":true,"href":"https:\/\/www.cgfmanet.org\/fr\/wp-json\/wp\/v2\/media\/156285"}],"wp:attachment":[{"href":"https:\/\/www.cgfmanet.org\/fr\/wp-json\/wp\/v2\/media?parent=156326"}],"wp:term":[{"taxonomy":"category","embeddable":true,"href":"https:\/\/www.cgfmanet.org\/fr\/wp-json\/wp\/v2\/categories?post=156326"},{"taxonomy":"post_tag","embeddable":true,"href":"https:\/\/www.cgfmanet.org\/fr\/wp-json\/wp\/v2\/tags?post=156326"}],"curies":[{"name":"wp","href":"https:\/\/api.w.org\/{rel}","templated":true}]}}