{"id":156274,"date":"2026-04-23T10:43:06","date_gmt":"2026-04-23T08:43:06","guid":{"rendered":"https:\/\/www.cgfmanet.org\/info-sphere\/alle-radici-per-costruire-il-futuro-ciofs-scuola\/"},"modified":"2026-04-25T12:45:31","modified_gmt":"2026-04-25T10:45:31","slug":"alle-radici-per-costruire-il-futuro-ciofs-scuola","status":"publish","type":"post","link":"https:\/\/www.cgfmanet.org\/fr\/ifma-fr\/alle-radici-per-costruire-il-futuro-ciofs-scuola\/","title":{"rendered":"Alle radici per costruire il futuro \u2013 Ciofs Scuola"},"content":{"rendered":"<p><strong>Torino (Italia).<\/strong> Il 16 e il 17 aprile 2026 si \u00e8 svolto a Torino, Valdocco, il primo incontro nazionale degli studenti rappresentati d&rsquo;Istituto della Scuole Secondarie di Secondo grado d\u2019Italia delle Figlie di Maria Ausiliatrice, organizzato dal CIOFS Scuola FMA ETS Italia. Il racconto dell\u2019esperienza:<\/p>\n<p>\u00c8 sera, siamo in piazza Maria Ausiliatrice a Torino e un gruppo di ragazzi si abbraccia, saranno una trentina, pi\u00f9 o meno intorno ai 18 anni. Non sono della stessa classe: li tradisce l\u2019accento che rivela che provengono da varie parti d\u2019Italia.<\/p>\n<p>Sembrano conoscersi da settimane o almeno aver condiviso un campo-scuola di una settimana. Invece si conoscono da poco pi\u00f9 di 24 ore e sono giunti a Torino per andare alle radici dell\u2019esperienza vissuta nelle Scuole FMA, per crescere nella partecipazione e responsabilit\u00e0 dell\u2019animazione e dello stile salesiano verso i compagni. L\u2019esperienza vissuta a Valdocco li ha colpiti e loro si sono lasciati interpellare.<\/p>\n<p>Un\u2019occasione preziosa, intensa, ricca, che ha visto gli studenti mettersi in gioco e collaborare, creare legami che preannunciano amicizia, impegno, voglia di servire e di far conoscere l\u2019entusiasmo respirato a Torino. Don Bosco e Madre Mazzarello hanno qualcosa da dire di importante!<\/p>\n<p>Riccardo afferma con convinzione che \u00e8 rimasto colpito da quanto ci si sia legati tra i vari partecipanti, si \u00e8 rotto il ghiaccio velocemente e si sono svolte le attivit\u00e0 come se si fosse amici di lunga data. Alvise dice di portarsi a casa nuove conoscenze diventate rapidamente amicizie e che l\u2019esperienza gli ha permesso di scoprire in modo nuovo lo stile salesiano, che a volte rischiava di vivere in modo scontato.<\/p>\n<p>I vari gruppi di studenti, prima di arrivare a Torino per l\u2019incontro, hanno dovuto intervistare ragazzi di Scuole FMA di varie parti del mondo, per toccare con mano cosa caratterizza la \u2018salesianit\u00e0\u2019. Vedere i video degli studenti di San Salvador, Etiopia, Filippine, Albania o Spagna &#8211; solo per citarne alcuni &#8211; ha fatto sperimentare loro che sono parte di una rete mondiale che cerca di \u201cfare la differenza\u201d con l\u2019educazione.<\/p>\n<p>Sofia afferma: <em>\u201cMi ha colpito il fatto che noi in Italia e nel mondo abbiamo cose in comune e siamo riusciti a ritrovare in tutte le scuole la salesianit\u00e0 e la voglia di fare, questo mi dona speranza\u201d.<\/em><\/p>\n<p>Benedetta condivide: <em>\u201cAvevo aspettative basse, pensavo che sarebbe stato noioso e impegnativo, invece ci hanno subito coinvolto, abbiamo fatto gruppo, nessuno si \u00e8 tirato indietro\u201d.<\/em><\/p>\n<p>Nel pomeriggio del 16 aprile, gli studenti hanno visitato il Museo \u2018Casa Don Bosco\u2019 a Valdocco e alcuni luoghi di Torino legati agli inizi dell\u2019Oratorio, grazie alla guida di don Mike Pace, SDB. La mattina successiva hanno potuto partecipare alla Santa Messa proprio nelle camerette di Don Bosco. Linda condivide:<em> \u201cMi ha colpito Valdocco: il posto e la storia di Don Bosco. La Messa alle camerette \u00e8 stata molto bella, coinvolgente e significativa, don Alberto nell\u2019omelia ha parlato in modo incisivo al nostro cuore\u201d.<\/em><\/p>\n<p>Angela afferma di essere rimasta stupita di come lei stessa si \u00e8 messa in gioco, si \u00e8 aperta e ha condiviso, mentre di solito fa molta fatica a lasciarsi coinvolgere. E aggiunge: <em>\u201cA Messa mi sono commossa, in particolare alle parole del canto finale: \u2018se ti guardi attorno c\u2019\u00e8 qualcuno che d\u00e0 la vita per te, fino all\u2019ultimo respiro\u2019. \u00c8 un&rsquo;esperienza che mi ha formato a livello personale, sociale e spirituale\u201d.<\/em><\/p>\n<p>Ringraziamo le due scuole di Torino &#8211; l\u2019Istituto <em>Maria Ausiliatrice<\/em> che ha anche ospitato le varie attivit\u00e0, e l\u2019Istituto <em>Madre Mazzarello<\/em> &#8211; per l\u2019accoglienza e la cura nel predisporre tutto il necessario.<\/p>\n<p>L\u2019esperienza \u00e8 stata molto bella anche tra i docenti, Coordinatori delle attivit\u00e0 educative e didattiche e vicecoordinatori, che hanno accompagnato le varie delegazioni: occasione per conoscersi e fare rete in modo significativo.<\/p>\n<p>La presenza di \u00a0suor Carla Monaca, Presidente del Ciofs Scuola nazionale, che ha preso parte a tutto l\u2019incontro, ha sottolineato l\u2019importanza che l\u2019associazione vuole dare al protagonismo dei giovani e l\u2019impegno nel dare loro fiducia.<\/p>\n\r\n                <style type=\"text\/css\">\r\n                    \r\n                    #tdi_1  .td-doubleSlider-2 .td-item1 {\r\n                        background: url(https:\/\/www.cgfmanet.org\/wp-content\/uploads\/2026\/04\/Rappresentanti-CIOFS_Scuola_Italia_1-80x60.jpg) 0 0 no-repeat;\r\n                    }\r\n                    #tdi_1  .td-doubleSlider-2 .td-item2 {\r\n                        background: url(https:\/\/www.cgfmanet.org\/wp-content\/uploads\/2026\/04\/Rappresentanti-CIOFS_Scuola_Italia_3-80x60.jpg) 0 0 no-repeat;\r\n                    }\r\n                    #tdi_1  .td-doubleSlider-2 .td-item3 {\r\n                        background: url(https:\/\/www.cgfmanet.org\/wp-content\/uploads\/2026\/04\/Rappresentanti-CIOFS_Scuola_Italia_2-80x60.jpg) 0 0 no-repeat;\r\n                    }\r\n                <\/style>\r\n\r\n                <div id=\"tdi_1\" class=\"td-gallery td-slide-on-2-columns\">\r\n                    <div class=\"post_td_gallery\">\r\n                        <div class=\"td-gallery-slide-top\">\r\n                           <div class=\"td-gallery-title\"><\/div>\r\n\r\n                            <div class=\"td-gallery-controls-wrapper\">\r\n                                <div class=\"td-gallery-slide-count\"><span class=\"td-gallery-slide-item-focus\">1<\/span> de 3<\/div>\r\n                                <div class=\"td-gallery-slide-prev-next-but\">\r\n                                    <i class = \"td-icon-left doubleSliderPrevButton\"><\/i>\r\n                                    <i class = \"td-icon-right doubleSliderNextButton\"><\/i>\r\n                                <\/div>\r\n                            <\/div>\r\n                        <\/div>\r\n\r\n                        <div class = \"td-doubleSlider-1 \">\r\n                            <div class = \"td-slider\">\r\n                                \r\n                    <div class = \"td-slide-item td-item1\">\r\n                        <figure class=\"td-slide-galery-figure td-slide-popup-gallery\">\r\n                            <a class=\"slide-gallery-image-link\" href=\"https:\/\/www.cgfmanet.org\/wp-content\/uploads\/2026\/04\/Rappresentanti-CIOFS_Scuola_Italia_1.jpg\" title=\"Rappresentanti CIOFS_Scuola_Italia_1\"  data-caption=\"\"  data-description=\"\">\r\n                                <img decoding=\"async\" data-src=\"https:\/\/www.cgfmanet.org\/wp-content\/uploads\/2026\/04\/Rappresentanti-CIOFS_Scuola_Italia_1-630x420.jpg\" data-srcset=\"https:\/\/www.cgfmanet.org\/wp-content\/uploads\/2026\/04\/Rappresentanti-CIOFS_Scuola_Italia_1-630x420.jpg 630w, https:\/\/www.cgfmanet.org\/wp-content\/uploads\/2026\/04\/Rappresentanti-CIOFS_Scuola_Italia_1-768x512.jpg 768w, https:\/\/www.cgfmanet.org\/wp-content\/uploads\/2026\/04\/Rappresentanti-CIOFS_Scuola_Italia_1-696x464.jpg 696w, https:\/\/www.cgfmanet.org\/wp-content\/uploads\/2026\/04\/Rappresentanti-CIOFS_Scuola_Italia_1.jpg 1181w\" data-sizes=\"auto\" alt=\"\" src=\"data:image\/svg+xml;base64,PHN2ZyB3aWR0aD0iMSIgaGVpZ2h0PSIxIiB4bWxucz0iaHR0cDovL3d3dy53My5vcmcvMjAwMC9zdmciPjwvc3ZnPg==\" class=\"lazyload\" style=\"--smush-placeholder-width: 630px; --smush-placeholder-aspect-ratio: 630\/420;\" data-original-sizes=\"(max-width: 630px) 100vw, 630px\">\r\n                            <\/a>\r\n                            \r\n                        <\/figure>\r\n                    <\/div>\r\n                    <div class = \"td-slide-item td-item2\">\r\n                        <figure class=\"td-slide-galery-figure td-slide-popup-gallery\">\r\n                            <a class=\"slide-gallery-image-link\" href=\"https:\/\/www.cgfmanet.org\/wp-content\/uploads\/2026\/04\/Rappresentanti-CIOFS_Scuola_Italia_3.jpg\" title=\"Rappresentanti CIOFS_Scuola_Italia_3\"  data-caption=\"\"  data-description=\"\">\r\n                                <img decoding=\"async\" data-src=\"https:\/\/www.cgfmanet.org\/wp-content\/uploads\/2026\/04\/Rappresentanti-CIOFS_Scuola_Italia_3-630x420.jpg\" data-srcset=\"https:\/\/www.cgfmanet.org\/wp-content\/uploads\/2026\/04\/Rappresentanti-CIOFS_Scuola_Italia_3-630x420.jpg 630w, https:\/\/www.cgfmanet.org\/wp-content\/uploads\/2026\/04\/Rappresentanti-CIOFS_Scuola_Italia_3-768x512.jpg 768w, https:\/\/www.cgfmanet.org\/wp-content\/uploads\/2026\/04\/Rappresentanti-CIOFS_Scuola_Italia_3-696x464.jpg 696w, https:\/\/www.cgfmanet.org\/wp-content\/uploads\/2026\/04\/Rappresentanti-CIOFS_Scuola_Italia_3.jpg 1181w\" data-sizes=\"auto\" alt=\"\" src=\"data:image\/svg+xml;base64,PHN2ZyB3aWR0aD0iMSIgaGVpZ2h0PSIxIiB4bWxucz0iaHR0cDovL3d3dy53My5vcmcvMjAwMC9zdmciPjwvc3ZnPg==\" class=\"lazyload\" style=\"--smush-placeholder-width: 630px; --smush-placeholder-aspect-ratio: 630\/420;\" data-original-sizes=\"(max-width: 630px) 100vw, 630px\">\r\n                            <\/a>\r\n                            \r\n                        <\/figure>\r\n                    <\/div>\r\n                    <div class = \"td-slide-item td-item3\">\r\n                        <figure class=\"td-slide-galery-figure td-slide-popup-gallery\">\r\n                            <a class=\"slide-gallery-image-link\" href=\"https:\/\/www.cgfmanet.org\/wp-content\/uploads\/2026\/04\/Rappresentanti-CIOFS_Scuola_Italia_2.jpg\" title=\"Rappresentanti CIOFS_Scuola_Italia_2\"  data-caption=\"\"  data-description=\"\">\r\n                                <img decoding=\"async\" data-src=\"https:\/\/www.cgfmanet.org\/wp-content\/uploads\/2026\/04\/Rappresentanti-CIOFS_Scuola_Italia_2-630x420.jpg\" data-srcset=\"https:\/\/www.cgfmanet.org\/wp-content\/uploads\/2026\/04\/Rappresentanti-CIOFS_Scuola_Italia_2-630x420.jpg 630w, https:\/\/www.cgfmanet.org\/wp-content\/uploads\/2026\/04\/Rappresentanti-CIOFS_Scuola_Italia_2-768x512.jpg 768w, https:\/\/www.cgfmanet.org\/wp-content\/uploads\/2026\/04\/Rappresentanti-CIOFS_Scuola_Italia_2-696x464.jpg 696w, https:\/\/www.cgfmanet.org\/wp-content\/uploads\/2026\/04\/Rappresentanti-CIOFS_Scuola_Italia_2.jpg 1181w\" data-sizes=\"auto\" alt=\"\" src=\"data:image\/svg+xml;base64,PHN2ZyB3aWR0aD0iMSIgaGVpZ2h0PSIxIiB4bWxucz0iaHR0cDovL3d3dy53My5vcmcvMjAwMC9zdmciPjwvc3ZnPg==\" class=\"lazyload\" style=\"--smush-placeholder-width: 630px; --smush-placeholder-aspect-ratio: 630\/420;\" data-original-sizes=\"(max-width: 630px) 100vw, 630px\">\r\n                            <\/a>\r\n                            \r\n                        <\/figure>\r\n                    <\/div>\r\n                            <\/div>\r\n                        <\/div>\r\n\r\n                        <div class = \"td-doubleSlider-2\">\r\n                            <div class = \"td-slider\">\r\n                                \r\n                    <div class = \"td-button td-item1\">\r\n                        <div class = \"td-border\"><\/div>\r\n                    <\/div>\r\n                    <div class = \"td-button td-item2\">\r\n                        <div class = \"td-border\"><\/div>\r\n                    <\/div>\r\n                    <div class = \"td-button td-item3\">\r\n                        <div class = \"td-border\"><\/div>\r\n                    <\/div>\r\n                            <\/div>\r\n                        <\/div>\r\n\r\n                    <\/div>\r\n\r\n                <\/div>\r\n                \n","protected":false},"excerpt":{"rendered":"<p>Torino (Italia). Il 16 e il 17 aprile 2026 si \u00e8 svolto a Torino, Valdocco, il primo incontro nazionale degli studenti rappresentati d&rsquo;Istituto della Scuole Secondarie di Secondo grado d\u2019Italia [&hellip;]<\/p>\n","protected":false},"author":21,"featured_media":156259,"comment_status":"open","ping_status":"closed","sticky":false,"template":"","format":"standard","meta":{"footnotes":""},"categories":[156,177],"tags":[285,1455,1612,2162],"class_list":["post-156274","post","type-post","status-publish","format-standard","has-post-thumbnail","category-ifma-fr","category-education-fr","tag-don-bosco-fr-2","tag-ecole","tag-cittadinanza-fr","tag-ciofs-cuola-fr"],"yoast_head":"<!-- This site is optimized with the Yoast SEO plugin v27.4 - https:\/\/yoast.com\/product\/yoast-seo-wordpress\/ -->\n<title>Alle radici per costruire il futuro \u2013 Ciofs Scuola &#8226; Istituto Figlie di Maria Ausiliatrice<\/title>\n<meta name=\"description\" content=\"Il 16 e il 17 aprile 2026 si \u00e8 svolto a Torino il primo incontro nazionale degli studenti rappresentati d\u2019Istituto della Scuole FMA d\u2019Italia, organizzato dal CIOFS Scuola FMA ETS Italia.\" \/>\n<meta name=\"robots\" content=\"index, follow, max-snippet:-1, max-image-preview:large, max-video-preview:-1\" \/>\n<link rel=\"canonical\" href=\"https:\/\/www.cgfmanet.org\/fr\/ifma-fr\/alle-radici-per-costruire-il-futuro-ciofs-scuola\/\" \/>\n<meta property=\"og:locale\" content=\"fr_FR\" \/>\n<meta property=\"og:type\" content=\"article\" \/>\n<meta property=\"og:title\" content=\"Alle radici per costruire il futuro \u2013 Ciofs Scuola &#8226; Istituto Figlie di Maria Ausiliatrice\" \/>\n<meta property=\"og:description\" content=\"Il 16 e il 17 aprile 2026 si \u00e8 svolto a Torino il primo incontro nazionale degli studenti rappresentati d\u2019Istituto della Scuole FMA d\u2019Italia, organizzato dal CIOFS Scuola FMA ETS Italia.\" \/>\n<meta property=\"og:url\" content=\"https:\/\/www.cgfmanet.org\/fr\/ifma-fr\/alle-radici-per-costruire-il-futuro-ciofs-scuola\/\" \/>\n<meta property=\"og:site_name\" content=\"Istituto Figlie di Maria Ausiliatrice\" \/>\n<meta property=\"article:publisher\" content=\"https:\/\/www.facebook.com\/salesian.sisters.of.don.bosco\/\" \/>\n<meta property=\"article:published_time\" content=\"2026-04-23T08:43:06+00:00\" \/>\n<meta property=\"article:modified_time\" content=\"2026-04-25T10:45:31+00:00\" \/>\n<meta property=\"og:image\" content=\"https:\/\/www.cgfmanet.org\/wp-content\/uploads\/2026\/04\/Rappresentanti-CIOFS_Scuola_Italia.jpg\" \/>\n\t<meta property=\"og:image:width\" content=\"1200\" \/>\n\t<meta property=\"og:image:height\" content=\"800\" \/>\n\t<meta property=\"og:image:type\" content=\"image\/jpeg\" \/>\n<meta name=\"author\" content=\"Redazione\" \/>\n<meta name=\"twitter:card\" content=\"summary_large_image\" \/>\n<meta name=\"twitter:creator\" content=\"@Cgfmanet_Org\" \/>\n<meta name=\"twitter:site\" content=\"@Cgfmanet_Org\" \/>\n<meta name=\"twitter:label1\" content=\"\u00c9crit par\" \/>\n\t<meta name=\"twitter:data1\" content=\"Redazione\" \/>\n\t<meta name=\"twitter:label2\" content=\"Dur\u00e9e de lecture estim\u00e9e\" \/>\n\t<meta name=\"twitter:data2\" content=\"4 minutes\" \/>\n<script type=\"application\/ld+json\" class=\"yoast-schema-graph\">{\"@context\":\"https:\\\/\\\/schema.org\",\"@graph\":[{\"@type\":\"Article\",\"@id\":\"https:\\\/\\\/www.cgfmanet.org\\\/fr\\\/ifma-fr\\\/alle-radici-per-costruire-il-futuro-ciofs-scuola\\\/#article\",\"isPartOf\":{\"@id\":\"https:\\\/\\\/www.cgfmanet.org\\\/fr\\\/ifma-fr\\\/alle-radici-per-costruire-il-futuro-ciofs-scuola\\\/\"},\"author\":{\"name\":\"Redazione\",\"@id\":\"https:\\\/\\\/www.cgfmanet.org\\\/es\\\/#\\\/schema\\\/person\\\/ce6473083f53ef0ef882cca23f0c8fb9\"},\"headline\":\"Alle radici per costruire il futuro \u2013 Ciofs Scuola\",\"datePublished\":\"2026-04-23T08:43:06+00:00\",\"dateModified\":\"2026-04-25T10:45:31+00:00\",\"mainEntityOfPage\":{\"@id\":\"https:\\\/\\\/www.cgfmanet.org\\\/fr\\\/ifma-fr\\\/alle-radici-per-costruire-il-futuro-ciofs-scuola\\\/\"},\"wordCount\":678,\"commentCount\":0,\"publisher\":{\"@id\":\"https:\\\/\\\/www.cgfmanet.org\\\/es\\\/#organization\"},\"image\":{\"@id\":\"https:\\\/\\\/www.cgfmanet.org\\\/fr\\\/ifma-fr\\\/alle-radici-per-costruire-il-futuro-ciofs-scuola\\\/#primaryimage\"},\"thumbnailUrl\":\"https:\\\/\\\/www.cgfmanet.org\\\/wp-content\\\/uploads\\\/2026\\\/04\\\/Rappresentanti-CIOFS_Scuola_Italia.jpg\",\"keywords\":[\"Don Bosco\",\"Ecole\",\"cittadinanza\",\"CIOFS\\\/CUOLA\"],\"articleSection\":[\"IFMA\",\"Education\"],\"inLanguage\":\"fr-FR\",\"potentialAction\":[{\"@type\":\"CommentAction\",\"name\":\"Comment\",\"target\":[\"https:\\\/\\\/www.cgfmanet.org\\\/fr\\\/ifma-fr\\\/alle-radici-per-costruire-il-futuro-ciofs-scuola\\\/#respond\"]}]},{\"@type\":\"WebPage\",\"@id\":\"https:\\\/\\\/www.cgfmanet.org\\\/fr\\\/ifma-fr\\\/alle-radici-per-costruire-il-futuro-ciofs-scuola\\\/\",\"url\":\"https:\\\/\\\/www.cgfmanet.org\\\/fr\\\/ifma-fr\\\/alle-radici-per-costruire-il-futuro-ciofs-scuola\\\/\",\"name\":\"Alle radici per costruire il futuro \u2013 Ciofs Scuola &#8226; Istituto Figlie di Maria Ausiliatrice\",\"isPartOf\":{\"@id\":\"https:\\\/\\\/www.cgfmanet.org\\\/es\\\/#website\"},\"primaryImageOfPage\":{\"@id\":\"https:\\\/\\\/www.cgfmanet.org\\\/fr\\\/ifma-fr\\\/alle-radici-per-costruire-il-futuro-ciofs-scuola\\\/#primaryimage\"},\"image\":{\"@id\":\"https:\\\/\\\/www.cgfmanet.org\\\/fr\\\/ifma-fr\\\/alle-radici-per-costruire-il-futuro-ciofs-scuola\\\/#primaryimage\"},\"thumbnailUrl\":\"https:\\\/\\\/www.cgfmanet.org\\\/wp-content\\\/uploads\\\/2026\\\/04\\\/Rappresentanti-CIOFS_Scuola_Italia.jpg\",\"datePublished\":\"2026-04-23T08:43:06+00:00\",\"dateModified\":\"2026-04-25T10:45:31+00:00\",\"description\":\"Il 16 e il 17 aprile 2026 si \u00e8 svolto a Torino il primo incontro nazionale degli studenti rappresentati d\u2019Istituto della Scuole FMA d\u2019Italia, organizzato dal CIOFS Scuola FMA ETS Italia.\",\"breadcrumb\":{\"@id\":\"https:\\\/\\\/www.cgfmanet.org\\\/fr\\\/ifma-fr\\\/alle-radici-per-costruire-il-futuro-ciofs-scuola\\\/#breadcrumb\"},\"inLanguage\":\"fr-FR\",\"potentialAction\":[{\"@type\":\"ReadAction\",\"target\":[\"https:\\\/\\\/www.cgfmanet.org\\\/fr\\\/ifma-fr\\\/alle-radici-per-costruire-il-futuro-ciofs-scuola\\\/\"]}]},{\"@type\":\"ImageObject\",\"inLanguage\":\"fr-FR\",\"@id\":\"https:\\\/\\\/www.cgfmanet.org\\\/fr\\\/ifma-fr\\\/alle-radici-per-costruire-il-futuro-ciofs-scuola\\\/#primaryimage\",\"url\":\"https:\\\/\\\/www.cgfmanet.org\\\/wp-content\\\/uploads\\\/2026\\\/04\\\/Rappresentanti-CIOFS_Scuola_Italia.jpg\",\"contentUrl\":\"https:\\\/\\\/www.cgfmanet.org\\\/wp-content\\\/uploads\\\/2026\\\/04\\\/Rappresentanti-CIOFS_Scuola_Italia.jpg\",\"width\":1200,\"height\":800},{\"@type\":\"BreadcrumbList\",\"@id\":\"https:\\\/\\\/www.cgfmanet.org\\\/fr\\\/ifma-fr\\\/alle-radici-per-costruire-il-futuro-ciofs-scuola\\\/#breadcrumb\",\"itemListElement\":[{\"@type\":\"ListItem\",\"position\":1,\"name\":\"Home\",\"item\":\"https:\\\/\\\/www.cgfmanet.org\\\/fr\\\/\"},{\"@type\":\"ListItem\",\"position\":2,\"name\":\"Alle radici per costruire il futuro \u2013 Ciofs Scuola\"}]},{\"@type\":\"WebSite\",\"@id\":\"https:\\\/\\\/www.cgfmanet.org\\\/es\\\/#website\",\"url\":\"https:\\\/\\\/www.cgfmanet.org\\\/es\\\/\",\"name\":\"Istituto Figlie di Maria Ausiliatrice\",\"description\":\"Salesiane di Don Bosco\",\"publisher\":{\"@id\":\"https:\\\/\\\/www.cgfmanet.org\\\/es\\\/#organization\"},\"potentialAction\":[{\"@type\":\"SearchAction\",\"target\":{\"@type\":\"EntryPoint\",\"urlTemplate\":\"https:\\\/\\\/www.cgfmanet.org\\\/es\\\/?s={search_term_string}\"},\"query-input\":{\"@type\":\"PropertyValueSpecification\",\"valueRequired\":true,\"valueName\":\"search_term_string\"}}],\"inLanguage\":\"fr-FR\"},{\"@type\":\"Organization\",\"@id\":\"https:\\\/\\\/www.cgfmanet.org\\\/es\\\/#organization\",\"name\":\"Istituto Figlie di Maria Ausiliatrice\",\"url\":\"https:\\\/\\\/www.cgfmanet.org\\\/es\\\/\",\"logo\":{\"@type\":\"ImageObject\",\"inLanguage\":\"fr-FR\",\"@id\":\"https:\\\/\\\/www.cgfmanet.org\\\/es\\\/#\\\/schema\\\/logo\\\/image\\\/\",\"url\":\"https:\\\/\\\/www.cgfmanet.org\\\/wp-content\\\/uploads\\\/2018\\\/10\\\/logo-fma.png\",\"contentUrl\":\"https:\\\/\\\/www.cgfmanet.org\\\/wp-content\\\/uploads\\\/2018\\\/10\\\/logo-fma.png\",\"width\":214,\"height\":55,\"caption\":\"Istituto Figlie di Maria Ausiliatrice\"},\"image\":{\"@id\":\"https:\\\/\\\/www.cgfmanet.org\\\/es\\\/#\\\/schema\\\/logo\\\/image\\\/\"},\"sameAs\":[\"https:\\\/\\\/www.facebook.com\\\/salesian.sisters.of.don.bosco\\\/\",\"https:\\\/\\\/x.com\\\/Cgfmanet_Org\",\"https:\\\/\\\/www.youtube.com\\\/channel\\\/UCmcr8yFQBV7JXeXVxyV9y5Q\"]},{\"@type\":\"Person\",\"@id\":\"https:\\\/\\\/www.cgfmanet.org\\\/es\\\/#\\\/schema\\\/person\\\/ce6473083f53ef0ef882cca23f0c8fb9\",\"name\":\"Redazione\"}]}<\/script>\n<!-- \/ Yoast SEO plugin. -->","yoast_head_json":{"title":"Alle radici per costruire il futuro \u2013 Ciofs Scuola &#8226; Istituto Figlie di Maria Ausiliatrice","description":"Il 16 e il 17 aprile 2026 si \u00e8 svolto a Torino il primo incontro nazionale degli studenti rappresentati d\u2019Istituto della Scuole FMA d\u2019Italia, organizzato dal CIOFS Scuola FMA ETS Italia.","robots":{"index":"index","follow":"follow","max-snippet":"max-snippet:-1","max-image-preview":"max-image-preview:large","max-video-preview":"max-video-preview:-1"},"canonical":"https:\/\/www.cgfmanet.org\/fr\/ifma-fr\/alle-radici-per-costruire-il-futuro-ciofs-scuola\/","og_locale":"fr_FR","og_type":"article","og_title":"Alle radici per costruire il futuro \u2013 Ciofs Scuola &#8226; Istituto Figlie di Maria Ausiliatrice","og_description":"Il 16 e il 17 aprile 2026 si \u00e8 svolto a Torino il primo incontro nazionale degli studenti rappresentati d\u2019Istituto della Scuole FMA d\u2019Italia, organizzato dal CIOFS Scuola FMA ETS Italia.","og_url":"https:\/\/www.cgfmanet.org\/fr\/ifma-fr\/alle-radici-per-costruire-il-futuro-ciofs-scuola\/","og_site_name":"Istituto Figlie di Maria Ausiliatrice","article_publisher":"https:\/\/www.facebook.com\/salesian.sisters.of.don.bosco\/","article_published_time":"2026-04-23T08:43:06+00:00","article_modified_time":"2026-04-25T10:45:31+00:00","og_image":[{"width":1200,"height":800,"url":"https:\/\/www.cgfmanet.org\/wp-content\/uploads\/2026\/04\/Rappresentanti-CIOFS_Scuola_Italia.jpg","type":"image\/jpeg"}],"author":"Redazione","twitter_card":"summary_large_image","twitter_creator":"@Cgfmanet_Org","twitter_site":"@Cgfmanet_Org","twitter_misc":{"\u00c9crit par":"Redazione","Dur\u00e9e de lecture estim\u00e9e":"4 minutes"},"schema":{"@context":"https:\/\/schema.org","@graph":[{"@type":"Article","@id":"https:\/\/www.cgfmanet.org\/fr\/ifma-fr\/alle-radici-per-costruire-il-futuro-ciofs-scuola\/#article","isPartOf":{"@id":"https:\/\/www.cgfmanet.org\/fr\/ifma-fr\/alle-radici-per-costruire-il-futuro-ciofs-scuola\/"},"author":{"name":"Redazione","@id":"https:\/\/www.cgfmanet.org\/es\/#\/schema\/person\/ce6473083f53ef0ef882cca23f0c8fb9"},"headline":"Alle radici per costruire il futuro \u2013 Ciofs Scuola","datePublished":"2026-04-23T08:43:06+00:00","dateModified":"2026-04-25T10:45:31+00:00","mainEntityOfPage":{"@id":"https:\/\/www.cgfmanet.org\/fr\/ifma-fr\/alle-radici-per-costruire-il-futuro-ciofs-scuola\/"},"wordCount":678,"commentCount":0,"publisher":{"@id":"https:\/\/www.cgfmanet.org\/es\/#organization"},"image":{"@id":"https:\/\/www.cgfmanet.org\/fr\/ifma-fr\/alle-radici-per-costruire-il-futuro-ciofs-scuola\/#primaryimage"},"thumbnailUrl":"https:\/\/www.cgfmanet.org\/wp-content\/uploads\/2026\/04\/Rappresentanti-CIOFS_Scuola_Italia.jpg","keywords":["Don Bosco","Ecole","cittadinanza","CIOFS\/CUOLA"],"articleSection":["IFMA","Education"],"inLanguage":"fr-FR","potentialAction":[{"@type":"CommentAction","name":"Comment","target":["https:\/\/www.cgfmanet.org\/fr\/ifma-fr\/alle-radici-per-costruire-il-futuro-ciofs-scuola\/#respond"]}]},{"@type":"WebPage","@id":"https:\/\/www.cgfmanet.org\/fr\/ifma-fr\/alle-radici-per-costruire-il-futuro-ciofs-scuola\/","url":"https:\/\/www.cgfmanet.org\/fr\/ifma-fr\/alle-radici-per-costruire-il-futuro-ciofs-scuola\/","name":"Alle radici per costruire il futuro \u2013 Ciofs Scuola &#8226; Istituto Figlie di Maria Ausiliatrice","isPartOf":{"@id":"https:\/\/www.cgfmanet.org\/es\/#website"},"primaryImageOfPage":{"@id":"https:\/\/www.cgfmanet.org\/fr\/ifma-fr\/alle-radici-per-costruire-il-futuro-ciofs-scuola\/#primaryimage"},"image":{"@id":"https:\/\/www.cgfmanet.org\/fr\/ifma-fr\/alle-radici-per-costruire-il-futuro-ciofs-scuola\/#primaryimage"},"thumbnailUrl":"https:\/\/www.cgfmanet.org\/wp-content\/uploads\/2026\/04\/Rappresentanti-CIOFS_Scuola_Italia.jpg","datePublished":"2026-04-23T08:43:06+00:00","dateModified":"2026-04-25T10:45:31+00:00","description":"Il 16 e il 17 aprile 2026 si \u00e8 svolto a Torino il primo incontro nazionale degli studenti rappresentati d\u2019Istituto della Scuole FMA d\u2019Italia, organizzato dal CIOFS Scuola FMA ETS Italia.","breadcrumb":{"@id":"https:\/\/www.cgfmanet.org\/fr\/ifma-fr\/alle-radici-per-costruire-il-futuro-ciofs-scuola\/#breadcrumb"},"inLanguage":"fr-FR","potentialAction":[{"@type":"ReadAction","target":["https:\/\/www.cgfmanet.org\/fr\/ifma-fr\/alle-radici-per-costruire-il-futuro-ciofs-scuola\/"]}]},{"@type":"ImageObject","inLanguage":"fr-FR","@id":"https:\/\/www.cgfmanet.org\/fr\/ifma-fr\/alle-radici-per-costruire-il-futuro-ciofs-scuola\/#primaryimage","url":"https:\/\/www.cgfmanet.org\/wp-content\/uploads\/2026\/04\/Rappresentanti-CIOFS_Scuola_Italia.jpg","contentUrl":"https:\/\/www.cgfmanet.org\/wp-content\/uploads\/2026\/04\/Rappresentanti-CIOFS_Scuola_Italia.jpg","width":1200,"height":800},{"@type":"BreadcrumbList","@id":"https:\/\/www.cgfmanet.org\/fr\/ifma-fr\/alle-radici-per-costruire-il-futuro-ciofs-scuola\/#breadcrumb","itemListElement":[{"@type":"ListItem","position":1,"name":"Home","item":"https:\/\/www.cgfmanet.org\/fr\/"},{"@type":"ListItem","position":2,"name":"Alle radici per costruire il futuro \u2013 Ciofs Scuola"}]},{"@type":"WebSite","@id":"https:\/\/www.cgfmanet.org\/es\/#website","url":"https:\/\/www.cgfmanet.org\/es\/","name":"Istituto Figlie di Maria Ausiliatrice","description":"Salesiane di Don Bosco","publisher":{"@id":"https:\/\/www.cgfmanet.org\/es\/#organization"},"potentialAction":[{"@type":"SearchAction","target":{"@type":"EntryPoint","urlTemplate":"https:\/\/www.cgfmanet.org\/es\/?s={search_term_string}"},"query-input":{"@type":"PropertyValueSpecification","valueRequired":true,"valueName":"search_term_string"}}],"inLanguage":"fr-FR"},{"@type":"Organization","@id":"https:\/\/www.cgfmanet.org\/es\/#organization","name":"Istituto Figlie di Maria Ausiliatrice","url":"https:\/\/www.cgfmanet.org\/es\/","logo":{"@type":"ImageObject","inLanguage":"fr-FR","@id":"https:\/\/www.cgfmanet.org\/es\/#\/schema\/logo\/image\/","url":"https:\/\/www.cgfmanet.org\/wp-content\/uploads\/2018\/10\/logo-fma.png","contentUrl":"https:\/\/www.cgfmanet.org\/wp-content\/uploads\/2018\/10\/logo-fma.png","width":214,"height":55,"caption":"Istituto Figlie di Maria Ausiliatrice"},"image":{"@id":"https:\/\/www.cgfmanet.org\/es\/#\/schema\/logo\/image\/"},"sameAs":["https:\/\/www.facebook.com\/salesian.sisters.of.don.bosco\/","https:\/\/x.com\/Cgfmanet_Org","https:\/\/www.youtube.com\/channel\/UCmcr8yFQBV7JXeXVxyV9y5Q"]},{"@type":"Person","@id":"https:\/\/www.cgfmanet.org\/es\/#\/schema\/person\/ce6473083f53ef0ef882cca23f0c8fb9","name":"Redazione"}]}},"_links":{"self":[{"href":"https:\/\/www.cgfmanet.org\/fr\/wp-json\/wp\/v2\/posts\/156274","targetHints":{"allow":["GET"]}}],"collection":[{"href":"https:\/\/www.cgfmanet.org\/fr\/wp-json\/wp\/v2\/posts"}],"about":[{"href":"https:\/\/www.cgfmanet.org\/fr\/wp-json\/wp\/v2\/types\/post"}],"author":[{"embeddable":true,"href":"https:\/\/www.cgfmanet.org\/fr\/wp-json\/wp\/v2\/users\/21"}],"replies":[{"embeddable":true,"href":"https:\/\/www.cgfmanet.org\/fr\/wp-json\/wp\/v2\/comments?post=156274"}],"version-history":[{"count":1,"href":"https:\/\/www.cgfmanet.org\/fr\/wp-json\/wp\/v2\/posts\/156274\/revisions"}],"predecessor-version":[{"id":156340,"href":"https:\/\/www.cgfmanet.org\/fr\/wp-json\/wp\/v2\/posts\/156274\/revisions\/156340"}],"wp:featuredmedia":[{"embeddable":true,"href":"https:\/\/www.cgfmanet.org\/fr\/wp-json\/wp\/v2\/media\/156259"}],"wp:attachment":[{"href":"https:\/\/www.cgfmanet.org\/fr\/wp-json\/wp\/v2\/media?parent=156274"}],"wp:term":[{"taxonomy":"category","embeddable":true,"href":"https:\/\/www.cgfmanet.org\/fr\/wp-json\/wp\/v2\/categories?post=156274"},{"taxonomy":"post_tag","embeddable":true,"href":"https:\/\/www.cgfmanet.org\/fr\/wp-json\/wp\/v2\/tags?post=156274"}],"curies":[{"name":"wp","href":"https:\/\/api.w.org\/{rel}","templated":true}]}}